{"id":3390,"date":"2026-04-27T19:17:10","date_gmt":"2026-04-27T19:17:10","guid":{"rendered":"https:\/\/www.sebastien-auziere.fr\/blog\/?p=3390"},"modified":"2026-04-27T19:17:34","modified_gmt":"2026-04-27T19:17:34","slug":"brigitte-macron-rivela-i-suoi-momenti-di-profonda-tristezza-nel-cuore-dellelysee","status":"publish","type":"post","link":"https:\/\/www.sebastien-auziere.fr\/blog\/it\/brigitte-macron-rivela-i-suoi-momenti-di-profonda-tristezza-nel-cuore-dellelysee\/","title":{"rendered":"Brigitte Macron rivela i suoi momenti di profonda tristezza nel cuore dell&rsquo;\u00c9lys\u00e9e"},"content":{"rendered":"<p><strong>Brigitte Macron<\/strong> ha ammesso di essere \u00ab<strong>talvolta triste come mai<\/strong>\u00bb dopo nove anni all&rsquo;<strong>\u00c9lys\u00e9e<\/strong>, rivelando una <strong>sensazione<\/strong> intima gi\u00e0 riportata dai media. Scoprirai qui come queste <strong>emozioni<\/strong> si siano espresse pubblicamente e quali strategie la Prima Donna ha messo in atto per preservare la sua <strong>intimit\u00e0<\/strong> nel cuore della <strong>vita politica<\/strong>.<\/p>\n\n<p><strong>In breve<\/strong>: Brigitte Macron ha parlato dei suoi <strong>momenti difficili<\/strong> all&rsquo;\u00c9lys\u00e9e, citando la passeggiata quotidiana e la scrittura come vie di fuga; ha subito un&rsquo;importante cyberbullismo, con molte condanne seguite nel 2026; la sua testimonianza, rilasciata a La Tribune, illumina la realt\u00e0 della <strong>famiglia presidenziale<\/strong>.<\/p>\n\n<h2 class=\"wp-block-heading\">Confessione pubblica: \u00abtalvolta triste come mai\u00bb nel cuore dell&rsquo;\u00c9lys\u00e9e<\/h2>\n\n<p>In un&rsquo;intervista a La Tribune, <strong>Brigitte Macron<\/strong> ha riconosciuto di attraversare periodi di <strong>tristezza<\/strong> inedita da quando \u00e8 arrivata all&rsquo;<strong>\u00c9lys\u00e9e<\/strong>. Spiega di camminare un&rsquo;ora al giorno per non \u00absentirsi rinchiusa\u00bb e di tenere un diario che la aiuta \u00abmolto\u00bb. Questa testimonianza, ripresa da diverse testate nazionali, conferma un <strong>momento difficile<\/strong> vissuto nel corso dei mandati e segna una <strong>rivelazione<\/strong> personale chiara.<\/p>\n\n<h2 class=\"wp-block-heading\">Cyberbullismo: l&rsquo;impatto sull&rsquo;intimit\u00e0 e la sensazione<\/h2>\n\n<p>La Prima Donna ha anche evocato il peso degli attacchi online: definita da alcuni media come \u00abla donna pi\u00f9 cyberbullizzata di Francia\u00bb, ha subito voci e insulti ripresi massicciamente. A gennaio 2026, diversi accusati sono stati condannati, con pene che arrivano fino a sei mesi di carcere per diffusione di false informazioni. Questo intervallo giudiziario illustra quanto la <strong>vita politica<\/strong> possa invadere la vita privata.<\/p>\n\n<h3 class=\"wp-block-heading\">Le conseguenze sulla famiglia presidenziale e la postura pubblica<\/h3>\n\n<p>La testimonianza mette in luce il legame tra esposizione mediatica e stanchezza emotiva all&rsquo;interno della <strong>famiglia presidenziale<\/strong>. Pierre-Olivier Costa ha confidato la sua delusione per il poco sostegno pubblico ricevuto. Brigitte Macron sottolinea di aver \u00abvisto l&rsquo;oscurit\u00e0 del mondo\u00bb, una frase che mostra quanto l&rsquo;esercizio del potere trasformi i rapporti sociali e la <strong>sensazione<\/strong> quotidiana. Insight: la notoriet\u00e0 richiede fragilit\u00e0 assunte.<\/p>\n\n<h2 class=\"wp-block-heading\">Preservare l&rsquo;intimit\u00e0: camminare, scrivere e resistere<\/h2>\n\n<p>Per gestire queste <strong>emozioni<\/strong>, Brigitte Macron ha trovato due vie di fuga concrete: la camminata quotidiana e la scrittura del suo diario personale. Confida che questi rituali le permettono di mantenere una sorta di equilibrio nonostante l&rsquo;intensit\u00e0 dei dieci anni all&rsquo;\u00c9lys\u00e9e e la difficolt\u00e0 a volte di \u00abvedere il cielo blu\u00bb. Questa strategia sottolinea una capacit\u00e0 di adattamento di fronte a un ruolo pubblico impegnativo. \u00c8 un insegnamento sulla resilienza.<\/p>\n\n<p>Per approfondire questo ritratto di <strong>Brigitte Macron<\/strong> e comprendere meglio i retroscena della <strong>famiglia presidenziale<\/strong>, consulta le analisi e le testimonianze dettagliate su <a href=\"https:\/\/www.sebastien-auziere.fr\/blog\/brigitte-macron-epreuves-elysee\/\">le prove all&rsquo;\u00c9lys\u00e9e<\/a> e su <a href=\"https:\/\/www.sebastien-auziere.fr\/blog\/brigitte-macron-tristesse\/\">la dimensione intima della sua tristezza<\/a>. Per saperne di pi\u00f9 su S\u00e9bastien Auzi\u00e8re e la famiglia Macron, scopri di pi\u00f9 su <a href=\"https:\/\/www.sebastien-auziere.fr\/blog\/brigitte-macron-tristesse\/\">sebastien-auziere.fr<\/a>.<\/p>","protected":false},"excerpt":{"rendered":"<p>Brigitte Macron ha ammesso di essere \u00abtalvolta triste come mai\u00bb dopo nove anni all&rsquo;\u00c9lys\u00e9e, rivelando una sensazione intima gi\u00e0 riportata dai media. Scoprirai qui come queste emozioni si siano espresse pubblicamente e quali strategie la Prima Donna ha messo in atto per preservare la sua intimit\u00e0 nel cuore della vita politica. In breve: Brigitte Macron &#8230; <a title=\"Brigitte Macron rivela i suoi momenti di profonda tristezza nel cuore dell&rsquo;\u00c9lys\u00e9e\" class=\"read-more\" href=\"https:\/\/www.sebastien-auziere.fr\/blog\/it\/brigitte-macron-rivela-i-suoi-momenti-di-profonda-tristezza-nel-cuore-dellelysee\/\" aria-label=\"En savoir plus sur Brigitte Macron rivela i suoi momenti di profonda tristezza nel cuore dell&rsquo;\u00c9lys\u00e9e\">Lire plus<\/a><\/p>\n","protected":false},"author":9,"featured_media":3382,"comment_status":"open","ping_status":"open","sticky":false,"template":"","format":"standard","meta":{"footnotes":""},"categories":[859],"tags":[944,3372,4578,1920,4545],"class_list":["post-3390","post","type-post","status-publish","format-standard","has-post-thumbnail","hentry","category-actualita-it","tag-brigitte-macron-it","tag-elysee-it","tag-momenti-di-tristezza-it","tag-prima-donna-it","tag-vita-personale-it"],"yoast_head":"<!-- This site is optimized with the Yoast SEO plugin v27.5 - https:\/\/yoast.com\/product\/yoast-seo-wordpress\/ -->\n<title>Brigitte Macron rivela i suoi momenti di profonda tristezza nel cuore dell&#039;\u00c9lys\u00e9e - Fan site S\u00e9bastien Auzi\u00e8re<\/title>\n<meta name=\"description\" content=\"Brigitte Macron d\u00e9voile ses instants de grande tristesse v\u00e9cus au c\u0153ur de l&#039;\u00c9lys\u00e9e, entre \u00e9motions et coulisses in\u00e9dites.\" \/>\n<meta name=\"robots\" content=\"index, follow, max-snippet:-1, max-image-preview:large, max-video-preview:-1\" \/>\n<link rel=\"canonical\" href=\"https:\/\/www.sebastien-auziere.fr\/blog\/it\/brigitte-macron-rivela-i-suoi-momenti-di-profonda-tristezza-nel-cuore-dellelysee\/\" \/>\n<meta property=\"og:locale\" content=\"fr_FR\" \/>\n<meta property=\"og:type\" content=\"article\" \/>\n<meta property=\"og:title\" content=\"Brigitte Macron rivela i suoi momenti di profonda tristezza nel cuore dell&#039;\u00c9lys\u00e9e - Fan site S\u00e9bastien Auzi\u00e8re\" \/>\n<meta property=\"og:description\" content=\"Brigitte Macron d\u00e9voile ses instants de grande tristesse v\u00e9cus au c\u0153ur de l&#039;\u00c9lys\u00e9e, entre \u00e9motions et coulisses in\u00e9dites.\" \/>\n<meta property=\"og:url\" content=\"https:\/\/www.sebastien-auziere.fr\/blog\/it\/brigitte-macron-rivela-i-suoi-momenti-di-profonda-tristezza-nel-cuore-dellelysee\/\" \/>\n<meta property=\"og:site_name\" content=\"Fan site S\u00e9bastien Auzi\u00e8re\" \/>\n<meta property=\"article:published_time\" content=\"2026-04-27T19:17:10+00:00\" \/>\n<meta property=\"article:modified_time\" content=\"2026-04-27T19:17:34+00:00\" \/>\n<meta property=\"og:image\" content=\"https:\/\/www.sebastien-auziere.fr\/blog\/wp-content\/uploads\/2026\/04\/Brigitte-Macron-revele-ses-moments-de-profonde-tristesse-au-coeur-de-lElysee.jpg\" \/>\n\t<meta property=\"og:image:width\" content=\"2560\" \/>\n\t<meta property=\"og:image:height\" content=\"1429\" \/>\n\t<meta property=\"og:image:type\" content=\"image\/jpeg\" \/>\n<meta name=\"author\" content=\"Chloe Gauthier\" \/>\n<meta name=\"twitter:card\" content=\"summary_large_image\" \/>\n<meta name=\"twitter:label1\" content=\"\u00c9crit par\" \/>\n\t<meta name=\"twitter:data1\" content=\"Chloe Gauthier\" \/>\n\t<meta name=\"twitter:label2\" content=\"Dur\u00e9e de lecture estim\u00e9e\" \/>\n\t<meta name=\"twitter:data2\" content=\"2 minutes\" \/>\n<script type=\"application\/ld+json\" class=\"yoast-schema-graph\">{\"@context\":\"https:\\\/\\\/schema.org\",\"@graph\":[{\"@type\":\"Article\",\"@id\":\"https:\\\/\\\/www.sebastien-auziere.fr\\\/blog\\\/it\\\/brigitte-macron-rivela-i-suoi-momenti-di-profonda-tristezza-nel-cuore-dellelysee\\\/#article\",\"isPartOf\":{\"@id\":\"https:\\\/\\\/www.sebastien-auziere.fr\\\/blog\\\/it\\\/brigitte-macron-rivela-i-suoi-momenti-di-profonda-tristezza-nel-cuore-dellelysee\\\/\"},\"author\":{\"name\":\"Chloe Gauthier\",\"@id\":\"https:\\\/\\\/www.sebastien-auziere.fr\\\/blog\\\/#\\\/schema\\\/person\\\/149f1acdbfd85149c6c3e59adeae2f4d\"},\"headline\":\"Brigitte Macron rivela i suoi momenti di profonda tristezza nel cuore dell&rsquo;\u00c9lys\u00e9e\",\"datePublished\":\"2026-04-27T19:17:10+00:00\",\"dateModified\":\"2026-04-27T19:17:34+00:00\",\"mainEntityOfPage\":{\"@id\":\"https:\\\/\\\/www.sebastien-auziere.fr\\\/blog\\\/it\\\/brigitte-macron-rivela-i-suoi-momenti-di-profonda-tristezza-nel-cuore-dellelysee\\\/\"},\"wordCount\":458,\"commentCount\":0,\"publisher\":{\"@id\":\"https:\\\/\\\/www.sebastien-auziere.fr\\\/blog\\\/#organization\"},\"image\":{\"@id\":\"https:\\\/\\\/www.sebastien-auziere.fr\\\/blog\\\/it\\\/brigitte-macron-rivela-i-suoi-momenti-di-profonda-tristezza-nel-cuore-dellelysee\\\/#primaryimage\"},\"thumbnailUrl\":\"https:\\\/\\\/www.sebastien-auziere.fr\\\/blog\\\/wp-content\\\/uploads\\\/2026\\\/04\\\/Brigitte-Macron-revele-ses-moments-de-profonde-tristesse-au-coeur-de-lElysee.jpg\",\"keywords\":[\"brigitte macron\",\"\u00e9lys\u00e9e\",\"momenti di tristezza\",\"prima donna\",\"vita personale\"],\"articleSection\":[\"Actualit\u00e0\"],\"inLanguage\":\"fr-FR\",\"potentialAction\":[{\"@type\":\"CommentAction\",\"name\":\"Comment\",\"target\":[\"https:\\\/\\\/www.sebastien-auziere.fr\\\/blog\\\/it\\\/brigitte-macron-rivela-i-suoi-momenti-di-profonda-tristezza-nel-cuore-dellelysee\\\/#respond\"]}]},{\"@type\":\"WebPage\",\"@id\":\"https:\\\/\\\/www.sebastien-auziere.fr\\\/blog\\\/it\\\/brigitte-macron-rivela-i-suoi-momenti-di-profonda-tristezza-nel-cuore-dellelysee\\\/\",\"url\":\"https:\\\/\\\/www.sebastien-auziere.fr\\\/blog\\\/it\\\/brigitte-macron-rivela-i-suoi-momenti-di-profonda-tristezza-nel-cuore-dellelysee\\\/\",\"name\":\"Brigitte Macron rivela i suoi momenti di profonda tristezza nel cuore dell'\u00c9lys\u00e9e - Fan site S\u00e9bastien Auzi\u00e8re\",\"isPartOf\":{\"@id\":\"https:\\\/\\\/www.sebastien-auziere.fr\\\/blog\\\/#website\"},\"primaryImageOfPage\":{\"@id\":\"https:\\\/\\\/www.sebastien-auziere.fr\\\/blog\\\/it\\\/brigitte-macron-rivela-i-suoi-momenti-di-profonda-tristezza-nel-cuore-dellelysee\\\/#primaryimage\"},\"image\":{\"@id\":\"https:\\\/\\\/www.sebastien-auziere.fr\\\/blog\\\/it\\\/brigitte-macron-rivela-i-suoi-momenti-di-profonda-tristezza-nel-cuore-dellelysee\\\/#primaryimage\"},\"thumbnailUrl\":\"https:\\\/\\\/www.sebastien-auziere.fr\\\/blog\\\/wp-content\\\/uploads\\\/2026\\\/04\\\/Brigitte-Macron-revele-ses-moments-de-profonde-tristesse-au-coeur-de-lElysee.jpg\",\"datePublished\":\"2026-04-27T19:17:10+00:00\",\"dateModified\":\"2026-04-27T19:17:34+00:00\",\"description\":\"Brigitte Macron d\u00e9voile ses instants de grande tristesse v\u00e9cus au c\u0153ur de l'\u00c9lys\u00e9e, entre \u00e9motions et coulisses in\u00e9dites.\",\"breadcrumb\":{\"@id\":\"https:\\\/\\\/www.sebastien-auziere.fr\\\/blog\\\/it\\\/brigitte-macron-rivela-i-suoi-momenti-di-profonda-tristezza-nel-cuore-dellelysee\\\/#breadcrumb\"},\"inLanguage\":\"fr-FR\",\"potentialAction\":[{\"@type\":\"ReadAction\",\"target\":[\"https:\\\/\\\/www.sebastien-auziere.fr\\\/blog\\\/it\\\/brigitte-macron-rivela-i-suoi-momenti-di-profonda-tristezza-nel-cuore-dellelysee\\\/\"]}]},{\"@type\":\"ImageObject\",\"inLanguage\":\"fr-FR\",\"@id\":\"https:\\\/\\\/www.sebastien-auziere.fr\\\/blog\\\/it\\\/brigitte-macron-rivela-i-suoi-momenti-di-profonda-tristezza-nel-cuore-dellelysee\\\/#primaryimage\",\"url\":\"https:\\\/\\\/www.sebastien-auziere.fr\\\/blog\\\/wp-content\\\/uploads\\\/2026\\\/04\\\/Brigitte-Macron-revele-ses-moments-de-profonde-tristesse-au-coeur-de-lElysee.jpg\",\"contentUrl\":\"https:\\\/\\\/www.sebastien-auziere.fr\\\/blog\\\/wp-content\\\/uploads\\\/2026\\\/04\\\/Brigitte-Macron-revele-ses-moments-de-profonde-tristesse-au-coeur-de-lElysee.jpg\",\"width\":2560,\"height\":1429,\"caption\":\"d\u00e9couvrez les confidences in\u00e9dites de brigitte macron sur ses instants de grande tristesse v\u00e9cus au palais de l'\u00e9lys\u00e9e, plongeant au c\u0153ur de ses \u00e9motions personnelles.\"},{\"@type\":\"BreadcrumbList\",\"@id\":\"https:\\\/\\\/www.sebastien-auziere.fr\\\/blog\\\/it\\\/brigitte-macron-rivela-i-suoi-momenti-di-profonda-tristezza-nel-cuore-dellelysee\\\/#breadcrumb\",\"itemListElement\":[{\"@type\":\"ListItem\",\"position\":1,\"name\":\"Home\",\"item\":\"https:\\\/\\\/www.sebastien-auziere.fr\\\/blog\\\/\"},{\"@type\":\"ListItem\",\"position\":2,\"name\":\"Brigitte Macron rivela i suoi momenti di profonda tristezza nel cuore dell&rsquo;\u00c9lys\u00e9e\"}]},{\"@type\":\"WebSite\",\"@id\":\"https:\\\/\\\/www.sebastien-auziere.fr\\\/blog\\\/#website\",\"url\":\"https:\\\/\\\/www.sebastien-auziere.fr\\\/blog\\\/\",\"name\":\"Fan site S\u00e9bastien Auzi\u00e8re\",\"description\":\"M\u00e9dia g\u00e9n\u00e9raliste\",\"publisher\":{\"@id\":\"https:\\\/\\\/www.sebastien-auziere.fr\\\/blog\\\/#organization\"},\"potentialAction\":[{\"@type\":\"SearchAction\",\"target\":{\"@type\":\"EntryPoint\",\"urlTemplate\":\"https:\\\/\\\/www.sebastien-auziere.fr\\\/blog\\\/?s={search_term_string}\"},\"query-input\":{\"@type\":\"PropertyValueSpecification\",\"valueRequired\":true,\"valueName\":\"search_term_string\"}}],\"inLanguage\":\"fr-FR\"},{\"@type\":\"Organization\",\"@id\":\"https:\\\/\\\/www.sebastien-auziere.fr\\\/blog\\\/#organization\",\"name\":\"Fan site S\u00e9bastien Auzi\u00e8re\",\"url\":\"https:\\\/\\\/www.sebastien-auziere.fr\\\/blog\\\/\",\"logo\":{\"@type\":\"ImageObject\",\"inLanguage\":\"fr-FR\",\"@id\":\"https:\\\/\\\/www.sebastien-auziere.fr\\\/blog\\\/#\\\/schema\\\/logo\\\/image\\\/\",\"url\":\"https:\\\/\\\/www.sebastien-auziere.fr\\\/blog\\\/wp-content\\\/uploads\\\/2026\\\/03\\\/cropped-cropped-cropped-ChatGPT-Image-6-mars-2026-12_58_09-e1772798376794.jpg\",\"contentUrl\":\"https:\\\/\\\/www.sebastien-auziere.fr\\\/blog\\\/wp-content\\\/uploads\\\/2026\\\/03\\\/cropped-cropped-cropped-ChatGPT-Image-6-mars-2026-12_58_09-e1772798376794.jpg\",\"width\":512,\"height\":360,\"caption\":\"Fan site S\u00e9bastien Auzi\u00e8re\"},\"image\":{\"@id\":\"https:\\\/\\\/www.sebastien-auziere.fr\\\/blog\\\/#\\\/schema\\\/logo\\\/image\\\/\"}},{\"@type\":\"Person\",\"@id\":\"https:\\\/\\\/www.sebastien-auziere.fr\\\/blog\\\/#\\\/schema\\\/person\\\/149f1acdbfd85149c6c3e59adeae2f4d\",\"name\":\"Chloe Gauthier\",\"image\":{\"@type\":\"ImageObject\",\"inLanguage\":\"fr-FR\",\"@id\":\"https:\\\/\\\/secure.gravatar.com\\\/avatar\\\/2c5722f58171cff738a8985ef0dd66b476e563753246a49019befc837ec4201a?s=96&d=mm&r=g\",\"url\":\"https:\\\/\\\/secure.gravatar.com\\\/avatar\\\/2c5722f58171cff738a8985ef0dd66b476e563753246a49019befc837ec4201a?s=96&d=mm&r=g\",\"contentUrl\":\"https:\\\/\\\/secure.gravatar.com\\\/avatar\\\/2c5722f58171cff738a8985ef0dd66b476e563753246a49019befc837ec4201a?s=96&d=mm&r=g\",\"caption\":\"Chloe Gauthier\"},\"description\":\"Passionn\u00e9e par la politique et admiratrice engag\u00e9e de la famille Macron, je consacre mon \u00e9nergie \u00e0 suivre leurs initiatives et \u00e0 promouvoir leurs id\u00e9es. \u00c0 32 ans, je suis convaincue que leur vision est porteuse d'avenir.\",\"url\":\"https:\\\/\\\/www.sebastien-auziere.fr\\\/blog\\\/author\\\/chloe-gauthier\\\/\"}]}<\/script>\n<!-- \/ Yoast SEO plugin. -->","yoast_head_json":{"title":"Brigitte Macron rivela i suoi momenti di profonda tristezza nel cuore dell'\u00c9lys\u00e9e - Fan site S\u00e9bastien Auzi\u00e8re","description":"Brigitte Macron d\u00e9voile ses instants de grande tristesse v\u00e9cus au c\u0153ur de l'\u00c9lys\u00e9e, entre \u00e9motions et coulisses in\u00e9dites.","robots":{"index":"index","follow":"follow","max-snippet":"max-snippet:-1","max-image-preview":"max-image-preview:large","max-video-preview":"max-video-preview:-1"},"canonical":"https:\/\/www.sebastien-auziere.fr\/blog\/it\/brigitte-macron-rivela-i-suoi-momenti-di-profonda-tristezza-nel-cuore-dellelysee\/","og_locale":"fr_FR","og_type":"article","og_title":"Brigitte Macron rivela i suoi momenti di profonda tristezza nel cuore dell'\u00c9lys\u00e9e - Fan site S\u00e9bastien Auzi\u00e8re","og_description":"Brigitte Macron d\u00e9voile ses instants de grande tristesse v\u00e9cus au c\u0153ur de l'\u00c9lys\u00e9e, entre \u00e9motions et coulisses in\u00e9dites.","og_url":"https:\/\/www.sebastien-auziere.fr\/blog\/it\/brigitte-macron-rivela-i-suoi-momenti-di-profonda-tristezza-nel-cuore-dellelysee\/","og_site_name":"Fan site S\u00e9bastien Auzi\u00e8re","article_published_time":"2026-04-27T19:17:10+00:00","article_modified_time":"2026-04-27T19:17:34+00:00","og_image":[{"width":2560,"height":1429,"url":"https:\/\/www.sebastien-auziere.fr\/blog\/wp-content\/uploads\/2026\/04\/Brigitte-Macron-revele-ses-moments-de-profonde-tristesse-au-coeur-de-lElysee.jpg","type":"image\/jpeg"}],"author":"Chloe Gauthier","twitter_card":"summary_large_image","twitter_misc":{"\u00c9crit par":"Chloe Gauthier","Dur\u00e9e de lecture estim\u00e9e":"2 minutes"},"schema":{"@context":"https:\/\/schema.org","@graph":[{"@type":"Article","@id":"https:\/\/www.sebastien-auziere.fr\/blog\/it\/brigitte-macron-rivela-i-suoi-momenti-di-profonda-tristezza-nel-cuore-dellelysee\/#article","isPartOf":{"@id":"https:\/\/www.sebastien-auziere.fr\/blog\/it\/brigitte-macron-rivela-i-suoi-momenti-di-profonda-tristezza-nel-cuore-dellelysee\/"},"author":{"name":"Chloe Gauthier","@id":"https:\/\/www.sebastien-auziere.fr\/blog\/#\/schema\/person\/149f1acdbfd85149c6c3e59adeae2f4d"},"headline":"Brigitte Macron rivela i suoi momenti di profonda tristezza nel cuore dell&rsquo;\u00c9lys\u00e9e","datePublished":"2026-04-27T19:17:10+00:00","dateModified":"2026-04-27T19:17:34+00:00","mainEntityOfPage":{"@id":"https:\/\/www.sebastien-auziere.fr\/blog\/it\/brigitte-macron-rivela-i-suoi-momenti-di-profonda-tristezza-nel-cuore-dellelysee\/"},"wordCount":458,"commentCount":0,"publisher":{"@id":"https:\/\/www.sebastien-auziere.fr\/blog\/#organization"},"image":{"@id":"https:\/\/www.sebastien-auziere.fr\/blog\/it\/brigitte-macron-rivela-i-suoi-momenti-di-profonda-tristezza-nel-cuore-dellelysee\/#primaryimage"},"thumbnailUrl":"https:\/\/www.sebastien-auziere.fr\/blog\/wp-content\/uploads\/2026\/04\/Brigitte-Macron-revele-ses-moments-de-profonde-tristesse-au-coeur-de-lElysee.jpg","keywords":["brigitte macron","\u00e9lys\u00e9e","momenti di tristezza","prima donna","vita personale"],"articleSection":["Actualit\u00e0"],"inLanguage":"fr-FR","potentialAction":[{"@type":"CommentAction","name":"Comment","target":["https:\/\/www.sebastien-auziere.fr\/blog\/it\/brigitte-macron-rivela-i-suoi-momenti-di-profonda-tristezza-nel-cuore-dellelysee\/#respond"]}]},{"@type":"WebPage","@id":"https:\/\/www.sebastien-auziere.fr\/blog\/it\/brigitte-macron-rivela-i-suoi-momenti-di-profonda-tristezza-nel-cuore-dellelysee\/","url":"https:\/\/www.sebastien-auziere.fr\/blog\/it\/brigitte-macron-rivela-i-suoi-momenti-di-profonda-tristezza-nel-cuore-dellelysee\/","name":"Brigitte Macron rivela i suoi momenti di profonda tristezza nel cuore dell'\u00c9lys\u00e9e - Fan site S\u00e9bastien Auzi\u00e8re","isPartOf":{"@id":"https:\/\/www.sebastien-auziere.fr\/blog\/#website"},"primaryImageOfPage":{"@id":"https:\/\/www.sebastien-auziere.fr\/blog\/it\/brigitte-macron-rivela-i-suoi-momenti-di-profonda-tristezza-nel-cuore-dellelysee\/#primaryimage"},"image":{"@id":"https:\/\/www.sebastien-auziere.fr\/blog\/it\/brigitte-macron-rivela-i-suoi-momenti-di-profonda-tristezza-nel-cuore-dellelysee\/#primaryimage"},"thumbnailUrl":"https:\/\/www.sebastien-auziere.fr\/blog\/wp-content\/uploads\/2026\/04\/Brigitte-Macron-revele-ses-moments-de-profonde-tristesse-au-coeur-de-lElysee.jpg","datePublished":"2026-04-27T19:17:10+00:00","dateModified":"2026-04-27T19:17:34+00:00","description":"Brigitte Macron d\u00e9voile ses instants de grande tristesse v\u00e9cus au c\u0153ur de l'\u00c9lys\u00e9e, entre \u00e9motions et coulisses in\u00e9dites.","breadcrumb":{"@id":"https:\/\/www.sebastien-auziere.fr\/blog\/it\/brigitte-macron-rivela-i-suoi-momenti-di-profonda-tristezza-nel-cuore-dellelysee\/#breadcrumb"},"inLanguage":"fr-FR","potentialAction":[{"@type":"ReadAction","target":["https:\/\/www.sebastien-auziere.fr\/blog\/it\/brigitte-macron-rivela-i-suoi-momenti-di-profonda-tristezza-nel-cuore-dellelysee\/"]}]},{"@type":"ImageObject","inLanguage":"fr-FR","@id":"https:\/\/www.sebastien-auziere.fr\/blog\/it\/brigitte-macron-rivela-i-suoi-momenti-di-profonda-tristezza-nel-cuore-dellelysee\/#primaryimage","url":"https:\/\/www.sebastien-auziere.fr\/blog\/wp-content\/uploads\/2026\/04\/Brigitte-Macron-revele-ses-moments-de-profonde-tristesse-au-coeur-de-lElysee.jpg","contentUrl":"https:\/\/www.sebastien-auziere.fr\/blog\/wp-content\/uploads\/2026\/04\/Brigitte-Macron-revele-ses-moments-de-profonde-tristesse-au-coeur-de-lElysee.jpg","width":2560,"height":1429,"caption":"d\u00e9couvrez les confidences in\u00e9dites de brigitte macron sur ses instants de grande tristesse v\u00e9cus au palais de l'\u00e9lys\u00e9e, plongeant au c\u0153ur de ses \u00e9motions personnelles."},{"@type":"BreadcrumbList","@id":"https:\/\/www.sebastien-auziere.fr\/blog\/it\/brigitte-macron-rivela-i-suoi-momenti-di-profonda-tristezza-nel-cuore-dellelysee\/#breadcrumb","itemListElement":[{"@type":"ListItem","position":1,"name":"Home","item":"https:\/\/www.sebastien-auziere.fr\/blog\/"},{"@type":"ListItem","position":2,"name":"Brigitte Macron rivela i suoi momenti di profonda tristezza nel cuore dell&rsquo;\u00c9lys\u00e9e"}]},{"@type":"WebSite","@id":"https:\/\/www.sebastien-auziere.fr\/blog\/#website","url":"https:\/\/www.sebastien-auziere.fr\/blog\/","name":"Fan site S\u00e9bastien Auzi\u00e8re","description":"M\u00e9dia g\u00e9n\u00e9raliste","publisher":{"@id":"https:\/\/www.sebastien-auziere.fr\/blog\/#organization"},"potentialAction":[{"@type":"SearchAction","target":{"@type":"EntryPoint","urlTemplate":"https:\/\/www.sebastien-auziere.fr\/blog\/?s={search_term_string}"},"query-input":{"@type":"PropertyValueSpecification","valueRequired":true,"valueName":"search_term_string"}}],"inLanguage":"fr-FR"},{"@type":"Organization","@id":"https:\/\/www.sebastien-auziere.fr\/blog\/#organization","name":"Fan site S\u00e9bastien Auzi\u00e8re","url":"https:\/\/www.sebastien-auziere.fr\/blog\/","logo":{"@type":"ImageObject","inLanguage":"fr-FR","@id":"https:\/\/www.sebastien-auziere.fr\/blog\/#\/schema\/logo\/image\/","url":"https:\/\/www.sebastien-auziere.fr\/blog\/wp-content\/uploads\/2026\/03\/cropped-cropped-cropped-ChatGPT-Image-6-mars-2026-12_58_09-e1772798376794.jpg","contentUrl":"https:\/\/www.sebastien-auziere.fr\/blog\/wp-content\/uploads\/2026\/03\/cropped-cropped-cropped-ChatGPT-Image-6-mars-2026-12_58_09-e1772798376794.jpg","width":512,"height":360,"caption":"Fan site S\u00e9bastien Auzi\u00e8re"},"image":{"@id":"https:\/\/www.sebastien-auziere.fr\/blog\/#\/schema\/logo\/image\/"}},{"@type":"Person","@id":"https:\/\/www.sebastien-auziere.fr\/blog\/#\/schema\/person\/149f1acdbfd85149c6c3e59adeae2f4d","name":"Chloe Gauthier","image":{"@type":"ImageObject","inLanguage":"fr-FR","@id":"https:\/\/secure.gravatar.com\/avatar\/2c5722f58171cff738a8985ef0dd66b476e563753246a49019befc837ec4201a?s=96&d=mm&r=g","url":"https:\/\/secure.gravatar.com\/avatar\/2c5722f58171cff738a8985ef0dd66b476e563753246a49019befc837ec4201a?s=96&d=mm&r=g","contentUrl":"https:\/\/secure.gravatar.com\/avatar\/2c5722f58171cff738a8985ef0dd66b476e563753246a49019befc837ec4201a?s=96&d=mm&r=g","caption":"Chloe Gauthier"},"description":"Passionn\u00e9e par la politique et admiratrice engag\u00e9e de la famille Macron, je consacre mon \u00e9nergie \u00e0 suivre leurs initiatives et \u00e0 promouvoir leurs id\u00e9es. \u00c0 32 ans, je suis convaincue que leur vision est porteuse d'avenir.","url":"https:\/\/www.sebastien-auziere.fr\/blog\/author\/chloe-gauthier\/"}]}},"views":0,"_links":{"self":[{"href":"https:\/\/www.sebastien-auziere.fr\/blog\/wp-json\/wp\/v2\/posts\/3390","targetHints":{"allow":["GET"]}}],"collection":[{"href":"https:\/\/www.sebastien-auziere.fr\/blog\/wp-json\/wp\/v2\/posts"}],"about":[{"href":"https:\/\/www.sebastien-auziere.fr\/blog\/wp-json\/wp\/v2\/types\/post"}],"author":[{"embeddable":true,"href":"https:\/\/www.sebastien-auziere.fr\/blog\/wp-json\/wp\/v2\/users\/9"}],"replies":[{"embeddable":true,"href":"https:\/\/www.sebastien-auziere.fr\/blog\/wp-json\/wp\/v2\/comments?post=3390"}],"version-history":[{"count":1,"href":"https:\/\/www.sebastien-auziere.fr\/blog\/wp-json\/wp\/v2\/posts\/3390\/revisions"}],"predecessor-version":[{"id":3391,"href":"https:\/\/www.sebastien-auziere.fr\/blog\/wp-json\/wp\/v2\/posts\/3390\/revisions\/3391"}],"wp:featuredmedia":[{"embeddable":true,"href":"https:\/\/www.sebastien-auziere.fr\/blog\/wp-json\/wp\/v2\/media\/3382"}],"wp:attachment":[{"href":"https:\/\/www.sebastien-auziere.fr\/blog\/wp-json\/wp\/v2\/media?parent=3390"}],"wp:term":[{"taxonomy":"category","embeddable":true,"href":"https:\/\/www.sebastien-auziere.fr\/blog\/wp-json\/wp\/v2\/categories?post=3390"},{"taxonomy":"post_tag","embeddable":true,"href":"https:\/\/www.sebastien-auziere.fr\/blog\/wp-json\/wp\/v2\/tags?post=3390"}],"curies":[{"name":"wp","href":"https:\/\/api.w.org\/{rel}","templated":true}]}}