{"id":3388,"date":"2026-04-27T19:15:59","date_gmt":"2026-04-27T19:15:59","guid":{"rendered":"https:\/\/www.sebastien-auziere.fr\/blog\/?p=3388"},"modified":"2026-04-27T19:16:22","modified_gmt":"2026-04-27T19:16:22","slug":"brigitte-macron-enthullt-ihre-momente-tiefer-traurigkeit-im-herzen-des-elysee","status":"publish","type":"post","link":"https:\/\/www.sebastien-auziere.fr\/blog\/de\/brigitte-macron-enthullt-ihre-momente-tiefer-traurigkeit-im-herzen-des-elysee\/","title":{"rendered":"Brigitte Macron enth\u00fcllt ihre Momente tiefer Traurigkeit im Herzen des \u00c9lys\u00e9e"},"content":{"rendered":"<p><strong>Brigitte Macron<\/strong> hat zugegeben, dass sie \u201e<strong>manchmal trauriger ist als je zuvor<\/strong>\u201c nach neun Jahren im <strong>\u00c9lys\u00e9e<\/strong>, und damit ein <strong>intimes Gef\u00fchl<\/strong> offenbart, das bereits von den Medien berichtet wurde. Hier erf\u00e4hrst du, wie sich diese <strong>Emotionen<\/strong> \u00f6ffentlich ge\u00e4u\u00dfert haben und welche Strategien die First Lady entwickelt hat, um ihre <strong>Intimit\u00e4t<\/strong> im Herzen des <strong>politischen Lebens<\/strong> zu bewahren.<\/p>\n\n<p><strong>Kurz gesagt<\/strong> : Brigitte Macron sprach \u00fcber ihre <strong>schwierigen Momente<\/strong> im \u00c9lys\u00e9e, nannte das t\u00e4gliche Gehen und das Schreiben als Fluchtm\u00f6glichkeiten; sie wurde Opfer eines erheblichen Cybermobbings, dem verschiedene Verurteilungen 2026 folgten; ihr Zeugnis, das sie La Tribune gegeben hat, beleuchtet die Realit\u00e4t der <strong>pr\u00e4sidialen Familie<\/strong>.<\/p>\n\n<h2 class=\"wp-block-heading\">\u00d6ffentliche Beichte: \u201emanchmal trauriger als je zuvor\u201c im Herzen des \u00c9lys\u00e9e<\/h2>\n\n<p>In einem Interview mit La Tribune hat <strong>Brigitte Macron<\/strong> einger\u00e4umt, dass sie seit ihrem Einzug ins <strong>\u00c9lys\u00e9e<\/strong> Phasen von <strong>Traurigkeit<\/strong> erlebt, die bisher einzigartig sind. Sie erkl\u00e4rt, dass sie jeden Tag eine Stunde spazieren geht, um sich nicht \u201eeingeschlossen\u201c zu f\u00fchlen, und ein Tagebuch f\u00fchrt, das ihr \u201esehr hilft\u201c. Dieses Zeugnis, das von mehreren nationalen Medien aufgegriffen wurde, best\u00e4tigt einen <strong>schwierigen Moment<\/strong>, den sie im Laufe der Amtszeiten erlebte, und markiert eine klare <strong>pers\u00f6nliche Offenbarung<\/strong>.<\/p>\n\n<h2 class=\"wp-block-heading\">Cybermobbing: die Auswirkungen auf Intimit\u00e4t und Empfindung<\/h2>\n\n<p>Die First Lady sprach auch \u00fcber das Gewicht der Online-Angriffe: Sie wurde von einigen Medien als \u201edie am st\u00e4rksten cyberbel\u00e4stigte Frau Frankreichs\u201c bezeichnet und sah sich massiv mit Ger\u00fcchten und Beschimpfungen konfrontiert. Im Januar 2026 wurden mehrere Angeklagte verurteilt, mit Strafen von bis zu sechs Monaten Haft f\u00fcr die Verbreitung falscher Informationen. Diese juristische Folge veranschaulicht, wie sehr das <strong>politische Leben<\/strong> in das Privatleben eingreifen kann.<\/p>\n\n<h3 class=\"wp-block-heading\">Die Konsequenzen f\u00fcr die pr\u00e4sidiale Familie und die \u00f6ffentliche Haltung<\/h3>\n\n<p>Das Zeugnis hebt die Verbindung zwischen medialer Exposition und emotionaler Ersch\u00f6pfung innerhalb der <strong>pr\u00e4sidialen Familie<\/strong> hervor. Pierre-Olivier Costa \u00e4u\u00dferte seine Entt\u00e4uschung \u00fcber die wenigen \u00f6ffentlichen Worte der Unterst\u00fctzung. Brigitte Macron betont, dass sie \u201edie Dunkelheit der Welt gesehen hat\u201c, ein Satz, der zeigt, wie sehr die Aus\u00fcbung von Macht soziale Beziehungen und das t\u00e4gliche <strong>Empfinden<\/strong> transformiert. Einsicht: Bekanntheit erfordert ein anerkanntes Verletzlichkeitsniveau.<\/p>\n\n<h2 class=\"wp-block-heading\">Intimit\u00e4t bewahren: Gehen, Schreiben und Widerstand<\/h2>\n\n<p>Um mit diesen <strong>Emotionen<\/strong> umzugehen, hat Brigitte Macron zwei konkrete Fluchtm\u00f6glichkeiten gefunden: das t\u00e4gliche Gehen und das Schreiben in ihr pers\u00f6nliches Tagebuch. Sie gesteht, dass diese Rituale ihr helfen, trotz der Intensit\u00e4t der zehn Jahre im \u00c9lys\u00e9e und der gelegentlichen Schwierigkeit, \u201eden blauen Himmel zu sehen\u201c, ein gewisses Gleichgewicht zu bewahren. Diese Strategie unterstreicht eine Anpassungsf\u00e4higkeit gegen\u00fcber einer anspruchsvollen \u00f6ffentlichen Rolle. Es ist eine Lektion in Resilienz.<\/p>\n\n<p>Um dieses Portrait von <strong>Brigitte Macron<\/strong> zu vertiefen und die Hintergr\u00fcnde der <strong>pr\u00e4sidialen Familie<\/strong> besser zu verstehen, sieh dir die detaillierten Analysen und Zeugnisse \u00fcber <a href=\"https:\/\/www.sebastien-auziere.fr\/blog\/brigitte-macron-epreuves-elysee\/\">die Pr\u00fcfungen im \u00c9lys\u00e9e<\/a> und \u00fcber <a href=\"https:\/\/www.sebastien-auziere.fr\/blog\/brigitte-macron-tristesse\/\">die intime Dimension ihrer Traurigkeit<\/a> an. Um mehr \u00fcber S\u00e9bastien Auzi\u00e8re und die Familie Macron zu erfahren, entdecke mehr auf <a href=\"https:\/\/www.sebastien-auziere.fr\/blog\/brigitte-macron-tristesse\/\">sebastien-auziere.fr<\/a>.<\/p>","protected":false},"excerpt":{"rendered":"<p>Brigitte Macron hat zugegeben, dass sie \u201emanchmal trauriger ist als je zuvor\u201c nach neun Jahren im \u00c9lys\u00e9e, und damit ein intimes Gef\u00fchl offenbart, das bereits von den Medien berichtet wurde. Hier erf\u00e4hrst du, wie sich diese Emotionen \u00f6ffentlich ge\u00e4u\u00dfert haben und welche Strategien die First Lady entwickelt hat, um ihre Intimit\u00e4t im Herzen des politischen &#8230; <a title=\"Brigitte Macron enth\u00fcllt ihre Momente tiefer Traurigkeit im Herzen des \u00c9lys\u00e9e\" class=\"read-more\" href=\"https:\/\/www.sebastien-auziere.fr\/blog\/de\/brigitte-macron-enthullt-ihre-momente-tiefer-traurigkeit-im-herzen-des-elysee\/\" aria-label=\"En savoir plus sur Brigitte Macron enth\u00fcllt ihre Momente tiefer Traurigkeit im Herzen des \u00c9lys\u00e9e\">Lire plus<\/a><\/p>\n","protected":false},"author":9,"featured_media":3382,"comment_status":"open","ping_status":"open","sticky":false,"template":"","format":"standard","meta":{"footnotes":""},"categories":[856],"tags":[929,3360,1908,4575,4536],"class_list":["post-3388","post","type-post","status-publish","format-standard","has-post-thumbnail","hentry","category-aktuelles-de","tag-brigitte-macron-de","tag-elysee-de","tag-erste-dame-de","tag-momente-der-traurigkeit-de","tag-personliches-leben-de"],"yoast_head":"<!-- This site is optimized with the Yoast SEO plugin v27.5 - https:\/\/yoast.com\/product\/yoast-seo-wordpress\/ -->\n<title>Brigitte Macron enth\u00fcllt ihre Momente tiefer Traurigkeit im Herzen des \u00c9lys\u00e9e - Fan site S\u00e9bastien Auzi\u00e8re<\/title>\n<meta name=\"description\" content=\"Brigitte Macron d\u00e9voile ses instants de grande tristesse v\u00e9cus au c\u0153ur de l&#039;\u00c9lys\u00e9e, entre \u00e9motions et coulisses in\u00e9dites.\" \/>\n<meta name=\"robots\" content=\"index, follow, max-snippet:-1, max-image-preview:large, max-video-preview:-1\" \/>\n<link rel=\"canonical\" href=\"https:\/\/www.sebastien-auziere.fr\/blog\/de\/brigitte-macron-enthullt-ihre-momente-tiefer-traurigkeit-im-herzen-des-elysee\/\" \/>\n<meta property=\"og:locale\" content=\"fr_FR\" \/>\n<meta property=\"og:type\" content=\"article\" \/>\n<meta property=\"og:title\" content=\"Brigitte Macron enth\u00fcllt ihre Momente tiefer Traurigkeit im Herzen des \u00c9lys\u00e9e - Fan site S\u00e9bastien Auzi\u00e8re\" \/>\n<meta property=\"og:description\" content=\"Brigitte Macron d\u00e9voile ses instants de grande tristesse v\u00e9cus au c\u0153ur de l&#039;\u00c9lys\u00e9e, entre \u00e9motions et coulisses in\u00e9dites.\" \/>\n<meta property=\"og:url\" content=\"https:\/\/www.sebastien-auziere.fr\/blog\/de\/brigitte-macron-enthullt-ihre-momente-tiefer-traurigkeit-im-herzen-des-elysee\/\" \/>\n<meta property=\"og:site_name\" content=\"Fan site S\u00e9bastien Auzi\u00e8re\" \/>\n<meta property=\"article:published_time\" content=\"2026-04-27T19:15:59+00:00\" \/>\n<meta property=\"article:modified_time\" content=\"2026-04-27T19:16:22+00:00\" \/>\n<meta property=\"og:image\" content=\"https:\/\/www.sebastien-auziere.fr\/blog\/wp-content\/uploads\/2026\/04\/Brigitte-Macron-revele-ses-moments-de-profonde-tristesse-au-coeur-de-lElysee.jpg\" \/>\n\t<meta property=\"og:image:width\" content=\"2560\" \/>\n\t<meta property=\"og:image:height\" content=\"1429\" \/>\n\t<meta property=\"og:image:type\" content=\"image\/jpeg\" \/>\n<meta name=\"author\" content=\"Chloe Gauthier\" \/>\n<meta name=\"twitter:card\" content=\"summary_large_image\" \/>\n<meta name=\"twitter:label1\" content=\"\u00c9crit par\" \/>\n\t<meta name=\"twitter:data1\" content=\"Chloe Gauthier\" \/>\n\t<meta name=\"twitter:label2\" content=\"Dur\u00e9e de lecture estim\u00e9e\" \/>\n\t<meta name=\"twitter:data2\" content=\"3 minutes\" \/>\n<script type=\"application\/ld+json\" class=\"yoast-schema-graph\">{\"@context\":\"https:\\\/\\\/schema.org\",\"@graph\":[{\"@type\":\"Article\",\"@id\":\"https:\\\/\\\/www.sebastien-auziere.fr\\\/blog\\\/de\\\/brigitte-macron-enthullt-ihre-momente-tiefer-traurigkeit-im-herzen-des-elysee\\\/#article\",\"isPartOf\":{\"@id\":\"https:\\\/\\\/www.sebastien-auziere.fr\\\/blog\\\/de\\\/brigitte-macron-enthullt-ihre-momente-tiefer-traurigkeit-im-herzen-des-elysee\\\/\"},\"author\":{\"name\":\"Chloe Gauthier\",\"@id\":\"https:\\\/\\\/www.sebastien-auziere.fr\\\/blog\\\/#\\\/schema\\\/person\\\/149f1acdbfd85149c6c3e59adeae2f4d\"},\"headline\":\"Brigitte Macron enth\u00fcllt ihre Momente tiefer Traurigkeit im Herzen des \u00c9lys\u00e9e\",\"datePublished\":\"2026-04-27T19:15:59+00:00\",\"dateModified\":\"2026-04-27T19:16:22+00:00\",\"mainEntityOfPage\":{\"@id\":\"https:\\\/\\\/www.sebastien-auziere.fr\\\/blog\\\/de\\\/brigitte-macron-enthullt-ihre-momente-tiefer-traurigkeit-im-herzen-des-elysee\\\/\"},\"wordCount\":518,\"commentCount\":0,\"publisher\":{\"@id\":\"https:\\\/\\\/www.sebastien-auziere.fr\\\/blog\\\/#organization\"},\"image\":{\"@id\":\"https:\\\/\\\/www.sebastien-auziere.fr\\\/blog\\\/de\\\/brigitte-macron-enthullt-ihre-momente-tiefer-traurigkeit-im-herzen-des-elysee\\\/#primaryimage\"},\"thumbnailUrl\":\"https:\\\/\\\/www.sebastien-auziere.fr\\\/blog\\\/wp-content\\\/uploads\\\/2026\\\/04\\\/Brigitte-Macron-revele-ses-moments-de-profonde-tristesse-au-coeur-de-lElysee.jpg\",\"keywords\":[\"brigitte macron\",\"\u00e9lys\u00e9e\",\"erste Dame\",\"momente der Traurigkeit\",\"pers\u00f6nliches Leben\"],\"articleSection\":[\"Aktuelles\"],\"inLanguage\":\"fr-FR\",\"potentialAction\":[{\"@type\":\"CommentAction\",\"name\":\"Comment\",\"target\":[\"https:\\\/\\\/www.sebastien-auziere.fr\\\/blog\\\/de\\\/brigitte-macron-enthullt-ihre-momente-tiefer-traurigkeit-im-herzen-des-elysee\\\/#respond\"]}]},{\"@type\":\"WebPage\",\"@id\":\"https:\\\/\\\/www.sebastien-auziere.fr\\\/blog\\\/de\\\/brigitte-macron-enthullt-ihre-momente-tiefer-traurigkeit-im-herzen-des-elysee\\\/\",\"url\":\"https:\\\/\\\/www.sebastien-auziere.fr\\\/blog\\\/de\\\/brigitte-macron-enthullt-ihre-momente-tiefer-traurigkeit-im-herzen-des-elysee\\\/\",\"name\":\"Brigitte Macron enth\u00fcllt ihre Momente tiefer Traurigkeit im Herzen des \u00c9lys\u00e9e - Fan site S\u00e9bastien Auzi\u00e8re\",\"isPartOf\":{\"@id\":\"https:\\\/\\\/www.sebastien-auziere.fr\\\/blog\\\/#website\"},\"primaryImageOfPage\":{\"@id\":\"https:\\\/\\\/www.sebastien-auziere.fr\\\/blog\\\/de\\\/brigitte-macron-enthullt-ihre-momente-tiefer-traurigkeit-im-herzen-des-elysee\\\/#primaryimage\"},\"image\":{\"@id\":\"https:\\\/\\\/www.sebastien-auziere.fr\\\/blog\\\/de\\\/brigitte-macron-enthullt-ihre-momente-tiefer-traurigkeit-im-herzen-des-elysee\\\/#primaryimage\"},\"thumbnailUrl\":\"https:\\\/\\\/www.sebastien-auziere.fr\\\/blog\\\/wp-content\\\/uploads\\\/2026\\\/04\\\/Brigitte-Macron-revele-ses-moments-de-profonde-tristesse-au-coeur-de-lElysee.jpg\",\"datePublished\":\"2026-04-27T19:15:59+00:00\",\"dateModified\":\"2026-04-27T19:16:22+00:00\",\"description\":\"Brigitte Macron d\u00e9voile ses instants de grande tristesse v\u00e9cus au c\u0153ur de l'\u00c9lys\u00e9e, entre \u00e9motions et coulisses in\u00e9dites.\",\"breadcrumb\":{\"@id\":\"https:\\\/\\\/www.sebastien-auziere.fr\\\/blog\\\/de\\\/brigitte-macron-enthullt-ihre-momente-tiefer-traurigkeit-im-herzen-des-elysee\\\/#breadcrumb\"},\"inLanguage\":\"fr-FR\",\"potentialAction\":[{\"@type\":\"ReadAction\",\"target\":[\"https:\\\/\\\/www.sebastien-auziere.fr\\\/blog\\\/de\\\/brigitte-macron-enthullt-ihre-momente-tiefer-traurigkeit-im-herzen-des-elysee\\\/\"]}]},{\"@type\":\"ImageObject\",\"inLanguage\":\"fr-FR\",\"@id\":\"https:\\\/\\\/www.sebastien-auziere.fr\\\/blog\\\/de\\\/brigitte-macron-enthullt-ihre-momente-tiefer-traurigkeit-im-herzen-des-elysee\\\/#primaryimage\",\"url\":\"https:\\\/\\\/www.sebastien-auziere.fr\\\/blog\\\/wp-content\\\/uploads\\\/2026\\\/04\\\/Brigitte-Macron-revele-ses-moments-de-profonde-tristesse-au-coeur-de-lElysee.jpg\",\"contentUrl\":\"https:\\\/\\\/www.sebastien-auziere.fr\\\/blog\\\/wp-content\\\/uploads\\\/2026\\\/04\\\/Brigitte-Macron-revele-ses-moments-de-profonde-tristesse-au-coeur-de-lElysee.jpg\",\"width\":2560,\"height\":1429,\"caption\":\"d\u00e9couvrez les confidences in\u00e9dites de brigitte macron sur ses instants de grande tristesse v\u00e9cus au palais de l'\u00e9lys\u00e9e, plongeant au c\u0153ur de ses \u00e9motions personnelles.\"},{\"@type\":\"BreadcrumbList\",\"@id\":\"https:\\\/\\\/www.sebastien-auziere.fr\\\/blog\\\/de\\\/brigitte-macron-enthullt-ihre-momente-tiefer-traurigkeit-im-herzen-des-elysee\\\/#breadcrumb\",\"itemListElement\":[{\"@type\":\"ListItem\",\"position\":1,\"name\":\"Home\",\"item\":\"https:\\\/\\\/www.sebastien-auziere.fr\\\/blog\\\/\"},{\"@type\":\"ListItem\",\"position\":2,\"name\":\"Brigitte Macron enth\u00fcllt ihre Momente tiefer Traurigkeit im Herzen des \u00c9lys\u00e9e\"}]},{\"@type\":\"WebSite\",\"@id\":\"https:\\\/\\\/www.sebastien-auziere.fr\\\/blog\\\/#website\",\"url\":\"https:\\\/\\\/www.sebastien-auziere.fr\\\/blog\\\/\",\"name\":\"Fan site S\u00e9bastien Auzi\u00e8re\",\"description\":\"M\u00e9dia g\u00e9n\u00e9raliste\",\"publisher\":{\"@id\":\"https:\\\/\\\/www.sebastien-auziere.fr\\\/blog\\\/#organization\"},\"potentialAction\":[{\"@type\":\"SearchAction\",\"target\":{\"@type\":\"EntryPoint\",\"urlTemplate\":\"https:\\\/\\\/www.sebastien-auziere.fr\\\/blog\\\/?s={search_term_string}\"},\"query-input\":{\"@type\":\"PropertyValueSpecification\",\"valueRequired\":true,\"valueName\":\"search_term_string\"}}],\"inLanguage\":\"fr-FR\"},{\"@type\":\"Organization\",\"@id\":\"https:\\\/\\\/www.sebastien-auziere.fr\\\/blog\\\/#organization\",\"name\":\"Fan site S\u00e9bastien Auzi\u00e8re\",\"url\":\"https:\\\/\\\/www.sebastien-auziere.fr\\\/blog\\\/\",\"logo\":{\"@type\":\"ImageObject\",\"inLanguage\":\"fr-FR\",\"@id\":\"https:\\\/\\\/www.sebastien-auziere.fr\\\/blog\\\/#\\\/schema\\\/logo\\\/image\\\/\",\"url\":\"https:\\\/\\\/www.sebastien-auziere.fr\\\/blog\\\/wp-content\\\/uploads\\\/2026\\\/03\\\/cropped-cropped-cropped-ChatGPT-Image-6-mars-2026-12_58_09-e1772798376794.jpg\",\"contentUrl\":\"https:\\\/\\\/www.sebastien-auziere.fr\\\/blog\\\/wp-content\\\/uploads\\\/2026\\\/03\\\/cropped-cropped-cropped-ChatGPT-Image-6-mars-2026-12_58_09-e1772798376794.jpg\",\"width\":512,\"height\":360,\"caption\":\"Fan site S\u00e9bastien Auzi\u00e8re\"},\"image\":{\"@id\":\"https:\\\/\\\/www.sebastien-auziere.fr\\\/blog\\\/#\\\/schema\\\/logo\\\/image\\\/\"}},{\"@type\":\"Person\",\"@id\":\"https:\\\/\\\/www.sebastien-auziere.fr\\\/blog\\\/#\\\/schema\\\/person\\\/149f1acdbfd85149c6c3e59adeae2f4d\",\"name\":\"Chloe Gauthier\",\"image\":{\"@type\":\"ImageObject\",\"inLanguage\":\"fr-FR\",\"@id\":\"https:\\\/\\\/secure.gravatar.com\\\/avatar\\\/2c5722f58171cff738a8985ef0dd66b476e563753246a49019befc837ec4201a?s=96&d=mm&r=g\",\"url\":\"https:\\\/\\\/secure.gravatar.com\\\/avatar\\\/2c5722f58171cff738a8985ef0dd66b476e563753246a49019befc837ec4201a?s=96&d=mm&r=g\",\"contentUrl\":\"https:\\\/\\\/secure.gravatar.com\\\/avatar\\\/2c5722f58171cff738a8985ef0dd66b476e563753246a49019befc837ec4201a?s=96&d=mm&r=g\",\"caption\":\"Chloe Gauthier\"},\"description\":\"Passionn\u00e9e par la politique et admiratrice engag\u00e9e de la famille Macron, je consacre mon \u00e9nergie \u00e0 suivre leurs initiatives et \u00e0 promouvoir leurs id\u00e9es. \u00c0 32 ans, je suis convaincue que leur vision est porteuse d'avenir.\",\"url\":\"https:\\\/\\\/www.sebastien-auziere.fr\\\/blog\\\/author\\\/chloe-gauthier\\\/\"}]}<\/script>\n<!-- \/ Yoast SEO plugin. -->","yoast_head_json":{"title":"Brigitte Macron enth\u00fcllt ihre Momente tiefer Traurigkeit im Herzen des \u00c9lys\u00e9e - Fan site S\u00e9bastien Auzi\u00e8re","description":"Brigitte Macron d\u00e9voile ses instants de grande tristesse v\u00e9cus au c\u0153ur de l'\u00c9lys\u00e9e, entre \u00e9motions et coulisses in\u00e9dites.","robots":{"index":"index","follow":"follow","max-snippet":"max-snippet:-1","max-image-preview":"max-image-preview:large","max-video-preview":"max-video-preview:-1"},"canonical":"https:\/\/www.sebastien-auziere.fr\/blog\/de\/brigitte-macron-enthullt-ihre-momente-tiefer-traurigkeit-im-herzen-des-elysee\/","og_locale":"fr_FR","og_type":"article","og_title":"Brigitte Macron enth\u00fcllt ihre Momente tiefer Traurigkeit im Herzen des \u00c9lys\u00e9e - Fan site S\u00e9bastien Auzi\u00e8re","og_description":"Brigitte Macron d\u00e9voile ses instants de grande tristesse v\u00e9cus au c\u0153ur de l'\u00c9lys\u00e9e, entre \u00e9motions et coulisses in\u00e9dites.","og_url":"https:\/\/www.sebastien-auziere.fr\/blog\/de\/brigitte-macron-enthullt-ihre-momente-tiefer-traurigkeit-im-herzen-des-elysee\/","og_site_name":"Fan site S\u00e9bastien Auzi\u00e8re","article_published_time":"2026-04-27T19:15:59+00:00","article_modified_time":"2026-04-27T19:16:22+00:00","og_image":[{"width":2560,"height":1429,"url":"https:\/\/www.sebastien-auziere.fr\/blog\/wp-content\/uploads\/2026\/04\/Brigitte-Macron-revele-ses-moments-de-profonde-tristesse-au-coeur-de-lElysee.jpg","type":"image\/jpeg"}],"author":"Chloe Gauthier","twitter_card":"summary_large_image","twitter_misc":{"\u00c9crit par":"Chloe Gauthier","Dur\u00e9e de lecture estim\u00e9e":"3 minutes"},"schema":{"@context":"https:\/\/schema.org","@graph":[{"@type":"Article","@id":"https:\/\/www.sebastien-auziere.fr\/blog\/de\/brigitte-macron-enthullt-ihre-momente-tiefer-traurigkeit-im-herzen-des-elysee\/#article","isPartOf":{"@id":"https:\/\/www.sebastien-auziere.fr\/blog\/de\/brigitte-macron-enthullt-ihre-momente-tiefer-traurigkeit-im-herzen-des-elysee\/"},"author":{"name":"Chloe Gauthier","@id":"https:\/\/www.sebastien-auziere.fr\/blog\/#\/schema\/person\/149f1acdbfd85149c6c3e59adeae2f4d"},"headline":"Brigitte Macron enth\u00fcllt ihre Momente tiefer Traurigkeit im Herzen des \u00c9lys\u00e9e","datePublished":"2026-04-27T19:15:59+00:00","dateModified":"2026-04-27T19:16:22+00:00","mainEntityOfPage":{"@id":"https:\/\/www.sebastien-auziere.fr\/blog\/de\/brigitte-macron-enthullt-ihre-momente-tiefer-traurigkeit-im-herzen-des-elysee\/"},"wordCount":518,"commentCount":0,"publisher":{"@id":"https:\/\/www.sebastien-auziere.fr\/blog\/#organization"},"image":{"@id":"https:\/\/www.sebastien-auziere.fr\/blog\/de\/brigitte-macron-enthullt-ihre-momente-tiefer-traurigkeit-im-herzen-des-elysee\/#primaryimage"},"thumbnailUrl":"https:\/\/www.sebastien-auziere.fr\/blog\/wp-content\/uploads\/2026\/04\/Brigitte-Macron-revele-ses-moments-de-profonde-tristesse-au-coeur-de-lElysee.jpg","keywords":["brigitte macron","\u00e9lys\u00e9e","erste Dame","momente der Traurigkeit","pers\u00f6nliches Leben"],"articleSection":["Aktuelles"],"inLanguage":"fr-FR","potentialAction":[{"@type":"CommentAction","name":"Comment","target":["https:\/\/www.sebastien-auziere.fr\/blog\/de\/brigitte-macron-enthullt-ihre-momente-tiefer-traurigkeit-im-herzen-des-elysee\/#respond"]}]},{"@type":"WebPage","@id":"https:\/\/www.sebastien-auziere.fr\/blog\/de\/brigitte-macron-enthullt-ihre-momente-tiefer-traurigkeit-im-herzen-des-elysee\/","url":"https:\/\/www.sebastien-auziere.fr\/blog\/de\/brigitte-macron-enthullt-ihre-momente-tiefer-traurigkeit-im-herzen-des-elysee\/","name":"Brigitte Macron enth\u00fcllt ihre Momente tiefer Traurigkeit im Herzen des \u00c9lys\u00e9e - Fan site S\u00e9bastien Auzi\u00e8re","isPartOf":{"@id":"https:\/\/www.sebastien-auziere.fr\/blog\/#website"},"primaryImageOfPage":{"@id":"https:\/\/www.sebastien-auziere.fr\/blog\/de\/brigitte-macron-enthullt-ihre-momente-tiefer-traurigkeit-im-herzen-des-elysee\/#primaryimage"},"image":{"@id":"https:\/\/www.sebastien-auziere.fr\/blog\/de\/brigitte-macron-enthullt-ihre-momente-tiefer-traurigkeit-im-herzen-des-elysee\/#primaryimage"},"thumbnailUrl":"https:\/\/www.sebastien-auziere.fr\/blog\/wp-content\/uploads\/2026\/04\/Brigitte-Macron-revele-ses-moments-de-profonde-tristesse-au-coeur-de-lElysee.jpg","datePublished":"2026-04-27T19:15:59+00:00","dateModified":"2026-04-27T19:16:22+00:00","description":"Brigitte Macron d\u00e9voile ses instants de grande tristesse v\u00e9cus au c\u0153ur de l'\u00c9lys\u00e9e, entre \u00e9motions et coulisses in\u00e9dites.","breadcrumb":{"@id":"https:\/\/www.sebastien-auziere.fr\/blog\/de\/brigitte-macron-enthullt-ihre-momente-tiefer-traurigkeit-im-herzen-des-elysee\/#breadcrumb"},"inLanguage":"fr-FR","potentialAction":[{"@type":"ReadAction","target":["https:\/\/www.sebastien-auziere.fr\/blog\/de\/brigitte-macron-enthullt-ihre-momente-tiefer-traurigkeit-im-herzen-des-elysee\/"]}]},{"@type":"ImageObject","inLanguage":"fr-FR","@id":"https:\/\/www.sebastien-auziere.fr\/blog\/de\/brigitte-macron-enthullt-ihre-momente-tiefer-traurigkeit-im-herzen-des-elysee\/#primaryimage","url":"https:\/\/www.sebastien-auziere.fr\/blog\/wp-content\/uploads\/2026\/04\/Brigitte-Macron-revele-ses-moments-de-profonde-tristesse-au-coeur-de-lElysee.jpg","contentUrl":"https:\/\/www.sebastien-auziere.fr\/blog\/wp-content\/uploads\/2026\/04\/Brigitte-Macron-revele-ses-moments-de-profonde-tristesse-au-coeur-de-lElysee.jpg","width":2560,"height":1429,"caption":"d\u00e9couvrez les confidences in\u00e9dites de brigitte macron sur ses instants de grande tristesse v\u00e9cus au palais de l'\u00e9lys\u00e9e, plongeant au c\u0153ur de ses \u00e9motions personnelles."},{"@type":"BreadcrumbList","@id":"https:\/\/www.sebastien-auziere.fr\/blog\/de\/brigitte-macron-enthullt-ihre-momente-tiefer-traurigkeit-im-herzen-des-elysee\/#breadcrumb","itemListElement":[{"@type":"ListItem","position":1,"name":"Home","item":"https:\/\/www.sebastien-auziere.fr\/blog\/"},{"@type":"ListItem","position":2,"name":"Brigitte Macron enth\u00fcllt ihre Momente tiefer Traurigkeit im Herzen des \u00c9lys\u00e9e"}]},{"@type":"WebSite","@id":"https:\/\/www.sebastien-auziere.fr\/blog\/#website","url":"https:\/\/www.sebastien-auziere.fr\/blog\/","name":"Fan site S\u00e9bastien Auzi\u00e8re","description":"M\u00e9dia g\u00e9n\u00e9raliste","publisher":{"@id":"https:\/\/www.sebastien-auziere.fr\/blog\/#organization"},"potentialAction":[{"@type":"SearchAction","target":{"@type":"EntryPoint","urlTemplate":"https:\/\/www.sebastien-auziere.fr\/blog\/?s={search_term_string}"},"query-input":{"@type":"PropertyValueSpecification","valueRequired":true,"valueName":"search_term_string"}}],"inLanguage":"fr-FR"},{"@type":"Organization","@id":"https:\/\/www.sebastien-auziere.fr\/blog\/#organization","name":"Fan site S\u00e9bastien Auzi\u00e8re","url":"https:\/\/www.sebastien-auziere.fr\/blog\/","logo":{"@type":"ImageObject","inLanguage":"fr-FR","@id":"https:\/\/www.sebastien-auziere.fr\/blog\/#\/schema\/logo\/image\/","url":"https:\/\/www.sebastien-auziere.fr\/blog\/wp-content\/uploads\/2026\/03\/cropped-cropped-cropped-ChatGPT-Image-6-mars-2026-12_58_09-e1772798376794.jpg","contentUrl":"https:\/\/www.sebastien-auziere.fr\/blog\/wp-content\/uploads\/2026\/03\/cropped-cropped-cropped-ChatGPT-Image-6-mars-2026-12_58_09-e1772798376794.jpg","width":512,"height":360,"caption":"Fan site S\u00e9bastien Auzi\u00e8re"},"image":{"@id":"https:\/\/www.sebastien-auziere.fr\/blog\/#\/schema\/logo\/image\/"}},{"@type":"Person","@id":"https:\/\/www.sebastien-auziere.fr\/blog\/#\/schema\/person\/149f1acdbfd85149c6c3e59adeae2f4d","name":"Chloe Gauthier","image":{"@type":"ImageObject","inLanguage":"fr-FR","@id":"https:\/\/secure.gravatar.com\/avatar\/2c5722f58171cff738a8985ef0dd66b476e563753246a49019befc837ec4201a?s=96&d=mm&r=g","url":"https:\/\/secure.gravatar.com\/avatar\/2c5722f58171cff738a8985ef0dd66b476e563753246a49019befc837ec4201a?s=96&d=mm&r=g","contentUrl":"https:\/\/secure.gravatar.com\/avatar\/2c5722f58171cff738a8985ef0dd66b476e563753246a49019befc837ec4201a?s=96&d=mm&r=g","caption":"Chloe Gauthier"},"description":"Passionn\u00e9e par la politique et admiratrice engag\u00e9e de la famille Macron, je consacre mon \u00e9nergie \u00e0 suivre leurs initiatives et \u00e0 promouvoir leurs id\u00e9es. \u00c0 32 ans, je suis convaincue que leur vision est porteuse d'avenir.","url":"https:\/\/www.sebastien-auziere.fr\/blog\/author\/chloe-gauthier\/"}]}},"views":0,"_links":{"self":[{"href":"https:\/\/www.sebastien-auziere.fr\/blog\/wp-json\/wp\/v2\/posts\/3388","targetHints":{"allow":["GET"]}}],"collection":[{"href":"https:\/\/www.sebastien-auziere.fr\/blog\/wp-json\/wp\/v2\/posts"}],"about":[{"href":"https:\/\/www.sebastien-auziere.fr\/blog\/wp-json\/wp\/v2\/types\/post"}],"author":[{"embeddable":true,"href":"https:\/\/www.sebastien-auziere.fr\/blog\/wp-json\/wp\/v2\/users\/9"}],"replies":[{"embeddable":true,"href":"https:\/\/www.sebastien-auziere.fr\/blog\/wp-json\/wp\/v2\/comments?post=3388"}],"version-history":[{"count":1,"href":"https:\/\/www.sebastien-auziere.fr\/blog\/wp-json\/wp\/v2\/posts\/3388\/revisions"}],"predecessor-version":[{"id":3389,"href":"https:\/\/www.sebastien-auziere.fr\/blog\/wp-json\/wp\/v2\/posts\/3388\/revisions\/3389"}],"wp:featuredmedia":[{"embeddable":true,"href":"https:\/\/www.sebastien-auziere.fr\/blog\/wp-json\/wp\/v2\/media\/3382"}],"wp:attachment":[{"href":"https:\/\/www.sebastien-auziere.fr\/blog\/wp-json\/wp\/v2\/media?parent=3388"}],"wp:term":[{"taxonomy":"category","embeddable":true,"href":"https:\/\/www.sebastien-auziere.fr\/blog\/wp-json\/wp\/v2\/categories?post=3388"},{"taxonomy":"post_tag","embeddable":true,"href":"https:\/\/www.sebastien-auziere.fr\/blog\/wp-json\/wp\/v2\/tags?post=3388"}],"curies":[{"name":"wp","href":"https:\/\/api.w.org\/{rel}","templated":true}]}}