{"id":3386,"date":"2026-04-27T19:14:53","date_gmt":"2026-04-27T19:14:53","guid":{"rendered":"https:\/\/www.sebastien-auziere.fr\/blog\/?p=3386"},"modified":"2026-04-27T19:15:16","modified_gmt":"2026-04-27T19:15:16","slug":"brigitte-macron-revela-sus-momentos-de-profunda-tristeza-en-el-corazon-del-eliseo","status":"publish","type":"post","link":"https:\/\/www.sebastien-auziere.fr\/blog\/es\/brigitte-macron-revela-sus-momentos-de-profunda-tristeza-en-el-corazon-del-eliseo\/","title":{"rendered":"Brigitte Macron revela sus momentos de profunda tristeza en el coraz\u00f3n del El\u00edseo"},"content":{"rendered":"<p><strong>Brigitte Macron<\/strong> admiti\u00f3 estar \u00ab<strong>triste como nunca<\/strong>\u00bb despu\u00e9s de nueve a\u00f1os en el <strong>El\u00edseo<\/strong>, revelando una <strong>sensaci\u00f3n<\/strong> \u00edntima ya reportada por los medios. Aqu\u00ed descubrir\u00e1s c\u00f3mo estas <strong>emociones<\/strong> se han expresado p\u00fablicamente y qu\u00e9 estrategias ha implementado la Primera Dama para preservar su <strong>intimidad<\/strong> en el coraz\u00f3n de la <strong>vida pol\u00edtica<\/strong>.<\/p>\n\n<p><strong>En resumen<\/strong>: Brigitte Macron habl\u00f3 de sus <strong>momentos dif\u00edciles<\/strong> en el El\u00edseo, citando la caminata diaria y la escritura como escapatorias; ha sido v\u00edctima de un importante ciberacoso, varias condenas siguieron en 2026; su testimonio, dado a La Tribune, ilumina la realidad de la <strong>familia presidencial<\/strong>.<\/p>\n\n<h2 class=\"wp-block-heading\">Confesi\u00f3n p\u00fablica: \u00abtriste como nunca\u00bb en el coraz\u00f3n del El\u00edseo<\/h2>\n\n<p>En una entrevista dada a La Tribune, <strong>Brigitte Macron<\/strong> reconoci\u00f3 que est\u00e1 pasando por per\u00edodos de <strong>tristeza<\/strong> in\u00e9ditos desde su instalaci\u00f3n en el <strong>El\u00edseo<\/strong>. Ella explica que camina una hora al d\u00eda para no \u00ab sentirse encerrada \u00bb y lleva un diario que la ayuda \u00ab mucho \u00bb. Este testimonio, replicado por varios medios nacionales, confirma un <strong>momento dif\u00edcil<\/strong> vivido a lo largo de los mandatos, y marca una <strong>revelaci\u00f3n<\/strong> personal clara.<\/p>\n\n<h2 class=\"wp-block-heading\">Ciberacoso: el impacto en la intimidad y la sensaci\u00f3n<\/h2>\n\n<p>La Primera Dama tambi\u00e9n mencion\u00f3 el peso de los ataques en l\u00ednea: calificada por algunos medios como \u00ab la mujer m\u00e1s ciberacoso de Francia \u00bb, ha sufrido rumores e insultos difundidos masivamente. En enero de 2026, varios acusados fueron condenados, con penas de hasta seis meses de prisi\u00f3n efectiva por difusi\u00f3n de informaci\u00f3n falsa. Esta secuencia judicial ilustra cu\u00e1nto puede la <strong>vida pol\u00edtica<\/strong> invadir la vida privada.<\/p>\n\n<h3 class=\"wp-block-heading\">Las consecuencias en la familia presidencial y la postura p\u00fablica<\/h3>\n\n<p>El testimonio pone de manifiesto la relaci\u00f3n entre la exposici\u00f3n medi\u00e1tica y la fatiga emocional dentro de la <strong>familia presidencial<\/strong>. Pierre-Olivier Costa confi\u00f3 su decepci\u00f3n por la escasez de palabras de apoyo p\u00fablicas. Brigitte Macron subraya que ha \u00ab visto la oscuridad del mundo \u00bb, una frase que muestra cu\u00e1n el ejercicio del poder transforma las relaciones sociales y la <strong>sensaci\u00f3n<\/strong> cotidiana. Perspectiva: la notoriedad exige fragilidades asumidas.<\/p>\n\n<h2 class=\"wp-block-heading\">Preservar la intimidad: caminar, escribir y resistir<\/h2>\n\n<p>Para gestionar estas <strong>emociones<\/strong>, Brigitte Macron encontr\u00f3 dos escapatorias concretas: la caminata diaria y la escritura de su diario personal. Ella confiesa que estos rituales le permiten mantener una forma de equilibrio a pesar de la intensidad de los diez a\u00f1os en el El\u00edseo y la dificultad a veces de \u00ab ver el cielo azul \u00bb. Esta estrategia subraya una capacidad de adaptaci\u00f3n ante un rol p\u00fablico exigente. Es una lecci\u00f3n sobre la resiliencia.<\/p>\n\n<p>Para profundizar en este retrato de <strong>Brigitte Macron<\/strong> y comprender mejor los entresijos de la <strong>familia presidencial<\/strong>, consulta los an\u00e1lisis y testimonios detallados sobre <a href=\"https:\/\/www.sebastien-auziere.fr\/blog\/brigitte-macron-epreuves-elysee\/\">las pruebas en el El\u00edseo<\/a> y sobre <a href=\"https:\/\/www.sebastien-auziere.fr\/blog\/brigitte-macron-tristesse\/\">la dimensi\u00f3n \u00edntima de su tristeza<\/a>. Para saber m\u00e1s sobre S\u00e9bastien Auzi\u00e8re y la familia Macron, descubre m\u00e1s en <a href=\"https:\/\/www.sebastien-auziere.fr\/blog\/brigitte-macron-tristesse\/\">sebastien-auziere.fr<\/a>.<\/p>","protected":false},"excerpt":{"rendered":"<p>Brigitte Macron admiti\u00f3 estar \u00abtriste como nunca\u00bb despu\u00e9s de nueve a\u00f1os en el El\u00edseo, revelando una sensaci\u00f3n \u00edntima ya reportada por los medios. Aqu\u00ed descubrir\u00e1s c\u00f3mo estas emociones se han expresado p\u00fablicamente y qu\u00e9 estrategias ha implementado la Primera Dama para preservar su intimidad en el coraz\u00f3n de la vida pol\u00edtica. En resumen: Brigitte Macron &#8230; <a title=\"Brigitte Macron revela sus momentos de profunda tristeza en el coraz\u00f3n del El\u00edseo\" class=\"read-more\" href=\"https:\/\/www.sebastien-auziere.fr\/blog\/es\/brigitte-macron-revela-sus-momentos-de-profunda-tristeza-en-el-corazon-del-eliseo\/\" aria-label=\"En savoir plus sur Brigitte Macron revela sus momentos de profunda tristeza en el coraz\u00f3n del El\u00edseo\">Lire plus<\/a><\/p>\n","protected":false},"author":9,"featured_media":3382,"comment_status":"open","ping_status":"open","sticky":false,"template":"","format":"standard","meta":{"footnotes":""},"categories":[820],"tags":[914,3348,4572,1896,4527],"class_list":["post-3386","post","type-post","status-publish","format-standard","has-post-thumbnail","hentry","category-actualidades-es","tag-brigitte-macron-es","tag-elysee-es","tag-momentos-de-tristeza-es","tag-primera-dama-es","tag-vida-personal-es"],"yoast_head":"<!-- This site is optimized with the Yoast SEO plugin v27.5 - https:\/\/yoast.com\/product\/yoast-seo-wordpress\/ -->\n<title>Brigitte Macron revela sus momentos de profunda tristeza en el coraz\u00f3n del El\u00edseo - Fan site S\u00e9bastien Auzi\u00e8re<\/title>\n<meta name=\"description\" content=\"Brigitte Macron d\u00e9voile ses instants de grande tristesse v\u00e9cus au c\u0153ur de l&#039;\u00c9lys\u00e9e, entre \u00e9motions et coulisses in\u00e9dites.\" \/>\n<meta name=\"robots\" content=\"index, follow, max-snippet:-1, max-image-preview:large, max-video-preview:-1\" \/>\n<link rel=\"canonical\" href=\"https:\/\/www.sebastien-auziere.fr\/blog\/es\/brigitte-macron-revela-sus-momentos-de-profunda-tristeza-en-el-corazon-del-eliseo\/\" \/>\n<meta property=\"og:locale\" content=\"fr_FR\" \/>\n<meta property=\"og:type\" content=\"article\" \/>\n<meta property=\"og:title\" content=\"Brigitte Macron revela sus momentos de profunda tristeza en el coraz\u00f3n del El\u00edseo - Fan site S\u00e9bastien Auzi\u00e8re\" \/>\n<meta property=\"og:description\" content=\"Brigitte Macron d\u00e9voile ses instants de grande tristesse v\u00e9cus au c\u0153ur de l&#039;\u00c9lys\u00e9e, entre \u00e9motions et coulisses in\u00e9dites.\" \/>\n<meta property=\"og:url\" content=\"https:\/\/www.sebastien-auziere.fr\/blog\/es\/brigitte-macron-revela-sus-momentos-de-profunda-tristeza-en-el-corazon-del-eliseo\/\" \/>\n<meta property=\"og:site_name\" content=\"Fan site S\u00e9bastien Auzi\u00e8re\" \/>\n<meta property=\"article:published_time\" content=\"2026-04-27T19:14:53+00:00\" \/>\n<meta property=\"article:modified_time\" content=\"2026-04-27T19:15:16+00:00\" \/>\n<meta property=\"og:image\" content=\"https:\/\/www.sebastien-auziere.fr\/blog\/wp-content\/uploads\/2026\/04\/Brigitte-Macron-revele-ses-moments-de-profonde-tristesse-au-coeur-de-lElysee.jpg\" \/>\n\t<meta property=\"og:image:width\" content=\"2560\" \/>\n\t<meta property=\"og:image:height\" content=\"1429\" \/>\n\t<meta property=\"og:image:type\" content=\"image\/jpeg\" \/>\n<meta name=\"author\" content=\"Chloe Gauthier\" \/>\n<meta name=\"twitter:card\" content=\"summary_large_image\" \/>\n<meta name=\"twitter:label1\" content=\"\u00c9crit par\" \/>\n\t<meta name=\"twitter:data1\" content=\"Chloe Gauthier\" \/>\n\t<meta name=\"twitter:label2\" content=\"Dur\u00e9e de lecture estim\u00e9e\" \/>\n\t<meta name=\"twitter:data2\" content=\"3 minutes\" \/>\n<script type=\"application\/ld+json\" class=\"yoast-schema-graph\">{\"@context\":\"https:\\\/\\\/schema.org\",\"@graph\":[{\"@type\":\"Article\",\"@id\":\"https:\\\/\\\/www.sebastien-auziere.fr\\\/blog\\\/es\\\/brigitte-macron-revela-sus-momentos-de-profunda-tristeza-en-el-corazon-del-eliseo\\\/#article\",\"isPartOf\":{\"@id\":\"https:\\\/\\\/www.sebastien-auziere.fr\\\/blog\\\/es\\\/brigitte-macron-revela-sus-momentos-de-profunda-tristeza-en-el-corazon-del-eliseo\\\/\"},\"author\":{\"name\":\"Chloe Gauthier\",\"@id\":\"https:\\\/\\\/www.sebastien-auziere.fr\\\/blog\\\/#\\\/schema\\\/person\\\/149f1acdbfd85149c6c3e59adeae2f4d\"},\"headline\":\"Brigitte Macron revela sus momentos de profunda tristeza en el coraz\u00f3n del El\u00edseo\",\"datePublished\":\"2026-04-27T19:14:53+00:00\",\"dateModified\":\"2026-04-27T19:15:16+00:00\",\"mainEntityOfPage\":{\"@id\":\"https:\\\/\\\/www.sebastien-auziere.fr\\\/blog\\\/es\\\/brigitte-macron-revela-sus-momentos-de-profunda-tristeza-en-el-corazon-del-eliseo\\\/\"},\"wordCount\":521,\"commentCount\":0,\"publisher\":{\"@id\":\"https:\\\/\\\/www.sebastien-auziere.fr\\\/blog\\\/#organization\"},\"image\":{\"@id\":\"https:\\\/\\\/www.sebastien-auziere.fr\\\/blog\\\/es\\\/brigitte-macron-revela-sus-momentos-de-profunda-tristeza-en-el-corazon-del-eliseo\\\/#primaryimage\"},\"thumbnailUrl\":\"https:\\\/\\\/www.sebastien-auziere.fr\\\/blog\\\/wp-content\\\/uploads\\\/2026\\\/04\\\/Brigitte-Macron-revele-ses-moments-de-profonde-tristesse-au-coeur-de-lElysee.jpg\",\"keywords\":[\"brigitte macron\",\"\u00e9lys\u00e9e\",\"momentos de tristeza\",\"primera dama\",\"vida personal\"],\"articleSection\":[\"Actualidades\"],\"inLanguage\":\"fr-FR\",\"potentialAction\":[{\"@type\":\"CommentAction\",\"name\":\"Comment\",\"target\":[\"https:\\\/\\\/www.sebastien-auziere.fr\\\/blog\\\/es\\\/brigitte-macron-revela-sus-momentos-de-profunda-tristeza-en-el-corazon-del-eliseo\\\/#respond\"]}]},{\"@type\":\"WebPage\",\"@id\":\"https:\\\/\\\/www.sebastien-auziere.fr\\\/blog\\\/es\\\/brigitte-macron-revela-sus-momentos-de-profunda-tristeza-en-el-corazon-del-eliseo\\\/\",\"url\":\"https:\\\/\\\/www.sebastien-auziere.fr\\\/blog\\\/es\\\/brigitte-macron-revela-sus-momentos-de-profunda-tristeza-en-el-corazon-del-eliseo\\\/\",\"name\":\"Brigitte Macron revela sus momentos de profunda tristeza en el coraz\u00f3n del El\u00edseo - Fan site S\u00e9bastien Auzi\u00e8re\",\"isPartOf\":{\"@id\":\"https:\\\/\\\/www.sebastien-auziere.fr\\\/blog\\\/#website\"},\"primaryImageOfPage\":{\"@id\":\"https:\\\/\\\/www.sebastien-auziere.fr\\\/blog\\\/es\\\/brigitte-macron-revela-sus-momentos-de-profunda-tristeza-en-el-corazon-del-eliseo\\\/#primaryimage\"},\"image\":{\"@id\":\"https:\\\/\\\/www.sebastien-auziere.fr\\\/blog\\\/es\\\/brigitte-macron-revela-sus-momentos-de-profunda-tristeza-en-el-corazon-del-eliseo\\\/#primaryimage\"},\"thumbnailUrl\":\"https:\\\/\\\/www.sebastien-auziere.fr\\\/blog\\\/wp-content\\\/uploads\\\/2026\\\/04\\\/Brigitte-Macron-revele-ses-moments-de-profonde-tristesse-au-coeur-de-lElysee.jpg\",\"datePublished\":\"2026-04-27T19:14:53+00:00\",\"dateModified\":\"2026-04-27T19:15:16+00:00\",\"description\":\"Brigitte Macron d\u00e9voile ses instants de grande tristesse v\u00e9cus au c\u0153ur de l'\u00c9lys\u00e9e, entre \u00e9motions et coulisses in\u00e9dites.\",\"breadcrumb\":{\"@id\":\"https:\\\/\\\/www.sebastien-auziere.fr\\\/blog\\\/es\\\/brigitte-macron-revela-sus-momentos-de-profunda-tristeza-en-el-corazon-del-eliseo\\\/#breadcrumb\"},\"inLanguage\":\"fr-FR\",\"potentialAction\":[{\"@type\":\"ReadAction\",\"target\":[\"https:\\\/\\\/www.sebastien-auziere.fr\\\/blog\\\/es\\\/brigitte-macron-revela-sus-momentos-de-profunda-tristeza-en-el-corazon-del-eliseo\\\/\"]}]},{\"@type\":\"ImageObject\",\"inLanguage\":\"fr-FR\",\"@id\":\"https:\\\/\\\/www.sebastien-auziere.fr\\\/blog\\\/es\\\/brigitte-macron-revela-sus-momentos-de-profunda-tristeza-en-el-corazon-del-eliseo\\\/#primaryimage\",\"url\":\"https:\\\/\\\/www.sebastien-auziere.fr\\\/blog\\\/wp-content\\\/uploads\\\/2026\\\/04\\\/Brigitte-Macron-revele-ses-moments-de-profonde-tristesse-au-coeur-de-lElysee.jpg\",\"contentUrl\":\"https:\\\/\\\/www.sebastien-auziere.fr\\\/blog\\\/wp-content\\\/uploads\\\/2026\\\/04\\\/Brigitte-Macron-revele-ses-moments-de-profonde-tristesse-au-coeur-de-lElysee.jpg\",\"width\":2560,\"height\":1429,\"caption\":\"d\u00e9couvrez les confidences in\u00e9dites de brigitte macron sur ses instants de grande tristesse v\u00e9cus au palais de l'\u00e9lys\u00e9e, plongeant au c\u0153ur de ses \u00e9motions personnelles.\"},{\"@type\":\"BreadcrumbList\",\"@id\":\"https:\\\/\\\/www.sebastien-auziere.fr\\\/blog\\\/es\\\/brigitte-macron-revela-sus-momentos-de-profunda-tristeza-en-el-corazon-del-eliseo\\\/#breadcrumb\",\"itemListElement\":[{\"@type\":\"ListItem\",\"position\":1,\"name\":\"Home\",\"item\":\"https:\\\/\\\/www.sebastien-auziere.fr\\\/blog\\\/\"},{\"@type\":\"ListItem\",\"position\":2,\"name\":\"Brigitte Macron revela sus momentos de profunda tristeza en el coraz\u00f3n del El\u00edseo\"}]},{\"@type\":\"WebSite\",\"@id\":\"https:\\\/\\\/www.sebastien-auziere.fr\\\/blog\\\/#website\",\"url\":\"https:\\\/\\\/www.sebastien-auziere.fr\\\/blog\\\/\",\"name\":\"Fan site S\u00e9bastien Auzi\u00e8re\",\"description\":\"M\u00e9dia g\u00e9n\u00e9raliste\",\"publisher\":{\"@id\":\"https:\\\/\\\/www.sebastien-auziere.fr\\\/blog\\\/#organization\"},\"potentialAction\":[{\"@type\":\"SearchAction\",\"target\":{\"@type\":\"EntryPoint\",\"urlTemplate\":\"https:\\\/\\\/www.sebastien-auziere.fr\\\/blog\\\/?s={search_term_string}\"},\"query-input\":{\"@type\":\"PropertyValueSpecification\",\"valueRequired\":true,\"valueName\":\"search_term_string\"}}],\"inLanguage\":\"fr-FR\"},{\"@type\":\"Organization\",\"@id\":\"https:\\\/\\\/www.sebastien-auziere.fr\\\/blog\\\/#organization\",\"name\":\"Fan site S\u00e9bastien Auzi\u00e8re\",\"url\":\"https:\\\/\\\/www.sebastien-auziere.fr\\\/blog\\\/\",\"logo\":{\"@type\":\"ImageObject\",\"inLanguage\":\"fr-FR\",\"@id\":\"https:\\\/\\\/www.sebastien-auziere.fr\\\/blog\\\/#\\\/schema\\\/logo\\\/image\\\/\",\"url\":\"https:\\\/\\\/www.sebastien-auziere.fr\\\/blog\\\/wp-content\\\/uploads\\\/2026\\\/03\\\/cropped-cropped-cropped-ChatGPT-Image-6-mars-2026-12_58_09-e1772798376794.jpg\",\"contentUrl\":\"https:\\\/\\\/www.sebastien-auziere.fr\\\/blog\\\/wp-content\\\/uploads\\\/2026\\\/03\\\/cropped-cropped-cropped-ChatGPT-Image-6-mars-2026-12_58_09-e1772798376794.jpg\",\"width\":512,\"height\":360,\"caption\":\"Fan site S\u00e9bastien Auzi\u00e8re\"},\"image\":{\"@id\":\"https:\\\/\\\/www.sebastien-auziere.fr\\\/blog\\\/#\\\/schema\\\/logo\\\/image\\\/\"}},{\"@type\":\"Person\",\"@id\":\"https:\\\/\\\/www.sebastien-auziere.fr\\\/blog\\\/#\\\/schema\\\/person\\\/149f1acdbfd85149c6c3e59adeae2f4d\",\"name\":\"Chloe Gauthier\",\"image\":{\"@type\":\"ImageObject\",\"inLanguage\":\"fr-FR\",\"@id\":\"https:\\\/\\\/secure.gravatar.com\\\/avatar\\\/2c5722f58171cff738a8985ef0dd66b476e563753246a49019befc837ec4201a?s=96&d=mm&r=g\",\"url\":\"https:\\\/\\\/secure.gravatar.com\\\/avatar\\\/2c5722f58171cff738a8985ef0dd66b476e563753246a49019befc837ec4201a?s=96&d=mm&r=g\",\"contentUrl\":\"https:\\\/\\\/secure.gravatar.com\\\/avatar\\\/2c5722f58171cff738a8985ef0dd66b476e563753246a49019befc837ec4201a?s=96&d=mm&r=g\",\"caption\":\"Chloe Gauthier\"},\"description\":\"Passionn\u00e9e par la politique et admiratrice engag\u00e9e de la famille Macron, je consacre mon \u00e9nergie \u00e0 suivre leurs initiatives et \u00e0 promouvoir leurs id\u00e9es. \u00c0 32 ans, je suis convaincue que leur vision est porteuse d'avenir.\",\"url\":\"https:\\\/\\\/www.sebastien-auziere.fr\\\/blog\\\/author\\\/chloe-gauthier\\\/\"}]}<\/script>\n<!-- \/ Yoast SEO plugin. -->","yoast_head_json":{"title":"Brigitte Macron revela sus momentos de profunda tristeza en el coraz\u00f3n del El\u00edseo - Fan site S\u00e9bastien Auzi\u00e8re","description":"Brigitte Macron d\u00e9voile ses instants de grande tristesse v\u00e9cus au c\u0153ur de l'\u00c9lys\u00e9e, entre \u00e9motions et coulisses in\u00e9dites.","robots":{"index":"index","follow":"follow","max-snippet":"max-snippet:-1","max-image-preview":"max-image-preview:large","max-video-preview":"max-video-preview:-1"},"canonical":"https:\/\/www.sebastien-auziere.fr\/blog\/es\/brigitte-macron-revela-sus-momentos-de-profunda-tristeza-en-el-corazon-del-eliseo\/","og_locale":"fr_FR","og_type":"article","og_title":"Brigitte Macron revela sus momentos de profunda tristeza en el coraz\u00f3n del El\u00edseo - Fan site S\u00e9bastien Auzi\u00e8re","og_description":"Brigitte Macron d\u00e9voile ses instants de grande tristesse v\u00e9cus au c\u0153ur de l'\u00c9lys\u00e9e, entre \u00e9motions et coulisses in\u00e9dites.","og_url":"https:\/\/www.sebastien-auziere.fr\/blog\/es\/brigitte-macron-revela-sus-momentos-de-profunda-tristeza-en-el-corazon-del-eliseo\/","og_site_name":"Fan site S\u00e9bastien Auzi\u00e8re","article_published_time":"2026-04-27T19:14:53+00:00","article_modified_time":"2026-04-27T19:15:16+00:00","og_image":[{"width":2560,"height":1429,"url":"https:\/\/www.sebastien-auziere.fr\/blog\/wp-content\/uploads\/2026\/04\/Brigitte-Macron-revele-ses-moments-de-profonde-tristesse-au-coeur-de-lElysee.jpg","type":"image\/jpeg"}],"author":"Chloe Gauthier","twitter_card":"summary_large_image","twitter_misc":{"\u00c9crit par":"Chloe Gauthier","Dur\u00e9e de lecture estim\u00e9e":"3 minutes"},"schema":{"@context":"https:\/\/schema.org","@graph":[{"@type":"Article","@id":"https:\/\/www.sebastien-auziere.fr\/blog\/es\/brigitte-macron-revela-sus-momentos-de-profunda-tristeza-en-el-corazon-del-eliseo\/#article","isPartOf":{"@id":"https:\/\/www.sebastien-auziere.fr\/blog\/es\/brigitte-macron-revela-sus-momentos-de-profunda-tristeza-en-el-corazon-del-eliseo\/"},"author":{"name":"Chloe Gauthier","@id":"https:\/\/www.sebastien-auziere.fr\/blog\/#\/schema\/person\/149f1acdbfd85149c6c3e59adeae2f4d"},"headline":"Brigitte Macron revela sus momentos de profunda tristeza en el coraz\u00f3n del El\u00edseo","datePublished":"2026-04-27T19:14:53+00:00","dateModified":"2026-04-27T19:15:16+00:00","mainEntityOfPage":{"@id":"https:\/\/www.sebastien-auziere.fr\/blog\/es\/brigitte-macron-revela-sus-momentos-de-profunda-tristeza-en-el-corazon-del-eliseo\/"},"wordCount":521,"commentCount":0,"publisher":{"@id":"https:\/\/www.sebastien-auziere.fr\/blog\/#organization"},"image":{"@id":"https:\/\/www.sebastien-auziere.fr\/blog\/es\/brigitte-macron-revela-sus-momentos-de-profunda-tristeza-en-el-corazon-del-eliseo\/#primaryimage"},"thumbnailUrl":"https:\/\/www.sebastien-auziere.fr\/blog\/wp-content\/uploads\/2026\/04\/Brigitte-Macron-revele-ses-moments-de-profonde-tristesse-au-coeur-de-lElysee.jpg","keywords":["brigitte macron","\u00e9lys\u00e9e","momentos de tristeza","primera dama","vida personal"],"articleSection":["Actualidades"],"inLanguage":"fr-FR","potentialAction":[{"@type":"CommentAction","name":"Comment","target":["https:\/\/www.sebastien-auziere.fr\/blog\/es\/brigitte-macron-revela-sus-momentos-de-profunda-tristeza-en-el-corazon-del-eliseo\/#respond"]}]},{"@type":"WebPage","@id":"https:\/\/www.sebastien-auziere.fr\/blog\/es\/brigitte-macron-revela-sus-momentos-de-profunda-tristeza-en-el-corazon-del-eliseo\/","url":"https:\/\/www.sebastien-auziere.fr\/blog\/es\/brigitte-macron-revela-sus-momentos-de-profunda-tristeza-en-el-corazon-del-eliseo\/","name":"Brigitte Macron revela sus momentos de profunda tristeza en el coraz\u00f3n del El\u00edseo - Fan site S\u00e9bastien Auzi\u00e8re","isPartOf":{"@id":"https:\/\/www.sebastien-auziere.fr\/blog\/#website"},"primaryImageOfPage":{"@id":"https:\/\/www.sebastien-auziere.fr\/blog\/es\/brigitte-macron-revela-sus-momentos-de-profunda-tristeza-en-el-corazon-del-eliseo\/#primaryimage"},"image":{"@id":"https:\/\/www.sebastien-auziere.fr\/blog\/es\/brigitte-macron-revela-sus-momentos-de-profunda-tristeza-en-el-corazon-del-eliseo\/#primaryimage"},"thumbnailUrl":"https:\/\/www.sebastien-auziere.fr\/blog\/wp-content\/uploads\/2026\/04\/Brigitte-Macron-revele-ses-moments-de-profonde-tristesse-au-coeur-de-lElysee.jpg","datePublished":"2026-04-27T19:14:53+00:00","dateModified":"2026-04-27T19:15:16+00:00","description":"Brigitte Macron d\u00e9voile ses instants de grande tristesse v\u00e9cus au c\u0153ur de l'\u00c9lys\u00e9e, entre \u00e9motions et coulisses in\u00e9dites.","breadcrumb":{"@id":"https:\/\/www.sebastien-auziere.fr\/blog\/es\/brigitte-macron-revela-sus-momentos-de-profunda-tristeza-en-el-corazon-del-eliseo\/#breadcrumb"},"inLanguage":"fr-FR","potentialAction":[{"@type":"ReadAction","target":["https:\/\/www.sebastien-auziere.fr\/blog\/es\/brigitte-macron-revela-sus-momentos-de-profunda-tristeza-en-el-corazon-del-eliseo\/"]}]},{"@type":"ImageObject","inLanguage":"fr-FR","@id":"https:\/\/www.sebastien-auziere.fr\/blog\/es\/brigitte-macron-revela-sus-momentos-de-profunda-tristeza-en-el-corazon-del-eliseo\/#primaryimage","url":"https:\/\/www.sebastien-auziere.fr\/blog\/wp-content\/uploads\/2026\/04\/Brigitte-Macron-revele-ses-moments-de-profonde-tristesse-au-coeur-de-lElysee.jpg","contentUrl":"https:\/\/www.sebastien-auziere.fr\/blog\/wp-content\/uploads\/2026\/04\/Brigitte-Macron-revele-ses-moments-de-profonde-tristesse-au-coeur-de-lElysee.jpg","width":2560,"height":1429,"caption":"d\u00e9couvrez les confidences in\u00e9dites de brigitte macron sur ses instants de grande tristesse v\u00e9cus au palais de l'\u00e9lys\u00e9e, plongeant au c\u0153ur de ses \u00e9motions personnelles."},{"@type":"BreadcrumbList","@id":"https:\/\/www.sebastien-auziere.fr\/blog\/es\/brigitte-macron-revela-sus-momentos-de-profunda-tristeza-en-el-corazon-del-eliseo\/#breadcrumb","itemListElement":[{"@type":"ListItem","position":1,"name":"Home","item":"https:\/\/www.sebastien-auziere.fr\/blog\/"},{"@type":"ListItem","position":2,"name":"Brigitte Macron revela sus momentos de profunda tristeza en el coraz\u00f3n del El\u00edseo"}]},{"@type":"WebSite","@id":"https:\/\/www.sebastien-auziere.fr\/blog\/#website","url":"https:\/\/www.sebastien-auziere.fr\/blog\/","name":"Fan site S\u00e9bastien Auzi\u00e8re","description":"M\u00e9dia g\u00e9n\u00e9raliste","publisher":{"@id":"https:\/\/www.sebastien-auziere.fr\/blog\/#organization"},"potentialAction":[{"@type":"SearchAction","target":{"@type":"EntryPoint","urlTemplate":"https:\/\/www.sebastien-auziere.fr\/blog\/?s={search_term_string}"},"query-input":{"@type":"PropertyValueSpecification","valueRequired":true,"valueName":"search_term_string"}}],"inLanguage":"fr-FR"},{"@type":"Organization","@id":"https:\/\/www.sebastien-auziere.fr\/blog\/#organization","name":"Fan site S\u00e9bastien Auzi\u00e8re","url":"https:\/\/www.sebastien-auziere.fr\/blog\/","logo":{"@type":"ImageObject","inLanguage":"fr-FR","@id":"https:\/\/www.sebastien-auziere.fr\/blog\/#\/schema\/logo\/image\/","url":"https:\/\/www.sebastien-auziere.fr\/blog\/wp-content\/uploads\/2026\/03\/cropped-cropped-cropped-ChatGPT-Image-6-mars-2026-12_58_09-e1772798376794.jpg","contentUrl":"https:\/\/www.sebastien-auziere.fr\/blog\/wp-content\/uploads\/2026\/03\/cropped-cropped-cropped-ChatGPT-Image-6-mars-2026-12_58_09-e1772798376794.jpg","width":512,"height":360,"caption":"Fan site S\u00e9bastien Auzi\u00e8re"},"image":{"@id":"https:\/\/www.sebastien-auziere.fr\/blog\/#\/schema\/logo\/image\/"}},{"@type":"Person","@id":"https:\/\/www.sebastien-auziere.fr\/blog\/#\/schema\/person\/149f1acdbfd85149c6c3e59adeae2f4d","name":"Chloe Gauthier","image":{"@type":"ImageObject","inLanguage":"fr-FR","@id":"https:\/\/secure.gravatar.com\/avatar\/2c5722f58171cff738a8985ef0dd66b476e563753246a49019befc837ec4201a?s=96&d=mm&r=g","url":"https:\/\/secure.gravatar.com\/avatar\/2c5722f58171cff738a8985ef0dd66b476e563753246a49019befc837ec4201a?s=96&d=mm&r=g","contentUrl":"https:\/\/secure.gravatar.com\/avatar\/2c5722f58171cff738a8985ef0dd66b476e563753246a49019befc837ec4201a?s=96&d=mm&r=g","caption":"Chloe Gauthier"},"description":"Passionn\u00e9e par la politique et admiratrice engag\u00e9e de la famille Macron, je consacre mon \u00e9nergie \u00e0 suivre leurs initiatives et \u00e0 promouvoir leurs id\u00e9es. \u00c0 32 ans, je suis convaincue que leur vision est porteuse d'avenir.","url":"https:\/\/www.sebastien-auziere.fr\/blog\/author\/chloe-gauthier\/"}]}},"views":0,"_links":{"self":[{"href":"https:\/\/www.sebastien-auziere.fr\/blog\/wp-json\/wp\/v2\/posts\/3386","targetHints":{"allow":["GET"]}}],"collection":[{"href":"https:\/\/www.sebastien-auziere.fr\/blog\/wp-json\/wp\/v2\/posts"}],"about":[{"href":"https:\/\/www.sebastien-auziere.fr\/blog\/wp-json\/wp\/v2\/types\/post"}],"author":[{"embeddable":true,"href":"https:\/\/www.sebastien-auziere.fr\/blog\/wp-json\/wp\/v2\/users\/9"}],"replies":[{"embeddable":true,"href":"https:\/\/www.sebastien-auziere.fr\/blog\/wp-json\/wp\/v2\/comments?post=3386"}],"version-history":[{"count":1,"href":"https:\/\/www.sebastien-auziere.fr\/blog\/wp-json\/wp\/v2\/posts\/3386\/revisions"}],"predecessor-version":[{"id":3387,"href":"https:\/\/www.sebastien-auziere.fr\/blog\/wp-json\/wp\/v2\/posts\/3386\/revisions\/3387"}],"wp:featuredmedia":[{"embeddable":true,"href":"https:\/\/www.sebastien-auziere.fr\/blog\/wp-json\/wp\/v2\/media\/3382"}],"wp:attachment":[{"href":"https:\/\/www.sebastien-auziere.fr\/blog\/wp-json\/wp\/v2\/media?parent=3386"}],"wp:term":[{"taxonomy":"category","embeddable":true,"href":"https:\/\/www.sebastien-auziere.fr\/blog\/wp-json\/wp\/v2\/categories?post=3386"},{"taxonomy":"post_tag","embeddable":true,"href":"https:\/\/www.sebastien-auziere.fr\/blog\/wp-json\/wp\/v2\/tags?post=3386"}],"curies":[{"name":"wp","href":"https:\/\/api.w.org\/{rel}","templated":true}]}}