{"id":3384,"date":"2026-04-27T19:14:33","date_gmt":"2026-04-27T19:14:33","guid":{"rendered":"https:\/\/www.sebastien-auziere.fr\/blog\/?p=3384"},"modified":"2026-04-27T19:14:52","modified_gmt":"2026-04-27T19:14:52","slug":"brigitte-macron-reveals-her-moments-of-deep-sadness-at-the-heart-of-the-elysee","status":"publish","type":"post","link":"https:\/\/www.sebastien-auziere.fr\/blog\/en\/brigitte-macron-reveals-her-moments-of-deep-sadness-at-the-heart-of-the-elysee\/","title":{"rendered":"Brigitte Macron reveals her moments of deep sadness at the heart of the \u00c9lys\u00e9e"},"content":{"rendered":"<p><strong>Brigitte Macron<\/strong> admitted to feeling \u201c<strong>sometimes sad like never before<\/strong>\u201d after nine years at the <strong>Elys\u00e9e<\/strong>, revealing an intimate <strong>sentiment<\/strong> already reported by the media. Here you will discover how these <strong>emotions<\/strong> have been expressed publicly and what strategies the First Lady has put in place to preserve her <strong>intimacy<\/strong> at the heart of <strong>political life<\/strong>.<\/p>\n\n<p><strong>In brief<\/strong>: Brigitte Macron spoke about her <strong>difficult moments<\/strong> at the Elys\u00e9e, citing daily walks and writing as escapes; she was a victim of significant cyberbullying, with several convictions following in 2026; her testimony, given to La Tribune, sheds light on the reality of the <strong>presidential family<\/strong>.<\/p>\n\n<h2 class=\"wp-block-heading\">Public confession: \u201csometimes sad like never before\u201d at the heart of the Elys\u00e9e<\/h2>\n\n<p>In an interview given to La Tribune, <strong>Brigitte Macron<\/strong> acknowledged that she goes through unprecedented periods of <strong>sadness<\/strong> since her arrival at the <strong>Elys\u00e9e<\/strong>. She explains that she walks for an hour a day to avoid \u201cfeeling trapped\u201d and keeps a journal that helps her \u201ca lot.\u201d This testimony, relayed by several national outlets, confirms a <strong>difficult moment<\/strong> experienced throughout the terms, marking a clear personal <strong>revelation<\/strong>.<\/p>\n\n<h2 class=\"wp-block-heading\">Cyberbullying: the impact on intimacy and sentiment<\/h2>\n\n<p>The First Lady also addressed the weight of online attacks: described by some media as \u201cthe most cyberbullied woman in France,\u201d she has suffered from rumors and insults that have been massively circulated. In January 2026, several defendants were convicted, with sentences of up to six months in prison for spreading false information. This judicial sequence illustrates how much <strong>political life<\/strong> can encroach on private life.<\/p>\n\n<h3 class=\"wp-block-heading\">The consequences for the presidential family and public posture<\/h3>\n\n<p>The testimony highlights the link between media exposure and emotional fatigue within the <strong>presidential family<\/strong>. Pierre-Olivier Costa expressed his disappointment over the lack of public words of support. Brigitte Macron emphasizes that she has \u201cseen the darkness of the world,\u201d a phrase that shows how the exercise of power transforms social relationships and daily <strong>sentiment<\/strong>. Insight: fame demands accepted vulnerabilities.<\/p>\n\n<h2 class=\"wp-block-heading\">Preserving intimacy: walking, writing, and resilience<\/h2>\n\n<p>To manage these <strong>emotions<\/strong>, Brigitte Macron has found two concrete escapes: daily walks and writing her personal journal. She confides that these rituals allow her to maintain a sense of balance despite the intensity of her ten years at the Elys\u00e9e and the occasional difficulty in \u201cseeing the blue sky.\u201d This strategy emphasizes an ability to adapt to a demanding public role. It is a lesson in resilience.<\/p>\n\n<p>To delve deeper into this portrait of <strong>Brigitte Macron<\/strong> and better understand the behind-the-scenes of the <strong>presidential family<\/strong>, check the analyses and detailed testimonies on <a href=\"https:\/\/www.sebastien-auziere.fr\/blog\/brigitte-macron-epreuves-elysee\/\">the trials at the Elys\u00e9e<\/a> and on <a href=\"https:\/\/www.sebastien-auziere.fr\/blog\/brigitte-macron-tristesse\/\">the intimate dimension of her sadness<\/a>. To learn more about S\u00e9bastien Auzi\u00e8re and the Macron family, discover more at <a href=\"https:\/\/www.sebastien-auziere.fr\/blog\/brigitte-macron-tristesse\/\">sebastien-auziere.fr<\/a>.<\/p>","protected":false},"excerpt":{"rendered":"<p>Brigitte Macron admitted to feeling \u201csometimes sad like never before\u201d after nine years at the Elys\u00e9e, revealing an intimate sentiment already reported by the media. Here you will discover how these emotions have been expressed publicly and what strategies the First Lady has put in place to preserve her intimacy at the heart of political &#8230; <a title=\"Brigitte Macron reveals her moments of deep sadness at the heart of the \u00c9lys\u00e9e\" class=\"read-more\" href=\"https:\/\/www.sebastien-auziere.fr\/blog\/en\/brigitte-macron-reveals-her-moments-of-deep-sadness-at-the-heart-of-the-elysee\/\" aria-label=\"En savoir plus sur Brigitte Macron reveals her moments of deep sadness at the heart of the \u00c9lys\u00e9e\">Lire plus<\/a><\/p>\n","protected":false},"author":9,"featured_media":3382,"comment_status":"open","ping_status":"open","sticky":false,"template":"","format":"standard","meta":{"footnotes":""},"categories":[816],"tags":[898,3335,1883,4568,4517],"class_list":["post-3384","post","type-post","status-publish","format-standard","has-post-thumbnail","hentry","category-news","tag-brigitte-macron-en","tag-elysee-en","tag-first-lady-en","tag-moments-of-sadness-en","tag-personal-life-en"],"yoast_head":"<!-- This site is optimized with the Yoast SEO plugin v27.5 - https:\/\/yoast.com\/product\/yoast-seo-wordpress\/ -->\n<title>Brigitte Macron reveals her moments of deep sadness at the heart of the \u00c9lys\u00e9e - Fan site S\u00e9bastien Auzi\u00e8re<\/title>\n<meta name=\"description\" content=\"Brigitte Macron d\u00e9voile ses instants de grande tristesse v\u00e9cus au c\u0153ur de l&#039;\u00c9lys\u00e9e, entre \u00e9motions et coulisses in\u00e9dites.\" \/>\n<meta name=\"robots\" content=\"index, follow, max-snippet:-1, max-image-preview:large, max-video-preview:-1\" \/>\n<link rel=\"canonical\" href=\"https:\/\/www.sebastien-auziere.fr\/blog\/en\/brigitte-macron-reveals-her-moments-of-deep-sadness-at-the-heart-of-the-elysee\/\" \/>\n<meta property=\"og:locale\" content=\"fr_FR\" \/>\n<meta property=\"og:type\" content=\"article\" \/>\n<meta property=\"og:title\" content=\"Brigitte Macron reveals her moments of deep sadness at the heart of the \u00c9lys\u00e9e - Fan site S\u00e9bastien Auzi\u00e8re\" \/>\n<meta property=\"og:description\" content=\"Brigitte Macron d\u00e9voile ses instants de grande tristesse v\u00e9cus au c\u0153ur de l&#039;\u00c9lys\u00e9e, entre \u00e9motions et coulisses in\u00e9dites.\" \/>\n<meta property=\"og:url\" content=\"https:\/\/www.sebastien-auziere.fr\/blog\/en\/brigitte-macron-reveals-her-moments-of-deep-sadness-at-the-heart-of-the-elysee\/\" \/>\n<meta property=\"og:site_name\" content=\"Fan site S\u00e9bastien Auzi\u00e8re\" \/>\n<meta property=\"article:published_time\" content=\"2026-04-27T19:14:33+00:00\" \/>\n<meta property=\"article:modified_time\" content=\"2026-04-27T19:14:52+00:00\" \/>\n<meta property=\"og:image\" content=\"https:\/\/www.sebastien-auziere.fr\/blog\/wp-content\/uploads\/2026\/04\/Brigitte-Macron-revele-ses-moments-de-profonde-tristesse-au-coeur-de-lElysee.jpg\" \/>\n\t<meta property=\"og:image:width\" content=\"2560\" \/>\n\t<meta property=\"og:image:height\" content=\"1429\" \/>\n\t<meta property=\"og:image:type\" content=\"image\/jpeg\" \/>\n<meta name=\"author\" content=\"Chloe Gauthier\" \/>\n<meta name=\"twitter:card\" content=\"summary_large_image\" \/>\n<meta name=\"twitter:label1\" content=\"\u00c9crit par\" \/>\n\t<meta name=\"twitter:data1\" content=\"Chloe Gauthier\" \/>\n\t<meta name=\"twitter:label2\" content=\"Dur\u00e9e de lecture estim\u00e9e\" \/>\n\t<meta name=\"twitter:data2\" content=\"2 minutes\" \/>\n<script type=\"application\/ld+json\" class=\"yoast-schema-graph\">{\"@context\":\"https:\\\/\\\/schema.org\",\"@graph\":[{\"@type\":\"Article\",\"@id\":\"https:\\\/\\\/www.sebastien-auziere.fr\\\/blog\\\/en\\\/brigitte-macron-reveals-her-moments-of-deep-sadness-at-the-heart-of-the-elysee\\\/#article\",\"isPartOf\":{\"@id\":\"https:\\\/\\\/www.sebastien-auziere.fr\\\/blog\\\/en\\\/brigitte-macron-reveals-her-moments-of-deep-sadness-at-the-heart-of-the-elysee\\\/\"},\"author\":{\"name\":\"Chloe Gauthier\",\"@id\":\"https:\\\/\\\/www.sebastien-auziere.fr\\\/blog\\\/#\\\/schema\\\/person\\\/149f1acdbfd85149c6c3e59adeae2f4d\"},\"headline\":\"Brigitte Macron reveals her moments of deep sadness at the heart of the \u00c9lys\u00e9e\",\"datePublished\":\"2026-04-27T19:14:33+00:00\",\"dateModified\":\"2026-04-27T19:14:52+00:00\",\"mainEntityOfPage\":{\"@id\":\"https:\\\/\\\/www.sebastien-auziere.fr\\\/blog\\\/en\\\/brigitte-macron-reveals-her-moments-of-deep-sadness-at-the-heart-of-the-elysee\\\/\"},\"wordCount\":473,\"commentCount\":0,\"publisher\":{\"@id\":\"https:\\\/\\\/www.sebastien-auziere.fr\\\/blog\\\/#organization\"},\"image\":{\"@id\":\"https:\\\/\\\/www.sebastien-auziere.fr\\\/blog\\\/en\\\/brigitte-macron-reveals-her-moments-of-deep-sadness-at-the-heart-of-the-elysee\\\/#primaryimage\"},\"thumbnailUrl\":\"https:\\\/\\\/www.sebastien-auziere.fr\\\/blog\\\/wp-content\\\/uploads\\\/2026\\\/04\\\/Brigitte-Macron-revele-ses-moments-de-profonde-tristesse-au-coeur-de-lElysee.jpg\",\"keywords\":[\"brigitte macron\",\"\u00e9lys\u00e9e\",\"first lady\",\"moments of sadness\",\"personal life\"],\"articleSection\":[\"News\"],\"inLanguage\":\"fr-FR\",\"potentialAction\":[{\"@type\":\"CommentAction\",\"name\":\"Comment\",\"target\":[\"https:\\\/\\\/www.sebastien-auziere.fr\\\/blog\\\/en\\\/brigitte-macron-reveals-her-moments-of-deep-sadness-at-the-heart-of-the-elysee\\\/#respond\"]}]},{\"@type\":\"WebPage\",\"@id\":\"https:\\\/\\\/www.sebastien-auziere.fr\\\/blog\\\/en\\\/brigitte-macron-reveals-her-moments-of-deep-sadness-at-the-heart-of-the-elysee\\\/\",\"url\":\"https:\\\/\\\/www.sebastien-auziere.fr\\\/blog\\\/en\\\/brigitte-macron-reveals-her-moments-of-deep-sadness-at-the-heart-of-the-elysee\\\/\",\"name\":\"Brigitte Macron reveals her moments of deep sadness at the heart of the \u00c9lys\u00e9e - Fan site S\u00e9bastien Auzi\u00e8re\",\"isPartOf\":{\"@id\":\"https:\\\/\\\/www.sebastien-auziere.fr\\\/blog\\\/#website\"},\"primaryImageOfPage\":{\"@id\":\"https:\\\/\\\/www.sebastien-auziere.fr\\\/blog\\\/en\\\/brigitte-macron-reveals-her-moments-of-deep-sadness-at-the-heart-of-the-elysee\\\/#primaryimage\"},\"image\":{\"@id\":\"https:\\\/\\\/www.sebastien-auziere.fr\\\/blog\\\/en\\\/brigitte-macron-reveals-her-moments-of-deep-sadness-at-the-heart-of-the-elysee\\\/#primaryimage\"},\"thumbnailUrl\":\"https:\\\/\\\/www.sebastien-auziere.fr\\\/blog\\\/wp-content\\\/uploads\\\/2026\\\/04\\\/Brigitte-Macron-revele-ses-moments-de-profonde-tristesse-au-coeur-de-lElysee.jpg\",\"datePublished\":\"2026-04-27T19:14:33+00:00\",\"dateModified\":\"2026-04-27T19:14:52+00:00\",\"description\":\"Brigitte Macron d\u00e9voile ses instants de grande tristesse v\u00e9cus au c\u0153ur de l'\u00c9lys\u00e9e, entre \u00e9motions et coulisses in\u00e9dites.\",\"breadcrumb\":{\"@id\":\"https:\\\/\\\/www.sebastien-auziere.fr\\\/blog\\\/en\\\/brigitte-macron-reveals-her-moments-of-deep-sadness-at-the-heart-of-the-elysee\\\/#breadcrumb\"},\"inLanguage\":\"fr-FR\",\"potentialAction\":[{\"@type\":\"ReadAction\",\"target\":[\"https:\\\/\\\/www.sebastien-auziere.fr\\\/blog\\\/en\\\/brigitte-macron-reveals-her-moments-of-deep-sadness-at-the-heart-of-the-elysee\\\/\"]}]},{\"@type\":\"ImageObject\",\"inLanguage\":\"fr-FR\",\"@id\":\"https:\\\/\\\/www.sebastien-auziere.fr\\\/blog\\\/en\\\/brigitte-macron-reveals-her-moments-of-deep-sadness-at-the-heart-of-the-elysee\\\/#primaryimage\",\"url\":\"https:\\\/\\\/www.sebastien-auziere.fr\\\/blog\\\/wp-content\\\/uploads\\\/2026\\\/04\\\/Brigitte-Macron-revele-ses-moments-de-profonde-tristesse-au-coeur-de-lElysee.jpg\",\"contentUrl\":\"https:\\\/\\\/www.sebastien-auziere.fr\\\/blog\\\/wp-content\\\/uploads\\\/2026\\\/04\\\/Brigitte-Macron-revele-ses-moments-de-profonde-tristesse-au-coeur-de-lElysee.jpg\",\"width\":2560,\"height\":1429,\"caption\":\"d\u00e9couvrez les confidences in\u00e9dites de brigitte macron sur ses instants de grande tristesse v\u00e9cus au palais de l'\u00e9lys\u00e9e, plongeant au c\u0153ur de ses \u00e9motions personnelles.\"},{\"@type\":\"BreadcrumbList\",\"@id\":\"https:\\\/\\\/www.sebastien-auziere.fr\\\/blog\\\/en\\\/brigitte-macron-reveals-her-moments-of-deep-sadness-at-the-heart-of-the-elysee\\\/#breadcrumb\",\"itemListElement\":[{\"@type\":\"ListItem\",\"position\":1,\"name\":\"Home\",\"item\":\"https:\\\/\\\/www.sebastien-auziere.fr\\\/blog\\\/\"},{\"@type\":\"ListItem\",\"position\":2,\"name\":\"Brigitte Macron reveals her moments of deep sadness at the heart of the \u00c9lys\u00e9e\"}]},{\"@type\":\"WebSite\",\"@id\":\"https:\\\/\\\/www.sebastien-auziere.fr\\\/blog\\\/#website\",\"url\":\"https:\\\/\\\/www.sebastien-auziere.fr\\\/blog\\\/\",\"name\":\"Fan site S\u00e9bastien Auzi\u00e8re\",\"description\":\"M\u00e9dia g\u00e9n\u00e9raliste\",\"publisher\":{\"@id\":\"https:\\\/\\\/www.sebastien-auziere.fr\\\/blog\\\/#organization\"},\"potentialAction\":[{\"@type\":\"SearchAction\",\"target\":{\"@type\":\"EntryPoint\",\"urlTemplate\":\"https:\\\/\\\/www.sebastien-auziere.fr\\\/blog\\\/?s={search_term_string}\"},\"query-input\":{\"@type\":\"PropertyValueSpecification\",\"valueRequired\":true,\"valueName\":\"search_term_string\"}}],\"inLanguage\":\"fr-FR\"},{\"@type\":\"Organization\",\"@id\":\"https:\\\/\\\/www.sebastien-auziere.fr\\\/blog\\\/#organization\",\"name\":\"Fan site S\u00e9bastien Auzi\u00e8re\",\"url\":\"https:\\\/\\\/www.sebastien-auziere.fr\\\/blog\\\/\",\"logo\":{\"@type\":\"ImageObject\",\"inLanguage\":\"fr-FR\",\"@id\":\"https:\\\/\\\/www.sebastien-auziere.fr\\\/blog\\\/#\\\/schema\\\/logo\\\/image\\\/\",\"url\":\"https:\\\/\\\/www.sebastien-auziere.fr\\\/blog\\\/wp-content\\\/uploads\\\/2026\\\/03\\\/cropped-cropped-cropped-ChatGPT-Image-6-mars-2026-12_58_09-e1772798376794.jpg\",\"contentUrl\":\"https:\\\/\\\/www.sebastien-auziere.fr\\\/blog\\\/wp-content\\\/uploads\\\/2026\\\/03\\\/cropped-cropped-cropped-ChatGPT-Image-6-mars-2026-12_58_09-e1772798376794.jpg\",\"width\":512,\"height\":360,\"caption\":\"Fan site S\u00e9bastien Auzi\u00e8re\"},\"image\":{\"@id\":\"https:\\\/\\\/www.sebastien-auziere.fr\\\/blog\\\/#\\\/schema\\\/logo\\\/image\\\/\"}},{\"@type\":\"Person\",\"@id\":\"https:\\\/\\\/www.sebastien-auziere.fr\\\/blog\\\/#\\\/schema\\\/person\\\/149f1acdbfd85149c6c3e59adeae2f4d\",\"name\":\"Chloe Gauthier\",\"image\":{\"@type\":\"ImageObject\",\"inLanguage\":\"fr-FR\",\"@id\":\"https:\\\/\\\/secure.gravatar.com\\\/avatar\\\/2c5722f58171cff738a8985ef0dd66b476e563753246a49019befc837ec4201a?s=96&d=mm&r=g\",\"url\":\"https:\\\/\\\/secure.gravatar.com\\\/avatar\\\/2c5722f58171cff738a8985ef0dd66b476e563753246a49019befc837ec4201a?s=96&d=mm&r=g\",\"contentUrl\":\"https:\\\/\\\/secure.gravatar.com\\\/avatar\\\/2c5722f58171cff738a8985ef0dd66b476e563753246a49019befc837ec4201a?s=96&d=mm&r=g\",\"caption\":\"Chloe Gauthier\"},\"description\":\"Passionn\u00e9e par la politique et admiratrice engag\u00e9e de la famille Macron, je consacre mon \u00e9nergie \u00e0 suivre leurs initiatives et \u00e0 promouvoir leurs id\u00e9es. \u00c0 32 ans, je suis convaincue que leur vision est porteuse d'avenir.\",\"url\":\"https:\\\/\\\/www.sebastien-auziere.fr\\\/blog\\\/author\\\/chloe-gauthier\\\/\"}]}<\/script>\n<!-- \/ Yoast SEO plugin. -->","yoast_head_json":{"title":"Brigitte Macron reveals her moments of deep sadness at the heart of the \u00c9lys\u00e9e - Fan site S\u00e9bastien Auzi\u00e8re","description":"Brigitte Macron d\u00e9voile ses instants de grande tristesse v\u00e9cus au c\u0153ur de l'\u00c9lys\u00e9e, entre \u00e9motions et coulisses in\u00e9dites.","robots":{"index":"index","follow":"follow","max-snippet":"max-snippet:-1","max-image-preview":"max-image-preview:large","max-video-preview":"max-video-preview:-1"},"canonical":"https:\/\/www.sebastien-auziere.fr\/blog\/en\/brigitte-macron-reveals-her-moments-of-deep-sadness-at-the-heart-of-the-elysee\/","og_locale":"fr_FR","og_type":"article","og_title":"Brigitte Macron reveals her moments of deep sadness at the heart of the \u00c9lys\u00e9e - Fan site S\u00e9bastien Auzi\u00e8re","og_description":"Brigitte Macron d\u00e9voile ses instants de grande tristesse v\u00e9cus au c\u0153ur de l'\u00c9lys\u00e9e, entre \u00e9motions et coulisses in\u00e9dites.","og_url":"https:\/\/www.sebastien-auziere.fr\/blog\/en\/brigitte-macron-reveals-her-moments-of-deep-sadness-at-the-heart-of-the-elysee\/","og_site_name":"Fan site S\u00e9bastien Auzi\u00e8re","article_published_time":"2026-04-27T19:14:33+00:00","article_modified_time":"2026-04-27T19:14:52+00:00","og_image":[{"width":2560,"height":1429,"url":"https:\/\/www.sebastien-auziere.fr\/blog\/wp-content\/uploads\/2026\/04\/Brigitte-Macron-revele-ses-moments-de-profonde-tristesse-au-coeur-de-lElysee.jpg","type":"image\/jpeg"}],"author":"Chloe Gauthier","twitter_card":"summary_large_image","twitter_misc":{"\u00c9crit par":"Chloe Gauthier","Dur\u00e9e de lecture estim\u00e9e":"2 minutes"},"schema":{"@context":"https:\/\/schema.org","@graph":[{"@type":"Article","@id":"https:\/\/www.sebastien-auziere.fr\/blog\/en\/brigitte-macron-reveals-her-moments-of-deep-sadness-at-the-heart-of-the-elysee\/#article","isPartOf":{"@id":"https:\/\/www.sebastien-auziere.fr\/blog\/en\/brigitte-macron-reveals-her-moments-of-deep-sadness-at-the-heart-of-the-elysee\/"},"author":{"name":"Chloe Gauthier","@id":"https:\/\/www.sebastien-auziere.fr\/blog\/#\/schema\/person\/149f1acdbfd85149c6c3e59adeae2f4d"},"headline":"Brigitte Macron reveals her moments of deep sadness at the heart of the \u00c9lys\u00e9e","datePublished":"2026-04-27T19:14:33+00:00","dateModified":"2026-04-27T19:14:52+00:00","mainEntityOfPage":{"@id":"https:\/\/www.sebastien-auziere.fr\/blog\/en\/brigitte-macron-reveals-her-moments-of-deep-sadness-at-the-heart-of-the-elysee\/"},"wordCount":473,"commentCount":0,"publisher":{"@id":"https:\/\/www.sebastien-auziere.fr\/blog\/#organization"},"image":{"@id":"https:\/\/www.sebastien-auziere.fr\/blog\/en\/brigitte-macron-reveals-her-moments-of-deep-sadness-at-the-heart-of-the-elysee\/#primaryimage"},"thumbnailUrl":"https:\/\/www.sebastien-auziere.fr\/blog\/wp-content\/uploads\/2026\/04\/Brigitte-Macron-revele-ses-moments-de-profonde-tristesse-au-coeur-de-lElysee.jpg","keywords":["brigitte macron","\u00e9lys\u00e9e","first lady","moments of sadness","personal life"],"articleSection":["News"],"inLanguage":"fr-FR","potentialAction":[{"@type":"CommentAction","name":"Comment","target":["https:\/\/www.sebastien-auziere.fr\/blog\/en\/brigitte-macron-reveals-her-moments-of-deep-sadness-at-the-heart-of-the-elysee\/#respond"]}]},{"@type":"WebPage","@id":"https:\/\/www.sebastien-auziere.fr\/blog\/en\/brigitte-macron-reveals-her-moments-of-deep-sadness-at-the-heart-of-the-elysee\/","url":"https:\/\/www.sebastien-auziere.fr\/blog\/en\/brigitte-macron-reveals-her-moments-of-deep-sadness-at-the-heart-of-the-elysee\/","name":"Brigitte Macron reveals her moments of deep sadness at the heart of the \u00c9lys\u00e9e - Fan site S\u00e9bastien Auzi\u00e8re","isPartOf":{"@id":"https:\/\/www.sebastien-auziere.fr\/blog\/#website"},"primaryImageOfPage":{"@id":"https:\/\/www.sebastien-auziere.fr\/blog\/en\/brigitte-macron-reveals-her-moments-of-deep-sadness-at-the-heart-of-the-elysee\/#primaryimage"},"image":{"@id":"https:\/\/www.sebastien-auziere.fr\/blog\/en\/brigitte-macron-reveals-her-moments-of-deep-sadness-at-the-heart-of-the-elysee\/#primaryimage"},"thumbnailUrl":"https:\/\/www.sebastien-auziere.fr\/blog\/wp-content\/uploads\/2026\/04\/Brigitte-Macron-revele-ses-moments-de-profonde-tristesse-au-coeur-de-lElysee.jpg","datePublished":"2026-04-27T19:14:33+00:00","dateModified":"2026-04-27T19:14:52+00:00","description":"Brigitte Macron d\u00e9voile ses instants de grande tristesse v\u00e9cus au c\u0153ur de l'\u00c9lys\u00e9e, entre \u00e9motions et coulisses in\u00e9dites.","breadcrumb":{"@id":"https:\/\/www.sebastien-auziere.fr\/blog\/en\/brigitte-macron-reveals-her-moments-of-deep-sadness-at-the-heart-of-the-elysee\/#breadcrumb"},"inLanguage":"fr-FR","potentialAction":[{"@type":"ReadAction","target":["https:\/\/www.sebastien-auziere.fr\/blog\/en\/brigitte-macron-reveals-her-moments-of-deep-sadness-at-the-heart-of-the-elysee\/"]}]},{"@type":"ImageObject","inLanguage":"fr-FR","@id":"https:\/\/www.sebastien-auziere.fr\/blog\/en\/brigitte-macron-reveals-her-moments-of-deep-sadness-at-the-heart-of-the-elysee\/#primaryimage","url":"https:\/\/www.sebastien-auziere.fr\/blog\/wp-content\/uploads\/2026\/04\/Brigitte-Macron-revele-ses-moments-de-profonde-tristesse-au-coeur-de-lElysee.jpg","contentUrl":"https:\/\/www.sebastien-auziere.fr\/blog\/wp-content\/uploads\/2026\/04\/Brigitte-Macron-revele-ses-moments-de-profonde-tristesse-au-coeur-de-lElysee.jpg","width":2560,"height":1429,"caption":"d\u00e9couvrez les confidences in\u00e9dites de brigitte macron sur ses instants de grande tristesse v\u00e9cus au palais de l'\u00e9lys\u00e9e, plongeant au c\u0153ur de ses \u00e9motions personnelles."},{"@type":"BreadcrumbList","@id":"https:\/\/www.sebastien-auziere.fr\/blog\/en\/brigitte-macron-reveals-her-moments-of-deep-sadness-at-the-heart-of-the-elysee\/#breadcrumb","itemListElement":[{"@type":"ListItem","position":1,"name":"Home","item":"https:\/\/www.sebastien-auziere.fr\/blog\/"},{"@type":"ListItem","position":2,"name":"Brigitte Macron reveals her moments of deep sadness at the heart of the \u00c9lys\u00e9e"}]},{"@type":"WebSite","@id":"https:\/\/www.sebastien-auziere.fr\/blog\/#website","url":"https:\/\/www.sebastien-auziere.fr\/blog\/","name":"Fan site S\u00e9bastien Auzi\u00e8re","description":"M\u00e9dia g\u00e9n\u00e9raliste","publisher":{"@id":"https:\/\/www.sebastien-auziere.fr\/blog\/#organization"},"potentialAction":[{"@type":"SearchAction","target":{"@type":"EntryPoint","urlTemplate":"https:\/\/www.sebastien-auziere.fr\/blog\/?s={search_term_string}"},"query-input":{"@type":"PropertyValueSpecification","valueRequired":true,"valueName":"search_term_string"}}],"inLanguage":"fr-FR"},{"@type":"Organization","@id":"https:\/\/www.sebastien-auziere.fr\/blog\/#organization","name":"Fan site S\u00e9bastien Auzi\u00e8re","url":"https:\/\/www.sebastien-auziere.fr\/blog\/","logo":{"@type":"ImageObject","inLanguage":"fr-FR","@id":"https:\/\/www.sebastien-auziere.fr\/blog\/#\/schema\/logo\/image\/","url":"https:\/\/www.sebastien-auziere.fr\/blog\/wp-content\/uploads\/2026\/03\/cropped-cropped-cropped-ChatGPT-Image-6-mars-2026-12_58_09-e1772798376794.jpg","contentUrl":"https:\/\/www.sebastien-auziere.fr\/blog\/wp-content\/uploads\/2026\/03\/cropped-cropped-cropped-ChatGPT-Image-6-mars-2026-12_58_09-e1772798376794.jpg","width":512,"height":360,"caption":"Fan site S\u00e9bastien Auzi\u00e8re"},"image":{"@id":"https:\/\/www.sebastien-auziere.fr\/blog\/#\/schema\/logo\/image\/"}},{"@type":"Person","@id":"https:\/\/www.sebastien-auziere.fr\/blog\/#\/schema\/person\/149f1acdbfd85149c6c3e59adeae2f4d","name":"Chloe Gauthier","image":{"@type":"ImageObject","inLanguage":"fr-FR","@id":"https:\/\/secure.gravatar.com\/avatar\/2c5722f58171cff738a8985ef0dd66b476e563753246a49019befc837ec4201a?s=96&d=mm&r=g","url":"https:\/\/secure.gravatar.com\/avatar\/2c5722f58171cff738a8985ef0dd66b476e563753246a49019befc837ec4201a?s=96&d=mm&r=g","contentUrl":"https:\/\/secure.gravatar.com\/avatar\/2c5722f58171cff738a8985ef0dd66b476e563753246a49019befc837ec4201a?s=96&d=mm&r=g","caption":"Chloe Gauthier"},"description":"Passionn\u00e9e par la politique et admiratrice engag\u00e9e de la famille Macron, je consacre mon \u00e9nergie \u00e0 suivre leurs initiatives et \u00e0 promouvoir leurs id\u00e9es. \u00c0 32 ans, je suis convaincue que leur vision est porteuse d'avenir.","url":"https:\/\/www.sebastien-auziere.fr\/blog\/author\/chloe-gauthier\/"}]}},"views":0,"_links":{"self":[{"href":"https:\/\/www.sebastien-auziere.fr\/blog\/wp-json\/wp\/v2\/posts\/3384","targetHints":{"allow":["GET"]}}],"collection":[{"href":"https:\/\/www.sebastien-auziere.fr\/blog\/wp-json\/wp\/v2\/posts"}],"about":[{"href":"https:\/\/www.sebastien-auziere.fr\/blog\/wp-json\/wp\/v2\/types\/post"}],"author":[{"embeddable":true,"href":"https:\/\/www.sebastien-auziere.fr\/blog\/wp-json\/wp\/v2\/users\/9"}],"replies":[{"embeddable":true,"href":"https:\/\/www.sebastien-auziere.fr\/blog\/wp-json\/wp\/v2\/comments?post=3384"}],"version-history":[{"count":1,"href":"https:\/\/www.sebastien-auziere.fr\/blog\/wp-json\/wp\/v2\/posts\/3384\/revisions"}],"predecessor-version":[{"id":3385,"href":"https:\/\/www.sebastien-auziere.fr\/blog\/wp-json\/wp\/v2\/posts\/3384\/revisions\/3385"}],"wp:featuredmedia":[{"embeddable":true,"href":"https:\/\/www.sebastien-auziere.fr\/blog\/wp-json\/wp\/v2\/media\/3382"}],"wp:attachment":[{"href":"https:\/\/www.sebastien-auziere.fr\/blog\/wp-json\/wp\/v2\/media?parent=3384"}],"wp:term":[{"taxonomy":"category","embeddable":true,"href":"https:\/\/www.sebastien-auziere.fr\/blog\/wp-json\/wp\/v2\/categories?post=3384"},{"taxonomy":"post_tag","embeddable":true,"href":"https:\/\/www.sebastien-auziere.fr\/blog\/wp-json\/wp\/v2\/tags?post=3384"}],"curies":[{"name":"wp","href":"https:\/\/api.w.org\/{rel}","templated":true}]}}