{"id":3383,"date":"2026-04-27T19:14:31","date_gmt":"2026-04-27T19:14:31","guid":{"rendered":"https:\/\/www.sebastien-auziere.fr\/blog\/brigitte-macron-tristesse-elysee\/"},"modified":"2026-04-27T19:14:31","modified_gmt":"2026-04-27T19:14:31","slug":"brigitte-macron-tristesse-elysee","status":"publish","type":"post","link":"https:\/\/www.sebastien-auziere.fr\/blog\/brigitte-macron-tristesse-elysee\/","title":{"rendered":"Brigitte Macron r\u00e9v\u00e8le ses moments de profonde tristesse au c\u0153ur de l&rsquo;\u00c9lys\u00e9e"},"content":{"rendered":"<p><strong>Brigitte Macron<\/strong> a admis \u00eatre \u00ab<strong>parfois triste comme jamais<\/strong>\u00bb apr\u00e8s neuf ann\u00e9es \u00e0 l&rsquo;<strong>\u00c9lys\u00e9e<\/strong>, r\u00e9v\u00e9lant un <strong>ressenti<\/strong> intime d\u00e9j\u00e0 rapport\u00e9 par les m\u00e9dias. Tu d\u00e9couvriras ici comment ces <strong>\u00e9motions<\/strong> se sont exprim\u00e9es publiquement et quelles strat\u00e9gies la Premi\u00e8re dame a mises en place pour pr\u00e9server son <strong>intimit\u00e9<\/strong> au c\u0153ur de la <strong>vie politique<\/strong>.<\/p>\n\n<p><strong>En bref<\/strong> : Brigitte Macron a parl\u00e9 de ses <strong>moments difficiles<\/strong> \u00e0 l&rsquo;\u00c9lys\u00e9e, citant la marche quotidienne et l&rsquo;\u00e9criture comme \u00e9chappatoires; elle a \u00e9t\u00e9 victime d&rsquo;un important cyberharc\u00e8lement, plusieurs condamnations ont suivi en 2026; son t\u00e9moignage, donn\u00e9 \u00e0 La Tribune, \u00e9claire la r\u00e9alit\u00e9 de la <strong>famille pr\u00e9sidentielle<\/strong>.<\/p>\n\n<h2 class=\"wp-block-heading\">Confession publique : \u00ab parfois triste comme jamais \u00bb au c\u0153ur de l&rsquo;\u00c9lys\u00e9e<\/h2>\n\n<p>Dans une interview donn\u00e9e \u00e0 La Tribune, <strong>Brigitte Macron<\/strong> a reconnu qu&rsquo;elle traverse des p\u00e9riodes de <strong>tristesse<\/strong> in\u00e9dites depuis son installation \u00e0 l&rsquo;<strong>\u00c9lys\u00e9e<\/strong>. Elle explique marcher une heure par jour pour ne pas \u00ab se sentir enferm\u00e9e \u00bb et tenir un journal qui l&rsquo;aide \u00ab beaucoup \u00bb. Ce t\u00e9moignage, relay\u00e9 par plusieurs titres nationaux, confirme un <strong>moment difficile<\/strong> v\u00e9cu au fil des mandats, et marque une <strong>r\u00e9v\u00e9lation<\/strong> personnelle claire.<\/p>\n\n<h2 class=\"wp-block-heading\">Cyberharc\u00e8lement : l&rsquo;impact sur l&rsquo;intimit\u00e9 et le ressenti<\/h2>\n\n<p>La Premi\u00e8re dame a aussi \u00e9voqu\u00e9 le poids des attaques en ligne : qualifi\u00e9e par certains m\u00e9dias comme \u00ab la femme la plus cyberharcel\u00e9e de France \u00bb, elle a subi des rumeurs et des insultes relay\u00e9es massivement. En janvier 2026, plusieurs pr\u00e9venus ont \u00e9t\u00e9 condamn\u00e9s, avec des peines allant jusqu&rsquo;\u00e0 six mois de prison ferme pour diffusion de fausses informations. Cette s\u00e9quence judiciaire illustre combien la <strong>vie politique<\/strong> peut empi\u00e9ter sur la vie priv\u00e9e.<\/p>\n\n<h3 class=\"wp-block-heading\">Les cons\u00e9quences sur la famille pr\u00e9sidentielle et la posture publique<\/h3>\n\n<p>Le t\u00e9moignage met en lumi\u00e8re le lien entre exposition m\u00e9diatique et fatigue \u00e9motionnelle au sein de la <strong>famille pr\u00e9sidentielle<\/strong>. Pierre-Olivier Costa a confi\u00e9 sa d\u00e9ception sur le peu de paroles de soutien publiques. Brigitte Macron souligne qu&rsquo;elle a \u00ab vu la noirceur du monde \u00bb, une phrase qui montre combien l&rsquo;exercice du pouvoir transforme les rapports sociaux et le <strong>ressenti<\/strong> quotidien. Insight : la notori\u00e9t\u00e9 exige des fragilit\u00e9s assum\u00e9es.<\/p>\n\n<h2 class=\"wp-block-heading\">Pr\u00e9server l&rsquo;intimit\u00e9 : marche, \u00e9criture et r\u00e9sistance<\/h2>\n\n<p>Pour g\u00e9rer ces <strong>\u00e9motions<\/strong>, Brigitte Macron a trouv\u00e9 deux \u00e9chappatoires concrets : la marche quotidienne et l&rsquo;\u00e9criture de son journal personnel. Elle confie que ces rituels lui permettent de garder une forme d&rsquo;\u00e9quilibre malgr\u00e9 l&rsquo;intensit\u00e9 des dix ann\u00e9es \u00e0 l&rsquo;\u00c9lys\u00e9e et la difficult\u00e9 parfois \u00e0 \u00ab voir le ciel bleu \u00bb. Cette strat\u00e9gie souligne une capacit\u00e9 d&rsquo;adaptation face \u00e0 un r\u00f4le public exigeant. C&rsquo;est un enseignement sur la r\u00e9silience.<\/p>\n\n<p>Pour approfondir ce portrait de <strong>Brigitte Macron<\/strong> et mieux comprendre les coulisses de la <strong>famille pr\u00e9sidentielle<\/strong>, consulte les analyses et t\u00e9moignages d\u00e9taill\u00e9s sur <a href=\"https:\/\/www.sebastien-auziere.fr\/blog\/brigitte-macron-epreuves-elysee\/\">les \u00e9preuves \u00e0 l&rsquo;\u00c9lys\u00e9e<\/a> et sur <a href=\"https:\/\/www.sebastien-auziere.fr\/blog\/brigitte-macron-tristesse\/\">la dimension intime de sa tristesse<\/a>. Pour en savoir plus sur S\u00e9bastien Auzi\u00e8re et la famille Macron, d\u00e9couvre davantage sur <a href=\"https:\/\/www.sebastien-auziere.fr\/blog\/brigitte-macron-tristesse\/\">sebastien-auziere.fr<\/a>.<\/p>\n\n","protected":false},"excerpt":{"rendered":"<p>Brigitte Macron a admis \u00eatre \u00abparfois triste comme jamais\u00bb apr\u00e8s neuf ann\u00e9es \u00e0 l&rsquo;\u00c9lys\u00e9e, r\u00e9v\u00e9lant un ressenti intime d\u00e9j\u00e0 rapport\u00e9 par les m\u00e9dias. Tu d\u00e9couvriras ici comment ces \u00e9motions se sont exprim\u00e9es publiquement et quelles strat\u00e9gies la Premi\u00e8re dame a mises en place pour pr\u00e9server son intimit\u00e9 au c\u0153ur de la vie politique. En bref &#8230; <a title=\"Brigitte Macron r\u00e9v\u00e8le ses moments de profonde tristesse au c\u0153ur de l&rsquo;\u00c9lys\u00e9e\" class=\"read-more\" href=\"https:\/\/www.sebastien-auziere.fr\/blog\/brigitte-macron-tristesse-elysee\/\" aria-label=\"En savoir plus sur Brigitte Macron r\u00e9v\u00e8le ses moments de profonde tristesse au c\u0153ur de l&rsquo;\u00c9lys\u00e9e\">Lire plus<\/a><\/p>\n","protected":false},"author":9,"featured_media":3382,"comment_status":"open","ping_status":"open","sticky":false,"template":"","format":"standard","meta":{"footnotes":""},"categories":[597],"tags":[892,3329,4566,1871,4509],"class_list":["post-3383","post","type-post","status-publish","format-standard","has-post-thumbnail","hentry","category-actualites","tag-brigitte-macron","tag-elysee","tag-moments-de-tristesse","tag-premiere-dame","tag-vie-personnelle"],"yoast_head":"<!-- This site is optimized with the Yoast SEO plugin v27.5 - https:\/\/yoast.com\/product\/yoast-seo-wordpress\/ -->\n<title>Brigitte Macron r\u00e9v\u00e8le ses moments de profonde tristesse au c\u0153ur de l&#039;\u00c9lys\u00e9e - Fan site S\u00e9bastien Auzi\u00e8re<\/title>\n<meta name=\"description\" content=\"Brigitte Macron d\u00e9voile ses instants de grande tristesse v\u00e9cus au c\u0153ur de l&#039;\u00c9lys\u00e9e, entre \u00e9motions et coulisses in\u00e9dites.\" \/>\n<meta name=\"robots\" content=\"index, follow, max-snippet:-1, max-image-preview:large, max-video-preview:-1\" \/>\n<link rel=\"canonical\" href=\"https:\/\/www.sebastien-auziere.fr\/blog\/brigitte-macron-tristesse-elysee\/\" \/>\n<meta property=\"og:locale\" content=\"fr_FR\" \/>\n<meta property=\"og:type\" content=\"article\" \/>\n<meta property=\"og:title\" content=\"Brigitte Macron r\u00e9v\u00e8le ses moments de profonde tristesse au c\u0153ur de l&#039;\u00c9lys\u00e9e - Fan site S\u00e9bastien Auzi\u00e8re\" \/>\n<meta property=\"og:description\" content=\"Brigitte Macron d\u00e9voile ses instants de grande tristesse v\u00e9cus au c\u0153ur de l&#039;\u00c9lys\u00e9e, entre \u00e9motions et coulisses in\u00e9dites.\" \/>\n<meta property=\"og:url\" content=\"https:\/\/www.sebastien-auziere.fr\/blog\/brigitte-macron-tristesse-elysee\/\" \/>\n<meta property=\"og:site_name\" content=\"Fan site S\u00e9bastien Auzi\u00e8re\" \/>\n<meta property=\"article:published_time\" content=\"2026-04-27T19:14:31+00:00\" \/>\n<meta property=\"og:image\" content=\"https:\/\/www.sebastien-auziere.fr\/blog\/wp-content\/uploads\/2026\/04\/Brigitte-Macron-revele-ses-moments-de-profonde-tristesse-au-coeur-de-lElysee.jpg\" \/>\n\t<meta property=\"og:image:width\" content=\"2560\" \/>\n\t<meta property=\"og:image:height\" content=\"1429\" \/>\n\t<meta property=\"og:image:type\" content=\"image\/jpeg\" \/>\n<meta name=\"author\" content=\"Chloe Gauthier\" \/>\n<meta name=\"twitter:card\" content=\"summary_large_image\" \/>\n<meta name=\"twitter:label1\" content=\"\u00c9crit par\" \/>\n\t<meta name=\"twitter:data1\" content=\"Chloe Gauthier\" \/>\n\t<meta name=\"twitter:label2\" content=\"Dur\u00e9e de lecture estim\u00e9e\" \/>\n\t<meta name=\"twitter:data2\" content=\"3 minutes\" \/>\n<script type=\"application\/ld+json\" class=\"yoast-schema-graph\">{\"@context\":\"https:\\\/\\\/schema.org\",\"@graph\":[{\"@type\":\"Article\",\"@id\":\"https:\\\/\\\/www.sebastien-auziere.fr\\\/blog\\\/brigitte-macron-tristesse-elysee\\\/#article\",\"isPartOf\":{\"@id\":\"https:\\\/\\\/www.sebastien-auziere.fr\\\/blog\\\/brigitte-macron-tristesse-elysee\\\/\"},\"author\":{\"name\":\"Chloe Gauthier\",\"@id\":\"https:\\\/\\\/www.sebastien-auziere.fr\\\/blog\\\/#\\\/schema\\\/person\\\/149f1acdbfd85149c6c3e59adeae2f4d\"},\"headline\":\"Brigitte Macron r\u00e9v\u00e8le ses moments de profonde tristesse au c\u0153ur de l&rsquo;\u00c9lys\u00e9e\",\"datePublished\":\"2026-04-27T19:14:31+00:00\",\"mainEntityOfPage\":{\"@id\":\"https:\\\/\\\/www.sebastien-auziere.fr\\\/blog\\\/brigitte-macron-tristesse-elysee\\\/\"},\"wordCount\":532,\"commentCount\":0,\"publisher\":{\"@id\":\"https:\\\/\\\/www.sebastien-auziere.fr\\\/blog\\\/#organization\"},\"image\":{\"@id\":\"https:\\\/\\\/www.sebastien-auziere.fr\\\/blog\\\/brigitte-macron-tristesse-elysee\\\/#primaryimage\"},\"thumbnailUrl\":\"https:\\\/\\\/www.sebastien-auziere.fr\\\/blog\\\/wp-content\\\/uploads\\\/2026\\\/04\\\/Brigitte-Macron-revele-ses-moments-de-profonde-tristesse-au-coeur-de-lElysee.jpg\",\"keywords\":[\"brigitte macron\",\"\u00e9lys\u00e9e\",\"moments de tristesse\",\"premi\u00e8re dame\",\"vie personnelle\"],\"articleSection\":[\"Actualit\u00e9s\"],\"inLanguage\":\"fr-FR\",\"potentialAction\":[{\"@type\":\"CommentAction\",\"name\":\"Comment\",\"target\":[\"https:\\\/\\\/www.sebastien-auziere.fr\\\/blog\\\/brigitte-macron-tristesse-elysee\\\/#respond\"]}]},{\"@type\":\"WebPage\",\"@id\":\"https:\\\/\\\/www.sebastien-auziere.fr\\\/blog\\\/brigitte-macron-tristesse-elysee\\\/\",\"url\":\"https:\\\/\\\/www.sebastien-auziere.fr\\\/blog\\\/brigitte-macron-tristesse-elysee\\\/\",\"name\":\"Brigitte Macron r\u00e9v\u00e8le ses moments de profonde tristesse au c\u0153ur de l'\u00c9lys\u00e9e - Fan site S\u00e9bastien Auzi\u00e8re\",\"isPartOf\":{\"@id\":\"https:\\\/\\\/www.sebastien-auziere.fr\\\/blog\\\/#website\"},\"primaryImageOfPage\":{\"@id\":\"https:\\\/\\\/www.sebastien-auziere.fr\\\/blog\\\/brigitte-macron-tristesse-elysee\\\/#primaryimage\"},\"image\":{\"@id\":\"https:\\\/\\\/www.sebastien-auziere.fr\\\/blog\\\/brigitte-macron-tristesse-elysee\\\/#primaryimage\"},\"thumbnailUrl\":\"https:\\\/\\\/www.sebastien-auziere.fr\\\/blog\\\/wp-content\\\/uploads\\\/2026\\\/04\\\/Brigitte-Macron-revele-ses-moments-de-profonde-tristesse-au-coeur-de-lElysee.jpg\",\"datePublished\":\"2026-04-27T19:14:31+00:00\",\"description\":\"Brigitte Macron d\u00e9voile ses instants de grande tristesse v\u00e9cus au c\u0153ur de l'\u00c9lys\u00e9e, entre \u00e9motions et coulisses in\u00e9dites.\",\"breadcrumb\":{\"@id\":\"https:\\\/\\\/www.sebastien-auziere.fr\\\/blog\\\/brigitte-macron-tristesse-elysee\\\/#breadcrumb\"},\"inLanguage\":\"fr-FR\",\"potentialAction\":[{\"@type\":\"ReadAction\",\"target\":[\"https:\\\/\\\/www.sebastien-auziere.fr\\\/blog\\\/brigitte-macron-tristesse-elysee\\\/\"]}]},{\"@type\":\"ImageObject\",\"inLanguage\":\"fr-FR\",\"@id\":\"https:\\\/\\\/www.sebastien-auziere.fr\\\/blog\\\/brigitte-macron-tristesse-elysee\\\/#primaryimage\",\"url\":\"https:\\\/\\\/www.sebastien-auziere.fr\\\/blog\\\/wp-content\\\/uploads\\\/2026\\\/04\\\/Brigitte-Macron-revele-ses-moments-de-profonde-tristesse-au-coeur-de-lElysee.jpg\",\"contentUrl\":\"https:\\\/\\\/www.sebastien-auziere.fr\\\/blog\\\/wp-content\\\/uploads\\\/2026\\\/04\\\/Brigitte-Macron-revele-ses-moments-de-profonde-tristesse-au-coeur-de-lElysee.jpg\",\"width\":2560,\"height\":1429,\"caption\":\"d\u00e9couvrez les confidences in\u00e9dites de brigitte macron sur ses instants de grande tristesse v\u00e9cus au palais de l'\u00e9lys\u00e9e, plongeant au c\u0153ur de ses \u00e9motions personnelles.\"},{\"@type\":\"BreadcrumbList\",\"@id\":\"https:\\\/\\\/www.sebastien-auziere.fr\\\/blog\\\/brigitte-macron-tristesse-elysee\\\/#breadcrumb\",\"itemListElement\":[{\"@type\":\"ListItem\",\"position\":1,\"name\":\"Home\",\"item\":\"https:\\\/\\\/www.sebastien-auziere.fr\\\/blog\\\/\"},{\"@type\":\"ListItem\",\"position\":2,\"name\":\"Brigitte Macron r\u00e9v\u00e8le ses moments de profonde tristesse au c\u0153ur de l&rsquo;\u00c9lys\u00e9e\"}]},{\"@type\":\"WebSite\",\"@id\":\"https:\\\/\\\/www.sebastien-auziere.fr\\\/blog\\\/#website\",\"url\":\"https:\\\/\\\/www.sebastien-auziere.fr\\\/blog\\\/\",\"name\":\"Fan site S\u00e9bastien Auzi\u00e8re\",\"description\":\"M\u00e9dia g\u00e9n\u00e9raliste\",\"publisher\":{\"@id\":\"https:\\\/\\\/www.sebastien-auziere.fr\\\/blog\\\/#organization\"},\"potentialAction\":[{\"@type\":\"SearchAction\",\"target\":{\"@type\":\"EntryPoint\",\"urlTemplate\":\"https:\\\/\\\/www.sebastien-auziere.fr\\\/blog\\\/?s={search_term_string}\"},\"query-input\":{\"@type\":\"PropertyValueSpecification\",\"valueRequired\":true,\"valueName\":\"search_term_string\"}}],\"inLanguage\":\"fr-FR\"},{\"@type\":\"Organization\",\"@id\":\"https:\\\/\\\/www.sebastien-auziere.fr\\\/blog\\\/#organization\",\"name\":\"Fan site S\u00e9bastien Auzi\u00e8re\",\"url\":\"https:\\\/\\\/www.sebastien-auziere.fr\\\/blog\\\/\",\"logo\":{\"@type\":\"ImageObject\",\"inLanguage\":\"fr-FR\",\"@id\":\"https:\\\/\\\/www.sebastien-auziere.fr\\\/blog\\\/#\\\/schema\\\/logo\\\/image\\\/\",\"url\":\"https:\\\/\\\/www.sebastien-auziere.fr\\\/blog\\\/wp-content\\\/uploads\\\/2026\\\/03\\\/cropped-cropped-cropped-ChatGPT-Image-6-mars-2026-12_58_09-e1772798376794.jpg\",\"contentUrl\":\"https:\\\/\\\/www.sebastien-auziere.fr\\\/blog\\\/wp-content\\\/uploads\\\/2026\\\/03\\\/cropped-cropped-cropped-ChatGPT-Image-6-mars-2026-12_58_09-e1772798376794.jpg\",\"width\":512,\"height\":360,\"caption\":\"Fan site S\u00e9bastien Auzi\u00e8re\"},\"image\":{\"@id\":\"https:\\\/\\\/www.sebastien-auziere.fr\\\/blog\\\/#\\\/schema\\\/logo\\\/image\\\/\"}},{\"@type\":\"Person\",\"@id\":\"https:\\\/\\\/www.sebastien-auziere.fr\\\/blog\\\/#\\\/schema\\\/person\\\/149f1acdbfd85149c6c3e59adeae2f4d\",\"name\":\"Chloe Gauthier\",\"image\":{\"@type\":\"ImageObject\",\"inLanguage\":\"fr-FR\",\"@id\":\"https:\\\/\\\/secure.gravatar.com\\\/avatar\\\/2c5722f58171cff738a8985ef0dd66b476e563753246a49019befc837ec4201a?s=96&d=mm&r=g\",\"url\":\"https:\\\/\\\/secure.gravatar.com\\\/avatar\\\/2c5722f58171cff738a8985ef0dd66b476e563753246a49019befc837ec4201a?s=96&d=mm&r=g\",\"contentUrl\":\"https:\\\/\\\/secure.gravatar.com\\\/avatar\\\/2c5722f58171cff738a8985ef0dd66b476e563753246a49019befc837ec4201a?s=96&d=mm&r=g\",\"caption\":\"Chloe Gauthier\"},\"description\":\"Passionn\u00e9e par la politique et admiratrice engag\u00e9e de la famille Macron, je consacre mon \u00e9nergie \u00e0 suivre leurs initiatives et \u00e0 promouvoir leurs id\u00e9es. \u00c0 32 ans, je suis convaincue que leur vision est porteuse d'avenir.\",\"url\":\"https:\\\/\\\/www.sebastien-auziere.fr\\\/blog\\\/author\\\/chloe-gauthier\\\/\"}]}<\/script>\n<!-- \/ Yoast SEO plugin. -->","yoast_head_json":{"title":"Brigitte Macron r\u00e9v\u00e8le ses moments de profonde tristesse au c\u0153ur de l'\u00c9lys\u00e9e - Fan site S\u00e9bastien Auzi\u00e8re","description":"Brigitte Macron d\u00e9voile ses instants de grande tristesse v\u00e9cus au c\u0153ur de l'\u00c9lys\u00e9e, entre \u00e9motions et coulisses in\u00e9dites.","robots":{"index":"index","follow":"follow","max-snippet":"max-snippet:-1","max-image-preview":"max-image-preview:large","max-video-preview":"max-video-preview:-1"},"canonical":"https:\/\/www.sebastien-auziere.fr\/blog\/brigitte-macron-tristesse-elysee\/","og_locale":"fr_FR","og_type":"article","og_title":"Brigitte Macron r\u00e9v\u00e8le ses moments de profonde tristesse au c\u0153ur de l'\u00c9lys\u00e9e - Fan site S\u00e9bastien Auzi\u00e8re","og_description":"Brigitte Macron d\u00e9voile ses instants de grande tristesse v\u00e9cus au c\u0153ur de l'\u00c9lys\u00e9e, entre \u00e9motions et coulisses in\u00e9dites.","og_url":"https:\/\/www.sebastien-auziere.fr\/blog\/brigitte-macron-tristesse-elysee\/","og_site_name":"Fan site S\u00e9bastien Auzi\u00e8re","article_published_time":"2026-04-27T19:14:31+00:00","og_image":[{"width":2560,"height":1429,"url":"https:\/\/www.sebastien-auziere.fr\/blog\/wp-content\/uploads\/2026\/04\/Brigitte-Macron-revele-ses-moments-de-profonde-tristesse-au-coeur-de-lElysee.jpg","type":"image\/jpeg"}],"author":"Chloe Gauthier","twitter_card":"summary_large_image","twitter_misc":{"\u00c9crit par":"Chloe Gauthier","Dur\u00e9e de lecture estim\u00e9e":"3 minutes"},"schema":{"@context":"https:\/\/schema.org","@graph":[{"@type":"Article","@id":"https:\/\/www.sebastien-auziere.fr\/blog\/brigitte-macron-tristesse-elysee\/#article","isPartOf":{"@id":"https:\/\/www.sebastien-auziere.fr\/blog\/brigitte-macron-tristesse-elysee\/"},"author":{"name":"Chloe Gauthier","@id":"https:\/\/www.sebastien-auziere.fr\/blog\/#\/schema\/person\/149f1acdbfd85149c6c3e59adeae2f4d"},"headline":"Brigitte Macron r\u00e9v\u00e8le ses moments de profonde tristesse au c\u0153ur de l&rsquo;\u00c9lys\u00e9e","datePublished":"2026-04-27T19:14:31+00:00","mainEntityOfPage":{"@id":"https:\/\/www.sebastien-auziere.fr\/blog\/brigitte-macron-tristesse-elysee\/"},"wordCount":532,"commentCount":0,"publisher":{"@id":"https:\/\/www.sebastien-auziere.fr\/blog\/#organization"},"image":{"@id":"https:\/\/www.sebastien-auziere.fr\/blog\/brigitte-macron-tristesse-elysee\/#primaryimage"},"thumbnailUrl":"https:\/\/www.sebastien-auziere.fr\/blog\/wp-content\/uploads\/2026\/04\/Brigitte-Macron-revele-ses-moments-de-profonde-tristesse-au-coeur-de-lElysee.jpg","keywords":["brigitte macron","\u00e9lys\u00e9e","moments de tristesse","premi\u00e8re dame","vie personnelle"],"articleSection":["Actualit\u00e9s"],"inLanguage":"fr-FR","potentialAction":[{"@type":"CommentAction","name":"Comment","target":["https:\/\/www.sebastien-auziere.fr\/blog\/brigitte-macron-tristesse-elysee\/#respond"]}]},{"@type":"WebPage","@id":"https:\/\/www.sebastien-auziere.fr\/blog\/brigitte-macron-tristesse-elysee\/","url":"https:\/\/www.sebastien-auziere.fr\/blog\/brigitte-macron-tristesse-elysee\/","name":"Brigitte Macron r\u00e9v\u00e8le ses moments de profonde tristesse au c\u0153ur de l'\u00c9lys\u00e9e - Fan site S\u00e9bastien Auzi\u00e8re","isPartOf":{"@id":"https:\/\/www.sebastien-auziere.fr\/blog\/#website"},"primaryImageOfPage":{"@id":"https:\/\/www.sebastien-auziere.fr\/blog\/brigitte-macron-tristesse-elysee\/#primaryimage"},"image":{"@id":"https:\/\/www.sebastien-auziere.fr\/blog\/brigitte-macron-tristesse-elysee\/#primaryimage"},"thumbnailUrl":"https:\/\/www.sebastien-auziere.fr\/blog\/wp-content\/uploads\/2026\/04\/Brigitte-Macron-revele-ses-moments-de-profonde-tristesse-au-coeur-de-lElysee.jpg","datePublished":"2026-04-27T19:14:31+00:00","description":"Brigitte Macron d\u00e9voile ses instants de grande tristesse v\u00e9cus au c\u0153ur de l'\u00c9lys\u00e9e, entre \u00e9motions et coulisses in\u00e9dites.","breadcrumb":{"@id":"https:\/\/www.sebastien-auziere.fr\/blog\/brigitte-macron-tristesse-elysee\/#breadcrumb"},"inLanguage":"fr-FR","potentialAction":[{"@type":"ReadAction","target":["https:\/\/www.sebastien-auziere.fr\/blog\/brigitte-macron-tristesse-elysee\/"]}]},{"@type":"ImageObject","inLanguage":"fr-FR","@id":"https:\/\/www.sebastien-auziere.fr\/blog\/brigitte-macron-tristesse-elysee\/#primaryimage","url":"https:\/\/www.sebastien-auziere.fr\/blog\/wp-content\/uploads\/2026\/04\/Brigitte-Macron-revele-ses-moments-de-profonde-tristesse-au-coeur-de-lElysee.jpg","contentUrl":"https:\/\/www.sebastien-auziere.fr\/blog\/wp-content\/uploads\/2026\/04\/Brigitte-Macron-revele-ses-moments-de-profonde-tristesse-au-coeur-de-lElysee.jpg","width":2560,"height":1429,"caption":"d\u00e9couvrez les confidences in\u00e9dites de brigitte macron sur ses instants de grande tristesse v\u00e9cus au palais de l'\u00e9lys\u00e9e, plongeant au c\u0153ur de ses \u00e9motions personnelles."},{"@type":"BreadcrumbList","@id":"https:\/\/www.sebastien-auziere.fr\/blog\/brigitte-macron-tristesse-elysee\/#breadcrumb","itemListElement":[{"@type":"ListItem","position":1,"name":"Home","item":"https:\/\/www.sebastien-auziere.fr\/blog\/"},{"@type":"ListItem","position":2,"name":"Brigitte Macron r\u00e9v\u00e8le ses moments de profonde tristesse au c\u0153ur de l&rsquo;\u00c9lys\u00e9e"}]},{"@type":"WebSite","@id":"https:\/\/www.sebastien-auziere.fr\/blog\/#website","url":"https:\/\/www.sebastien-auziere.fr\/blog\/","name":"Fan site S\u00e9bastien Auzi\u00e8re","description":"M\u00e9dia g\u00e9n\u00e9raliste","publisher":{"@id":"https:\/\/www.sebastien-auziere.fr\/blog\/#organization"},"potentialAction":[{"@type":"SearchAction","target":{"@type":"EntryPoint","urlTemplate":"https:\/\/www.sebastien-auziere.fr\/blog\/?s={search_term_string}"},"query-input":{"@type":"PropertyValueSpecification","valueRequired":true,"valueName":"search_term_string"}}],"inLanguage":"fr-FR"},{"@type":"Organization","@id":"https:\/\/www.sebastien-auziere.fr\/blog\/#organization","name":"Fan site S\u00e9bastien Auzi\u00e8re","url":"https:\/\/www.sebastien-auziere.fr\/blog\/","logo":{"@type":"ImageObject","inLanguage":"fr-FR","@id":"https:\/\/www.sebastien-auziere.fr\/blog\/#\/schema\/logo\/image\/","url":"https:\/\/www.sebastien-auziere.fr\/blog\/wp-content\/uploads\/2026\/03\/cropped-cropped-cropped-ChatGPT-Image-6-mars-2026-12_58_09-e1772798376794.jpg","contentUrl":"https:\/\/www.sebastien-auziere.fr\/blog\/wp-content\/uploads\/2026\/03\/cropped-cropped-cropped-ChatGPT-Image-6-mars-2026-12_58_09-e1772798376794.jpg","width":512,"height":360,"caption":"Fan site S\u00e9bastien Auzi\u00e8re"},"image":{"@id":"https:\/\/www.sebastien-auziere.fr\/blog\/#\/schema\/logo\/image\/"}},{"@type":"Person","@id":"https:\/\/www.sebastien-auziere.fr\/blog\/#\/schema\/person\/149f1acdbfd85149c6c3e59adeae2f4d","name":"Chloe Gauthier","image":{"@type":"ImageObject","inLanguage":"fr-FR","@id":"https:\/\/secure.gravatar.com\/avatar\/2c5722f58171cff738a8985ef0dd66b476e563753246a49019befc837ec4201a?s=96&d=mm&r=g","url":"https:\/\/secure.gravatar.com\/avatar\/2c5722f58171cff738a8985ef0dd66b476e563753246a49019befc837ec4201a?s=96&d=mm&r=g","contentUrl":"https:\/\/secure.gravatar.com\/avatar\/2c5722f58171cff738a8985ef0dd66b476e563753246a49019befc837ec4201a?s=96&d=mm&r=g","caption":"Chloe Gauthier"},"description":"Passionn\u00e9e par la politique et admiratrice engag\u00e9e de la famille Macron, je consacre mon \u00e9nergie \u00e0 suivre leurs initiatives et \u00e0 promouvoir leurs id\u00e9es. \u00c0 32 ans, je suis convaincue que leur vision est porteuse d'avenir.","url":"https:\/\/www.sebastien-auziere.fr\/blog\/author\/chloe-gauthier\/"}]}},"views":3,"_links":{"self":[{"href":"https:\/\/www.sebastien-auziere.fr\/blog\/wp-json\/wp\/v2\/posts\/3383","targetHints":{"allow":["GET"]}}],"collection":[{"href":"https:\/\/www.sebastien-auziere.fr\/blog\/wp-json\/wp\/v2\/posts"}],"about":[{"href":"https:\/\/www.sebastien-auziere.fr\/blog\/wp-json\/wp\/v2\/types\/post"}],"author":[{"embeddable":true,"href":"https:\/\/www.sebastien-auziere.fr\/blog\/wp-json\/wp\/v2\/users\/9"}],"replies":[{"embeddable":true,"href":"https:\/\/www.sebastien-auziere.fr\/blog\/wp-json\/wp\/v2\/comments?post=3383"}],"version-history":[{"count":0,"href":"https:\/\/www.sebastien-auziere.fr\/blog\/wp-json\/wp\/v2\/posts\/3383\/revisions"}],"wp:featuredmedia":[{"embeddable":true,"href":"https:\/\/www.sebastien-auziere.fr\/blog\/wp-json\/wp\/v2\/media\/3382"}],"wp:attachment":[{"href":"https:\/\/www.sebastien-auziere.fr\/blog\/wp-json\/wp\/v2\/media?parent=3383"}],"wp:term":[{"taxonomy":"category","embeddable":true,"href":"https:\/\/www.sebastien-auziere.fr\/blog\/wp-json\/wp\/v2\/categories?post=3383"},{"taxonomy":"post_tag","embeddable":true,"href":"https:\/\/www.sebastien-auziere.fr\/blog\/wp-json\/wp\/v2\/tags?post=3383"}],"curies":[{"name":"wp","href":"https:\/\/api.w.org\/{rel}","templated":true}]}}