{"id":3378,"date":"2026-04-27T07:11:56","date_gmt":"2026-04-27T07:11:56","guid":{"rendered":"https:\/\/www.sebastien-auziere.fr\/blog\/?p=3378"},"modified":"2026-04-27T07:12:18","modified_gmt":"2026-04-27T07:12:18","slug":"brigitte-macron-se-entrega-as-vezes-uma-tristeza-sem-precedentes-me-invade-retorno-sobre-seus-anos-dificeis","status":"publish","type":"post","link":"https:\/\/www.sebastien-auziere.fr\/blog\/pt\/brigitte-macron-se-entrega-as-vezes-uma-tristeza-sem-precedentes-me-invade-retorno-sobre-seus-anos-dificeis\/","title":{"rendered":"Brigitte Macron se entrega: \u00ab\u00a0\u00c0s vezes, uma tristeza sem precedentes me invade\u00a0\u00bb \u2013 retorno sobre seus anos dif\u00edceis&#8230;"},"content":{"rendered":"<p><strong>Brigitte Macron<\/strong> soltou esta frase que ressoa: <strong>\u00ab\u00a0\u00c0s vezes, uma tristeza in\u00e9dita me invade\u00a0\u00bb<\/strong>, durante uma entrevista ao <strong>La Tribune<\/strong> no Pal\u00e1cio do Eliseu. Voc\u00ea sente imediatamente a emo\u00e7\u00e3o e a gravidade de um depoimento que remete a quase uma d\u00e9cada no poder.<\/p>\n\n<p>Ela diz ter vivido anos dif\u00edceis, um balan\u00e7o humano feito de <strong>sofrimento<\/strong> e <strong>resili\u00eancia<\/strong>, e confia que a escrita a ajuda a atravessar esses momentos. Esta <strong>confiss\u00e3o<\/strong> sobre sua <strong>vida pessoal<\/strong> foi tornada p\u00fablica enquanto ela deve deixar o Eliseu em 2027 ap\u00f3s dois mandatos.<\/p>\n\n<h2 class=\"wp-block-heading\">As palavras que impactam: confiss\u00e3o e tristeza<\/h2>\n\n<p>Na entrevista, <strong>Brigitte Macron<\/strong> menciona ter estado \u00ab\u00a0\u00e0s vezes triste como nunca\u00a0\u00bb desde sua entrada no Eliseu, lembrando que antes levava uma <strong>vida pessoal<\/strong> mais ordin\u00e1ria, entre filhos e a profiss\u00e3o de professora. Ela fala da \u00ab\u00a0escurid\u00e3o do mundo\u00a0\u00bb, da maldade que viu e de um pessimismo in\u00e9dito. Esse trecho marca o \u00e2ngulo humano de seu depoimento e mostra o quanto a fun\u00e7\u00e3o pode pesar na vida privada.<\/p>\n\n<h3 class=\"wp-block-heading\">Ciberbullying e resposta judicial<\/h3>\n\n<p>A <strong>sofrimento<\/strong> n\u00e3o \u00e9 apenas interior: Brigitte Macron sofreu um intenso ciberbullying, com difus\u00e3o de insultos e rumores sobre seu casal. Em janeiro, v\u00e1rios r\u00e9us foram condenados a penas de at\u00e9 seis meses de pris\u00e3o, a maioria com suspens\u00e3o. O casal optou por processar na Fran\u00e7a e nos Estados Unidos, ap\u00f3s um registro de queixa no ver\u00e3o de 2024 por rumores de grande repercuss\u00e3o.<\/p>\n\n<h2 class=\"wp-block-heading\">Como ela aprendeu a resistir<\/h2>\n\n<p>Para superar essa exposi\u00e7\u00e3o, ela confia que <strong>a escrita<\/strong> \u00e9 de grande ajuda e que a fam\u00edlia continua sendo um pilar. Lembramos que ela conheceu Emmanuel Macron enquanto lecionava teatro no col\u00e9gio, um epis\u00f3dio frequentemente citado para humanizar sua hist\u00f3ria. Sua capacidade de se reorientar e cultivar atividades simples testemunha uma <strong>resili\u00eancia<\/strong> assumida diante da adversidade.<\/p>\n\n<h3 class=\"wp-block-heading\">Do olhar p\u00fablico \u00e0 preserva\u00e7\u00e3o da vida privada<\/h3>\n\n<p>A <strong>vida privada<\/strong> de Brigitte foi severamente testada por rumores \u2014 incluindo uma falsa alega\u00e7\u00e3o de transidentidade que afetou profundamente seu c\u00edrculo. Ela explicou aos investigadores em agosto de 2024 o impacto \u00ab\u00a0muito forte\u00a0\u00bb desses rumores. Este depoimento p\u00fablico ilustra a tens\u00e3o entre o papel institucional e a prote\u00e7\u00e3o da intimidade, e enfatiza a necessidade de defender a dignidade frente aos ataques.<\/p>\n\n<p>Para aprofundar essa narrativa e descobrir outros \u00e2ngulos sobre as <strong>prova\u00e7\u00f5es<\/strong> da primeira-dama e a din\u00e2mica familiar no cerne da vida pol\u00edtica, consulte os artigos e an\u00e1lises dispon\u00edveis sobre <a href=\"https:\/\/www.sebastien-auziere.fr\/blog\/brigitte-macron-epreuves-elysee\/\">o dossi\u00ea sobre suas prova\u00e7\u00f5es no Eliseu<\/a> e explore as controv\u00e9rsias documentadas <a href=\"https:\/\/www.sebastien-auziere.fr\/blog\/brigitte-macron-controverse\/\">no sebastien-auziere.fr<\/a>. Saber mais permite entender melhor o percurso, o <strong>sofrimento<\/strong> e a <strong>resili\u00eancia<\/strong> por tr\u00e1s dos t\u00edtulos.<\/p>","protected":false},"excerpt":{"rendered":"<p>Brigitte Macron soltou esta frase que ressoa: \u00ab\u00a0\u00c0s vezes, uma tristeza in\u00e9dita me invade\u00a0\u00bb, durante uma entrevista ao La Tribune no Pal\u00e1cio do Eliseu. Voc\u00ea sente imediatamente a emo\u00e7\u00e3o e a gravidade de um depoimento que remete a quase uma d\u00e9cada no poder. Ela diz ter vivido anos dif\u00edceis, um balan\u00e7o humano feito de sofrimento &#8230; <a title=\"Brigitte Macron se entrega: \u00ab\u00a0\u00c0s vezes, uma tristeza sem precedentes me invade\u00a0\u00bb \u2013 retorno sobre seus anos dif\u00edceis&#8230;\" class=\"read-more\" href=\"https:\/\/www.sebastien-auziere.fr\/blog\/pt\/brigitte-macron-se-entrega-as-vezes-uma-tristeza-sem-precedentes-me-invade-retorno-sobre-seus-anos-dificeis\/\" aria-label=\"En savoir plus sur Brigitte Macron se entrega: \u00ab\u00a0\u00c0s vezes, uma tristeza sem precedentes me invade\u00a0\u00bb \u2013 retorno sobre seus anos dif\u00edceis&#8230;\">Lire plus<\/a><\/p>\n","protected":false},"author":9,"featured_media":3368,"comment_status":"open","ping_status":"open","sticky":false,"template":"","format":"standard","meta":{"footnotes":""},"categories":[862],"tags":[4548,959,4551,4432,4554],"class_list":["post-3378","post","type-post","status-publish","format-standard","has-post-thumbnail","hentry","category-actualidades-pt","tag-anos-dificeis-pt","tag-brigitte-macron-pt","tag-entrevista-brigitte-macron-pt","tag-tristeza-pt","tag-vida-pessoal-pt"],"yoast_head":"<!-- This site is optimized with the Yoast SEO plugin v27.5 - https:\/\/yoast.com\/product\/yoast-seo-wordpress\/ -->\n<title>Brigitte Macron se entrega: &quot;\u00c0s vezes, uma tristeza sem precedentes me invade&quot; \u2013 retorno sobre seus anos dif\u00edceis... - Fan site S\u00e9bastien Auzi\u00e8re<\/title>\n<meta name=\"description\" content=\"Brigitte Macron se confie sur ses moments de tristesse in\u00e9dite et revient sur ses ann\u00e9es difficiles dans une interview touchante.\" \/>\n<meta name=\"robots\" content=\"index, follow, max-snippet:-1, max-image-preview:large, max-video-preview:-1\" \/>\n<link rel=\"canonical\" href=\"https:\/\/www.sebastien-auziere.fr\/blog\/pt\/brigitte-macron-se-entrega-as-vezes-uma-tristeza-sem-precedentes-me-invade-retorno-sobre-seus-anos-dificeis\/\" \/>\n<meta property=\"og:locale\" content=\"fr_FR\" \/>\n<meta property=\"og:type\" content=\"article\" \/>\n<meta property=\"og:title\" content=\"Brigitte Macron se entrega: &quot;\u00c0s vezes, uma tristeza sem precedentes me invade&quot; \u2013 retorno sobre seus anos dif\u00edceis... - Fan site S\u00e9bastien Auzi\u00e8re\" \/>\n<meta property=\"og:description\" content=\"Brigitte Macron se confie sur ses moments de tristesse in\u00e9dite et revient sur ses ann\u00e9es difficiles dans une interview touchante.\" \/>\n<meta property=\"og:url\" content=\"https:\/\/www.sebastien-auziere.fr\/blog\/pt\/brigitte-macron-se-entrega-as-vezes-uma-tristeza-sem-precedentes-me-invade-retorno-sobre-seus-anos-dificeis\/\" \/>\n<meta property=\"og:site_name\" content=\"Fan site S\u00e9bastien Auzi\u00e8re\" \/>\n<meta property=\"article:published_time\" content=\"2026-04-27T07:11:56+00:00\" \/>\n<meta property=\"article:modified_time\" content=\"2026-04-27T07:12:18+00:00\" \/>\n<meta property=\"og:image\" content=\"https:\/\/www.sebastien-auziere.fr\/blog\/wp-content\/uploads\/2026\/04\/Brigitte-Macron-se-livre-Parfois-une-tristesse-inedite-menvahit-\u2013-retour-sur-ses-annees-difficiles.jpg\" \/>\n\t<meta property=\"og:image:width\" content=\"2560\" \/>\n\t<meta property=\"og:image:height\" content=\"1429\" \/>\n\t<meta property=\"og:image:type\" content=\"image\/jpeg\" \/>\n<meta name=\"author\" content=\"Chloe Gauthier\" \/>\n<meta name=\"twitter:card\" content=\"summary_large_image\" \/>\n<meta name=\"twitter:label1\" content=\"\u00c9crit par\" \/>\n\t<meta name=\"twitter:data1\" content=\"Chloe Gauthier\" \/>\n\t<meta name=\"twitter:label2\" content=\"Dur\u00e9e de lecture estim\u00e9e\" \/>\n\t<meta name=\"twitter:data2\" content=\"2 minutes\" \/>\n<script type=\"application\/ld+json\" class=\"yoast-schema-graph\">{\"@context\":\"https:\\\/\\\/schema.org\",\"@graph\":[{\"@type\":\"Article\",\"@id\":\"https:\\\/\\\/www.sebastien-auziere.fr\\\/blog\\\/pt\\\/brigitte-macron-se-entrega-as-vezes-uma-tristeza-sem-precedentes-me-invade-retorno-sobre-seus-anos-dificeis\\\/#article\",\"isPartOf\":{\"@id\":\"https:\\\/\\\/www.sebastien-auziere.fr\\\/blog\\\/pt\\\/brigitte-macron-se-entrega-as-vezes-uma-tristeza-sem-precedentes-me-invade-retorno-sobre-seus-anos-dificeis\\\/\"},\"author\":{\"name\":\"Chloe Gauthier\",\"@id\":\"https:\\\/\\\/www.sebastien-auziere.fr\\\/blog\\\/#\\\/schema\\\/person\\\/149f1acdbfd85149c6c3e59adeae2f4d\"},\"headline\":\"Brigitte Macron se entrega: \u00ab\u00a0\u00c0s vezes, uma tristeza sem precedentes me invade\u00a0\u00bb \u2013 retorno sobre seus anos dif\u00edceis&#8230;\",\"datePublished\":\"2026-04-27T07:11:56+00:00\",\"dateModified\":\"2026-04-27T07:12:18+00:00\",\"mainEntityOfPage\":{\"@id\":\"https:\\\/\\\/www.sebastien-auziere.fr\\\/blog\\\/pt\\\/brigitte-macron-se-entrega-as-vezes-uma-tristeza-sem-precedentes-me-invade-retorno-sobre-seus-anos-dificeis\\\/\"},\"wordCount\":482,\"commentCount\":0,\"publisher\":{\"@id\":\"https:\\\/\\\/www.sebastien-auziere.fr\\\/blog\\\/#organization\"},\"image\":{\"@id\":\"https:\\\/\\\/www.sebastien-auziere.fr\\\/blog\\\/pt\\\/brigitte-macron-se-entrega-as-vezes-uma-tristeza-sem-precedentes-me-invade-retorno-sobre-seus-anos-dificeis\\\/#primaryimage\"},\"thumbnailUrl\":\"https:\\\/\\\/www.sebastien-auziere.fr\\\/blog\\\/wp-content\\\/uploads\\\/2026\\\/04\\\/Brigitte-Macron-se-livre-Parfois-une-tristesse-inedite-menvahit-\u2013-retour-sur-ses-annees-difficiles.jpg\",\"keywords\":[\"anos dif\u00edceis\",\"brigitte macron\",\"entrevista brigitte macron\",\"tristeza\",\"vida pessoal\"],\"articleSection\":[\"Actualidades\"],\"inLanguage\":\"fr-FR\",\"potentialAction\":[{\"@type\":\"CommentAction\",\"name\":\"Comment\",\"target\":[\"https:\\\/\\\/www.sebastien-auziere.fr\\\/blog\\\/pt\\\/brigitte-macron-se-entrega-as-vezes-uma-tristeza-sem-precedentes-me-invade-retorno-sobre-seus-anos-dificeis\\\/#respond\"]}]},{\"@type\":\"WebPage\",\"@id\":\"https:\\\/\\\/www.sebastien-auziere.fr\\\/blog\\\/pt\\\/brigitte-macron-se-entrega-as-vezes-uma-tristeza-sem-precedentes-me-invade-retorno-sobre-seus-anos-dificeis\\\/\",\"url\":\"https:\\\/\\\/www.sebastien-auziere.fr\\\/blog\\\/pt\\\/brigitte-macron-se-entrega-as-vezes-uma-tristeza-sem-precedentes-me-invade-retorno-sobre-seus-anos-dificeis\\\/\",\"name\":\"Brigitte Macron se entrega: \\\"\u00c0s vezes, uma tristeza sem precedentes me invade\\\" \u2013 retorno sobre seus anos dif\u00edceis... - Fan site S\u00e9bastien Auzi\u00e8re\",\"isPartOf\":{\"@id\":\"https:\\\/\\\/www.sebastien-auziere.fr\\\/blog\\\/#website\"},\"primaryImageOfPage\":{\"@id\":\"https:\\\/\\\/www.sebastien-auziere.fr\\\/blog\\\/pt\\\/brigitte-macron-se-entrega-as-vezes-uma-tristeza-sem-precedentes-me-invade-retorno-sobre-seus-anos-dificeis\\\/#primaryimage\"},\"image\":{\"@id\":\"https:\\\/\\\/www.sebastien-auziere.fr\\\/blog\\\/pt\\\/brigitte-macron-se-entrega-as-vezes-uma-tristeza-sem-precedentes-me-invade-retorno-sobre-seus-anos-dificeis\\\/#primaryimage\"},\"thumbnailUrl\":\"https:\\\/\\\/www.sebastien-auziere.fr\\\/blog\\\/wp-content\\\/uploads\\\/2026\\\/04\\\/Brigitte-Macron-se-livre-Parfois-une-tristesse-inedite-menvahit-\u2013-retour-sur-ses-annees-difficiles.jpg\",\"datePublished\":\"2026-04-27T07:11:56+00:00\",\"dateModified\":\"2026-04-27T07:12:18+00:00\",\"description\":\"Brigitte Macron se confie sur ses moments de tristesse in\u00e9dite et revient sur ses ann\u00e9es difficiles dans une interview touchante.\",\"breadcrumb\":{\"@id\":\"https:\\\/\\\/www.sebastien-auziere.fr\\\/blog\\\/pt\\\/brigitte-macron-se-entrega-as-vezes-uma-tristeza-sem-precedentes-me-invade-retorno-sobre-seus-anos-dificeis\\\/#breadcrumb\"},\"inLanguage\":\"fr-FR\",\"potentialAction\":[{\"@type\":\"ReadAction\",\"target\":[\"https:\\\/\\\/www.sebastien-auziere.fr\\\/blog\\\/pt\\\/brigitte-macron-se-entrega-as-vezes-uma-tristeza-sem-precedentes-me-invade-retorno-sobre-seus-anos-dificeis\\\/\"]}]},{\"@type\":\"ImageObject\",\"inLanguage\":\"fr-FR\",\"@id\":\"https:\\\/\\\/www.sebastien-auziere.fr\\\/blog\\\/pt\\\/brigitte-macron-se-entrega-as-vezes-uma-tristeza-sem-precedentes-me-invade-retorno-sobre-seus-anos-dificeis\\\/#primaryimage\",\"url\":\"https:\\\/\\\/www.sebastien-auziere.fr\\\/blog\\\/wp-content\\\/uploads\\\/2026\\\/04\\\/Brigitte-Macron-se-livre-Parfois-une-tristesse-inedite-menvahit-\u2013-retour-sur-ses-annees-difficiles.jpg\",\"contentUrl\":\"https:\\\/\\\/www.sebastien-auziere.fr\\\/blog\\\/wp-content\\\/uploads\\\/2026\\\/04\\\/Brigitte-Macron-se-livre-Parfois-une-tristesse-inedite-menvahit-\u2013-retour-sur-ses-annees-difficiles.jpg\",\"width\":2560,\"height\":1429,\"caption\":\"d\u00e9couvrez le t\u00e9moignage poignant de brigitte macron qui se confie sur ses moments de tristesse in\u00e9dite et revient sur ses ann\u00e9es difficiles.\"},{\"@type\":\"BreadcrumbList\",\"@id\":\"https:\\\/\\\/www.sebastien-auziere.fr\\\/blog\\\/pt\\\/brigitte-macron-se-entrega-as-vezes-uma-tristeza-sem-precedentes-me-invade-retorno-sobre-seus-anos-dificeis\\\/#breadcrumb\",\"itemListElement\":[{\"@type\":\"ListItem\",\"position\":1,\"name\":\"Home\",\"item\":\"https:\\\/\\\/www.sebastien-auziere.fr\\\/blog\\\/\"},{\"@type\":\"ListItem\",\"position\":2,\"name\":\"Brigitte Macron se entrega: \u00ab\u00a0\u00c0s vezes, uma tristeza sem precedentes me invade\u00a0\u00bb \u2013 retorno sobre seus anos dif\u00edceis&#8230;\"}]},{\"@type\":\"WebSite\",\"@id\":\"https:\\\/\\\/www.sebastien-auziere.fr\\\/blog\\\/#website\",\"url\":\"https:\\\/\\\/www.sebastien-auziere.fr\\\/blog\\\/\",\"name\":\"Fan site S\u00e9bastien Auzi\u00e8re\",\"description\":\"M\u00e9dia g\u00e9n\u00e9raliste\",\"publisher\":{\"@id\":\"https:\\\/\\\/www.sebastien-auziere.fr\\\/blog\\\/#organization\"},\"potentialAction\":[{\"@type\":\"SearchAction\",\"target\":{\"@type\":\"EntryPoint\",\"urlTemplate\":\"https:\\\/\\\/www.sebastien-auziere.fr\\\/blog\\\/?s={search_term_string}\"},\"query-input\":{\"@type\":\"PropertyValueSpecification\",\"valueRequired\":true,\"valueName\":\"search_term_string\"}}],\"inLanguage\":\"fr-FR\"},{\"@type\":\"Organization\",\"@id\":\"https:\\\/\\\/www.sebastien-auziere.fr\\\/blog\\\/#organization\",\"name\":\"Fan site S\u00e9bastien Auzi\u00e8re\",\"url\":\"https:\\\/\\\/www.sebastien-auziere.fr\\\/blog\\\/\",\"logo\":{\"@type\":\"ImageObject\",\"inLanguage\":\"fr-FR\",\"@id\":\"https:\\\/\\\/www.sebastien-auziere.fr\\\/blog\\\/#\\\/schema\\\/logo\\\/image\\\/\",\"url\":\"https:\\\/\\\/www.sebastien-auziere.fr\\\/blog\\\/wp-content\\\/uploads\\\/2026\\\/03\\\/cropped-cropped-cropped-ChatGPT-Image-6-mars-2026-12_58_09-e1772798376794.jpg\",\"contentUrl\":\"https:\\\/\\\/www.sebastien-auziere.fr\\\/blog\\\/wp-content\\\/uploads\\\/2026\\\/03\\\/cropped-cropped-cropped-ChatGPT-Image-6-mars-2026-12_58_09-e1772798376794.jpg\",\"width\":512,\"height\":360,\"caption\":\"Fan site S\u00e9bastien Auzi\u00e8re\"},\"image\":{\"@id\":\"https:\\\/\\\/www.sebastien-auziere.fr\\\/blog\\\/#\\\/schema\\\/logo\\\/image\\\/\"}},{\"@type\":\"Person\",\"@id\":\"https:\\\/\\\/www.sebastien-auziere.fr\\\/blog\\\/#\\\/schema\\\/person\\\/149f1acdbfd85149c6c3e59adeae2f4d\",\"name\":\"Chloe Gauthier\",\"image\":{\"@type\":\"ImageObject\",\"inLanguage\":\"fr-FR\",\"@id\":\"https:\\\/\\\/secure.gravatar.com\\\/avatar\\\/2c5722f58171cff738a8985ef0dd66b476e563753246a49019befc837ec4201a?s=96&d=mm&r=g\",\"url\":\"https:\\\/\\\/secure.gravatar.com\\\/avatar\\\/2c5722f58171cff738a8985ef0dd66b476e563753246a49019befc837ec4201a?s=96&d=mm&r=g\",\"contentUrl\":\"https:\\\/\\\/secure.gravatar.com\\\/avatar\\\/2c5722f58171cff738a8985ef0dd66b476e563753246a49019befc837ec4201a?s=96&d=mm&r=g\",\"caption\":\"Chloe Gauthier\"},\"description\":\"Passionn\u00e9e par la politique et admiratrice engag\u00e9e de la famille Macron, je consacre mon \u00e9nergie \u00e0 suivre leurs initiatives et \u00e0 promouvoir leurs id\u00e9es. \u00c0 32 ans, je suis convaincue que leur vision est porteuse d'avenir.\",\"url\":\"https:\\\/\\\/www.sebastien-auziere.fr\\\/blog\\\/author\\\/chloe-gauthier\\\/\"}]}<\/script>\n<!-- \/ Yoast SEO plugin. -->","yoast_head_json":{"title":"Brigitte Macron se entrega: \"\u00c0s vezes, uma tristeza sem precedentes me invade\" \u2013 retorno sobre seus anos dif\u00edceis... - Fan site S\u00e9bastien Auzi\u00e8re","description":"Brigitte Macron se confie sur ses moments de tristesse in\u00e9dite et revient sur ses ann\u00e9es difficiles dans une interview touchante.","robots":{"index":"index","follow":"follow","max-snippet":"max-snippet:-1","max-image-preview":"max-image-preview:large","max-video-preview":"max-video-preview:-1"},"canonical":"https:\/\/www.sebastien-auziere.fr\/blog\/pt\/brigitte-macron-se-entrega-as-vezes-uma-tristeza-sem-precedentes-me-invade-retorno-sobre-seus-anos-dificeis\/","og_locale":"fr_FR","og_type":"article","og_title":"Brigitte Macron se entrega: \"\u00c0s vezes, uma tristeza sem precedentes me invade\" \u2013 retorno sobre seus anos dif\u00edceis... - Fan site S\u00e9bastien Auzi\u00e8re","og_description":"Brigitte Macron se confie sur ses moments de tristesse in\u00e9dite et revient sur ses ann\u00e9es difficiles dans une interview touchante.","og_url":"https:\/\/www.sebastien-auziere.fr\/blog\/pt\/brigitte-macron-se-entrega-as-vezes-uma-tristeza-sem-precedentes-me-invade-retorno-sobre-seus-anos-dificeis\/","og_site_name":"Fan site S\u00e9bastien Auzi\u00e8re","article_published_time":"2026-04-27T07:11:56+00:00","article_modified_time":"2026-04-27T07:12:18+00:00","og_image":[{"width":2560,"height":1429,"url":"https:\/\/www.sebastien-auziere.fr\/blog\/wp-content\/uploads\/2026\/04\/Brigitte-Macron-se-livre-Parfois-une-tristesse-inedite-menvahit-\u2013-retour-sur-ses-annees-difficiles.jpg","type":"image\/jpeg"}],"author":"Chloe Gauthier","twitter_card":"summary_large_image","twitter_misc":{"\u00c9crit par":"Chloe Gauthier","Dur\u00e9e de lecture estim\u00e9e":"2 minutes"},"schema":{"@context":"https:\/\/schema.org","@graph":[{"@type":"Article","@id":"https:\/\/www.sebastien-auziere.fr\/blog\/pt\/brigitte-macron-se-entrega-as-vezes-uma-tristeza-sem-precedentes-me-invade-retorno-sobre-seus-anos-dificeis\/#article","isPartOf":{"@id":"https:\/\/www.sebastien-auziere.fr\/blog\/pt\/brigitte-macron-se-entrega-as-vezes-uma-tristeza-sem-precedentes-me-invade-retorno-sobre-seus-anos-dificeis\/"},"author":{"name":"Chloe Gauthier","@id":"https:\/\/www.sebastien-auziere.fr\/blog\/#\/schema\/person\/149f1acdbfd85149c6c3e59adeae2f4d"},"headline":"Brigitte Macron se entrega: \u00ab\u00a0\u00c0s vezes, uma tristeza sem precedentes me invade\u00a0\u00bb \u2013 retorno sobre seus anos dif\u00edceis&#8230;","datePublished":"2026-04-27T07:11:56+00:00","dateModified":"2026-04-27T07:12:18+00:00","mainEntityOfPage":{"@id":"https:\/\/www.sebastien-auziere.fr\/blog\/pt\/brigitte-macron-se-entrega-as-vezes-uma-tristeza-sem-precedentes-me-invade-retorno-sobre-seus-anos-dificeis\/"},"wordCount":482,"commentCount":0,"publisher":{"@id":"https:\/\/www.sebastien-auziere.fr\/blog\/#organization"},"image":{"@id":"https:\/\/www.sebastien-auziere.fr\/blog\/pt\/brigitte-macron-se-entrega-as-vezes-uma-tristeza-sem-precedentes-me-invade-retorno-sobre-seus-anos-dificeis\/#primaryimage"},"thumbnailUrl":"https:\/\/www.sebastien-auziere.fr\/blog\/wp-content\/uploads\/2026\/04\/Brigitte-Macron-se-livre-Parfois-une-tristesse-inedite-menvahit-\u2013-retour-sur-ses-annees-difficiles.jpg","keywords":["anos dif\u00edceis","brigitte macron","entrevista brigitte macron","tristeza","vida pessoal"],"articleSection":["Actualidades"],"inLanguage":"fr-FR","potentialAction":[{"@type":"CommentAction","name":"Comment","target":["https:\/\/www.sebastien-auziere.fr\/blog\/pt\/brigitte-macron-se-entrega-as-vezes-uma-tristeza-sem-precedentes-me-invade-retorno-sobre-seus-anos-dificeis\/#respond"]}]},{"@type":"WebPage","@id":"https:\/\/www.sebastien-auziere.fr\/blog\/pt\/brigitte-macron-se-entrega-as-vezes-uma-tristeza-sem-precedentes-me-invade-retorno-sobre-seus-anos-dificeis\/","url":"https:\/\/www.sebastien-auziere.fr\/blog\/pt\/brigitte-macron-se-entrega-as-vezes-uma-tristeza-sem-precedentes-me-invade-retorno-sobre-seus-anos-dificeis\/","name":"Brigitte Macron se entrega: \"\u00c0s vezes, uma tristeza sem precedentes me invade\" \u2013 retorno sobre seus anos dif\u00edceis... - Fan site S\u00e9bastien Auzi\u00e8re","isPartOf":{"@id":"https:\/\/www.sebastien-auziere.fr\/blog\/#website"},"primaryImageOfPage":{"@id":"https:\/\/www.sebastien-auziere.fr\/blog\/pt\/brigitte-macron-se-entrega-as-vezes-uma-tristeza-sem-precedentes-me-invade-retorno-sobre-seus-anos-dificeis\/#primaryimage"},"image":{"@id":"https:\/\/www.sebastien-auziere.fr\/blog\/pt\/brigitte-macron-se-entrega-as-vezes-uma-tristeza-sem-precedentes-me-invade-retorno-sobre-seus-anos-dificeis\/#primaryimage"},"thumbnailUrl":"https:\/\/www.sebastien-auziere.fr\/blog\/wp-content\/uploads\/2026\/04\/Brigitte-Macron-se-livre-Parfois-une-tristesse-inedite-menvahit-\u2013-retour-sur-ses-annees-difficiles.jpg","datePublished":"2026-04-27T07:11:56+00:00","dateModified":"2026-04-27T07:12:18+00:00","description":"Brigitte Macron se confie sur ses moments de tristesse in\u00e9dite et revient sur ses ann\u00e9es difficiles dans une interview touchante.","breadcrumb":{"@id":"https:\/\/www.sebastien-auziere.fr\/blog\/pt\/brigitte-macron-se-entrega-as-vezes-uma-tristeza-sem-precedentes-me-invade-retorno-sobre-seus-anos-dificeis\/#breadcrumb"},"inLanguage":"fr-FR","potentialAction":[{"@type":"ReadAction","target":["https:\/\/www.sebastien-auziere.fr\/blog\/pt\/brigitte-macron-se-entrega-as-vezes-uma-tristeza-sem-precedentes-me-invade-retorno-sobre-seus-anos-dificeis\/"]}]},{"@type":"ImageObject","inLanguage":"fr-FR","@id":"https:\/\/www.sebastien-auziere.fr\/blog\/pt\/brigitte-macron-se-entrega-as-vezes-uma-tristeza-sem-precedentes-me-invade-retorno-sobre-seus-anos-dificeis\/#primaryimage","url":"https:\/\/www.sebastien-auziere.fr\/blog\/wp-content\/uploads\/2026\/04\/Brigitte-Macron-se-livre-Parfois-une-tristesse-inedite-menvahit-\u2013-retour-sur-ses-annees-difficiles.jpg","contentUrl":"https:\/\/www.sebastien-auziere.fr\/blog\/wp-content\/uploads\/2026\/04\/Brigitte-Macron-se-livre-Parfois-une-tristesse-inedite-menvahit-\u2013-retour-sur-ses-annees-difficiles.jpg","width":2560,"height":1429,"caption":"d\u00e9couvrez le t\u00e9moignage poignant de brigitte macron qui se confie sur ses moments de tristesse in\u00e9dite et revient sur ses ann\u00e9es difficiles."},{"@type":"BreadcrumbList","@id":"https:\/\/www.sebastien-auziere.fr\/blog\/pt\/brigitte-macron-se-entrega-as-vezes-uma-tristeza-sem-precedentes-me-invade-retorno-sobre-seus-anos-dificeis\/#breadcrumb","itemListElement":[{"@type":"ListItem","position":1,"name":"Home","item":"https:\/\/www.sebastien-auziere.fr\/blog\/"},{"@type":"ListItem","position":2,"name":"Brigitte Macron se entrega: \u00ab\u00a0\u00c0s vezes, uma tristeza sem precedentes me invade\u00a0\u00bb \u2013 retorno sobre seus anos dif\u00edceis&#8230;"}]},{"@type":"WebSite","@id":"https:\/\/www.sebastien-auziere.fr\/blog\/#website","url":"https:\/\/www.sebastien-auziere.fr\/blog\/","name":"Fan site S\u00e9bastien Auzi\u00e8re","description":"M\u00e9dia g\u00e9n\u00e9raliste","publisher":{"@id":"https:\/\/www.sebastien-auziere.fr\/blog\/#organization"},"potentialAction":[{"@type":"SearchAction","target":{"@type":"EntryPoint","urlTemplate":"https:\/\/www.sebastien-auziere.fr\/blog\/?s={search_term_string}"},"query-input":{"@type":"PropertyValueSpecification","valueRequired":true,"valueName":"search_term_string"}}],"inLanguage":"fr-FR"},{"@type":"Organization","@id":"https:\/\/www.sebastien-auziere.fr\/blog\/#organization","name":"Fan site S\u00e9bastien Auzi\u00e8re","url":"https:\/\/www.sebastien-auziere.fr\/blog\/","logo":{"@type":"ImageObject","inLanguage":"fr-FR","@id":"https:\/\/www.sebastien-auziere.fr\/blog\/#\/schema\/logo\/image\/","url":"https:\/\/www.sebastien-auziere.fr\/blog\/wp-content\/uploads\/2026\/03\/cropped-cropped-cropped-ChatGPT-Image-6-mars-2026-12_58_09-e1772798376794.jpg","contentUrl":"https:\/\/www.sebastien-auziere.fr\/blog\/wp-content\/uploads\/2026\/03\/cropped-cropped-cropped-ChatGPT-Image-6-mars-2026-12_58_09-e1772798376794.jpg","width":512,"height":360,"caption":"Fan site S\u00e9bastien Auzi\u00e8re"},"image":{"@id":"https:\/\/www.sebastien-auziere.fr\/blog\/#\/schema\/logo\/image\/"}},{"@type":"Person","@id":"https:\/\/www.sebastien-auziere.fr\/blog\/#\/schema\/person\/149f1acdbfd85149c6c3e59adeae2f4d","name":"Chloe Gauthier","image":{"@type":"ImageObject","inLanguage":"fr-FR","@id":"https:\/\/secure.gravatar.com\/avatar\/2c5722f58171cff738a8985ef0dd66b476e563753246a49019befc837ec4201a?s=96&d=mm&r=g","url":"https:\/\/secure.gravatar.com\/avatar\/2c5722f58171cff738a8985ef0dd66b476e563753246a49019befc837ec4201a?s=96&d=mm&r=g","contentUrl":"https:\/\/secure.gravatar.com\/avatar\/2c5722f58171cff738a8985ef0dd66b476e563753246a49019befc837ec4201a?s=96&d=mm&r=g","caption":"Chloe Gauthier"},"description":"Passionn\u00e9e par la politique et admiratrice engag\u00e9e de la famille Macron, je consacre mon \u00e9nergie \u00e0 suivre leurs initiatives et \u00e0 promouvoir leurs id\u00e9es. \u00c0 32 ans, je suis convaincue que leur vision est porteuse d'avenir.","url":"https:\/\/www.sebastien-auziere.fr\/blog\/author\/chloe-gauthier\/"}]}},"views":0,"_links":{"self":[{"href":"https:\/\/www.sebastien-auziere.fr\/blog\/wp-json\/wp\/v2\/posts\/3378","targetHints":{"allow":["GET"]}}],"collection":[{"href":"https:\/\/www.sebastien-auziere.fr\/blog\/wp-json\/wp\/v2\/posts"}],"about":[{"href":"https:\/\/www.sebastien-auziere.fr\/blog\/wp-json\/wp\/v2\/types\/post"}],"author":[{"embeddable":true,"href":"https:\/\/www.sebastien-auziere.fr\/blog\/wp-json\/wp\/v2\/users\/9"}],"replies":[{"embeddable":true,"href":"https:\/\/www.sebastien-auziere.fr\/blog\/wp-json\/wp\/v2\/comments?post=3378"}],"version-history":[{"count":1,"href":"https:\/\/www.sebastien-auziere.fr\/blog\/wp-json\/wp\/v2\/posts\/3378\/revisions"}],"predecessor-version":[{"id":3379,"href":"https:\/\/www.sebastien-auziere.fr\/blog\/wp-json\/wp\/v2\/posts\/3378\/revisions\/3379"}],"wp:featuredmedia":[{"embeddable":true,"href":"https:\/\/www.sebastien-auziere.fr\/blog\/wp-json\/wp\/v2\/media\/3368"}],"wp:attachment":[{"href":"https:\/\/www.sebastien-auziere.fr\/blog\/wp-json\/wp\/v2\/media?parent=3378"}],"wp:term":[{"taxonomy":"category","embeddable":true,"href":"https:\/\/www.sebastien-auziere.fr\/blog\/wp-json\/wp\/v2\/categories?post=3378"},{"taxonomy":"post_tag","embeddable":true,"href":"https:\/\/www.sebastien-auziere.fr\/blog\/wp-json\/wp\/v2\/tags?post=3378"}],"curies":[{"name":"wp","href":"https:\/\/api.w.org\/{rel}","templated":true}]}}