{"id":3376,"date":"2026-04-27T07:11:09","date_gmt":"2026-04-27T07:11:09","guid":{"rendered":"https:\/\/www.sebastien-auziere.fr\/blog\/?p=3376"},"modified":"2026-04-27T07:11:31","modified_gmt":"2026-04-27T07:11:31","slug":"brigitte-macron-si-racconta-a-volte-una-tristezza-inedita-mi-invadre-ritorno-sui-suoi-anni-difficili","status":"publish","type":"post","link":"https:\/\/www.sebastien-auziere.fr\/blog\/it\/brigitte-macron-si-racconta-a-volte-una-tristezza-inedita-mi-invadre-ritorno-sui-suoi-anni-difficili\/","title":{"rendered":"Brigitte Macron si racconta: \u00ab\u00a0A volte, una tristezza inedita mi invadre\u00a0\u00bb \u2013 ritorno sui suoi anni difficili&#8230;"},"content":{"rendered":"<p><strong>Brigitte Macron<\/strong> ha pronunciato questa frase che risuona: <strong>\u00ab\u00a0A volte, una tristezza inedita mi invade\u00a0\u00bb<\/strong>, durante un&rsquo;intervista a <strong>La Tribune<\/strong> all&rsquo;\u00c9lys\u00e9e. Si percepisce subito l&#8217;emozione e la gravit\u00e0 di una testimonianza che ripercorre quasi un decennio al centro del potere.<\/p>\n\n<p>Affirma di aver vissuto <strong>anni difficili<\/strong>, un bilancio umano fatto di <strong>sufferdenza<\/strong> e <strong>resilienza<\/strong>, e confida che la scrittura l&rsquo;aiuta a superare questi momenti. Questa <strong>confessione<\/strong> sulla sua <strong>vita personale<\/strong> \u00e8 stata resa pubblica mentre deve lasciare l&rsquo;\u00c9lys\u00e9e nel 2027 dopo due mandati.<\/p>\n\n<h2 class=\"wp-block-heading\">Le parole che colpiscono: confessione e tristezza<\/h2>\n\n<p>Nell&rsquo;intervista, <strong>Brigitte Macron<\/strong> menziona di essere stata \u00ab\u00a0a volte triste come mai\u00a0\u00bb sin dal suo ingresso all&rsquo;\u00c9lys\u00e9e, ricordando che prima conduceva una <strong>vita personale<\/strong> pi\u00f9 ordinaria, tra figli e lavoro di insegnante. Parla di \u00ab\u00a0tenebre del mondo\u00a0\u00bb, della malvagit\u00e0 che ha visto, e di un pessimismo inedito. Questo passaggio segna l&rsquo;angolo umano della sua testimonianza e mostra quanto la funzione possa pesare sulla vita privata.<\/p>\n\n<h3 class=\"wp-block-heading\">Ciberbullismo e risposta legale<\/h3>\n\n<p>La <strong>sufferdenza<\/strong> non \u00e8 solo interiore: Brigitte Macron ha subito un importante ciberbullismo, con diffuse insulti e voci sulla sua relazione. A gennaio, diversi imputati sono stati condannati a pene fino a sei mesi di carcere effettivo, la maggior parte con la sospensione della pena. La coppia ha scelto di procedere legalmente in Francia e negli Stati Uniti, dopo una denuncia nell&rsquo;estate del 2024 per voci di grande impatto.<\/p>\n\n<h2 class=\"wp-block-heading\">Come ha imparato a resistere<\/h2>\n\n<p>Per superare questa esposizione, confida che <strong>la scrittura<\/strong> le \u00e8 di grande aiuto e che la famiglia rimane un pilastro. Si ricorda che ha incontrato Emmanuel Macron mentre insegnava teatro al liceo, un episodio spesso citato per umanizzare la loro storia. La sua capacit\u00e0 di ritrovare il centro e coltivare attivit\u00e0 semplici testimonia una <strong>resilienza<\/strong> consapevole di fronte all&rsquo;avversit\u00e0.<\/p>\n\n<h3 class=\"wp-block-heading\">Dallo sguardo pubblico alla preservazione della vita privata<\/h3>\n\n<p>La <strong>vita privata<\/strong> di Brigitte \u00e8 stata messa a dura prova da voci \u2014 incluso il falso accusa di transidentit\u00e0 che ha profondamente colpito il suo entourage. Ha spiegato agli investigatori nell&rsquo;agosto del 2024 l&rsquo;impatto \u00ab\u00a0molto forte\u00a0\u00bb di queste voci. Questa testimonianza pubblica illustra la tensione tra ruolo istituzionale e protezione dell&rsquo;intimo, e sottolinea la necessit\u00e0 di difendere la dignit\u00e0 di fronte agli attacchi.<\/p>\n\n<p>Per approfondire questo racconto e scoprire altri angoli sulle <strong>prove<\/strong> della prima donna e sulla dinamica familiare al centro della vita politica, consulta gli articoli e le analisi disponibili su <a href=\"https:\/\/www.sebastien-auziere.fr\/blog\/brigitte-macron-epreuves-elysee\/\">il dossier sulle sue prove all&rsquo;\u00c9lys\u00e9e<\/a> ed esplora le controversie documentate <a href=\"https:\/\/www.sebastien-auziere.fr\/blog\/brigitte-macron-controverse\/\">su sebastien-auziere.fr<\/a>. Scoprire di pi\u00f9 permette di comprendere meglio il percorso, la <strong>sufferdenza<\/strong> e la <strong>resilienza<\/strong> dietro i titoli.<\/p>","protected":false},"excerpt":{"rendered":"<p>Brigitte Macron ha pronunciato questa frase che risuona: \u00ab\u00a0A volte, una tristezza inedita mi invade\u00a0\u00bb, durante un&rsquo;intervista a La Tribune all&rsquo;\u00c9lys\u00e9e. Si percepisce subito l&#8217;emozione e la gravit\u00e0 di una testimonianza che ripercorre quasi un decennio al centro del potere. Affirma di aver vissuto anni difficili, un bilancio umano fatto di sufferdenza e resilienza, e &#8230; <a title=\"Brigitte Macron si racconta: \u00ab\u00a0A volte, una tristezza inedita mi invadre\u00a0\u00bb \u2013 ritorno sui suoi anni difficili&#8230;\" class=\"read-more\" href=\"https:\/\/www.sebastien-auziere.fr\/blog\/it\/brigitte-macron-si-racconta-a-volte-una-tristezza-inedita-mi-invadre-ritorno-sui-suoi-anni-difficili\/\" aria-label=\"En savoir plus sur Brigitte Macron si racconta: \u00ab\u00a0A volte, una tristezza inedita mi invadre\u00a0\u00bb \u2013 ritorno sui suoi anni difficili&#8230;\">Lire plus<\/a><\/p>\n","protected":false},"author":9,"featured_media":3368,"comment_status":"open","ping_status":"open","sticky":false,"template":"","format":"standard","meta":{"footnotes":""},"categories":[859],"tags":[4539,944,4542,4423,4545],"class_list":["post-3376","post","type-post","status-publish","format-standard","has-post-thumbnail","hentry","category-actualita-it","tag-anni-difficili-it","tag-brigitte-macron-it","tag-intervista-brigitte-macron-it","tag-tristezza-it","tag-vita-personale-it"],"yoast_head":"<!-- This site is optimized with the Yoast SEO plugin v27.5 - https:\/\/yoast.com\/product\/yoast-seo-wordpress\/ -->\n<title>Brigitte Macron si racconta: &quot;A volte, una tristezza inedita mi invadre&quot; \u2013 ritorno sui suoi anni difficili... - Fan site S\u00e9bastien Auzi\u00e8re<\/title>\n<meta name=\"description\" content=\"Brigitte Macron se confie sur ses moments de tristesse in\u00e9dite et revient sur ses ann\u00e9es difficiles dans une interview touchante.\" \/>\n<meta name=\"robots\" content=\"index, follow, max-snippet:-1, max-image-preview:large, max-video-preview:-1\" \/>\n<link rel=\"canonical\" href=\"https:\/\/www.sebastien-auziere.fr\/blog\/it\/brigitte-macron-si-racconta-a-volte-una-tristezza-inedita-mi-invadre-ritorno-sui-suoi-anni-difficili\/\" \/>\n<meta property=\"og:locale\" content=\"fr_FR\" \/>\n<meta property=\"og:type\" content=\"article\" \/>\n<meta property=\"og:title\" content=\"Brigitte Macron si racconta: &quot;A volte, una tristezza inedita mi invadre&quot; \u2013 ritorno sui suoi anni difficili... - Fan site S\u00e9bastien Auzi\u00e8re\" \/>\n<meta property=\"og:description\" content=\"Brigitte Macron se confie sur ses moments de tristesse in\u00e9dite et revient sur ses ann\u00e9es difficiles dans une interview touchante.\" \/>\n<meta property=\"og:url\" content=\"https:\/\/www.sebastien-auziere.fr\/blog\/it\/brigitte-macron-si-racconta-a-volte-una-tristezza-inedita-mi-invadre-ritorno-sui-suoi-anni-difficili\/\" \/>\n<meta property=\"og:site_name\" content=\"Fan site S\u00e9bastien Auzi\u00e8re\" \/>\n<meta property=\"article:published_time\" content=\"2026-04-27T07:11:09+00:00\" \/>\n<meta property=\"article:modified_time\" content=\"2026-04-27T07:11:31+00:00\" \/>\n<meta property=\"og:image\" content=\"https:\/\/www.sebastien-auziere.fr\/blog\/wp-content\/uploads\/2026\/04\/Brigitte-Macron-se-livre-Parfois-une-tristesse-inedite-menvahit-\u2013-retour-sur-ses-annees-difficiles.jpg\" \/>\n\t<meta property=\"og:image:width\" content=\"2560\" \/>\n\t<meta property=\"og:image:height\" content=\"1429\" \/>\n\t<meta property=\"og:image:type\" content=\"image\/jpeg\" \/>\n<meta name=\"author\" content=\"Chloe Gauthier\" \/>\n<meta name=\"twitter:card\" content=\"summary_large_image\" \/>\n<meta name=\"twitter:label1\" content=\"\u00c9crit par\" \/>\n\t<meta name=\"twitter:data1\" content=\"Chloe Gauthier\" \/>\n\t<meta name=\"twitter:label2\" content=\"Dur\u00e9e de lecture estim\u00e9e\" \/>\n\t<meta name=\"twitter:data2\" content=\"2 minutes\" \/>\n<script type=\"application\/ld+json\" class=\"yoast-schema-graph\">{\"@context\":\"https:\\\/\\\/schema.org\",\"@graph\":[{\"@type\":\"Article\",\"@id\":\"https:\\\/\\\/www.sebastien-auziere.fr\\\/blog\\\/it\\\/brigitte-macron-si-racconta-a-volte-una-tristezza-inedita-mi-invadre-ritorno-sui-suoi-anni-difficili\\\/#article\",\"isPartOf\":{\"@id\":\"https:\\\/\\\/www.sebastien-auziere.fr\\\/blog\\\/it\\\/brigitte-macron-si-racconta-a-volte-una-tristezza-inedita-mi-invadre-ritorno-sui-suoi-anni-difficili\\\/\"},\"author\":{\"name\":\"Chloe Gauthier\",\"@id\":\"https:\\\/\\\/www.sebastien-auziere.fr\\\/blog\\\/#\\\/schema\\\/person\\\/149f1acdbfd85149c6c3e59adeae2f4d\"},\"headline\":\"Brigitte Macron si racconta: \u00ab\u00a0A volte, una tristezza inedita mi invadre\u00a0\u00bb \u2013 ritorno sui suoi anni difficili&#8230;\",\"datePublished\":\"2026-04-27T07:11:09+00:00\",\"dateModified\":\"2026-04-27T07:11:31+00:00\",\"mainEntityOfPage\":{\"@id\":\"https:\\\/\\\/www.sebastien-auziere.fr\\\/blog\\\/it\\\/brigitte-macron-si-racconta-a-volte-una-tristezza-inedita-mi-invadre-ritorno-sui-suoi-anni-difficili\\\/\"},\"wordCount\":441,\"commentCount\":0,\"publisher\":{\"@id\":\"https:\\\/\\\/www.sebastien-auziere.fr\\\/blog\\\/#organization\"},\"image\":{\"@id\":\"https:\\\/\\\/www.sebastien-auziere.fr\\\/blog\\\/it\\\/brigitte-macron-si-racconta-a-volte-una-tristezza-inedita-mi-invadre-ritorno-sui-suoi-anni-difficili\\\/#primaryimage\"},\"thumbnailUrl\":\"https:\\\/\\\/www.sebastien-auziere.fr\\\/blog\\\/wp-content\\\/uploads\\\/2026\\\/04\\\/Brigitte-Macron-se-livre-Parfois-une-tristesse-inedite-menvahit-\u2013-retour-sur-ses-annees-difficiles.jpg\",\"keywords\":[\"anni difficili\",\"brigitte macron\",\"intervista brigitte macron\",\"tristezza\",\"vita personale\"],\"articleSection\":[\"Actualit\u00e0\"],\"inLanguage\":\"fr-FR\",\"potentialAction\":[{\"@type\":\"CommentAction\",\"name\":\"Comment\",\"target\":[\"https:\\\/\\\/www.sebastien-auziere.fr\\\/blog\\\/it\\\/brigitte-macron-si-racconta-a-volte-una-tristezza-inedita-mi-invadre-ritorno-sui-suoi-anni-difficili\\\/#respond\"]}]},{\"@type\":\"WebPage\",\"@id\":\"https:\\\/\\\/www.sebastien-auziere.fr\\\/blog\\\/it\\\/brigitte-macron-si-racconta-a-volte-una-tristezza-inedita-mi-invadre-ritorno-sui-suoi-anni-difficili\\\/\",\"url\":\"https:\\\/\\\/www.sebastien-auziere.fr\\\/blog\\\/it\\\/brigitte-macron-si-racconta-a-volte-una-tristezza-inedita-mi-invadre-ritorno-sui-suoi-anni-difficili\\\/\",\"name\":\"Brigitte Macron si racconta: \\\"A volte, una tristezza inedita mi invadre\\\" \u2013 ritorno sui suoi anni difficili... - Fan site S\u00e9bastien Auzi\u00e8re\",\"isPartOf\":{\"@id\":\"https:\\\/\\\/www.sebastien-auziere.fr\\\/blog\\\/#website\"},\"primaryImageOfPage\":{\"@id\":\"https:\\\/\\\/www.sebastien-auziere.fr\\\/blog\\\/it\\\/brigitte-macron-si-racconta-a-volte-una-tristezza-inedita-mi-invadre-ritorno-sui-suoi-anni-difficili\\\/#primaryimage\"},\"image\":{\"@id\":\"https:\\\/\\\/www.sebastien-auziere.fr\\\/blog\\\/it\\\/brigitte-macron-si-racconta-a-volte-una-tristezza-inedita-mi-invadre-ritorno-sui-suoi-anni-difficili\\\/#primaryimage\"},\"thumbnailUrl\":\"https:\\\/\\\/www.sebastien-auziere.fr\\\/blog\\\/wp-content\\\/uploads\\\/2026\\\/04\\\/Brigitte-Macron-se-livre-Parfois-une-tristesse-inedite-menvahit-\u2013-retour-sur-ses-annees-difficiles.jpg\",\"datePublished\":\"2026-04-27T07:11:09+00:00\",\"dateModified\":\"2026-04-27T07:11:31+00:00\",\"description\":\"Brigitte Macron se confie sur ses moments de tristesse in\u00e9dite et revient sur ses ann\u00e9es difficiles dans une interview touchante.\",\"breadcrumb\":{\"@id\":\"https:\\\/\\\/www.sebastien-auziere.fr\\\/blog\\\/it\\\/brigitte-macron-si-racconta-a-volte-una-tristezza-inedita-mi-invadre-ritorno-sui-suoi-anni-difficili\\\/#breadcrumb\"},\"inLanguage\":\"fr-FR\",\"potentialAction\":[{\"@type\":\"ReadAction\",\"target\":[\"https:\\\/\\\/www.sebastien-auziere.fr\\\/blog\\\/it\\\/brigitte-macron-si-racconta-a-volte-una-tristezza-inedita-mi-invadre-ritorno-sui-suoi-anni-difficili\\\/\"]}]},{\"@type\":\"ImageObject\",\"inLanguage\":\"fr-FR\",\"@id\":\"https:\\\/\\\/www.sebastien-auziere.fr\\\/blog\\\/it\\\/brigitte-macron-si-racconta-a-volte-una-tristezza-inedita-mi-invadre-ritorno-sui-suoi-anni-difficili\\\/#primaryimage\",\"url\":\"https:\\\/\\\/www.sebastien-auziere.fr\\\/blog\\\/wp-content\\\/uploads\\\/2026\\\/04\\\/Brigitte-Macron-se-livre-Parfois-une-tristesse-inedite-menvahit-\u2013-retour-sur-ses-annees-difficiles.jpg\",\"contentUrl\":\"https:\\\/\\\/www.sebastien-auziere.fr\\\/blog\\\/wp-content\\\/uploads\\\/2026\\\/04\\\/Brigitte-Macron-se-livre-Parfois-une-tristesse-inedite-menvahit-\u2013-retour-sur-ses-annees-difficiles.jpg\",\"width\":2560,\"height\":1429,\"caption\":\"d\u00e9couvrez le t\u00e9moignage poignant de brigitte macron qui se confie sur ses moments de tristesse in\u00e9dite et revient sur ses ann\u00e9es difficiles.\"},{\"@type\":\"BreadcrumbList\",\"@id\":\"https:\\\/\\\/www.sebastien-auziere.fr\\\/blog\\\/it\\\/brigitte-macron-si-racconta-a-volte-una-tristezza-inedita-mi-invadre-ritorno-sui-suoi-anni-difficili\\\/#breadcrumb\",\"itemListElement\":[{\"@type\":\"ListItem\",\"position\":1,\"name\":\"Home\",\"item\":\"https:\\\/\\\/www.sebastien-auziere.fr\\\/blog\\\/\"},{\"@type\":\"ListItem\",\"position\":2,\"name\":\"Brigitte Macron si racconta: \u00ab\u00a0A volte, una tristezza inedita mi invadre\u00a0\u00bb \u2013 ritorno sui suoi anni difficili&#8230;\"}]},{\"@type\":\"WebSite\",\"@id\":\"https:\\\/\\\/www.sebastien-auziere.fr\\\/blog\\\/#website\",\"url\":\"https:\\\/\\\/www.sebastien-auziere.fr\\\/blog\\\/\",\"name\":\"Fan site S\u00e9bastien Auzi\u00e8re\",\"description\":\"M\u00e9dia g\u00e9n\u00e9raliste\",\"publisher\":{\"@id\":\"https:\\\/\\\/www.sebastien-auziere.fr\\\/blog\\\/#organization\"},\"potentialAction\":[{\"@type\":\"SearchAction\",\"target\":{\"@type\":\"EntryPoint\",\"urlTemplate\":\"https:\\\/\\\/www.sebastien-auziere.fr\\\/blog\\\/?s={search_term_string}\"},\"query-input\":{\"@type\":\"PropertyValueSpecification\",\"valueRequired\":true,\"valueName\":\"search_term_string\"}}],\"inLanguage\":\"fr-FR\"},{\"@type\":\"Organization\",\"@id\":\"https:\\\/\\\/www.sebastien-auziere.fr\\\/blog\\\/#organization\",\"name\":\"Fan site S\u00e9bastien Auzi\u00e8re\",\"url\":\"https:\\\/\\\/www.sebastien-auziere.fr\\\/blog\\\/\",\"logo\":{\"@type\":\"ImageObject\",\"inLanguage\":\"fr-FR\",\"@id\":\"https:\\\/\\\/www.sebastien-auziere.fr\\\/blog\\\/#\\\/schema\\\/logo\\\/image\\\/\",\"url\":\"https:\\\/\\\/www.sebastien-auziere.fr\\\/blog\\\/wp-content\\\/uploads\\\/2026\\\/03\\\/cropped-cropped-cropped-ChatGPT-Image-6-mars-2026-12_58_09-e1772798376794.jpg\",\"contentUrl\":\"https:\\\/\\\/www.sebastien-auziere.fr\\\/blog\\\/wp-content\\\/uploads\\\/2026\\\/03\\\/cropped-cropped-cropped-ChatGPT-Image-6-mars-2026-12_58_09-e1772798376794.jpg\",\"width\":512,\"height\":360,\"caption\":\"Fan site S\u00e9bastien Auzi\u00e8re\"},\"image\":{\"@id\":\"https:\\\/\\\/www.sebastien-auziere.fr\\\/blog\\\/#\\\/schema\\\/logo\\\/image\\\/\"}},{\"@type\":\"Person\",\"@id\":\"https:\\\/\\\/www.sebastien-auziere.fr\\\/blog\\\/#\\\/schema\\\/person\\\/149f1acdbfd85149c6c3e59adeae2f4d\",\"name\":\"Chloe Gauthier\",\"image\":{\"@type\":\"ImageObject\",\"inLanguage\":\"fr-FR\",\"@id\":\"https:\\\/\\\/secure.gravatar.com\\\/avatar\\\/2c5722f58171cff738a8985ef0dd66b476e563753246a49019befc837ec4201a?s=96&d=mm&r=g\",\"url\":\"https:\\\/\\\/secure.gravatar.com\\\/avatar\\\/2c5722f58171cff738a8985ef0dd66b476e563753246a49019befc837ec4201a?s=96&d=mm&r=g\",\"contentUrl\":\"https:\\\/\\\/secure.gravatar.com\\\/avatar\\\/2c5722f58171cff738a8985ef0dd66b476e563753246a49019befc837ec4201a?s=96&d=mm&r=g\",\"caption\":\"Chloe Gauthier\"},\"description\":\"Passionn\u00e9e par la politique et admiratrice engag\u00e9e de la famille Macron, je consacre mon \u00e9nergie \u00e0 suivre leurs initiatives et \u00e0 promouvoir leurs id\u00e9es. \u00c0 32 ans, je suis convaincue que leur vision est porteuse d'avenir.\",\"url\":\"https:\\\/\\\/www.sebastien-auziere.fr\\\/blog\\\/author\\\/chloe-gauthier\\\/\"}]}<\/script>\n<!-- \/ Yoast SEO plugin. -->","yoast_head_json":{"title":"Brigitte Macron si racconta: \"A volte, una tristezza inedita mi invadre\" \u2013 ritorno sui suoi anni difficili... - Fan site S\u00e9bastien Auzi\u00e8re","description":"Brigitte Macron se confie sur ses moments de tristesse in\u00e9dite et revient sur ses ann\u00e9es difficiles dans une interview touchante.","robots":{"index":"index","follow":"follow","max-snippet":"max-snippet:-1","max-image-preview":"max-image-preview:large","max-video-preview":"max-video-preview:-1"},"canonical":"https:\/\/www.sebastien-auziere.fr\/blog\/it\/brigitte-macron-si-racconta-a-volte-una-tristezza-inedita-mi-invadre-ritorno-sui-suoi-anni-difficili\/","og_locale":"fr_FR","og_type":"article","og_title":"Brigitte Macron si racconta: \"A volte, una tristezza inedita mi invadre\" \u2013 ritorno sui suoi anni difficili... - Fan site S\u00e9bastien Auzi\u00e8re","og_description":"Brigitte Macron se confie sur ses moments de tristesse in\u00e9dite et revient sur ses ann\u00e9es difficiles dans une interview touchante.","og_url":"https:\/\/www.sebastien-auziere.fr\/blog\/it\/brigitte-macron-si-racconta-a-volte-una-tristezza-inedita-mi-invadre-ritorno-sui-suoi-anni-difficili\/","og_site_name":"Fan site S\u00e9bastien Auzi\u00e8re","article_published_time":"2026-04-27T07:11:09+00:00","article_modified_time":"2026-04-27T07:11:31+00:00","og_image":[{"width":2560,"height":1429,"url":"https:\/\/www.sebastien-auziere.fr\/blog\/wp-content\/uploads\/2026\/04\/Brigitte-Macron-se-livre-Parfois-une-tristesse-inedite-menvahit-\u2013-retour-sur-ses-annees-difficiles.jpg","type":"image\/jpeg"}],"author":"Chloe Gauthier","twitter_card":"summary_large_image","twitter_misc":{"\u00c9crit par":"Chloe Gauthier","Dur\u00e9e de lecture estim\u00e9e":"2 minutes"},"schema":{"@context":"https:\/\/schema.org","@graph":[{"@type":"Article","@id":"https:\/\/www.sebastien-auziere.fr\/blog\/it\/brigitte-macron-si-racconta-a-volte-una-tristezza-inedita-mi-invadre-ritorno-sui-suoi-anni-difficili\/#article","isPartOf":{"@id":"https:\/\/www.sebastien-auziere.fr\/blog\/it\/brigitte-macron-si-racconta-a-volte-una-tristezza-inedita-mi-invadre-ritorno-sui-suoi-anni-difficili\/"},"author":{"name":"Chloe Gauthier","@id":"https:\/\/www.sebastien-auziere.fr\/blog\/#\/schema\/person\/149f1acdbfd85149c6c3e59adeae2f4d"},"headline":"Brigitte Macron si racconta: \u00ab\u00a0A volte, una tristezza inedita mi invadre\u00a0\u00bb \u2013 ritorno sui suoi anni difficili&#8230;","datePublished":"2026-04-27T07:11:09+00:00","dateModified":"2026-04-27T07:11:31+00:00","mainEntityOfPage":{"@id":"https:\/\/www.sebastien-auziere.fr\/blog\/it\/brigitte-macron-si-racconta-a-volte-una-tristezza-inedita-mi-invadre-ritorno-sui-suoi-anni-difficili\/"},"wordCount":441,"commentCount":0,"publisher":{"@id":"https:\/\/www.sebastien-auziere.fr\/blog\/#organization"},"image":{"@id":"https:\/\/www.sebastien-auziere.fr\/blog\/it\/brigitte-macron-si-racconta-a-volte-una-tristezza-inedita-mi-invadre-ritorno-sui-suoi-anni-difficili\/#primaryimage"},"thumbnailUrl":"https:\/\/www.sebastien-auziere.fr\/blog\/wp-content\/uploads\/2026\/04\/Brigitte-Macron-se-livre-Parfois-une-tristesse-inedite-menvahit-\u2013-retour-sur-ses-annees-difficiles.jpg","keywords":["anni difficili","brigitte macron","intervista brigitte macron","tristezza","vita personale"],"articleSection":["Actualit\u00e0"],"inLanguage":"fr-FR","potentialAction":[{"@type":"CommentAction","name":"Comment","target":["https:\/\/www.sebastien-auziere.fr\/blog\/it\/brigitte-macron-si-racconta-a-volte-una-tristezza-inedita-mi-invadre-ritorno-sui-suoi-anni-difficili\/#respond"]}]},{"@type":"WebPage","@id":"https:\/\/www.sebastien-auziere.fr\/blog\/it\/brigitte-macron-si-racconta-a-volte-una-tristezza-inedita-mi-invadre-ritorno-sui-suoi-anni-difficili\/","url":"https:\/\/www.sebastien-auziere.fr\/blog\/it\/brigitte-macron-si-racconta-a-volte-una-tristezza-inedita-mi-invadre-ritorno-sui-suoi-anni-difficili\/","name":"Brigitte Macron si racconta: \"A volte, una tristezza inedita mi invadre\" \u2013 ritorno sui suoi anni difficili... - Fan site S\u00e9bastien Auzi\u00e8re","isPartOf":{"@id":"https:\/\/www.sebastien-auziere.fr\/blog\/#website"},"primaryImageOfPage":{"@id":"https:\/\/www.sebastien-auziere.fr\/blog\/it\/brigitte-macron-si-racconta-a-volte-una-tristezza-inedita-mi-invadre-ritorno-sui-suoi-anni-difficili\/#primaryimage"},"image":{"@id":"https:\/\/www.sebastien-auziere.fr\/blog\/it\/brigitte-macron-si-racconta-a-volte-una-tristezza-inedita-mi-invadre-ritorno-sui-suoi-anni-difficili\/#primaryimage"},"thumbnailUrl":"https:\/\/www.sebastien-auziere.fr\/blog\/wp-content\/uploads\/2026\/04\/Brigitte-Macron-se-livre-Parfois-une-tristesse-inedite-menvahit-\u2013-retour-sur-ses-annees-difficiles.jpg","datePublished":"2026-04-27T07:11:09+00:00","dateModified":"2026-04-27T07:11:31+00:00","description":"Brigitte Macron se confie sur ses moments de tristesse in\u00e9dite et revient sur ses ann\u00e9es difficiles dans une interview touchante.","breadcrumb":{"@id":"https:\/\/www.sebastien-auziere.fr\/blog\/it\/brigitte-macron-si-racconta-a-volte-una-tristezza-inedita-mi-invadre-ritorno-sui-suoi-anni-difficili\/#breadcrumb"},"inLanguage":"fr-FR","potentialAction":[{"@type":"ReadAction","target":["https:\/\/www.sebastien-auziere.fr\/blog\/it\/brigitte-macron-si-racconta-a-volte-una-tristezza-inedita-mi-invadre-ritorno-sui-suoi-anni-difficili\/"]}]},{"@type":"ImageObject","inLanguage":"fr-FR","@id":"https:\/\/www.sebastien-auziere.fr\/blog\/it\/brigitte-macron-si-racconta-a-volte-una-tristezza-inedita-mi-invadre-ritorno-sui-suoi-anni-difficili\/#primaryimage","url":"https:\/\/www.sebastien-auziere.fr\/blog\/wp-content\/uploads\/2026\/04\/Brigitte-Macron-se-livre-Parfois-une-tristesse-inedite-menvahit-\u2013-retour-sur-ses-annees-difficiles.jpg","contentUrl":"https:\/\/www.sebastien-auziere.fr\/blog\/wp-content\/uploads\/2026\/04\/Brigitte-Macron-se-livre-Parfois-une-tristesse-inedite-menvahit-\u2013-retour-sur-ses-annees-difficiles.jpg","width":2560,"height":1429,"caption":"d\u00e9couvrez le t\u00e9moignage poignant de brigitte macron qui se confie sur ses moments de tristesse in\u00e9dite et revient sur ses ann\u00e9es difficiles."},{"@type":"BreadcrumbList","@id":"https:\/\/www.sebastien-auziere.fr\/blog\/it\/brigitte-macron-si-racconta-a-volte-una-tristezza-inedita-mi-invadre-ritorno-sui-suoi-anni-difficili\/#breadcrumb","itemListElement":[{"@type":"ListItem","position":1,"name":"Home","item":"https:\/\/www.sebastien-auziere.fr\/blog\/"},{"@type":"ListItem","position":2,"name":"Brigitte Macron si racconta: \u00ab\u00a0A volte, una tristezza inedita mi invadre\u00a0\u00bb \u2013 ritorno sui suoi anni difficili&#8230;"}]},{"@type":"WebSite","@id":"https:\/\/www.sebastien-auziere.fr\/blog\/#website","url":"https:\/\/www.sebastien-auziere.fr\/blog\/","name":"Fan site S\u00e9bastien Auzi\u00e8re","description":"M\u00e9dia g\u00e9n\u00e9raliste","publisher":{"@id":"https:\/\/www.sebastien-auziere.fr\/blog\/#organization"},"potentialAction":[{"@type":"SearchAction","target":{"@type":"EntryPoint","urlTemplate":"https:\/\/www.sebastien-auziere.fr\/blog\/?s={search_term_string}"},"query-input":{"@type":"PropertyValueSpecification","valueRequired":true,"valueName":"search_term_string"}}],"inLanguage":"fr-FR"},{"@type":"Organization","@id":"https:\/\/www.sebastien-auziere.fr\/blog\/#organization","name":"Fan site S\u00e9bastien Auzi\u00e8re","url":"https:\/\/www.sebastien-auziere.fr\/blog\/","logo":{"@type":"ImageObject","inLanguage":"fr-FR","@id":"https:\/\/www.sebastien-auziere.fr\/blog\/#\/schema\/logo\/image\/","url":"https:\/\/www.sebastien-auziere.fr\/blog\/wp-content\/uploads\/2026\/03\/cropped-cropped-cropped-ChatGPT-Image-6-mars-2026-12_58_09-e1772798376794.jpg","contentUrl":"https:\/\/www.sebastien-auziere.fr\/blog\/wp-content\/uploads\/2026\/03\/cropped-cropped-cropped-ChatGPT-Image-6-mars-2026-12_58_09-e1772798376794.jpg","width":512,"height":360,"caption":"Fan site S\u00e9bastien Auzi\u00e8re"},"image":{"@id":"https:\/\/www.sebastien-auziere.fr\/blog\/#\/schema\/logo\/image\/"}},{"@type":"Person","@id":"https:\/\/www.sebastien-auziere.fr\/blog\/#\/schema\/person\/149f1acdbfd85149c6c3e59adeae2f4d","name":"Chloe Gauthier","image":{"@type":"ImageObject","inLanguage":"fr-FR","@id":"https:\/\/secure.gravatar.com\/avatar\/2c5722f58171cff738a8985ef0dd66b476e563753246a49019befc837ec4201a?s=96&d=mm&r=g","url":"https:\/\/secure.gravatar.com\/avatar\/2c5722f58171cff738a8985ef0dd66b476e563753246a49019befc837ec4201a?s=96&d=mm&r=g","contentUrl":"https:\/\/secure.gravatar.com\/avatar\/2c5722f58171cff738a8985ef0dd66b476e563753246a49019befc837ec4201a?s=96&d=mm&r=g","caption":"Chloe Gauthier"},"description":"Passionn\u00e9e par la politique et admiratrice engag\u00e9e de la famille Macron, je consacre mon \u00e9nergie \u00e0 suivre leurs initiatives et \u00e0 promouvoir leurs id\u00e9es. \u00c0 32 ans, je suis convaincue que leur vision est porteuse d'avenir.","url":"https:\/\/www.sebastien-auziere.fr\/blog\/author\/chloe-gauthier\/"}]}},"views":0,"_links":{"self":[{"href":"https:\/\/www.sebastien-auziere.fr\/blog\/wp-json\/wp\/v2\/posts\/3376","targetHints":{"allow":["GET"]}}],"collection":[{"href":"https:\/\/www.sebastien-auziere.fr\/blog\/wp-json\/wp\/v2\/posts"}],"about":[{"href":"https:\/\/www.sebastien-auziere.fr\/blog\/wp-json\/wp\/v2\/types\/post"}],"author":[{"embeddable":true,"href":"https:\/\/www.sebastien-auziere.fr\/blog\/wp-json\/wp\/v2\/users\/9"}],"replies":[{"embeddable":true,"href":"https:\/\/www.sebastien-auziere.fr\/blog\/wp-json\/wp\/v2\/comments?post=3376"}],"version-history":[{"count":1,"href":"https:\/\/www.sebastien-auziere.fr\/blog\/wp-json\/wp\/v2\/posts\/3376\/revisions"}],"predecessor-version":[{"id":3377,"href":"https:\/\/www.sebastien-auziere.fr\/blog\/wp-json\/wp\/v2\/posts\/3376\/revisions\/3377"}],"wp:featuredmedia":[{"embeddable":true,"href":"https:\/\/www.sebastien-auziere.fr\/blog\/wp-json\/wp\/v2\/media\/3368"}],"wp:attachment":[{"href":"https:\/\/www.sebastien-auziere.fr\/blog\/wp-json\/wp\/v2\/media?parent=3376"}],"wp:term":[{"taxonomy":"category","embeddable":true,"href":"https:\/\/www.sebastien-auziere.fr\/blog\/wp-json\/wp\/v2\/categories?post=3376"},{"taxonomy":"post_tag","embeddable":true,"href":"https:\/\/www.sebastien-auziere.fr\/blog\/wp-json\/wp\/v2\/tags?post=3376"}],"curies":[{"name":"wp","href":"https:\/\/api.w.org\/{rel}","templated":true}]}}