{"id":3374,"date":"2026-04-27T07:09:26","date_gmt":"2026-04-27T07:09:26","guid":{"rendered":"https:\/\/www.sebastien-auziere.fr\/blog\/?p=3374"},"modified":"2026-04-27T07:09:50","modified_gmt":"2026-04-27T07:09:50","slug":"brigitte-macron-gibt-sich-zu-erkennen-manchmal-uberkommt-mich-eine-bisher-unbekannte-traurigkeit-ruckblick-auf-ihre-schwierigen-jahre","status":"publish","type":"post","link":"https:\/\/www.sebastien-auziere.fr\/blog\/de\/brigitte-macron-gibt-sich-zu-erkennen-manchmal-uberkommt-mich-eine-bisher-unbekannte-traurigkeit-ruckblick-auf-ihre-schwierigen-jahre\/","title":{"rendered":"Brigitte Macron gibt sich zu erkennen: \u00ab\u00a0Manchmal \u00fcberkommt mich eine bisher unbekannte Traurigkeit\u00a0\u00bb \u2013 R\u00fcckblick auf ihre schwierigen Jahre&#8230;"},"content":{"rendered":"<p><strong>Brigitte Macron<\/strong> hat diesen eindrucksvollen Satz ge\u00e4u\u00dfert: <strong>\u00ab\u00a0Manchmal \u00fcberkommt mich eine unbekannte Traurigkeit\u00a0\u00bb<\/strong>, in einem Interview mit <strong>La Tribune<\/strong> im \u00c9lys\u00e9e. Man sp\u00fcrt sofort die Emotion und die Schwere eines Berichts, der auf fast ein Jahrzehnt an der Spitze der Macht zur\u00fcckblickt.<\/p>\n\n<p>Sie sagt, sie habe <strong>schwierige Jahre<\/strong> erlebt, eine menschliche Bilanz aus <strong>Leid<\/strong> und <strong>Resilienz<\/strong>, und gesteht, dass das Schreiben ihr hilft, diese Momente zu \u00fcberstehen. Dieses <strong>Bekenntnis<\/strong> \u00fcber ihr <strong>pers\u00f6nliches Leben<\/strong> wurde \u00f6ffentlich, w\u00e4hrend sie 2027 nach zwei Amtszeiten das \u00c9lys\u00e9e verlassen muss.<\/p>\n\n<h2 class=\"wp-block-heading\">Die schlagenden Worte: Bekenntnis und Traurigkeit<\/h2>\n\n<p>In dem Interview erw\u00e4hnt <strong>Brigitte Macron<\/strong>, dass sie \u00ab\u00a0manchmal trauriger als je zuvor\u00a0\u00bb gewesen sei, seit sie ins \u00c9lys\u00e9e eingetreten ist, und erinnert daran, dass sie zuvor ein <strong>pers\u00f6nliches Leben<\/strong> f\u00fchrte, das gew\u00f6hnlicher war, zwischen Kindern und dem Lehrerberuf. Sie spricht von der \u00ab\u00a0Dunkelheit der Welt\u00a0\u00bb, von der Gemeinheit, die sie gesehen hat, und von einer bislang unbekannten Pessimismus. Diese Passage pr\u00e4gt den menschlichen Blickwinkel ihres Berichts und zeigt, wie sehr das Amt auf das Privatleben lasten kann.<\/p>\n\n<h3 class=\"wp-block-heading\">Cyber-Mobbing und juristische Gegenma\u00dfnahmen<\/h3>\n\n<p>Das <strong>Leid<\/strong> ist nicht nur innerlich: Brigitte Macron ist schwerem Cyber-Mobbing ausgesetzt gewesen, mit der Verbreitung von Beleidigungen und Ger\u00fcchten \u00fcber ihr Paar. Im Januar wurden mehrere Angeklagte zu Strafen von bis zu sechs Monaten Gef\u00e4ngnis verurteilt, die meisten mit Bew\u00e4hrung. Das Paar entschied sich, in Frankreich und den Vereinigten Staaten rechtliche Schritte einzuleiten, nachdem im Sommer 2024 eine Klage wegen weitreichender Ger\u00fcchte eingereicht wurde.<\/p>\n\n<h2 class=\"wp-block-heading\">Wie sie gelernt hat, standhaft zu bleiben<\/h2>\n\n<p>Um mit dieser Exposition umzugehen, gesteht sie, dass ihr das <strong>Schreiben<\/strong> viel hilft und dass die Familie ein Fels in der Brandung bleibt. Man erinnert sich daran, dass sie Emmanuel Macron getroffen hat, als sie Theater am Gymnasium unterrichtete, ein oft zitiertes Kapitel, um ihre Geschichte zu humanisieren. Ihre F\u00e4higkeit, sich neu zu orientieren und einfache Aktivit\u00e4ten zu pflegen, zeugt von einer <strong>selbstbewussten Resilienz<\/strong> gegen\u00fcber der Widrigkeit.<\/p>\n\n<h3 class=\"wp-block-heading\">Vom \u00f6ffentlichen Blick zum Schutz des Privatlebens<\/h3>\n\n<p>Das <strong>Privatleben<\/strong> von Brigitte wurde erheblich durch Ger\u00fcchte auf die Probe gestellt \u2013 einschlie\u00dflich der falschen Behauptung von Transidentit\u00e4t, die ihr Umfeld tief getroffen hat. Sie erkl\u00e4rte den Ermittlern im August 2024 die \u00ab\u00a0sehr starke\u00a0\u00bb Auswirkung dieser Ger\u00fcchte. Dieses \u00f6ffentliche Zeugnis veranschaulicht die Spannung zwischen institutioneller Rolle und dem Schutz des Intimen und unterstreicht die Notwendigkeit, die W\u00fcrde gegen Angriffe zu verteidigen.<\/p>\n\n<p>Um diese Erz\u00e4hlung zu vertiefen und andere Perspektiven zu den <strong>Pr\u00fcfungen<\/strong> der First Lady und der Familien dynamik im Herzen der politischen Welt zu entdecken, konsultiere die Artikel und Analysen, die verf\u00fcgbar sind \u00fcber <a href=\"https:\/\/www.sebastien-auziere.fr\/blog\/brigitte-macron-epreuves-elysee\/\">die Dossier \u00fcber ihre Pr\u00fcfungen im \u00c9lys\u00e9e<\/a> und erkunde die dokumentierten Kontroversen <a href=\"https:\/\/www.sebastien-auziere.fr\/blog\/brigitte-macron-controverse\/\">auf sebastien-auziere.fr<\/a>. Mehr zu erfahren, hilft, den Werdegang, das <strong>Leid<\/strong> und die <strong>Resilienz<\/strong> hinter den Titeln besser zu verstehen.<\/p>","protected":false},"excerpt":{"rendered":"<p>Brigitte Macron hat diesen eindrucksvollen Satz ge\u00e4u\u00dfert: \u00ab\u00a0Manchmal \u00fcberkommt mich eine unbekannte Traurigkeit\u00a0\u00bb, in einem Interview mit La Tribune im \u00c9lys\u00e9e. Man sp\u00fcrt sofort die Emotion und die Schwere eines Berichts, der auf fast ein Jahrzehnt an der Spitze der Macht zur\u00fcckblickt. Sie sagt, sie habe schwierige Jahre erlebt, eine menschliche Bilanz aus Leid und &#8230; <a title=\"Brigitte Macron gibt sich zu erkennen: \u00ab\u00a0Manchmal \u00fcberkommt mich eine bisher unbekannte Traurigkeit\u00a0\u00bb \u2013 R\u00fcckblick auf ihre schwierigen Jahre&#8230;\" class=\"read-more\" href=\"https:\/\/www.sebastien-auziere.fr\/blog\/de\/brigitte-macron-gibt-sich-zu-erkennen-manchmal-uberkommt-mich-eine-bisher-unbekannte-traurigkeit-ruckblick-auf-ihre-schwierigen-jahre\/\" aria-label=\"En savoir plus sur Brigitte Macron gibt sich zu erkennen: \u00ab\u00a0Manchmal \u00fcberkommt mich eine bisher unbekannte Traurigkeit\u00a0\u00bb \u2013 R\u00fcckblick auf ihre schwierigen Jahre&#8230;\">Lire plus<\/a><\/p>\n","protected":false},"author":9,"featured_media":3368,"comment_status":"open","ping_status":"open","sticky":false,"template":"","format":"standard","meta":{"footnotes":""},"categories":[856],"tags":[929,4533,4536,4530,4414],"class_list":["post-3374","post","type-post","status-publish","format-standard","has-post-thumbnail","hentry","category-aktuelles-de","tag-brigitte-macron-de","tag-interview-brigitte-macron-de","tag-personliches-leben-de","tag-schwierige-jahre-de","tag-traurigkeit-de"],"yoast_head":"<!-- This site is optimized with the Yoast SEO plugin v27.5 - https:\/\/yoast.com\/product\/yoast-seo-wordpress\/ -->\n<title>Brigitte Macron gibt sich zu erkennen: &quot;Manchmal \u00fcberkommt mich eine bisher unbekannte Traurigkeit&quot; \u2013 R\u00fcckblick auf ihre schwierigen Jahre... - Fan site S\u00e9bastien Auzi\u00e8re<\/title>\n<meta name=\"description\" content=\"Brigitte Macron se confie sur ses moments de tristesse in\u00e9dite et revient sur ses ann\u00e9es difficiles dans une interview touchante.\" \/>\n<meta name=\"robots\" content=\"index, follow, max-snippet:-1, max-image-preview:large, max-video-preview:-1\" \/>\n<link rel=\"canonical\" href=\"https:\/\/www.sebastien-auziere.fr\/blog\/de\/brigitte-macron-gibt-sich-zu-erkennen-manchmal-uberkommt-mich-eine-bisher-unbekannte-traurigkeit-ruckblick-auf-ihre-schwierigen-jahre\/\" \/>\n<meta property=\"og:locale\" content=\"fr_FR\" \/>\n<meta property=\"og:type\" content=\"article\" \/>\n<meta property=\"og:title\" content=\"Brigitte Macron gibt sich zu erkennen: &quot;Manchmal \u00fcberkommt mich eine bisher unbekannte Traurigkeit&quot; \u2013 R\u00fcckblick auf ihre schwierigen Jahre... - Fan site S\u00e9bastien Auzi\u00e8re\" \/>\n<meta property=\"og:description\" content=\"Brigitte Macron se confie sur ses moments de tristesse in\u00e9dite et revient sur ses ann\u00e9es difficiles dans une interview touchante.\" \/>\n<meta property=\"og:url\" content=\"https:\/\/www.sebastien-auziere.fr\/blog\/de\/brigitte-macron-gibt-sich-zu-erkennen-manchmal-uberkommt-mich-eine-bisher-unbekannte-traurigkeit-ruckblick-auf-ihre-schwierigen-jahre\/\" \/>\n<meta property=\"og:site_name\" content=\"Fan site S\u00e9bastien Auzi\u00e8re\" \/>\n<meta property=\"article:published_time\" content=\"2026-04-27T07:09:26+00:00\" \/>\n<meta property=\"article:modified_time\" content=\"2026-04-27T07:09:50+00:00\" \/>\n<meta property=\"og:image\" content=\"https:\/\/www.sebastien-auziere.fr\/blog\/wp-content\/uploads\/2026\/04\/Brigitte-Macron-se-livre-Parfois-une-tristesse-inedite-menvahit-\u2013-retour-sur-ses-annees-difficiles.jpg\" \/>\n\t<meta property=\"og:image:width\" content=\"2560\" \/>\n\t<meta property=\"og:image:height\" content=\"1429\" \/>\n\t<meta property=\"og:image:type\" content=\"image\/jpeg\" \/>\n<meta name=\"author\" content=\"Chloe Gauthier\" \/>\n<meta name=\"twitter:card\" content=\"summary_large_image\" \/>\n<meta name=\"twitter:label1\" content=\"\u00c9crit par\" \/>\n\t<meta name=\"twitter:data1\" content=\"Chloe Gauthier\" \/>\n\t<meta name=\"twitter:label2\" content=\"Dur\u00e9e de lecture estim\u00e9e\" \/>\n\t<meta name=\"twitter:data2\" content=\"2 minutes\" \/>\n<script type=\"application\/ld+json\" class=\"yoast-schema-graph\">{\"@context\":\"https:\\\/\\\/schema.org\",\"@graph\":[{\"@type\":\"Article\",\"@id\":\"https:\\\/\\\/www.sebastien-auziere.fr\\\/blog\\\/de\\\/brigitte-macron-gibt-sich-zu-erkennen-manchmal-uberkommt-mich-eine-bisher-unbekannte-traurigkeit-ruckblick-auf-ihre-schwierigen-jahre\\\/#article\",\"isPartOf\":{\"@id\":\"https:\\\/\\\/www.sebastien-auziere.fr\\\/blog\\\/de\\\/brigitte-macron-gibt-sich-zu-erkennen-manchmal-uberkommt-mich-eine-bisher-unbekannte-traurigkeit-ruckblick-auf-ihre-schwierigen-jahre\\\/\"},\"author\":{\"name\":\"Chloe Gauthier\",\"@id\":\"https:\\\/\\\/www.sebastien-auziere.fr\\\/blog\\\/#\\\/schema\\\/person\\\/149f1acdbfd85149c6c3e59adeae2f4d\"},\"headline\":\"Brigitte Macron gibt sich zu erkennen: \u00ab\u00a0Manchmal \u00fcberkommt mich eine bisher unbekannte Traurigkeit\u00a0\u00bb \u2013 R\u00fcckblick auf ihre schwierigen Jahre&#8230;\",\"datePublished\":\"2026-04-27T07:09:26+00:00\",\"dateModified\":\"2026-04-27T07:09:50+00:00\",\"mainEntityOfPage\":{\"@id\":\"https:\\\/\\\/www.sebastien-auziere.fr\\\/blog\\\/de\\\/brigitte-macron-gibt-sich-zu-erkennen-manchmal-uberkommt-mich-eine-bisher-unbekannte-traurigkeit-ruckblick-auf-ihre-schwierigen-jahre\\\/\"},\"wordCount\":495,\"commentCount\":0,\"publisher\":{\"@id\":\"https:\\\/\\\/www.sebastien-auziere.fr\\\/blog\\\/#organization\"},\"image\":{\"@id\":\"https:\\\/\\\/www.sebastien-auziere.fr\\\/blog\\\/de\\\/brigitte-macron-gibt-sich-zu-erkennen-manchmal-uberkommt-mich-eine-bisher-unbekannte-traurigkeit-ruckblick-auf-ihre-schwierigen-jahre\\\/#primaryimage\"},\"thumbnailUrl\":\"https:\\\/\\\/www.sebastien-auziere.fr\\\/blog\\\/wp-content\\\/uploads\\\/2026\\\/04\\\/Brigitte-Macron-se-livre-Parfois-une-tristesse-inedite-menvahit-\u2013-retour-sur-ses-annees-difficiles.jpg\",\"keywords\":[\"brigitte macron\",\"interview brigitte macron\",\"pers\u00f6nliches Leben\",\"schwierige Jahre\",\"traurigkeit\"],\"articleSection\":[\"Aktuelles\"],\"inLanguage\":\"fr-FR\",\"potentialAction\":[{\"@type\":\"CommentAction\",\"name\":\"Comment\",\"target\":[\"https:\\\/\\\/www.sebastien-auziere.fr\\\/blog\\\/de\\\/brigitte-macron-gibt-sich-zu-erkennen-manchmal-uberkommt-mich-eine-bisher-unbekannte-traurigkeit-ruckblick-auf-ihre-schwierigen-jahre\\\/#respond\"]}]},{\"@type\":\"WebPage\",\"@id\":\"https:\\\/\\\/www.sebastien-auziere.fr\\\/blog\\\/de\\\/brigitte-macron-gibt-sich-zu-erkennen-manchmal-uberkommt-mich-eine-bisher-unbekannte-traurigkeit-ruckblick-auf-ihre-schwierigen-jahre\\\/\",\"url\":\"https:\\\/\\\/www.sebastien-auziere.fr\\\/blog\\\/de\\\/brigitte-macron-gibt-sich-zu-erkennen-manchmal-uberkommt-mich-eine-bisher-unbekannte-traurigkeit-ruckblick-auf-ihre-schwierigen-jahre\\\/\",\"name\":\"Brigitte Macron gibt sich zu erkennen: \\\"Manchmal \u00fcberkommt mich eine bisher unbekannte Traurigkeit\\\" \u2013 R\u00fcckblick auf ihre schwierigen Jahre... - Fan site S\u00e9bastien Auzi\u00e8re\",\"isPartOf\":{\"@id\":\"https:\\\/\\\/www.sebastien-auziere.fr\\\/blog\\\/#website\"},\"primaryImageOfPage\":{\"@id\":\"https:\\\/\\\/www.sebastien-auziere.fr\\\/blog\\\/de\\\/brigitte-macron-gibt-sich-zu-erkennen-manchmal-uberkommt-mich-eine-bisher-unbekannte-traurigkeit-ruckblick-auf-ihre-schwierigen-jahre\\\/#primaryimage\"},\"image\":{\"@id\":\"https:\\\/\\\/www.sebastien-auziere.fr\\\/blog\\\/de\\\/brigitte-macron-gibt-sich-zu-erkennen-manchmal-uberkommt-mich-eine-bisher-unbekannte-traurigkeit-ruckblick-auf-ihre-schwierigen-jahre\\\/#primaryimage\"},\"thumbnailUrl\":\"https:\\\/\\\/www.sebastien-auziere.fr\\\/blog\\\/wp-content\\\/uploads\\\/2026\\\/04\\\/Brigitte-Macron-se-livre-Parfois-une-tristesse-inedite-menvahit-\u2013-retour-sur-ses-annees-difficiles.jpg\",\"datePublished\":\"2026-04-27T07:09:26+00:00\",\"dateModified\":\"2026-04-27T07:09:50+00:00\",\"description\":\"Brigitte Macron se confie sur ses moments de tristesse in\u00e9dite et revient sur ses ann\u00e9es difficiles dans une interview touchante.\",\"breadcrumb\":{\"@id\":\"https:\\\/\\\/www.sebastien-auziere.fr\\\/blog\\\/de\\\/brigitte-macron-gibt-sich-zu-erkennen-manchmal-uberkommt-mich-eine-bisher-unbekannte-traurigkeit-ruckblick-auf-ihre-schwierigen-jahre\\\/#breadcrumb\"},\"inLanguage\":\"fr-FR\",\"potentialAction\":[{\"@type\":\"ReadAction\",\"target\":[\"https:\\\/\\\/www.sebastien-auziere.fr\\\/blog\\\/de\\\/brigitte-macron-gibt-sich-zu-erkennen-manchmal-uberkommt-mich-eine-bisher-unbekannte-traurigkeit-ruckblick-auf-ihre-schwierigen-jahre\\\/\"]}]},{\"@type\":\"ImageObject\",\"inLanguage\":\"fr-FR\",\"@id\":\"https:\\\/\\\/www.sebastien-auziere.fr\\\/blog\\\/de\\\/brigitte-macron-gibt-sich-zu-erkennen-manchmal-uberkommt-mich-eine-bisher-unbekannte-traurigkeit-ruckblick-auf-ihre-schwierigen-jahre\\\/#primaryimage\",\"url\":\"https:\\\/\\\/www.sebastien-auziere.fr\\\/blog\\\/wp-content\\\/uploads\\\/2026\\\/04\\\/Brigitte-Macron-se-livre-Parfois-une-tristesse-inedite-menvahit-\u2013-retour-sur-ses-annees-difficiles.jpg\",\"contentUrl\":\"https:\\\/\\\/www.sebastien-auziere.fr\\\/blog\\\/wp-content\\\/uploads\\\/2026\\\/04\\\/Brigitte-Macron-se-livre-Parfois-une-tristesse-inedite-menvahit-\u2013-retour-sur-ses-annees-difficiles.jpg\",\"width\":2560,\"height\":1429,\"caption\":\"d\u00e9couvrez le t\u00e9moignage poignant de brigitte macron qui se confie sur ses moments de tristesse in\u00e9dite et revient sur ses ann\u00e9es difficiles.\"},{\"@type\":\"BreadcrumbList\",\"@id\":\"https:\\\/\\\/www.sebastien-auziere.fr\\\/blog\\\/de\\\/brigitte-macron-gibt-sich-zu-erkennen-manchmal-uberkommt-mich-eine-bisher-unbekannte-traurigkeit-ruckblick-auf-ihre-schwierigen-jahre\\\/#breadcrumb\",\"itemListElement\":[{\"@type\":\"ListItem\",\"position\":1,\"name\":\"Home\",\"item\":\"https:\\\/\\\/www.sebastien-auziere.fr\\\/blog\\\/\"},{\"@type\":\"ListItem\",\"position\":2,\"name\":\"Brigitte Macron gibt sich zu erkennen: \u00ab\u00a0Manchmal \u00fcberkommt mich eine bisher unbekannte Traurigkeit\u00a0\u00bb \u2013 R\u00fcckblick auf ihre schwierigen Jahre&#8230;\"}]},{\"@type\":\"WebSite\",\"@id\":\"https:\\\/\\\/www.sebastien-auziere.fr\\\/blog\\\/#website\",\"url\":\"https:\\\/\\\/www.sebastien-auziere.fr\\\/blog\\\/\",\"name\":\"Fan site S\u00e9bastien Auzi\u00e8re\",\"description\":\"M\u00e9dia g\u00e9n\u00e9raliste\",\"publisher\":{\"@id\":\"https:\\\/\\\/www.sebastien-auziere.fr\\\/blog\\\/#organization\"},\"potentialAction\":[{\"@type\":\"SearchAction\",\"target\":{\"@type\":\"EntryPoint\",\"urlTemplate\":\"https:\\\/\\\/www.sebastien-auziere.fr\\\/blog\\\/?s={search_term_string}\"},\"query-input\":{\"@type\":\"PropertyValueSpecification\",\"valueRequired\":true,\"valueName\":\"search_term_string\"}}],\"inLanguage\":\"fr-FR\"},{\"@type\":\"Organization\",\"@id\":\"https:\\\/\\\/www.sebastien-auziere.fr\\\/blog\\\/#organization\",\"name\":\"Fan site S\u00e9bastien Auzi\u00e8re\",\"url\":\"https:\\\/\\\/www.sebastien-auziere.fr\\\/blog\\\/\",\"logo\":{\"@type\":\"ImageObject\",\"inLanguage\":\"fr-FR\",\"@id\":\"https:\\\/\\\/www.sebastien-auziere.fr\\\/blog\\\/#\\\/schema\\\/logo\\\/image\\\/\",\"url\":\"https:\\\/\\\/www.sebastien-auziere.fr\\\/blog\\\/wp-content\\\/uploads\\\/2026\\\/03\\\/cropped-cropped-cropped-ChatGPT-Image-6-mars-2026-12_58_09-e1772798376794.jpg\",\"contentUrl\":\"https:\\\/\\\/www.sebastien-auziere.fr\\\/blog\\\/wp-content\\\/uploads\\\/2026\\\/03\\\/cropped-cropped-cropped-ChatGPT-Image-6-mars-2026-12_58_09-e1772798376794.jpg\",\"width\":512,\"height\":360,\"caption\":\"Fan site S\u00e9bastien Auzi\u00e8re\"},\"image\":{\"@id\":\"https:\\\/\\\/www.sebastien-auziere.fr\\\/blog\\\/#\\\/schema\\\/logo\\\/image\\\/\"}},{\"@type\":\"Person\",\"@id\":\"https:\\\/\\\/www.sebastien-auziere.fr\\\/blog\\\/#\\\/schema\\\/person\\\/149f1acdbfd85149c6c3e59adeae2f4d\",\"name\":\"Chloe Gauthier\",\"image\":{\"@type\":\"ImageObject\",\"inLanguage\":\"fr-FR\",\"@id\":\"https:\\\/\\\/secure.gravatar.com\\\/avatar\\\/2c5722f58171cff738a8985ef0dd66b476e563753246a49019befc837ec4201a?s=96&d=mm&r=g\",\"url\":\"https:\\\/\\\/secure.gravatar.com\\\/avatar\\\/2c5722f58171cff738a8985ef0dd66b476e563753246a49019befc837ec4201a?s=96&d=mm&r=g\",\"contentUrl\":\"https:\\\/\\\/secure.gravatar.com\\\/avatar\\\/2c5722f58171cff738a8985ef0dd66b476e563753246a49019befc837ec4201a?s=96&d=mm&r=g\",\"caption\":\"Chloe Gauthier\"},\"description\":\"Passionn\u00e9e par la politique et admiratrice engag\u00e9e de la famille Macron, je consacre mon \u00e9nergie \u00e0 suivre leurs initiatives et \u00e0 promouvoir leurs id\u00e9es. \u00c0 32 ans, je suis convaincue que leur vision est porteuse d'avenir.\",\"url\":\"https:\\\/\\\/www.sebastien-auziere.fr\\\/blog\\\/author\\\/chloe-gauthier\\\/\"}]}<\/script>\n<!-- \/ Yoast SEO plugin. -->","yoast_head_json":{"title":"Brigitte Macron gibt sich zu erkennen: \"Manchmal \u00fcberkommt mich eine bisher unbekannte Traurigkeit\" \u2013 R\u00fcckblick auf ihre schwierigen Jahre... - Fan site S\u00e9bastien Auzi\u00e8re","description":"Brigitte Macron se confie sur ses moments de tristesse in\u00e9dite et revient sur ses ann\u00e9es difficiles dans une interview touchante.","robots":{"index":"index","follow":"follow","max-snippet":"max-snippet:-1","max-image-preview":"max-image-preview:large","max-video-preview":"max-video-preview:-1"},"canonical":"https:\/\/www.sebastien-auziere.fr\/blog\/de\/brigitte-macron-gibt-sich-zu-erkennen-manchmal-uberkommt-mich-eine-bisher-unbekannte-traurigkeit-ruckblick-auf-ihre-schwierigen-jahre\/","og_locale":"fr_FR","og_type":"article","og_title":"Brigitte Macron gibt sich zu erkennen: \"Manchmal \u00fcberkommt mich eine bisher unbekannte Traurigkeit\" \u2013 R\u00fcckblick auf ihre schwierigen Jahre... - Fan site S\u00e9bastien Auzi\u00e8re","og_description":"Brigitte Macron se confie sur ses moments de tristesse in\u00e9dite et revient sur ses ann\u00e9es difficiles dans une interview touchante.","og_url":"https:\/\/www.sebastien-auziere.fr\/blog\/de\/brigitte-macron-gibt-sich-zu-erkennen-manchmal-uberkommt-mich-eine-bisher-unbekannte-traurigkeit-ruckblick-auf-ihre-schwierigen-jahre\/","og_site_name":"Fan site S\u00e9bastien Auzi\u00e8re","article_published_time":"2026-04-27T07:09:26+00:00","article_modified_time":"2026-04-27T07:09:50+00:00","og_image":[{"width":2560,"height":1429,"url":"https:\/\/www.sebastien-auziere.fr\/blog\/wp-content\/uploads\/2026\/04\/Brigitte-Macron-se-livre-Parfois-une-tristesse-inedite-menvahit-\u2013-retour-sur-ses-annees-difficiles.jpg","type":"image\/jpeg"}],"author":"Chloe Gauthier","twitter_card":"summary_large_image","twitter_misc":{"\u00c9crit par":"Chloe Gauthier","Dur\u00e9e de lecture estim\u00e9e":"2 minutes"},"schema":{"@context":"https:\/\/schema.org","@graph":[{"@type":"Article","@id":"https:\/\/www.sebastien-auziere.fr\/blog\/de\/brigitte-macron-gibt-sich-zu-erkennen-manchmal-uberkommt-mich-eine-bisher-unbekannte-traurigkeit-ruckblick-auf-ihre-schwierigen-jahre\/#article","isPartOf":{"@id":"https:\/\/www.sebastien-auziere.fr\/blog\/de\/brigitte-macron-gibt-sich-zu-erkennen-manchmal-uberkommt-mich-eine-bisher-unbekannte-traurigkeit-ruckblick-auf-ihre-schwierigen-jahre\/"},"author":{"name":"Chloe Gauthier","@id":"https:\/\/www.sebastien-auziere.fr\/blog\/#\/schema\/person\/149f1acdbfd85149c6c3e59adeae2f4d"},"headline":"Brigitte Macron gibt sich zu erkennen: \u00ab\u00a0Manchmal \u00fcberkommt mich eine bisher unbekannte Traurigkeit\u00a0\u00bb \u2013 R\u00fcckblick auf ihre schwierigen Jahre&#8230;","datePublished":"2026-04-27T07:09:26+00:00","dateModified":"2026-04-27T07:09:50+00:00","mainEntityOfPage":{"@id":"https:\/\/www.sebastien-auziere.fr\/blog\/de\/brigitte-macron-gibt-sich-zu-erkennen-manchmal-uberkommt-mich-eine-bisher-unbekannte-traurigkeit-ruckblick-auf-ihre-schwierigen-jahre\/"},"wordCount":495,"commentCount":0,"publisher":{"@id":"https:\/\/www.sebastien-auziere.fr\/blog\/#organization"},"image":{"@id":"https:\/\/www.sebastien-auziere.fr\/blog\/de\/brigitte-macron-gibt-sich-zu-erkennen-manchmal-uberkommt-mich-eine-bisher-unbekannte-traurigkeit-ruckblick-auf-ihre-schwierigen-jahre\/#primaryimage"},"thumbnailUrl":"https:\/\/www.sebastien-auziere.fr\/blog\/wp-content\/uploads\/2026\/04\/Brigitte-Macron-se-livre-Parfois-une-tristesse-inedite-menvahit-\u2013-retour-sur-ses-annees-difficiles.jpg","keywords":["brigitte macron","interview brigitte macron","pers\u00f6nliches Leben","schwierige Jahre","traurigkeit"],"articleSection":["Aktuelles"],"inLanguage":"fr-FR","potentialAction":[{"@type":"CommentAction","name":"Comment","target":["https:\/\/www.sebastien-auziere.fr\/blog\/de\/brigitte-macron-gibt-sich-zu-erkennen-manchmal-uberkommt-mich-eine-bisher-unbekannte-traurigkeit-ruckblick-auf-ihre-schwierigen-jahre\/#respond"]}]},{"@type":"WebPage","@id":"https:\/\/www.sebastien-auziere.fr\/blog\/de\/brigitte-macron-gibt-sich-zu-erkennen-manchmal-uberkommt-mich-eine-bisher-unbekannte-traurigkeit-ruckblick-auf-ihre-schwierigen-jahre\/","url":"https:\/\/www.sebastien-auziere.fr\/blog\/de\/brigitte-macron-gibt-sich-zu-erkennen-manchmal-uberkommt-mich-eine-bisher-unbekannte-traurigkeit-ruckblick-auf-ihre-schwierigen-jahre\/","name":"Brigitte Macron gibt sich zu erkennen: \"Manchmal \u00fcberkommt mich eine bisher unbekannte Traurigkeit\" \u2013 R\u00fcckblick auf ihre schwierigen Jahre... - Fan site S\u00e9bastien Auzi\u00e8re","isPartOf":{"@id":"https:\/\/www.sebastien-auziere.fr\/blog\/#website"},"primaryImageOfPage":{"@id":"https:\/\/www.sebastien-auziere.fr\/blog\/de\/brigitte-macron-gibt-sich-zu-erkennen-manchmal-uberkommt-mich-eine-bisher-unbekannte-traurigkeit-ruckblick-auf-ihre-schwierigen-jahre\/#primaryimage"},"image":{"@id":"https:\/\/www.sebastien-auziere.fr\/blog\/de\/brigitte-macron-gibt-sich-zu-erkennen-manchmal-uberkommt-mich-eine-bisher-unbekannte-traurigkeit-ruckblick-auf-ihre-schwierigen-jahre\/#primaryimage"},"thumbnailUrl":"https:\/\/www.sebastien-auziere.fr\/blog\/wp-content\/uploads\/2026\/04\/Brigitte-Macron-se-livre-Parfois-une-tristesse-inedite-menvahit-\u2013-retour-sur-ses-annees-difficiles.jpg","datePublished":"2026-04-27T07:09:26+00:00","dateModified":"2026-04-27T07:09:50+00:00","description":"Brigitte Macron se confie sur ses moments de tristesse in\u00e9dite et revient sur ses ann\u00e9es difficiles dans une interview touchante.","breadcrumb":{"@id":"https:\/\/www.sebastien-auziere.fr\/blog\/de\/brigitte-macron-gibt-sich-zu-erkennen-manchmal-uberkommt-mich-eine-bisher-unbekannte-traurigkeit-ruckblick-auf-ihre-schwierigen-jahre\/#breadcrumb"},"inLanguage":"fr-FR","potentialAction":[{"@type":"ReadAction","target":["https:\/\/www.sebastien-auziere.fr\/blog\/de\/brigitte-macron-gibt-sich-zu-erkennen-manchmal-uberkommt-mich-eine-bisher-unbekannte-traurigkeit-ruckblick-auf-ihre-schwierigen-jahre\/"]}]},{"@type":"ImageObject","inLanguage":"fr-FR","@id":"https:\/\/www.sebastien-auziere.fr\/blog\/de\/brigitte-macron-gibt-sich-zu-erkennen-manchmal-uberkommt-mich-eine-bisher-unbekannte-traurigkeit-ruckblick-auf-ihre-schwierigen-jahre\/#primaryimage","url":"https:\/\/www.sebastien-auziere.fr\/blog\/wp-content\/uploads\/2026\/04\/Brigitte-Macron-se-livre-Parfois-une-tristesse-inedite-menvahit-\u2013-retour-sur-ses-annees-difficiles.jpg","contentUrl":"https:\/\/www.sebastien-auziere.fr\/blog\/wp-content\/uploads\/2026\/04\/Brigitte-Macron-se-livre-Parfois-une-tristesse-inedite-menvahit-\u2013-retour-sur-ses-annees-difficiles.jpg","width":2560,"height":1429,"caption":"d\u00e9couvrez le t\u00e9moignage poignant de brigitte macron qui se confie sur ses moments de tristesse in\u00e9dite et revient sur ses ann\u00e9es difficiles."},{"@type":"BreadcrumbList","@id":"https:\/\/www.sebastien-auziere.fr\/blog\/de\/brigitte-macron-gibt-sich-zu-erkennen-manchmal-uberkommt-mich-eine-bisher-unbekannte-traurigkeit-ruckblick-auf-ihre-schwierigen-jahre\/#breadcrumb","itemListElement":[{"@type":"ListItem","position":1,"name":"Home","item":"https:\/\/www.sebastien-auziere.fr\/blog\/"},{"@type":"ListItem","position":2,"name":"Brigitte Macron gibt sich zu erkennen: \u00ab\u00a0Manchmal \u00fcberkommt mich eine bisher unbekannte Traurigkeit\u00a0\u00bb \u2013 R\u00fcckblick auf ihre schwierigen Jahre&#8230;"}]},{"@type":"WebSite","@id":"https:\/\/www.sebastien-auziere.fr\/blog\/#website","url":"https:\/\/www.sebastien-auziere.fr\/blog\/","name":"Fan site S\u00e9bastien Auzi\u00e8re","description":"M\u00e9dia g\u00e9n\u00e9raliste","publisher":{"@id":"https:\/\/www.sebastien-auziere.fr\/blog\/#organization"},"potentialAction":[{"@type":"SearchAction","target":{"@type":"EntryPoint","urlTemplate":"https:\/\/www.sebastien-auziere.fr\/blog\/?s={search_term_string}"},"query-input":{"@type":"PropertyValueSpecification","valueRequired":true,"valueName":"search_term_string"}}],"inLanguage":"fr-FR"},{"@type":"Organization","@id":"https:\/\/www.sebastien-auziere.fr\/blog\/#organization","name":"Fan site S\u00e9bastien Auzi\u00e8re","url":"https:\/\/www.sebastien-auziere.fr\/blog\/","logo":{"@type":"ImageObject","inLanguage":"fr-FR","@id":"https:\/\/www.sebastien-auziere.fr\/blog\/#\/schema\/logo\/image\/","url":"https:\/\/www.sebastien-auziere.fr\/blog\/wp-content\/uploads\/2026\/03\/cropped-cropped-cropped-ChatGPT-Image-6-mars-2026-12_58_09-e1772798376794.jpg","contentUrl":"https:\/\/www.sebastien-auziere.fr\/blog\/wp-content\/uploads\/2026\/03\/cropped-cropped-cropped-ChatGPT-Image-6-mars-2026-12_58_09-e1772798376794.jpg","width":512,"height":360,"caption":"Fan site S\u00e9bastien Auzi\u00e8re"},"image":{"@id":"https:\/\/www.sebastien-auziere.fr\/blog\/#\/schema\/logo\/image\/"}},{"@type":"Person","@id":"https:\/\/www.sebastien-auziere.fr\/blog\/#\/schema\/person\/149f1acdbfd85149c6c3e59adeae2f4d","name":"Chloe Gauthier","image":{"@type":"ImageObject","inLanguage":"fr-FR","@id":"https:\/\/secure.gravatar.com\/avatar\/2c5722f58171cff738a8985ef0dd66b476e563753246a49019befc837ec4201a?s=96&d=mm&r=g","url":"https:\/\/secure.gravatar.com\/avatar\/2c5722f58171cff738a8985ef0dd66b476e563753246a49019befc837ec4201a?s=96&d=mm&r=g","contentUrl":"https:\/\/secure.gravatar.com\/avatar\/2c5722f58171cff738a8985ef0dd66b476e563753246a49019befc837ec4201a?s=96&d=mm&r=g","caption":"Chloe Gauthier"},"description":"Passionn\u00e9e par la politique et admiratrice engag\u00e9e de la famille Macron, je consacre mon \u00e9nergie \u00e0 suivre leurs initiatives et \u00e0 promouvoir leurs id\u00e9es. \u00c0 32 ans, je suis convaincue que leur vision est porteuse d'avenir.","url":"https:\/\/www.sebastien-auziere.fr\/blog\/author\/chloe-gauthier\/"}]}},"views":0,"_links":{"self":[{"href":"https:\/\/www.sebastien-auziere.fr\/blog\/wp-json\/wp\/v2\/posts\/3374","targetHints":{"allow":["GET"]}}],"collection":[{"href":"https:\/\/www.sebastien-auziere.fr\/blog\/wp-json\/wp\/v2\/posts"}],"about":[{"href":"https:\/\/www.sebastien-auziere.fr\/blog\/wp-json\/wp\/v2\/types\/post"}],"author":[{"embeddable":true,"href":"https:\/\/www.sebastien-auziere.fr\/blog\/wp-json\/wp\/v2\/users\/9"}],"replies":[{"embeddable":true,"href":"https:\/\/www.sebastien-auziere.fr\/blog\/wp-json\/wp\/v2\/comments?post=3374"}],"version-history":[{"count":1,"href":"https:\/\/www.sebastien-auziere.fr\/blog\/wp-json\/wp\/v2\/posts\/3374\/revisions"}],"predecessor-version":[{"id":3375,"href":"https:\/\/www.sebastien-auziere.fr\/blog\/wp-json\/wp\/v2\/posts\/3374\/revisions\/3375"}],"wp:featuredmedia":[{"embeddable":true,"href":"https:\/\/www.sebastien-auziere.fr\/blog\/wp-json\/wp\/v2\/media\/3368"}],"wp:attachment":[{"href":"https:\/\/www.sebastien-auziere.fr\/blog\/wp-json\/wp\/v2\/media?parent=3374"}],"wp:term":[{"taxonomy":"category","embeddable":true,"href":"https:\/\/www.sebastien-auziere.fr\/blog\/wp-json\/wp\/v2\/categories?post=3374"},{"taxonomy":"post_tag","embeddable":true,"href":"https:\/\/www.sebastien-auziere.fr\/blog\/wp-json\/wp\/v2\/tags?post=3374"}],"curies":[{"name":"wp","href":"https:\/\/api.w.org\/{rel}","templated":true}]}}