{"id":3372,"date":"2026-04-27T07:08:44","date_gmt":"2026-04-27T07:08:44","guid":{"rendered":"https:\/\/www.sebastien-auziere.fr\/blog\/?p=3372"},"modified":"2026-04-27T07:09:03","modified_gmt":"2026-04-27T07:09:03","slug":"brigitte-macron-se-expresa-a-veces-una-tristeza-inedita-me-invade-un-repaso-a-sus-anos-dificiles","status":"publish","type":"post","link":"https:\/\/www.sebastien-auziere.fr\/blog\/es\/brigitte-macron-se-expresa-a-veces-una-tristeza-inedita-me-invade-un-repaso-a-sus-anos-dificiles\/","title":{"rendered":"Brigitte Macron se expresa: \u00ab\u00a0A veces, una tristeza in\u00e9dita me invade\u00a0\u00bb \u2013 un repaso a sus a\u00f1os dif\u00edciles&#8230;"},"content":{"rendered":"<p><strong>Brigitte Macron<\/strong> pronunci\u00f3 esta frase que resuena: <strong>\u00ab\u00a0A veces, una tristeza in\u00e9dita me invade\u00a0\u00bb<\/strong>, durante una entrevista en <strong>La Tribune<\/strong> en el El\u00edseo. Se siente de inmediato la emoci\u00f3n y la gravedad de un testimonio que abarca casi una d\u00e9cada en el coraz\u00f3n del poder.<\/p>\n\n<p>Ella dice haber vivido <strong>a\u00f1os dif\u00edciles<\/strong>, un balance humano hecho de <strong>sufrimiento<\/strong> y <strong>resiliencia<\/strong>, y confiesa que la escritura la ayuda a atravesar esos momentos. Esta <strong>confesi\u00f3n<\/strong> sobre su <strong>vida personal<\/strong> fue hecha p\u00fablica mientras debe abandonar el El\u00edseo en 2027 tras dos mandatos.<\/p>\n\n<h2 class=\"wp-block-heading\">Las palabras que impactan: confesi\u00f3n y tristeza<\/h2>\n\n<p>En la entrevista, <strong>Brigitte Macron<\/strong> menciona que ha estado \u00ab\u00a0a veces triste como nunca\u00a0\u00bb desde su llegada al El\u00edseo, recordando que antes llevaba una <strong>vida personal<\/strong> m\u00e1s ordinaria, entre ni\u00f1os y su trabajo como docente. Ella habla de la \u00ab\u00a0negrura del mundo\u00a0\u00bb, de la maldad que ha visto, y de un pesimismo in\u00e9dito. Este pasaje marca el \u00e1ngulo humano de su testimonio y muestra cu\u00e1nto la funci\u00f3n puede pesar sobre la vida privada.<\/p>\n\n<h3 class=\"wp-block-heading\">Ciberacoso y respuesta judicial<\/h3>\n\n<p>El <strong>sufrimiento<\/strong> no es solo interno: Brigitte Macron ha sufrido un importante ciberacoso, con difusiones de insultos y rumores sobre su relaci\u00f3n. En enero, varios acusados fueron condenados a penas de hasta seis meses de prisi\u00f3n efectiva, la mayor\u00eda con suspensi\u00f3n. La pareja decidi\u00f3 emprender acciones legales en Francia y Estados Unidos, tras presentar una denuncia en el verano de 2024 por rumores de gran impacto.<\/p>\n\n<h2 class=\"wp-block-heading\">C\u00f3mo aprendi\u00f3 a mantenerse fuerte<\/h2>\n\n<p>Para superar esta exposici\u00f3n, confiesa que <strong>la escritura<\/strong> le ha sido de gran ayuda y que la familia sigue siendo un pilar. Recordamos que conoci\u00f3 a Emmanuel Macron mientras ense\u00f1aba teatro en el liceo, un episodio que a menudo se cita para humanizar su historia. Su capacidad para reenfocarse y cultivar actividades simples demuestra una <strong>resiliencia<\/strong> asumida ante la adversidad.<\/p>\n\n<h3 class=\"wp-block-heading\">De la mirada p\u00fablica a la preservaci\u00f3n de la vida privada<\/h3>\n\n<p>La <strong>vida privada<\/strong> de Brigitte ha sido puesta a prueba por rumores, incluyendo la falsa alegaci\u00f3n de transidentidad que afect\u00f3 profundamente a su entorno. Ella explic\u00f3 a los investigadores en agosto de 2024 el impacto \u00ab\u00a0muy fuerte\u00a0\u00bb de esos rumores. Este testimonio p\u00fablico ilustra la tensi\u00f3n entre el rol institucional y la protecci\u00f3n de lo \u00edntimo, y subraya la necesidad de defender la dignidad frente a los ataques.<\/p>\n\n<p>Para profundizar en esta narrativa y descubrir otros \u00e1ngulos sobre las <strong>pruebas<\/strong> de la primera dama y la din\u00e1mica familiar en el coraz\u00f3n de la vida pol\u00edtica, consulta los art\u00edculos y an\u00e1lisis disponibles sobre <a href=\"https:\/\/www.sebastien-auziere.fr\/blog\/brigitte-macron-epreuves-elysee\/\">el dossier sobre sus pruebas en el El\u00edseo<\/a> y explora las controversias documentadas <a href=\"https:\/\/www.sebastien-auziere.fr\/blog\/brigitte-macron-controverse\/\">en sebastien-auziere.fr<\/a>. Entender m\u00e1s permite conocer mejor el recorrido, el <strong>sufrimiento<\/strong> y la <strong>resiliencia<\/strong> detr\u00e1s de los titulares.<\/p>","protected":false},"excerpt":{"rendered":"<p>Brigitte Macron pronunci\u00f3 esta frase que resuena: \u00ab\u00a0A veces, una tristeza in\u00e9dita me invade\u00a0\u00bb, durante una entrevista en La Tribune en el El\u00edseo. Se siente de inmediato la emoci\u00f3n y la gravedad de un testimonio que abarca casi una d\u00e9cada en el coraz\u00f3n del poder. Ella dice haber vivido a\u00f1os dif\u00edciles, un balance humano hecho &#8230; <a title=\"Brigitte Macron se expresa: \u00ab\u00a0A veces, una tristeza in\u00e9dita me invade\u00a0\u00bb \u2013 un repaso a sus a\u00f1os dif\u00edciles&#8230;\" class=\"read-more\" href=\"https:\/\/www.sebastien-auziere.fr\/blog\/es\/brigitte-macron-se-expresa-a-veces-una-tristeza-inedita-me-invade-un-repaso-a-sus-anos-dificiles\/\" aria-label=\"En savoir plus sur Brigitte Macron se expresa: \u00ab\u00a0A veces, una tristeza in\u00e9dita me invade\u00a0\u00bb \u2013 un repaso a sus a\u00f1os dif\u00edciles&#8230;\">Lire plus<\/a><\/p>\n","protected":false},"author":9,"featured_media":3368,"comment_status":"open","ping_status":"open","sticky":false,"template":"","format":"standard","meta":{"footnotes":""},"categories":[820],"tags":[4521,914,4524,4405,4527],"class_list":["post-3372","post","type-post","status-publish","format-standard","has-post-thumbnail","hentry","category-actualidades-es","tag-anos-dificiles-es","tag-brigitte-macron-es","tag-entrevista-brigitte-macron-es","tag-tristeza-es","tag-vida-personal-es"],"yoast_head":"<!-- This site is optimized with the Yoast SEO plugin v27.5 - https:\/\/yoast.com\/product\/yoast-seo-wordpress\/ -->\n<title>Brigitte Macron se expresa: &quot;A veces, una tristeza in\u00e9dita me invade&quot; \u2013 un repaso a sus a\u00f1os dif\u00edciles... - Fan site S\u00e9bastien Auzi\u00e8re<\/title>\n<meta name=\"description\" content=\"Brigitte Macron se confie sur ses moments de tristesse in\u00e9dite et revient sur ses ann\u00e9es difficiles dans une interview touchante.\" \/>\n<meta name=\"robots\" content=\"index, follow, max-snippet:-1, max-image-preview:large, max-video-preview:-1\" \/>\n<link rel=\"canonical\" href=\"https:\/\/www.sebastien-auziere.fr\/blog\/es\/brigitte-macron-se-expresa-a-veces-una-tristeza-inedita-me-invade-un-repaso-a-sus-anos-dificiles\/\" \/>\n<meta property=\"og:locale\" content=\"fr_FR\" \/>\n<meta property=\"og:type\" content=\"article\" \/>\n<meta property=\"og:title\" content=\"Brigitte Macron se expresa: &quot;A veces, una tristeza in\u00e9dita me invade&quot; \u2013 un repaso a sus a\u00f1os dif\u00edciles... - Fan site S\u00e9bastien Auzi\u00e8re\" \/>\n<meta property=\"og:description\" content=\"Brigitte Macron se confie sur ses moments de tristesse in\u00e9dite et revient sur ses ann\u00e9es difficiles dans une interview touchante.\" \/>\n<meta property=\"og:url\" content=\"https:\/\/www.sebastien-auziere.fr\/blog\/es\/brigitte-macron-se-expresa-a-veces-una-tristeza-inedita-me-invade-un-repaso-a-sus-anos-dificiles\/\" \/>\n<meta property=\"og:site_name\" content=\"Fan site S\u00e9bastien Auzi\u00e8re\" \/>\n<meta property=\"article:published_time\" content=\"2026-04-27T07:08:44+00:00\" \/>\n<meta property=\"article:modified_time\" content=\"2026-04-27T07:09:03+00:00\" \/>\n<meta property=\"og:image\" content=\"https:\/\/www.sebastien-auziere.fr\/blog\/wp-content\/uploads\/2026\/04\/Brigitte-Macron-se-livre-Parfois-une-tristesse-inedite-menvahit-\u2013-retour-sur-ses-annees-difficiles.jpg\" \/>\n\t<meta property=\"og:image:width\" content=\"2560\" \/>\n\t<meta property=\"og:image:height\" content=\"1429\" \/>\n\t<meta property=\"og:image:type\" content=\"image\/jpeg\" \/>\n<meta name=\"author\" content=\"Chloe Gauthier\" \/>\n<meta name=\"twitter:card\" content=\"summary_large_image\" \/>\n<meta name=\"twitter:label1\" content=\"\u00c9crit par\" \/>\n\t<meta name=\"twitter:data1\" content=\"Chloe Gauthier\" \/>\n\t<meta name=\"twitter:label2\" content=\"Dur\u00e9e de lecture estim\u00e9e\" \/>\n\t<meta name=\"twitter:data2\" content=\"2 minutes\" \/>\n<script type=\"application\/ld+json\" class=\"yoast-schema-graph\">{\"@context\":\"https:\\\/\\\/schema.org\",\"@graph\":[{\"@type\":\"Article\",\"@id\":\"https:\\\/\\\/www.sebastien-auziere.fr\\\/blog\\\/es\\\/brigitte-macron-se-expresa-a-veces-una-tristeza-inedita-me-invade-un-repaso-a-sus-anos-dificiles\\\/#article\",\"isPartOf\":{\"@id\":\"https:\\\/\\\/www.sebastien-auziere.fr\\\/blog\\\/es\\\/brigitte-macron-se-expresa-a-veces-una-tristeza-inedita-me-invade-un-repaso-a-sus-anos-dificiles\\\/\"},\"author\":{\"name\":\"Chloe Gauthier\",\"@id\":\"https:\\\/\\\/www.sebastien-auziere.fr\\\/blog\\\/#\\\/schema\\\/person\\\/149f1acdbfd85149c6c3e59adeae2f4d\"},\"headline\":\"Brigitte Macron se expresa: \u00ab\u00a0A veces, una tristeza in\u00e9dita me invade\u00a0\u00bb \u2013 un repaso a sus a\u00f1os dif\u00edciles&#8230;\",\"datePublished\":\"2026-04-27T07:08:44+00:00\",\"dateModified\":\"2026-04-27T07:09:03+00:00\",\"mainEntityOfPage\":{\"@id\":\"https:\\\/\\\/www.sebastien-auziere.fr\\\/blog\\\/es\\\/brigitte-macron-se-expresa-a-veces-una-tristeza-inedita-me-invade-un-repaso-a-sus-anos-dificiles\\\/\"},\"wordCount\":504,\"commentCount\":0,\"publisher\":{\"@id\":\"https:\\\/\\\/www.sebastien-auziere.fr\\\/blog\\\/#organization\"},\"image\":{\"@id\":\"https:\\\/\\\/www.sebastien-auziere.fr\\\/blog\\\/es\\\/brigitte-macron-se-expresa-a-veces-una-tristeza-inedita-me-invade-un-repaso-a-sus-anos-dificiles\\\/#primaryimage\"},\"thumbnailUrl\":\"https:\\\/\\\/www.sebastien-auziere.fr\\\/blog\\\/wp-content\\\/uploads\\\/2026\\\/04\\\/Brigitte-Macron-se-livre-Parfois-une-tristesse-inedite-menvahit-\u2013-retour-sur-ses-annees-difficiles.jpg\",\"keywords\":[\"a\u00f1os dif\u00edciles\",\"brigitte macron\",\"entrevista brigitte macron\",\"tristeza\",\"vida personal\"],\"articleSection\":[\"Actualidades\"],\"inLanguage\":\"fr-FR\",\"potentialAction\":[{\"@type\":\"CommentAction\",\"name\":\"Comment\",\"target\":[\"https:\\\/\\\/www.sebastien-auziere.fr\\\/blog\\\/es\\\/brigitte-macron-se-expresa-a-veces-una-tristeza-inedita-me-invade-un-repaso-a-sus-anos-dificiles\\\/#respond\"]}]},{\"@type\":\"WebPage\",\"@id\":\"https:\\\/\\\/www.sebastien-auziere.fr\\\/blog\\\/es\\\/brigitte-macron-se-expresa-a-veces-una-tristeza-inedita-me-invade-un-repaso-a-sus-anos-dificiles\\\/\",\"url\":\"https:\\\/\\\/www.sebastien-auziere.fr\\\/blog\\\/es\\\/brigitte-macron-se-expresa-a-veces-una-tristeza-inedita-me-invade-un-repaso-a-sus-anos-dificiles\\\/\",\"name\":\"Brigitte Macron se expresa: \\\"A veces, una tristeza in\u00e9dita me invade\\\" \u2013 un repaso a sus a\u00f1os dif\u00edciles... - Fan site S\u00e9bastien Auzi\u00e8re\",\"isPartOf\":{\"@id\":\"https:\\\/\\\/www.sebastien-auziere.fr\\\/blog\\\/#website\"},\"primaryImageOfPage\":{\"@id\":\"https:\\\/\\\/www.sebastien-auziere.fr\\\/blog\\\/es\\\/brigitte-macron-se-expresa-a-veces-una-tristeza-inedita-me-invade-un-repaso-a-sus-anos-dificiles\\\/#primaryimage\"},\"image\":{\"@id\":\"https:\\\/\\\/www.sebastien-auziere.fr\\\/blog\\\/es\\\/brigitte-macron-se-expresa-a-veces-una-tristeza-inedita-me-invade-un-repaso-a-sus-anos-dificiles\\\/#primaryimage\"},\"thumbnailUrl\":\"https:\\\/\\\/www.sebastien-auziere.fr\\\/blog\\\/wp-content\\\/uploads\\\/2026\\\/04\\\/Brigitte-Macron-se-livre-Parfois-une-tristesse-inedite-menvahit-\u2013-retour-sur-ses-annees-difficiles.jpg\",\"datePublished\":\"2026-04-27T07:08:44+00:00\",\"dateModified\":\"2026-04-27T07:09:03+00:00\",\"description\":\"Brigitte Macron se confie sur ses moments de tristesse in\u00e9dite et revient sur ses ann\u00e9es difficiles dans une interview touchante.\",\"breadcrumb\":{\"@id\":\"https:\\\/\\\/www.sebastien-auziere.fr\\\/blog\\\/es\\\/brigitte-macron-se-expresa-a-veces-una-tristeza-inedita-me-invade-un-repaso-a-sus-anos-dificiles\\\/#breadcrumb\"},\"inLanguage\":\"fr-FR\",\"potentialAction\":[{\"@type\":\"ReadAction\",\"target\":[\"https:\\\/\\\/www.sebastien-auziere.fr\\\/blog\\\/es\\\/brigitte-macron-se-expresa-a-veces-una-tristeza-inedita-me-invade-un-repaso-a-sus-anos-dificiles\\\/\"]}]},{\"@type\":\"ImageObject\",\"inLanguage\":\"fr-FR\",\"@id\":\"https:\\\/\\\/www.sebastien-auziere.fr\\\/blog\\\/es\\\/brigitte-macron-se-expresa-a-veces-una-tristeza-inedita-me-invade-un-repaso-a-sus-anos-dificiles\\\/#primaryimage\",\"url\":\"https:\\\/\\\/www.sebastien-auziere.fr\\\/blog\\\/wp-content\\\/uploads\\\/2026\\\/04\\\/Brigitte-Macron-se-livre-Parfois-une-tristesse-inedite-menvahit-\u2013-retour-sur-ses-annees-difficiles.jpg\",\"contentUrl\":\"https:\\\/\\\/www.sebastien-auziere.fr\\\/blog\\\/wp-content\\\/uploads\\\/2026\\\/04\\\/Brigitte-Macron-se-livre-Parfois-une-tristesse-inedite-menvahit-\u2013-retour-sur-ses-annees-difficiles.jpg\",\"width\":2560,\"height\":1429,\"caption\":\"d\u00e9couvrez le t\u00e9moignage poignant de brigitte macron qui se confie sur ses moments de tristesse in\u00e9dite et revient sur ses ann\u00e9es difficiles.\"},{\"@type\":\"BreadcrumbList\",\"@id\":\"https:\\\/\\\/www.sebastien-auziere.fr\\\/blog\\\/es\\\/brigitte-macron-se-expresa-a-veces-una-tristeza-inedita-me-invade-un-repaso-a-sus-anos-dificiles\\\/#breadcrumb\",\"itemListElement\":[{\"@type\":\"ListItem\",\"position\":1,\"name\":\"Home\",\"item\":\"https:\\\/\\\/www.sebastien-auziere.fr\\\/blog\\\/\"},{\"@type\":\"ListItem\",\"position\":2,\"name\":\"Brigitte Macron se expresa: \u00ab\u00a0A veces, una tristeza in\u00e9dita me invade\u00a0\u00bb \u2013 un repaso a sus a\u00f1os dif\u00edciles&#8230;\"}]},{\"@type\":\"WebSite\",\"@id\":\"https:\\\/\\\/www.sebastien-auziere.fr\\\/blog\\\/#website\",\"url\":\"https:\\\/\\\/www.sebastien-auziere.fr\\\/blog\\\/\",\"name\":\"Fan site S\u00e9bastien Auzi\u00e8re\",\"description\":\"M\u00e9dia g\u00e9n\u00e9raliste\",\"publisher\":{\"@id\":\"https:\\\/\\\/www.sebastien-auziere.fr\\\/blog\\\/#organization\"},\"potentialAction\":[{\"@type\":\"SearchAction\",\"target\":{\"@type\":\"EntryPoint\",\"urlTemplate\":\"https:\\\/\\\/www.sebastien-auziere.fr\\\/blog\\\/?s={search_term_string}\"},\"query-input\":{\"@type\":\"PropertyValueSpecification\",\"valueRequired\":true,\"valueName\":\"search_term_string\"}}],\"inLanguage\":\"fr-FR\"},{\"@type\":\"Organization\",\"@id\":\"https:\\\/\\\/www.sebastien-auziere.fr\\\/blog\\\/#organization\",\"name\":\"Fan site S\u00e9bastien Auzi\u00e8re\",\"url\":\"https:\\\/\\\/www.sebastien-auziere.fr\\\/blog\\\/\",\"logo\":{\"@type\":\"ImageObject\",\"inLanguage\":\"fr-FR\",\"@id\":\"https:\\\/\\\/www.sebastien-auziere.fr\\\/blog\\\/#\\\/schema\\\/logo\\\/image\\\/\",\"url\":\"https:\\\/\\\/www.sebastien-auziere.fr\\\/blog\\\/wp-content\\\/uploads\\\/2026\\\/03\\\/cropped-cropped-cropped-ChatGPT-Image-6-mars-2026-12_58_09-e1772798376794.jpg\",\"contentUrl\":\"https:\\\/\\\/www.sebastien-auziere.fr\\\/blog\\\/wp-content\\\/uploads\\\/2026\\\/03\\\/cropped-cropped-cropped-ChatGPT-Image-6-mars-2026-12_58_09-e1772798376794.jpg\",\"width\":512,\"height\":360,\"caption\":\"Fan site S\u00e9bastien Auzi\u00e8re\"},\"image\":{\"@id\":\"https:\\\/\\\/www.sebastien-auziere.fr\\\/blog\\\/#\\\/schema\\\/logo\\\/image\\\/\"}},{\"@type\":\"Person\",\"@id\":\"https:\\\/\\\/www.sebastien-auziere.fr\\\/blog\\\/#\\\/schema\\\/person\\\/149f1acdbfd85149c6c3e59adeae2f4d\",\"name\":\"Chloe Gauthier\",\"image\":{\"@type\":\"ImageObject\",\"inLanguage\":\"fr-FR\",\"@id\":\"https:\\\/\\\/secure.gravatar.com\\\/avatar\\\/2c5722f58171cff738a8985ef0dd66b476e563753246a49019befc837ec4201a?s=96&d=mm&r=g\",\"url\":\"https:\\\/\\\/secure.gravatar.com\\\/avatar\\\/2c5722f58171cff738a8985ef0dd66b476e563753246a49019befc837ec4201a?s=96&d=mm&r=g\",\"contentUrl\":\"https:\\\/\\\/secure.gravatar.com\\\/avatar\\\/2c5722f58171cff738a8985ef0dd66b476e563753246a49019befc837ec4201a?s=96&d=mm&r=g\",\"caption\":\"Chloe Gauthier\"},\"description\":\"Passionn\u00e9e par la politique et admiratrice engag\u00e9e de la famille Macron, je consacre mon \u00e9nergie \u00e0 suivre leurs initiatives et \u00e0 promouvoir leurs id\u00e9es. \u00c0 32 ans, je suis convaincue que leur vision est porteuse d'avenir.\",\"url\":\"https:\\\/\\\/www.sebastien-auziere.fr\\\/blog\\\/author\\\/chloe-gauthier\\\/\"}]}<\/script>\n<!-- \/ Yoast SEO plugin. -->","yoast_head_json":{"title":"Brigitte Macron se expresa: \"A veces, una tristeza in\u00e9dita me invade\" \u2013 un repaso a sus a\u00f1os dif\u00edciles... - Fan site S\u00e9bastien Auzi\u00e8re","description":"Brigitte Macron se confie sur ses moments de tristesse in\u00e9dite et revient sur ses ann\u00e9es difficiles dans une interview touchante.","robots":{"index":"index","follow":"follow","max-snippet":"max-snippet:-1","max-image-preview":"max-image-preview:large","max-video-preview":"max-video-preview:-1"},"canonical":"https:\/\/www.sebastien-auziere.fr\/blog\/es\/brigitte-macron-se-expresa-a-veces-una-tristeza-inedita-me-invade-un-repaso-a-sus-anos-dificiles\/","og_locale":"fr_FR","og_type":"article","og_title":"Brigitte Macron se expresa: \"A veces, una tristeza in\u00e9dita me invade\" \u2013 un repaso a sus a\u00f1os dif\u00edciles... - Fan site S\u00e9bastien Auzi\u00e8re","og_description":"Brigitte Macron se confie sur ses moments de tristesse in\u00e9dite et revient sur ses ann\u00e9es difficiles dans une interview touchante.","og_url":"https:\/\/www.sebastien-auziere.fr\/blog\/es\/brigitte-macron-se-expresa-a-veces-una-tristeza-inedita-me-invade-un-repaso-a-sus-anos-dificiles\/","og_site_name":"Fan site S\u00e9bastien Auzi\u00e8re","article_published_time":"2026-04-27T07:08:44+00:00","article_modified_time":"2026-04-27T07:09:03+00:00","og_image":[{"width":2560,"height":1429,"url":"https:\/\/www.sebastien-auziere.fr\/blog\/wp-content\/uploads\/2026\/04\/Brigitte-Macron-se-livre-Parfois-une-tristesse-inedite-menvahit-\u2013-retour-sur-ses-annees-difficiles.jpg","type":"image\/jpeg"}],"author":"Chloe Gauthier","twitter_card":"summary_large_image","twitter_misc":{"\u00c9crit par":"Chloe Gauthier","Dur\u00e9e de lecture estim\u00e9e":"2 minutes"},"schema":{"@context":"https:\/\/schema.org","@graph":[{"@type":"Article","@id":"https:\/\/www.sebastien-auziere.fr\/blog\/es\/brigitte-macron-se-expresa-a-veces-una-tristeza-inedita-me-invade-un-repaso-a-sus-anos-dificiles\/#article","isPartOf":{"@id":"https:\/\/www.sebastien-auziere.fr\/blog\/es\/brigitte-macron-se-expresa-a-veces-una-tristeza-inedita-me-invade-un-repaso-a-sus-anos-dificiles\/"},"author":{"name":"Chloe Gauthier","@id":"https:\/\/www.sebastien-auziere.fr\/blog\/#\/schema\/person\/149f1acdbfd85149c6c3e59adeae2f4d"},"headline":"Brigitte Macron se expresa: \u00ab\u00a0A veces, una tristeza in\u00e9dita me invade\u00a0\u00bb \u2013 un repaso a sus a\u00f1os dif\u00edciles&#8230;","datePublished":"2026-04-27T07:08:44+00:00","dateModified":"2026-04-27T07:09:03+00:00","mainEntityOfPage":{"@id":"https:\/\/www.sebastien-auziere.fr\/blog\/es\/brigitte-macron-se-expresa-a-veces-una-tristeza-inedita-me-invade-un-repaso-a-sus-anos-dificiles\/"},"wordCount":504,"commentCount":0,"publisher":{"@id":"https:\/\/www.sebastien-auziere.fr\/blog\/#organization"},"image":{"@id":"https:\/\/www.sebastien-auziere.fr\/blog\/es\/brigitte-macron-se-expresa-a-veces-una-tristeza-inedita-me-invade-un-repaso-a-sus-anos-dificiles\/#primaryimage"},"thumbnailUrl":"https:\/\/www.sebastien-auziere.fr\/blog\/wp-content\/uploads\/2026\/04\/Brigitte-Macron-se-livre-Parfois-une-tristesse-inedite-menvahit-\u2013-retour-sur-ses-annees-difficiles.jpg","keywords":["a\u00f1os dif\u00edciles","brigitte macron","entrevista brigitte macron","tristeza","vida personal"],"articleSection":["Actualidades"],"inLanguage":"fr-FR","potentialAction":[{"@type":"CommentAction","name":"Comment","target":["https:\/\/www.sebastien-auziere.fr\/blog\/es\/brigitte-macron-se-expresa-a-veces-una-tristeza-inedita-me-invade-un-repaso-a-sus-anos-dificiles\/#respond"]}]},{"@type":"WebPage","@id":"https:\/\/www.sebastien-auziere.fr\/blog\/es\/brigitte-macron-se-expresa-a-veces-una-tristeza-inedita-me-invade-un-repaso-a-sus-anos-dificiles\/","url":"https:\/\/www.sebastien-auziere.fr\/blog\/es\/brigitte-macron-se-expresa-a-veces-una-tristeza-inedita-me-invade-un-repaso-a-sus-anos-dificiles\/","name":"Brigitte Macron se expresa: \"A veces, una tristeza in\u00e9dita me invade\" \u2013 un repaso a sus a\u00f1os dif\u00edciles... - Fan site S\u00e9bastien Auzi\u00e8re","isPartOf":{"@id":"https:\/\/www.sebastien-auziere.fr\/blog\/#website"},"primaryImageOfPage":{"@id":"https:\/\/www.sebastien-auziere.fr\/blog\/es\/brigitte-macron-se-expresa-a-veces-una-tristeza-inedita-me-invade-un-repaso-a-sus-anos-dificiles\/#primaryimage"},"image":{"@id":"https:\/\/www.sebastien-auziere.fr\/blog\/es\/brigitte-macron-se-expresa-a-veces-una-tristeza-inedita-me-invade-un-repaso-a-sus-anos-dificiles\/#primaryimage"},"thumbnailUrl":"https:\/\/www.sebastien-auziere.fr\/blog\/wp-content\/uploads\/2026\/04\/Brigitte-Macron-se-livre-Parfois-une-tristesse-inedite-menvahit-\u2013-retour-sur-ses-annees-difficiles.jpg","datePublished":"2026-04-27T07:08:44+00:00","dateModified":"2026-04-27T07:09:03+00:00","description":"Brigitte Macron se confie sur ses moments de tristesse in\u00e9dite et revient sur ses ann\u00e9es difficiles dans une interview touchante.","breadcrumb":{"@id":"https:\/\/www.sebastien-auziere.fr\/blog\/es\/brigitte-macron-se-expresa-a-veces-una-tristeza-inedita-me-invade-un-repaso-a-sus-anos-dificiles\/#breadcrumb"},"inLanguage":"fr-FR","potentialAction":[{"@type":"ReadAction","target":["https:\/\/www.sebastien-auziere.fr\/blog\/es\/brigitte-macron-se-expresa-a-veces-una-tristeza-inedita-me-invade-un-repaso-a-sus-anos-dificiles\/"]}]},{"@type":"ImageObject","inLanguage":"fr-FR","@id":"https:\/\/www.sebastien-auziere.fr\/blog\/es\/brigitte-macron-se-expresa-a-veces-una-tristeza-inedita-me-invade-un-repaso-a-sus-anos-dificiles\/#primaryimage","url":"https:\/\/www.sebastien-auziere.fr\/blog\/wp-content\/uploads\/2026\/04\/Brigitte-Macron-se-livre-Parfois-une-tristesse-inedite-menvahit-\u2013-retour-sur-ses-annees-difficiles.jpg","contentUrl":"https:\/\/www.sebastien-auziere.fr\/blog\/wp-content\/uploads\/2026\/04\/Brigitte-Macron-se-livre-Parfois-une-tristesse-inedite-menvahit-\u2013-retour-sur-ses-annees-difficiles.jpg","width":2560,"height":1429,"caption":"d\u00e9couvrez le t\u00e9moignage poignant de brigitte macron qui se confie sur ses moments de tristesse in\u00e9dite et revient sur ses ann\u00e9es difficiles."},{"@type":"BreadcrumbList","@id":"https:\/\/www.sebastien-auziere.fr\/blog\/es\/brigitte-macron-se-expresa-a-veces-una-tristeza-inedita-me-invade-un-repaso-a-sus-anos-dificiles\/#breadcrumb","itemListElement":[{"@type":"ListItem","position":1,"name":"Home","item":"https:\/\/www.sebastien-auziere.fr\/blog\/"},{"@type":"ListItem","position":2,"name":"Brigitte Macron se expresa: \u00ab\u00a0A veces, una tristeza in\u00e9dita me invade\u00a0\u00bb \u2013 un repaso a sus a\u00f1os dif\u00edciles&#8230;"}]},{"@type":"WebSite","@id":"https:\/\/www.sebastien-auziere.fr\/blog\/#website","url":"https:\/\/www.sebastien-auziere.fr\/blog\/","name":"Fan site S\u00e9bastien Auzi\u00e8re","description":"M\u00e9dia g\u00e9n\u00e9raliste","publisher":{"@id":"https:\/\/www.sebastien-auziere.fr\/blog\/#organization"},"potentialAction":[{"@type":"SearchAction","target":{"@type":"EntryPoint","urlTemplate":"https:\/\/www.sebastien-auziere.fr\/blog\/?s={search_term_string}"},"query-input":{"@type":"PropertyValueSpecification","valueRequired":true,"valueName":"search_term_string"}}],"inLanguage":"fr-FR"},{"@type":"Organization","@id":"https:\/\/www.sebastien-auziere.fr\/blog\/#organization","name":"Fan site S\u00e9bastien Auzi\u00e8re","url":"https:\/\/www.sebastien-auziere.fr\/blog\/","logo":{"@type":"ImageObject","inLanguage":"fr-FR","@id":"https:\/\/www.sebastien-auziere.fr\/blog\/#\/schema\/logo\/image\/","url":"https:\/\/www.sebastien-auziere.fr\/blog\/wp-content\/uploads\/2026\/03\/cropped-cropped-cropped-ChatGPT-Image-6-mars-2026-12_58_09-e1772798376794.jpg","contentUrl":"https:\/\/www.sebastien-auziere.fr\/blog\/wp-content\/uploads\/2026\/03\/cropped-cropped-cropped-ChatGPT-Image-6-mars-2026-12_58_09-e1772798376794.jpg","width":512,"height":360,"caption":"Fan site S\u00e9bastien Auzi\u00e8re"},"image":{"@id":"https:\/\/www.sebastien-auziere.fr\/blog\/#\/schema\/logo\/image\/"}},{"@type":"Person","@id":"https:\/\/www.sebastien-auziere.fr\/blog\/#\/schema\/person\/149f1acdbfd85149c6c3e59adeae2f4d","name":"Chloe Gauthier","image":{"@type":"ImageObject","inLanguage":"fr-FR","@id":"https:\/\/secure.gravatar.com\/avatar\/2c5722f58171cff738a8985ef0dd66b476e563753246a49019befc837ec4201a?s=96&d=mm&r=g","url":"https:\/\/secure.gravatar.com\/avatar\/2c5722f58171cff738a8985ef0dd66b476e563753246a49019befc837ec4201a?s=96&d=mm&r=g","contentUrl":"https:\/\/secure.gravatar.com\/avatar\/2c5722f58171cff738a8985ef0dd66b476e563753246a49019befc837ec4201a?s=96&d=mm&r=g","caption":"Chloe Gauthier"},"description":"Passionn\u00e9e par la politique et admiratrice engag\u00e9e de la famille Macron, je consacre mon \u00e9nergie \u00e0 suivre leurs initiatives et \u00e0 promouvoir leurs id\u00e9es. \u00c0 32 ans, je suis convaincue que leur vision est porteuse d'avenir.","url":"https:\/\/www.sebastien-auziere.fr\/blog\/author\/chloe-gauthier\/"}]}},"views":0,"_links":{"self":[{"href":"https:\/\/www.sebastien-auziere.fr\/blog\/wp-json\/wp\/v2\/posts\/3372","targetHints":{"allow":["GET"]}}],"collection":[{"href":"https:\/\/www.sebastien-auziere.fr\/blog\/wp-json\/wp\/v2\/posts"}],"about":[{"href":"https:\/\/www.sebastien-auziere.fr\/blog\/wp-json\/wp\/v2\/types\/post"}],"author":[{"embeddable":true,"href":"https:\/\/www.sebastien-auziere.fr\/blog\/wp-json\/wp\/v2\/users\/9"}],"replies":[{"embeddable":true,"href":"https:\/\/www.sebastien-auziere.fr\/blog\/wp-json\/wp\/v2\/comments?post=3372"}],"version-history":[{"count":1,"href":"https:\/\/www.sebastien-auziere.fr\/blog\/wp-json\/wp\/v2\/posts\/3372\/revisions"}],"predecessor-version":[{"id":3373,"href":"https:\/\/www.sebastien-auziere.fr\/blog\/wp-json\/wp\/v2\/posts\/3372\/revisions\/3373"}],"wp:featuredmedia":[{"embeddable":true,"href":"https:\/\/www.sebastien-auziere.fr\/blog\/wp-json\/wp\/v2\/media\/3368"}],"wp:attachment":[{"href":"https:\/\/www.sebastien-auziere.fr\/blog\/wp-json\/wp\/v2\/media?parent=3372"}],"wp:term":[{"taxonomy":"category","embeddable":true,"href":"https:\/\/www.sebastien-auziere.fr\/blog\/wp-json\/wp\/v2\/categories?post=3372"},{"taxonomy":"post_tag","embeddable":true,"href":"https:\/\/www.sebastien-auziere.fr\/blog\/wp-json\/wp\/v2\/tags?post=3372"}],"curies":[{"name":"wp","href":"https:\/\/api.w.org\/{rel}","templated":true}]}}