{"id":3370,"date":"2026-04-27T07:08:22","date_gmt":"2026-04-27T07:08:22","guid":{"rendered":"https:\/\/www.sebastien-auziere.fr\/blog\/?p=3370"},"modified":"2026-04-27T07:08:43","modified_gmt":"2026-04-27T07:08:43","slug":"brigitte-macron-opens-up-sometimes-an-unprecedented-sadness-overtakes-me-a-look-back-at-her-difficult-years","status":"publish","type":"post","link":"https:\/\/www.sebastien-auziere.fr\/blog\/en\/brigitte-macron-opens-up-sometimes-an-unprecedented-sadness-overtakes-me-a-look-back-at-her-difficult-years\/","title":{"rendered":"Brigitte Macron opens up: \u00ab\u00a0Sometimes, an unprecedented sadness overtakes me\u00a0\u00bb \u2013 a look back at her difficult years&#8230;"},"content":{"rendered":"<p><strong>Brigitte Macron<\/strong> expressed this resonant phrase: <strong>\u00ab\u00a0Sometimes, an unprecedented sadness overwhelms me\u00a0\u00bb<\/strong>, during an interview with <strong>La Tribune<\/strong> at the \u00c9lys\u00e9e. You immediately sense the emotion and the gravity of a testimony that reflects on nearly a decade at the heart of power.<\/p>\n\n<p>She claims to have experienced <strong>difficult years<\/strong>, a human toll marked by <strong>suffering<\/strong> and <strong>resilience<\/strong>, and confides that writing helps her get through these moments. This <strong>confession<\/strong> about her <strong>personal life<\/strong> was made public as she is set to leave the \u00c9lys\u00e9e in 2027 after two terms.<\/p>\n\n<h2 class=\"wp-block-heading\">The striking words: confession and sadness<\/h2>\n\n<p>In the interview, <strong>Brigitte Macron<\/strong> mentions having been \u00ab\u00a0sometimes sad like never before\u00a0\u00bb since her entry to the \u00c9lys\u00e9e, reminding that before she led a more ordinary <strong>personal life<\/strong>, balancing children and a career as a teacher. She speaks of the \u00ab\u00a0darkness of the world,\u00a0\u00bb the cruelty she has witnessed, and an unprecedented pessimism. This passage marks the human angle of her testimony and shows how the role can weigh on private life.<\/p>\n\n<h3 class=\"wp-block-heading\">Cyber harassment and legal response<\/h3>\n\n<p>The <strong>suffering<\/strong> is not just internal: Brigitte Macron has endured significant cyber harassment, with broadcasts of insults and rumors about her relationship. In January, several defendants were sentenced to prison terms of up to six months, most of which were suspended. The couple chose to take legal action in France and the United States, after filing a complaint in the summer of 2024 for widespread rumors.<\/p>\n\n<h2 class=\"wp-block-heading\">How she learned to cope<\/h2>\n\n<p>To overcome this exposure, she confides that <strong>writing<\/strong> is a great help to her and that family remains a pillar. It is recalled that she met Emmanuel Macron while she was teaching theater at a high school, an episode often cited to humanize their story. Her ability to refocus and cultivate simple activities reflects a <strong>resilience<\/strong> embraced in the face of adversity.<\/p>\n\n<h3 class=\"wp-block-heading\">From public scrutiny to preserving private life<\/h3>\n\n<p>Brigitte&rsquo;s <strong>private life<\/strong> has been severely tested by rumors \u2014 including the false allegation of transgender identity that deeply affected her circle. She explained to investigators in August 2024 the \u00ab\u00a0very strong\u00a0\u00bb impact of these rumors. This public testimony illustrates the tension between institutional role and protection of the private, and highlights the need to defend dignity in the face of attacks.<\/p>\n\n<p>To delve deeper into this narrative and discover other angles on the <strong>challenges<\/strong> faced by the first lady and the family dynamics at the core of political life, consult the articles and analyses available on <a href=\"https:\/\/www.sebastien-auziere.fr\/blog\/brigitte-macron-epreuves-elysee\/\">the file on her challenges at the \u00c9lys\u00e9e<\/a> and explore the documented controversies <a href=\"https:\/\/www.sebastien-auziere.fr\/blog\/brigitte-macron-controverse\/\">on sebastien-auziere.fr<\/a>. Learning more allows for a better understanding of the journey, the <strong>suffering<\/strong>, and the <strong>resilience<\/strong> behind the headlines.<\/p>","protected":false},"excerpt":{"rendered":"<p>Brigitte Macron expressed this resonant phrase: \u00ab\u00a0Sometimes, an unprecedented sadness overwhelms me\u00a0\u00bb, during an interview with La Tribune at the \u00c9lys\u00e9e. You immediately sense the emotion and the gravity of a testimony that reflects on nearly a decade at the heart of power. She claims to have experienced difficult years, a human toll marked by &#8230; <a title=\"Brigitte Macron opens up: \u00ab\u00a0Sometimes, an unprecedented sadness overtakes me\u00a0\u00bb \u2013 a look back at her difficult years&#8230;\" class=\"read-more\" href=\"https:\/\/www.sebastien-auziere.fr\/blog\/en\/brigitte-macron-opens-up-sometimes-an-unprecedented-sadness-overtakes-me-a-look-back-at-her-difficult-years\/\" aria-label=\"En savoir plus sur Brigitte Macron opens up: \u00ab\u00a0Sometimes, an unprecedented sadness overtakes me\u00a0\u00bb \u2013 a look back at her difficult years&#8230;\">Lire plus<\/a><\/p>\n","protected":false},"author":9,"featured_media":3368,"comment_status":"open","ping_status":"open","sticky":false,"template":"","format":"standard","meta":{"footnotes":""},"categories":[816],"tags":[898,4511,4514,4517,4395],"class_list":["post-3370","post","type-post","status-publish","format-standard","has-post-thumbnail","hentry","category-news","tag-brigitte-macron-en","tag-difficult-years-en","tag-interview-brigitte-macron-en","tag-personal-life-en","tag-sadness-en"],"yoast_head":"<!-- This site is optimized with the Yoast SEO plugin v27.5 - https:\/\/yoast.com\/product\/yoast-seo-wordpress\/ -->\n<title>Brigitte Macron opens up: &quot;Sometimes, an unprecedented sadness overtakes me&quot; \u2013 a look back at her difficult years... - Fan site S\u00e9bastien Auzi\u00e8re<\/title>\n<meta name=\"description\" content=\"Brigitte Macron se confie sur ses moments de tristesse in\u00e9dite et revient sur ses ann\u00e9es difficiles dans une interview touchante.\" \/>\n<meta name=\"robots\" content=\"index, follow, max-snippet:-1, max-image-preview:large, max-video-preview:-1\" \/>\n<link rel=\"canonical\" href=\"https:\/\/www.sebastien-auziere.fr\/blog\/en\/brigitte-macron-opens-up-sometimes-an-unprecedented-sadness-overtakes-me-a-look-back-at-her-difficult-years\/\" \/>\n<meta property=\"og:locale\" content=\"fr_FR\" \/>\n<meta property=\"og:type\" content=\"article\" \/>\n<meta property=\"og:title\" content=\"Brigitte Macron opens up: &quot;Sometimes, an unprecedented sadness overtakes me&quot; \u2013 a look back at her difficult years... - Fan site S\u00e9bastien Auzi\u00e8re\" \/>\n<meta property=\"og:description\" content=\"Brigitte Macron se confie sur ses moments de tristesse in\u00e9dite et revient sur ses ann\u00e9es difficiles dans une interview touchante.\" \/>\n<meta property=\"og:url\" content=\"https:\/\/www.sebastien-auziere.fr\/blog\/en\/brigitte-macron-opens-up-sometimes-an-unprecedented-sadness-overtakes-me-a-look-back-at-her-difficult-years\/\" \/>\n<meta property=\"og:site_name\" content=\"Fan site S\u00e9bastien Auzi\u00e8re\" \/>\n<meta property=\"article:published_time\" content=\"2026-04-27T07:08:22+00:00\" \/>\n<meta property=\"article:modified_time\" content=\"2026-04-27T07:08:43+00:00\" \/>\n<meta property=\"og:image\" content=\"https:\/\/www.sebastien-auziere.fr\/blog\/wp-content\/uploads\/2026\/04\/Brigitte-Macron-se-livre-Parfois-une-tristesse-inedite-menvahit-\u2013-retour-sur-ses-annees-difficiles.jpg\" \/>\n\t<meta property=\"og:image:width\" content=\"2560\" \/>\n\t<meta property=\"og:image:height\" content=\"1429\" \/>\n\t<meta property=\"og:image:type\" content=\"image\/jpeg\" \/>\n<meta name=\"author\" content=\"Chloe Gauthier\" \/>\n<meta name=\"twitter:card\" content=\"summary_large_image\" \/>\n<meta name=\"twitter:label1\" content=\"\u00c9crit par\" \/>\n\t<meta name=\"twitter:data1\" content=\"Chloe Gauthier\" \/>\n\t<meta name=\"twitter:label2\" content=\"Dur\u00e9e de lecture estim\u00e9e\" \/>\n\t<meta name=\"twitter:data2\" content=\"2 minutes\" \/>\n<script type=\"application\/ld+json\" class=\"yoast-schema-graph\">{\"@context\":\"https:\\\/\\\/schema.org\",\"@graph\":[{\"@type\":\"Article\",\"@id\":\"https:\\\/\\\/www.sebastien-auziere.fr\\\/blog\\\/en\\\/brigitte-macron-opens-up-sometimes-an-unprecedented-sadness-overtakes-me-a-look-back-at-her-difficult-years\\\/#article\",\"isPartOf\":{\"@id\":\"https:\\\/\\\/www.sebastien-auziere.fr\\\/blog\\\/en\\\/brigitte-macron-opens-up-sometimes-an-unprecedented-sadness-overtakes-me-a-look-back-at-her-difficult-years\\\/\"},\"author\":{\"name\":\"Chloe Gauthier\",\"@id\":\"https:\\\/\\\/www.sebastien-auziere.fr\\\/blog\\\/#\\\/schema\\\/person\\\/149f1acdbfd85149c6c3e59adeae2f4d\"},\"headline\":\"Brigitte Macron opens up: \u00ab\u00a0Sometimes, an unprecedented sadness overtakes me\u00a0\u00bb \u2013 a look back at her difficult years&#8230;\",\"datePublished\":\"2026-04-27T07:08:22+00:00\",\"dateModified\":\"2026-04-27T07:08:43+00:00\",\"mainEntityOfPage\":{\"@id\":\"https:\\\/\\\/www.sebastien-auziere.fr\\\/blog\\\/en\\\/brigitte-macron-opens-up-sometimes-an-unprecedented-sadness-overtakes-me-a-look-back-at-her-difficult-years\\\/\"},\"wordCount\":462,\"commentCount\":0,\"publisher\":{\"@id\":\"https:\\\/\\\/www.sebastien-auziere.fr\\\/blog\\\/#organization\"},\"image\":{\"@id\":\"https:\\\/\\\/www.sebastien-auziere.fr\\\/blog\\\/en\\\/brigitte-macron-opens-up-sometimes-an-unprecedented-sadness-overtakes-me-a-look-back-at-her-difficult-years\\\/#primaryimage\"},\"thumbnailUrl\":\"https:\\\/\\\/www.sebastien-auziere.fr\\\/blog\\\/wp-content\\\/uploads\\\/2026\\\/04\\\/Brigitte-Macron-se-livre-Parfois-une-tristesse-inedite-menvahit-\u2013-retour-sur-ses-annees-difficiles.jpg\",\"keywords\":[\"brigitte macron\",\"difficult years\",\"interview brigitte macron\",\"personal life\",\"sadness\"],\"articleSection\":[\"News\"],\"inLanguage\":\"fr-FR\",\"potentialAction\":[{\"@type\":\"CommentAction\",\"name\":\"Comment\",\"target\":[\"https:\\\/\\\/www.sebastien-auziere.fr\\\/blog\\\/en\\\/brigitte-macron-opens-up-sometimes-an-unprecedented-sadness-overtakes-me-a-look-back-at-her-difficult-years\\\/#respond\"]}]},{\"@type\":\"WebPage\",\"@id\":\"https:\\\/\\\/www.sebastien-auziere.fr\\\/blog\\\/en\\\/brigitte-macron-opens-up-sometimes-an-unprecedented-sadness-overtakes-me-a-look-back-at-her-difficult-years\\\/\",\"url\":\"https:\\\/\\\/www.sebastien-auziere.fr\\\/blog\\\/en\\\/brigitte-macron-opens-up-sometimes-an-unprecedented-sadness-overtakes-me-a-look-back-at-her-difficult-years\\\/\",\"name\":\"Brigitte Macron opens up: \\\"Sometimes, an unprecedented sadness overtakes me\\\" \u2013 a look back at her difficult years... - Fan site S\u00e9bastien Auzi\u00e8re\",\"isPartOf\":{\"@id\":\"https:\\\/\\\/www.sebastien-auziere.fr\\\/blog\\\/#website\"},\"primaryImageOfPage\":{\"@id\":\"https:\\\/\\\/www.sebastien-auziere.fr\\\/blog\\\/en\\\/brigitte-macron-opens-up-sometimes-an-unprecedented-sadness-overtakes-me-a-look-back-at-her-difficult-years\\\/#primaryimage\"},\"image\":{\"@id\":\"https:\\\/\\\/www.sebastien-auziere.fr\\\/blog\\\/en\\\/brigitte-macron-opens-up-sometimes-an-unprecedented-sadness-overtakes-me-a-look-back-at-her-difficult-years\\\/#primaryimage\"},\"thumbnailUrl\":\"https:\\\/\\\/www.sebastien-auziere.fr\\\/blog\\\/wp-content\\\/uploads\\\/2026\\\/04\\\/Brigitte-Macron-se-livre-Parfois-une-tristesse-inedite-menvahit-\u2013-retour-sur-ses-annees-difficiles.jpg\",\"datePublished\":\"2026-04-27T07:08:22+00:00\",\"dateModified\":\"2026-04-27T07:08:43+00:00\",\"description\":\"Brigitte Macron se confie sur ses moments de tristesse in\u00e9dite et revient sur ses ann\u00e9es difficiles dans une interview touchante.\",\"breadcrumb\":{\"@id\":\"https:\\\/\\\/www.sebastien-auziere.fr\\\/blog\\\/en\\\/brigitte-macron-opens-up-sometimes-an-unprecedented-sadness-overtakes-me-a-look-back-at-her-difficult-years\\\/#breadcrumb\"},\"inLanguage\":\"fr-FR\",\"potentialAction\":[{\"@type\":\"ReadAction\",\"target\":[\"https:\\\/\\\/www.sebastien-auziere.fr\\\/blog\\\/en\\\/brigitte-macron-opens-up-sometimes-an-unprecedented-sadness-overtakes-me-a-look-back-at-her-difficult-years\\\/\"]}]},{\"@type\":\"ImageObject\",\"inLanguage\":\"fr-FR\",\"@id\":\"https:\\\/\\\/www.sebastien-auziere.fr\\\/blog\\\/en\\\/brigitte-macron-opens-up-sometimes-an-unprecedented-sadness-overtakes-me-a-look-back-at-her-difficult-years\\\/#primaryimage\",\"url\":\"https:\\\/\\\/www.sebastien-auziere.fr\\\/blog\\\/wp-content\\\/uploads\\\/2026\\\/04\\\/Brigitte-Macron-se-livre-Parfois-une-tristesse-inedite-menvahit-\u2013-retour-sur-ses-annees-difficiles.jpg\",\"contentUrl\":\"https:\\\/\\\/www.sebastien-auziere.fr\\\/blog\\\/wp-content\\\/uploads\\\/2026\\\/04\\\/Brigitte-Macron-se-livre-Parfois-une-tristesse-inedite-menvahit-\u2013-retour-sur-ses-annees-difficiles.jpg\",\"width\":2560,\"height\":1429,\"caption\":\"d\u00e9couvrez le t\u00e9moignage poignant de brigitte macron qui se confie sur ses moments de tristesse in\u00e9dite et revient sur ses ann\u00e9es difficiles.\"},{\"@type\":\"BreadcrumbList\",\"@id\":\"https:\\\/\\\/www.sebastien-auziere.fr\\\/blog\\\/en\\\/brigitte-macron-opens-up-sometimes-an-unprecedented-sadness-overtakes-me-a-look-back-at-her-difficult-years\\\/#breadcrumb\",\"itemListElement\":[{\"@type\":\"ListItem\",\"position\":1,\"name\":\"Home\",\"item\":\"https:\\\/\\\/www.sebastien-auziere.fr\\\/blog\\\/\"},{\"@type\":\"ListItem\",\"position\":2,\"name\":\"Brigitte Macron opens up: \u00ab\u00a0Sometimes, an unprecedented sadness overtakes me\u00a0\u00bb \u2013 a look back at her difficult years&#8230;\"}]},{\"@type\":\"WebSite\",\"@id\":\"https:\\\/\\\/www.sebastien-auziere.fr\\\/blog\\\/#website\",\"url\":\"https:\\\/\\\/www.sebastien-auziere.fr\\\/blog\\\/\",\"name\":\"Fan site S\u00e9bastien Auzi\u00e8re\",\"description\":\"M\u00e9dia g\u00e9n\u00e9raliste\",\"publisher\":{\"@id\":\"https:\\\/\\\/www.sebastien-auziere.fr\\\/blog\\\/#organization\"},\"potentialAction\":[{\"@type\":\"SearchAction\",\"target\":{\"@type\":\"EntryPoint\",\"urlTemplate\":\"https:\\\/\\\/www.sebastien-auziere.fr\\\/blog\\\/?s={search_term_string}\"},\"query-input\":{\"@type\":\"PropertyValueSpecification\",\"valueRequired\":true,\"valueName\":\"search_term_string\"}}],\"inLanguage\":\"fr-FR\"},{\"@type\":\"Organization\",\"@id\":\"https:\\\/\\\/www.sebastien-auziere.fr\\\/blog\\\/#organization\",\"name\":\"Fan site S\u00e9bastien Auzi\u00e8re\",\"url\":\"https:\\\/\\\/www.sebastien-auziere.fr\\\/blog\\\/\",\"logo\":{\"@type\":\"ImageObject\",\"inLanguage\":\"fr-FR\",\"@id\":\"https:\\\/\\\/www.sebastien-auziere.fr\\\/blog\\\/#\\\/schema\\\/logo\\\/image\\\/\",\"url\":\"https:\\\/\\\/www.sebastien-auziere.fr\\\/blog\\\/wp-content\\\/uploads\\\/2026\\\/03\\\/cropped-cropped-cropped-ChatGPT-Image-6-mars-2026-12_58_09-e1772798376794.jpg\",\"contentUrl\":\"https:\\\/\\\/www.sebastien-auziere.fr\\\/blog\\\/wp-content\\\/uploads\\\/2026\\\/03\\\/cropped-cropped-cropped-ChatGPT-Image-6-mars-2026-12_58_09-e1772798376794.jpg\",\"width\":512,\"height\":360,\"caption\":\"Fan site S\u00e9bastien Auzi\u00e8re\"},\"image\":{\"@id\":\"https:\\\/\\\/www.sebastien-auziere.fr\\\/blog\\\/#\\\/schema\\\/logo\\\/image\\\/\"}},{\"@type\":\"Person\",\"@id\":\"https:\\\/\\\/www.sebastien-auziere.fr\\\/blog\\\/#\\\/schema\\\/person\\\/149f1acdbfd85149c6c3e59adeae2f4d\",\"name\":\"Chloe Gauthier\",\"image\":{\"@type\":\"ImageObject\",\"inLanguage\":\"fr-FR\",\"@id\":\"https:\\\/\\\/secure.gravatar.com\\\/avatar\\\/2c5722f58171cff738a8985ef0dd66b476e563753246a49019befc837ec4201a?s=96&d=mm&r=g\",\"url\":\"https:\\\/\\\/secure.gravatar.com\\\/avatar\\\/2c5722f58171cff738a8985ef0dd66b476e563753246a49019befc837ec4201a?s=96&d=mm&r=g\",\"contentUrl\":\"https:\\\/\\\/secure.gravatar.com\\\/avatar\\\/2c5722f58171cff738a8985ef0dd66b476e563753246a49019befc837ec4201a?s=96&d=mm&r=g\",\"caption\":\"Chloe Gauthier\"},\"description\":\"Passionn\u00e9e par la politique et admiratrice engag\u00e9e de la famille Macron, je consacre mon \u00e9nergie \u00e0 suivre leurs initiatives et \u00e0 promouvoir leurs id\u00e9es. \u00c0 32 ans, je suis convaincue que leur vision est porteuse d'avenir.\",\"url\":\"https:\\\/\\\/www.sebastien-auziere.fr\\\/blog\\\/author\\\/chloe-gauthier\\\/\"}]}<\/script>\n<!-- \/ Yoast SEO plugin. -->","yoast_head_json":{"title":"Brigitte Macron opens up: \"Sometimes, an unprecedented sadness overtakes me\" \u2013 a look back at her difficult years... - Fan site S\u00e9bastien Auzi\u00e8re","description":"Brigitte Macron se confie sur ses moments de tristesse in\u00e9dite et revient sur ses ann\u00e9es difficiles dans une interview touchante.","robots":{"index":"index","follow":"follow","max-snippet":"max-snippet:-1","max-image-preview":"max-image-preview:large","max-video-preview":"max-video-preview:-1"},"canonical":"https:\/\/www.sebastien-auziere.fr\/blog\/en\/brigitte-macron-opens-up-sometimes-an-unprecedented-sadness-overtakes-me-a-look-back-at-her-difficult-years\/","og_locale":"fr_FR","og_type":"article","og_title":"Brigitte Macron opens up: \"Sometimes, an unprecedented sadness overtakes me\" \u2013 a look back at her difficult years... - Fan site S\u00e9bastien Auzi\u00e8re","og_description":"Brigitte Macron se confie sur ses moments de tristesse in\u00e9dite et revient sur ses ann\u00e9es difficiles dans une interview touchante.","og_url":"https:\/\/www.sebastien-auziere.fr\/blog\/en\/brigitte-macron-opens-up-sometimes-an-unprecedented-sadness-overtakes-me-a-look-back-at-her-difficult-years\/","og_site_name":"Fan site S\u00e9bastien Auzi\u00e8re","article_published_time":"2026-04-27T07:08:22+00:00","article_modified_time":"2026-04-27T07:08:43+00:00","og_image":[{"width":2560,"height":1429,"url":"https:\/\/www.sebastien-auziere.fr\/blog\/wp-content\/uploads\/2026\/04\/Brigitte-Macron-se-livre-Parfois-une-tristesse-inedite-menvahit-\u2013-retour-sur-ses-annees-difficiles.jpg","type":"image\/jpeg"}],"author":"Chloe Gauthier","twitter_card":"summary_large_image","twitter_misc":{"\u00c9crit par":"Chloe Gauthier","Dur\u00e9e de lecture estim\u00e9e":"2 minutes"},"schema":{"@context":"https:\/\/schema.org","@graph":[{"@type":"Article","@id":"https:\/\/www.sebastien-auziere.fr\/blog\/en\/brigitte-macron-opens-up-sometimes-an-unprecedented-sadness-overtakes-me-a-look-back-at-her-difficult-years\/#article","isPartOf":{"@id":"https:\/\/www.sebastien-auziere.fr\/blog\/en\/brigitte-macron-opens-up-sometimes-an-unprecedented-sadness-overtakes-me-a-look-back-at-her-difficult-years\/"},"author":{"name":"Chloe Gauthier","@id":"https:\/\/www.sebastien-auziere.fr\/blog\/#\/schema\/person\/149f1acdbfd85149c6c3e59adeae2f4d"},"headline":"Brigitte Macron opens up: \u00ab\u00a0Sometimes, an unprecedented sadness overtakes me\u00a0\u00bb \u2013 a look back at her difficult years&#8230;","datePublished":"2026-04-27T07:08:22+00:00","dateModified":"2026-04-27T07:08:43+00:00","mainEntityOfPage":{"@id":"https:\/\/www.sebastien-auziere.fr\/blog\/en\/brigitte-macron-opens-up-sometimes-an-unprecedented-sadness-overtakes-me-a-look-back-at-her-difficult-years\/"},"wordCount":462,"commentCount":0,"publisher":{"@id":"https:\/\/www.sebastien-auziere.fr\/blog\/#organization"},"image":{"@id":"https:\/\/www.sebastien-auziere.fr\/blog\/en\/brigitte-macron-opens-up-sometimes-an-unprecedented-sadness-overtakes-me-a-look-back-at-her-difficult-years\/#primaryimage"},"thumbnailUrl":"https:\/\/www.sebastien-auziere.fr\/blog\/wp-content\/uploads\/2026\/04\/Brigitte-Macron-se-livre-Parfois-une-tristesse-inedite-menvahit-\u2013-retour-sur-ses-annees-difficiles.jpg","keywords":["brigitte macron","difficult years","interview brigitte macron","personal life","sadness"],"articleSection":["News"],"inLanguage":"fr-FR","potentialAction":[{"@type":"CommentAction","name":"Comment","target":["https:\/\/www.sebastien-auziere.fr\/blog\/en\/brigitte-macron-opens-up-sometimes-an-unprecedented-sadness-overtakes-me-a-look-back-at-her-difficult-years\/#respond"]}]},{"@type":"WebPage","@id":"https:\/\/www.sebastien-auziere.fr\/blog\/en\/brigitte-macron-opens-up-sometimes-an-unprecedented-sadness-overtakes-me-a-look-back-at-her-difficult-years\/","url":"https:\/\/www.sebastien-auziere.fr\/blog\/en\/brigitte-macron-opens-up-sometimes-an-unprecedented-sadness-overtakes-me-a-look-back-at-her-difficult-years\/","name":"Brigitte Macron opens up: \"Sometimes, an unprecedented sadness overtakes me\" \u2013 a look back at her difficult years... - Fan site S\u00e9bastien Auzi\u00e8re","isPartOf":{"@id":"https:\/\/www.sebastien-auziere.fr\/blog\/#website"},"primaryImageOfPage":{"@id":"https:\/\/www.sebastien-auziere.fr\/blog\/en\/brigitte-macron-opens-up-sometimes-an-unprecedented-sadness-overtakes-me-a-look-back-at-her-difficult-years\/#primaryimage"},"image":{"@id":"https:\/\/www.sebastien-auziere.fr\/blog\/en\/brigitte-macron-opens-up-sometimes-an-unprecedented-sadness-overtakes-me-a-look-back-at-her-difficult-years\/#primaryimage"},"thumbnailUrl":"https:\/\/www.sebastien-auziere.fr\/blog\/wp-content\/uploads\/2026\/04\/Brigitte-Macron-se-livre-Parfois-une-tristesse-inedite-menvahit-\u2013-retour-sur-ses-annees-difficiles.jpg","datePublished":"2026-04-27T07:08:22+00:00","dateModified":"2026-04-27T07:08:43+00:00","description":"Brigitte Macron se confie sur ses moments de tristesse in\u00e9dite et revient sur ses ann\u00e9es difficiles dans une interview touchante.","breadcrumb":{"@id":"https:\/\/www.sebastien-auziere.fr\/blog\/en\/brigitte-macron-opens-up-sometimes-an-unprecedented-sadness-overtakes-me-a-look-back-at-her-difficult-years\/#breadcrumb"},"inLanguage":"fr-FR","potentialAction":[{"@type":"ReadAction","target":["https:\/\/www.sebastien-auziere.fr\/blog\/en\/brigitte-macron-opens-up-sometimes-an-unprecedented-sadness-overtakes-me-a-look-back-at-her-difficult-years\/"]}]},{"@type":"ImageObject","inLanguage":"fr-FR","@id":"https:\/\/www.sebastien-auziere.fr\/blog\/en\/brigitte-macron-opens-up-sometimes-an-unprecedented-sadness-overtakes-me-a-look-back-at-her-difficult-years\/#primaryimage","url":"https:\/\/www.sebastien-auziere.fr\/blog\/wp-content\/uploads\/2026\/04\/Brigitte-Macron-se-livre-Parfois-une-tristesse-inedite-menvahit-\u2013-retour-sur-ses-annees-difficiles.jpg","contentUrl":"https:\/\/www.sebastien-auziere.fr\/blog\/wp-content\/uploads\/2026\/04\/Brigitte-Macron-se-livre-Parfois-une-tristesse-inedite-menvahit-\u2013-retour-sur-ses-annees-difficiles.jpg","width":2560,"height":1429,"caption":"d\u00e9couvrez le t\u00e9moignage poignant de brigitte macron qui se confie sur ses moments de tristesse in\u00e9dite et revient sur ses ann\u00e9es difficiles."},{"@type":"BreadcrumbList","@id":"https:\/\/www.sebastien-auziere.fr\/blog\/en\/brigitte-macron-opens-up-sometimes-an-unprecedented-sadness-overtakes-me-a-look-back-at-her-difficult-years\/#breadcrumb","itemListElement":[{"@type":"ListItem","position":1,"name":"Home","item":"https:\/\/www.sebastien-auziere.fr\/blog\/"},{"@type":"ListItem","position":2,"name":"Brigitte Macron opens up: \u00ab\u00a0Sometimes, an unprecedented sadness overtakes me\u00a0\u00bb \u2013 a look back at her difficult years&#8230;"}]},{"@type":"WebSite","@id":"https:\/\/www.sebastien-auziere.fr\/blog\/#website","url":"https:\/\/www.sebastien-auziere.fr\/blog\/","name":"Fan site S\u00e9bastien Auzi\u00e8re","description":"M\u00e9dia g\u00e9n\u00e9raliste","publisher":{"@id":"https:\/\/www.sebastien-auziere.fr\/blog\/#organization"},"potentialAction":[{"@type":"SearchAction","target":{"@type":"EntryPoint","urlTemplate":"https:\/\/www.sebastien-auziere.fr\/blog\/?s={search_term_string}"},"query-input":{"@type":"PropertyValueSpecification","valueRequired":true,"valueName":"search_term_string"}}],"inLanguage":"fr-FR"},{"@type":"Organization","@id":"https:\/\/www.sebastien-auziere.fr\/blog\/#organization","name":"Fan site S\u00e9bastien Auzi\u00e8re","url":"https:\/\/www.sebastien-auziere.fr\/blog\/","logo":{"@type":"ImageObject","inLanguage":"fr-FR","@id":"https:\/\/www.sebastien-auziere.fr\/blog\/#\/schema\/logo\/image\/","url":"https:\/\/www.sebastien-auziere.fr\/blog\/wp-content\/uploads\/2026\/03\/cropped-cropped-cropped-ChatGPT-Image-6-mars-2026-12_58_09-e1772798376794.jpg","contentUrl":"https:\/\/www.sebastien-auziere.fr\/blog\/wp-content\/uploads\/2026\/03\/cropped-cropped-cropped-ChatGPT-Image-6-mars-2026-12_58_09-e1772798376794.jpg","width":512,"height":360,"caption":"Fan site S\u00e9bastien Auzi\u00e8re"},"image":{"@id":"https:\/\/www.sebastien-auziere.fr\/blog\/#\/schema\/logo\/image\/"}},{"@type":"Person","@id":"https:\/\/www.sebastien-auziere.fr\/blog\/#\/schema\/person\/149f1acdbfd85149c6c3e59adeae2f4d","name":"Chloe Gauthier","image":{"@type":"ImageObject","inLanguage":"fr-FR","@id":"https:\/\/secure.gravatar.com\/avatar\/2c5722f58171cff738a8985ef0dd66b476e563753246a49019befc837ec4201a?s=96&d=mm&r=g","url":"https:\/\/secure.gravatar.com\/avatar\/2c5722f58171cff738a8985ef0dd66b476e563753246a49019befc837ec4201a?s=96&d=mm&r=g","contentUrl":"https:\/\/secure.gravatar.com\/avatar\/2c5722f58171cff738a8985ef0dd66b476e563753246a49019befc837ec4201a?s=96&d=mm&r=g","caption":"Chloe Gauthier"},"description":"Passionn\u00e9e par la politique et admiratrice engag\u00e9e de la famille Macron, je consacre mon \u00e9nergie \u00e0 suivre leurs initiatives et \u00e0 promouvoir leurs id\u00e9es. \u00c0 32 ans, je suis convaincue que leur vision est porteuse d'avenir.","url":"https:\/\/www.sebastien-auziere.fr\/blog\/author\/chloe-gauthier\/"}]}},"views":0,"_links":{"self":[{"href":"https:\/\/www.sebastien-auziere.fr\/blog\/wp-json\/wp\/v2\/posts\/3370","targetHints":{"allow":["GET"]}}],"collection":[{"href":"https:\/\/www.sebastien-auziere.fr\/blog\/wp-json\/wp\/v2\/posts"}],"about":[{"href":"https:\/\/www.sebastien-auziere.fr\/blog\/wp-json\/wp\/v2\/types\/post"}],"author":[{"embeddable":true,"href":"https:\/\/www.sebastien-auziere.fr\/blog\/wp-json\/wp\/v2\/users\/9"}],"replies":[{"embeddable":true,"href":"https:\/\/www.sebastien-auziere.fr\/blog\/wp-json\/wp\/v2\/comments?post=3370"}],"version-history":[{"count":1,"href":"https:\/\/www.sebastien-auziere.fr\/blog\/wp-json\/wp\/v2\/posts\/3370\/revisions"}],"predecessor-version":[{"id":3371,"href":"https:\/\/www.sebastien-auziere.fr\/blog\/wp-json\/wp\/v2\/posts\/3370\/revisions\/3371"}],"wp:featuredmedia":[{"embeddable":true,"href":"https:\/\/www.sebastien-auziere.fr\/blog\/wp-json\/wp\/v2\/media\/3368"}],"wp:attachment":[{"href":"https:\/\/www.sebastien-auziere.fr\/blog\/wp-json\/wp\/v2\/media?parent=3370"}],"wp:term":[{"taxonomy":"category","embeddable":true,"href":"https:\/\/www.sebastien-auziere.fr\/blog\/wp-json\/wp\/v2\/categories?post=3370"},{"taxonomy":"post_tag","embeddable":true,"href":"https:\/\/www.sebastien-auziere.fr\/blog\/wp-json\/wp\/v2\/tags?post=3370"}],"curies":[{"name":"wp","href":"https:\/\/api.w.org\/{rel}","templated":true}]}}