{"id":3369,"date":"2026-04-27T07:08:20","date_gmt":"2026-04-27T07:08:20","guid":{"rendered":"https:\/\/www.sebastien-auziere.fr\/blog\/brigitte-macron-tristesse\/"},"modified":"2026-04-27T07:08:20","modified_gmt":"2026-04-27T07:08:20","slug":"brigitte-macron-tristesse","status":"publish","type":"post","link":"https:\/\/www.sebastien-auziere.fr\/blog\/brigitte-macron-tristesse\/","title":{"rendered":"Brigitte Macron se livre : \u00ab\u00a0Parfois, une tristesse in\u00e9dite m&rsquo;envahit\u00a0\u00bb \u2013 retour sur ses ann\u00e9es difficiles&#8230;"},"content":{"rendered":"<p><strong>Brigitte Macron<\/strong> a l\u00e2ch\u00e9 cette phrase qui r\u00e9sonne : <strong>\u00ab\u00a0Parfois, une tristesse in\u00e9dite m&rsquo;envahit\u00a0\u00bb<\/strong>, lors d&rsquo;une interview \u00e0 <strong>La Tribune<\/strong> \u00e0 l&rsquo;\u00c9lys\u00e9e. Tu sens tout de suite l&rsquo;\u00e9motion et la gravit\u00e9 d&rsquo;un t\u00e9moignage qui revient sur pr\u00e8s d&rsquo;une d\u00e9cennie au c\u0153ur du pouvoir.<\/p>\n\n<p>Elle dit avoir connu des <strong>ann\u00e9es difficiles<\/strong>, un bilan humain fait de <strong>suffrance<\/strong> et de <strong>r\u00e9silience<\/strong>, et confie que l&rsquo;\u00e9criture l&rsquo;aide \u00e0 traverser ces moments. Cette <strong>confession<\/strong> sur sa <strong>vie personnelle<\/strong> a \u00e9t\u00e9 rendue publique alors qu&rsquo;elle doit quitter l&rsquo;\u00c9lys\u00e9e en 2027 apr\u00e8s deux mandats.<\/p>\n\n<h2 class=\"wp-block-heading\">Les mots qui frappent : confession et tristesse<\/h2>\n\n<p>Dans l&rsquo;interview, <strong>Brigitte Macron<\/strong> \u00e9voque avoir \u00e9t\u00e9 \u00ab\u00a0parfois triste comme jamais\u00a0\u00bb depuis son entr\u00e9e \u00e0 l&rsquo;\u00c9lys\u00e9e, rappelant qu&rsquo;avant elle menait une <strong>vie personnelle<\/strong> plus ordinaire, entre enfants et m\u00e9tier d&rsquo;enseignante. Elle parle de \u00ab\u00a0noirceur du monde\u00a0\u00bb, de la m\u00e9chancet\u00e9 qu&rsquo;elle a vue, et d&rsquo;un pessimisme in\u00e9dit. Ce passage marque l&rsquo;angle humain de son t\u00e9moignage et montre combien la fonction peut peser sur la vie priv\u00e9e.<\/p>\n\n<h3 class=\"wp-block-heading\">Cyberharc\u00e8lement et riposte judiciaire<\/h3>\n\n<p>La <strong>souffrance<\/strong> n&rsquo;est pas que int\u00e9rieure : Brigitte Macron a subi un important cyberharc\u00e8lement, avec diffusions d&rsquo;insultes et rumeurs sur son couple. En janvier, plusieurs pr\u00e9venus ont \u00e9t\u00e9 condamn\u00e9s \u00e0 des peines allant jusqu&rsquo;\u00e0 six mois de prison ferme, la plupart avec sursis. Le couple a choisi d&rsquo;attaquer en justice en France et aux \u00c9tats-Unis, apr\u00e8s un d\u00e9p\u00f4t de plainte \u00e0 l&rsquo;\u00e9t\u00e9 2024 pour des rumeurs \u00e0 fort retentissement.<\/p>\n\n<h2 class=\"wp-block-heading\">Comment elle a appris \u00e0 tenir<\/h2>\n\n<p>Pour surmonter cette exposition, elle confie que <strong>l&rsquo;\u00e9criture<\/strong> lui est d&rsquo;un grand secours et que la famille reste un pilier. On se souvient qu&rsquo;elle a rencontr\u00e9 Emmanuel Macron alors qu&rsquo;elle enseignait le th\u00e9\u00e2tre au lyc\u00e9e, un \u00e9pisode souvent cit\u00e9 pour humaniser leur histoire. Sa capacit\u00e9 \u00e0 se recentrer et \u00e0 cultiver des activit\u00e9s simples t\u00e9moigne d&rsquo;une <strong>r\u00e9silience<\/strong> assum\u00e9e face \u00e0 l&rsquo;adversit\u00e9.<\/p>\n\n<h3 class=\"wp-block-heading\">Du regard public \u00e0 la pr\u00e9servation de la vie priv\u00e9e<\/h3>\n\n<p>La <strong>vie priv\u00e9e<\/strong> de Brigitte a \u00e9t\u00e9 fortement mise \u00e0 l&rsquo;\u00e9preuve par des rumeurs \u2014 y compris la fausse all\u00e9gation de transidentit\u00e9 qui a profond\u00e9ment touch\u00e9 son entourage. Elle a expliqu\u00e9 aux enqu\u00eateurs en ao\u00fbt 2024 l&rsquo;impact \u00ab\u00a0tr\u00e8s fort\u00a0\u00bb de ces rumeurs. Ce t\u00e9moignage public illustre la tension entre r\u00f4le institutionnel et protection de l&rsquo;intime, et souligne la n\u00e9cessit\u00e9 de d\u00e9fendre la dignit\u00e9 face aux attaques.<\/p>\n\n<p>Pour approfondir ce r\u00e9cit et d\u00e9couvrir d&rsquo;autres angles sur les <strong>\u00e9preuves<\/strong> de la premi\u00e8re dame et la dynamique familiale au coeur de la vie politique, consulte les articles et analyses disponibles sur <a href=\"https:\/\/www.sebastien-auziere.fr\/blog\/brigitte-macron-epreuves-elysee\/\">le dossier sur ses \u00e9preuves \u00e0 l&rsquo;\u00c9lys\u00e9e<\/a> et explore les controverses document\u00e9es <a href=\"https:\/\/www.sebastien-auziere.fr\/blog\/brigitte-macron-controverse\/\">sur sebastien-auziere.fr<\/a>. En savoir plus permet de mieux comprendre le parcours, la <strong>souffrance<\/strong> et la <strong>r\u00e9silience<\/strong> derri\u00e8re les titres.<\/p>\n\n","protected":false},"excerpt":{"rendered":"<p>Brigitte Macron a l\u00e2ch\u00e9 cette phrase qui r\u00e9sonne : \u00ab\u00a0Parfois, une tristesse in\u00e9dite m&rsquo;envahit\u00a0\u00bb, lors d&rsquo;une interview \u00e0 La Tribune \u00e0 l&rsquo;\u00c9lys\u00e9e. Tu sens tout de suite l&rsquo;\u00e9motion et la gravit\u00e9 d&rsquo;un t\u00e9moignage qui revient sur pr\u00e8s d&rsquo;une d\u00e9cennie au c\u0153ur du pouvoir. Elle dit avoir connu des ann\u00e9es difficiles, un bilan humain fait de &#8230; <a title=\"Brigitte Macron se livre : \u00ab\u00a0Parfois, une tristesse in\u00e9dite m&rsquo;envahit\u00a0\u00bb \u2013 retour sur ses ann\u00e9es difficiles&#8230;\" class=\"read-more\" href=\"https:\/\/www.sebastien-auziere.fr\/blog\/brigitte-macron-tristesse\/\" aria-label=\"En savoir plus sur Brigitte Macron se livre : \u00ab\u00a0Parfois, une tristesse in\u00e9dite m&rsquo;envahit\u00a0\u00bb \u2013 retour sur ses ann\u00e9es difficiles&#8230;\">Lire plus<\/a><\/p>\n","protected":false},"author":9,"featured_media":3368,"comment_status":"open","ping_status":"open","sticky":false,"template":"","format":"standard","meta":{"footnotes":""},"categories":[597],"tags":[4507,892,4505,4385,4509],"class_list":["post-3369","post","type-post","status-publish","format-standard","has-post-thumbnail","hentry","category-actualites","tag-annees-difficiles","tag-brigitte-macron","tag-interview-brigitte-macron","tag-tristesse","tag-vie-personnelle"],"yoast_head":"<!-- This site is optimized with the Yoast SEO plugin v27.5 - https:\/\/yoast.com\/product\/yoast-seo-wordpress\/ -->\n<title>Brigitte Macron se livre : &quot;Parfois, une tristesse in\u00e9dite m&#039;envahit&quot; \u2013 retour sur ses ann\u00e9es difficiles... - Fan site S\u00e9bastien Auzi\u00e8re<\/title>\n<meta name=\"description\" content=\"Brigitte Macron se confie sur ses moments de tristesse in\u00e9dite et revient sur ses ann\u00e9es difficiles dans une interview touchante.\" \/>\n<meta name=\"robots\" content=\"index, follow, max-snippet:-1, max-image-preview:large, max-video-preview:-1\" \/>\n<link rel=\"canonical\" href=\"https:\/\/www.sebastien-auziere.fr\/blog\/brigitte-macron-tristesse\/\" \/>\n<meta property=\"og:locale\" content=\"fr_FR\" \/>\n<meta property=\"og:type\" content=\"article\" \/>\n<meta property=\"og:title\" content=\"Brigitte Macron se livre : &quot;Parfois, une tristesse in\u00e9dite m&#039;envahit&quot; \u2013 retour sur ses ann\u00e9es difficiles... - Fan site S\u00e9bastien Auzi\u00e8re\" \/>\n<meta property=\"og:description\" content=\"Brigitte Macron se confie sur ses moments de tristesse in\u00e9dite et revient sur ses ann\u00e9es difficiles dans une interview touchante.\" \/>\n<meta property=\"og:url\" content=\"https:\/\/www.sebastien-auziere.fr\/blog\/brigitte-macron-tristesse\/\" \/>\n<meta property=\"og:site_name\" content=\"Fan site S\u00e9bastien Auzi\u00e8re\" \/>\n<meta property=\"article:published_time\" content=\"2026-04-27T07:08:20+00:00\" \/>\n<meta property=\"og:image\" content=\"https:\/\/www.sebastien-auziere.fr\/blog\/wp-content\/uploads\/2026\/04\/Brigitte-Macron-se-livre-Parfois-une-tristesse-inedite-menvahit-\u2013-retour-sur-ses-annees-difficiles.jpg\" \/>\n\t<meta property=\"og:image:width\" content=\"2560\" \/>\n\t<meta property=\"og:image:height\" content=\"1429\" \/>\n\t<meta property=\"og:image:type\" content=\"image\/jpeg\" \/>\n<meta name=\"author\" content=\"Chloe Gauthier\" \/>\n<meta name=\"twitter:card\" content=\"summary_large_image\" \/>\n<meta name=\"twitter:label1\" content=\"\u00c9crit par\" \/>\n\t<meta name=\"twitter:data1\" content=\"Chloe Gauthier\" \/>\n\t<meta name=\"twitter:label2\" content=\"Dur\u00e9e de lecture estim\u00e9e\" \/>\n\t<meta name=\"twitter:data2\" content=\"2 minutes\" \/>\n<script type=\"application\/ld+json\" class=\"yoast-schema-graph\">{\"@context\":\"https:\\\/\\\/schema.org\",\"@graph\":[{\"@type\":\"Article\",\"@id\":\"https:\\\/\\\/www.sebastien-auziere.fr\\\/blog\\\/brigitte-macron-tristesse\\\/#article\",\"isPartOf\":{\"@id\":\"https:\\\/\\\/www.sebastien-auziere.fr\\\/blog\\\/brigitte-macron-tristesse\\\/\"},\"author\":{\"name\":\"Chloe Gauthier\",\"@id\":\"https:\\\/\\\/www.sebastien-auziere.fr\\\/blog\\\/#\\\/schema\\\/person\\\/149f1acdbfd85149c6c3e59adeae2f4d\"},\"headline\":\"Brigitte Macron se livre : \u00ab\u00a0Parfois, une tristesse in\u00e9dite m&rsquo;envahit\u00a0\u00bb \u2013 retour sur ses ann\u00e9es difficiles&#8230;\",\"datePublished\":\"2026-04-27T07:08:20+00:00\",\"mainEntityOfPage\":{\"@id\":\"https:\\\/\\\/www.sebastien-auziere.fr\\\/blog\\\/brigitte-macron-tristesse\\\/\"},\"wordCount\":497,\"commentCount\":0,\"publisher\":{\"@id\":\"https:\\\/\\\/www.sebastien-auziere.fr\\\/blog\\\/#organization\"},\"image\":{\"@id\":\"https:\\\/\\\/www.sebastien-auziere.fr\\\/blog\\\/brigitte-macron-tristesse\\\/#primaryimage\"},\"thumbnailUrl\":\"https:\\\/\\\/www.sebastien-auziere.fr\\\/blog\\\/wp-content\\\/uploads\\\/2026\\\/04\\\/Brigitte-Macron-se-livre-Parfois-une-tristesse-inedite-menvahit-\u2013-retour-sur-ses-annees-difficiles.jpg\",\"keywords\":[\"ann\u00e9es difficiles\",\"brigitte macron\",\"interview brigitte macron\",\"tristesse\",\"vie personnelle\"],\"articleSection\":[\"Actualit\u00e9s\"],\"inLanguage\":\"fr-FR\",\"potentialAction\":[{\"@type\":\"CommentAction\",\"name\":\"Comment\",\"target\":[\"https:\\\/\\\/www.sebastien-auziere.fr\\\/blog\\\/brigitte-macron-tristesse\\\/#respond\"]}]},{\"@type\":\"WebPage\",\"@id\":\"https:\\\/\\\/www.sebastien-auziere.fr\\\/blog\\\/brigitte-macron-tristesse\\\/\",\"url\":\"https:\\\/\\\/www.sebastien-auziere.fr\\\/blog\\\/brigitte-macron-tristesse\\\/\",\"name\":\"Brigitte Macron se livre : \\\"Parfois, une tristesse in\u00e9dite m'envahit\\\" \u2013 retour sur ses ann\u00e9es difficiles... - Fan site S\u00e9bastien Auzi\u00e8re\",\"isPartOf\":{\"@id\":\"https:\\\/\\\/www.sebastien-auziere.fr\\\/blog\\\/#website\"},\"primaryImageOfPage\":{\"@id\":\"https:\\\/\\\/www.sebastien-auziere.fr\\\/blog\\\/brigitte-macron-tristesse\\\/#primaryimage\"},\"image\":{\"@id\":\"https:\\\/\\\/www.sebastien-auziere.fr\\\/blog\\\/brigitte-macron-tristesse\\\/#primaryimage\"},\"thumbnailUrl\":\"https:\\\/\\\/www.sebastien-auziere.fr\\\/blog\\\/wp-content\\\/uploads\\\/2026\\\/04\\\/Brigitte-Macron-se-livre-Parfois-une-tristesse-inedite-menvahit-\u2013-retour-sur-ses-annees-difficiles.jpg\",\"datePublished\":\"2026-04-27T07:08:20+00:00\",\"description\":\"Brigitte Macron se confie sur ses moments de tristesse in\u00e9dite et revient sur ses ann\u00e9es difficiles dans une interview touchante.\",\"breadcrumb\":{\"@id\":\"https:\\\/\\\/www.sebastien-auziere.fr\\\/blog\\\/brigitte-macron-tristesse\\\/#breadcrumb\"},\"inLanguage\":\"fr-FR\",\"potentialAction\":[{\"@type\":\"ReadAction\",\"target\":[\"https:\\\/\\\/www.sebastien-auziere.fr\\\/blog\\\/brigitte-macron-tristesse\\\/\"]}]},{\"@type\":\"ImageObject\",\"inLanguage\":\"fr-FR\",\"@id\":\"https:\\\/\\\/www.sebastien-auziere.fr\\\/blog\\\/brigitte-macron-tristesse\\\/#primaryimage\",\"url\":\"https:\\\/\\\/www.sebastien-auziere.fr\\\/blog\\\/wp-content\\\/uploads\\\/2026\\\/04\\\/Brigitte-Macron-se-livre-Parfois-une-tristesse-inedite-menvahit-\u2013-retour-sur-ses-annees-difficiles.jpg\",\"contentUrl\":\"https:\\\/\\\/www.sebastien-auziere.fr\\\/blog\\\/wp-content\\\/uploads\\\/2026\\\/04\\\/Brigitte-Macron-se-livre-Parfois-une-tristesse-inedite-menvahit-\u2013-retour-sur-ses-annees-difficiles.jpg\",\"width\":2560,\"height\":1429,\"caption\":\"d\u00e9couvrez le t\u00e9moignage poignant de brigitte macron qui se confie sur ses moments de tristesse in\u00e9dite et revient sur ses ann\u00e9es difficiles.\"},{\"@type\":\"BreadcrumbList\",\"@id\":\"https:\\\/\\\/www.sebastien-auziere.fr\\\/blog\\\/brigitte-macron-tristesse\\\/#breadcrumb\",\"itemListElement\":[{\"@type\":\"ListItem\",\"position\":1,\"name\":\"Home\",\"item\":\"https:\\\/\\\/www.sebastien-auziere.fr\\\/blog\\\/\"},{\"@type\":\"ListItem\",\"position\":2,\"name\":\"Brigitte Macron se livre : \u00ab\u00a0Parfois, une tristesse in\u00e9dite m&rsquo;envahit\u00a0\u00bb \u2013 retour sur ses ann\u00e9es difficiles&#8230;\"}]},{\"@type\":\"WebSite\",\"@id\":\"https:\\\/\\\/www.sebastien-auziere.fr\\\/blog\\\/#website\",\"url\":\"https:\\\/\\\/www.sebastien-auziere.fr\\\/blog\\\/\",\"name\":\"Fan site S\u00e9bastien Auzi\u00e8re\",\"description\":\"M\u00e9dia g\u00e9n\u00e9raliste\",\"publisher\":{\"@id\":\"https:\\\/\\\/www.sebastien-auziere.fr\\\/blog\\\/#organization\"},\"potentialAction\":[{\"@type\":\"SearchAction\",\"target\":{\"@type\":\"EntryPoint\",\"urlTemplate\":\"https:\\\/\\\/www.sebastien-auziere.fr\\\/blog\\\/?s={search_term_string}\"},\"query-input\":{\"@type\":\"PropertyValueSpecification\",\"valueRequired\":true,\"valueName\":\"search_term_string\"}}],\"inLanguage\":\"fr-FR\"},{\"@type\":\"Organization\",\"@id\":\"https:\\\/\\\/www.sebastien-auziere.fr\\\/blog\\\/#organization\",\"name\":\"Fan site S\u00e9bastien Auzi\u00e8re\",\"url\":\"https:\\\/\\\/www.sebastien-auziere.fr\\\/blog\\\/\",\"logo\":{\"@type\":\"ImageObject\",\"inLanguage\":\"fr-FR\",\"@id\":\"https:\\\/\\\/www.sebastien-auziere.fr\\\/blog\\\/#\\\/schema\\\/logo\\\/image\\\/\",\"url\":\"https:\\\/\\\/www.sebastien-auziere.fr\\\/blog\\\/wp-content\\\/uploads\\\/2026\\\/03\\\/cropped-cropped-cropped-ChatGPT-Image-6-mars-2026-12_58_09-e1772798376794.jpg\",\"contentUrl\":\"https:\\\/\\\/www.sebastien-auziere.fr\\\/blog\\\/wp-content\\\/uploads\\\/2026\\\/03\\\/cropped-cropped-cropped-ChatGPT-Image-6-mars-2026-12_58_09-e1772798376794.jpg\",\"width\":512,\"height\":360,\"caption\":\"Fan site S\u00e9bastien Auzi\u00e8re\"},\"image\":{\"@id\":\"https:\\\/\\\/www.sebastien-auziere.fr\\\/blog\\\/#\\\/schema\\\/logo\\\/image\\\/\"}},{\"@type\":\"Person\",\"@id\":\"https:\\\/\\\/www.sebastien-auziere.fr\\\/blog\\\/#\\\/schema\\\/person\\\/149f1acdbfd85149c6c3e59adeae2f4d\",\"name\":\"Chloe Gauthier\",\"image\":{\"@type\":\"ImageObject\",\"inLanguage\":\"fr-FR\",\"@id\":\"https:\\\/\\\/secure.gravatar.com\\\/avatar\\\/2c5722f58171cff738a8985ef0dd66b476e563753246a49019befc837ec4201a?s=96&d=mm&r=g\",\"url\":\"https:\\\/\\\/secure.gravatar.com\\\/avatar\\\/2c5722f58171cff738a8985ef0dd66b476e563753246a49019befc837ec4201a?s=96&d=mm&r=g\",\"contentUrl\":\"https:\\\/\\\/secure.gravatar.com\\\/avatar\\\/2c5722f58171cff738a8985ef0dd66b476e563753246a49019befc837ec4201a?s=96&d=mm&r=g\",\"caption\":\"Chloe Gauthier\"},\"description\":\"Passionn\u00e9e par la politique et admiratrice engag\u00e9e de la famille Macron, je consacre mon \u00e9nergie \u00e0 suivre leurs initiatives et \u00e0 promouvoir leurs id\u00e9es. \u00c0 32 ans, je suis convaincue que leur vision est porteuse d'avenir.\",\"url\":\"https:\\\/\\\/www.sebastien-auziere.fr\\\/blog\\\/author\\\/chloe-gauthier\\\/\"}]}<\/script>\n<!-- \/ Yoast SEO plugin. -->","yoast_head_json":{"title":"Brigitte Macron se livre : \"Parfois, une tristesse in\u00e9dite m'envahit\" \u2013 retour sur ses ann\u00e9es difficiles... - Fan site S\u00e9bastien Auzi\u00e8re","description":"Brigitte Macron se confie sur ses moments de tristesse in\u00e9dite et revient sur ses ann\u00e9es difficiles dans une interview touchante.","robots":{"index":"index","follow":"follow","max-snippet":"max-snippet:-1","max-image-preview":"max-image-preview:large","max-video-preview":"max-video-preview:-1"},"canonical":"https:\/\/www.sebastien-auziere.fr\/blog\/brigitte-macron-tristesse\/","og_locale":"fr_FR","og_type":"article","og_title":"Brigitte Macron se livre : \"Parfois, une tristesse in\u00e9dite m'envahit\" \u2013 retour sur ses ann\u00e9es difficiles... - Fan site S\u00e9bastien Auzi\u00e8re","og_description":"Brigitte Macron se confie sur ses moments de tristesse in\u00e9dite et revient sur ses ann\u00e9es difficiles dans une interview touchante.","og_url":"https:\/\/www.sebastien-auziere.fr\/blog\/brigitte-macron-tristesse\/","og_site_name":"Fan site S\u00e9bastien Auzi\u00e8re","article_published_time":"2026-04-27T07:08:20+00:00","og_image":[{"width":2560,"height":1429,"url":"https:\/\/www.sebastien-auziere.fr\/blog\/wp-content\/uploads\/2026\/04\/Brigitte-Macron-se-livre-Parfois-une-tristesse-inedite-menvahit-\u2013-retour-sur-ses-annees-difficiles.jpg","type":"image\/jpeg"}],"author":"Chloe Gauthier","twitter_card":"summary_large_image","twitter_misc":{"\u00c9crit par":"Chloe Gauthier","Dur\u00e9e de lecture estim\u00e9e":"2 minutes"},"schema":{"@context":"https:\/\/schema.org","@graph":[{"@type":"Article","@id":"https:\/\/www.sebastien-auziere.fr\/blog\/brigitte-macron-tristesse\/#article","isPartOf":{"@id":"https:\/\/www.sebastien-auziere.fr\/blog\/brigitte-macron-tristesse\/"},"author":{"name":"Chloe Gauthier","@id":"https:\/\/www.sebastien-auziere.fr\/blog\/#\/schema\/person\/149f1acdbfd85149c6c3e59adeae2f4d"},"headline":"Brigitte Macron se livre : \u00ab\u00a0Parfois, une tristesse in\u00e9dite m&rsquo;envahit\u00a0\u00bb \u2013 retour sur ses ann\u00e9es difficiles&#8230;","datePublished":"2026-04-27T07:08:20+00:00","mainEntityOfPage":{"@id":"https:\/\/www.sebastien-auziere.fr\/blog\/brigitte-macron-tristesse\/"},"wordCount":497,"commentCount":0,"publisher":{"@id":"https:\/\/www.sebastien-auziere.fr\/blog\/#organization"},"image":{"@id":"https:\/\/www.sebastien-auziere.fr\/blog\/brigitte-macron-tristesse\/#primaryimage"},"thumbnailUrl":"https:\/\/www.sebastien-auziere.fr\/blog\/wp-content\/uploads\/2026\/04\/Brigitte-Macron-se-livre-Parfois-une-tristesse-inedite-menvahit-\u2013-retour-sur-ses-annees-difficiles.jpg","keywords":["ann\u00e9es difficiles","brigitte macron","interview brigitte macron","tristesse","vie personnelle"],"articleSection":["Actualit\u00e9s"],"inLanguage":"fr-FR","potentialAction":[{"@type":"CommentAction","name":"Comment","target":["https:\/\/www.sebastien-auziere.fr\/blog\/brigitte-macron-tristesse\/#respond"]}]},{"@type":"WebPage","@id":"https:\/\/www.sebastien-auziere.fr\/blog\/brigitte-macron-tristesse\/","url":"https:\/\/www.sebastien-auziere.fr\/blog\/brigitte-macron-tristesse\/","name":"Brigitte Macron se livre : \"Parfois, une tristesse in\u00e9dite m'envahit\" \u2013 retour sur ses ann\u00e9es difficiles... - Fan site S\u00e9bastien Auzi\u00e8re","isPartOf":{"@id":"https:\/\/www.sebastien-auziere.fr\/blog\/#website"},"primaryImageOfPage":{"@id":"https:\/\/www.sebastien-auziere.fr\/blog\/brigitte-macron-tristesse\/#primaryimage"},"image":{"@id":"https:\/\/www.sebastien-auziere.fr\/blog\/brigitte-macron-tristesse\/#primaryimage"},"thumbnailUrl":"https:\/\/www.sebastien-auziere.fr\/blog\/wp-content\/uploads\/2026\/04\/Brigitte-Macron-se-livre-Parfois-une-tristesse-inedite-menvahit-\u2013-retour-sur-ses-annees-difficiles.jpg","datePublished":"2026-04-27T07:08:20+00:00","description":"Brigitte Macron se confie sur ses moments de tristesse in\u00e9dite et revient sur ses ann\u00e9es difficiles dans une interview touchante.","breadcrumb":{"@id":"https:\/\/www.sebastien-auziere.fr\/blog\/brigitte-macron-tristesse\/#breadcrumb"},"inLanguage":"fr-FR","potentialAction":[{"@type":"ReadAction","target":["https:\/\/www.sebastien-auziere.fr\/blog\/brigitte-macron-tristesse\/"]}]},{"@type":"ImageObject","inLanguage":"fr-FR","@id":"https:\/\/www.sebastien-auziere.fr\/blog\/brigitte-macron-tristesse\/#primaryimage","url":"https:\/\/www.sebastien-auziere.fr\/blog\/wp-content\/uploads\/2026\/04\/Brigitte-Macron-se-livre-Parfois-une-tristesse-inedite-menvahit-\u2013-retour-sur-ses-annees-difficiles.jpg","contentUrl":"https:\/\/www.sebastien-auziere.fr\/blog\/wp-content\/uploads\/2026\/04\/Brigitte-Macron-se-livre-Parfois-une-tristesse-inedite-menvahit-\u2013-retour-sur-ses-annees-difficiles.jpg","width":2560,"height":1429,"caption":"d\u00e9couvrez le t\u00e9moignage poignant de brigitte macron qui se confie sur ses moments de tristesse in\u00e9dite et revient sur ses ann\u00e9es difficiles."},{"@type":"BreadcrumbList","@id":"https:\/\/www.sebastien-auziere.fr\/blog\/brigitte-macron-tristesse\/#breadcrumb","itemListElement":[{"@type":"ListItem","position":1,"name":"Home","item":"https:\/\/www.sebastien-auziere.fr\/blog\/"},{"@type":"ListItem","position":2,"name":"Brigitte Macron se livre : \u00ab\u00a0Parfois, une tristesse in\u00e9dite m&rsquo;envahit\u00a0\u00bb \u2013 retour sur ses ann\u00e9es difficiles&#8230;"}]},{"@type":"WebSite","@id":"https:\/\/www.sebastien-auziere.fr\/blog\/#website","url":"https:\/\/www.sebastien-auziere.fr\/blog\/","name":"Fan site S\u00e9bastien Auzi\u00e8re","description":"M\u00e9dia g\u00e9n\u00e9raliste","publisher":{"@id":"https:\/\/www.sebastien-auziere.fr\/blog\/#organization"},"potentialAction":[{"@type":"SearchAction","target":{"@type":"EntryPoint","urlTemplate":"https:\/\/www.sebastien-auziere.fr\/blog\/?s={search_term_string}"},"query-input":{"@type":"PropertyValueSpecification","valueRequired":true,"valueName":"search_term_string"}}],"inLanguage":"fr-FR"},{"@type":"Organization","@id":"https:\/\/www.sebastien-auziere.fr\/blog\/#organization","name":"Fan site S\u00e9bastien Auzi\u00e8re","url":"https:\/\/www.sebastien-auziere.fr\/blog\/","logo":{"@type":"ImageObject","inLanguage":"fr-FR","@id":"https:\/\/www.sebastien-auziere.fr\/blog\/#\/schema\/logo\/image\/","url":"https:\/\/www.sebastien-auziere.fr\/blog\/wp-content\/uploads\/2026\/03\/cropped-cropped-cropped-ChatGPT-Image-6-mars-2026-12_58_09-e1772798376794.jpg","contentUrl":"https:\/\/www.sebastien-auziere.fr\/blog\/wp-content\/uploads\/2026\/03\/cropped-cropped-cropped-ChatGPT-Image-6-mars-2026-12_58_09-e1772798376794.jpg","width":512,"height":360,"caption":"Fan site S\u00e9bastien Auzi\u00e8re"},"image":{"@id":"https:\/\/www.sebastien-auziere.fr\/blog\/#\/schema\/logo\/image\/"}},{"@type":"Person","@id":"https:\/\/www.sebastien-auziere.fr\/blog\/#\/schema\/person\/149f1acdbfd85149c6c3e59adeae2f4d","name":"Chloe Gauthier","image":{"@type":"ImageObject","inLanguage":"fr-FR","@id":"https:\/\/secure.gravatar.com\/avatar\/2c5722f58171cff738a8985ef0dd66b476e563753246a49019befc837ec4201a?s=96&d=mm&r=g","url":"https:\/\/secure.gravatar.com\/avatar\/2c5722f58171cff738a8985ef0dd66b476e563753246a49019befc837ec4201a?s=96&d=mm&r=g","contentUrl":"https:\/\/secure.gravatar.com\/avatar\/2c5722f58171cff738a8985ef0dd66b476e563753246a49019befc837ec4201a?s=96&d=mm&r=g","caption":"Chloe Gauthier"},"description":"Passionn\u00e9e par la politique et admiratrice engag\u00e9e de la famille Macron, je consacre mon \u00e9nergie \u00e0 suivre leurs initiatives et \u00e0 promouvoir leurs id\u00e9es. \u00c0 32 ans, je suis convaincue que leur vision est porteuse d'avenir.","url":"https:\/\/www.sebastien-auziere.fr\/blog\/author\/chloe-gauthier\/"}]}},"views":1100,"_links":{"self":[{"href":"https:\/\/www.sebastien-auziere.fr\/blog\/wp-json\/wp\/v2\/posts\/3369","targetHints":{"allow":["GET"]}}],"collection":[{"href":"https:\/\/www.sebastien-auziere.fr\/blog\/wp-json\/wp\/v2\/posts"}],"about":[{"href":"https:\/\/www.sebastien-auziere.fr\/blog\/wp-json\/wp\/v2\/types\/post"}],"author":[{"embeddable":true,"href":"https:\/\/www.sebastien-auziere.fr\/blog\/wp-json\/wp\/v2\/users\/9"}],"replies":[{"embeddable":true,"href":"https:\/\/www.sebastien-auziere.fr\/blog\/wp-json\/wp\/v2\/comments?post=3369"}],"version-history":[{"count":0,"href":"https:\/\/www.sebastien-auziere.fr\/blog\/wp-json\/wp\/v2\/posts\/3369\/revisions"}],"wp:featuredmedia":[{"embeddable":true,"href":"https:\/\/www.sebastien-auziere.fr\/blog\/wp-json\/wp\/v2\/media\/3368"}],"wp:attachment":[{"href":"https:\/\/www.sebastien-auziere.fr\/blog\/wp-json\/wp\/v2\/media?parent=3369"}],"wp:term":[{"taxonomy":"category","embeddable":true,"href":"https:\/\/www.sebastien-auziere.fr\/blog\/wp-json\/wp\/v2\/categories?post=3369"},{"taxonomy":"post_tag","embeddable":true,"href":"https:\/\/www.sebastien-auziere.fr\/blog\/wp-json\/wp\/v2\/tags?post=3369"}],"curies":[{"name":"wp","href":"https:\/\/api.w.org\/{rel}","templated":true}]}}