{"id":3364,"date":"2026-04-26T19:08:05","date_gmt":"2026-04-26T19:08:05","guid":{"rendered":"https:\/\/www.sebastien-auziere.fr\/blog\/?p=3364"},"modified":"2026-04-26T19:08:42","modified_gmt":"2026-04-26T19:08:42","slug":"brigitte-macron-no-centro-de-uma-controversia-bernard-montiel-intervem-e-reaviva-o-debate","status":"publish","type":"post","link":"https:\/\/www.sebastien-auziere.fr\/blog\/pt\/brigitte-macron-no-centro-de-uma-controversia-bernard-montiel-intervem-e-reaviva-o-debate\/","title":{"rendered":"Brigitte Macron no centro de uma controv\u00e9rsia, Bernard Montiel interv\u00e9m e reaviva o debate"},"content":{"rendered":"<p><strong>Brigitte Macron<\/strong> est\u00e1 novamente sob os holofotes ap\u00f3s a divulga\u00e7\u00e3o de um v\u00eddeo nos bastidores no final de 2025 e suas desculpas ao <strong>20 heures de TF1<\/strong>. A sa\u00edda qualificada de \u00ab\u00a0<strong>vacas sujas<\/strong>\u00a0\u00bb reacendeu uma intensa <strong>controv\u00e9rsia<\/strong> entre militantes do #MeToo e apoiadores do casal presidencial, e a interven\u00e7\u00e3o p\u00fablica de <strong>Bernard Montiel<\/strong> imediatamente reacendeu o <strong>debate<\/strong>.<\/p>\n\n<p><strong>Em resumo:<\/strong> o v\u00eddeo filmado nas Folies Berg\u00e8re em dezembro de 2025, a publica\u00e7\u00e3o online e depois a retirada da revista Public, as desculpas p\u00fablicas da Primeira-dama e a fala de Bernard Montiel na RTL em 25 de abril de 2026 amplificaram a <strong>midiatiza\u00e7\u00e3o<\/strong> e as divis\u00f5es na <strong>sociedade<\/strong>.<\/p>\n\n<h2 class=\"wp-block-heading\">Brigitte Macron e o v\u00eddeo das \u00ab\u00a0vacas sujas\u00a0\u00bb: recapitula\u00e7\u00e3o dos fatos<\/h2>\n\n<p>Os fatos remontam a dezembro de 2025: um v\u00eddeo filmado nos bastidores de um espet\u00e1culo de Ary Abittan mostra coment\u00e1rios de <strong>Brigitte Macron<\/strong> considerados insultuosos por v\u00e1rios coletivos. A divulga\u00e7\u00e3o pelo Public, que foi retransmitida e depois removida, provocou rea\u00e7\u00f5es de coletivos como <strong>#NousToutes<\/strong> e sindicatos. Diante da pol\u00eamica, a Primeira-dama apresentou desculpas ao <strong>20 heures<\/strong>, reconhecendo ter cometido um deslize lament\u00e1vel.<\/p>\n\n<h2 class=\"wp-block-heading\">Bernard Montiel defende Brigitte Macron e ataca as feministas<\/h2>\n\n<p>Convidado na RTL em 25 de abril de 2026, <strong>Bernard Montiel<\/strong> afirmou ter aconselhado a Primeira-dama a n\u00e3o ir ao espet\u00e1culo e qualificou a cena como privada. Ele criticou a rea\u00e7\u00e3o de alguns movimentos feministas, declarando n\u00e3o ter visto uma defesa p\u00fablica de Sra. Macron, e rejeitou os rumores de influ\u00eancia para seu retorno midi\u00e1tico. Sua interven\u00e7\u00e3o reacendeu o <strong>debate pol\u00edtico<\/strong> sobre o alcance das declara\u00e7\u00f5es feitas em privado.<\/p>\n\n<h3 class=\"wp-block-heading\">Rea\u00e7\u00f5es p\u00fablicas e enjeitos para a opini\u00e3o<\/h3>\n\n<p>A pol\u00eamica levantou a quest\u00e3o da fronteira entre a esfera privada e as responsabilidades p\u00fablicas. Comunicados de Solidaires e outros coletivos condenaram os coment\u00e1rios como \u00ab\u00a0grav\u00edssimos\u00a0\u00bb, enquanto os partid\u00e1rios mencionam a necessidade de contextualizar o incidente. A midiati\u00e7\u00e3o tamb\u00e9m reanimou os rumores sobre as rela\u00e7\u00f5es de influ\u00eancia em torno do casal presidencial, rumores que Montiel rejeitou firmemente em est\u00fadio.<\/p>\n\n<h2 class=\"wp-block-heading\">Consequ\u00eancias e seguimento midi\u00e1tico da controv\u00e9rsia<\/h2>\n\n<p>No plano midi\u00e1tico, o caso desencadeou artigos, debates televisivos e uma cascata de reprises internacionais, especialmente ap\u00f3s um t\u00edtulo do New York Post que repercutiu elementos biogr\u00e1ficos. O caso tamb\u00e9m destacou as tens\u00f5es entre liberdade de express\u00e3o e respeito pelas lutas feministas, desenhando uma divis\u00e3o na opini\u00e3o p\u00fablica e entre os comentaristas. A interven\u00e7\u00e3o de personalidades como Montiel alimenta a discuss\u00e3o sobre a <strong>midiatiza\u00e7\u00e3o<\/strong> das rela\u00e7\u00f5es privadas.<\/p>\n\n<p>Para saber mais sobre <strong>Brigitte Macron<\/strong>, o papel p\u00fablico do casal e os la\u00e7os com seu entorno, descubra artigos detalhados e cr\u00f4nicas em <a href=\"https:\/\/www.sebastien-auziere.fr\/blog\/brigitte-macron-et-emmanuel-macron\/\" rel=\"nofollow\">Brigitte e Emmanuel Macron<\/a> e sobre as falas p\u00fablicas na imprensa em <a href=\"https:\/\/www.sebastien-auziere.fr\/blog\/macron-rep-accusations-trump\/\" rel=\"nofollow\">as rea\u00e7\u00f5es pol\u00edticas recentes<\/a>. Visite <a href=\"https:\/\/www.sebastien-auziere.fr\/blog\/macron-sortie-baskets\/\" rel=\"nofollow\">sebastien-auziere.fr<\/a> para um dossi\u00ea completo e arquivos sobre a fam\u00edlia Macron e as quest\u00f5es atuais.<\/p>","protected":false},"excerpt":{"rendered":"<p>Brigitte Macron est\u00e1 novamente sob os holofotes ap\u00f3s a divulga\u00e7\u00e3o de um v\u00eddeo nos bastidores no final de 2025 e suas desculpas ao 20 heures de TF1. A sa\u00edda qualificada de \u00ab\u00a0vacas sujas\u00a0\u00bb reacendeu uma intensa controv\u00e9rsia entre militantes do #MeToo e apoiadores do casal presidencial, e a interven\u00e7\u00e3o p\u00fablica de Bernard Montiel imediatamente reacendeu &#8230; <a title=\"Brigitte Macron no centro de uma controv\u00e9rsia, Bernard Montiel interv\u00e9m e reaviva o debate\" class=\"read-more\" href=\"https:\/\/www.sebastien-auziere.fr\/blog\/pt\/brigitte-macron-no-centro-de-uma-controversia-bernard-montiel-intervem-e-reaviva-o-debate\/\" aria-label=\"En savoir plus sur Brigitte Macron no centro de uma controv\u00e9rsia, Bernard Montiel interv\u00e9m e reaviva o debate\">Lire plus<\/a><\/p>\n","protected":false},"author":9,"featured_media":3354,"comment_status":"open","ping_status":"open","sticky":false,"template":"","format":"standard","meta":{"footnotes":""},"categories":[862],"tags":[4487,959,4490,4493,1996],"class_list":["post-3364","post","type-post","status-publish","format-standard","has-post-thumbnail","hentry","category-actualidades-pt","tag-bernard-montiel-pt","tag-brigitte-macron-pt","tag-controverso-pt","tag-debate-pt","tag-politica-francesa-pt"],"yoast_head":"<!-- This site is optimized with the Yoast SEO plugin v27.5 - https:\/\/yoast.com\/product\/yoast-seo-wordpress\/ -->\n<title>Brigitte Macron no centro de uma controv\u00e9rsia, Bernard Montiel interv\u00e9m e reaviva o debate - Fan site S\u00e9bastien Auzi\u00e8re<\/title>\n<meta name=\"description\" content=\"Brigitte Macron au c\u0153ur d&#039;une controverse, Bernard Montiel intervient et relance le d\u00e9bat. D\u00e9couvrez les d\u00e9tails et r\u00e9actions.\" \/>\n<meta name=\"robots\" content=\"index, follow, max-snippet:-1, max-image-preview:large, max-video-preview:-1\" \/>\n<link rel=\"canonical\" href=\"https:\/\/www.sebastien-auziere.fr\/blog\/pt\/brigitte-macron-no-centro-de-uma-controversia-bernard-montiel-intervem-e-reaviva-o-debate\/\" \/>\n<meta property=\"og:locale\" content=\"fr_FR\" \/>\n<meta property=\"og:type\" content=\"article\" \/>\n<meta property=\"og:title\" content=\"Brigitte Macron no centro de uma controv\u00e9rsia, Bernard Montiel interv\u00e9m e reaviva o debate - Fan site S\u00e9bastien Auzi\u00e8re\" \/>\n<meta property=\"og:description\" content=\"Brigitte Macron au c\u0153ur d&#039;une controverse, Bernard Montiel intervient et relance le d\u00e9bat. D\u00e9couvrez les d\u00e9tails et r\u00e9actions.\" \/>\n<meta property=\"og:url\" content=\"https:\/\/www.sebastien-auziere.fr\/blog\/pt\/brigitte-macron-no-centro-de-uma-controversia-bernard-montiel-intervem-e-reaviva-o-debate\/\" \/>\n<meta property=\"og:site_name\" content=\"Fan site S\u00e9bastien Auzi\u00e8re\" \/>\n<meta property=\"article:published_time\" content=\"2026-04-26T19:08:05+00:00\" \/>\n<meta property=\"article:modified_time\" content=\"2026-04-26T19:08:42+00:00\" \/>\n<meta property=\"og:image\" content=\"https:\/\/www.sebastien-auziere.fr\/blog\/wp-content\/uploads\/2026\/04\/Brigitte-Macron-au-centre-dune-controverse-Bernard-Montiel-intervient-et-ravive-le-debat.jpg\" \/>\n\t<meta property=\"og:image:width\" content=\"2560\" \/>\n\t<meta property=\"og:image:height\" content=\"1429\" \/>\n\t<meta property=\"og:image:type\" content=\"image\/jpeg\" \/>\n<meta name=\"author\" content=\"Chloe Gauthier\" \/>\n<meta name=\"twitter:card\" content=\"summary_large_image\" \/>\n<meta name=\"twitter:label1\" content=\"\u00c9crit par\" \/>\n\t<meta name=\"twitter:data1\" content=\"Chloe Gauthier\" \/>\n\t<meta name=\"twitter:label2\" content=\"Dur\u00e9e de lecture estim\u00e9e\" \/>\n\t<meta name=\"twitter:data2\" content=\"3 minutes\" \/>\n<script type=\"application\/ld+json\" class=\"yoast-schema-graph\">{\"@context\":\"https:\\\/\\\/schema.org\",\"@graph\":[{\"@type\":\"Article\",\"@id\":\"https:\\\/\\\/www.sebastien-auziere.fr\\\/blog\\\/pt\\\/brigitte-macron-no-centro-de-uma-controversia-bernard-montiel-intervem-e-reaviva-o-debate\\\/#article\",\"isPartOf\":{\"@id\":\"https:\\\/\\\/www.sebastien-auziere.fr\\\/blog\\\/pt\\\/brigitte-macron-no-centro-de-uma-controversia-bernard-montiel-intervem-e-reaviva-o-debate\\\/\"},\"author\":{\"name\":\"Chloe Gauthier\",\"@id\":\"https:\\\/\\\/www.sebastien-auziere.fr\\\/blog\\\/#\\\/schema\\\/person\\\/149f1acdbfd85149c6c3e59adeae2f4d\"},\"headline\":\"Brigitte Macron no centro de uma controv\u00e9rsia, Bernard Montiel interv\u00e9m e reaviva o debate\",\"datePublished\":\"2026-04-26T19:08:05+00:00\",\"dateModified\":\"2026-04-26T19:08:42+00:00\",\"mainEntityOfPage\":{\"@id\":\"https:\\\/\\\/www.sebastien-auziere.fr\\\/blog\\\/pt\\\/brigitte-macron-no-centro-de-uma-controversia-bernard-montiel-intervem-e-reaviva-o-debate\\\/\"},\"wordCount\":531,\"commentCount\":0,\"publisher\":{\"@id\":\"https:\\\/\\\/www.sebastien-auziere.fr\\\/blog\\\/#organization\"},\"image\":{\"@id\":\"https:\\\/\\\/www.sebastien-auziere.fr\\\/blog\\\/pt\\\/brigitte-macron-no-centro-de-uma-controversia-bernard-montiel-intervem-e-reaviva-o-debate\\\/#primaryimage\"},\"thumbnailUrl\":\"https:\\\/\\\/www.sebastien-auziere.fr\\\/blog\\\/wp-content\\\/uploads\\\/2026\\\/04\\\/Brigitte-Macron-au-centre-dune-controverse-Bernard-Montiel-intervient-et-ravive-le-debat.jpg\",\"keywords\":[\"bernard montiel\",\"brigitte macron\",\"controverso\",\"debate\",\"pol\u00edtica francesa\"],\"articleSection\":[\"Actualidades\"],\"inLanguage\":\"fr-FR\",\"potentialAction\":[{\"@type\":\"CommentAction\",\"name\":\"Comment\",\"target\":[\"https:\\\/\\\/www.sebastien-auziere.fr\\\/blog\\\/pt\\\/brigitte-macron-no-centro-de-uma-controversia-bernard-montiel-intervem-e-reaviva-o-debate\\\/#respond\"]}]},{\"@type\":\"WebPage\",\"@id\":\"https:\\\/\\\/www.sebastien-auziere.fr\\\/blog\\\/pt\\\/brigitte-macron-no-centro-de-uma-controversia-bernard-montiel-intervem-e-reaviva-o-debate\\\/\",\"url\":\"https:\\\/\\\/www.sebastien-auziere.fr\\\/blog\\\/pt\\\/brigitte-macron-no-centro-de-uma-controversia-bernard-montiel-intervem-e-reaviva-o-debate\\\/\",\"name\":\"Brigitte Macron no centro de uma controv\u00e9rsia, Bernard Montiel interv\u00e9m e reaviva o debate - Fan site S\u00e9bastien Auzi\u00e8re\",\"isPartOf\":{\"@id\":\"https:\\\/\\\/www.sebastien-auziere.fr\\\/blog\\\/#website\"},\"primaryImageOfPage\":{\"@id\":\"https:\\\/\\\/www.sebastien-auziere.fr\\\/blog\\\/pt\\\/brigitte-macron-no-centro-de-uma-controversia-bernard-montiel-intervem-e-reaviva-o-debate\\\/#primaryimage\"},\"image\":{\"@id\":\"https:\\\/\\\/www.sebastien-auziere.fr\\\/blog\\\/pt\\\/brigitte-macron-no-centro-de-uma-controversia-bernard-montiel-intervem-e-reaviva-o-debate\\\/#primaryimage\"},\"thumbnailUrl\":\"https:\\\/\\\/www.sebastien-auziere.fr\\\/blog\\\/wp-content\\\/uploads\\\/2026\\\/04\\\/Brigitte-Macron-au-centre-dune-controverse-Bernard-Montiel-intervient-et-ravive-le-debat.jpg\",\"datePublished\":\"2026-04-26T19:08:05+00:00\",\"dateModified\":\"2026-04-26T19:08:42+00:00\",\"description\":\"Brigitte Macron au c\u0153ur d'une controverse, Bernard Montiel intervient et relance le d\u00e9bat. D\u00e9couvrez les d\u00e9tails et r\u00e9actions.\",\"breadcrumb\":{\"@id\":\"https:\\\/\\\/www.sebastien-auziere.fr\\\/blog\\\/pt\\\/brigitte-macron-no-centro-de-uma-controversia-bernard-montiel-intervem-e-reaviva-o-debate\\\/#breadcrumb\"},\"inLanguage\":\"fr-FR\",\"potentialAction\":[{\"@type\":\"ReadAction\",\"target\":[\"https:\\\/\\\/www.sebastien-auziere.fr\\\/blog\\\/pt\\\/brigitte-macron-no-centro-de-uma-controversia-bernard-montiel-intervem-e-reaviva-o-debate\\\/\"]}]},{\"@type\":\"ImageObject\",\"inLanguage\":\"fr-FR\",\"@id\":\"https:\\\/\\\/www.sebastien-auziere.fr\\\/blog\\\/pt\\\/brigitte-macron-no-centro-de-uma-controversia-bernard-montiel-intervem-e-reaviva-o-debate\\\/#primaryimage\",\"url\":\"https:\\\/\\\/www.sebastien-auziere.fr\\\/blog\\\/wp-content\\\/uploads\\\/2026\\\/04\\\/Brigitte-Macron-au-centre-dune-controverse-Bernard-Montiel-intervient-et-ravive-le-debat.jpg\",\"contentUrl\":\"https:\\\/\\\/www.sebastien-auziere.fr\\\/blog\\\/wp-content\\\/uploads\\\/2026\\\/04\\\/Brigitte-Macron-au-centre-dune-controverse-Bernard-Montiel-intervient-et-ravive-le-debat.jpg\",\"width\":2560,\"height\":1429,\"caption\":\"d\u00e9couvrez comment bernard montiel relance le d\u00e9bat autour de brigitte macron, au c\u0153ur d'une nouvelle controverse.\"},{\"@type\":\"BreadcrumbList\",\"@id\":\"https:\\\/\\\/www.sebastien-auziere.fr\\\/blog\\\/pt\\\/brigitte-macron-no-centro-de-uma-controversia-bernard-montiel-intervem-e-reaviva-o-debate\\\/#breadcrumb\",\"itemListElement\":[{\"@type\":\"ListItem\",\"position\":1,\"name\":\"Home\",\"item\":\"https:\\\/\\\/www.sebastien-auziere.fr\\\/blog\\\/\"},{\"@type\":\"ListItem\",\"position\":2,\"name\":\"Brigitte Macron no centro de uma controv\u00e9rsia, Bernard Montiel interv\u00e9m e reaviva o debate\"}]},{\"@type\":\"WebSite\",\"@id\":\"https:\\\/\\\/www.sebastien-auziere.fr\\\/blog\\\/#website\",\"url\":\"https:\\\/\\\/www.sebastien-auziere.fr\\\/blog\\\/\",\"name\":\"Fan site S\u00e9bastien Auzi\u00e8re\",\"description\":\"M\u00e9dia g\u00e9n\u00e9raliste\",\"publisher\":{\"@id\":\"https:\\\/\\\/www.sebastien-auziere.fr\\\/blog\\\/#organization\"},\"potentialAction\":[{\"@type\":\"SearchAction\",\"target\":{\"@type\":\"EntryPoint\",\"urlTemplate\":\"https:\\\/\\\/www.sebastien-auziere.fr\\\/blog\\\/?s={search_term_string}\"},\"query-input\":{\"@type\":\"PropertyValueSpecification\",\"valueRequired\":true,\"valueName\":\"search_term_string\"}}],\"inLanguage\":\"fr-FR\"},{\"@type\":\"Organization\",\"@id\":\"https:\\\/\\\/www.sebastien-auziere.fr\\\/blog\\\/#organization\",\"name\":\"Fan site S\u00e9bastien Auzi\u00e8re\",\"url\":\"https:\\\/\\\/www.sebastien-auziere.fr\\\/blog\\\/\",\"logo\":{\"@type\":\"ImageObject\",\"inLanguage\":\"fr-FR\",\"@id\":\"https:\\\/\\\/www.sebastien-auziere.fr\\\/blog\\\/#\\\/schema\\\/logo\\\/image\\\/\",\"url\":\"https:\\\/\\\/www.sebastien-auziere.fr\\\/blog\\\/wp-content\\\/uploads\\\/2026\\\/03\\\/cropped-cropped-cropped-ChatGPT-Image-6-mars-2026-12_58_09-e1772798376794.jpg\",\"contentUrl\":\"https:\\\/\\\/www.sebastien-auziere.fr\\\/blog\\\/wp-content\\\/uploads\\\/2026\\\/03\\\/cropped-cropped-cropped-ChatGPT-Image-6-mars-2026-12_58_09-e1772798376794.jpg\",\"width\":512,\"height\":360,\"caption\":\"Fan site S\u00e9bastien Auzi\u00e8re\"},\"image\":{\"@id\":\"https:\\\/\\\/www.sebastien-auziere.fr\\\/blog\\\/#\\\/schema\\\/logo\\\/image\\\/\"}},{\"@type\":\"Person\",\"@id\":\"https:\\\/\\\/www.sebastien-auziere.fr\\\/blog\\\/#\\\/schema\\\/person\\\/149f1acdbfd85149c6c3e59adeae2f4d\",\"name\":\"Chloe Gauthier\",\"image\":{\"@type\":\"ImageObject\",\"inLanguage\":\"fr-FR\",\"@id\":\"https:\\\/\\\/secure.gravatar.com\\\/avatar\\\/2c5722f58171cff738a8985ef0dd66b476e563753246a49019befc837ec4201a?s=96&d=mm&r=g\",\"url\":\"https:\\\/\\\/secure.gravatar.com\\\/avatar\\\/2c5722f58171cff738a8985ef0dd66b476e563753246a49019befc837ec4201a?s=96&d=mm&r=g\",\"contentUrl\":\"https:\\\/\\\/secure.gravatar.com\\\/avatar\\\/2c5722f58171cff738a8985ef0dd66b476e563753246a49019befc837ec4201a?s=96&d=mm&r=g\",\"caption\":\"Chloe Gauthier\"},\"description\":\"Passionn\u00e9e par la politique et admiratrice engag\u00e9e de la famille Macron, je consacre mon \u00e9nergie \u00e0 suivre leurs initiatives et \u00e0 promouvoir leurs id\u00e9es. \u00c0 32 ans, je suis convaincue que leur vision est porteuse d'avenir.\",\"url\":\"https:\\\/\\\/www.sebastien-auziere.fr\\\/blog\\\/author\\\/chloe-gauthier\\\/\"}]}<\/script>\n<!-- \/ Yoast SEO plugin. -->","yoast_head_json":{"title":"Brigitte Macron no centro de uma controv\u00e9rsia, Bernard Montiel interv\u00e9m e reaviva o debate - Fan site S\u00e9bastien Auzi\u00e8re","description":"Brigitte Macron au c\u0153ur d'une controverse, Bernard Montiel intervient et relance le d\u00e9bat. D\u00e9couvrez les d\u00e9tails et r\u00e9actions.","robots":{"index":"index","follow":"follow","max-snippet":"max-snippet:-1","max-image-preview":"max-image-preview:large","max-video-preview":"max-video-preview:-1"},"canonical":"https:\/\/www.sebastien-auziere.fr\/blog\/pt\/brigitte-macron-no-centro-de-uma-controversia-bernard-montiel-intervem-e-reaviva-o-debate\/","og_locale":"fr_FR","og_type":"article","og_title":"Brigitte Macron no centro de uma controv\u00e9rsia, Bernard Montiel interv\u00e9m e reaviva o debate - Fan site S\u00e9bastien Auzi\u00e8re","og_description":"Brigitte Macron au c\u0153ur d'une controverse, Bernard Montiel intervient et relance le d\u00e9bat. D\u00e9couvrez les d\u00e9tails et r\u00e9actions.","og_url":"https:\/\/www.sebastien-auziere.fr\/blog\/pt\/brigitte-macron-no-centro-de-uma-controversia-bernard-montiel-intervem-e-reaviva-o-debate\/","og_site_name":"Fan site S\u00e9bastien Auzi\u00e8re","article_published_time":"2026-04-26T19:08:05+00:00","article_modified_time":"2026-04-26T19:08:42+00:00","og_image":[{"width":2560,"height":1429,"url":"https:\/\/www.sebastien-auziere.fr\/blog\/wp-content\/uploads\/2026\/04\/Brigitte-Macron-au-centre-dune-controverse-Bernard-Montiel-intervient-et-ravive-le-debat.jpg","type":"image\/jpeg"}],"author":"Chloe Gauthier","twitter_card":"summary_large_image","twitter_misc":{"\u00c9crit par":"Chloe Gauthier","Dur\u00e9e de lecture estim\u00e9e":"3 minutes"},"schema":{"@context":"https:\/\/schema.org","@graph":[{"@type":"Article","@id":"https:\/\/www.sebastien-auziere.fr\/blog\/pt\/brigitte-macron-no-centro-de-uma-controversia-bernard-montiel-intervem-e-reaviva-o-debate\/#article","isPartOf":{"@id":"https:\/\/www.sebastien-auziere.fr\/blog\/pt\/brigitte-macron-no-centro-de-uma-controversia-bernard-montiel-intervem-e-reaviva-o-debate\/"},"author":{"name":"Chloe Gauthier","@id":"https:\/\/www.sebastien-auziere.fr\/blog\/#\/schema\/person\/149f1acdbfd85149c6c3e59adeae2f4d"},"headline":"Brigitte Macron no centro de uma controv\u00e9rsia, Bernard Montiel interv\u00e9m e reaviva o debate","datePublished":"2026-04-26T19:08:05+00:00","dateModified":"2026-04-26T19:08:42+00:00","mainEntityOfPage":{"@id":"https:\/\/www.sebastien-auziere.fr\/blog\/pt\/brigitte-macron-no-centro-de-uma-controversia-bernard-montiel-intervem-e-reaviva-o-debate\/"},"wordCount":531,"commentCount":0,"publisher":{"@id":"https:\/\/www.sebastien-auziere.fr\/blog\/#organization"},"image":{"@id":"https:\/\/www.sebastien-auziere.fr\/blog\/pt\/brigitte-macron-no-centro-de-uma-controversia-bernard-montiel-intervem-e-reaviva-o-debate\/#primaryimage"},"thumbnailUrl":"https:\/\/www.sebastien-auziere.fr\/blog\/wp-content\/uploads\/2026\/04\/Brigitte-Macron-au-centre-dune-controverse-Bernard-Montiel-intervient-et-ravive-le-debat.jpg","keywords":["bernard montiel","brigitte macron","controverso","debate","pol\u00edtica francesa"],"articleSection":["Actualidades"],"inLanguage":"fr-FR","potentialAction":[{"@type":"CommentAction","name":"Comment","target":["https:\/\/www.sebastien-auziere.fr\/blog\/pt\/brigitte-macron-no-centro-de-uma-controversia-bernard-montiel-intervem-e-reaviva-o-debate\/#respond"]}]},{"@type":"WebPage","@id":"https:\/\/www.sebastien-auziere.fr\/blog\/pt\/brigitte-macron-no-centro-de-uma-controversia-bernard-montiel-intervem-e-reaviva-o-debate\/","url":"https:\/\/www.sebastien-auziere.fr\/blog\/pt\/brigitte-macron-no-centro-de-uma-controversia-bernard-montiel-intervem-e-reaviva-o-debate\/","name":"Brigitte Macron no centro de uma controv\u00e9rsia, Bernard Montiel interv\u00e9m e reaviva o debate - Fan site S\u00e9bastien Auzi\u00e8re","isPartOf":{"@id":"https:\/\/www.sebastien-auziere.fr\/blog\/#website"},"primaryImageOfPage":{"@id":"https:\/\/www.sebastien-auziere.fr\/blog\/pt\/brigitte-macron-no-centro-de-uma-controversia-bernard-montiel-intervem-e-reaviva-o-debate\/#primaryimage"},"image":{"@id":"https:\/\/www.sebastien-auziere.fr\/blog\/pt\/brigitte-macron-no-centro-de-uma-controversia-bernard-montiel-intervem-e-reaviva-o-debate\/#primaryimage"},"thumbnailUrl":"https:\/\/www.sebastien-auziere.fr\/blog\/wp-content\/uploads\/2026\/04\/Brigitte-Macron-au-centre-dune-controverse-Bernard-Montiel-intervient-et-ravive-le-debat.jpg","datePublished":"2026-04-26T19:08:05+00:00","dateModified":"2026-04-26T19:08:42+00:00","description":"Brigitte Macron au c\u0153ur d'une controverse, Bernard Montiel intervient et relance le d\u00e9bat. D\u00e9couvrez les d\u00e9tails et r\u00e9actions.","breadcrumb":{"@id":"https:\/\/www.sebastien-auziere.fr\/blog\/pt\/brigitte-macron-no-centro-de-uma-controversia-bernard-montiel-intervem-e-reaviva-o-debate\/#breadcrumb"},"inLanguage":"fr-FR","potentialAction":[{"@type":"ReadAction","target":["https:\/\/www.sebastien-auziere.fr\/blog\/pt\/brigitte-macron-no-centro-de-uma-controversia-bernard-montiel-intervem-e-reaviva-o-debate\/"]}]},{"@type":"ImageObject","inLanguage":"fr-FR","@id":"https:\/\/www.sebastien-auziere.fr\/blog\/pt\/brigitte-macron-no-centro-de-uma-controversia-bernard-montiel-intervem-e-reaviva-o-debate\/#primaryimage","url":"https:\/\/www.sebastien-auziere.fr\/blog\/wp-content\/uploads\/2026\/04\/Brigitte-Macron-au-centre-dune-controverse-Bernard-Montiel-intervient-et-ravive-le-debat.jpg","contentUrl":"https:\/\/www.sebastien-auziere.fr\/blog\/wp-content\/uploads\/2026\/04\/Brigitte-Macron-au-centre-dune-controverse-Bernard-Montiel-intervient-et-ravive-le-debat.jpg","width":2560,"height":1429,"caption":"d\u00e9couvrez comment bernard montiel relance le d\u00e9bat autour de brigitte macron, au c\u0153ur d'une nouvelle controverse."},{"@type":"BreadcrumbList","@id":"https:\/\/www.sebastien-auziere.fr\/blog\/pt\/brigitte-macron-no-centro-de-uma-controversia-bernard-montiel-intervem-e-reaviva-o-debate\/#breadcrumb","itemListElement":[{"@type":"ListItem","position":1,"name":"Home","item":"https:\/\/www.sebastien-auziere.fr\/blog\/"},{"@type":"ListItem","position":2,"name":"Brigitte Macron no centro de uma controv\u00e9rsia, Bernard Montiel interv\u00e9m e reaviva o debate"}]},{"@type":"WebSite","@id":"https:\/\/www.sebastien-auziere.fr\/blog\/#website","url":"https:\/\/www.sebastien-auziere.fr\/blog\/","name":"Fan site S\u00e9bastien Auzi\u00e8re","description":"M\u00e9dia g\u00e9n\u00e9raliste","publisher":{"@id":"https:\/\/www.sebastien-auziere.fr\/blog\/#organization"},"potentialAction":[{"@type":"SearchAction","target":{"@type":"EntryPoint","urlTemplate":"https:\/\/www.sebastien-auziere.fr\/blog\/?s={search_term_string}"},"query-input":{"@type":"PropertyValueSpecification","valueRequired":true,"valueName":"search_term_string"}}],"inLanguage":"fr-FR"},{"@type":"Organization","@id":"https:\/\/www.sebastien-auziere.fr\/blog\/#organization","name":"Fan site S\u00e9bastien Auzi\u00e8re","url":"https:\/\/www.sebastien-auziere.fr\/blog\/","logo":{"@type":"ImageObject","inLanguage":"fr-FR","@id":"https:\/\/www.sebastien-auziere.fr\/blog\/#\/schema\/logo\/image\/","url":"https:\/\/www.sebastien-auziere.fr\/blog\/wp-content\/uploads\/2026\/03\/cropped-cropped-cropped-ChatGPT-Image-6-mars-2026-12_58_09-e1772798376794.jpg","contentUrl":"https:\/\/www.sebastien-auziere.fr\/blog\/wp-content\/uploads\/2026\/03\/cropped-cropped-cropped-ChatGPT-Image-6-mars-2026-12_58_09-e1772798376794.jpg","width":512,"height":360,"caption":"Fan site S\u00e9bastien Auzi\u00e8re"},"image":{"@id":"https:\/\/www.sebastien-auziere.fr\/blog\/#\/schema\/logo\/image\/"}},{"@type":"Person","@id":"https:\/\/www.sebastien-auziere.fr\/blog\/#\/schema\/person\/149f1acdbfd85149c6c3e59adeae2f4d","name":"Chloe Gauthier","image":{"@type":"ImageObject","inLanguage":"fr-FR","@id":"https:\/\/secure.gravatar.com\/avatar\/2c5722f58171cff738a8985ef0dd66b476e563753246a49019befc837ec4201a?s=96&d=mm&r=g","url":"https:\/\/secure.gravatar.com\/avatar\/2c5722f58171cff738a8985ef0dd66b476e563753246a49019befc837ec4201a?s=96&d=mm&r=g","contentUrl":"https:\/\/secure.gravatar.com\/avatar\/2c5722f58171cff738a8985ef0dd66b476e563753246a49019befc837ec4201a?s=96&d=mm&r=g","caption":"Chloe Gauthier"},"description":"Passionn\u00e9e par la politique et admiratrice engag\u00e9e de la famille Macron, je consacre mon \u00e9nergie \u00e0 suivre leurs initiatives et \u00e0 promouvoir leurs id\u00e9es. \u00c0 32 ans, je suis convaincue que leur vision est porteuse d'avenir.","url":"https:\/\/www.sebastien-auziere.fr\/blog\/author\/chloe-gauthier\/"}]}},"views":0,"_links":{"self":[{"href":"https:\/\/www.sebastien-auziere.fr\/blog\/wp-json\/wp\/v2\/posts\/3364","targetHints":{"allow":["GET"]}}],"collection":[{"href":"https:\/\/www.sebastien-auziere.fr\/blog\/wp-json\/wp\/v2\/posts"}],"about":[{"href":"https:\/\/www.sebastien-auziere.fr\/blog\/wp-json\/wp\/v2\/types\/post"}],"author":[{"embeddable":true,"href":"https:\/\/www.sebastien-auziere.fr\/blog\/wp-json\/wp\/v2\/users\/9"}],"replies":[{"embeddable":true,"href":"https:\/\/www.sebastien-auziere.fr\/blog\/wp-json\/wp\/v2\/comments?post=3364"}],"version-history":[{"count":1,"href":"https:\/\/www.sebastien-auziere.fr\/blog\/wp-json\/wp\/v2\/posts\/3364\/revisions"}],"predecessor-version":[{"id":3365,"href":"https:\/\/www.sebastien-auziere.fr\/blog\/wp-json\/wp\/v2\/posts\/3364\/revisions\/3365"}],"wp:featuredmedia":[{"embeddable":true,"href":"https:\/\/www.sebastien-auziere.fr\/blog\/wp-json\/wp\/v2\/media\/3354"}],"wp:attachment":[{"href":"https:\/\/www.sebastien-auziere.fr\/blog\/wp-json\/wp\/v2\/media?parent=3364"}],"wp:term":[{"taxonomy":"category","embeddable":true,"href":"https:\/\/www.sebastien-auziere.fr\/blog\/wp-json\/wp\/v2\/categories?post=3364"},{"taxonomy":"post_tag","embeddable":true,"href":"https:\/\/www.sebastien-auziere.fr\/blog\/wp-json\/wp\/v2\/tags?post=3364"}],"curies":[{"name":"wp","href":"https:\/\/api.w.org\/{rel}","templated":true}]}}