{"id":3362,"date":"2026-04-26T19:07:24","date_gmt":"2026-04-26T19:07:24","guid":{"rendered":"https:\/\/www.sebastien-auziere.fr\/blog\/?p=3362"},"modified":"2026-04-26T19:07:52","modified_gmt":"2026-04-26T19:07:52","slug":"brigitte-macron-al-centro-di-una-controversia-bernard-montiel-interviene-e-riaccende-il-dibattito","status":"publish","type":"post","link":"https:\/\/www.sebastien-auziere.fr\/blog\/it\/brigitte-macron-al-centro-di-una-controversia-bernard-montiel-interviene-e-riaccende-il-dibattito\/","title":{"rendered":"Brigitte Macron al centro di una controversia, Bernard Montiel interviene e riaccende il dibattito"},"content":{"rendered":"<p><strong>Brigitte Macron<\/strong> si ritrova nuovamente sotto i riflettori dopo la diffusione di un video dietro le quinte alla fine del 2025 e le sue scuse alle <strong>20 ore di TF1<\/strong>. L&rsquo;uscita qualificata come \u00ab\u00a0<strong>cattive stupide<\/strong>\u00a0\u00bb ha rilanciato una vivace <strong>controvversia<\/strong> tra attiviste #MeToo e sostenitori della coppia presidenziale, e l&rsquo;intervento pubblico di <strong>Bernard Montiel<\/strong> ha immediatamente riacceso il <strong>dibattito<\/strong>.<\/p>\n\n<p><strong>In breve :<\/strong> il video girato alle Folies Berg\u00e8re nel dicembre 2025, la messa online e poi il ritiro della rivista Public, le scuse pubbliche della Prima donna e l&rsquo;intervento di Bernard Montiel su RTL il 25 aprile 2026 hanno amplificato la <strong>mediatizzazione<\/strong> e le divisioni nella <strong>societ\u00e0<\/strong>.<\/p>\n\n<h2 class=\"wp-block-heading\">Brigitte Macron e il video delle \u00ab\u00a0cattive stupide\u00a0\u00bb: riepilogo dei fatti<\/h2>\n\n<p>I fatti risalgono al dicembre 2025: un video girato dietro le quinte di uno spettacolo di Ary Abittan mostra commenti di <strong>Brigitte Macron<\/strong> giudicati offensivi da diversi collettivi. La diffusione da parte di Public, ripresa e poi rimossa, ha suscitato reazioni da parte di collettivi come <strong>#NoiTutte<\/strong> e sindacati. Di fronte alla polemica, la Prima donna ha presentato scuse alle <strong>20 ore<\/strong>, riconoscendo di aver commesso un errore deplorevole.<\/p>\n\n<h2 class=\"wp-block-heading\">Bernard Montiel difende Brigitte Macron e attacca le femministe<\/h2>\n\n<p>Ospite su RTL il 25 aprile 2026, <strong>Bernard Montiel<\/strong> ha assicurato di aver consigliato alla Prima donna di non recarsi allo spettacolo e ha qualificato la scena come privata. Ha criticato la reazione di alcuni movimenti femministi, affermando di non aver visto una difesa pubblica di Madame Macron, e ha smentito le voci di favoritismi per il suo ritorno mediatico. Il suo intervento ha rilanciato il <strong>dibattito politico<\/strong> sull&rsquo;importanza dei commenti fatti in privato.<\/p>\n\n<h3 class=\"wp-block-heading\">Reazioni pubbliche e questioni per l&rsquo;opinione<\/h3>\n\n<p>La polemica ha sollevato la questione del confine tra sfera privata e responsabilit\u00e0 pubbliche. Comunicate di Solidaires e altri collettivi hanno condannato i commenti come \u00ab\u00a0gravissimi\u00a0\u00bb, mentre i sostenitori parlano della necessit\u00e0 di contestualizzare l&rsquo;incidente. La mediatizzazione ha anche rilanciato le voci sulle relazioni di influenza intorno alla coppia presidenziale, voci che Montiel ha fermamente respinto in trasmissione.<\/p>\n\n<h2 class=\"wp-block-heading\">Consequenze e seguito mediatico della controversia<\/h2>\n\n<p>Dal punto di vista mediatico, la questione ha scatenato articoli, dibattiti televisivi e una cascata di riprese internazionali, soprattutto dopo un titolo del New York Post che riportava elementi biografici. La questione ha anche messo in luce le tensioni tra libert\u00e0 di espressione e rispetto delle lotte femministe, disegnando un clivaggio nell&rsquo;opinione pubblica e tra i commentatori. L&rsquo;intervento di personalit\u00e0 come Montiel alimenta la discussione sulla <strong>mediatizzazione<\/strong> dei rapporti privati.<\/p>\n\n<p>Per saperne di pi\u00f9 su <strong>Brigitte Macron<\/strong>, il ruolo pubblico della coppia e i legami con il loro entourage, scopri articoli dettagliati e cronache su <a href=\"https:\/\/www.sebastien-auziere.fr\/blog\/brigitte-macron-et-emmanuel-macron\/\" rel=\"nofollow\">Brigitte e Emmanuel Macron<\/a> e sulle dichiarazioni pubbliche nella stampa su <a href=\"https:\/\/www.sebastien-auziere.fr\/blog\/macron-rep-accusations-trump\/\" rel=\"nofollow\">le reazioni politiche recenti<\/a>. Visita <a href=\"https:\/\/www.sebastien-auziere.fr\/blog\/macron-sortie-baskets\/\" rel=\"nofollow\">sebastien-auziere.fr<\/a> per un dossier completo e archivi sulla famiglia Macron e le questioni di attualit\u00e0.<\/p>","protected":false},"excerpt":{"rendered":"<p>Brigitte Macron si ritrova nuovamente sotto i riflettori dopo la diffusione di un video dietro le quinte alla fine del 2025 e le sue scuse alle 20 ore di TF1. L&rsquo;uscita qualificata come \u00ab\u00a0cattive stupide\u00a0\u00bb ha rilanciato una vivace controvversia tra attiviste #MeToo e sostenitori della coppia presidenziale, e l&rsquo;intervento pubblico di Bernard Montiel ha &#8230; <a title=\"Brigitte Macron al centro di una controversia, Bernard Montiel interviene e riaccende il dibattito\" class=\"read-more\" href=\"https:\/\/www.sebastien-auziere.fr\/blog\/it\/brigitte-macron-al-centro-di-una-controversia-bernard-montiel-interviene-e-riaccende-il-dibattito\/\" aria-label=\"En savoir plus sur Brigitte Macron al centro di una controversia, Bernard Montiel interviene e riaccende il dibattito\">Lire plus<\/a><\/p>\n","protected":false},"author":9,"featured_media":3354,"comment_status":"open","ping_status":"open","sticky":false,"template":"","format":"standard","meta":{"footnotes":""},"categories":[859],"tags":[4478,944,4481,4484,1987],"class_list":["post-3362","post","type-post","status-publish","format-standard","has-post-thumbnail","hentry","category-actualita-it","tag-bernard-montiel-it","tag-brigitte-macron-it","tag-controversia-it","tag-dibattito-it","tag-politica-francese-it"],"yoast_head":"<!-- This site is optimized with the Yoast SEO plugin v27.5 - https:\/\/yoast.com\/product\/yoast-seo-wordpress\/ -->\n<title>Brigitte Macron al centro di una controversia, Bernard Montiel interviene e riaccende il dibattito - Fan site S\u00e9bastien Auzi\u00e8re<\/title>\n<meta name=\"description\" content=\"Brigitte Macron au c\u0153ur d&#039;une controverse, Bernard Montiel intervient et relance le d\u00e9bat. D\u00e9couvrez les d\u00e9tails et r\u00e9actions.\" \/>\n<meta name=\"robots\" content=\"index, follow, max-snippet:-1, max-image-preview:large, max-video-preview:-1\" \/>\n<link rel=\"canonical\" href=\"https:\/\/www.sebastien-auziere.fr\/blog\/it\/brigitte-macron-al-centro-di-una-controversia-bernard-montiel-interviene-e-riaccende-il-dibattito\/\" \/>\n<meta property=\"og:locale\" content=\"fr_FR\" \/>\n<meta property=\"og:type\" content=\"article\" \/>\n<meta property=\"og:title\" content=\"Brigitte Macron al centro di una controversia, Bernard Montiel interviene e riaccende il dibattito - Fan site S\u00e9bastien Auzi\u00e8re\" \/>\n<meta property=\"og:description\" content=\"Brigitte Macron au c\u0153ur d&#039;une controverse, Bernard Montiel intervient et relance le d\u00e9bat. D\u00e9couvrez les d\u00e9tails et r\u00e9actions.\" \/>\n<meta property=\"og:url\" content=\"https:\/\/www.sebastien-auziere.fr\/blog\/it\/brigitte-macron-al-centro-di-una-controversia-bernard-montiel-interviene-e-riaccende-il-dibattito\/\" \/>\n<meta property=\"og:site_name\" content=\"Fan site S\u00e9bastien Auzi\u00e8re\" \/>\n<meta property=\"article:published_time\" content=\"2026-04-26T19:07:24+00:00\" \/>\n<meta property=\"article:modified_time\" content=\"2026-04-26T19:07:52+00:00\" \/>\n<meta property=\"og:image\" content=\"https:\/\/www.sebastien-auziere.fr\/blog\/wp-content\/uploads\/2026\/04\/Brigitte-Macron-au-centre-dune-controverse-Bernard-Montiel-intervient-et-ravive-le-debat.jpg\" \/>\n\t<meta property=\"og:image:width\" content=\"2560\" \/>\n\t<meta property=\"og:image:height\" content=\"1429\" \/>\n\t<meta property=\"og:image:type\" content=\"image\/jpeg\" \/>\n<meta name=\"author\" content=\"Chloe Gauthier\" \/>\n<meta name=\"twitter:card\" content=\"summary_large_image\" \/>\n<meta name=\"twitter:label1\" content=\"\u00c9crit par\" \/>\n\t<meta name=\"twitter:data1\" content=\"Chloe Gauthier\" \/>\n\t<meta name=\"twitter:label2\" content=\"Dur\u00e9e de lecture estim\u00e9e\" \/>\n\t<meta name=\"twitter:data2\" content=\"2 minutes\" \/>\n<script type=\"application\/ld+json\" class=\"yoast-schema-graph\">{\"@context\":\"https:\\\/\\\/schema.org\",\"@graph\":[{\"@type\":\"Article\",\"@id\":\"https:\\\/\\\/www.sebastien-auziere.fr\\\/blog\\\/it\\\/brigitte-macron-al-centro-di-una-controversia-bernard-montiel-interviene-e-riaccende-il-dibattito\\\/#article\",\"isPartOf\":{\"@id\":\"https:\\\/\\\/www.sebastien-auziere.fr\\\/blog\\\/it\\\/brigitte-macron-al-centro-di-una-controversia-bernard-montiel-interviene-e-riaccende-il-dibattito\\\/\"},\"author\":{\"name\":\"Chloe Gauthier\",\"@id\":\"https:\\\/\\\/www.sebastien-auziere.fr\\\/blog\\\/#\\\/schema\\\/person\\\/149f1acdbfd85149c6c3e59adeae2f4d\"},\"headline\":\"Brigitte Macron al centro di una controversia, Bernard Montiel interviene e riaccende il dibattito\",\"datePublished\":\"2026-04-26T19:07:24+00:00\",\"dateModified\":\"2026-04-26T19:07:52+00:00\",\"mainEntityOfPage\":{\"@id\":\"https:\\\/\\\/www.sebastien-auziere.fr\\\/blog\\\/it\\\/brigitte-macron-al-centro-di-una-controversia-bernard-montiel-interviene-e-riaccende-il-dibattito\\\/\"},\"wordCount\":472,\"commentCount\":0,\"publisher\":{\"@id\":\"https:\\\/\\\/www.sebastien-auziere.fr\\\/blog\\\/#organization\"},\"image\":{\"@id\":\"https:\\\/\\\/www.sebastien-auziere.fr\\\/blog\\\/it\\\/brigitte-macron-al-centro-di-una-controversia-bernard-montiel-interviene-e-riaccende-il-dibattito\\\/#primaryimage\"},\"thumbnailUrl\":\"https:\\\/\\\/www.sebastien-auziere.fr\\\/blog\\\/wp-content\\\/uploads\\\/2026\\\/04\\\/Brigitte-Macron-au-centre-dune-controverse-Bernard-Montiel-intervient-et-ravive-le-debat.jpg\",\"keywords\":[\"bernard montiel\",\"brigitte macron\",\"controversia\",\"dibattito\",\"politica francese\"],\"articleSection\":[\"Actualit\u00e0\"],\"inLanguage\":\"fr-FR\",\"potentialAction\":[{\"@type\":\"CommentAction\",\"name\":\"Comment\",\"target\":[\"https:\\\/\\\/www.sebastien-auziere.fr\\\/blog\\\/it\\\/brigitte-macron-al-centro-di-una-controversia-bernard-montiel-interviene-e-riaccende-il-dibattito\\\/#respond\"]}]},{\"@type\":\"WebPage\",\"@id\":\"https:\\\/\\\/www.sebastien-auziere.fr\\\/blog\\\/it\\\/brigitte-macron-al-centro-di-una-controversia-bernard-montiel-interviene-e-riaccende-il-dibattito\\\/\",\"url\":\"https:\\\/\\\/www.sebastien-auziere.fr\\\/blog\\\/it\\\/brigitte-macron-al-centro-di-una-controversia-bernard-montiel-interviene-e-riaccende-il-dibattito\\\/\",\"name\":\"Brigitte Macron al centro di una controversia, Bernard Montiel interviene e riaccende il dibattito - Fan site S\u00e9bastien Auzi\u00e8re\",\"isPartOf\":{\"@id\":\"https:\\\/\\\/www.sebastien-auziere.fr\\\/blog\\\/#website\"},\"primaryImageOfPage\":{\"@id\":\"https:\\\/\\\/www.sebastien-auziere.fr\\\/blog\\\/it\\\/brigitte-macron-al-centro-di-una-controversia-bernard-montiel-interviene-e-riaccende-il-dibattito\\\/#primaryimage\"},\"image\":{\"@id\":\"https:\\\/\\\/www.sebastien-auziere.fr\\\/blog\\\/it\\\/brigitte-macron-al-centro-di-una-controversia-bernard-montiel-interviene-e-riaccende-il-dibattito\\\/#primaryimage\"},\"thumbnailUrl\":\"https:\\\/\\\/www.sebastien-auziere.fr\\\/blog\\\/wp-content\\\/uploads\\\/2026\\\/04\\\/Brigitte-Macron-au-centre-dune-controverse-Bernard-Montiel-intervient-et-ravive-le-debat.jpg\",\"datePublished\":\"2026-04-26T19:07:24+00:00\",\"dateModified\":\"2026-04-26T19:07:52+00:00\",\"description\":\"Brigitte Macron au c\u0153ur d'une controverse, Bernard Montiel intervient et relance le d\u00e9bat. D\u00e9couvrez les d\u00e9tails et r\u00e9actions.\",\"breadcrumb\":{\"@id\":\"https:\\\/\\\/www.sebastien-auziere.fr\\\/blog\\\/it\\\/brigitte-macron-al-centro-di-una-controversia-bernard-montiel-interviene-e-riaccende-il-dibattito\\\/#breadcrumb\"},\"inLanguage\":\"fr-FR\",\"potentialAction\":[{\"@type\":\"ReadAction\",\"target\":[\"https:\\\/\\\/www.sebastien-auziere.fr\\\/blog\\\/it\\\/brigitte-macron-al-centro-di-una-controversia-bernard-montiel-interviene-e-riaccende-il-dibattito\\\/\"]}]},{\"@type\":\"ImageObject\",\"inLanguage\":\"fr-FR\",\"@id\":\"https:\\\/\\\/www.sebastien-auziere.fr\\\/blog\\\/it\\\/brigitte-macron-al-centro-di-una-controversia-bernard-montiel-interviene-e-riaccende-il-dibattito\\\/#primaryimage\",\"url\":\"https:\\\/\\\/www.sebastien-auziere.fr\\\/blog\\\/wp-content\\\/uploads\\\/2026\\\/04\\\/Brigitte-Macron-au-centre-dune-controverse-Bernard-Montiel-intervient-et-ravive-le-debat.jpg\",\"contentUrl\":\"https:\\\/\\\/www.sebastien-auziere.fr\\\/blog\\\/wp-content\\\/uploads\\\/2026\\\/04\\\/Brigitte-Macron-au-centre-dune-controverse-Bernard-Montiel-intervient-et-ravive-le-debat.jpg\",\"width\":2560,\"height\":1429,\"caption\":\"d\u00e9couvrez comment bernard montiel relance le d\u00e9bat autour de brigitte macron, au c\u0153ur d'une nouvelle controverse.\"},{\"@type\":\"BreadcrumbList\",\"@id\":\"https:\\\/\\\/www.sebastien-auziere.fr\\\/blog\\\/it\\\/brigitte-macron-al-centro-di-una-controversia-bernard-montiel-interviene-e-riaccende-il-dibattito\\\/#breadcrumb\",\"itemListElement\":[{\"@type\":\"ListItem\",\"position\":1,\"name\":\"Home\",\"item\":\"https:\\\/\\\/www.sebastien-auziere.fr\\\/blog\\\/\"},{\"@type\":\"ListItem\",\"position\":2,\"name\":\"Brigitte Macron al centro di una controversia, Bernard Montiel interviene e riaccende il dibattito\"}]},{\"@type\":\"WebSite\",\"@id\":\"https:\\\/\\\/www.sebastien-auziere.fr\\\/blog\\\/#website\",\"url\":\"https:\\\/\\\/www.sebastien-auziere.fr\\\/blog\\\/\",\"name\":\"Fan site S\u00e9bastien Auzi\u00e8re\",\"description\":\"M\u00e9dia g\u00e9n\u00e9raliste\",\"publisher\":{\"@id\":\"https:\\\/\\\/www.sebastien-auziere.fr\\\/blog\\\/#organization\"},\"potentialAction\":[{\"@type\":\"SearchAction\",\"target\":{\"@type\":\"EntryPoint\",\"urlTemplate\":\"https:\\\/\\\/www.sebastien-auziere.fr\\\/blog\\\/?s={search_term_string}\"},\"query-input\":{\"@type\":\"PropertyValueSpecification\",\"valueRequired\":true,\"valueName\":\"search_term_string\"}}],\"inLanguage\":\"fr-FR\"},{\"@type\":\"Organization\",\"@id\":\"https:\\\/\\\/www.sebastien-auziere.fr\\\/blog\\\/#organization\",\"name\":\"Fan site S\u00e9bastien Auzi\u00e8re\",\"url\":\"https:\\\/\\\/www.sebastien-auziere.fr\\\/blog\\\/\",\"logo\":{\"@type\":\"ImageObject\",\"inLanguage\":\"fr-FR\",\"@id\":\"https:\\\/\\\/www.sebastien-auziere.fr\\\/blog\\\/#\\\/schema\\\/logo\\\/image\\\/\",\"url\":\"https:\\\/\\\/www.sebastien-auziere.fr\\\/blog\\\/wp-content\\\/uploads\\\/2026\\\/03\\\/cropped-cropped-cropped-ChatGPT-Image-6-mars-2026-12_58_09-e1772798376794.jpg\",\"contentUrl\":\"https:\\\/\\\/www.sebastien-auziere.fr\\\/blog\\\/wp-content\\\/uploads\\\/2026\\\/03\\\/cropped-cropped-cropped-ChatGPT-Image-6-mars-2026-12_58_09-e1772798376794.jpg\",\"width\":512,\"height\":360,\"caption\":\"Fan site S\u00e9bastien Auzi\u00e8re\"},\"image\":{\"@id\":\"https:\\\/\\\/www.sebastien-auziere.fr\\\/blog\\\/#\\\/schema\\\/logo\\\/image\\\/\"}},{\"@type\":\"Person\",\"@id\":\"https:\\\/\\\/www.sebastien-auziere.fr\\\/blog\\\/#\\\/schema\\\/person\\\/149f1acdbfd85149c6c3e59adeae2f4d\",\"name\":\"Chloe Gauthier\",\"image\":{\"@type\":\"ImageObject\",\"inLanguage\":\"fr-FR\",\"@id\":\"https:\\\/\\\/secure.gravatar.com\\\/avatar\\\/2c5722f58171cff738a8985ef0dd66b476e563753246a49019befc837ec4201a?s=96&d=mm&r=g\",\"url\":\"https:\\\/\\\/secure.gravatar.com\\\/avatar\\\/2c5722f58171cff738a8985ef0dd66b476e563753246a49019befc837ec4201a?s=96&d=mm&r=g\",\"contentUrl\":\"https:\\\/\\\/secure.gravatar.com\\\/avatar\\\/2c5722f58171cff738a8985ef0dd66b476e563753246a49019befc837ec4201a?s=96&d=mm&r=g\",\"caption\":\"Chloe Gauthier\"},\"description\":\"Passionn\u00e9e par la politique et admiratrice engag\u00e9e de la famille Macron, je consacre mon \u00e9nergie \u00e0 suivre leurs initiatives et \u00e0 promouvoir leurs id\u00e9es. \u00c0 32 ans, je suis convaincue que leur vision est porteuse d'avenir.\",\"url\":\"https:\\\/\\\/www.sebastien-auziere.fr\\\/blog\\\/author\\\/chloe-gauthier\\\/\"}]}<\/script>\n<!-- \/ Yoast SEO plugin. -->","yoast_head_json":{"title":"Brigitte Macron al centro di una controversia, Bernard Montiel interviene e riaccende il dibattito - Fan site S\u00e9bastien Auzi\u00e8re","description":"Brigitte Macron au c\u0153ur d'une controverse, Bernard Montiel intervient et relance le d\u00e9bat. D\u00e9couvrez les d\u00e9tails et r\u00e9actions.","robots":{"index":"index","follow":"follow","max-snippet":"max-snippet:-1","max-image-preview":"max-image-preview:large","max-video-preview":"max-video-preview:-1"},"canonical":"https:\/\/www.sebastien-auziere.fr\/blog\/it\/brigitte-macron-al-centro-di-una-controversia-bernard-montiel-interviene-e-riaccende-il-dibattito\/","og_locale":"fr_FR","og_type":"article","og_title":"Brigitte Macron al centro di una controversia, Bernard Montiel interviene e riaccende il dibattito - Fan site S\u00e9bastien Auzi\u00e8re","og_description":"Brigitte Macron au c\u0153ur d'une controverse, Bernard Montiel intervient et relance le d\u00e9bat. D\u00e9couvrez les d\u00e9tails et r\u00e9actions.","og_url":"https:\/\/www.sebastien-auziere.fr\/blog\/it\/brigitte-macron-al-centro-di-una-controversia-bernard-montiel-interviene-e-riaccende-il-dibattito\/","og_site_name":"Fan site S\u00e9bastien Auzi\u00e8re","article_published_time":"2026-04-26T19:07:24+00:00","article_modified_time":"2026-04-26T19:07:52+00:00","og_image":[{"width":2560,"height":1429,"url":"https:\/\/www.sebastien-auziere.fr\/blog\/wp-content\/uploads\/2026\/04\/Brigitte-Macron-au-centre-dune-controverse-Bernard-Montiel-intervient-et-ravive-le-debat.jpg","type":"image\/jpeg"}],"author":"Chloe Gauthier","twitter_card":"summary_large_image","twitter_misc":{"\u00c9crit par":"Chloe Gauthier","Dur\u00e9e de lecture estim\u00e9e":"2 minutes"},"schema":{"@context":"https:\/\/schema.org","@graph":[{"@type":"Article","@id":"https:\/\/www.sebastien-auziere.fr\/blog\/it\/brigitte-macron-al-centro-di-una-controversia-bernard-montiel-interviene-e-riaccende-il-dibattito\/#article","isPartOf":{"@id":"https:\/\/www.sebastien-auziere.fr\/blog\/it\/brigitte-macron-al-centro-di-una-controversia-bernard-montiel-interviene-e-riaccende-il-dibattito\/"},"author":{"name":"Chloe Gauthier","@id":"https:\/\/www.sebastien-auziere.fr\/blog\/#\/schema\/person\/149f1acdbfd85149c6c3e59adeae2f4d"},"headline":"Brigitte Macron al centro di una controversia, Bernard Montiel interviene e riaccende il dibattito","datePublished":"2026-04-26T19:07:24+00:00","dateModified":"2026-04-26T19:07:52+00:00","mainEntityOfPage":{"@id":"https:\/\/www.sebastien-auziere.fr\/blog\/it\/brigitte-macron-al-centro-di-una-controversia-bernard-montiel-interviene-e-riaccende-il-dibattito\/"},"wordCount":472,"commentCount":0,"publisher":{"@id":"https:\/\/www.sebastien-auziere.fr\/blog\/#organization"},"image":{"@id":"https:\/\/www.sebastien-auziere.fr\/blog\/it\/brigitte-macron-al-centro-di-una-controversia-bernard-montiel-interviene-e-riaccende-il-dibattito\/#primaryimage"},"thumbnailUrl":"https:\/\/www.sebastien-auziere.fr\/blog\/wp-content\/uploads\/2026\/04\/Brigitte-Macron-au-centre-dune-controverse-Bernard-Montiel-intervient-et-ravive-le-debat.jpg","keywords":["bernard montiel","brigitte macron","controversia","dibattito","politica francese"],"articleSection":["Actualit\u00e0"],"inLanguage":"fr-FR","potentialAction":[{"@type":"CommentAction","name":"Comment","target":["https:\/\/www.sebastien-auziere.fr\/blog\/it\/brigitte-macron-al-centro-di-una-controversia-bernard-montiel-interviene-e-riaccende-il-dibattito\/#respond"]}]},{"@type":"WebPage","@id":"https:\/\/www.sebastien-auziere.fr\/blog\/it\/brigitte-macron-al-centro-di-una-controversia-bernard-montiel-interviene-e-riaccende-il-dibattito\/","url":"https:\/\/www.sebastien-auziere.fr\/blog\/it\/brigitte-macron-al-centro-di-una-controversia-bernard-montiel-interviene-e-riaccende-il-dibattito\/","name":"Brigitte Macron al centro di una controversia, Bernard Montiel interviene e riaccende il dibattito - Fan site S\u00e9bastien Auzi\u00e8re","isPartOf":{"@id":"https:\/\/www.sebastien-auziere.fr\/blog\/#website"},"primaryImageOfPage":{"@id":"https:\/\/www.sebastien-auziere.fr\/blog\/it\/brigitte-macron-al-centro-di-una-controversia-bernard-montiel-interviene-e-riaccende-il-dibattito\/#primaryimage"},"image":{"@id":"https:\/\/www.sebastien-auziere.fr\/blog\/it\/brigitte-macron-al-centro-di-una-controversia-bernard-montiel-interviene-e-riaccende-il-dibattito\/#primaryimage"},"thumbnailUrl":"https:\/\/www.sebastien-auziere.fr\/blog\/wp-content\/uploads\/2026\/04\/Brigitte-Macron-au-centre-dune-controverse-Bernard-Montiel-intervient-et-ravive-le-debat.jpg","datePublished":"2026-04-26T19:07:24+00:00","dateModified":"2026-04-26T19:07:52+00:00","description":"Brigitte Macron au c\u0153ur d'une controverse, Bernard Montiel intervient et relance le d\u00e9bat. D\u00e9couvrez les d\u00e9tails et r\u00e9actions.","breadcrumb":{"@id":"https:\/\/www.sebastien-auziere.fr\/blog\/it\/brigitte-macron-al-centro-di-una-controversia-bernard-montiel-interviene-e-riaccende-il-dibattito\/#breadcrumb"},"inLanguage":"fr-FR","potentialAction":[{"@type":"ReadAction","target":["https:\/\/www.sebastien-auziere.fr\/blog\/it\/brigitte-macron-al-centro-di-una-controversia-bernard-montiel-interviene-e-riaccende-il-dibattito\/"]}]},{"@type":"ImageObject","inLanguage":"fr-FR","@id":"https:\/\/www.sebastien-auziere.fr\/blog\/it\/brigitte-macron-al-centro-di-una-controversia-bernard-montiel-interviene-e-riaccende-il-dibattito\/#primaryimage","url":"https:\/\/www.sebastien-auziere.fr\/blog\/wp-content\/uploads\/2026\/04\/Brigitte-Macron-au-centre-dune-controverse-Bernard-Montiel-intervient-et-ravive-le-debat.jpg","contentUrl":"https:\/\/www.sebastien-auziere.fr\/blog\/wp-content\/uploads\/2026\/04\/Brigitte-Macron-au-centre-dune-controverse-Bernard-Montiel-intervient-et-ravive-le-debat.jpg","width":2560,"height":1429,"caption":"d\u00e9couvrez comment bernard montiel relance le d\u00e9bat autour de brigitte macron, au c\u0153ur d'une nouvelle controverse."},{"@type":"BreadcrumbList","@id":"https:\/\/www.sebastien-auziere.fr\/blog\/it\/brigitte-macron-al-centro-di-una-controversia-bernard-montiel-interviene-e-riaccende-il-dibattito\/#breadcrumb","itemListElement":[{"@type":"ListItem","position":1,"name":"Home","item":"https:\/\/www.sebastien-auziere.fr\/blog\/"},{"@type":"ListItem","position":2,"name":"Brigitte Macron al centro di una controversia, Bernard Montiel interviene e riaccende il dibattito"}]},{"@type":"WebSite","@id":"https:\/\/www.sebastien-auziere.fr\/blog\/#website","url":"https:\/\/www.sebastien-auziere.fr\/blog\/","name":"Fan site S\u00e9bastien Auzi\u00e8re","description":"M\u00e9dia g\u00e9n\u00e9raliste","publisher":{"@id":"https:\/\/www.sebastien-auziere.fr\/blog\/#organization"},"potentialAction":[{"@type":"SearchAction","target":{"@type":"EntryPoint","urlTemplate":"https:\/\/www.sebastien-auziere.fr\/blog\/?s={search_term_string}"},"query-input":{"@type":"PropertyValueSpecification","valueRequired":true,"valueName":"search_term_string"}}],"inLanguage":"fr-FR"},{"@type":"Organization","@id":"https:\/\/www.sebastien-auziere.fr\/blog\/#organization","name":"Fan site S\u00e9bastien Auzi\u00e8re","url":"https:\/\/www.sebastien-auziere.fr\/blog\/","logo":{"@type":"ImageObject","inLanguage":"fr-FR","@id":"https:\/\/www.sebastien-auziere.fr\/blog\/#\/schema\/logo\/image\/","url":"https:\/\/www.sebastien-auziere.fr\/blog\/wp-content\/uploads\/2026\/03\/cropped-cropped-cropped-ChatGPT-Image-6-mars-2026-12_58_09-e1772798376794.jpg","contentUrl":"https:\/\/www.sebastien-auziere.fr\/blog\/wp-content\/uploads\/2026\/03\/cropped-cropped-cropped-ChatGPT-Image-6-mars-2026-12_58_09-e1772798376794.jpg","width":512,"height":360,"caption":"Fan site S\u00e9bastien Auzi\u00e8re"},"image":{"@id":"https:\/\/www.sebastien-auziere.fr\/blog\/#\/schema\/logo\/image\/"}},{"@type":"Person","@id":"https:\/\/www.sebastien-auziere.fr\/blog\/#\/schema\/person\/149f1acdbfd85149c6c3e59adeae2f4d","name":"Chloe Gauthier","image":{"@type":"ImageObject","inLanguage":"fr-FR","@id":"https:\/\/secure.gravatar.com\/avatar\/2c5722f58171cff738a8985ef0dd66b476e563753246a49019befc837ec4201a?s=96&d=mm&r=g","url":"https:\/\/secure.gravatar.com\/avatar\/2c5722f58171cff738a8985ef0dd66b476e563753246a49019befc837ec4201a?s=96&d=mm&r=g","contentUrl":"https:\/\/secure.gravatar.com\/avatar\/2c5722f58171cff738a8985ef0dd66b476e563753246a49019befc837ec4201a?s=96&d=mm&r=g","caption":"Chloe Gauthier"},"description":"Passionn\u00e9e par la politique et admiratrice engag\u00e9e de la famille Macron, je consacre mon \u00e9nergie \u00e0 suivre leurs initiatives et \u00e0 promouvoir leurs id\u00e9es. \u00c0 32 ans, je suis convaincue que leur vision est porteuse d'avenir.","url":"https:\/\/www.sebastien-auziere.fr\/blog\/author\/chloe-gauthier\/"}]}},"views":0,"_links":{"self":[{"href":"https:\/\/www.sebastien-auziere.fr\/blog\/wp-json\/wp\/v2\/posts\/3362","targetHints":{"allow":["GET"]}}],"collection":[{"href":"https:\/\/www.sebastien-auziere.fr\/blog\/wp-json\/wp\/v2\/posts"}],"about":[{"href":"https:\/\/www.sebastien-auziere.fr\/blog\/wp-json\/wp\/v2\/types\/post"}],"author":[{"embeddable":true,"href":"https:\/\/www.sebastien-auziere.fr\/blog\/wp-json\/wp\/v2\/users\/9"}],"replies":[{"embeddable":true,"href":"https:\/\/www.sebastien-auziere.fr\/blog\/wp-json\/wp\/v2\/comments?post=3362"}],"version-history":[{"count":1,"href":"https:\/\/www.sebastien-auziere.fr\/blog\/wp-json\/wp\/v2\/posts\/3362\/revisions"}],"predecessor-version":[{"id":3363,"href":"https:\/\/www.sebastien-auziere.fr\/blog\/wp-json\/wp\/v2\/posts\/3362\/revisions\/3363"}],"wp:featuredmedia":[{"embeddable":true,"href":"https:\/\/www.sebastien-auziere.fr\/blog\/wp-json\/wp\/v2\/media\/3354"}],"wp:attachment":[{"href":"https:\/\/www.sebastien-auziere.fr\/blog\/wp-json\/wp\/v2\/media?parent=3362"}],"wp:term":[{"taxonomy":"category","embeddable":true,"href":"https:\/\/www.sebastien-auziere.fr\/blog\/wp-json\/wp\/v2\/categories?post=3362"},{"taxonomy":"post_tag","embeddable":true,"href":"https:\/\/www.sebastien-auziere.fr\/blog\/wp-json\/wp\/v2\/tags?post=3362"}],"curies":[{"name":"wp","href":"https:\/\/api.w.org\/{rel}","templated":true}]}}