{"id":3360,"date":"2026-04-26T19:06:20","date_gmt":"2026-04-26T19:06:20","guid":{"rendered":"https:\/\/www.sebastien-auziere.fr\/blog\/?p=3360"},"modified":"2026-04-26T19:06:47","modified_gmt":"2026-04-26T19:06:47","slug":"brigitte-macron-im-mittelpunkt-einer-kontroverse-bernard-montiel-ausert-sich-und-belebt-die-debatte","status":"publish","type":"post","link":"https:\/\/www.sebastien-auziere.fr\/blog\/de\/brigitte-macron-im-mittelpunkt-einer-kontroverse-bernard-montiel-ausert-sich-und-belebt-die-debatte\/","title":{"rendered":"Brigitte Macron im Mittelpunkt einer Kontroverse, Bernard Montiel \u00e4u\u00dfert sich und belebt die Debatte"},"content":{"rendered":"<p><strong>Brigitte Macron<\/strong> steht nach der Ver\u00f6ffentlichung eines Behind-the-Scenes-Videos Ende 2025 und ihren Entschuldigungen im <strong>20 Uhr von TF1<\/strong> erneut im Rampenlicht. Die als \u00ab\u00a0<strong>schreckliche Frauen<\/strong>\u00a0\u00bb bezeichnete Aussage hat eine heftige <strong>Kontroverse<\/strong> zwischen #MeToo-Aktivistinnen und Unterst\u00fctzern des Pr\u00e4sidentenpaares ausgel\u00f6st, und das \u00f6ffentliche Eingreifen von <strong>Bernard Montiel<\/strong> hat die <strong>Debatte<\/strong> sofort wieder anger\u00fchrt.<\/p>\n\n<p><strong>Zusammenfassung:<\/strong> Das im Dezember 2025 in den Folies Berg\u00e8re gedrehte Video, die Online-Ver\u00f6ffentlichung und anschlie\u00dfende L\u00f6schung durch das Magazin Public, die \u00f6ffentlichen Entschuldigungen der First Lady und die \u00c4u\u00dferungen von Bernard Montiel auf RTL am 25. April 2026 haben die <strong>Medialisierung<\/strong> und die Spaltungen in der <strong>Gesellschaft<\/strong> verst\u00e4rkt.<\/p>\n\n<h2 class=\"wp-block-heading\">Brigitte Macron und das Video der \u00ab\u00a0schrecklichen Frauen\u00a0\u00bb: R\u00fcckblick auf die Ereignisse<\/h2>\n\n<p>Die Ereignisse reichen bis in den Dezember 2025 zur\u00fcck: Ein hinter den Kulissen gedrehtes Video einer Vorstellung von Ary Abittan zeigt \u00c4u\u00dferungen von <strong>Brigitte Macron<\/strong>, die von mehreren Kollektiven als beleidigend empfunden werden. Die Ver\u00f6ffentlichung durch Public, die weiterverbreitet und dann gel\u00f6scht wurde, hat Reaktionen von Kollektiven wie <strong>#NousToutes<\/strong> und von Gewerkschaften provoziert. Angesichts der Kontroversen hat die First Lady im <strong>20 Uhr<\/strong> Entschuldigungen ausgesprochen und einger\u00e4umt, einen bedauerlichen Ausrutscher gehabt zu haben.<\/p>\n\n<h2 class=\"wp-block-heading\">Bernard Montiel verteidigt Brigitte Macron und greift die Feministinnen an<\/h2>\n\n<p>Als Gast bei RTL am 25. April 2026 versicherte <strong>Bernard Montiel<\/strong>, er habe der First Lady geraten, die Vorstellung nicht zu besuchen, und bezeichnete die Szene als privat. Er kritisierte die Reaktion einiger feministischer Bewegungen und erkl\u00e4rte, dass er keine \u00f6ffentliche Verteidigung von Frau Macron gesehen habe, und wies die Ger\u00fcchte \u00fcber Beziehungen zu Medien f\u00fcr sein Comeback zur\u00fcck. Sein Eingreifen hat die <strong>politische Debatte<\/strong> \u00fcber die Tragweite privater \u00c4u\u00dferungen neu entfacht.<\/p>\n\n<h3 class=\"wp-block-heading\">\u00d6ffentliche Reaktionen und Herausforderungen f\u00fcr die \u00f6ffentliche Meinung<\/h3>\n\n<p>Die Kontroverse hat die Frage nach der Grenze zwischen privatem Bereich und \u00f6ffentlichen Verantwortlichkeiten aufgeworfen. Kommuniqu\u00e9s von Solidaires und anderen Kollektiven haben die \u00c4u\u00dferungen als \u00ab\u00a0\u00e4u\u00dferst schwerwiegend\u00a0\u00bb verurteilt, w\u00e4hrend die Bef\u00fcrworter die Notwendigkeit betonen, den Vorfall im Kontext zu sehen. Die Medialisierung hat auch die Ger\u00fcchte \u00fcber Einflussnahmen rund um das Pr\u00e4sidentenpaar neu entfacht, die Montiel auf dem Podium entschieden zur\u00fcckgewiesen hat.<\/p>\n\n<h2 class=\"wp-block-heading\">Folgen und mediale Fortsetzung der Kontroverse<\/h2>\n\n<p>Medial hat die Angelegenheit Artikel, Fernsehdebatten und internationale Wiederholungen ausgel\u00f6st, insbesondere nach einem Titel des New York Post, der biografische Elemente verbreitete. Der Vorfall hat auch die Spannungen zwischen Meinungsfreiheit und Respekt vor feministischen K\u00e4mpfen hervorgehoben, was zu einer Spaltung in der \u00f6ffentlichen Meinung und unter den Kommentatoren f\u00fchrt. Die Interventionen von Pers\u00f6nlichkeiten wie Montiel befeuern die Diskussion \u00fcber die <strong>Medialisierung<\/strong> privater Beziehungen.<\/p>\n\n<p>F\u00fcr weitere Informationen \u00fcber <strong>Brigitte Macron<\/strong>, die \u00f6ffentliche Rolle des Paares und die Verbindungen zu ihrem Umfeld, entdecke detaillierte Artikel und Kolumnen \u00fcber <a href=\"https:\/\/www.sebastien-auziere.fr\/blog\/brigitte-macron-et-emmanuel-macron\/\" rel=\"nofollow\">Brigitte und Emmanuel Macron<\/a> sowie \u00fcber \u00f6ffentliche \u00c4u\u00dferungen in der Presse zu <a href=\"https:\/\/www.sebastien-auziere.fr\/blog\/macron-rep-accusations-trump\/\" rel=\"nofollow\">den aktuellen politischen Reaktionen<\/a>. Besuche <a href=\"https:\/\/www.sebastien-auziere.fr\/blog\/macron-sortie-baskets\/\" rel=\"nofollow\">sebastien-auziere.fr<\/a> f\u00fcr eine vollst\u00e4ndige Akte und Archive \u00fcber die Familie Macron und die aktuellen Themen.<\/p>","protected":false},"excerpt":{"rendered":"<p>Brigitte Macron steht nach der Ver\u00f6ffentlichung eines Behind-the-Scenes-Videos Ende 2025 und ihren Entschuldigungen im 20 Uhr von TF1 erneut im Rampenlicht. Die als \u00ab\u00a0schreckliche Frauen\u00a0\u00bb bezeichnete Aussage hat eine heftige Kontroverse zwischen #MeToo-Aktivistinnen und Unterst\u00fctzern des Pr\u00e4sidentenpaares ausgel\u00f6st, und das \u00f6ffentliche Eingreifen von Bernard Montiel hat die Debatte sofort wieder anger\u00fchrt. Zusammenfassung: Das im Dezember &#8230; <a title=\"Brigitte Macron im Mittelpunkt einer Kontroverse, Bernard Montiel \u00e4u\u00dfert sich und belebt die Debatte\" class=\"read-more\" href=\"https:\/\/www.sebastien-auziere.fr\/blog\/de\/brigitte-macron-im-mittelpunkt-einer-kontroverse-bernard-montiel-ausert-sich-und-belebt-die-debatte\/\" aria-label=\"En savoir plus sur Brigitte Macron im Mittelpunkt einer Kontroverse, Bernard Montiel \u00e4u\u00dfert sich und belebt die Debatte\">Lire plus<\/a><\/p>\n","protected":false},"author":9,"featured_media":3354,"comment_status":"open","ping_status":"open","sticky":false,"template":"","format":"standard","meta":{"footnotes":""},"categories":[856],"tags":[4469,929,4475,4472,1978],"class_list":["post-3360","post","type-post","status-publish","format-standard","has-post-thumbnail","hentry","category-aktuelles-de","tag-bernard-montiel-de","tag-brigitte-macron-de","tag-debatte-de","tag-kontroverse-de","tag-politische-franzosische-de"],"yoast_head":"<!-- This site is optimized with the Yoast SEO plugin v27.5 - https:\/\/yoast.com\/product\/yoast-seo-wordpress\/ -->\n<title>Brigitte Macron im Mittelpunkt einer Kontroverse, Bernard Montiel \u00e4u\u00dfert sich und belebt die Debatte - Fan site S\u00e9bastien Auzi\u00e8re<\/title>\n<meta name=\"description\" content=\"Brigitte Macron au c\u0153ur d&#039;une controverse, Bernard Montiel intervient et relance le d\u00e9bat. D\u00e9couvrez les d\u00e9tails et r\u00e9actions.\" \/>\n<meta name=\"robots\" content=\"index, follow, max-snippet:-1, max-image-preview:large, max-video-preview:-1\" \/>\n<link rel=\"canonical\" href=\"https:\/\/www.sebastien-auziere.fr\/blog\/de\/brigitte-macron-im-mittelpunkt-einer-kontroverse-bernard-montiel-ausert-sich-und-belebt-die-debatte\/\" \/>\n<meta property=\"og:locale\" content=\"fr_FR\" \/>\n<meta property=\"og:type\" content=\"article\" \/>\n<meta property=\"og:title\" content=\"Brigitte Macron im Mittelpunkt einer Kontroverse, Bernard Montiel \u00e4u\u00dfert sich und belebt die Debatte - Fan site S\u00e9bastien Auzi\u00e8re\" \/>\n<meta property=\"og:description\" content=\"Brigitte Macron au c\u0153ur d&#039;une controverse, Bernard Montiel intervient et relance le d\u00e9bat. D\u00e9couvrez les d\u00e9tails et r\u00e9actions.\" \/>\n<meta property=\"og:url\" content=\"https:\/\/www.sebastien-auziere.fr\/blog\/de\/brigitte-macron-im-mittelpunkt-einer-kontroverse-bernard-montiel-ausert-sich-und-belebt-die-debatte\/\" \/>\n<meta property=\"og:site_name\" content=\"Fan site S\u00e9bastien Auzi\u00e8re\" \/>\n<meta property=\"article:published_time\" content=\"2026-04-26T19:06:20+00:00\" \/>\n<meta property=\"article:modified_time\" content=\"2026-04-26T19:06:47+00:00\" \/>\n<meta property=\"og:image\" content=\"https:\/\/www.sebastien-auziere.fr\/blog\/wp-content\/uploads\/2026\/04\/Brigitte-Macron-au-centre-dune-controverse-Bernard-Montiel-intervient-et-ravive-le-debat.jpg\" \/>\n\t<meta property=\"og:image:width\" content=\"2560\" \/>\n\t<meta property=\"og:image:height\" content=\"1429\" \/>\n\t<meta property=\"og:image:type\" content=\"image\/jpeg\" \/>\n<meta name=\"author\" content=\"Chloe Gauthier\" \/>\n<meta name=\"twitter:card\" content=\"summary_large_image\" \/>\n<meta name=\"twitter:label1\" content=\"\u00c9crit par\" \/>\n\t<meta name=\"twitter:data1\" content=\"Chloe Gauthier\" \/>\n\t<meta name=\"twitter:label2\" content=\"Dur\u00e9e de lecture estim\u00e9e\" \/>\n\t<meta name=\"twitter:data2\" content=\"2 minutes\" \/>\n<script type=\"application\/ld+json\" class=\"yoast-schema-graph\">{\"@context\":\"https:\\\/\\\/schema.org\",\"@graph\":[{\"@type\":\"Article\",\"@id\":\"https:\\\/\\\/www.sebastien-auziere.fr\\\/blog\\\/de\\\/brigitte-macron-im-mittelpunkt-einer-kontroverse-bernard-montiel-ausert-sich-und-belebt-die-debatte\\\/#article\",\"isPartOf\":{\"@id\":\"https:\\\/\\\/www.sebastien-auziere.fr\\\/blog\\\/de\\\/brigitte-macron-im-mittelpunkt-einer-kontroverse-bernard-montiel-ausert-sich-und-belebt-die-debatte\\\/\"},\"author\":{\"name\":\"Chloe Gauthier\",\"@id\":\"https:\\\/\\\/www.sebastien-auziere.fr\\\/blog\\\/#\\\/schema\\\/person\\\/149f1acdbfd85149c6c3e59adeae2f4d\"},\"headline\":\"Brigitte Macron im Mittelpunkt einer Kontroverse, Bernard Montiel \u00e4u\u00dfert sich und belebt die Debatte\",\"datePublished\":\"2026-04-26T19:06:20+00:00\",\"dateModified\":\"2026-04-26T19:06:47+00:00\",\"mainEntityOfPage\":{\"@id\":\"https:\\\/\\\/www.sebastien-auziere.fr\\\/blog\\\/de\\\/brigitte-macron-im-mittelpunkt-einer-kontroverse-bernard-montiel-ausert-sich-und-belebt-die-debatte\\\/\"},\"wordCount\":506,\"commentCount\":0,\"publisher\":{\"@id\":\"https:\\\/\\\/www.sebastien-auziere.fr\\\/blog\\\/#organization\"},\"image\":{\"@id\":\"https:\\\/\\\/www.sebastien-auziere.fr\\\/blog\\\/de\\\/brigitte-macron-im-mittelpunkt-einer-kontroverse-bernard-montiel-ausert-sich-und-belebt-die-debatte\\\/#primaryimage\"},\"thumbnailUrl\":\"https:\\\/\\\/www.sebastien-auziere.fr\\\/blog\\\/wp-content\\\/uploads\\\/2026\\\/04\\\/Brigitte-Macron-au-centre-dune-controverse-Bernard-Montiel-intervient-et-ravive-le-debat.jpg\",\"keywords\":[\"bernard montiel\",\"brigitte macron\",\"Debatte\",\"kontroverse\",\"politische franz\u00f6sische\"],\"articleSection\":[\"Aktuelles\"],\"inLanguage\":\"fr-FR\",\"potentialAction\":[{\"@type\":\"CommentAction\",\"name\":\"Comment\",\"target\":[\"https:\\\/\\\/www.sebastien-auziere.fr\\\/blog\\\/de\\\/brigitte-macron-im-mittelpunkt-einer-kontroverse-bernard-montiel-ausert-sich-und-belebt-die-debatte\\\/#respond\"]}]},{\"@type\":\"WebPage\",\"@id\":\"https:\\\/\\\/www.sebastien-auziere.fr\\\/blog\\\/de\\\/brigitte-macron-im-mittelpunkt-einer-kontroverse-bernard-montiel-ausert-sich-und-belebt-die-debatte\\\/\",\"url\":\"https:\\\/\\\/www.sebastien-auziere.fr\\\/blog\\\/de\\\/brigitte-macron-im-mittelpunkt-einer-kontroverse-bernard-montiel-ausert-sich-und-belebt-die-debatte\\\/\",\"name\":\"Brigitte Macron im Mittelpunkt einer Kontroverse, Bernard Montiel \u00e4u\u00dfert sich und belebt die Debatte - Fan site S\u00e9bastien Auzi\u00e8re\",\"isPartOf\":{\"@id\":\"https:\\\/\\\/www.sebastien-auziere.fr\\\/blog\\\/#website\"},\"primaryImageOfPage\":{\"@id\":\"https:\\\/\\\/www.sebastien-auziere.fr\\\/blog\\\/de\\\/brigitte-macron-im-mittelpunkt-einer-kontroverse-bernard-montiel-ausert-sich-und-belebt-die-debatte\\\/#primaryimage\"},\"image\":{\"@id\":\"https:\\\/\\\/www.sebastien-auziere.fr\\\/blog\\\/de\\\/brigitte-macron-im-mittelpunkt-einer-kontroverse-bernard-montiel-ausert-sich-und-belebt-die-debatte\\\/#primaryimage\"},\"thumbnailUrl\":\"https:\\\/\\\/www.sebastien-auziere.fr\\\/blog\\\/wp-content\\\/uploads\\\/2026\\\/04\\\/Brigitte-Macron-au-centre-dune-controverse-Bernard-Montiel-intervient-et-ravive-le-debat.jpg\",\"datePublished\":\"2026-04-26T19:06:20+00:00\",\"dateModified\":\"2026-04-26T19:06:47+00:00\",\"description\":\"Brigitte Macron au c\u0153ur d'une controverse, Bernard Montiel intervient et relance le d\u00e9bat. D\u00e9couvrez les d\u00e9tails et r\u00e9actions.\",\"breadcrumb\":{\"@id\":\"https:\\\/\\\/www.sebastien-auziere.fr\\\/blog\\\/de\\\/brigitte-macron-im-mittelpunkt-einer-kontroverse-bernard-montiel-ausert-sich-und-belebt-die-debatte\\\/#breadcrumb\"},\"inLanguage\":\"fr-FR\",\"potentialAction\":[{\"@type\":\"ReadAction\",\"target\":[\"https:\\\/\\\/www.sebastien-auziere.fr\\\/blog\\\/de\\\/brigitte-macron-im-mittelpunkt-einer-kontroverse-bernard-montiel-ausert-sich-und-belebt-die-debatte\\\/\"]}]},{\"@type\":\"ImageObject\",\"inLanguage\":\"fr-FR\",\"@id\":\"https:\\\/\\\/www.sebastien-auziere.fr\\\/blog\\\/de\\\/brigitte-macron-im-mittelpunkt-einer-kontroverse-bernard-montiel-ausert-sich-und-belebt-die-debatte\\\/#primaryimage\",\"url\":\"https:\\\/\\\/www.sebastien-auziere.fr\\\/blog\\\/wp-content\\\/uploads\\\/2026\\\/04\\\/Brigitte-Macron-au-centre-dune-controverse-Bernard-Montiel-intervient-et-ravive-le-debat.jpg\",\"contentUrl\":\"https:\\\/\\\/www.sebastien-auziere.fr\\\/blog\\\/wp-content\\\/uploads\\\/2026\\\/04\\\/Brigitte-Macron-au-centre-dune-controverse-Bernard-Montiel-intervient-et-ravive-le-debat.jpg\",\"width\":2560,\"height\":1429,\"caption\":\"d\u00e9couvrez comment bernard montiel relance le d\u00e9bat autour de brigitte macron, au c\u0153ur d'une nouvelle controverse.\"},{\"@type\":\"BreadcrumbList\",\"@id\":\"https:\\\/\\\/www.sebastien-auziere.fr\\\/blog\\\/de\\\/brigitte-macron-im-mittelpunkt-einer-kontroverse-bernard-montiel-ausert-sich-und-belebt-die-debatte\\\/#breadcrumb\",\"itemListElement\":[{\"@type\":\"ListItem\",\"position\":1,\"name\":\"Home\",\"item\":\"https:\\\/\\\/www.sebastien-auziere.fr\\\/blog\\\/\"},{\"@type\":\"ListItem\",\"position\":2,\"name\":\"Brigitte Macron im Mittelpunkt einer Kontroverse, Bernard Montiel \u00e4u\u00dfert sich und belebt die Debatte\"}]},{\"@type\":\"WebSite\",\"@id\":\"https:\\\/\\\/www.sebastien-auziere.fr\\\/blog\\\/#website\",\"url\":\"https:\\\/\\\/www.sebastien-auziere.fr\\\/blog\\\/\",\"name\":\"Fan site S\u00e9bastien Auzi\u00e8re\",\"description\":\"M\u00e9dia g\u00e9n\u00e9raliste\",\"publisher\":{\"@id\":\"https:\\\/\\\/www.sebastien-auziere.fr\\\/blog\\\/#organization\"},\"potentialAction\":[{\"@type\":\"SearchAction\",\"target\":{\"@type\":\"EntryPoint\",\"urlTemplate\":\"https:\\\/\\\/www.sebastien-auziere.fr\\\/blog\\\/?s={search_term_string}\"},\"query-input\":{\"@type\":\"PropertyValueSpecification\",\"valueRequired\":true,\"valueName\":\"search_term_string\"}}],\"inLanguage\":\"fr-FR\"},{\"@type\":\"Organization\",\"@id\":\"https:\\\/\\\/www.sebastien-auziere.fr\\\/blog\\\/#organization\",\"name\":\"Fan site S\u00e9bastien Auzi\u00e8re\",\"url\":\"https:\\\/\\\/www.sebastien-auziere.fr\\\/blog\\\/\",\"logo\":{\"@type\":\"ImageObject\",\"inLanguage\":\"fr-FR\",\"@id\":\"https:\\\/\\\/www.sebastien-auziere.fr\\\/blog\\\/#\\\/schema\\\/logo\\\/image\\\/\",\"url\":\"https:\\\/\\\/www.sebastien-auziere.fr\\\/blog\\\/wp-content\\\/uploads\\\/2026\\\/03\\\/cropped-cropped-cropped-ChatGPT-Image-6-mars-2026-12_58_09-e1772798376794.jpg\",\"contentUrl\":\"https:\\\/\\\/www.sebastien-auziere.fr\\\/blog\\\/wp-content\\\/uploads\\\/2026\\\/03\\\/cropped-cropped-cropped-ChatGPT-Image-6-mars-2026-12_58_09-e1772798376794.jpg\",\"width\":512,\"height\":360,\"caption\":\"Fan site S\u00e9bastien Auzi\u00e8re\"},\"image\":{\"@id\":\"https:\\\/\\\/www.sebastien-auziere.fr\\\/blog\\\/#\\\/schema\\\/logo\\\/image\\\/\"}},{\"@type\":\"Person\",\"@id\":\"https:\\\/\\\/www.sebastien-auziere.fr\\\/blog\\\/#\\\/schema\\\/person\\\/149f1acdbfd85149c6c3e59adeae2f4d\",\"name\":\"Chloe Gauthier\",\"image\":{\"@type\":\"ImageObject\",\"inLanguage\":\"fr-FR\",\"@id\":\"https:\\\/\\\/secure.gravatar.com\\\/avatar\\\/2c5722f58171cff738a8985ef0dd66b476e563753246a49019befc837ec4201a?s=96&d=mm&r=g\",\"url\":\"https:\\\/\\\/secure.gravatar.com\\\/avatar\\\/2c5722f58171cff738a8985ef0dd66b476e563753246a49019befc837ec4201a?s=96&d=mm&r=g\",\"contentUrl\":\"https:\\\/\\\/secure.gravatar.com\\\/avatar\\\/2c5722f58171cff738a8985ef0dd66b476e563753246a49019befc837ec4201a?s=96&d=mm&r=g\",\"caption\":\"Chloe Gauthier\"},\"description\":\"Passionn\u00e9e par la politique et admiratrice engag\u00e9e de la famille Macron, je consacre mon \u00e9nergie \u00e0 suivre leurs initiatives et \u00e0 promouvoir leurs id\u00e9es. \u00c0 32 ans, je suis convaincue que leur vision est porteuse d'avenir.\",\"url\":\"https:\\\/\\\/www.sebastien-auziere.fr\\\/blog\\\/author\\\/chloe-gauthier\\\/\"}]}<\/script>\n<!-- \/ Yoast SEO plugin. -->","yoast_head_json":{"title":"Brigitte Macron im Mittelpunkt einer Kontroverse, Bernard Montiel \u00e4u\u00dfert sich und belebt die Debatte - Fan site S\u00e9bastien Auzi\u00e8re","description":"Brigitte Macron au c\u0153ur d'une controverse, Bernard Montiel intervient et relance le d\u00e9bat. D\u00e9couvrez les d\u00e9tails et r\u00e9actions.","robots":{"index":"index","follow":"follow","max-snippet":"max-snippet:-1","max-image-preview":"max-image-preview:large","max-video-preview":"max-video-preview:-1"},"canonical":"https:\/\/www.sebastien-auziere.fr\/blog\/de\/brigitte-macron-im-mittelpunkt-einer-kontroverse-bernard-montiel-ausert-sich-und-belebt-die-debatte\/","og_locale":"fr_FR","og_type":"article","og_title":"Brigitte Macron im Mittelpunkt einer Kontroverse, Bernard Montiel \u00e4u\u00dfert sich und belebt die Debatte - Fan site S\u00e9bastien Auzi\u00e8re","og_description":"Brigitte Macron au c\u0153ur d'une controverse, Bernard Montiel intervient et relance le d\u00e9bat. D\u00e9couvrez les d\u00e9tails et r\u00e9actions.","og_url":"https:\/\/www.sebastien-auziere.fr\/blog\/de\/brigitte-macron-im-mittelpunkt-einer-kontroverse-bernard-montiel-ausert-sich-und-belebt-die-debatte\/","og_site_name":"Fan site S\u00e9bastien Auzi\u00e8re","article_published_time":"2026-04-26T19:06:20+00:00","article_modified_time":"2026-04-26T19:06:47+00:00","og_image":[{"width":2560,"height":1429,"url":"https:\/\/www.sebastien-auziere.fr\/blog\/wp-content\/uploads\/2026\/04\/Brigitte-Macron-au-centre-dune-controverse-Bernard-Montiel-intervient-et-ravive-le-debat.jpg","type":"image\/jpeg"}],"author":"Chloe Gauthier","twitter_card":"summary_large_image","twitter_misc":{"\u00c9crit par":"Chloe Gauthier","Dur\u00e9e de lecture estim\u00e9e":"2 minutes"},"schema":{"@context":"https:\/\/schema.org","@graph":[{"@type":"Article","@id":"https:\/\/www.sebastien-auziere.fr\/blog\/de\/brigitte-macron-im-mittelpunkt-einer-kontroverse-bernard-montiel-ausert-sich-und-belebt-die-debatte\/#article","isPartOf":{"@id":"https:\/\/www.sebastien-auziere.fr\/blog\/de\/brigitte-macron-im-mittelpunkt-einer-kontroverse-bernard-montiel-ausert-sich-und-belebt-die-debatte\/"},"author":{"name":"Chloe Gauthier","@id":"https:\/\/www.sebastien-auziere.fr\/blog\/#\/schema\/person\/149f1acdbfd85149c6c3e59adeae2f4d"},"headline":"Brigitte Macron im Mittelpunkt einer Kontroverse, Bernard Montiel \u00e4u\u00dfert sich und belebt die Debatte","datePublished":"2026-04-26T19:06:20+00:00","dateModified":"2026-04-26T19:06:47+00:00","mainEntityOfPage":{"@id":"https:\/\/www.sebastien-auziere.fr\/blog\/de\/brigitte-macron-im-mittelpunkt-einer-kontroverse-bernard-montiel-ausert-sich-und-belebt-die-debatte\/"},"wordCount":506,"commentCount":0,"publisher":{"@id":"https:\/\/www.sebastien-auziere.fr\/blog\/#organization"},"image":{"@id":"https:\/\/www.sebastien-auziere.fr\/blog\/de\/brigitte-macron-im-mittelpunkt-einer-kontroverse-bernard-montiel-ausert-sich-und-belebt-die-debatte\/#primaryimage"},"thumbnailUrl":"https:\/\/www.sebastien-auziere.fr\/blog\/wp-content\/uploads\/2026\/04\/Brigitte-Macron-au-centre-dune-controverse-Bernard-Montiel-intervient-et-ravive-le-debat.jpg","keywords":["bernard montiel","brigitte macron","Debatte","kontroverse","politische franz\u00f6sische"],"articleSection":["Aktuelles"],"inLanguage":"fr-FR","potentialAction":[{"@type":"CommentAction","name":"Comment","target":["https:\/\/www.sebastien-auziere.fr\/blog\/de\/brigitte-macron-im-mittelpunkt-einer-kontroverse-bernard-montiel-ausert-sich-und-belebt-die-debatte\/#respond"]}]},{"@type":"WebPage","@id":"https:\/\/www.sebastien-auziere.fr\/blog\/de\/brigitte-macron-im-mittelpunkt-einer-kontroverse-bernard-montiel-ausert-sich-und-belebt-die-debatte\/","url":"https:\/\/www.sebastien-auziere.fr\/blog\/de\/brigitte-macron-im-mittelpunkt-einer-kontroverse-bernard-montiel-ausert-sich-und-belebt-die-debatte\/","name":"Brigitte Macron im Mittelpunkt einer Kontroverse, Bernard Montiel \u00e4u\u00dfert sich und belebt die Debatte - Fan site S\u00e9bastien Auzi\u00e8re","isPartOf":{"@id":"https:\/\/www.sebastien-auziere.fr\/blog\/#website"},"primaryImageOfPage":{"@id":"https:\/\/www.sebastien-auziere.fr\/blog\/de\/brigitte-macron-im-mittelpunkt-einer-kontroverse-bernard-montiel-ausert-sich-und-belebt-die-debatte\/#primaryimage"},"image":{"@id":"https:\/\/www.sebastien-auziere.fr\/blog\/de\/brigitte-macron-im-mittelpunkt-einer-kontroverse-bernard-montiel-ausert-sich-und-belebt-die-debatte\/#primaryimage"},"thumbnailUrl":"https:\/\/www.sebastien-auziere.fr\/blog\/wp-content\/uploads\/2026\/04\/Brigitte-Macron-au-centre-dune-controverse-Bernard-Montiel-intervient-et-ravive-le-debat.jpg","datePublished":"2026-04-26T19:06:20+00:00","dateModified":"2026-04-26T19:06:47+00:00","description":"Brigitte Macron au c\u0153ur d'une controverse, Bernard Montiel intervient et relance le d\u00e9bat. D\u00e9couvrez les d\u00e9tails et r\u00e9actions.","breadcrumb":{"@id":"https:\/\/www.sebastien-auziere.fr\/blog\/de\/brigitte-macron-im-mittelpunkt-einer-kontroverse-bernard-montiel-ausert-sich-und-belebt-die-debatte\/#breadcrumb"},"inLanguage":"fr-FR","potentialAction":[{"@type":"ReadAction","target":["https:\/\/www.sebastien-auziere.fr\/blog\/de\/brigitte-macron-im-mittelpunkt-einer-kontroverse-bernard-montiel-ausert-sich-und-belebt-die-debatte\/"]}]},{"@type":"ImageObject","inLanguage":"fr-FR","@id":"https:\/\/www.sebastien-auziere.fr\/blog\/de\/brigitte-macron-im-mittelpunkt-einer-kontroverse-bernard-montiel-ausert-sich-und-belebt-die-debatte\/#primaryimage","url":"https:\/\/www.sebastien-auziere.fr\/blog\/wp-content\/uploads\/2026\/04\/Brigitte-Macron-au-centre-dune-controverse-Bernard-Montiel-intervient-et-ravive-le-debat.jpg","contentUrl":"https:\/\/www.sebastien-auziere.fr\/blog\/wp-content\/uploads\/2026\/04\/Brigitte-Macron-au-centre-dune-controverse-Bernard-Montiel-intervient-et-ravive-le-debat.jpg","width":2560,"height":1429,"caption":"d\u00e9couvrez comment bernard montiel relance le d\u00e9bat autour de brigitte macron, au c\u0153ur d'une nouvelle controverse."},{"@type":"BreadcrumbList","@id":"https:\/\/www.sebastien-auziere.fr\/blog\/de\/brigitte-macron-im-mittelpunkt-einer-kontroverse-bernard-montiel-ausert-sich-und-belebt-die-debatte\/#breadcrumb","itemListElement":[{"@type":"ListItem","position":1,"name":"Home","item":"https:\/\/www.sebastien-auziere.fr\/blog\/"},{"@type":"ListItem","position":2,"name":"Brigitte Macron im Mittelpunkt einer Kontroverse, Bernard Montiel \u00e4u\u00dfert sich und belebt die Debatte"}]},{"@type":"WebSite","@id":"https:\/\/www.sebastien-auziere.fr\/blog\/#website","url":"https:\/\/www.sebastien-auziere.fr\/blog\/","name":"Fan site S\u00e9bastien Auzi\u00e8re","description":"M\u00e9dia g\u00e9n\u00e9raliste","publisher":{"@id":"https:\/\/www.sebastien-auziere.fr\/blog\/#organization"},"potentialAction":[{"@type":"SearchAction","target":{"@type":"EntryPoint","urlTemplate":"https:\/\/www.sebastien-auziere.fr\/blog\/?s={search_term_string}"},"query-input":{"@type":"PropertyValueSpecification","valueRequired":true,"valueName":"search_term_string"}}],"inLanguage":"fr-FR"},{"@type":"Organization","@id":"https:\/\/www.sebastien-auziere.fr\/blog\/#organization","name":"Fan site S\u00e9bastien Auzi\u00e8re","url":"https:\/\/www.sebastien-auziere.fr\/blog\/","logo":{"@type":"ImageObject","inLanguage":"fr-FR","@id":"https:\/\/www.sebastien-auziere.fr\/blog\/#\/schema\/logo\/image\/","url":"https:\/\/www.sebastien-auziere.fr\/blog\/wp-content\/uploads\/2026\/03\/cropped-cropped-cropped-ChatGPT-Image-6-mars-2026-12_58_09-e1772798376794.jpg","contentUrl":"https:\/\/www.sebastien-auziere.fr\/blog\/wp-content\/uploads\/2026\/03\/cropped-cropped-cropped-ChatGPT-Image-6-mars-2026-12_58_09-e1772798376794.jpg","width":512,"height":360,"caption":"Fan site S\u00e9bastien Auzi\u00e8re"},"image":{"@id":"https:\/\/www.sebastien-auziere.fr\/blog\/#\/schema\/logo\/image\/"}},{"@type":"Person","@id":"https:\/\/www.sebastien-auziere.fr\/blog\/#\/schema\/person\/149f1acdbfd85149c6c3e59adeae2f4d","name":"Chloe Gauthier","image":{"@type":"ImageObject","inLanguage":"fr-FR","@id":"https:\/\/secure.gravatar.com\/avatar\/2c5722f58171cff738a8985ef0dd66b476e563753246a49019befc837ec4201a?s=96&d=mm&r=g","url":"https:\/\/secure.gravatar.com\/avatar\/2c5722f58171cff738a8985ef0dd66b476e563753246a49019befc837ec4201a?s=96&d=mm&r=g","contentUrl":"https:\/\/secure.gravatar.com\/avatar\/2c5722f58171cff738a8985ef0dd66b476e563753246a49019befc837ec4201a?s=96&d=mm&r=g","caption":"Chloe Gauthier"},"description":"Passionn\u00e9e par la politique et admiratrice engag\u00e9e de la famille Macron, je consacre mon \u00e9nergie \u00e0 suivre leurs initiatives et \u00e0 promouvoir leurs id\u00e9es. \u00c0 32 ans, je suis convaincue que leur vision est porteuse d'avenir.","url":"https:\/\/www.sebastien-auziere.fr\/blog\/author\/chloe-gauthier\/"}]}},"views":1,"_links":{"self":[{"href":"https:\/\/www.sebastien-auziere.fr\/blog\/wp-json\/wp\/v2\/posts\/3360","targetHints":{"allow":["GET"]}}],"collection":[{"href":"https:\/\/www.sebastien-auziere.fr\/blog\/wp-json\/wp\/v2\/posts"}],"about":[{"href":"https:\/\/www.sebastien-auziere.fr\/blog\/wp-json\/wp\/v2\/types\/post"}],"author":[{"embeddable":true,"href":"https:\/\/www.sebastien-auziere.fr\/blog\/wp-json\/wp\/v2\/users\/9"}],"replies":[{"embeddable":true,"href":"https:\/\/www.sebastien-auziere.fr\/blog\/wp-json\/wp\/v2\/comments?post=3360"}],"version-history":[{"count":1,"href":"https:\/\/www.sebastien-auziere.fr\/blog\/wp-json\/wp\/v2\/posts\/3360\/revisions"}],"predecessor-version":[{"id":3361,"href":"https:\/\/www.sebastien-auziere.fr\/blog\/wp-json\/wp\/v2\/posts\/3360\/revisions\/3361"}],"wp:featuredmedia":[{"embeddable":true,"href":"https:\/\/www.sebastien-auziere.fr\/blog\/wp-json\/wp\/v2\/media\/3354"}],"wp:attachment":[{"href":"https:\/\/www.sebastien-auziere.fr\/blog\/wp-json\/wp\/v2\/media?parent=3360"}],"wp:term":[{"taxonomy":"category","embeddable":true,"href":"https:\/\/www.sebastien-auziere.fr\/blog\/wp-json\/wp\/v2\/categories?post=3360"},{"taxonomy":"post_tag","embeddable":true,"href":"https:\/\/www.sebastien-auziere.fr\/blog\/wp-json\/wp\/v2\/tags?post=3360"}],"curies":[{"name":"wp","href":"https:\/\/api.w.org\/{rel}","templated":true}]}}