{"id":3358,"date":"2026-04-26T19:03:57","date_gmt":"2026-04-26T19:03:57","guid":{"rendered":"https:\/\/www.sebastien-auziere.fr\/blog\/?p=3358"},"modified":"2026-04-26T19:04:33","modified_gmt":"2026-04-26T19:04:33","slug":"brigitte-macron-en-el-centro-de-una-controversia-bernard-montiel-interviene-y-aviva-el-debate","status":"publish","type":"post","link":"https:\/\/www.sebastien-auziere.fr\/blog\/es\/brigitte-macron-en-el-centro-de-una-controversia-bernard-montiel-interviene-y-aviva-el-debate\/","title":{"rendered":"Brigitte Macron en el centro de una controversia, Bernard Montiel interviene y aviva el debate"},"content":{"rendered":"<p><strong>Brigitte Macron<\/strong> se encuentra de nuevo bajo los focos tras la difusi\u00f3n de un v\u00eddeo entre bastidores a finales de 2025 y sus disculpas en <strong>20 heures de TF1<\/strong>. La salida calificada de \u00ab\u00a0<strong>sales conas<\/strong>\u00a0\u00bb ha reavivado una intensa <strong>controversia<\/strong> entre activistas de #MeToo y apoyos de la pareja presidencial, y la intervenci\u00f3n p\u00fablica de <strong>Bernard Montiel<\/strong> ha reavivado inmediatamente el <strong>debate<\/strong>.<\/p>\n\n<p><strong>En resumen :<\/strong> el v\u00eddeo grabado en las Folies Berg\u00e8re en diciembre de 2025, la subida y luego la retirada de la revista Public, las disculpas p\u00fablicas de la Primera dama y la intervenci\u00f3n de Bernard Montiel en RTL el 25 de abril de 2026 han amplificado la <strong>mediaci\u00f3n<\/strong> y las divisiones en la <strong>sociedad<\/strong>.<\/p>\n\n<h2 class=\"wp-block-heading\">Brigitte Macron y el v\u00eddeo de \u00ab\u00a0sales conas\u00a0\u00bb: resumen de los hechos<\/h2>\n\n<p>Los hechos se remontan a diciembre de 2025: un v\u00eddeo grabado entre bastidores de un espect\u00e1culo de Ary Abittan muestra comentarios de <strong>Brigitte Macron<\/strong> considerados insultantes por varios colectivos. La difusi\u00f3n por Public, retransmitida y luego eliminada, provoc\u00f3 reacciones de colectivos como <strong>#NousToutes<\/strong> y sindicatos. Ante la pol\u00e9mica, la Primera dama ofreci\u00f3 disculpas en <strong>20 heures<\/strong>, reconociendo haber cometido un desliz lamentable.<\/p>\n\n<h2 class=\"wp-block-heading\">Bernard Montiel defiende a Brigitte Macron y ataca a las feministas<\/h2>\n\n<p>Invitado en RTL el 25 de abril de 2026, <strong>Bernard Montiel<\/strong> asegur\u00f3 haber aconsejado a la Primera dama que no asistiera al espect\u00e1culo y calific\u00f3 la escena de privada. Critic\u00f3 la reacci\u00f3n de algunos movimientos feministas, declarando no haber visto ninguna defensa p\u00fablica de la Sra. Macron, y desestim\u00f3 los rumores de enchufismo para su regreso medi\u00e1tico. Su intervenci\u00f3n reaviv\u00f3 el <strong>debate pol\u00edtico<\/strong> sobre la magnitud de los comentarios realizados en privado.<\/p>\n\n<h3 class=\"wp-block-heading\">Reacciones p\u00fablicas y desaf\u00edos para la opini\u00f3n<\/h3>\n\n<p>La pol\u00e9mica plante\u00f3 la cuesti\u00f3n de la frontera entre la esfera privada y las responsabilidades p\u00fablicas. Comunicados de Solidaires y otros colectivos han condenado los comentarios como \u00ab\u00a0grav\u00edsimos\u00a0\u00bb, mientras que los partidarios mencionan la necesidad de contextualizar el incidente. La mediaci\u00f3n tambi\u00e9n reaviv\u00f3 los rumores sobre las relaciones de influencia en torno a la pareja presidencial, rumores que Montiel rechaz\u00f3 firmemente en el plat\u00f3.<\/p>\n\n<h2 class=\"wp-block-heading\">Consecuencias y seguimiento medi\u00e1tico de la controversia<\/h2>\n\n<p>Desde el punto de vista medi\u00e1tico, el asunto desencaden\u00f3 art\u00edculos, debates televisivos y cascadas de reposiciones internacionales, especialmente tras un titular del New York Post que retransmit\u00eda elementos biogr\u00e1ficos. El asunto tambi\u00e9n destac\u00f3 las tensiones entre la libertad de expresi\u00f3n y el respeto a las luchas feministas, marcando una divisi\u00f3n en la opini\u00f3n p\u00fablica y entre los comentaristas. La intervenci\u00f3n de personalidades como Montiel alimenta la discusi\u00f3n sobre la <strong>mediaci\u00f3n<\/strong> de las relaciones privadas.<\/p>\n\n<p>Para saber m\u00e1s sobre <strong>Brigitte Macron<\/strong>, el papel p\u00fablico de la pareja y los lazos con su entorno, descubre art\u00edculos detallados y cr\u00f3nicas sobre <a href=\"https:\/\/www.sebastien-auziere.fr\/blog\/brigitte-macron-et-emmanuel-macron\/\" rel=\"nofollow\">Brigitte y Emmanuel Macron<\/a> y sobre las intervenciones p\u00fablicas en la prensa sobre <a href=\"https:\/\/www.sebastien-auziere.fr\/blog\/macron-rep-accusations-trump\/\" rel=\"nofollow\">las reacciones pol\u00edticas recientes<\/a>. Visita <a href=\"https:\/\/www.sebastien-auziere.fr\/blog\/macron-sortie-baskets\/\" rel=\"nofollow\">sebastien-auziere.fr<\/a> para un dossier completo y archivos sobre la familia Macron y los temas de actualidad.<\/p>","protected":false},"excerpt":{"rendered":"<p>Brigitte Macron se encuentra de nuevo bajo los focos tras la difusi\u00f3n de un v\u00eddeo entre bastidores a finales de 2025 y sus disculpas en 20 heures de TF1. La salida calificada de \u00ab\u00a0sales conas\u00a0\u00bb ha reavivado una intensa controversia entre activistas de #MeToo y apoyos de la pareja presidencial, y la intervenci\u00f3n p\u00fablica de &#8230; <a title=\"Brigitte Macron en el centro de una controversia, Bernard Montiel interviene y aviva el debate\" class=\"read-more\" href=\"https:\/\/www.sebastien-auziere.fr\/blog\/es\/brigitte-macron-en-el-centro-de-una-controversia-bernard-montiel-interviene-y-aviva-el-debate\/\" aria-label=\"En savoir plus sur Brigitte Macron en el centro de una controversia, Bernard Montiel interviene y aviva el debate\">Lire plus<\/a><\/p>\n","protected":false},"author":9,"featured_media":3354,"comment_status":"open","ping_status":"open","sticky":false,"template":"","format":"standard","meta":{"footnotes":""},"categories":[820],"tags":[4460,914,4463,4466,1969],"class_list":["post-3358","post","type-post","status-publish","format-standard","has-post-thumbnail","hentry","category-actualidades-es","tag-bernard-montiel-es","tag-brigitte-macron-es","tag-controversia-es","tag-debat-es","tag-politica-francesa-es"],"yoast_head":"<!-- This site is optimized with the Yoast SEO plugin v27.5 - https:\/\/yoast.com\/product\/yoast-seo-wordpress\/ -->\n<title>Brigitte Macron en el centro de una controversia, Bernard Montiel interviene y aviva el debate - Fan site S\u00e9bastien Auzi\u00e8re<\/title>\n<meta name=\"description\" content=\"Brigitte Macron au c\u0153ur d&#039;une controverse, Bernard Montiel intervient et relance le d\u00e9bat. D\u00e9couvrez les d\u00e9tails et r\u00e9actions.\" \/>\n<meta name=\"robots\" content=\"index, follow, max-snippet:-1, max-image-preview:large, max-video-preview:-1\" \/>\n<link rel=\"canonical\" href=\"https:\/\/www.sebastien-auziere.fr\/blog\/es\/brigitte-macron-en-el-centro-de-una-controversia-bernard-montiel-interviene-y-aviva-el-debate\/\" \/>\n<meta property=\"og:locale\" content=\"fr_FR\" \/>\n<meta property=\"og:type\" content=\"article\" \/>\n<meta property=\"og:title\" content=\"Brigitte Macron en el centro de una controversia, Bernard Montiel interviene y aviva el debate - Fan site S\u00e9bastien Auzi\u00e8re\" \/>\n<meta property=\"og:description\" content=\"Brigitte Macron au c\u0153ur d&#039;une controverse, Bernard Montiel intervient et relance le d\u00e9bat. D\u00e9couvrez les d\u00e9tails et r\u00e9actions.\" \/>\n<meta property=\"og:url\" content=\"https:\/\/www.sebastien-auziere.fr\/blog\/es\/brigitte-macron-en-el-centro-de-una-controversia-bernard-montiel-interviene-y-aviva-el-debate\/\" \/>\n<meta property=\"og:site_name\" content=\"Fan site S\u00e9bastien Auzi\u00e8re\" \/>\n<meta property=\"article:published_time\" content=\"2026-04-26T19:03:57+00:00\" \/>\n<meta property=\"article:modified_time\" content=\"2026-04-26T19:04:33+00:00\" \/>\n<meta property=\"og:image\" content=\"https:\/\/www.sebastien-auziere.fr\/blog\/wp-content\/uploads\/2026\/04\/Brigitte-Macron-au-centre-dune-controverse-Bernard-Montiel-intervient-et-ravive-le-debat.jpg\" \/>\n\t<meta property=\"og:image:width\" content=\"2560\" \/>\n\t<meta property=\"og:image:height\" content=\"1429\" \/>\n\t<meta property=\"og:image:type\" content=\"image\/jpeg\" \/>\n<meta name=\"author\" content=\"Chloe Gauthier\" \/>\n<meta name=\"twitter:card\" content=\"summary_large_image\" \/>\n<meta name=\"twitter:label1\" content=\"\u00c9crit par\" \/>\n\t<meta name=\"twitter:data1\" content=\"Chloe Gauthier\" \/>\n\t<meta name=\"twitter:label2\" content=\"Dur\u00e9e de lecture estim\u00e9e\" \/>\n\t<meta name=\"twitter:data2\" content=\"3 minutes\" \/>\n<script type=\"application\/ld+json\" class=\"yoast-schema-graph\">{\"@context\":\"https:\\\/\\\/schema.org\",\"@graph\":[{\"@type\":\"Article\",\"@id\":\"https:\\\/\\\/www.sebastien-auziere.fr\\\/blog\\\/es\\\/brigitte-macron-en-el-centro-de-una-controversia-bernard-montiel-interviene-y-aviva-el-debate\\\/#article\",\"isPartOf\":{\"@id\":\"https:\\\/\\\/www.sebastien-auziere.fr\\\/blog\\\/es\\\/brigitte-macron-en-el-centro-de-una-controversia-bernard-montiel-interviene-y-aviva-el-debate\\\/\"},\"author\":{\"name\":\"Chloe Gauthier\",\"@id\":\"https:\\\/\\\/www.sebastien-auziere.fr\\\/blog\\\/#\\\/schema\\\/person\\\/149f1acdbfd85149c6c3e59adeae2f4d\"},\"headline\":\"Brigitte Macron en el centro de una controversia, Bernard Montiel interviene y aviva el debate\",\"datePublished\":\"2026-04-26T19:03:57+00:00\",\"dateModified\":\"2026-04-26T19:04:33+00:00\",\"mainEntityOfPage\":{\"@id\":\"https:\\\/\\\/www.sebastien-auziere.fr\\\/blog\\\/es\\\/brigitte-macron-en-el-centro-de-una-controversia-bernard-montiel-interviene-y-aviva-el-debate\\\/\"},\"wordCount\":538,\"commentCount\":0,\"publisher\":{\"@id\":\"https:\\\/\\\/www.sebastien-auziere.fr\\\/blog\\\/#organization\"},\"image\":{\"@id\":\"https:\\\/\\\/www.sebastien-auziere.fr\\\/blog\\\/es\\\/brigitte-macron-en-el-centro-de-una-controversia-bernard-montiel-interviene-y-aviva-el-debate\\\/#primaryimage\"},\"thumbnailUrl\":\"https:\\\/\\\/www.sebastien-auziere.fr\\\/blog\\\/wp-content\\\/uploads\\\/2026\\\/04\\\/Brigitte-Macron-au-centre-dune-controverse-Bernard-Montiel-intervient-et-ravive-le-debat.jpg\",\"keywords\":[\"bernard montiel\",\"brigitte macron\",\"controversia\",\"d\u00e9bat\",\"pol\u00edtica francesa\"],\"articleSection\":[\"Actualidades\"],\"inLanguage\":\"fr-FR\",\"potentialAction\":[{\"@type\":\"CommentAction\",\"name\":\"Comment\",\"target\":[\"https:\\\/\\\/www.sebastien-auziere.fr\\\/blog\\\/es\\\/brigitte-macron-en-el-centro-de-una-controversia-bernard-montiel-interviene-y-aviva-el-debate\\\/#respond\"]}]},{\"@type\":\"WebPage\",\"@id\":\"https:\\\/\\\/www.sebastien-auziere.fr\\\/blog\\\/es\\\/brigitte-macron-en-el-centro-de-una-controversia-bernard-montiel-interviene-y-aviva-el-debate\\\/\",\"url\":\"https:\\\/\\\/www.sebastien-auziere.fr\\\/blog\\\/es\\\/brigitte-macron-en-el-centro-de-una-controversia-bernard-montiel-interviene-y-aviva-el-debate\\\/\",\"name\":\"Brigitte Macron en el centro de una controversia, Bernard Montiel interviene y aviva el debate - Fan site S\u00e9bastien Auzi\u00e8re\",\"isPartOf\":{\"@id\":\"https:\\\/\\\/www.sebastien-auziere.fr\\\/blog\\\/#website\"},\"primaryImageOfPage\":{\"@id\":\"https:\\\/\\\/www.sebastien-auziere.fr\\\/blog\\\/es\\\/brigitte-macron-en-el-centro-de-una-controversia-bernard-montiel-interviene-y-aviva-el-debate\\\/#primaryimage\"},\"image\":{\"@id\":\"https:\\\/\\\/www.sebastien-auziere.fr\\\/blog\\\/es\\\/brigitte-macron-en-el-centro-de-una-controversia-bernard-montiel-interviene-y-aviva-el-debate\\\/#primaryimage\"},\"thumbnailUrl\":\"https:\\\/\\\/www.sebastien-auziere.fr\\\/blog\\\/wp-content\\\/uploads\\\/2026\\\/04\\\/Brigitte-Macron-au-centre-dune-controverse-Bernard-Montiel-intervient-et-ravive-le-debat.jpg\",\"datePublished\":\"2026-04-26T19:03:57+00:00\",\"dateModified\":\"2026-04-26T19:04:33+00:00\",\"description\":\"Brigitte Macron au c\u0153ur d'une controverse, Bernard Montiel intervient et relance le d\u00e9bat. D\u00e9couvrez les d\u00e9tails et r\u00e9actions.\",\"breadcrumb\":{\"@id\":\"https:\\\/\\\/www.sebastien-auziere.fr\\\/blog\\\/es\\\/brigitte-macron-en-el-centro-de-una-controversia-bernard-montiel-interviene-y-aviva-el-debate\\\/#breadcrumb\"},\"inLanguage\":\"fr-FR\",\"potentialAction\":[{\"@type\":\"ReadAction\",\"target\":[\"https:\\\/\\\/www.sebastien-auziere.fr\\\/blog\\\/es\\\/brigitte-macron-en-el-centro-de-una-controversia-bernard-montiel-interviene-y-aviva-el-debate\\\/\"]}]},{\"@type\":\"ImageObject\",\"inLanguage\":\"fr-FR\",\"@id\":\"https:\\\/\\\/www.sebastien-auziere.fr\\\/blog\\\/es\\\/brigitte-macron-en-el-centro-de-una-controversia-bernard-montiel-interviene-y-aviva-el-debate\\\/#primaryimage\",\"url\":\"https:\\\/\\\/www.sebastien-auziere.fr\\\/blog\\\/wp-content\\\/uploads\\\/2026\\\/04\\\/Brigitte-Macron-au-centre-dune-controverse-Bernard-Montiel-intervient-et-ravive-le-debat.jpg\",\"contentUrl\":\"https:\\\/\\\/www.sebastien-auziere.fr\\\/blog\\\/wp-content\\\/uploads\\\/2026\\\/04\\\/Brigitte-Macron-au-centre-dune-controverse-Bernard-Montiel-intervient-et-ravive-le-debat.jpg\",\"width\":2560,\"height\":1429,\"caption\":\"d\u00e9couvrez comment bernard montiel relance le d\u00e9bat autour de brigitte macron, au c\u0153ur d'une nouvelle controverse.\"},{\"@type\":\"BreadcrumbList\",\"@id\":\"https:\\\/\\\/www.sebastien-auziere.fr\\\/blog\\\/es\\\/brigitte-macron-en-el-centro-de-una-controversia-bernard-montiel-interviene-y-aviva-el-debate\\\/#breadcrumb\",\"itemListElement\":[{\"@type\":\"ListItem\",\"position\":1,\"name\":\"Home\",\"item\":\"https:\\\/\\\/www.sebastien-auziere.fr\\\/blog\\\/\"},{\"@type\":\"ListItem\",\"position\":2,\"name\":\"Brigitte Macron en el centro de una controversia, Bernard Montiel interviene y aviva el debate\"}]},{\"@type\":\"WebSite\",\"@id\":\"https:\\\/\\\/www.sebastien-auziere.fr\\\/blog\\\/#website\",\"url\":\"https:\\\/\\\/www.sebastien-auziere.fr\\\/blog\\\/\",\"name\":\"Fan site S\u00e9bastien Auzi\u00e8re\",\"description\":\"M\u00e9dia g\u00e9n\u00e9raliste\",\"publisher\":{\"@id\":\"https:\\\/\\\/www.sebastien-auziere.fr\\\/blog\\\/#organization\"},\"potentialAction\":[{\"@type\":\"SearchAction\",\"target\":{\"@type\":\"EntryPoint\",\"urlTemplate\":\"https:\\\/\\\/www.sebastien-auziere.fr\\\/blog\\\/?s={search_term_string}\"},\"query-input\":{\"@type\":\"PropertyValueSpecification\",\"valueRequired\":true,\"valueName\":\"search_term_string\"}}],\"inLanguage\":\"fr-FR\"},{\"@type\":\"Organization\",\"@id\":\"https:\\\/\\\/www.sebastien-auziere.fr\\\/blog\\\/#organization\",\"name\":\"Fan site S\u00e9bastien Auzi\u00e8re\",\"url\":\"https:\\\/\\\/www.sebastien-auziere.fr\\\/blog\\\/\",\"logo\":{\"@type\":\"ImageObject\",\"inLanguage\":\"fr-FR\",\"@id\":\"https:\\\/\\\/www.sebastien-auziere.fr\\\/blog\\\/#\\\/schema\\\/logo\\\/image\\\/\",\"url\":\"https:\\\/\\\/www.sebastien-auziere.fr\\\/blog\\\/wp-content\\\/uploads\\\/2026\\\/03\\\/cropped-cropped-cropped-ChatGPT-Image-6-mars-2026-12_58_09-e1772798376794.jpg\",\"contentUrl\":\"https:\\\/\\\/www.sebastien-auziere.fr\\\/blog\\\/wp-content\\\/uploads\\\/2026\\\/03\\\/cropped-cropped-cropped-ChatGPT-Image-6-mars-2026-12_58_09-e1772798376794.jpg\",\"width\":512,\"height\":360,\"caption\":\"Fan site S\u00e9bastien Auzi\u00e8re\"},\"image\":{\"@id\":\"https:\\\/\\\/www.sebastien-auziere.fr\\\/blog\\\/#\\\/schema\\\/logo\\\/image\\\/\"}},{\"@type\":\"Person\",\"@id\":\"https:\\\/\\\/www.sebastien-auziere.fr\\\/blog\\\/#\\\/schema\\\/person\\\/149f1acdbfd85149c6c3e59adeae2f4d\",\"name\":\"Chloe Gauthier\",\"image\":{\"@type\":\"ImageObject\",\"inLanguage\":\"fr-FR\",\"@id\":\"https:\\\/\\\/secure.gravatar.com\\\/avatar\\\/2c5722f58171cff738a8985ef0dd66b476e563753246a49019befc837ec4201a?s=96&d=mm&r=g\",\"url\":\"https:\\\/\\\/secure.gravatar.com\\\/avatar\\\/2c5722f58171cff738a8985ef0dd66b476e563753246a49019befc837ec4201a?s=96&d=mm&r=g\",\"contentUrl\":\"https:\\\/\\\/secure.gravatar.com\\\/avatar\\\/2c5722f58171cff738a8985ef0dd66b476e563753246a49019befc837ec4201a?s=96&d=mm&r=g\",\"caption\":\"Chloe Gauthier\"},\"description\":\"Passionn\u00e9e par la politique et admiratrice engag\u00e9e de la famille Macron, je consacre mon \u00e9nergie \u00e0 suivre leurs initiatives et \u00e0 promouvoir leurs id\u00e9es. \u00c0 32 ans, je suis convaincue que leur vision est porteuse d'avenir.\",\"url\":\"https:\\\/\\\/www.sebastien-auziere.fr\\\/blog\\\/author\\\/chloe-gauthier\\\/\"}]}<\/script>\n<!-- \/ Yoast SEO plugin. -->","yoast_head_json":{"title":"Brigitte Macron en el centro de una controversia, Bernard Montiel interviene y aviva el debate - Fan site S\u00e9bastien Auzi\u00e8re","description":"Brigitte Macron au c\u0153ur d'une controverse, Bernard Montiel intervient et relance le d\u00e9bat. D\u00e9couvrez les d\u00e9tails et r\u00e9actions.","robots":{"index":"index","follow":"follow","max-snippet":"max-snippet:-1","max-image-preview":"max-image-preview:large","max-video-preview":"max-video-preview:-1"},"canonical":"https:\/\/www.sebastien-auziere.fr\/blog\/es\/brigitte-macron-en-el-centro-de-una-controversia-bernard-montiel-interviene-y-aviva-el-debate\/","og_locale":"fr_FR","og_type":"article","og_title":"Brigitte Macron en el centro de una controversia, Bernard Montiel interviene y aviva el debate - Fan site S\u00e9bastien Auzi\u00e8re","og_description":"Brigitte Macron au c\u0153ur d'une controverse, Bernard Montiel intervient et relance le d\u00e9bat. D\u00e9couvrez les d\u00e9tails et r\u00e9actions.","og_url":"https:\/\/www.sebastien-auziere.fr\/blog\/es\/brigitte-macron-en-el-centro-de-una-controversia-bernard-montiel-interviene-y-aviva-el-debate\/","og_site_name":"Fan site S\u00e9bastien Auzi\u00e8re","article_published_time":"2026-04-26T19:03:57+00:00","article_modified_time":"2026-04-26T19:04:33+00:00","og_image":[{"width":2560,"height":1429,"url":"https:\/\/www.sebastien-auziere.fr\/blog\/wp-content\/uploads\/2026\/04\/Brigitte-Macron-au-centre-dune-controverse-Bernard-Montiel-intervient-et-ravive-le-debat.jpg","type":"image\/jpeg"}],"author":"Chloe Gauthier","twitter_card":"summary_large_image","twitter_misc":{"\u00c9crit par":"Chloe Gauthier","Dur\u00e9e de lecture estim\u00e9e":"3 minutes"},"schema":{"@context":"https:\/\/schema.org","@graph":[{"@type":"Article","@id":"https:\/\/www.sebastien-auziere.fr\/blog\/es\/brigitte-macron-en-el-centro-de-una-controversia-bernard-montiel-interviene-y-aviva-el-debate\/#article","isPartOf":{"@id":"https:\/\/www.sebastien-auziere.fr\/blog\/es\/brigitte-macron-en-el-centro-de-una-controversia-bernard-montiel-interviene-y-aviva-el-debate\/"},"author":{"name":"Chloe Gauthier","@id":"https:\/\/www.sebastien-auziere.fr\/blog\/#\/schema\/person\/149f1acdbfd85149c6c3e59adeae2f4d"},"headline":"Brigitte Macron en el centro de una controversia, Bernard Montiel interviene y aviva el debate","datePublished":"2026-04-26T19:03:57+00:00","dateModified":"2026-04-26T19:04:33+00:00","mainEntityOfPage":{"@id":"https:\/\/www.sebastien-auziere.fr\/blog\/es\/brigitte-macron-en-el-centro-de-una-controversia-bernard-montiel-interviene-y-aviva-el-debate\/"},"wordCount":538,"commentCount":0,"publisher":{"@id":"https:\/\/www.sebastien-auziere.fr\/blog\/#organization"},"image":{"@id":"https:\/\/www.sebastien-auziere.fr\/blog\/es\/brigitte-macron-en-el-centro-de-una-controversia-bernard-montiel-interviene-y-aviva-el-debate\/#primaryimage"},"thumbnailUrl":"https:\/\/www.sebastien-auziere.fr\/blog\/wp-content\/uploads\/2026\/04\/Brigitte-Macron-au-centre-dune-controverse-Bernard-Montiel-intervient-et-ravive-le-debat.jpg","keywords":["bernard montiel","brigitte macron","controversia","d\u00e9bat","pol\u00edtica francesa"],"articleSection":["Actualidades"],"inLanguage":"fr-FR","potentialAction":[{"@type":"CommentAction","name":"Comment","target":["https:\/\/www.sebastien-auziere.fr\/blog\/es\/brigitte-macron-en-el-centro-de-una-controversia-bernard-montiel-interviene-y-aviva-el-debate\/#respond"]}]},{"@type":"WebPage","@id":"https:\/\/www.sebastien-auziere.fr\/blog\/es\/brigitte-macron-en-el-centro-de-una-controversia-bernard-montiel-interviene-y-aviva-el-debate\/","url":"https:\/\/www.sebastien-auziere.fr\/blog\/es\/brigitte-macron-en-el-centro-de-una-controversia-bernard-montiel-interviene-y-aviva-el-debate\/","name":"Brigitte Macron en el centro de una controversia, Bernard Montiel interviene y aviva el debate - Fan site S\u00e9bastien Auzi\u00e8re","isPartOf":{"@id":"https:\/\/www.sebastien-auziere.fr\/blog\/#website"},"primaryImageOfPage":{"@id":"https:\/\/www.sebastien-auziere.fr\/blog\/es\/brigitte-macron-en-el-centro-de-una-controversia-bernard-montiel-interviene-y-aviva-el-debate\/#primaryimage"},"image":{"@id":"https:\/\/www.sebastien-auziere.fr\/blog\/es\/brigitte-macron-en-el-centro-de-una-controversia-bernard-montiel-interviene-y-aviva-el-debate\/#primaryimage"},"thumbnailUrl":"https:\/\/www.sebastien-auziere.fr\/blog\/wp-content\/uploads\/2026\/04\/Brigitte-Macron-au-centre-dune-controverse-Bernard-Montiel-intervient-et-ravive-le-debat.jpg","datePublished":"2026-04-26T19:03:57+00:00","dateModified":"2026-04-26T19:04:33+00:00","description":"Brigitte Macron au c\u0153ur d'une controverse, Bernard Montiel intervient et relance le d\u00e9bat. D\u00e9couvrez les d\u00e9tails et r\u00e9actions.","breadcrumb":{"@id":"https:\/\/www.sebastien-auziere.fr\/blog\/es\/brigitte-macron-en-el-centro-de-una-controversia-bernard-montiel-interviene-y-aviva-el-debate\/#breadcrumb"},"inLanguage":"fr-FR","potentialAction":[{"@type":"ReadAction","target":["https:\/\/www.sebastien-auziere.fr\/blog\/es\/brigitte-macron-en-el-centro-de-una-controversia-bernard-montiel-interviene-y-aviva-el-debate\/"]}]},{"@type":"ImageObject","inLanguage":"fr-FR","@id":"https:\/\/www.sebastien-auziere.fr\/blog\/es\/brigitte-macron-en-el-centro-de-una-controversia-bernard-montiel-interviene-y-aviva-el-debate\/#primaryimage","url":"https:\/\/www.sebastien-auziere.fr\/blog\/wp-content\/uploads\/2026\/04\/Brigitte-Macron-au-centre-dune-controverse-Bernard-Montiel-intervient-et-ravive-le-debat.jpg","contentUrl":"https:\/\/www.sebastien-auziere.fr\/blog\/wp-content\/uploads\/2026\/04\/Brigitte-Macron-au-centre-dune-controverse-Bernard-Montiel-intervient-et-ravive-le-debat.jpg","width":2560,"height":1429,"caption":"d\u00e9couvrez comment bernard montiel relance le d\u00e9bat autour de brigitte macron, au c\u0153ur d'une nouvelle controverse."},{"@type":"BreadcrumbList","@id":"https:\/\/www.sebastien-auziere.fr\/blog\/es\/brigitte-macron-en-el-centro-de-una-controversia-bernard-montiel-interviene-y-aviva-el-debate\/#breadcrumb","itemListElement":[{"@type":"ListItem","position":1,"name":"Home","item":"https:\/\/www.sebastien-auziere.fr\/blog\/"},{"@type":"ListItem","position":2,"name":"Brigitte Macron en el centro de una controversia, Bernard Montiel interviene y aviva el debate"}]},{"@type":"WebSite","@id":"https:\/\/www.sebastien-auziere.fr\/blog\/#website","url":"https:\/\/www.sebastien-auziere.fr\/blog\/","name":"Fan site S\u00e9bastien Auzi\u00e8re","description":"M\u00e9dia g\u00e9n\u00e9raliste","publisher":{"@id":"https:\/\/www.sebastien-auziere.fr\/blog\/#organization"},"potentialAction":[{"@type":"SearchAction","target":{"@type":"EntryPoint","urlTemplate":"https:\/\/www.sebastien-auziere.fr\/blog\/?s={search_term_string}"},"query-input":{"@type":"PropertyValueSpecification","valueRequired":true,"valueName":"search_term_string"}}],"inLanguage":"fr-FR"},{"@type":"Organization","@id":"https:\/\/www.sebastien-auziere.fr\/blog\/#organization","name":"Fan site S\u00e9bastien Auzi\u00e8re","url":"https:\/\/www.sebastien-auziere.fr\/blog\/","logo":{"@type":"ImageObject","inLanguage":"fr-FR","@id":"https:\/\/www.sebastien-auziere.fr\/blog\/#\/schema\/logo\/image\/","url":"https:\/\/www.sebastien-auziere.fr\/blog\/wp-content\/uploads\/2026\/03\/cropped-cropped-cropped-ChatGPT-Image-6-mars-2026-12_58_09-e1772798376794.jpg","contentUrl":"https:\/\/www.sebastien-auziere.fr\/blog\/wp-content\/uploads\/2026\/03\/cropped-cropped-cropped-ChatGPT-Image-6-mars-2026-12_58_09-e1772798376794.jpg","width":512,"height":360,"caption":"Fan site S\u00e9bastien Auzi\u00e8re"},"image":{"@id":"https:\/\/www.sebastien-auziere.fr\/blog\/#\/schema\/logo\/image\/"}},{"@type":"Person","@id":"https:\/\/www.sebastien-auziere.fr\/blog\/#\/schema\/person\/149f1acdbfd85149c6c3e59adeae2f4d","name":"Chloe Gauthier","image":{"@type":"ImageObject","inLanguage":"fr-FR","@id":"https:\/\/secure.gravatar.com\/avatar\/2c5722f58171cff738a8985ef0dd66b476e563753246a49019befc837ec4201a?s=96&d=mm&r=g","url":"https:\/\/secure.gravatar.com\/avatar\/2c5722f58171cff738a8985ef0dd66b476e563753246a49019befc837ec4201a?s=96&d=mm&r=g","contentUrl":"https:\/\/secure.gravatar.com\/avatar\/2c5722f58171cff738a8985ef0dd66b476e563753246a49019befc837ec4201a?s=96&d=mm&r=g","caption":"Chloe Gauthier"},"description":"Passionn\u00e9e par la politique et admiratrice engag\u00e9e de la famille Macron, je consacre mon \u00e9nergie \u00e0 suivre leurs initiatives et \u00e0 promouvoir leurs id\u00e9es. \u00c0 32 ans, je suis convaincue que leur vision est porteuse d'avenir.","url":"https:\/\/www.sebastien-auziere.fr\/blog\/author\/chloe-gauthier\/"}]}},"views":0,"_links":{"self":[{"href":"https:\/\/www.sebastien-auziere.fr\/blog\/wp-json\/wp\/v2\/posts\/3358","targetHints":{"allow":["GET"]}}],"collection":[{"href":"https:\/\/www.sebastien-auziere.fr\/blog\/wp-json\/wp\/v2\/posts"}],"about":[{"href":"https:\/\/www.sebastien-auziere.fr\/blog\/wp-json\/wp\/v2\/types\/post"}],"author":[{"embeddable":true,"href":"https:\/\/www.sebastien-auziere.fr\/blog\/wp-json\/wp\/v2\/users\/9"}],"replies":[{"embeddable":true,"href":"https:\/\/www.sebastien-auziere.fr\/blog\/wp-json\/wp\/v2\/comments?post=3358"}],"version-history":[{"count":1,"href":"https:\/\/www.sebastien-auziere.fr\/blog\/wp-json\/wp\/v2\/posts\/3358\/revisions"}],"predecessor-version":[{"id":3359,"href":"https:\/\/www.sebastien-auziere.fr\/blog\/wp-json\/wp\/v2\/posts\/3358\/revisions\/3359"}],"wp:featuredmedia":[{"embeddable":true,"href":"https:\/\/www.sebastien-auziere.fr\/blog\/wp-json\/wp\/v2\/media\/3354"}],"wp:attachment":[{"href":"https:\/\/www.sebastien-auziere.fr\/blog\/wp-json\/wp\/v2\/media?parent=3358"}],"wp:term":[{"taxonomy":"category","embeddable":true,"href":"https:\/\/www.sebastien-auziere.fr\/blog\/wp-json\/wp\/v2\/categories?post=3358"},{"taxonomy":"post_tag","embeddable":true,"href":"https:\/\/www.sebastien-auziere.fr\/blog\/wp-json\/wp\/v2\/tags?post=3358"}],"curies":[{"name":"wp","href":"https:\/\/api.w.org\/{rel}","templated":true}]}}