{"id":3356,"date":"2026-04-26T19:02:37","date_gmt":"2026-04-26T19:02:37","guid":{"rendered":"https:\/\/www.sebastien-auziere.fr\/blog\/?p=3356"},"modified":"2026-04-26T19:03:07","modified_gmt":"2026-04-26T19:03:07","slug":"brigitte-macron-at-the-center-of-a-controversy-bernard-montiel-intervenes-and-rekindles-the-debate","status":"publish","type":"post","link":"https:\/\/www.sebastien-auziere.fr\/blog\/en\/brigitte-macron-at-the-center-of-a-controversy-bernard-montiel-intervenes-and-rekindles-the-debate\/","title":{"rendered":"Brigitte Macron at the center of a controversy, Bernard Montiel intervenes and rekindles the debate"},"content":{"rendered":"<p><strong>Brigitte Macron<\/strong> finds herself once again in the spotlight after the release of a behind-the-scenes video in late 2025 and her apologies on <strong>20 heures de TF1<\/strong>. The outburst described as \u00ab\u00a0<strong>dirty whores<\/strong>\u00a0\u00bb has sparked a fierce <strong>controversy<\/strong> between #MeToo activists and supporters of the presidential couple, and the public intervention of <strong>Bernard Montiel<\/strong> has immediately reignited the <strong>debate<\/strong>.<\/p>\n\n<p><strong>In brief:<\/strong> the video filmed at the Folies Berg\u00e8re in December 2025, the publication and subsequent withdrawal by Public magazine, the public apologies of the First Lady, and Bernard Montiel&rsquo;s statements on RTL on April 25, 2026, have amplified the <strong>media coverage<\/strong> and divisions within <strong>society<\/strong>.<\/p>\n\n<h2 class=\"wp-block-heading\">Brigitte Macron and the \u00ab\u00a0dirty whores\u00a0\u00bb video: recap of the events<\/h2>\n\n<p>The events date back to December 2025: a behind-the-scenes video of a show by Ary Abittan shows remarks by <strong>Brigitte Macron<\/strong> deemed insulting by several collectives. The broadcast by Public, which was shared and then removed, provoked reactions from collectives like <strong>#NousToutes<\/strong> and unions. In response to the controversy, the First Lady apologized on <strong>20 heures<\/strong>, acknowledging that she had made a regrettable slip.<\/p>\n\n<h2 class=\"wp-block-heading\">Bernard Montiel defends Brigitte Macron and attacks feminists<\/h2>\n\n<p>Invited on RTL on April 25, 2026, <strong>Bernard Montiel<\/strong> stated that he advised the First Lady not to attend the show and described the scene as private. He criticized the reaction of some feminist movements, claiming he had not seen any public defense of Mrs. Macron, and dismissed rumors of favoritism for his media comeback. His intervention reignited the <strong>political debate<\/strong> about the implications of comments made in private.<\/p>\n\n<h3 class=\"wp-block-heading\">Public reactions and stakes for public opinion<\/h3>\n\n<p>The controversy raised questions about the boundary between the private sphere and public responsibilities. Statements from Solidaires and other collectives condemned the remarks as \u00ab\u00a0very serious\u00a0\u00bb, while supporters suggested the necessity of contextualizing the incident. The media coverage also reignited rumors about influence relations surrounding the presidential couple, rumors that Montiel firmly rejected on air.<\/p>\n\n<h2 class=\"wp-block-heading\">Consequences and media follow-up of the controversy<\/h2>\n\n<p>On the media front, the affair triggered articles, television debates, and cascades of international coverage, particularly after a headline from the New York Post relaying biographical details. The affair also highlighted tensions between freedom of expression and respect for feminist struggles, creating a divide in public opinion and among commentators. The intervention of personalities like Montiel fuels the discussion on the <strong>media coverage<\/strong> of private relationships.<\/p>\n\n<p>For more information on <strong>Brigitte Macron<\/strong>, the public role of the couple, and their connections with their inner circle, discover detailed articles and columns on <a href=\"https:\/\/www.sebastien-auziere.fr\/blog\/brigitte-macron-et-emmanuel-macron\/\" rel=\"nofollow\">Brigitte and Emmanuel Macron<\/a> and on public statements in the press regarding <a href=\"https:\/\/www.sebastien-auziere.fr\/blog\/macron-rep-accusations-trump\/\" rel=\"nofollow\">recent political reactions<\/a>. Visit <a href=\"https:\/\/www.sebastien-auziere.fr\/blog\/macron-sortie-baskets\/\" rel=\"nofollow\">sebastien-auziere.fr<\/a> for a complete file and archives on the Macron family and current issues.<\/p>","protected":false},"excerpt":{"rendered":"<p>Brigitte Macron finds herself once again in the spotlight after the release of a behind-the-scenes video in late 2025 and her apologies on 20 heures de TF1. The outburst described as \u00ab\u00a0dirty whores\u00a0\u00bb has sparked a fierce controversy between #MeToo activists and supporters of the presidential couple, and the public intervention of Bernard Montiel has &#8230; <a title=\"Brigitte Macron at the center of a controversy, Bernard Montiel intervenes and rekindles the debate\" class=\"read-more\" href=\"https:\/\/www.sebastien-auziere.fr\/blog\/en\/brigitte-macron-at-the-center-of-a-controversy-bernard-montiel-intervenes-and-rekindles-the-debate\/\" aria-label=\"En savoir plus sur Brigitte Macron at the center of a controversy, Bernard Montiel intervenes and rekindles the debate\">Lire plus<\/a><\/p>\n","protected":false},"author":9,"featured_media":3354,"comment_status":"open","ping_status":"open","sticky":false,"template":"","format":"standard","meta":{"footnotes":""},"categories":[816],"tags":[4450,898,4453,4456,1959],"class_list":["post-3356","post","type-post","status-publish","format-standard","has-post-thumbnail","hentry","category-news","tag-bernard-montiel-en","tag-brigitte-macron-en","tag-controversy-en","tag-debate-en","tag-political-french-en"],"yoast_head":"<!-- This site is optimized with the Yoast SEO plugin v27.5 - https:\/\/yoast.com\/product\/yoast-seo-wordpress\/ -->\n<title>Brigitte Macron at the center of a controversy, Bernard Montiel intervenes and rekindles the debate - Fan site S\u00e9bastien Auzi\u00e8re<\/title>\n<meta name=\"description\" content=\"Brigitte Macron au c\u0153ur d&#039;une controverse, Bernard Montiel intervient et relance le d\u00e9bat. D\u00e9couvrez les d\u00e9tails et r\u00e9actions.\" \/>\n<meta name=\"robots\" content=\"index, follow, max-snippet:-1, max-image-preview:large, max-video-preview:-1\" \/>\n<link rel=\"canonical\" href=\"https:\/\/www.sebastien-auziere.fr\/blog\/en\/brigitte-macron-at-the-center-of-a-controversy-bernard-montiel-intervenes-and-rekindles-the-debate\/\" \/>\n<meta property=\"og:locale\" content=\"fr_FR\" \/>\n<meta property=\"og:type\" content=\"article\" \/>\n<meta property=\"og:title\" content=\"Brigitte Macron at the center of a controversy, Bernard Montiel intervenes and rekindles the debate - Fan site S\u00e9bastien Auzi\u00e8re\" \/>\n<meta property=\"og:description\" content=\"Brigitte Macron au c\u0153ur d&#039;une controverse, Bernard Montiel intervient et relance le d\u00e9bat. D\u00e9couvrez les d\u00e9tails et r\u00e9actions.\" \/>\n<meta property=\"og:url\" content=\"https:\/\/www.sebastien-auziere.fr\/blog\/en\/brigitte-macron-at-the-center-of-a-controversy-bernard-montiel-intervenes-and-rekindles-the-debate\/\" \/>\n<meta property=\"og:site_name\" content=\"Fan site S\u00e9bastien Auzi\u00e8re\" \/>\n<meta property=\"article:published_time\" content=\"2026-04-26T19:02:37+00:00\" \/>\n<meta property=\"article:modified_time\" content=\"2026-04-26T19:03:07+00:00\" \/>\n<meta property=\"og:image\" content=\"https:\/\/www.sebastien-auziere.fr\/blog\/wp-content\/uploads\/2026\/04\/Brigitte-Macron-au-centre-dune-controverse-Bernard-Montiel-intervient-et-ravive-le-debat.jpg\" \/>\n\t<meta property=\"og:image:width\" content=\"2560\" \/>\n\t<meta property=\"og:image:height\" content=\"1429\" \/>\n\t<meta property=\"og:image:type\" content=\"image\/jpeg\" \/>\n<meta name=\"author\" content=\"Chloe Gauthier\" \/>\n<meta name=\"twitter:card\" content=\"summary_large_image\" \/>\n<meta name=\"twitter:label1\" content=\"\u00c9crit par\" \/>\n\t<meta name=\"twitter:data1\" content=\"Chloe Gauthier\" \/>\n\t<meta name=\"twitter:label2\" content=\"Dur\u00e9e de lecture estim\u00e9e\" \/>\n\t<meta name=\"twitter:data2\" content=\"2 minutes\" \/>\n<script type=\"application\/ld+json\" class=\"yoast-schema-graph\">{\"@context\":\"https:\\\/\\\/schema.org\",\"@graph\":[{\"@type\":\"Article\",\"@id\":\"https:\\\/\\\/www.sebastien-auziere.fr\\\/blog\\\/en\\\/brigitte-macron-at-the-center-of-a-controversy-bernard-montiel-intervenes-and-rekindles-the-debate\\\/#article\",\"isPartOf\":{\"@id\":\"https:\\\/\\\/www.sebastien-auziere.fr\\\/blog\\\/en\\\/brigitte-macron-at-the-center-of-a-controversy-bernard-montiel-intervenes-and-rekindles-the-debate\\\/\"},\"author\":{\"name\":\"Chloe Gauthier\",\"@id\":\"https:\\\/\\\/www.sebastien-auziere.fr\\\/blog\\\/#\\\/schema\\\/person\\\/149f1acdbfd85149c6c3e59adeae2f4d\"},\"headline\":\"Brigitte Macron at the center of a controversy, Bernard Montiel intervenes and rekindles the debate\",\"datePublished\":\"2026-04-26T19:02:37+00:00\",\"dateModified\":\"2026-04-26T19:03:07+00:00\",\"mainEntityOfPage\":{\"@id\":\"https:\\\/\\\/www.sebastien-auziere.fr\\\/blog\\\/en\\\/brigitte-macron-at-the-center-of-a-controversy-bernard-montiel-intervenes-and-rekindles-the-debate\\\/\"},\"wordCount\":455,\"commentCount\":0,\"publisher\":{\"@id\":\"https:\\\/\\\/www.sebastien-auziere.fr\\\/blog\\\/#organization\"},\"image\":{\"@id\":\"https:\\\/\\\/www.sebastien-auziere.fr\\\/blog\\\/en\\\/brigitte-macron-at-the-center-of-a-controversy-bernard-montiel-intervenes-and-rekindles-the-debate\\\/#primaryimage\"},\"thumbnailUrl\":\"https:\\\/\\\/www.sebastien-auziere.fr\\\/blog\\\/wp-content\\\/uploads\\\/2026\\\/04\\\/Brigitte-Macron-au-centre-dune-controverse-Bernard-Montiel-intervient-et-ravive-le-debat.jpg\",\"keywords\":[\"bernard montiel\",\"brigitte macron\",\"controversy\",\"debate\",\"political French\"],\"articleSection\":[\"News\"],\"inLanguage\":\"fr-FR\",\"potentialAction\":[{\"@type\":\"CommentAction\",\"name\":\"Comment\",\"target\":[\"https:\\\/\\\/www.sebastien-auziere.fr\\\/blog\\\/en\\\/brigitte-macron-at-the-center-of-a-controversy-bernard-montiel-intervenes-and-rekindles-the-debate\\\/#respond\"]}]},{\"@type\":\"WebPage\",\"@id\":\"https:\\\/\\\/www.sebastien-auziere.fr\\\/blog\\\/en\\\/brigitte-macron-at-the-center-of-a-controversy-bernard-montiel-intervenes-and-rekindles-the-debate\\\/\",\"url\":\"https:\\\/\\\/www.sebastien-auziere.fr\\\/blog\\\/en\\\/brigitte-macron-at-the-center-of-a-controversy-bernard-montiel-intervenes-and-rekindles-the-debate\\\/\",\"name\":\"Brigitte Macron at the center of a controversy, Bernard Montiel intervenes and rekindles the debate - Fan site S\u00e9bastien Auzi\u00e8re\",\"isPartOf\":{\"@id\":\"https:\\\/\\\/www.sebastien-auziere.fr\\\/blog\\\/#website\"},\"primaryImageOfPage\":{\"@id\":\"https:\\\/\\\/www.sebastien-auziere.fr\\\/blog\\\/en\\\/brigitte-macron-at-the-center-of-a-controversy-bernard-montiel-intervenes-and-rekindles-the-debate\\\/#primaryimage\"},\"image\":{\"@id\":\"https:\\\/\\\/www.sebastien-auziere.fr\\\/blog\\\/en\\\/brigitte-macron-at-the-center-of-a-controversy-bernard-montiel-intervenes-and-rekindles-the-debate\\\/#primaryimage\"},\"thumbnailUrl\":\"https:\\\/\\\/www.sebastien-auziere.fr\\\/blog\\\/wp-content\\\/uploads\\\/2026\\\/04\\\/Brigitte-Macron-au-centre-dune-controverse-Bernard-Montiel-intervient-et-ravive-le-debat.jpg\",\"datePublished\":\"2026-04-26T19:02:37+00:00\",\"dateModified\":\"2026-04-26T19:03:07+00:00\",\"description\":\"Brigitte Macron au c\u0153ur d'une controverse, Bernard Montiel intervient et relance le d\u00e9bat. D\u00e9couvrez les d\u00e9tails et r\u00e9actions.\",\"breadcrumb\":{\"@id\":\"https:\\\/\\\/www.sebastien-auziere.fr\\\/blog\\\/en\\\/brigitte-macron-at-the-center-of-a-controversy-bernard-montiel-intervenes-and-rekindles-the-debate\\\/#breadcrumb\"},\"inLanguage\":\"fr-FR\",\"potentialAction\":[{\"@type\":\"ReadAction\",\"target\":[\"https:\\\/\\\/www.sebastien-auziere.fr\\\/blog\\\/en\\\/brigitte-macron-at-the-center-of-a-controversy-bernard-montiel-intervenes-and-rekindles-the-debate\\\/\"]}]},{\"@type\":\"ImageObject\",\"inLanguage\":\"fr-FR\",\"@id\":\"https:\\\/\\\/www.sebastien-auziere.fr\\\/blog\\\/en\\\/brigitte-macron-at-the-center-of-a-controversy-bernard-montiel-intervenes-and-rekindles-the-debate\\\/#primaryimage\",\"url\":\"https:\\\/\\\/www.sebastien-auziere.fr\\\/blog\\\/wp-content\\\/uploads\\\/2026\\\/04\\\/Brigitte-Macron-au-centre-dune-controverse-Bernard-Montiel-intervient-et-ravive-le-debat.jpg\",\"contentUrl\":\"https:\\\/\\\/www.sebastien-auziere.fr\\\/blog\\\/wp-content\\\/uploads\\\/2026\\\/04\\\/Brigitte-Macron-au-centre-dune-controverse-Bernard-Montiel-intervient-et-ravive-le-debat.jpg\",\"width\":2560,\"height\":1429,\"caption\":\"d\u00e9couvrez comment bernard montiel relance le d\u00e9bat autour de brigitte macron, au c\u0153ur d'une nouvelle controverse.\"},{\"@type\":\"BreadcrumbList\",\"@id\":\"https:\\\/\\\/www.sebastien-auziere.fr\\\/blog\\\/en\\\/brigitte-macron-at-the-center-of-a-controversy-bernard-montiel-intervenes-and-rekindles-the-debate\\\/#breadcrumb\",\"itemListElement\":[{\"@type\":\"ListItem\",\"position\":1,\"name\":\"Home\",\"item\":\"https:\\\/\\\/www.sebastien-auziere.fr\\\/blog\\\/\"},{\"@type\":\"ListItem\",\"position\":2,\"name\":\"Brigitte Macron at the center of a controversy, Bernard Montiel intervenes and rekindles the debate\"}]},{\"@type\":\"WebSite\",\"@id\":\"https:\\\/\\\/www.sebastien-auziere.fr\\\/blog\\\/#website\",\"url\":\"https:\\\/\\\/www.sebastien-auziere.fr\\\/blog\\\/\",\"name\":\"Fan site S\u00e9bastien Auzi\u00e8re\",\"description\":\"M\u00e9dia g\u00e9n\u00e9raliste\",\"publisher\":{\"@id\":\"https:\\\/\\\/www.sebastien-auziere.fr\\\/blog\\\/#organization\"},\"potentialAction\":[{\"@type\":\"SearchAction\",\"target\":{\"@type\":\"EntryPoint\",\"urlTemplate\":\"https:\\\/\\\/www.sebastien-auziere.fr\\\/blog\\\/?s={search_term_string}\"},\"query-input\":{\"@type\":\"PropertyValueSpecification\",\"valueRequired\":true,\"valueName\":\"search_term_string\"}}],\"inLanguage\":\"fr-FR\"},{\"@type\":\"Organization\",\"@id\":\"https:\\\/\\\/www.sebastien-auziere.fr\\\/blog\\\/#organization\",\"name\":\"Fan site S\u00e9bastien Auzi\u00e8re\",\"url\":\"https:\\\/\\\/www.sebastien-auziere.fr\\\/blog\\\/\",\"logo\":{\"@type\":\"ImageObject\",\"inLanguage\":\"fr-FR\",\"@id\":\"https:\\\/\\\/www.sebastien-auziere.fr\\\/blog\\\/#\\\/schema\\\/logo\\\/image\\\/\",\"url\":\"https:\\\/\\\/www.sebastien-auziere.fr\\\/blog\\\/wp-content\\\/uploads\\\/2026\\\/03\\\/cropped-cropped-cropped-ChatGPT-Image-6-mars-2026-12_58_09-e1772798376794.jpg\",\"contentUrl\":\"https:\\\/\\\/www.sebastien-auziere.fr\\\/blog\\\/wp-content\\\/uploads\\\/2026\\\/03\\\/cropped-cropped-cropped-ChatGPT-Image-6-mars-2026-12_58_09-e1772798376794.jpg\",\"width\":512,\"height\":360,\"caption\":\"Fan site S\u00e9bastien Auzi\u00e8re\"},\"image\":{\"@id\":\"https:\\\/\\\/www.sebastien-auziere.fr\\\/blog\\\/#\\\/schema\\\/logo\\\/image\\\/\"}},{\"@type\":\"Person\",\"@id\":\"https:\\\/\\\/www.sebastien-auziere.fr\\\/blog\\\/#\\\/schema\\\/person\\\/149f1acdbfd85149c6c3e59adeae2f4d\",\"name\":\"Chloe Gauthier\",\"image\":{\"@type\":\"ImageObject\",\"inLanguage\":\"fr-FR\",\"@id\":\"https:\\\/\\\/secure.gravatar.com\\\/avatar\\\/2c5722f58171cff738a8985ef0dd66b476e563753246a49019befc837ec4201a?s=96&d=mm&r=g\",\"url\":\"https:\\\/\\\/secure.gravatar.com\\\/avatar\\\/2c5722f58171cff738a8985ef0dd66b476e563753246a49019befc837ec4201a?s=96&d=mm&r=g\",\"contentUrl\":\"https:\\\/\\\/secure.gravatar.com\\\/avatar\\\/2c5722f58171cff738a8985ef0dd66b476e563753246a49019befc837ec4201a?s=96&d=mm&r=g\",\"caption\":\"Chloe Gauthier\"},\"description\":\"Passionn\u00e9e par la politique et admiratrice engag\u00e9e de la famille Macron, je consacre mon \u00e9nergie \u00e0 suivre leurs initiatives et \u00e0 promouvoir leurs id\u00e9es. \u00c0 32 ans, je suis convaincue que leur vision est porteuse d'avenir.\",\"url\":\"https:\\\/\\\/www.sebastien-auziere.fr\\\/blog\\\/author\\\/chloe-gauthier\\\/\"}]}<\/script>\n<!-- \/ Yoast SEO plugin. -->","yoast_head_json":{"title":"Brigitte Macron at the center of a controversy, Bernard Montiel intervenes and rekindles the debate - Fan site S\u00e9bastien Auzi\u00e8re","description":"Brigitte Macron au c\u0153ur d'une controverse, Bernard Montiel intervient et relance le d\u00e9bat. D\u00e9couvrez les d\u00e9tails et r\u00e9actions.","robots":{"index":"index","follow":"follow","max-snippet":"max-snippet:-1","max-image-preview":"max-image-preview:large","max-video-preview":"max-video-preview:-1"},"canonical":"https:\/\/www.sebastien-auziere.fr\/blog\/en\/brigitte-macron-at-the-center-of-a-controversy-bernard-montiel-intervenes-and-rekindles-the-debate\/","og_locale":"fr_FR","og_type":"article","og_title":"Brigitte Macron at the center of a controversy, Bernard Montiel intervenes and rekindles the debate - Fan site S\u00e9bastien Auzi\u00e8re","og_description":"Brigitte Macron au c\u0153ur d'une controverse, Bernard Montiel intervient et relance le d\u00e9bat. D\u00e9couvrez les d\u00e9tails et r\u00e9actions.","og_url":"https:\/\/www.sebastien-auziere.fr\/blog\/en\/brigitte-macron-at-the-center-of-a-controversy-bernard-montiel-intervenes-and-rekindles-the-debate\/","og_site_name":"Fan site S\u00e9bastien Auzi\u00e8re","article_published_time":"2026-04-26T19:02:37+00:00","article_modified_time":"2026-04-26T19:03:07+00:00","og_image":[{"width":2560,"height":1429,"url":"https:\/\/www.sebastien-auziere.fr\/blog\/wp-content\/uploads\/2026\/04\/Brigitte-Macron-au-centre-dune-controverse-Bernard-Montiel-intervient-et-ravive-le-debat.jpg","type":"image\/jpeg"}],"author":"Chloe Gauthier","twitter_card":"summary_large_image","twitter_misc":{"\u00c9crit par":"Chloe Gauthier","Dur\u00e9e de lecture estim\u00e9e":"2 minutes"},"schema":{"@context":"https:\/\/schema.org","@graph":[{"@type":"Article","@id":"https:\/\/www.sebastien-auziere.fr\/blog\/en\/brigitte-macron-at-the-center-of-a-controversy-bernard-montiel-intervenes-and-rekindles-the-debate\/#article","isPartOf":{"@id":"https:\/\/www.sebastien-auziere.fr\/blog\/en\/brigitte-macron-at-the-center-of-a-controversy-bernard-montiel-intervenes-and-rekindles-the-debate\/"},"author":{"name":"Chloe Gauthier","@id":"https:\/\/www.sebastien-auziere.fr\/blog\/#\/schema\/person\/149f1acdbfd85149c6c3e59adeae2f4d"},"headline":"Brigitte Macron at the center of a controversy, Bernard Montiel intervenes and rekindles the debate","datePublished":"2026-04-26T19:02:37+00:00","dateModified":"2026-04-26T19:03:07+00:00","mainEntityOfPage":{"@id":"https:\/\/www.sebastien-auziere.fr\/blog\/en\/brigitte-macron-at-the-center-of-a-controversy-bernard-montiel-intervenes-and-rekindles-the-debate\/"},"wordCount":455,"commentCount":0,"publisher":{"@id":"https:\/\/www.sebastien-auziere.fr\/blog\/#organization"},"image":{"@id":"https:\/\/www.sebastien-auziere.fr\/blog\/en\/brigitte-macron-at-the-center-of-a-controversy-bernard-montiel-intervenes-and-rekindles-the-debate\/#primaryimage"},"thumbnailUrl":"https:\/\/www.sebastien-auziere.fr\/blog\/wp-content\/uploads\/2026\/04\/Brigitte-Macron-au-centre-dune-controverse-Bernard-Montiel-intervient-et-ravive-le-debat.jpg","keywords":["bernard montiel","brigitte macron","controversy","debate","political French"],"articleSection":["News"],"inLanguage":"fr-FR","potentialAction":[{"@type":"CommentAction","name":"Comment","target":["https:\/\/www.sebastien-auziere.fr\/blog\/en\/brigitte-macron-at-the-center-of-a-controversy-bernard-montiel-intervenes-and-rekindles-the-debate\/#respond"]}]},{"@type":"WebPage","@id":"https:\/\/www.sebastien-auziere.fr\/blog\/en\/brigitte-macron-at-the-center-of-a-controversy-bernard-montiel-intervenes-and-rekindles-the-debate\/","url":"https:\/\/www.sebastien-auziere.fr\/blog\/en\/brigitte-macron-at-the-center-of-a-controversy-bernard-montiel-intervenes-and-rekindles-the-debate\/","name":"Brigitte Macron at the center of a controversy, Bernard Montiel intervenes and rekindles the debate - Fan site S\u00e9bastien Auzi\u00e8re","isPartOf":{"@id":"https:\/\/www.sebastien-auziere.fr\/blog\/#website"},"primaryImageOfPage":{"@id":"https:\/\/www.sebastien-auziere.fr\/blog\/en\/brigitte-macron-at-the-center-of-a-controversy-bernard-montiel-intervenes-and-rekindles-the-debate\/#primaryimage"},"image":{"@id":"https:\/\/www.sebastien-auziere.fr\/blog\/en\/brigitte-macron-at-the-center-of-a-controversy-bernard-montiel-intervenes-and-rekindles-the-debate\/#primaryimage"},"thumbnailUrl":"https:\/\/www.sebastien-auziere.fr\/blog\/wp-content\/uploads\/2026\/04\/Brigitte-Macron-au-centre-dune-controverse-Bernard-Montiel-intervient-et-ravive-le-debat.jpg","datePublished":"2026-04-26T19:02:37+00:00","dateModified":"2026-04-26T19:03:07+00:00","description":"Brigitte Macron au c\u0153ur d'une controverse, Bernard Montiel intervient et relance le d\u00e9bat. D\u00e9couvrez les d\u00e9tails et r\u00e9actions.","breadcrumb":{"@id":"https:\/\/www.sebastien-auziere.fr\/blog\/en\/brigitte-macron-at-the-center-of-a-controversy-bernard-montiel-intervenes-and-rekindles-the-debate\/#breadcrumb"},"inLanguage":"fr-FR","potentialAction":[{"@type":"ReadAction","target":["https:\/\/www.sebastien-auziere.fr\/blog\/en\/brigitte-macron-at-the-center-of-a-controversy-bernard-montiel-intervenes-and-rekindles-the-debate\/"]}]},{"@type":"ImageObject","inLanguage":"fr-FR","@id":"https:\/\/www.sebastien-auziere.fr\/blog\/en\/brigitte-macron-at-the-center-of-a-controversy-bernard-montiel-intervenes-and-rekindles-the-debate\/#primaryimage","url":"https:\/\/www.sebastien-auziere.fr\/blog\/wp-content\/uploads\/2026\/04\/Brigitte-Macron-au-centre-dune-controverse-Bernard-Montiel-intervient-et-ravive-le-debat.jpg","contentUrl":"https:\/\/www.sebastien-auziere.fr\/blog\/wp-content\/uploads\/2026\/04\/Brigitte-Macron-au-centre-dune-controverse-Bernard-Montiel-intervient-et-ravive-le-debat.jpg","width":2560,"height":1429,"caption":"d\u00e9couvrez comment bernard montiel relance le d\u00e9bat autour de brigitte macron, au c\u0153ur d'une nouvelle controverse."},{"@type":"BreadcrumbList","@id":"https:\/\/www.sebastien-auziere.fr\/blog\/en\/brigitte-macron-at-the-center-of-a-controversy-bernard-montiel-intervenes-and-rekindles-the-debate\/#breadcrumb","itemListElement":[{"@type":"ListItem","position":1,"name":"Home","item":"https:\/\/www.sebastien-auziere.fr\/blog\/"},{"@type":"ListItem","position":2,"name":"Brigitte Macron at the center of a controversy, Bernard Montiel intervenes and rekindles the debate"}]},{"@type":"WebSite","@id":"https:\/\/www.sebastien-auziere.fr\/blog\/#website","url":"https:\/\/www.sebastien-auziere.fr\/blog\/","name":"Fan site S\u00e9bastien Auzi\u00e8re","description":"M\u00e9dia g\u00e9n\u00e9raliste","publisher":{"@id":"https:\/\/www.sebastien-auziere.fr\/blog\/#organization"},"potentialAction":[{"@type":"SearchAction","target":{"@type":"EntryPoint","urlTemplate":"https:\/\/www.sebastien-auziere.fr\/blog\/?s={search_term_string}"},"query-input":{"@type":"PropertyValueSpecification","valueRequired":true,"valueName":"search_term_string"}}],"inLanguage":"fr-FR"},{"@type":"Organization","@id":"https:\/\/www.sebastien-auziere.fr\/blog\/#organization","name":"Fan site S\u00e9bastien Auzi\u00e8re","url":"https:\/\/www.sebastien-auziere.fr\/blog\/","logo":{"@type":"ImageObject","inLanguage":"fr-FR","@id":"https:\/\/www.sebastien-auziere.fr\/blog\/#\/schema\/logo\/image\/","url":"https:\/\/www.sebastien-auziere.fr\/blog\/wp-content\/uploads\/2026\/03\/cropped-cropped-cropped-ChatGPT-Image-6-mars-2026-12_58_09-e1772798376794.jpg","contentUrl":"https:\/\/www.sebastien-auziere.fr\/blog\/wp-content\/uploads\/2026\/03\/cropped-cropped-cropped-ChatGPT-Image-6-mars-2026-12_58_09-e1772798376794.jpg","width":512,"height":360,"caption":"Fan site S\u00e9bastien Auzi\u00e8re"},"image":{"@id":"https:\/\/www.sebastien-auziere.fr\/blog\/#\/schema\/logo\/image\/"}},{"@type":"Person","@id":"https:\/\/www.sebastien-auziere.fr\/blog\/#\/schema\/person\/149f1acdbfd85149c6c3e59adeae2f4d","name":"Chloe Gauthier","image":{"@type":"ImageObject","inLanguage":"fr-FR","@id":"https:\/\/secure.gravatar.com\/avatar\/2c5722f58171cff738a8985ef0dd66b476e563753246a49019befc837ec4201a?s=96&d=mm&r=g","url":"https:\/\/secure.gravatar.com\/avatar\/2c5722f58171cff738a8985ef0dd66b476e563753246a49019befc837ec4201a?s=96&d=mm&r=g","contentUrl":"https:\/\/secure.gravatar.com\/avatar\/2c5722f58171cff738a8985ef0dd66b476e563753246a49019befc837ec4201a?s=96&d=mm&r=g","caption":"Chloe Gauthier"},"description":"Passionn\u00e9e par la politique et admiratrice engag\u00e9e de la famille Macron, je consacre mon \u00e9nergie \u00e0 suivre leurs initiatives et \u00e0 promouvoir leurs id\u00e9es. \u00c0 32 ans, je suis convaincue que leur vision est porteuse d'avenir.","url":"https:\/\/www.sebastien-auziere.fr\/blog\/author\/chloe-gauthier\/"}]}},"views":0,"_links":{"self":[{"href":"https:\/\/www.sebastien-auziere.fr\/blog\/wp-json\/wp\/v2\/posts\/3356","targetHints":{"allow":["GET"]}}],"collection":[{"href":"https:\/\/www.sebastien-auziere.fr\/blog\/wp-json\/wp\/v2\/posts"}],"about":[{"href":"https:\/\/www.sebastien-auziere.fr\/blog\/wp-json\/wp\/v2\/types\/post"}],"author":[{"embeddable":true,"href":"https:\/\/www.sebastien-auziere.fr\/blog\/wp-json\/wp\/v2\/users\/9"}],"replies":[{"embeddable":true,"href":"https:\/\/www.sebastien-auziere.fr\/blog\/wp-json\/wp\/v2\/comments?post=3356"}],"version-history":[{"count":1,"href":"https:\/\/www.sebastien-auziere.fr\/blog\/wp-json\/wp\/v2\/posts\/3356\/revisions"}],"predecessor-version":[{"id":3357,"href":"https:\/\/www.sebastien-auziere.fr\/blog\/wp-json\/wp\/v2\/posts\/3356\/revisions\/3357"}],"wp:featuredmedia":[{"embeddable":true,"href":"https:\/\/www.sebastien-auziere.fr\/blog\/wp-json\/wp\/v2\/media\/3354"}],"wp:attachment":[{"href":"https:\/\/www.sebastien-auziere.fr\/blog\/wp-json\/wp\/v2\/media?parent=3356"}],"wp:term":[{"taxonomy":"category","embeddable":true,"href":"https:\/\/www.sebastien-auziere.fr\/blog\/wp-json\/wp\/v2\/categories?post=3356"},{"taxonomy":"post_tag","embeddable":true,"href":"https:\/\/www.sebastien-auziere.fr\/blog\/wp-json\/wp\/v2\/tags?post=3356"}],"curies":[{"name":"wp","href":"https:\/\/api.w.org\/{rel}","templated":true}]}}