{"id":3355,"date":"2026-04-26T19:02:25","date_gmt":"2026-04-26T19:02:25","guid":{"rendered":"https:\/\/www.sebastien-auziere.fr\/blog\/brigitte-macron-controverse\/"},"modified":"2026-04-26T19:02:25","modified_gmt":"2026-04-26T19:02:25","slug":"brigitte-macron-controverse","status":"publish","type":"post","link":"https:\/\/www.sebastien-auziere.fr\/blog\/brigitte-macron-controverse\/","title":{"rendered":"Brigitte Macron au centre d&rsquo;une controverse, Bernard Montiel intervient et ravive le d\u00e9bat"},"content":{"rendered":"<p><strong>Brigitte Macron<\/strong> se retrouve de nouveau sous les projecteurs apr\u00e8s la diffusion d&rsquo;une vid\u00e9o en coulisses fin 2025 et ses excuses au <strong>20 heures de TF1<\/strong>. La sortie qualifi\u00e9e de \u00ab\u00a0<strong>sales connes<\/strong>\u00a0\u00bb a relanc\u00e9 une vive <strong>controverse<\/strong> entre militantes #MeToo et soutiens du couple pr\u00e9sidentiel, et l&rsquo;intervention publique de <strong>Bernard Montiel<\/strong> a imm\u00e9diatement raviv\u00e9 le <strong>d\u00e9bat<\/strong>.<\/p>\n\n<p><strong>En bref :<\/strong> la vid\u00e9o tourn\u00e9e aux Folies Berg\u00e8re en d\u00e9cembre 2025, la mise en ligne puis le retrait du magazine Public, les excuses publiques de la Premi\u00e8re dame et la prise de parole de Bernard Montiel sur RTL le 25 avril 2026 ont amplifi\u00e9 la <strong>m\u00e9diatisation<\/strong> et les divisions dans la <strong>soci\u00e9t\u00e9<\/strong>.<\/p>\n\n<h2 class=\"wp-block-heading\">Brigitte Macron et la vid\u00e9o des \u00ab\u00a0sales connes\u00a0\u00bb : rappel des faits<\/h2>\n\n<p>Les faits remontent \u00e0 d\u00e9cembre 2025 : une vid\u00e9o tourn\u00e9e en coulisses d\u2019un spectacle d\u2019Ary Abittan montre des propos de <strong>Brigitte Macron<\/strong> jug\u00e9s insultants par plusieurs collectifs. La diffusion par Public, relay\u00e9e puis supprim\u00e9e, a provoqu\u00e9 des r\u00e9actions de collectifs comme <strong>#NousToutes<\/strong> et des syndicats. Face \u00e0 la pol\u00e9mique, la Premi\u00e8re dame a pr\u00e9sent\u00e9 des excuses au <strong>20 heures<\/strong>, reconnaissant avoir commis un d\u00e9rapage regrettable.<\/p>\n\n<h2 class=\"wp-block-heading\">Bernard Montiel d\u00e9fend Brigitte Macron et attaque les f\u00e9ministes<\/h2>\n\n<p>Invit\u00e9 sur RTL le 25 avril 2026, <strong>Bernard Montiel<\/strong> a assur\u00e9 avoir conseill\u00e9 \u00e0 la Premi\u00e8re dame de ne pas se rendre au spectacle et a qualifi\u00e9 la sc\u00e8ne de priv\u00e9e. Il a critiqu\u00e9 la r\u00e9action de certains mouvements f\u00e9ministes, d\u00e9clarant ne pas avoir vu de d\u00e9fense publique de Mme Macron, et a r\u00e9cus\u00e9 les rumeurs de piston pour son retour m\u00e9diatique. Son intervention a relanc\u00e9 le <strong>d\u00e9bat politique<\/strong> sur la port\u00e9e des propos tenus en priv\u00e9.<\/p>\n\n<h3 class=\"wp-block-heading\">R\u00e9actions publiques et enjeux pour l&rsquo;opinion<\/h3>\n\n<p>La pol\u00e9mique a pos\u00e9 la question de la fronti\u00e8re entre sph\u00e8re priv\u00e9e et responsabilit\u00e9s publiques. Des communiqu\u00e9s de Solidaires et d&rsquo;autres collectifs ont condamn\u00e9 les propos comme \u00ab\u00a0gravissimes\u00a0\u00bb, tandis que les partisans \u00e9voquent la n\u00e9cessit\u00e9 de contextualiser l&rsquo;incident. La m\u00e9diatisation a \u00e9galement relanc\u00e9 les rumeurs sur les relations d&rsquo;influence autour du couple pr\u00e9sidentiel, rumeurs que Montiel a fermement rejet\u00e9es en plateau.<\/p>\n\n<h2 class=\"wp-block-heading\">Cons\u00e9quences et suite m\u00e9diatique de la controverse<\/h2>\n\n<p>Sur le plan m\u00e9diatique, l&rsquo;affaire a d\u00e9clench\u00e9 articles, d\u00e9bats t\u00e9l\u00e9vis\u00e9s et cascades de reprises internationales, notamment apr\u00e8s un titre du New York Post relayant des \u00e9l\u00e9ments biographiques. L&rsquo;affaire a aussi mis en lumi\u00e8re les tensions entre libert\u00e9 d&rsquo;expression et respect des luttes f\u00e9ministes, dessinant un clivage dans l&rsquo;opinion publique et parmi les commentateurs. L&rsquo;intervention de personnalit\u00e9s comme Montiel alimente la discussion sur la <strong>m\u00e9diatisation<\/strong> des rapports priv\u00e9s.<\/p>\n\n<p>Pour en savoir plus sur <strong>Brigitte Macron<\/strong>, le r\u00f4le public du couple et les liens avec leur entourage, d\u00e9couvre des articles d\u00e9taill\u00e9s et des chroniques sur <a href=\"https:\/\/www.sebastien-auziere.fr\/blog\/brigitte-macron-et-emmanuel-macron\/\" rel=\"nofollow\">Brigitte et Emmanuel Macron<\/a> et sur les prises de parole publiques dans la presse sur <a href=\"https:\/\/www.sebastien-auziere.fr\/blog\/macron-rep-accusations-trump\/\" rel=\"nofollow\">les r\u00e9actions politiques r\u00e9centes<\/a>. Visite <a href=\"https:\/\/www.sebastien-auziere.fr\/blog\/macron-sortie-baskets\/\" rel=\"nofollow\">sebastien-auziere.fr<\/a> pour un dossier complet et des archives sur la famille Macron et les enjeux d&rsquo;actualit\u00e9.<\/p>\n\n","protected":false},"excerpt":{"rendered":"<p>Brigitte Macron se retrouve de nouveau sous les projecteurs apr\u00e8s la diffusion d&rsquo;une vid\u00e9o en coulisses fin 2025 et ses excuses au 20 heures de TF1. La sortie qualifi\u00e9e de \u00ab\u00a0sales connes\u00a0\u00bb a relanc\u00e9 une vive controverse entre militantes #MeToo et soutiens du couple pr\u00e9sidentiel, et l&rsquo;intervention publique de Bernard Montiel a imm\u00e9diatement raviv\u00e9 le &#8230; <a title=\"Brigitte Macron au centre d&rsquo;une controverse, Bernard Montiel intervient et ravive le d\u00e9bat\" class=\"read-more\" href=\"https:\/\/www.sebastien-auziere.fr\/blog\/brigitte-macron-controverse\/\" aria-label=\"En savoir plus sur Brigitte Macron au centre d&rsquo;une controverse, Bernard Montiel intervient et ravive le d\u00e9bat\">Lire plus<\/a><\/p>\n","protected":false},"author":9,"featured_media":3354,"comment_status":"open","ping_status":"open","sticky":false,"template":"","format":"standard","meta":{"footnotes":""},"categories":[597],"tags":[4446,892,4444,4448,1954],"class_list":["post-3355","post","type-post","status-publish","format-standard","has-post-thumbnail","hentry","category-actualites","tag-bernard-montiel","tag-brigitte-macron","tag-controverse","tag-debat","tag-politique-francaise"],"yoast_head":"<!-- This site is optimized with the Yoast SEO plugin v27.5 - https:\/\/yoast.com\/product\/yoast-seo-wordpress\/ -->\n<title>Brigitte Macron au centre d&#039;une controverse, Bernard Montiel intervient et ravive le d\u00e9bat - Fan site S\u00e9bastien Auzi\u00e8re<\/title>\n<meta name=\"description\" content=\"Brigitte Macron au c\u0153ur d&#039;une controverse, Bernard Montiel intervient et relance le d\u00e9bat. D\u00e9couvrez les d\u00e9tails et r\u00e9actions.\" \/>\n<meta name=\"robots\" content=\"index, follow, max-snippet:-1, max-image-preview:large, max-video-preview:-1\" \/>\n<link rel=\"canonical\" href=\"https:\/\/www.sebastien-auziere.fr\/blog\/brigitte-macron-controverse\/\" \/>\n<meta property=\"og:locale\" content=\"fr_FR\" \/>\n<meta property=\"og:type\" content=\"article\" \/>\n<meta property=\"og:title\" content=\"Brigitte Macron au centre d&#039;une controverse, Bernard Montiel intervient et ravive le d\u00e9bat - Fan site S\u00e9bastien Auzi\u00e8re\" \/>\n<meta property=\"og:description\" content=\"Brigitte Macron au c\u0153ur d&#039;une controverse, Bernard Montiel intervient et relance le d\u00e9bat. D\u00e9couvrez les d\u00e9tails et r\u00e9actions.\" \/>\n<meta property=\"og:url\" content=\"https:\/\/www.sebastien-auziere.fr\/blog\/brigitte-macron-controverse\/\" \/>\n<meta property=\"og:site_name\" content=\"Fan site S\u00e9bastien Auzi\u00e8re\" \/>\n<meta property=\"article:published_time\" content=\"2026-04-26T19:02:25+00:00\" \/>\n<meta property=\"og:image\" content=\"https:\/\/www.sebastien-auziere.fr\/blog\/wp-content\/uploads\/2026\/04\/Brigitte-Macron-au-centre-dune-controverse-Bernard-Montiel-intervient-et-ravive-le-debat.jpg\" \/>\n\t<meta property=\"og:image:width\" content=\"2560\" \/>\n\t<meta property=\"og:image:height\" content=\"1429\" \/>\n\t<meta property=\"og:image:type\" content=\"image\/jpeg\" \/>\n<meta name=\"author\" content=\"Chloe Gauthier\" \/>\n<meta name=\"twitter:card\" content=\"summary_large_image\" \/>\n<meta name=\"twitter:label1\" content=\"\u00c9crit par\" \/>\n\t<meta name=\"twitter:data1\" content=\"Chloe Gauthier\" \/>\n\t<meta name=\"twitter:label2\" content=\"Dur\u00e9e de lecture estim\u00e9e\" \/>\n\t<meta name=\"twitter:data2\" content=\"3 minutes\" \/>\n<script type=\"application\/ld+json\" class=\"yoast-schema-graph\">{\"@context\":\"https:\\\/\\\/schema.org\",\"@graph\":[{\"@type\":\"Article\",\"@id\":\"https:\\\/\\\/www.sebastien-auziere.fr\\\/blog\\\/brigitte-macron-controverse\\\/#article\",\"isPartOf\":{\"@id\":\"https:\\\/\\\/www.sebastien-auziere.fr\\\/blog\\\/brigitte-macron-controverse\\\/\"},\"author\":{\"name\":\"Chloe Gauthier\",\"@id\":\"https:\\\/\\\/www.sebastien-auziere.fr\\\/blog\\\/#\\\/schema\\\/person\\\/149f1acdbfd85149c6c3e59adeae2f4d\"},\"headline\":\"Brigitte Macron au centre d&rsquo;une controverse, Bernard Montiel intervient et ravive le d\u00e9bat\",\"datePublished\":\"2026-04-26T19:02:25+00:00\",\"mainEntityOfPage\":{\"@id\":\"https:\\\/\\\/www.sebastien-auziere.fr\\\/blog\\\/brigitte-macron-controverse\\\/\"},\"wordCount\":547,\"commentCount\":0,\"publisher\":{\"@id\":\"https:\\\/\\\/www.sebastien-auziere.fr\\\/blog\\\/#organization\"},\"image\":{\"@id\":\"https:\\\/\\\/www.sebastien-auziere.fr\\\/blog\\\/brigitte-macron-controverse\\\/#primaryimage\"},\"thumbnailUrl\":\"https:\\\/\\\/www.sebastien-auziere.fr\\\/blog\\\/wp-content\\\/uploads\\\/2026\\\/04\\\/Brigitte-Macron-au-centre-dune-controverse-Bernard-Montiel-intervient-et-ravive-le-debat.jpg\",\"keywords\":[\"bernard montiel\",\"brigitte macron\",\"controverse\",\"d\u00e9bat\",\"politique fran\u00e7aise\"],\"articleSection\":[\"Actualit\u00e9s\"],\"inLanguage\":\"fr-FR\",\"potentialAction\":[{\"@type\":\"CommentAction\",\"name\":\"Comment\",\"target\":[\"https:\\\/\\\/www.sebastien-auziere.fr\\\/blog\\\/brigitte-macron-controverse\\\/#respond\"]}]},{\"@type\":\"WebPage\",\"@id\":\"https:\\\/\\\/www.sebastien-auziere.fr\\\/blog\\\/brigitte-macron-controverse\\\/\",\"url\":\"https:\\\/\\\/www.sebastien-auziere.fr\\\/blog\\\/brigitte-macron-controverse\\\/\",\"name\":\"Brigitte Macron au centre d'une controverse, Bernard Montiel intervient et ravive le d\u00e9bat - Fan site S\u00e9bastien Auzi\u00e8re\",\"isPartOf\":{\"@id\":\"https:\\\/\\\/www.sebastien-auziere.fr\\\/blog\\\/#website\"},\"primaryImageOfPage\":{\"@id\":\"https:\\\/\\\/www.sebastien-auziere.fr\\\/blog\\\/brigitte-macron-controverse\\\/#primaryimage\"},\"image\":{\"@id\":\"https:\\\/\\\/www.sebastien-auziere.fr\\\/blog\\\/brigitte-macron-controverse\\\/#primaryimage\"},\"thumbnailUrl\":\"https:\\\/\\\/www.sebastien-auziere.fr\\\/blog\\\/wp-content\\\/uploads\\\/2026\\\/04\\\/Brigitte-Macron-au-centre-dune-controverse-Bernard-Montiel-intervient-et-ravive-le-debat.jpg\",\"datePublished\":\"2026-04-26T19:02:25+00:00\",\"description\":\"Brigitte Macron au c\u0153ur d'une controverse, Bernard Montiel intervient et relance le d\u00e9bat. D\u00e9couvrez les d\u00e9tails et r\u00e9actions.\",\"breadcrumb\":{\"@id\":\"https:\\\/\\\/www.sebastien-auziere.fr\\\/blog\\\/brigitte-macron-controverse\\\/#breadcrumb\"},\"inLanguage\":\"fr-FR\",\"potentialAction\":[{\"@type\":\"ReadAction\",\"target\":[\"https:\\\/\\\/www.sebastien-auziere.fr\\\/blog\\\/brigitte-macron-controverse\\\/\"]}]},{\"@type\":\"ImageObject\",\"inLanguage\":\"fr-FR\",\"@id\":\"https:\\\/\\\/www.sebastien-auziere.fr\\\/blog\\\/brigitte-macron-controverse\\\/#primaryimage\",\"url\":\"https:\\\/\\\/www.sebastien-auziere.fr\\\/blog\\\/wp-content\\\/uploads\\\/2026\\\/04\\\/Brigitte-Macron-au-centre-dune-controverse-Bernard-Montiel-intervient-et-ravive-le-debat.jpg\",\"contentUrl\":\"https:\\\/\\\/www.sebastien-auziere.fr\\\/blog\\\/wp-content\\\/uploads\\\/2026\\\/04\\\/Brigitte-Macron-au-centre-dune-controverse-Bernard-Montiel-intervient-et-ravive-le-debat.jpg\",\"width\":2560,\"height\":1429,\"caption\":\"d\u00e9couvrez comment bernard montiel relance le d\u00e9bat autour de brigitte macron, au c\u0153ur d'une nouvelle controverse.\"},{\"@type\":\"BreadcrumbList\",\"@id\":\"https:\\\/\\\/www.sebastien-auziere.fr\\\/blog\\\/brigitte-macron-controverse\\\/#breadcrumb\",\"itemListElement\":[{\"@type\":\"ListItem\",\"position\":1,\"name\":\"Home\",\"item\":\"https:\\\/\\\/www.sebastien-auziere.fr\\\/blog\\\/\"},{\"@type\":\"ListItem\",\"position\":2,\"name\":\"Brigitte Macron au centre d&rsquo;une controverse, Bernard Montiel intervient et ravive le d\u00e9bat\"}]},{\"@type\":\"WebSite\",\"@id\":\"https:\\\/\\\/www.sebastien-auziere.fr\\\/blog\\\/#website\",\"url\":\"https:\\\/\\\/www.sebastien-auziere.fr\\\/blog\\\/\",\"name\":\"Fan site S\u00e9bastien Auzi\u00e8re\",\"description\":\"M\u00e9dia g\u00e9n\u00e9raliste\",\"publisher\":{\"@id\":\"https:\\\/\\\/www.sebastien-auziere.fr\\\/blog\\\/#organization\"},\"potentialAction\":[{\"@type\":\"SearchAction\",\"target\":{\"@type\":\"EntryPoint\",\"urlTemplate\":\"https:\\\/\\\/www.sebastien-auziere.fr\\\/blog\\\/?s={search_term_string}\"},\"query-input\":{\"@type\":\"PropertyValueSpecification\",\"valueRequired\":true,\"valueName\":\"search_term_string\"}}],\"inLanguage\":\"fr-FR\"},{\"@type\":\"Organization\",\"@id\":\"https:\\\/\\\/www.sebastien-auziere.fr\\\/blog\\\/#organization\",\"name\":\"Fan site S\u00e9bastien Auzi\u00e8re\",\"url\":\"https:\\\/\\\/www.sebastien-auziere.fr\\\/blog\\\/\",\"logo\":{\"@type\":\"ImageObject\",\"inLanguage\":\"fr-FR\",\"@id\":\"https:\\\/\\\/www.sebastien-auziere.fr\\\/blog\\\/#\\\/schema\\\/logo\\\/image\\\/\",\"url\":\"https:\\\/\\\/www.sebastien-auziere.fr\\\/blog\\\/wp-content\\\/uploads\\\/2026\\\/03\\\/cropped-cropped-cropped-ChatGPT-Image-6-mars-2026-12_58_09-e1772798376794.jpg\",\"contentUrl\":\"https:\\\/\\\/www.sebastien-auziere.fr\\\/blog\\\/wp-content\\\/uploads\\\/2026\\\/03\\\/cropped-cropped-cropped-ChatGPT-Image-6-mars-2026-12_58_09-e1772798376794.jpg\",\"width\":512,\"height\":360,\"caption\":\"Fan site S\u00e9bastien Auzi\u00e8re\"},\"image\":{\"@id\":\"https:\\\/\\\/www.sebastien-auziere.fr\\\/blog\\\/#\\\/schema\\\/logo\\\/image\\\/\"}},{\"@type\":\"Person\",\"@id\":\"https:\\\/\\\/www.sebastien-auziere.fr\\\/blog\\\/#\\\/schema\\\/person\\\/149f1acdbfd85149c6c3e59adeae2f4d\",\"name\":\"Chloe Gauthier\",\"image\":{\"@type\":\"ImageObject\",\"inLanguage\":\"fr-FR\",\"@id\":\"https:\\\/\\\/secure.gravatar.com\\\/avatar\\\/2c5722f58171cff738a8985ef0dd66b476e563753246a49019befc837ec4201a?s=96&d=mm&r=g\",\"url\":\"https:\\\/\\\/secure.gravatar.com\\\/avatar\\\/2c5722f58171cff738a8985ef0dd66b476e563753246a49019befc837ec4201a?s=96&d=mm&r=g\",\"contentUrl\":\"https:\\\/\\\/secure.gravatar.com\\\/avatar\\\/2c5722f58171cff738a8985ef0dd66b476e563753246a49019befc837ec4201a?s=96&d=mm&r=g\",\"caption\":\"Chloe Gauthier\"},\"description\":\"Passionn\u00e9e par la politique et admiratrice engag\u00e9e de la famille Macron, je consacre mon \u00e9nergie \u00e0 suivre leurs initiatives et \u00e0 promouvoir leurs id\u00e9es. \u00c0 32 ans, je suis convaincue que leur vision est porteuse d'avenir.\",\"url\":\"https:\\\/\\\/www.sebastien-auziere.fr\\\/blog\\\/author\\\/chloe-gauthier\\\/\"}]}<\/script>\n<!-- \/ Yoast SEO plugin. -->","yoast_head_json":{"title":"Brigitte Macron au centre d'une controverse, Bernard Montiel intervient et ravive le d\u00e9bat - Fan site S\u00e9bastien Auzi\u00e8re","description":"Brigitte Macron au c\u0153ur d'une controverse, Bernard Montiel intervient et relance le d\u00e9bat. D\u00e9couvrez les d\u00e9tails et r\u00e9actions.","robots":{"index":"index","follow":"follow","max-snippet":"max-snippet:-1","max-image-preview":"max-image-preview:large","max-video-preview":"max-video-preview:-1"},"canonical":"https:\/\/www.sebastien-auziere.fr\/blog\/brigitte-macron-controverse\/","og_locale":"fr_FR","og_type":"article","og_title":"Brigitte Macron au centre d'une controverse, Bernard Montiel intervient et ravive le d\u00e9bat - Fan site S\u00e9bastien Auzi\u00e8re","og_description":"Brigitte Macron au c\u0153ur d'une controverse, Bernard Montiel intervient et relance le d\u00e9bat. D\u00e9couvrez les d\u00e9tails et r\u00e9actions.","og_url":"https:\/\/www.sebastien-auziere.fr\/blog\/brigitte-macron-controverse\/","og_site_name":"Fan site S\u00e9bastien Auzi\u00e8re","article_published_time":"2026-04-26T19:02:25+00:00","og_image":[{"width":2560,"height":1429,"url":"https:\/\/www.sebastien-auziere.fr\/blog\/wp-content\/uploads\/2026\/04\/Brigitte-Macron-au-centre-dune-controverse-Bernard-Montiel-intervient-et-ravive-le-debat.jpg","type":"image\/jpeg"}],"author":"Chloe Gauthier","twitter_card":"summary_large_image","twitter_misc":{"\u00c9crit par":"Chloe Gauthier","Dur\u00e9e de lecture estim\u00e9e":"3 minutes"},"schema":{"@context":"https:\/\/schema.org","@graph":[{"@type":"Article","@id":"https:\/\/www.sebastien-auziere.fr\/blog\/brigitte-macron-controverse\/#article","isPartOf":{"@id":"https:\/\/www.sebastien-auziere.fr\/blog\/brigitte-macron-controverse\/"},"author":{"name":"Chloe Gauthier","@id":"https:\/\/www.sebastien-auziere.fr\/blog\/#\/schema\/person\/149f1acdbfd85149c6c3e59adeae2f4d"},"headline":"Brigitte Macron au centre d&rsquo;une controverse, Bernard Montiel intervient et ravive le d\u00e9bat","datePublished":"2026-04-26T19:02:25+00:00","mainEntityOfPage":{"@id":"https:\/\/www.sebastien-auziere.fr\/blog\/brigitte-macron-controverse\/"},"wordCount":547,"commentCount":0,"publisher":{"@id":"https:\/\/www.sebastien-auziere.fr\/blog\/#organization"},"image":{"@id":"https:\/\/www.sebastien-auziere.fr\/blog\/brigitte-macron-controverse\/#primaryimage"},"thumbnailUrl":"https:\/\/www.sebastien-auziere.fr\/blog\/wp-content\/uploads\/2026\/04\/Brigitte-Macron-au-centre-dune-controverse-Bernard-Montiel-intervient-et-ravive-le-debat.jpg","keywords":["bernard montiel","brigitte macron","controverse","d\u00e9bat","politique fran\u00e7aise"],"articleSection":["Actualit\u00e9s"],"inLanguage":"fr-FR","potentialAction":[{"@type":"CommentAction","name":"Comment","target":["https:\/\/www.sebastien-auziere.fr\/blog\/brigitte-macron-controverse\/#respond"]}]},{"@type":"WebPage","@id":"https:\/\/www.sebastien-auziere.fr\/blog\/brigitte-macron-controverse\/","url":"https:\/\/www.sebastien-auziere.fr\/blog\/brigitte-macron-controverse\/","name":"Brigitte Macron au centre d'une controverse, Bernard Montiel intervient et ravive le d\u00e9bat - Fan site S\u00e9bastien Auzi\u00e8re","isPartOf":{"@id":"https:\/\/www.sebastien-auziere.fr\/blog\/#website"},"primaryImageOfPage":{"@id":"https:\/\/www.sebastien-auziere.fr\/blog\/brigitte-macron-controverse\/#primaryimage"},"image":{"@id":"https:\/\/www.sebastien-auziere.fr\/blog\/brigitte-macron-controverse\/#primaryimage"},"thumbnailUrl":"https:\/\/www.sebastien-auziere.fr\/blog\/wp-content\/uploads\/2026\/04\/Brigitte-Macron-au-centre-dune-controverse-Bernard-Montiel-intervient-et-ravive-le-debat.jpg","datePublished":"2026-04-26T19:02:25+00:00","description":"Brigitte Macron au c\u0153ur d'une controverse, Bernard Montiel intervient et relance le d\u00e9bat. D\u00e9couvrez les d\u00e9tails et r\u00e9actions.","breadcrumb":{"@id":"https:\/\/www.sebastien-auziere.fr\/blog\/brigitte-macron-controverse\/#breadcrumb"},"inLanguage":"fr-FR","potentialAction":[{"@type":"ReadAction","target":["https:\/\/www.sebastien-auziere.fr\/blog\/brigitte-macron-controverse\/"]}]},{"@type":"ImageObject","inLanguage":"fr-FR","@id":"https:\/\/www.sebastien-auziere.fr\/blog\/brigitte-macron-controverse\/#primaryimage","url":"https:\/\/www.sebastien-auziere.fr\/blog\/wp-content\/uploads\/2026\/04\/Brigitte-Macron-au-centre-dune-controverse-Bernard-Montiel-intervient-et-ravive-le-debat.jpg","contentUrl":"https:\/\/www.sebastien-auziere.fr\/blog\/wp-content\/uploads\/2026\/04\/Brigitte-Macron-au-centre-dune-controverse-Bernard-Montiel-intervient-et-ravive-le-debat.jpg","width":2560,"height":1429,"caption":"d\u00e9couvrez comment bernard montiel relance le d\u00e9bat autour de brigitte macron, au c\u0153ur d'une nouvelle controverse."},{"@type":"BreadcrumbList","@id":"https:\/\/www.sebastien-auziere.fr\/blog\/brigitte-macron-controverse\/#breadcrumb","itemListElement":[{"@type":"ListItem","position":1,"name":"Home","item":"https:\/\/www.sebastien-auziere.fr\/blog\/"},{"@type":"ListItem","position":2,"name":"Brigitte Macron au centre d&rsquo;une controverse, Bernard Montiel intervient et ravive le d\u00e9bat"}]},{"@type":"WebSite","@id":"https:\/\/www.sebastien-auziere.fr\/blog\/#website","url":"https:\/\/www.sebastien-auziere.fr\/blog\/","name":"Fan site S\u00e9bastien Auzi\u00e8re","description":"M\u00e9dia g\u00e9n\u00e9raliste","publisher":{"@id":"https:\/\/www.sebastien-auziere.fr\/blog\/#organization"},"potentialAction":[{"@type":"SearchAction","target":{"@type":"EntryPoint","urlTemplate":"https:\/\/www.sebastien-auziere.fr\/blog\/?s={search_term_string}"},"query-input":{"@type":"PropertyValueSpecification","valueRequired":true,"valueName":"search_term_string"}}],"inLanguage":"fr-FR"},{"@type":"Organization","@id":"https:\/\/www.sebastien-auziere.fr\/blog\/#organization","name":"Fan site S\u00e9bastien Auzi\u00e8re","url":"https:\/\/www.sebastien-auziere.fr\/blog\/","logo":{"@type":"ImageObject","inLanguage":"fr-FR","@id":"https:\/\/www.sebastien-auziere.fr\/blog\/#\/schema\/logo\/image\/","url":"https:\/\/www.sebastien-auziere.fr\/blog\/wp-content\/uploads\/2026\/03\/cropped-cropped-cropped-ChatGPT-Image-6-mars-2026-12_58_09-e1772798376794.jpg","contentUrl":"https:\/\/www.sebastien-auziere.fr\/blog\/wp-content\/uploads\/2026\/03\/cropped-cropped-cropped-ChatGPT-Image-6-mars-2026-12_58_09-e1772798376794.jpg","width":512,"height":360,"caption":"Fan site S\u00e9bastien Auzi\u00e8re"},"image":{"@id":"https:\/\/www.sebastien-auziere.fr\/blog\/#\/schema\/logo\/image\/"}},{"@type":"Person","@id":"https:\/\/www.sebastien-auziere.fr\/blog\/#\/schema\/person\/149f1acdbfd85149c6c3e59adeae2f4d","name":"Chloe Gauthier","image":{"@type":"ImageObject","inLanguage":"fr-FR","@id":"https:\/\/secure.gravatar.com\/avatar\/2c5722f58171cff738a8985ef0dd66b476e563753246a49019befc837ec4201a?s=96&d=mm&r=g","url":"https:\/\/secure.gravatar.com\/avatar\/2c5722f58171cff738a8985ef0dd66b476e563753246a49019befc837ec4201a?s=96&d=mm&r=g","contentUrl":"https:\/\/secure.gravatar.com\/avatar\/2c5722f58171cff738a8985ef0dd66b476e563753246a49019befc837ec4201a?s=96&d=mm&r=g","caption":"Chloe Gauthier"},"description":"Passionn\u00e9e par la politique et admiratrice engag\u00e9e de la famille Macron, je consacre mon \u00e9nergie \u00e0 suivre leurs initiatives et \u00e0 promouvoir leurs id\u00e9es. \u00c0 32 ans, je suis convaincue que leur vision est porteuse d'avenir.","url":"https:\/\/www.sebastien-auziere.fr\/blog\/author\/chloe-gauthier\/"}]}},"views":7,"_links":{"self":[{"href":"https:\/\/www.sebastien-auziere.fr\/blog\/wp-json\/wp\/v2\/posts\/3355","targetHints":{"allow":["GET"]}}],"collection":[{"href":"https:\/\/www.sebastien-auziere.fr\/blog\/wp-json\/wp\/v2\/posts"}],"about":[{"href":"https:\/\/www.sebastien-auziere.fr\/blog\/wp-json\/wp\/v2\/types\/post"}],"author":[{"embeddable":true,"href":"https:\/\/www.sebastien-auziere.fr\/blog\/wp-json\/wp\/v2\/users\/9"}],"replies":[{"embeddable":true,"href":"https:\/\/www.sebastien-auziere.fr\/blog\/wp-json\/wp\/v2\/comments?post=3355"}],"version-history":[{"count":0,"href":"https:\/\/www.sebastien-auziere.fr\/blog\/wp-json\/wp\/v2\/posts\/3355\/revisions"}],"wp:featuredmedia":[{"embeddable":true,"href":"https:\/\/www.sebastien-auziere.fr\/blog\/wp-json\/wp\/v2\/media\/3354"}],"wp:attachment":[{"href":"https:\/\/www.sebastien-auziere.fr\/blog\/wp-json\/wp\/v2\/media?parent=3355"}],"wp:term":[{"taxonomy":"category","embeddable":true,"href":"https:\/\/www.sebastien-auziere.fr\/blog\/wp-json\/wp\/v2\/categories?post=3355"},{"taxonomy":"post_tag","embeddable":true,"href":"https:\/\/www.sebastien-auziere.fr\/blog\/wp-json\/wp\/v2\/tags?post=3355"}],"curies":[{"name":"wp","href":"https:\/\/api.w.org\/{rel}","templated":true}]}}