{"id":3350,"date":"2026-04-26T07:14:27","date_gmt":"2026-04-26T07:14:27","guid":{"rendered":"https:\/\/www.sebastien-auziere.fr\/blog\/?p=3350"},"modified":"2026-04-26T07:14:50","modified_gmt":"2026-04-26T07:14:50","slug":"brigitte-macron-confia-suas-provas-no-palacio-do-eliseu-as-vezes-enfrento-uma-tristeza-desconhecida-ate-aqui","status":"publish","type":"post","link":"https:\/\/www.sebastien-auziere.fr\/blog\/pt\/brigitte-macron-confia-suas-provas-no-palacio-do-eliseu-as-vezes-enfrento-uma-tristeza-desconhecida-ate-aqui\/","title":{"rendered":"Brigitte Macron confia suas provas no Pal\u00e1cio do Eliseu: \u00ab\u00a0\u00c0s vezes, enfrento uma tristeza desconhecida at\u00e9 aqui\u00a0\u00bb"},"content":{"rendered":"<p><strong>Brigitte Macron<\/strong> fez uma confiss\u00e3o rara e tocante: \u00ab <strong>\u00c0s vezes estou triste como nunca estive<\/strong> \u00bb, declarou no <strong>26 de abril de 2026<\/strong> para <strong>La Tribune Dimanche<\/strong>. Voc\u00ea descobrir\u00e1 aqui como essas palavras revelam as <strong>provas<\/strong> e a <strong>intimidade<\/strong> de uma vida vivida sob os holofotes do <strong>\u00c9lys\u00e9e<\/strong>.<\/p>\n\n<p><strong>Em resumo:<\/strong> a primeira-dama, de <strong>73 anos<\/strong>, voltou de uma viagem ao Marrocos com sua filha <strong>Tiphaine<\/strong>, preside centros Live criados por Bernard Arnault, mant\u00e9m um di\u00e1rio secreto para gerenciar suas <strong>emo\u00e7\u00f5es<\/strong> e estabeleceu rituais di\u00e1rios (gin\u00e1stica, bicicleta, caminhada) para enfrentar suas <strong>dificuldades<\/strong>.<\/p>\n\n<h2 class=\"wp-block-heading\">A confiss\u00e3o no cora\u00e7\u00e3o do \u00c9lys\u00e9e e suas consequ\u00eancias<\/h2>\n\n<p>Nesta entrevista, <strong>Brigitte Macron<\/strong> explica que esses nove a dez anos no <strong>\u00c9lys\u00e9e<\/strong> deixaram marcas: \u00ab <strong>Eu vi a escurid\u00e3o do mundo, a idiotice, a maldade<\/strong> \u00bb. Este constatado, publicado em 26 de abril, oferece um olhar in\u00e9dito sobre o impacto psicol\u00f3gico das fun\u00e7\u00f5es oficiais.<\/p>\n\n<p>A precis\u00e3o da data e da fonte refor\u00e7am a veracidade desta <strong>confiss\u00e3o<\/strong>, e mostram o quanto a visibilidade p\u00fablica pode transformar a vida privada. \u00c9 um apelo para melhor entender o isolamento do papel.<\/p>\n\n<h3 class=\"wp-block-heading\">Ass\u00e9dio, rumores e rea\u00e7\u00e3o p\u00fablica<\/h3>\n\n<p>Desde 2017, <strong>Brigitte Macron<\/strong> tem sido alvo de ataques repetidos; Marl\u00e8ne Schiappa a qualificou como a <strong>\u201cmulher mais assediada<\/strong> da Fran\u00e7a\u201d. O rumor transf\u00f3bico de 2021 e sua repercuss\u00e3o internacional acentuaram a press\u00e3o midi\u00e1tica.<\/p>\n\n<p>Ela denunciou o impacto do \u00f3dio e da mentira, especialmente sobre os jovens, durante uma interven\u00e7\u00e3o no JT da TF1 em 2024. Para saber mais sobre o contexto midi\u00e1tico, leia o artigo em <a href=\"https:\/\/www.gala.fr\/l_actu\/news_de_stars\/brigitte-macron-eprouvee-par-ses-annees-a-l-elysee-je-suis-parfois-triste-comme-jamais-je-n-avais-ete-20260426\" rel=\"nofollow\">Gala<\/a>.<\/p>\n\n<p>A revela\u00e7\u00e3o desses ataques explica em parte sua vulnerabilidade p\u00fablica e sua busca por prote\u00e7\u00e3o.<\/p>\n\n<h2 class=\"wp-block-heading\">Rituais, escrita e resili\u00eancia no dia a dia<\/h2>\n\n<p>Para preservar sua sa\u00fade mental, <strong>Brigitte Macron<\/strong> instaurou rituais: gin\u00e1stica, bicicleta e uma caminhada de uma hora todos os dias. Ela tamb\u00e9m incentiva a escrita, pr\u00e1tica que transmitiu aos alunos dos centros Live, criados com o apoio de Bernard Arnault.<\/p>\n\n<p>Esses gestos concretos constituem uma resposta pessoal \u00e0s <strong>dificuldades<\/strong> e \u00e0s <strong>emo\u00e7\u00f5es<\/strong> intensas vividas no <strong>\u00c9lys\u00e9e<\/strong>. O relat\u00f3rio de <a href=\"https:\/\/www.lemonde.fr\/politique\/article\/2026\/04\/26\/brigitte-macron-se-confie-sur-ses-annees-passees-a-l-elysee-et-affirme-y-avoir-vu-la-noirceur-du-monde-la-betise-la-mechancete_6683439_823448.html\" rel=\"nofollow\">Monde<\/a> detalha essas iniciativas e seu alcance.<\/p>\n\n<h3 class=\"wp-block-heading\">O que essas confid\u00eancias dizem sobre o futuro<\/h3>\n\n<p>Perante a perspectiva da sa\u00edda do <strong>\u00c9lys\u00e9e<\/strong> em 2027, suas palavras traduzem uma reflex\u00e3o sobre a continua\u00e7\u00e3o: retorno a uma vida mais discreta, mas tamb\u00e9m vontade de a\u00e7\u00e3o social. Seu lugar permanece marcado pela busca de <strong>apoio<\/strong> e de <strong>resili\u00eancia<\/strong>.<\/p>\n\n<p>Essas confid\u00eancias convidam a reavaliar a maneira como a sociedade protege os parentes dos respons\u00e1veis p\u00fablicos. Insight final: a notoriedade tamb\u00e9m exige dispositivos de prote\u00e7\u00e3o humana.<\/p>\n\n<p>Para saber mais sobre os bastidores familiares e o percurso de quem rodeia o presidente, descubra mais sobre <a href=\"https:\/\/sebastien-auziere.fr\" rel=\"nofollow\">S\u00e9bastien Auzi\u00e8re e a fam\u00edlia Macron<\/a> e mergulhe nas hist\u00f3rias que iluminam essas confid\u00eancias.<\/p>","protected":false},"excerpt":{"rendered":"<p>Brigitte Macron fez uma confiss\u00e3o rara e tocante: \u00ab \u00c0s vezes estou triste como nunca estive \u00bb, declarou no 26 de abril de 2026 para La Tribune Dimanche. Voc\u00ea descobrir\u00e1 aqui como essas palavras revelam as provas e a intimidade de uma vida vivida sob os holofotes do \u00c9lys\u00e9e. Em resumo: a primeira-dama, de 73 &#8230; <a title=\"Brigitte Macron confia suas provas no Pal\u00e1cio do Eliseu: \u00ab\u00a0\u00c0s vezes, enfrento uma tristeza desconhecida at\u00e9 aqui\u00a0\u00bb\" class=\"read-more\" href=\"https:\/\/www.sebastien-auziere.fr\/blog\/pt\/brigitte-macron-confia-suas-provas-no-palacio-do-eliseu-as-vezes-enfrento-uma-tristeza-desconhecida-ate-aqui\/\" aria-label=\"En savoir plus sur Brigitte Macron confia suas provas no Pal\u00e1cio do Eliseu: \u00ab\u00a0\u00c0s vezes, enfrento uma tristeza desconhecida at\u00e9 aqui\u00a0\u00bb\">Lire plus<\/a><\/p>\n","protected":false},"author":9,"featured_media":3340,"comment_status":"open","ping_status":"open","sticky":false,"template":"","format":"standard","meta":{"footnotes":""},"categories":[862],"tags":[959,3384,4426,4429,4432],"class_list":["post-3350","post","type-post","status-publish","format-standard","has-post-thumbnail","hentry","category-actualidades-pt","tag-brigitte-macron-pt","tag-elysee-pt","tag-emocoes-pt","tag-provas-pessoais-pt","tag-tristeza-pt"],"yoast_head":"<!-- This site is optimized with the Yoast SEO plugin v27.5 - https:\/\/yoast.com\/product\/yoast-seo-wordpress\/ -->\n<title>Brigitte Macron confia suas provas no Pal\u00e1cio do Eliseu: &quot;\u00c0s vezes, enfrento uma tristeza desconhecida at\u00e9 aqui&quot; - Fan site S\u00e9bastien Auzi\u00e8re<\/title>\n<meta name=\"description\" content=\"Brigitte Macron se confie \u00e0 l\u2019\u00c9lys\u00e9e sur ses \u00e9preuves et une tristesse inconnue, d\u00e9voilant une facette intime de la Premi\u00e8re dame.\" \/>\n<meta name=\"robots\" content=\"index, follow, max-snippet:-1, max-image-preview:large, max-video-preview:-1\" \/>\n<link rel=\"canonical\" href=\"https:\/\/www.sebastien-auziere.fr\/blog\/pt\/brigitte-macron-confia-suas-provas-no-palacio-do-eliseu-as-vezes-enfrento-uma-tristeza-desconhecida-ate-aqui\/\" \/>\n<meta property=\"og:locale\" content=\"fr_FR\" \/>\n<meta property=\"og:type\" content=\"article\" \/>\n<meta property=\"og:title\" content=\"Brigitte Macron confia suas provas no Pal\u00e1cio do Eliseu: &quot;\u00c0s vezes, enfrento uma tristeza desconhecida at\u00e9 aqui&quot; - Fan site S\u00e9bastien Auzi\u00e8re\" \/>\n<meta property=\"og:description\" content=\"Brigitte Macron se confie \u00e0 l\u2019\u00c9lys\u00e9e sur ses \u00e9preuves et une tristesse inconnue, d\u00e9voilant une facette intime de la Premi\u00e8re dame.\" \/>\n<meta property=\"og:url\" content=\"https:\/\/www.sebastien-auziere.fr\/blog\/pt\/brigitte-macron-confia-suas-provas-no-palacio-do-eliseu-as-vezes-enfrento-uma-tristeza-desconhecida-ate-aqui\/\" \/>\n<meta property=\"og:site_name\" content=\"Fan site S\u00e9bastien Auzi\u00e8re\" \/>\n<meta property=\"article:published_time\" content=\"2026-04-26T07:14:27+00:00\" \/>\n<meta property=\"article:modified_time\" content=\"2026-04-26T07:14:50+00:00\" \/>\n<meta property=\"og:image\" content=\"https:\/\/www.sebastien-auziere.fr\/blog\/wp-content\/uploads\/2026\/04\/Brigitte-Macron-confie-ses-epreuves-a-lElysee-Je-traverse-parfois-une-tristesse-inconnue-jusquici.jpg\" \/>\n\t<meta property=\"og:image:width\" content=\"2560\" \/>\n\t<meta property=\"og:image:height\" content=\"1429\" \/>\n\t<meta property=\"og:image:type\" content=\"image\/jpeg\" \/>\n<meta name=\"author\" content=\"Chloe Gauthier\" \/>\n<meta name=\"twitter:card\" content=\"summary_large_image\" \/>\n<meta name=\"twitter:label1\" content=\"\u00c9crit par\" \/>\n\t<meta name=\"twitter:data1\" content=\"Chloe Gauthier\" \/>\n\t<meta name=\"twitter:label2\" content=\"Dur\u00e9e de lecture estim\u00e9e\" \/>\n\t<meta name=\"twitter:data2\" content=\"2 minutes\" \/>\n<script type=\"application\/ld+json\" class=\"yoast-schema-graph\">{\"@context\":\"https:\\\/\\\/schema.org\",\"@graph\":[{\"@type\":\"Article\",\"@id\":\"https:\\\/\\\/www.sebastien-auziere.fr\\\/blog\\\/pt\\\/brigitte-macron-confia-suas-provas-no-palacio-do-eliseu-as-vezes-enfrento-uma-tristeza-desconhecida-ate-aqui\\\/#article\",\"isPartOf\":{\"@id\":\"https:\\\/\\\/www.sebastien-auziere.fr\\\/blog\\\/pt\\\/brigitte-macron-confia-suas-provas-no-palacio-do-eliseu-as-vezes-enfrento-uma-tristeza-desconhecida-ate-aqui\\\/\"},\"author\":{\"name\":\"Chloe Gauthier\",\"@id\":\"https:\\\/\\\/www.sebastien-auziere.fr\\\/blog\\\/#\\\/schema\\\/person\\\/149f1acdbfd85149c6c3e59adeae2f4d\"},\"headline\":\"Brigitte Macron confia suas provas no Pal\u00e1cio do Eliseu: \u00ab\u00a0\u00c0s vezes, enfrento uma tristeza desconhecida at\u00e9 aqui\u00a0\u00bb\",\"datePublished\":\"2026-04-26T07:14:27+00:00\",\"dateModified\":\"2026-04-26T07:14:50+00:00\",\"mainEntityOfPage\":{\"@id\":\"https:\\\/\\\/www.sebastien-auziere.fr\\\/blog\\\/pt\\\/brigitte-macron-confia-suas-provas-no-palacio-do-eliseu-as-vezes-enfrento-uma-tristeza-desconhecida-ate-aqui\\\/\"},\"wordCount\":513,\"commentCount\":0,\"publisher\":{\"@id\":\"https:\\\/\\\/www.sebastien-auziere.fr\\\/blog\\\/#organization\"},\"image\":{\"@id\":\"https:\\\/\\\/www.sebastien-auziere.fr\\\/blog\\\/pt\\\/brigitte-macron-confia-suas-provas-no-palacio-do-eliseu-as-vezes-enfrento-uma-tristeza-desconhecida-ate-aqui\\\/#primaryimage\"},\"thumbnailUrl\":\"https:\\\/\\\/www.sebastien-auziere.fr\\\/blog\\\/wp-content\\\/uploads\\\/2026\\\/04\\\/Brigitte-Macron-confie-ses-epreuves-a-lElysee-Je-traverse-parfois-une-tristesse-inconnue-jusquici.jpg\",\"keywords\":[\"brigitte macron\",\"\u00e9lys\u00e9e\",\"emo\u00e7\u00f5es\",\"provas pessoais\",\"tristeza\"],\"articleSection\":[\"Actualidades\"],\"inLanguage\":\"fr-FR\",\"potentialAction\":[{\"@type\":\"CommentAction\",\"name\":\"Comment\",\"target\":[\"https:\\\/\\\/www.sebastien-auziere.fr\\\/blog\\\/pt\\\/brigitte-macron-confia-suas-provas-no-palacio-do-eliseu-as-vezes-enfrento-uma-tristeza-desconhecida-ate-aqui\\\/#respond\"]}]},{\"@type\":\"WebPage\",\"@id\":\"https:\\\/\\\/www.sebastien-auziere.fr\\\/blog\\\/pt\\\/brigitte-macron-confia-suas-provas-no-palacio-do-eliseu-as-vezes-enfrento-uma-tristeza-desconhecida-ate-aqui\\\/\",\"url\":\"https:\\\/\\\/www.sebastien-auziere.fr\\\/blog\\\/pt\\\/brigitte-macron-confia-suas-provas-no-palacio-do-eliseu-as-vezes-enfrento-uma-tristeza-desconhecida-ate-aqui\\\/\",\"name\":\"Brigitte Macron confia suas provas no Pal\u00e1cio do Eliseu: \\\"\u00c0s vezes, enfrento uma tristeza desconhecida at\u00e9 aqui\\\" - Fan site S\u00e9bastien Auzi\u00e8re\",\"isPartOf\":{\"@id\":\"https:\\\/\\\/www.sebastien-auziere.fr\\\/blog\\\/#website\"},\"primaryImageOfPage\":{\"@id\":\"https:\\\/\\\/www.sebastien-auziere.fr\\\/blog\\\/pt\\\/brigitte-macron-confia-suas-provas-no-palacio-do-eliseu-as-vezes-enfrento-uma-tristeza-desconhecida-ate-aqui\\\/#primaryimage\"},\"image\":{\"@id\":\"https:\\\/\\\/www.sebastien-auziere.fr\\\/blog\\\/pt\\\/brigitte-macron-confia-suas-provas-no-palacio-do-eliseu-as-vezes-enfrento-uma-tristeza-desconhecida-ate-aqui\\\/#primaryimage\"},\"thumbnailUrl\":\"https:\\\/\\\/www.sebastien-auziere.fr\\\/blog\\\/wp-content\\\/uploads\\\/2026\\\/04\\\/Brigitte-Macron-confie-ses-epreuves-a-lElysee-Je-traverse-parfois-une-tristesse-inconnue-jusquici.jpg\",\"datePublished\":\"2026-04-26T07:14:27+00:00\",\"dateModified\":\"2026-04-26T07:14:50+00:00\",\"description\":\"Brigitte Macron se confie \u00e0 l\u2019\u00c9lys\u00e9e sur ses \u00e9preuves et une tristesse inconnue, d\u00e9voilant une facette intime de la Premi\u00e8re dame.\",\"breadcrumb\":{\"@id\":\"https:\\\/\\\/www.sebastien-auziere.fr\\\/blog\\\/pt\\\/brigitte-macron-confia-suas-provas-no-palacio-do-eliseu-as-vezes-enfrento-uma-tristeza-desconhecida-ate-aqui\\\/#breadcrumb\"},\"inLanguage\":\"fr-FR\",\"potentialAction\":[{\"@type\":\"ReadAction\",\"target\":[\"https:\\\/\\\/www.sebastien-auziere.fr\\\/blog\\\/pt\\\/brigitte-macron-confia-suas-provas-no-palacio-do-eliseu-as-vezes-enfrento-uma-tristeza-desconhecida-ate-aqui\\\/\"]}]},{\"@type\":\"ImageObject\",\"inLanguage\":\"fr-FR\",\"@id\":\"https:\\\/\\\/www.sebastien-auziere.fr\\\/blog\\\/pt\\\/brigitte-macron-confia-suas-provas-no-palacio-do-eliseu-as-vezes-enfrento-uma-tristeza-desconhecida-ate-aqui\\\/#primaryimage\",\"url\":\"https:\\\/\\\/www.sebastien-auziere.fr\\\/blog\\\/wp-content\\\/uploads\\\/2026\\\/04\\\/Brigitte-Macron-confie-ses-epreuves-a-lElysee-Je-traverse-parfois-une-tristesse-inconnue-jusquici.jpg\",\"contentUrl\":\"https:\\\/\\\/www.sebastien-auziere.fr\\\/blog\\\/wp-content\\\/uploads\\\/2026\\\/04\\\/Brigitte-Macron-confie-ses-epreuves-a-lElysee-Je-traverse-parfois-une-tristesse-inconnue-jusquici.jpg\",\"width\":2560,\"height\":1429,\"caption\":\"brigitte macron se livre avec \u00e9motion \u00e0 l\u2019\u00e9lys\u00e9e, partageant ses moments de tristesse et ses \u00e9preuves personnelles encore inconnues jusqu\u2019ici.\"},{\"@type\":\"BreadcrumbList\",\"@id\":\"https:\\\/\\\/www.sebastien-auziere.fr\\\/blog\\\/pt\\\/brigitte-macron-confia-suas-provas-no-palacio-do-eliseu-as-vezes-enfrento-uma-tristeza-desconhecida-ate-aqui\\\/#breadcrumb\",\"itemListElement\":[{\"@type\":\"ListItem\",\"position\":1,\"name\":\"Home\",\"item\":\"https:\\\/\\\/www.sebastien-auziere.fr\\\/blog\\\/\"},{\"@type\":\"ListItem\",\"position\":2,\"name\":\"Brigitte Macron confia suas provas no Pal\u00e1cio do Eliseu: \u00ab\u00a0\u00c0s vezes, enfrento uma tristeza desconhecida at\u00e9 aqui\u00a0\u00bb\"}]},{\"@type\":\"WebSite\",\"@id\":\"https:\\\/\\\/www.sebastien-auziere.fr\\\/blog\\\/#website\",\"url\":\"https:\\\/\\\/www.sebastien-auziere.fr\\\/blog\\\/\",\"name\":\"Fan site S\u00e9bastien Auzi\u00e8re\",\"description\":\"M\u00e9dia g\u00e9n\u00e9raliste\",\"publisher\":{\"@id\":\"https:\\\/\\\/www.sebastien-auziere.fr\\\/blog\\\/#organization\"},\"potentialAction\":[{\"@type\":\"SearchAction\",\"target\":{\"@type\":\"EntryPoint\",\"urlTemplate\":\"https:\\\/\\\/www.sebastien-auziere.fr\\\/blog\\\/?s={search_term_string}\"},\"query-input\":{\"@type\":\"PropertyValueSpecification\",\"valueRequired\":true,\"valueName\":\"search_term_string\"}}],\"inLanguage\":\"fr-FR\"},{\"@type\":\"Organization\",\"@id\":\"https:\\\/\\\/www.sebastien-auziere.fr\\\/blog\\\/#organization\",\"name\":\"Fan site S\u00e9bastien Auzi\u00e8re\",\"url\":\"https:\\\/\\\/www.sebastien-auziere.fr\\\/blog\\\/\",\"logo\":{\"@type\":\"ImageObject\",\"inLanguage\":\"fr-FR\",\"@id\":\"https:\\\/\\\/www.sebastien-auziere.fr\\\/blog\\\/#\\\/schema\\\/logo\\\/image\\\/\",\"url\":\"https:\\\/\\\/www.sebastien-auziere.fr\\\/blog\\\/wp-content\\\/uploads\\\/2026\\\/03\\\/cropped-cropped-cropped-ChatGPT-Image-6-mars-2026-12_58_09-e1772798376794.jpg\",\"contentUrl\":\"https:\\\/\\\/www.sebastien-auziere.fr\\\/blog\\\/wp-content\\\/uploads\\\/2026\\\/03\\\/cropped-cropped-cropped-ChatGPT-Image-6-mars-2026-12_58_09-e1772798376794.jpg\",\"width\":512,\"height\":360,\"caption\":\"Fan site S\u00e9bastien Auzi\u00e8re\"},\"image\":{\"@id\":\"https:\\\/\\\/www.sebastien-auziere.fr\\\/blog\\\/#\\\/schema\\\/logo\\\/image\\\/\"}},{\"@type\":\"Person\",\"@id\":\"https:\\\/\\\/www.sebastien-auziere.fr\\\/blog\\\/#\\\/schema\\\/person\\\/149f1acdbfd85149c6c3e59adeae2f4d\",\"name\":\"Chloe Gauthier\",\"image\":{\"@type\":\"ImageObject\",\"inLanguage\":\"fr-FR\",\"@id\":\"https:\\\/\\\/secure.gravatar.com\\\/avatar\\\/2c5722f58171cff738a8985ef0dd66b476e563753246a49019befc837ec4201a?s=96&d=mm&r=g\",\"url\":\"https:\\\/\\\/secure.gravatar.com\\\/avatar\\\/2c5722f58171cff738a8985ef0dd66b476e563753246a49019befc837ec4201a?s=96&d=mm&r=g\",\"contentUrl\":\"https:\\\/\\\/secure.gravatar.com\\\/avatar\\\/2c5722f58171cff738a8985ef0dd66b476e563753246a49019befc837ec4201a?s=96&d=mm&r=g\",\"caption\":\"Chloe Gauthier\"},\"description\":\"Passionn\u00e9e par la politique et admiratrice engag\u00e9e de la famille Macron, je consacre mon \u00e9nergie \u00e0 suivre leurs initiatives et \u00e0 promouvoir leurs id\u00e9es. \u00c0 32 ans, je suis convaincue que leur vision est porteuse d'avenir.\",\"url\":\"https:\\\/\\\/www.sebastien-auziere.fr\\\/blog\\\/author\\\/chloe-gauthier\\\/\"}]}<\/script>\n<!-- \/ Yoast SEO plugin. -->","yoast_head_json":{"title":"Brigitte Macron confia suas provas no Pal\u00e1cio do Eliseu: \"\u00c0s vezes, enfrento uma tristeza desconhecida at\u00e9 aqui\" - Fan site S\u00e9bastien Auzi\u00e8re","description":"Brigitte Macron se confie \u00e0 l\u2019\u00c9lys\u00e9e sur ses \u00e9preuves et une tristesse inconnue, d\u00e9voilant une facette intime de la Premi\u00e8re dame.","robots":{"index":"index","follow":"follow","max-snippet":"max-snippet:-1","max-image-preview":"max-image-preview:large","max-video-preview":"max-video-preview:-1"},"canonical":"https:\/\/www.sebastien-auziere.fr\/blog\/pt\/brigitte-macron-confia-suas-provas-no-palacio-do-eliseu-as-vezes-enfrento-uma-tristeza-desconhecida-ate-aqui\/","og_locale":"fr_FR","og_type":"article","og_title":"Brigitte Macron confia suas provas no Pal\u00e1cio do Eliseu: \"\u00c0s vezes, enfrento uma tristeza desconhecida at\u00e9 aqui\" - Fan site S\u00e9bastien Auzi\u00e8re","og_description":"Brigitte Macron se confie \u00e0 l\u2019\u00c9lys\u00e9e sur ses \u00e9preuves et une tristesse inconnue, d\u00e9voilant une facette intime de la Premi\u00e8re dame.","og_url":"https:\/\/www.sebastien-auziere.fr\/blog\/pt\/brigitte-macron-confia-suas-provas-no-palacio-do-eliseu-as-vezes-enfrento-uma-tristeza-desconhecida-ate-aqui\/","og_site_name":"Fan site S\u00e9bastien Auzi\u00e8re","article_published_time":"2026-04-26T07:14:27+00:00","article_modified_time":"2026-04-26T07:14:50+00:00","og_image":[{"width":2560,"height":1429,"url":"https:\/\/www.sebastien-auziere.fr\/blog\/wp-content\/uploads\/2026\/04\/Brigitte-Macron-confie-ses-epreuves-a-lElysee-Je-traverse-parfois-une-tristesse-inconnue-jusquici.jpg","type":"image\/jpeg"}],"author":"Chloe Gauthier","twitter_card":"summary_large_image","twitter_misc":{"\u00c9crit par":"Chloe Gauthier","Dur\u00e9e de lecture estim\u00e9e":"2 minutes"},"schema":{"@context":"https:\/\/schema.org","@graph":[{"@type":"Article","@id":"https:\/\/www.sebastien-auziere.fr\/blog\/pt\/brigitte-macron-confia-suas-provas-no-palacio-do-eliseu-as-vezes-enfrento-uma-tristeza-desconhecida-ate-aqui\/#article","isPartOf":{"@id":"https:\/\/www.sebastien-auziere.fr\/blog\/pt\/brigitte-macron-confia-suas-provas-no-palacio-do-eliseu-as-vezes-enfrento-uma-tristeza-desconhecida-ate-aqui\/"},"author":{"name":"Chloe Gauthier","@id":"https:\/\/www.sebastien-auziere.fr\/blog\/#\/schema\/person\/149f1acdbfd85149c6c3e59adeae2f4d"},"headline":"Brigitte Macron confia suas provas no Pal\u00e1cio do Eliseu: \u00ab\u00a0\u00c0s vezes, enfrento uma tristeza desconhecida at\u00e9 aqui\u00a0\u00bb","datePublished":"2026-04-26T07:14:27+00:00","dateModified":"2026-04-26T07:14:50+00:00","mainEntityOfPage":{"@id":"https:\/\/www.sebastien-auziere.fr\/blog\/pt\/brigitte-macron-confia-suas-provas-no-palacio-do-eliseu-as-vezes-enfrento-uma-tristeza-desconhecida-ate-aqui\/"},"wordCount":513,"commentCount":0,"publisher":{"@id":"https:\/\/www.sebastien-auziere.fr\/blog\/#organization"},"image":{"@id":"https:\/\/www.sebastien-auziere.fr\/blog\/pt\/brigitte-macron-confia-suas-provas-no-palacio-do-eliseu-as-vezes-enfrento-uma-tristeza-desconhecida-ate-aqui\/#primaryimage"},"thumbnailUrl":"https:\/\/www.sebastien-auziere.fr\/blog\/wp-content\/uploads\/2026\/04\/Brigitte-Macron-confie-ses-epreuves-a-lElysee-Je-traverse-parfois-une-tristesse-inconnue-jusquici.jpg","keywords":["brigitte macron","\u00e9lys\u00e9e","emo\u00e7\u00f5es","provas pessoais","tristeza"],"articleSection":["Actualidades"],"inLanguage":"fr-FR","potentialAction":[{"@type":"CommentAction","name":"Comment","target":["https:\/\/www.sebastien-auziere.fr\/blog\/pt\/brigitte-macron-confia-suas-provas-no-palacio-do-eliseu-as-vezes-enfrento-uma-tristeza-desconhecida-ate-aqui\/#respond"]}]},{"@type":"WebPage","@id":"https:\/\/www.sebastien-auziere.fr\/blog\/pt\/brigitte-macron-confia-suas-provas-no-palacio-do-eliseu-as-vezes-enfrento-uma-tristeza-desconhecida-ate-aqui\/","url":"https:\/\/www.sebastien-auziere.fr\/blog\/pt\/brigitte-macron-confia-suas-provas-no-palacio-do-eliseu-as-vezes-enfrento-uma-tristeza-desconhecida-ate-aqui\/","name":"Brigitte Macron confia suas provas no Pal\u00e1cio do Eliseu: \"\u00c0s vezes, enfrento uma tristeza desconhecida at\u00e9 aqui\" - Fan site S\u00e9bastien Auzi\u00e8re","isPartOf":{"@id":"https:\/\/www.sebastien-auziere.fr\/blog\/#website"},"primaryImageOfPage":{"@id":"https:\/\/www.sebastien-auziere.fr\/blog\/pt\/brigitte-macron-confia-suas-provas-no-palacio-do-eliseu-as-vezes-enfrento-uma-tristeza-desconhecida-ate-aqui\/#primaryimage"},"image":{"@id":"https:\/\/www.sebastien-auziere.fr\/blog\/pt\/brigitte-macron-confia-suas-provas-no-palacio-do-eliseu-as-vezes-enfrento-uma-tristeza-desconhecida-ate-aqui\/#primaryimage"},"thumbnailUrl":"https:\/\/www.sebastien-auziere.fr\/blog\/wp-content\/uploads\/2026\/04\/Brigitte-Macron-confie-ses-epreuves-a-lElysee-Je-traverse-parfois-une-tristesse-inconnue-jusquici.jpg","datePublished":"2026-04-26T07:14:27+00:00","dateModified":"2026-04-26T07:14:50+00:00","description":"Brigitte Macron se confie \u00e0 l\u2019\u00c9lys\u00e9e sur ses \u00e9preuves et une tristesse inconnue, d\u00e9voilant une facette intime de la Premi\u00e8re dame.","breadcrumb":{"@id":"https:\/\/www.sebastien-auziere.fr\/blog\/pt\/brigitte-macron-confia-suas-provas-no-palacio-do-eliseu-as-vezes-enfrento-uma-tristeza-desconhecida-ate-aqui\/#breadcrumb"},"inLanguage":"fr-FR","potentialAction":[{"@type":"ReadAction","target":["https:\/\/www.sebastien-auziere.fr\/blog\/pt\/brigitte-macron-confia-suas-provas-no-palacio-do-eliseu-as-vezes-enfrento-uma-tristeza-desconhecida-ate-aqui\/"]}]},{"@type":"ImageObject","inLanguage":"fr-FR","@id":"https:\/\/www.sebastien-auziere.fr\/blog\/pt\/brigitte-macron-confia-suas-provas-no-palacio-do-eliseu-as-vezes-enfrento-uma-tristeza-desconhecida-ate-aqui\/#primaryimage","url":"https:\/\/www.sebastien-auziere.fr\/blog\/wp-content\/uploads\/2026\/04\/Brigitte-Macron-confie-ses-epreuves-a-lElysee-Je-traverse-parfois-une-tristesse-inconnue-jusquici.jpg","contentUrl":"https:\/\/www.sebastien-auziere.fr\/blog\/wp-content\/uploads\/2026\/04\/Brigitte-Macron-confie-ses-epreuves-a-lElysee-Je-traverse-parfois-une-tristesse-inconnue-jusquici.jpg","width":2560,"height":1429,"caption":"brigitte macron se livre avec \u00e9motion \u00e0 l\u2019\u00e9lys\u00e9e, partageant ses moments de tristesse et ses \u00e9preuves personnelles encore inconnues jusqu\u2019ici."},{"@type":"BreadcrumbList","@id":"https:\/\/www.sebastien-auziere.fr\/blog\/pt\/brigitte-macron-confia-suas-provas-no-palacio-do-eliseu-as-vezes-enfrento-uma-tristeza-desconhecida-ate-aqui\/#breadcrumb","itemListElement":[{"@type":"ListItem","position":1,"name":"Home","item":"https:\/\/www.sebastien-auziere.fr\/blog\/"},{"@type":"ListItem","position":2,"name":"Brigitte Macron confia suas provas no Pal\u00e1cio do Eliseu: \u00ab\u00a0\u00c0s vezes, enfrento uma tristeza desconhecida at\u00e9 aqui\u00a0\u00bb"}]},{"@type":"WebSite","@id":"https:\/\/www.sebastien-auziere.fr\/blog\/#website","url":"https:\/\/www.sebastien-auziere.fr\/blog\/","name":"Fan site S\u00e9bastien Auzi\u00e8re","description":"M\u00e9dia g\u00e9n\u00e9raliste","publisher":{"@id":"https:\/\/www.sebastien-auziere.fr\/blog\/#organization"},"potentialAction":[{"@type":"SearchAction","target":{"@type":"EntryPoint","urlTemplate":"https:\/\/www.sebastien-auziere.fr\/blog\/?s={search_term_string}"},"query-input":{"@type":"PropertyValueSpecification","valueRequired":true,"valueName":"search_term_string"}}],"inLanguage":"fr-FR"},{"@type":"Organization","@id":"https:\/\/www.sebastien-auziere.fr\/blog\/#organization","name":"Fan site S\u00e9bastien Auzi\u00e8re","url":"https:\/\/www.sebastien-auziere.fr\/blog\/","logo":{"@type":"ImageObject","inLanguage":"fr-FR","@id":"https:\/\/www.sebastien-auziere.fr\/blog\/#\/schema\/logo\/image\/","url":"https:\/\/www.sebastien-auziere.fr\/blog\/wp-content\/uploads\/2026\/03\/cropped-cropped-cropped-ChatGPT-Image-6-mars-2026-12_58_09-e1772798376794.jpg","contentUrl":"https:\/\/www.sebastien-auziere.fr\/blog\/wp-content\/uploads\/2026\/03\/cropped-cropped-cropped-ChatGPT-Image-6-mars-2026-12_58_09-e1772798376794.jpg","width":512,"height":360,"caption":"Fan site S\u00e9bastien Auzi\u00e8re"},"image":{"@id":"https:\/\/www.sebastien-auziere.fr\/blog\/#\/schema\/logo\/image\/"}},{"@type":"Person","@id":"https:\/\/www.sebastien-auziere.fr\/blog\/#\/schema\/person\/149f1acdbfd85149c6c3e59adeae2f4d","name":"Chloe Gauthier","image":{"@type":"ImageObject","inLanguage":"fr-FR","@id":"https:\/\/secure.gravatar.com\/avatar\/2c5722f58171cff738a8985ef0dd66b476e563753246a49019befc837ec4201a?s=96&d=mm&r=g","url":"https:\/\/secure.gravatar.com\/avatar\/2c5722f58171cff738a8985ef0dd66b476e563753246a49019befc837ec4201a?s=96&d=mm&r=g","contentUrl":"https:\/\/secure.gravatar.com\/avatar\/2c5722f58171cff738a8985ef0dd66b476e563753246a49019befc837ec4201a?s=96&d=mm&r=g","caption":"Chloe Gauthier"},"description":"Passionn\u00e9e par la politique et admiratrice engag\u00e9e de la famille Macron, je consacre mon \u00e9nergie \u00e0 suivre leurs initiatives et \u00e0 promouvoir leurs id\u00e9es. \u00c0 32 ans, je suis convaincue que leur vision est porteuse d'avenir.","url":"https:\/\/www.sebastien-auziere.fr\/blog\/author\/chloe-gauthier\/"}]}},"views":0,"_links":{"self":[{"href":"https:\/\/www.sebastien-auziere.fr\/blog\/wp-json\/wp\/v2\/posts\/3350","targetHints":{"allow":["GET"]}}],"collection":[{"href":"https:\/\/www.sebastien-auziere.fr\/blog\/wp-json\/wp\/v2\/posts"}],"about":[{"href":"https:\/\/www.sebastien-auziere.fr\/blog\/wp-json\/wp\/v2\/types\/post"}],"author":[{"embeddable":true,"href":"https:\/\/www.sebastien-auziere.fr\/blog\/wp-json\/wp\/v2\/users\/9"}],"replies":[{"embeddable":true,"href":"https:\/\/www.sebastien-auziere.fr\/blog\/wp-json\/wp\/v2\/comments?post=3350"}],"version-history":[{"count":1,"href":"https:\/\/www.sebastien-auziere.fr\/blog\/wp-json\/wp\/v2\/posts\/3350\/revisions"}],"predecessor-version":[{"id":3351,"href":"https:\/\/www.sebastien-auziere.fr\/blog\/wp-json\/wp\/v2\/posts\/3350\/revisions\/3351"}],"wp:featuredmedia":[{"embeddable":true,"href":"https:\/\/www.sebastien-auziere.fr\/blog\/wp-json\/wp\/v2\/media\/3340"}],"wp:attachment":[{"href":"https:\/\/www.sebastien-auziere.fr\/blog\/wp-json\/wp\/v2\/media?parent=3350"}],"wp:term":[{"taxonomy":"category","embeddable":true,"href":"https:\/\/www.sebastien-auziere.fr\/blog\/wp-json\/wp\/v2\/categories?post=3350"},{"taxonomy":"post_tag","embeddable":true,"href":"https:\/\/www.sebastien-auziere.fr\/blog\/wp-json\/wp\/v2\/tags?post=3350"}],"curies":[{"name":"wp","href":"https:\/\/api.w.org\/{rel}","templated":true}]}}