{"id":3348,"date":"2026-04-26T07:13:05","date_gmt":"2026-04-26T07:13:05","guid":{"rendered":"https:\/\/www.sebastien-auziere.fr\/blog\/?p=3348"},"modified":"2026-04-26T07:13:32","modified_gmt":"2026-04-26T07:13:32","slug":"brigitte-macron-confida-le-sue-prove-allelysee-a-volte-attraversato-una-tristezza-sconosciuta-fino-ad-ora","status":"publish","type":"post","link":"https:\/\/www.sebastien-auziere.fr\/blog\/it\/brigitte-macron-confida-le-sue-prove-allelysee-a-volte-attraversato-una-tristezza-sconosciuta-fino-ad-ora\/","title":{"rendered":"Brigitte Macron confida le sue prove all&rsquo;\u00c9lys\u00e9e: \u00ab\u00a0A volte attraversato una tristezza sconosciuta fino ad ora"},"content":{"rendered":"<p><strong>Brigitte Macron<\/strong> ha rilasciato una confessione rara e toccante: \u00ab <strong>A volte sono triste come non lo sono mai stata<\/strong> \u00bb, ha dichiarato il <strong>26 aprile 2026<\/strong> a <strong>La Tribune Dimanche<\/strong>. Scoprirai qui come queste parole rivelano le <strong>prove<\/strong> e l\u2019<strong>intimit\u00e0<\/strong> di una vita vissuta sotto i riflettori dell\u2019<strong>\u00c9lys\u00e9e<\/strong>.<\/p>\n\n<p><strong>In breve:<\/strong> la prima donna, di <strong>73 anni<\/strong>, torna da un viaggio in Marocco con sua figlia <strong>Tiphaine<\/strong>, presiede centri Live creati da Bernard Arnault, tiene un diario segreto per gestire le sue <strong>emozioni<\/strong> e ha istituito rituali quotidiani (gym, bici, camminata) per affrontare le sue <strong>difficolt\u00e0<\/strong>.<\/p>\n\n<h2 class=\"wp-block-heading\">La confessione al cuore dell\u2019\u00c9lys\u00e9e e le sue conseguenze<\/h2>\n\n<p>In quest&rsquo;intervista, <strong>Brigitte Macron<\/strong> spiega che questi nove a dieci anni all\u2019<strong>\u00c9lys\u00e9e<\/strong> hanno lasciato segni: \u00ab <strong>Ho visto l&rsquo;oscurit\u00e0 del mondo, la stupidit\u00e0, la malvagit\u00e0<\/strong> \u00bb. Questa constatazione, pubblicata il 26 aprile, offre uno sguardo inedito sull&rsquo;impatto psicologico delle funzioni ufficiali.<\/p>\n\n<p>La precisione della data e la fonte rafforzano la veridicit\u00e0 di questa <strong>confessione<\/strong>, e mostrano quanto la visibilit\u00e0 pubblica possa trasformare la vita privata. \u00c8 un appello a comprendere meglio l&rsquo;isolamento del ruolo.<\/p>\n\n<h3 class=\"wp-block-heading\">Molestie, voci e reazione pubblica<\/h3>\n\n<p>Dal 2017, <strong>Brigitte Macron<\/strong> \u00e8 stata bersaglio di attacchi ripetuti; Marl\u00e8ne Schiappa l&rsquo;ha persino definita la \u00ab <strong>donna pi\u00f9 molestata<\/strong> di Francia \u00bb. La voce transfobica del 2021 e la sua ripresa internazionale hanno accentuato la pressione mediatica.<\/p>\n\n<p>Ha denunciato l&rsquo;impatto dell&rsquo;odio e della menzogna, in particolare sui giovani, durante un intervento al TG di TF1 nel 2024. Per saperne di pi\u00f9 sul contesto mediatico, leggi l&rsquo;articolo su <a href=\"https:\/\/www.gala.fr\/l_actu\/news_de_stars\/brigitte-macron-eprouvee-par-ses-annees-a-l-elysee-je-suis-parfois-triste-comme-jamais-je-n-avais-ete-20260426\" rel=\"nofollow\">Gala<\/a>.<\/p>\n\n<p>La rivelazione di questi attacchi spiega in parte la sua vulnerabilit\u00e0 pubblica e la sua ricerca di protezione.<\/p>\n\n<h2 class=\"wp-block-heading\">Rituali, scrittura e resilienza quotidiana<\/h2>\n\n<p>Per preservare la sua salute mentale, <strong>Brigitte Macron<\/strong> ha istituito dei rituali: gym, bici e una passeggiata di un&rsquo;ora ogni giorno. Incoraggia anche la scrittura, una pratica che ha trasmesso agli studenti dei centri Live, creati con il sostegno di Bernard Arnault.<\/p>\n\n<p>Questi gesti concreti costituiscono una risposta personale alle <strong>difficolt\u00e0<\/strong> e alle <strong>emozioni<\/strong> intense vissute all\u2019<strong>\u00c9lys\u00e9e<\/strong>. Il reportage del <a href=\"https:\/\/www.lemonde.fr\/politique\/article\/2026\/04\/26\/brigitte-macron-se-confie-sur-ses-annees-passees-a-l-elysee-et-affirme-y-avoir-vu-la-noirceur-du-monde-la-betise-la-mechancete_6683439_823448.html\" rel=\"nofollow\">Monde<\/a> dettaglia queste iniziative e la loro portata.<\/p>\n\n<h3 class=\"wp-block-heading\">Cosa dicono queste confessioni sul futuro<\/h3>\n\n<p>Di fronte alla prospettiva di lasciare l\u2019<strong>\u00c9lys\u00e9e<\/strong> nel 2027, le sue parole traducono una riflessione sul futuro: un ritorno a una vita pi\u00f9 discreta, ma anche una volont\u00e0 di azione sociale. La sua posizione rimane segnata dalla ricerca di <strong>sostegno<\/strong> e di <strong>resilienza<\/strong>.<\/p>\n\n<p>Queste confessioni invitano a rivalutare il modo in cui la societ\u00e0 protegge i familiari dei responsabili pubblici. Insight finale: la notoriet\u00e0 richiede anche dispositivi di protezione umana.<\/p>\n\n<p>Per saperne di pi\u00f9 sui retroscena familiari e sul percorso di coloro che circondano il presidente, scopri di pi\u00f9 su <a href=\"https:\/\/sebastien-auziere.fr\" rel=\"nofollow\">S\u00e9bastien Auzi\u00e8re e la famiglia Macron<\/a> e immergiti nei racconti che illuminano queste confessioni.<\/p>","protected":false},"excerpt":{"rendered":"<p>Brigitte Macron ha rilasciato una confessione rara e toccante: \u00ab A volte sono triste come non lo sono mai stata \u00bb, ha dichiarato il 26 aprile 2026 a La Tribune Dimanche. Scoprirai qui come queste parole rivelano le prove e l\u2019intimit\u00e0 di una vita vissuta sotto i riflettori dell\u2019\u00c9lys\u00e9e. In breve: la prima donna, di &#8230; <a title=\"Brigitte Macron confida le sue prove all&rsquo;\u00c9lys\u00e9e: \u00ab\u00a0A volte attraversato una tristezza sconosciuta fino ad ora\" class=\"read-more\" href=\"https:\/\/www.sebastien-auziere.fr\/blog\/it\/brigitte-macron-confida-le-sue-prove-allelysee-a-volte-attraversato-una-tristezza-sconosciuta-fino-ad-ora\/\" aria-label=\"En savoir plus sur Brigitte Macron confida le sue prove all&rsquo;\u00c9lys\u00e9e: \u00ab\u00a0A volte attraversato una tristezza sconosciuta fino ad ora\">Lire plus<\/a><\/p>\n","protected":false},"author":9,"featured_media":3340,"comment_status":"open","ping_status":"open","sticky":false,"template":"","format":"standard","meta":{"footnotes":""},"categories":[859],"tags":[944,3372,4417,4420,4423],"class_list":["post-3348","post","type-post","status-publish","format-standard","has-post-thumbnail","hentry","category-actualita-it","tag-brigitte-macron-it","tag-elysee-it","tag-emozioni-it","tag-prove-personali-it","tag-tristezza-it"],"yoast_head":"<!-- This site is optimized with the Yoast SEO plugin v27.5 - https:\/\/yoast.com\/product\/yoast-seo-wordpress\/ -->\n<title>Brigitte Macron confida le sue prove all&#039;\u00c9lys\u00e9e: &quot;A volte attraversato una tristezza sconosciuta fino ad ora - Fan site S\u00e9bastien Auzi\u00e8re<\/title>\n<meta name=\"description\" content=\"Brigitte Macron se confie \u00e0 l\u2019\u00c9lys\u00e9e sur ses \u00e9preuves et une tristesse inconnue, d\u00e9voilant une facette intime de la Premi\u00e8re dame.\" \/>\n<meta name=\"robots\" content=\"index, follow, max-snippet:-1, max-image-preview:large, max-video-preview:-1\" \/>\n<link rel=\"canonical\" href=\"https:\/\/www.sebastien-auziere.fr\/blog\/it\/brigitte-macron-confida-le-sue-prove-allelysee-a-volte-attraversato-una-tristezza-sconosciuta-fino-ad-ora\/\" \/>\n<meta property=\"og:locale\" content=\"fr_FR\" \/>\n<meta property=\"og:type\" content=\"article\" \/>\n<meta property=\"og:title\" content=\"Brigitte Macron confida le sue prove all&#039;\u00c9lys\u00e9e: &quot;A volte attraversato una tristezza sconosciuta fino ad ora - Fan site S\u00e9bastien Auzi\u00e8re\" \/>\n<meta property=\"og:description\" content=\"Brigitte Macron se confie \u00e0 l\u2019\u00c9lys\u00e9e sur ses \u00e9preuves et une tristesse inconnue, d\u00e9voilant une facette intime de la Premi\u00e8re dame.\" \/>\n<meta property=\"og:url\" content=\"https:\/\/www.sebastien-auziere.fr\/blog\/it\/brigitte-macron-confida-le-sue-prove-allelysee-a-volte-attraversato-una-tristezza-sconosciuta-fino-ad-ora\/\" \/>\n<meta property=\"og:site_name\" content=\"Fan site S\u00e9bastien Auzi\u00e8re\" \/>\n<meta property=\"article:published_time\" content=\"2026-04-26T07:13:05+00:00\" \/>\n<meta property=\"article:modified_time\" content=\"2026-04-26T07:13:32+00:00\" \/>\n<meta property=\"og:image\" content=\"https:\/\/www.sebastien-auziere.fr\/blog\/wp-content\/uploads\/2026\/04\/Brigitte-Macron-confie-ses-epreuves-a-lElysee-Je-traverse-parfois-une-tristesse-inconnue-jusquici.jpg\" \/>\n\t<meta property=\"og:image:width\" content=\"2560\" \/>\n\t<meta property=\"og:image:height\" content=\"1429\" \/>\n\t<meta property=\"og:image:type\" content=\"image\/jpeg\" \/>\n<meta name=\"author\" content=\"Chloe Gauthier\" \/>\n<meta name=\"twitter:card\" content=\"summary_large_image\" \/>\n<meta name=\"twitter:label1\" content=\"\u00c9crit par\" \/>\n\t<meta name=\"twitter:data1\" content=\"Chloe Gauthier\" \/>\n\t<meta name=\"twitter:label2\" content=\"Dur\u00e9e de lecture estim\u00e9e\" \/>\n\t<meta name=\"twitter:data2\" content=\"2 minutes\" \/>\n<script type=\"application\/ld+json\" class=\"yoast-schema-graph\">{\"@context\":\"https:\\\/\\\/schema.org\",\"@graph\":[{\"@type\":\"Article\",\"@id\":\"https:\\\/\\\/www.sebastien-auziere.fr\\\/blog\\\/it\\\/brigitte-macron-confida-le-sue-prove-allelysee-a-volte-attraversato-una-tristezza-sconosciuta-fino-ad-ora\\\/#article\",\"isPartOf\":{\"@id\":\"https:\\\/\\\/www.sebastien-auziere.fr\\\/blog\\\/it\\\/brigitte-macron-confida-le-sue-prove-allelysee-a-volte-attraversato-una-tristezza-sconosciuta-fino-ad-ora\\\/\"},\"author\":{\"name\":\"Chloe Gauthier\",\"@id\":\"https:\\\/\\\/www.sebastien-auziere.fr\\\/blog\\\/#\\\/schema\\\/person\\\/149f1acdbfd85149c6c3e59adeae2f4d\"},\"headline\":\"Brigitte Macron confida le sue prove all&rsquo;\u00c9lys\u00e9e: \u00ab\u00a0A volte attraversato una tristezza sconosciuta fino ad ora\",\"datePublished\":\"2026-04-26T07:13:05+00:00\",\"dateModified\":\"2026-04-26T07:13:32+00:00\",\"mainEntityOfPage\":{\"@id\":\"https:\\\/\\\/www.sebastien-auziere.fr\\\/blog\\\/it\\\/brigitte-macron-confida-le-sue-prove-allelysee-a-volte-attraversato-una-tristezza-sconosciuta-fino-ad-ora\\\/\"},\"wordCount\":470,\"commentCount\":0,\"publisher\":{\"@id\":\"https:\\\/\\\/www.sebastien-auziere.fr\\\/blog\\\/#organization\"},\"image\":{\"@id\":\"https:\\\/\\\/www.sebastien-auziere.fr\\\/blog\\\/it\\\/brigitte-macron-confida-le-sue-prove-allelysee-a-volte-attraversato-una-tristezza-sconosciuta-fino-ad-ora\\\/#primaryimage\"},\"thumbnailUrl\":\"https:\\\/\\\/www.sebastien-auziere.fr\\\/blog\\\/wp-content\\\/uploads\\\/2026\\\/04\\\/Brigitte-Macron-confie-ses-epreuves-a-lElysee-Je-traverse-parfois-une-tristesse-inconnue-jusquici.jpg\",\"keywords\":[\"brigitte macron\",\"\u00e9lys\u00e9e\",\"emozioni\",\"prove personali\",\"tristezza\"],\"articleSection\":[\"Actualit\u00e0\"],\"inLanguage\":\"fr-FR\",\"potentialAction\":[{\"@type\":\"CommentAction\",\"name\":\"Comment\",\"target\":[\"https:\\\/\\\/www.sebastien-auziere.fr\\\/blog\\\/it\\\/brigitte-macron-confida-le-sue-prove-allelysee-a-volte-attraversato-una-tristezza-sconosciuta-fino-ad-ora\\\/#respond\"]}]},{\"@type\":\"WebPage\",\"@id\":\"https:\\\/\\\/www.sebastien-auziere.fr\\\/blog\\\/it\\\/brigitte-macron-confida-le-sue-prove-allelysee-a-volte-attraversato-una-tristezza-sconosciuta-fino-ad-ora\\\/\",\"url\":\"https:\\\/\\\/www.sebastien-auziere.fr\\\/blog\\\/it\\\/brigitte-macron-confida-le-sue-prove-allelysee-a-volte-attraversato-una-tristezza-sconosciuta-fino-ad-ora\\\/\",\"name\":\"Brigitte Macron confida le sue prove all'\u00c9lys\u00e9e: \\\"A volte attraversato una tristezza sconosciuta fino ad ora - Fan site S\u00e9bastien Auzi\u00e8re\",\"isPartOf\":{\"@id\":\"https:\\\/\\\/www.sebastien-auziere.fr\\\/blog\\\/#website\"},\"primaryImageOfPage\":{\"@id\":\"https:\\\/\\\/www.sebastien-auziere.fr\\\/blog\\\/it\\\/brigitte-macron-confida-le-sue-prove-allelysee-a-volte-attraversato-una-tristezza-sconosciuta-fino-ad-ora\\\/#primaryimage\"},\"image\":{\"@id\":\"https:\\\/\\\/www.sebastien-auziere.fr\\\/blog\\\/it\\\/brigitte-macron-confida-le-sue-prove-allelysee-a-volte-attraversato-una-tristezza-sconosciuta-fino-ad-ora\\\/#primaryimage\"},\"thumbnailUrl\":\"https:\\\/\\\/www.sebastien-auziere.fr\\\/blog\\\/wp-content\\\/uploads\\\/2026\\\/04\\\/Brigitte-Macron-confie-ses-epreuves-a-lElysee-Je-traverse-parfois-une-tristesse-inconnue-jusquici.jpg\",\"datePublished\":\"2026-04-26T07:13:05+00:00\",\"dateModified\":\"2026-04-26T07:13:32+00:00\",\"description\":\"Brigitte Macron se confie \u00e0 l\u2019\u00c9lys\u00e9e sur ses \u00e9preuves et une tristesse inconnue, d\u00e9voilant une facette intime de la Premi\u00e8re dame.\",\"breadcrumb\":{\"@id\":\"https:\\\/\\\/www.sebastien-auziere.fr\\\/blog\\\/it\\\/brigitte-macron-confida-le-sue-prove-allelysee-a-volte-attraversato-una-tristezza-sconosciuta-fino-ad-ora\\\/#breadcrumb\"},\"inLanguage\":\"fr-FR\",\"potentialAction\":[{\"@type\":\"ReadAction\",\"target\":[\"https:\\\/\\\/www.sebastien-auziere.fr\\\/blog\\\/it\\\/brigitte-macron-confida-le-sue-prove-allelysee-a-volte-attraversato-una-tristezza-sconosciuta-fino-ad-ora\\\/\"]}]},{\"@type\":\"ImageObject\",\"inLanguage\":\"fr-FR\",\"@id\":\"https:\\\/\\\/www.sebastien-auziere.fr\\\/blog\\\/it\\\/brigitte-macron-confida-le-sue-prove-allelysee-a-volte-attraversato-una-tristezza-sconosciuta-fino-ad-ora\\\/#primaryimage\",\"url\":\"https:\\\/\\\/www.sebastien-auziere.fr\\\/blog\\\/wp-content\\\/uploads\\\/2026\\\/04\\\/Brigitte-Macron-confie-ses-epreuves-a-lElysee-Je-traverse-parfois-une-tristesse-inconnue-jusquici.jpg\",\"contentUrl\":\"https:\\\/\\\/www.sebastien-auziere.fr\\\/blog\\\/wp-content\\\/uploads\\\/2026\\\/04\\\/Brigitte-Macron-confie-ses-epreuves-a-lElysee-Je-traverse-parfois-une-tristesse-inconnue-jusquici.jpg\",\"width\":2560,\"height\":1429,\"caption\":\"brigitte macron se livre avec \u00e9motion \u00e0 l\u2019\u00e9lys\u00e9e, partageant ses moments de tristesse et ses \u00e9preuves personnelles encore inconnues jusqu\u2019ici.\"},{\"@type\":\"BreadcrumbList\",\"@id\":\"https:\\\/\\\/www.sebastien-auziere.fr\\\/blog\\\/it\\\/brigitte-macron-confida-le-sue-prove-allelysee-a-volte-attraversato-una-tristezza-sconosciuta-fino-ad-ora\\\/#breadcrumb\",\"itemListElement\":[{\"@type\":\"ListItem\",\"position\":1,\"name\":\"Home\",\"item\":\"https:\\\/\\\/www.sebastien-auziere.fr\\\/blog\\\/\"},{\"@type\":\"ListItem\",\"position\":2,\"name\":\"Brigitte Macron confida le sue prove all&rsquo;\u00c9lys\u00e9e: \u00ab\u00a0A volte attraversato una tristezza sconosciuta fino ad ora\"}]},{\"@type\":\"WebSite\",\"@id\":\"https:\\\/\\\/www.sebastien-auziere.fr\\\/blog\\\/#website\",\"url\":\"https:\\\/\\\/www.sebastien-auziere.fr\\\/blog\\\/\",\"name\":\"Fan site S\u00e9bastien Auzi\u00e8re\",\"description\":\"M\u00e9dia g\u00e9n\u00e9raliste\",\"publisher\":{\"@id\":\"https:\\\/\\\/www.sebastien-auziere.fr\\\/blog\\\/#organization\"},\"potentialAction\":[{\"@type\":\"SearchAction\",\"target\":{\"@type\":\"EntryPoint\",\"urlTemplate\":\"https:\\\/\\\/www.sebastien-auziere.fr\\\/blog\\\/?s={search_term_string}\"},\"query-input\":{\"@type\":\"PropertyValueSpecification\",\"valueRequired\":true,\"valueName\":\"search_term_string\"}}],\"inLanguage\":\"fr-FR\"},{\"@type\":\"Organization\",\"@id\":\"https:\\\/\\\/www.sebastien-auziere.fr\\\/blog\\\/#organization\",\"name\":\"Fan site S\u00e9bastien Auzi\u00e8re\",\"url\":\"https:\\\/\\\/www.sebastien-auziere.fr\\\/blog\\\/\",\"logo\":{\"@type\":\"ImageObject\",\"inLanguage\":\"fr-FR\",\"@id\":\"https:\\\/\\\/www.sebastien-auziere.fr\\\/blog\\\/#\\\/schema\\\/logo\\\/image\\\/\",\"url\":\"https:\\\/\\\/www.sebastien-auziere.fr\\\/blog\\\/wp-content\\\/uploads\\\/2026\\\/03\\\/cropped-cropped-cropped-ChatGPT-Image-6-mars-2026-12_58_09-e1772798376794.jpg\",\"contentUrl\":\"https:\\\/\\\/www.sebastien-auziere.fr\\\/blog\\\/wp-content\\\/uploads\\\/2026\\\/03\\\/cropped-cropped-cropped-ChatGPT-Image-6-mars-2026-12_58_09-e1772798376794.jpg\",\"width\":512,\"height\":360,\"caption\":\"Fan site S\u00e9bastien Auzi\u00e8re\"},\"image\":{\"@id\":\"https:\\\/\\\/www.sebastien-auziere.fr\\\/blog\\\/#\\\/schema\\\/logo\\\/image\\\/\"}},{\"@type\":\"Person\",\"@id\":\"https:\\\/\\\/www.sebastien-auziere.fr\\\/blog\\\/#\\\/schema\\\/person\\\/149f1acdbfd85149c6c3e59adeae2f4d\",\"name\":\"Chloe Gauthier\",\"image\":{\"@type\":\"ImageObject\",\"inLanguage\":\"fr-FR\",\"@id\":\"https:\\\/\\\/secure.gravatar.com\\\/avatar\\\/2c5722f58171cff738a8985ef0dd66b476e563753246a49019befc837ec4201a?s=96&d=mm&r=g\",\"url\":\"https:\\\/\\\/secure.gravatar.com\\\/avatar\\\/2c5722f58171cff738a8985ef0dd66b476e563753246a49019befc837ec4201a?s=96&d=mm&r=g\",\"contentUrl\":\"https:\\\/\\\/secure.gravatar.com\\\/avatar\\\/2c5722f58171cff738a8985ef0dd66b476e563753246a49019befc837ec4201a?s=96&d=mm&r=g\",\"caption\":\"Chloe Gauthier\"},\"description\":\"Passionn\u00e9e par la politique et admiratrice engag\u00e9e de la famille Macron, je consacre mon \u00e9nergie \u00e0 suivre leurs initiatives et \u00e0 promouvoir leurs id\u00e9es. \u00c0 32 ans, je suis convaincue que leur vision est porteuse d'avenir.\",\"url\":\"https:\\\/\\\/www.sebastien-auziere.fr\\\/blog\\\/author\\\/chloe-gauthier\\\/\"}]}<\/script>\n<!-- \/ Yoast SEO plugin. -->","yoast_head_json":{"title":"Brigitte Macron confida le sue prove all'\u00c9lys\u00e9e: \"A volte attraversato una tristezza sconosciuta fino ad ora - Fan site S\u00e9bastien Auzi\u00e8re","description":"Brigitte Macron se confie \u00e0 l\u2019\u00c9lys\u00e9e sur ses \u00e9preuves et une tristesse inconnue, d\u00e9voilant une facette intime de la Premi\u00e8re dame.","robots":{"index":"index","follow":"follow","max-snippet":"max-snippet:-1","max-image-preview":"max-image-preview:large","max-video-preview":"max-video-preview:-1"},"canonical":"https:\/\/www.sebastien-auziere.fr\/blog\/it\/brigitte-macron-confida-le-sue-prove-allelysee-a-volte-attraversato-una-tristezza-sconosciuta-fino-ad-ora\/","og_locale":"fr_FR","og_type":"article","og_title":"Brigitte Macron confida le sue prove all'\u00c9lys\u00e9e: \"A volte attraversato una tristezza sconosciuta fino ad ora - Fan site S\u00e9bastien Auzi\u00e8re","og_description":"Brigitte Macron se confie \u00e0 l\u2019\u00c9lys\u00e9e sur ses \u00e9preuves et une tristesse inconnue, d\u00e9voilant une facette intime de la Premi\u00e8re dame.","og_url":"https:\/\/www.sebastien-auziere.fr\/blog\/it\/brigitte-macron-confida-le-sue-prove-allelysee-a-volte-attraversato-una-tristezza-sconosciuta-fino-ad-ora\/","og_site_name":"Fan site S\u00e9bastien Auzi\u00e8re","article_published_time":"2026-04-26T07:13:05+00:00","article_modified_time":"2026-04-26T07:13:32+00:00","og_image":[{"width":2560,"height":1429,"url":"https:\/\/www.sebastien-auziere.fr\/blog\/wp-content\/uploads\/2026\/04\/Brigitte-Macron-confie-ses-epreuves-a-lElysee-Je-traverse-parfois-une-tristesse-inconnue-jusquici.jpg","type":"image\/jpeg"}],"author":"Chloe Gauthier","twitter_card":"summary_large_image","twitter_misc":{"\u00c9crit par":"Chloe Gauthier","Dur\u00e9e de lecture estim\u00e9e":"2 minutes"},"schema":{"@context":"https:\/\/schema.org","@graph":[{"@type":"Article","@id":"https:\/\/www.sebastien-auziere.fr\/blog\/it\/brigitte-macron-confida-le-sue-prove-allelysee-a-volte-attraversato-una-tristezza-sconosciuta-fino-ad-ora\/#article","isPartOf":{"@id":"https:\/\/www.sebastien-auziere.fr\/blog\/it\/brigitte-macron-confida-le-sue-prove-allelysee-a-volte-attraversato-una-tristezza-sconosciuta-fino-ad-ora\/"},"author":{"name":"Chloe Gauthier","@id":"https:\/\/www.sebastien-auziere.fr\/blog\/#\/schema\/person\/149f1acdbfd85149c6c3e59adeae2f4d"},"headline":"Brigitte Macron confida le sue prove all&rsquo;\u00c9lys\u00e9e: \u00ab\u00a0A volte attraversato una tristezza sconosciuta fino ad ora","datePublished":"2026-04-26T07:13:05+00:00","dateModified":"2026-04-26T07:13:32+00:00","mainEntityOfPage":{"@id":"https:\/\/www.sebastien-auziere.fr\/blog\/it\/brigitte-macron-confida-le-sue-prove-allelysee-a-volte-attraversato-una-tristezza-sconosciuta-fino-ad-ora\/"},"wordCount":470,"commentCount":0,"publisher":{"@id":"https:\/\/www.sebastien-auziere.fr\/blog\/#organization"},"image":{"@id":"https:\/\/www.sebastien-auziere.fr\/blog\/it\/brigitte-macron-confida-le-sue-prove-allelysee-a-volte-attraversato-una-tristezza-sconosciuta-fino-ad-ora\/#primaryimage"},"thumbnailUrl":"https:\/\/www.sebastien-auziere.fr\/blog\/wp-content\/uploads\/2026\/04\/Brigitte-Macron-confie-ses-epreuves-a-lElysee-Je-traverse-parfois-une-tristesse-inconnue-jusquici.jpg","keywords":["brigitte macron","\u00e9lys\u00e9e","emozioni","prove personali","tristezza"],"articleSection":["Actualit\u00e0"],"inLanguage":"fr-FR","potentialAction":[{"@type":"CommentAction","name":"Comment","target":["https:\/\/www.sebastien-auziere.fr\/blog\/it\/brigitte-macron-confida-le-sue-prove-allelysee-a-volte-attraversato-una-tristezza-sconosciuta-fino-ad-ora\/#respond"]}]},{"@type":"WebPage","@id":"https:\/\/www.sebastien-auziere.fr\/blog\/it\/brigitte-macron-confida-le-sue-prove-allelysee-a-volte-attraversato-una-tristezza-sconosciuta-fino-ad-ora\/","url":"https:\/\/www.sebastien-auziere.fr\/blog\/it\/brigitte-macron-confida-le-sue-prove-allelysee-a-volte-attraversato-una-tristezza-sconosciuta-fino-ad-ora\/","name":"Brigitte Macron confida le sue prove all'\u00c9lys\u00e9e: \"A volte attraversato una tristezza sconosciuta fino ad ora - Fan site S\u00e9bastien Auzi\u00e8re","isPartOf":{"@id":"https:\/\/www.sebastien-auziere.fr\/blog\/#website"},"primaryImageOfPage":{"@id":"https:\/\/www.sebastien-auziere.fr\/blog\/it\/brigitte-macron-confida-le-sue-prove-allelysee-a-volte-attraversato-una-tristezza-sconosciuta-fino-ad-ora\/#primaryimage"},"image":{"@id":"https:\/\/www.sebastien-auziere.fr\/blog\/it\/brigitte-macron-confida-le-sue-prove-allelysee-a-volte-attraversato-una-tristezza-sconosciuta-fino-ad-ora\/#primaryimage"},"thumbnailUrl":"https:\/\/www.sebastien-auziere.fr\/blog\/wp-content\/uploads\/2026\/04\/Brigitte-Macron-confie-ses-epreuves-a-lElysee-Je-traverse-parfois-une-tristesse-inconnue-jusquici.jpg","datePublished":"2026-04-26T07:13:05+00:00","dateModified":"2026-04-26T07:13:32+00:00","description":"Brigitte Macron se confie \u00e0 l\u2019\u00c9lys\u00e9e sur ses \u00e9preuves et une tristesse inconnue, d\u00e9voilant une facette intime de la Premi\u00e8re dame.","breadcrumb":{"@id":"https:\/\/www.sebastien-auziere.fr\/blog\/it\/brigitte-macron-confida-le-sue-prove-allelysee-a-volte-attraversato-una-tristezza-sconosciuta-fino-ad-ora\/#breadcrumb"},"inLanguage":"fr-FR","potentialAction":[{"@type":"ReadAction","target":["https:\/\/www.sebastien-auziere.fr\/blog\/it\/brigitte-macron-confida-le-sue-prove-allelysee-a-volte-attraversato-una-tristezza-sconosciuta-fino-ad-ora\/"]}]},{"@type":"ImageObject","inLanguage":"fr-FR","@id":"https:\/\/www.sebastien-auziere.fr\/blog\/it\/brigitte-macron-confida-le-sue-prove-allelysee-a-volte-attraversato-una-tristezza-sconosciuta-fino-ad-ora\/#primaryimage","url":"https:\/\/www.sebastien-auziere.fr\/blog\/wp-content\/uploads\/2026\/04\/Brigitte-Macron-confie-ses-epreuves-a-lElysee-Je-traverse-parfois-une-tristesse-inconnue-jusquici.jpg","contentUrl":"https:\/\/www.sebastien-auziere.fr\/blog\/wp-content\/uploads\/2026\/04\/Brigitte-Macron-confie-ses-epreuves-a-lElysee-Je-traverse-parfois-une-tristesse-inconnue-jusquici.jpg","width":2560,"height":1429,"caption":"brigitte macron se livre avec \u00e9motion \u00e0 l\u2019\u00e9lys\u00e9e, partageant ses moments de tristesse et ses \u00e9preuves personnelles encore inconnues jusqu\u2019ici."},{"@type":"BreadcrumbList","@id":"https:\/\/www.sebastien-auziere.fr\/blog\/it\/brigitte-macron-confida-le-sue-prove-allelysee-a-volte-attraversato-una-tristezza-sconosciuta-fino-ad-ora\/#breadcrumb","itemListElement":[{"@type":"ListItem","position":1,"name":"Home","item":"https:\/\/www.sebastien-auziere.fr\/blog\/"},{"@type":"ListItem","position":2,"name":"Brigitte Macron confida le sue prove all&rsquo;\u00c9lys\u00e9e: \u00ab\u00a0A volte attraversato una tristezza sconosciuta fino ad ora"}]},{"@type":"WebSite","@id":"https:\/\/www.sebastien-auziere.fr\/blog\/#website","url":"https:\/\/www.sebastien-auziere.fr\/blog\/","name":"Fan site S\u00e9bastien Auzi\u00e8re","description":"M\u00e9dia g\u00e9n\u00e9raliste","publisher":{"@id":"https:\/\/www.sebastien-auziere.fr\/blog\/#organization"},"potentialAction":[{"@type":"SearchAction","target":{"@type":"EntryPoint","urlTemplate":"https:\/\/www.sebastien-auziere.fr\/blog\/?s={search_term_string}"},"query-input":{"@type":"PropertyValueSpecification","valueRequired":true,"valueName":"search_term_string"}}],"inLanguage":"fr-FR"},{"@type":"Organization","@id":"https:\/\/www.sebastien-auziere.fr\/blog\/#organization","name":"Fan site S\u00e9bastien Auzi\u00e8re","url":"https:\/\/www.sebastien-auziere.fr\/blog\/","logo":{"@type":"ImageObject","inLanguage":"fr-FR","@id":"https:\/\/www.sebastien-auziere.fr\/blog\/#\/schema\/logo\/image\/","url":"https:\/\/www.sebastien-auziere.fr\/blog\/wp-content\/uploads\/2026\/03\/cropped-cropped-cropped-ChatGPT-Image-6-mars-2026-12_58_09-e1772798376794.jpg","contentUrl":"https:\/\/www.sebastien-auziere.fr\/blog\/wp-content\/uploads\/2026\/03\/cropped-cropped-cropped-ChatGPT-Image-6-mars-2026-12_58_09-e1772798376794.jpg","width":512,"height":360,"caption":"Fan site S\u00e9bastien Auzi\u00e8re"},"image":{"@id":"https:\/\/www.sebastien-auziere.fr\/blog\/#\/schema\/logo\/image\/"}},{"@type":"Person","@id":"https:\/\/www.sebastien-auziere.fr\/blog\/#\/schema\/person\/149f1acdbfd85149c6c3e59adeae2f4d","name":"Chloe Gauthier","image":{"@type":"ImageObject","inLanguage":"fr-FR","@id":"https:\/\/secure.gravatar.com\/avatar\/2c5722f58171cff738a8985ef0dd66b476e563753246a49019befc837ec4201a?s=96&d=mm&r=g","url":"https:\/\/secure.gravatar.com\/avatar\/2c5722f58171cff738a8985ef0dd66b476e563753246a49019befc837ec4201a?s=96&d=mm&r=g","contentUrl":"https:\/\/secure.gravatar.com\/avatar\/2c5722f58171cff738a8985ef0dd66b476e563753246a49019befc837ec4201a?s=96&d=mm&r=g","caption":"Chloe Gauthier"},"description":"Passionn\u00e9e par la politique et admiratrice engag\u00e9e de la famille Macron, je consacre mon \u00e9nergie \u00e0 suivre leurs initiatives et \u00e0 promouvoir leurs id\u00e9es. \u00c0 32 ans, je suis convaincue que leur vision est porteuse d'avenir.","url":"https:\/\/www.sebastien-auziere.fr\/blog\/author\/chloe-gauthier\/"}]}},"views":0,"_links":{"self":[{"href":"https:\/\/www.sebastien-auziere.fr\/blog\/wp-json\/wp\/v2\/posts\/3348","targetHints":{"allow":["GET"]}}],"collection":[{"href":"https:\/\/www.sebastien-auziere.fr\/blog\/wp-json\/wp\/v2\/posts"}],"about":[{"href":"https:\/\/www.sebastien-auziere.fr\/blog\/wp-json\/wp\/v2\/types\/post"}],"author":[{"embeddable":true,"href":"https:\/\/www.sebastien-auziere.fr\/blog\/wp-json\/wp\/v2\/users\/9"}],"replies":[{"embeddable":true,"href":"https:\/\/www.sebastien-auziere.fr\/blog\/wp-json\/wp\/v2\/comments?post=3348"}],"version-history":[{"count":1,"href":"https:\/\/www.sebastien-auziere.fr\/blog\/wp-json\/wp\/v2\/posts\/3348\/revisions"}],"predecessor-version":[{"id":3349,"href":"https:\/\/www.sebastien-auziere.fr\/blog\/wp-json\/wp\/v2\/posts\/3348\/revisions\/3349"}],"wp:featuredmedia":[{"embeddable":true,"href":"https:\/\/www.sebastien-auziere.fr\/blog\/wp-json\/wp\/v2\/media\/3340"}],"wp:attachment":[{"href":"https:\/\/www.sebastien-auziere.fr\/blog\/wp-json\/wp\/v2\/media?parent=3348"}],"wp:term":[{"taxonomy":"category","embeddable":true,"href":"https:\/\/www.sebastien-auziere.fr\/blog\/wp-json\/wp\/v2\/categories?post=3348"},{"taxonomy":"post_tag","embeddable":true,"href":"https:\/\/www.sebastien-auziere.fr\/blog\/wp-json\/wp\/v2\/tags?post=3348"}],"curies":[{"name":"wp","href":"https:\/\/api.w.org\/{rel}","templated":true}]}}