{"id":3346,"date":"2026-04-26T07:10:48","date_gmt":"2026-04-26T07:10:48","guid":{"rendered":"https:\/\/www.sebastien-auziere.fr\/blog\/?p=3346"},"modified":"2026-04-26T07:11:09","modified_gmt":"2026-04-26T07:11:09","slug":"brigitte-macron-vertraut-ihre-prufungen-im-elysee-an-manchmal-durchlebe-ich-eine-bisher-unbekannte-traurigkeit","status":"publish","type":"post","link":"https:\/\/www.sebastien-auziere.fr\/blog\/de\/brigitte-macron-vertraut-ihre-prufungen-im-elysee-an-manchmal-durchlebe-ich-eine-bisher-unbekannte-traurigkeit\/","title":{"rendered":"Brigitte Macron vertraut ihre Pr\u00fcfungen im \u00c9lys\u00e9e an: \u00ab\u00a0Manchmal durchlebe ich eine bisher unbekannte Traurigkeit"},"content":{"rendered":"<p><strong>Brigitte Macron<\/strong> hat ein seltenes und ber\u00fchrendes Gest\u00e4ndnis abgelegt: \u00ab <strong>Ich bin manchmal traurig, wie ich es nie zuvor war<\/strong> \u00bb, erkl\u00e4rte sie am <strong>26. April 2026<\/strong> gegen\u00fcber <strong>La Tribune Dimanche<\/strong>. Hier erf\u00e4hrst du, wie diese Worte die <strong>Pr\u00fcfungen<\/strong> und die <strong>Intimit\u00e4t<\/strong> eines Lebens unter den Scheinwerfern des <strong>\u00c9lys\u00e9e<\/strong> offenbaren.<\/p>\n\n<p><strong>Kurz gesagt:<\/strong> Die erste Dame, <strong>73 Jahre<\/strong> alt, ist aus einem Trip nach Marokko mit ihrer Tochter <strong>Tiphaine<\/strong> zur\u00fcckgekehrt, leitet Live-Zentren, die von Bernard Arnault gegr\u00fcndet wurden, f\u00fchrt ein geheimes Tagebuch, um ihre <strong>Emotionen<\/strong> zu bew\u00e4ltigen, und hat t\u00e4gliche Rituale (Fitness, Radfahren, Spazierg\u00e4nge) etabliert, um mit ihren <strong>Schwierigkeiten<\/strong> umzugehen.<\/p>\n\n<h2 class=\"wp-block-heading\">Das Gest\u00e4ndnis im Herzen des \u00c9lys\u00e9e und seine Folgen<\/h2>\n\n<p>In diesem Interview erkl\u00e4rt <strong>Brigitte Macron<\/strong>, dass die neun bis zehn Jahre im <strong>\u00c9lys\u00e9e<\/strong> Spuren hinterlassen haben: \u00ab <strong>Ich habe die Dunkelheit der Welt, die Dummheit, die Boshaftigkeit gesehen<\/strong> \u00bb. Diese Feststellung, ver\u00f6ffentlicht am 26. April, bietet einen neuen Blick auf den psychologischen Einfluss \u00f6ffentlicher \u00c4mter.<\/p>\n\n<p>Die Genauigkeit des Datums und die Quelle verst\u00e4rken die Glaubw\u00fcrdigkeit dieses <strong>Gest\u00e4ndnisses<\/strong> und zeigen, wie sehr die \u00f6ffentliche Sichtbarkeit das Privatleben ver\u00e4ndern kann. Es ist ein Aufruf, das Isolationserlebnis der Rolle besser zu verstehen.<\/p>\n\n<h3 class=\"wp-block-heading\">Bel\u00e4stigung, Ger\u00fcchte und \u00f6ffentliche Reaktionen<\/h3>\n\n<p>Seit 2017 war <strong>Brigitte Macron<\/strong> Ziel wiederholter Angriffe; Marl\u00e8ne Schiappa bezeichnete sie sogar als \u00ab <strong>die am meisten bel\u00e4stigte Frau<\/strong> in Frankreich \u00bb. Das transphobe Ger\u00fccht von 2021 und seine internationale Verbreitung haben den medialen Druck verst\u00e4rkt.<\/p>\n\n<p>Sie hat die Auswirkungen von Hass und L\u00fcgen, insbesondere auf Jugendliche, w\u00e4hrend eines Auftritts in der Nachrichtensendung von TF1 im Jahr 2024 angeprangert. F\u00fcr weitere Informationen zum medialen Kontext lese den Artikel auf <a href=\"https:\/\/www.gala.fr\/l_actu\/news_de_stars\/brigitte-macron-eprouvee-par-ses-annees-a-l-elysee-je-suis-parfois-triste-comme-jamais-je-n-avais-ete-20260426\" rel=\"nofollow\">Gala<\/a>.<\/p>\n\n<p>Die Enth\u00fcllung dieser Angriffe erkl\u00e4rt teilweise ihre \u00f6ffentliche Verwundbarkeit und ihre Suche nach Schutz.<\/p>\n\n<h2 class=\"wp-block-heading\">Rituale, Schreiben und Resilienz im Alltag<\/h2>\n\n<p>Um ihre mentale Gesundheit zu bewahren, hat <strong>Brigitte Macron<\/strong> Rituale eingef\u00fchrt: Fitness, Radfahren und t\u00e4gliche einst\u00fcndige Spazierg\u00e4nge. Sie f\u00f6rdert auch das Schreiben, eine Praxis, die sie den Sch\u00fclern der Live-Zentren, die mit Unterst\u00fctzung von Bernard Arnault gegr\u00fcndet wurden, vermittelt hat.<\/p>\n\n<p>Diese konkreten Handlungen sind eine pers\u00f6nliche Antwort auf die <strong>Schwierigkeiten<\/strong> und intensiven <strong>Emotionen<\/strong>, die im <strong>\u00c9lys\u00e9e<\/strong> erlebt wurden. Der Bericht von <a href=\"https:\/\/www.lemonde.fr\/politique\/article\/2026\/04\/26\/brigitte-macron-se-confie-sur-ses-annees-passees-a-l-elysee-et-affirme-y-avoir-vu-la-noirceur-du-monde-la-betise-la-mechancete_6683439_823448.html\" rel=\"nofollow\">Le Monde<\/a> beschreibt diese Initiativen und deren Reichweite.<\/p>\n\n<h3 class=\"wp-block-heading\">Was diese Gest\u00e4ndnisse \u00fcber die Zukunft sagen<\/h3>\n\n<p>Angesichts der Aussicht auf den Abschied vom <strong>\u00c9lys\u00e9e<\/strong> im Jahr 2027 vermitteln ihre Worte eine Reflexion \u00fcber die Zukunft: R\u00fcckkehr zu einem diskreteren Leben, aber auch der Wille zu sozialem Handeln. Ihr Platz bleibt gepr\u00e4gt von der Suche nach <strong>Unterst\u00fctzung<\/strong> und <strong>Resilienz<\/strong>.<\/p>\n\n<p>Diese Gest\u00e4ndnisse laden dazu ein, zu \u00fcberdenken, wie die Gesellschaft die Angeh\u00f6rigen \u00f6ffentlicher Verantwortung sch\u00fctzt. Letzte Einsicht: Bekanntheit erfordert auch menschliche Schutzma\u00dfnahmen.<\/p>\n\n<p>F\u00fcr weitere Informationen \u00fcber das famili\u00e4re Umfeld und den Werdegang derjenigen, die den Pr\u00e4sidenten umgeben, erfahre mehr \u00fcber <a href=\"https:\/\/sebastien-auziere.fr\" rel=\"nofollow\">S\u00e9bastien Auzi\u00e8re und die Familie Macron<\/a> und tauche ein in die Geschichten, die diese Gest\u00e4ndnisse erhellen.<\/p>","protected":false},"excerpt":{"rendered":"<p>Brigitte Macron hat ein seltenes und ber\u00fchrendes Gest\u00e4ndnis abgelegt: \u00ab Ich bin manchmal traurig, wie ich es nie zuvor war \u00bb, erkl\u00e4rte sie am 26. April 2026 gegen\u00fcber La Tribune Dimanche. Hier erf\u00e4hrst du, wie diese Worte die Pr\u00fcfungen und die Intimit\u00e4t eines Lebens unter den Scheinwerfern des \u00c9lys\u00e9e offenbaren. Kurz gesagt: Die erste Dame, &#8230; <a title=\"Brigitte Macron vertraut ihre Pr\u00fcfungen im \u00c9lys\u00e9e an: \u00ab\u00a0Manchmal durchlebe ich eine bisher unbekannte Traurigkeit\" class=\"read-more\" href=\"https:\/\/www.sebastien-auziere.fr\/blog\/de\/brigitte-macron-vertraut-ihre-prufungen-im-elysee-an-manchmal-durchlebe-ich-eine-bisher-unbekannte-traurigkeit\/\" aria-label=\"En savoir plus sur Brigitte Macron vertraut ihre Pr\u00fcfungen im \u00c9lys\u00e9e an: \u00ab\u00a0Manchmal durchlebe ich eine bisher unbekannte Traurigkeit\">Lire plus<\/a><\/p>\n","protected":false},"author":9,"featured_media":3340,"comment_status":"open","ping_status":"open","sticky":false,"template":"","format":"standard","meta":{"footnotes":""},"categories":[856],"tags":[929,3360,4408,4411,4414],"class_list":["post-3346","post","type-post","status-publish","format-standard","has-post-thumbnail","hentry","category-aktuelles-de","tag-brigitte-macron-de","tag-elysee-de","tag-gefuhle-de","tag-personliche-prufungen-de","tag-traurigkeit-de"],"yoast_head":"<!-- This site is optimized with the Yoast SEO plugin v27.5 - https:\/\/yoast.com\/product\/yoast-seo-wordpress\/ -->\n<title>Brigitte Macron vertraut ihre Pr\u00fcfungen im \u00c9lys\u00e9e an: &quot;Manchmal durchlebe ich eine bisher unbekannte Traurigkeit - Fan site S\u00e9bastien Auzi\u00e8re<\/title>\n<meta name=\"description\" content=\"Brigitte Macron se confie \u00e0 l\u2019\u00c9lys\u00e9e sur ses \u00e9preuves et une tristesse inconnue, d\u00e9voilant une facette intime de la Premi\u00e8re dame.\" \/>\n<meta name=\"robots\" content=\"index, follow, max-snippet:-1, max-image-preview:large, max-video-preview:-1\" \/>\n<link rel=\"canonical\" href=\"https:\/\/www.sebastien-auziere.fr\/blog\/de\/brigitte-macron-vertraut-ihre-prufungen-im-elysee-an-manchmal-durchlebe-ich-eine-bisher-unbekannte-traurigkeit\/\" \/>\n<meta property=\"og:locale\" content=\"fr_FR\" \/>\n<meta property=\"og:type\" content=\"article\" \/>\n<meta property=\"og:title\" content=\"Brigitte Macron vertraut ihre Pr\u00fcfungen im \u00c9lys\u00e9e an: &quot;Manchmal durchlebe ich eine bisher unbekannte Traurigkeit - Fan site S\u00e9bastien Auzi\u00e8re\" \/>\n<meta property=\"og:description\" content=\"Brigitte Macron se confie \u00e0 l\u2019\u00c9lys\u00e9e sur ses \u00e9preuves et une tristesse inconnue, d\u00e9voilant une facette intime de la Premi\u00e8re dame.\" \/>\n<meta property=\"og:url\" content=\"https:\/\/www.sebastien-auziere.fr\/blog\/de\/brigitte-macron-vertraut-ihre-prufungen-im-elysee-an-manchmal-durchlebe-ich-eine-bisher-unbekannte-traurigkeit\/\" \/>\n<meta property=\"og:site_name\" content=\"Fan site S\u00e9bastien Auzi\u00e8re\" \/>\n<meta property=\"article:published_time\" content=\"2026-04-26T07:10:48+00:00\" \/>\n<meta property=\"article:modified_time\" content=\"2026-04-26T07:11:09+00:00\" \/>\n<meta property=\"og:image\" content=\"https:\/\/www.sebastien-auziere.fr\/blog\/wp-content\/uploads\/2026\/04\/Brigitte-Macron-confie-ses-epreuves-a-lElysee-Je-traverse-parfois-une-tristesse-inconnue-jusquici.jpg\" \/>\n\t<meta property=\"og:image:width\" content=\"2560\" \/>\n\t<meta property=\"og:image:height\" content=\"1429\" \/>\n\t<meta property=\"og:image:type\" content=\"image\/jpeg\" \/>\n<meta name=\"author\" content=\"Chloe Gauthier\" \/>\n<meta name=\"twitter:card\" content=\"summary_large_image\" \/>\n<meta name=\"twitter:label1\" content=\"\u00c9crit par\" \/>\n\t<meta name=\"twitter:data1\" content=\"Chloe Gauthier\" \/>\n\t<meta name=\"twitter:label2\" content=\"Dur\u00e9e de lecture estim\u00e9e\" \/>\n\t<meta name=\"twitter:data2\" content=\"3 minutes\" \/>\n<script type=\"application\/ld+json\" class=\"yoast-schema-graph\">{\"@context\":\"https:\\\/\\\/schema.org\",\"@graph\":[{\"@type\":\"Article\",\"@id\":\"https:\\\/\\\/www.sebastien-auziere.fr\\\/blog\\\/de\\\/brigitte-macron-vertraut-ihre-prufungen-im-elysee-an-manchmal-durchlebe-ich-eine-bisher-unbekannte-traurigkeit\\\/#article\",\"isPartOf\":{\"@id\":\"https:\\\/\\\/www.sebastien-auziere.fr\\\/blog\\\/de\\\/brigitte-macron-vertraut-ihre-prufungen-im-elysee-an-manchmal-durchlebe-ich-eine-bisher-unbekannte-traurigkeit\\\/\"},\"author\":{\"name\":\"Chloe Gauthier\",\"@id\":\"https:\\\/\\\/www.sebastien-auziere.fr\\\/blog\\\/#\\\/schema\\\/person\\\/149f1acdbfd85149c6c3e59adeae2f4d\"},\"headline\":\"Brigitte Macron vertraut ihre Pr\u00fcfungen im \u00c9lys\u00e9e an: \u00ab\u00a0Manchmal durchlebe ich eine bisher unbekannte Traurigkeit\",\"datePublished\":\"2026-04-26T07:10:48+00:00\",\"dateModified\":\"2026-04-26T07:11:09+00:00\",\"mainEntityOfPage\":{\"@id\":\"https:\\\/\\\/www.sebastien-auziere.fr\\\/blog\\\/de\\\/brigitte-macron-vertraut-ihre-prufungen-im-elysee-an-manchmal-durchlebe-ich-eine-bisher-unbekannte-traurigkeit\\\/\"},\"wordCount\":520,\"commentCount\":0,\"publisher\":{\"@id\":\"https:\\\/\\\/www.sebastien-auziere.fr\\\/blog\\\/#organization\"},\"image\":{\"@id\":\"https:\\\/\\\/www.sebastien-auziere.fr\\\/blog\\\/de\\\/brigitte-macron-vertraut-ihre-prufungen-im-elysee-an-manchmal-durchlebe-ich-eine-bisher-unbekannte-traurigkeit\\\/#primaryimage\"},\"thumbnailUrl\":\"https:\\\/\\\/www.sebastien-auziere.fr\\\/blog\\\/wp-content\\\/uploads\\\/2026\\\/04\\\/Brigitte-Macron-confie-ses-epreuves-a-lElysee-Je-traverse-parfois-une-tristesse-inconnue-jusquici.jpg\",\"keywords\":[\"brigitte macron\",\"\u00e9lys\u00e9e\",\"Gef\u00fchle\",\"pers\u00f6nliche Pr\u00fcfungen\",\"traurigkeit\"],\"articleSection\":[\"Aktuelles\"],\"inLanguage\":\"fr-FR\",\"potentialAction\":[{\"@type\":\"CommentAction\",\"name\":\"Comment\",\"target\":[\"https:\\\/\\\/www.sebastien-auziere.fr\\\/blog\\\/de\\\/brigitte-macron-vertraut-ihre-prufungen-im-elysee-an-manchmal-durchlebe-ich-eine-bisher-unbekannte-traurigkeit\\\/#respond\"]}]},{\"@type\":\"WebPage\",\"@id\":\"https:\\\/\\\/www.sebastien-auziere.fr\\\/blog\\\/de\\\/brigitte-macron-vertraut-ihre-prufungen-im-elysee-an-manchmal-durchlebe-ich-eine-bisher-unbekannte-traurigkeit\\\/\",\"url\":\"https:\\\/\\\/www.sebastien-auziere.fr\\\/blog\\\/de\\\/brigitte-macron-vertraut-ihre-prufungen-im-elysee-an-manchmal-durchlebe-ich-eine-bisher-unbekannte-traurigkeit\\\/\",\"name\":\"Brigitte Macron vertraut ihre Pr\u00fcfungen im \u00c9lys\u00e9e an: \\\"Manchmal durchlebe ich eine bisher unbekannte Traurigkeit - Fan site S\u00e9bastien Auzi\u00e8re\",\"isPartOf\":{\"@id\":\"https:\\\/\\\/www.sebastien-auziere.fr\\\/blog\\\/#website\"},\"primaryImageOfPage\":{\"@id\":\"https:\\\/\\\/www.sebastien-auziere.fr\\\/blog\\\/de\\\/brigitte-macron-vertraut-ihre-prufungen-im-elysee-an-manchmal-durchlebe-ich-eine-bisher-unbekannte-traurigkeit\\\/#primaryimage\"},\"image\":{\"@id\":\"https:\\\/\\\/www.sebastien-auziere.fr\\\/blog\\\/de\\\/brigitte-macron-vertraut-ihre-prufungen-im-elysee-an-manchmal-durchlebe-ich-eine-bisher-unbekannte-traurigkeit\\\/#primaryimage\"},\"thumbnailUrl\":\"https:\\\/\\\/www.sebastien-auziere.fr\\\/blog\\\/wp-content\\\/uploads\\\/2026\\\/04\\\/Brigitte-Macron-confie-ses-epreuves-a-lElysee-Je-traverse-parfois-une-tristesse-inconnue-jusquici.jpg\",\"datePublished\":\"2026-04-26T07:10:48+00:00\",\"dateModified\":\"2026-04-26T07:11:09+00:00\",\"description\":\"Brigitte Macron se confie \u00e0 l\u2019\u00c9lys\u00e9e sur ses \u00e9preuves et une tristesse inconnue, d\u00e9voilant une facette intime de la Premi\u00e8re dame.\",\"breadcrumb\":{\"@id\":\"https:\\\/\\\/www.sebastien-auziere.fr\\\/blog\\\/de\\\/brigitte-macron-vertraut-ihre-prufungen-im-elysee-an-manchmal-durchlebe-ich-eine-bisher-unbekannte-traurigkeit\\\/#breadcrumb\"},\"inLanguage\":\"fr-FR\",\"potentialAction\":[{\"@type\":\"ReadAction\",\"target\":[\"https:\\\/\\\/www.sebastien-auziere.fr\\\/blog\\\/de\\\/brigitte-macron-vertraut-ihre-prufungen-im-elysee-an-manchmal-durchlebe-ich-eine-bisher-unbekannte-traurigkeit\\\/\"]}]},{\"@type\":\"ImageObject\",\"inLanguage\":\"fr-FR\",\"@id\":\"https:\\\/\\\/www.sebastien-auziere.fr\\\/blog\\\/de\\\/brigitte-macron-vertraut-ihre-prufungen-im-elysee-an-manchmal-durchlebe-ich-eine-bisher-unbekannte-traurigkeit\\\/#primaryimage\",\"url\":\"https:\\\/\\\/www.sebastien-auziere.fr\\\/blog\\\/wp-content\\\/uploads\\\/2026\\\/04\\\/Brigitte-Macron-confie-ses-epreuves-a-lElysee-Je-traverse-parfois-une-tristesse-inconnue-jusquici.jpg\",\"contentUrl\":\"https:\\\/\\\/www.sebastien-auziere.fr\\\/blog\\\/wp-content\\\/uploads\\\/2026\\\/04\\\/Brigitte-Macron-confie-ses-epreuves-a-lElysee-Je-traverse-parfois-une-tristesse-inconnue-jusquici.jpg\",\"width\":2560,\"height\":1429,\"caption\":\"brigitte macron se livre avec \u00e9motion \u00e0 l\u2019\u00e9lys\u00e9e, partageant ses moments de tristesse et ses \u00e9preuves personnelles encore inconnues jusqu\u2019ici.\"},{\"@type\":\"BreadcrumbList\",\"@id\":\"https:\\\/\\\/www.sebastien-auziere.fr\\\/blog\\\/de\\\/brigitte-macron-vertraut-ihre-prufungen-im-elysee-an-manchmal-durchlebe-ich-eine-bisher-unbekannte-traurigkeit\\\/#breadcrumb\",\"itemListElement\":[{\"@type\":\"ListItem\",\"position\":1,\"name\":\"Home\",\"item\":\"https:\\\/\\\/www.sebastien-auziere.fr\\\/blog\\\/\"},{\"@type\":\"ListItem\",\"position\":2,\"name\":\"Brigitte Macron vertraut ihre Pr\u00fcfungen im \u00c9lys\u00e9e an: \u00ab\u00a0Manchmal durchlebe ich eine bisher unbekannte Traurigkeit\"}]},{\"@type\":\"WebSite\",\"@id\":\"https:\\\/\\\/www.sebastien-auziere.fr\\\/blog\\\/#website\",\"url\":\"https:\\\/\\\/www.sebastien-auziere.fr\\\/blog\\\/\",\"name\":\"Fan site S\u00e9bastien Auzi\u00e8re\",\"description\":\"M\u00e9dia g\u00e9n\u00e9raliste\",\"publisher\":{\"@id\":\"https:\\\/\\\/www.sebastien-auziere.fr\\\/blog\\\/#organization\"},\"potentialAction\":[{\"@type\":\"SearchAction\",\"target\":{\"@type\":\"EntryPoint\",\"urlTemplate\":\"https:\\\/\\\/www.sebastien-auziere.fr\\\/blog\\\/?s={search_term_string}\"},\"query-input\":{\"@type\":\"PropertyValueSpecification\",\"valueRequired\":true,\"valueName\":\"search_term_string\"}}],\"inLanguage\":\"fr-FR\"},{\"@type\":\"Organization\",\"@id\":\"https:\\\/\\\/www.sebastien-auziere.fr\\\/blog\\\/#organization\",\"name\":\"Fan site S\u00e9bastien Auzi\u00e8re\",\"url\":\"https:\\\/\\\/www.sebastien-auziere.fr\\\/blog\\\/\",\"logo\":{\"@type\":\"ImageObject\",\"inLanguage\":\"fr-FR\",\"@id\":\"https:\\\/\\\/www.sebastien-auziere.fr\\\/blog\\\/#\\\/schema\\\/logo\\\/image\\\/\",\"url\":\"https:\\\/\\\/www.sebastien-auziere.fr\\\/blog\\\/wp-content\\\/uploads\\\/2026\\\/03\\\/cropped-cropped-cropped-ChatGPT-Image-6-mars-2026-12_58_09-e1772798376794.jpg\",\"contentUrl\":\"https:\\\/\\\/www.sebastien-auziere.fr\\\/blog\\\/wp-content\\\/uploads\\\/2026\\\/03\\\/cropped-cropped-cropped-ChatGPT-Image-6-mars-2026-12_58_09-e1772798376794.jpg\",\"width\":512,\"height\":360,\"caption\":\"Fan site S\u00e9bastien Auzi\u00e8re\"},\"image\":{\"@id\":\"https:\\\/\\\/www.sebastien-auziere.fr\\\/blog\\\/#\\\/schema\\\/logo\\\/image\\\/\"}},{\"@type\":\"Person\",\"@id\":\"https:\\\/\\\/www.sebastien-auziere.fr\\\/blog\\\/#\\\/schema\\\/person\\\/149f1acdbfd85149c6c3e59adeae2f4d\",\"name\":\"Chloe Gauthier\",\"image\":{\"@type\":\"ImageObject\",\"inLanguage\":\"fr-FR\",\"@id\":\"https:\\\/\\\/secure.gravatar.com\\\/avatar\\\/2c5722f58171cff738a8985ef0dd66b476e563753246a49019befc837ec4201a?s=96&d=mm&r=g\",\"url\":\"https:\\\/\\\/secure.gravatar.com\\\/avatar\\\/2c5722f58171cff738a8985ef0dd66b476e563753246a49019befc837ec4201a?s=96&d=mm&r=g\",\"contentUrl\":\"https:\\\/\\\/secure.gravatar.com\\\/avatar\\\/2c5722f58171cff738a8985ef0dd66b476e563753246a49019befc837ec4201a?s=96&d=mm&r=g\",\"caption\":\"Chloe Gauthier\"},\"description\":\"Passionn\u00e9e par la politique et admiratrice engag\u00e9e de la famille Macron, je consacre mon \u00e9nergie \u00e0 suivre leurs initiatives et \u00e0 promouvoir leurs id\u00e9es. \u00c0 32 ans, je suis convaincue que leur vision est porteuse d'avenir.\",\"url\":\"https:\\\/\\\/www.sebastien-auziere.fr\\\/blog\\\/author\\\/chloe-gauthier\\\/\"}]}<\/script>\n<!-- \/ Yoast SEO plugin. -->","yoast_head_json":{"title":"Brigitte Macron vertraut ihre Pr\u00fcfungen im \u00c9lys\u00e9e an: \"Manchmal durchlebe ich eine bisher unbekannte Traurigkeit - Fan site S\u00e9bastien Auzi\u00e8re","description":"Brigitte Macron se confie \u00e0 l\u2019\u00c9lys\u00e9e sur ses \u00e9preuves et une tristesse inconnue, d\u00e9voilant une facette intime de la Premi\u00e8re dame.","robots":{"index":"index","follow":"follow","max-snippet":"max-snippet:-1","max-image-preview":"max-image-preview:large","max-video-preview":"max-video-preview:-1"},"canonical":"https:\/\/www.sebastien-auziere.fr\/blog\/de\/brigitte-macron-vertraut-ihre-prufungen-im-elysee-an-manchmal-durchlebe-ich-eine-bisher-unbekannte-traurigkeit\/","og_locale":"fr_FR","og_type":"article","og_title":"Brigitte Macron vertraut ihre Pr\u00fcfungen im \u00c9lys\u00e9e an: \"Manchmal durchlebe ich eine bisher unbekannte Traurigkeit - Fan site S\u00e9bastien Auzi\u00e8re","og_description":"Brigitte Macron se confie \u00e0 l\u2019\u00c9lys\u00e9e sur ses \u00e9preuves et une tristesse inconnue, d\u00e9voilant une facette intime de la Premi\u00e8re dame.","og_url":"https:\/\/www.sebastien-auziere.fr\/blog\/de\/brigitte-macron-vertraut-ihre-prufungen-im-elysee-an-manchmal-durchlebe-ich-eine-bisher-unbekannte-traurigkeit\/","og_site_name":"Fan site S\u00e9bastien Auzi\u00e8re","article_published_time":"2026-04-26T07:10:48+00:00","article_modified_time":"2026-04-26T07:11:09+00:00","og_image":[{"width":2560,"height":1429,"url":"https:\/\/www.sebastien-auziere.fr\/blog\/wp-content\/uploads\/2026\/04\/Brigitte-Macron-confie-ses-epreuves-a-lElysee-Je-traverse-parfois-une-tristesse-inconnue-jusquici.jpg","type":"image\/jpeg"}],"author":"Chloe Gauthier","twitter_card":"summary_large_image","twitter_misc":{"\u00c9crit par":"Chloe Gauthier","Dur\u00e9e de lecture estim\u00e9e":"3 minutes"},"schema":{"@context":"https:\/\/schema.org","@graph":[{"@type":"Article","@id":"https:\/\/www.sebastien-auziere.fr\/blog\/de\/brigitte-macron-vertraut-ihre-prufungen-im-elysee-an-manchmal-durchlebe-ich-eine-bisher-unbekannte-traurigkeit\/#article","isPartOf":{"@id":"https:\/\/www.sebastien-auziere.fr\/blog\/de\/brigitte-macron-vertraut-ihre-prufungen-im-elysee-an-manchmal-durchlebe-ich-eine-bisher-unbekannte-traurigkeit\/"},"author":{"name":"Chloe Gauthier","@id":"https:\/\/www.sebastien-auziere.fr\/blog\/#\/schema\/person\/149f1acdbfd85149c6c3e59adeae2f4d"},"headline":"Brigitte Macron vertraut ihre Pr\u00fcfungen im \u00c9lys\u00e9e an: \u00ab\u00a0Manchmal durchlebe ich eine bisher unbekannte Traurigkeit","datePublished":"2026-04-26T07:10:48+00:00","dateModified":"2026-04-26T07:11:09+00:00","mainEntityOfPage":{"@id":"https:\/\/www.sebastien-auziere.fr\/blog\/de\/brigitte-macron-vertraut-ihre-prufungen-im-elysee-an-manchmal-durchlebe-ich-eine-bisher-unbekannte-traurigkeit\/"},"wordCount":520,"commentCount":0,"publisher":{"@id":"https:\/\/www.sebastien-auziere.fr\/blog\/#organization"},"image":{"@id":"https:\/\/www.sebastien-auziere.fr\/blog\/de\/brigitte-macron-vertraut-ihre-prufungen-im-elysee-an-manchmal-durchlebe-ich-eine-bisher-unbekannte-traurigkeit\/#primaryimage"},"thumbnailUrl":"https:\/\/www.sebastien-auziere.fr\/blog\/wp-content\/uploads\/2026\/04\/Brigitte-Macron-confie-ses-epreuves-a-lElysee-Je-traverse-parfois-une-tristesse-inconnue-jusquici.jpg","keywords":["brigitte macron","\u00e9lys\u00e9e","Gef\u00fchle","pers\u00f6nliche Pr\u00fcfungen","traurigkeit"],"articleSection":["Aktuelles"],"inLanguage":"fr-FR","potentialAction":[{"@type":"CommentAction","name":"Comment","target":["https:\/\/www.sebastien-auziere.fr\/blog\/de\/brigitte-macron-vertraut-ihre-prufungen-im-elysee-an-manchmal-durchlebe-ich-eine-bisher-unbekannte-traurigkeit\/#respond"]}]},{"@type":"WebPage","@id":"https:\/\/www.sebastien-auziere.fr\/blog\/de\/brigitte-macron-vertraut-ihre-prufungen-im-elysee-an-manchmal-durchlebe-ich-eine-bisher-unbekannte-traurigkeit\/","url":"https:\/\/www.sebastien-auziere.fr\/blog\/de\/brigitte-macron-vertraut-ihre-prufungen-im-elysee-an-manchmal-durchlebe-ich-eine-bisher-unbekannte-traurigkeit\/","name":"Brigitte Macron vertraut ihre Pr\u00fcfungen im \u00c9lys\u00e9e an: \"Manchmal durchlebe ich eine bisher unbekannte Traurigkeit - Fan site S\u00e9bastien Auzi\u00e8re","isPartOf":{"@id":"https:\/\/www.sebastien-auziere.fr\/blog\/#website"},"primaryImageOfPage":{"@id":"https:\/\/www.sebastien-auziere.fr\/blog\/de\/brigitte-macron-vertraut-ihre-prufungen-im-elysee-an-manchmal-durchlebe-ich-eine-bisher-unbekannte-traurigkeit\/#primaryimage"},"image":{"@id":"https:\/\/www.sebastien-auziere.fr\/blog\/de\/brigitte-macron-vertraut-ihre-prufungen-im-elysee-an-manchmal-durchlebe-ich-eine-bisher-unbekannte-traurigkeit\/#primaryimage"},"thumbnailUrl":"https:\/\/www.sebastien-auziere.fr\/blog\/wp-content\/uploads\/2026\/04\/Brigitte-Macron-confie-ses-epreuves-a-lElysee-Je-traverse-parfois-une-tristesse-inconnue-jusquici.jpg","datePublished":"2026-04-26T07:10:48+00:00","dateModified":"2026-04-26T07:11:09+00:00","description":"Brigitte Macron se confie \u00e0 l\u2019\u00c9lys\u00e9e sur ses \u00e9preuves et une tristesse inconnue, d\u00e9voilant une facette intime de la Premi\u00e8re dame.","breadcrumb":{"@id":"https:\/\/www.sebastien-auziere.fr\/blog\/de\/brigitte-macron-vertraut-ihre-prufungen-im-elysee-an-manchmal-durchlebe-ich-eine-bisher-unbekannte-traurigkeit\/#breadcrumb"},"inLanguage":"fr-FR","potentialAction":[{"@type":"ReadAction","target":["https:\/\/www.sebastien-auziere.fr\/blog\/de\/brigitte-macron-vertraut-ihre-prufungen-im-elysee-an-manchmal-durchlebe-ich-eine-bisher-unbekannte-traurigkeit\/"]}]},{"@type":"ImageObject","inLanguage":"fr-FR","@id":"https:\/\/www.sebastien-auziere.fr\/blog\/de\/brigitte-macron-vertraut-ihre-prufungen-im-elysee-an-manchmal-durchlebe-ich-eine-bisher-unbekannte-traurigkeit\/#primaryimage","url":"https:\/\/www.sebastien-auziere.fr\/blog\/wp-content\/uploads\/2026\/04\/Brigitte-Macron-confie-ses-epreuves-a-lElysee-Je-traverse-parfois-une-tristesse-inconnue-jusquici.jpg","contentUrl":"https:\/\/www.sebastien-auziere.fr\/blog\/wp-content\/uploads\/2026\/04\/Brigitte-Macron-confie-ses-epreuves-a-lElysee-Je-traverse-parfois-une-tristesse-inconnue-jusquici.jpg","width":2560,"height":1429,"caption":"brigitte macron se livre avec \u00e9motion \u00e0 l\u2019\u00e9lys\u00e9e, partageant ses moments de tristesse et ses \u00e9preuves personnelles encore inconnues jusqu\u2019ici."},{"@type":"BreadcrumbList","@id":"https:\/\/www.sebastien-auziere.fr\/blog\/de\/brigitte-macron-vertraut-ihre-prufungen-im-elysee-an-manchmal-durchlebe-ich-eine-bisher-unbekannte-traurigkeit\/#breadcrumb","itemListElement":[{"@type":"ListItem","position":1,"name":"Home","item":"https:\/\/www.sebastien-auziere.fr\/blog\/"},{"@type":"ListItem","position":2,"name":"Brigitte Macron vertraut ihre Pr\u00fcfungen im \u00c9lys\u00e9e an: \u00ab\u00a0Manchmal durchlebe ich eine bisher unbekannte Traurigkeit"}]},{"@type":"WebSite","@id":"https:\/\/www.sebastien-auziere.fr\/blog\/#website","url":"https:\/\/www.sebastien-auziere.fr\/blog\/","name":"Fan site S\u00e9bastien Auzi\u00e8re","description":"M\u00e9dia g\u00e9n\u00e9raliste","publisher":{"@id":"https:\/\/www.sebastien-auziere.fr\/blog\/#organization"},"potentialAction":[{"@type":"SearchAction","target":{"@type":"EntryPoint","urlTemplate":"https:\/\/www.sebastien-auziere.fr\/blog\/?s={search_term_string}"},"query-input":{"@type":"PropertyValueSpecification","valueRequired":true,"valueName":"search_term_string"}}],"inLanguage":"fr-FR"},{"@type":"Organization","@id":"https:\/\/www.sebastien-auziere.fr\/blog\/#organization","name":"Fan site S\u00e9bastien Auzi\u00e8re","url":"https:\/\/www.sebastien-auziere.fr\/blog\/","logo":{"@type":"ImageObject","inLanguage":"fr-FR","@id":"https:\/\/www.sebastien-auziere.fr\/blog\/#\/schema\/logo\/image\/","url":"https:\/\/www.sebastien-auziere.fr\/blog\/wp-content\/uploads\/2026\/03\/cropped-cropped-cropped-ChatGPT-Image-6-mars-2026-12_58_09-e1772798376794.jpg","contentUrl":"https:\/\/www.sebastien-auziere.fr\/blog\/wp-content\/uploads\/2026\/03\/cropped-cropped-cropped-ChatGPT-Image-6-mars-2026-12_58_09-e1772798376794.jpg","width":512,"height":360,"caption":"Fan site S\u00e9bastien Auzi\u00e8re"},"image":{"@id":"https:\/\/www.sebastien-auziere.fr\/blog\/#\/schema\/logo\/image\/"}},{"@type":"Person","@id":"https:\/\/www.sebastien-auziere.fr\/blog\/#\/schema\/person\/149f1acdbfd85149c6c3e59adeae2f4d","name":"Chloe Gauthier","image":{"@type":"ImageObject","inLanguage":"fr-FR","@id":"https:\/\/secure.gravatar.com\/avatar\/2c5722f58171cff738a8985ef0dd66b476e563753246a49019befc837ec4201a?s=96&d=mm&r=g","url":"https:\/\/secure.gravatar.com\/avatar\/2c5722f58171cff738a8985ef0dd66b476e563753246a49019befc837ec4201a?s=96&d=mm&r=g","contentUrl":"https:\/\/secure.gravatar.com\/avatar\/2c5722f58171cff738a8985ef0dd66b476e563753246a49019befc837ec4201a?s=96&d=mm&r=g","caption":"Chloe Gauthier"},"description":"Passionn\u00e9e par la politique et admiratrice engag\u00e9e de la famille Macron, je consacre mon \u00e9nergie \u00e0 suivre leurs initiatives et \u00e0 promouvoir leurs id\u00e9es. \u00c0 32 ans, je suis convaincue que leur vision est porteuse d'avenir.","url":"https:\/\/www.sebastien-auziere.fr\/blog\/author\/chloe-gauthier\/"}]}},"views":0,"_links":{"self":[{"href":"https:\/\/www.sebastien-auziere.fr\/blog\/wp-json\/wp\/v2\/posts\/3346","targetHints":{"allow":["GET"]}}],"collection":[{"href":"https:\/\/www.sebastien-auziere.fr\/blog\/wp-json\/wp\/v2\/posts"}],"about":[{"href":"https:\/\/www.sebastien-auziere.fr\/blog\/wp-json\/wp\/v2\/types\/post"}],"author":[{"embeddable":true,"href":"https:\/\/www.sebastien-auziere.fr\/blog\/wp-json\/wp\/v2\/users\/9"}],"replies":[{"embeddable":true,"href":"https:\/\/www.sebastien-auziere.fr\/blog\/wp-json\/wp\/v2\/comments?post=3346"}],"version-history":[{"count":1,"href":"https:\/\/www.sebastien-auziere.fr\/blog\/wp-json\/wp\/v2\/posts\/3346\/revisions"}],"predecessor-version":[{"id":3347,"href":"https:\/\/www.sebastien-auziere.fr\/blog\/wp-json\/wp\/v2\/posts\/3346\/revisions\/3347"}],"wp:featuredmedia":[{"embeddable":true,"href":"https:\/\/www.sebastien-auziere.fr\/blog\/wp-json\/wp\/v2\/media\/3340"}],"wp:attachment":[{"href":"https:\/\/www.sebastien-auziere.fr\/blog\/wp-json\/wp\/v2\/media?parent=3346"}],"wp:term":[{"taxonomy":"category","embeddable":true,"href":"https:\/\/www.sebastien-auziere.fr\/blog\/wp-json\/wp\/v2\/categories?post=3346"},{"taxonomy":"post_tag","embeddable":true,"href":"https:\/\/www.sebastien-auziere.fr\/blog\/wp-json\/wp\/v2\/tags?post=3346"}],"curies":[{"name":"wp","href":"https:\/\/api.w.org\/{rel}","templated":true}]}}