{"id":3344,"date":"2026-04-26T07:10:07","date_gmt":"2026-04-26T07:10:07","guid":{"rendered":"https:\/\/www.sebastien-auziere.fr\/blog\/?p=3344"},"modified":"2026-04-26T07:10:35","modified_gmt":"2026-04-26T07:10:35","slug":"brigitte-macron-confia-sus-pruebas-en-el-eliseo-a-veces-atravieso-una-tristeza-desconocida-hasta-ahora","status":"publish","type":"post","link":"https:\/\/www.sebastien-auziere.fr\/blog\/es\/brigitte-macron-confia-sus-pruebas-en-el-eliseo-a-veces-atravieso-una-tristeza-desconocida-hasta-ahora\/","title":{"rendered":"Brigitte Macron conf\u00eda sus pruebas en el El\u00edseo: \u00ab\u00a0A veces atravieso una tristeza desconocida hasta ahora"},"content":{"rendered":"<p><strong>Brigitte Macron<\/strong> ha hecho una confesi\u00f3n rara y conmovedora: \u00ab <strong>A veces estoy triste como nunca antes lo hab\u00eda estado<\/strong> \u00bb, declar\u00f3 el <strong>26 de abril de 2026<\/strong> a <strong>La Tribune Dimanche<\/strong>. Aqu\u00ed descubrir\u00e1s c\u00f3mo estas palabras revelan las <strong>pruebas<\/strong> y la <strong>intimidad<\/strong> de una vida vivida bajo los reflectores del <strong>El\u00edseo<\/strong>.<\/p>\n\n<p><strong>En resumen:<\/strong> la primera dama, de <strong>73 a\u00f1os<\/strong>, regresa de un viaje a Marruecos con su hija <strong>Tiphaine<\/strong>, preside centros Live creados por Bernard Arnault, lleva un diario secreto para manejar sus <strong>emociones<\/strong> y ha establecido rituales diarios (gimnasio, bicicleta, caminata) para hacer frente a sus <strong>dificultades<\/strong>.<\/p>\n\n<h2 class=\"wp-block-heading\">La confesi\u00f3n en el coraz\u00f3n del El\u00edseo y sus consecuencias<\/h2>\n\n<p>En esta entrevista, <strong>Brigitte Macron<\/strong> explica que estos nueve a diez a\u00f1os en el <strong>El\u00edseo<\/strong> han dejado huellas: \u00ab <strong>He visto la oscuridad del mundo, la necedad, la malicia<\/strong> \u00bb. Esta constataci\u00f3n, publicada el 26 de abril, ofrece una mirada in\u00e9dita sobre el impacto psicol\u00f3gico de las funciones oficiales.<\/p>\n\n<p>La precisi\u00f3n de la fecha y la fuente refuerzan la veracidad de esta <strong>confesi\u00f3n<\/strong>, y muestran cu\u00e1n visible puede transformar la vida privada. Es un llamado a comprender mejor el aislamiento del rol.<\/p>\n\n<h3 class=\"wp-block-heading\">Acoso, rumores y reacci\u00f3n p\u00fablica<\/h3>\n\n<p>Desde 2017, <strong>Brigitte Macron<\/strong> ha sido objeto de ataques repetidos; Marl\u00e8ne Schiappa incluso la calific\u00f3 como la \u00ab <strong>mujer m\u00e1s acosada<\/strong> de Francia \u00bb. El rumor transf\u00f3bico de 2021 y su repercusi\u00f3n internacional han acentuado la presi\u00f3n medi\u00e1tica.<\/p>\n\n<p>Denunci\u00f3 el impacto del odio y la mentira, especialmente sobre los j\u00f3venes, durante una intervenci\u00f3n en el JT de TF1 en 2024. Para saber m\u00e1s sobre el contexto medi\u00e1tico, lee el art\u00edculo en <a href=\"https:\/\/www.gala.fr\/l_actu\/news_de_stars\/brigitte-macron-eprouvee-par-ses-annees-a-l-elysee-je-suis-parfois-triste-comme-jamais-je-n-avais-ete-20260426\" rel=\"nofollow\">Gala<\/a>.<\/p>\n\n<p>La revelaci\u00f3n de estos ataques explica en parte su vulnerabilidad p\u00fablica y su b\u00fasqueda de protecci\u00f3n.<\/p>\n\n<h2 class=\"wp-block-heading\">Rituales, escritura y resiliencia diaria<\/h2>\n\n<p>Para preservar su salud mental, <strong>Brigitte Macron<\/strong> ha establecido rituales: gimnasio, bicicleta y una caminata de una hora cada d\u00eda. Tambi\u00e9n fomenta la escritura, pr\u00e1ctica que ha transmitido a los alumnos de los centros Live, creados con el apoyo de Bernard Arnault.<\/p>\n\n<p>Estos gestos concretos constituyen una respuesta personal a las <strong>dificultades<\/strong> y a las <strong>emociones<\/strong> intensas vividas en el <strong>El\u00edseo<\/strong>. El reportaje de <a href=\"https:\/\/www.lemonde.fr\/politique\/article\/2026\/04\/26\/brigitte-macron-se-confie-sur-ses-annees-passees-a-l-elysee-et-affirme-y-avoir-vu-la-noirceur-du-monde-la-betise-la-mechancete_6683439_823448.html\" rel=\"nofollow\">Monde<\/a> detalla estas iniciativas y su alcance.<\/p>\n\n<h3 class=\"wp-block-heading\">Lo que dicen estas confidencias sobre el futuro<\/h3>\n\n<p>Ante la perspectiva de salir del <strong>El\u00edseo<\/strong> en 2027, sus palabras reflejan una reflexi\u00f3n sobre lo que viene: retorno a una vida m\u00e1s discreta, pero tambi\u00e9n voluntad de acci\u00f3n social. Su lugar sigue marcado por la b\u00fasqueda de <strong>apoyo<\/strong> y <strong>resiliencia<\/strong>.<\/p>\n\n<p>Estas confidencias invitan a reevaluar c\u00f3mo la sociedad protege a los cercanos a los responsables p\u00fablicos. Insight final: la notoriedad tambi\u00e9n exige dispositivos de protecci\u00f3n humana.<\/p>\n\n<p>Para saber m\u00e1s sobre los entresijos familiares y la trayectoria de quienes rodean al presidente, descubre m\u00e1s sobre <a href=\"https:\/\/sebastien-auziere.fr\" rel=\"nofollow\">S\u00e9bastien Auzi\u00e8re y la familia Macron<\/a> y sum\u00e9rgete en los relatos que iluminan estas confidencias.<\/p>","protected":false},"excerpt":{"rendered":"<p>Brigitte Macron ha hecho una confesi\u00f3n rara y conmovedora: \u00ab A veces estoy triste como nunca antes lo hab\u00eda estado \u00bb, declar\u00f3 el 26 de abril de 2026 a La Tribune Dimanche. Aqu\u00ed descubrir\u00e1s c\u00f3mo estas palabras revelan las pruebas y la intimidad de una vida vivida bajo los reflectores del El\u00edseo. En resumen: la &#8230; <a title=\"Brigitte Macron conf\u00eda sus pruebas en el El\u00edseo: \u00ab\u00a0A veces atravieso una tristeza desconocida hasta ahora\" class=\"read-more\" href=\"https:\/\/www.sebastien-auziere.fr\/blog\/es\/brigitte-macron-confia-sus-pruebas-en-el-eliseo-a-veces-atravieso-una-tristeza-desconocida-hasta-ahora\/\" aria-label=\"En savoir plus sur Brigitte Macron conf\u00eda sus pruebas en el El\u00edseo: \u00ab\u00a0A veces atravieso una tristeza desconocida hasta ahora\">Lire plus<\/a><\/p>\n","protected":false},"author":9,"featured_media":3340,"comment_status":"open","ping_status":"open","sticky":false,"template":"","format":"standard","meta":{"footnotes":""},"categories":[820],"tags":[914,3348,4399,4402,4405],"class_list":["post-3344","post","type-post","status-publish","format-standard","has-post-thumbnail","hentry","category-actualidades-es","tag-brigitte-macron-es","tag-elysee-es","tag-emociones-es","tag-epreuves-personales-es","tag-tristeza-es"],"yoast_head":"<!-- This site is optimized with the Yoast SEO plugin v27.5 - https:\/\/yoast.com\/product\/yoast-seo-wordpress\/ -->\n<title>Brigitte Macron conf\u00eda sus pruebas en el El\u00edseo: &quot;A veces atravieso una tristeza desconocida hasta ahora - Fan site S\u00e9bastien Auzi\u00e8re<\/title>\n<meta name=\"description\" content=\"Brigitte Macron se confie \u00e0 l\u2019\u00c9lys\u00e9e sur ses \u00e9preuves et une tristesse inconnue, d\u00e9voilant une facette intime de la Premi\u00e8re dame.\" \/>\n<meta name=\"robots\" content=\"index, follow, max-snippet:-1, max-image-preview:large, max-video-preview:-1\" \/>\n<link rel=\"canonical\" href=\"https:\/\/www.sebastien-auziere.fr\/blog\/es\/brigitte-macron-confia-sus-pruebas-en-el-eliseo-a-veces-atravieso-una-tristeza-desconocida-hasta-ahora\/\" \/>\n<meta property=\"og:locale\" content=\"fr_FR\" \/>\n<meta property=\"og:type\" content=\"article\" \/>\n<meta property=\"og:title\" content=\"Brigitte Macron conf\u00eda sus pruebas en el El\u00edseo: &quot;A veces atravieso una tristeza desconocida hasta ahora - Fan site S\u00e9bastien Auzi\u00e8re\" \/>\n<meta property=\"og:description\" content=\"Brigitte Macron se confie \u00e0 l\u2019\u00c9lys\u00e9e sur ses \u00e9preuves et une tristesse inconnue, d\u00e9voilant une facette intime de la Premi\u00e8re dame.\" \/>\n<meta property=\"og:url\" content=\"https:\/\/www.sebastien-auziere.fr\/blog\/es\/brigitte-macron-confia-sus-pruebas-en-el-eliseo-a-veces-atravieso-una-tristeza-desconocida-hasta-ahora\/\" \/>\n<meta property=\"og:site_name\" content=\"Fan site S\u00e9bastien Auzi\u00e8re\" \/>\n<meta property=\"article:published_time\" content=\"2026-04-26T07:10:07+00:00\" \/>\n<meta property=\"article:modified_time\" content=\"2026-04-26T07:10:35+00:00\" \/>\n<meta property=\"og:image\" content=\"https:\/\/www.sebastien-auziere.fr\/blog\/wp-content\/uploads\/2026\/04\/Brigitte-Macron-confie-ses-epreuves-a-lElysee-Je-traverse-parfois-une-tristesse-inconnue-jusquici.jpg\" \/>\n\t<meta property=\"og:image:width\" content=\"2560\" \/>\n\t<meta property=\"og:image:height\" content=\"1429\" \/>\n\t<meta property=\"og:image:type\" content=\"image\/jpeg\" \/>\n<meta name=\"author\" content=\"Chloe Gauthier\" \/>\n<meta name=\"twitter:card\" content=\"summary_large_image\" \/>\n<meta name=\"twitter:label1\" content=\"\u00c9crit par\" \/>\n\t<meta name=\"twitter:data1\" content=\"Chloe Gauthier\" \/>\n\t<meta name=\"twitter:label2\" content=\"Dur\u00e9e de lecture estim\u00e9e\" \/>\n\t<meta name=\"twitter:data2\" content=\"3 minutes\" \/>\n<script type=\"application\/ld+json\" class=\"yoast-schema-graph\">{\"@context\":\"https:\\\/\\\/schema.org\",\"@graph\":[{\"@type\":\"Article\",\"@id\":\"https:\\\/\\\/www.sebastien-auziere.fr\\\/blog\\\/es\\\/brigitte-macron-confia-sus-pruebas-en-el-eliseo-a-veces-atravieso-una-tristeza-desconocida-hasta-ahora\\\/#article\",\"isPartOf\":{\"@id\":\"https:\\\/\\\/www.sebastien-auziere.fr\\\/blog\\\/es\\\/brigitte-macron-confia-sus-pruebas-en-el-eliseo-a-veces-atravieso-una-tristeza-desconocida-hasta-ahora\\\/\"},\"author\":{\"name\":\"Chloe Gauthier\",\"@id\":\"https:\\\/\\\/www.sebastien-auziere.fr\\\/blog\\\/#\\\/schema\\\/person\\\/149f1acdbfd85149c6c3e59adeae2f4d\"},\"headline\":\"Brigitte Macron conf\u00eda sus pruebas en el El\u00edseo: \u00ab\u00a0A veces atravieso una tristeza desconocida hasta ahora\",\"datePublished\":\"2026-04-26T07:10:07+00:00\",\"dateModified\":\"2026-04-26T07:10:35+00:00\",\"mainEntityOfPage\":{\"@id\":\"https:\\\/\\\/www.sebastien-auziere.fr\\\/blog\\\/es\\\/brigitte-macron-confia-sus-pruebas-en-el-eliseo-a-veces-atravieso-una-tristeza-desconocida-hasta-ahora\\\/\"},\"wordCount\":525,\"commentCount\":0,\"publisher\":{\"@id\":\"https:\\\/\\\/www.sebastien-auziere.fr\\\/blog\\\/#organization\"},\"image\":{\"@id\":\"https:\\\/\\\/www.sebastien-auziere.fr\\\/blog\\\/es\\\/brigitte-macron-confia-sus-pruebas-en-el-eliseo-a-veces-atravieso-una-tristeza-desconocida-hasta-ahora\\\/#primaryimage\"},\"thumbnailUrl\":\"https:\\\/\\\/www.sebastien-auziere.fr\\\/blog\\\/wp-content\\\/uploads\\\/2026\\\/04\\\/Brigitte-Macron-confie-ses-epreuves-a-lElysee-Je-traverse-parfois-une-tristesse-inconnue-jusquici.jpg\",\"keywords\":[\"brigitte macron\",\"\u00e9lys\u00e9e\",\"emociones\",\"\u00e9preuves personales\",\"tristeza\"],\"articleSection\":[\"Actualidades\"],\"inLanguage\":\"fr-FR\",\"potentialAction\":[{\"@type\":\"CommentAction\",\"name\":\"Comment\",\"target\":[\"https:\\\/\\\/www.sebastien-auziere.fr\\\/blog\\\/es\\\/brigitte-macron-confia-sus-pruebas-en-el-eliseo-a-veces-atravieso-una-tristeza-desconocida-hasta-ahora\\\/#respond\"]}]},{\"@type\":\"WebPage\",\"@id\":\"https:\\\/\\\/www.sebastien-auziere.fr\\\/blog\\\/es\\\/brigitte-macron-confia-sus-pruebas-en-el-eliseo-a-veces-atravieso-una-tristeza-desconocida-hasta-ahora\\\/\",\"url\":\"https:\\\/\\\/www.sebastien-auziere.fr\\\/blog\\\/es\\\/brigitte-macron-confia-sus-pruebas-en-el-eliseo-a-veces-atravieso-una-tristeza-desconocida-hasta-ahora\\\/\",\"name\":\"Brigitte Macron conf\u00eda sus pruebas en el El\u00edseo: \\\"A veces atravieso una tristeza desconocida hasta ahora - Fan site S\u00e9bastien Auzi\u00e8re\",\"isPartOf\":{\"@id\":\"https:\\\/\\\/www.sebastien-auziere.fr\\\/blog\\\/#website\"},\"primaryImageOfPage\":{\"@id\":\"https:\\\/\\\/www.sebastien-auziere.fr\\\/blog\\\/es\\\/brigitte-macron-confia-sus-pruebas-en-el-eliseo-a-veces-atravieso-una-tristeza-desconocida-hasta-ahora\\\/#primaryimage\"},\"image\":{\"@id\":\"https:\\\/\\\/www.sebastien-auziere.fr\\\/blog\\\/es\\\/brigitte-macron-confia-sus-pruebas-en-el-eliseo-a-veces-atravieso-una-tristeza-desconocida-hasta-ahora\\\/#primaryimage\"},\"thumbnailUrl\":\"https:\\\/\\\/www.sebastien-auziere.fr\\\/blog\\\/wp-content\\\/uploads\\\/2026\\\/04\\\/Brigitte-Macron-confie-ses-epreuves-a-lElysee-Je-traverse-parfois-une-tristesse-inconnue-jusquici.jpg\",\"datePublished\":\"2026-04-26T07:10:07+00:00\",\"dateModified\":\"2026-04-26T07:10:35+00:00\",\"description\":\"Brigitte Macron se confie \u00e0 l\u2019\u00c9lys\u00e9e sur ses \u00e9preuves et une tristesse inconnue, d\u00e9voilant une facette intime de la Premi\u00e8re dame.\",\"breadcrumb\":{\"@id\":\"https:\\\/\\\/www.sebastien-auziere.fr\\\/blog\\\/es\\\/brigitte-macron-confia-sus-pruebas-en-el-eliseo-a-veces-atravieso-una-tristeza-desconocida-hasta-ahora\\\/#breadcrumb\"},\"inLanguage\":\"fr-FR\",\"potentialAction\":[{\"@type\":\"ReadAction\",\"target\":[\"https:\\\/\\\/www.sebastien-auziere.fr\\\/blog\\\/es\\\/brigitte-macron-confia-sus-pruebas-en-el-eliseo-a-veces-atravieso-una-tristeza-desconocida-hasta-ahora\\\/\"]}]},{\"@type\":\"ImageObject\",\"inLanguage\":\"fr-FR\",\"@id\":\"https:\\\/\\\/www.sebastien-auziere.fr\\\/blog\\\/es\\\/brigitte-macron-confia-sus-pruebas-en-el-eliseo-a-veces-atravieso-una-tristeza-desconocida-hasta-ahora\\\/#primaryimage\",\"url\":\"https:\\\/\\\/www.sebastien-auziere.fr\\\/blog\\\/wp-content\\\/uploads\\\/2026\\\/04\\\/Brigitte-Macron-confie-ses-epreuves-a-lElysee-Je-traverse-parfois-une-tristesse-inconnue-jusquici.jpg\",\"contentUrl\":\"https:\\\/\\\/www.sebastien-auziere.fr\\\/blog\\\/wp-content\\\/uploads\\\/2026\\\/04\\\/Brigitte-Macron-confie-ses-epreuves-a-lElysee-Je-traverse-parfois-une-tristesse-inconnue-jusquici.jpg\",\"width\":2560,\"height\":1429,\"caption\":\"brigitte macron se livre avec \u00e9motion \u00e0 l\u2019\u00e9lys\u00e9e, partageant ses moments de tristesse et ses \u00e9preuves personnelles encore inconnues jusqu\u2019ici.\"},{\"@type\":\"BreadcrumbList\",\"@id\":\"https:\\\/\\\/www.sebastien-auziere.fr\\\/blog\\\/es\\\/brigitte-macron-confia-sus-pruebas-en-el-eliseo-a-veces-atravieso-una-tristeza-desconocida-hasta-ahora\\\/#breadcrumb\",\"itemListElement\":[{\"@type\":\"ListItem\",\"position\":1,\"name\":\"Home\",\"item\":\"https:\\\/\\\/www.sebastien-auziere.fr\\\/blog\\\/\"},{\"@type\":\"ListItem\",\"position\":2,\"name\":\"Brigitte Macron conf\u00eda sus pruebas en el El\u00edseo: \u00ab\u00a0A veces atravieso una tristeza desconocida hasta ahora\"}]},{\"@type\":\"WebSite\",\"@id\":\"https:\\\/\\\/www.sebastien-auziere.fr\\\/blog\\\/#website\",\"url\":\"https:\\\/\\\/www.sebastien-auziere.fr\\\/blog\\\/\",\"name\":\"Fan site S\u00e9bastien Auzi\u00e8re\",\"description\":\"M\u00e9dia g\u00e9n\u00e9raliste\",\"publisher\":{\"@id\":\"https:\\\/\\\/www.sebastien-auziere.fr\\\/blog\\\/#organization\"},\"potentialAction\":[{\"@type\":\"SearchAction\",\"target\":{\"@type\":\"EntryPoint\",\"urlTemplate\":\"https:\\\/\\\/www.sebastien-auziere.fr\\\/blog\\\/?s={search_term_string}\"},\"query-input\":{\"@type\":\"PropertyValueSpecification\",\"valueRequired\":true,\"valueName\":\"search_term_string\"}}],\"inLanguage\":\"fr-FR\"},{\"@type\":\"Organization\",\"@id\":\"https:\\\/\\\/www.sebastien-auziere.fr\\\/blog\\\/#organization\",\"name\":\"Fan site S\u00e9bastien Auzi\u00e8re\",\"url\":\"https:\\\/\\\/www.sebastien-auziere.fr\\\/blog\\\/\",\"logo\":{\"@type\":\"ImageObject\",\"inLanguage\":\"fr-FR\",\"@id\":\"https:\\\/\\\/www.sebastien-auziere.fr\\\/blog\\\/#\\\/schema\\\/logo\\\/image\\\/\",\"url\":\"https:\\\/\\\/www.sebastien-auziere.fr\\\/blog\\\/wp-content\\\/uploads\\\/2026\\\/03\\\/cropped-cropped-cropped-ChatGPT-Image-6-mars-2026-12_58_09-e1772798376794.jpg\",\"contentUrl\":\"https:\\\/\\\/www.sebastien-auziere.fr\\\/blog\\\/wp-content\\\/uploads\\\/2026\\\/03\\\/cropped-cropped-cropped-ChatGPT-Image-6-mars-2026-12_58_09-e1772798376794.jpg\",\"width\":512,\"height\":360,\"caption\":\"Fan site S\u00e9bastien Auzi\u00e8re\"},\"image\":{\"@id\":\"https:\\\/\\\/www.sebastien-auziere.fr\\\/blog\\\/#\\\/schema\\\/logo\\\/image\\\/\"}},{\"@type\":\"Person\",\"@id\":\"https:\\\/\\\/www.sebastien-auziere.fr\\\/blog\\\/#\\\/schema\\\/person\\\/149f1acdbfd85149c6c3e59adeae2f4d\",\"name\":\"Chloe Gauthier\",\"image\":{\"@type\":\"ImageObject\",\"inLanguage\":\"fr-FR\",\"@id\":\"https:\\\/\\\/secure.gravatar.com\\\/avatar\\\/2c5722f58171cff738a8985ef0dd66b476e563753246a49019befc837ec4201a?s=96&d=mm&r=g\",\"url\":\"https:\\\/\\\/secure.gravatar.com\\\/avatar\\\/2c5722f58171cff738a8985ef0dd66b476e563753246a49019befc837ec4201a?s=96&d=mm&r=g\",\"contentUrl\":\"https:\\\/\\\/secure.gravatar.com\\\/avatar\\\/2c5722f58171cff738a8985ef0dd66b476e563753246a49019befc837ec4201a?s=96&d=mm&r=g\",\"caption\":\"Chloe Gauthier\"},\"description\":\"Passionn\u00e9e par la politique et admiratrice engag\u00e9e de la famille Macron, je consacre mon \u00e9nergie \u00e0 suivre leurs initiatives et \u00e0 promouvoir leurs id\u00e9es. \u00c0 32 ans, je suis convaincue que leur vision est porteuse d'avenir.\",\"url\":\"https:\\\/\\\/www.sebastien-auziere.fr\\\/blog\\\/author\\\/chloe-gauthier\\\/\"}]}<\/script>\n<!-- \/ Yoast SEO plugin. -->","yoast_head_json":{"title":"Brigitte Macron conf\u00eda sus pruebas en el El\u00edseo: \"A veces atravieso una tristeza desconocida hasta ahora - Fan site S\u00e9bastien Auzi\u00e8re","description":"Brigitte Macron se confie \u00e0 l\u2019\u00c9lys\u00e9e sur ses \u00e9preuves et une tristesse inconnue, d\u00e9voilant une facette intime de la Premi\u00e8re dame.","robots":{"index":"index","follow":"follow","max-snippet":"max-snippet:-1","max-image-preview":"max-image-preview:large","max-video-preview":"max-video-preview:-1"},"canonical":"https:\/\/www.sebastien-auziere.fr\/blog\/es\/brigitte-macron-confia-sus-pruebas-en-el-eliseo-a-veces-atravieso-una-tristeza-desconocida-hasta-ahora\/","og_locale":"fr_FR","og_type":"article","og_title":"Brigitte Macron conf\u00eda sus pruebas en el El\u00edseo: \"A veces atravieso una tristeza desconocida hasta ahora - Fan site S\u00e9bastien Auzi\u00e8re","og_description":"Brigitte Macron se confie \u00e0 l\u2019\u00c9lys\u00e9e sur ses \u00e9preuves et une tristesse inconnue, d\u00e9voilant une facette intime de la Premi\u00e8re dame.","og_url":"https:\/\/www.sebastien-auziere.fr\/blog\/es\/brigitte-macron-confia-sus-pruebas-en-el-eliseo-a-veces-atravieso-una-tristeza-desconocida-hasta-ahora\/","og_site_name":"Fan site S\u00e9bastien Auzi\u00e8re","article_published_time":"2026-04-26T07:10:07+00:00","article_modified_time":"2026-04-26T07:10:35+00:00","og_image":[{"width":2560,"height":1429,"url":"https:\/\/www.sebastien-auziere.fr\/blog\/wp-content\/uploads\/2026\/04\/Brigitte-Macron-confie-ses-epreuves-a-lElysee-Je-traverse-parfois-une-tristesse-inconnue-jusquici.jpg","type":"image\/jpeg"}],"author":"Chloe Gauthier","twitter_card":"summary_large_image","twitter_misc":{"\u00c9crit par":"Chloe Gauthier","Dur\u00e9e de lecture estim\u00e9e":"3 minutes"},"schema":{"@context":"https:\/\/schema.org","@graph":[{"@type":"Article","@id":"https:\/\/www.sebastien-auziere.fr\/blog\/es\/brigitte-macron-confia-sus-pruebas-en-el-eliseo-a-veces-atravieso-una-tristeza-desconocida-hasta-ahora\/#article","isPartOf":{"@id":"https:\/\/www.sebastien-auziere.fr\/blog\/es\/brigitte-macron-confia-sus-pruebas-en-el-eliseo-a-veces-atravieso-una-tristeza-desconocida-hasta-ahora\/"},"author":{"name":"Chloe Gauthier","@id":"https:\/\/www.sebastien-auziere.fr\/blog\/#\/schema\/person\/149f1acdbfd85149c6c3e59adeae2f4d"},"headline":"Brigitte Macron conf\u00eda sus pruebas en el El\u00edseo: \u00ab\u00a0A veces atravieso una tristeza desconocida hasta ahora","datePublished":"2026-04-26T07:10:07+00:00","dateModified":"2026-04-26T07:10:35+00:00","mainEntityOfPage":{"@id":"https:\/\/www.sebastien-auziere.fr\/blog\/es\/brigitte-macron-confia-sus-pruebas-en-el-eliseo-a-veces-atravieso-una-tristeza-desconocida-hasta-ahora\/"},"wordCount":525,"commentCount":0,"publisher":{"@id":"https:\/\/www.sebastien-auziere.fr\/blog\/#organization"},"image":{"@id":"https:\/\/www.sebastien-auziere.fr\/blog\/es\/brigitte-macron-confia-sus-pruebas-en-el-eliseo-a-veces-atravieso-una-tristeza-desconocida-hasta-ahora\/#primaryimage"},"thumbnailUrl":"https:\/\/www.sebastien-auziere.fr\/blog\/wp-content\/uploads\/2026\/04\/Brigitte-Macron-confie-ses-epreuves-a-lElysee-Je-traverse-parfois-une-tristesse-inconnue-jusquici.jpg","keywords":["brigitte macron","\u00e9lys\u00e9e","emociones","\u00e9preuves personales","tristeza"],"articleSection":["Actualidades"],"inLanguage":"fr-FR","potentialAction":[{"@type":"CommentAction","name":"Comment","target":["https:\/\/www.sebastien-auziere.fr\/blog\/es\/brigitte-macron-confia-sus-pruebas-en-el-eliseo-a-veces-atravieso-una-tristeza-desconocida-hasta-ahora\/#respond"]}]},{"@type":"WebPage","@id":"https:\/\/www.sebastien-auziere.fr\/blog\/es\/brigitte-macron-confia-sus-pruebas-en-el-eliseo-a-veces-atravieso-una-tristeza-desconocida-hasta-ahora\/","url":"https:\/\/www.sebastien-auziere.fr\/blog\/es\/brigitte-macron-confia-sus-pruebas-en-el-eliseo-a-veces-atravieso-una-tristeza-desconocida-hasta-ahora\/","name":"Brigitte Macron conf\u00eda sus pruebas en el El\u00edseo: \"A veces atravieso una tristeza desconocida hasta ahora - Fan site S\u00e9bastien Auzi\u00e8re","isPartOf":{"@id":"https:\/\/www.sebastien-auziere.fr\/blog\/#website"},"primaryImageOfPage":{"@id":"https:\/\/www.sebastien-auziere.fr\/blog\/es\/brigitte-macron-confia-sus-pruebas-en-el-eliseo-a-veces-atravieso-una-tristeza-desconocida-hasta-ahora\/#primaryimage"},"image":{"@id":"https:\/\/www.sebastien-auziere.fr\/blog\/es\/brigitte-macron-confia-sus-pruebas-en-el-eliseo-a-veces-atravieso-una-tristeza-desconocida-hasta-ahora\/#primaryimage"},"thumbnailUrl":"https:\/\/www.sebastien-auziere.fr\/blog\/wp-content\/uploads\/2026\/04\/Brigitte-Macron-confie-ses-epreuves-a-lElysee-Je-traverse-parfois-une-tristesse-inconnue-jusquici.jpg","datePublished":"2026-04-26T07:10:07+00:00","dateModified":"2026-04-26T07:10:35+00:00","description":"Brigitte Macron se confie \u00e0 l\u2019\u00c9lys\u00e9e sur ses \u00e9preuves et une tristesse inconnue, d\u00e9voilant une facette intime de la Premi\u00e8re dame.","breadcrumb":{"@id":"https:\/\/www.sebastien-auziere.fr\/blog\/es\/brigitte-macron-confia-sus-pruebas-en-el-eliseo-a-veces-atravieso-una-tristeza-desconocida-hasta-ahora\/#breadcrumb"},"inLanguage":"fr-FR","potentialAction":[{"@type":"ReadAction","target":["https:\/\/www.sebastien-auziere.fr\/blog\/es\/brigitte-macron-confia-sus-pruebas-en-el-eliseo-a-veces-atravieso-una-tristeza-desconocida-hasta-ahora\/"]}]},{"@type":"ImageObject","inLanguage":"fr-FR","@id":"https:\/\/www.sebastien-auziere.fr\/blog\/es\/brigitte-macron-confia-sus-pruebas-en-el-eliseo-a-veces-atravieso-una-tristeza-desconocida-hasta-ahora\/#primaryimage","url":"https:\/\/www.sebastien-auziere.fr\/blog\/wp-content\/uploads\/2026\/04\/Brigitte-Macron-confie-ses-epreuves-a-lElysee-Je-traverse-parfois-une-tristesse-inconnue-jusquici.jpg","contentUrl":"https:\/\/www.sebastien-auziere.fr\/blog\/wp-content\/uploads\/2026\/04\/Brigitte-Macron-confie-ses-epreuves-a-lElysee-Je-traverse-parfois-une-tristesse-inconnue-jusquici.jpg","width":2560,"height":1429,"caption":"brigitte macron se livre avec \u00e9motion \u00e0 l\u2019\u00e9lys\u00e9e, partageant ses moments de tristesse et ses \u00e9preuves personnelles encore inconnues jusqu\u2019ici."},{"@type":"BreadcrumbList","@id":"https:\/\/www.sebastien-auziere.fr\/blog\/es\/brigitte-macron-confia-sus-pruebas-en-el-eliseo-a-veces-atravieso-una-tristeza-desconocida-hasta-ahora\/#breadcrumb","itemListElement":[{"@type":"ListItem","position":1,"name":"Home","item":"https:\/\/www.sebastien-auziere.fr\/blog\/"},{"@type":"ListItem","position":2,"name":"Brigitte Macron conf\u00eda sus pruebas en el El\u00edseo: \u00ab\u00a0A veces atravieso una tristeza desconocida hasta ahora"}]},{"@type":"WebSite","@id":"https:\/\/www.sebastien-auziere.fr\/blog\/#website","url":"https:\/\/www.sebastien-auziere.fr\/blog\/","name":"Fan site S\u00e9bastien Auzi\u00e8re","description":"M\u00e9dia g\u00e9n\u00e9raliste","publisher":{"@id":"https:\/\/www.sebastien-auziere.fr\/blog\/#organization"},"potentialAction":[{"@type":"SearchAction","target":{"@type":"EntryPoint","urlTemplate":"https:\/\/www.sebastien-auziere.fr\/blog\/?s={search_term_string}"},"query-input":{"@type":"PropertyValueSpecification","valueRequired":true,"valueName":"search_term_string"}}],"inLanguage":"fr-FR"},{"@type":"Organization","@id":"https:\/\/www.sebastien-auziere.fr\/blog\/#organization","name":"Fan site S\u00e9bastien Auzi\u00e8re","url":"https:\/\/www.sebastien-auziere.fr\/blog\/","logo":{"@type":"ImageObject","inLanguage":"fr-FR","@id":"https:\/\/www.sebastien-auziere.fr\/blog\/#\/schema\/logo\/image\/","url":"https:\/\/www.sebastien-auziere.fr\/blog\/wp-content\/uploads\/2026\/03\/cropped-cropped-cropped-ChatGPT-Image-6-mars-2026-12_58_09-e1772798376794.jpg","contentUrl":"https:\/\/www.sebastien-auziere.fr\/blog\/wp-content\/uploads\/2026\/03\/cropped-cropped-cropped-ChatGPT-Image-6-mars-2026-12_58_09-e1772798376794.jpg","width":512,"height":360,"caption":"Fan site S\u00e9bastien Auzi\u00e8re"},"image":{"@id":"https:\/\/www.sebastien-auziere.fr\/blog\/#\/schema\/logo\/image\/"}},{"@type":"Person","@id":"https:\/\/www.sebastien-auziere.fr\/blog\/#\/schema\/person\/149f1acdbfd85149c6c3e59adeae2f4d","name":"Chloe Gauthier","image":{"@type":"ImageObject","inLanguage":"fr-FR","@id":"https:\/\/secure.gravatar.com\/avatar\/2c5722f58171cff738a8985ef0dd66b476e563753246a49019befc837ec4201a?s=96&d=mm&r=g","url":"https:\/\/secure.gravatar.com\/avatar\/2c5722f58171cff738a8985ef0dd66b476e563753246a49019befc837ec4201a?s=96&d=mm&r=g","contentUrl":"https:\/\/secure.gravatar.com\/avatar\/2c5722f58171cff738a8985ef0dd66b476e563753246a49019befc837ec4201a?s=96&d=mm&r=g","caption":"Chloe Gauthier"},"description":"Passionn\u00e9e par la politique et admiratrice engag\u00e9e de la famille Macron, je consacre mon \u00e9nergie \u00e0 suivre leurs initiatives et \u00e0 promouvoir leurs id\u00e9es. \u00c0 32 ans, je suis convaincue que leur vision est porteuse d'avenir.","url":"https:\/\/www.sebastien-auziere.fr\/blog\/author\/chloe-gauthier\/"}]}},"views":0,"_links":{"self":[{"href":"https:\/\/www.sebastien-auziere.fr\/blog\/wp-json\/wp\/v2\/posts\/3344","targetHints":{"allow":["GET"]}}],"collection":[{"href":"https:\/\/www.sebastien-auziere.fr\/blog\/wp-json\/wp\/v2\/posts"}],"about":[{"href":"https:\/\/www.sebastien-auziere.fr\/blog\/wp-json\/wp\/v2\/types\/post"}],"author":[{"embeddable":true,"href":"https:\/\/www.sebastien-auziere.fr\/blog\/wp-json\/wp\/v2\/users\/9"}],"replies":[{"embeddable":true,"href":"https:\/\/www.sebastien-auziere.fr\/blog\/wp-json\/wp\/v2\/comments?post=3344"}],"version-history":[{"count":1,"href":"https:\/\/www.sebastien-auziere.fr\/blog\/wp-json\/wp\/v2\/posts\/3344\/revisions"}],"predecessor-version":[{"id":3345,"href":"https:\/\/www.sebastien-auziere.fr\/blog\/wp-json\/wp\/v2\/posts\/3344\/revisions\/3345"}],"wp:featuredmedia":[{"embeddable":true,"href":"https:\/\/www.sebastien-auziere.fr\/blog\/wp-json\/wp\/v2\/media\/3340"}],"wp:attachment":[{"href":"https:\/\/www.sebastien-auziere.fr\/blog\/wp-json\/wp\/v2\/media?parent=3344"}],"wp:term":[{"taxonomy":"category","embeddable":true,"href":"https:\/\/www.sebastien-auziere.fr\/blog\/wp-json\/wp\/v2\/categories?post=3344"},{"taxonomy":"post_tag","embeddable":true,"href":"https:\/\/www.sebastien-auziere.fr\/blog\/wp-json\/wp\/v2\/tags?post=3344"}],"curies":[{"name":"wp","href":"https:\/\/api.w.org\/{rel}","templated":true}]}}