{"id":3342,"date":"2026-04-26T07:09:47","date_gmt":"2026-04-26T07:09:47","guid":{"rendered":"https:\/\/www.sebastien-auziere.fr\/blog\/?p=3342"},"modified":"2026-04-26T07:10:06","modified_gmt":"2026-04-26T07:10:06","slug":"brigitte-macron-shares-her-struggles-at-the-elysee-i-sometimes-go-through-an-unknown-sadness-until-now","status":"publish","type":"post","link":"https:\/\/www.sebastien-auziere.fr\/blog\/en\/brigitte-macron-shares-her-struggles-at-the-elysee-i-sometimes-go-through-an-unknown-sadness-until-now\/","title":{"rendered":"Brigitte Macron shares her struggles at the \u00c9lys\u00e9e: \u00ab\u00a0I sometimes go through an unknown sadness until now"},"content":{"rendered":"<p><strong>Brigitte Macron<\/strong> made a rare and poignant confession: \u201c<strong>I am sometimes sad like I have never been before<\/strong>,\u201d she stated on <strong>April 26, 2026<\/strong> in <strong>La Tribune Dimanche<\/strong>. Here, you will discover how these words reveal the <strong>trials<\/strong> and the <strong>intimacy<\/strong> of a life lived under the spotlight of the <strong>\u00c9lys\u00e9e<\/strong>.<\/p>\n\n<p><strong>In brief:<\/strong> the first lady, aged <strong>73<\/strong>, has returned from a trip to Morocco with her daughter <strong>Tiphaine<\/strong>, chairs Live centers created by Bernard Arnault, keeps a secret journal to manage her <strong>emotions<\/strong>, and has established daily rituals (gym, cycling, walking) to cope with her <strong>difficulties<\/strong>.<\/p>\n\n<h2 class=\"wp-block-heading\">The confession at the heart of the \u00c9lys\u00e9e and its consequences<\/h2>\n\n<p>In this interview, <strong>Brigitte Macron<\/strong> explains that these nine to ten years at the <strong>\u00c9lys\u00e9e<\/strong> have left marks: \u201c<strong>I have seen the darkness of the world, stupidity, wickedness<\/strong>.\u201d This observation, published on April 26, provides an unprecedented perspective on the psychological impact of official duties.<\/p>\n\n<p>The precision of the date and the source reinforce the truthfulness of this <strong>confession<\/strong>, and show how public visibility can transform private life. It is a call to better understand the isolation of the role.<\/p>\n\n<h3 class=\"wp-block-heading\">Harassment, rumors, and public reaction<\/h3>\n\n<p>Since 2017, <strong>Brigitte Macron<\/strong> has been the target of repeated attacks; Marl\u00e8ne Schiappa even called her the \u201c<strong>most harassed woman<\/strong> in France.\u201d The transphobic rumor from 2021 and its international resurgence have heightened media pressure.<\/p>\n\n<p>She denounced the impact of hate and lies, particularly on young people, during an intervention on TF1\u2019s news in 2024. To learn more about the media context, read the article on <a href=\"https:\/\/www.gala.fr\/l_actu\/news_de_stars\/brigitte-macron-eprouvee-par-ses-annees-a-l-elysee-je-suis-parfois-triste-comme-jamais-je-n-avais-ete-20260426\" rel=\"nofollow\">Gala<\/a>.<\/p>\n\n<p>The revelation of these attacks partly explains her public vulnerability and quest for protection.<\/p>\n\n<h2 class=\"wp-block-heading\">Rituals, writing, and daily resilience<\/h2>\n\n<p>To preserve her mental health, <strong>Brigitte Macron<\/strong> has established rituals: gym, cycling, and an hour of walking each day. She also encourages writing, a practice she has passed on to the students of the Live centers, created with the support of Bernard Arnault.<\/p>\n\n<p>These concrete gestures constitute a personal response to the <strong>difficulties<\/strong> and intense <strong>emotions<\/strong> experienced at the <strong>\u00c9lys\u00e9e<\/strong>. The report from <a href=\"https:\/\/www.lemonde.fr\/politique\/article\/2026\/04\/26\/brigitte-macron-se-confie-sur-ses-annees-passees-a-l-elysee-et-affirme-y-avoir-vu-la-noirceur-du-monde-la-betise-la-mechancete_6683439_823448.html\" rel=\"nofollow\">Le Monde<\/a> details these initiatives and their scope.<\/p>\n\n<h3 class=\"wp-block-heading\">What these confidences say about the future<\/h3>\n\n<p>In light of the prospect of leaving the <strong>\u00c9lys\u00e9e<\/strong> in 2027, her words reflect on what\u2019s next: a return to a more discreet life, but also a desire for social action. Her position remains marked by the search for <strong>support<\/strong> and <strong>resilience<\/strong>.<\/p>\n\n<p>These confidences invite us to reassess how society protects the loved ones of public officials. Final insight: fame also demands human protective measures.<\/p>\n\n<p>To learn more about the family dynamics and the journey of those surrounding the president, discover more about <a href=\"https:\/\/sebastien-auziere.fr\" rel=\"nofollow\">S\u00e9bastien Auzi\u00e8re and the Macron family<\/a> and delve into the stories that illuminate these confidences.<\/p>","protected":false},"excerpt":{"rendered":"<p>Brigitte Macron made a rare and poignant confession: \u201cI am sometimes sad like I have never been before,\u201d she stated on April 26, 2026 in La Tribune Dimanche. Here, you will discover how these words reveal the trials and the intimacy of a life lived under the spotlight of the \u00c9lys\u00e9e. In brief: the first &#8230; <a title=\"Brigitte Macron shares her struggles at the \u00c9lys\u00e9e: \u00ab\u00a0I sometimes go through an unknown sadness until now\" class=\"read-more\" href=\"https:\/\/www.sebastien-auziere.fr\/blog\/en\/brigitte-macron-shares-her-struggles-at-the-elysee-i-sometimes-go-through-an-unknown-sadness-until-now\/\" aria-label=\"En savoir plus sur Brigitte Macron shares her struggles at the \u00c9lys\u00e9e: \u00ab\u00a0I sometimes go through an unknown sadness until now\">Lire plus<\/a><\/p>\n","protected":false},"author":9,"featured_media":3340,"comment_status":"open","ping_status":"open","sticky":false,"template":"","format":"standard","meta":{"footnotes":""},"categories":[816],"tags":[898,3335,4389,4392,4395],"class_list":["post-3342","post","type-post","status-publish","format-standard","has-post-thumbnail","hentry","category-news","tag-brigitte-macron-en","tag-elysee-en","tag-emotions-en","tag-personal-challenges-en","tag-sadness-en"],"yoast_head":"<!-- This site is optimized with the Yoast SEO plugin v27.5 - https:\/\/yoast.com\/product\/yoast-seo-wordpress\/ -->\n<title>Brigitte Macron shares her struggles at the \u00c9lys\u00e9e: &quot;I sometimes go through an unknown sadness until now - Fan site S\u00e9bastien Auzi\u00e8re<\/title>\n<meta name=\"description\" content=\"Brigitte Macron se confie \u00e0 l\u2019\u00c9lys\u00e9e sur ses \u00e9preuves et une tristesse inconnue, d\u00e9voilant une facette intime de la Premi\u00e8re dame.\" \/>\n<meta name=\"robots\" content=\"index, follow, max-snippet:-1, max-image-preview:large, max-video-preview:-1\" \/>\n<link rel=\"canonical\" href=\"https:\/\/www.sebastien-auziere.fr\/blog\/en\/brigitte-macron-shares-her-struggles-at-the-elysee-i-sometimes-go-through-an-unknown-sadness-until-now\/\" \/>\n<meta property=\"og:locale\" content=\"fr_FR\" \/>\n<meta property=\"og:type\" content=\"article\" \/>\n<meta property=\"og:title\" content=\"Brigitte Macron shares her struggles at the \u00c9lys\u00e9e: &quot;I sometimes go through an unknown sadness until now - Fan site S\u00e9bastien Auzi\u00e8re\" \/>\n<meta property=\"og:description\" content=\"Brigitte Macron se confie \u00e0 l\u2019\u00c9lys\u00e9e sur ses \u00e9preuves et une tristesse inconnue, d\u00e9voilant une facette intime de la Premi\u00e8re dame.\" \/>\n<meta property=\"og:url\" content=\"https:\/\/www.sebastien-auziere.fr\/blog\/en\/brigitte-macron-shares-her-struggles-at-the-elysee-i-sometimes-go-through-an-unknown-sadness-until-now\/\" \/>\n<meta property=\"og:site_name\" content=\"Fan site S\u00e9bastien Auzi\u00e8re\" \/>\n<meta property=\"article:published_time\" content=\"2026-04-26T07:09:47+00:00\" \/>\n<meta property=\"article:modified_time\" content=\"2026-04-26T07:10:06+00:00\" \/>\n<meta property=\"og:image\" content=\"https:\/\/www.sebastien-auziere.fr\/blog\/wp-content\/uploads\/2026\/04\/Brigitte-Macron-confie-ses-epreuves-a-lElysee-Je-traverse-parfois-une-tristesse-inconnue-jusquici.jpg\" \/>\n\t<meta property=\"og:image:width\" content=\"2560\" \/>\n\t<meta property=\"og:image:height\" content=\"1429\" \/>\n\t<meta property=\"og:image:type\" content=\"image\/jpeg\" \/>\n<meta name=\"author\" content=\"Chloe Gauthier\" \/>\n<meta name=\"twitter:card\" content=\"summary_large_image\" \/>\n<meta name=\"twitter:label1\" content=\"\u00c9crit par\" \/>\n\t<meta name=\"twitter:data1\" content=\"Chloe Gauthier\" \/>\n\t<meta name=\"twitter:label2\" content=\"Dur\u00e9e de lecture estim\u00e9e\" \/>\n\t<meta name=\"twitter:data2\" content=\"2 minutes\" \/>\n<script type=\"application\/ld+json\" class=\"yoast-schema-graph\">{\"@context\":\"https:\\\/\\\/schema.org\",\"@graph\":[{\"@type\":\"Article\",\"@id\":\"https:\\\/\\\/www.sebastien-auziere.fr\\\/blog\\\/en\\\/brigitte-macron-shares-her-struggles-at-the-elysee-i-sometimes-go-through-an-unknown-sadness-until-now\\\/#article\",\"isPartOf\":{\"@id\":\"https:\\\/\\\/www.sebastien-auziere.fr\\\/blog\\\/en\\\/brigitte-macron-shares-her-struggles-at-the-elysee-i-sometimes-go-through-an-unknown-sadness-until-now\\\/\"},\"author\":{\"name\":\"Chloe Gauthier\",\"@id\":\"https:\\\/\\\/www.sebastien-auziere.fr\\\/blog\\\/#\\\/schema\\\/person\\\/149f1acdbfd85149c6c3e59adeae2f4d\"},\"headline\":\"Brigitte Macron shares her struggles at the \u00c9lys\u00e9e: \u00ab\u00a0I sometimes go through an unknown sadness until now\",\"datePublished\":\"2026-04-26T07:09:47+00:00\",\"dateModified\":\"2026-04-26T07:10:06+00:00\",\"mainEntityOfPage\":{\"@id\":\"https:\\\/\\\/www.sebastien-auziere.fr\\\/blog\\\/en\\\/brigitte-macron-shares-her-struggles-at-the-elysee-i-sometimes-go-through-an-unknown-sadness-until-now\\\/\"},\"wordCount\":475,\"commentCount\":0,\"publisher\":{\"@id\":\"https:\\\/\\\/www.sebastien-auziere.fr\\\/blog\\\/#organization\"},\"image\":{\"@id\":\"https:\\\/\\\/www.sebastien-auziere.fr\\\/blog\\\/en\\\/brigitte-macron-shares-her-struggles-at-the-elysee-i-sometimes-go-through-an-unknown-sadness-until-now\\\/#primaryimage\"},\"thumbnailUrl\":\"https:\\\/\\\/www.sebastien-auziere.fr\\\/blog\\\/wp-content\\\/uploads\\\/2026\\\/04\\\/Brigitte-Macron-confie-ses-epreuves-a-lElysee-Je-traverse-parfois-une-tristesse-inconnue-jusquici.jpg\",\"keywords\":[\"brigitte macron\",\"\u00e9lys\u00e9e\",\"emotions\",\"personal challenges\",\"sadness\"],\"articleSection\":[\"News\"],\"inLanguage\":\"fr-FR\",\"potentialAction\":[{\"@type\":\"CommentAction\",\"name\":\"Comment\",\"target\":[\"https:\\\/\\\/www.sebastien-auziere.fr\\\/blog\\\/en\\\/brigitte-macron-shares-her-struggles-at-the-elysee-i-sometimes-go-through-an-unknown-sadness-until-now\\\/#respond\"]}]},{\"@type\":\"WebPage\",\"@id\":\"https:\\\/\\\/www.sebastien-auziere.fr\\\/blog\\\/en\\\/brigitte-macron-shares-her-struggles-at-the-elysee-i-sometimes-go-through-an-unknown-sadness-until-now\\\/\",\"url\":\"https:\\\/\\\/www.sebastien-auziere.fr\\\/blog\\\/en\\\/brigitte-macron-shares-her-struggles-at-the-elysee-i-sometimes-go-through-an-unknown-sadness-until-now\\\/\",\"name\":\"Brigitte Macron shares her struggles at the \u00c9lys\u00e9e: \\\"I sometimes go through an unknown sadness until now - Fan site S\u00e9bastien Auzi\u00e8re\",\"isPartOf\":{\"@id\":\"https:\\\/\\\/www.sebastien-auziere.fr\\\/blog\\\/#website\"},\"primaryImageOfPage\":{\"@id\":\"https:\\\/\\\/www.sebastien-auziere.fr\\\/blog\\\/en\\\/brigitte-macron-shares-her-struggles-at-the-elysee-i-sometimes-go-through-an-unknown-sadness-until-now\\\/#primaryimage\"},\"image\":{\"@id\":\"https:\\\/\\\/www.sebastien-auziere.fr\\\/blog\\\/en\\\/brigitte-macron-shares-her-struggles-at-the-elysee-i-sometimes-go-through-an-unknown-sadness-until-now\\\/#primaryimage\"},\"thumbnailUrl\":\"https:\\\/\\\/www.sebastien-auziere.fr\\\/blog\\\/wp-content\\\/uploads\\\/2026\\\/04\\\/Brigitte-Macron-confie-ses-epreuves-a-lElysee-Je-traverse-parfois-une-tristesse-inconnue-jusquici.jpg\",\"datePublished\":\"2026-04-26T07:09:47+00:00\",\"dateModified\":\"2026-04-26T07:10:06+00:00\",\"description\":\"Brigitte Macron se confie \u00e0 l\u2019\u00c9lys\u00e9e sur ses \u00e9preuves et une tristesse inconnue, d\u00e9voilant une facette intime de la Premi\u00e8re dame.\",\"breadcrumb\":{\"@id\":\"https:\\\/\\\/www.sebastien-auziere.fr\\\/blog\\\/en\\\/brigitte-macron-shares-her-struggles-at-the-elysee-i-sometimes-go-through-an-unknown-sadness-until-now\\\/#breadcrumb\"},\"inLanguage\":\"fr-FR\",\"potentialAction\":[{\"@type\":\"ReadAction\",\"target\":[\"https:\\\/\\\/www.sebastien-auziere.fr\\\/blog\\\/en\\\/brigitte-macron-shares-her-struggles-at-the-elysee-i-sometimes-go-through-an-unknown-sadness-until-now\\\/\"]}]},{\"@type\":\"ImageObject\",\"inLanguage\":\"fr-FR\",\"@id\":\"https:\\\/\\\/www.sebastien-auziere.fr\\\/blog\\\/en\\\/brigitte-macron-shares-her-struggles-at-the-elysee-i-sometimes-go-through-an-unknown-sadness-until-now\\\/#primaryimage\",\"url\":\"https:\\\/\\\/www.sebastien-auziere.fr\\\/blog\\\/wp-content\\\/uploads\\\/2026\\\/04\\\/Brigitte-Macron-confie-ses-epreuves-a-lElysee-Je-traverse-parfois-une-tristesse-inconnue-jusquici.jpg\",\"contentUrl\":\"https:\\\/\\\/www.sebastien-auziere.fr\\\/blog\\\/wp-content\\\/uploads\\\/2026\\\/04\\\/Brigitte-Macron-confie-ses-epreuves-a-lElysee-Je-traverse-parfois-une-tristesse-inconnue-jusquici.jpg\",\"width\":2560,\"height\":1429,\"caption\":\"brigitte macron se livre avec \u00e9motion \u00e0 l\u2019\u00e9lys\u00e9e, partageant ses moments de tristesse et ses \u00e9preuves personnelles encore inconnues jusqu\u2019ici.\"},{\"@type\":\"BreadcrumbList\",\"@id\":\"https:\\\/\\\/www.sebastien-auziere.fr\\\/blog\\\/en\\\/brigitte-macron-shares-her-struggles-at-the-elysee-i-sometimes-go-through-an-unknown-sadness-until-now\\\/#breadcrumb\",\"itemListElement\":[{\"@type\":\"ListItem\",\"position\":1,\"name\":\"Home\",\"item\":\"https:\\\/\\\/www.sebastien-auziere.fr\\\/blog\\\/\"},{\"@type\":\"ListItem\",\"position\":2,\"name\":\"Brigitte Macron shares her struggles at the \u00c9lys\u00e9e: \u00ab\u00a0I sometimes go through an unknown sadness until now\"}]},{\"@type\":\"WebSite\",\"@id\":\"https:\\\/\\\/www.sebastien-auziere.fr\\\/blog\\\/#website\",\"url\":\"https:\\\/\\\/www.sebastien-auziere.fr\\\/blog\\\/\",\"name\":\"Fan site S\u00e9bastien Auzi\u00e8re\",\"description\":\"M\u00e9dia g\u00e9n\u00e9raliste\",\"publisher\":{\"@id\":\"https:\\\/\\\/www.sebastien-auziere.fr\\\/blog\\\/#organization\"},\"potentialAction\":[{\"@type\":\"SearchAction\",\"target\":{\"@type\":\"EntryPoint\",\"urlTemplate\":\"https:\\\/\\\/www.sebastien-auziere.fr\\\/blog\\\/?s={search_term_string}\"},\"query-input\":{\"@type\":\"PropertyValueSpecification\",\"valueRequired\":true,\"valueName\":\"search_term_string\"}}],\"inLanguage\":\"fr-FR\"},{\"@type\":\"Organization\",\"@id\":\"https:\\\/\\\/www.sebastien-auziere.fr\\\/blog\\\/#organization\",\"name\":\"Fan site S\u00e9bastien Auzi\u00e8re\",\"url\":\"https:\\\/\\\/www.sebastien-auziere.fr\\\/blog\\\/\",\"logo\":{\"@type\":\"ImageObject\",\"inLanguage\":\"fr-FR\",\"@id\":\"https:\\\/\\\/www.sebastien-auziere.fr\\\/blog\\\/#\\\/schema\\\/logo\\\/image\\\/\",\"url\":\"https:\\\/\\\/www.sebastien-auziere.fr\\\/blog\\\/wp-content\\\/uploads\\\/2026\\\/03\\\/cropped-cropped-cropped-ChatGPT-Image-6-mars-2026-12_58_09-e1772798376794.jpg\",\"contentUrl\":\"https:\\\/\\\/www.sebastien-auziere.fr\\\/blog\\\/wp-content\\\/uploads\\\/2026\\\/03\\\/cropped-cropped-cropped-ChatGPT-Image-6-mars-2026-12_58_09-e1772798376794.jpg\",\"width\":512,\"height\":360,\"caption\":\"Fan site S\u00e9bastien Auzi\u00e8re\"},\"image\":{\"@id\":\"https:\\\/\\\/www.sebastien-auziere.fr\\\/blog\\\/#\\\/schema\\\/logo\\\/image\\\/\"}},{\"@type\":\"Person\",\"@id\":\"https:\\\/\\\/www.sebastien-auziere.fr\\\/blog\\\/#\\\/schema\\\/person\\\/149f1acdbfd85149c6c3e59adeae2f4d\",\"name\":\"Chloe Gauthier\",\"image\":{\"@type\":\"ImageObject\",\"inLanguage\":\"fr-FR\",\"@id\":\"https:\\\/\\\/secure.gravatar.com\\\/avatar\\\/2c5722f58171cff738a8985ef0dd66b476e563753246a49019befc837ec4201a?s=96&d=mm&r=g\",\"url\":\"https:\\\/\\\/secure.gravatar.com\\\/avatar\\\/2c5722f58171cff738a8985ef0dd66b476e563753246a49019befc837ec4201a?s=96&d=mm&r=g\",\"contentUrl\":\"https:\\\/\\\/secure.gravatar.com\\\/avatar\\\/2c5722f58171cff738a8985ef0dd66b476e563753246a49019befc837ec4201a?s=96&d=mm&r=g\",\"caption\":\"Chloe Gauthier\"},\"description\":\"Passionn\u00e9e par la politique et admiratrice engag\u00e9e de la famille Macron, je consacre mon \u00e9nergie \u00e0 suivre leurs initiatives et \u00e0 promouvoir leurs id\u00e9es. \u00c0 32 ans, je suis convaincue que leur vision est porteuse d'avenir.\",\"url\":\"https:\\\/\\\/www.sebastien-auziere.fr\\\/blog\\\/author\\\/chloe-gauthier\\\/\"}]}<\/script>\n<!-- \/ Yoast SEO plugin. -->","yoast_head_json":{"title":"Brigitte Macron shares her struggles at the \u00c9lys\u00e9e: \"I sometimes go through an unknown sadness until now - Fan site S\u00e9bastien Auzi\u00e8re","description":"Brigitte Macron se confie \u00e0 l\u2019\u00c9lys\u00e9e sur ses \u00e9preuves et une tristesse inconnue, d\u00e9voilant une facette intime de la Premi\u00e8re dame.","robots":{"index":"index","follow":"follow","max-snippet":"max-snippet:-1","max-image-preview":"max-image-preview:large","max-video-preview":"max-video-preview:-1"},"canonical":"https:\/\/www.sebastien-auziere.fr\/blog\/en\/brigitte-macron-shares-her-struggles-at-the-elysee-i-sometimes-go-through-an-unknown-sadness-until-now\/","og_locale":"fr_FR","og_type":"article","og_title":"Brigitte Macron shares her struggles at the \u00c9lys\u00e9e: \"I sometimes go through an unknown sadness until now - Fan site S\u00e9bastien Auzi\u00e8re","og_description":"Brigitte Macron se confie \u00e0 l\u2019\u00c9lys\u00e9e sur ses \u00e9preuves et une tristesse inconnue, d\u00e9voilant une facette intime de la Premi\u00e8re dame.","og_url":"https:\/\/www.sebastien-auziere.fr\/blog\/en\/brigitte-macron-shares-her-struggles-at-the-elysee-i-sometimes-go-through-an-unknown-sadness-until-now\/","og_site_name":"Fan site S\u00e9bastien Auzi\u00e8re","article_published_time":"2026-04-26T07:09:47+00:00","article_modified_time":"2026-04-26T07:10:06+00:00","og_image":[{"width":2560,"height":1429,"url":"https:\/\/www.sebastien-auziere.fr\/blog\/wp-content\/uploads\/2026\/04\/Brigitte-Macron-confie-ses-epreuves-a-lElysee-Je-traverse-parfois-une-tristesse-inconnue-jusquici.jpg","type":"image\/jpeg"}],"author":"Chloe Gauthier","twitter_card":"summary_large_image","twitter_misc":{"\u00c9crit par":"Chloe Gauthier","Dur\u00e9e de lecture estim\u00e9e":"2 minutes"},"schema":{"@context":"https:\/\/schema.org","@graph":[{"@type":"Article","@id":"https:\/\/www.sebastien-auziere.fr\/blog\/en\/brigitte-macron-shares-her-struggles-at-the-elysee-i-sometimes-go-through-an-unknown-sadness-until-now\/#article","isPartOf":{"@id":"https:\/\/www.sebastien-auziere.fr\/blog\/en\/brigitte-macron-shares-her-struggles-at-the-elysee-i-sometimes-go-through-an-unknown-sadness-until-now\/"},"author":{"name":"Chloe Gauthier","@id":"https:\/\/www.sebastien-auziere.fr\/blog\/#\/schema\/person\/149f1acdbfd85149c6c3e59adeae2f4d"},"headline":"Brigitte Macron shares her struggles at the \u00c9lys\u00e9e: \u00ab\u00a0I sometimes go through an unknown sadness until now","datePublished":"2026-04-26T07:09:47+00:00","dateModified":"2026-04-26T07:10:06+00:00","mainEntityOfPage":{"@id":"https:\/\/www.sebastien-auziere.fr\/blog\/en\/brigitte-macron-shares-her-struggles-at-the-elysee-i-sometimes-go-through-an-unknown-sadness-until-now\/"},"wordCount":475,"commentCount":0,"publisher":{"@id":"https:\/\/www.sebastien-auziere.fr\/blog\/#organization"},"image":{"@id":"https:\/\/www.sebastien-auziere.fr\/blog\/en\/brigitte-macron-shares-her-struggles-at-the-elysee-i-sometimes-go-through-an-unknown-sadness-until-now\/#primaryimage"},"thumbnailUrl":"https:\/\/www.sebastien-auziere.fr\/blog\/wp-content\/uploads\/2026\/04\/Brigitte-Macron-confie-ses-epreuves-a-lElysee-Je-traverse-parfois-une-tristesse-inconnue-jusquici.jpg","keywords":["brigitte macron","\u00e9lys\u00e9e","emotions","personal challenges","sadness"],"articleSection":["News"],"inLanguage":"fr-FR","potentialAction":[{"@type":"CommentAction","name":"Comment","target":["https:\/\/www.sebastien-auziere.fr\/blog\/en\/brigitte-macron-shares-her-struggles-at-the-elysee-i-sometimes-go-through-an-unknown-sadness-until-now\/#respond"]}]},{"@type":"WebPage","@id":"https:\/\/www.sebastien-auziere.fr\/blog\/en\/brigitte-macron-shares-her-struggles-at-the-elysee-i-sometimes-go-through-an-unknown-sadness-until-now\/","url":"https:\/\/www.sebastien-auziere.fr\/blog\/en\/brigitte-macron-shares-her-struggles-at-the-elysee-i-sometimes-go-through-an-unknown-sadness-until-now\/","name":"Brigitte Macron shares her struggles at the \u00c9lys\u00e9e: \"I sometimes go through an unknown sadness until now - Fan site S\u00e9bastien Auzi\u00e8re","isPartOf":{"@id":"https:\/\/www.sebastien-auziere.fr\/blog\/#website"},"primaryImageOfPage":{"@id":"https:\/\/www.sebastien-auziere.fr\/blog\/en\/brigitte-macron-shares-her-struggles-at-the-elysee-i-sometimes-go-through-an-unknown-sadness-until-now\/#primaryimage"},"image":{"@id":"https:\/\/www.sebastien-auziere.fr\/blog\/en\/brigitte-macron-shares-her-struggles-at-the-elysee-i-sometimes-go-through-an-unknown-sadness-until-now\/#primaryimage"},"thumbnailUrl":"https:\/\/www.sebastien-auziere.fr\/blog\/wp-content\/uploads\/2026\/04\/Brigitte-Macron-confie-ses-epreuves-a-lElysee-Je-traverse-parfois-une-tristesse-inconnue-jusquici.jpg","datePublished":"2026-04-26T07:09:47+00:00","dateModified":"2026-04-26T07:10:06+00:00","description":"Brigitte Macron se confie \u00e0 l\u2019\u00c9lys\u00e9e sur ses \u00e9preuves et une tristesse inconnue, d\u00e9voilant une facette intime de la Premi\u00e8re dame.","breadcrumb":{"@id":"https:\/\/www.sebastien-auziere.fr\/blog\/en\/brigitte-macron-shares-her-struggles-at-the-elysee-i-sometimes-go-through-an-unknown-sadness-until-now\/#breadcrumb"},"inLanguage":"fr-FR","potentialAction":[{"@type":"ReadAction","target":["https:\/\/www.sebastien-auziere.fr\/blog\/en\/brigitte-macron-shares-her-struggles-at-the-elysee-i-sometimes-go-through-an-unknown-sadness-until-now\/"]}]},{"@type":"ImageObject","inLanguage":"fr-FR","@id":"https:\/\/www.sebastien-auziere.fr\/blog\/en\/brigitte-macron-shares-her-struggles-at-the-elysee-i-sometimes-go-through-an-unknown-sadness-until-now\/#primaryimage","url":"https:\/\/www.sebastien-auziere.fr\/blog\/wp-content\/uploads\/2026\/04\/Brigitte-Macron-confie-ses-epreuves-a-lElysee-Je-traverse-parfois-une-tristesse-inconnue-jusquici.jpg","contentUrl":"https:\/\/www.sebastien-auziere.fr\/blog\/wp-content\/uploads\/2026\/04\/Brigitte-Macron-confie-ses-epreuves-a-lElysee-Je-traverse-parfois-une-tristesse-inconnue-jusquici.jpg","width":2560,"height":1429,"caption":"brigitte macron se livre avec \u00e9motion \u00e0 l\u2019\u00e9lys\u00e9e, partageant ses moments de tristesse et ses \u00e9preuves personnelles encore inconnues jusqu\u2019ici."},{"@type":"BreadcrumbList","@id":"https:\/\/www.sebastien-auziere.fr\/blog\/en\/brigitte-macron-shares-her-struggles-at-the-elysee-i-sometimes-go-through-an-unknown-sadness-until-now\/#breadcrumb","itemListElement":[{"@type":"ListItem","position":1,"name":"Home","item":"https:\/\/www.sebastien-auziere.fr\/blog\/"},{"@type":"ListItem","position":2,"name":"Brigitte Macron shares her struggles at the \u00c9lys\u00e9e: \u00ab\u00a0I sometimes go through an unknown sadness until now"}]},{"@type":"WebSite","@id":"https:\/\/www.sebastien-auziere.fr\/blog\/#website","url":"https:\/\/www.sebastien-auziere.fr\/blog\/","name":"Fan site S\u00e9bastien Auzi\u00e8re","description":"M\u00e9dia g\u00e9n\u00e9raliste","publisher":{"@id":"https:\/\/www.sebastien-auziere.fr\/blog\/#organization"},"potentialAction":[{"@type":"SearchAction","target":{"@type":"EntryPoint","urlTemplate":"https:\/\/www.sebastien-auziere.fr\/blog\/?s={search_term_string}"},"query-input":{"@type":"PropertyValueSpecification","valueRequired":true,"valueName":"search_term_string"}}],"inLanguage":"fr-FR"},{"@type":"Organization","@id":"https:\/\/www.sebastien-auziere.fr\/blog\/#organization","name":"Fan site S\u00e9bastien Auzi\u00e8re","url":"https:\/\/www.sebastien-auziere.fr\/blog\/","logo":{"@type":"ImageObject","inLanguage":"fr-FR","@id":"https:\/\/www.sebastien-auziere.fr\/blog\/#\/schema\/logo\/image\/","url":"https:\/\/www.sebastien-auziere.fr\/blog\/wp-content\/uploads\/2026\/03\/cropped-cropped-cropped-ChatGPT-Image-6-mars-2026-12_58_09-e1772798376794.jpg","contentUrl":"https:\/\/www.sebastien-auziere.fr\/blog\/wp-content\/uploads\/2026\/03\/cropped-cropped-cropped-ChatGPT-Image-6-mars-2026-12_58_09-e1772798376794.jpg","width":512,"height":360,"caption":"Fan site S\u00e9bastien Auzi\u00e8re"},"image":{"@id":"https:\/\/www.sebastien-auziere.fr\/blog\/#\/schema\/logo\/image\/"}},{"@type":"Person","@id":"https:\/\/www.sebastien-auziere.fr\/blog\/#\/schema\/person\/149f1acdbfd85149c6c3e59adeae2f4d","name":"Chloe Gauthier","image":{"@type":"ImageObject","inLanguage":"fr-FR","@id":"https:\/\/secure.gravatar.com\/avatar\/2c5722f58171cff738a8985ef0dd66b476e563753246a49019befc837ec4201a?s=96&d=mm&r=g","url":"https:\/\/secure.gravatar.com\/avatar\/2c5722f58171cff738a8985ef0dd66b476e563753246a49019befc837ec4201a?s=96&d=mm&r=g","contentUrl":"https:\/\/secure.gravatar.com\/avatar\/2c5722f58171cff738a8985ef0dd66b476e563753246a49019befc837ec4201a?s=96&d=mm&r=g","caption":"Chloe Gauthier"},"description":"Passionn\u00e9e par la politique et admiratrice engag\u00e9e de la famille Macron, je consacre mon \u00e9nergie \u00e0 suivre leurs initiatives et \u00e0 promouvoir leurs id\u00e9es. \u00c0 32 ans, je suis convaincue que leur vision est porteuse d'avenir.","url":"https:\/\/www.sebastien-auziere.fr\/blog\/author\/chloe-gauthier\/"}]}},"views":0,"_links":{"self":[{"href":"https:\/\/www.sebastien-auziere.fr\/blog\/wp-json\/wp\/v2\/posts\/3342","targetHints":{"allow":["GET"]}}],"collection":[{"href":"https:\/\/www.sebastien-auziere.fr\/blog\/wp-json\/wp\/v2\/posts"}],"about":[{"href":"https:\/\/www.sebastien-auziere.fr\/blog\/wp-json\/wp\/v2\/types\/post"}],"author":[{"embeddable":true,"href":"https:\/\/www.sebastien-auziere.fr\/blog\/wp-json\/wp\/v2\/users\/9"}],"replies":[{"embeddable":true,"href":"https:\/\/www.sebastien-auziere.fr\/blog\/wp-json\/wp\/v2\/comments?post=3342"}],"version-history":[{"count":1,"href":"https:\/\/www.sebastien-auziere.fr\/blog\/wp-json\/wp\/v2\/posts\/3342\/revisions"}],"predecessor-version":[{"id":3343,"href":"https:\/\/www.sebastien-auziere.fr\/blog\/wp-json\/wp\/v2\/posts\/3342\/revisions\/3343"}],"wp:featuredmedia":[{"embeddable":true,"href":"https:\/\/www.sebastien-auziere.fr\/blog\/wp-json\/wp\/v2\/media\/3340"}],"wp:attachment":[{"href":"https:\/\/www.sebastien-auziere.fr\/blog\/wp-json\/wp\/v2\/media?parent=3342"}],"wp:term":[{"taxonomy":"category","embeddable":true,"href":"https:\/\/www.sebastien-auziere.fr\/blog\/wp-json\/wp\/v2\/categories?post=3342"},{"taxonomy":"post_tag","embeddable":true,"href":"https:\/\/www.sebastien-auziere.fr\/blog\/wp-json\/wp\/v2\/tags?post=3342"}],"curies":[{"name":"wp","href":"https:\/\/api.w.org\/{rel}","templated":true}]}}