{"id":3341,"date":"2026-04-26T07:09:45","date_gmt":"2026-04-26T07:09:45","guid":{"rendered":"https:\/\/www.sebastien-auziere.fr\/blog\/brigitte-macron-epreuves-elysee\/"},"modified":"2026-04-26T07:09:45","modified_gmt":"2026-04-26T07:09:45","slug":"brigitte-macron-epreuves-elysee","status":"publish","type":"post","link":"https:\/\/www.sebastien-auziere.fr\/blog\/brigitte-macron-epreuves-elysee\/","title":{"rendered":"Brigitte Macron confie ses \u00e9preuves \u00e0 l\u2019\u00c9lys\u00e9e : \u00ab\u00a0Je traverse parfois une tristesse inconnue jusqu\u2019ici"},"content":{"rendered":"<p><strong>Brigitte Macron<\/strong> a livr\u00e9 une confession rare et poignante : \u00ab <strong>Je suis parfois triste comme jamais je ne l\u2019avais \u00e9t\u00e9<\/strong> \u00bb, a-t-elle d\u00e9clar\u00e9 le <strong>26 avril 2026<\/strong> \u00e0 <strong>La Tribune Dimanche<\/strong>. Tu d\u00e9couvriras ici comment ces mots r\u00e9v\u00e8lent les <strong>\u00e9preuves<\/strong> et l\u2019<strong>intimit\u00e9<\/strong> d\u2019une vie v\u00e9cue sous les projecteurs de l\u2019<strong>\u00c9lys\u00e9e<\/strong>.<\/p>\n\n<p><strong>En bref :<\/strong> la premi\u00e8re dame, \u00e2g\u00e9e de <strong>73 ans<\/strong>, revient d\u2019un d\u00e9placement au Maroc avec sa fille <strong>Tiphaine<\/strong>, pr\u00e9side des centres Live cr\u00e9\u00e9s par Bernard Arnault, tient un journal secret pour g\u00e9rer ses <strong>\u00e9motions<\/strong> et a mis en place des rituels quotidiens (gym, v\u00e9lo, marche) pour faire face \u00e0 ses <strong>difficult\u00e9s<\/strong>.<\/p>\n\n<h2 class=\"wp-block-heading\">La confession au c\u0153ur de l\u2019\u00c9lys\u00e9e et ses cons\u00e9quences<\/h2>\n\n<p>Dans cet entretien, <strong>Brigitte Macron<\/strong> explique que ces neuf \u00e0 dix ann\u00e9es \u00e0 l\u2019<strong>\u00c9lys\u00e9e<\/strong> ont laiss\u00e9 des traces : \u00ab <strong>J\u2019ai vu la noirceur du monde, la b\u00eatise, la m\u00e9chancet\u00e9<\/strong> \u00bb. Ce constat, publi\u00e9 le 26 avril, pose un regard in\u00e9dit sur l\u2019impact psychologique des fonctions officielles.<\/p>\n\n<p>La pr\u00e9cision de la date et la source renforcent la v\u00e9racit\u00e9 de cette <strong>confession<\/strong>, et montrent combien la visibilit\u00e9 publique peut transformer la vie priv\u00e9e. C\u2019est un appel \u00e0 mieux comprendre l\u2019isolement du r\u00f4le.<\/p>\n\n<h3 class=\"wp-block-heading\">Harc\u00e8lement, rumeurs et r\u00e9action publique<\/h3>\n\n<p>Depuis 2017, <strong>Brigitte Macron<\/strong> a \u00e9t\u00e9 la cible d\u2019attaques r\u00e9p\u00e9t\u00e9es ; Marl\u00e8ne Schiappa l\u2019a m\u00eame qualifi\u00e9e de \u00ab <strong>femme la plus harcel\u00e9e<\/strong> de France \u00bb. La rumeur transphobe de 2021 et sa reprise internationale ont accentu\u00e9 la pression m\u00e9diatique.<\/p>\n\n<p>Elle a d\u00e9nonc\u00e9 l\u2019impact de la haine et du mensonge, notamment sur les jeunes, lors d\u2019une intervention au JT de TF1 en 2024. Pour en savoir plus sur le contexte m\u00e9diatique, lire l\u2019article sur <a href=\"https:\/\/www.gala.fr\/l_actu\/news_de_stars\/brigitte-macron-eprouvee-par-ses-annees-a-l-elysee-je-suis-parfois-triste-comme-jamais-je-n-avais-ete-20260426\" rel=\"nofollow\">Gala<\/a>.<\/p>\n\n<p>La r\u00e9v\u00e9lation de ces attaques explique en partie sa vuln\u00e9rabilit\u00e9 publique et sa qu\u00eate de protection.<\/p>\n\n<h2 class=\"wp-block-heading\">Rituels, \u00e9criture et r\u00e9silience au quotidien<\/h2>\n\n<p>Pour pr\u00e9server sa sant\u00e9 mentale, <strong>Brigitte Macron<\/strong> a instaur\u00e9 des rituels : gym, v\u00e9lo et une marche d\u2019une heure chaque jour. Elle encourage aussi l\u2019\u00e9criture, pratique qu\u2019elle a transmise aux \u00e9l\u00e8ves des centres Live, cr\u00e9\u00e9s avec le soutien de Bernard Arnault.<\/p>\n\n<p>Ces gestes concrets constituent une r\u00e9ponse personnelle aux <strong>difficult\u00e9s<\/strong> et aux <strong>\u00e9motions<\/strong> intenses v\u00e9cues \u00e0 l\u2019<strong>\u00c9lys\u00e9e<\/strong>. Le reportage du <a href=\"https:\/\/www.lemonde.fr\/politique\/article\/2026\/04\/26\/brigitte-macron-se-confie-sur-ses-annees-passees-a-l-elysee-et-affirme-y-avoir-vu-la-noirceur-du-monde-la-betise-la-mechancete_6683439_823448.html\" rel=\"nofollow\">Monde<\/a> d\u00e9taille ces initiatives et leur port\u00e9e.<\/p>\n\n<h3 class=\"wp-block-heading\">Ce que disent ces confidences sur l\u2019avenir<\/h3>\n\n<p>Face \u00e0 la perspective du d\u00e9part de l\u2019<strong>\u00c9lys\u00e9e<\/strong> en 2027, ses mots traduisent une r\u00e9flexion sur la suite : retour \u00e0 une vie plus discr\u00e8te, mais aussi volont\u00e9 d\u2019action sociale. Sa place reste marqu\u00e9e par la recherche de <strong>soutien<\/strong> et de <strong>r\u00e9silience<\/strong>.<\/p>\n\n<p>Ces confidences invitent \u00e0 r\u00e9\u00e9valuer la mani\u00e8re dont la soci\u00e9t\u00e9 prot\u00e8ge les proches des responsables publics. Insight final : la notori\u00e9t\u00e9 exige aussi des dispositifs de protection humaine.<\/p>\n\n<p>Pour en savoir plus sur les coulisses familiales et le parcours de ceux qui entourent le pr\u00e9sident, d\u00e9couvre davantage sur <a href=\"https:\/\/sebastien-auziere.fr\" rel=\"nofollow\">S\u00e9bastien Auzi\u00e8re et la famille Macron<\/a> et plonge dans les r\u00e9cits qui \u00e9clairent ces confidences.<\/p>\n\n","protected":false},"excerpt":{"rendered":"<p>Brigitte Macron a livr\u00e9 une confession rare et poignante : \u00ab Je suis parfois triste comme jamais je ne l\u2019avais \u00e9t\u00e9 \u00bb, a-t-elle d\u00e9clar\u00e9 le 26 avril 2026 \u00e0 La Tribune Dimanche. Tu d\u00e9couvriras ici comment ces mots r\u00e9v\u00e8lent les \u00e9preuves et l\u2019intimit\u00e9 d\u2019une vie v\u00e9cue sous les projecteurs de l\u2019\u00c9lys\u00e9e. En bref : la &#8230; <a title=\"Brigitte Macron confie ses \u00e9preuves \u00e0 l\u2019\u00c9lys\u00e9e : \u00ab\u00a0Je traverse parfois une tristesse inconnue jusqu\u2019ici\" class=\"read-more\" href=\"https:\/\/www.sebastien-auziere.fr\/blog\/brigitte-macron-epreuves-elysee\/\" aria-label=\"En savoir plus sur Brigitte Macron confie ses \u00e9preuves \u00e0 l\u2019\u00c9lys\u00e9e : \u00ab\u00a0Je traverse parfois une tristesse inconnue jusqu\u2019ici\">Lire plus<\/a><\/p>\n","protected":false},"author":9,"featured_media":3340,"comment_status":"open","ping_status":"open","sticky":false,"template":"","format":"standard","meta":{"footnotes":""},"categories":[597],"tags":[892,3329,4387,4383,4385],"class_list":["post-3341","post","type-post","status-publish","format-standard","has-post-thumbnail","hentry","category-actualites","tag-brigitte-macron","tag-elysee","tag-emotions","tag-epreuves-personnelles","tag-tristesse"],"yoast_head":"<!-- This site is optimized with the Yoast SEO plugin v27.5 - https:\/\/yoast.com\/product\/yoast-seo-wordpress\/ -->\n<title>Brigitte Macron confie ses \u00e9preuves \u00e0 l\u2019\u00c9lys\u00e9e : &quot;Je traverse parfois une tristesse inconnue jusqu\u2019ici - Fan site S\u00e9bastien Auzi\u00e8re<\/title>\n<meta name=\"description\" content=\"Brigitte Macron se confie \u00e0 l\u2019\u00c9lys\u00e9e sur ses \u00e9preuves et une tristesse inconnue, d\u00e9voilant une facette intime de la Premi\u00e8re dame.\" \/>\n<meta name=\"robots\" content=\"index, follow, max-snippet:-1, max-image-preview:large, max-video-preview:-1\" \/>\n<link rel=\"canonical\" href=\"https:\/\/www.sebastien-auziere.fr\/blog\/brigitte-macron-epreuves-elysee\/\" \/>\n<meta property=\"og:locale\" content=\"fr_FR\" \/>\n<meta property=\"og:type\" content=\"article\" \/>\n<meta property=\"og:title\" content=\"Brigitte Macron confie ses \u00e9preuves \u00e0 l\u2019\u00c9lys\u00e9e : &quot;Je traverse parfois une tristesse inconnue jusqu\u2019ici - Fan site S\u00e9bastien Auzi\u00e8re\" \/>\n<meta property=\"og:description\" content=\"Brigitte Macron se confie \u00e0 l\u2019\u00c9lys\u00e9e sur ses \u00e9preuves et une tristesse inconnue, d\u00e9voilant une facette intime de la Premi\u00e8re dame.\" \/>\n<meta property=\"og:url\" content=\"https:\/\/www.sebastien-auziere.fr\/blog\/brigitte-macron-epreuves-elysee\/\" \/>\n<meta property=\"og:site_name\" content=\"Fan site S\u00e9bastien Auzi\u00e8re\" \/>\n<meta property=\"article:published_time\" content=\"2026-04-26T07:09:45+00:00\" \/>\n<meta property=\"og:image\" content=\"https:\/\/www.sebastien-auziere.fr\/blog\/wp-content\/uploads\/2026\/04\/Brigitte-Macron-confie-ses-epreuves-a-lElysee-Je-traverse-parfois-une-tristesse-inconnue-jusquici.jpg\" \/>\n\t<meta property=\"og:image:width\" content=\"2560\" \/>\n\t<meta property=\"og:image:height\" content=\"1429\" \/>\n\t<meta property=\"og:image:type\" content=\"image\/jpeg\" \/>\n<meta name=\"author\" content=\"Chloe Gauthier\" \/>\n<meta name=\"twitter:card\" content=\"summary_large_image\" \/>\n<meta name=\"twitter:label1\" content=\"\u00c9crit par\" \/>\n\t<meta name=\"twitter:data1\" content=\"Chloe Gauthier\" \/>\n\t<meta name=\"twitter:label2\" content=\"Dur\u00e9e de lecture estim\u00e9e\" \/>\n\t<meta name=\"twitter:data2\" content=\"3 minutes\" \/>\n<script type=\"application\/ld+json\" class=\"yoast-schema-graph\">{\"@context\":\"https:\\\/\\\/schema.org\",\"@graph\":[{\"@type\":\"Article\",\"@id\":\"https:\\\/\\\/www.sebastien-auziere.fr\\\/blog\\\/brigitte-macron-epreuves-elysee\\\/#article\",\"isPartOf\":{\"@id\":\"https:\\\/\\\/www.sebastien-auziere.fr\\\/blog\\\/brigitte-macron-epreuves-elysee\\\/\"},\"author\":{\"name\":\"Chloe Gauthier\",\"@id\":\"https:\\\/\\\/www.sebastien-auziere.fr\\\/blog\\\/#\\\/schema\\\/person\\\/149f1acdbfd85149c6c3e59adeae2f4d\"},\"headline\":\"Brigitte Macron confie ses \u00e9preuves \u00e0 l\u2019\u00c9lys\u00e9e : \u00ab\u00a0Je traverse parfois une tristesse inconnue jusqu\u2019ici\",\"datePublished\":\"2026-04-26T07:09:45+00:00\",\"mainEntityOfPage\":{\"@id\":\"https:\\\/\\\/www.sebastien-auziere.fr\\\/blog\\\/brigitte-macron-epreuves-elysee\\\/\"},\"wordCount\":551,\"commentCount\":0,\"publisher\":{\"@id\":\"https:\\\/\\\/www.sebastien-auziere.fr\\\/blog\\\/#organization\"},\"image\":{\"@id\":\"https:\\\/\\\/www.sebastien-auziere.fr\\\/blog\\\/brigitte-macron-epreuves-elysee\\\/#primaryimage\"},\"thumbnailUrl\":\"https:\\\/\\\/www.sebastien-auziere.fr\\\/blog\\\/wp-content\\\/uploads\\\/2026\\\/04\\\/Brigitte-Macron-confie-ses-epreuves-a-lElysee-Je-traverse-parfois-une-tristesse-inconnue-jusquici.jpg\",\"keywords\":[\"brigitte macron\",\"\u00e9lys\u00e9e\",\"\u00e9motions\",\"\u00e9preuves personnelles\",\"tristesse\"],\"articleSection\":[\"Actualit\u00e9s\"],\"inLanguage\":\"fr-FR\",\"potentialAction\":[{\"@type\":\"CommentAction\",\"name\":\"Comment\",\"target\":[\"https:\\\/\\\/www.sebastien-auziere.fr\\\/blog\\\/brigitte-macron-epreuves-elysee\\\/#respond\"]}]},{\"@type\":\"WebPage\",\"@id\":\"https:\\\/\\\/www.sebastien-auziere.fr\\\/blog\\\/brigitte-macron-epreuves-elysee\\\/\",\"url\":\"https:\\\/\\\/www.sebastien-auziere.fr\\\/blog\\\/brigitte-macron-epreuves-elysee\\\/\",\"name\":\"Brigitte Macron confie ses \u00e9preuves \u00e0 l\u2019\u00c9lys\u00e9e : \\\"Je traverse parfois une tristesse inconnue jusqu\u2019ici - Fan site S\u00e9bastien Auzi\u00e8re\",\"isPartOf\":{\"@id\":\"https:\\\/\\\/www.sebastien-auziere.fr\\\/blog\\\/#website\"},\"primaryImageOfPage\":{\"@id\":\"https:\\\/\\\/www.sebastien-auziere.fr\\\/blog\\\/brigitte-macron-epreuves-elysee\\\/#primaryimage\"},\"image\":{\"@id\":\"https:\\\/\\\/www.sebastien-auziere.fr\\\/blog\\\/brigitte-macron-epreuves-elysee\\\/#primaryimage\"},\"thumbnailUrl\":\"https:\\\/\\\/www.sebastien-auziere.fr\\\/blog\\\/wp-content\\\/uploads\\\/2026\\\/04\\\/Brigitte-Macron-confie-ses-epreuves-a-lElysee-Je-traverse-parfois-une-tristesse-inconnue-jusquici.jpg\",\"datePublished\":\"2026-04-26T07:09:45+00:00\",\"description\":\"Brigitte Macron se confie \u00e0 l\u2019\u00c9lys\u00e9e sur ses \u00e9preuves et une tristesse inconnue, d\u00e9voilant une facette intime de la Premi\u00e8re dame.\",\"breadcrumb\":{\"@id\":\"https:\\\/\\\/www.sebastien-auziere.fr\\\/blog\\\/brigitte-macron-epreuves-elysee\\\/#breadcrumb\"},\"inLanguage\":\"fr-FR\",\"potentialAction\":[{\"@type\":\"ReadAction\",\"target\":[\"https:\\\/\\\/www.sebastien-auziere.fr\\\/blog\\\/brigitte-macron-epreuves-elysee\\\/\"]}]},{\"@type\":\"ImageObject\",\"inLanguage\":\"fr-FR\",\"@id\":\"https:\\\/\\\/www.sebastien-auziere.fr\\\/blog\\\/brigitte-macron-epreuves-elysee\\\/#primaryimage\",\"url\":\"https:\\\/\\\/www.sebastien-auziere.fr\\\/blog\\\/wp-content\\\/uploads\\\/2026\\\/04\\\/Brigitte-Macron-confie-ses-epreuves-a-lElysee-Je-traverse-parfois-une-tristesse-inconnue-jusquici.jpg\",\"contentUrl\":\"https:\\\/\\\/www.sebastien-auziere.fr\\\/blog\\\/wp-content\\\/uploads\\\/2026\\\/04\\\/Brigitte-Macron-confie-ses-epreuves-a-lElysee-Je-traverse-parfois-une-tristesse-inconnue-jusquici.jpg\",\"width\":2560,\"height\":1429,\"caption\":\"brigitte macron se livre avec \u00e9motion \u00e0 l\u2019\u00e9lys\u00e9e, partageant ses moments de tristesse et ses \u00e9preuves personnelles encore inconnues jusqu\u2019ici.\"},{\"@type\":\"BreadcrumbList\",\"@id\":\"https:\\\/\\\/www.sebastien-auziere.fr\\\/blog\\\/brigitte-macron-epreuves-elysee\\\/#breadcrumb\",\"itemListElement\":[{\"@type\":\"ListItem\",\"position\":1,\"name\":\"Home\",\"item\":\"https:\\\/\\\/www.sebastien-auziere.fr\\\/blog\\\/\"},{\"@type\":\"ListItem\",\"position\":2,\"name\":\"Brigitte Macron confie ses \u00e9preuves \u00e0 l\u2019\u00c9lys\u00e9e : \u00ab\u00a0Je traverse parfois une tristesse inconnue jusqu\u2019ici\"}]},{\"@type\":\"WebSite\",\"@id\":\"https:\\\/\\\/www.sebastien-auziere.fr\\\/blog\\\/#website\",\"url\":\"https:\\\/\\\/www.sebastien-auziere.fr\\\/blog\\\/\",\"name\":\"Fan site S\u00e9bastien Auzi\u00e8re\",\"description\":\"M\u00e9dia g\u00e9n\u00e9raliste\",\"publisher\":{\"@id\":\"https:\\\/\\\/www.sebastien-auziere.fr\\\/blog\\\/#organization\"},\"potentialAction\":[{\"@type\":\"SearchAction\",\"target\":{\"@type\":\"EntryPoint\",\"urlTemplate\":\"https:\\\/\\\/www.sebastien-auziere.fr\\\/blog\\\/?s={search_term_string}\"},\"query-input\":{\"@type\":\"PropertyValueSpecification\",\"valueRequired\":true,\"valueName\":\"search_term_string\"}}],\"inLanguage\":\"fr-FR\"},{\"@type\":\"Organization\",\"@id\":\"https:\\\/\\\/www.sebastien-auziere.fr\\\/blog\\\/#organization\",\"name\":\"Fan site S\u00e9bastien Auzi\u00e8re\",\"url\":\"https:\\\/\\\/www.sebastien-auziere.fr\\\/blog\\\/\",\"logo\":{\"@type\":\"ImageObject\",\"inLanguage\":\"fr-FR\",\"@id\":\"https:\\\/\\\/www.sebastien-auziere.fr\\\/blog\\\/#\\\/schema\\\/logo\\\/image\\\/\",\"url\":\"https:\\\/\\\/www.sebastien-auziere.fr\\\/blog\\\/wp-content\\\/uploads\\\/2026\\\/03\\\/cropped-cropped-cropped-ChatGPT-Image-6-mars-2026-12_58_09-e1772798376794.jpg\",\"contentUrl\":\"https:\\\/\\\/www.sebastien-auziere.fr\\\/blog\\\/wp-content\\\/uploads\\\/2026\\\/03\\\/cropped-cropped-cropped-ChatGPT-Image-6-mars-2026-12_58_09-e1772798376794.jpg\",\"width\":512,\"height\":360,\"caption\":\"Fan site S\u00e9bastien Auzi\u00e8re\"},\"image\":{\"@id\":\"https:\\\/\\\/www.sebastien-auziere.fr\\\/blog\\\/#\\\/schema\\\/logo\\\/image\\\/\"}},{\"@type\":\"Person\",\"@id\":\"https:\\\/\\\/www.sebastien-auziere.fr\\\/blog\\\/#\\\/schema\\\/person\\\/149f1acdbfd85149c6c3e59adeae2f4d\",\"name\":\"Chloe Gauthier\",\"image\":{\"@type\":\"ImageObject\",\"inLanguage\":\"fr-FR\",\"@id\":\"https:\\\/\\\/secure.gravatar.com\\\/avatar\\\/2c5722f58171cff738a8985ef0dd66b476e563753246a49019befc837ec4201a?s=96&d=mm&r=g\",\"url\":\"https:\\\/\\\/secure.gravatar.com\\\/avatar\\\/2c5722f58171cff738a8985ef0dd66b476e563753246a49019befc837ec4201a?s=96&d=mm&r=g\",\"contentUrl\":\"https:\\\/\\\/secure.gravatar.com\\\/avatar\\\/2c5722f58171cff738a8985ef0dd66b476e563753246a49019befc837ec4201a?s=96&d=mm&r=g\",\"caption\":\"Chloe Gauthier\"},\"description\":\"Passionn\u00e9e par la politique et admiratrice engag\u00e9e de la famille Macron, je consacre mon \u00e9nergie \u00e0 suivre leurs initiatives et \u00e0 promouvoir leurs id\u00e9es. \u00c0 32 ans, je suis convaincue que leur vision est porteuse d'avenir.\",\"url\":\"https:\\\/\\\/www.sebastien-auziere.fr\\\/blog\\\/author\\\/chloe-gauthier\\\/\"}]}<\/script>\n<!-- \/ Yoast SEO plugin. -->","yoast_head_json":{"title":"Brigitte Macron confie ses \u00e9preuves \u00e0 l\u2019\u00c9lys\u00e9e : \"Je traverse parfois une tristesse inconnue jusqu\u2019ici - Fan site S\u00e9bastien Auzi\u00e8re","description":"Brigitte Macron se confie \u00e0 l\u2019\u00c9lys\u00e9e sur ses \u00e9preuves et une tristesse inconnue, d\u00e9voilant une facette intime de la Premi\u00e8re dame.","robots":{"index":"index","follow":"follow","max-snippet":"max-snippet:-1","max-image-preview":"max-image-preview:large","max-video-preview":"max-video-preview:-1"},"canonical":"https:\/\/www.sebastien-auziere.fr\/blog\/brigitte-macron-epreuves-elysee\/","og_locale":"fr_FR","og_type":"article","og_title":"Brigitte Macron confie ses \u00e9preuves \u00e0 l\u2019\u00c9lys\u00e9e : \"Je traverse parfois une tristesse inconnue jusqu\u2019ici - Fan site S\u00e9bastien Auzi\u00e8re","og_description":"Brigitte Macron se confie \u00e0 l\u2019\u00c9lys\u00e9e sur ses \u00e9preuves et une tristesse inconnue, d\u00e9voilant une facette intime de la Premi\u00e8re dame.","og_url":"https:\/\/www.sebastien-auziere.fr\/blog\/brigitte-macron-epreuves-elysee\/","og_site_name":"Fan site S\u00e9bastien Auzi\u00e8re","article_published_time":"2026-04-26T07:09:45+00:00","og_image":[{"width":2560,"height":1429,"url":"https:\/\/www.sebastien-auziere.fr\/blog\/wp-content\/uploads\/2026\/04\/Brigitte-Macron-confie-ses-epreuves-a-lElysee-Je-traverse-parfois-une-tristesse-inconnue-jusquici.jpg","type":"image\/jpeg"}],"author":"Chloe Gauthier","twitter_card":"summary_large_image","twitter_misc":{"\u00c9crit par":"Chloe Gauthier","Dur\u00e9e de lecture estim\u00e9e":"3 minutes"},"schema":{"@context":"https:\/\/schema.org","@graph":[{"@type":"Article","@id":"https:\/\/www.sebastien-auziere.fr\/blog\/brigitte-macron-epreuves-elysee\/#article","isPartOf":{"@id":"https:\/\/www.sebastien-auziere.fr\/blog\/brigitte-macron-epreuves-elysee\/"},"author":{"name":"Chloe Gauthier","@id":"https:\/\/www.sebastien-auziere.fr\/blog\/#\/schema\/person\/149f1acdbfd85149c6c3e59adeae2f4d"},"headline":"Brigitte Macron confie ses \u00e9preuves \u00e0 l\u2019\u00c9lys\u00e9e : \u00ab\u00a0Je traverse parfois une tristesse inconnue jusqu\u2019ici","datePublished":"2026-04-26T07:09:45+00:00","mainEntityOfPage":{"@id":"https:\/\/www.sebastien-auziere.fr\/blog\/brigitte-macron-epreuves-elysee\/"},"wordCount":551,"commentCount":0,"publisher":{"@id":"https:\/\/www.sebastien-auziere.fr\/blog\/#organization"},"image":{"@id":"https:\/\/www.sebastien-auziere.fr\/blog\/brigitte-macron-epreuves-elysee\/#primaryimage"},"thumbnailUrl":"https:\/\/www.sebastien-auziere.fr\/blog\/wp-content\/uploads\/2026\/04\/Brigitte-Macron-confie-ses-epreuves-a-lElysee-Je-traverse-parfois-une-tristesse-inconnue-jusquici.jpg","keywords":["brigitte macron","\u00e9lys\u00e9e","\u00e9motions","\u00e9preuves personnelles","tristesse"],"articleSection":["Actualit\u00e9s"],"inLanguage":"fr-FR","potentialAction":[{"@type":"CommentAction","name":"Comment","target":["https:\/\/www.sebastien-auziere.fr\/blog\/brigitte-macron-epreuves-elysee\/#respond"]}]},{"@type":"WebPage","@id":"https:\/\/www.sebastien-auziere.fr\/blog\/brigitte-macron-epreuves-elysee\/","url":"https:\/\/www.sebastien-auziere.fr\/blog\/brigitte-macron-epreuves-elysee\/","name":"Brigitte Macron confie ses \u00e9preuves \u00e0 l\u2019\u00c9lys\u00e9e : \"Je traverse parfois une tristesse inconnue jusqu\u2019ici - Fan site S\u00e9bastien Auzi\u00e8re","isPartOf":{"@id":"https:\/\/www.sebastien-auziere.fr\/blog\/#website"},"primaryImageOfPage":{"@id":"https:\/\/www.sebastien-auziere.fr\/blog\/brigitte-macron-epreuves-elysee\/#primaryimage"},"image":{"@id":"https:\/\/www.sebastien-auziere.fr\/blog\/brigitte-macron-epreuves-elysee\/#primaryimage"},"thumbnailUrl":"https:\/\/www.sebastien-auziere.fr\/blog\/wp-content\/uploads\/2026\/04\/Brigitte-Macron-confie-ses-epreuves-a-lElysee-Je-traverse-parfois-une-tristesse-inconnue-jusquici.jpg","datePublished":"2026-04-26T07:09:45+00:00","description":"Brigitte Macron se confie \u00e0 l\u2019\u00c9lys\u00e9e sur ses \u00e9preuves et une tristesse inconnue, d\u00e9voilant une facette intime de la Premi\u00e8re dame.","breadcrumb":{"@id":"https:\/\/www.sebastien-auziere.fr\/blog\/brigitte-macron-epreuves-elysee\/#breadcrumb"},"inLanguage":"fr-FR","potentialAction":[{"@type":"ReadAction","target":["https:\/\/www.sebastien-auziere.fr\/blog\/brigitte-macron-epreuves-elysee\/"]}]},{"@type":"ImageObject","inLanguage":"fr-FR","@id":"https:\/\/www.sebastien-auziere.fr\/blog\/brigitte-macron-epreuves-elysee\/#primaryimage","url":"https:\/\/www.sebastien-auziere.fr\/blog\/wp-content\/uploads\/2026\/04\/Brigitte-Macron-confie-ses-epreuves-a-lElysee-Je-traverse-parfois-une-tristesse-inconnue-jusquici.jpg","contentUrl":"https:\/\/www.sebastien-auziere.fr\/blog\/wp-content\/uploads\/2026\/04\/Brigitte-Macron-confie-ses-epreuves-a-lElysee-Je-traverse-parfois-une-tristesse-inconnue-jusquici.jpg","width":2560,"height":1429,"caption":"brigitte macron se livre avec \u00e9motion \u00e0 l\u2019\u00e9lys\u00e9e, partageant ses moments de tristesse et ses \u00e9preuves personnelles encore inconnues jusqu\u2019ici."},{"@type":"BreadcrumbList","@id":"https:\/\/www.sebastien-auziere.fr\/blog\/brigitte-macron-epreuves-elysee\/#breadcrumb","itemListElement":[{"@type":"ListItem","position":1,"name":"Home","item":"https:\/\/www.sebastien-auziere.fr\/blog\/"},{"@type":"ListItem","position":2,"name":"Brigitte Macron confie ses \u00e9preuves \u00e0 l\u2019\u00c9lys\u00e9e : \u00ab\u00a0Je traverse parfois une tristesse inconnue jusqu\u2019ici"}]},{"@type":"WebSite","@id":"https:\/\/www.sebastien-auziere.fr\/blog\/#website","url":"https:\/\/www.sebastien-auziere.fr\/blog\/","name":"Fan site S\u00e9bastien Auzi\u00e8re","description":"M\u00e9dia g\u00e9n\u00e9raliste","publisher":{"@id":"https:\/\/www.sebastien-auziere.fr\/blog\/#organization"},"potentialAction":[{"@type":"SearchAction","target":{"@type":"EntryPoint","urlTemplate":"https:\/\/www.sebastien-auziere.fr\/blog\/?s={search_term_string}"},"query-input":{"@type":"PropertyValueSpecification","valueRequired":true,"valueName":"search_term_string"}}],"inLanguage":"fr-FR"},{"@type":"Organization","@id":"https:\/\/www.sebastien-auziere.fr\/blog\/#organization","name":"Fan site S\u00e9bastien Auzi\u00e8re","url":"https:\/\/www.sebastien-auziere.fr\/blog\/","logo":{"@type":"ImageObject","inLanguage":"fr-FR","@id":"https:\/\/www.sebastien-auziere.fr\/blog\/#\/schema\/logo\/image\/","url":"https:\/\/www.sebastien-auziere.fr\/blog\/wp-content\/uploads\/2026\/03\/cropped-cropped-cropped-ChatGPT-Image-6-mars-2026-12_58_09-e1772798376794.jpg","contentUrl":"https:\/\/www.sebastien-auziere.fr\/blog\/wp-content\/uploads\/2026\/03\/cropped-cropped-cropped-ChatGPT-Image-6-mars-2026-12_58_09-e1772798376794.jpg","width":512,"height":360,"caption":"Fan site S\u00e9bastien Auzi\u00e8re"},"image":{"@id":"https:\/\/www.sebastien-auziere.fr\/blog\/#\/schema\/logo\/image\/"}},{"@type":"Person","@id":"https:\/\/www.sebastien-auziere.fr\/blog\/#\/schema\/person\/149f1acdbfd85149c6c3e59adeae2f4d","name":"Chloe Gauthier","image":{"@type":"ImageObject","inLanguage":"fr-FR","@id":"https:\/\/secure.gravatar.com\/avatar\/2c5722f58171cff738a8985ef0dd66b476e563753246a49019befc837ec4201a?s=96&d=mm&r=g","url":"https:\/\/secure.gravatar.com\/avatar\/2c5722f58171cff738a8985ef0dd66b476e563753246a49019befc837ec4201a?s=96&d=mm&r=g","contentUrl":"https:\/\/secure.gravatar.com\/avatar\/2c5722f58171cff738a8985ef0dd66b476e563753246a49019befc837ec4201a?s=96&d=mm&r=g","caption":"Chloe Gauthier"},"description":"Passionn\u00e9e par la politique et admiratrice engag\u00e9e de la famille Macron, je consacre mon \u00e9nergie \u00e0 suivre leurs initiatives et \u00e0 promouvoir leurs id\u00e9es. \u00c0 32 ans, je suis convaincue que leur vision est porteuse d'avenir.","url":"https:\/\/www.sebastien-auziere.fr\/blog\/author\/chloe-gauthier\/"}]}},"views":1078,"_links":{"self":[{"href":"https:\/\/www.sebastien-auziere.fr\/blog\/wp-json\/wp\/v2\/posts\/3341","targetHints":{"allow":["GET"]}}],"collection":[{"href":"https:\/\/www.sebastien-auziere.fr\/blog\/wp-json\/wp\/v2\/posts"}],"about":[{"href":"https:\/\/www.sebastien-auziere.fr\/blog\/wp-json\/wp\/v2\/types\/post"}],"author":[{"embeddable":true,"href":"https:\/\/www.sebastien-auziere.fr\/blog\/wp-json\/wp\/v2\/users\/9"}],"replies":[{"embeddable":true,"href":"https:\/\/www.sebastien-auziere.fr\/blog\/wp-json\/wp\/v2\/comments?post=3341"}],"version-history":[{"count":0,"href":"https:\/\/www.sebastien-auziere.fr\/blog\/wp-json\/wp\/v2\/posts\/3341\/revisions"}],"wp:featuredmedia":[{"embeddable":true,"href":"https:\/\/www.sebastien-auziere.fr\/blog\/wp-json\/wp\/v2\/media\/3340"}],"wp:attachment":[{"href":"https:\/\/www.sebastien-auziere.fr\/blog\/wp-json\/wp\/v2\/media?parent=3341"}],"wp:term":[{"taxonomy":"category","embeddable":true,"href":"https:\/\/www.sebastien-auziere.fr\/blog\/wp-json\/wp\/v2\/categories?post=3341"},{"taxonomy":"post_tag","embeddable":true,"href":"https:\/\/www.sebastien-auziere.fr\/blog\/wp-json\/wp\/v2\/tags?post=3341"}],"curies":[{"name":"wp","href":"https:\/\/api.w.org\/{rel}","templated":true}]}}