{"id":3336,"date":"2026-04-25T19:10:34","date_gmt":"2026-04-25T19:10:34","guid":{"rendered":"https:\/\/www.sebastien-auziere.fr\/blog\/?p=3336"},"modified":"2026-04-25T19:10:56","modified_gmt":"2026-04-25T19:10:56","slug":"voce-e-muito-bonita-brigitte-macron-aplaudida-em-sua-chegada-a-rabat-as-criancas-encantadas-com-seu-charme","status":"publish","type":"post","link":"https:\/\/www.sebastien-auziere.fr\/blog\/pt\/voce-e-muito-bonita-brigitte-macron-aplaudida-em-sua-chegada-a-rabat-as-criancas-encantadas-com-seu-charme\/","title":{"rendered":"\u00ab Voc\u00ea \u00e9 muito bonita \u00bb : Brigitte Macron aplaudida em sua chegada a Rabat, as crian\u00e7as encantadas com seu charme"},"content":{"rendered":"<p><strong>Brigitte Macron<\/strong> foi recebida com grande pompa em <strong>Rabat<\/strong> nesta quarta-feira, 22 de abril, recebendo uma verdadeira <strong>ova\u00e7\u00e3o<\/strong> assim que sua <strong>chegada<\/strong> foi anunciada. Durante um banho de multid\u00e3o na inaugura\u00e7\u00e3o do Teatro Real, v\u00e1rias <strong>crian\u00e7as<\/strong> a elogiaram gritando \u00ab<strong>Voc\u00ea \u00e9 linda demais<\/strong>\u00bb, um momento de <strong>sedu\u00e7\u00e3o<\/strong> e <strong>charme<\/strong> espont\u00e2neo que marcou o evento.<\/p>\n\n<p><strong>Em resumo<\/strong>: visita solo ao Marrocos para a Primeira-dama; cerim\u00f4nia de abertura dirigida pela pianista Dina Bensa\u00efd; presen\u00e7a das princesas Lalla Meryem, Lalla Hasnaa e Lalla Khadija; Tiphaine Auzi\u00e8re ao lado de Brigitte; acolhimento caloroso das crian\u00e7as e intera\u00e7\u00f5es benevolentes.<\/p>\n\n<h2 class=\"wp-block-heading\">Chegada a Rabat e caloroso banho de multid\u00e3o<\/h2>\n\n<p>Esta viagem solo, a quarta em nove anos fora de um deslocamento conjunto com o presidente, come\u00e7ou com uma <strong>chegada<\/strong> sob aplausos. Na sa\u00edda do Teatro Real, a Primeira-dama foi aclamada e apertou muitas m\u00e3os de <strong>crian\u00e7as<\/strong> maravilhadas que lhe lan\u00e7aram \u00ab<strong>Voc\u00ea \u00e9 linda demais<\/strong>\u00bb. Este gesto espont\u00e2neo destacou o v\u00ednculo afetivo criado durante este <strong>encontro<\/strong> p\u00fablico.<\/p>\n\n<h2 class=\"wp-block-heading\">Um programa cultural marcado pela m\u00fasica<\/h2>\n\n<p>A cerim\u00f4nia de abertura incluiu um espet\u00e1culo dirigido pela pianista e regente <strong>Dina Bensa\u00efd<\/strong>, oferecendo um momento art\u00edstico no centro deste <strong>encontro<\/strong> diplom\u00e1tico. A presen\u00e7a das princesas <strong>Lalla Meryem<\/strong>, <strong>Lalla Hasnaa<\/strong> e <strong>Lalla Khadija<\/strong> refor\u00e7ou a dimens\u00e3o cultural e simb\u00f3lica do evento, ilustrando um di\u00e1logo franco-marroquino renovado centrado na cultura.<\/p>\n\n<h3 class=\"wp-block-heading\">Um acolhimento familiar e midi\u00e1tico<\/h3>\n\n<p>Ao lado de Brigitte, sua filha <strong>Tiphaine Auzi\u00e8re<\/strong> apareceu em um vestido de gala, como se viu em imagens compartilhadas ap\u00f3s a visita. Os meios de comunica\u00e7\u00e3o destacaram os elogios das crian\u00e7as e a benevol\u00eancia da Primeira-dama, relatados por v\u00e1rios ve\u00edculos nacionais e internacionais, incluindo reportagens fotogr\u00e1ficas e artigos detalhados online que evocam a maneira como o <strong>charme<\/strong> criou um momento de cumplicidade.<\/p>\n\n<h2 class=\"wp-block-heading\">O que este gesto diz sobre a diplomacia cultural<\/h2>\n\n<p>A visita insere-se em um contexto de recente aproxima\u00e7\u00e3o bilateral, ap\u00f3s encontros em 2024 e uma visita de Estado em outubro que buscou \u00abescrever um novo cap\u00edtulo\u00bb. Aqui, a dimens\u00e3o cultural supera o protocolo, e a rea\u00e7\u00e3o das <strong>crian\u00e7as<\/strong> ofereceu uma imagem humanizada da diplomacia. Este momento popular mostrou que a <strong>sedu\u00e7\u00e3o<\/strong> suave e a proximidade p\u00fablica podem fortalecer um v\u00ednculo institucional.<\/p>\n\n<p>Para reviver as imagens e entender os bastidores desta visita, confira um retorno detalhado sobre a vinda de <strong>Brigitte Macron<\/strong> a Rabat em <a href=\"https:\/\/www.sebastien-auziere.fr\/blog\/brigitte-macron-maroc-rabat\/\" rel=\"nofollow\">sebastien-auziere.fr<\/a> e um dossi\u00ea complementar sobre a presen\u00e7a solo da Primeira-dama <a href=\"https:\/\/www.sebastien-auziere.fr\/blog\/brigitte-macron-maroc-solo\/\" rel=\"nofollow\">aqui<\/a>. Para galerias de fotos e artigos de imprensa, consulte tamb\u00e9m o relat\u00f3rio dedicado em <a href=\"https:\/\/www.msn.com\/fr-fr\/divertissement\/celebrites\/t-es-trop-belle-brigitte-macron-acclam%C3%A9e-lors-de-son-arriv%C3%A9e-%C3%A0-rabat-les-enfants-sous-son-charme\/ar-AA21Eno6\" rel=\"nofollow\">MSN<\/a> e a sele\u00e7\u00e3o de looks em <a href=\"https:\/\/photo.gala.fr\/photos-les-plus-beaux-looks-de-brigitte-macron-en-visite-d-etat-au-maroc-en-2024-63711\" rel=\"nofollow\">Gala<\/a>.<\/p>","protected":false},"excerpt":{"rendered":"<p>Brigitte Macron foi recebida com grande pompa em Rabat nesta quarta-feira, 22 de abril, recebendo uma verdadeira ova\u00e7\u00e3o assim que sua chegada foi anunciada. Durante um banho de multid\u00e3o na inaugura\u00e7\u00e3o do Teatro Real, v\u00e1rias crian\u00e7as a elogiaram gritando \u00abVoc\u00ea \u00e9 linda demais\u00bb, um momento de sedu\u00e7\u00e3o e charme espont\u00e2neo que marcou o evento. Em &#8230; <a title=\"\u00ab Voc\u00ea \u00e9 muito bonita \u00bb : Brigitte Macron aplaudida em sua chegada a Rabat, as crian\u00e7as encantadas com seu charme\" class=\"read-more\" href=\"https:\/\/www.sebastien-auziere.fr\/blog\/pt\/voce-e-muito-bonita-brigitte-macron-aplaudida-em-sua-chegada-a-rabat-as-criancas-encantadas-com-seu-charme\/\" aria-label=\"En savoir plus sur \u00ab Voc\u00ea \u00e9 muito bonita \u00bb : Brigitte Macron aplaudida em sua chegada a Rabat, as crian\u00e7as encantadas com seu charme\">Lire plus<\/a><\/p>\n","protected":false},"author":9,"featured_media":3326,"comment_status":"open","ping_status":"open","sticky":false,"template":"","format":"standard","meta":{"footnotes":""},"categories":[862],"tags":[4359,959,4365,4362,4368],"class_list":["post-3336","post","type-post","status-publish","format-standard","has-post-thumbnail","hentry","category-actualidades-pt","tag-acolhido-como-heroi-pt","tag-brigitte-macron-pt","tag-charme-de-brigitte-macron-pt","tag-chegada-a-rabat-pt","tag-tens-muita-beleza-pt"],"yoast_head":"<!-- This site is optimized with the Yoast SEO plugin v27.5 - https:\/\/yoast.com\/product\/yoast-seo-wordpress\/ -->\n<title>\u00ab Voc\u00ea \u00e9 muito bonita \u00bb : Brigitte Macron aplaudida em sua chegada a Rabat, as crian\u00e7as encantadas com seu charme - Fan site S\u00e9bastien Auzi\u00e8re<\/title>\n<meta name=\"description\" content=\"Brigitte Macron ovationn\u00e9e \u00e0 Rabat, son charme s\u00e9duit petits et grands lors de son arriv\u00e9e remarqu\u00e9e.\" \/>\n<meta name=\"robots\" content=\"index, follow, max-snippet:-1, max-image-preview:large, max-video-preview:-1\" \/>\n<link rel=\"canonical\" href=\"https:\/\/www.sebastien-auziere.fr\/blog\/pt\/voce-e-muito-bonita-brigitte-macron-aplaudida-em-sua-chegada-a-rabat-as-criancas-encantadas-com-seu-charme\/\" \/>\n<meta property=\"og:locale\" content=\"fr_FR\" \/>\n<meta property=\"og:type\" content=\"article\" \/>\n<meta property=\"og:title\" content=\"\u00ab Voc\u00ea \u00e9 muito bonita \u00bb : Brigitte Macron aplaudida em sua chegada a Rabat, as crian\u00e7as encantadas com seu charme - Fan site S\u00e9bastien Auzi\u00e8re\" \/>\n<meta property=\"og:description\" content=\"Brigitte Macron ovationn\u00e9e \u00e0 Rabat, son charme s\u00e9duit petits et grands lors de son arriv\u00e9e remarqu\u00e9e.\" \/>\n<meta property=\"og:url\" content=\"https:\/\/www.sebastien-auziere.fr\/blog\/pt\/voce-e-muito-bonita-brigitte-macron-aplaudida-em-sua-chegada-a-rabat-as-criancas-encantadas-com-seu-charme\/\" \/>\n<meta property=\"og:site_name\" content=\"Fan site S\u00e9bastien Auzi\u00e8re\" \/>\n<meta property=\"article:published_time\" content=\"2026-04-25T19:10:34+00:00\" \/>\n<meta property=\"article:modified_time\" content=\"2026-04-25T19:10:56+00:00\" \/>\n<meta property=\"og:image\" content=\"https:\/\/www.sebastien-auziere.fr\/blog\/wp-content\/uploads\/2026\/04\/Tes-trop-belle-Brigitte-Macron-ovationnee-a-son-arrivee-a-Rabat-les-enfants-seduits-par-son-charme.jpg\" \/>\n\t<meta property=\"og:image:width\" content=\"2560\" \/>\n\t<meta property=\"og:image:height\" content=\"1429\" \/>\n\t<meta property=\"og:image:type\" content=\"image\/jpeg\" \/>\n<meta name=\"author\" content=\"Chloe Gauthier\" \/>\n<meta name=\"twitter:card\" content=\"summary_large_image\" \/>\n<meta name=\"twitter:label1\" content=\"\u00c9crit par\" \/>\n\t<meta name=\"twitter:data1\" content=\"Chloe Gauthier\" \/>\n\t<meta name=\"twitter:label2\" content=\"Dur\u00e9e de lecture estim\u00e9e\" \/>\n\t<meta name=\"twitter:data2\" content=\"2 minutes\" \/>\n<script type=\"application\/ld+json\" class=\"yoast-schema-graph\">{\"@context\":\"https:\\\/\\\/schema.org\",\"@graph\":[{\"@type\":\"Article\",\"@id\":\"https:\\\/\\\/www.sebastien-auziere.fr\\\/blog\\\/pt\\\/voce-e-muito-bonita-brigitte-macron-aplaudida-em-sua-chegada-a-rabat-as-criancas-encantadas-com-seu-charme\\\/#article\",\"isPartOf\":{\"@id\":\"https:\\\/\\\/www.sebastien-auziere.fr\\\/blog\\\/pt\\\/voce-e-muito-bonita-brigitte-macron-aplaudida-em-sua-chegada-a-rabat-as-criancas-encantadas-com-seu-charme\\\/\"},\"author\":{\"name\":\"Chloe Gauthier\",\"@id\":\"https:\\\/\\\/www.sebastien-auziere.fr\\\/blog\\\/#\\\/schema\\\/person\\\/149f1acdbfd85149c6c3e59adeae2f4d\"},\"headline\":\"\u00ab Voc\u00ea \u00e9 muito bonita \u00bb : Brigitte Macron aplaudida em sua chegada a Rabat, as crian\u00e7as encantadas com seu charme\",\"datePublished\":\"2026-04-25T19:10:34+00:00\",\"dateModified\":\"2026-04-25T19:10:56+00:00\",\"mainEntityOfPage\":{\"@id\":\"https:\\\/\\\/www.sebastien-auziere.fr\\\/blog\\\/pt\\\/voce-e-muito-bonita-brigitte-macron-aplaudida-em-sua-chegada-a-rabat-as-criancas-encantadas-com-seu-charme\\\/\"},\"wordCount\":481,\"commentCount\":0,\"publisher\":{\"@id\":\"https:\\\/\\\/www.sebastien-auziere.fr\\\/blog\\\/#organization\"},\"image\":{\"@id\":\"https:\\\/\\\/www.sebastien-auziere.fr\\\/blog\\\/pt\\\/voce-e-muito-bonita-brigitte-macron-aplaudida-em-sua-chegada-a-rabat-as-criancas-encantadas-com-seu-charme\\\/#primaryimage\"},\"thumbnailUrl\":\"https:\\\/\\\/www.sebastien-auziere.fr\\\/blog\\\/wp-content\\\/uploads\\\/2026\\\/04\\\/Tes-trop-belle-Brigitte-Macron-ovationnee-a-son-arrivee-a-Rabat-les-enfants-seduits-par-son-charme.jpg\",\"keywords\":[\"acolhido como her\u00f3i\",\"brigitte macron\",\"charme de brigitte macron\",\"chegada a rabat\",\"tens muita beleza\"],\"articleSection\":[\"Actualidades\"],\"inLanguage\":\"fr-FR\",\"potentialAction\":[{\"@type\":\"CommentAction\",\"name\":\"Comment\",\"target\":[\"https:\\\/\\\/www.sebastien-auziere.fr\\\/blog\\\/pt\\\/voce-e-muito-bonita-brigitte-macron-aplaudida-em-sua-chegada-a-rabat-as-criancas-encantadas-com-seu-charme\\\/#respond\"]}]},{\"@type\":\"WebPage\",\"@id\":\"https:\\\/\\\/www.sebastien-auziere.fr\\\/blog\\\/pt\\\/voce-e-muito-bonita-brigitte-macron-aplaudida-em-sua-chegada-a-rabat-as-criancas-encantadas-com-seu-charme\\\/\",\"url\":\"https:\\\/\\\/www.sebastien-auziere.fr\\\/blog\\\/pt\\\/voce-e-muito-bonita-brigitte-macron-aplaudida-em-sua-chegada-a-rabat-as-criancas-encantadas-com-seu-charme\\\/\",\"name\":\"\u00ab Voc\u00ea \u00e9 muito bonita \u00bb : Brigitte Macron aplaudida em sua chegada a Rabat, as crian\u00e7as encantadas com seu charme - Fan site S\u00e9bastien Auzi\u00e8re\",\"isPartOf\":{\"@id\":\"https:\\\/\\\/www.sebastien-auziere.fr\\\/blog\\\/#website\"},\"primaryImageOfPage\":{\"@id\":\"https:\\\/\\\/www.sebastien-auziere.fr\\\/blog\\\/pt\\\/voce-e-muito-bonita-brigitte-macron-aplaudida-em-sua-chegada-a-rabat-as-criancas-encantadas-com-seu-charme\\\/#primaryimage\"},\"image\":{\"@id\":\"https:\\\/\\\/www.sebastien-auziere.fr\\\/blog\\\/pt\\\/voce-e-muito-bonita-brigitte-macron-aplaudida-em-sua-chegada-a-rabat-as-criancas-encantadas-com-seu-charme\\\/#primaryimage\"},\"thumbnailUrl\":\"https:\\\/\\\/www.sebastien-auziere.fr\\\/blog\\\/wp-content\\\/uploads\\\/2026\\\/04\\\/Tes-trop-belle-Brigitte-Macron-ovationnee-a-son-arrivee-a-Rabat-les-enfants-seduits-par-son-charme.jpg\",\"datePublished\":\"2026-04-25T19:10:34+00:00\",\"dateModified\":\"2026-04-25T19:10:56+00:00\",\"description\":\"Brigitte Macron ovationn\u00e9e \u00e0 Rabat, son charme s\u00e9duit petits et grands lors de son arriv\u00e9e remarqu\u00e9e.\",\"breadcrumb\":{\"@id\":\"https:\\\/\\\/www.sebastien-auziere.fr\\\/blog\\\/pt\\\/voce-e-muito-bonita-brigitte-macron-aplaudida-em-sua-chegada-a-rabat-as-criancas-encantadas-com-seu-charme\\\/#breadcrumb\"},\"inLanguage\":\"fr-FR\",\"potentialAction\":[{\"@type\":\"ReadAction\",\"target\":[\"https:\\\/\\\/www.sebastien-auziere.fr\\\/blog\\\/pt\\\/voce-e-muito-bonita-brigitte-macron-aplaudida-em-sua-chegada-a-rabat-as-criancas-encantadas-com-seu-charme\\\/\"]}]},{\"@type\":\"ImageObject\",\"inLanguage\":\"fr-FR\",\"@id\":\"https:\\\/\\\/www.sebastien-auziere.fr\\\/blog\\\/pt\\\/voce-e-muito-bonita-brigitte-macron-aplaudida-em-sua-chegada-a-rabat-as-criancas-encantadas-com-seu-charme\\\/#primaryimage\",\"url\":\"https:\\\/\\\/www.sebastien-auziere.fr\\\/blog\\\/wp-content\\\/uploads\\\/2026\\\/04\\\/Tes-trop-belle-Brigitte-Macron-ovationnee-a-son-arrivee-a-Rabat-les-enfants-seduits-par-son-charme.jpg\",\"contentUrl\":\"https:\\\/\\\/www.sebastien-auziere.fr\\\/blog\\\/wp-content\\\/uploads\\\/2026\\\/04\\\/Tes-trop-belle-Brigitte-Macron-ovationnee-a-son-arrivee-a-Rabat-les-enfants-seduits-par-son-charme.jpg\",\"width\":2560,\"height\":1429,\"caption\":\"\u00e0 son arriv\u00e9e \u00e0 rabat, brigitte macron a \u00e9t\u00e9 chaleureusement ovationn\u00e9e, captivant les enfants par son charme et sa beaut\u00e9 naturelle.\"},{\"@type\":\"BreadcrumbList\",\"@id\":\"https:\\\/\\\/www.sebastien-auziere.fr\\\/blog\\\/pt\\\/voce-e-muito-bonita-brigitte-macron-aplaudida-em-sua-chegada-a-rabat-as-criancas-encantadas-com-seu-charme\\\/#breadcrumb\",\"itemListElement\":[{\"@type\":\"ListItem\",\"position\":1,\"name\":\"Home\",\"item\":\"https:\\\/\\\/www.sebastien-auziere.fr\\\/blog\\\/\"},{\"@type\":\"ListItem\",\"position\":2,\"name\":\"\u00ab Voc\u00ea \u00e9 muito bonita \u00bb : Brigitte Macron aplaudida em sua chegada a Rabat, as crian\u00e7as encantadas com seu charme\"}]},{\"@type\":\"WebSite\",\"@id\":\"https:\\\/\\\/www.sebastien-auziere.fr\\\/blog\\\/#website\",\"url\":\"https:\\\/\\\/www.sebastien-auziere.fr\\\/blog\\\/\",\"name\":\"Fan site S\u00e9bastien Auzi\u00e8re\",\"description\":\"M\u00e9dia g\u00e9n\u00e9raliste\",\"publisher\":{\"@id\":\"https:\\\/\\\/www.sebastien-auziere.fr\\\/blog\\\/#organization\"},\"potentialAction\":[{\"@type\":\"SearchAction\",\"target\":{\"@type\":\"EntryPoint\",\"urlTemplate\":\"https:\\\/\\\/www.sebastien-auziere.fr\\\/blog\\\/?s={search_term_string}\"},\"query-input\":{\"@type\":\"PropertyValueSpecification\",\"valueRequired\":true,\"valueName\":\"search_term_string\"}}],\"inLanguage\":\"fr-FR\"},{\"@type\":\"Organization\",\"@id\":\"https:\\\/\\\/www.sebastien-auziere.fr\\\/blog\\\/#organization\",\"name\":\"Fan site S\u00e9bastien Auzi\u00e8re\",\"url\":\"https:\\\/\\\/www.sebastien-auziere.fr\\\/blog\\\/\",\"logo\":{\"@type\":\"ImageObject\",\"inLanguage\":\"fr-FR\",\"@id\":\"https:\\\/\\\/www.sebastien-auziere.fr\\\/blog\\\/#\\\/schema\\\/logo\\\/image\\\/\",\"url\":\"https:\\\/\\\/www.sebastien-auziere.fr\\\/blog\\\/wp-content\\\/uploads\\\/2026\\\/03\\\/cropped-cropped-cropped-ChatGPT-Image-6-mars-2026-12_58_09-e1772798376794.jpg\",\"contentUrl\":\"https:\\\/\\\/www.sebastien-auziere.fr\\\/blog\\\/wp-content\\\/uploads\\\/2026\\\/03\\\/cropped-cropped-cropped-ChatGPT-Image-6-mars-2026-12_58_09-e1772798376794.jpg\",\"width\":512,\"height\":360,\"caption\":\"Fan site S\u00e9bastien Auzi\u00e8re\"},\"image\":{\"@id\":\"https:\\\/\\\/www.sebastien-auziere.fr\\\/blog\\\/#\\\/schema\\\/logo\\\/image\\\/\"}},{\"@type\":\"Person\",\"@id\":\"https:\\\/\\\/www.sebastien-auziere.fr\\\/blog\\\/#\\\/schema\\\/person\\\/149f1acdbfd85149c6c3e59adeae2f4d\",\"name\":\"Chloe Gauthier\",\"image\":{\"@type\":\"ImageObject\",\"inLanguage\":\"fr-FR\",\"@id\":\"https:\\\/\\\/secure.gravatar.com\\\/avatar\\\/2c5722f58171cff738a8985ef0dd66b476e563753246a49019befc837ec4201a?s=96&d=mm&r=g\",\"url\":\"https:\\\/\\\/secure.gravatar.com\\\/avatar\\\/2c5722f58171cff738a8985ef0dd66b476e563753246a49019befc837ec4201a?s=96&d=mm&r=g\",\"contentUrl\":\"https:\\\/\\\/secure.gravatar.com\\\/avatar\\\/2c5722f58171cff738a8985ef0dd66b476e563753246a49019befc837ec4201a?s=96&d=mm&r=g\",\"caption\":\"Chloe Gauthier\"},\"description\":\"Passionn\u00e9e par la politique et admiratrice engag\u00e9e de la famille Macron, je consacre mon \u00e9nergie \u00e0 suivre leurs initiatives et \u00e0 promouvoir leurs id\u00e9es. \u00c0 32 ans, je suis convaincue que leur vision est porteuse d'avenir.\",\"url\":\"https:\\\/\\\/www.sebastien-auziere.fr\\\/blog\\\/author\\\/chloe-gauthier\\\/\"}]}<\/script>\n<!-- \/ Yoast SEO plugin. -->","yoast_head_json":{"title":"\u00ab Voc\u00ea \u00e9 muito bonita \u00bb : Brigitte Macron aplaudida em sua chegada a Rabat, as crian\u00e7as encantadas com seu charme - Fan site S\u00e9bastien Auzi\u00e8re","description":"Brigitte Macron ovationn\u00e9e \u00e0 Rabat, son charme s\u00e9duit petits et grands lors de son arriv\u00e9e remarqu\u00e9e.","robots":{"index":"index","follow":"follow","max-snippet":"max-snippet:-1","max-image-preview":"max-image-preview:large","max-video-preview":"max-video-preview:-1"},"canonical":"https:\/\/www.sebastien-auziere.fr\/blog\/pt\/voce-e-muito-bonita-brigitte-macron-aplaudida-em-sua-chegada-a-rabat-as-criancas-encantadas-com-seu-charme\/","og_locale":"fr_FR","og_type":"article","og_title":"\u00ab Voc\u00ea \u00e9 muito bonita \u00bb : Brigitte Macron aplaudida em sua chegada a Rabat, as crian\u00e7as encantadas com seu charme - Fan site S\u00e9bastien Auzi\u00e8re","og_description":"Brigitte Macron ovationn\u00e9e \u00e0 Rabat, son charme s\u00e9duit petits et grands lors de son arriv\u00e9e remarqu\u00e9e.","og_url":"https:\/\/www.sebastien-auziere.fr\/blog\/pt\/voce-e-muito-bonita-brigitte-macron-aplaudida-em-sua-chegada-a-rabat-as-criancas-encantadas-com-seu-charme\/","og_site_name":"Fan site S\u00e9bastien Auzi\u00e8re","article_published_time":"2026-04-25T19:10:34+00:00","article_modified_time":"2026-04-25T19:10:56+00:00","og_image":[{"width":2560,"height":1429,"url":"https:\/\/www.sebastien-auziere.fr\/blog\/wp-content\/uploads\/2026\/04\/Tes-trop-belle-Brigitte-Macron-ovationnee-a-son-arrivee-a-Rabat-les-enfants-seduits-par-son-charme.jpg","type":"image\/jpeg"}],"author":"Chloe Gauthier","twitter_card":"summary_large_image","twitter_misc":{"\u00c9crit par":"Chloe Gauthier","Dur\u00e9e de lecture estim\u00e9e":"2 minutes"},"schema":{"@context":"https:\/\/schema.org","@graph":[{"@type":"Article","@id":"https:\/\/www.sebastien-auziere.fr\/blog\/pt\/voce-e-muito-bonita-brigitte-macron-aplaudida-em-sua-chegada-a-rabat-as-criancas-encantadas-com-seu-charme\/#article","isPartOf":{"@id":"https:\/\/www.sebastien-auziere.fr\/blog\/pt\/voce-e-muito-bonita-brigitte-macron-aplaudida-em-sua-chegada-a-rabat-as-criancas-encantadas-com-seu-charme\/"},"author":{"name":"Chloe Gauthier","@id":"https:\/\/www.sebastien-auziere.fr\/blog\/#\/schema\/person\/149f1acdbfd85149c6c3e59adeae2f4d"},"headline":"\u00ab Voc\u00ea \u00e9 muito bonita \u00bb : Brigitte Macron aplaudida em sua chegada a Rabat, as crian\u00e7as encantadas com seu charme","datePublished":"2026-04-25T19:10:34+00:00","dateModified":"2026-04-25T19:10:56+00:00","mainEntityOfPage":{"@id":"https:\/\/www.sebastien-auziere.fr\/blog\/pt\/voce-e-muito-bonita-brigitte-macron-aplaudida-em-sua-chegada-a-rabat-as-criancas-encantadas-com-seu-charme\/"},"wordCount":481,"commentCount":0,"publisher":{"@id":"https:\/\/www.sebastien-auziere.fr\/blog\/#organization"},"image":{"@id":"https:\/\/www.sebastien-auziere.fr\/blog\/pt\/voce-e-muito-bonita-brigitte-macron-aplaudida-em-sua-chegada-a-rabat-as-criancas-encantadas-com-seu-charme\/#primaryimage"},"thumbnailUrl":"https:\/\/www.sebastien-auziere.fr\/blog\/wp-content\/uploads\/2026\/04\/Tes-trop-belle-Brigitte-Macron-ovationnee-a-son-arrivee-a-Rabat-les-enfants-seduits-par-son-charme.jpg","keywords":["acolhido como her\u00f3i","brigitte macron","charme de brigitte macron","chegada a rabat","tens muita beleza"],"articleSection":["Actualidades"],"inLanguage":"fr-FR","potentialAction":[{"@type":"CommentAction","name":"Comment","target":["https:\/\/www.sebastien-auziere.fr\/blog\/pt\/voce-e-muito-bonita-brigitte-macron-aplaudida-em-sua-chegada-a-rabat-as-criancas-encantadas-com-seu-charme\/#respond"]}]},{"@type":"WebPage","@id":"https:\/\/www.sebastien-auziere.fr\/blog\/pt\/voce-e-muito-bonita-brigitte-macron-aplaudida-em-sua-chegada-a-rabat-as-criancas-encantadas-com-seu-charme\/","url":"https:\/\/www.sebastien-auziere.fr\/blog\/pt\/voce-e-muito-bonita-brigitte-macron-aplaudida-em-sua-chegada-a-rabat-as-criancas-encantadas-com-seu-charme\/","name":"\u00ab Voc\u00ea \u00e9 muito bonita \u00bb : Brigitte Macron aplaudida em sua chegada a Rabat, as crian\u00e7as encantadas com seu charme - Fan site S\u00e9bastien Auzi\u00e8re","isPartOf":{"@id":"https:\/\/www.sebastien-auziere.fr\/blog\/#website"},"primaryImageOfPage":{"@id":"https:\/\/www.sebastien-auziere.fr\/blog\/pt\/voce-e-muito-bonita-brigitte-macron-aplaudida-em-sua-chegada-a-rabat-as-criancas-encantadas-com-seu-charme\/#primaryimage"},"image":{"@id":"https:\/\/www.sebastien-auziere.fr\/blog\/pt\/voce-e-muito-bonita-brigitte-macron-aplaudida-em-sua-chegada-a-rabat-as-criancas-encantadas-com-seu-charme\/#primaryimage"},"thumbnailUrl":"https:\/\/www.sebastien-auziere.fr\/blog\/wp-content\/uploads\/2026\/04\/Tes-trop-belle-Brigitte-Macron-ovationnee-a-son-arrivee-a-Rabat-les-enfants-seduits-par-son-charme.jpg","datePublished":"2026-04-25T19:10:34+00:00","dateModified":"2026-04-25T19:10:56+00:00","description":"Brigitte Macron ovationn\u00e9e \u00e0 Rabat, son charme s\u00e9duit petits et grands lors de son arriv\u00e9e remarqu\u00e9e.","breadcrumb":{"@id":"https:\/\/www.sebastien-auziere.fr\/blog\/pt\/voce-e-muito-bonita-brigitte-macron-aplaudida-em-sua-chegada-a-rabat-as-criancas-encantadas-com-seu-charme\/#breadcrumb"},"inLanguage":"fr-FR","potentialAction":[{"@type":"ReadAction","target":["https:\/\/www.sebastien-auziere.fr\/blog\/pt\/voce-e-muito-bonita-brigitte-macron-aplaudida-em-sua-chegada-a-rabat-as-criancas-encantadas-com-seu-charme\/"]}]},{"@type":"ImageObject","inLanguage":"fr-FR","@id":"https:\/\/www.sebastien-auziere.fr\/blog\/pt\/voce-e-muito-bonita-brigitte-macron-aplaudida-em-sua-chegada-a-rabat-as-criancas-encantadas-com-seu-charme\/#primaryimage","url":"https:\/\/www.sebastien-auziere.fr\/blog\/wp-content\/uploads\/2026\/04\/Tes-trop-belle-Brigitte-Macron-ovationnee-a-son-arrivee-a-Rabat-les-enfants-seduits-par-son-charme.jpg","contentUrl":"https:\/\/www.sebastien-auziere.fr\/blog\/wp-content\/uploads\/2026\/04\/Tes-trop-belle-Brigitte-Macron-ovationnee-a-son-arrivee-a-Rabat-les-enfants-seduits-par-son-charme.jpg","width":2560,"height":1429,"caption":"\u00e0 son arriv\u00e9e \u00e0 rabat, brigitte macron a \u00e9t\u00e9 chaleureusement ovationn\u00e9e, captivant les enfants par son charme et sa beaut\u00e9 naturelle."},{"@type":"BreadcrumbList","@id":"https:\/\/www.sebastien-auziere.fr\/blog\/pt\/voce-e-muito-bonita-brigitte-macron-aplaudida-em-sua-chegada-a-rabat-as-criancas-encantadas-com-seu-charme\/#breadcrumb","itemListElement":[{"@type":"ListItem","position":1,"name":"Home","item":"https:\/\/www.sebastien-auziere.fr\/blog\/"},{"@type":"ListItem","position":2,"name":"\u00ab Voc\u00ea \u00e9 muito bonita \u00bb : Brigitte Macron aplaudida em sua chegada a Rabat, as crian\u00e7as encantadas com seu charme"}]},{"@type":"WebSite","@id":"https:\/\/www.sebastien-auziere.fr\/blog\/#website","url":"https:\/\/www.sebastien-auziere.fr\/blog\/","name":"Fan site S\u00e9bastien Auzi\u00e8re","description":"M\u00e9dia g\u00e9n\u00e9raliste","publisher":{"@id":"https:\/\/www.sebastien-auziere.fr\/blog\/#organization"},"potentialAction":[{"@type":"SearchAction","target":{"@type":"EntryPoint","urlTemplate":"https:\/\/www.sebastien-auziere.fr\/blog\/?s={search_term_string}"},"query-input":{"@type":"PropertyValueSpecification","valueRequired":true,"valueName":"search_term_string"}}],"inLanguage":"fr-FR"},{"@type":"Organization","@id":"https:\/\/www.sebastien-auziere.fr\/blog\/#organization","name":"Fan site S\u00e9bastien Auzi\u00e8re","url":"https:\/\/www.sebastien-auziere.fr\/blog\/","logo":{"@type":"ImageObject","inLanguage":"fr-FR","@id":"https:\/\/www.sebastien-auziere.fr\/blog\/#\/schema\/logo\/image\/","url":"https:\/\/www.sebastien-auziere.fr\/blog\/wp-content\/uploads\/2026\/03\/cropped-cropped-cropped-ChatGPT-Image-6-mars-2026-12_58_09-e1772798376794.jpg","contentUrl":"https:\/\/www.sebastien-auziere.fr\/blog\/wp-content\/uploads\/2026\/03\/cropped-cropped-cropped-ChatGPT-Image-6-mars-2026-12_58_09-e1772798376794.jpg","width":512,"height":360,"caption":"Fan site S\u00e9bastien Auzi\u00e8re"},"image":{"@id":"https:\/\/www.sebastien-auziere.fr\/blog\/#\/schema\/logo\/image\/"}},{"@type":"Person","@id":"https:\/\/www.sebastien-auziere.fr\/blog\/#\/schema\/person\/149f1acdbfd85149c6c3e59adeae2f4d","name":"Chloe Gauthier","image":{"@type":"ImageObject","inLanguage":"fr-FR","@id":"https:\/\/secure.gravatar.com\/avatar\/2c5722f58171cff738a8985ef0dd66b476e563753246a49019befc837ec4201a?s=96&d=mm&r=g","url":"https:\/\/secure.gravatar.com\/avatar\/2c5722f58171cff738a8985ef0dd66b476e563753246a49019befc837ec4201a?s=96&d=mm&r=g","contentUrl":"https:\/\/secure.gravatar.com\/avatar\/2c5722f58171cff738a8985ef0dd66b476e563753246a49019befc837ec4201a?s=96&d=mm&r=g","caption":"Chloe Gauthier"},"description":"Passionn\u00e9e par la politique et admiratrice engag\u00e9e de la famille Macron, je consacre mon \u00e9nergie \u00e0 suivre leurs initiatives et \u00e0 promouvoir leurs id\u00e9es. \u00c0 32 ans, je suis convaincue que leur vision est porteuse d'avenir.","url":"https:\/\/www.sebastien-auziere.fr\/blog\/author\/chloe-gauthier\/"}]}},"views":0,"_links":{"self":[{"href":"https:\/\/www.sebastien-auziere.fr\/blog\/wp-json\/wp\/v2\/posts\/3336","targetHints":{"allow":["GET"]}}],"collection":[{"href":"https:\/\/www.sebastien-auziere.fr\/blog\/wp-json\/wp\/v2\/posts"}],"about":[{"href":"https:\/\/www.sebastien-auziere.fr\/blog\/wp-json\/wp\/v2\/types\/post"}],"author":[{"embeddable":true,"href":"https:\/\/www.sebastien-auziere.fr\/blog\/wp-json\/wp\/v2\/users\/9"}],"replies":[{"embeddable":true,"href":"https:\/\/www.sebastien-auziere.fr\/blog\/wp-json\/wp\/v2\/comments?post=3336"}],"version-history":[{"count":1,"href":"https:\/\/www.sebastien-auziere.fr\/blog\/wp-json\/wp\/v2\/posts\/3336\/revisions"}],"predecessor-version":[{"id":3337,"href":"https:\/\/www.sebastien-auziere.fr\/blog\/wp-json\/wp\/v2\/posts\/3336\/revisions\/3337"}],"wp:featuredmedia":[{"embeddable":true,"href":"https:\/\/www.sebastien-auziere.fr\/blog\/wp-json\/wp\/v2\/media\/3326"}],"wp:attachment":[{"href":"https:\/\/www.sebastien-auziere.fr\/blog\/wp-json\/wp\/v2\/media?parent=3336"}],"wp:term":[{"taxonomy":"category","embeddable":true,"href":"https:\/\/www.sebastien-auziere.fr\/blog\/wp-json\/wp\/v2\/categories?post=3336"},{"taxonomy":"post_tag","embeddable":true,"href":"https:\/\/www.sebastien-auziere.fr\/blog\/wp-json\/wp\/v2\/tags?post=3336"}],"curies":[{"name":"wp","href":"https:\/\/api.w.org\/{rel}","templated":true}]}}