{"id":3334,"date":"2026-04-25T19:08:47","date_gmt":"2026-04-25T19:08:47","guid":{"rendered":"https:\/\/www.sebastien-auziere.fr\/blog\/?p=3334"},"modified":"2026-04-25T19:09:13","modified_gmt":"2026-04-25T19:09:13","slug":"sei-troppo-bella-brigitte-macron-ovationata-al-suo-arrivo-a-rabat-i-bambini-affascinati-dal-suo-charme","status":"publish","type":"post","link":"https:\/\/www.sebastien-auziere.fr\/blog\/it\/sei-troppo-bella-brigitte-macron-ovationata-al-suo-arrivo-a-rabat-i-bambini-affascinati-dal-suo-charme\/","title":{"rendered":"\u00ab Sei troppo bella \u00bb: Brigitte Macron ovationata al suo arrivo a Rabat, i bambini affascinati dal suo charme"},"content":{"rendered":"<p><strong>Brigitte Macron<\/strong> \u00e8 stata accolta con grande pomp \u00e0 <strong>Rabat<\/strong> mercoled\u00ec 22 aprile, ricevendo una vera <strong>ovazione<\/strong> al suo <strong>arrivo<\/strong>. Durante un bagno di folla all&rsquo;inaugurazione del Teatro reale, diversi <strong>bambini<\/strong> l&rsquo;hanno complimentata urlando \u00ab<strong>Sei troppo bella<\/strong>\u00bb, un momento di <strong>seduzione<\/strong> e <strong>charm<\/strong> spontaneo che ha segnato l&rsquo;evento.<\/p>\n\n<p><strong>In breve<\/strong>: visita in solitaria in Marocco per la First Lady; cerimonia di apertura diretta dalla pianista Dina Bensa\u00efd; presenza delle principesse Lalla Meryem, Lalla Hasnaa e Lalla Khadija; Tiphaine Auzi\u00e8re al fianco di Brigitte; accoglienza calorosa da parte dei bambini e scambi benevoli.<\/p>\n\n<h2 class=\"wp-block-heading\">Arrivo a Rabat e caloroso bagno di folla<\/h2>\n\n<p>Questo viaggio in solitaria, il quarto in nove anni al di fuori di un viaggio congiunto con il presidente, \u00e8 iniziato con un <strong>arrivo<\/strong> tra applausi. All&rsquo;uscita del Teatro reale, la First Lady \u00e8 stata acclamata e ha stretto molte mani di <strong>bambini<\/strong> meravigliati che le hanno lanciato \u00ab<strong>Sei troppo bella<\/strong>\u00bb. Questo gesto spontaneo ha sottolineato il legame affettivo creato durante questo <strong>incontro<\/strong> pubblico.<\/p>\n\n<h2 class=\"wp-block-heading\">Un programma culturale segnato dalla musica<\/h2>\n\n<p>La cerimonia di apertura ha incluso uno spettacolo diretto dalla pianista e direttrice d&rsquo;orchestra <strong>Dina Bensa\u00efd<\/strong>, offrendo un momento artistico al centro di questo <strong>incontro<\/strong> diplomatico. La presenza delle principesse <strong>Lalla Meryem<\/strong>, <strong>Lalla Hasnaa<\/strong> e di <strong>Lalla Khadija<\/strong> ha rafforzato la portata culturale e simbolica dell&rsquo;evento, illustrando un dialogo franco-marrocchino rinnovato centrato sulla cultura.<\/p>\n\n<h3 class=\"wp-block-heading\">Un&rsquo;accoglienza familiare e mediatica<\/h3>\n\n<p>Accanto a Brigitte, sua figlia <strong>Tiphaine Auzi\u00e8re<\/strong> si presentava in abito di gala, come si \u00e8 visto in immagini condivise dopo la visita. I media hanno sottolineato i complimenti dei bambini e la benevolenza della First Lady, riportati da diversi titoli nazionali e internazionali, tra cui reportage fotografici e articoli dettagliati online che evocano il modo in cui il <strong>charm<\/strong> ha creato un momento di complicit\u00e0.<\/p>\n\n<h2 class=\"wp-block-heading\">Cosa dice questo gesto per la diplomazia culturale<\/h2>\n\n<p>La visita si inserisce in un contesto di recente avvicinamento bilaterale, dopo incontri nel 2024 e una visita di stato in ottobre che ha cercato di \u00abscrivere un nuovo capitolo\u00bb. Qui, la dimensione culturale prende il sopravvento sul protocollo, e la reazione dei <strong>bambini<\/strong> ha offerto un&rsquo;immagine umanizzante della diplomazia. Questo momento popolare ha dimostrato che la <strong>seduzione<\/strong> dolce e la prossimit\u00e0 pubblica possono rafforzare un legame istituzionale.<\/p>\n\n<p>Per rivivere le immagini e comprendere i retroscena di questa visita, trovi un resoconto dettagliato sulla presenza di <strong>Brigitte Macron<\/strong> a Rabat su <a href=\"https:\/\/www.sebastien-auziere.fr\/blog\/brigitte-macron-maroc-rabat\/\" rel=\"nofollow\">sebastien-auziere.fr<\/a> e un dossier complementare sulla presenza in solitaria della First Lady <a href=\"https:\/\/www.sebastien-auziere.fr\/blog\/brigitte-macron-maroc-solo\/\" rel=\"nofollow\">qui<\/a>. Per gallerie fotografiche e articoli di stampa, consulta anche il reportage dedicato su <a href=\"https:\/\/www.msn.com\/fr-fr\/divertissement\/celebrites\/t-es-trop-belle-brigitte-macron-acclam%C3%A9e-lors-de-son-arriv%C3%A9e-%C3%A0-rabat-les-enfants-sous-son-charme\/ar-AA21Eno6\" rel=\"nofollow\">MSN<\/a> e la selezione di look su <a href=\"https:\/\/photo.gala.fr\/photos-les-plus-beaux-looks-de-brigitte-macron-en-visite-d-etat-au-maroc-en-2024-63711\" rel=\"nofollow\">Gala<\/a>.<\/p>","protected":false},"excerpt":{"rendered":"<p>Brigitte Macron \u00e8 stata accolta con grande pomp \u00e0 Rabat mercoled\u00ec 22 aprile, ricevendo una vera ovazione al suo arrivo. Durante un bagno di folla all&rsquo;inaugurazione del Teatro reale, diversi bambini l&rsquo;hanno complimentata urlando \u00abSei troppo bella\u00bb, un momento di seduzione e charm spontaneo che ha segnato l&rsquo;evento. In breve: visita in solitaria in Marocco &#8230; <a title=\"\u00ab Sei troppo bella \u00bb: Brigitte Macron ovationata al suo arrivo a Rabat, i bambini affascinati dal suo charme\" class=\"read-more\" href=\"https:\/\/www.sebastien-auziere.fr\/blog\/it\/sei-troppo-bella-brigitte-macron-ovationata-al-suo-arrivo-a-rabat-i-bambini-affascinati-dal-suo-charme\/\" aria-label=\"En savoir plus sur \u00ab Sei troppo bella \u00bb: Brigitte Macron ovationata al suo arrivo a Rabat, i bambini affascinati dal suo charme\">Lire plus<\/a><\/p>\n","protected":false},"author":9,"featured_media":3326,"comment_status":"open","ping_status":"open","sticky":false,"template":"","format":"standard","meta":{"footnotes":""},"categories":[859],"tags":[4347,4350,944,4353,4356],"class_list":["post-3334","post","type-post","status-publish","format-standard","has-post-thumbnail","hentry","category-actualita-it","tag-accolta-da-eroi-it","tag-arrivo-a-rabat-it","tag-brigitte-macron-it","tag-charme-di-brigitte-macron-it","tag-sei-troppo-bella-it"],"yoast_head":"<!-- This site is optimized with the Yoast SEO plugin v27.5 - https:\/\/yoast.com\/product\/yoast-seo-wordpress\/ -->\n<title>\u00ab Sei troppo bella \u00bb: Brigitte Macron ovationata al suo arrivo a Rabat, i bambini affascinati dal suo charme - Fan site S\u00e9bastien Auzi\u00e8re<\/title>\n<meta name=\"description\" content=\"Brigitte Macron ovationn\u00e9e \u00e0 Rabat, son charme s\u00e9duit petits et grands lors de son arriv\u00e9e remarqu\u00e9e.\" \/>\n<meta name=\"robots\" content=\"index, follow, max-snippet:-1, max-image-preview:large, max-video-preview:-1\" \/>\n<link rel=\"canonical\" href=\"https:\/\/www.sebastien-auziere.fr\/blog\/it\/sei-troppo-bella-brigitte-macron-ovationata-al-suo-arrivo-a-rabat-i-bambini-affascinati-dal-suo-charme\/\" \/>\n<meta property=\"og:locale\" content=\"fr_FR\" \/>\n<meta property=\"og:type\" content=\"article\" \/>\n<meta property=\"og:title\" content=\"\u00ab Sei troppo bella \u00bb: Brigitte Macron ovationata al suo arrivo a Rabat, i bambini affascinati dal suo charme - Fan site S\u00e9bastien Auzi\u00e8re\" \/>\n<meta property=\"og:description\" content=\"Brigitte Macron ovationn\u00e9e \u00e0 Rabat, son charme s\u00e9duit petits et grands lors de son arriv\u00e9e remarqu\u00e9e.\" \/>\n<meta property=\"og:url\" content=\"https:\/\/www.sebastien-auziere.fr\/blog\/it\/sei-troppo-bella-brigitte-macron-ovationata-al-suo-arrivo-a-rabat-i-bambini-affascinati-dal-suo-charme\/\" \/>\n<meta property=\"og:site_name\" content=\"Fan site S\u00e9bastien Auzi\u00e8re\" \/>\n<meta property=\"article:published_time\" content=\"2026-04-25T19:08:47+00:00\" \/>\n<meta property=\"article:modified_time\" content=\"2026-04-25T19:09:13+00:00\" \/>\n<meta property=\"og:image\" content=\"https:\/\/www.sebastien-auziere.fr\/blog\/wp-content\/uploads\/2026\/04\/Tes-trop-belle-Brigitte-Macron-ovationnee-a-son-arrivee-a-Rabat-les-enfants-seduits-par-son-charme.jpg\" \/>\n\t<meta property=\"og:image:width\" content=\"2560\" \/>\n\t<meta property=\"og:image:height\" content=\"1429\" \/>\n\t<meta property=\"og:image:type\" content=\"image\/jpeg\" \/>\n<meta name=\"author\" content=\"Chloe Gauthier\" \/>\n<meta name=\"twitter:card\" content=\"summary_large_image\" \/>\n<meta name=\"twitter:label1\" content=\"\u00c9crit par\" \/>\n\t<meta name=\"twitter:data1\" content=\"Chloe Gauthier\" \/>\n\t<meta name=\"twitter:label2\" content=\"Dur\u00e9e de lecture estim\u00e9e\" \/>\n\t<meta name=\"twitter:data2\" content=\"2 minutes\" \/>\n<script type=\"application\/ld+json\" class=\"yoast-schema-graph\">{\"@context\":\"https:\\\/\\\/schema.org\",\"@graph\":[{\"@type\":\"Article\",\"@id\":\"https:\\\/\\\/www.sebastien-auziere.fr\\\/blog\\\/it\\\/sei-troppo-bella-brigitte-macron-ovationata-al-suo-arrivo-a-rabat-i-bambini-affascinati-dal-suo-charme\\\/#article\",\"isPartOf\":{\"@id\":\"https:\\\/\\\/www.sebastien-auziere.fr\\\/blog\\\/it\\\/sei-troppo-bella-brigitte-macron-ovationata-al-suo-arrivo-a-rabat-i-bambini-affascinati-dal-suo-charme\\\/\"},\"author\":{\"name\":\"Chloe Gauthier\",\"@id\":\"https:\\\/\\\/www.sebastien-auziere.fr\\\/blog\\\/#\\\/schema\\\/person\\\/149f1acdbfd85149c6c3e59adeae2f4d\"},\"headline\":\"\u00ab Sei troppo bella \u00bb: Brigitte Macron ovationata al suo arrivo a Rabat, i bambini affascinati dal suo charme\",\"datePublished\":\"2026-04-25T19:08:47+00:00\",\"dateModified\":\"2026-04-25T19:09:13+00:00\",\"mainEntityOfPage\":{\"@id\":\"https:\\\/\\\/www.sebastien-auziere.fr\\\/blog\\\/it\\\/sei-troppo-bella-brigitte-macron-ovationata-al-suo-arrivo-a-rabat-i-bambini-affascinati-dal-suo-charme\\\/\"},\"wordCount\":442,\"commentCount\":0,\"publisher\":{\"@id\":\"https:\\\/\\\/www.sebastien-auziere.fr\\\/blog\\\/#organization\"},\"image\":{\"@id\":\"https:\\\/\\\/www.sebastien-auziere.fr\\\/blog\\\/it\\\/sei-troppo-bella-brigitte-macron-ovationata-al-suo-arrivo-a-rabat-i-bambini-affascinati-dal-suo-charme\\\/#primaryimage\"},\"thumbnailUrl\":\"https:\\\/\\\/www.sebastien-auziere.fr\\\/blog\\\/wp-content\\\/uploads\\\/2026\\\/04\\\/Tes-trop-belle-Brigitte-Macron-ovationnee-a-son-arrivee-a-Rabat-les-enfants-seduits-par-son-charme.jpg\",\"keywords\":[\"accolta da eroi\",\"arrivo a rabat\",\"brigitte macron\",\"charme di brigitte macron\",\"sei troppo bella\"],\"articleSection\":[\"Actualit\u00e0\"],\"inLanguage\":\"fr-FR\",\"potentialAction\":[{\"@type\":\"CommentAction\",\"name\":\"Comment\",\"target\":[\"https:\\\/\\\/www.sebastien-auziere.fr\\\/blog\\\/it\\\/sei-troppo-bella-brigitte-macron-ovationata-al-suo-arrivo-a-rabat-i-bambini-affascinati-dal-suo-charme\\\/#respond\"]}]},{\"@type\":\"WebPage\",\"@id\":\"https:\\\/\\\/www.sebastien-auziere.fr\\\/blog\\\/it\\\/sei-troppo-bella-brigitte-macron-ovationata-al-suo-arrivo-a-rabat-i-bambini-affascinati-dal-suo-charme\\\/\",\"url\":\"https:\\\/\\\/www.sebastien-auziere.fr\\\/blog\\\/it\\\/sei-troppo-bella-brigitte-macron-ovationata-al-suo-arrivo-a-rabat-i-bambini-affascinati-dal-suo-charme\\\/\",\"name\":\"\u00ab Sei troppo bella \u00bb: Brigitte Macron ovationata al suo arrivo a Rabat, i bambini affascinati dal suo charme - Fan site S\u00e9bastien Auzi\u00e8re\",\"isPartOf\":{\"@id\":\"https:\\\/\\\/www.sebastien-auziere.fr\\\/blog\\\/#website\"},\"primaryImageOfPage\":{\"@id\":\"https:\\\/\\\/www.sebastien-auziere.fr\\\/blog\\\/it\\\/sei-troppo-bella-brigitte-macron-ovationata-al-suo-arrivo-a-rabat-i-bambini-affascinati-dal-suo-charme\\\/#primaryimage\"},\"image\":{\"@id\":\"https:\\\/\\\/www.sebastien-auziere.fr\\\/blog\\\/it\\\/sei-troppo-bella-brigitte-macron-ovationata-al-suo-arrivo-a-rabat-i-bambini-affascinati-dal-suo-charme\\\/#primaryimage\"},\"thumbnailUrl\":\"https:\\\/\\\/www.sebastien-auziere.fr\\\/blog\\\/wp-content\\\/uploads\\\/2026\\\/04\\\/Tes-trop-belle-Brigitte-Macron-ovationnee-a-son-arrivee-a-Rabat-les-enfants-seduits-par-son-charme.jpg\",\"datePublished\":\"2026-04-25T19:08:47+00:00\",\"dateModified\":\"2026-04-25T19:09:13+00:00\",\"description\":\"Brigitte Macron ovationn\u00e9e \u00e0 Rabat, son charme s\u00e9duit petits et grands lors de son arriv\u00e9e remarqu\u00e9e.\",\"breadcrumb\":{\"@id\":\"https:\\\/\\\/www.sebastien-auziere.fr\\\/blog\\\/it\\\/sei-troppo-bella-brigitte-macron-ovationata-al-suo-arrivo-a-rabat-i-bambini-affascinati-dal-suo-charme\\\/#breadcrumb\"},\"inLanguage\":\"fr-FR\",\"potentialAction\":[{\"@type\":\"ReadAction\",\"target\":[\"https:\\\/\\\/www.sebastien-auziere.fr\\\/blog\\\/it\\\/sei-troppo-bella-brigitte-macron-ovationata-al-suo-arrivo-a-rabat-i-bambini-affascinati-dal-suo-charme\\\/\"]}]},{\"@type\":\"ImageObject\",\"inLanguage\":\"fr-FR\",\"@id\":\"https:\\\/\\\/www.sebastien-auziere.fr\\\/blog\\\/it\\\/sei-troppo-bella-brigitte-macron-ovationata-al-suo-arrivo-a-rabat-i-bambini-affascinati-dal-suo-charme\\\/#primaryimage\",\"url\":\"https:\\\/\\\/www.sebastien-auziere.fr\\\/blog\\\/wp-content\\\/uploads\\\/2026\\\/04\\\/Tes-trop-belle-Brigitte-Macron-ovationnee-a-son-arrivee-a-Rabat-les-enfants-seduits-par-son-charme.jpg\",\"contentUrl\":\"https:\\\/\\\/www.sebastien-auziere.fr\\\/blog\\\/wp-content\\\/uploads\\\/2026\\\/04\\\/Tes-trop-belle-Brigitte-Macron-ovationnee-a-son-arrivee-a-Rabat-les-enfants-seduits-par-son-charme.jpg\",\"width\":2560,\"height\":1429,\"caption\":\"\u00e0 son arriv\u00e9e \u00e0 rabat, brigitte macron a \u00e9t\u00e9 chaleureusement ovationn\u00e9e, captivant les enfants par son charme et sa beaut\u00e9 naturelle.\"},{\"@type\":\"BreadcrumbList\",\"@id\":\"https:\\\/\\\/www.sebastien-auziere.fr\\\/blog\\\/it\\\/sei-troppo-bella-brigitte-macron-ovationata-al-suo-arrivo-a-rabat-i-bambini-affascinati-dal-suo-charme\\\/#breadcrumb\",\"itemListElement\":[{\"@type\":\"ListItem\",\"position\":1,\"name\":\"Home\",\"item\":\"https:\\\/\\\/www.sebastien-auziere.fr\\\/blog\\\/\"},{\"@type\":\"ListItem\",\"position\":2,\"name\":\"\u00ab Sei troppo bella \u00bb: Brigitte Macron ovationata al suo arrivo a Rabat, i bambini affascinati dal suo charme\"}]},{\"@type\":\"WebSite\",\"@id\":\"https:\\\/\\\/www.sebastien-auziere.fr\\\/blog\\\/#website\",\"url\":\"https:\\\/\\\/www.sebastien-auziere.fr\\\/blog\\\/\",\"name\":\"Fan site S\u00e9bastien Auzi\u00e8re\",\"description\":\"M\u00e9dia g\u00e9n\u00e9raliste\",\"publisher\":{\"@id\":\"https:\\\/\\\/www.sebastien-auziere.fr\\\/blog\\\/#organization\"},\"potentialAction\":[{\"@type\":\"SearchAction\",\"target\":{\"@type\":\"EntryPoint\",\"urlTemplate\":\"https:\\\/\\\/www.sebastien-auziere.fr\\\/blog\\\/?s={search_term_string}\"},\"query-input\":{\"@type\":\"PropertyValueSpecification\",\"valueRequired\":true,\"valueName\":\"search_term_string\"}}],\"inLanguage\":\"fr-FR\"},{\"@type\":\"Organization\",\"@id\":\"https:\\\/\\\/www.sebastien-auziere.fr\\\/blog\\\/#organization\",\"name\":\"Fan site S\u00e9bastien Auzi\u00e8re\",\"url\":\"https:\\\/\\\/www.sebastien-auziere.fr\\\/blog\\\/\",\"logo\":{\"@type\":\"ImageObject\",\"inLanguage\":\"fr-FR\",\"@id\":\"https:\\\/\\\/www.sebastien-auziere.fr\\\/blog\\\/#\\\/schema\\\/logo\\\/image\\\/\",\"url\":\"https:\\\/\\\/www.sebastien-auziere.fr\\\/blog\\\/wp-content\\\/uploads\\\/2026\\\/03\\\/cropped-cropped-cropped-ChatGPT-Image-6-mars-2026-12_58_09-e1772798376794.jpg\",\"contentUrl\":\"https:\\\/\\\/www.sebastien-auziere.fr\\\/blog\\\/wp-content\\\/uploads\\\/2026\\\/03\\\/cropped-cropped-cropped-ChatGPT-Image-6-mars-2026-12_58_09-e1772798376794.jpg\",\"width\":512,\"height\":360,\"caption\":\"Fan site S\u00e9bastien Auzi\u00e8re\"},\"image\":{\"@id\":\"https:\\\/\\\/www.sebastien-auziere.fr\\\/blog\\\/#\\\/schema\\\/logo\\\/image\\\/\"}},{\"@type\":\"Person\",\"@id\":\"https:\\\/\\\/www.sebastien-auziere.fr\\\/blog\\\/#\\\/schema\\\/person\\\/149f1acdbfd85149c6c3e59adeae2f4d\",\"name\":\"Chloe Gauthier\",\"image\":{\"@type\":\"ImageObject\",\"inLanguage\":\"fr-FR\",\"@id\":\"https:\\\/\\\/secure.gravatar.com\\\/avatar\\\/2c5722f58171cff738a8985ef0dd66b476e563753246a49019befc837ec4201a?s=96&d=mm&r=g\",\"url\":\"https:\\\/\\\/secure.gravatar.com\\\/avatar\\\/2c5722f58171cff738a8985ef0dd66b476e563753246a49019befc837ec4201a?s=96&d=mm&r=g\",\"contentUrl\":\"https:\\\/\\\/secure.gravatar.com\\\/avatar\\\/2c5722f58171cff738a8985ef0dd66b476e563753246a49019befc837ec4201a?s=96&d=mm&r=g\",\"caption\":\"Chloe Gauthier\"},\"description\":\"Passionn\u00e9e par la politique et admiratrice engag\u00e9e de la famille Macron, je consacre mon \u00e9nergie \u00e0 suivre leurs initiatives et \u00e0 promouvoir leurs id\u00e9es. \u00c0 32 ans, je suis convaincue que leur vision est porteuse d'avenir.\",\"url\":\"https:\\\/\\\/www.sebastien-auziere.fr\\\/blog\\\/author\\\/chloe-gauthier\\\/\"}]}<\/script>\n<!-- \/ Yoast SEO plugin. -->","yoast_head_json":{"title":"\u00ab Sei troppo bella \u00bb: Brigitte Macron ovationata al suo arrivo a Rabat, i bambini affascinati dal suo charme - Fan site S\u00e9bastien Auzi\u00e8re","description":"Brigitte Macron ovationn\u00e9e \u00e0 Rabat, son charme s\u00e9duit petits et grands lors de son arriv\u00e9e remarqu\u00e9e.","robots":{"index":"index","follow":"follow","max-snippet":"max-snippet:-1","max-image-preview":"max-image-preview:large","max-video-preview":"max-video-preview:-1"},"canonical":"https:\/\/www.sebastien-auziere.fr\/blog\/it\/sei-troppo-bella-brigitte-macron-ovationata-al-suo-arrivo-a-rabat-i-bambini-affascinati-dal-suo-charme\/","og_locale":"fr_FR","og_type":"article","og_title":"\u00ab Sei troppo bella \u00bb: Brigitte Macron ovationata al suo arrivo a Rabat, i bambini affascinati dal suo charme - Fan site S\u00e9bastien Auzi\u00e8re","og_description":"Brigitte Macron ovationn\u00e9e \u00e0 Rabat, son charme s\u00e9duit petits et grands lors de son arriv\u00e9e remarqu\u00e9e.","og_url":"https:\/\/www.sebastien-auziere.fr\/blog\/it\/sei-troppo-bella-brigitte-macron-ovationata-al-suo-arrivo-a-rabat-i-bambini-affascinati-dal-suo-charme\/","og_site_name":"Fan site S\u00e9bastien Auzi\u00e8re","article_published_time":"2026-04-25T19:08:47+00:00","article_modified_time":"2026-04-25T19:09:13+00:00","og_image":[{"width":2560,"height":1429,"url":"https:\/\/www.sebastien-auziere.fr\/blog\/wp-content\/uploads\/2026\/04\/Tes-trop-belle-Brigitte-Macron-ovationnee-a-son-arrivee-a-Rabat-les-enfants-seduits-par-son-charme.jpg","type":"image\/jpeg"}],"author":"Chloe Gauthier","twitter_card":"summary_large_image","twitter_misc":{"\u00c9crit par":"Chloe Gauthier","Dur\u00e9e de lecture estim\u00e9e":"2 minutes"},"schema":{"@context":"https:\/\/schema.org","@graph":[{"@type":"Article","@id":"https:\/\/www.sebastien-auziere.fr\/blog\/it\/sei-troppo-bella-brigitte-macron-ovationata-al-suo-arrivo-a-rabat-i-bambini-affascinati-dal-suo-charme\/#article","isPartOf":{"@id":"https:\/\/www.sebastien-auziere.fr\/blog\/it\/sei-troppo-bella-brigitte-macron-ovationata-al-suo-arrivo-a-rabat-i-bambini-affascinati-dal-suo-charme\/"},"author":{"name":"Chloe Gauthier","@id":"https:\/\/www.sebastien-auziere.fr\/blog\/#\/schema\/person\/149f1acdbfd85149c6c3e59adeae2f4d"},"headline":"\u00ab Sei troppo bella \u00bb: Brigitte Macron ovationata al suo arrivo a Rabat, i bambini affascinati dal suo charme","datePublished":"2026-04-25T19:08:47+00:00","dateModified":"2026-04-25T19:09:13+00:00","mainEntityOfPage":{"@id":"https:\/\/www.sebastien-auziere.fr\/blog\/it\/sei-troppo-bella-brigitte-macron-ovationata-al-suo-arrivo-a-rabat-i-bambini-affascinati-dal-suo-charme\/"},"wordCount":442,"commentCount":0,"publisher":{"@id":"https:\/\/www.sebastien-auziere.fr\/blog\/#organization"},"image":{"@id":"https:\/\/www.sebastien-auziere.fr\/blog\/it\/sei-troppo-bella-brigitte-macron-ovationata-al-suo-arrivo-a-rabat-i-bambini-affascinati-dal-suo-charme\/#primaryimage"},"thumbnailUrl":"https:\/\/www.sebastien-auziere.fr\/blog\/wp-content\/uploads\/2026\/04\/Tes-trop-belle-Brigitte-Macron-ovationnee-a-son-arrivee-a-Rabat-les-enfants-seduits-par-son-charme.jpg","keywords":["accolta da eroi","arrivo a rabat","brigitte macron","charme di brigitte macron","sei troppo bella"],"articleSection":["Actualit\u00e0"],"inLanguage":"fr-FR","potentialAction":[{"@type":"CommentAction","name":"Comment","target":["https:\/\/www.sebastien-auziere.fr\/blog\/it\/sei-troppo-bella-brigitte-macron-ovationata-al-suo-arrivo-a-rabat-i-bambini-affascinati-dal-suo-charme\/#respond"]}]},{"@type":"WebPage","@id":"https:\/\/www.sebastien-auziere.fr\/blog\/it\/sei-troppo-bella-brigitte-macron-ovationata-al-suo-arrivo-a-rabat-i-bambini-affascinati-dal-suo-charme\/","url":"https:\/\/www.sebastien-auziere.fr\/blog\/it\/sei-troppo-bella-brigitte-macron-ovationata-al-suo-arrivo-a-rabat-i-bambini-affascinati-dal-suo-charme\/","name":"\u00ab Sei troppo bella \u00bb: Brigitte Macron ovationata al suo arrivo a Rabat, i bambini affascinati dal suo charme - Fan site S\u00e9bastien Auzi\u00e8re","isPartOf":{"@id":"https:\/\/www.sebastien-auziere.fr\/blog\/#website"},"primaryImageOfPage":{"@id":"https:\/\/www.sebastien-auziere.fr\/blog\/it\/sei-troppo-bella-brigitte-macron-ovationata-al-suo-arrivo-a-rabat-i-bambini-affascinati-dal-suo-charme\/#primaryimage"},"image":{"@id":"https:\/\/www.sebastien-auziere.fr\/blog\/it\/sei-troppo-bella-brigitte-macron-ovationata-al-suo-arrivo-a-rabat-i-bambini-affascinati-dal-suo-charme\/#primaryimage"},"thumbnailUrl":"https:\/\/www.sebastien-auziere.fr\/blog\/wp-content\/uploads\/2026\/04\/Tes-trop-belle-Brigitte-Macron-ovationnee-a-son-arrivee-a-Rabat-les-enfants-seduits-par-son-charme.jpg","datePublished":"2026-04-25T19:08:47+00:00","dateModified":"2026-04-25T19:09:13+00:00","description":"Brigitte Macron ovationn\u00e9e \u00e0 Rabat, son charme s\u00e9duit petits et grands lors de son arriv\u00e9e remarqu\u00e9e.","breadcrumb":{"@id":"https:\/\/www.sebastien-auziere.fr\/blog\/it\/sei-troppo-bella-brigitte-macron-ovationata-al-suo-arrivo-a-rabat-i-bambini-affascinati-dal-suo-charme\/#breadcrumb"},"inLanguage":"fr-FR","potentialAction":[{"@type":"ReadAction","target":["https:\/\/www.sebastien-auziere.fr\/blog\/it\/sei-troppo-bella-brigitte-macron-ovationata-al-suo-arrivo-a-rabat-i-bambini-affascinati-dal-suo-charme\/"]}]},{"@type":"ImageObject","inLanguage":"fr-FR","@id":"https:\/\/www.sebastien-auziere.fr\/blog\/it\/sei-troppo-bella-brigitte-macron-ovationata-al-suo-arrivo-a-rabat-i-bambini-affascinati-dal-suo-charme\/#primaryimage","url":"https:\/\/www.sebastien-auziere.fr\/blog\/wp-content\/uploads\/2026\/04\/Tes-trop-belle-Brigitte-Macron-ovationnee-a-son-arrivee-a-Rabat-les-enfants-seduits-par-son-charme.jpg","contentUrl":"https:\/\/www.sebastien-auziere.fr\/blog\/wp-content\/uploads\/2026\/04\/Tes-trop-belle-Brigitte-Macron-ovationnee-a-son-arrivee-a-Rabat-les-enfants-seduits-par-son-charme.jpg","width":2560,"height":1429,"caption":"\u00e0 son arriv\u00e9e \u00e0 rabat, brigitte macron a \u00e9t\u00e9 chaleureusement ovationn\u00e9e, captivant les enfants par son charme et sa beaut\u00e9 naturelle."},{"@type":"BreadcrumbList","@id":"https:\/\/www.sebastien-auziere.fr\/blog\/it\/sei-troppo-bella-brigitte-macron-ovationata-al-suo-arrivo-a-rabat-i-bambini-affascinati-dal-suo-charme\/#breadcrumb","itemListElement":[{"@type":"ListItem","position":1,"name":"Home","item":"https:\/\/www.sebastien-auziere.fr\/blog\/"},{"@type":"ListItem","position":2,"name":"\u00ab Sei troppo bella \u00bb: Brigitte Macron ovationata al suo arrivo a Rabat, i bambini affascinati dal suo charme"}]},{"@type":"WebSite","@id":"https:\/\/www.sebastien-auziere.fr\/blog\/#website","url":"https:\/\/www.sebastien-auziere.fr\/blog\/","name":"Fan site S\u00e9bastien Auzi\u00e8re","description":"M\u00e9dia g\u00e9n\u00e9raliste","publisher":{"@id":"https:\/\/www.sebastien-auziere.fr\/blog\/#organization"},"potentialAction":[{"@type":"SearchAction","target":{"@type":"EntryPoint","urlTemplate":"https:\/\/www.sebastien-auziere.fr\/blog\/?s={search_term_string}"},"query-input":{"@type":"PropertyValueSpecification","valueRequired":true,"valueName":"search_term_string"}}],"inLanguage":"fr-FR"},{"@type":"Organization","@id":"https:\/\/www.sebastien-auziere.fr\/blog\/#organization","name":"Fan site S\u00e9bastien Auzi\u00e8re","url":"https:\/\/www.sebastien-auziere.fr\/blog\/","logo":{"@type":"ImageObject","inLanguage":"fr-FR","@id":"https:\/\/www.sebastien-auziere.fr\/blog\/#\/schema\/logo\/image\/","url":"https:\/\/www.sebastien-auziere.fr\/blog\/wp-content\/uploads\/2026\/03\/cropped-cropped-cropped-ChatGPT-Image-6-mars-2026-12_58_09-e1772798376794.jpg","contentUrl":"https:\/\/www.sebastien-auziere.fr\/blog\/wp-content\/uploads\/2026\/03\/cropped-cropped-cropped-ChatGPT-Image-6-mars-2026-12_58_09-e1772798376794.jpg","width":512,"height":360,"caption":"Fan site S\u00e9bastien Auzi\u00e8re"},"image":{"@id":"https:\/\/www.sebastien-auziere.fr\/blog\/#\/schema\/logo\/image\/"}},{"@type":"Person","@id":"https:\/\/www.sebastien-auziere.fr\/blog\/#\/schema\/person\/149f1acdbfd85149c6c3e59adeae2f4d","name":"Chloe Gauthier","image":{"@type":"ImageObject","inLanguage":"fr-FR","@id":"https:\/\/secure.gravatar.com\/avatar\/2c5722f58171cff738a8985ef0dd66b476e563753246a49019befc837ec4201a?s=96&d=mm&r=g","url":"https:\/\/secure.gravatar.com\/avatar\/2c5722f58171cff738a8985ef0dd66b476e563753246a49019befc837ec4201a?s=96&d=mm&r=g","contentUrl":"https:\/\/secure.gravatar.com\/avatar\/2c5722f58171cff738a8985ef0dd66b476e563753246a49019befc837ec4201a?s=96&d=mm&r=g","caption":"Chloe Gauthier"},"description":"Passionn\u00e9e par la politique et admiratrice engag\u00e9e de la famille Macron, je consacre mon \u00e9nergie \u00e0 suivre leurs initiatives et \u00e0 promouvoir leurs id\u00e9es. \u00c0 32 ans, je suis convaincue que leur vision est porteuse d'avenir.","url":"https:\/\/www.sebastien-auziere.fr\/blog\/author\/chloe-gauthier\/"}]}},"views":0,"_links":{"self":[{"href":"https:\/\/www.sebastien-auziere.fr\/blog\/wp-json\/wp\/v2\/posts\/3334","targetHints":{"allow":["GET"]}}],"collection":[{"href":"https:\/\/www.sebastien-auziere.fr\/blog\/wp-json\/wp\/v2\/posts"}],"about":[{"href":"https:\/\/www.sebastien-auziere.fr\/blog\/wp-json\/wp\/v2\/types\/post"}],"author":[{"embeddable":true,"href":"https:\/\/www.sebastien-auziere.fr\/blog\/wp-json\/wp\/v2\/users\/9"}],"replies":[{"embeddable":true,"href":"https:\/\/www.sebastien-auziere.fr\/blog\/wp-json\/wp\/v2\/comments?post=3334"}],"version-history":[{"count":1,"href":"https:\/\/www.sebastien-auziere.fr\/blog\/wp-json\/wp\/v2\/posts\/3334\/revisions"}],"predecessor-version":[{"id":3335,"href":"https:\/\/www.sebastien-auziere.fr\/blog\/wp-json\/wp\/v2\/posts\/3334\/revisions\/3335"}],"wp:featuredmedia":[{"embeddable":true,"href":"https:\/\/www.sebastien-auziere.fr\/blog\/wp-json\/wp\/v2\/media\/3326"}],"wp:attachment":[{"href":"https:\/\/www.sebastien-auziere.fr\/blog\/wp-json\/wp\/v2\/media?parent=3334"}],"wp:term":[{"taxonomy":"category","embeddable":true,"href":"https:\/\/www.sebastien-auziere.fr\/blog\/wp-json\/wp\/v2\/categories?post=3334"},{"taxonomy":"post_tag","embeddable":true,"href":"https:\/\/www.sebastien-auziere.fr\/blog\/wp-json\/wp\/v2\/tags?post=3334"}],"curies":[{"name":"wp","href":"https:\/\/api.w.org\/{rel}","templated":true}]}}