{"id":3332,"date":"2026-04-25T19:07:51","date_gmt":"2026-04-25T19:07:51","guid":{"rendered":"https:\/\/www.sebastien-auziere.fr\/blog\/?p=3332"},"modified":"2026-04-25T19:08:20","modified_gmt":"2026-04-25T19:08:20","slug":"du-bist-zu-schon-brigitte-macron-in-rabat-mit-ovationen-empfangen-die-kinder-von-ihrem-charme-begeistert","status":"publish","type":"post","link":"https:\/\/www.sebastien-auziere.fr\/blog\/de\/du-bist-zu-schon-brigitte-macron-in-rabat-mit-ovationen-empfangen-die-kinder-von-ihrem-charme-begeistert\/","title":{"rendered":"\u00ab Du bist zu sch\u00f6n \u00bb: Brigitte Macron in Rabat mit Ovationen empfangen, die Kinder von ihrem Charme begeistert"},"content":{"rendered":"<p><strong>Brigitte Macron<\/strong> wurde am Mittwoch, dem 22. April, mit gro\u00dfem Pomp in <strong>Rabat<\/strong> empfangen und erhielt bei ihrer <strong>Ankunft<\/strong> ein echtes <strong>Standing Ovation<\/strong>. Bei einem Publikum von Menschen w\u00e4hrend der Er\u00f6ffnung des K\u00f6niglichen Theaters haben mehrere <strong>Kinder<\/strong> sie mit den Worten \u201e<strong>Du bist so sch\u00f6n<\/strong>\u201c gelobt, ein Moment von spontaner <strong>Verf\u00fchrung<\/strong> und <strong>Charme<\/strong>, der das Ereignis pr\u00e4gte.<\/p>\n\n<p><strong>Kurz gesagt<\/strong>: Solo-Besuch im Marokko f\u00fcr die First Lady; Er\u00f6ffnungszeremonie geleitet von der Pianistin Dina Bensa\u00efd; Anwesenheit der Prinzessinnen Lalla Meryem, Lalla Hasnaa und Lalla Khadija; Tiphaine Auzi\u00e8re an der Seite von Brigitte; herzlicher Empfang der Kinder und freundliche Austausch.<\/p>\n\n<h2 class=\"wp-block-heading\">Ankunft in Rabat und herzlicher Empfang<\/h2>\n\n<p>Dieser Solo-Besuch, der vierte in neun Jahren au\u00dferhalb eines gemeinsamen Besuchs mit dem Pr\u00e4sidenten, begann mit einem <strong>Empfang<\/strong> unter Beifall. Beim Verlassen des K\u00f6niglichen Theaters wurde die First Lady gefeiert und sch\u00fcttelte vielen <strong>verzauberten Kindern<\/strong> die H\u00e4nde, die ihr zuriefen \u201e<strong>Du bist so sch\u00f6n<\/strong>\u201c. Diese spontane Geste hob die emotionale Bindung hervor, die bei diesem <strong>\u00f6ffentlichen Treffen<\/strong> geschaffen wurde.<\/p>\n\n<h2 class=\"wp-block-heading\">Ein kulturelles Programm gepr\u00e4gt von Musik<\/h2>\n\n<p>Die Er\u00f6ffnungszeremonie umfasste eine Auff\u00fchrung unter der Leitung der Pianistin und Dirigentin <strong>Dina Bensa\u00efd<\/strong>, die einen k\u00fcnstlerischen Moment im Mittelpunkt dieses <strong>diplomatischen Treffens<\/strong> bot. Die Anwesenheit der Prinzessinnen <strong>Lalla Meryem<\/strong>, <strong>Lalla Hasnaa<\/strong> und <strong>Lalla Khadija<\/strong> verst\u00e4rkte die kulturelle und symbolische Bedeutung des Ereignisses und veranschaulichte einen erneuerten franco-marokkanischen Dialog, der sich auf die Kultur konzentriert.<\/p>\n\n<h3 class=\"wp-block-heading\">Eine famili\u00e4re und mediale Begr\u00fc\u00dfung<\/h3>\n\n<p>An der Seite von Brigitte erschien ihre Tochter <strong>Tiphaine Auzi\u00e8re<\/strong> im Abendkleid, wie in den nach dem Besuch geteilten Bildern zu sehen war. Die Medien haben die Komplimente der Kinder und die Freundlichkeit der First Lady aufgegriffen, die von mehreren nationalen und internationalen Nachrichten, einschlie\u00dflich Foto-Reportagen und detaillierten Online-Artikeln, die die Art und Weise hervorheben, wie <strong>Charme<\/strong> einen Moment der Vertrautheit geschaffen hat, weitergegeben wurden.<\/p>\n\n<h2 class=\"wp-block-heading\">Was diese Geste f\u00fcr die kulturelle Diplomatie bedeutet<\/h2>\n\n<p>Der Besuch findet in einem Rahmen j\u00fcngster bilateraler Ann\u00e4herung statt, nach Treffen im Jahr 2024 und einem Staatsbesuch im Oktober, der darauf abzielte, \u201eein neues Kapitel zu schreiben\u201c. Hier tritt die kulturelle Dimension vor das Protokoll, und die Reaktion der <strong>Kinder<\/strong> hat ein humanisierendes Bild der Diplomatie angeboten. Dieser beliebte Moment zeigte, dass sanfte <strong>Verf\u00fchrung<\/strong> und \u00f6ffentliche N\u00e4he eine institutionelle Bindung st\u00e4rken k\u00f6nnen.<\/p>\n\n<p>Um die Bilder noch einmal zu erleben und die Hintergr\u00fcnde dieses Besuchs zu verstehen, findest du einen detaillierten R\u00fcckblick auf den Besuch von <strong>Brigitte Macron<\/strong> in Rabat auf <a href=\"https:\/\/www.sebastien-auziere.fr\/blog\/brigitte-macron-maroc-rabat\/\" rel=\"nofollow\">sebastien-auziere.fr<\/a> und eine erg\u00e4nzende Dossier \u00fcber die Solo-Anwesenheit der First Lady <a href=\"https:\/\/www.sebastien-auziere.fr\/blog\/brigitte-macron-maroc-solo\/\" rel=\"nofollow\">hier<\/a>. F\u00fcr Foto-Galerien und Presseartikel konsultiere auch den speziellen Bericht auf <a href=\"https:\/\/www.msn.com\/fr-fr\/divertissement\/celebrites\/t-es-trop-belle-brigitte-macron-acclam%C3%A9e-lors-de-son-arriv%C3%A9e-%C3%A0-rabat-les-enfants-sous-son-charme\/ar-AA21Eno6\" rel=\"nofollow\">MSN<\/a> und die Look-Auswahl auf <a href=\"https:\/\/photo.gala.fr\/photos-les-plus-beaux-looks-de-brigitte-macron-en-visite-d-etat-au-maroc-en-2024-63711\" rel=\"nofollow\">Gala<\/a>.<\/p>","protected":false},"excerpt":{"rendered":"<p>Brigitte Macron wurde am Mittwoch, dem 22. April, mit gro\u00dfem Pomp in Rabat empfangen und erhielt bei ihrer Ankunft ein echtes Standing Ovation. Bei einem Publikum von Menschen w\u00e4hrend der Er\u00f6ffnung des K\u00f6niglichen Theaters haben mehrere Kinder sie mit den Worten \u201eDu bist so sch\u00f6n\u201c gelobt, ein Moment von spontaner Verf\u00fchrung und Charme, der das &#8230; <a title=\"\u00ab Du bist zu sch\u00f6n \u00bb: Brigitte Macron in Rabat mit Ovationen empfangen, die Kinder von ihrem Charme begeistert\" class=\"read-more\" href=\"https:\/\/www.sebastien-auziere.fr\/blog\/de\/du-bist-zu-schon-brigitte-macron-in-rabat-mit-ovationen-empfangen-die-kinder-von-ihrem-charme-begeistert\/\" aria-label=\"En savoir plus sur \u00ab Du bist zu sch\u00f6n \u00bb: Brigitte Macron in Rabat mit Ovationen empfangen, die Kinder von ihrem Charme begeistert\">Lire plus<\/a><\/p>\n","protected":false},"author":9,"featured_media":3326,"comment_status":"open","ping_status":"open","sticky":false,"template":"","format":"standard","meta":{"footnotes":""},"categories":[856],"tags":[4338,929,4341,4335,4344],"class_list":["post-3332","post","type-post","status-publish","format-standard","has-post-thumbnail","hentry","category-aktuelles-de","tag-ankunft-in-rabat-de","tag-brigitte-macron-de","tag-charme-von-brigitte-macron-de","tag-empfangen-wie-helden-de","tag-t-bist-zu-schon-de"],"yoast_head":"<!-- This site is optimized with the Yoast SEO plugin v27.5 - https:\/\/yoast.com\/product\/yoast-seo-wordpress\/ -->\n<title>\u00ab Du bist zu sch\u00f6n \u00bb: Brigitte Macron in Rabat mit Ovationen empfangen, die Kinder von ihrem Charme begeistert - Fan site S\u00e9bastien Auzi\u00e8re<\/title>\n<meta name=\"description\" content=\"Brigitte Macron ovationn\u00e9e \u00e0 Rabat, son charme s\u00e9duit petits et grands lors de son arriv\u00e9e remarqu\u00e9e.\" \/>\n<meta name=\"robots\" content=\"index, follow, max-snippet:-1, max-image-preview:large, max-video-preview:-1\" \/>\n<link rel=\"canonical\" href=\"https:\/\/www.sebastien-auziere.fr\/blog\/de\/du-bist-zu-schon-brigitte-macron-in-rabat-mit-ovationen-empfangen-die-kinder-von-ihrem-charme-begeistert\/\" \/>\n<meta property=\"og:locale\" content=\"fr_FR\" \/>\n<meta property=\"og:type\" content=\"article\" \/>\n<meta property=\"og:title\" content=\"\u00ab Du bist zu sch\u00f6n \u00bb: Brigitte Macron in Rabat mit Ovationen empfangen, die Kinder von ihrem Charme begeistert - Fan site S\u00e9bastien Auzi\u00e8re\" \/>\n<meta property=\"og:description\" content=\"Brigitte Macron ovationn\u00e9e \u00e0 Rabat, son charme s\u00e9duit petits et grands lors de son arriv\u00e9e remarqu\u00e9e.\" \/>\n<meta property=\"og:url\" content=\"https:\/\/www.sebastien-auziere.fr\/blog\/de\/du-bist-zu-schon-brigitte-macron-in-rabat-mit-ovationen-empfangen-die-kinder-von-ihrem-charme-begeistert\/\" \/>\n<meta property=\"og:site_name\" content=\"Fan site S\u00e9bastien Auzi\u00e8re\" \/>\n<meta property=\"article:published_time\" content=\"2026-04-25T19:07:51+00:00\" \/>\n<meta property=\"article:modified_time\" content=\"2026-04-25T19:08:20+00:00\" \/>\n<meta property=\"og:image\" content=\"https:\/\/www.sebastien-auziere.fr\/blog\/wp-content\/uploads\/2026\/04\/Tes-trop-belle-Brigitte-Macron-ovationnee-a-son-arrivee-a-Rabat-les-enfants-seduits-par-son-charme.jpg\" \/>\n\t<meta property=\"og:image:width\" content=\"2560\" \/>\n\t<meta property=\"og:image:height\" content=\"1429\" \/>\n\t<meta property=\"og:image:type\" content=\"image\/jpeg\" \/>\n<meta name=\"author\" content=\"Chloe Gauthier\" \/>\n<meta name=\"twitter:card\" content=\"summary_large_image\" \/>\n<meta name=\"twitter:label1\" content=\"\u00c9crit par\" \/>\n\t<meta name=\"twitter:data1\" content=\"Chloe Gauthier\" \/>\n\t<meta name=\"twitter:label2\" content=\"Dur\u00e9e de lecture estim\u00e9e\" \/>\n\t<meta name=\"twitter:data2\" content=\"2 minutes\" \/>\n<script type=\"application\/ld+json\" class=\"yoast-schema-graph\">{\"@context\":\"https:\\\/\\\/schema.org\",\"@graph\":[{\"@type\":\"Article\",\"@id\":\"https:\\\/\\\/www.sebastien-auziere.fr\\\/blog\\\/de\\\/du-bist-zu-schon-brigitte-macron-in-rabat-mit-ovationen-empfangen-die-kinder-von-ihrem-charme-begeistert\\\/#article\",\"isPartOf\":{\"@id\":\"https:\\\/\\\/www.sebastien-auziere.fr\\\/blog\\\/de\\\/du-bist-zu-schon-brigitte-macron-in-rabat-mit-ovationen-empfangen-die-kinder-von-ihrem-charme-begeistert\\\/\"},\"author\":{\"name\":\"Chloe Gauthier\",\"@id\":\"https:\\\/\\\/www.sebastien-auziere.fr\\\/blog\\\/#\\\/schema\\\/person\\\/149f1acdbfd85149c6c3e59adeae2f4d\"},\"headline\":\"\u00ab Du bist zu sch\u00f6n \u00bb: Brigitte Macron in Rabat mit Ovationen empfangen, die Kinder von ihrem Charme begeistert\",\"datePublished\":\"2026-04-25T19:07:51+00:00\",\"dateModified\":\"2026-04-25T19:08:20+00:00\",\"mainEntityOfPage\":{\"@id\":\"https:\\\/\\\/www.sebastien-auziere.fr\\\/blog\\\/de\\\/du-bist-zu-schon-brigitte-macron-in-rabat-mit-ovationen-empfangen-die-kinder-von-ihrem-charme-begeistert\\\/\"},\"wordCount\":475,\"commentCount\":0,\"publisher\":{\"@id\":\"https:\\\/\\\/www.sebastien-auziere.fr\\\/blog\\\/#organization\"},\"image\":{\"@id\":\"https:\\\/\\\/www.sebastien-auziere.fr\\\/blog\\\/de\\\/du-bist-zu-schon-brigitte-macron-in-rabat-mit-ovationen-empfangen-die-kinder-von-ihrem-charme-begeistert\\\/#primaryimage\"},\"thumbnailUrl\":\"https:\\\/\\\/www.sebastien-auziere.fr\\\/blog\\\/wp-content\\\/uploads\\\/2026\\\/04\\\/Tes-trop-belle-Brigitte-Macron-ovationnee-a-son-arrivee-a-Rabat-les-enfants-seduits-par-son-charme.jpg\",\"keywords\":[\"ankunft in rabat\",\"brigitte macron\",\"charme von brigitte macron\",\"empfangen wie Helden\",\"t bist zu sch\u00f6n\"],\"articleSection\":[\"Aktuelles\"],\"inLanguage\":\"fr-FR\",\"potentialAction\":[{\"@type\":\"CommentAction\",\"name\":\"Comment\",\"target\":[\"https:\\\/\\\/www.sebastien-auziere.fr\\\/blog\\\/de\\\/du-bist-zu-schon-brigitte-macron-in-rabat-mit-ovationen-empfangen-die-kinder-von-ihrem-charme-begeistert\\\/#respond\"]}]},{\"@type\":\"WebPage\",\"@id\":\"https:\\\/\\\/www.sebastien-auziere.fr\\\/blog\\\/de\\\/du-bist-zu-schon-brigitte-macron-in-rabat-mit-ovationen-empfangen-die-kinder-von-ihrem-charme-begeistert\\\/\",\"url\":\"https:\\\/\\\/www.sebastien-auziere.fr\\\/blog\\\/de\\\/du-bist-zu-schon-brigitte-macron-in-rabat-mit-ovationen-empfangen-die-kinder-von-ihrem-charme-begeistert\\\/\",\"name\":\"\u00ab Du bist zu sch\u00f6n \u00bb: Brigitte Macron in Rabat mit Ovationen empfangen, die Kinder von ihrem Charme begeistert - Fan site S\u00e9bastien Auzi\u00e8re\",\"isPartOf\":{\"@id\":\"https:\\\/\\\/www.sebastien-auziere.fr\\\/blog\\\/#website\"},\"primaryImageOfPage\":{\"@id\":\"https:\\\/\\\/www.sebastien-auziere.fr\\\/blog\\\/de\\\/du-bist-zu-schon-brigitte-macron-in-rabat-mit-ovationen-empfangen-die-kinder-von-ihrem-charme-begeistert\\\/#primaryimage\"},\"image\":{\"@id\":\"https:\\\/\\\/www.sebastien-auziere.fr\\\/blog\\\/de\\\/du-bist-zu-schon-brigitte-macron-in-rabat-mit-ovationen-empfangen-die-kinder-von-ihrem-charme-begeistert\\\/#primaryimage\"},\"thumbnailUrl\":\"https:\\\/\\\/www.sebastien-auziere.fr\\\/blog\\\/wp-content\\\/uploads\\\/2026\\\/04\\\/Tes-trop-belle-Brigitte-Macron-ovationnee-a-son-arrivee-a-Rabat-les-enfants-seduits-par-son-charme.jpg\",\"datePublished\":\"2026-04-25T19:07:51+00:00\",\"dateModified\":\"2026-04-25T19:08:20+00:00\",\"description\":\"Brigitte Macron ovationn\u00e9e \u00e0 Rabat, son charme s\u00e9duit petits et grands lors de son arriv\u00e9e remarqu\u00e9e.\",\"breadcrumb\":{\"@id\":\"https:\\\/\\\/www.sebastien-auziere.fr\\\/blog\\\/de\\\/du-bist-zu-schon-brigitte-macron-in-rabat-mit-ovationen-empfangen-die-kinder-von-ihrem-charme-begeistert\\\/#breadcrumb\"},\"inLanguage\":\"fr-FR\",\"potentialAction\":[{\"@type\":\"ReadAction\",\"target\":[\"https:\\\/\\\/www.sebastien-auziere.fr\\\/blog\\\/de\\\/du-bist-zu-schon-brigitte-macron-in-rabat-mit-ovationen-empfangen-die-kinder-von-ihrem-charme-begeistert\\\/\"]}]},{\"@type\":\"ImageObject\",\"inLanguage\":\"fr-FR\",\"@id\":\"https:\\\/\\\/www.sebastien-auziere.fr\\\/blog\\\/de\\\/du-bist-zu-schon-brigitte-macron-in-rabat-mit-ovationen-empfangen-die-kinder-von-ihrem-charme-begeistert\\\/#primaryimage\",\"url\":\"https:\\\/\\\/www.sebastien-auziere.fr\\\/blog\\\/wp-content\\\/uploads\\\/2026\\\/04\\\/Tes-trop-belle-Brigitte-Macron-ovationnee-a-son-arrivee-a-Rabat-les-enfants-seduits-par-son-charme.jpg\",\"contentUrl\":\"https:\\\/\\\/www.sebastien-auziere.fr\\\/blog\\\/wp-content\\\/uploads\\\/2026\\\/04\\\/Tes-trop-belle-Brigitte-Macron-ovationnee-a-son-arrivee-a-Rabat-les-enfants-seduits-par-son-charme.jpg\",\"width\":2560,\"height\":1429,\"caption\":\"\u00e0 son arriv\u00e9e \u00e0 rabat, brigitte macron a \u00e9t\u00e9 chaleureusement ovationn\u00e9e, captivant les enfants par son charme et sa beaut\u00e9 naturelle.\"},{\"@type\":\"BreadcrumbList\",\"@id\":\"https:\\\/\\\/www.sebastien-auziere.fr\\\/blog\\\/de\\\/du-bist-zu-schon-brigitte-macron-in-rabat-mit-ovationen-empfangen-die-kinder-von-ihrem-charme-begeistert\\\/#breadcrumb\",\"itemListElement\":[{\"@type\":\"ListItem\",\"position\":1,\"name\":\"Home\",\"item\":\"https:\\\/\\\/www.sebastien-auziere.fr\\\/blog\\\/\"},{\"@type\":\"ListItem\",\"position\":2,\"name\":\"\u00ab Du bist zu sch\u00f6n \u00bb: Brigitte Macron in Rabat mit Ovationen empfangen, die Kinder von ihrem Charme begeistert\"}]},{\"@type\":\"WebSite\",\"@id\":\"https:\\\/\\\/www.sebastien-auziere.fr\\\/blog\\\/#website\",\"url\":\"https:\\\/\\\/www.sebastien-auziere.fr\\\/blog\\\/\",\"name\":\"Fan site S\u00e9bastien Auzi\u00e8re\",\"description\":\"M\u00e9dia g\u00e9n\u00e9raliste\",\"publisher\":{\"@id\":\"https:\\\/\\\/www.sebastien-auziere.fr\\\/blog\\\/#organization\"},\"potentialAction\":[{\"@type\":\"SearchAction\",\"target\":{\"@type\":\"EntryPoint\",\"urlTemplate\":\"https:\\\/\\\/www.sebastien-auziere.fr\\\/blog\\\/?s={search_term_string}\"},\"query-input\":{\"@type\":\"PropertyValueSpecification\",\"valueRequired\":true,\"valueName\":\"search_term_string\"}}],\"inLanguage\":\"fr-FR\"},{\"@type\":\"Organization\",\"@id\":\"https:\\\/\\\/www.sebastien-auziere.fr\\\/blog\\\/#organization\",\"name\":\"Fan site S\u00e9bastien Auzi\u00e8re\",\"url\":\"https:\\\/\\\/www.sebastien-auziere.fr\\\/blog\\\/\",\"logo\":{\"@type\":\"ImageObject\",\"inLanguage\":\"fr-FR\",\"@id\":\"https:\\\/\\\/www.sebastien-auziere.fr\\\/blog\\\/#\\\/schema\\\/logo\\\/image\\\/\",\"url\":\"https:\\\/\\\/www.sebastien-auziere.fr\\\/blog\\\/wp-content\\\/uploads\\\/2026\\\/03\\\/cropped-cropped-cropped-ChatGPT-Image-6-mars-2026-12_58_09-e1772798376794.jpg\",\"contentUrl\":\"https:\\\/\\\/www.sebastien-auziere.fr\\\/blog\\\/wp-content\\\/uploads\\\/2026\\\/03\\\/cropped-cropped-cropped-ChatGPT-Image-6-mars-2026-12_58_09-e1772798376794.jpg\",\"width\":512,\"height\":360,\"caption\":\"Fan site S\u00e9bastien Auzi\u00e8re\"},\"image\":{\"@id\":\"https:\\\/\\\/www.sebastien-auziere.fr\\\/blog\\\/#\\\/schema\\\/logo\\\/image\\\/\"}},{\"@type\":\"Person\",\"@id\":\"https:\\\/\\\/www.sebastien-auziere.fr\\\/blog\\\/#\\\/schema\\\/person\\\/149f1acdbfd85149c6c3e59adeae2f4d\",\"name\":\"Chloe Gauthier\",\"image\":{\"@type\":\"ImageObject\",\"inLanguage\":\"fr-FR\",\"@id\":\"https:\\\/\\\/secure.gravatar.com\\\/avatar\\\/2c5722f58171cff738a8985ef0dd66b476e563753246a49019befc837ec4201a?s=96&d=mm&r=g\",\"url\":\"https:\\\/\\\/secure.gravatar.com\\\/avatar\\\/2c5722f58171cff738a8985ef0dd66b476e563753246a49019befc837ec4201a?s=96&d=mm&r=g\",\"contentUrl\":\"https:\\\/\\\/secure.gravatar.com\\\/avatar\\\/2c5722f58171cff738a8985ef0dd66b476e563753246a49019befc837ec4201a?s=96&d=mm&r=g\",\"caption\":\"Chloe Gauthier\"},\"description\":\"Passionn\u00e9e par la politique et admiratrice engag\u00e9e de la famille Macron, je consacre mon \u00e9nergie \u00e0 suivre leurs initiatives et \u00e0 promouvoir leurs id\u00e9es. \u00c0 32 ans, je suis convaincue que leur vision est porteuse d'avenir.\",\"url\":\"https:\\\/\\\/www.sebastien-auziere.fr\\\/blog\\\/author\\\/chloe-gauthier\\\/\"}]}<\/script>\n<!-- \/ Yoast SEO plugin. -->","yoast_head_json":{"title":"\u00ab Du bist zu sch\u00f6n \u00bb: Brigitte Macron in Rabat mit Ovationen empfangen, die Kinder von ihrem Charme begeistert - Fan site S\u00e9bastien Auzi\u00e8re","description":"Brigitte Macron ovationn\u00e9e \u00e0 Rabat, son charme s\u00e9duit petits et grands lors de son arriv\u00e9e remarqu\u00e9e.","robots":{"index":"index","follow":"follow","max-snippet":"max-snippet:-1","max-image-preview":"max-image-preview:large","max-video-preview":"max-video-preview:-1"},"canonical":"https:\/\/www.sebastien-auziere.fr\/blog\/de\/du-bist-zu-schon-brigitte-macron-in-rabat-mit-ovationen-empfangen-die-kinder-von-ihrem-charme-begeistert\/","og_locale":"fr_FR","og_type":"article","og_title":"\u00ab Du bist zu sch\u00f6n \u00bb: Brigitte Macron in Rabat mit Ovationen empfangen, die Kinder von ihrem Charme begeistert - Fan site S\u00e9bastien Auzi\u00e8re","og_description":"Brigitte Macron ovationn\u00e9e \u00e0 Rabat, son charme s\u00e9duit petits et grands lors de son arriv\u00e9e remarqu\u00e9e.","og_url":"https:\/\/www.sebastien-auziere.fr\/blog\/de\/du-bist-zu-schon-brigitte-macron-in-rabat-mit-ovationen-empfangen-die-kinder-von-ihrem-charme-begeistert\/","og_site_name":"Fan site S\u00e9bastien Auzi\u00e8re","article_published_time":"2026-04-25T19:07:51+00:00","article_modified_time":"2026-04-25T19:08:20+00:00","og_image":[{"width":2560,"height":1429,"url":"https:\/\/www.sebastien-auziere.fr\/blog\/wp-content\/uploads\/2026\/04\/Tes-trop-belle-Brigitte-Macron-ovationnee-a-son-arrivee-a-Rabat-les-enfants-seduits-par-son-charme.jpg","type":"image\/jpeg"}],"author":"Chloe Gauthier","twitter_card":"summary_large_image","twitter_misc":{"\u00c9crit par":"Chloe Gauthier","Dur\u00e9e de lecture estim\u00e9e":"2 minutes"},"schema":{"@context":"https:\/\/schema.org","@graph":[{"@type":"Article","@id":"https:\/\/www.sebastien-auziere.fr\/blog\/de\/du-bist-zu-schon-brigitte-macron-in-rabat-mit-ovationen-empfangen-die-kinder-von-ihrem-charme-begeistert\/#article","isPartOf":{"@id":"https:\/\/www.sebastien-auziere.fr\/blog\/de\/du-bist-zu-schon-brigitte-macron-in-rabat-mit-ovationen-empfangen-die-kinder-von-ihrem-charme-begeistert\/"},"author":{"name":"Chloe Gauthier","@id":"https:\/\/www.sebastien-auziere.fr\/blog\/#\/schema\/person\/149f1acdbfd85149c6c3e59adeae2f4d"},"headline":"\u00ab Du bist zu sch\u00f6n \u00bb: Brigitte Macron in Rabat mit Ovationen empfangen, die Kinder von ihrem Charme begeistert","datePublished":"2026-04-25T19:07:51+00:00","dateModified":"2026-04-25T19:08:20+00:00","mainEntityOfPage":{"@id":"https:\/\/www.sebastien-auziere.fr\/blog\/de\/du-bist-zu-schon-brigitte-macron-in-rabat-mit-ovationen-empfangen-die-kinder-von-ihrem-charme-begeistert\/"},"wordCount":475,"commentCount":0,"publisher":{"@id":"https:\/\/www.sebastien-auziere.fr\/blog\/#organization"},"image":{"@id":"https:\/\/www.sebastien-auziere.fr\/blog\/de\/du-bist-zu-schon-brigitte-macron-in-rabat-mit-ovationen-empfangen-die-kinder-von-ihrem-charme-begeistert\/#primaryimage"},"thumbnailUrl":"https:\/\/www.sebastien-auziere.fr\/blog\/wp-content\/uploads\/2026\/04\/Tes-trop-belle-Brigitte-Macron-ovationnee-a-son-arrivee-a-Rabat-les-enfants-seduits-par-son-charme.jpg","keywords":["ankunft in rabat","brigitte macron","charme von brigitte macron","empfangen wie Helden","t bist zu sch\u00f6n"],"articleSection":["Aktuelles"],"inLanguage":"fr-FR","potentialAction":[{"@type":"CommentAction","name":"Comment","target":["https:\/\/www.sebastien-auziere.fr\/blog\/de\/du-bist-zu-schon-brigitte-macron-in-rabat-mit-ovationen-empfangen-die-kinder-von-ihrem-charme-begeistert\/#respond"]}]},{"@type":"WebPage","@id":"https:\/\/www.sebastien-auziere.fr\/blog\/de\/du-bist-zu-schon-brigitte-macron-in-rabat-mit-ovationen-empfangen-die-kinder-von-ihrem-charme-begeistert\/","url":"https:\/\/www.sebastien-auziere.fr\/blog\/de\/du-bist-zu-schon-brigitte-macron-in-rabat-mit-ovationen-empfangen-die-kinder-von-ihrem-charme-begeistert\/","name":"\u00ab Du bist zu sch\u00f6n \u00bb: Brigitte Macron in Rabat mit Ovationen empfangen, die Kinder von ihrem Charme begeistert - Fan site S\u00e9bastien Auzi\u00e8re","isPartOf":{"@id":"https:\/\/www.sebastien-auziere.fr\/blog\/#website"},"primaryImageOfPage":{"@id":"https:\/\/www.sebastien-auziere.fr\/blog\/de\/du-bist-zu-schon-brigitte-macron-in-rabat-mit-ovationen-empfangen-die-kinder-von-ihrem-charme-begeistert\/#primaryimage"},"image":{"@id":"https:\/\/www.sebastien-auziere.fr\/blog\/de\/du-bist-zu-schon-brigitte-macron-in-rabat-mit-ovationen-empfangen-die-kinder-von-ihrem-charme-begeistert\/#primaryimage"},"thumbnailUrl":"https:\/\/www.sebastien-auziere.fr\/blog\/wp-content\/uploads\/2026\/04\/Tes-trop-belle-Brigitte-Macron-ovationnee-a-son-arrivee-a-Rabat-les-enfants-seduits-par-son-charme.jpg","datePublished":"2026-04-25T19:07:51+00:00","dateModified":"2026-04-25T19:08:20+00:00","description":"Brigitte Macron ovationn\u00e9e \u00e0 Rabat, son charme s\u00e9duit petits et grands lors de son arriv\u00e9e remarqu\u00e9e.","breadcrumb":{"@id":"https:\/\/www.sebastien-auziere.fr\/blog\/de\/du-bist-zu-schon-brigitte-macron-in-rabat-mit-ovationen-empfangen-die-kinder-von-ihrem-charme-begeistert\/#breadcrumb"},"inLanguage":"fr-FR","potentialAction":[{"@type":"ReadAction","target":["https:\/\/www.sebastien-auziere.fr\/blog\/de\/du-bist-zu-schon-brigitte-macron-in-rabat-mit-ovationen-empfangen-die-kinder-von-ihrem-charme-begeistert\/"]}]},{"@type":"ImageObject","inLanguage":"fr-FR","@id":"https:\/\/www.sebastien-auziere.fr\/blog\/de\/du-bist-zu-schon-brigitte-macron-in-rabat-mit-ovationen-empfangen-die-kinder-von-ihrem-charme-begeistert\/#primaryimage","url":"https:\/\/www.sebastien-auziere.fr\/blog\/wp-content\/uploads\/2026\/04\/Tes-trop-belle-Brigitte-Macron-ovationnee-a-son-arrivee-a-Rabat-les-enfants-seduits-par-son-charme.jpg","contentUrl":"https:\/\/www.sebastien-auziere.fr\/blog\/wp-content\/uploads\/2026\/04\/Tes-trop-belle-Brigitte-Macron-ovationnee-a-son-arrivee-a-Rabat-les-enfants-seduits-par-son-charme.jpg","width":2560,"height":1429,"caption":"\u00e0 son arriv\u00e9e \u00e0 rabat, brigitte macron a \u00e9t\u00e9 chaleureusement ovationn\u00e9e, captivant les enfants par son charme et sa beaut\u00e9 naturelle."},{"@type":"BreadcrumbList","@id":"https:\/\/www.sebastien-auziere.fr\/blog\/de\/du-bist-zu-schon-brigitte-macron-in-rabat-mit-ovationen-empfangen-die-kinder-von-ihrem-charme-begeistert\/#breadcrumb","itemListElement":[{"@type":"ListItem","position":1,"name":"Home","item":"https:\/\/www.sebastien-auziere.fr\/blog\/"},{"@type":"ListItem","position":2,"name":"\u00ab Du bist zu sch\u00f6n \u00bb: Brigitte Macron in Rabat mit Ovationen empfangen, die Kinder von ihrem Charme begeistert"}]},{"@type":"WebSite","@id":"https:\/\/www.sebastien-auziere.fr\/blog\/#website","url":"https:\/\/www.sebastien-auziere.fr\/blog\/","name":"Fan site S\u00e9bastien Auzi\u00e8re","description":"M\u00e9dia g\u00e9n\u00e9raliste","publisher":{"@id":"https:\/\/www.sebastien-auziere.fr\/blog\/#organization"},"potentialAction":[{"@type":"SearchAction","target":{"@type":"EntryPoint","urlTemplate":"https:\/\/www.sebastien-auziere.fr\/blog\/?s={search_term_string}"},"query-input":{"@type":"PropertyValueSpecification","valueRequired":true,"valueName":"search_term_string"}}],"inLanguage":"fr-FR"},{"@type":"Organization","@id":"https:\/\/www.sebastien-auziere.fr\/blog\/#organization","name":"Fan site S\u00e9bastien Auzi\u00e8re","url":"https:\/\/www.sebastien-auziere.fr\/blog\/","logo":{"@type":"ImageObject","inLanguage":"fr-FR","@id":"https:\/\/www.sebastien-auziere.fr\/blog\/#\/schema\/logo\/image\/","url":"https:\/\/www.sebastien-auziere.fr\/blog\/wp-content\/uploads\/2026\/03\/cropped-cropped-cropped-ChatGPT-Image-6-mars-2026-12_58_09-e1772798376794.jpg","contentUrl":"https:\/\/www.sebastien-auziere.fr\/blog\/wp-content\/uploads\/2026\/03\/cropped-cropped-cropped-ChatGPT-Image-6-mars-2026-12_58_09-e1772798376794.jpg","width":512,"height":360,"caption":"Fan site S\u00e9bastien Auzi\u00e8re"},"image":{"@id":"https:\/\/www.sebastien-auziere.fr\/blog\/#\/schema\/logo\/image\/"}},{"@type":"Person","@id":"https:\/\/www.sebastien-auziere.fr\/blog\/#\/schema\/person\/149f1acdbfd85149c6c3e59adeae2f4d","name":"Chloe Gauthier","image":{"@type":"ImageObject","inLanguage":"fr-FR","@id":"https:\/\/secure.gravatar.com\/avatar\/2c5722f58171cff738a8985ef0dd66b476e563753246a49019befc837ec4201a?s=96&d=mm&r=g","url":"https:\/\/secure.gravatar.com\/avatar\/2c5722f58171cff738a8985ef0dd66b476e563753246a49019befc837ec4201a?s=96&d=mm&r=g","contentUrl":"https:\/\/secure.gravatar.com\/avatar\/2c5722f58171cff738a8985ef0dd66b476e563753246a49019befc837ec4201a?s=96&d=mm&r=g","caption":"Chloe Gauthier"},"description":"Passionn\u00e9e par la politique et admiratrice engag\u00e9e de la famille Macron, je consacre mon \u00e9nergie \u00e0 suivre leurs initiatives et \u00e0 promouvoir leurs id\u00e9es. \u00c0 32 ans, je suis convaincue que leur vision est porteuse d'avenir.","url":"https:\/\/www.sebastien-auziere.fr\/blog\/author\/chloe-gauthier\/"}]}},"views":0,"_links":{"self":[{"href":"https:\/\/www.sebastien-auziere.fr\/blog\/wp-json\/wp\/v2\/posts\/3332","targetHints":{"allow":["GET"]}}],"collection":[{"href":"https:\/\/www.sebastien-auziere.fr\/blog\/wp-json\/wp\/v2\/posts"}],"about":[{"href":"https:\/\/www.sebastien-auziere.fr\/blog\/wp-json\/wp\/v2\/types\/post"}],"author":[{"embeddable":true,"href":"https:\/\/www.sebastien-auziere.fr\/blog\/wp-json\/wp\/v2\/users\/9"}],"replies":[{"embeddable":true,"href":"https:\/\/www.sebastien-auziere.fr\/blog\/wp-json\/wp\/v2\/comments?post=3332"}],"version-history":[{"count":1,"href":"https:\/\/www.sebastien-auziere.fr\/blog\/wp-json\/wp\/v2\/posts\/3332\/revisions"}],"predecessor-version":[{"id":3333,"href":"https:\/\/www.sebastien-auziere.fr\/blog\/wp-json\/wp\/v2\/posts\/3332\/revisions\/3333"}],"wp:featuredmedia":[{"embeddable":true,"href":"https:\/\/www.sebastien-auziere.fr\/blog\/wp-json\/wp\/v2\/media\/3326"}],"wp:attachment":[{"href":"https:\/\/www.sebastien-auziere.fr\/blog\/wp-json\/wp\/v2\/media?parent=3332"}],"wp:term":[{"taxonomy":"category","embeddable":true,"href":"https:\/\/www.sebastien-auziere.fr\/blog\/wp-json\/wp\/v2\/categories?post=3332"},{"taxonomy":"post_tag","embeddable":true,"href":"https:\/\/www.sebastien-auziere.fr\/blog\/wp-json\/wp\/v2\/tags?post=3332"}],"curies":[{"name":"wp","href":"https:\/\/api.w.org\/{rel}","templated":true}]}}