{"id":3330,"date":"2026-04-25T19:07:10","date_gmt":"2026-04-25T19:07:10","guid":{"rendered":"https:\/\/www.sebastien-auziere.fr\/blog\/?p=3330"},"modified":"2026-04-25T19:07:37","modified_gmt":"2026-04-25T19:07:37","slug":"eres-demasiado-bella-brigitte-macron-ovacionada-a-su-llegada-a-rabat-los-ninos-cautivados-por-su-encanto","status":"publish","type":"post","link":"https:\/\/www.sebastien-auziere.fr\/blog\/es\/eres-demasiado-bella-brigitte-macron-ovacionada-a-su-llegada-a-rabat-los-ninos-cautivados-por-su-encanto\/","title":{"rendered":"\u00ab Eres demasiado bella \u00bb: Brigitte Macron ovacionada a su llegada a Rabat, los ni\u00f1os cautivados por su encanto"},"content":{"rendered":"<p><strong>Brigitte Macron<\/strong> fue recibida con gran pompa en <strong>Rabat<\/strong> este mi\u00e9rcoles 22 de abril, recibiendo una verdadera <strong>ovaci\u00f3n<\/strong> desde su <strong>llegada<\/strong>. Durante un ba\u00f1o de multitudes en la inauguraci\u00f3n del Teatro Real, varios <strong>ni\u00f1os<\/strong> la elogiaron gritando \u00ab<strong>Eres muy bonita<\/strong>\u00bb, un momento de <strong>seducci\u00f3n<\/strong> y <strong>encanto<\/strong> espont\u00e1neo que marc\u00f3 el evento.<\/p>\n\n<p><strong>En resumen<\/strong>: visita en solitario a Marruecos para la Primera Dama; ceremonia de apertura dirigida por la pianista Dina Bensa\u00efd; presencia de las princesas Lalla Meryem, Lalla Hasnaa y Lalla Khadija; Tiphaine Auzi\u00e8re junto a Brigitte; c\u00e1lida acogida de los ni\u00f1os y intercambios amables.<\/p>\n\n<h2 class=\"wp-block-heading\">Llegada a Rabat y c\u00e1lido ba\u00f1o de multitudes<\/h2>\n\n<p>Este desplazamiento en solitario, el cuarto en nueve a\u00f1os fuera de un desplazamiento conjunto con el presidente, comenz\u00f3 con una <strong>llegada<\/strong> bajo los aplausos. A la salida del Teatro Real, la Primera Dama fue aclamada y estrech\u00f3 muchas manos de <strong>ni\u00f1os<\/strong> maravillados que le gritaron \u00ab<strong>Eres muy bonita<\/strong>\u00bb. Este gesto espont\u00e1neo subray\u00f3 el v\u00ednculo afectivo creado durante este <strong>encuentro<\/strong> p\u00fablico.<\/p>\n\n<h2 class=\"wp-block-heading\">Un programa cultural marcado por la m\u00fasica<\/h2>\n\n<p>La ceremonia de apertura incluy\u00f3 un espect\u00e1culo dirigido por la pianista y directora de orquesta <strong>Dina Bensa\u00efd<\/strong>, ofreciendo un momento art\u00edstico en el centro de este <strong>encuentro<\/strong> diplom\u00e1tico. La presencia de las princesas <strong>Lalla Meryem<\/strong>, <strong>Lalla Hasnaa<\/strong> y <strong>Lalla Khadija<\/strong> reforz\u00f3 el alcance cultural y simb\u00f3lico del evento, ilustrando un di\u00e1logo franco-marroqu\u00ed renovado centrado en la cultura.<\/p>\n\n<h3 class=\"wp-block-heading\">Una acogida familiar y medi\u00e1tica<\/h3>\n\n<p>Junto a Brigitte, su hija <strong>Tiphaine Auzi\u00e8re<\/strong> apareci\u00f3 en vestido de gala, como se vio en im\u00e1genes compartidas tras la visita. Los medios de comunicaci\u00f3n destacaron los elogios de los ni\u00f1os y la bondad de la Primera Dama, replicados por varios medios nacionales e internacionales, incluyendo reportajes fotogr\u00e1ficos y art\u00edculos detallados en l\u00ednea que evocan la manera en que el <strong>encanto<\/strong> cre\u00f3 un instante de complicidad.<\/p>\n\n<h2 class=\"wp-block-heading\">Lo que dice este gesto para la diplomacia cultural<\/h2>\n\n<p>La visita se inscribe en un contexto de reciente acercamiento bilateral, tras reuniones en 2024 y una visita de estado en octubre que busc\u00f3 \u00abescribir un nuevo cap\u00edtulo\u00bb. Aqu\u00ed, la dimensi\u00f3n cultural prevalece sobre el protocolo, y la reacci\u00f3n de los <strong>ni\u00f1os<\/strong> ofreci\u00f3 una imagen humanizante de la diplomacia. Este momento popular mostr\u00f3 que la <strong>seducci\u00f3n<\/strong> suave y la proximidad p\u00fablica pueden reforzar un v\u00ednculo institucional.<\/p>\n\n<p>Para revivir las im\u00e1genes y comprender los entresijos de esta visita, encuentra un retorno detallado sobre la llegada de <strong>Brigitte Macron<\/strong> a Rabat en <a href=\"https:\/\/www.sebastien-auziere.fr\/blog\/brigitte-macron-maroc-rabat\/\" rel=\"nofollow\">sebastien-auziere.fr<\/a> y un dossier complementario sobre la presencia en solitario de la Primera Dama <a href=\"https:\/\/www.sebastien-auziere.fr\/blog\/brigitte-macron-maroc-solo\/\" rel=\"nofollow\">aqu\u00ed<\/a>. Para galer\u00edas de fotos y art\u00edculos de prensa, consulta tambi\u00e9n el reportaje dedicado en <a href=\"https:\/\/www.msn.com\/fr-fr\/divertissement\/celebrites\/t-es-trop-belle-brigitte-macron-acclam%C3%A9e-lors-de-son-arriv%C3%A9e-%C3%A0-rabat-les-enfants-sous-son-charme\/ar-AA21Eno6\" rel=\"nofollow\">MSN<\/a> y la selecci\u00f3n de looks en <a href=\"https:\/\/photo.gala.fr\/photos-les-plus-beaux-looks-de-brigitte-macron-en-visite-d-etat-au-maroc-en-2024-63711\" rel=\"nofollow\">Gala<\/a>.<\/p>","protected":false},"excerpt":{"rendered":"<p>Brigitte Macron fue recibida con gran pompa en Rabat este mi\u00e9rcoles 22 de abril, recibiendo una verdadera ovaci\u00f3n desde su llegada. Durante un ba\u00f1o de multitudes en la inauguraci\u00f3n del Teatro Real, varios ni\u00f1os la elogiaron gritando \u00abEres muy bonita\u00bb, un momento de seducci\u00f3n y encanto espont\u00e1neo que marc\u00f3 el evento. En resumen: visita en &#8230; <a title=\"\u00ab Eres demasiado bella \u00bb: Brigitte Macron ovacionada a su llegada a Rabat, los ni\u00f1os cautivados por su encanto\" class=\"read-more\" href=\"https:\/\/www.sebastien-auziere.fr\/blog\/es\/eres-demasiado-bella-brigitte-macron-ovacionada-a-su-llegada-a-rabat-los-ninos-cautivados-por-su-encanto\/\" aria-label=\"En savoir plus sur \u00ab Eres demasiado bella \u00bb: Brigitte Macron ovacionada a su llegada a Rabat, los ni\u00f1os cautivados por su encanto\">Lire plus<\/a><\/p>\n","protected":false},"author":9,"featured_media":3326,"comment_status":"open","ping_status":"open","sticky":false,"template":"","format":"standard","meta":{"footnotes":""},"categories":[820],"tags":[4323,914,4329,4326,4332],"class_list":["post-3330","post","type-post","status-publish","format-standard","has-post-thumbnail","hentry","category-actualidades-es","tag-acogida-como-un-heroe-es","tag-brigitte-macron-es","tag-charme-de-brigitte-macron-es","tag-llegada-a-rabat-es","tag-tu-eres-muy-bella-es"],"yoast_head":"<!-- This site is optimized with the Yoast SEO plugin v27.5 - https:\/\/yoast.com\/product\/yoast-seo-wordpress\/ -->\n<title>\u00ab Eres demasiado bella \u00bb: Brigitte Macron ovacionada a su llegada a Rabat, los ni\u00f1os cautivados por su encanto - Fan site S\u00e9bastien Auzi\u00e8re<\/title>\n<meta name=\"description\" content=\"Brigitte Macron ovationn\u00e9e \u00e0 Rabat, son charme s\u00e9duit petits et grands lors de son arriv\u00e9e remarqu\u00e9e.\" \/>\n<meta name=\"robots\" content=\"index, follow, max-snippet:-1, max-image-preview:large, max-video-preview:-1\" \/>\n<link rel=\"canonical\" href=\"https:\/\/www.sebastien-auziere.fr\/blog\/es\/eres-demasiado-bella-brigitte-macron-ovacionada-a-su-llegada-a-rabat-los-ninos-cautivados-por-su-encanto\/\" \/>\n<meta property=\"og:locale\" content=\"fr_FR\" \/>\n<meta property=\"og:type\" content=\"article\" \/>\n<meta property=\"og:title\" content=\"\u00ab Eres demasiado bella \u00bb: Brigitte Macron ovacionada a su llegada a Rabat, los ni\u00f1os cautivados por su encanto - Fan site S\u00e9bastien Auzi\u00e8re\" \/>\n<meta property=\"og:description\" content=\"Brigitte Macron ovationn\u00e9e \u00e0 Rabat, son charme s\u00e9duit petits et grands lors de son arriv\u00e9e remarqu\u00e9e.\" \/>\n<meta property=\"og:url\" content=\"https:\/\/www.sebastien-auziere.fr\/blog\/es\/eres-demasiado-bella-brigitte-macron-ovacionada-a-su-llegada-a-rabat-los-ninos-cautivados-por-su-encanto\/\" \/>\n<meta property=\"og:site_name\" content=\"Fan site S\u00e9bastien Auzi\u00e8re\" \/>\n<meta property=\"article:published_time\" content=\"2026-04-25T19:07:10+00:00\" \/>\n<meta property=\"article:modified_time\" content=\"2026-04-25T19:07:37+00:00\" \/>\n<meta property=\"og:image\" content=\"https:\/\/www.sebastien-auziere.fr\/blog\/wp-content\/uploads\/2026\/04\/Tes-trop-belle-Brigitte-Macron-ovationnee-a-son-arrivee-a-Rabat-les-enfants-seduits-par-son-charme.jpg\" \/>\n\t<meta property=\"og:image:width\" content=\"2560\" \/>\n\t<meta property=\"og:image:height\" content=\"1429\" \/>\n\t<meta property=\"og:image:type\" content=\"image\/jpeg\" \/>\n<meta name=\"author\" content=\"Chloe Gauthier\" \/>\n<meta name=\"twitter:card\" content=\"summary_large_image\" \/>\n<meta name=\"twitter:label1\" content=\"\u00c9crit par\" \/>\n\t<meta name=\"twitter:data1\" content=\"Chloe Gauthier\" \/>\n\t<meta name=\"twitter:label2\" content=\"Dur\u00e9e de lecture estim\u00e9e\" \/>\n\t<meta name=\"twitter:data2\" content=\"2 minutes\" \/>\n<script type=\"application\/ld+json\" class=\"yoast-schema-graph\">{\"@context\":\"https:\\\/\\\/schema.org\",\"@graph\":[{\"@type\":\"Article\",\"@id\":\"https:\\\/\\\/www.sebastien-auziere.fr\\\/blog\\\/es\\\/eres-demasiado-bella-brigitte-macron-ovacionada-a-su-llegada-a-rabat-los-ninos-cautivados-por-su-encanto\\\/#article\",\"isPartOf\":{\"@id\":\"https:\\\/\\\/www.sebastien-auziere.fr\\\/blog\\\/es\\\/eres-demasiado-bella-brigitte-macron-ovacionada-a-su-llegada-a-rabat-los-ninos-cautivados-por-su-encanto\\\/\"},\"author\":{\"name\":\"Chloe Gauthier\",\"@id\":\"https:\\\/\\\/www.sebastien-auziere.fr\\\/blog\\\/#\\\/schema\\\/person\\\/149f1acdbfd85149c6c3e59adeae2f4d\"},\"headline\":\"\u00ab Eres demasiado bella \u00bb: Brigitte Macron ovacionada a su llegada a Rabat, los ni\u00f1os cautivados por su encanto\",\"datePublished\":\"2026-04-25T19:07:10+00:00\",\"dateModified\":\"2026-04-25T19:07:37+00:00\",\"mainEntityOfPage\":{\"@id\":\"https:\\\/\\\/www.sebastien-auziere.fr\\\/blog\\\/es\\\/eres-demasiado-bella-brigitte-macron-ovacionada-a-su-llegada-a-rabat-los-ninos-cautivados-por-su-encanto\\\/\"},\"wordCount\":496,\"commentCount\":0,\"publisher\":{\"@id\":\"https:\\\/\\\/www.sebastien-auziere.fr\\\/blog\\\/#organization\"},\"image\":{\"@id\":\"https:\\\/\\\/www.sebastien-auziere.fr\\\/blog\\\/es\\\/eres-demasiado-bella-brigitte-macron-ovacionada-a-su-llegada-a-rabat-los-ninos-cautivados-por-su-encanto\\\/#primaryimage\"},\"thumbnailUrl\":\"https:\\\/\\\/www.sebastien-auziere.fr\\\/blog\\\/wp-content\\\/uploads\\\/2026\\\/04\\\/Tes-trop-belle-Brigitte-Macron-ovationnee-a-son-arrivee-a-Rabat-les-enfants-seduits-par-son-charme.jpg\",\"keywords\":[\"acogida como un h\u00e9roe\",\"brigitte macron\",\"charme de brigitte macron\",\"llegada a rabat\",\"t\u00fa eres muy bella\"],\"articleSection\":[\"Actualidades\"],\"inLanguage\":\"fr-FR\",\"potentialAction\":[{\"@type\":\"CommentAction\",\"name\":\"Comment\",\"target\":[\"https:\\\/\\\/www.sebastien-auziere.fr\\\/blog\\\/es\\\/eres-demasiado-bella-brigitte-macron-ovacionada-a-su-llegada-a-rabat-los-ninos-cautivados-por-su-encanto\\\/#respond\"]}]},{\"@type\":\"WebPage\",\"@id\":\"https:\\\/\\\/www.sebastien-auziere.fr\\\/blog\\\/es\\\/eres-demasiado-bella-brigitte-macron-ovacionada-a-su-llegada-a-rabat-los-ninos-cautivados-por-su-encanto\\\/\",\"url\":\"https:\\\/\\\/www.sebastien-auziere.fr\\\/blog\\\/es\\\/eres-demasiado-bella-brigitte-macron-ovacionada-a-su-llegada-a-rabat-los-ninos-cautivados-por-su-encanto\\\/\",\"name\":\"\u00ab Eres demasiado bella \u00bb: Brigitte Macron ovacionada a su llegada a Rabat, los ni\u00f1os cautivados por su encanto - Fan site S\u00e9bastien Auzi\u00e8re\",\"isPartOf\":{\"@id\":\"https:\\\/\\\/www.sebastien-auziere.fr\\\/blog\\\/#website\"},\"primaryImageOfPage\":{\"@id\":\"https:\\\/\\\/www.sebastien-auziere.fr\\\/blog\\\/es\\\/eres-demasiado-bella-brigitte-macron-ovacionada-a-su-llegada-a-rabat-los-ninos-cautivados-por-su-encanto\\\/#primaryimage\"},\"image\":{\"@id\":\"https:\\\/\\\/www.sebastien-auziere.fr\\\/blog\\\/es\\\/eres-demasiado-bella-brigitte-macron-ovacionada-a-su-llegada-a-rabat-los-ninos-cautivados-por-su-encanto\\\/#primaryimage\"},\"thumbnailUrl\":\"https:\\\/\\\/www.sebastien-auziere.fr\\\/blog\\\/wp-content\\\/uploads\\\/2026\\\/04\\\/Tes-trop-belle-Brigitte-Macron-ovationnee-a-son-arrivee-a-Rabat-les-enfants-seduits-par-son-charme.jpg\",\"datePublished\":\"2026-04-25T19:07:10+00:00\",\"dateModified\":\"2026-04-25T19:07:37+00:00\",\"description\":\"Brigitte Macron ovationn\u00e9e \u00e0 Rabat, son charme s\u00e9duit petits et grands lors de son arriv\u00e9e remarqu\u00e9e.\",\"breadcrumb\":{\"@id\":\"https:\\\/\\\/www.sebastien-auziere.fr\\\/blog\\\/es\\\/eres-demasiado-bella-brigitte-macron-ovacionada-a-su-llegada-a-rabat-los-ninos-cautivados-por-su-encanto\\\/#breadcrumb\"},\"inLanguage\":\"fr-FR\",\"potentialAction\":[{\"@type\":\"ReadAction\",\"target\":[\"https:\\\/\\\/www.sebastien-auziere.fr\\\/blog\\\/es\\\/eres-demasiado-bella-brigitte-macron-ovacionada-a-su-llegada-a-rabat-los-ninos-cautivados-por-su-encanto\\\/\"]}]},{\"@type\":\"ImageObject\",\"inLanguage\":\"fr-FR\",\"@id\":\"https:\\\/\\\/www.sebastien-auziere.fr\\\/blog\\\/es\\\/eres-demasiado-bella-brigitte-macron-ovacionada-a-su-llegada-a-rabat-los-ninos-cautivados-por-su-encanto\\\/#primaryimage\",\"url\":\"https:\\\/\\\/www.sebastien-auziere.fr\\\/blog\\\/wp-content\\\/uploads\\\/2026\\\/04\\\/Tes-trop-belle-Brigitte-Macron-ovationnee-a-son-arrivee-a-Rabat-les-enfants-seduits-par-son-charme.jpg\",\"contentUrl\":\"https:\\\/\\\/www.sebastien-auziere.fr\\\/blog\\\/wp-content\\\/uploads\\\/2026\\\/04\\\/Tes-trop-belle-Brigitte-Macron-ovationnee-a-son-arrivee-a-Rabat-les-enfants-seduits-par-son-charme.jpg\",\"width\":2560,\"height\":1429,\"caption\":\"\u00e0 son arriv\u00e9e \u00e0 rabat, brigitte macron a \u00e9t\u00e9 chaleureusement ovationn\u00e9e, captivant les enfants par son charme et sa beaut\u00e9 naturelle.\"},{\"@type\":\"BreadcrumbList\",\"@id\":\"https:\\\/\\\/www.sebastien-auziere.fr\\\/blog\\\/es\\\/eres-demasiado-bella-brigitte-macron-ovacionada-a-su-llegada-a-rabat-los-ninos-cautivados-por-su-encanto\\\/#breadcrumb\",\"itemListElement\":[{\"@type\":\"ListItem\",\"position\":1,\"name\":\"Home\",\"item\":\"https:\\\/\\\/www.sebastien-auziere.fr\\\/blog\\\/\"},{\"@type\":\"ListItem\",\"position\":2,\"name\":\"\u00ab Eres demasiado bella \u00bb: Brigitte Macron ovacionada a su llegada a Rabat, los ni\u00f1os cautivados por su encanto\"}]},{\"@type\":\"WebSite\",\"@id\":\"https:\\\/\\\/www.sebastien-auziere.fr\\\/blog\\\/#website\",\"url\":\"https:\\\/\\\/www.sebastien-auziere.fr\\\/blog\\\/\",\"name\":\"Fan site S\u00e9bastien Auzi\u00e8re\",\"description\":\"M\u00e9dia g\u00e9n\u00e9raliste\",\"publisher\":{\"@id\":\"https:\\\/\\\/www.sebastien-auziere.fr\\\/blog\\\/#organization\"},\"potentialAction\":[{\"@type\":\"SearchAction\",\"target\":{\"@type\":\"EntryPoint\",\"urlTemplate\":\"https:\\\/\\\/www.sebastien-auziere.fr\\\/blog\\\/?s={search_term_string}\"},\"query-input\":{\"@type\":\"PropertyValueSpecification\",\"valueRequired\":true,\"valueName\":\"search_term_string\"}}],\"inLanguage\":\"fr-FR\"},{\"@type\":\"Organization\",\"@id\":\"https:\\\/\\\/www.sebastien-auziere.fr\\\/blog\\\/#organization\",\"name\":\"Fan site S\u00e9bastien Auzi\u00e8re\",\"url\":\"https:\\\/\\\/www.sebastien-auziere.fr\\\/blog\\\/\",\"logo\":{\"@type\":\"ImageObject\",\"inLanguage\":\"fr-FR\",\"@id\":\"https:\\\/\\\/www.sebastien-auziere.fr\\\/blog\\\/#\\\/schema\\\/logo\\\/image\\\/\",\"url\":\"https:\\\/\\\/www.sebastien-auziere.fr\\\/blog\\\/wp-content\\\/uploads\\\/2026\\\/03\\\/cropped-cropped-cropped-ChatGPT-Image-6-mars-2026-12_58_09-e1772798376794.jpg\",\"contentUrl\":\"https:\\\/\\\/www.sebastien-auziere.fr\\\/blog\\\/wp-content\\\/uploads\\\/2026\\\/03\\\/cropped-cropped-cropped-ChatGPT-Image-6-mars-2026-12_58_09-e1772798376794.jpg\",\"width\":512,\"height\":360,\"caption\":\"Fan site S\u00e9bastien Auzi\u00e8re\"},\"image\":{\"@id\":\"https:\\\/\\\/www.sebastien-auziere.fr\\\/blog\\\/#\\\/schema\\\/logo\\\/image\\\/\"}},{\"@type\":\"Person\",\"@id\":\"https:\\\/\\\/www.sebastien-auziere.fr\\\/blog\\\/#\\\/schema\\\/person\\\/149f1acdbfd85149c6c3e59adeae2f4d\",\"name\":\"Chloe Gauthier\",\"image\":{\"@type\":\"ImageObject\",\"inLanguage\":\"fr-FR\",\"@id\":\"https:\\\/\\\/secure.gravatar.com\\\/avatar\\\/2c5722f58171cff738a8985ef0dd66b476e563753246a49019befc837ec4201a?s=96&d=mm&r=g\",\"url\":\"https:\\\/\\\/secure.gravatar.com\\\/avatar\\\/2c5722f58171cff738a8985ef0dd66b476e563753246a49019befc837ec4201a?s=96&d=mm&r=g\",\"contentUrl\":\"https:\\\/\\\/secure.gravatar.com\\\/avatar\\\/2c5722f58171cff738a8985ef0dd66b476e563753246a49019befc837ec4201a?s=96&d=mm&r=g\",\"caption\":\"Chloe Gauthier\"},\"description\":\"Passionn\u00e9e par la politique et admiratrice engag\u00e9e de la famille Macron, je consacre mon \u00e9nergie \u00e0 suivre leurs initiatives et \u00e0 promouvoir leurs id\u00e9es. \u00c0 32 ans, je suis convaincue que leur vision est porteuse d'avenir.\",\"url\":\"https:\\\/\\\/www.sebastien-auziere.fr\\\/blog\\\/author\\\/chloe-gauthier\\\/\"}]}<\/script>\n<!-- \/ Yoast SEO plugin. -->","yoast_head_json":{"title":"\u00ab Eres demasiado bella \u00bb: Brigitte Macron ovacionada a su llegada a Rabat, los ni\u00f1os cautivados por su encanto - Fan site S\u00e9bastien Auzi\u00e8re","description":"Brigitte Macron ovationn\u00e9e \u00e0 Rabat, son charme s\u00e9duit petits et grands lors de son arriv\u00e9e remarqu\u00e9e.","robots":{"index":"index","follow":"follow","max-snippet":"max-snippet:-1","max-image-preview":"max-image-preview:large","max-video-preview":"max-video-preview:-1"},"canonical":"https:\/\/www.sebastien-auziere.fr\/blog\/es\/eres-demasiado-bella-brigitte-macron-ovacionada-a-su-llegada-a-rabat-los-ninos-cautivados-por-su-encanto\/","og_locale":"fr_FR","og_type":"article","og_title":"\u00ab Eres demasiado bella \u00bb: Brigitte Macron ovacionada a su llegada a Rabat, los ni\u00f1os cautivados por su encanto - Fan site S\u00e9bastien Auzi\u00e8re","og_description":"Brigitte Macron ovationn\u00e9e \u00e0 Rabat, son charme s\u00e9duit petits et grands lors de son arriv\u00e9e remarqu\u00e9e.","og_url":"https:\/\/www.sebastien-auziere.fr\/blog\/es\/eres-demasiado-bella-brigitte-macron-ovacionada-a-su-llegada-a-rabat-los-ninos-cautivados-por-su-encanto\/","og_site_name":"Fan site S\u00e9bastien Auzi\u00e8re","article_published_time":"2026-04-25T19:07:10+00:00","article_modified_time":"2026-04-25T19:07:37+00:00","og_image":[{"width":2560,"height":1429,"url":"https:\/\/www.sebastien-auziere.fr\/blog\/wp-content\/uploads\/2026\/04\/Tes-trop-belle-Brigitte-Macron-ovationnee-a-son-arrivee-a-Rabat-les-enfants-seduits-par-son-charme.jpg","type":"image\/jpeg"}],"author":"Chloe Gauthier","twitter_card":"summary_large_image","twitter_misc":{"\u00c9crit par":"Chloe Gauthier","Dur\u00e9e de lecture estim\u00e9e":"2 minutes"},"schema":{"@context":"https:\/\/schema.org","@graph":[{"@type":"Article","@id":"https:\/\/www.sebastien-auziere.fr\/blog\/es\/eres-demasiado-bella-brigitte-macron-ovacionada-a-su-llegada-a-rabat-los-ninos-cautivados-por-su-encanto\/#article","isPartOf":{"@id":"https:\/\/www.sebastien-auziere.fr\/blog\/es\/eres-demasiado-bella-brigitte-macron-ovacionada-a-su-llegada-a-rabat-los-ninos-cautivados-por-su-encanto\/"},"author":{"name":"Chloe Gauthier","@id":"https:\/\/www.sebastien-auziere.fr\/blog\/#\/schema\/person\/149f1acdbfd85149c6c3e59adeae2f4d"},"headline":"\u00ab Eres demasiado bella \u00bb: Brigitte Macron ovacionada a su llegada a Rabat, los ni\u00f1os cautivados por su encanto","datePublished":"2026-04-25T19:07:10+00:00","dateModified":"2026-04-25T19:07:37+00:00","mainEntityOfPage":{"@id":"https:\/\/www.sebastien-auziere.fr\/blog\/es\/eres-demasiado-bella-brigitte-macron-ovacionada-a-su-llegada-a-rabat-los-ninos-cautivados-por-su-encanto\/"},"wordCount":496,"commentCount":0,"publisher":{"@id":"https:\/\/www.sebastien-auziere.fr\/blog\/#organization"},"image":{"@id":"https:\/\/www.sebastien-auziere.fr\/blog\/es\/eres-demasiado-bella-brigitte-macron-ovacionada-a-su-llegada-a-rabat-los-ninos-cautivados-por-su-encanto\/#primaryimage"},"thumbnailUrl":"https:\/\/www.sebastien-auziere.fr\/blog\/wp-content\/uploads\/2026\/04\/Tes-trop-belle-Brigitte-Macron-ovationnee-a-son-arrivee-a-Rabat-les-enfants-seduits-par-son-charme.jpg","keywords":["acogida como un h\u00e9roe","brigitte macron","charme de brigitte macron","llegada a rabat","t\u00fa eres muy bella"],"articleSection":["Actualidades"],"inLanguage":"fr-FR","potentialAction":[{"@type":"CommentAction","name":"Comment","target":["https:\/\/www.sebastien-auziere.fr\/blog\/es\/eres-demasiado-bella-brigitte-macron-ovacionada-a-su-llegada-a-rabat-los-ninos-cautivados-por-su-encanto\/#respond"]}]},{"@type":"WebPage","@id":"https:\/\/www.sebastien-auziere.fr\/blog\/es\/eres-demasiado-bella-brigitte-macron-ovacionada-a-su-llegada-a-rabat-los-ninos-cautivados-por-su-encanto\/","url":"https:\/\/www.sebastien-auziere.fr\/blog\/es\/eres-demasiado-bella-brigitte-macron-ovacionada-a-su-llegada-a-rabat-los-ninos-cautivados-por-su-encanto\/","name":"\u00ab Eres demasiado bella \u00bb: Brigitte Macron ovacionada a su llegada a Rabat, los ni\u00f1os cautivados por su encanto - Fan site S\u00e9bastien Auzi\u00e8re","isPartOf":{"@id":"https:\/\/www.sebastien-auziere.fr\/blog\/#website"},"primaryImageOfPage":{"@id":"https:\/\/www.sebastien-auziere.fr\/blog\/es\/eres-demasiado-bella-brigitte-macron-ovacionada-a-su-llegada-a-rabat-los-ninos-cautivados-por-su-encanto\/#primaryimage"},"image":{"@id":"https:\/\/www.sebastien-auziere.fr\/blog\/es\/eres-demasiado-bella-brigitte-macron-ovacionada-a-su-llegada-a-rabat-los-ninos-cautivados-por-su-encanto\/#primaryimage"},"thumbnailUrl":"https:\/\/www.sebastien-auziere.fr\/blog\/wp-content\/uploads\/2026\/04\/Tes-trop-belle-Brigitte-Macron-ovationnee-a-son-arrivee-a-Rabat-les-enfants-seduits-par-son-charme.jpg","datePublished":"2026-04-25T19:07:10+00:00","dateModified":"2026-04-25T19:07:37+00:00","description":"Brigitte Macron ovationn\u00e9e \u00e0 Rabat, son charme s\u00e9duit petits et grands lors de son arriv\u00e9e remarqu\u00e9e.","breadcrumb":{"@id":"https:\/\/www.sebastien-auziere.fr\/blog\/es\/eres-demasiado-bella-brigitte-macron-ovacionada-a-su-llegada-a-rabat-los-ninos-cautivados-por-su-encanto\/#breadcrumb"},"inLanguage":"fr-FR","potentialAction":[{"@type":"ReadAction","target":["https:\/\/www.sebastien-auziere.fr\/blog\/es\/eres-demasiado-bella-brigitte-macron-ovacionada-a-su-llegada-a-rabat-los-ninos-cautivados-por-su-encanto\/"]}]},{"@type":"ImageObject","inLanguage":"fr-FR","@id":"https:\/\/www.sebastien-auziere.fr\/blog\/es\/eres-demasiado-bella-brigitte-macron-ovacionada-a-su-llegada-a-rabat-los-ninos-cautivados-por-su-encanto\/#primaryimage","url":"https:\/\/www.sebastien-auziere.fr\/blog\/wp-content\/uploads\/2026\/04\/Tes-trop-belle-Brigitte-Macron-ovationnee-a-son-arrivee-a-Rabat-les-enfants-seduits-par-son-charme.jpg","contentUrl":"https:\/\/www.sebastien-auziere.fr\/blog\/wp-content\/uploads\/2026\/04\/Tes-trop-belle-Brigitte-Macron-ovationnee-a-son-arrivee-a-Rabat-les-enfants-seduits-par-son-charme.jpg","width":2560,"height":1429,"caption":"\u00e0 son arriv\u00e9e \u00e0 rabat, brigitte macron a \u00e9t\u00e9 chaleureusement ovationn\u00e9e, captivant les enfants par son charme et sa beaut\u00e9 naturelle."},{"@type":"BreadcrumbList","@id":"https:\/\/www.sebastien-auziere.fr\/blog\/es\/eres-demasiado-bella-brigitte-macron-ovacionada-a-su-llegada-a-rabat-los-ninos-cautivados-por-su-encanto\/#breadcrumb","itemListElement":[{"@type":"ListItem","position":1,"name":"Home","item":"https:\/\/www.sebastien-auziere.fr\/blog\/"},{"@type":"ListItem","position":2,"name":"\u00ab Eres demasiado bella \u00bb: Brigitte Macron ovacionada a su llegada a Rabat, los ni\u00f1os cautivados por su encanto"}]},{"@type":"WebSite","@id":"https:\/\/www.sebastien-auziere.fr\/blog\/#website","url":"https:\/\/www.sebastien-auziere.fr\/blog\/","name":"Fan site S\u00e9bastien Auzi\u00e8re","description":"M\u00e9dia g\u00e9n\u00e9raliste","publisher":{"@id":"https:\/\/www.sebastien-auziere.fr\/blog\/#organization"},"potentialAction":[{"@type":"SearchAction","target":{"@type":"EntryPoint","urlTemplate":"https:\/\/www.sebastien-auziere.fr\/blog\/?s={search_term_string}"},"query-input":{"@type":"PropertyValueSpecification","valueRequired":true,"valueName":"search_term_string"}}],"inLanguage":"fr-FR"},{"@type":"Organization","@id":"https:\/\/www.sebastien-auziere.fr\/blog\/#organization","name":"Fan site S\u00e9bastien Auzi\u00e8re","url":"https:\/\/www.sebastien-auziere.fr\/blog\/","logo":{"@type":"ImageObject","inLanguage":"fr-FR","@id":"https:\/\/www.sebastien-auziere.fr\/blog\/#\/schema\/logo\/image\/","url":"https:\/\/www.sebastien-auziere.fr\/blog\/wp-content\/uploads\/2026\/03\/cropped-cropped-cropped-ChatGPT-Image-6-mars-2026-12_58_09-e1772798376794.jpg","contentUrl":"https:\/\/www.sebastien-auziere.fr\/blog\/wp-content\/uploads\/2026\/03\/cropped-cropped-cropped-ChatGPT-Image-6-mars-2026-12_58_09-e1772798376794.jpg","width":512,"height":360,"caption":"Fan site S\u00e9bastien Auzi\u00e8re"},"image":{"@id":"https:\/\/www.sebastien-auziere.fr\/blog\/#\/schema\/logo\/image\/"}},{"@type":"Person","@id":"https:\/\/www.sebastien-auziere.fr\/blog\/#\/schema\/person\/149f1acdbfd85149c6c3e59adeae2f4d","name":"Chloe Gauthier","image":{"@type":"ImageObject","inLanguage":"fr-FR","@id":"https:\/\/secure.gravatar.com\/avatar\/2c5722f58171cff738a8985ef0dd66b476e563753246a49019befc837ec4201a?s=96&d=mm&r=g","url":"https:\/\/secure.gravatar.com\/avatar\/2c5722f58171cff738a8985ef0dd66b476e563753246a49019befc837ec4201a?s=96&d=mm&r=g","contentUrl":"https:\/\/secure.gravatar.com\/avatar\/2c5722f58171cff738a8985ef0dd66b476e563753246a49019befc837ec4201a?s=96&d=mm&r=g","caption":"Chloe Gauthier"},"description":"Passionn\u00e9e par la politique et admiratrice engag\u00e9e de la famille Macron, je consacre mon \u00e9nergie \u00e0 suivre leurs initiatives et \u00e0 promouvoir leurs id\u00e9es. \u00c0 32 ans, je suis convaincue que leur vision est porteuse d'avenir.","url":"https:\/\/www.sebastien-auziere.fr\/blog\/author\/chloe-gauthier\/"}]}},"views":0,"_links":{"self":[{"href":"https:\/\/www.sebastien-auziere.fr\/blog\/wp-json\/wp\/v2\/posts\/3330","targetHints":{"allow":["GET"]}}],"collection":[{"href":"https:\/\/www.sebastien-auziere.fr\/blog\/wp-json\/wp\/v2\/posts"}],"about":[{"href":"https:\/\/www.sebastien-auziere.fr\/blog\/wp-json\/wp\/v2\/types\/post"}],"author":[{"embeddable":true,"href":"https:\/\/www.sebastien-auziere.fr\/blog\/wp-json\/wp\/v2\/users\/9"}],"replies":[{"embeddable":true,"href":"https:\/\/www.sebastien-auziere.fr\/blog\/wp-json\/wp\/v2\/comments?post=3330"}],"version-history":[{"count":1,"href":"https:\/\/www.sebastien-auziere.fr\/blog\/wp-json\/wp\/v2\/posts\/3330\/revisions"}],"predecessor-version":[{"id":3331,"href":"https:\/\/www.sebastien-auziere.fr\/blog\/wp-json\/wp\/v2\/posts\/3330\/revisions\/3331"}],"wp:featuredmedia":[{"embeddable":true,"href":"https:\/\/www.sebastien-auziere.fr\/blog\/wp-json\/wp\/v2\/media\/3326"}],"wp:attachment":[{"href":"https:\/\/www.sebastien-auziere.fr\/blog\/wp-json\/wp\/v2\/media?parent=3330"}],"wp:term":[{"taxonomy":"category","embeddable":true,"href":"https:\/\/www.sebastien-auziere.fr\/blog\/wp-json\/wp\/v2\/categories?post=3330"},{"taxonomy":"post_tag","embeddable":true,"href":"https:\/\/www.sebastien-auziere.fr\/blog\/wp-json\/wp\/v2\/tags?post=3330"}],"curies":[{"name":"wp","href":"https:\/\/api.w.org\/{rel}","templated":true}]}}