{"id":3327,"date":"2026-04-25T19:06:42","date_gmt":"2026-04-25T19:06:42","guid":{"rendered":"https:\/\/www.sebastien-auziere.fr\/blog\/brigitte-macron-arrivee-rabat\/"},"modified":"2026-04-25T19:06:42","modified_gmt":"2026-04-25T19:06:42","slug":"brigitte-macron-arrivee-rabat","status":"publish","type":"post","link":"https:\/\/www.sebastien-auziere.fr\/blog\/brigitte-macron-arrivee-rabat\/","title":{"rendered":"\u00ab T\u2019es trop belle \u00bb : Brigitte Macron ovationn\u00e9e \u00e0 son arriv\u00e9e \u00e0 Rabat, les enfants s\u00e9duits par son charme"},"content":{"rendered":"<p><strong>Brigitte Macron<\/strong> a \u00e9t\u00e9 accueillie en grande pompe \u00e0 <strong>Rabat<\/strong> ce mercredi 22 avril, recevant une v\u00e9ritable <strong>ovation<\/strong> d\u00e8s son <strong>arriv\u00e9e<\/strong>. Lors d\u2019un bain de foule \u00e0 l\u2019inauguration du Th\u00e9\u00e2tre royal, plusieurs <strong>enfants<\/strong> l\u2019ont compliment\u00e9e en criant \u00ab<strong>T\u2019es trop belle<\/strong>\u00bb, un moment de <strong>s\u00e9duction<\/strong> et de <strong>charme<\/strong> spontan\u00e9 qui a marqu\u00e9 l\u2019\u00e9v\u00e9nement.<\/p>\n\n<p><strong>En bref<\/strong> : visite solo au Maroc pour la Premi\u00e8re dame; c\u00e9r\u00e9monie d\u2019ouverture dirig\u00e9e par la pianiste Dina Bensa\u00efd; pr\u00e9sence des princesses Lalla Meryem, Lalla Hasnaa et Lalla Khadija; Tiphaine Auzi\u00e8re aux c\u00f4t\u00e9s de Brigitte; accueil chaleureux des enfants et \u00e9changes bienveillants.<\/p>\n\n<h2 class=\"wp-block-heading\">Arriv\u00e9e \u00e0 Rabat et bain de foule chaleureux<\/h2>\n\n<p>Ce d\u00e9placement en solo, la quatri\u00e8me en neuf ans hors d\u2019un d\u00e9placement conjoint avec le pr\u00e9sident, a d\u00e9but\u00e9 par une <strong>arriv\u00e9e<\/strong> sous les applaudissements. \u00c0 la sortie du Th\u00e9\u00e2tre royal, la Premi\u00e8re dame a \u00e9t\u00e9 acclam\u00e9e et a serr\u00e9 de nombreuses mains d\u2019<strong>enfants<\/strong> \u00e9merveill\u00e9s qui lui ont lanc\u00e9 \u00ab<strong>T\u2019es trop belle<\/strong>\u00bb. Ce geste spontan\u00e9 a soulign\u00e9 le lien affectif cr\u00e9\u00e9 lors de cette <strong>rencontre<\/strong> publique.<\/p>\n\n<h2 class=\"wp-block-heading\">Un programme culturel marqu\u00e9 par la musique<\/h2>\n\n<p>La c\u00e9r\u00e9monie d\u2019ouverture a inclus un spectacle dirig\u00e9 par la pianiste et cheffe d\u2019orchestre <strong>Dina Bensa\u00efd<\/strong>, offrant un moment artistique au centre de cette <strong>rencontre<\/strong> diplomatique. La pr\u00e9sence des princesses <strong>Lalla Meryem<\/strong>, <strong>Lalla Hasnaa<\/strong> et de <strong>Lalla Khadija<\/strong> a renforc\u00e9 la port\u00e9e culturelle et symbolique de l\u2019\u00e9v\u00e9nement, illustrant un dialogue franco\u2011marocain renouvel\u00e9 centr\u00e9 sur la culture.<\/p>\n\n<h3 class=\"wp-block-heading\">Un accueil familial et m\u00e9diatique<\/h3>\n\n<p>Aux c\u00f4t\u00e9s de Brigitte, sa fille <strong>Tiphaine Auzi\u00e8re<\/strong> apparaissait en robe de gala, comme on l\u2019a vu dans des images partag\u00e9es apr\u00e8s la visite. Les m\u00e9dias ont relev\u00e9 les compliments des enfants et la bienveillance de la Premi\u00e8re dame, relay\u00e9s par plusieurs titres nationaux et internationaux, dont des reportages photo et articles d\u00e9taill\u00e9s on\u2011line qui \u00e9voquent la mani\u00e8re dont le <strong>charme<\/strong> a cr\u00e9\u00e9 un instant de complicit\u00e9.<\/p>\n\n<h2 class=\"wp-block-heading\">Ce que dit ce geste pour la diplomatie culturelle<\/h2>\n\n<p>La visite s\u2019inscrit dans un contexte de rapprochement bilat\u00e9ral r\u00e9cent, apr\u00e8s des rencontres en 2024 et une visite d\u2019\u00c9tat en octobre qui a cherch\u00e9 \u00e0 \u00ab\u00e9crire un nouveau chapitre\u00bb. Ici, la dimension culturelle prend le pas sur le protocole, et la r\u00e9action des <strong>enfants<\/strong> a offert une image humanisante de la diplomatie. Ce moment populaire a montr\u00e9 que la <strong>s\u00e9duction<\/strong> douce et la proximit\u00e9 publique peuvent renforcer un lien institutionnel.<\/p>\n\n<p>Pour revivre les images et comprendre les coulisses de cette visite, retrouve un retour d\u00e9taill\u00e9 sur la venue de <strong>Brigitte Macron<\/strong> \u00e0 Rabat sur <a href=\"https:\/\/www.sebastien-auziere.fr\/blog\/brigitte-macron-maroc-rabat\/\" rel=\"nofollow\">sebastien-auziere.fr<\/a> et un dossier compl\u00e9mentaire sur la pr\u00e9sence solo de la Premi\u00e8re dame <a href=\"https:\/\/www.sebastien-auziere.fr\/blog\/brigitte-macron-maroc-solo\/\" rel=\"nofollow\">ici<\/a>. Pour des galeries photos et articles de presse, consulte \u00e9galement le reportage d\u00e9di\u00e9 sur <a href=\"https:\/\/www.msn.com\/fr-fr\/divertissement\/celebrites\/t-es-trop-belle-brigitte-macron-acclam%C3%A9e-lors-de-son-arriv%C3%A9e-%C3%A0-rabat-les-enfants-sous-son-charme\/ar-AA21Eno6\" rel=\"nofollow\">MSN<\/a> et la s\u00e9lection de looks sur <a href=\"https:\/\/photo.gala.fr\/photos-les-plus-beaux-looks-de-brigitte-macron-en-visite-d-etat-au-maroc-en-2024-63711\" rel=\"nofollow\">Gala<\/a>.<\/p>\n\n","protected":false},"excerpt":{"rendered":"<p>Brigitte Macron a \u00e9t\u00e9 accueillie en grande pompe \u00e0 Rabat ce mercredi 22 avril, recevant une v\u00e9ritable ovation d\u00e8s son arriv\u00e9e. Lors d\u2019un bain de foule \u00e0 l\u2019inauguration du Th\u00e9\u00e2tre royal, plusieurs enfants l\u2019ont compliment\u00e9e en criant \u00abT\u2019es trop belle\u00bb, un moment de s\u00e9duction et de charme spontan\u00e9 qui a marqu\u00e9 l\u2019\u00e9v\u00e9nement. En bref : &#8230; <a title=\"\u00ab T\u2019es trop belle \u00bb : Brigitte Macron ovationn\u00e9e \u00e0 son arriv\u00e9e \u00e0 Rabat, les enfants s\u00e9duits par son charme\" class=\"read-more\" href=\"https:\/\/www.sebastien-auziere.fr\/blog\/brigitte-macron-arrivee-rabat\/\" aria-label=\"En savoir plus sur \u00ab T\u2019es trop belle \u00bb : Brigitte Macron ovationn\u00e9e \u00e0 son arriv\u00e9e \u00e0 Rabat, les enfants s\u00e9duits par son charme\">Lire plus<\/a><\/p>\n","protected":false},"author":9,"featured_media":3326,"comment_status":"open","ping_status":"open","sticky":false,"template":"","format":"standard","meta":{"footnotes":""},"categories":[597],"tags":[4306,4304,892,4308,4302],"class_list":["post-3327","post","type-post","status-publish","format-standard","has-post-thumbnail","hentry","category-actualites","tag-accueillie-en-heros","tag-arrivee-a-rabat","tag-brigitte-macron","tag-charme-de-brigitte-macron","tag-tes-trop-belle"],"yoast_head":"<!-- This site is optimized with the Yoast SEO plugin v27.5 - https:\/\/yoast.com\/product\/yoast-seo-wordpress\/ -->\n<title>\u00ab T\u2019es trop belle \u00bb : Brigitte Macron ovationn\u00e9e \u00e0 son arriv\u00e9e \u00e0 Rabat, les enfants s\u00e9duits par son charme - Fan site S\u00e9bastien Auzi\u00e8re<\/title>\n<meta name=\"description\" content=\"Brigitte Macron ovationn\u00e9e \u00e0 Rabat, son charme s\u00e9duit petits et grands lors de son arriv\u00e9e remarqu\u00e9e.\" \/>\n<meta name=\"robots\" content=\"index, follow, max-snippet:-1, max-image-preview:large, max-video-preview:-1\" \/>\n<link rel=\"canonical\" href=\"https:\/\/www.sebastien-auziere.fr\/blog\/brigitte-macron-arrivee-rabat\/\" \/>\n<meta property=\"og:locale\" content=\"fr_FR\" \/>\n<meta property=\"og:type\" content=\"article\" \/>\n<meta property=\"og:title\" content=\"\u00ab T\u2019es trop belle \u00bb : Brigitte Macron ovationn\u00e9e \u00e0 son arriv\u00e9e \u00e0 Rabat, les enfants s\u00e9duits par son charme - Fan site S\u00e9bastien Auzi\u00e8re\" \/>\n<meta property=\"og:description\" content=\"Brigitte Macron ovationn\u00e9e \u00e0 Rabat, son charme s\u00e9duit petits et grands lors de son arriv\u00e9e remarqu\u00e9e.\" \/>\n<meta property=\"og:url\" content=\"https:\/\/www.sebastien-auziere.fr\/blog\/brigitte-macron-arrivee-rabat\/\" \/>\n<meta property=\"og:site_name\" content=\"Fan site S\u00e9bastien Auzi\u00e8re\" \/>\n<meta property=\"article:published_time\" content=\"2026-04-25T19:06:42+00:00\" \/>\n<meta property=\"og:image\" content=\"https:\/\/www.sebastien-auziere.fr\/blog\/wp-content\/uploads\/2026\/04\/Tes-trop-belle-Brigitte-Macron-ovationnee-a-son-arrivee-a-Rabat-les-enfants-seduits-par-son-charme.jpg\" \/>\n\t<meta property=\"og:image:width\" content=\"2560\" \/>\n\t<meta property=\"og:image:height\" content=\"1429\" \/>\n\t<meta property=\"og:image:type\" content=\"image\/jpeg\" \/>\n<meta name=\"author\" content=\"Chloe Gauthier\" \/>\n<meta name=\"twitter:card\" content=\"summary_large_image\" \/>\n<meta name=\"twitter:label1\" content=\"\u00c9crit par\" \/>\n\t<meta name=\"twitter:data1\" content=\"Chloe Gauthier\" \/>\n\t<meta name=\"twitter:label2\" content=\"Dur\u00e9e de lecture estim\u00e9e\" \/>\n\t<meta name=\"twitter:data2\" content=\"3 minutes\" \/>\n<script type=\"application\/ld+json\" class=\"yoast-schema-graph\">{\"@context\":\"https:\\\/\\\/schema.org\",\"@graph\":[{\"@type\":\"Article\",\"@id\":\"https:\\\/\\\/www.sebastien-auziere.fr\\\/blog\\\/brigitte-macron-arrivee-rabat\\\/#article\",\"isPartOf\":{\"@id\":\"https:\\\/\\\/www.sebastien-auziere.fr\\\/blog\\\/brigitte-macron-arrivee-rabat\\\/\"},\"author\":{\"name\":\"Chloe Gauthier\",\"@id\":\"https:\\\/\\\/www.sebastien-auziere.fr\\\/blog\\\/#\\\/schema\\\/person\\\/149f1acdbfd85149c6c3e59adeae2f4d\"},\"headline\":\"\u00ab T\u2019es trop belle \u00bb : Brigitte Macron ovationn\u00e9e \u00e0 son arriv\u00e9e \u00e0 Rabat, les enfants s\u00e9duits par son charme\",\"datePublished\":\"2026-04-25T19:06:42+00:00\",\"mainEntityOfPage\":{\"@id\":\"https:\\\/\\\/www.sebastien-auziere.fr\\\/blog\\\/brigitte-macron-arrivee-rabat\\\/\"},\"wordCount\":525,\"commentCount\":0,\"publisher\":{\"@id\":\"https:\\\/\\\/www.sebastien-auziere.fr\\\/blog\\\/#organization\"},\"image\":{\"@id\":\"https:\\\/\\\/www.sebastien-auziere.fr\\\/blog\\\/brigitte-macron-arrivee-rabat\\\/#primaryimage\"},\"thumbnailUrl\":\"https:\\\/\\\/www.sebastien-auziere.fr\\\/blog\\\/wp-content\\\/uploads\\\/2026\\\/04\\\/Tes-trop-belle-Brigitte-Macron-ovationnee-a-son-arrivee-a-Rabat-les-enfants-seduits-par-son-charme.jpg\",\"keywords\":[\"accueillie en h\u00e9ros\",\"arriv\u00e9e \u00e0 rabat\",\"brigitte macron\",\"charme de brigitte macron\",\"t\u2019es trop belle\"],\"articleSection\":[\"Actualit\u00e9s\"],\"inLanguage\":\"fr-FR\",\"potentialAction\":[{\"@type\":\"CommentAction\",\"name\":\"Comment\",\"target\":[\"https:\\\/\\\/www.sebastien-auziere.fr\\\/blog\\\/brigitte-macron-arrivee-rabat\\\/#respond\"]}]},{\"@type\":\"WebPage\",\"@id\":\"https:\\\/\\\/www.sebastien-auziere.fr\\\/blog\\\/brigitte-macron-arrivee-rabat\\\/\",\"url\":\"https:\\\/\\\/www.sebastien-auziere.fr\\\/blog\\\/brigitte-macron-arrivee-rabat\\\/\",\"name\":\"\u00ab T\u2019es trop belle \u00bb : Brigitte Macron ovationn\u00e9e \u00e0 son arriv\u00e9e \u00e0 Rabat, les enfants s\u00e9duits par son charme - Fan site S\u00e9bastien Auzi\u00e8re\",\"isPartOf\":{\"@id\":\"https:\\\/\\\/www.sebastien-auziere.fr\\\/blog\\\/#website\"},\"primaryImageOfPage\":{\"@id\":\"https:\\\/\\\/www.sebastien-auziere.fr\\\/blog\\\/brigitte-macron-arrivee-rabat\\\/#primaryimage\"},\"image\":{\"@id\":\"https:\\\/\\\/www.sebastien-auziere.fr\\\/blog\\\/brigitte-macron-arrivee-rabat\\\/#primaryimage\"},\"thumbnailUrl\":\"https:\\\/\\\/www.sebastien-auziere.fr\\\/blog\\\/wp-content\\\/uploads\\\/2026\\\/04\\\/Tes-trop-belle-Brigitte-Macron-ovationnee-a-son-arrivee-a-Rabat-les-enfants-seduits-par-son-charme.jpg\",\"datePublished\":\"2026-04-25T19:06:42+00:00\",\"description\":\"Brigitte Macron ovationn\u00e9e \u00e0 Rabat, son charme s\u00e9duit petits et grands lors de son arriv\u00e9e remarqu\u00e9e.\",\"breadcrumb\":{\"@id\":\"https:\\\/\\\/www.sebastien-auziere.fr\\\/blog\\\/brigitte-macron-arrivee-rabat\\\/#breadcrumb\"},\"inLanguage\":\"fr-FR\",\"potentialAction\":[{\"@type\":\"ReadAction\",\"target\":[\"https:\\\/\\\/www.sebastien-auziere.fr\\\/blog\\\/brigitte-macron-arrivee-rabat\\\/\"]}]},{\"@type\":\"ImageObject\",\"inLanguage\":\"fr-FR\",\"@id\":\"https:\\\/\\\/www.sebastien-auziere.fr\\\/blog\\\/brigitte-macron-arrivee-rabat\\\/#primaryimage\",\"url\":\"https:\\\/\\\/www.sebastien-auziere.fr\\\/blog\\\/wp-content\\\/uploads\\\/2026\\\/04\\\/Tes-trop-belle-Brigitte-Macron-ovationnee-a-son-arrivee-a-Rabat-les-enfants-seduits-par-son-charme.jpg\",\"contentUrl\":\"https:\\\/\\\/www.sebastien-auziere.fr\\\/blog\\\/wp-content\\\/uploads\\\/2026\\\/04\\\/Tes-trop-belle-Brigitte-Macron-ovationnee-a-son-arrivee-a-Rabat-les-enfants-seduits-par-son-charme.jpg\",\"width\":2560,\"height\":1429,\"caption\":\"\u00e0 son arriv\u00e9e \u00e0 rabat, brigitte macron a \u00e9t\u00e9 chaleureusement ovationn\u00e9e, captivant les enfants par son charme et sa beaut\u00e9 naturelle.\"},{\"@type\":\"BreadcrumbList\",\"@id\":\"https:\\\/\\\/www.sebastien-auziere.fr\\\/blog\\\/brigitte-macron-arrivee-rabat\\\/#breadcrumb\",\"itemListElement\":[{\"@type\":\"ListItem\",\"position\":1,\"name\":\"Home\",\"item\":\"https:\\\/\\\/www.sebastien-auziere.fr\\\/blog\\\/\"},{\"@type\":\"ListItem\",\"position\":2,\"name\":\"\u00ab T\u2019es trop belle \u00bb : Brigitte Macron ovationn\u00e9e \u00e0 son arriv\u00e9e \u00e0 Rabat, les enfants s\u00e9duits par son charme\"}]},{\"@type\":\"WebSite\",\"@id\":\"https:\\\/\\\/www.sebastien-auziere.fr\\\/blog\\\/#website\",\"url\":\"https:\\\/\\\/www.sebastien-auziere.fr\\\/blog\\\/\",\"name\":\"Fan site S\u00e9bastien Auzi\u00e8re\",\"description\":\"M\u00e9dia g\u00e9n\u00e9raliste\",\"publisher\":{\"@id\":\"https:\\\/\\\/www.sebastien-auziere.fr\\\/blog\\\/#organization\"},\"potentialAction\":[{\"@type\":\"SearchAction\",\"target\":{\"@type\":\"EntryPoint\",\"urlTemplate\":\"https:\\\/\\\/www.sebastien-auziere.fr\\\/blog\\\/?s={search_term_string}\"},\"query-input\":{\"@type\":\"PropertyValueSpecification\",\"valueRequired\":true,\"valueName\":\"search_term_string\"}}],\"inLanguage\":\"fr-FR\"},{\"@type\":\"Organization\",\"@id\":\"https:\\\/\\\/www.sebastien-auziere.fr\\\/blog\\\/#organization\",\"name\":\"Fan site S\u00e9bastien Auzi\u00e8re\",\"url\":\"https:\\\/\\\/www.sebastien-auziere.fr\\\/blog\\\/\",\"logo\":{\"@type\":\"ImageObject\",\"inLanguage\":\"fr-FR\",\"@id\":\"https:\\\/\\\/www.sebastien-auziere.fr\\\/blog\\\/#\\\/schema\\\/logo\\\/image\\\/\",\"url\":\"https:\\\/\\\/www.sebastien-auziere.fr\\\/blog\\\/wp-content\\\/uploads\\\/2026\\\/03\\\/cropped-cropped-cropped-ChatGPT-Image-6-mars-2026-12_58_09-e1772798376794.jpg\",\"contentUrl\":\"https:\\\/\\\/www.sebastien-auziere.fr\\\/blog\\\/wp-content\\\/uploads\\\/2026\\\/03\\\/cropped-cropped-cropped-ChatGPT-Image-6-mars-2026-12_58_09-e1772798376794.jpg\",\"width\":512,\"height\":360,\"caption\":\"Fan site S\u00e9bastien Auzi\u00e8re\"},\"image\":{\"@id\":\"https:\\\/\\\/www.sebastien-auziere.fr\\\/blog\\\/#\\\/schema\\\/logo\\\/image\\\/\"}},{\"@type\":\"Person\",\"@id\":\"https:\\\/\\\/www.sebastien-auziere.fr\\\/blog\\\/#\\\/schema\\\/person\\\/149f1acdbfd85149c6c3e59adeae2f4d\",\"name\":\"Chloe Gauthier\",\"image\":{\"@type\":\"ImageObject\",\"inLanguage\":\"fr-FR\",\"@id\":\"https:\\\/\\\/secure.gravatar.com\\\/avatar\\\/2c5722f58171cff738a8985ef0dd66b476e563753246a49019befc837ec4201a?s=96&d=mm&r=g\",\"url\":\"https:\\\/\\\/secure.gravatar.com\\\/avatar\\\/2c5722f58171cff738a8985ef0dd66b476e563753246a49019befc837ec4201a?s=96&d=mm&r=g\",\"contentUrl\":\"https:\\\/\\\/secure.gravatar.com\\\/avatar\\\/2c5722f58171cff738a8985ef0dd66b476e563753246a49019befc837ec4201a?s=96&d=mm&r=g\",\"caption\":\"Chloe Gauthier\"},\"description\":\"Passionn\u00e9e par la politique et admiratrice engag\u00e9e de la famille Macron, je consacre mon \u00e9nergie \u00e0 suivre leurs initiatives et \u00e0 promouvoir leurs id\u00e9es. \u00c0 32 ans, je suis convaincue que leur vision est porteuse d'avenir.\",\"url\":\"https:\\\/\\\/www.sebastien-auziere.fr\\\/blog\\\/author\\\/chloe-gauthier\\\/\"}]}<\/script>\n<!-- \/ Yoast SEO plugin. -->","yoast_head_json":{"title":"\u00ab T\u2019es trop belle \u00bb : Brigitte Macron ovationn\u00e9e \u00e0 son arriv\u00e9e \u00e0 Rabat, les enfants s\u00e9duits par son charme - Fan site S\u00e9bastien Auzi\u00e8re","description":"Brigitte Macron ovationn\u00e9e \u00e0 Rabat, son charme s\u00e9duit petits et grands lors de son arriv\u00e9e remarqu\u00e9e.","robots":{"index":"index","follow":"follow","max-snippet":"max-snippet:-1","max-image-preview":"max-image-preview:large","max-video-preview":"max-video-preview:-1"},"canonical":"https:\/\/www.sebastien-auziere.fr\/blog\/brigitte-macron-arrivee-rabat\/","og_locale":"fr_FR","og_type":"article","og_title":"\u00ab T\u2019es trop belle \u00bb : Brigitte Macron ovationn\u00e9e \u00e0 son arriv\u00e9e \u00e0 Rabat, les enfants s\u00e9duits par son charme - Fan site S\u00e9bastien Auzi\u00e8re","og_description":"Brigitte Macron ovationn\u00e9e \u00e0 Rabat, son charme s\u00e9duit petits et grands lors de son arriv\u00e9e remarqu\u00e9e.","og_url":"https:\/\/www.sebastien-auziere.fr\/blog\/brigitte-macron-arrivee-rabat\/","og_site_name":"Fan site S\u00e9bastien Auzi\u00e8re","article_published_time":"2026-04-25T19:06:42+00:00","og_image":[{"width":2560,"height":1429,"url":"https:\/\/www.sebastien-auziere.fr\/blog\/wp-content\/uploads\/2026\/04\/Tes-trop-belle-Brigitte-Macron-ovationnee-a-son-arrivee-a-Rabat-les-enfants-seduits-par-son-charme.jpg","type":"image\/jpeg"}],"author":"Chloe Gauthier","twitter_card":"summary_large_image","twitter_misc":{"\u00c9crit par":"Chloe Gauthier","Dur\u00e9e de lecture estim\u00e9e":"3 minutes"},"schema":{"@context":"https:\/\/schema.org","@graph":[{"@type":"Article","@id":"https:\/\/www.sebastien-auziere.fr\/blog\/brigitte-macron-arrivee-rabat\/#article","isPartOf":{"@id":"https:\/\/www.sebastien-auziere.fr\/blog\/brigitte-macron-arrivee-rabat\/"},"author":{"name":"Chloe Gauthier","@id":"https:\/\/www.sebastien-auziere.fr\/blog\/#\/schema\/person\/149f1acdbfd85149c6c3e59adeae2f4d"},"headline":"\u00ab T\u2019es trop belle \u00bb : Brigitte Macron ovationn\u00e9e \u00e0 son arriv\u00e9e \u00e0 Rabat, les enfants s\u00e9duits par son charme","datePublished":"2026-04-25T19:06:42+00:00","mainEntityOfPage":{"@id":"https:\/\/www.sebastien-auziere.fr\/blog\/brigitte-macron-arrivee-rabat\/"},"wordCount":525,"commentCount":0,"publisher":{"@id":"https:\/\/www.sebastien-auziere.fr\/blog\/#organization"},"image":{"@id":"https:\/\/www.sebastien-auziere.fr\/blog\/brigitte-macron-arrivee-rabat\/#primaryimage"},"thumbnailUrl":"https:\/\/www.sebastien-auziere.fr\/blog\/wp-content\/uploads\/2026\/04\/Tes-trop-belle-Brigitte-Macron-ovationnee-a-son-arrivee-a-Rabat-les-enfants-seduits-par-son-charme.jpg","keywords":["accueillie en h\u00e9ros","arriv\u00e9e \u00e0 rabat","brigitte macron","charme de brigitte macron","t\u2019es trop belle"],"articleSection":["Actualit\u00e9s"],"inLanguage":"fr-FR","potentialAction":[{"@type":"CommentAction","name":"Comment","target":["https:\/\/www.sebastien-auziere.fr\/blog\/brigitte-macron-arrivee-rabat\/#respond"]}]},{"@type":"WebPage","@id":"https:\/\/www.sebastien-auziere.fr\/blog\/brigitte-macron-arrivee-rabat\/","url":"https:\/\/www.sebastien-auziere.fr\/blog\/brigitte-macron-arrivee-rabat\/","name":"\u00ab T\u2019es trop belle \u00bb : Brigitte Macron ovationn\u00e9e \u00e0 son arriv\u00e9e \u00e0 Rabat, les enfants s\u00e9duits par son charme - Fan site S\u00e9bastien Auzi\u00e8re","isPartOf":{"@id":"https:\/\/www.sebastien-auziere.fr\/blog\/#website"},"primaryImageOfPage":{"@id":"https:\/\/www.sebastien-auziere.fr\/blog\/brigitte-macron-arrivee-rabat\/#primaryimage"},"image":{"@id":"https:\/\/www.sebastien-auziere.fr\/blog\/brigitte-macron-arrivee-rabat\/#primaryimage"},"thumbnailUrl":"https:\/\/www.sebastien-auziere.fr\/blog\/wp-content\/uploads\/2026\/04\/Tes-trop-belle-Brigitte-Macron-ovationnee-a-son-arrivee-a-Rabat-les-enfants-seduits-par-son-charme.jpg","datePublished":"2026-04-25T19:06:42+00:00","description":"Brigitte Macron ovationn\u00e9e \u00e0 Rabat, son charme s\u00e9duit petits et grands lors de son arriv\u00e9e remarqu\u00e9e.","breadcrumb":{"@id":"https:\/\/www.sebastien-auziere.fr\/blog\/brigitte-macron-arrivee-rabat\/#breadcrumb"},"inLanguage":"fr-FR","potentialAction":[{"@type":"ReadAction","target":["https:\/\/www.sebastien-auziere.fr\/blog\/brigitte-macron-arrivee-rabat\/"]}]},{"@type":"ImageObject","inLanguage":"fr-FR","@id":"https:\/\/www.sebastien-auziere.fr\/blog\/brigitte-macron-arrivee-rabat\/#primaryimage","url":"https:\/\/www.sebastien-auziere.fr\/blog\/wp-content\/uploads\/2026\/04\/Tes-trop-belle-Brigitte-Macron-ovationnee-a-son-arrivee-a-Rabat-les-enfants-seduits-par-son-charme.jpg","contentUrl":"https:\/\/www.sebastien-auziere.fr\/blog\/wp-content\/uploads\/2026\/04\/Tes-trop-belle-Brigitte-Macron-ovationnee-a-son-arrivee-a-Rabat-les-enfants-seduits-par-son-charme.jpg","width":2560,"height":1429,"caption":"\u00e0 son arriv\u00e9e \u00e0 rabat, brigitte macron a \u00e9t\u00e9 chaleureusement ovationn\u00e9e, captivant les enfants par son charme et sa beaut\u00e9 naturelle."},{"@type":"BreadcrumbList","@id":"https:\/\/www.sebastien-auziere.fr\/blog\/brigitte-macron-arrivee-rabat\/#breadcrumb","itemListElement":[{"@type":"ListItem","position":1,"name":"Home","item":"https:\/\/www.sebastien-auziere.fr\/blog\/"},{"@type":"ListItem","position":2,"name":"\u00ab T\u2019es trop belle \u00bb : Brigitte Macron ovationn\u00e9e \u00e0 son arriv\u00e9e \u00e0 Rabat, les enfants s\u00e9duits par son charme"}]},{"@type":"WebSite","@id":"https:\/\/www.sebastien-auziere.fr\/blog\/#website","url":"https:\/\/www.sebastien-auziere.fr\/blog\/","name":"Fan site S\u00e9bastien Auzi\u00e8re","description":"M\u00e9dia g\u00e9n\u00e9raliste","publisher":{"@id":"https:\/\/www.sebastien-auziere.fr\/blog\/#organization"},"potentialAction":[{"@type":"SearchAction","target":{"@type":"EntryPoint","urlTemplate":"https:\/\/www.sebastien-auziere.fr\/blog\/?s={search_term_string}"},"query-input":{"@type":"PropertyValueSpecification","valueRequired":true,"valueName":"search_term_string"}}],"inLanguage":"fr-FR"},{"@type":"Organization","@id":"https:\/\/www.sebastien-auziere.fr\/blog\/#organization","name":"Fan site S\u00e9bastien Auzi\u00e8re","url":"https:\/\/www.sebastien-auziere.fr\/blog\/","logo":{"@type":"ImageObject","inLanguage":"fr-FR","@id":"https:\/\/www.sebastien-auziere.fr\/blog\/#\/schema\/logo\/image\/","url":"https:\/\/www.sebastien-auziere.fr\/blog\/wp-content\/uploads\/2026\/03\/cropped-cropped-cropped-ChatGPT-Image-6-mars-2026-12_58_09-e1772798376794.jpg","contentUrl":"https:\/\/www.sebastien-auziere.fr\/blog\/wp-content\/uploads\/2026\/03\/cropped-cropped-cropped-ChatGPT-Image-6-mars-2026-12_58_09-e1772798376794.jpg","width":512,"height":360,"caption":"Fan site S\u00e9bastien Auzi\u00e8re"},"image":{"@id":"https:\/\/www.sebastien-auziere.fr\/blog\/#\/schema\/logo\/image\/"}},{"@type":"Person","@id":"https:\/\/www.sebastien-auziere.fr\/blog\/#\/schema\/person\/149f1acdbfd85149c6c3e59adeae2f4d","name":"Chloe Gauthier","image":{"@type":"ImageObject","inLanguage":"fr-FR","@id":"https:\/\/secure.gravatar.com\/avatar\/2c5722f58171cff738a8985ef0dd66b476e563753246a49019befc837ec4201a?s=96&d=mm&r=g","url":"https:\/\/secure.gravatar.com\/avatar\/2c5722f58171cff738a8985ef0dd66b476e563753246a49019befc837ec4201a?s=96&d=mm&r=g","contentUrl":"https:\/\/secure.gravatar.com\/avatar\/2c5722f58171cff738a8985ef0dd66b476e563753246a49019befc837ec4201a?s=96&d=mm&r=g","caption":"Chloe Gauthier"},"description":"Passionn\u00e9e par la politique et admiratrice engag\u00e9e de la famille Macron, je consacre mon \u00e9nergie \u00e0 suivre leurs initiatives et \u00e0 promouvoir leurs id\u00e9es. \u00c0 32 ans, je suis convaincue que leur vision est porteuse d'avenir.","url":"https:\/\/www.sebastien-auziere.fr\/blog\/author\/chloe-gauthier\/"}]}},"views":13,"_links":{"self":[{"href":"https:\/\/www.sebastien-auziere.fr\/blog\/wp-json\/wp\/v2\/posts\/3327","targetHints":{"allow":["GET"]}}],"collection":[{"href":"https:\/\/www.sebastien-auziere.fr\/blog\/wp-json\/wp\/v2\/posts"}],"about":[{"href":"https:\/\/www.sebastien-auziere.fr\/blog\/wp-json\/wp\/v2\/types\/post"}],"author":[{"embeddable":true,"href":"https:\/\/www.sebastien-auziere.fr\/blog\/wp-json\/wp\/v2\/users\/9"}],"replies":[{"embeddable":true,"href":"https:\/\/www.sebastien-auziere.fr\/blog\/wp-json\/wp\/v2\/comments?post=3327"}],"version-history":[{"count":0,"href":"https:\/\/www.sebastien-auziere.fr\/blog\/wp-json\/wp\/v2\/posts\/3327\/revisions"}],"wp:featuredmedia":[{"embeddable":true,"href":"https:\/\/www.sebastien-auziere.fr\/blog\/wp-json\/wp\/v2\/media\/3326"}],"wp:attachment":[{"href":"https:\/\/www.sebastien-auziere.fr\/blog\/wp-json\/wp\/v2\/media?parent=3327"}],"wp:term":[{"taxonomy":"category","embeddable":true,"href":"https:\/\/www.sebastien-auziere.fr\/blog\/wp-json\/wp\/v2\/categories?post=3327"},{"taxonomy":"post_tag","embeddable":true,"href":"https:\/\/www.sebastien-auziere.fr\/blog\/wp-json\/wp\/v2\/tags?post=3327"}],"curies":[{"name":"wp","href":"https:\/\/api.w.org\/{rel}","templated":true}]}}