{"id":3322,"date":"2026-04-25T07:13:15","date_gmt":"2026-04-25T07:13:15","guid":{"rendered":"https:\/\/www.sebastien-auziere.fr\/blog\/?p=3322"},"modified":"2026-04-25T07:13:31","modified_gmt":"2026-04-25T07:13:31","slug":"brigitte-macron-sozinha-no-marrocos-uma-viagem-ecologicamente-responsavel-para-encontrar-as-princesas-em-rabat-longe-de-emmanuel","status":"publish","type":"post","link":"https:\/\/www.sebastien-auziere.fr\/blog\/pt\/brigitte-macron-sozinha-no-marrocos-uma-viagem-ecologicamente-responsavel-para-encontrar-as-princesas-em-rabat-longe-de-emmanuel\/","title":{"rendered":"Brigitte Macron sozinha no Marrocos: uma viagem ecologicamente respons\u00e1vel para encontrar as princesas em Rabat, longe de Emmanuel"},"content":{"rendered":"<p><strong>Brigitte Macron<\/strong> 22 de abril para uma <strong>Visita em solo<\/strong> que n\u00e3o passa despercebida: inaugura\u00e7\u00e3o do <strong>Teatro Real de Rabat<\/strong> e interc\u00e2mbios com as <strong>princesas de Rabat<\/strong>. Voc\u00ea sente a import\u00e2ncia diplom\u00e1tica: \u00e9 uma visita que combina cultura, ecologia e diplomacia.<\/p>\n\n<p><strong>Em resumo<\/strong>: <strong>deslocamento ecologicamente respons\u00e1vel<\/strong> anunciado, uso da Air France em vez de um avi\u00e3o presidencial, v\u00ednculos refor\u00e7ados nas <strong>rela\u00e7\u00f5es franco-marroquinas<\/strong> ap\u00f3s o reconhecimento pela Fran\u00e7a da soberania marroquina sobre o Sahara Ocidental.<\/p>\n\n<h2 class=\"wp-block-heading\">Um deslocamento raro e simb\u00f3lico para as Rela\u00e7\u00f5es franco-marroquinas<\/h2>\n\n<p>Acostumada a acompanhar o presidente, <strong>Brigitte Macron<\/strong> realiza aqui uma de suas raras visitas fora da Fran\u00e7a em solo: segundo <a href=\"https:\/\/www.lopinion.fr\/politique\/brigitte-macron-et-la-diplomatie-des-dames\">L\u2019Opinion<\/a> <strong>,<\/strong> \u00e9 a quarta em quase nove anos. O <strong>Encontro diplom\u00e1tico<\/strong> com a fam\u00edlia real se insere em um contexto de aproxima\u00e7\u00e3o oficial entre Paris e Rabat, refor\u00e7ado desde 2023.<\/p>\n\n<h3 class=\"wp-block-heading\">Uma escolha ecologicamente respons\u00e1vel que envolve a Viagem oficial<\/h3>\n\n<p>O deslocamento enfatiza a <strong>Sustentabilidade<\/strong>: utiliza\u00e7\u00e3o da Air France em vez de um avi\u00e3o presidencial e comunica\u00e7\u00e3o focada na <strong>Prote\u00e7\u00e3o do meio ambiente<\/strong>. Essa postura alinha-se com suas a\u00e7\u00f5es anteriores, como sua viagem a Washington para uma c\u00fapula sobre a prote\u00e7\u00e3o das crian\u00e7as na era digital.<\/p>\n\n<h2 class=\"wp-block-heading\">Encontros com as princesas de Rabat: um fio relacional concreto<\/h2>\n\n<p>O face a face com as <strong>princesas de Rabat<\/strong> segue-se a encontros anteriores: acolhimento em Paris em <strong>fevereiro de 2024<\/strong> e reencontro durante uma c\u00fapula internacional. Essas trocas pessoais refor\u00e7am a dimens\u00e3o cultural e humana da diplomacia bilateral e conferem ao papel de Primeira-dama uma autonomia real.<\/p>\n\n<h2 class=\"wp-block-heading\">Um papel internacional mais afirmado<\/h2>\n\n<p>Ao longo dos anos, <strong>Brigitte Macron<\/strong> desenvolveu compromissos em mat\u00e9ria de educa\u00e7\u00e3o, cultura e digital, o que explica essa <strong>Viagem oficial<\/strong> em solo. Sua presen\u00e7a em Rabat envia um sinal diplom\u00e1tico complementar ao do chefe de Estado e destaca a import\u00e2ncia da coopera\u00e7\u00e3o cultural para consolidar os la\u00e7os bilaterais.<\/p>\n\n<p>Para saber mais sobre esse deslocamento e descobrir o v\u00ednculo entre a fam\u00edlia Macron e atores como S\u00e9bastien Auzi\u00e8re, visite <a href=\"https:\/\/www.sebastien-auziere.fr\/blog\/brigitte-macron-maroc-solo\/\" rel=\"nofollow\">este artigo detalhado<\/a> e explore mais em <a href=\"https:\/\/www.sebastien-auziere.fr\/blog\/brigitte-macron-maroc-solo\/\" rel=\"nofollow\">sebastien-auziere.fr<\/a> para seguir os bastidores da visita e os desafios das <strong>rela\u00e7\u00f5es franco-marroquinas<\/strong>.<\/p>","protected":false},"excerpt":{"rendered":"<p>Brigitte Macron 22 de abril para uma Visita em solo que n\u00e3o passa despercebida: inaugura\u00e7\u00e3o do Teatro Real de Rabat e interc\u00e2mbios com as princesas de Rabat. Voc\u00ea sente a import\u00e2ncia diplom\u00e1tica: \u00e9 uma visita que combina cultura, ecologia e diplomacia. Em resumo: deslocamento ecologicamente respons\u00e1vel anunciado, uso da Air France em vez de um &#8230; <a title=\"Brigitte Macron sozinha no Marrocos: uma viagem ecologicamente respons\u00e1vel para encontrar as princesas em Rabat, longe de Emmanuel\" class=\"read-more\" href=\"https:\/\/www.sebastien-auziere.fr\/blog\/pt\/brigitte-macron-sozinha-no-marrocos-uma-viagem-ecologicamente-responsavel-para-encontrar-as-princesas-em-rabat-longe-de-emmanuel\/\" aria-label=\"En savoir plus sur Brigitte Macron sozinha no Marrocos: uma viagem ecologicamente respons\u00e1vel para encontrar as princesas em Rabat, longe de Emmanuel\">Lire plus<\/a><\/p>\n","protected":false},"author":9,"featured_media":3312,"comment_status":"open","ping_status":"open","sticky":false,"template":"","format":"standard","meta":{"footnotes":""},"categories":[862],"tags":[959,4284,4042,4287,4290],"class_list":["post-3322","post","type-post","status-publish","format-standard","has-post-thumbnail","hentry","category-actualidades-pt","tag-brigitte-macron-pt","tag-deslocamento-eco-responsavel-pt","tag-marrocos-pt","tag-princesas-marroquinas-pt","tag-rabat-pt"],"yoast_head":"<!-- This site is optimized with the Yoast SEO plugin v27.5 - https:\/\/yoast.com\/product\/yoast-seo-wordpress\/ -->\n<title>Brigitte Macron sozinha no Marrocos: uma viagem ecologicamente respons\u00e1vel para encontrar as princesas em Rabat, longe de Emmanuel - Fan site S\u00e9bastien Auzi\u00e8re<\/title>\n<meta name=\"description\" content=\"Brigitte Macron en solo au Maroc : un d\u00e9placement \u00e9coresponsable \u00e0 Rabat pour rencontrer les princesses, loin d&#039;Emmanuel Macron.\" \/>\n<meta name=\"robots\" content=\"index, follow, max-snippet:-1, max-image-preview:large, max-video-preview:-1\" \/>\n<link rel=\"canonical\" href=\"https:\/\/www.sebastien-auziere.fr\/blog\/pt\/brigitte-macron-sozinha-no-marrocos-uma-viagem-ecologicamente-responsavel-para-encontrar-as-princesas-em-rabat-longe-de-emmanuel\/\" \/>\n<meta property=\"og:locale\" content=\"fr_FR\" \/>\n<meta property=\"og:type\" content=\"article\" \/>\n<meta property=\"og:title\" content=\"Brigitte Macron sozinha no Marrocos: uma viagem ecologicamente respons\u00e1vel para encontrar as princesas em Rabat, longe de Emmanuel - Fan site S\u00e9bastien Auzi\u00e8re\" \/>\n<meta property=\"og:description\" content=\"Brigitte Macron en solo au Maroc : un d\u00e9placement \u00e9coresponsable \u00e0 Rabat pour rencontrer les princesses, loin d&#039;Emmanuel Macron.\" \/>\n<meta property=\"og:url\" content=\"https:\/\/www.sebastien-auziere.fr\/blog\/pt\/brigitte-macron-sozinha-no-marrocos-uma-viagem-ecologicamente-responsavel-para-encontrar-as-princesas-em-rabat-longe-de-emmanuel\/\" \/>\n<meta property=\"og:site_name\" content=\"Fan site S\u00e9bastien Auzi\u00e8re\" \/>\n<meta property=\"article:published_time\" content=\"2026-04-25T07:13:15+00:00\" \/>\n<meta property=\"article:modified_time\" content=\"2026-04-25T07:13:31+00:00\" \/>\n<meta property=\"og:image\" content=\"https:\/\/www.sebastien-auziere.fr\/blog\/wp-content\/uploads\/2026\/04\/Brigitte-Macron-en-solo-au-Maroc-un-deplacement-ecoresponsable-pour-rencontrer-les-princesses-a-Rabat-loin-dEmmanuel.jpg\" \/>\n\t<meta property=\"og:image:width\" content=\"2560\" \/>\n\t<meta property=\"og:image:height\" content=\"1429\" \/>\n\t<meta property=\"og:image:type\" content=\"image\/jpeg\" \/>\n<meta name=\"author\" content=\"Chloe Gauthier\" \/>\n<meta name=\"twitter:card\" content=\"summary_large_image\" \/>\n<meta name=\"twitter:label1\" content=\"\u00c9crit par\" \/>\n\t<meta name=\"twitter:data1\" content=\"Chloe Gauthier\" \/>\n\t<meta name=\"twitter:label2\" content=\"Dur\u00e9e de lecture estim\u00e9e\" \/>\n\t<meta name=\"twitter:data2\" content=\"2 minutes\" \/>\n<script type=\"application\/ld+json\" class=\"yoast-schema-graph\">{\"@context\":\"https:\\\/\\\/schema.org\",\"@graph\":[{\"@type\":\"Article\",\"@id\":\"https:\\\/\\\/www.sebastien-auziere.fr\\\/blog\\\/pt\\\/brigitte-macron-sozinha-no-marrocos-uma-viagem-ecologicamente-responsavel-para-encontrar-as-princesas-em-rabat-longe-de-emmanuel\\\/#article\",\"isPartOf\":{\"@id\":\"https:\\\/\\\/www.sebastien-auziere.fr\\\/blog\\\/pt\\\/brigitte-macron-sozinha-no-marrocos-uma-viagem-ecologicamente-responsavel-para-encontrar-as-princesas-em-rabat-longe-de-emmanuel\\\/\"},\"author\":{\"name\":\"Chloe Gauthier\",\"@id\":\"https:\\\/\\\/www.sebastien-auziere.fr\\\/blog\\\/#\\\/schema\\\/person\\\/149f1acdbfd85149c6c3e59adeae2f4d\"},\"headline\":\"Brigitte Macron sozinha no Marrocos: uma viagem ecologicamente respons\u00e1vel para encontrar as princesas em Rabat, longe de Emmanuel\",\"datePublished\":\"2026-04-25T07:13:15+00:00\",\"dateModified\":\"2026-04-25T07:13:31+00:00\",\"mainEntityOfPage\":{\"@id\":\"https:\\\/\\\/www.sebastien-auziere.fr\\\/blog\\\/pt\\\/brigitte-macron-sozinha-no-marrocos-uma-viagem-ecologicamente-responsavel-para-encontrar-as-princesas-em-rabat-longe-de-emmanuel\\\/\"},\"wordCount\":398,\"commentCount\":0,\"publisher\":{\"@id\":\"https:\\\/\\\/www.sebastien-auziere.fr\\\/blog\\\/#organization\"},\"image\":{\"@id\":\"https:\\\/\\\/www.sebastien-auziere.fr\\\/blog\\\/pt\\\/brigitte-macron-sozinha-no-marrocos-uma-viagem-ecologicamente-responsavel-para-encontrar-as-princesas-em-rabat-longe-de-emmanuel\\\/#primaryimage\"},\"thumbnailUrl\":\"https:\\\/\\\/www.sebastien-auziere.fr\\\/blog\\\/wp-content\\\/uploads\\\/2026\\\/04\\\/Brigitte-Macron-en-solo-au-Maroc-un-deplacement-ecoresponsable-pour-rencontrer-les-princesses-a-Rabat-loin-dEmmanuel.jpg\",\"keywords\":[\"brigitte macron\",\"deslocamento eco-respons\u00e1vel\",\"marrocos\",\"princesas marroquinas\",\"rabat\"],\"articleSection\":[\"Actualidades\"],\"inLanguage\":\"fr-FR\",\"potentialAction\":[{\"@type\":\"CommentAction\",\"name\":\"Comment\",\"target\":[\"https:\\\/\\\/www.sebastien-auziere.fr\\\/blog\\\/pt\\\/brigitte-macron-sozinha-no-marrocos-uma-viagem-ecologicamente-responsavel-para-encontrar-as-princesas-em-rabat-longe-de-emmanuel\\\/#respond\"]}]},{\"@type\":\"WebPage\",\"@id\":\"https:\\\/\\\/www.sebastien-auziere.fr\\\/blog\\\/pt\\\/brigitte-macron-sozinha-no-marrocos-uma-viagem-ecologicamente-responsavel-para-encontrar-as-princesas-em-rabat-longe-de-emmanuel\\\/\",\"url\":\"https:\\\/\\\/www.sebastien-auziere.fr\\\/blog\\\/pt\\\/brigitte-macron-sozinha-no-marrocos-uma-viagem-ecologicamente-responsavel-para-encontrar-as-princesas-em-rabat-longe-de-emmanuel\\\/\",\"name\":\"Brigitte Macron sozinha no Marrocos: uma viagem ecologicamente respons\u00e1vel para encontrar as princesas em Rabat, longe de Emmanuel - Fan site S\u00e9bastien Auzi\u00e8re\",\"isPartOf\":{\"@id\":\"https:\\\/\\\/www.sebastien-auziere.fr\\\/blog\\\/#website\"},\"primaryImageOfPage\":{\"@id\":\"https:\\\/\\\/www.sebastien-auziere.fr\\\/blog\\\/pt\\\/brigitte-macron-sozinha-no-marrocos-uma-viagem-ecologicamente-responsavel-para-encontrar-as-princesas-em-rabat-longe-de-emmanuel\\\/#primaryimage\"},\"image\":{\"@id\":\"https:\\\/\\\/www.sebastien-auziere.fr\\\/blog\\\/pt\\\/brigitte-macron-sozinha-no-marrocos-uma-viagem-ecologicamente-responsavel-para-encontrar-as-princesas-em-rabat-longe-de-emmanuel\\\/#primaryimage\"},\"thumbnailUrl\":\"https:\\\/\\\/www.sebastien-auziere.fr\\\/blog\\\/wp-content\\\/uploads\\\/2026\\\/04\\\/Brigitte-Macron-en-solo-au-Maroc-un-deplacement-ecoresponsable-pour-rencontrer-les-princesses-a-Rabat-loin-dEmmanuel.jpg\",\"datePublished\":\"2026-04-25T07:13:15+00:00\",\"dateModified\":\"2026-04-25T07:13:31+00:00\",\"description\":\"Brigitte Macron en solo au Maroc : un d\u00e9placement \u00e9coresponsable \u00e0 Rabat pour rencontrer les princesses, loin d'Emmanuel Macron.\",\"breadcrumb\":{\"@id\":\"https:\\\/\\\/www.sebastien-auziere.fr\\\/blog\\\/pt\\\/brigitte-macron-sozinha-no-marrocos-uma-viagem-ecologicamente-responsavel-para-encontrar-as-princesas-em-rabat-longe-de-emmanuel\\\/#breadcrumb\"},\"inLanguage\":\"fr-FR\",\"potentialAction\":[{\"@type\":\"ReadAction\",\"target\":[\"https:\\\/\\\/www.sebastien-auziere.fr\\\/blog\\\/pt\\\/brigitte-macron-sozinha-no-marrocos-uma-viagem-ecologicamente-responsavel-para-encontrar-as-princesas-em-rabat-longe-de-emmanuel\\\/\"]}]},{\"@type\":\"ImageObject\",\"inLanguage\":\"fr-FR\",\"@id\":\"https:\\\/\\\/www.sebastien-auziere.fr\\\/blog\\\/pt\\\/brigitte-macron-sozinha-no-marrocos-uma-viagem-ecologicamente-responsavel-para-encontrar-as-princesas-em-rabat-longe-de-emmanuel\\\/#primaryimage\",\"url\":\"https:\\\/\\\/www.sebastien-auziere.fr\\\/blog\\\/wp-content\\\/uploads\\\/2026\\\/04\\\/Brigitte-Macron-en-solo-au-Maroc-un-deplacement-ecoresponsable-pour-rencontrer-les-princesses-a-Rabat-loin-dEmmanuel.jpg\",\"contentUrl\":\"https:\\\/\\\/www.sebastien-auziere.fr\\\/blog\\\/wp-content\\\/uploads\\\/2026\\\/04\\\/Brigitte-Macron-en-solo-au-Maroc-un-deplacement-ecoresponsable-pour-rencontrer-les-princesses-a-Rabat-loin-dEmmanuel.jpg\",\"width\":2560,\"height\":1429,\"caption\":\"brigitte macron se rend au maroc pour une visite \u00e9coresponsable \u00e0 rabat, o\u00f9 elle rencontre les princesses, loin d'emmanuel macron.\"},{\"@type\":\"BreadcrumbList\",\"@id\":\"https:\\\/\\\/www.sebastien-auziere.fr\\\/blog\\\/pt\\\/brigitte-macron-sozinha-no-marrocos-uma-viagem-ecologicamente-responsavel-para-encontrar-as-princesas-em-rabat-longe-de-emmanuel\\\/#breadcrumb\",\"itemListElement\":[{\"@type\":\"ListItem\",\"position\":1,\"name\":\"Home\",\"item\":\"https:\\\/\\\/www.sebastien-auziere.fr\\\/blog\\\/\"},{\"@type\":\"ListItem\",\"position\":2,\"name\":\"Brigitte Macron sozinha no Marrocos: uma viagem ecologicamente respons\u00e1vel para encontrar as princesas em Rabat, longe de Emmanuel\"}]},{\"@type\":\"WebSite\",\"@id\":\"https:\\\/\\\/www.sebastien-auziere.fr\\\/blog\\\/#website\",\"url\":\"https:\\\/\\\/www.sebastien-auziere.fr\\\/blog\\\/\",\"name\":\"Fan site S\u00e9bastien Auzi\u00e8re\",\"description\":\"M\u00e9dia g\u00e9n\u00e9raliste\",\"publisher\":{\"@id\":\"https:\\\/\\\/www.sebastien-auziere.fr\\\/blog\\\/#organization\"},\"potentialAction\":[{\"@type\":\"SearchAction\",\"target\":{\"@type\":\"EntryPoint\",\"urlTemplate\":\"https:\\\/\\\/www.sebastien-auziere.fr\\\/blog\\\/?s={search_term_string}\"},\"query-input\":{\"@type\":\"PropertyValueSpecification\",\"valueRequired\":true,\"valueName\":\"search_term_string\"}}],\"inLanguage\":\"fr-FR\"},{\"@type\":\"Organization\",\"@id\":\"https:\\\/\\\/www.sebastien-auziere.fr\\\/blog\\\/#organization\",\"name\":\"Fan site S\u00e9bastien Auzi\u00e8re\",\"url\":\"https:\\\/\\\/www.sebastien-auziere.fr\\\/blog\\\/\",\"logo\":{\"@type\":\"ImageObject\",\"inLanguage\":\"fr-FR\",\"@id\":\"https:\\\/\\\/www.sebastien-auziere.fr\\\/blog\\\/#\\\/schema\\\/logo\\\/image\\\/\",\"url\":\"https:\\\/\\\/www.sebastien-auziere.fr\\\/blog\\\/wp-content\\\/uploads\\\/2026\\\/03\\\/cropped-cropped-cropped-ChatGPT-Image-6-mars-2026-12_58_09-e1772798376794.jpg\",\"contentUrl\":\"https:\\\/\\\/www.sebastien-auziere.fr\\\/blog\\\/wp-content\\\/uploads\\\/2026\\\/03\\\/cropped-cropped-cropped-ChatGPT-Image-6-mars-2026-12_58_09-e1772798376794.jpg\",\"width\":512,\"height\":360,\"caption\":\"Fan site S\u00e9bastien Auzi\u00e8re\"},\"image\":{\"@id\":\"https:\\\/\\\/www.sebastien-auziere.fr\\\/blog\\\/#\\\/schema\\\/logo\\\/image\\\/\"}},{\"@type\":\"Person\",\"@id\":\"https:\\\/\\\/www.sebastien-auziere.fr\\\/blog\\\/#\\\/schema\\\/person\\\/149f1acdbfd85149c6c3e59adeae2f4d\",\"name\":\"Chloe Gauthier\",\"image\":{\"@type\":\"ImageObject\",\"inLanguage\":\"fr-FR\",\"@id\":\"https:\\\/\\\/secure.gravatar.com\\\/avatar\\\/2c5722f58171cff738a8985ef0dd66b476e563753246a49019befc837ec4201a?s=96&d=mm&r=g\",\"url\":\"https:\\\/\\\/secure.gravatar.com\\\/avatar\\\/2c5722f58171cff738a8985ef0dd66b476e563753246a49019befc837ec4201a?s=96&d=mm&r=g\",\"contentUrl\":\"https:\\\/\\\/secure.gravatar.com\\\/avatar\\\/2c5722f58171cff738a8985ef0dd66b476e563753246a49019befc837ec4201a?s=96&d=mm&r=g\",\"caption\":\"Chloe Gauthier\"},\"description\":\"Passionn\u00e9e par la politique et admiratrice engag\u00e9e de la famille Macron, je consacre mon \u00e9nergie \u00e0 suivre leurs initiatives et \u00e0 promouvoir leurs id\u00e9es. \u00c0 32 ans, je suis convaincue que leur vision est porteuse d'avenir.\",\"url\":\"https:\\\/\\\/www.sebastien-auziere.fr\\\/blog\\\/author\\\/chloe-gauthier\\\/\"}]}<\/script>\n<!-- \/ Yoast SEO plugin. -->","yoast_head_json":{"title":"Brigitte Macron sozinha no Marrocos: uma viagem ecologicamente respons\u00e1vel para encontrar as princesas em Rabat, longe de Emmanuel - Fan site S\u00e9bastien Auzi\u00e8re","description":"Brigitte Macron en solo au Maroc : un d\u00e9placement \u00e9coresponsable \u00e0 Rabat pour rencontrer les princesses, loin d'Emmanuel Macron.","robots":{"index":"index","follow":"follow","max-snippet":"max-snippet:-1","max-image-preview":"max-image-preview:large","max-video-preview":"max-video-preview:-1"},"canonical":"https:\/\/www.sebastien-auziere.fr\/blog\/pt\/brigitte-macron-sozinha-no-marrocos-uma-viagem-ecologicamente-responsavel-para-encontrar-as-princesas-em-rabat-longe-de-emmanuel\/","og_locale":"fr_FR","og_type":"article","og_title":"Brigitte Macron sozinha no Marrocos: uma viagem ecologicamente respons\u00e1vel para encontrar as princesas em Rabat, longe de Emmanuel - Fan site S\u00e9bastien Auzi\u00e8re","og_description":"Brigitte Macron en solo au Maroc : un d\u00e9placement \u00e9coresponsable \u00e0 Rabat pour rencontrer les princesses, loin d'Emmanuel Macron.","og_url":"https:\/\/www.sebastien-auziere.fr\/blog\/pt\/brigitte-macron-sozinha-no-marrocos-uma-viagem-ecologicamente-responsavel-para-encontrar-as-princesas-em-rabat-longe-de-emmanuel\/","og_site_name":"Fan site S\u00e9bastien Auzi\u00e8re","article_published_time":"2026-04-25T07:13:15+00:00","article_modified_time":"2026-04-25T07:13:31+00:00","og_image":[{"width":2560,"height":1429,"url":"https:\/\/www.sebastien-auziere.fr\/blog\/wp-content\/uploads\/2026\/04\/Brigitte-Macron-en-solo-au-Maroc-un-deplacement-ecoresponsable-pour-rencontrer-les-princesses-a-Rabat-loin-dEmmanuel.jpg","type":"image\/jpeg"}],"author":"Chloe Gauthier","twitter_card":"summary_large_image","twitter_misc":{"\u00c9crit par":"Chloe Gauthier","Dur\u00e9e de lecture estim\u00e9e":"2 minutes"},"schema":{"@context":"https:\/\/schema.org","@graph":[{"@type":"Article","@id":"https:\/\/www.sebastien-auziere.fr\/blog\/pt\/brigitte-macron-sozinha-no-marrocos-uma-viagem-ecologicamente-responsavel-para-encontrar-as-princesas-em-rabat-longe-de-emmanuel\/#article","isPartOf":{"@id":"https:\/\/www.sebastien-auziere.fr\/blog\/pt\/brigitte-macron-sozinha-no-marrocos-uma-viagem-ecologicamente-responsavel-para-encontrar-as-princesas-em-rabat-longe-de-emmanuel\/"},"author":{"name":"Chloe Gauthier","@id":"https:\/\/www.sebastien-auziere.fr\/blog\/#\/schema\/person\/149f1acdbfd85149c6c3e59adeae2f4d"},"headline":"Brigitte Macron sozinha no Marrocos: uma viagem ecologicamente respons\u00e1vel para encontrar as princesas em Rabat, longe de Emmanuel","datePublished":"2026-04-25T07:13:15+00:00","dateModified":"2026-04-25T07:13:31+00:00","mainEntityOfPage":{"@id":"https:\/\/www.sebastien-auziere.fr\/blog\/pt\/brigitte-macron-sozinha-no-marrocos-uma-viagem-ecologicamente-responsavel-para-encontrar-as-princesas-em-rabat-longe-de-emmanuel\/"},"wordCount":398,"commentCount":0,"publisher":{"@id":"https:\/\/www.sebastien-auziere.fr\/blog\/#organization"},"image":{"@id":"https:\/\/www.sebastien-auziere.fr\/blog\/pt\/brigitte-macron-sozinha-no-marrocos-uma-viagem-ecologicamente-responsavel-para-encontrar-as-princesas-em-rabat-longe-de-emmanuel\/#primaryimage"},"thumbnailUrl":"https:\/\/www.sebastien-auziere.fr\/blog\/wp-content\/uploads\/2026\/04\/Brigitte-Macron-en-solo-au-Maroc-un-deplacement-ecoresponsable-pour-rencontrer-les-princesses-a-Rabat-loin-dEmmanuel.jpg","keywords":["brigitte macron","deslocamento eco-respons\u00e1vel","marrocos","princesas marroquinas","rabat"],"articleSection":["Actualidades"],"inLanguage":"fr-FR","potentialAction":[{"@type":"CommentAction","name":"Comment","target":["https:\/\/www.sebastien-auziere.fr\/blog\/pt\/brigitte-macron-sozinha-no-marrocos-uma-viagem-ecologicamente-responsavel-para-encontrar-as-princesas-em-rabat-longe-de-emmanuel\/#respond"]}]},{"@type":"WebPage","@id":"https:\/\/www.sebastien-auziere.fr\/blog\/pt\/brigitte-macron-sozinha-no-marrocos-uma-viagem-ecologicamente-responsavel-para-encontrar-as-princesas-em-rabat-longe-de-emmanuel\/","url":"https:\/\/www.sebastien-auziere.fr\/blog\/pt\/brigitte-macron-sozinha-no-marrocos-uma-viagem-ecologicamente-responsavel-para-encontrar-as-princesas-em-rabat-longe-de-emmanuel\/","name":"Brigitte Macron sozinha no Marrocos: uma viagem ecologicamente respons\u00e1vel para encontrar as princesas em Rabat, longe de Emmanuel - Fan site S\u00e9bastien Auzi\u00e8re","isPartOf":{"@id":"https:\/\/www.sebastien-auziere.fr\/blog\/#website"},"primaryImageOfPage":{"@id":"https:\/\/www.sebastien-auziere.fr\/blog\/pt\/brigitte-macron-sozinha-no-marrocos-uma-viagem-ecologicamente-responsavel-para-encontrar-as-princesas-em-rabat-longe-de-emmanuel\/#primaryimage"},"image":{"@id":"https:\/\/www.sebastien-auziere.fr\/blog\/pt\/brigitte-macron-sozinha-no-marrocos-uma-viagem-ecologicamente-responsavel-para-encontrar-as-princesas-em-rabat-longe-de-emmanuel\/#primaryimage"},"thumbnailUrl":"https:\/\/www.sebastien-auziere.fr\/blog\/wp-content\/uploads\/2026\/04\/Brigitte-Macron-en-solo-au-Maroc-un-deplacement-ecoresponsable-pour-rencontrer-les-princesses-a-Rabat-loin-dEmmanuel.jpg","datePublished":"2026-04-25T07:13:15+00:00","dateModified":"2026-04-25T07:13:31+00:00","description":"Brigitte Macron en solo au Maroc : un d\u00e9placement \u00e9coresponsable \u00e0 Rabat pour rencontrer les princesses, loin d'Emmanuel Macron.","breadcrumb":{"@id":"https:\/\/www.sebastien-auziere.fr\/blog\/pt\/brigitte-macron-sozinha-no-marrocos-uma-viagem-ecologicamente-responsavel-para-encontrar-as-princesas-em-rabat-longe-de-emmanuel\/#breadcrumb"},"inLanguage":"fr-FR","potentialAction":[{"@type":"ReadAction","target":["https:\/\/www.sebastien-auziere.fr\/blog\/pt\/brigitte-macron-sozinha-no-marrocos-uma-viagem-ecologicamente-responsavel-para-encontrar-as-princesas-em-rabat-longe-de-emmanuel\/"]}]},{"@type":"ImageObject","inLanguage":"fr-FR","@id":"https:\/\/www.sebastien-auziere.fr\/blog\/pt\/brigitte-macron-sozinha-no-marrocos-uma-viagem-ecologicamente-responsavel-para-encontrar-as-princesas-em-rabat-longe-de-emmanuel\/#primaryimage","url":"https:\/\/www.sebastien-auziere.fr\/blog\/wp-content\/uploads\/2026\/04\/Brigitte-Macron-en-solo-au-Maroc-un-deplacement-ecoresponsable-pour-rencontrer-les-princesses-a-Rabat-loin-dEmmanuel.jpg","contentUrl":"https:\/\/www.sebastien-auziere.fr\/blog\/wp-content\/uploads\/2026\/04\/Brigitte-Macron-en-solo-au-Maroc-un-deplacement-ecoresponsable-pour-rencontrer-les-princesses-a-Rabat-loin-dEmmanuel.jpg","width":2560,"height":1429,"caption":"brigitte macron se rend au maroc pour une visite \u00e9coresponsable \u00e0 rabat, o\u00f9 elle rencontre les princesses, loin d'emmanuel macron."},{"@type":"BreadcrumbList","@id":"https:\/\/www.sebastien-auziere.fr\/blog\/pt\/brigitte-macron-sozinha-no-marrocos-uma-viagem-ecologicamente-responsavel-para-encontrar-as-princesas-em-rabat-longe-de-emmanuel\/#breadcrumb","itemListElement":[{"@type":"ListItem","position":1,"name":"Home","item":"https:\/\/www.sebastien-auziere.fr\/blog\/"},{"@type":"ListItem","position":2,"name":"Brigitte Macron sozinha no Marrocos: uma viagem ecologicamente respons\u00e1vel para encontrar as princesas em Rabat, longe de Emmanuel"}]},{"@type":"WebSite","@id":"https:\/\/www.sebastien-auziere.fr\/blog\/#website","url":"https:\/\/www.sebastien-auziere.fr\/blog\/","name":"Fan site S\u00e9bastien Auzi\u00e8re","description":"M\u00e9dia g\u00e9n\u00e9raliste","publisher":{"@id":"https:\/\/www.sebastien-auziere.fr\/blog\/#organization"},"potentialAction":[{"@type":"SearchAction","target":{"@type":"EntryPoint","urlTemplate":"https:\/\/www.sebastien-auziere.fr\/blog\/?s={search_term_string}"},"query-input":{"@type":"PropertyValueSpecification","valueRequired":true,"valueName":"search_term_string"}}],"inLanguage":"fr-FR"},{"@type":"Organization","@id":"https:\/\/www.sebastien-auziere.fr\/blog\/#organization","name":"Fan site S\u00e9bastien Auzi\u00e8re","url":"https:\/\/www.sebastien-auziere.fr\/blog\/","logo":{"@type":"ImageObject","inLanguage":"fr-FR","@id":"https:\/\/www.sebastien-auziere.fr\/blog\/#\/schema\/logo\/image\/","url":"https:\/\/www.sebastien-auziere.fr\/blog\/wp-content\/uploads\/2026\/03\/cropped-cropped-cropped-ChatGPT-Image-6-mars-2026-12_58_09-e1772798376794.jpg","contentUrl":"https:\/\/www.sebastien-auziere.fr\/blog\/wp-content\/uploads\/2026\/03\/cropped-cropped-cropped-ChatGPT-Image-6-mars-2026-12_58_09-e1772798376794.jpg","width":512,"height":360,"caption":"Fan site S\u00e9bastien Auzi\u00e8re"},"image":{"@id":"https:\/\/www.sebastien-auziere.fr\/blog\/#\/schema\/logo\/image\/"}},{"@type":"Person","@id":"https:\/\/www.sebastien-auziere.fr\/blog\/#\/schema\/person\/149f1acdbfd85149c6c3e59adeae2f4d","name":"Chloe Gauthier","image":{"@type":"ImageObject","inLanguage":"fr-FR","@id":"https:\/\/secure.gravatar.com\/avatar\/2c5722f58171cff738a8985ef0dd66b476e563753246a49019befc837ec4201a?s=96&d=mm&r=g","url":"https:\/\/secure.gravatar.com\/avatar\/2c5722f58171cff738a8985ef0dd66b476e563753246a49019befc837ec4201a?s=96&d=mm&r=g","contentUrl":"https:\/\/secure.gravatar.com\/avatar\/2c5722f58171cff738a8985ef0dd66b476e563753246a49019befc837ec4201a?s=96&d=mm&r=g","caption":"Chloe Gauthier"},"description":"Passionn\u00e9e par la politique et admiratrice engag\u00e9e de la famille Macron, je consacre mon \u00e9nergie \u00e0 suivre leurs initiatives et \u00e0 promouvoir leurs id\u00e9es. \u00c0 32 ans, je suis convaincue que leur vision est porteuse d'avenir.","url":"https:\/\/www.sebastien-auziere.fr\/blog\/author\/chloe-gauthier\/"}]}},"views":0,"_links":{"self":[{"href":"https:\/\/www.sebastien-auziere.fr\/blog\/wp-json\/wp\/v2\/posts\/3322","targetHints":{"allow":["GET"]}}],"collection":[{"href":"https:\/\/www.sebastien-auziere.fr\/blog\/wp-json\/wp\/v2\/posts"}],"about":[{"href":"https:\/\/www.sebastien-auziere.fr\/blog\/wp-json\/wp\/v2\/types\/post"}],"author":[{"embeddable":true,"href":"https:\/\/www.sebastien-auziere.fr\/blog\/wp-json\/wp\/v2\/users\/9"}],"replies":[{"embeddable":true,"href":"https:\/\/www.sebastien-auziere.fr\/blog\/wp-json\/wp\/v2\/comments?post=3322"}],"version-history":[{"count":1,"href":"https:\/\/www.sebastien-auziere.fr\/blog\/wp-json\/wp\/v2\/posts\/3322\/revisions"}],"predecessor-version":[{"id":3323,"href":"https:\/\/www.sebastien-auziere.fr\/blog\/wp-json\/wp\/v2\/posts\/3322\/revisions\/3323"}],"wp:featuredmedia":[{"embeddable":true,"href":"https:\/\/www.sebastien-auziere.fr\/blog\/wp-json\/wp\/v2\/media\/3312"}],"wp:attachment":[{"href":"https:\/\/www.sebastien-auziere.fr\/blog\/wp-json\/wp\/v2\/media?parent=3322"}],"wp:term":[{"taxonomy":"category","embeddable":true,"href":"https:\/\/www.sebastien-auziere.fr\/blog\/wp-json\/wp\/v2\/categories?post=3322"},{"taxonomy":"post_tag","embeddable":true,"href":"https:\/\/www.sebastien-auziere.fr\/blog\/wp-json\/wp\/v2\/tags?post=3322"}],"curies":[{"name":"wp","href":"https:\/\/api.w.org\/{rel}","templated":true}]}}