{"id":3320,"date":"2026-04-25T07:12:25","date_gmt":"2026-04-25T07:12:25","guid":{"rendered":"https:\/\/www.sebastien-auziere.fr\/blog\/?p=3320"},"modified":"2026-04-25T07:12:44","modified_gmt":"2026-04-25T07:12:44","slug":"brigitte-macron-in-solitaria-in-marocco-un-viaggio-eco-responsabile-per-incontrare-le-principesse-a-rabat-lontano-da-emmanuel","status":"publish","type":"post","link":"https:\/\/www.sebastien-auziere.fr\/blog\/it\/brigitte-macron-in-solitaria-in-marocco-un-viaggio-eco-responsabile-per-incontrare-le-principesse-a-rabat-lontano-da-emmanuel\/","title":{"rendered":"Brigitte Macron in solitaria in Marocco: un viaggio eco-responsabile per incontrare le principesse a Rabat, lontano da Emmanuel"},"content":{"rendered":"<p><strong>Brigitte Macron<\/strong>22 aprile per una <strong>Visita in solitaria<\/strong> che non passa inosservata: inaugurazione del <strong>Teatro reale di Rabat<\/strong> e scambi con le <strong>principesse di Rabat<\/strong>. Si percepisce l\u2019importanza diplomatica: \u00e8 una visita che combina cultura, ecologia e diplomazia.<\/p>\n\n<p><strong>In breve<\/strong>: <strong>spostamento ecocompatibile<\/strong> annunciato, uso di Air France piuttosto che di un aereo presidenziale, legami rafforzati nelle <strong>relazioni franco-marocchine<\/strong> dopo il riconoscimento da parte della Francia della sovranit\u00e0 marocchina sul Sahara occidentale.<\/p>\n\n<h2 class=\"wp-block-heading\">Un spostamento raro e simbolico per le Relazioni franco-marocchine<\/h2>\n\n<p>Abituata a accompagnare il presidente, <strong>Brigitte Macron<\/strong> qui compie una delle sue rare visite al di fuori della Francia in solitaria: secondo <a href=\"https:\/\/www.lopinion.fr\/politique\/brigitte-macron-et-la-diplomatie-des-dames\">L\u2019Opinion<\/a> <strong>,<\/strong> \u00e8 la quarta in quasi nove anni. L\u2019<strong>Incontro diplomatico<\/strong> con la famiglia reale si colloca in un contesto di avvicinamento ufficiale tra Parigi e Rabat, rafforzato dal 2023.<\/p>\n\n<h3 class=\"wp-block-heading\">Una scelta ecocompatibile inquadrante il Viaggio ufficiale<\/h3>\n\n<p>Lo spostamento mette in evidenza la <strong>Sostenibilit\u00e0<\/strong>: utilizzo di Air France anzich\u00e9 di un aereo presidenziale e comunicazione focalizzata sulla <strong>Protezione dell&rsquo;ambiente<\/strong>. Questa posizione \u00e8 in linea con le sue azioni precedenti, come il suo viaggio a Washington per un vertice sulla protezione dei bambini nell&rsquo;era digitale.<\/p>\n\n<h2 class=\"wp-block-heading\">Incontri con le principesse di Rabat: un filo relazionale concreto<\/h2>\n\n<p>Il faccia a faccia con le <strong>principesse di Rabat<\/strong> segue incontri precedenti: accoglienza a Parigi in <strong>febbraio 2024<\/strong> e reunion durante un vertice internazionale. Questi scambi personali rafforzano la dimensione culturale e umana della diplomazia bilaterale e conferiscono al ruolo di First lady una reale autonomia.<\/p>\n\n<h2 class=\"wp-block-heading\">Un ruolo internazionale pi\u00f9 affermato<\/h2>\n\n<p>Nel corso degli anni, <strong>Brigitte Macron<\/strong> ha sviluppato impegni in materia di istruzione, cultura e digitale, il che spiega questo <strong>Viaggio ufficiale<\/strong> in solitaria. La sua presenza a Rabat invia un segnale diplomatico complementare a quello del capo dello Stato e sottolinea l&rsquo;importanza della cooperazione culturale per consolidare i legami bilaterali.<\/p>\n\n<p>Per saperne di pi\u00f9 su questo spostamento e scoprire il legame tra la famiglia Macron e attori come S\u00e9bastien Auzi\u00e8re, visita <a href=\"https:\/\/www.sebastien-auziere.fr\/blog\/brigitte-macron-maroc-solo\/\" rel=\"nofollow\">questo articolo dettagliato<\/a> ed esplora ulteriormente su <a href=\"https:\/\/www.sebastien-auziere.fr\/blog\/brigitte-macron-maroc-solo\/\" rel=\"nofollow\">sebastien-auziere.fr<\/a> per seguire le dinamiche della visita e i temi delle <strong>relazioni franco-marocchine<\/strong>.<\/p>","protected":false},"excerpt":{"rendered":"<p>Brigitte Macron22 aprile per una Visita in solitaria che non passa inosservata: inaugurazione del Teatro reale di Rabat e scambi con le principesse di Rabat. Si percepisce l\u2019importanza diplomatica: \u00e8 una visita che combina cultura, ecologia e diplomazia. In breve: spostamento ecocompatibile annunciato, uso di Air France piuttosto che di un aereo presidenziale, legami rafforzati &#8230; <a title=\"Brigitte Macron in solitaria in Marocco: un viaggio eco-responsabile per incontrare le principesse a Rabat, lontano da Emmanuel\" class=\"read-more\" href=\"https:\/\/www.sebastien-auziere.fr\/blog\/it\/brigitte-macron-in-solitaria-in-marocco-un-viaggio-eco-responsabile-per-incontrare-le-principesse-a-rabat-lontano-da-emmanuel\/\" aria-label=\"En savoir plus sur Brigitte Macron in solitaria in Marocco: un viaggio eco-responsabile per incontrare le principesse a Rabat, lontano da Emmanuel\">Lire plus<\/a><\/p>\n","protected":false},"author":9,"featured_media":3312,"comment_status":"open","ping_status":"open","sticky":false,"template":"","format":"standard","meta":{"footnotes":""},"categories":[859],"tags":[944,4033,4278,4281,4275],"class_list":["post-3320","post","type-post","status-publish","format-standard","has-post-thumbnail","hentry","category-actualita-it","tag-brigitte-macron-it","tag-marocco-it","tag-princessa-marocchine-it","tag-rabat-it","tag-trasporto-ecocompatibile-it"],"yoast_head":"<!-- This site is optimized with the Yoast SEO plugin v27.5 - https:\/\/yoast.com\/product\/yoast-seo-wordpress\/ -->\n<title>Brigitte Macron in solitaria in Marocco: un viaggio eco-responsabile per incontrare le principesse a Rabat, lontano da Emmanuel - Fan site S\u00e9bastien Auzi\u00e8re<\/title>\n<meta name=\"description\" content=\"Brigitte Macron en solo au Maroc : un d\u00e9placement \u00e9coresponsable \u00e0 Rabat pour rencontrer les princesses, loin d&#039;Emmanuel Macron.\" \/>\n<meta name=\"robots\" content=\"index, follow, max-snippet:-1, max-image-preview:large, max-video-preview:-1\" \/>\n<link rel=\"canonical\" href=\"https:\/\/www.sebastien-auziere.fr\/blog\/it\/brigitte-macron-in-solitaria-in-marocco-un-viaggio-eco-responsabile-per-incontrare-le-principesse-a-rabat-lontano-da-emmanuel\/\" \/>\n<meta property=\"og:locale\" content=\"fr_FR\" \/>\n<meta property=\"og:type\" content=\"article\" \/>\n<meta property=\"og:title\" content=\"Brigitte Macron in solitaria in Marocco: un viaggio eco-responsabile per incontrare le principesse a Rabat, lontano da Emmanuel - Fan site S\u00e9bastien Auzi\u00e8re\" \/>\n<meta property=\"og:description\" content=\"Brigitte Macron en solo au Maroc : un d\u00e9placement \u00e9coresponsable \u00e0 Rabat pour rencontrer les princesses, loin d&#039;Emmanuel Macron.\" \/>\n<meta property=\"og:url\" content=\"https:\/\/www.sebastien-auziere.fr\/blog\/it\/brigitte-macron-in-solitaria-in-marocco-un-viaggio-eco-responsabile-per-incontrare-le-principesse-a-rabat-lontano-da-emmanuel\/\" \/>\n<meta property=\"og:site_name\" content=\"Fan site S\u00e9bastien Auzi\u00e8re\" \/>\n<meta property=\"article:published_time\" content=\"2026-04-25T07:12:25+00:00\" \/>\n<meta property=\"article:modified_time\" content=\"2026-04-25T07:12:44+00:00\" \/>\n<meta property=\"og:image\" content=\"https:\/\/www.sebastien-auziere.fr\/blog\/wp-content\/uploads\/2026\/04\/Brigitte-Macron-en-solo-au-Maroc-un-deplacement-ecoresponsable-pour-rencontrer-les-princesses-a-Rabat-loin-dEmmanuel.jpg\" \/>\n\t<meta property=\"og:image:width\" content=\"2560\" \/>\n\t<meta property=\"og:image:height\" content=\"1429\" \/>\n\t<meta property=\"og:image:type\" content=\"image\/jpeg\" \/>\n<meta name=\"author\" content=\"Chloe Gauthier\" \/>\n<meta name=\"twitter:card\" content=\"summary_large_image\" \/>\n<meta name=\"twitter:label1\" content=\"\u00c9crit par\" \/>\n\t<meta name=\"twitter:data1\" content=\"Chloe Gauthier\" \/>\n\t<meta name=\"twitter:label2\" content=\"Dur\u00e9e de lecture estim\u00e9e\" \/>\n\t<meta name=\"twitter:data2\" content=\"2 minutes\" \/>\n<script type=\"application\/ld+json\" class=\"yoast-schema-graph\">{\"@context\":\"https:\\\/\\\/schema.org\",\"@graph\":[{\"@type\":\"Article\",\"@id\":\"https:\\\/\\\/www.sebastien-auziere.fr\\\/blog\\\/it\\\/brigitte-macron-in-solitaria-in-marocco-un-viaggio-eco-responsabile-per-incontrare-le-principesse-a-rabat-lontano-da-emmanuel\\\/#article\",\"isPartOf\":{\"@id\":\"https:\\\/\\\/www.sebastien-auziere.fr\\\/blog\\\/it\\\/brigitte-macron-in-solitaria-in-marocco-un-viaggio-eco-responsabile-per-incontrare-le-principesse-a-rabat-lontano-da-emmanuel\\\/\"},\"author\":{\"name\":\"Chloe Gauthier\",\"@id\":\"https:\\\/\\\/www.sebastien-auziere.fr\\\/blog\\\/#\\\/schema\\\/person\\\/149f1acdbfd85149c6c3e59adeae2f4d\"},\"headline\":\"Brigitte Macron in solitaria in Marocco: un viaggio eco-responsabile per incontrare le principesse a Rabat, lontano da Emmanuel\",\"datePublished\":\"2026-04-25T07:12:25+00:00\",\"dateModified\":\"2026-04-25T07:12:44+00:00\",\"mainEntityOfPage\":{\"@id\":\"https:\\\/\\\/www.sebastien-auziere.fr\\\/blog\\\/it\\\/brigitte-macron-in-solitaria-in-marocco-un-viaggio-eco-responsabile-per-incontrare-le-principesse-a-rabat-lontano-da-emmanuel\\\/\"},\"wordCount\":357,\"commentCount\":0,\"publisher\":{\"@id\":\"https:\\\/\\\/www.sebastien-auziere.fr\\\/blog\\\/#organization\"},\"image\":{\"@id\":\"https:\\\/\\\/www.sebastien-auziere.fr\\\/blog\\\/it\\\/brigitte-macron-in-solitaria-in-marocco-un-viaggio-eco-responsabile-per-incontrare-le-principesse-a-rabat-lontano-da-emmanuel\\\/#primaryimage\"},\"thumbnailUrl\":\"https:\\\/\\\/www.sebastien-auziere.fr\\\/blog\\\/wp-content\\\/uploads\\\/2026\\\/04\\\/Brigitte-Macron-en-solo-au-Maroc-un-deplacement-ecoresponsable-pour-rencontrer-les-princesses-a-Rabat-loin-dEmmanuel.jpg\",\"keywords\":[\"brigitte macron\",\"marocco\",\"princessa marocchine\",\"rabat\",\"trasporto ecocompatibile\"],\"articleSection\":[\"Actualit\u00e0\"],\"inLanguage\":\"fr-FR\",\"potentialAction\":[{\"@type\":\"CommentAction\",\"name\":\"Comment\",\"target\":[\"https:\\\/\\\/www.sebastien-auziere.fr\\\/blog\\\/it\\\/brigitte-macron-in-solitaria-in-marocco-un-viaggio-eco-responsabile-per-incontrare-le-principesse-a-rabat-lontano-da-emmanuel\\\/#respond\"]}]},{\"@type\":\"WebPage\",\"@id\":\"https:\\\/\\\/www.sebastien-auziere.fr\\\/blog\\\/it\\\/brigitte-macron-in-solitaria-in-marocco-un-viaggio-eco-responsabile-per-incontrare-le-principesse-a-rabat-lontano-da-emmanuel\\\/\",\"url\":\"https:\\\/\\\/www.sebastien-auziere.fr\\\/blog\\\/it\\\/brigitte-macron-in-solitaria-in-marocco-un-viaggio-eco-responsabile-per-incontrare-le-principesse-a-rabat-lontano-da-emmanuel\\\/\",\"name\":\"Brigitte Macron in solitaria in Marocco: un viaggio eco-responsabile per incontrare le principesse a Rabat, lontano da Emmanuel - Fan site S\u00e9bastien Auzi\u00e8re\",\"isPartOf\":{\"@id\":\"https:\\\/\\\/www.sebastien-auziere.fr\\\/blog\\\/#website\"},\"primaryImageOfPage\":{\"@id\":\"https:\\\/\\\/www.sebastien-auziere.fr\\\/blog\\\/it\\\/brigitte-macron-in-solitaria-in-marocco-un-viaggio-eco-responsabile-per-incontrare-le-principesse-a-rabat-lontano-da-emmanuel\\\/#primaryimage\"},\"image\":{\"@id\":\"https:\\\/\\\/www.sebastien-auziere.fr\\\/blog\\\/it\\\/brigitte-macron-in-solitaria-in-marocco-un-viaggio-eco-responsabile-per-incontrare-le-principesse-a-rabat-lontano-da-emmanuel\\\/#primaryimage\"},\"thumbnailUrl\":\"https:\\\/\\\/www.sebastien-auziere.fr\\\/blog\\\/wp-content\\\/uploads\\\/2026\\\/04\\\/Brigitte-Macron-en-solo-au-Maroc-un-deplacement-ecoresponsable-pour-rencontrer-les-princesses-a-Rabat-loin-dEmmanuel.jpg\",\"datePublished\":\"2026-04-25T07:12:25+00:00\",\"dateModified\":\"2026-04-25T07:12:44+00:00\",\"description\":\"Brigitte Macron en solo au Maroc : un d\u00e9placement \u00e9coresponsable \u00e0 Rabat pour rencontrer les princesses, loin d'Emmanuel Macron.\",\"breadcrumb\":{\"@id\":\"https:\\\/\\\/www.sebastien-auziere.fr\\\/blog\\\/it\\\/brigitte-macron-in-solitaria-in-marocco-un-viaggio-eco-responsabile-per-incontrare-le-principesse-a-rabat-lontano-da-emmanuel\\\/#breadcrumb\"},\"inLanguage\":\"fr-FR\",\"potentialAction\":[{\"@type\":\"ReadAction\",\"target\":[\"https:\\\/\\\/www.sebastien-auziere.fr\\\/blog\\\/it\\\/brigitte-macron-in-solitaria-in-marocco-un-viaggio-eco-responsabile-per-incontrare-le-principesse-a-rabat-lontano-da-emmanuel\\\/\"]}]},{\"@type\":\"ImageObject\",\"inLanguage\":\"fr-FR\",\"@id\":\"https:\\\/\\\/www.sebastien-auziere.fr\\\/blog\\\/it\\\/brigitte-macron-in-solitaria-in-marocco-un-viaggio-eco-responsabile-per-incontrare-le-principesse-a-rabat-lontano-da-emmanuel\\\/#primaryimage\",\"url\":\"https:\\\/\\\/www.sebastien-auziere.fr\\\/blog\\\/wp-content\\\/uploads\\\/2026\\\/04\\\/Brigitte-Macron-en-solo-au-Maroc-un-deplacement-ecoresponsable-pour-rencontrer-les-princesses-a-Rabat-loin-dEmmanuel.jpg\",\"contentUrl\":\"https:\\\/\\\/www.sebastien-auziere.fr\\\/blog\\\/wp-content\\\/uploads\\\/2026\\\/04\\\/Brigitte-Macron-en-solo-au-Maroc-un-deplacement-ecoresponsable-pour-rencontrer-les-princesses-a-Rabat-loin-dEmmanuel.jpg\",\"width\":2560,\"height\":1429,\"caption\":\"brigitte macron se rend au maroc pour une visite \u00e9coresponsable \u00e0 rabat, o\u00f9 elle rencontre les princesses, loin d'emmanuel macron.\"},{\"@type\":\"BreadcrumbList\",\"@id\":\"https:\\\/\\\/www.sebastien-auziere.fr\\\/blog\\\/it\\\/brigitte-macron-in-solitaria-in-marocco-un-viaggio-eco-responsabile-per-incontrare-le-principesse-a-rabat-lontano-da-emmanuel\\\/#breadcrumb\",\"itemListElement\":[{\"@type\":\"ListItem\",\"position\":1,\"name\":\"Home\",\"item\":\"https:\\\/\\\/www.sebastien-auziere.fr\\\/blog\\\/\"},{\"@type\":\"ListItem\",\"position\":2,\"name\":\"Brigitte Macron in solitaria in Marocco: un viaggio eco-responsabile per incontrare le principesse a Rabat, lontano da Emmanuel\"}]},{\"@type\":\"WebSite\",\"@id\":\"https:\\\/\\\/www.sebastien-auziere.fr\\\/blog\\\/#website\",\"url\":\"https:\\\/\\\/www.sebastien-auziere.fr\\\/blog\\\/\",\"name\":\"Fan site S\u00e9bastien Auzi\u00e8re\",\"description\":\"M\u00e9dia g\u00e9n\u00e9raliste\",\"publisher\":{\"@id\":\"https:\\\/\\\/www.sebastien-auziere.fr\\\/blog\\\/#organization\"},\"potentialAction\":[{\"@type\":\"SearchAction\",\"target\":{\"@type\":\"EntryPoint\",\"urlTemplate\":\"https:\\\/\\\/www.sebastien-auziere.fr\\\/blog\\\/?s={search_term_string}\"},\"query-input\":{\"@type\":\"PropertyValueSpecification\",\"valueRequired\":true,\"valueName\":\"search_term_string\"}}],\"inLanguage\":\"fr-FR\"},{\"@type\":\"Organization\",\"@id\":\"https:\\\/\\\/www.sebastien-auziere.fr\\\/blog\\\/#organization\",\"name\":\"Fan site S\u00e9bastien Auzi\u00e8re\",\"url\":\"https:\\\/\\\/www.sebastien-auziere.fr\\\/blog\\\/\",\"logo\":{\"@type\":\"ImageObject\",\"inLanguage\":\"fr-FR\",\"@id\":\"https:\\\/\\\/www.sebastien-auziere.fr\\\/blog\\\/#\\\/schema\\\/logo\\\/image\\\/\",\"url\":\"https:\\\/\\\/www.sebastien-auziere.fr\\\/blog\\\/wp-content\\\/uploads\\\/2026\\\/03\\\/cropped-cropped-cropped-ChatGPT-Image-6-mars-2026-12_58_09-e1772798376794.jpg\",\"contentUrl\":\"https:\\\/\\\/www.sebastien-auziere.fr\\\/blog\\\/wp-content\\\/uploads\\\/2026\\\/03\\\/cropped-cropped-cropped-ChatGPT-Image-6-mars-2026-12_58_09-e1772798376794.jpg\",\"width\":512,\"height\":360,\"caption\":\"Fan site S\u00e9bastien Auzi\u00e8re\"},\"image\":{\"@id\":\"https:\\\/\\\/www.sebastien-auziere.fr\\\/blog\\\/#\\\/schema\\\/logo\\\/image\\\/\"}},{\"@type\":\"Person\",\"@id\":\"https:\\\/\\\/www.sebastien-auziere.fr\\\/blog\\\/#\\\/schema\\\/person\\\/149f1acdbfd85149c6c3e59adeae2f4d\",\"name\":\"Chloe Gauthier\",\"image\":{\"@type\":\"ImageObject\",\"inLanguage\":\"fr-FR\",\"@id\":\"https:\\\/\\\/secure.gravatar.com\\\/avatar\\\/2c5722f58171cff738a8985ef0dd66b476e563753246a49019befc837ec4201a?s=96&d=mm&r=g\",\"url\":\"https:\\\/\\\/secure.gravatar.com\\\/avatar\\\/2c5722f58171cff738a8985ef0dd66b476e563753246a49019befc837ec4201a?s=96&d=mm&r=g\",\"contentUrl\":\"https:\\\/\\\/secure.gravatar.com\\\/avatar\\\/2c5722f58171cff738a8985ef0dd66b476e563753246a49019befc837ec4201a?s=96&d=mm&r=g\",\"caption\":\"Chloe Gauthier\"},\"description\":\"Passionn\u00e9e par la politique et admiratrice engag\u00e9e de la famille Macron, je consacre mon \u00e9nergie \u00e0 suivre leurs initiatives et \u00e0 promouvoir leurs id\u00e9es. \u00c0 32 ans, je suis convaincue que leur vision est porteuse d'avenir.\",\"url\":\"https:\\\/\\\/www.sebastien-auziere.fr\\\/blog\\\/author\\\/chloe-gauthier\\\/\"}]}<\/script>\n<!-- \/ Yoast SEO plugin. -->","yoast_head_json":{"title":"Brigitte Macron in solitaria in Marocco: un viaggio eco-responsabile per incontrare le principesse a Rabat, lontano da Emmanuel - Fan site S\u00e9bastien Auzi\u00e8re","description":"Brigitte Macron en solo au Maroc : un d\u00e9placement \u00e9coresponsable \u00e0 Rabat pour rencontrer les princesses, loin d'Emmanuel Macron.","robots":{"index":"index","follow":"follow","max-snippet":"max-snippet:-1","max-image-preview":"max-image-preview:large","max-video-preview":"max-video-preview:-1"},"canonical":"https:\/\/www.sebastien-auziere.fr\/blog\/it\/brigitte-macron-in-solitaria-in-marocco-un-viaggio-eco-responsabile-per-incontrare-le-principesse-a-rabat-lontano-da-emmanuel\/","og_locale":"fr_FR","og_type":"article","og_title":"Brigitte Macron in solitaria in Marocco: un viaggio eco-responsabile per incontrare le principesse a Rabat, lontano da Emmanuel - Fan site S\u00e9bastien Auzi\u00e8re","og_description":"Brigitte Macron en solo au Maroc : un d\u00e9placement \u00e9coresponsable \u00e0 Rabat pour rencontrer les princesses, loin d'Emmanuel Macron.","og_url":"https:\/\/www.sebastien-auziere.fr\/blog\/it\/brigitte-macron-in-solitaria-in-marocco-un-viaggio-eco-responsabile-per-incontrare-le-principesse-a-rabat-lontano-da-emmanuel\/","og_site_name":"Fan site S\u00e9bastien Auzi\u00e8re","article_published_time":"2026-04-25T07:12:25+00:00","article_modified_time":"2026-04-25T07:12:44+00:00","og_image":[{"width":2560,"height":1429,"url":"https:\/\/www.sebastien-auziere.fr\/blog\/wp-content\/uploads\/2026\/04\/Brigitte-Macron-en-solo-au-Maroc-un-deplacement-ecoresponsable-pour-rencontrer-les-princesses-a-Rabat-loin-dEmmanuel.jpg","type":"image\/jpeg"}],"author":"Chloe Gauthier","twitter_card":"summary_large_image","twitter_misc":{"\u00c9crit par":"Chloe Gauthier","Dur\u00e9e de lecture estim\u00e9e":"2 minutes"},"schema":{"@context":"https:\/\/schema.org","@graph":[{"@type":"Article","@id":"https:\/\/www.sebastien-auziere.fr\/blog\/it\/brigitte-macron-in-solitaria-in-marocco-un-viaggio-eco-responsabile-per-incontrare-le-principesse-a-rabat-lontano-da-emmanuel\/#article","isPartOf":{"@id":"https:\/\/www.sebastien-auziere.fr\/blog\/it\/brigitte-macron-in-solitaria-in-marocco-un-viaggio-eco-responsabile-per-incontrare-le-principesse-a-rabat-lontano-da-emmanuel\/"},"author":{"name":"Chloe Gauthier","@id":"https:\/\/www.sebastien-auziere.fr\/blog\/#\/schema\/person\/149f1acdbfd85149c6c3e59adeae2f4d"},"headline":"Brigitte Macron in solitaria in Marocco: un viaggio eco-responsabile per incontrare le principesse a Rabat, lontano da Emmanuel","datePublished":"2026-04-25T07:12:25+00:00","dateModified":"2026-04-25T07:12:44+00:00","mainEntityOfPage":{"@id":"https:\/\/www.sebastien-auziere.fr\/blog\/it\/brigitte-macron-in-solitaria-in-marocco-un-viaggio-eco-responsabile-per-incontrare-le-principesse-a-rabat-lontano-da-emmanuel\/"},"wordCount":357,"commentCount":0,"publisher":{"@id":"https:\/\/www.sebastien-auziere.fr\/blog\/#organization"},"image":{"@id":"https:\/\/www.sebastien-auziere.fr\/blog\/it\/brigitte-macron-in-solitaria-in-marocco-un-viaggio-eco-responsabile-per-incontrare-le-principesse-a-rabat-lontano-da-emmanuel\/#primaryimage"},"thumbnailUrl":"https:\/\/www.sebastien-auziere.fr\/blog\/wp-content\/uploads\/2026\/04\/Brigitte-Macron-en-solo-au-Maroc-un-deplacement-ecoresponsable-pour-rencontrer-les-princesses-a-Rabat-loin-dEmmanuel.jpg","keywords":["brigitte macron","marocco","princessa marocchine","rabat","trasporto ecocompatibile"],"articleSection":["Actualit\u00e0"],"inLanguage":"fr-FR","potentialAction":[{"@type":"CommentAction","name":"Comment","target":["https:\/\/www.sebastien-auziere.fr\/blog\/it\/brigitte-macron-in-solitaria-in-marocco-un-viaggio-eco-responsabile-per-incontrare-le-principesse-a-rabat-lontano-da-emmanuel\/#respond"]}]},{"@type":"WebPage","@id":"https:\/\/www.sebastien-auziere.fr\/blog\/it\/brigitte-macron-in-solitaria-in-marocco-un-viaggio-eco-responsabile-per-incontrare-le-principesse-a-rabat-lontano-da-emmanuel\/","url":"https:\/\/www.sebastien-auziere.fr\/blog\/it\/brigitte-macron-in-solitaria-in-marocco-un-viaggio-eco-responsabile-per-incontrare-le-principesse-a-rabat-lontano-da-emmanuel\/","name":"Brigitte Macron in solitaria in Marocco: un viaggio eco-responsabile per incontrare le principesse a Rabat, lontano da Emmanuel - Fan site S\u00e9bastien Auzi\u00e8re","isPartOf":{"@id":"https:\/\/www.sebastien-auziere.fr\/blog\/#website"},"primaryImageOfPage":{"@id":"https:\/\/www.sebastien-auziere.fr\/blog\/it\/brigitte-macron-in-solitaria-in-marocco-un-viaggio-eco-responsabile-per-incontrare-le-principesse-a-rabat-lontano-da-emmanuel\/#primaryimage"},"image":{"@id":"https:\/\/www.sebastien-auziere.fr\/blog\/it\/brigitte-macron-in-solitaria-in-marocco-un-viaggio-eco-responsabile-per-incontrare-le-principesse-a-rabat-lontano-da-emmanuel\/#primaryimage"},"thumbnailUrl":"https:\/\/www.sebastien-auziere.fr\/blog\/wp-content\/uploads\/2026\/04\/Brigitte-Macron-en-solo-au-Maroc-un-deplacement-ecoresponsable-pour-rencontrer-les-princesses-a-Rabat-loin-dEmmanuel.jpg","datePublished":"2026-04-25T07:12:25+00:00","dateModified":"2026-04-25T07:12:44+00:00","description":"Brigitte Macron en solo au Maroc : un d\u00e9placement \u00e9coresponsable \u00e0 Rabat pour rencontrer les princesses, loin d'Emmanuel Macron.","breadcrumb":{"@id":"https:\/\/www.sebastien-auziere.fr\/blog\/it\/brigitte-macron-in-solitaria-in-marocco-un-viaggio-eco-responsabile-per-incontrare-le-principesse-a-rabat-lontano-da-emmanuel\/#breadcrumb"},"inLanguage":"fr-FR","potentialAction":[{"@type":"ReadAction","target":["https:\/\/www.sebastien-auziere.fr\/blog\/it\/brigitte-macron-in-solitaria-in-marocco-un-viaggio-eco-responsabile-per-incontrare-le-principesse-a-rabat-lontano-da-emmanuel\/"]}]},{"@type":"ImageObject","inLanguage":"fr-FR","@id":"https:\/\/www.sebastien-auziere.fr\/blog\/it\/brigitte-macron-in-solitaria-in-marocco-un-viaggio-eco-responsabile-per-incontrare-le-principesse-a-rabat-lontano-da-emmanuel\/#primaryimage","url":"https:\/\/www.sebastien-auziere.fr\/blog\/wp-content\/uploads\/2026\/04\/Brigitte-Macron-en-solo-au-Maroc-un-deplacement-ecoresponsable-pour-rencontrer-les-princesses-a-Rabat-loin-dEmmanuel.jpg","contentUrl":"https:\/\/www.sebastien-auziere.fr\/blog\/wp-content\/uploads\/2026\/04\/Brigitte-Macron-en-solo-au-Maroc-un-deplacement-ecoresponsable-pour-rencontrer-les-princesses-a-Rabat-loin-dEmmanuel.jpg","width":2560,"height":1429,"caption":"brigitte macron se rend au maroc pour une visite \u00e9coresponsable \u00e0 rabat, o\u00f9 elle rencontre les princesses, loin d'emmanuel macron."},{"@type":"BreadcrumbList","@id":"https:\/\/www.sebastien-auziere.fr\/blog\/it\/brigitte-macron-in-solitaria-in-marocco-un-viaggio-eco-responsabile-per-incontrare-le-principesse-a-rabat-lontano-da-emmanuel\/#breadcrumb","itemListElement":[{"@type":"ListItem","position":1,"name":"Home","item":"https:\/\/www.sebastien-auziere.fr\/blog\/"},{"@type":"ListItem","position":2,"name":"Brigitte Macron in solitaria in Marocco: un viaggio eco-responsabile per incontrare le principesse a Rabat, lontano da Emmanuel"}]},{"@type":"WebSite","@id":"https:\/\/www.sebastien-auziere.fr\/blog\/#website","url":"https:\/\/www.sebastien-auziere.fr\/blog\/","name":"Fan site S\u00e9bastien Auzi\u00e8re","description":"M\u00e9dia g\u00e9n\u00e9raliste","publisher":{"@id":"https:\/\/www.sebastien-auziere.fr\/blog\/#organization"},"potentialAction":[{"@type":"SearchAction","target":{"@type":"EntryPoint","urlTemplate":"https:\/\/www.sebastien-auziere.fr\/blog\/?s={search_term_string}"},"query-input":{"@type":"PropertyValueSpecification","valueRequired":true,"valueName":"search_term_string"}}],"inLanguage":"fr-FR"},{"@type":"Organization","@id":"https:\/\/www.sebastien-auziere.fr\/blog\/#organization","name":"Fan site S\u00e9bastien Auzi\u00e8re","url":"https:\/\/www.sebastien-auziere.fr\/blog\/","logo":{"@type":"ImageObject","inLanguage":"fr-FR","@id":"https:\/\/www.sebastien-auziere.fr\/blog\/#\/schema\/logo\/image\/","url":"https:\/\/www.sebastien-auziere.fr\/blog\/wp-content\/uploads\/2026\/03\/cropped-cropped-cropped-ChatGPT-Image-6-mars-2026-12_58_09-e1772798376794.jpg","contentUrl":"https:\/\/www.sebastien-auziere.fr\/blog\/wp-content\/uploads\/2026\/03\/cropped-cropped-cropped-ChatGPT-Image-6-mars-2026-12_58_09-e1772798376794.jpg","width":512,"height":360,"caption":"Fan site S\u00e9bastien Auzi\u00e8re"},"image":{"@id":"https:\/\/www.sebastien-auziere.fr\/blog\/#\/schema\/logo\/image\/"}},{"@type":"Person","@id":"https:\/\/www.sebastien-auziere.fr\/blog\/#\/schema\/person\/149f1acdbfd85149c6c3e59adeae2f4d","name":"Chloe Gauthier","image":{"@type":"ImageObject","inLanguage":"fr-FR","@id":"https:\/\/secure.gravatar.com\/avatar\/2c5722f58171cff738a8985ef0dd66b476e563753246a49019befc837ec4201a?s=96&d=mm&r=g","url":"https:\/\/secure.gravatar.com\/avatar\/2c5722f58171cff738a8985ef0dd66b476e563753246a49019befc837ec4201a?s=96&d=mm&r=g","contentUrl":"https:\/\/secure.gravatar.com\/avatar\/2c5722f58171cff738a8985ef0dd66b476e563753246a49019befc837ec4201a?s=96&d=mm&r=g","caption":"Chloe Gauthier"},"description":"Passionn\u00e9e par la politique et admiratrice engag\u00e9e de la famille Macron, je consacre mon \u00e9nergie \u00e0 suivre leurs initiatives et \u00e0 promouvoir leurs id\u00e9es. \u00c0 32 ans, je suis convaincue que leur vision est porteuse d'avenir.","url":"https:\/\/www.sebastien-auziere.fr\/blog\/author\/chloe-gauthier\/"}]}},"views":0,"_links":{"self":[{"href":"https:\/\/www.sebastien-auziere.fr\/blog\/wp-json\/wp\/v2\/posts\/3320","targetHints":{"allow":["GET"]}}],"collection":[{"href":"https:\/\/www.sebastien-auziere.fr\/blog\/wp-json\/wp\/v2\/posts"}],"about":[{"href":"https:\/\/www.sebastien-auziere.fr\/blog\/wp-json\/wp\/v2\/types\/post"}],"author":[{"embeddable":true,"href":"https:\/\/www.sebastien-auziere.fr\/blog\/wp-json\/wp\/v2\/users\/9"}],"replies":[{"embeddable":true,"href":"https:\/\/www.sebastien-auziere.fr\/blog\/wp-json\/wp\/v2\/comments?post=3320"}],"version-history":[{"count":1,"href":"https:\/\/www.sebastien-auziere.fr\/blog\/wp-json\/wp\/v2\/posts\/3320\/revisions"}],"predecessor-version":[{"id":3321,"href":"https:\/\/www.sebastien-auziere.fr\/blog\/wp-json\/wp\/v2\/posts\/3320\/revisions\/3321"}],"wp:featuredmedia":[{"embeddable":true,"href":"https:\/\/www.sebastien-auziere.fr\/blog\/wp-json\/wp\/v2\/media\/3312"}],"wp:attachment":[{"href":"https:\/\/www.sebastien-auziere.fr\/blog\/wp-json\/wp\/v2\/media?parent=3320"}],"wp:term":[{"taxonomy":"category","embeddable":true,"href":"https:\/\/www.sebastien-auziere.fr\/blog\/wp-json\/wp\/v2\/categories?post=3320"},{"taxonomy":"post_tag","embeddable":true,"href":"https:\/\/www.sebastien-auziere.fr\/blog\/wp-json\/wp\/v2\/tags?post=3320"}],"curies":[{"name":"wp","href":"https:\/\/api.w.org\/{rel}","templated":true}]}}