{"id":3318,"date":"2026-04-25T07:11:02","date_gmt":"2026-04-25T07:11:02","guid":{"rendered":"https:\/\/www.sebastien-auziere.fr\/blog\/?p=3318"},"modified":"2026-04-25T07:11:25","modified_gmt":"2026-04-25T07:11:25","slug":"brigitte-macron-solo-in-marokko-ein-okologisch-verantwortungsbewusster-besuch-um-die-prinzessinnen-in-rabat-zu-treffen-fern-von-emmanuel","status":"publish","type":"post","link":"https:\/\/www.sebastien-auziere.fr\/blog\/de\/brigitte-macron-solo-in-marokko-ein-okologisch-verantwortungsbewusster-besuch-um-die-prinzessinnen-in-rabat-zu-treffen-fern-von-emmanuel\/","title":{"rendered":"Brigitte Macron solo in Marokko: ein \u00f6kologisch verantwortungsbewusster Besuch, um die Prinzessinnen in Rabat zu treffen, fern von Emmanuel"},"content":{"rendered":"<p><strong>Brigitte Macron<\/strong> am 22. April zu einem <strong>Solo-Besuch<\/strong>, der nicht unbemerkt bleibt: Einweihung des <strong>Royalen Theaters von Rabat<\/strong> und Gespr\u00e4che mit den <strong>Prinzessinnen von Rabat<\/strong>. Man sp\u00fcrt die diplomatische Bedeutung: Es ist ein Besuch, der Kultur, \u00d6kologie und Diplomatie vereint.<\/p>\n\n<p><strong>Kurz gesagt<\/strong>: Ein <strong>\u00f6ko-responsiver Besuch<\/strong> wird angek\u00fcndigt, Nutzung von Air France statt eines Pr\u00e4sidentenflugzeugs, verst\u00e4rkte Beziehungen in den <strong>franco-marokkanischen Beziehungen<\/strong> nach der Anerkennung der marokkanischen Souver\u00e4nit\u00e4t \u00fcber die westliche Sahara durch Frankreich.<\/p>\n\n<h2 class=\"wp-block-heading\">Ein seltener und symbolischer Besuch f\u00fcr die franco-marokkanischen Beziehungen<\/h2>\n\n<p>Gew\u00f6hnt daran, den Pr\u00e4sidenten zu begleiten, <strong>Brigitte Macron<\/strong> unternimmt hier einen ihrer seltenen Solo-Besuche au\u00dferhalb von Frankreich: Laut <a href=\"https:\/\/www.lopinion.fr\/politique\/brigitte-macron-et-la-diplomatie-des-dames\">L\u2019Opinion<\/a> <strong>,<\/strong> ist es der vierte Besuch in fast neun Jahren. Das <strong>Diplomatische Treffen<\/strong> mit der k\u00f6niglichen Familie findet im Kontext der offiziellen Ann\u00e4herung zwischen Paris und Rabat statt, die seit 2023 verst\u00e4rkt wurde.<\/p>\n\n<h3 class=\"wp-block-heading\">Eine \u00f6ko-responsible Wahl umrahmt den offiziellen Besuch<\/h3>\n\n<p>Der Besuch legt den Schwerpunkt auf <strong>Nachhaltigkeit<\/strong>: Nutzung von Air France statt eines Pr\u00e4sidentenflugzeugs und Kommunikation, die auf <strong>Umweltschutz<\/strong> fokussiert ist. Diese Positionierung steht im Einklang mit ihren fr\u00fcheren Aktivit\u00e4ten, wie ihrem Besuch in Washington zu einem Gipfeltreffen \u00fcber den Schutz von Kindern im digitalen Zeitalter.<\/p>\n\n<h2 class=\"wp-block-heading\">Treffen mit den Prinzessinnen von Rabat: ein konkreter Beziehungsfaden<\/h2>\n\n<p>Das Gespr\u00e4ch mit den <strong>Prinzessinnen von Rabat<\/strong> folgt vorhergehenden Begegnungen: Empfang in Paris im <strong>Februar 2024<\/strong> und Wiedersehen bei einem internationalen Gipfeltreffen. Diese pers\u00f6nlichen Begegnungen st\u00e4rken die kulturelle und menschliche Dimension der bilateralen Diplomatie und verleihen der Rolle der First Lady eine echte Autonomie.<\/p>\n\n<h2 class=\"wp-block-heading\">Eine affirmiertere internationale Rolle<\/h2>\n\n<p>Im Laufe der Jahre hat <strong>Brigitte Macron<\/strong> Engagements in den Bereichen Bildung, Kultur und Digitalisierung entwickelt, was diesen <strong>offiziellen Solo-Besuch<\/strong> erkl\u00e4rt. Ihre Pr\u00e4senz in Rabat sendet ein erg\u00e4nzendes diplomatisches Signal zu dem des Staatschefs und unterstreicht die Bedeutung der kulturellen Zusammenarbeit zur Festigung bilateraler Beziehungen.<\/p>\n\n<p>Um mehr \u00fcber diesen Besuch zu erfahren und die Verbindung zwischen der Familie Macron und Akteuren wie S\u00e9bastien Auzi\u00e8re zu entdecken, besuche <a href=\"https:\/\/www.sebastien-auziere.fr\/blog\/brigitte-macron-maroc-solo\/\" rel=\"nofollow\">diesen ausf\u00fchrlichen Artikel<\/a> und erkunde weiter auf <a href=\"https:\/\/www.sebastien-auziere.fr\/blog\/brigitte-macron-maroc-solo\/\" rel=\"nofollow\">sebastien-auziere.fr<\/a>, um die Hintergr\u00fcnde des Besuchs und die Themen der <strong>franco-marokkanischen Beziehungen<\/strong> zu verfolgen.<\/p>","protected":false},"excerpt":{"rendered":"<p>Brigitte Macron am 22. April zu einem Solo-Besuch, der nicht unbemerkt bleibt: Einweihung des Royalen Theaters von Rabat und Gespr\u00e4che mit den Prinzessinnen von Rabat. Man sp\u00fcrt die diplomatische Bedeutung: Es ist ein Besuch, der Kultur, \u00d6kologie und Diplomatie vereint. Kurz gesagt: Ein \u00f6ko-responsiver Besuch wird angek\u00fcndigt, Nutzung von Air France statt eines Pr\u00e4sidentenflugzeugs, verst\u00e4rkte &#8230; <a title=\"Brigitte Macron solo in Marokko: ein \u00f6kologisch verantwortungsbewusster Besuch, um die Prinzessinnen in Rabat zu treffen, fern von Emmanuel\" class=\"read-more\" href=\"https:\/\/www.sebastien-auziere.fr\/blog\/de\/brigitte-macron-solo-in-marokko-ein-okologisch-verantwortungsbewusster-besuch-um-die-prinzessinnen-in-rabat-zu-treffen-fern-von-emmanuel\/\" aria-label=\"En savoir plus sur Brigitte Macron solo in Marokko: ein \u00f6kologisch verantwortungsbewusster Besuch, um die Prinzessinnen in Rabat zu treffen, fern von Emmanuel\">Lire plus<\/a><\/p>\n","protected":false},"author":9,"featured_media":3312,"comment_status":"open","ping_status":"open","sticky":false,"template":"","format":"standard","meta":{"footnotes":""},"categories":[856],"tags":[929,4024,4269,4272,4266],"class_list":["post-3318","post","type-post","status-publish","format-standard","has-post-thumbnail","hentry","category-aktuelles-de","tag-brigitte-macron-de","tag-marokko-de","tag-prinzessinnen-marokkanische-de","tag-rabat-de","tag-umweltfreundliche-mobilitat-de"],"yoast_head":"<!-- This site is optimized with the Yoast SEO plugin v27.5 - https:\/\/yoast.com\/product\/yoast-seo-wordpress\/ -->\n<title>Brigitte Macron solo in Marokko: ein \u00f6kologisch verantwortungsbewusster Besuch, um die Prinzessinnen in Rabat zu treffen, fern von Emmanuel - Fan site S\u00e9bastien Auzi\u00e8re<\/title>\n<meta name=\"description\" content=\"Brigitte Macron en solo au Maroc : un d\u00e9placement \u00e9coresponsable \u00e0 Rabat pour rencontrer les princesses, loin d&#039;Emmanuel Macron.\" \/>\n<meta name=\"robots\" content=\"index, follow, max-snippet:-1, max-image-preview:large, max-video-preview:-1\" \/>\n<link rel=\"canonical\" href=\"https:\/\/www.sebastien-auziere.fr\/blog\/de\/brigitte-macron-solo-in-marokko-ein-okologisch-verantwortungsbewusster-besuch-um-die-prinzessinnen-in-rabat-zu-treffen-fern-von-emmanuel\/\" \/>\n<meta property=\"og:locale\" content=\"fr_FR\" \/>\n<meta property=\"og:type\" content=\"article\" \/>\n<meta property=\"og:title\" content=\"Brigitte Macron solo in Marokko: ein \u00f6kologisch verantwortungsbewusster Besuch, um die Prinzessinnen in Rabat zu treffen, fern von Emmanuel - Fan site S\u00e9bastien Auzi\u00e8re\" \/>\n<meta property=\"og:description\" content=\"Brigitte Macron en solo au Maroc : un d\u00e9placement \u00e9coresponsable \u00e0 Rabat pour rencontrer les princesses, loin d&#039;Emmanuel Macron.\" \/>\n<meta property=\"og:url\" content=\"https:\/\/www.sebastien-auziere.fr\/blog\/de\/brigitte-macron-solo-in-marokko-ein-okologisch-verantwortungsbewusster-besuch-um-die-prinzessinnen-in-rabat-zu-treffen-fern-von-emmanuel\/\" \/>\n<meta property=\"og:site_name\" content=\"Fan site S\u00e9bastien Auzi\u00e8re\" \/>\n<meta property=\"article:published_time\" content=\"2026-04-25T07:11:02+00:00\" \/>\n<meta property=\"article:modified_time\" content=\"2026-04-25T07:11:25+00:00\" \/>\n<meta property=\"og:image\" content=\"https:\/\/www.sebastien-auziere.fr\/blog\/wp-content\/uploads\/2026\/04\/Brigitte-Macron-en-solo-au-Maroc-un-deplacement-ecoresponsable-pour-rencontrer-les-princesses-a-Rabat-loin-dEmmanuel.jpg\" \/>\n\t<meta property=\"og:image:width\" content=\"2560\" \/>\n\t<meta property=\"og:image:height\" content=\"1429\" \/>\n\t<meta property=\"og:image:type\" content=\"image\/jpeg\" \/>\n<meta name=\"author\" content=\"Chloe Gauthier\" \/>\n<meta name=\"twitter:card\" content=\"summary_large_image\" \/>\n<meta name=\"twitter:label1\" content=\"\u00c9crit par\" \/>\n\t<meta name=\"twitter:data1\" content=\"Chloe Gauthier\" \/>\n\t<meta name=\"twitter:label2\" content=\"Dur\u00e9e de lecture estim\u00e9e\" \/>\n\t<meta name=\"twitter:data2\" content=\"2 minutes\" \/>\n<script type=\"application\/ld+json\" class=\"yoast-schema-graph\">{\"@context\":\"https:\\\/\\\/schema.org\",\"@graph\":[{\"@type\":\"Article\",\"@id\":\"https:\\\/\\\/www.sebastien-auziere.fr\\\/blog\\\/de\\\/brigitte-macron-solo-in-marokko-ein-okologisch-verantwortungsbewusster-besuch-um-die-prinzessinnen-in-rabat-zu-treffen-fern-von-emmanuel\\\/#article\",\"isPartOf\":{\"@id\":\"https:\\\/\\\/www.sebastien-auziere.fr\\\/blog\\\/de\\\/brigitte-macron-solo-in-marokko-ein-okologisch-verantwortungsbewusster-besuch-um-die-prinzessinnen-in-rabat-zu-treffen-fern-von-emmanuel\\\/\"},\"author\":{\"name\":\"Chloe Gauthier\",\"@id\":\"https:\\\/\\\/www.sebastien-auziere.fr\\\/blog\\\/#\\\/schema\\\/person\\\/149f1acdbfd85149c6c3e59adeae2f4d\"},\"headline\":\"Brigitte Macron solo in Marokko: ein \u00f6kologisch verantwortungsbewusster Besuch, um die Prinzessinnen in Rabat zu treffen, fern von Emmanuel\",\"datePublished\":\"2026-04-25T07:11:02+00:00\",\"dateModified\":\"2026-04-25T07:11:25+00:00\",\"mainEntityOfPage\":{\"@id\":\"https:\\\/\\\/www.sebastien-auziere.fr\\\/blog\\\/de\\\/brigitte-macron-solo-in-marokko-ein-okologisch-verantwortungsbewusster-besuch-um-die-prinzessinnen-in-rabat-zu-treffen-fern-von-emmanuel\\\/\"},\"wordCount\":375,\"commentCount\":0,\"publisher\":{\"@id\":\"https:\\\/\\\/www.sebastien-auziere.fr\\\/blog\\\/#organization\"},\"image\":{\"@id\":\"https:\\\/\\\/www.sebastien-auziere.fr\\\/blog\\\/de\\\/brigitte-macron-solo-in-marokko-ein-okologisch-verantwortungsbewusster-besuch-um-die-prinzessinnen-in-rabat-zu-treffen-fern-von-emmanuel\\\/#primaryimage\"},\"thumbnailUrl\":\"https:\\\/\\\/www.sebastien-auziere.fr\\\/blog\\\/wp-content\\\/uploads\\\/2026\\\/04\\\/Brigitte-Macron-en-solo-au-Maroc-un-deplacement-ecoresponsable-pour-rencontrer-les-princesses-a-Rabat-loin-dEmmanuel.jpg\",\"keywords\":[\"brigitte macron\",\"marokko\",\"prinzessinnen marokkanische\",\"rabat\",\"Umweltfreundliche Mobilit\u00e4t\"],\"articleSection\":[\"Aktuelles\"],\"inLanguage\":\"fr-FR\",\"potentialAction\":[{\"@type\":\"CommentAction\",\"name\":\"Comment\",\"target\":[\"https:\\\/\\\/www.sebastien-auziere.fr\\\/blog\\\/de\\\/brigitte-macron-solo-in-marokko-ein-okologisch-verantwortungsbewusster-besuch-um-die-prinzessinnen-in-rabat-zu-treffen-fern-von-emmanuel\\\/#respond\"]}]},{\"@type\":\"WebPage\",\"@id\":\"https:\\\/\\\/www.sebastien-auziere.fr\\\/blog\\\/de\\\/brigitte-macron-solo-in-marokko-ein-okologisch-verantwortungsbewusster-besuch-um-die-prinzessinnen-in-rabat-zu-treffen-fern-von-emmanuel\\\/\",\"url\":\"https:\\\/\\\/www.sebastien-auziere.fr\\\/blog\\\/de\\\/brigitte-macron-solo-in-marokko-ein-okologisch-verantwortungsbewusster-besuch-um-die-prinzessinnen-in-rabat-zu-treffen-fern-von-emmanuel\\\/\",\"name\":\"Brigitte Macron solo in Marokko: ein \u00f6kologisch verantwortungsbewusster Besuch, um die Prinzessinnen in Rabat zu treffen, fern von Emmanuel - Fan site S\u00e9bastien Auzi\u00e8re\",\"isPartOf\":{\"@id\":\"https:\\\/\\\/www.sebastien-auziere.fr\\\/blog\\\/#website\"},\"primaryImageOfPage\":{\"@id\":\"https:\\\/\\\/www.sebastien-auziere.fr\\\/blog\\\/de\\\/brigitte-macron-solo-in-marokko-ein-okologisch-verantwortungsbewusster-besuch-um-die-prinzessinnen-in-rabat-zu-treffen-fern-von-emmanuel\\\/#primaryimage\"},\"image\":{\"@id\":\"https:\\\/\\\/www.sebastien-auziere.fr\\\/blog\\\/de\\\/brigitte-macron-solo-in-marokko-ein-okologisch-verantwortungsbewusster-besuch-um-die-prinzessinnen-in-rabat-zu-treffen-fern-von-emmanuel\\\/#primaryimage\"},\"thumbnailUrl\":\"https:\\\/\\\/www.sebastien-auziere.fr\\\/blog\\\/wp-content\\\/uploads\\\/2026\\\/04\\\/Brigitte-Macron-en-solo-au-Maroc-un-deplacement-ecoresponsable-pour-rencontrer-les-princesses-a-Rabat-loin-dEmmanuel.jpg\",\"datePublished\":\"2026-04-25T07:11:02+00:00\",\"dateModified\":\"2026-04-25T07:11:25+00:00\",\"description\":\"Brigitte Macron en solo au Maroc : un d\u00e9placement \u00e9coresponsable \u00e0 Rabat pour rencontrer les princesses, loin d'Emmanuel Macron.\",\"breadcrumb\":{\"@id\":\"https:\\\/\\\/www.sebastien-auziere.fr\\\/blog\\\/de\\\/brigitte-macron-solo-in-marokko-ein-okologisch-verantwortungsbewusster-besuch-um-die-prinzessinnen-in-rabat-zu-treffen-fern-von-emmanuel\\\/#breadcrumb\"},\"inLanguage\":\"fr-FR\",\"potentialAction\":[{\"@type\":\"ReadAction\",\"target\":[\"https:\\\/\\\/www.sebastien-auziere.fr\\\/blog\\\/de\\\/brigitte-macron-solo-in-marokko-ein-okologisch-verantwortungsbewusster-besuch-um-die-prinzessinnen-in-rabat-zu-treffen-fern-von-emmanuel\\\/\"]}]},{\"@type\":\"ImageObject\",\"inLanguage\":\"fr-FR\",\"@id\":\"https:\\\/\\\/www.sebastien-auziere.fr\\\/blog\\\/de\\\/brigitte-macron-solo-in-marokko-ein-okologisch-verantwortungsbewusster-besuch-um-die-prinzessinnen-in-rabat-zu-treffen-fern-von-emmanuel\\\/#primaryimage\",\"url\":\"https:\\\/\\\/www.sebastien-auziere.fr\\\/blog\\\/wp-content\\\/uploads\\\/2026\\\/04\\\/Brigitte-Macron-en-solo-au-Maroc-un-deplacement-ecoresponsable-pour-rencontrer-les-princesses-a-Rabat-loin-dEmmanuel.jpg\",\"contentUrl\":\"https:\\\/\\\/www.sebastien-auziere.fr\\\/blog\\\/wp-content\\\/uploads\\\/2026\\\/04\\\/Brigitte-Macron-en-solo-au-Maroc-un-deplacement-ecoresponsable-pour-rencontrer-les-princesses-a-Rabat-loin-dEmmanuel.jpg\",\"width\":2560,\"height\":1429,\"caption\":\"brigitte macron se rend au maroc pour une visite \u00e9coresponsable \u00e0 rabat, o\u00f9 elle rencontre les princesses, loin d'emmanuel macron.\"},{\"@type\":\"BreadcrumbList\",\"@id\":\"https:\\\/\\\/www.sebastien-auziere.fr\\\/blog\\\/de\\\/brigitte-macron-solo-in-marokko-ein-okologisch-verantwortungsbewusster-besuch-um-die-prinzessinnen-in-rabat-zu-treffen-fern-von-emmanuel\\\/#breadcrumb\",\"itemListElement\":[{\"@type\":\"ListItem\",\"position\":1,\"name\":\"Home\",\"item\":\"https:\\\/\\\/www.sebastien-auziere.fr\\\/blog\\\/\"},{\"@type\":\"ListItem\",\"position\":2,\"name\":\"Brigitte Macron solo in Marokko: ein \u00f6kologisch verantwortungsbewusster Besuch, um die Prinzessinnen in Rabat zu treffen, fern von Emmanuel\"}]},{\"@type\":\"WebSite\",\"@id\":\"https:\\\/\\\/www.sebastien-auziere.fr\\\/blog\\\/#website\",\"url\":\"https:\\\/\\\/www.sebastien-auziere.fr\\\/blog\\\/\",\"name\":\"Fan site S\u00e9bastien Auzi\u00e8re\",\"description\":\"M\u00e9dia g\u00e9n\u00e9raliste\",\"publisher\":{\"@id\":\"https:\\\/\\\/www.sebastien-auziere.fr\\\/blog\\\/#organization\"},\"potentialAction\":[{\"@type\":\"SearchAction\",\"target\":{\"@type\":\"EntryPoint\",\"urlTemplate\":\"https:\\\/\\\/www.sebastien-auziere.fr\\\/blog\\\/?s={search_term_string}\"},\"query-input\":{\"@type\":\"PropertyValueSpecification\",\"valueRequired\":true,\"valueName\":\"search_term_string\"}}],\"inLanguage\":\"fr-FR\"},{\"@type\":\"Organization\",\"@id\":\"https:\\\/\\\/www.sebastien-auziere.fr\\\/blog\\\/#organization\",\"name\":\"Fan site S\u00e9bastien Auzi\u00e8re\",\"url\":\"https:\\\/\\\/www.sebastien-auziere.fr\\\/blog\\\/\",\"logo\":{\"@type\":\"ImageObject\",\"inLanguage\":\"fr-FR\",\"@id\":\"https:\\\/\\\/www.sebastien-auziere.fr\\\/blog\\\/#\\\/schema\\\/logo\\\/image\\\/\",\"url\":\"https:\\\/\\\/www.sebastien-auziere.fr\\\/blog\\\/wp-content\\\/uploads\\\/2026\\\/03\\\/cropped-cropped-cropped-ChatGPT-Image-6-mars-2026-12_58_09-e1772798376794.jpg\",\"contentUrl\":\"https:\\\/\\\/www.sebastien-auziere.fr\\\/blog\\\/wp-content\\\/uploads\\\/2026\\\/03\\\/cropped-cropped-cropped-ChatGPT-Image-6-mars-2026-12_58_09-e1772798376794.jpg\",\"width\":512,\"height\":360,\"caption\":\"Fan site S\u00e9bastien Auzi\u00e8re\"},\"image\":{\"@id\":\"https:\\\/\\\/www.sebastien-auziere.fr\\\/blog\\\/#\\\/schema\\\/logo\\\/image\\\/\"}},{\"@type\":\"Person\",\"@id\":\"https:\\\/\\\/www.sebastien-auziere.fr\\\/blog\\\/#\\\/schema\\\/person\\\/149f1acdbfd85149c6c3e59adeae2f4d\",\"name\":\"Chloe Gauthier\",\"image\":{\"@type\":\"ImageObject\",\"inLanguage\":\"fr-FR\",\"@id\":\"https:\\\/\\\/secure.gravatar.com\\\/avatar\\\/2c5722f58171cff738a8985ef0dd66b476e563753246a49019befc837ec4201a?s=96&d=mm&r=g\",\"url\":\"https:\\\/\\\/secure.gravatar.com\\\/avatar\\\/2c5722f58171cff738a8985ef0dd66b476e563753246a49019befc837ec4201a?s=96&d=mm&r=g\",\"contentUrl\":\"https:\\\/\\\/secure.gravatar.com\\\/avatar\\\/2c5722f58171cff738a8985ef0dd66b476e563753246a49019befc837ec4201a?s=96&d=mm&r=g\",\"caption\":\"Chloe Gauthier\"},\"description\":\"Passionn\u00e9e par la politique et admiratrice engag\u00e9e de la famille Macron, je consacre mon \u00e9nergie \u00e0 suivre leurs initiatives et \u00e0 promouvoir leurs id\u00e9es. \u00c0 32 ans, je suis convaincue que leur vision est porteuse d'avenir.\",\"url\":\"https:\\\/\\\/www.sebastien-auziere.fr\\\/blog\\\/author\\\/chloe-gauthier\\\/\"}]}<\/script>\n<!-- \/ Yoast SEO plugin. -->","yoast_head_json":{"title":"Brigitte Macron solo in Marokko: ein \u00f6kologisch verantwortungsbewusster Besuch, um die Prinzessinnen in Rabat zu treffen, fern von Emmanuel - Fan site S\u00e9bastien Auzi\u00e8re","description":"Brigitte Macron en solo au Maroc : un d\u00e9placement \u00e9coresponsable \u00e0 Rabat pour rencontrer les princesses, loin d'Emmanuel Macron.","robots":{"index":"index","follow":"follow","max-snippet":"max-snippet:-1","max-image-preview":"max-image-preview:large","max-video-preview":"max-video-preview:-1"},"canonical":"https:\/\/www.sebastien-auziere.fr\/blog\/de\/brigitte-macron-solo-in-marokko-ein-okologisch-verantwortungsbewusster-besuch-um-die-prinzessinnen-in-rabat-zu-treffen-fern-von-emmanuel\/","og_locale":"fr_FR","og_type":"article","og_title":"Brigitte Macron solo in Marokko: ein \u00f6kologisch verantwortungsbewusster Besuch, um die Prinzessinnen in Rabat zu treffen, fern von Emmanuel - Fan site S\u00e9bastien Auzi\u00e8re","og_description":"Brigitte Macron en solo au Maroc : un d\u00e9placement \u00e9coresponsable \u00e0 Rabat pour rencontrer les princesses, loin d'Emmanuel Macron.","og_url":"https:\/\/www.sebastien-auziere.fr\/blog\/de\/brigitte-macron-solo-in-marokko-ein-okologisch-verantwortungsbewusster-besuch-um-die-prinzessinnen-in-rabat-zu-treffen-fern-von-emmanuel\/","og_site_name":"Fan site S\u00e9bastien Auzi\u00e8re","article_published_time":"2026-04-25T07:11:02+00:00","article_modified_time":"2026-04-25T07:11:25+00:00","og_image":[{"width":2560,"height":1429,"url":"https:\/\/www.sebastien-auziere.fr\/blog\/wp-content\/uploads\/2026\/04\/Brigitte-Macron-en-solo-au-Maroc-un-deplacement-ecoresponsable-pour-rencontrer-les-princesses-a-Rabat-loin-dEmmanuel.jpg","type":"image\/jpeg"}],"author":"Chloe Gauthier","twitter_card":"summary_large_image","twitter_misc":{"\u00c9crit par":"Chloe Gauthier","Dur\u00e9e de lecture estim\u00e9e":"2 minutes"},"schema":{"@context":"https:\/\/schema.org","@graph":[{"@type":"Article","@id":"https:\/\/www.sebastien-auziere.fr\/blog\/de\/brigitte-macron-solo-in-marokko-ein-okologisch-verantwortungsbewusster-besuch-um-die-prinzessinnen-in-rabat-zu-treffen-fern-von-emmanuel\/#article","isPartOf":{"@id":"https:\/\/www.sebastien-auziere.fr\/blog\/de\/brigitte-macron-solo-in-marokko-ein-okologisch-verantwortungsbewusster-besuch-um-die-prinzessinnen-in-rabat-zu-treffen-fern-von-emmanuel\/"},"author":{"name":"Chloe Gauthier","@id":"https:\/\/www.sebastien-auziere.fr\/blog\/#\/schema\/person\/149f1acdbfd85149c6c3e59adeae2f4d"},"headline":"Brigitte Macron solo in Marokko: ein \u00f6kologisch verantwortungsbewusster Besuch, um die Prinzessinnen in Rabat zu treffen, fern von Emmanuel","datePublished":"2026-04-25T07:11:02+00:00","dateModified":"2026-04-25T07:11:25+00:00","mainEntityOfPage":{"@id":"https:\/\/www.sebastien-auziere.fr\/blog\/de\/brigitte-macron-solo-in-marokko-ein-okologisch-verantwortungsbewusster-besuch-um-die-prinzessinnen-in-rabat-zu-treffen-fern-von-emmanuel\/"},"wordCount":375,"commentCount":0,"publisher":{"@id":"https:\/\/www.sebastien-auziere.fr\/blog\/#organization"},"image":{"@id":"https:\/\/www.sebastien-auziere.fr\/blog\/de\/brigitte-macron-solo-in-marokko-ein-okologisch-verantwortungsbewusster-besuch-um-die-prinzessinnen-in-rabat-zu-treffen-fern-von-emmanuel\/#primaryimage"},"thumbnailUrl":"https:\/\/www.sebastien-auziere.fr\/blog\/wp-content\/uploads\/2026\/04\/Brigitte-Macron-en-solo-au-Maroc-un-deplacement-ecoresponsable-pour-rencontrer-les-princesses-a-Rabat-loin-dEmmanuel.jpg","keywords":["brigitte macron","marokko","prinzessinnen marokkanische","rabat","Umweltfreundliche Mobilit\u00e4t"],"articleSection":["Aktuelles"],"inLanguage":"fr-FR","potentialAction":[{"@type":"CommentAction","name":"Comment","target":["https:\/\/www.sebastien-auziere.fr\/blog\/de\/brigitte-macron-solo-in-marokko-ein-okologisch-verantwortungsbewusster-besuch-um-die-prinzessinnen-in-rabat-zu-treffen-fern-von-emmanuel\/#respond"]}]},{"@type":"WebPage","@id":"https:\/\/www.sebastien-auziere.fr\/blog\/de\/brigitte-macron-solo-in-marokko-ein-okologisch-verantwortungsbewusster-besuch-um-die-prinzessinnen-in-rabat-zu-treffen-fern-von-emmanuel\/","url":"https:\/\/www.sebastien-auziere.fr\/blog\/de\/brigitte-macron-solo-in-marokko-ein-okologisch-verantwortungsbewusster-besuch-um-die-prinzessinnen-in-rabat-zu-treffen-fern-von-emmanuel\/","name":"Brigitte Macron solo in Marokko: ein \u00f6kologisch verantwortungsbewusster Besuch, um die Prinzessinnen in Rabat zu treffen, fern von Emmanuel - Fan site S\u00e9bastien Auzi\u00e8re","isPartOf":{"@id":"https:\/\/www.sebastien-auziere.fr\/blog\/#website"},"primaryImageOfPage":{"@id":"https:\/\/www.sebastien-auziere.fr\/blog\/de\/brigitte-macron-solo-in-marokko-ein-okologisch-verantwortungsbewusster-besuch-um-die-prinzessinnen-in-rabat-zu-treffen-fern-von-emmanuel\/#primaryimage"},"image":{"@id":"https:\/\/www.sebastien-auziere.fr\/blog\/de\/brigitte-macron-solo-in-marokko-ein-okologisch-verantwortungsbewusster-besuch-um-die-prinzessinnen-in-rabat-zu-treffen-fern-von-emmanuel\/#primaryimage"},"thumbnailUrl":"https:\/\/www.sebastien-auziere.fr\/blog\/wp-content\/uploads\/2026\/04\/Brigitte-Macron-en-solo-au-Maroc-un-deplacement-ecoresponsable-pour-rencontrer-les-princesses-a-Rabat-loin-dEmmanuel.jpg","datePublished":"2026-04-25T07:11:02+00:00","dateModified":"2026-04-25T07:11:25+00:00","description":"Brigitte Macron en solo au Maroc : un d\u00e9placement \u00e9coresponsable \u00e0 Rabat pour rencontrer les princesses, loin d'Emmanuel Macron.","breadcrumb":{"@id":"https:\/\/www.sebastien-auziere.fr\/blog\/de\/brigitte-macron-solo-in-marokko-ein-okologisch-verantwortungsbewusster-besuch-um-die-prinzessinnen-in-rabat-zu-treffen-fern-von-emmanuel\/#breadcrumb"},"inLanguage":"fr-FR","potentialAction":[{"@type":"ReadAction","target":["https:\/\/www.sebastien-auziere.fr\/blog\/de\/brigitte-macron-solo-in-marokko-ein-okologisch-verantwortungsbewusster-besuch-um-die-prinzessinnen-in-rabat-zu-treffen-fern-von-emmanuel\/"]}]},{"@type":"ImageObject","inLanguage":"fr-FR","@id":"https:\/\/www.sebastien-auziere.fr\/blog\/de\/brigitte-macron-solo-in-marokko-ein-okologisch-verantwortungsbewusster-besuch-um-die-prinzessinnen-in-rabat-zu-treffen-fern-von-emmanuel\/#primaryimage","url":"https:\/\/www.sebastien-auziere.fr\/blog\/wp-content\/uploads\/2026\/04\/Brigitte-Macron-en-solo-au-Maroc-un-deplacement-ecoresponsable-pour-rencontrer-les-princesses-a-Rabat-loin-dEmmanuel.jpg","contentUrl":"https:\/\/www.sebastien-auziere.fr\/blog\/wp-content\/uploads\/2026\/04\/Brigitte-Macron-en-solo-au-Maroc-un-deplacement-ecoresponsable-pour-rencontrer-les-princesses-a-Rabat-loin-dEmmanuel.jpg","width":2560,"height":1429,"caption":"brigitte macron se rend au maroc pour une visite \u00e9coresponsable \u00e0 rabat, o\u00f9 elle rencontre les princesses, loin d'emmanuel macron."},{"@type":"BreadcrumbList","@id":"https:\/\/www.sebastien-auziere.fr\/blog\/de\/brigitte-macron-solo-in-marokko-ein-okologisch-verantwortungsbewusster-besuch-um-die-prinzessinnen-in-rabat-zu-treffen-fern-von-emmanuel\/#breadcrumb","itemListElement":[{"@type":"ListItem","position":1,"name":"Home","item":"https:\/\/www.sebastien-auziere.fr\/blog\/"},{"@type":"ListItem","position":2,"name":"Brigitte Macron solo in Marokko: ein \u00f6kologisch verantwortungsbewusster Besuch, um die Prinzessinnen in Rabat zu treffen, fern von Emmanuel"}]},{"@type":"WebSite","@id":"https:\/\/www.sebastien-auziere.fr\/blog\/#website","url":"https:\/\/www.sebastien-auziere.fr\/blog\/","name":"Fan site S\u00e9bastien Auzi\u00e8re","description":"M\u00e9dia g\u00e9n\u00e9raliste","publisher":{"@id":"https:\/\/www.sebastien-auziere.fr\/blog\/#organization"},"potentialAction":[{"@type":"SearchAction","target":{"@type":"EntryPoint","urlTemplate":"https:\/\/www.sebastien-auziere.fr\/blog\/?s={search_term_string}"},"query-input":{"@type":"PropertyValueSpecification","valueRequired":true,"valueName":"search_term_string"}}],"inLanguage":"fr-FR"},{"@type":"Organization","@id":"https:\/\/www.sebastien-auziere.fr\/blog\/#organization","name":"Fan site S\u00e9bastien Auzi\u00e8re","url":"https:\/\/www.sebastien-auziere.fr\/blog\/","logo":{"@type":"ImageObject","inLanguage":"fr-FR","@id":"https:\/\/www.sebastien-auziere.fr\/blog\/#\/schema\/logo\/image\/","url":"https:\/\/www.sebastien-auziere.fr\/blog\/wp-content\/uploads\/2026\/03\/cropped-cropped-cropped-ChatGPT-Image-6-mars-2026-12_58_09-e1772798376794.jpg","contentUrl":"https:\/\/www.sebastien-auziere.fr\/blog\/wp-content\/uploads\/2026\/03\/cropped-cropped-cropped-ChatGPT-Image-6-mars-2026-12_58_09-e1772798376794.jpg","width":512,"height":360,"caption":"Fan site S\u00e9bastien Auzi\u00e8re"},"image":{"@id":"https:\/\/www.sebastien-auziere.fr\/blog\/#\/schema\/logo\/image\/"}},{"@type":"Person","@id":"https:\/\/www.sebastien-auziere.fr\/blog\/#\/schema\/person\/149f1acdbfd85149c6c3e59adeae2f4d","name":"Chloe Gauthier","image":{"@type":"ImageObject","inLanguage":"fr-FR","@id":"https:\/\/secure.gravatar.com\/avatar\/2c5722f58171cff738a8985ef0dd66b476e563753246a49019befc837ec4201a?s=96&d=mm&r=g","url":"https:\/\/secure.gravatar.com\/avatar\/2c5722f58171cff738a8985ef0dd66b476e563753246a49019befc837ec4201a?s=96&d=mm&r=g","contentUrl":"https:\/\/secure.gravatar.com\/avatar\/2c5722f58171cff738a8985ef0dd66b476e563753246a49019befc837ec4201a?s=96&d=mm&r=g","caption":"Chloe Gauthier"},"description":"Passionn\u00e9e par la politique et admiratrice engag\u00e9e de la famille Macron, je consacre mon \u00e9nergie \u00e0 suivre leurs initiatives et \u00e0 promouvoir leurs id\u00e9es. \u00c0 32 ans, je suis convaincue que leur vision est porteuse d'avenir.","url":"https:\/\/www.sebastien-auziere.fr\/blog\/author\/chloe-gauthier\/"}]}},"views":0,"_links":{"self":[{"href":"https:\/\/www.sebastien-auziere.fr\/blog\/wp-json\/wp\/v2\/posts\/3318","targetHints":{"allow":["GET"]}}],"collection":[{"href":"https:\/\/www.sebastien-auziere.fr\/blog\/wp-json\/wp\/v2\/posts"}],"about":[{"href":"https:\/\/www.sebastien-auziere.fr\/blog\/wp-json\/wp\/v2\/types\/post"}],"author":[{"embeddable":true,"href":"https:\/\/www.sebastien-auziere.fr\/blog\/wp-json\/wp\/v2\/users\/9"}],"replies":[{"embeddable":true,"href":"https:\/\/www.sebastien-auziere.fr\/blog\/wp-json\/wp\/v2\/comments?post=3318"}],"version-history":[{"count":1,"href":"https:\/\/www.sebastien-auziere.fr\/blog\/wp-json\/wp\/v2\/posts\/3318\/revisions"}],"predecessor-version":[{"id":3319,"href":"https:\/\/www.sebastien-auziere.fr\/blog\/wp-json\/wp\/v2\/posts\/3318\/revisions\/3319"}],"wp:featuredmedia":[{"embeddable":true,"href":"https:\/\/www.sebastien-auziere.fr\/blog\/wp-json\/wp\/v2\/media\/3312"}],"wp:attachment":[{"href":"https:\/\/www.sebastien-auziere.fr\/blog\/wp-json\/wp\/v2\/media?parent=3318"}],"wp:term":[{"taxonomy":"category","embeddable":true,"href":"https:\/\/www.sebastien-auziere.fr\/blog\/wp-json\/wp\/v2\/categories?post=3318"},{"taxonomy":"post_tag","embeddable":true,"href":"https:\/\/www.sebastien-auziere.fr\/blog\/wp-json\/wp\/v2\/tags?post=3318"}],"curies":[{"name":"wp","href":"https:\/\/api.w.org\/{rel}","templated":true}]}}