{"id":3316,"date":"2026-04-25T07:09:05","date_gmt":"2026-04-25T07:09:05","guid":{"rendered":"https:\/\/www.sebastien-auziere.fr\/blog\/?p=3316"},"modified":"2026-04-25T07:09:26","modified_gmt":"2026-04-25T07:09:26","slug":"brigitte-macron-en-solitario-en-marruecos-un-desplazamiento-ecologico-para-encontrarse-con-las-princesas-en-rabat-lejos-de-emmanuel","status":"publish","type":"post","link":"https:\/\/www.sebastien-auziere.fr\/blog\/es\/brigitte-macron-en-solitario-en-marruecos-un-desplazamiento-ecologico-para-encontrarse-con-las-princesas-en-rabat-lejos-de-emmanuel\/","title":{"rendered":"Brigitte Macron en solitario en Marruecos: un desplazamiento ecol\u00f3gico para encontrarse con las princesas en Rabat, lejos de Emmanuel"},"content":{"rendered":"<p><strong>Brigitte Macron<\/strong>22 de abril para una <strong>Visita en solitario<\/strong> que no pasa desapercibida: inauguraci\u00f3n del <strong>Teatro Real de Rabat<\/strong> y intercambios con las <strong>princesas de Rabat<\/strong>. Se siente la importancia diplom\u00e1tica: es una visita que combina cultura, ecolog\u00eda y diplomacia.<\/p>\n\n<p><strong>En resumen<\/strong>: <strong>viaje eco-responsable<\/strong> anunciado, uso de Air France en lugar de un avi\u00f3n presidencial, lazos reforzados en las <strong>relaciones franco-marroqu\u00edes<\/strong> tras el reconocimiento por parte de Francia de la soberan\u00eda marroqu\u00ed sobre el Sahara Occidental.<\/p>\n\n<h2 class=\"wp-block-heading\">Un viaje raro y simb\u00f3lico para las Relaciones franco-marroqu\u00edes<\/h2>\n\n<p>Acostumbrada a acompa\u00f1ar al presidente, <strong>Brigitte Macron<\/strong> realiza aqu\u00ed una de sus raras visitas fuera de Francia en solitario: seg\u00fan <a href=\"https:\/\/www.lopinion.fr\/politique\/brigitte-macron-et-la-diplomatie-des-dames\">L\u2019Opinion<\/a> <strong rel=\"nofollow\">,<\/strong> es la cuarta en casi nueve a\u00f1os. El <strong>Encuentro diplom\u00e1tico<\/strong> con la familia real se inscribe en un contexto de acercamiento oficial entre Par\u00eds y Rabat, reforzado desde 2023.<\/p>\n\n<h3 class=\"wp-block-heading\">Una elecci\u00f3n eco-responsable enmarcando el Viaje oficial<\/h3>\n\n<p>El viaje pone \u00e9nfasis en la <strong>Sostenibilidad<\/strong>: uso de Air France en lugar de un avi\u00f3n presidencial y comunicaci\u00f3n centrada en la <strong>Protecci\u00f3n del medio ambiente<\/strong>. Este posicionamiento se alinea con sus acciones anteriores, como su viaje a Washington para una cumbre sobre la protecci\u00f3n de los ni\u00f1os en la era digital.<\/p>\n\n<h2 class=\"wp-block-heading\">Encuentros con las princesas de Rabat: un hilo relacional concreto<\/h2>\n\n<p>El cara a cara con las <strong>princesas de Rabat<\/strong> sigue a encuentros anteriores: recepci\u00f3n en Par\u00eds en <strong>febrero de 2024<\/strong> y reencuentros durante una cumbre internacional. Estos intercambios personales refuerzan la dimensi\u00f3n cultural y humana de la diplomacia bilateral y otorgan al rol de Primera dama una autonom\u00eda real.<\/p>\n\n<h2 class=\"wp-block-heading\">Un rol internacional m\u00e1s afirmado<\/h2>\n\n<p>A lo largo de los a\u00f1os, <strong>Brigitte Macron<\/strong> ha desarrollado compromisos en educaci\u00f3n, cultura y digital, lo que explica este <strong>Viaje oficial<\/strong> en solitario. Su presencia en Rabat env\u00eda una se\u00f1al diplom\u00e1tica complementaria a la del jefe de Estado y subraya la importancia de la cooperaci\u00f3n cultural para consolidar los lazos bilaterales.<\/p>\n\n<p>Para saber m\u00e1s sobre este viaje y descubrir el v\u00ednculo entre la familia Macron y actores como S\u00e9bastien Auzi\u00e8re, visita <a href=\"https:\/\/www.sebastien-auziere.fr\/blog\/brigitte-macron-maroc-solo\/\" rel=\"nofollow\">este art\u00edculo detallado<\/a> y explora m\u00e1s en <a href=\"https:\/\/www.sebastien-auziere.fr\/blog\/brigitte-macron-maroc-solo\/\" rel=\"nofollow\">sebastien-auziere.fr<\/a> para seguir el trasfondo de la visita y los desaf\u00edos de las <strong>relaciones franco-marroqu\u00edes<\/strong>.<\/p>","protected":false},"excerpt":{"rendered":"<p>Brigitte Macron22 de abril para una Visita en solitario que no pasa desapercibida: inauguraci\u00f3n del Teatro Real de Rabat y intercambios con las princesas de Rabat. Se siente la importancia diplom\u00e1tica: es una visita que combina cultura, ecolog\u00eda y diplomacia. En resumen: viaje eco-responsable anunciado, uso de Air France en lugar de un avi\u00f3n presidencial, &#8230; <a title=\"Brigitte Macron en solitario en Marruecos: un desplazamiento ecol\u00f3gico para encontrarse con las princesas en Rabat, lejos de Emmanuel\" class=\"read-more\" href=\"https:\/\/www.sebastien-auziere.fr\/blog\/es\/brigitte-macron-en-solitario-en-marruecos-un-desplazamiento-ecologico-para-encontrarse-con-las-princesas-en-rabat-lejos-de-emmanuel\/\" aria-label=\"En savoir plus sur Brigitte Macron en solitario en Marruecos: un desplazamiento ecol\u00f3gico para encontrarse con las princesas en Rabat, lejos de Emmanuel\">Lire plus<\/a><\/p>\n","protected":false},"author":9,"featured_media":3312,"comment_status":"open","ping_status":"open","sticky":false,"template":"","format":"standard","meta":{"footnotes":""},"categories":[820],"tags":[914,4257,4015,4260,4263],"class_list":["post-3316","post","type-post","status-publish","format-standard","has-post-thumbnail","hentry","category-actualidades-es","tag-brigitte-macron-es","tag-desplazamiento-eco-responsable-es","tag-marroqui-es","tag-princesas-marroquies-es","tag-rabat-es"],"yoast_head":"<!-- This site is optimized with the Yoast SEO plugin v27.5 - https:\/\/yoast.com\/product\/yoast-seo-wordpress\/ -->\n<title>Brigitte Macron en solitario en Marruecos: un desplazamiento ecol\u00f3gico para encontrarse con las princesas en Rabat, lejos de Emmanuel - Fan site S\u00e9bastien Auzi\u00e8re<\/title>\n<meta name=\"description\" content=\"Brigitte Macron en solo au Maroc : un d\u00e9placement \u00e9coresponsable \u00e0 Rabat pour rencontrer les princesses, loin d&#039;Emmanuel Macron.\" \/>\n<meta name=\"robots\" content=\"index, follow, max-snippet:-1, max-image-preview:large, max-video-preview:-1\" \/>\n<link rel=\"canonical\" href=\"https:\/\/www.sebastien-auziere.fr\/blog\/es\/brigitte-macron-en-solitario-en-marruecos-un-desplazamiento-ecologico-para-encontrarse-con-las-princesas-en-rabat-lejos-de-emmanuel\/\" \/>\n<meta property=\"og:locale\" content=\"fr_FR\" \/>\n<meta property=\"og:type\" content=\"article\" \/>\n<meta property=\"og:title\" content=\"Brigitte Macron en solitario en Marruecos: un desplazamiento ecol\u00f3gico para encontrarse con las princesas en Rabat, lejos de Emmanuel - Fan site S\u00e9bastien Auzi\u00e8re\" \/>\n<meta property=\"og:description\" content=\"Brigitte Macron en solo au Maroc : un d\u00e9placement \u00e9coresponsable \u00e0 Rabat pour rencontrer les princesses, loin d&#039;Emmanuel Macron.\" \/>\n<meta property=\"og:url\" content=\"https:\/\/www.sebastien-auziere.fr\/blog\/es\/brigitte-macron-en-solitario-en-marruecos-un-desplazamiento-ecologico-para-encontrarse-con-las-princesas-en-rabat-lejos-de-emmanuel\/\" \/>\n<meta property=\"og:site_name\" content=\"Fan site S\u00e9bastien Auzi\u00e8re\" \/>\n<meta property=\"article:published_time\" content=\"2026-04-25T07:09:05+00:00\" \/>\n<meta property=\"article:modified_time\" content=\"2026-04-25T07:09:26+00:00\" \/>\n<meta property=\"og:image\" content=\"https:\/\/www.sebastien-auziere.fr\/blog\/wp-content\/uploads\/2026\/04\/Brigitte-Macron-en-solo-au-Maroc-un-deplacement-ecoresponsable-pour-rencontrer-les-princesses-a-Rabat-loin-dEmmanuel.jpg\" \/>\n\t<meta property=\"og:image:width\" content=\"2560\" \/>\n\t<meta property=\"og:image:height\" content=\"1429\" \/>\n\t<meta property=\"og:image:type\" content=\"image\/jpeg\" \/>\n<meta name=\"author\" content=\"Chloe Gauthier\" \/>\n<meta name=\"twitter:card\" content=\"summary_large_image\" \/>\n<meta name=\"twitter:label1\" content=\"\u00c9crit par\" \/>\n\t<meta name=\"twitter:data1\" content=\"Chloe Gauthier\" \/>\n\t<meta name=\"twitter:label2\" content=\"Dur\u00e9e de lecture estim\u00e9e\" \/>\n\t<meta name=\"twitter:data2\" content=\"2 minutes\" \/>\n<script type=\"application\/ld+json\" class=\"yoast-schema-graph\">{\"@context\":\"https:\\\/\\\/schema.org\",\"@graph\":[{\"@type\":\"Article\",\"@id\":\"https:\\\/\\\/www.sebastien-auziere.fr\\\/blog\\\/es\\\/brigitte-macron-en-solitario-en-marruecos-un-desplazamiento-ecologico-para-encontrarse-con-las-princesas-en-rabat-lejos-de-emmanuel\\\/#article\",\"isPartOf\":{\"@id\":\"https:\\\/\\\/www.sebastien-auziere.fr\\\/blog\\\/es\\\/brigitte-macron-en-solitario-en-marruecos-un-desplazamiento-ecologico-para-encontrarse-con-las-princesas-en-rabat-lejos-de-emmanuel\\\/\"},\"author\":{\"name\":\"Chloe Gauthier\",\"@id\":\"https:\\\/\\\/www.sebastien-auziere.fr\\\/blog\\\/#\\\/schema\\\/person\\\/149f1acdbfd85149c6c3e59adeae2f4d\"},\"headline\":\"Brigitte Macron en solitario en Marruecos: un desplazamiento ecol\u00f3gico para encontrarse con las princesas en Rabat, lejos de Emmanuel\",\"datePublished\":\"2026-04-25T07:09:05+00:00\",\"dateModified\":\"2026-04-25T07:09:26+00:00\",\"mainEntityOfPage\":{\"@id\":\"https:\\\/\\\/www.sebastien-auziere.fr\\\/blog\\\/es\\\/brigitte-macron-en-solitario-en-marruecos-un-desplazamiento-ecologico-para-encontrarse-con-las-princesas-en-rabat-lejos-de-emmanuel\\\/\"},\"wordCount\":410,\"commentCount\":0,\"publisher\":{\"@id\":\"https:\\\/\\\/www.sebastien-auziere.fr\\\/blog\\\/#organization\"},\"image\":{\"@id\":\"https:\\\/\\\/www.sebastien-auziere.fr\\\/blog\\\/es\\\/brigitte-macron-en-solitario-en-marruecos-un-desplazamiento-ecologico-para-encontrarse-con-las-princesas-en-rabat-lejos-de-emmanuel\\\/#primaryimage\"},\"thumbnailUrl\":\"https:\\\/\\\/www.sebastien-auziere.fr\\\/blog\\\/wp-content\\\/uploads\\\/2026\\\/04\\\/Brigitte-Macron-en-solo-au-Maroc-un-deplacement-ecoresponsable-pour-rencontrer-les-princesses-a-Rabat-loin-dEmmanuel.jpg\",\"keywords\":[\"brigitte macron\",\"desplazamiento eco-responsable\",\"marroqu\u00ed\",\"princesas marroqu\u00edes\",\"rabat\"],\"articleSection\":[\"Actualidades\"],\"inLanguage\":\"fr-FR\",\"potentialAction\":[{\"@type\":\"CommentAction\",\"name\":\"Comment\",\"target\":[\"https:\\\/\\\/www.sebastien-auziere.fr\\\/blog\\\/es\\\/brigitte-macron-en-solitario-en-marruecos-un-desplazamiento-ecologico-para-encontrarse-con-las-princesas-en-rabat-lejos-de-emmanuel\\\/#respond\"]}]},{\"@type\":\"WebPage\",\"@id\":\"https:\\\/\\\/www.sebastien-auziere.fr\\\/blog\\\/es\\\/brigitte-macron-en-solitario-en-marruecos-un-desplazamiento-ecologico-para-encontrarse-con-las-princesas-en-rabat-lejos-de-emmanuel\\\/\",\"url\":\"https:\\\/\\\/www.sebastien-auziere.fr\\\/blog\\\/es\\\/brigitte-macron-en-solitario-en-marruecos-un-desplazamiento-ecologico-para-encontrarse-con-las-princesas-en-rabat-lejos-de-emmanuel\\\/\",\"name\":\"Brigitte Macron en solitario en Marruecos: un desplazamiento ecol\u00f3gico para encontrarse con las princesas en Rabat, lejos de Emmanuel - Fan site S\u00e9bastien Auzi\u00e8re\",\"isPartOf\":{\"@id\":\"https:\\\/\\\/www.sebastien-auziere.fr\\\/blog\\\/#website\"},\"primaryImageOfPage\":{\"@id\":\"https:\\\/\\\/www.sebastien-auziere.fr\\\/blog\\\/es\\\/brigitte-macron-en-solitario-en-marruecos-un-desplazamiento-ecologico-para-encontrarse-con-las-princesas-en-rabat-lejos-de-emmanuel\\\/#primaryimage\"},\"image\":{\"@id\":\"https:\\\/\\\/www.sebastien-auziere.fr\\\/blog\\\/es\\\/brigitte-macron-en-solitario-en-marruecos-un-desplazamiento-ecologico-para-encontrarse-con-las-princesas-en-rabat-lejos-de-emmanuel\\\/#primaryimage\"},\"thumbnailUrl\":\"https:\\\/\\\/www.sebastien-auziere.fr\\\/blog\\\/wp-content\\\/uploads\\\/2026\\\/04\\\/Brigitte-Macron-en-solo-au-Maroc-un-deplacement-ecoresponsable-pour-rencontrer-les-princesses-a-Rabat-loin-dEmmanuel.jpg\",\"datePublished\":\"2026-04-25T07:09:05+00:00\",\"dateModified\":\"2026-04-25T07:09:26+00:00\",\"description\":\"Brigitte Macron en solo au Maroc : un d\u00e9placement \u00e9coresponsable \u00e0 Rabat pour rencontrer les princesses, loin d'Emmanuel Macron.\",\"breadcrumb\":{\"@id\":\"https:\\\/\\\/www.sebastien-auziere.fr\\\/blog\\\/es\\\/brigitte-macron-en-solitario-en-marruecos-un-desplazamiento-ecologico-para-encontrarse-con-las-princesas-en-rabat-lejos-de-emmanuel\\\/#breadcrumb\"},\"inLanguage\":\"fr-FR\",\"potentialAction\":[{\"@type\":\"ReadAction\",\"target\":[\"https:\\\/\\\/www.sebastien-auziere.fr\\\/blog\\\/es\\\/brigitte-macron-en-solitario-en-marruecos-un-desplazamiento-ecologico-para-encontrarse-con-las-princesas-en-rabat-lejos-de-emmanuel\\\/\"]}]},{\"@type\":\"ImageObject\",\"inLanguage\":\"fr-FR\",\"@id\":\"https:\\\/\\\/www.sebastien-auziere.fr\\\/blog\\\/es\\\/brigitte-macron-en-solitario-en-marruecos-un-desplazamiento-ecologico-para-encontrarse-con-las-princesas-en-rabat-lejos-de-emmanuel\\\/#primaryimage\",\"url\":\"https:\\\/\\\/www.sebastien-auziere.fr\\\/blog\\\/wp-content\\\/uploads\\\/2026\\\/04\\\/Brigitte-Macron-en-solo-au-Maroc-un-deplacement-ecoresponsable-pour-rencontrer-les-princesses-a-Rabat-loin-dEmmanuel.jpg\",\"contentUrl\":\"https:\\\/\\\/www.sebastien-auziere.fr\\\/blog\\\/wp-content\\\/uploads\\\/2026\\\/04\\\/Brigitte-Macron-en-solo-au-Maroc-un-deplacement-ecoresponsable-pour-rencontrer-les-princesses-a-Rabat-loin-dEmmanuel.jpg\",\"width\":2560,\"height\":1429,\"caption\":\"brigitte macron se rend au maroc pour une visite \u00e9coresponsable \u00e0 rabat, o\u00f9 elle rencontre les princesses, loin d'emmanuel macron.\"},{\"@type\":\"BreadcrumbList\",\"@id\":\"https:\\\/\\\/www.sebastien-auziere.fr\\\/blog\\\/es\\\/brigitte-macron-en-solitario-en-marruecos-un-desplazamiento-ecologico-para-encontrarse-con-las-princesas-en-rabat-lejos-de-emmanuel\\\/#breadcrumb\",\"itemListElement\":[{\"@type\":\"ListItem\",\"position\":1,\"name\":\"Home\",\"item\":\"https:\\\/\\\/www.sebastien-auziere.fr\\\/blog\\\/\"},{\"@type\":\"ListItem\",\"position\":2,\"name\":\"Brigitte Macron en solitario en Marruecos: un desplazamiento ecol\u00f3gico para encontrarse con las princesas en Rabat, lejos de Emmanuel\"}]},{\"@type\":\"WebSite\",\"@id\":\"https:\\\/\\\/www.sebastien-auziere.fr\\\/blog\\\/#website\",\"url\":\"https:\\\/\\\/www.sebastien-auziere.fr\\\/blog\\\/\",\"name\":\"Fan site S\u00e9bastien Auzi\u00e8re\",\"description\":\"M\u00e9dia g\u00e9n\u00e9raliste\",\"publisher\":{\"@id\":\"https:\\\/\\\/www.sebastien-auziere.fr\\\/blog\\\/#organization\"},\"potentialAction\":[{\"@type\":\"SearchAction\",\"target\":{\"@type\":\"EntryPoint\",\"urlTemplate\":\"https:\\\/\\\/www.sebastien-auziere.fr\\\/blog\\\/?s={search_term_string}\"},\"query-input\":{\"@type\":\"PropertyValueSpecification\",\"valueRequired\":true,\"valueName\":\"search_term_string\"}}],\"inLanguage\":\"fr-FR\"},{\"@type\":\"Organization\",\"@id\":\"https:\\\/\\\/www.sebastien-auziere.fr\\\/blog\\\/#organization\",\"name\":\"Fan site S\u00e9bastien Auzi\u00e8re\",\"url\":\"https:\\\/\\\/www.sebastien-auziere.fr\\\/blog\\\/\",\"logo\":{\"@type\":\"ImageObject\",\"inLanguage\":\"fr-FR\",\"@id\":\"https:\\\/\\\/www.sebastien-auziere.fr\\\/blog\\\/#\\\/schema\\\/logo\\\/image\\\/\",\"url\":\"https:\\\/\\\/www.sebastien-auziere.fr\\\/blog\\\/wp-content\\\/uploads\\\/2026\\\/03\\\/cropped-cropped-cropped-ChatGPT-Image-6-mars-2026-12_58_09-e1772798376794.jpg\",\"contentUrl\":\"https:\\\/\\\/www.sebastien-auziere.fr\\\/blog\\\/wp-content\\\/uploads\\\/2026\\\/03\\\/cropped-cropped-cropped-ChatGPT-Image-6-mars-2026-12_58_09-e1772798376794.jpg\",\"width\":512,\"height\":360,\"caption\":\"Fan site S\u00e9bastien Auzi\u00e8re\"},\"image\":{\"@id\":\"https:\\\/\\\/www.sebastien-auziere.fr\\\/blog\\\/#\\\/schema\\\/logo\\\/image\\\/\"}},{\"@type\":\"Person\",\"@id\":\"https:\\\/\\\/www.sebastien-auziere.fr\\\/blog\\\/#\\\/schema\\\/person\\\/149f1acdbfd85149c6c3e59adeae2f4d\",\"name\":\"Chloe Gauthier\",\"image\":{\"@type\":\"ImageObject\",\"inLanguage\":\"fr-FR\",\"@id\":\"https:\\\/\\\/secure.gravatar.com\\\/avatar\\\/2c5722f58171cff738a8985ef0dd66b476e563753246a49019befc837ec4201a?s=96&d=mm&r=g\",\"url\":\"https:\\\/\\\/secure.gravatar.com\\\/avatar\\\/2c5722f58171cff738a8985ef0dd66b476e563753246a49019befc837ec4201a?s=96&d=mm&r=g\",\"contentUrl\":\"https:\\\/\\\/secure.gravatar.com\\\/avatar\\\/2c5722f58171cff738a8985ef0dd66b476e563753246a49019befc837ec4201a?s=96&d=mm&r=g\",\"caption\":\"Chloe Gauthier\"},\"description\":\"Passionn\u00e9e par la politique et admiratrice engag\u00e9e de la famille Macron, je consacre mon \u00e9nergie \u00e0 suivre leurs initiatives et \u00e0 promouvoir leurs id\u00e9es. \u00c0 32 ans, je suis convaincue que leur vision est porteuse d'avenir.\",\"url\":\"https:\\\/\\\/www.sebastien-auziere.fr\\\/blog\\\/author\\\/chloe-gauthier\\\/\"}]}<\/script>\n<!-- \/ Yoast SEO plugin. -->","yoast_head_json":{"title":"Brigitte Macron en solitario en Marruecos: un desplazamiento ecol\u00f3gico para encontrarse con las princesas en Rabat, lejos de Emmanuel - Fan site S\u00e9bastien Auzi\u00e8re","description":"Brigitte Macron en solo au Maroc : un d\u00e9placement \u00e9coresponsable \u00e0 Rabat pour rencontrer les princesses, loin d'Emmanuel Macron.","robots":{"index":"index","follow":"follow","max-snippet":"max-snippet:-1","max-image-preview":"max-image-preview:large","max-video-preview":"max-video-preview:-1"},"canonical":"https:\/\/www.sebastien-auziere.fr\/blog\/es\/brigitte-macron-en-solitario-en-marruecos-un-desplazamiento-ecologico-para-encontrarse-con-las-princesas-en-rabat-lejos-de-emmanuel\/","og_locale":"fr_FR","og_type":"article","og_title":"Brigitte Macron en solitario en Marruecos: un desplazamiento ecol\u00f3gico para encontrarse con las princesas en Rabat, lejos de Emmanuel - Fan site S\u00e9bastien Auzi\u00e8re","og_description":"Brigitte Macron en solo au Maroc : un d\u00e9placement \u00e9coresponsable \u00e0 Rabat pour rencontrer les princesses, loin d'Emmanuel Macron.","og_url":"https:\/\/www.sebastien-auziere.fr\/blog\/es\/brigitte-macron-en-solitario-en-marruecos-un-desplazamiento-ecologico-para-encontrarse-con-las-princesas-en-rabat-lejos-de-emmanuel\/","og_site_name":"Fan site S\u00e9bastien Auzi\u00e8re","article_published_time":"2026-04-25T07:09:05+00:00","article_modified_time":"2026-04-25T07:09:26+00:00","og_image":[{"width":2560,"height":1429,"url":"https:\/\/www.sebastien-auziere.fr\/blog\/wp-content\/uploads\/2026\/04\/Brigitte-Macron-en-solo-au-Maroc-un-deplacement-ecoresponsable-pour-rencontrer-les-princesses-a-Rabat-loin-dEmmanuel.jpg","type":"image\/jpeg"}],"author":"Chloe Gauthier","twitter_card":"summary_large_image","twitter_misc":{"\u00c9crit par":"Chloe Gauthier","Dur\u00e9e de lecture estim\u00e9e":"2 minutes"},"schema":{"@context":"https:\/\/schema.org","@graph":[{"@type":"Article","@id":"https:\/\/www.sebastien-auziere.fr\/blog\/es\/brigitte-macron-en-solitario-en-marruecos-un-desplazamiento-ecologico-para-encontrarse-con-las-princesas-en-rabat-lejos-de-emmanuel\/#article","isPartOf":{"@id":"https:\/\/www.sebastien-auziere.fr\/blog\/es\/brigitte-macron-en-solitario-en-marruecos-un-desplazamiento-ecologico-para-encontrarse-con-las-princesas-en-rabat-lejos-de-emmanuel\/"},"author":{"name":"Chloe Gauthier","@id":"https:\/\/www.sebastien-auziere.fr\/blog\/#\/schema\/person\/149f1acdbfd85149c6c3e59adeae2f4d"},"headline":"Brigitte Macron en solitario en Marruecos: un desplazamiento ecol\u00f3gico para encontrarse con las princesas en Rabat, lejos de Emmanuel","datePublished":"2026-04-25T07:09:05+00:00","dateModified":"2026-04-25T07:09:26+00:00","mainEntityOfPage":{"@id":"https:\/\/www.sebastien-auziere.fr\/blog\/es\/brigitte-macron-en-solitario-en-marruecos-un-desplazamiento-ecologico-para-encontrarse-con-las-princesas-en-rabat-lejos-de-emmanuel\/"},"wordCount":410,"commentCount":0,"publisher":{"@id":"https:\/\/www.sebastien-auziere.fr\/blog\/#organization"},"image":{"@id":"https:\/\/www.sebastien-auziere.fr\/blog\/es\/brigitte-macron-en-solitario-en-marruecos-un-desplazamiento-ecologico-para-encontrarse-con-las-princesas-en-rabat-lejos-de-emmanuel\/#primaryimage"},"thumbnailUrl":"https:\/\/www.sebastien-auziere.fr\/blog\/wp-content\/uploads\/2026\/04\/Brigitte-Macron-en-solo-au-Maroc-un-deplacement-ecoresponsable-pour-rencontrer-les-princesses-a-Rabat-loin-dEmmanuel.jpg","keywords":["brigitte macron","desplazamiento eco-responsable","marroqu\u00ed","princesas marroqu\u00edes","rabat"],"articleSection":["Actualidades"],"inLanguage":"fr-FR","potentialAction":[{"@type":"CommentAction","name":"Comment","target":["https:\/\/www.sebastien-auziere.fr\/blog\/es\/brigitte-macron-en-solitario-en-marruecos-un-desplazamiento-ecologico-para-encontrarse-con-las-princesas-en-rabat-lejos-de-emmanuel\/#respond"]}]},{"@type":"WebPage","@id":"https:\/\/www.sebastien-auziere.fr\/blog\/es\/brigitte-macron-en-solitario-en-marruecos-un-desplazamiento-ecologico-para-encontrarse-con-las-princesas-en-rabat-lejos-de-emmanuel\/","url":"https:\/\/www.sebastien-auziere.fr\/blog\/es\/brigitte-macron-en-solitario-en-marruecos-un-desplazamiento-ecologico-para-encontrarse-con-las-princesas-en-rabat-lejos-de-emmanuel\/","name":"Brigitte Macron en solitario en Marruecos: un desplazamiento ecol\u00f3gico para encontrarse con las princesas en Rabat, lejos de Emmanuel - Fan site S\u00e9bastien Auzi\u00e8re","isPartOf":{"@id":"https:\/\/www.sebastien-auziere.fr\/blog\/#website"},"primaryImageOfPage":{"@id":"https:\/\/www.sebastien-auziere.fr\/blog\/es\/brigitte-macron-en-solitario-en-marruecos-un-desplazamiento-ecologico-para-encontrarse-con-las-princesas-en-rabat-lejos-de-emmanuel\/#primaryimage"},"image":{"@id":"https:\/\/www.sebastien-auziere.fr\/blog\/es\/brigitte-macron-en-solitario-en-marruecos-un-desplazamiento-ecologico-para-encontrarse-con-las-princesas-en-rabat-lejos-de-emmanuel\/#primaryimage"},"thumbnailUrl":"https:\/\/www.sebastien-auziere.fr\/blog\/wp-content\/uploads\/2026\/04\/Brigitte-Macron-en-solo-au-Maroc-un-deplacement-ecoresponsable-pour-rencontrer-les-princesses-a-Rabat-loin-dEmmanuel.jpg","datePublished":"2026-04-25T07:09:05+00:00","dateModified":"2026-04-25T07:09:26+00:00","description":"Brigitte Macron en solo au Maroc : un d\u00e9placement \u00e9coresponsable \u00e0 Rabat pour rencontrer les princesses, loin d'Emmanuel Macron.","breadcrumb":{"@id":"https:\/\/www.sebastien-auziere.fr\/blog\/es\/brigitte-macron-en-solitario-en-marruecos-un-desplazamiento-ecologico-para-encontrarse-con-las-princesas-en-rabat-lejos-de-emmanuel\/#breadcrumb"},"inLanguage":"fr-FR","potentialAction":[{"@type":"ReadAction","target":["https:\/\/www.sebastien-auziere.fr\/blog\/es\/brigitte-macron-en-solitario-en-marruecos-un-desplazamiento-ecologico-para-encontrarse-con-las-princesas-en-rabat-lejos-de-emmanuel\/"]}]},{"@type":"ImageObject","inLanguage":"fr-FR","@id":"https:\/\/www.sebastien-auziere.fr\/blog\/es\/brigitte-macron-en-solitario-en-marruecos-un-desplazamiento-ecologico-para-encontrarse-con-las-princesas-en-rabat-lejos-de-emmanuel\/#primaryimage","url":"https:\/\/www.sebastien-auziere.fr\/blog\/wp-content\/uploads\/2026\/04\/Brigitte-Macron-en-solo-au-Maroc-un-deplacement-ecoresponsable-pour-rencontrer-les-princesses-a-Rabat-loin-dEmmanuel.jpg","contentUrl":"https:\/\/www.sebastien-auziere.fr\/blog\/wp-content\/uploads\/2026\/04\/Brigitte-Macron-en-solo-au-Maroc-un-deplacement-ecoresponsable-pour-rencontrer-les-princesses-a-Rabat-loin-dEmmanuel.jpg","width":2560,"height":1429,"caption":"brigitte macron se rend au maroc pour une visite \u00e9coresponsable \u00e0 rabat, o\u00f9 elle rencontre les princesses, loin d'emmanuel macron."},{"@type":"BreadcrumbList","@id":"https:\/\/www.sebastien-auziere.fr\/blog\/es\/brigitte-macron-en-solitario-en-marruecos-un-desplazamiento-ecologico-para-encontrarse-con-las-princesas-en-rabat-lejos-de-emmanuel\/#breadcrumb","itemListElement":[{"@type":"ListItem","position":1,"name":"Home","item":"https:\/\/www.sebastien-auziere.fr\/blog\/"},{"@type":"ListItem","position":2,"name":"Brigitte Macron en solitario en Marruecos: un desplazamiento ecol\u00f3gico para encontrarse con las princesas en Rabat, lejos de Emmanuel"}]},{"@type":"WebSite","@id":"https:\/\/www.sebastien-auziere.fr\/blog\/#website","url":"https:\/\/www.sebastien-auziere.fr\/blog\/","name":"Fan site S\u00e9bastien Auzi\u00e8re","description":"M\u00e9dia g\u00e9n\u00e9raliste","publisher":{"@id":"https:\/\/www.sebastien-auziere.fr\/blog\/#organization"},"potentialAction":[{"@type":"SearchAction","target":{"@type":"EntryPoint","urlTemplate":"https:\/\/www.sebastien-auziere.fr\/blog\/?s={search_term_string}"},"query-input":{"@type":"PropertyValueSpecification","valueRequired":true,"valueName":"search_term_string"}}],"inLanguage":"fr-FR"},{"@type":"Organization","@id":"https:\/\/www.sebastien-auziere.fr\/blog\/#organization","name":"Fan site S\u00e9bastien Auzi\u00e8re","url":"https:\/\/www.sebastien-auziere.fr\/blog\/","logo":{"@type":"ImageObject","inLanguage":"fr-FR","@id":"https:\/\/www.sebastien-auziere.fr\/blog\/#\/schema\/logo\/image\/","url":"https:\/\/www.sebastien-auziere.fr\/blog\/wp-content\/uploads\/2026\/03\/cropped-cropped-cropped-ChatGPT-Image-6-mars-2026-12_58_09-e1772798376794.jpg","contentUrl":"https:\/\/www.sebastien-auziere.fr\/blog\/wp-content\/uploads\/2026\/03\/cropped-cropped-cropped-ChatGPT-Image-6-mars-2026-12_58_09-e1772798376794.jpg","width":512,"height":360,"caption":"Fan site S\u00e9bastien Auzi\u00e8re"},"image":{"@id":"https:\/\/www.sebastien-auziere.fr\/blog\/#\/schema\/logo\/image\/"}},{"@type":"Person","@id":"https:\/\/www.sebastien-auziere.fr\/blog\/#\/schema\/person\/149f1acdbfd85149c6c3e59adeae2f4d","name":"Chloe Gauthier","image":{"@type":"ImageObject","inLanguage":"fr-FR","@id":"https:\/\/secure.gravatar.com\/avatar\/2c5722f58171cff738a8985ef0dd66b476e563753246a49019befc837ec4201a?s=96&d=mm&r=g","url":"https:\/\/secure.gravatar.com\/avatar\/2c5722f58171cff738a8985ef0dd66b476e563753246a49019befc837ec4201a?s=96&d=mm&r=g","contentUrl":"https:\/\/secure.gravatar.com\/avatar\/2c5722f58171cff738a8985ef0dd66b476e563753246a49019befc837ec4201a?s=96&d=mm&r=g","caption":"Chloe Gauthier"},"description":"Passionn\u00e9e par la politique et admiratrice engag\u00e9e de la famille Macron, je consacre mon \u00e9nergie \u00e0 suivre leurs initiatives et \u00e0 promouvoir leurs id\u00e9es. \u00c0 32 ans, je suis convaincue que leur vision est porteuse d'avenir.","url":"https:\/\/www.sebastien-auziere.fr\/blog\/author\/chloe-gauthier\/"}]}},"views":0,"_links":{"self":[{"href":"https:\/\/www.sebastien-auziere.fr\/blog\/wp-json\/wp\/v2\/posts\/3316","targetHints":{"allow":["GET"]}}],"collection":[{"href":"https:\/\/www.sebastien-auziere.fr\/blog\/wp-json\/wp\/v2\/posts"}],"about":[{"href":"https:\/\/www.sebastien-auziere.fr\/blog\/wp-json\/wp\/v2\/types\/post"}],"author":[{"embeddable":true,"href":"https:\/\/www.sebastien-auziere.fr\/blog\/wp-json\/wp\/v2\/users\/9"}],"replies":[{"embeddable":true,"href":"https:\/\/www.sebastien-auziere.fr\/blog\/wp-json\/wp\/v2\/comments?post=3316"}],"version-history":[{"count":1,"href":"https:\/\/www.sebastien-auziere.fr\/blog\/wp-json\/wp\/v2\/posts\/3316\/revisions"}],"predecessor-version":[{"id":3317,"href":"https:\/\/www.sebastien-auziere.fr\/blog\/wp-json\/wp\/v2\/posts\/3316\/revisions\/3317"}],"wp:featuredmedia":[{"embeddable":true,"href":"https:\/\/www.sebastien-auziere.fr\/blog\/wp-json\/wp\/v2\/media\/3312"}],"wp:attachment":[{"href":"https:\/\/www.sebastien-auziere.fr\/blog\/wp-json\/wp\/v2\/media?parent=3316"}],"wp:term":[{"taxonomy":"category","embeddable":true,"href":"https:\/\/www.sebastien-auziere.fr\/blog\/wp-json\/wp\/v2\/categories?post=3316"},{"taxonomy":"post_tag","embeddable":true,"href":"https:\/\/www.sebastien-auziere.fr\/blog\/wp-json\/wp\/v2\/tags?post=3316"}],"curies":[{"name":"wp","href":"https:\/\/api.w.org\/{rel}","templated":true}]}}