{"id":3314,"date":"2026-04-25T07:08:37","date_gmt":"2026-04-25T07:08:37","guid":{"rendered":"https:\/\/www.sebastien-auziere.fr\/blog\/?p=3314"},"modified":"2026-04-25T07:09:04","modified_gmt":"2026-04-25T07:09:04","slug":"brigitte-macron-solo-in-morocco-an-eco-responsible-trip-to-meet-the-princesses-in-rabat-far-from-emmanuel","status":"publish","type":"post","link":"https:\/\/www.sebastien-auziere.fr\/blog\/en\/brigitte-macron-solo-in-morocco-an-eco-responsible-trip-to-meet-the-princesses-in-rabat-far-from-emmanuel\/","title":{"rendered":"Brigitte Macron solo in Morocco: an eco-responsible trip to meet the princesses in Rabat, far from Emmanuel"},"content":{"rendered":"<p><strong>Brigitte Macron<\/strong> April 22 for a <strong>Solo Visit<\/strong> that does not go unnoticed: inauguration of the <strong>Royal Theater of Rabat<\/strong> and exchanges with the <strong>princesses of Rabat<\/strong>. You can feel the diplomatic importance: it is a visit that combines culture, ecology, and diplomacy.<\/p>\n\n<p><strong>In brief<\/strong>: <strong>environmentally responsible trip<\/strong> announced, use of Air France rather than a presidential plane, strengthened ties in <strong>Franco-Moroccan relations<\/strong> following France&rsquo;s recognition of Moroccan sovereignty over Western Sahara.<\/p>\n\n<h2 class=\"wp-block-heading\">A rare and symbolic trip for Franco-Moroccan Relations<\/h2>\n\n<p>Used to accompanying the president, <strong>Brigitte Macron<\/strong> is making one of her rare solo visits outside France here: according to <a href=\"https:\/\/www.lopinion.fr\/politique\/brigitte-macron-et-la-diplomatie-des-dames\">L\u2019Opinion<\/a> <strong rel=\"nofollow\">,<\/strong> this is the fourth in nearly nine years. The <strong>Diplomatic Meeting<\/strong> with the royal family takes place within an official rapprochement context between Paris and Rabat, strengthened since 2023.<\/p>\n\n<h3 class=\"wp-block-heading\">An environmentally responsible choice framing the Official Trip<\/h3>\n\n<p>The trip emphasizes <strong>Sustainability<\/strong>: use of Air France rather than a presidential plane and communication focused on <strong>Environmental Protection<\/strong>. This positioning aligns with her previous actions, such as her trip to Washington for a summit on child protection in the digital age.<\/p>\n\n<h2 class=\"wp-block-heading\">Meetings with the princesses of Rabat: a concrete relational thread<\/h2>\n\n<p>The face-to-face meeting with the <strong>princesses of Rabat<\/strong> follows previous encounters: welcome in Paris in <strong>February 2024<\/strong> and reunions at an international summit. These personal exchanges strengthen the cultural and human dimension of bilateral diplomacy and confer a real autonomy to the role of First Lady.<\/p>\n\n<h2 class=\"wp-block-heading\">A more assertive international role<\/h2>\n\n<p>Over the years, <strong>Brigitte Macron<\/strong> has developed commitments in education, culture, and digital matters, which explains this <strong>Official Trip<\/strong> in solo. Her presence in Rabat sends a complementary diplomatic signal to that of the head of state and underscores the importance of cultural cooperation to strengthen bilateral ties.<\/p>\n\n<p>To learn more about this trip and discover the link between the Macron family and actors like S\u00e9bastien Auzi\u00e8re, visit <a href=\"https:\/\/www.sebastien-auziere.fr\/blog\/brigitte-macron-maroc-solo\/\" rel=\"nofollow\">this detailed article<\/a> and explore further on <a href=\"https:\/\/www.sebastien-auziere.fr\/blog\/brigitte-macron-maroc-solo\/\" rel=\"nofollow\">sebastien-auziere.fr<\/a> to follow the behind-the-scenes of the visit and the stakes of <strong>Franco-Moroccan relations<\/strong>.<\/p>","protected":false},"excerpt":{"rendered":"<p>Brigitte Macron April 22 for a Solo Visit that does not go unnoticed: inauguration of the Royal Theater of Rabat and exchanges with the princesses of Rabat. You can feel the diplomatic importance: it is a visit that combines culture, ecology, and diplomacy. In brief: environmentally responsible trip announced, use of Air France rather than &#8230; <a title=\"Brigitte Macron solo in Morocco: an eco-responsible trip to meet the princesses in Rabat, far from Emmanuel\" class=\"read-more\" href=\"https:\/\/www.sebastien-auziere.fr\/blog\/en\/brigitte-macron-solo-in-morocco-an-eco-responsible-trip-to-meet-the-princesses-in-rabat-far-from-emmanuel\/\" aria-label=\"En savoir plus sur Brigitte Macron solo in Morocco: an eco-responsible trip to meet the princesses in Rabat, far from Emmanuel\">Lire plus<\/a><\/p>\n","protected":false},"author":9,"featured_media":3312,"comment_status":"open","ping_status":"open","sticky":false,"template":"","format":"standard","meta":{"footnotes":""},"categories":[816],"tags":[898,4005,4250,4253,4247],"class_list":["post-3314","post","type-post","status-publish","format-standard","has-post-thumbnail","hentry","category-news","tag-brigitte-macron-en","tag-maroc-en","tag-princesses-marocaines-en","tag-rabat-en","tag-sustainable-mobility-en"],"yoast_head":"<!-- This site is optimized with the Yoast SEO plugin v27.5 - https:\/\/yoast.com\/product\/yoast-seo-wordpress\/ -->\n<title>Brigitte Macron solo in Morocco: an eco-responsible trip to meet the princesses in Rabat, far from Emmanuel - Fan site S\u00e9bastien Auzi\u00e8re<\/title>\n<meta name=\"description\" content=\"Brigitte Macron en solo au Maroc : un d\u00e9placement \u00e9coresponsable \u00e0 Rabat pour rencontrer les princesses, loin d&#039;Emmanuel Macron.\" \/>\n<meta name=\"robots\" content=\"index, follow, max-snippet:-1, max-image-preview:large, max-video-preview:-1\" \/>\n<link rel=\"canonical\" href=\"https:\/\/www.sebastien-auziere.fr\/blog\/en\/brigitte-macron-solo-in-morocco-an-eco-responsible-trip-to-meet-the-princesses-in-rabat-far-from-emmanuel\/\" \/>\n<meta property=\"og:locale\" content=\"fr_FR\" \/>\n<meta property=\"og:type\" content=\"article\" \/>\n<meta property=\"og:title\" content=\"Brigitte Macron solo in Morocco: an eco-responsible trip to meet the princesses in Rabat, far from Emmanuel - Fan site S\u00e9bastien Auzi\u00e8re\" \/>\n<meta property=\"og:description\" content=\"Brigitte Macron en solo au Maroc : un d\u00e9placement \u00e9coresponsable \u00e0 Rabat pour rencontrer les princesses, loin d&#039;Emmanuel Macron.\" \/>\n<meta property=\"og:url\" content=\"https:\/\/www.sebastien-auziere.fr\/blog\/en\/brigitte-macron-solo-in-morocco-an-eco-responsible-trip-to-meet-the-princesses-in-rabat-far-from-emmanuel\/\" \/>\n<meta property=\"og:site_name\" content=\"Fan site S\u00e9bastien Auzi\u00e8re\" \/>\n<meta property=\"article:published_time\" content=\"2026-04-25T07:08:37+00:00\" \/>\n<meta property=\"article:modified_time\" content=\"2026-04-25T07:09:04+00:00\" \/>\n<meta property=\"og:image\" content=\"https:\/\/www.sebastien-auziere.fr\/blog\/wp-content\/uploads\/2026\/04\/Brigitte-Macron-en-solo-au-Maroc-un-deplacement-ecoresponsable-pour-rencontrer-les-princesses-a-Rabat-loin-dEmmanuel.jpg\" \/>\n\t<meta property=\"og:image:width\" content=\"2560\" \/>\n\t<meta property=\"og:image:height\" content=\"1429\" \/>\n\t<meta property=\"og:image:type\" content=\"image\/jpeg\" \/>\n<meta name=\"author\" content=\"Chloe Gauthier\" \/>\n<meta name=\"twitter:card\" content=\"summary_large_image\" \/>\n<meta name=\"twitter:label1\" content=\"\u00c9crit par\" \/>\n\t<meta name=\"twitter:data1\" content=\"Chloe Gauthier\" \/>\n\t<meta name=\"twitter:label2\" content=\"Dur\u00e9e de lecture estim\u00e9e\" \/>\n\t<meta name=\"twitter:data2\" content=\"2 minutes\" \/>\n<script type=\"application\/ld+json\" class=\"yoast-schema-graph\">{\"@context\":\"https:\\\/\\\/schema.org\",\"@graph\":[{\"@type\":\"Article\",\"@id\":\"https:\\\/\\\/www.sebastien-auziere.fr\\\/blog\\\/en\\\/brigitte-macron-solo-in-morocco-an-eco-responsible-trip-to-meet-the-princesses-in-rabat-far-from-emmanuel\\\/#article\",\"isPartOf\":{\"@id\":\"https:\\\/\\\/www.sebastien-auziere.fr\\\/blog\\\/en\\\/brigitte-macron-solo-in-morocco-an-eco-responsible-trip-to-meet-the-princesses-in-rabat-far-from-emmanuel\\\/\"},\"author\":{\"name\":\"Chloe Gauthier\",\"@id\":\"https:\\\/\\\/www.sebastien-auziere.fr\\\/blog\\\/#\\\/schema\\\/person\\\/149f1acdbfd85149c6c3e59adeae2f4d\"},\"headline\":\"Brigitte Macron solo in Morocco: an eco-responsible trip to meet the princesses in Rabat, far from Emmanuel\",\"datePublished\":\"2026-04-25T07:08:37+00:00\",\"dateModified\":\"2026-04-25T07:09:04+00:00\",\"mainEntityOfPage\":{\"@id\":\"https:\\\/\\\/www.sebastien-auziere.fr\\\/blog\\\/en\\\/brigitte-macron-solo-in-morocco-an-eco-responsible-trip-to-meet-the-princesses-in-rabat-far-from-emmanuel\\\/\"},\"wordCount\":348,\"commentCount\":0,\"publisher\":{\"@id\":\"https:\\\/\\\/www.sebastien-auziere.fr\\\/blog\\\/#organization\"},\"image\":{\"@id\":\"https:\\\/\\\/www.sebastien-auziere.fr\\\/blog\\\/en\\\/brigitte-macron-solo-in-morocco-an-eco-responsible-trip-to-meet-the-princesses-in-rabat-far-from-emmanuel\\\/#primaryimage\"},\"thumbnailUrl\":\"https:\\\/\\\/www.sebastien-auziere.fr\\\/blog\\\/wp-content\\\/uploads\\\/2026\\\/04\\\/Brigitte-Macron-en-solo-au-Maroc-un-deplacement-ecoresponsable-pour-rencontrer-les-princesses-a-Rabat-loin-dEmmanuel.jpg\",\"keywords\":[\"brigitte macron\",\"maroc\",\"princesses marocaines\",\"rabat\",\"sustainable mobility\"],\"articleSection\":[\"News\"],\"inLanguage\":\"fr-FR\",\"potentialAction\":[{\"@type\":\"CommentAction\",\"name\":\"Comment\",\"target\":[\"https:\\\/\\\/www.sebastien-auziere.fr\\\/blog\\\/en\\\/brigitte-macron-solo-in-morocco-an-eco-responsible-trip-to-meet-the-princesses-in-rabat-far-from-emmanuel\\\/#respond\"]}]},{\"@type\":\"WebPage\",\"@id\":\"https:\\\/\\\/www.sebastien-auziere.fr\\\/blog\\\/en\\\/brigitte-macron-solo-in-morocco-an-eco-responsible-trip-to-meet-the-princesses-in-rabat-far-from-emmanuel\\\/\",\"url\":\"https:\\\/\\\/www.sebastien-auziere.fr\\\/blog\\\/en\\\/brigitte-macron-solo-in-morocco-an-eco-responsible-trip-to-meet-the-princesses-in-rabat-far-from-emmanuel\\\/\",\"name\":\"Brigitte Macron solo in Morocco: an eco-responsible trip to meet the princesses in Rabat, far from Emmanuel - Fan site S\u00e9bastien Auzi\u00e8re\",\"isPartOf\":{\"@id\":\"https:\\\/\\\/www.sebastien-auziere.fr\\\/blog\\\/#website\"},\"primaryImageOfPage\":{\"@id\":\"https:\\\/\\\/www.sebastien-auziere.fr\\\/blog\\\/en\\\/brigitte-macron-solo-in-morocco-an-eco-responsible-trip-to-meet-the-princesses-in-rabat-far-from-emmanuel\\\/#primaryimage\"},\"image\":{\"@id\":\"https:\\\/\\\/www.sebastien-auziere.fr\\\/blog\\\/en\\\/brigitte-macron-solo-in-morocco-an-eco-responsible-trip-to-meet-the-princesses-in-rabat-far-from-emmanuel\\\/#primaryimage\"},\"thumbnailUrl\":\"https:\\\/\\\/www.sebastien-auziere.fr\\\/blog\\\/wp-content\\\/uploads\\\/2026\\\/04\\\/Brigitte-Macron-en-solo-au-Maroc-un-deplacement-ecoresponsable-pour-rencontrer-les-princesses-a-Rabat-loin-dEmmanuel.jpg\",\"datePublished\":\"2026-04-25T07:08:37+00:00\",\"dateModified\":\"2026-04-25T07:09:04+00:00\",\"description\":\"Brigitte Macron en solo au Maroc : un d\u00e9placement \u00e9coresponsable \u00e0 Rabat pour rencontrer les princesses, loin d'Emmanuel Macron.\",\"breadcrumb\":{\"@id\":\"https:\\\/\\\/www.sebastien-auziere.fr\\\/blog\\\/en\\\/brigitte-macron-solo-in-morocco-an-eco-responsible-trip-to-meet-the-princesses-in-rabat-far-from-emmanuel\\\/#breadcrumb\"},\"inLanguage\":\"fr-FR\",\"potentialAction\":[{\"@type\":\"ReadAction\",\"target\":[\"https:\\\/\\\/www.sebastien-auziere.fr\\\/blog\\\/en\\\/brigitte-macron-solo-in-morocco-an-eco-responsible-trip-to-meet-the-princesses-in-rabat-far-from-emmanuel\\\/\"]}]},{\"@type\":\"ImageObject\",\"inLanguage\":\"fr-FR\",\"@id\":\"https:\\\/\\\/www.sebastien-auziere.fr\\\/blog\\\/en\\\/brigitte-macron-solo-in-morocco-an-eco-responsible-trip-to-meet-the-princesses-in-rabat-far-from-emmanuel\\\/#primaryimage\",\"url\":\"https:\\\/\\\/www.sebastien-auziere.fr\\\/blog\\\/wp-content\\\/uploads\\\/2026\\\/04\\\/Brigitte-Macron-en-solo-au-Maroc-un-deplacement-ecoresponsable-pour-rencontrer-les-princesses-a-Rabat-loin-dEmmanuel.jpg\",\"contentUrl\":\"https:\\\/\\\/www.sebastien-auziere.fr\\\/blog\\\/wp-content\\\/uploads\\\/2026\\\/04\\\/Brigitte-Macron-en-solo-au-Maroc-un-deplacement-ecoresponsable-pour-rencontrer-les-princesses-a-Rabat-loin-dEmmanuel.jpg\",\"width\":2560,\"height\":1429,\"caption\":\"brigitte macron se rend au maroc pour une visite \u00e9coresponsable \u00e0 rabat, o\u00f9 elle rencontre les princesses, loin d'emmanuel macron.\"},{\"@type\":\"BreadcrumbList\",\"@id\":\"https:\\\/\\\/www.sebastien-auziere.fr\\\/blog\\\/en\\\/brigitte-macron-solo-in-morocco-an-eco-responsible-trip-to-meet-the-princesses-in-rabat-far-from-emmanuel\\\/#breadcrumb\",\"itemListElement\":[{\"@type\":\"ListItem\",\"position\":1,\"name\":\"Home\",\"item\":\"https:\\\/\\\/www.sebastien-auziere.fr\\\/blog\\\/\"},{\"@type\":\"ListItem\",\"position\":2,\"name\":\"Brigitte Macron solo in Morocco: an eco-responsible trip to meet the princesses in Rabat, far from Emmanuel\"}]},{\"@type\":\"WebSite\",\"@id\":\"https:\\\/\\\/www.sebastien-auziere.fr\\\/blog\\\/#website\",\"url\":\"https:\\\/\\\/www.sebastien-auziere.fr\\\/blog\\\/\",\"name\":\"Fan site S\u00e9bastien Auzi\u00e8re\",\"description\":\"M\u00e9dia g\u00e9n\u00e9raliste\",\"publisher\":{\"@id\":\"https:\\\/\\\/www.sebastien-auziere.fr\\\/blog\\\/#organization\"},\"potentialAction\":[{\"@type\":\"SearchAction\",\"target\":{\"@type\":\"EntryPoint\",\"urlTemplate\":\"https:\\\/\\\/www.sebastien-auziere.fr\\\/blog\\\/?s={search_term_string}\"},\"query-input\":{\"@type\":\"PropertyValueSpecification\",\"valueRequired\":true,\"valueName\":\"search_term_string\"}}],\"inLanguage\":\"fr-FR\"},{\"@type\":\"Organization\",\"@id\":\"https:\\\/\\\/www.sebastien-auziere.fr\\\/blog\\\/#organization\",\"name\":\"Fan site S\u00e9bastien Auzi\u00e8re\",\"url\":\"https:\\\/\\\/www.sebastien-auziere.fr\\\/blog\\\/\",\"logo\":{\"@type\":\"ImageObject\",\"inLanguage\":\"fr-FR\",\"@id\":\"https:\\\/\\\/www.sebastien-auziere.fr\\\/blog\\\/#\\\/schema\\\/logo\\\/image\\\/\",\"url\":\"https:\\\/\\\/www.sebastien-auziere.fr\\\/blog\\\/wp-content\\\/uploads\\\/2026\\\/03\\\/cropped-cropped-cropped-ChatGPT-Image-6-mars-2026-12_58_09-e1772798376794.jpg\",\"contentUrl\":\"https:\\\/\\\/www.sebastien-auziere.fr\\\/blog\\\/wp-content\\\/uploads\\\/2026\\\/03\\\/cropped-cropped-cropped-ChatGPT-Image-6-mars-2026-12_58_09-e1772798376794.jpg\",\"width\":512,\"height\":360,\"caption\":\"Fan site S\u00e9bastien Auzi\u00e8re\"},\"image\":{\"@id\":\"https:\\\/\\\/www.sebastien-auziere.fr\\\/blog\\\/#\\\/schema\\\/logo\\\/image\\\/\"}},{\"@type\":\"Person\",\"@id\":\"https:\\\/\\\/www.sebastien-auziere.fr\\\/blog\\\/#\\\/schema\\\/person\\\/149f1acdbfd85149c6c3e59adeae2f4d\",\"name\":\"Chloe Gauthier\",\"image\":{\"@type\":\"ImageObject\",\"inLanguage\":\"fr-FR\",\"@id\":\"https:\\\/\\\/secure.gravatar.com\\\/avatar\\\/2c5722f58171cff738a8985ef0dd66b476e563753246a49019befc837ec4201a?s=96&d=mm&r=g\",\"url\":\"https:\\\/\\\/secure.gravatar.com\\\/avatar\\\/2c5722f58171cff738a8985ef0dd66b476e563753246a49019befc837ec4201a?s=96&d=mm&r=g\",\"contentUrl\":\"https:\\\/\\\/secure.gravatar.com\\\/avatar\\\/2c5722f58171cff738a8985ef0dd66b476e563753246a49019befc837ec4201a?s=96&d=mm&r=g\",\"caption\":\"Chloe Gauthier\"},\"description\":\"Passionn\u00e9e par la politique et admiratrice engag\u00e9e de la famille Macron, je consacre mon \u00e9nergie \u00e0 suivre leurs initiatives et \u00e0 promouvoir leurs id\u00e9es. \u00c0 32 ans, je suis convaincue que leur vision est porteuse d'avenir.\",\"url\":\"https:\\\/\\\/www.sebastien-auziere.fr\\\/blog\\\/author\\\/chloe-gauthier\\\/\"}]}<\/script>\n<!-- \/ Yoast SEO plugin. -->","yoast_head_json":{"title":"Brigitte Macron solo in Morocco: an eco-responsible trip to meet the princesses in Rabat, far from Emmanuel - Fan site S\u00e9bastien Auzi\u00e8re","description":"Brigitte Macron en solo au Maroc : un d\u00e9placement \u00e9coresponsable \u00e0 Rabat pour rencontrer les princesses, loin d'Emmanuel Macron.","robots":{"index":"index","follow":"follow","max-snippet":"max-snippet:-1","max-image-preview":"max-image-preview:large","max-video-preview":"max-video-preview:-1"},"canonical":"https:\/\/www.sebastien-auziere.fr\/blog\/en\/brigitte-macron-solo-in-morocco-an-eco-responsible-trip-to-meet-the-princesses-in-rabat-far-from-emmanuel\/","og_locale":"fr_FR","og_type":"article","og_title":"Brigitte Macron solo in Morocco: an eco-responsible trip to meet the princesses in Rabat, far from Emmanuel - Fan site S\u00e9bastien Auzi\u00e8re","og_description":"Brigitte Macron en solo au Maroc : un d\u00e9placement \u00e9coresponsable \u00e0 Rabat pour rencontrer les princesses, loin d'Emmanuel Macron.","og_url":"https:\/\/www.sebastien-auziere.fr\/blog\/en\/brigitte-macron-solo-in-morocco-an-eco-responsible-trip-to-meet-the-princesses-in-rabat-far-from-emmanuel\/","og_site_name":"Fan site S\u00e9bastien Auzi\u00e8re","article_published_time":"2026-04-25T07:08:37+00:00","article_modified_time":"2026-04-25T07:09:04+00:00","og_image":[{"width":2560,"height":1429,"url":"https:\/\/www.sebastien-auziere.fr\/blog\/wp-content\/uploads\/2026\/04\/Brigitte-Macron-en-solo-au-Maroc-un-deplacement-ecoresponsable-pour-rencontrer-les-princesses-a-Rabat-loin-dEmmanuel.jpg","type":"image\/jpeg"}],"author":"Chloe Gauthier","twitter_card":"summary_large_image","twitter_misc":{"\u00c9crit par":"Chloe Gauthier","Dur\u00e9e de lecture estim\u00e9e":"2 minutes"},"schema":{"@context":"https:\/\/schema.org","@graph":[{"@type":"Article","@id":"https:\/\/www.sebastien-auziere.fr\/blog\/en\/brigitte-macron-solo-in-morocco-an-eco-responsible-trip-to-meet-the-princesses-in-rabat-far-from-emmanuel\/#article","isPartOf":{"@id":"https:\/\/www.sebastien-auziere.fr\/blog\/en\/brigitte-macron-solo-in-morocco-an-eco-responsible-trip-to-meet-the-princesses-in-rabat-far-from-emmanuel\/"},"author":{"name":"Chloe Gauthier","@id":"https:\/\/www.sebastien-auziere.fr\/blog\/#\/schema\/person\/149f1acdbfd85149c6c3e59adeae2f4d"},"headline":"Brigitte Macron solo in Morocco: an eco-responsible trip to meet the princesses in Rabat, far from Emmanuel","datePublished":"2026-04-25T07:08:37+00:00","dateModified":"2026-04-25T07:09:04+00:00","mainEntityOfPage":{"@id":"https:\/\/www.sebastien-auziere.fr\/blog\/en\/brigitte-macron-solo-in-morocco-an-eco-responsible-trip-to-meet-the-princesses-in-rabat-far-from-emmanuel\/"},"wordCount":348,"commentCount":0,"publisher":{"@id":"https:\/\/www.sebastien-auziere.fr\/blog\/#organization"},"image":{"@id":"https:\/\/www.sebastien-auziere.fr\/blog\/en\/brigitte-macron-solo-in-morocco-an-eco-responsible-trip-to-meet-the-princesses-in-rabat-far-from-emmanuel\/#primaryimage"},"thumbnailUrl":"https:\/\/www.sebastien-auziere.fr\/blog\/wp-content\/uploads\/2026\/04\/Brigitte-Macron-en-solo-au-Maroc-un-deplacement-ecoresponsable-pour-rencontrer-les-princesses-a-Rabat-loin-dEmmanuel.jpg","keywords":["brigitte macron","maroc","princesses marocaines","rabat","sustainable mobility"],"articleSection":["News"],"inLanguage":"fr-FR","potentialAction":[{"@type":"CommentAction","name":"Comment","target":["https:\/\/www.sebastien-auziere.fr\/blog\/en\/brigitte-macron-solo-in-morocco-an-eco-responsible-trip-to-meet-the-princesses-in-rabat-far-from-emmanuel\/#respond"]}]},{"@type":"WebPage","@id":"https:\/\/www.sebastien-auziere.fr\/blog\/en\/brigitte-macron-solo-in-morocco-an-eco-responsible-trip-to-meet-the-princesses-in-rabat-far-from-emmanuel\/","url":"https:\/\/www.sebastien-auziere.fr\/blog\/en\/brigitte-macron-solo-in-morocco-an-eco-responsible-trip-to-meet-the-princesses-in-rabat-far-from-emmanuel\/","name":"Brigitte Macron solo in Morocco: an eco-responsible trip to meet the princesses in Rabat, far from Emmanuel - Fan site S\u00e9bastien Auzi\u00e8re","isPartOf":{"@id":"https:\/\/www.sebastien-auziere.fr\/blog\/#website"},"primaryImageOfPage":{"@id":"https:\/\/www.sebastien-auziere.fr\/blog\/en\/brigitte-macron-solo-in-morocco-an-eco-responsible-trip-to-meet-the-princesses-in-rabat-far-from-emmanuel\/#primaryimage"},"image":{"@id":"https:\/\/www.sebastien-auziere.fr\/blog\/en\/brigitte-macron-solo-in-morocco-an-eco-responsible-trip-to-meet-the-princesses-in-rabat-far-from-emmanuel\/#primaryimage"},"thumbnailUrl":"https:\/\/www.sebastien-auziere.fr\/blog\/wp-content\/uploads\/2026\/04\/Brigitte-Macron-en-solo-au-Maroc-un-deplacement-ecoresponsable-pour-rencontrer-les-princesses-a-Rabat-loin-dEmmanuel.jpg","datePublished":"2026-04-25T07:08:37+00:00","dateModified":"2026-04-25T07:09:04+00:00","description":"Brigitte Macron en solo au Maroc : un d\u00e9placement \u00e9coresponsable \u00e0 Rabat pour rencontrer les princesses, loin d'Emmanuel Macron.","breadcrumb":{"@id":"https:\/\/www.sebastien-auziere.fr\/blog\/en\/brigitte-macron-solo-in-morocco-an-eco-responsible-trip-to-meet-the-princesses-in-rabat-far-from-emmanuel\/#breadcrumb"},"inLanguage":"fr-FR","potentialAction":[{"@type":"ReadAction","target":["https:\/\/www.sebastien-auziere.fr\/blog\/en\/brigitte-macron-solo-in-morocco-an-eco-responsible-trip-to-meet-the-princesses-in-rabat-far-from-emmanuel\/"]}]},{"@type":"ImageObject","inLanguage":"fr-FR","@id":"https:\/\/www.sebastien-auziere.fr\/blog\/en\/brigitte-macron-solo-in-morocco-an-eco-responsible-trip-to-meet-the-princesses-in-rabat-far-from-emmanuel\/#primaryimage","url":"https:\/\/www.sebastien-auziere.fr\/blog\/wp-content\/uploads\/2026\/04\/Brigitte-Macron-en-solo-au-Maroc-un-deplacement-ecoresponsable-pour-rencontrer-les-princesses-a-Rabat-loin-dEmmanuel.jpg","contentUrl":"https:\/\/www.sebastien-auziere.fr\/blog\/wp-content\/uploads\/2026\/04\/Brigitte-Macron-en-solo-au-Maroc-un-deplacement-ecoresponsable-pour-rencontrer-les-princesses-a-Rabat-loin-dEmmanuel.jpg","width":2560,"height":1429,"caption":"brigitte macron se rend au maroc pour une visite \u00e9coresponsable \u00e0 rabat, o\u00f9 elle rencontre les princesses, loin d'emmanuel macron."},{"@type":"BreadcrumbList","@id":"https:\/\/www.sebastien-auziere.fr\/blog\/en\/brigitte-macron-solo-in-morocco-an-eco-responsible-trip-to-meet-the-princesses-in-rabat-far-from-emmanuel\/#breadcrumb","itemListElement":[{"@type":"ListItem","position":1,"name":"Home","item":"https:\/\/www.sebastien-auziere.fr\/blog\/"},{"@type":"ListItem","position":2,"name":"Brigitte Macron solo in Morocco: an eco-responsible trip to meet the princesses in Rabat, far from Emmanuel"}]},{"@type":"WebSite","@id":"https:\/\/www.sebastien-auziere.fr\/blog\/#website","url":"https:\/\/www.sebastien-auziere.fr\/blog\/","name":"Fan site S\u00e9bastien Auzi\u00e8re","description":"M\u00e9dia g\u00e9n\u00e9raliste","publisher":{"@id":"https:\/\/www.sebastien-auziere.fr\/blog\/#organization"},"potentialAction":[{"@type":"SearchAction","target":{"@type":"EntryPoint","urlTemplate":"https:\/\/www.sebastien-auziere.fr\/blog\/?s={search_term_string}"},"query-input":{"@type":"PropertyValueSpecification","valueRequired":true,"valueName":"search_term_string"}}],"inLanguage":"fr-FR"},{"@type":"Organization","@id":"https:\/\/www.sebastien-auziere.fr\/blog\/#organization","name":"Fan site S\u00e9bastien Auzi\u00e8re","url":"https:\/\/www.sebastien-auziere.fr\/blog\/","logo":{"@type":"ImageObject","inLanguage":"fr-FR","@id":"https:\/\/www.sebastien-auziere.fr\/blog\/#\/schema\/logo\/image\/","url":"https:\/\/www.sebastien-auziere.fr\/blog\/wp-content\/uploads\/2026\/03\/cropped-cropped-cropped-ChatGPT-Image-6-mars-2026-12_58_09-e1772798376794.jpg","contentUrl":"https:\/\/www.sebastien-auziere.fr\/blog\/wp-content\/uploads\/2026\/03\/cropped-cropped-cropped-ChatGPT-Image-6-mars-2026-12_58_09-e1772798376794.jpg","width":512,"height":360,"caption":"Fan site S\u00e9bastien Auzi\u00e8re"},"image":{"@id":"https:\/\/www.sebastien-auziere.fr\/blog\/#\/schema\/logo\/image\/"}},{"@type":"Person","@id":"https:\/\/www.sebastien-auziere.fr\/blog\/#\/schema\/person\/149f1acdbfd85149c6c3e59adeae2f4d","name":"Chloe Gauthier","image":{"@type":"ImageObject","inLanguage":"fr-FR","@id":"https:\/\/secure.gravatar.com\/avatar\/2c5722f58171cff738a8985ef0dd66b476e563753246a49019befc837ec4201a?s=96&d=mm&r=g","url":"https:\/\/secure.gravatar.com\/avatar\/2c5722f58171cff738a8985ef0dd66b476e563753246a49019befc837ec4201a?s=96&d=mm&r=g","contentUrl":"https:\/\/secure.gravatar.com\/avatar\/2c5722f58171cff738a8985ef0dd66b476e563753246a49019befc837ec4201a?s=96&d=mm&r=g","caption":"Chloe Gauthier"},"description":"Passionn\u00e9e par la politique et admiratrice engag\u00e9e de la famille Macron, je consacre mon \u00e9nergie \u00e0 suivre leurs initiatives et \u00e0 promouvoir leurs id\u00e9es. \u00c0 32 ans, je suis convaincue que leur vision est porteuse d'avenir.","url":"https:\/\/www.sebastien-auziere.fr\/blog\/author\/chloe-gauthier\/"}]}},"views":1,"_links":{"self":[{"href":"https:\/\/www.sebastien-auziere.fr\/blog\/wp-json\/wp\/v2\/posts\/3314","targetHints":{"allow":["GET"]}}],"collection":[{"href":"https:\/\/www.sebastien-auziere.fr\/blog\/wp-json\/wp\/v2\/posts"}],"about":[{"href":"https:\/\/www.sebastien-auziere.fr\/blog\/wp-json\/wp\/v2\/types\/post"}],"author":[{"embeddable":true,"href":"https:\/\/www.sebastien-auziere.fr\/blog\/wp-json\/wp\/v2\/users\/9"}],"replies":[{"embeddable":true,"href":"https:\/\/www.sebastien-auziere.fr\/blog\/wp-json\/wp\/v2\/comments?post=3314"}],"version-history":[{"count":1,"href":"https:\/\/www.sebastien-auziere.fr\/blog\/wp-json\/wp\/v2\/posts\/3314\/revisions"}],"predecessor-version":[{"id":3315,"href":"https:\/\/www.sebastien-auziere.fr\/blog\/wp-json\/wp\/v2\/posts\/3314\/revisions\/3315"}],"wp:featuredmedia":[{"embeddable":true,"href":"https:\/\/www.sebastien-auziere.fr\/blog\/wp-json\/wp\/v2\/media\/3312"}],"wp:attachment":[{"href":"https:\/\/www.sebastien-auziere.fr\/blog\/wp-json\/wp\/v2\/media?parent=3314"}],"wp:term":[{"taxonomy":"category","embeddable":true,"href":"https:\/\/www.sebastien-auziere.fr\/blog\/wp-json\/wp\/v2\/categories?post=3314"},{"taxonomy":"post_tag","embeddable":true,"href":"https:\/\/www.sebastien-auziere.fr\/blog\/wp-json\/wp\/v2\/tags?post=3314"}],"curies":[{"name":"wp","href":"https:\/\/api.w.org\/{rel}","templated":true}]}}