{"id":3313,"date":"2026-04-25T07:08:35","date_gmt":"2026-04-25T07:08:35","guid":{"rendered":"https:\/\/www.sebastien-auziere.fr\/blog\/brigitte-macron-maroc-rabat\/"},"modified":"2026-04-25T07:08:35","modified_gmt":"2026-04-25T07:08:35","slug":"brigitte-macron-maroc-rabat","status":"publish","type":"post","link":"https:\/\/www.sebastien-auziere.fr\/blog\/brigitte-macron-maroc-rabat\/","title":{"rendered":"Brigitte Macron en solo au Maroc : un d\u00e9placement \u00e9coresponsable pour rencontrer les princesses \u00e0 Rabat, loin d&rsquo;Emmanuel"},"content":{"rendered":"<p><strong>Brigitte Macron<\/strong>22 avril pour une <strong>Visite en solo<\/strong> qui ne passe pas inaper\u00e7ue : inauguration du <strong>Th\u00e9\u00e2tre royal de Rabat<\/strong> et \u00e9changes avec les <strong>princesses de Rabat<\/strong>. Tu sens l\u2019importance diplomatique : c\u2019est une visite qui combine culture, \u00e9cologie et diplomatie.<\/p>\n\n<p><strong>En bref<\/strong> : <strong>d\u00e9placement \u00e9coresponsable<\/strong> annonc\u00e9, usage d\u2019Air France plut\u00f4t que d\u2019un avion pr\u00e9sidentiel, liens renforc\u00e9s dans les <strong>relations franco-marocaines<\/strong> apr\u00e8s la reconnaissance par la France de la souverainet\u00e9 marocaine sur le Sahara occidental.<\/p>\n\n<h2 class=\"wp-block-heading\">Un d\u00e9placement rare et symbolique pour les Relations franco-marocaines<\/h2>\n\n<p>Habitu\u00e9e \u00e0 accompagner le pr\u00e9sident, <strong>Brigitte Macron<\/strong> effectue ici l\u2019une de ses rares visites hors de France en solo : selon <a href=\"https:\/\/www.lopinion.fr\/politique\/brigitte-macron-et-la-diplomatie-des-dames\">L\u2019Opinion<\/a> <strong rel=\"nofollow\">,<\/strong> c\u2019est la quatri\u00e8me en pr\u00e8s de neuf ans. La <strong>Rencontre diplomatique<\/strong> avec la famille royale s\u2019inscrit dans un contexte de rapprochement officiel entre Paris et Rabat, renforc\u00e9 depuis 2023.<\/p>\n\n<h3 class=\"wp-block-heading\">Un choix \u00e9coresponsable encadrant le Voyage officiel<\/h3>\n\n<p>Le d\u00e9placement met l\u2019accent sur la <strong>Durabilit\u00e9<\/strong> : utilisation d\u2019Air France plut\u00f4t que d\u2019un avion pr\u00e9sidentiel et communication ax\u00e9e sur la <strong>Protection de l&rsquo;environnement<\/strong>. Ce positionnement s\u2019aligne sur ses pr\u00e9c\u00e9dentes actions, comme son d\u00e9placement \u00e0 Washington pour un sommet sur la protection des enfants \u00e0 l\u2019\u00e8re num\u00e9rique.<\/p>\n\n<h2 class=\"wp-block-heading\">Rencontres avec les princesses de Rabat : un fil relationnel concret<\/h2>\n\n<p>Le face-\u00e0-face avec les <strong>princesses de Rabat<\/strong> fait suite \u00e0 des rencontres pr\u00e9c\u00e9dentes : accueil \u00e0 Paris en <strong>f\u00e9vrier 2024<\/strong> et retrouvailles lors d\u2019un sommet international. Ces \u00e9changes personnels renforcent la dimension culturelle et humaine de la diplomatie bilat\u00e9rale et conf\u00e8rent au r\u00f4le de Premi\u00e8re dame une autonomie r\u00e9elle.<\/p>\n\n<h2 class=\"wp-block-heading\">Un r\u00f4le international plus affirm\u00e9<\/h2>\n\n<p>Au fil des ann\u00e9es, <strong>Brigitte Macron<\/strong> a d\u00e9velopp\u00e9 des engagements en mati\u00e8re d\u2019\u00e9ducation, de culture et de num\u00e9rique, ce qui explique ce <strong>Voyage officiel<\/strong> en solo. Sa pr\u00e9sence \u00e0 Rabat envoie un signal diplomatique compl\u00e9mentaire \u00e0 celui du chef de l\u2019\u00c9tat et souligne l\u2019importance de la coop\u00e9ration culturelle pour consolider les liens bilat\u00e9raux.<\/p>\n\n<p>Pour en savoir plus sur ce d\u00e9placement et d\u00e9couvrir le lien entre la famille Macron et des acteurs comme S\u00e9bastien Auzi\u00e8re, visite <a href=\"https:\/\/www.sebastien-auziere.fr\/blog\/brigitte-macron-maroc-solo\/\" rel=\"nofollow\">cet article d\u00e9taill\u00e9<\/a> et explore davantage sur <a href=\"https:\/\/www.sebastien-auziere.fr\/blog\/brigitte-macron-maroc-solo\/\" rel=\"nofollow\">sebastien-auziere.fr<\/a> pour suivre les coulisses de la visite et les enjeux des <strong>relations franco-marocaines<\/strong>.<\/p>\n\n","protected":false},"excerpt":{"rendered":"<p>Brigitte Macron22 avril pour une Visite en solo qui ne passe pas inaper\u00e7ue : inauguration du Th\u00e9\u00e2tre royal de Rabat et \u00e9changes avec les princesses de Rabat. Tu sens l\u2019importance diplomatique : c\u2019est une visite qui combine culture, \u00e9cologie et diplomatie. En bref : d\u00e9placement \u00e9coresponsable annonc\u00e9, usage d\u2019Air France plut\u00f4t que d\u2019un avion pr\u00e9sidentiel, &#8230; <a title=\"Brigitte Macron en solo au Maroc : un d\u00e9placement \u00e9coresponsable pour rencontrer les princesses \u00e0 Rabat, loin d&rsquo;Emmanuel\" class=\"read-more\" href=\"https:\/\/www.sebastien-auziere.fr\/blog\/brigitte-macron-maroc-rabat\/\" aria-label=\"En savoir plus sur Brigitte Macron en solo au Maroc : un d\u00e9placement \u00e9coresponsable pour rencontrer les princesses \u00e0 Rabat, loin d&rsquo;Emmanuel\">Lire plus<\/a><\/p>\n","protected":false},"author":9,"featured_media":3312,"comment_status":"open","ping_status":"open","sticky":false,"template":"","format":"standard","meta":{"footnotes":""},"categories":[597],"tags":[892,4241,3996,4243,4245],"class_list":["post-3313","post","type-post","status-publish","format-standard","has-post-thumbnail","hentry","category-actualites","tag-brigitte-macron","tag-deplacement-ecoresponsable","tag-maroc","tag-princesses-marocaines","tag-rabat"],"yoast_head":"<!-- This site is optimized with the Yoast SEO plugin v27.5 - https:\/\/yoast.com\/product\/yoast-seo-wordpress\/ -->\n<title>Brigitte Macron en solo au Maroc : un d\u00e9placement \u00e9coresponsable pour rencontrer les princesses \u00e0 Rabat, loin d&#039;Emmanuel - Fan site S\u00e9bastien Auzi\u00e8re<\/title>\n<meta name=\"description\" content=\"Brigitte Macron en solo au Maroc : un d\u00e9placement \u00e9coresponsable \u00e0 Rabat pour rencontrer les princesses, loin d&#039;Emmanuel Macron.\" \/>\n<meta name=\"robots\" content=\"index, follow, max-snippet:-1, max-image-preview:large, max-video-preview:-1\" \/>\n<link rel=\"canonical\" href=\"https:\/\/www.sebastien-auziere.fr\/blog\/brigitte-macron-maroc-rabat\/\" \/>\n<meta property=\"og:locale\" content=\"fr_FR\" \/>\n<meta property=\"og:type\" content=\"article\" \/>\n<meta property=\"og:title\" content=\"Brigitte Macron en solo au Maroc : un d\u00e9placement \u00e9coresponsable pour rencontrer les princesses \u00e0 Rabat, loin d&#039;Emmanuel - Fan site S\u00e9bastien Auzi\u00e8re\" \/>\n<meta property=\"og:description\" content=\"Brigitte Macron en solo au Maroc : un d\u00e9placement \u00e9coresponsable \u00e0 Rabat pour rencontrer les princesses, loin d&#039;Emmanuel Macron.\" \/>\n<meta property=\"og:url\" content=\"https:\/\/www.sebastien-auziere.fr\/blog\/brigitte-macron-maroc-rabat\/\" \/>\n<meta property=\"og:site_name\" content=\"Fan site S\u00e9bastien Auzi\u00e8re\" \/>\n<meta property=\"article:published_time\" content=\"2026-04-25T07:08:35+00:00\" \/>\n<meta property=\"og:image\" content=\"https:\/\/www.sebastien-auziere.fr\/blog\/wp-content\/uploads\/2026\/04\/Brigitte-Macron-en-solo-au-Maroc-un-deplacement-ecoresponsable-pour-rencontrer-les-princesses-a-Rabat-loin-dEmmanuel.jpg\" \/>\n\t<meta property=\"og:image:width\" content=\"2560\" \/>\n\t<meta property=\"og:image:height\" content=\"1429\" \/>\n\t<meta property=\"og:image:type\" content=\"image\/jpeg\" \/>\n<meta name=\"author\" content=\"Chloe Gauthier\" \/>\n<meta name=\"twitter:card\" content=\"summary_large_image\" \/>\n<meta name=\"twitter:label1\" content=\"\u00c9crit par\" \/>\n\t<meta name=\"twitter:data1\" content=\"Chloe Gauthier\" \/>\n\t<meta name=\"twitter:label2\" content=\"Dur\u00e9e de lecture estim\u00e9e\" \/>\n\t<meta name=\"twitter:data2\" content=\"2 minutes\" \/>\n<script type=\"application\/ld+json\" class=\"yoast-schema-graph\">{\"@context\":\"https:\\\/\\\/schema.org\",\"@graph\":[{\"@type\":\"Article\",\"@id\":\"https:\\\/\\\/www.sebastien-auziere.fr\\\/blog\\\/brigitte-macron-maroc-rabat\\\/#article\",\"isPartOf\":{\"@id\":\"https:\\\/\\\/www.sebastien-auziere.fr\\\/blog\\\/brigitte-macron-maroc-rabat\\\/\"},\"author\":{\"name\":\"Chloe Gauthier\",\"@id\":\"https:\\\/\\\/www.sebastien-auziere.fr\\\/blog\\\/#\\\/schema\\\/person\\\/149f1acdbfd85149c6c3e59adeae2f4d\"},\"headline\":\"Brigitte Macron en solo au Maroc : un d\u00e9placement \u00e9coresponsable pour rencontrer les princesses \u00e0 Rabat, loin d&rsquo;Emmanuel\",\"datePublished\":\"2026-04-25T07:08:35+00:00\",\"mainEntityOfPage\":{\"@id\":\"https:\\\/\\\/www.sebastien-auziere.fr\\\/blog\\\/brigitte-macron-maroc-rabat\\\/\"},\"wordCount\":412,\"commentCount\":0,\"publisher\":{\"@id\":\"https:\\\/\\\/www.sebastien-auziere.fr\\\/blog\\\/#organization\"},\"image\":{\"@id\":\"https:\\\/\\\/www.sebastien-auziere.fr\\\/blog\\\/brigitte-macron-maroc-rabat\\\/#primaryimage\"},\"thumbnailUrl\":\"https:\\\/\\\/www.sebastien-auziere.fr\\\/blog\\\/wp-content\\\/uploads\\\/2026\\\/04\\\/Brigitte-Macron-en-solo-au-Maroc-un-deplacement-ecoresponsable-pour-rencontrer-les-princesses-a-Rabat-loin-dEmmanuel.jpg\",\"keywords\":[\"brigitte macron\",\"d\u00e9placement \u00e9coresponsable\",\"maroc\",\"princesses marocaines\",\"rabat\"],\"articleSection\":[\"Actualit\u00e9s\"],\"inLanguage\":\"fr-FR\",\"potentialAction\":[{\"@type\":\"CommentAction\",\"name\":\"Comment\",\"target\":[\"https:\\\/\\\/www.sebastien-auziere.fr\\\/blog\\\/brigitte-macron-maroc-rabat\\\/#respond\"]}]},{\"@type\":\"WebPage\",\"@id\":\"https:\\\/\\\/www.sebastien-auziere.fr\\\/blog\\\/brigitte-macron-maroc-rabat\\\/\",\"url\":\"https:\\\/\\\/www.sebastien-auziere.fr\\\/blog\\\/brigitte-macron-maroc-rabat\\\/\",\"name\":\"Brigitte Macron en solo au Maroc : un d\u00e9placement \u00e9coresponsable pour rencontrer les princesses \u00e0 Rabat, loin d'Emmanuel - Fan site S\u00e9bastien Auzi\u00e8re\",\"isPartOf\":{\"@id\":\"https:\\\/\\\/www.sebastien-auziere.fr\\\/blog\\\/#website\"},\"primaryImageOfPage\":{\"@id\":\"https:\\\/\\\/www.sebastien-auziere.fr\\\/blog\\\/brigitte-macron-maroc-rabat\\\/#primaryimage\"},\"image\":{\"@id\":\"https:\\\/\\\/www.sebastien-auziere.fr\\\/blog\\\/brigitte-macron-maroc-rabat\\\/#primaryimage\"},\"thumbnailUrl\":\"https:\\\/\\\/www.sebastien-auziere.fr\\\/blog\\\/wp-content\\\/uploads\\\/2026\\\/04\\\/Brigitte-Macron-en-solo-au-Maroc-un-deplacement-ecoresponsable-pour-rencontrer-les-princesses-a-Rabat-loin-dEmmanuel.jpg\",\"datePublished\":\"2026-04-25T07:08:35+00:00\",\"description\":\"Brigitte Macron en solo au Maroc : un d\u00e9placement \u00e9coresponsable \u00e0 Rabat pour rencontrer les princesses, loin d'Emmanuel Macron.\",\"breadcrumb\":{\"@id\":\"https:\\\/\\\/www.sebastien-auziere.fr\\\/blog\\\/brigitte-macron-maroc-rabat\\\/#breadcrumb\"},\"inLanguage\":\"fr-FR\",\"potentialAction\":[{\"@type\":\"ReadAction\",\"target\":[\"https:\\\/\\\/www.sebastien-auziere.fr\\\/blog\\\/brigitte-macron-maroc-rabat\\\/\"]}]},{\"@type\":\"ImageObject\",\"inLanguage\":\"fr-FR\",\"@id\":\"https:\\\/\\\/www.sebastien-auziere.fr\\\/blog\\\/brigitte-macron-maroc-rabat\\\/#primaryimage\",\"url\":\"https:\\\/\\\/www.sebastien-auziere.fr\\\/blog\\\/wp-content\\\/uploads\\\/2026\\\/04\\\/Brigitte-Macron-en-solo-au-Maroc-un-deplacement-ecoresponsable-pour-rencontrer-les-princesses-a-Rabat-loin-dEmmanuel.jpg\",\"contentUrl\":\"https:\\\/\\\/www.sebastien-auziere.fr\\\/blog\\\/wp-content\\\/uploads\\\/2026\\\/04\\\/Brigitte-Macron-en-solo-au-Maroc-un-deplacement-ecoresponsable-pour-rencontrer-les-princesses-a-Rabat-loin-dEmmanuel.jpg\",\"width\":2560,\"height\":1429,\"caption\":\"brigitte macron se rend au maroc pour une visite \u00e9coresponsable \u00e0 rabat, o\u00f9 elle rencontre les princesses, loin d'emmanuel macron.\"},{\"@type\":\"BreadcrumbList\",\"@id\":\"https:\\\/\\\/www.sebastien-auziere.fr\\\/blog\\\/brigitte-macron-maroc-rabat\\\/#breadcrumb\",\"itemListElement\":[{\"@type\":\"ListItem\",\"position\":1,\"name\":\"Home\",\"item\":\"https:\\\/\\\/www.sebastien-auziere.fr\\\/blog\\\/\"},{\"@type\":\"ListItem\",\"position\":2,\"name\":\"Brigitte Macron en solo au Maroc : un d\u00e9placement \u00e9coresponsable pour rencontrer les princesses \u00e0 Rabat, loin d&rsquo;Emmanuel\"}]},{\"@type\":\"WebSite\",\"@id\":\"https:\\\/\\\/www.sebastien-auziere.fr\\\/blog\\\/#website\",\"url\":\"https:\\\/\\\/www.sebastien-auziere.fr\\\/blog\\\/\",\"name\":\"Fan site S\u00e9bastien Auzi\u00e8re\",\"description\":\"M\u00e9dia g\u00e9n\u00e9raliste\",\"publisher\":{\"@id\":\"https:\\\/\\\/www.sebastien-auziere.fr\\\/blog\\\/#organization\"},\"potentialAction\":[{\"@type\":\"SearchAction\",\"target\":{\"@type\":\"EntryPoint\",\"urlTemplate\":\"https:\\\/\\\/www.sebastien-auziere.fr\\\/blog\\\/?s={search_term_string}\"},\"query-input\":{\"@type\":\"PropertyValueSpecification\",\"valueRequired\":true,\"valueName\":\"search_term_string\"}}],\"inLanguage\":\"fr-FR\"},{\"@type\":\"Organization\",\"@id\":\"https:\\\/\\\/www.sebastien-auziere.fr\\\/blog\\\/#organization\",\"name\":\"Fan site S\u00e9bastien Auzi\u00e8re\",\"url\":\"https:\\\/\\\/www.sebastien-auziere.fr\\\/blog\\\/\",\"logo\":{\"@type\":\"ImageObject\",\"inLanguage\":\"fr-FR\",\"@id\":\"https:\\\/\\\/www.sebastien-auziere.fr\\\/blog\\\/#\\\/schema\\\/logo\\\/image\\\/\",\"url\":\"https:\\\/\\\/www.sebastien-auziere.fr\\\/blog\\\/wp-content\\\/uploads\\\/2026\\\/03\\\/cropped-cropped-cropped-ChatGPT-Image-6-mars-2026-12_58_09-e1772798376794.jpg\",\"contentUrl\":\"https:\\\/\\\/www.sebastien-auziere.fr\\\/blog\\\/wp-content\\\/uploads\\\/2026\\\/03\\\/cropped-cropped-cropped-ChatGPT-Image-6-mars-2026-12_58_09-e1772798376794.jpg\",\"width\":512,\"height\":360,\"caption\":\"Fan site S\u00e9bastien Auzi\u00e8re\"},\"image\":{\"@id\":\"https:\\\/\\\/www.sebastien-auziere.fr\\\/blog\\\/#\\\/schema\\\/logo\\\/image\\\/\"}},{\"@type\":\"Person\",\"@id\":\"https:\\\/\\\/www.sebastien-auziere.fr\\\/blog\\\/#\\\/schema\\\/person\\\/149f1acdbfd85149c6c3e59adeae2f4d\",\"name\":\"Chloe Gauthier\",\"image\":{\"@type\":\"ImageObject\",\"inLanguage\":\"fr-FR\",\"@id\":\"https:\\\/\\\/secure.gravatar.com\\\/avatar\\\/2c5722f58171cff738a8985ef0dd66b476e563753246a49019befc837ec4201a?s=96&d=mm&r=g\",\"url\":\"https:\\\/\\\/secure.gravatar.com\\\/avatar\\\/2c5722f58171cff738a8985ef0dd66b476e563753246a49019befc837ec4201a?s=96&d=mm&r=g\",\"contentUrl\":\"https:\\\/\\\/secure.gravatar.com\\\/avatar\\\/2c5722f58171cff738a8985ef0dd66b476e563753246a49019befc837ec4201a?s=96&d=mm&r=g\",\"caption\":\"Chloe Gauthier\"},\"description\":\"Passionn\u00e9e par la politique et admiratrice engag\u00e9e de la famille Macron, je consacre mon \u00e9nergie \u00e0 suivre leurs initiatives et \u00e0 promouvoir leurs id\u00e9es. \u00c0 32 ans, je suis convaincue que leur vision est porteuse d'avenir.\",\"url\":\"https:\\\/\\\/www.sebastien-auziere.fr\\\/blog\\\/author\\\/chloe-gauthier\\\/\"}]}<\/script>\n<!-- \/ Yoast SEO plugin. -->","yoast_head_json":{"title":"Brigitte Macron en solo au Maroc : un d\u00e9placement \u00e9coresponsable pour rencontrer les princesses \u00e0 Rabat, loin d'Emmanuel - Fan site S\u00e9bastien Auzi\u00e8re","description":"Brigitte Macron en solo au Maroc : un d\u00e9placement \u00e9coresponsable \u00e0 Rabat pour rencontrer les princesses, loin d'Emmanuel Macron.","robots":{"index":"index","follow":"follow","max-snippet":"max-snippet:-1","max-image-preview":"max-image-preview:large","max-video-preview":"max-video-preview:-1"},"canonical":"https:\/\/www.sebastien-auziere.fr\/blog\/brigitte-macron-maroc-rabat\/","og_locale":"fr_FR","og_type":"article","og_title":"Brigitte Macron en solo au Maroc : un d\u00e9placement \u00e9coresponsable pour rencontrer les princesses \u00e0 Rabat, loin d'Emmanuel - Fan site S\u00e9bastien Auzi\u00e8re","og_description":"Brigitte Macron en solo au Maroc : un d\u00e9placement \u00e9coresponsable \u00e0 Rabat pour rencontrer les princesses, loin d'Emmanuel Macron.","og_url":"https:\/\/www.sebastien-auziere.fr\/blog\/brigitte-macron-maroc-rabat\/","og_site_name":"Fan site S\u00e9bastien Auzi\u00e8re","article_published_time":"2026-04-25T07:08:35+00:00","og_image":[{"width":2560,"height":1429,"url":"https:\/\/www.sebastien-auziere.fr\/blog\/wp-content\/uploads\/2026\/04\/Brigitte-Macron-en-solo-au-Maroc-un-deplacement-ecoresponsable-pour-rencontrer-les-princesses-a-Rabat-loin-dEmmanuel.jpg","type":"image\/jpeg"}],"author":"Chloe Gauthier","twitter_card":"summary_large_image","twitter_misc":{"\u00c9crit par":"Chloe Gauthier","Dur\u00e9e de lecture estim\u00e9e":"2 minutes"},"schema":{"@context":"https:\/\/schema.org","@graph":[{"@type":"Article","@id":"https:\/\/www.sebastien-auziere.fr\/blog\/brigitte-macron-maroc-rabat\/#article","isPartOf":{"@id":"https:\/\/www.sebastien-auziere.fr\/blog\/brigitte-macron-maroc-rabat\/"},"author":{"name":"Chloe Gauthier","@id":"https:\/\/www.sebastien-auziere.fr\/blog\/#\/schema\/person\/149f1acdbfd85149c6c3e59adeae2f4d"},"headline":"Brigitte Macron en solo au Maroc : un d\u00e9placement \u00e9coresponsable pour rencontrer les princesses \u00e0 Rabat, loin d&rsquo;Emmanuel","datePublished":"2026-04-25T07:08:35+00:00","mainEntityOfPage":{"@id":"https:\/\/www.sebastien-auziere.fr\/blog\/brigitte-macron-maroc-rabat\/"},"wordCount":412,"commentCount":0,"publisher":{"@id":"https:\/\/www.sebastien-auziere.fr\/blog\/#organization"},"image":{"@id":"https:\/\/www.sebastien-auziere.fr\/blog\/brigitte-macron-maroc-rabat\/#primaryimage"},"thumbnailUrl":"https:\/\/www.sebastien-auziere.fr\/blog\/wp-content\/uploads\/2026\/04\/Brigitte-Macron-en-solo-au-Maroc-un-deplacement-ecoresponsable-pour-rencontrer-les-princesses-a-Rabat-loin-dEmmanuel.jpg","keywords":["brigitte macron","d\u00e9placement \u00e9coresponsable","maroc","princesses marocaines","rabat"],"articleSection":["Actualit\u00e9s"],"inLanguage":"fr-FR","potentialAction":[{"@type":"CommentAction","name":"Comment","target":["https:\/\/www.sebastien-auziere.fr\/blog\/brigitte-macron-maroc-rabat\/#respond"]}]},{"@type":"WebPage","@id":"https:\/\/www.sebastien-auziere.fr\/blog\/brigitte-macron-maroc-rabat\/","url":"https:\/\/www.sebastien-auziere.fr\/blog\/brigitte-macron-maroc-rabat\/","name":"Brigitte Macron en solo au Maroc : un d\u00e9placement \u00e9coresponsable pour rencontrer les princesses \u00e0 Rabat, loin d'Emmanuel - Fan site S\u00e9bastien Auzi\u00e8re","isPartOf":{"@id":"https:\/\/www.sebastien-auziere.fr\/blog\/#website"},"primaryImageOfPage":{"@id":"https:\/\/www.sebastien-auziere.fr\/blog\/brigitte-macron-maroc-rabat\/#primaryimage"},"image":{"@id":"https:\/\/www.sebastien-auziere.fr\/blog\/brigitte-macron-maroc-rabat\/#primaryimage"},"thumbnailUrl":"https:\/\/www.sebastien-auziere.fr\/blog\/wp-content\/uploads\/2026\/04\/Brigitte-Macron-en-solo-au-Maroc-un-deplacement-ecoresponsable-pour-rencontrer-les-princesses-a-Rabat-loin-dEmmanuel.jpg","datePublished":"2026-04-25T07:08:35+00:00","description":"Brigitte Macron en solo au Maroc : un d\u00e9placement \u00e9coresponsable \u00e0 Rabat pour rencontrer les princesses, loin d'Emmanuel Macron.","breadcrumb":{"@id":"https:\/\/www.sebastien-auziere.fr\/blog\/brigitte-macron-maroc-rabat\/#breadcrumb"},"inLanguage":"fr-FR","potentialAction":[{"@type":"ReadAction","target":["https:\/\/www.sebastien-auziere.fr\/blog\/brigitte-macron-maroc-rabat\/"]}]},{"@type":"ImageObject","inLanguage":"fr-FR","@id":"https:\/\/www.sebastien-auziere.fr\/blog\/brigitte-macron-maroc-rabat\/#primaryimage","url":"https:\/\/www.sebastien-auziere.fr\/blog\/wp-content\/uploads\/2026\/04\/Brigitte-Macron-en-solo-au-Maroc-un-deplacement-ecoresponsable-pour-rencontrer-les-princesses-a-Rabat-loin-dEmmanuel.jpg","contentUrl":"https:\/\/www.sebastien-auziere.fr\/blog\/wp-content\/uploads\/2026\/04\/Brigitte-Macron-en-solo-au-Maroc-un-deplacement-ecoresponsable-pour-rencontrer-les-princesses-a-Rabat-loin-dEmmanuel.jpg","width":2560,"height":1429,"caption":"brigitte macron se rend au maroc pour une visite \u00e9coresponsable \u00e0 rabat, o\u00f9 elle rencontre les princesses, loin d'emmanuel macron."},{"@type":"BreadcrumbList","@id":"https:\/\/www.sebastien-auziere.fr\/blog\/brigitte-macron-maroc-rabat\/#breadcrumb","itemListElement":[{"@type":"ListItem","position":1,"name":"Home","item":"https:\/\/www.sebastien-auziere.fr\/blog\/"},{"@type":"ListItem","position":2,"name":"Brigitte Macron en solo au Maroc : un d\u00e9placement \u00e9coresponsable pour rencontrer les princesses \u00e0 Rabat, loin d&rsquo;Emmanuel"}]},{"@type":"WebSite","@id":"https:\/\/www.sebastien-auziere.fr\/blog\/#website","url":"https:\/\/www.sebastien-auziere.fr\/blog\/","name":"Fan site S\u00e9bastien Auzi\u00e8re","description":"M\u00e9dia g\u00e9n\u00e9raliste","publisher":{"@id":"https:\/\/www.sebastien-auziere.fr\/blog\/#organization"},"potentialAction":[{"@type":"SearchAction","target":{"@type":"EntryPoint","urlTemplate":"https:\/\/www.sebastien-auziere.fr\/blog\/?s={search_term_string}"},"query-input":{"@type":"PropertyValueSpecification","valueRequired":true,"valueName":"search_term_string"}}],"inLanguage":"fr-FR"},{"@type":"Organization","@id":"https:\/\/www.sebastien-auziere.fr\/blog\/#organization","name":"Fan site S\u00e9bastien Auzi\u00e8re","url":"https:\/\/www.sebastien-auziere.fr\/blog\/","logo":{"@type":"ImageObject","inLanguage":"fr-FR","@id":"https:\/\/www.sebastien-auziere.fr\/blog\/#\/schema\/logo\/image\/","url":"https:\/\/www.sebastien-auziere.fr\/blog\/wp-content\/uploads\/2026\/03\/cropped-cropped-cropped-ChatGPT-Image-6-mars-2026-12_58_09-e1772798376794.jpg","contentUrl":"https:\/\/www.sebastien-auziere.fr\/blog\/wp-content\/uploads\/2026\/03\/cropped-cropped-cropped-ChatGPT-Image-6-mars-2026-12_58_09-e1772798376794.jpg","width":512,"height":360,"caption":"Fan site S\u00e9bastien Auzi\u00e8re"},"image":{"@id":"https:\/\/www.sebastien-auziere.fr\/blog\/#\/schema\/logo\/image\/"}},{"@type":"Person","@id":"https:\/\/www.sebastien-auziere.fr\/blog\/#\/schema\/person\/149f1acdbfd85149c6c3e59adeae2f4d","name":"Chloe Gauthier","image":{"@type":"ImageObject","inLanguage":"fr-FR","@id":"https:\/\/secure.gravatar.com\/avatar\/2c5722f58171cff738a8985ef0dd66b476e563753246a49019befc837ec4201a?s=96&d=mm&r=g","url":"https:\/\/secure.gravatar.com\/avatar\/2c5722f58171cff738a8985ef0dd66b476e563753246a49019befc837ec4201a?s=96&d=mm&r=g","contentUrl":"https:\/\/secure.gravatar.com\/avatar\/2c5722f58171cff738a8985ef0dd66b476e563753246a49019befc837ec4201a?s=96&d=mm&r=g","caption":"Chloe Gauthier"},"description":"Passionn\u00e9e par la politique et admiratrice engag\u00e9e de la famille Macron, je consacre mon \u00e9nergie \u00e0 suivre leurs initiatives et \u00e0 promouvoir leurs id\u00e9es. \u00c0 32 ans, je suis convaincue que leur vision est porteuse d'avenir.","url":"https:\/\/www.sebastien-auziere.fr\/blog\/author\/chloe-gauthier\/"}]}},"views":1173,"_links":{"self":[{"href":"https:\/\/www.sebastien-auziere.fr\/blog\/wp-json\/wp\/v2\/posts\/3313","targetHints":{"allow":["GET"]}}],"collection":[{"href":"https:\/\/www.sebastien-auziere.fr\/blog\/wp-json\/wp\/v2\/posts"}],"about":[{"href":"https:\/\/www.sebastien-auziere.fr\/blog\/wp-json\/wp\/v2\/types\/post"}],"author":[{"embeddable":true,"href":"https:\/\/www.sebastien-auziere.fr\/blog\/wp-json\/wp\/v2\/users\/9"}],"replies":[{"embeddable":true,"href":"https:\/\/www.sebastien-auziere.fr\/blog\/wp-json\/wp\/v2\/comments?post=3313"}],"version-history":[{"count":0,"href":"https:\/\/www.sebastien-auziere.fr\/blog\/wp-json\/wp\/v2\/posts\/3313\/revisions"}],"wp:featuredmedia":[{"embeddable":true,"href":"https:\/\/www.sebastien-auziere.fr\/blog\/wp-json\/wp\/v2\/media\/3312"}],"wp:attachment":[{"href":"https:\/\/www.sebastien-auziere.fr\/blog\/wp-json\/wp\/v2\/media?parent=3313"}],"wp:term":[{"taxonomy":"category","embeddable":true,"href":"https:\/\/www.sebastien-auziere.fr\/blog\/wp-json\/wp\/v2\/categories?post=3313"},{"taxonomy":"post_tag","embeddable":true,"href":"https:\/\/www.sebastien-auziere.fr\/blog\/wp-json\/wp\/v2\/tags?post=3313"}],"curies":[{"name":"wp","href":"https:\/\/api.w.org\/{rel}","templated":true}]}}