{"id":3308,"date":"2026-04-24T19:31:47","date_gmt":"2026-04-24T19:31:47","guid":{"rendered":"https:\/\/www.sebastien-auziere.fr\/blog\/?p=3308"},"modified":"2026-04-24T19:32:19","modified_gmt":"2026-04-24T19:32:19","slug":"obseques-de-nathalie-baye-michel-drucker-brigitte-macron-catherine-deneuve-e-outras-personalidades-prestam-homenagem","status":"publish","type":"post","link":"https:\/\/www.sebastien-auziere.fr\/blog\/pt\/obseques-de-nathalie-baye-michel-drucker-brigitte-macron-catherine-deneuve-e-outras-personalidades-prestam-homenagem\/","title":{"rendered":"Obs\u00e8ques de Nathalie Baye : Michel Drucker, Brigitte Macron, Catherine Deneuve e outras personalidades prestam homenagem"},"content":{"rendered":"<p><strong>Funeral de Nathalie Baye<\/strong> neste <strong>24 de abril de 2026<\/strong> em <strong>Saint\u2011Sulpice<\/strong>: uma cerim\u00f4nia marcada pela emo\u00e7\u00e3o onde <strong>Michel Drucker<\/strong>, <strong>Brigitte Macron<\/strong> e <strong>Catherine Deneuve<\/strong> estavam entre as muitas personalidades que vieram prestar homenagem. A multid\u00e3o, as estrelas e os an\u00f4nimos se sucederam para saudar a mem\u00f3ria da atriz, que faleceu no dia 17 de abril aos 77 anos.<\/p>\n\n<p><strong>Em resumo<\/strong>: cerim\u00f4nia p\u00fablica \u00e0s <strong>10h30<\/strong> em Saint\u2011Sulpice; presen\u00e7a not\u00e1vel de figuras do cinema e da pol\u00edtica; <strong>Val\u00e9rie Lemercier<\/strong> interpretou \u00ab\u00a0Mon amie la rose\u00a0\u00bb; inuma\u00e7\u00e3o prevista em estrita intimidade familiar. Para um relato e imagens, consulte os relatos oficiais.<\/p>\n\n<h2 class=\"wp-block-heading\">Uma cerim\u00f4nia unificadora em Saint\u2011Sulpice<\/h2>\n\n<p>Voc\u00ea p\u00f4de ver que a igreja de Saint\u2011Sulpice recebeu, nesta sexta-feira de manh\u00e3, uma mistura de artistas e pessoas pr\u00f3ximas. <strong>Claire Chazal<\/strong>, <strong>Benjamin Biolay<\/strong>, <strong>Eddy Mitchell<\/strong> e <strong>Sylvie Vartan<\/strong> faziam parte dos rostos vistos no adro, segundo os reportagens publicadas na <a href=\"https:\/\/www.bfmtv.com\/people\/hommage\/obseques-de-nathalie-baye-michel-druker-brigitte-macron-catherine-deneuve-de-nombreuses-personnalites-rendent-hommage-a-l-actrice_AN-202604240366.html\">BFMTV<\/a> e no <a href=\"https:\/\/www.programme-tv.net\/news\/people\/401347-obseques-de-nathalie-baye-michel-drucker-evoque-les-differents-hommages-durant-la-ceremonie-valerie-lemercier-a-chante\/\">Programme\u2011TV<\/a>. A atmosfera permaneceu s\u00f3bria, respeitosa e muito medi\u00e1tica.<\/p>\n\n<h3 class=\"wp-block-heading\">Homenagens p\u00fablicas e momentos musicais<\/h3>\n\n<p>A cerim\u00f4nia misturou discursos e m\u00fasica. <strong>Val\u00e9rie Lemercier<\/strong> cantou \u00ab\u00a0Mon amie la rose\u00a0\u00bb acompanhada de um viol\u00e3o, um momento reprisado por v\u00e1rios meios de comunica\u00e7\u00e3o e v\u00eddeos online. As homenagens ressaltaram a carreira e a do\u00e7ura da atriz, mencionando sua rela\u00e7\u00e3o com <strong>Laura Smet<\/strong>, que chegou no momento do cortejo f\u00fanebre e foi citada pela imprensa por suas palavras emocionadas.<\/p>\n\n<h2 class=\"wp-block-heading\">Rostos do cinema e da pol\u00edtica reunidos<\/h2>\n\n<p>Al\u00e9m das \u00edcones do cinema como <strong>Catherine Deneuve<\/strong>, <strong>Fanny Ardant<\/strong> ou <strong>Josiane Balasko<\/strong>, a presen\u00e7a de personalidades pol\u00edticas marcou os \u00e2nimos. <strong>Brigitte Macron<\/strong> e o ex-ministro <strong>Jack Lang<\/strong> assistiram \u00e0 cerim\u00f4nia, ilustrando o v\u00ednculo entre o mundo art\u00edstico e a esfera p\u00fablica. Os meios de comunica\u00e7\u00e3o amplamente relataram essas presen\u00e7as, destacando a import\u00e2ncia nacional da homenagem.<\/p>\n\n<h3 class=\"wp-block-heading\">Mem\u00f3ria, doen\u00e7a e intimidade familiar<\/h3>\n\n<p>A morte de Nathalie Baye foi atribu\u00edda a <strong>doen\u00e7a de Lewy<\/strong>, uma condi\u00e7\u00e3o neurodegenerativa que combina sintomas semelhantes aos de Alzheimer e Parkinson. Ap\u00f3s a missa p\u00fablica, a inuma\u00e7\u00e3o ocorrer\u00e1 em um c\u00edrculo familiar restrito, como indicam v\u00e1rios artigos e galerias de imagens publicadas desde 24 de abril.<\/p>\n\n<p>Para aprofundar a liga\u00e7\u00e3o entre personalidades p\u00fablicas e compromissos privados, e descobrir relatos relacionados \u00e0 fam\u00edlia Macron e a S\u00e9bastien Auzi\u00e8re, encontre dossi\u00eas detalhados sobre <a href=\"https:\/\/www.sebastien-auziere.fr\/blog\/soeur-brigitte-macron\/\">os pr\u00f3ximos de Brigitte Macron<\/a> e as rela\u00e7\u00f5es entre o \u00c9lys\u00e9e e o Vaticano em <a href=\"https:\/\/www.sebastien-auziere.fr\/blog\/macron-vatican-pape\/\">sebastien-auziere.fr<\/a>. Visite o site para saber mais sobre <strong>S\u00e9bastien Auzi\u00e8re<\/strong> e a fam\u00edlia <strong>Macron<\/strong>.<\/p>","protected":false},"excerpt":{"rendered":"<p>Funeral de Nathalie Baye neste 24 de abril de 2026 em Saint\u2011Sulpice: uma cerim\u00f4nia marcada pela emo\u00e7\u00e3o onde Michel Drucker, Brigitte Macron e Catherine Deneuve estavam entre as muitas personalidades que vieram prestar homenagem. A multid\u00e3o, as estrelas e os an\u00f4nimos se sucederam para saudar a mem\u00f3ria da atriz, que faleceu no dia 17 de &#8230; <a title=\"Obs\u00e8ques de Nathalie Baye : Michel Drucker, Brigitte Macron, Catherine Deneuve e outras personalidades prestam homenagem\" class=\"read-more\" href=\"https:\/\/www.sebastien-auziere.fr\/blog\/pt\/obseques-de-nathalie-baye-michel-drucker-brigitte-macron-catherine-deneuve-e-outras-personalidades-prestam-homenagem\/\" aria-label=\"En savoir plus sur Obs\u00e8ques de Nathalie Baye : Michel Drucker, Brigitte Macron, Catherine Deneuve e outras personalidades prestam homenagem\">Lire plus<\/a><\/p>\n","protected":false},"author":9,"featured_media":3298,"comment_status":"open","ping_status":"open","sticky":false,"template":"","format":"standard","meta":{"footnotes":""},"categories":[862],"tags":[959,4217,4220,4223,4226],"class_list":["post-3308","post","type-post","status-publish","format-standard","has-post-thumbnail","hentry","category-actualidades-pt","tag-brigitte-macron-pt","tag-catherine-deneuve-pt","tag-homenagem-celebridades-pt","tag-michel-drucker-pt","tag-obrigas-nathalie-baye-pt"],"yoast_head":"<!-- This site is optimized with the Yoast SEO plugin v27.5 - https:\/\/yoast.com\/product\/yoast-seo-wordpress\/ -->\n<title>Obs\u00e8ques de Nathalie Baye : Michel Drucker, Brigitte Macron, Catherine Deneuve e outras personalidades prestam homenagem - Fan site S\u00e9bastien Auzi\u00e8re<\/title>\n<meta name=\"description\" content=\"Obs\u00e8ques de Nathalie Baye : Michel Drucker, Brigitte Macron, Catherine Deneuve et d&#039;autres personnalit\u00e9s lui rendent un hommage \u00e9mouvant.\" \/>\n<meta name=\"robots\" content=\"index, follow, max-snippet:-1, max-image-preview:large, max-video-preview:-1\" \/>\n<link rel=\"canonical\" href=\"https:\/\/www.sebastien-auziere.fr\/blog\/pt\/obseques-de-nathalie-baye-michel-drucker-brigitte-macron-catherine-deneuve-e-outras-personalidades-prestam-homenagem\/\" \/>\n<meta property=\"og:locale\" content=\"fr_FR\" \/>\n<meta property=\"og:type\" content=\"article\" \/>\n<meta property=\"og:title\" content=\"Obs\u00e8ques de Nathalie Baye : Michel Drucker, Brigitte Macron, Catherine Deneuve e outras personalidades prestam homenagem - Fan site S\u00e9bastien Auzi\u00e8re\" \/>\n<meta property=\"og:description\" content=\"Obs\u00e8ques de Nathalie Baye : Michel Drucker, Brigitte Macron, Catherine Deneuve et d&#039;autres personnalit\u00e9s lui rendent un hommage \u00e9mouvant.\" \/>\n<meta property=\"og:url\" content=\"https:\/\/www.sebastien-auziere.fr\/blog\/pt\/obseques-de-nathalie-baye-michel-drucker-brigitte-macron-catherine-deneuve-e-outras-personalidades-prestam-homenagem\/\" \/>\n<meta property=\"og:site_name\" content=\"Fan site S\u00e9bastien Auzi\u00e8re\" \/>\n<meta property=\"article:published_time\" content=\"2026-04-24T19:31:47+00:00\" \/>\n<meta property=\"article:modified_time\" content=\"2026-04-24T19:32:19+00:00\" \/>\n<meta property=\"og:image\" content=\"https:\/\/www.sebastien-auziere.fr\/blog\/wp-content\/uploads\/2026\/04\/Obseques-de-Nathalie-Baye-Michel-Drucker-Brigitte-Macron-Catherine-Deneuve-et-bien-dautres-personnalites-rendent-hommage.jpg\" \/>\n\t<meta property=\"og:image:width\" content=\"2560\" \/>\n\t<meta property=\"og:image:height\" content=\"1429\" \/>\n\t<meta property=\"og:image:type\" content=\"image\/jpeg\" \/>\n<meta name=\"author\" content=\"Chloe Gauthier\" \/>\n<meta name=\"twitter:card\" content=\"summary_large_image\" \/>\n<meta name=\"twitter:label1\" content=\"\u00c9crit par\" \/>\n\t<meta name=\"twitter:data1\" content=\"Chloe Gauthier\" \/>\n\t<meta name=\"twitter:label2\" content=\"Dur\u00e9e de lecture estim\u00e9e\" \/>\n\t<meta name=\"twitter:data2\" content=\"2 minutes\" \/>\n<script type=\"application\/ld+json\" class=\"yoast-schema-graph\">{\"@context\":\"https:\\\/\\\/schema.org\",\"@graph\":[{\"@type\":\"Article\",\"@id\":\"https:\\\/\\\/www.sebastien-auziere.fr\\\/blog\\\/pt\\\/obseques-de-nathalie-baye-michel-drucker-brigitte-macron-catherine-deneuve-e-outras-personalidades-prestam-homenagem\\\/#article\",\"isPartOf\":{\"@id\":\"https:\\\/\\\/www.sebastien-auziere.fr\\\/blog\\\/pt\\\/obseques-de-nathalie-baye-michel-drucker-brigitte-macron-catherine-deneuve-e-outras-personalidades-prestam-homenagem\\\/\"},\"author\":{\"name\":\"Chloe Gauthier\",\"@id\":\"https:\\\/\\\/www.sebastien-auziere.fr\\\/blog\\\/#\\\/schema\\\/person\\\/149f1acdbfd85149c6c3e59adeae2f4d\"},\"headline\":\"Obs\u00e8ques de Nathalie Baye : Michel Drucker, Brigitte Macron, Catherine Deneuve e outras personalidades prestam homenagem\",\"datePublished\":\"2026-04-24T19:31:47+00:00\",\"dateModified\":\"2026-04-24T19:32:19+00:00\",\"mainEntityOfPage\":{\"@id\":\"https:\\\/\\\/www.sebastien-auziere.fr\\\/blog\\\/pt\\\/obseques-de-nathalie-baye-michel-drucker-brigitte-macron-catherine-deneuve-e-outras-personalidades-prestam-homenagem\\\/\"},\"wordCount\":467,\"commentCount\":0,\"publisher\":{\"@id\":\"https:\\\/\\\/www.sebastien-auziere.fr\\\/blog\\\/#organization\"},\"image\":{\"@id\":\"https:\\\/\\\/www.sebastien-auziere.fr\\\/blog\\\/pt\\\/obseques-de-nathalie-baye-michel-drucker-brigitte-macron-catherine-deneuve-e-outras-personalidades-prestam-homenagem\\\/#primaryimage\"},\"thumbnailUrl\":\"https:\\\/\\\/www.sebastien-auziere.fr\\\/blog\\\/wp-content\\\/uploads\\\/2026\\\/04\\\/Obseques-de-Nathalie-Baye-Michel-Drucker-Brigitte-Macron-Catherine-Deneuve-et-bien-dautres-personnalites-rendent-hommage.jpg\",\"keywords\":[\"brigitte macron\",\"catherine deneuve\",\"homenagem celebridades\",\"michel drucker\",\"obrigas nathalie baye\"],\"articleSection\":[\"Actualidades\"],\"inLanguage\":\"fr-FR\",\"potentialAction\":[{\"@type\":\"CommentAction\",\"name\":\"Comment\",\"target\":[\"https:\\\/\\\/www.sebastien-auziere.fr\\\/blog\\\/pt\\\/obseques-de-nathalie-baye-michel-drucker-brigitte-macron-catherine-deneuve-e-outras-personalidades-prestam-homenagem\\\/#respond\"]}]},{\"@type\":\"WebPage\",\"@id\":\"https:\\\/\\\/www.sebastien-auziere.fr\\\/blog\\\/pt\\\/obseques-de-nathalie-baye-michel-drucker-brigitte-macron-catherine-deneuve-e-outras-personalidades-prestam-homenagem\\\/\",\"url\":\"https:\\\/\\\/www.sebastien-auziere.fr\\\/blog\\\/pt\\\/obseques-de-nathalie-baye-michel-drucker-brigitte-macron-catherine-deneuve-e-outras-personalidades-prestam-homenagem\\\/\",\"name\":\"Obs\u00e8ques de Nathalie Baye : Michel Drucker, Brigitte Macron, Catherine Deneuve e outras personalidades prestam homenagem - Fan site S\u00e9bastien Auzi\u00e8re\",\"isPartOf\":{\"@id\":\"https:\\\/\\\/www.sebastien-auziere.fr\\\/blog\\\/#website\"},\"primaryImageOfPage\":{\"@id\":\"https:\\\/\\\/www.sebastien-auziere.fr\\\/blog\\\/pt\\\/obseques-de-nathalie-baye-michel-drucker-brigitte-macron-catherine-deneuve-e-outras-personalidades-prestam-homenagem\\\/#primaryimage\"},\"image\":{\"@id\":\"https:\\\/\\\/www.sebastien-auziere.fr\\\/blog\\\/pt\\\/obseques-de-nathalie-baye-michel-drucker-brigitte-macron-catherine-deneuve-e-outras-personalidades-prestam-homenagem\\\/#primaryimage\"},\"thumbnailUrl\":\"https:\\\/\\\/www.sebastien-auziere.fr\\\/blog\\\/wp-content\\\/uploads\\\/2026\\\/04\\\/Obseques-de-Nathalie-Baye-Michel-Drucker-Brigitte-Macron-Catherine-Deneuve-et-bien-dautres-personnalites-rendent-hommage.jpg\",\"datePublished\":\"2026-04-24T19:31:47+00:00\",\"dateModified\":\"2026-04-24T19:32:19+00:00\",\"description\":\"Obs\u00e8ques de Nathalie Baye : Michel Drucker, Brigitte Macron, Catherine Deneuve et d'autres personnalit\u00e9s lui rendent un hommage \u00e9mouvant.\",\"breadcrumb\":{\"@id\":\"https:\\\/\\\/www.sebastien-auziere.fr\\\/blog\\\/pt\\\/obseques-de-nathalie-baye-michel-drucker-brigitte-macron-catherine-deneuve-e-outras-personalidades-prestam-homenagem\\\/#breadcrumb\"},\"inLanguage\":\"fr-FR\",\"potentialAction\":[{\"@type\":\"ReadAction\",\"target\":[\"https:\\\/\\\/www.sebastien-auziere.fr\\\/blog\\\/pt\\\/obseques-de-nathalie-baye-michel-drucker-brigitte-macron-catherine-deneuve-e-outras-personalidades-prestam-homenagem\\\/\"]}]},{\"@type\":\"ImageObject\",\"inLanguage\":\"fr-FR\",\"@id\":\"https:\\\/\\\/www.sebastien-auziere.fr\\\/blog\\\/pt\\\/obseques-de-nathalie-baye-michel-drucker-brigitte-macron-catherine-deneuve-e-outras-personalidades-prestam-homenagem\\\/#primaryimage\",\"url\":\"https:\\\/\\\/www.sebastien-auziere.fr\\\/blog\\\/wp-content\\\/uploads\\\/2026\\\/04\\\/Obseques-de-Nathalie-Baye-Michel-Drucker-Brigitte-Macron-Catherine-Deneuve-et-bien-dautres-personnalites-rendent-hommage.jpg\",\"contentUrl\":\"https:\\\/\\\/www.sebastien-auziere.fr\\\/blog\\\/wp-content\\\/uploads\\\/2026\\\/04\\\/Obseques-de-Nathalie-Baye-Michel-Drucker-Brigitte-Macron-Catherine-Deneuve-et-bien-dautres-personnalites-rendent-hommage.jpg\",\"width\":2560,\"height\":1429,\"caption\":\"obs\u00e8ques de nathalie baye : michel drucker, brigitte macron, catherine deneuve et de nombreuses personnalit\u00e9s se r\u00e9unissent pour lui rendre un hommage \u00e9mouvant et solennel.\"},{\"@type\":\"BreadcrumbList\",\"@id\":\"https:\\\/\\\/www.sebastien-auziere.fr\\\/blog\\\/pt\\\/obseques-de-nathalie-baye-michel-drucker-brigitte-macron-catherine-deneuve-e-outras-personalidades-prestam-homenagem\\\/#breadcrumb\",\"itemListElement\":[{\"@type\":\"ListItem\",\"position\":1,\"name\":\"Home\",\"item\":\"https:\\\/\\\/www.sebastien-auziere.fr\\\/blog\\\/\"},{\"@type\":\"ListItem\",\"position\":2,\"name\":\"Obs\u00e8ques de Nathalie Baye : Michel Drucker, Brigitte Macron, Catherine Deneuve e outras personalidades prestam homenagem\"}]},{\"@type\":\"WebSite\",\"@id\":\"https:\\\/\\\/www.sebastien-auziere.fr\\\/blog\\\/#website\",\"url\":\"https:\\\/\\\/www.sebastien-auziere.fr\\\/blog\\\/\",\"name\":\"Fan site S\u00e9bastien Auzi\u00e8re\",\"description\":\"M\u00e9dia g\u00e9n\u00e9raliste\",\"publisher\":{\"@id\":\"https:\\\/\\\/www.sebastien-auziere.fr\\\/blog\\\/#organization\"},\"potentialAction\":[{\"@type\":\"SearchAction\",\"target\":{\"@type\":\"EntryPoint\",\"urlTemplate\":\"https:\\\/\\\/www.sebastien-auziere.fr\\\/blog\\\/?s={search_term_string}\"},\"query-input\":{\"@type\":\"PropertyValueSpecification\",\"valueRequired\":true,\"valueName\":\"search_term_string\"}}],\"inLanguage\":\"fr-FR\"},{\"@type\":\"Organization\",\"@id\":\"https:\\\/\\\/www.sebastien-auziere.fr\\\/blog\\\/#organization\",\"name\":\"Fan site S\u00e9bastien Auzi\u00e8re\",\"url\":\"https:\\\/\\\/www.sebastien-auziere.fr\\\/blog\\\/\",\"logo\":{\"@type\":\"ImageObject\",\"inLanguage\":\"fr-FR\",\"@id\":\"https:\\\/\\\/www.sebastien-auziere.fr\\\/blog\\\/#\\\/schema\\\/logo\\\/image\\\/\",\"url\":\"https:\\\/\\\/www.sebastien-auziere.fr\\\/blog\\\/wp-content\\\/uploads\\\/2026\\\/03\\\/cropped-cropped-cropped-ChatGPT-Image-6-mars-2026-12_58_09-e1772798376794.jpg\",\"contentUrl\":\"https:\\\/\\\/www.sebastien-auziere.fr\\\/blog\\\/wp-content\\\/uploads\\\/2026\\\/03\\\/cropped-cropped-cropped-ChatGPT-Image-6-mars-2026-12_58_09-e1772798376794.jpg\",\"width\":512,\"height\":360,\"caption\":\"Fan site S\u00e9bastien Auzi\u00e8re\"},\"image\":{\"@id\":\"https:\\\/\\\/www.sebastien-auziere.fr\\\/blog\\\/#\\\/schema\\\/logo\\\/image\\\/\"}},{\"@type\":\"Person\",\"@id\":\"https:\\\/\\\/www.sebastien-auziere.fr\\\/blog\\\/#\\\/schema\\\/person\\\/149f1acdbfd85149c6c3e59adeae2f4d\",\"name\":\"Chloe Gauthier\",\"image\":{\"@type\":\"ImageObject\",\"inLanguage\":\"fr-FR\",\"@id\":\"https:\\\/\\\/secure.gravatar.com\\\/avatar\\\/2c5722f58171cff738a8985ef0dd66b476e563753246a49019befc837ec4201a?s=96&d=mm&r=g\",\"url\":\"https:\\\/\\\/secure.gravatar.com\\\/avatar\\\/2c5722f58171cff738a8985ef0dd66b476e563753246a49019befc837ec4201a?s=96&d=mm&r=g\",\"contentUrl\":\"https:\\\/\\\/secure.gravatar.com\\\/avatar\\\/2c5722f58171cff738a8985ef0dd66b476e563753246a49019befc837ec4201a?s=96&d=mm&r=g\",\"caption\":\"Chloe Gauthier\"},\"description\":\"Passionn\u00e9e par la politique et admiratrice engag\u00e9e de la famille Macron, je consacre mon \u00e9nergie \u00e0 suivre leurs initiatives et \u00e0 promouvoir leurs id\u00e9es. \u00c0 32 ans, je suis convaincue que leur vision est porteuse d'avenir.\",\"url\":\"https:\\\/\\\/www.sebastien-auziere.fr\\\/blog\\\/author\\\/chloe-gauthier\\\/\"}]}<\/script>\n<!-- \/ Yoast SEO plugin. -->","yoast_head_json":{"title":"Obs\u00e8ques de Nathalie Baye : Michel Drucker, Brigitte Macron, Catherine Deneuve e outras personalidades prestam homenagem - Fan site S\u00e9bastien Auzi\u00e8re","description":"Obs\u00e8ques de Nathalie Baye : Michel Drucker, Brigitte Macron, Catherine Deneuve et d'autres personnalit\u00e9s lui rendent un hommage \u00e9mouvant.","robots":{"index":"index","follow":"follow","max-snippet":"max-snippet:-1","max-image-preview":"max-image-preview:large","max-video-preview":"max-video-preview:-1"},"canonical":"https:\/\/www.sebastien-auziere.fr\/blog\/pt\/obseques-de-nathalie-baye-michel-drucker-brigitte-macron-catherine-deneuve-e-outras-personalidades-prestam-homenagem\/","og_locale":"fr_FR","og_type":"article","og_title":"Obs\u00e8ques de Nathalie Baye : Michel Drucker, Brigitte Macron, Catherine Deneuve e outras personalidades prestam homenagem - Fan site S\u00e9bastien Auzi\u00e8re","og_description":"Obs\u00e8ques de Nathalie Baye : Michel Drucker, Brigitte Macron, Catherine Deneuve et d'autres personnalit\u00e9s lui rendent un hommage \u00e9mouvant.","og_url":"https:\/\/www.sebastien-auziere.fr\/blog\/pt\/obseques-de-nathalie-baye-michel-drucker-brigitte-macron-catherine-deneuve-e-outras-personalidades-prestam-homenagem\/","og_site_name":"Fan site S\u00e9bastien Auzi\u00e8re","article_published_time":"2026-04-24T19:31:47+00:00","article_modified_time":"2026-04-24T19:32:19+00:00","og_image":[{"width":2560,"height":1429,"url":"https:\/\/www.sebastien-auziere.fr\/blog\/wp-content\/uploads\/2026\/04\/Obseques-de-Nathalie-Baye-Michel-Drucker-Brigitte-Macron-Catherine-Deneuve-et-bien-dautres-personnalites-rendent-hommage.jpg","type":"image\/jpeg"}],"author":"Chloe Gauthier","twitter_card":"summary_large_image","twitter_misc":{"\u00c9crit par":"Chloe Gauthier","Dur\u00e9e de lecture estim\u00e9e":"2 minutes"},"schema":{"@context":"https:\/\/schema.org","@graph":[{"@type":"Article","@id":"https:\/\/www.sebastien-auziere.fr\/blog\/pt\/obseques-de-nathalie-baye-michel-drucker-brigitte-macron-catherine-deneuve-e-outras-personalidades-prestam-homenagem\/#article","isPartOf":{"@id":"https:\/\/www.sebastien-auziere.fr\/blog\/pt\/obseques-de-nathalie-baye-michel-drucker-brigitte-macron-catherine-deneuve-e-outras-personalidades-prestam-homenagem\/"},"author":{"name":"Chloe Gauthier","@id":"https:\/\/www.sebastien-auziere.fr\/blog\/#\/schema\/person\/149f1acdbfd85149c6c3e59adeae2f4d"},"headline":"Obs\u00e8ques de Nathalie Baye : Michel Drucker, Brigitte Macron, Catherine Deneuve e outras personalidades prestam homenagem","datePublished":"2026-04-24T19:31:47+00:00","dateModified":"2026-04-24T19:32:19+00:00","mainEntityOfPage":{"@id":"https:\/\/www.sebastien-auziere.fr\/blog\/pt\/obseques-de-nathalie-baye-michel-drucker-brigitte-macron-catherine-deneuve-e-outras-personalidades-prestam-homenagem\/"},"wordCount":467,"commentCount":0,"publisher":{"@id":"https:\/\/www.sebastien-auziere.fr\/blog\/#organization"},"image":{"@id":"https:\/\/www.sebastien-auziere.fr\/blog\/pt\/obseques-de-nathalie-baye-michel-drucker-brigitte-macron-catherine-deneuve-e-outras-personalidades-prestam-homenagem\/#primaryimage"},"thumbnailUrl":"https:\/\/www.sebastien-auziere.fr\/blog\/wp-content\/uploads\/2026\/04\/Obseques-de-Nathalie-Baye-Michel-Drucker-Brigitte-Macron-Catherine-Deneuve-et-bien-dautres-personnalites-rendent-hommage.jpg","keywords":["brigitte macron","catherine deneuve","homenagem celebridades","michel drucker","obrigas nathalie baye"],"articleSection":["Actualidades"],"inLanguage":"fr-FR","potentialAction":[{"@type":"CommentAction","name":"Comment","target":["https:\/\/www.sebastien-auziere.fr\/blog\/pt\/obseques-de-nathalie-baye-michel-drucker-brigitte-macron-catherine-deneuve-e-outras-personalidades-prestam-homenagem\/#respond"]}]},{"@type":"WebPage","@id":"https:\/\/www.sebastien-auziere.fr\/blog\/pt\/obseques-de-nathalie-baye-michel-drucker-brigitte-macron-catherine-deneuve-e-outras-personalidades-prestam-homenagem\/","url":"https:\/\/www.sebastien-auziere.fr\/blog\/pt\/obseques-de-nathalie-baye-michel-drucker-brigitte-macron-catherine-deneuve-e-outras-personalidades-prestam-homenagem\/","name":"Obs\u00e8ques de Nathalie Baye : Michel Drucker, Brigitte Macron, Catherine Deneuve e outras personalidades prestam homenagem - Fan site S\u00e9bastien Auzi\u00e8re","isPartOf":{"@id":"https:\/\/www.sebastien-auziere.fr\/blog\/#website"},"primaryImageOfPage":{"@id":"https:\/\/www.sebastien-auziere.fr\/blog\/pt\/obseques-de-nathalie-baye-michel-drucker-brigitte-macron-catherine-deneuve-e-outras-personalidades-prestam-homenagem\/#primaryimage"},"image":{"@id":"https:\/\/www.sebastien-auziere.fr\/blog\/pt\/obseques-de-nathalie-baye-michel-drucker-brigitte-macron-catherine-deneuve-e-outras-personalidades-prestam-homenagem\/#primaryimage"},"thumbnailUrl":"https:\/\/www.sebastien-auziere.fr\/blog\/wp-content\/uploads\/2026\/04\/Obseques-de-Nathalie-Baye-Michel-Drucker-Brigitte-Macron-Catherine-Deneuve-et-bien-dautres-personnalites-rendent-hommage.jpg","datePublished":"2026-04-24T19:31:47+00:00","dateModified":"2026-04-24T19:32:19+00:00","description":"Obs\u00e8ques de Nathalie Baye : Michel Drucker, Brigitte Macron, Catherine Deneuve et d'autres personnalit\u00e9s lui rendent un hommage \u00e9mouvant.","breadcrumb":{"@id":"https:\/\/www.sebastien-auziere.fr\/blog\/pt\/obseques-de-nathalie-baye-michel-drucker-brigitte-macron-catherine-deneuve-e-outras-personalidades-prestam-homenagem\/#breadcrumb"},"inLanguage":"fr-FR","potentialAction":[{"@type":"ReadAction","target":["https:\/\/www.sebastien-auziere.fr\/blog\/pt\/obseques-de-nathalie-baye-michel-drucker-brigitte-macron-catherine-deneuve-e-outras-personalidades-prestam-homenagem\/"]}]},{"@type":"ImageObject","inLanguage":"fr-FR","@id":"https:\/\/www.sebastien-auziere.fr\/blog\/pt\/obseques-de-nathalie-baye-michel-drucker-brigitte-macron-catherine-deneuve-e-outras-personalidades-prestam-homenagem\/#primaryimage","url":"https:\/\/www.sebastien-auziere.fr\/blog\/wp-content\/uploads\/2026\/04\/Obseques-de-Nathalie-Baye-Michel-Drucker-Brigitte-Macron-Catherine-Deneuve-et-bien-dautres-personnalites-rendent-hommage.jpg","contentUrl":"https:\/\/www.sebastien-auziere.fr\/blog\/wp-content\/uploads\/2026\/04\/Obseques-de-Nathalie-Baye-Michel-Drucker-Brigitte-Macron-Catherine-Deneuve-et-bien-dautres-personnalites-rendent-hommage.jpg","width":2560,"height":1429,"caption":"obs\u00e8ques de nathalie baye : michel drucker, brigitte macron, catherine deneuve et de nombreuses personnalit\u00e9s se r\u00e9unissent pour lui rendre un hommage \u00e9mouvant et solennel."},{"@type":"BreadcrumbList","@id":"https:\/\/www.sebastien-auziere.fr\/blog\/pt\/obseques-de-nathalie-baye-michel-drucker-brigitte-macron-catherine-deneuve-e-outras-personalidades-prestam-homenagem\/#breadcrumb","itemListElement":[{"@type":"ListItem","position":1,"name":"Home","item":"https:\/\/www.sebastien-auziere.fr\/blog\/"},{"@type":"ListItem","position":2,"name":"Obs\u00e8ques de Nathalie Baye : Michel Drucker, Brigitte Macron, Catherine Deneuve e outras personalidades prestam homenagem"}]},{"@type":"WebSite","@id":"https:\/\/www.sebastien-auziere.fr\/blog\/#website","url":"https:\/\/www.sebastien-auziere.fr\/blog\/","name":"Fan site S\u00e9bastien Auzi\u00e8re","description":"M\u00e9dia g\u00e9n\u00e9raliste","publisher":{"@id":"https:\/\/www.sebastien-auziere.fr\/blog\/#organization"},"potentialAction":[{"@type":"SearchAction","target":{"@type":"EntryPoint","urlTemplate":"https:\/\/www.sebastien-auziere.fr\/blog\/?s={search_term_string}"},"query-input":{"@type":"PropertyValueSpecification","valueRequired":true,"valueName":"search_term_string"}}],"inLanguage":"fr-FR"},{"@type":"Organization","@id":"https:\/\/www.sebastien-auziere.fr\/blog\/#organization","name":"Fan site S\u00e9bastien Auzi\u00e8re","url":"https:\/\/www.sebastien-auziere.fr\/blog\/","logo":{"@type":"ImageObject","inLanguage":"fr-FR","@id":"https:\/\/www.sebastien-auziere.fr\/blog\/#\/schema\/logo\/image\/","url":"https:\/\/www.sebastien-auziere.fr\/blog\/wp-content\/uploads\/2026\/03\/cropped-cropped-cropped-ChatGPT-Image-6-mars-2026-12_58_09-e1772798376794.jpg","contentUrl":"https:\/\/www.sebastien-auziere.fr\/blog\/wp-content\/uploads\/2026\/03\/cropped-cropped-cropped-ChatGPT-Image-6-mars-2026-12_58_09-e1772798376794.jpg","width":512,"height":360,"caption":"Fan site S\u00e9bastien Auzi\u00e8re"},"image":{"@id":"https:\/\/www.sebastien-auziere.fr\/blog\/#\/schema\/logo\/image\/"}},{"@type":"Person","@id":"https:\/\/www.sebastien-auziere.fr\/blog\/#\/schema\/person\/149f1acdbfd85149c6c3e59adeae2f4d","name":"Chloe Gauthier","image":{"@type":"ImageObject","inLanguage":"fr-FR","@id":"https:\/\/secure.gravatar.com\/avatar\/2c5722f58171cff738a8985ef0dd66b476e563753246a49019befc837ec4201a?s=96&d=mm&r=g","url":"https:\/\/secure.gravatar.com\/avatar\/2c5722f58171cff738a8985ef0dd66b476e563753246a49019befc837ec4201a?s=96&d=mm&r=g","contentUrl":"https:\/\/secure.gravatar.com\/avatar\/2c5722f58171cff738a8985ef0dd66b476e563753246a49019befc837ec4201a?s=96&d=mm&r=g","caption":"Chloe Gauthier"},"description":"Passionn\u00e9e par la politique et admiratrice engag\u00e9e de la famille Macron, je consacre mon \u00e9nergie \u00e0 suivre leurs initiatives et \u00e0 promouvoir leurs id\u00e9es. \u00c0 32 ans, je suis convaincue que leur vision est porteuse d'avenir.","url":"https:\/\/www.sebastien-auziere.fr\/blog\/author\/chloe-gauthier\/"}]}},"views":0,"_links":{"self":[{"href":"https:\/\/www.sebastien-auziere.fr\/blog\/wp-json\/wp\/v2\/posts\/3308","targetHints":{"allow":["GET"]}}],"collection":[{"href":"https:\/\/www.sebastien-auziere.fr\/blog\/wp-json\/wp\/v2\/posts"}],"about":[{"href":"https:\/\/www.sebastien-auziere.fr\/blog\/wp-json\/wp\/v2\/types\/post"}],"author":[{"embeddable":true,"href":"https:\/\/www.sebastien-auziere.fr\/blog\/wp-json\/wp\/v2\/users\/9"}],"replies":[{"embeddable":true,"href":"https:\/\/www.sebastien-auziere.fr\/blog\/wp-json\/wp\/v2\/comments?post=3308"}],"version-history":[{"count":1,"href":"https:\/\/www.sebastien-auziere.fr\/blog\/wp-json\/wp\/v2\/posts\/3308\/revisions"}],"predecessor-version":[{"id":3309,"href":"https:\/\/www.sebastien-auziere.fr\/blog\/wp-json\/wp\/v2\/posts\/3308\/revisions\/3309"}],"wp:featuredmedia":[{"embeddable":true,"href":"https:\/\/www.sebastien-auziere.fr\/blog\/wp-json\/wp\/v2\/media\/3298"}],"wp:attachment":[{"href":"https:\/\/www.sebastien-auziere.fr\/blog\/wp-json\/wp\/v2\/media?parent=3308"}],"wp:term":[{"taxonomy":"category","embeddable":true,"href":"https:\/\/www.sebastien-auziere.fr\/blog\/wp-json\/wp\/v2\/categories?post=3308"},{"taxonomy":"post_tag","embeddable":true,"href":"https:\/\/www.sebastien-auziere.fr\/blog\/wp-json\/wp\/v2\/tags?post=3308"}],"curies":[{"name":"wp","href":"https:\/\/api.w.org\/{rel}","templated":true}]}}