{"id":3306,"date":"2026-04-24T19:30:36","date_gmt":"2026-04-24T19:30:36","guid":{"rendered":"https:\/\/www.sebastien-auziere.fr\/blog\/?p=3306"},"modified":"2026-04-24T19:31:03","modified_gmt":"2026-04-24T19:31:03","slug":"obseques-di-nathalie-baye-michel-drucker-brigitte-macron-catherine-deneuve-e-molte-altre-personalita-rendono-omaggio","status":"publish","type":"post","link":"https:\/\/www.sebastien-auziere.fr\/blog\/it\/obseques-di-nathalie-baye-michel-drucker-brigitte-macron-catherine-deneuve-e-molte-altre-personalita-rendono-omaggio\/","title":{"rendered":"Obs\u00e8ques di Nathalie Baye: Michel Drucker, Brigitte Macron, Catherine Deneuve e molte altre personalit\u00e0 rendono omaggio"},"content":{"rendered":"<p><strong>Funerali di Nathalie Baye<\/strong> questo <strong>24 aprile 2026<\/strong> a <strong>Saint\u2011Sulpice<\/strong>: una cerimonia carica di emozione in cui <strong>Michel Drucker<\/strong>, <strong>Brigitte Macron<\/strong> e <strong>Catherine Deneuve<\/strong> erano tra le numerose personalit\u00e0 venute a rendere omaggio. La folla, le stelle e le persone comuni si sono succedute per onorare la memoria dell&rsquo;attrice, scomparsa il 17 aprile all&rsquo;et\u00e0 di 77 anni.<\/p>\n\n<p><strong>In sintesi<\/strong>: cerimonia pubblica alle <strong>10h30<\/strong> a Saint\u2011Sulpice; presenza notata di figure del cinema e della politica; <strong>Val\u00e9rie Lemercier<\/strong> ha interpretato \u201cMon amie la rose\u201d; sepoltura prevista in stretta intimit\u00e0 familiare. Per un resoconto e immagini, consulta i resoconti ufficiali.<\/p>\n\n<h2 class=\"wp-block-heading\">Una cerimonia unificante a Saint\u2011Sulpice<\/h2>\n\n<p>Hai potuto vedere che la chiesa di Saint\u2011Sulpice ha accolto, venerd\u00ec mattina, un mix di artisti e di familiari. <strong>Claire Chazal<\/strong>, <strong>Benjamin Biolay<\/strong>, <strong>Eddy Mitchell<\/strong> e <strong>Sylvie Vartan<\/strong> erano tra i volti avvistati nel sagrato, secondo i reportage pubblicati su <a href=\"https:\/\/www.bfmtv.com\/people\/hommage\/obseques-de-nathalie-baye-michel-druker-brigitte-macron-catherine-deneuve-de-nombreuses-personnalites-rendent-hommage-a-l-actrice_AN-202604240366.html\">BFMTV<\/a> e <a href=\"https:\/\/www.programme-tv.net\/news\/people\/401347-obseques-de-nathalie-baye-michel-drucker-evoque-les-differents-hommages-durant-la-ceremonie-valerie-lemercier-a-chante\/\">Programme\u2011TV<\/a>. L&rsquo;atmosfera \u00e8 rimasta sobria, rispettosa e molto mediata.<\/p>\n\n<h3 class=\"wp-block-heading\">Omaggi pubblici e momenti musicali<\/h3>\n\n<p>La cerimonia ha mescolato discorsi e musica. <strong>Val\u00e9rie Lemercier<\/strong> ha cantato \u201cMon amie la rose\u201d accompagnata da una chitarra, un momento ripreso da diversi media e video online. Gli omaggi hanno sottolineato la carriera e la dolcezza dell&rsquo;attrice, evocando il suo legame con <strong>Laura Smet<\/strong>, arrivata al momento del corteo funebre e citata dalla stampa per le sue parole toccanti.<\/p>\n\n<h2 class=\"wp-block-heading\">Volti del cinema e della politica riuniti<\/h2>\n\n<p>Oltre alle icone del cinema come <strong>Catherine Deneuve<\/strong>, <strong>Fanny Ardant<\/strong> o <strong>Josiane Balasko<\/strong>, la presenza di personalit\u00e0 politiche ha segnato gli animi. <strong>Brigitte Macron<\/strong> e l&rsquo;ex ministro <strong>Jack Lang<\/strong> hanno assistito alla cerimonia, illustrando il legame tra il mondo artistico e la sfera pubblica. I media hanno ampiamente riportato queste presenze, evidenziando la portata nazionale dell&rsquo;omaggio.<\/p>\n\n<h3 class=\"wp-block-heading\">Memoria, malattia e intimit\u00e0 familiare<\/h3>\n\n<p>La scomparsa di Nathalie Baye \u00e8 stata attribuita alla <strong>malattia a corpi di Lewy<\/strong>, un affezione neurodegenerativa che mescola sintomi simili all&rsquo;Alzheimer e al Parkinson. Dopo la messa pubblica, la sepoltura si terr\u00e0 in un ristretto cerchio familiare, come hanno indicato diversi articoli e gallerie di immagini pubblicate sin dal 24 aprile.<\/p>\n\n<p>Per approfondire il legame tra personalit\u00e0 pubbliche e impegni privati, e scoprire racconti legati alla famiglia Macron e a S\u00e9bastien Auzi\u00e8re, trova dossier dettagliati su <a href=\"https:\/\/www.sebastien-auziere.fr\/blog\/soeur-brigitte-macron\/\">i familiari di Brigitte Macron<\/a> e i rapporti tra l&rsquo;\u00c9lys\u00e9e e il Vaticano su <a href=\"https:\/\/www.sebastien-auziere.fr\/blog\/macron-vatican-pape\/\">sebastien-auziere.fr<\/a>. Visita il sito per saperne di pi\u00f9 su <strong>S\u00e9bastien Auzi\u00e8re<\/strong> e la famiglia <strong>Macron<\/strong>.<\/p>","protected":false},"excerpt":{"rendered":"<p>Funerali di Nathalie Baye questo 24 aprile 2026 a Saint\u2011Sulpice: una cerimonia carica di emozione in cui Michel Drucker, Brigitte Macron e Catherine Deneuve erano tra le numerose personalit\u00e0 venute a rendere omaggio. La folla, le stelle e le persone comuni si sono succedute per onorare la memoria dell&rsquo;attrice, scomparsa il 17 aprile all&rsquo;et\u00e0 di &#8230; <a title=\"Obs\u00e8ques di Nathalie Baye: Michel Drucker, Brigitte Macron, Catherine Deneuve e molte altre personalit\u00e0 rendono omaggio\" class=\"read-more\" href=\"https:\/\/www.sebastien-auziere.fr\/blog\/it\/obseques-di-nathalie-baye-michel-drucker-brigitte-macron-catherine-deneuve-e-molte-altre-personalita-rendono-omaggio\/\" aria-label=\"En savoir plus sur Obs\u00e8ques di Nathalie Baye: Michel Drucker, Brigitte Macron, Catherine Deneuve e molte altre personalit\u00e0 rendono omaggio\">Lire plus<\/a><\/p>\n","protected":false},"author":9,"featured_media":3298,"comment_status":"open","ping_status":"open","sticky":false,"template":"","format":"standard","meta":{"footnotes":""},"categories":[859],"tags":[944,4205,4214,4211,4208],"class_list":["post-3306","post","type-post","status-publish","format-standard","has-post-thumbnail","hentry","category-actualita-it","tag-brigitte-macron-it","tag-catherine-deneuve-it","tag-funerali-nathalie-baye-it","tag-michel-drucker-it","tag-omaggio-celebrita-it"],"yoast_head":"<!-- This site is optimized with the Yoast SEO plugin v27.5 - https:\/\/yoast.com\/product\/yoast-seo-wordpress\/ -->\n<title>Obs\u00e8ques di Nathalie Baye: Michel Drucker, Brigitte Macron, Catherine Deneuve e molte altre personalit\u00e0 rendono omaggio - Fan site S\u00e9bastien Auzi\u00e8re<\/title>\n<meta name=\"description\" content=\"Obs\u00e8ques de Nathalie Baye : Michel Drucker, Brigitte Macron, Catherine Deneuve et d&#039;autres personnalit\u00e9s lui rendent un hommage \u00e9mouvant.\" \/>\n<meta name=\"robots\" content=\"index, follow, max-snippet:-1, max-image-preview:large, max-video-preview:-1\" \/>\n<link rel=\"canonical\" href=\"https:\/\/www.sebastien-auziere.fr\/blog\/it\/obseques-di-nathalie-baye-michel-drucker-brigitte-macron-catherine-deneuve-e-molte-altre-personalita-rendono-omaggio\/\" \/>\n<meta property=\"og:locale\" content=\"fr_FR\" \/>\n<meta property=\"og:type\" content=\"article\" \/>\n<meta property=\"og:title\" content=\"Obs\u00e8ques di Nathalie Baye: Michel Drucker, Brigitte Macron, Catherine Deneuve e molte altre personalit\u00e0 rendono omaggio - Fan site S\u00e9bastien Auzi\u00e8re\" \/>\n<meta property=\"og:description\" content=\"Obs\u00e8ques de Nathalie Baye : Michel Drucker, Brigitte Macron, Catherine Deneuve et d&#039;autres personnalit\u00e9s lui rendent un hommage \u00e9mouvant.\" \/>\n<meta property=\"og:url\" content=\"https:\/\/www.sebastien-auziere.fr\/blog\/it\/obseques-di-nathalie-baye-michel-drucker-brigitte-macron-catherine-deneuve-e-molte-altre-personalita-rendono-omaggio\/\" \/>\n<meta property=\"og:site_name\" content=\"Fan site S\u00e9bastien Auzi\u00e8re\" \/>\n<meta property=\"article:published_time\" content=\"2026-04-24T19:30:36+00:00\" \/>\n<meta property=\"article:modified_time\" content=\"2026-04-24T19:31:03+00:00\" \/>\n<meta property=\"og:image\" content=\"https:\/\/www.sebastien-auziere.fr\/blog\/wp-content\/uploads\/2026\/04\/Obseques-de-Nathalie-Baye-Michel-Drucker-Brigitte-Macron-Catherine-Deneuve-et-bien-dautres-personnalites-rendent-hommage.jpg\" \/>\n\t<meta property=\"og:image:width\" content=\"2560\" \/>\n\t<meta property=\"og:image:height\" content=\"1429\" \/>\n\t<meta property=\"og:image:type\" content=\"image\/jpeg\" \/>\n<meta name=\"author\" content=\"Chloe Gauthier\" \/>\n<meta name=\"twitter:card\" content=\"summary_large_image\" \/>\n<meta name=\"twitter:label1\" content=\"\u00c9crit par\" \/>\n\t<meta name=\"twitter:data1\" content=\"Chloe Gauthier\" \/>\n\t<meta name=\"twitter:label2\" content=\"Dur\u00e9e de lecture estim\u00e9e\" \/>\n\t<meta name=\"twitter:data2\" content=\"2 minutes\" \/>\n<script type=\"application\/ld+json\" class=\"yoast-schema-graph\">{\"@context\":\"https:\\\/\\\/schema.org\",\"@graph\":[{\"@type\":\"Article\",\"@id\":\"https:\\\/\\\/www.sebastien-auziere.fr\\\/blog\\\/it\\\/obseques-di-nathalie-baye-michel-drucker-brigitte-macron-catherine-deneuve-e-molte-altre-personalita-rendono-omaggio\\\/#article\",\"isPartOf\":{\"@id\":\"https:\\\/\\\/www.sebastien-auziere.fr\\\/blog\\\/it\\\/obseques-di-nathalie-baye-michel-drucker-brigitte-macron-catherine-deneuve-e-molte-altre-personalita-rendono-omaggio\\\/\"},\"author\":{\"name\":\"Chloe Gauthier\",\"@id\":\"https:\\\/\\\/www.sebastien-auziere.fr\\\/blog\\\/#\\\/schema\\\/person\\\/149f1acdbfd85149c6c3e59adeae2f4d\"},\"headline\":\"Obs\u00e8ques di Nathalie Baye: Michel Drucker, Brigitte Macron, Catherine Deneuve e molte altre personalit\u00e0 rendono omaggio\",\"datePublished\":\"2026-04-24T19:30:36+00:00\",\"dateModified\":\"2026-04-24T19:31:03+00:00\",\"mainEntityOfPage\":{\"@id\":\"https:\\\/\\\/www.sebastien-auziere.fr\\\/blog\\\/it\\\/obseques-di-nathalie-baye-michel-drucker-brigitte-macron-catherine-deneuve-e-molte-altre-personalita-rendono-omaggio\\\/\"},\"wordCount\":416,\"commentCount\":0,\"publisher\":{\"@id\":\"https:\\\/\\\/www.sebastien-auziere.fr\\\/blog\\\/#organization\"},\"image\":{\"@id\":\"https:\\\/\\\/www.sebastien-auziere.fr\\\/blog\\\/it\\\/obseques-di-nathalie-baye-michel-drucker-brigitte-macron-catherine-deneuve-e-molte-altre-personalita-rendono-omaggio\\\/#primaryimage\"},\"thumbnailUrl\":\"https:\\\/\\\/www.sebastien-auziere.fr\\\/blog\\\/wp-content\\\/uploads\\\/2026\\\/04\\\/Obseques-de-Nathalie-Baye-Michel-Drucker-Brigitte-Macron-Catherine-Deneuve-et-bien-dautres-personnalites-rendent-hommage.jpg\",\"keywords\":[\"brigitte macron\",\"catherine deneuve\",\"funerali nathalie baye\",\"michel drucker\",\"omaggio celebrit\u00e0\"],\"articleSection\":[\"Actualit\u00e0\"],\"inLanguage\":\"fr-FR\",\"potentialAction\":[{\"@type\":\"CommentAction\",\"name\":\"Comment\",\"target\":[\"https:\\\/\\\/www.sebastien-auziere.fr\\\/blog\\\/it\\\/obseques-di-nathalie-baye-michel-drucker-brigitte-macron-catherine-deneuve-e-molte-altre-personalita-rendono-omaggio\\\/#respond\"]}]},{\"@type\":\"WebPage\",\"@id\":\"https:\\\/\\\/www.sebastien-auziere.fr\\\/blog\\\/it\\\/obseques-di-nathalie-baye-michel-drucker-brigitte-macron-catherine-deneuve-e-molte-altre-personalita-rendono-omaggio\\\/\",\"url\":\"https:\\\/\\\/www.sebastien-auziere.fr\\\/blog\\\/it\\\/obseques-di-nathalie-baye-michel-drucker-brigitte-macron-catherine-deneuve-e-molte-altre-personalita-rendono-omaggio\\\/\",\"name\":\"Obs\u00e8ques di Nathalie Baye: Michel Drucker, Brigitte Macron, Catherine Deneuve e molte altre personalit\u00e0 rendono omaggio - Fan site S\u00e9bastien Auzi\u00e8re\",\"isPartOf\":{\"@id\":\"https:\\\/\\\/www.sebastien-auziere.fr\\\/blog\\\/#website\"},\"primaryImageOfPage\":{\"@id\":\"https:\\\/\\\/www.sebastien-auziere.fr\\\/blog\\\/it\\\/obseques-di-nathalie-baye-michel-drucker-brigitte-macron-catherine-deneuve-e-molte-altre-personalita-rendono-omaggio\\\/#primaryimage\"},\"image\":{\"@id\":\"https:\\\/\\\/www.sebastien-auziere.fr\\\/blog\\\/it\\\/obseques-di-nathalie-baye-michel-drucker-brigitte-macron-catherine-deneuve-e-molte-altre-personalita-rendono-omaggio\\\/#primaryimage\"},\"thumbnailUrl\":\"https:\\\/\\\/www.sebastien-auziere.fr\\\/blog\\\/wp-content\\\/uploads\\\/2026\\\/04\\\/Obseques-de-Nathalie-Baye-Michel-Drucker-Brigitte-Macron-Catherine-Deneuve-et-bien-dautres-personnalites-rendent-hommage.jpg\",\"datePublished\":\"2026-04-24T19:30:36+00:00\",\"dateModified\":\"2026-04-24T19:31:03+00:00\",\"description\":\"Obs\u00e8ques de Nathalie Baye : Michel Drucker, Brigitte Macron, Catherine Deneuve et d'autres personnalit\u00e9s lui rendent un hommage \u00e9mouvant.\",\"breadcrumb\":{\"@id\":\"https:\\\/\\\/www.sebastien-auziere.fr\\\/blog\\\/it\\\/obseques-di-nathalie-baye-michel-drucker-brigitte-macron-catherine-deneuve-e-molte-altre-personalita-rendono-omaggio\\\/#breadcrumb\"},\"inLanguage\":\"fr-FR\",\"potentialAction\":[{\"@type\":\"ReadAction\",\"target\":[\"https:\\\/\\\/www.sebastien-auziere.fr\\\/blog\\\/it\\\/obseques-di-nathalie-baye-michel-drucker-brigitte-macron-catherine-deneuve-e-molte-altre-personalita-rendono-omaggio\\\/\"]}]},{\"@type\":\"ImageObject\",\"inLanguage\":\"fr-FR\",\"@id\":\"https:\\\/\\\/www.sebastien-auziere.fr\\\/blog\\\/it\\\/obseques-di-nathalie-baye-michel-drucker-brigitte-macron-catherine-deneuve-e-molte-altre-personalita-rendono-omaggio\\\/#primaryimage\",\"url\":\"https:\\\/\\\/www.sebastien-auziere.fr\\\/blog\\\/wp-content\\\/uploads\\\/2026\\\/04\\\/Obseques-de-Nathalie-Baye-Michel-Drucker-Brigitte-Macron-Catherine-Deneuve-et-bien-dautres-personnalites-rendent-hommage.jpg\",\"contentUrl\":\"https:\\\/\\\/www.sebastien-auziere.fr\\\/blog\\\/wp-content\\\/uploads\\\/2026\\\/04\\\/Obseques-de-Nathalie-Baye-Michel-Drucker-Brigitte-Macron-Catherine-Deneuve-et-bien-dautres-personnalites-rendent-hommage.jpg\",\"width\":2560,\"height\":1429,\"caption\":\"obs\u00e8ques de nathalie baye : michel drucker, brigitte macron, catherine deneuve et de nombreuses personnalit\u00e9s se r\u00e9unissent pour lui rendre un hommage \u00e9mouvant et solennel.\"},{\"@type\":\"BreadcrumbList\",\"@id\":\"https:\\\/\\\/www.sebastien-auziere.fr\\\/blog\\\/it\\\/obseques-di-nathalie-baye-michel-drucker-brigitte-macron-catherine-deneuve-e-molte-altre-personalita-rendono-omaggio\\\/#breadcrumb\",\"itemListElement\":[{\"@type\":\"ListItem\",\"position\":1,\"name\":\"Home\",\"item\":\"https:\\\/\\\/www.sebastien-auziere.fr\\\/blog\\\/\"},{\"@type\":\"ListItem\",\"position\":2,\"name\":\"Obs\u00e8ques di Nathalie Baye: Michel Drucker, Brigitte Macron, Catherine Deneuve e molte altre personalit\u00e0 rendono omaggio\"}]},{\"@type\":\"WebSite\",\"@id\":\"https:\\\/\\\/www.sebastien-auziere.fr\\\/blog\\\/#website\",\"url\":\"https:\\\/\\\/www.sebastien-auziere.fr\\\/blog\\\/\",\"name\":\"Fan site S\u00e9bastien Auzi\u00e8re\",\"description\":\"M\u00e9dia g\u00e9n\u00e9raliste\",\"publisher\":{\"@id\":\"https:\\\/\\\/www.sebastien-auziere.fr\\\/blog\\\/#organization\"},\"potentialAction\":[{\"@type\":\"SearchAction\",\"target\":{\"@type\":\"EntryPoint\",\"urlTemplate\":\"https:\\\/\\\/www.sebastien-auziere.fr\\\/blog\\\/?s={search_term_string}\"},\"query-input\":{\"@type\":\"PropertyValueSpecification\",\"valueRequired\":true,\"valueName\":\"search_term_string\"}}],\"inLanguage\":\"fr-FR\"},{\"@type\":\"Organization\",\"@id\":\"https:\\\/\\\/www.sebastien-auziere.fr\\\/blog\\\/#organization\",\"name\":\"Fan site S\u00e9bastien Auzi\u00e8re\",\"url\":\"https:\\\/\\\/www.sebastien-auziere.fr\\\/blog\\\/\",\"logo\":{\"@type\":\"ImageObject\",\"inLanguage\":\"fr-FR\",\"@id\":\"https:\\\/\\\/www.sebastien-auziere.fr\\\/blog\\\/#\\\/schema\\\/logo\\\/image\\\/\",\"url\":\"https:\\\/\\\/www.sebastien-auziere.fr\\\/blog\\\/wp-content\\\/uploads\\\/2026\\\/03\\\/cropped-cropped-cropped-ChatGPT-Image-6-mars-2026-12_58_09-e1772798376794.jpg\",\"contentUrl\":\"https:\\\/\\\/www.sebastien-auziere.fr\\\/blog\\\/wp-content\\\/uploads\\\/2026\\\/03\\\/cropped-cropped-cropped-ChatGPT-Image-6-mars-2026-12_58_09-e1772798376794.jpg\",\"width\":512,\"height\":360,\"caption\":\"Fan site S\u00e9bastien Auzi\u00e8re\"},\"image\":{\"@id\":\"https:\\\/\\\/www.sebastien-auziere.fr\\\/blog\\\/#\\\/schema\\\/logo\\\/image\\\/\"}},{\"@type\":\"Person\",\"@id\":\"https:\\\/\\\/www.sebastien-auziere.fr\\\/blog\\\/#\\\/schema\\\/person\\\/149f1acdbfd85149c6c3e59adeae2f4d\",\"name\":\"Chloe Gauthier\",\"image\":{\"@type\":\"ImageObject\",\"inLanguage\":\"fr-FR\",\"@id\":\"https:\\\/\\\/secure.gravatar.com\\\/avatar\\\/2c5722f58171cff738a8985ef0dd66b476e563753246a49019befc837ec4201a?s=96&d=mm&r=g\",\"url\":\"https:\\\/\\\/secure.gravatar.com\\\/avatar\\\/2c5722f58171cff738a8985ef0dd66b476e563753246a49019befc837ec4201a?s=96&d=mm&r=g\",\"contentUrl\":\"https:\\\/\\\/secure.gravatar.com\\\/avatar\\\/2c5722f58171cff738a8985ef0dd66b476e563753246a49019befc837ec4201a?s=96&d=mm&r=g\",\"caption\":\"Chloe Gauthier\"},\"description\":\"Passionn\u00e9e par la politique et admiratrice engag\u00e9e de la famille Macron, je consacre mon \u00e9nergie \u00e0 suivre leurs initiatives et \u00e0 promouvoir leurs id\u00e9es. \u00c0 32 ans, je suis convaincue que leur vision est porteuse d'avenir.\",\"url\":\"https:\\\/\\\/www.sebastien-auziere.fr\\\/blog\\\/author\\\/chloe-gauthier\\\/\"}]}<\/script>\n<!-- \/ Yoast SEO plugin. -->","yoast_head_json":{"title":"Obs\u00e8ques di Nathalie Baye: Michel Drucker, Brigitte Macron, Catherine Deneuve e molte altre personalit\u00e0 rendono omaggio - Fan site S\u00e9bastien Auzi\u00e8re","description":"Obs\u00e8ques de Nathalie Baye : Michel Drucker, Brigitte Macron, Catherine Deneuve et d'autres personnalit\u00e9s lui rendent un hommage \u00e9mouvant.","robots":{"index":"index","follow":"follow","max-snippet":"max-snippet:-1","max-image-preview":"max-image-preview:large","max-video-preview":"max-video-preview:-1"},"canonical":"https:\/\/www.sebastien-auziere.fr\/blog\/it\/obseques-di-nathalie-baye-michel-drucker-brigitte-macron-catherine-deneuve-e-molte-altre-personalita-rendono-omaggio\/","og_locale":"fr_FR","og_type":"article","og_title":"Obs\u00e8ques di Nathalie Baye: Michel Drucker, Brigitte Macron, Catherine Deneuve e molte altre personalit\u00e0 rendono omaggio - Fan site S\u00e9bastien Auzi\u00e8re","og_description":"Obs\u00e8ques de Nathalie Baye : Michel Drucker, Brigitte Macron, Catherine Deneuve et d'autres personnalit\u00e9s lui rendent un hommage \u00e9mouvant.","og_url":"https:\/\/www.sebastien-auziere.fr\/blog\/it\/obseques-di-nathalie-baye-michel-drucker-brigitte-macron-catherine-deneuve-e-molte-altre-personalita-rendono-omaggio\/","og_site_name":"Fan site S\u00e9bastien Auzi\u00e8re","article_published_time":"2026-04-24T19:30:36+00:00","article_modified_time":"2026-04-24T19:31:03+00:00","og_image":[{"width":2560,"height":1429,"url":"https:\/\/www.sebastien-auziere.fr\/blog\/wp-content\/uploads\/2026\/04\/Obseques-de-Nathalie-Baye-Michel-Drucker-Brigitte-Macron-Catherine-Deneuve-et-bien-dautres-personnalites-rendent-hommage.jpg","type":"image\/jpeg"}],"author":"Chloe Gauthier","twitter_card":"summary_large_image","twitter_misc":{"\u00c9crit par":"Chloe Gauthier","Dur\u00e9e de lecture estim\u00e9e":"2 minutes"},"schema":{"@context":"https:\/\/schema.org","@graph":[{"@type":"Article","@id":"https:\/\/www.sebastien-auziere.fr\/blog\/it\/obseques-di-nathalie-baye-michel-drucker-brigitte-macron-catherine-deneuve-e-molte-altre-personalita-rendono-omaggio\/#article","isPartOf":{"@id":"https:\/\/www.sebastien-auziere.fr\/blog\/it\/obseques-di-nathalie-baye-michel-drucker-brigitte-macron-catherine-deneuve-e-molte-altre-personalita-rendono-omaggio\/"},"author":{"name":"Chloe Gauthier","@id":"https:\/\/www.sebastien-auziere.fr\/blog\/#\/schema\/person\/149f1acdbfd85149c6c3e59adeae2f4d"},"headline":"Obs\u00e8ques di Nathalie Baye: Michel Drucker, Brigitte Macron, Catherine Deneuve e molte altre personalit\u00e0 rendono omaggio","datePublished":"2026-04-24T19:30:36+00:00","dateModified":"2026-04-24T19:31:03+00:00","mainEntityOfPage":{"@id":"https:\/\/www.sebastien-auziere.fr\/blog\/it\/obseques-di-nathalie-baye-michel-drucker-brigitte-macron-catherine-deneuve-e-molte-altre-personalita-rendono-omaggio\/"},"wordCount":416,"commentCount":0,"publisher":{"@id":"https:\/\/www.sebastien-auziere.fr\/blog\/#organization"},"image":{"@id":"https:\/\/www.sebastien-auziere.fr\/blog\/it\/obseques-di-nathalie-baye-michel-drucker-brigitte-macron-catherine-deneuve-e-molte-altre-personalita-rendono-omaggio\/#primaryimage"},"thumbnailUrl":"https:\/\/www.sebastien-auziere.fr\/blog\/wp-content\/uploads\/2026\/04\/Obseques-de-Nathalie-Baye-Michel-Drucker-Brigitte-Macron-Catherine-Deneuve-et-bien-dautres-personnalites-rendent-hommage.jpg","keywords":["brigitte macron","catherine deneuve","funerali nathalie baye","michel drucker","omaggio celebrit\u00e0"],"articleSection":["Actualit\u00e0"],"inLanguage":"fr-FR","potentialAction":[{"@type":"CommentAction","name":"Comment","target":["https:\/\/www.sebastien-auziere.fr\/blog\/it\/obseques-di-nathalie-baye-michel-drucker-brigitte-macron-catherine-deneuve-e-molte-altre-personalita-rendono-omaggio\/#respond"]}]},{"@type":"WebPage","@id":"https:\/\/www.sebastien-auziere.fr\/blog\/it\/obseques-di-nathalie-baye-michel-drucker-brigitte-macron-catherine-deneuve-e-molte-altre-personalita-rendono-omaggio\/","url":"https:\/\/www.sebastien-auziere.fr\/blog\/it\/obseques-di-nathalie-baye-michel-drucker-brigitte-macron-catherine-deneuve-e-molte-altre-personalita-rendono-omaggio\/","name":"Obs\u00e8ques di Nathalie Baye: Michel Drucker, Brigitte Macron, Catherine Deneuve e molte altre personalit\u00e0 rendono omaggio - Fan site S\u00e9bastien Auzi\u00e8re","isPartOf":{"@id":"https:\/\/www.sebastien-auziere.fr\/blog\/#website"},"primaryImageOfPage":{"@id":"https:\/\/www.sebastien-auziere.fr\/blog\/it\/obseques-di-nathalie-baye-michel-drucker-brigitte-macron-catherine-deneuve-e-molte-altre-personalita-rendono-omaggio\/#primaryimage"},"image":{"@id":"https:\/\/www.sebastien-auziere.fr\/blog\/it\/obseques-di-nathalie-baye-michel-drucker-brigitte-macron-catherine-deneuve-e-molte-altre-personalita-rendono-omaggio\/#primaryimage"},"thumbnailUrl":"https:\/\/www.sebastien-auziere.fr\/blog\/wp-content\/uploads\/2026\/04\/Obseques-de-Nathalie-Baye-Michel-Drucker-Brigitte-Macron-Catherine-Deneuve-et-bien-dautres-personnalites-rendent-hommage.jpg","datePublished":"2026-04-24T19:30:36+00:00","dateModified":"2026-04-24T19:31:03+00:00","description":"Obs\u00e8ques de Nathalie Baye : Michel Drucker, Brigitte Macron, Catherine Deneuve et d'autres personnalit\u00e9s lui rendent un hommage \u00e9mouvant.","breadcrumb":{"@id":"https:\/\/www.sebastien-auziere.fr\/blog\/it\/obseques-di-nathalie-baye-michel-drucker-brigitte-macron-catherine-deneuve-e-molte-altre-personalita-rendono-omaggio\/#breadcrumb"},"inLanguage":"fr-FR","potentialAction":[{"@type":"ReadAction","target":["https:\/\/www.sebastien-auziere.fr\/blog\/it\/obseques-di-nathalie-baye-michel-drucker-brigitte-macron-catherine-deneuve-e-molte-altre-personalita-rendono-omaggio\/"]}]},{"@type":"ImageObject","inLanguage":"fr-FR","@id":"https:\/\/www.sebastien-auziere.fr\/blog\/it\/obseques-di-nathalie-baye-michel-drucker-brigitte-macron-catherine-deneuve-e-molte-altre-personalita-rendono-omaggio\/#primaryimage","url":"https:\/\/www.sebastien-auziere.fr\/blog\/wp-content\/uploads\/2026\/04\/Obseques-de-Nathalie-Baye-Michel-Drucker-Brigitte-Macron-Catherine-Deneuve-et-bien-dautres-personnalites-rendent-hommage.jpg","contentUrl":"https:\/\/www.sebastien-auziere.fr\/blog\/wp-content\/uploads\/2026\/04\/Obseques-de-Nathalie-Baye-Michel-Drucker-Brigitte-Macron-Catherine-Deneuve-et-bien-dautres-personnalites-rendent-hommage.jpg","width":2560,"height":1429,"caption":"obs\u00e8ques de nathalie baye : michel drucker, brigitte macron, catherine deneuve et de nombreuses personnalit\u00e9s se r\u00e9unissent pour lui rendre un hommage \u00e9mouvant et solennel."},{"@type":"BreadcrumbList","@id":"https:\/\/www.sebastien-auziere.fr\/blog\/it\/obseques-di-nathalie-baye-michel-drucker-brigitte-macron-catherine-deneuve-e-molte-altre-personalita-rendono-omaggio\/#breadcrumb","itemListElement":[{"@type":"ListItem","position":1,"name":"Home","item":"https:\/\/www.sebastien-auziere.fr\/blog\/"},{"@type":"ListItem","position":2,"name":"Obs\u00e8ques di Nathalie Baye: Michel Drucker, Brigitte Macron, Catherine Deneuve e molte altre personalit\u00e0 rendono omaggio"}]},{"@type":"WebSite","@id":"https:\/\/www.sebastien-auziere.fr\/blog\/#website","url":"https:\/\/www.sebastien-auziere.fr\/blog\/","name":"Fan site S\u00e9bastien Auzi\u00e8re","description":"M\u00e9dia g\u00e9n\u00e9raliste","publisher":{"@id":"https:\/\/www.sebastien-auziere.fr\/blog\/#organization"},"potentialAction":[{"@type":"SearchAction","target":{"@type":"EntryPoint","urlTemplate":"https:\/\/www.sebastien-auziere.fr\/blog\/?s={search_term_string}"},"query-input":{"@type":"PropertyValueSpecification","valueRequired":true,"valueName":"search_term_string"}}],"inLanguage":"fr-FR"},{"@type":"Organization","@id":"https:\/\/www.sebastien-auziere.fr\/blog\/#organization","name":"Fan site S\u00e9bastien Auzi\u00e8re","url":"https:\/\/www.sebastien-auziere.fr\/blog\/","logo":{"@type":"ImageObject","inLanguage":"fr-FR","@id":"https:\/\/www.sebastien-auziere.fr\/blog\/#\/schema\/logo\/image\/","url":"https:\/\/www.sebastien-auziere.fr\/blog\/wp-content\/uploads\/2026\/03\/cropped-cropped-cropped-ChatGPT-Image-6-mars-2026-12_58_09-e1772798376794.jpg","contentUrl":"https:\/\/www.sebastien-auziere.fr\/blog\/wp-content\/uploads\/2026\/03\/cropped-cropped-cropped-ChatGPT-Image-6-mars-2026-12_58_09-e1772798376794.jpg","width":512,"height":360,"caption":"Fan site S\u00e9bastien Auzi\u00e8re"},"image":{"@id":"https:\/\/www.sebastien-auziere.fr\/blog\/#\/schema\/logo\/image\/"}},{"@type":"Person","@id":"https:\/\/www.sebastien-auziere.fr\/blog\/#\/schema\/person\/149f1acdbfd85149c6c3e59adeae2f4d","name":"Chloe Gauthier","image":{"@type":"ImageObject","inLanguage":"fr-FR","@id":"https:\/\/secure.gravatar.com\/avatar\/2c5722f58171cff738a8985ef0dd66b476e563753246a49019befc837ec4201a?s=96&d=mm&r=g","url":"https:\/\/secure.gravatar.com\/avatar\/2c5722f58171cff738a8985ef0dd66b476e563753246a49019befc837ec4201a?s=96&d=mm&r=g","contentUrl":"https:\/\/secure.gravatar.com\/avatar\/2c5722f58171cff738a8985ef0dd66b476e563753246a49019befc837ec4201a?s=96&d=mm&r=g","caption":"Chloe Gauthier"},"description":"Passionn\u00e9e par la politique et admiratrice engag\u00e9e de la famille Macron, je consacre mon \u00e9nergie \u00e0 suivre leurs initiatives et \u00e0 promouvoir leurs id\u00e9es. \u00c0 32 ans, je suis convaincue que leur vision est porteuse d'avenir.","url":"https:\/\/www.sebastien-auziere.fr\/blog\/author\/chloe-gauthier\/"}]}},"views":0,"_links":{"self":[{"href":"https:\/\/www.sebastien-auziere.fr\/blog\/wp-json\/wp\/v2\/posts\/3306","targetHints":{"allow":["GET"]}}],"collection":[{"href":"https:\/\/www.sebastien-auziere.fr\/blog\/wp-json\/wp\/v2\/posts"}],"about":[{"href":"https:\/\/www.sebastien-auziere.fr\/blog\/wp-json\/wp\/v2\/types\/post"}],"author":[{"embeddable":true,"href":"https:\/\/www.sebastien-auziere.fr\/blog\/wp-json\/wp\/v2\/users\/9"}],"replies":[{"embeddable":true,"href":"https:\/\/www.sebastien-auziere.fr\/blog\/wp-json\/wp\/v2\/comments?post=3306"}],"version-history":[{"count":1,"href":"https:\/\/www.sebastien-auziere.fr\/blog\/wp-json\/wp\/v2\/posts\/3306\/revisions"}],"predecessor-version":[{"id":3307,"href":"https:\/\/www.sebastien-auziere.fr\/blog\/wp-json\/wp\/v2\/posts\/3306\/revisions\/3307"}],"wp:featuredmedia":[{"embeddable":true,"href":"https:\/\/www.sebastien-auziere.fr\/blog\/wp-json\/wp\/v2\/media\/3298"}],"wp:attachment":[{"href":"https:\/\/www.sebastien-auziere.fr\/blog\/wp-json\/wp\/v2\/media?parent=3306"}],"wp:term":[{"taxonomy":"category","embeddable":true,"href":"https:\/\/www.sebastien-auziere.fr\/blog\/wp-json\/wp\/v2\/categories?post=3306"},{"taxonomy":"post_tag","embeddable":true,"href":"https:\/\/www.sebastien-auziere.fr\/blog\/wp-json\/wp\/v2\/tags?post=3306"}],"curies":[{"name":"wp","href":"https:\/\/api.w.org\/{rel}","templated":true}]}}