{"id":3304,"date":"2026-04-24T19:21:13","date_gmt":"2026-04-24T19:21:13","guid":{"rendered":"https:\/\/www.sebastien-auziere.fr\/blog\/?p=3304"},"modified":"2026-04-24T19:21:36","modified_gmt":"2026-04-24T19:21:36","slug":"obseques-von-nathalie-baye-michel-drucker-brigitte-macron-catherine-deneuve-und-viele-andere-personlichkeiten-zollen-ihren-tribut","status":"publish","type":"post","link":"https:\/\/www.sebastien-auziere.fr\/blog\/de\/obseques-von-nathalie-baye-michel-drucker-brigitte-macron-catherine-deneuve-und-viele-andere-personlichkeiten-zollen-ihren-tribut\/","title":{"rendered":"Obs\u00e8ques von Nathalie Baye: Michel Drucker, Brigitte Macron, Catherine Deneuve und viele andere Pers\u00f6nlichkeiten zollen ihren Tribut"},"content":{"rendered":"<p><strong>Beerdigung von Nathalie Baye<\/strong> am <strong>24. April 2026<\/strong> in <strong>Saint\u2011Sulpice<\/strong>: eine emotional gepr\u00e4gte Zeremonie, an der <strong>Michel Drucker<\/strong>, <strong>Brigitte Macron<\/strong> und <strong>Catherine Deneuve<\/strong> unter den zahlreichen Pers\u00f6nlichkeiten teilnahmen, die Tribut zollten. Die Menge, Stars und Unbekannte kamen nacheinander, um das Andenken der Schauspielerin zu w\u00fcrdigen, die am 17. April im Alter von 77 Jahren verstorben ist.<\/p>\n\n<p><strong>In K\u00fcrze<\/strong>: \u00f6ffentliche Zeremonie um <strong>10:30 Uhr<\/strong> in Saint\u2011Sulpice; auffallende Anwesenheit von Pers\u00f6nlichkeiten aus Film und Politik; <strong>Val\u00e9rie Lemercier<\/strong> hat \u201eMon amie la rose\u201c gesungen; Beerdigung in strenger famili\u00e4rer Intimit\u00e4t vorgesehen. F\u00fcr einen Bericht und Bilder siehe die offiziellen Berichte.<\/p>\n\n<h2 class=\"wp-block-heading\">Eine vereinigende Zeremonie in Saint\u2011Sulpice<\/h2>\n\n<p>Du hast gesehen, dass die Kirche von Saint\u2011Sulpice, an diesem Freitagmorgen, eine Mischung aus K\u00fcnstlern und Angeh\u00f6rigen empfangen hat. <strong>Claire Chazal<\/strong>, <strong>Benjamin Biolay<\/strong>, <strong>Eddy Mitchell<\/strong> und <strong>Sylvie Vartan<\/strong> geh\u00f6rten zu den Gesichtern, die auf dem Vorplatz gesichtet wurden, laut den Berichten ver\u00f6ffentlicht auf <a href=\"https:\/\/www.bfmtv.com\/people\/hommage\/obseques-de-nathalie-baye-michel-druker-brigitte-macron-catherine-deneuve-de-nombreuses-personnalites-rendent-hommage-a-l-actrice_AN-202604240366.html\">BFMTV<\/a> und <a href=\"https:\/\/www.programme-tv.net\/news\/people\/401347-obseques-de-nathalie-baye-michel-drucker-evoque-les-differents-hommages-durant-la-ceremonie-valerie-lemercier-a-chante\/\">Programme\u2011TV<\/a>. Die Stimmung war schlicht, respektvoll und sehr medienwirksam.<\/p>\n\n<h3 class=\"wp-block-heading\">\u00d6ffentliche Hommagen und musikalische Momente<\/h3>\n\n<p>Die Zeremonie verband Reden und Musik. <strong>Val\u00e9rie Lemercier<\/strong> sang \u201eMon amie la rose\u201c begleitet von einer Gitarre, ein Moment, der in mehreren Medien und Online-Videos aufgegriffen wurde. Die Hommagen hoben die Karriere und die Sanftheit der Schauspielerin hervor, evokierend ihre Verwandschaft mit <strong>Laura Smet<\/strong>, die zum Zeitpunkt des Trauerzuges ankam und von der Presse f\u00fcr ihre bewegenden Worte zitiert wurde.<\/p>\n\n<h2 class=\"wp-block-heading\">Gesichter aus Kino und Politik vereint<\/h2>\n\n<p>Neben den Ikonen des Kinos wie <strong>Catherine Deneuve<\/strong>, <strong>Fanny Ardant<\/strong> oder <strong>Josiane Balasko<\/strong> hinterlie\u00df die Anwesenheit politischer Pers\u00f6nlichkeiten einen bleibenden Eindruck. <strong>Brigitte Macron<\/strong> und der ehemalige Minister <strong>Jack Lang<\/strong> nahmen an der Zeremonie teil und verdeutlichten die Verbindung zwischen der k\u00fcnstlerischen Welt und der \u00d6ffentlichkeit. Die Medien berichteten umfangreich \u00fcber diese Anwesenheiten und hoben die nationale Bedeutung des Tributs hervor.<\/p>\n\n<h3 class=\"wp-block-heading\">Erinnerung, Krankheit und famili\u00e4re Intimit\u00e4t<\/h3>\n\n<p>Der Tod von Nathalie Baye wurde auf die <strong>Lewyk\u00f6rperkrankheit<\/strong> zur\u00fcckgef\u00fchrt, eine neurodegenerative Erkrankung, die Symptome \u00e4hnlich Alzheimer und Parkinson vermischt. Nach der \u00f6ffentlichen Messe wird die Beerdigung im engsten Familienkreis stattfinden, wie mehrere Artikel und Bildgalerien, die am 24. April ver\u00f6ffentlicht wurden, angaben.<\/p>\n\n<p>Um die Verbindung zwischen \u00f6ffentlichen Pers\u00f6nlichkeiten und privaten Engagements zu vertiefen und Geschichten \u00fcber die Familie Macron und S\u00e9bastien Auzi\u00e8re zu entdecken, findest du detaillierte Berichte \u00fcber <a href=\"https:\/\/www.sebastien-auziere.fr\/blog\/soeur-brigitte-macron\/\">die Angeh\u00f6rigen von Brigitte Macron<\/a> und die Beziehungen zwischen dem \u00c9lys\u00e9e und dem Vatikan auf <a href=\"https:\/\/www.sebastien-auziere.fr\/blog\/macron-vatican-pape\/\">sebastien-auziere.fr<\/a>. Besuche die Website, um mehr \u00fcber <strong>S\u00e9bastien Auzi\u00e8re<\/strong> und die Familie <strong>Macron<\/strong> zu erfahren.<\/p>","protected":false},"excerpt":{"rendered":"<p>Beerdigung von Nathalie Baye am 24. April 2026 in Saint\u2011Sulpice: eine emotional gepr\u00e4gte Zeremonie, an der Michel Drucker, Brigitte Macron und Catherine Deneuve unter den zahlreichen Pers\u00f6nlichkeiten teilnahmen, die Tribut zollten. Die Menge, Stars und Unbekannte kamen nacheinander, um das Andenken der Schauspielerin zu w\u00fcrdigen, die am 17. April im Alter von 77 Jahren verstorben &#8230; <a title=\"Obs\u00e8ques von Nathalie Baye: Michel Drucker, Brigitte Macron, Catherine Deneuve und viele andere Pers\u00f6nlichkeiten zollen ihren Tribut\" class=\"read-more\" href=\"https:\/\/www.sebastien-auziere.fr\/blog\/de\/obseques-von-nathalie-baye-michel-drucker-brigitte-macron-catherine-deneuve-und-viele-andere-personlichkeiten-zollen-ihren-tribut\/\" aria-label=\"En savoir plus sur Obs\u00e8ques von Nathalie Baye: Michel Drucker, Brigitte Macron, Catherine Deneuve und viele andere Pers\u00f6nlichkeiten zollen ihren Tribut\">Lire plus<\/a><\/p>\n","protected":false},"author":9,"featured_media":3298,"comment_status":"open","ping_status":"open","sticky":false,"template":"","format":"standard","meta":{"footnotes":""},"categories":[856],"tags":[929,4193,4196,4199,4202],"class_list":["post-3304","post","type-post","status-publish","format-standard","has-post-thumbnail","hentry","category-aktuelles-de","tag-brigitte-macron-de","tag-catherine-deneuve-de","tag-hommage-an-celebritaten-de","tag-michel-drucker-de","tag-obseques-nathalie-baye-de"],"yoast_head":"<!-- This site is optimized with the Yoast SEO plugin v27.5 - https:\/\/yoast.com\/product\/yoast-seo-wordpress\/ -->\n<title>Obs\u00e8ques von Nathalie Baye: Michel Drucker, Brigitte Macron, Catherine Deneuve und viele andere Pers\u00f6nlichkeiten zollen ihren Tribut - Fan site S\u00e9bastien Auzi\u00e8re<\/title>\n<meta name=\"description\" content=\"Obs\u00e8ques de Nathalie Baye : Michel Drucker, Brigitte Macron, Catherine Deneuve et d&#039;autres personnalit\u00e9s lui rendent un hommage \u00e9mouvant.\" \/>\n<meta name=\"robots\" content=\"index, follow, max-snippet:-1, max-image-preview:large, max-video-preview:-1\" \/>\n<link rel=\"canonical\" href=\"https:\/\/www.sebastien-auziere.fr\/blog\/de\/obseques-von-nathalie-baye-michel-drucker-brigitte-macron-catherine-deneuve-und-viele-andere-personlichkeiten-zollen-ihren-tribut\/\" \/>\n<meta property=\"og:locale\" content=\"fr_FR\" \/>\n<meta property=\"og:type\" content=\"article\" \/>\n<meta property=\"og:title\" content=\"Obs\u00e8ques von Nathalie Baye: Michel Drucker, Brigitte Macron, Catherine Deneuve und viele andere Pers\u00f6nlichkeiten zollen ihren Tribut - Fan site S\u00e9bastien Auzi\u00e8re\" \/>\n<meta property=\"og:description\" content=\"Obs\u00e8ques de Nathalie Baye : Michel Drucker, Brigitte Macron, Catherine Deneuve et d&#039;autres personnalit\u00e9s lui rendent un hommage \u00e9mouvant.\" \/>\n<meta property=\"og:url\" content=\"https:\/\/www.sebastien-auziere.fr\/blog\/de\/obseques-von-nathalie-baye-michel-drucker-brigitte-macron-catherine-deneuve-und-viele-andere-personlichkeiten-zollen-ihren-tribut\/\" \/>\n<meta property=\"og:site_name\" content=\"Fan site S\u00e9bastien Auzi\u00e8re\" \/>\n<meta property=\"article:published_time\" content=\"2026-04-24T19:21:13+00:00\" \/>\n<meta property=\"article:modified_time\" content=\"2026-04-24T19:21:36+00:00\" \/>\n<meta property=\"og:image\" content=\"https:\/\/www.sebastien-auziere.fr\/blog\/wp-content\/uploads\/2026\/04\/Obseques-de-Nathalie-Baye-Michel-Drucker-Brigitte-Macron-Catherine-Deneuve-et-bien-dautres-personnalites-rendent-hommage.jpg\" \/>\n\t<meta property=\"og:image:width\" content=\"2560\" \/>\n\t<meta property=\"og:image:height\" content=\"1429\" \/>\n\t<meta property=\"og:image:type\" content=\"image\/jpeg\" \/>\n<meta name=\"author\" content=\"Chloe Gauthier\" \/>\n<meta name=\"twitter:card\" content=\"summary_large_image\" \/>\n<meta name=\"twitter:label1\" content=\"\u00c9crit par\" \/>\n\t<meta name=\"twitter:data1\" content=\"Chloe Gauthier\" \/>\n\t<meta name=\"twitter:label2\" content=\"Dur\u00e9e de lecture estim\u00e9e\" \/>\n\t<meta name=\"twitter:data2\" content=\"2 minutes\" \/>\n<script type=\"application\/ld+json\" class=\"yoast-schema-graph\">{\"@context\":\"https:\\\/\\\/schema.org\",\"@graph\":[{\"@type\":\"Article\",\"@id\":\"https:\\\/\\\/www.sebastien-auziere.fr\\\/blog\\\/de\\\/obseques-von-nathalie-baye-michel-drucker-brigitte-macron-catherine-deneuve-und-viele-andere-personlichkeiten-zollen-ihren-tribut\\\/#article\",\"isPartOf\":{\"@id\":\"https:\\\/\\\/www.sebastien-auziere.fr\\\/blog\\\/de\\\/obseques-von-nathalie-baye-michel-drucker-brigitte-macron-catherine-deneuve-und-viele-andere-personlichkeiten-zollen-ihren-tribut\\\/\"},\"author\":{\"name\":\"Chloe Gauthier\",\"@id\":\"https:\\\/\\\/www.sebastien-auziere.fr\\\/blog\\\/#\\\/schema\\\/person\\\/149f1acdbfd85149c6c3e59adeae2f4d\"},\"headline\":\"Obs\u00e8ques von Nathalie Baye: Michel Drucker, Brigitte Macron, Catherine Deneuve und viele andere Pers\u00f6nlichkeiten zollen ihren Tribut\",\"datePublished\":\"2026-04-24T19:21:13+00:00\",\"dateModified\":\"2026-04-24T19:21:36+00:00\",\"mainEntityOfPage\":{\"@id\":\"https:\\\/\\\/www.sebastien-auziere.fr\\\/blog\\\/de\\\/obseques-von-nathalie-baye-michel-drucker-brigitte-macron-catherine-deneuve-und-viele-andere-personlichkeiten-zollen-ihren-tribut\\\/\"},\"wordCount\":440,\"commentCount\":0,\"publisher\":{\"@id\":\"https:\\\/\\\/www.sebastien-auziere.fr\\\/blog\\\/#organization\"},\"image\":{\"@id\":\"https:\\\/\\\/www.sebastien-auziere.fr\\\/blog\\\/de\\\/obseques-von-nathalie-baye-michel-drucker-brigitte-macron-catherine-deneuve-und-viele-andere-personlichkeiten-zollen-ihren-tribut\\\/#primaryimage\"},\"thumbnailUrl\":\"https:\\\/\\\/www.sebastien-auziere.fr\\\/blog\\\/wp-content\\\/uploads\\\/2026\\\/04\\\/Obseques-de-Nathalie-Baye-Michel-Drucker-Brigitte-Macron-Catherine-Deneuve-et-bien-dautres-personnalites-rendent-hommage.jpg\",\"keywords\":[\"brigitte macron\",\"catherine deneuve\",\"hommage an celebrit\u00e4ten\",\"michel drucker\",\"obs\u00e8ques nathalie baye\"],\"articleSection\":[\"Aktuelles\"],\"inLanguage\":\"fr-FR\",\"potentialAction\":[{\"@type\":\"CommentAction\",\"name\":\"Comment\",\"target\":[\"https:\\\/\\\/www.sebastien-auziere.fr\\\/blog\\\/de\\\/obseques-von-nathalie-baye-michel-drucker-brigitte-macron-catherine-deneuve-und-viele-andere-personlichkeiten-zollen-ihren-tribut\\\/#respond\"]}]},{\"@type\":\"WebPage\",\"@id\":\"https:\\\/\\\/www.sebastien-auziere.fr\\\/blog\\\/de\\\/obseques-von-nathalie-baye-michel-drucker-brigitte-macron-catherine-deneuve-und-viele-andere-personlichkeiten-zollen-ihren-tribut\\\/\",\"url\":\"https:\\\/\\\/www.sebastien-auziere.fr\\\/blog\\\/de\\\/obseques-von-nathalie-baye-michel-drucker-brigitte-macron-catherine-deneuve-und-viele-andere-personlichkeiten-zollen-ihren-tribut\\\/\",\"name\":\"Obs\u00e8ques von Nathalie Baye: Michel Drucker, Brigitte Macron, Catherine Deneuve und viele andere Pers\u00f6nlichkeiten zollen ihren Tribut - Fan site S\u00e9bastien Auzi\u00e8re\",\"isPartOf\":{\"@id\":\"https:\\\/\\\/www.sebastien-auziere.fr\\\/blog\\\/#website\"},\"primaryImageOfPage\":{\"@id\":\"https:\\\/\\\/www.sebastien-auziere.fr\\\/blog\\\/de\\\/obseques-von-nathalie-baye-michel-drucker-brigitte-macron-catherine-deneuve-und-viele-andere-personlichkeiten-zollen-ihren-tribut\\\/#primaryimage\"},\"image\":{\"@id\":\"https:\\\/\\\/www.sebastien-auziere.fr\\\/blog\\\/de\\\/obseques-von-nathalie-baye-michel-drucker-brigitte-macron-catherine-deneuve-und-viele-andere-personlichkeiten-zollen-ihren-tribut\\\/#primaryimage\"},\"thumbnailUrl\":\"https:\\\/\\\/www.sebastien-auziere.fr\\\/blog\\\/wp-content\\\/uploads\\\/2026\\\/04\\\/Obseques-de-Nathalie-Baye-Michel-Drucker-Brigitte-Macron-Catherine-Deneuve-et-bien-dautres-personnalites-rendent-hommage.jpg\",\"datePublished\":\"2026-04-24T19:21:13+00:00\",\"dateModified\":\"2026-04-24T19:21:36+00:00\",\"description\":\"Obs\u00e8ques de Nathalie Baye : Michel Drucker, Brigitte Macron, Catherine Deneuve et d'autres personnalit\u00e9s lui rendent un hommage \u00e9mouvant.\",\"breadcrumb\":{\"@id\":\"https:\\\/\\\/www.sebastien-auziere.fr\\\/blog\\\/de\\\/obseques-von-nathalie-baye-michel-drucker-brigitte-macron-catherine-deneuve-und-viele-andere-personlichkeiten-zollen-ihren-tribut\\\/#breadcrumb\"},\"inLanguage\":\"fr-FR\",\"potentialAction\":[{\"@type\":\"ReadAction\",\"target\":[\"https:\\\/\\\/www.sebastien-auziere.fr\\\/blog\\\/de\\\/obseques-von-nathalie-baye-michel-drucker-brigitte-macron-catherine-deneuve-und-viele-andere-personlichkeiten-zollen-ihren-tribut\\\/\"]}]},{\"@type\":\"ImageObject\",\"inLanguage\":\"fr-FR\",\"@id\":\"https:\\\/\\\/www.sebastien-auziere.fr\\\/blog\\\/de\\\/obseques-von-nathalie-baye-michel-drucker-brigitte-macron-catherine-deneuve-und-viele-andere-personlichkeiten-zollen-ihren-tribut\\\/#primaryimage\",\"url\":\"https:\\\/\\\/www.sebastien-auziere.fr\\\/blog\\\/wp-content\\\/uploads\\\/2026\\\/04\\\/Obseques-de-Nathalie-Baye-Michel-Drucker-Brigitte-Macron-Catherine-Deneuve-et-bien-dautres-personnalites-rendent-hommage.jpg\",\"contentUrl\":\"https:\\\/\\\/www.sebastien-auziere.fr\\\/blog\\\/wp-content\\\/uploads\\\/2026\\\/04\\\/Obseques-de-Nathalie-Baye-Michel-Drucker-Brigitte-Macron-Catherine-Deneuve-et-bien-dautres-personnalites-rendent-hommage.jpg\",\"width\":2560,\"height\":1429,\"caption\":\"obs\u00e8ques de nathalie baye : michel drucker, brigitte macron, catherine deneuve et de nombreuses personnalit\u00e9s se r\u00e9unissent pour lui rendre un hommage \u00e9mouvant et solennel.\"},{\"@type\":\"BreadcrumbList\",\"@id\":\"https:\\\/\\\/www.sebastien-auziere.fr\\\/blog\\\/de\\\/obseques-von-nathalie-baye-michel-drucker-brigitte-macron-catherine-deneuve-und-viele-andere-personlichkeiten-zollen-ihren-tribut\\\/#breadcrumb\",\"itemListElement\":[{\"@type\":\"ListItem\",\"position\":1,\"name\":\"Home\",\"item\":\"https:\\\/\\\/www.sebastien-auziere.fr\\\/blog\\\/\"},{\"@type\":\"ListItem\",\"position\":2,\"name\":\"Obs\u00e8ques von Nathalie Baye: Michel Drucker, Brigitte Macron, Catherine Deneuve und viele andere Pers\u00f6nlichkeiten zollen ihren Tribut\"}]},{\"@type\":\"WebSite\",\"@id\":\"https:\\\/\\\/www.sebastien-auziere.fr\\\/blog\\\/#website\",\"url\":\"https:\\\/\\\/www.sebastien-auziere.fr\\\/blog\\\/\",\"name\":\"Fan site S\u00e9bastien Auzi\u00e8re\",\"description\":\"M\u00e9dia g\u00e9n\u00e9raliste\",\"publisher\":{\"@id\":\"https:\\\/\\\/www.sebastien-auziere.fr\\\/blog\\\/#organization\"},\"potentialAction\":[{\"@type\":\"SearchAction\",\"target\":{\"@type\":\"EntryPoint\",\"urlTemplate\":\"https:\\\/\\\/www.sebastien-auziere.fr\\\/blog\\\/?s={search_term_string}\"},\"query-input\":{\"@type\":\"PropertyValueSpecification\",\"valueRequired\":true,\"valueName\":\"search_term_string\"}}],\"inLanguage\":\"fr-FR\"},{\"@type\":\"Organization\",\"@id\":\"https:\\\/\\\/www.sebastien-auziere.fr\\\/blog\\\/#organization\",\"name\":\"Fan site S\u00e9bastien Auzi\u00e8re\",\"url\":\"https:\\\/\\\/www.sebastien-auziere.fr\\\/blog\\\/\",\"logo\":{\"@type\":\"ImageObject\",\"inLanguage\":\"fr-FR\",\"@id\":\"https:\\\/\\\/www.sebastien-auziere.fr\\\/blog\\\/#\\\/schema\\\/logo\\\/image\\\/\",\"url\":\"https:\\\/\\\/www.sebastien-auziere.fr\\\/blog\\\/wp-content\\\/uploads\\\/2026\\\/03\\\/cropped-cropped-cropped-ChatGPT-Image-6-mars-2026-12_58_09-e1772798376794.jpg\",\"contentUrl\":\"https:\\\/\\\/www.sebastien-auziere.fr\\\/blog\\\/wp-content\\\/uploads\\\/2026\\\/03\\\/cropped-cropped-cropped-ChatGPT-Image-6-mars-2026-12_58_09-e1772798376794.jpg\",\"width\":512,\"height\":360,\"caption\":\"Fan site S\u00e9bastien Auzi\u00e8re\"},\"image\":{\"@id\":\"https:\\\/\\\/www.sebastien-auziere.fr\\\/blog\\\/#\\\/schema\\\/logo\\\/image\\\/\"}},{\"@type\":\"Person\",\"@id\":\"https:\\\/\\\/www.sebastien-auziere.fr\\\/blog\\\/#\\\/schema\\\/person\\\/149f1acdbfd85149c6c3e59adeae2f4d\",\"name\":\"Chloe Gauthier\",\"image\":{\"@type\":\"ImageObject\",\"inLanguage\":\"fr-FR\",\"@id\":\"https:\\\/\\\/secure.gravatar.com\\\/avatar\\\/2c5722f58171cff738a8985ef0dd66b476e563753246a49019befc837ec4201a?s=96&d=mm&r=g\",\"url\":\"https:\\\/\\\/secure.gravatar.com\\\/avatar\\\/2c5722f58171cff738a8985ef0dd66b476e563753246a49019befc837ec4201a?s=96&d=mm&r=g\",\"contentUrl\":\"https:\\\/\\\/secure.gravatar.com\\\/avatar\\\/2c5722f58171cff738a8985ef0dd66b476e563753246a49019befc837ec4201a?s=96&d=mm&r=g\",\"caption\":\"Chloe Gauthier\"},\"description\":\"Passionn\u00e9e par la politique et admiratrice engag\u00e9e de la famille Macron, je consacre mon \u00e9nergie \u00e0 suivre leurs initiatives et \u00e0 promouvoir leurs id\u00e9es. \u00c0 32 ans, je suis convaincue que leur vision est porteuse d'avenir.\",\"url\":\"https:\\\/\\\/www.sebastien-auziere.fr\\\/blog\\\/author\\\/chloe-gauthier\\\/\"}]}<\/script>\n<!-- \/ Yoast SEO plugin. -->","yoast_head_json":{"title":"Obs\u00e8ques von Nathalie Baye: Michel Drucker, Brigitte Macron, Catherine Deneuve und viele andere Pers\u00f6nlichkeiten zollen ihren Tribut - Fan site S\u00e9bastien Auzi\u00e8re","description":"Obs\u00e8ques de Nathalie Baye : Michel Drucker, Brigitte Macron, Catherine Deneuve et d'autres personnalit\u00e9s lui rendent un hommage \u00e9mouvant.","robots":{"index":"index","follow":"follow","max-snippet":"max-snippet:-1","max-image-preview":"max-image-preview:large","max-video-preview":"max-video-preview:-1"},"canonical":"https:\/\/www.sebastien-auziere.fr\/blog\/de\/obseques-von-nathalie-baye-michel-drucker-brigitte-macron-catherine-deneuve-und-viele-andere-personlichkeiten-zollen-ihren-tribut\/","og_locale":"fr_FR","og_type":"article","og_title":"Obs\u00e8ques von Nathalie Baye: Michel Drucker, Brigitte Macron, Catherine Deneuve und viele andere Pers\u00f6nlichkeiten zollen ihren Tribut - Fan site S\u00e9bastien Auzi\u00e8re","og_description":"Obs\u00e8ques de Nathalie Baye : Michel Drucker, Brigitte Macron, Catherine Deneuve et d'autres personnalit\u00e9s lui rendent un hommage \u00e9mouvant.","og_url":"https:\/\/www.sebastien-auziere.fr\/blog\/de\/obseques-von-nathalie-baye-michel-drucker-brigitte-macron-catherine-deneuve-und-viele-andere-personlichkeiten-zollen-ihren-tribut\/","og_site_name":"Fan site S\u00e9bastien Auzi\u00e8re","article_published_time":"2026-04-24T19:21:13+00:00","article_modified_time":"2026-04-24T19:21:36+00:00","og_image":[{"width":2560,"height":1429,"url":"https:\/\/www.sebastien-auziere.fr\/blog\/wp-content\/uploads\/2026\/04\/Obseques-de-Nathalie-Baye-Michel-Drucker-Brigitte-Macron-Catherine-Deneuve-et-bien-dautres-personnalites-rendent-hommage.jpg","type":"image\/jpeg"}],"author":"Chloe Gauthier","twitter_card":"summary_large_image","twitter_misc":{"\u00c9crit par":"Chloe Gauthier","Dur\u00e9e de lecture estim\u00e9e":"2 minutes"},"schema":{"@context":"https:\/\/schema.org","@graph":[{"@type":"Article","@id":"https:\/\/www.sebastien-auziere.fr\/blog\/de\/obseques-von-nathalie-baye-michel-drucker-brigitte-macron-catherine-deneuve-und-viele-andere-personlichkeiten-zollen-ihren-tribut\/#article","isPartOf":{"@id":"https:\/\/www.sebastien-auziere.fr\/blog\/de\/obseques-von-nathalie-baye-michel-drucker-brigitte-macron-catherine-deneuve-und-viele-andere-personlichkeiten-zollen-ihren-tribut\/"},"author":{"name":"Chloe Gauthier","@id":"https:\/\/www.sebastien-auziere.fr\/blog\/#\/schema\/person\/149f1acdbfd85149c6c3e59adeae2f4d"},"headline":"Obs\u00e8ques von Nathalie Baye: Michel Drucker, Brigitte Macron, Catherine Deneuve und viele andere Pers\u00f6nlichkeiten zollen ihren Tribut","datePublished":"2026-04-24T19:21:13+00:00","dateModified":"2026-04-24T19:21:36+00:00","mainEntityOfPage":{"@id":"https:\/\/www.sebastien-auziere.fr\/blog\/de\/obseques-von-nathalie-baye-michel-drucker-brigitte-macron-catherine-deneuve-und-viele-andere-personlichkeiten-zollen-ihren-tribut\/"},"wordCount":440,"commentCount":0,"publisher":{"@id":"https:\/\/www.sebastien-auziere.fr\/blog\/#organization"},"image":{"@id":"https:\/\/www.sebastien-auziere.fr\/blog\/de\/obseques-von-nathalie-baye-michel-drucker-brigitte-macron-catherine-deneuve-und-viele-andere-personlichkeiten-zollen-ihren-tribut\/#primaryimage"},"thumbnailUrl":"https:\/\/www.sebastien-auziere.fr\/blog\/wp-content\/uploads\/2026\/04\/Obseques-de-Nathalie-Baye-Michel-Drucker-Brigitte-Macron-Catherine-Deneuve-et-bien-dautres-personnalites-rendent-hommage.jpg","keywords":["brigitte macron","catherine deneuve","hommage an celebrit\u00e4ten","michel drucker","obs\u00e8ques nathalie baye"],"articleSection":["Aktuelles"],"inLanguage":"fr-FR","potentialAction":[{"@type":"CommentAction","name":"Comment","target":["https:\/\/www.sebastien-auziere.fr\/blog\/de\/obseques-von-nathalie-baye-michel-drucker-brigitte-macron-catherine-deneuve-und-viele-andere-personlichkeiten-zollen-ihren-tribut\/#respond"]}]},{"@type":"WebPage","@id":"https:\/\/www.sebastien-auziere.fr\/blog\/de\/obseques-von-nathalie-baye-michel-drucker-brigitte-macron-catherine-deneuve-und-viele-andere-personlichkeiten-zollen-ihren-tribut\/","url":"https:\/\/www.sebastien-auziere.fr\/blog\/de\/obseques-von-nathalie-baye-michel-drucker-brigitte-macron-catherine-deneuve-und-viele-andere-personlichkeiten-zollen-ihren-tribut\/","name":"Obs\u00e8ques von Nathalie Baye: Michel Drucker, Brigitte Macron, Catherine Deneuve und viele andere Pers\u00f6nlichkeiten zollen ihren Tribut - Fan site S\u00e9bastien Auzi\u00e8re","isPartOf":{"@id":"https:\/\/www.sebastien-auziere.fr\/blog\/#website"},"primaryImageOfPage":{"@id":"https:\/\/www.sebastien-auziere.fr\/blog\/de\/obseques-von-nathalie-baye-michel-drucker-brigitte-macron-catherine-deneuve-und-viele-andere-personlichkeiten-zollen-ihren-tribut\/#primaryimage"},"image":{"@id":"https:\/\/www.sebastien-auziere.fr\/blog\/de\/obseques-von-nathalie-baye-michel-drucker-brigitte-macron-catherine-deneuve-und-viele-andere-personlichkeiten-zollen-ihren-tribut\/#primaryimage"},"thumbnailUrl":"https:\/\/www.sebastien-auziere.fr\/blog\/wp-content\/uploads\/2026\/04\/Obseques-de-Nathalie-Baye-Michel-Drucker-Brigitte-Macron-Catherine-Deneuve-et-bien-dautres-personnalites-rendent-hommage.jpg","datePublished":"2026-04-24T19:21:13+00:00","dateModified":"2026-04-24T19:21:36+00:00","description":"Obs\u00e8ques de Nathalie Baye : Michel Drucker, Brigitte Macron, Catherine Deneuve et d'autres personnalit\u00e9s lui rendent un hommage \u00e9mouvant.","breadcrumb":{"@id":"https:\/\/www.sebastien-auziere.fr\/blog\/de\/obseques-von-nathalie-baye-michel-drucker-brigitte-macron-catherine-deneuve-und-viele-andere-personlichkeiten-zollen-ihren-tribut\/#breadcrumb"},"inLanguage":"fr-FR","potentialAction":[{"@type":"ReadAction","target":["https:\/\/www.sebastien-auziere.fr\/blog\/de\/obseques-von-nathalie-baye-michel-drucker-brigitte-macron-catherine-deneuve-und-viele-andere-personlichkeiten-zollen-ihren-tribut\/"]}]},{"@type":"ImageObject","inLanguage":"fr-FR","@id":"https:\/\/www.sebastien-auziere.fr\/blog\/de\/obseques-von-nathalie-baye-michel-drucker-brigitte-macron-catherine-deneuve-und-viele-andere-personlichkeiten-zollen-ihren-tribut\/#primaryimage","url":"https:\/\/www.sebastien-auziere.fr\/blog\/wp-content\/uploads\/2026\/04\/Obseques-de-Nathalie-Baye-Michel-Drucker-Brigitte-Macron-Catherine-Deneuve-et-bien-dautres-personnalites-rendent-hommage.jpg","contentUrl":"https:\/\/www.sebastien-auziere.fr\/blog\/wp-content\/uploads\/2026\/04\/Obseques-de-Nathalie-Baye-Michel-Drucker-Brigitte-Macron-Catherine-Deneuve-et-bien-dautres-personnalites-rendent-hommage.jpg","width":2560,"height":1429,"caption":"obs\u00e8ques de nathalie baye : michel drucker, brigitte macron, catherine deneuve et de nombreuses personnalit\u00e9s se r\u00e9unissent pour lui rendre un hommage \u00e9mouvant et solennel."},{"@type":"BreadcrumbList","@id":"https:\/\/www.sebastien-auziere.fr\/blog\/de\/obseques-von-nathalie-baye-michel-drucker-brigitte-macron-catherine-deneuve-und-viele-andere-personlichkeiten-zollen-ihren-tribut\/#breadcrumb","itemListElement":[{"@type":"ListItem","position":1,"name":"Home","item":"https:\/\/www.sebastien-auziere.fr\/blog\/"},{"@type":"ListItem","position":2,"name":"Obs\u00e8ques von Nathalie Baye: Michel Drucker, Brigitte Macron, Catherine Deneuve und viele andere Pers\u00f6nlichkeiten zollen ihren Tribut"}]},{"@type":"WebSite","@id":"https:\/\/www.sebastien-auziere.fr\/blog\/#website","url":"https:\/\/www.sebastien-auziere.fr\/blog\/","name":"Fan site S\u00e9bastien Auzi\u00e8re","description":"M\u00e9dia g\u00e9n\u00e9raliste","publisher":{"@id":"https:\/\/www.sebastien-auziere.fr\/blog\/#organization"},"potentialAction":[{"@type":"SearchAction","target":{"@type":"EntryPoint","urlTemplate":"https:\/\/www.sebastien-auziere.fr\/blog\/?s={search_term_string}"},"query-input":{"@type":"PropertyValueSpecification","valueRequired":true,"valueName":"search_term_string"}}],"inLanguage":"fr-FR"},{"@type":"Organization","@id":"https:\/\/www.sebastien-auziere.fr\/blog\/#organization","name":"Fan site S\u00e9bastien Auzi\u00e8re","url":"https:\/\/www.sebastien-auziere.fr\/blog\/","logo":{"@type":"ImageObject","inLanguage":"fr-FR","@id":"https:\/\/www.sebastien-auziere.fr\/blog\/#\/schema\/logo\/image\/","url":"https:\/\/www.sebastien-auziere.fr\/blog\/wp-content\/uploads\/2026\/03\/cropped-cropped-cropped-ChatGPT-Image-6-mars-2026-12_58_09-e1772798376794.jpg","contentUrl":"https:\/\/www.sebastien-auziere.fr\/blog\/wp-content\/uploads\/2026\/03\/cropped-cropped-cropped-ChatGPT-Image-6-mars-2026-12_58_09-e1772798376794.jpg","width":512,"height":360,"caption":"Fan site S\u00e9bastien Auzi\u00e8re"},"image":{"@id":"https:\/\/www.sebastien-auziere.fr\/blog\/#\/schema\/logo\/image\/"}},{"@type":"Person","@id":"https:\/\/www.sebastien-auziere.fr\/blog\/#\/schema\/person\/149f1acdbfd85149c6c3e59adeae2f4d","name":"Chloe Gauthier","image":{"@type":"ImageObject","inLanguage":"fr-FR","@id":"https:\/\/secure.gravatar.com\/avatar\/2c5722f58171cff738a8985ef0dd66b476e563753246a49019befc837ec4201a?s=96&d=mm&r=g","url":"https:\/\/secure.gravatar.com\/avatar\/2c5722f58171cff738a8985ef0dd66b476e563753246a49019befc837ec4201a?s=96&d=mm&r=g","contentUrl":"https:\/\/secure.gravatar.com\/avatar\/2c5722f58171cff738a8985ef0dd66b476e563753246a49019befc837ec4201a?s=96&d=mm&r=g","caption":"Chloe Gauthier"},"description":"Passionn\u00e9e par la politique et admiratrice engag\u00e9e de la famille Macron, je consacre mon \u00e9nergie \u00e0 suivre leurs initiatives et \u00e0 promouvoir leurs id\u00e9es. \u00c0 32 ans, je suis convaincue que leur vision est porteuse d'avenir.","url":"https:\/\/www.sebastien-auziere.fr\/blog\/author\/chloe-gauthier\/"}]}},"views":0,"_links":{"self":[{"href":"https:\/\/www.sebastien-auziere.fr\/blog\/wp-json\/wp\/v2\/posts\/3304","targetHints":{"allow":["GET"]}}],"collection":[{"href":"https:\/\/www.sebastien-auziere.fr\/blog\/wp-json\/wp\/v2\/posts"}],"about":[{"href":"https:\/\/www.sebastien-auziere.fr\/blog\/wp-json\/wp\/v2\/types\/post"}],"author":[{"embeddable":true,"href":"https:\/\/www.sebastien-auziere.fr\/blog\/wp-json\/wp\/v2\/users\/9"}],"replies":[{"embeddable":true,"href":"https:\/\/www.sebastien-auziere.fr\/blog\/wp-json\/wp\/v2\/comments?post=3304"}],"version-history":[{"count":1,"href":"https:\/\/www.sebastien-auziere.fr\/blog\/wp-json\/wp\/v2\/posts\/3304\/revisions"}],"predecessor-version":[{"id":3305,"href":"https:\/\/www.sebastien-auziere.fr\/blog\/wp-json\/wp\/v2\/posts\/3304\/revisions\/3305"}],"wp:featuredmedia":[{"embeddable":true,"href":"https:\/\/www.sebastien-auziere.fr\/blog\/wp-json\/wp\/v2\/media\/3298"}],"wp:attachment":[{"href":"https:\/\/www.sebastien-auziere.fr\/blog\/wp-json\/wp\/v2\/media?parent=3304"}],"wp:term":[{"taxonomy":"category","embeddable":true,"href":"https:\/\/www.sebastien-auziere.fr\/blog\/wp-json\/wp\/v2\/categories?post=3304"},{"taxonomy":"post_tag","embeddable":true,"href":"https:\/\/www.sebastien-auziere.fr\/blog\/wp-json\/wp\/v2\/tags?post=3304"}],"curies":[{"name":"wp","href":"https:\/\/api.w.org\/{rel}","templated":true}]}}