{"id":3302,"date":"2026-04-24T19:19:59","date_gmt":"2026-04-24T19:19:59","guid":{"rendered":"https:\/\/www.sebastien-auziere.fr\/blog\/?p=3302"},"modified":"2026-04-24T19:20:22","modified_gmt":"2026-04-24T19:20:22","slug":"obseques-de-nathalie-baye-michel-drucker-brigitte-macron-catherine-deneuve-y-muchas-otras-personalidades-rinden-homenaje","status":"publish","type":"post","link":"https:\/\/www.sebastien-auziere.fr\/blog\/es\/obseques-de-nathalie-baye-michel-drucker-brigitte-macron-catherine-deneuve-y-muchas-otras-personalidades-rinden-homenaje\/","title":{"rendered":"Obs\u00e8ques de Nathalie Baye : Michel Drucker, Brigitte Macron, Catherine Deneuve y muchas otras personalidades rinden homenaje"},"content":{"rendered":"<p><strong>Funeral de Nathalie Baye<\/strong> este <strong>24 de abril de 2026<\/strong> en <strong>Saint\u2011Sulpice<\/strong>: una ceremonia llena de emoci\u00f3n donde <strong>Michel Drucker<\/strong>, <strong>Brigitte Macron<\/strong> y <strong>Catherine Deneuve<\/strong> se encontraban entre las numerosas personalidades que vinieron a rendir homenaje. La multitud, las estrellas y los an\u00f3nimos se sucedieron para saludar la memoria de la actriz, fallecida el 17 de abril a los 77 a\u00f1os.<\/p>\n\n<p><strong>En breve<\/strong>: ceremonia p\u00fablica a <strong>10:30<\/strong> en Saint\u2011Sulpice; presencia destacada de figuras del cine y de la pol\u00edtica; <strong>Val\u00e9rie Lemercier<\/strong> interpret\u00f3 \u00ab\u00a0Mon amie la rose\u00a0\u00bb; inhumaci\u00f3n prevista en estricta intimidad familiar. Para un relato y im\u00e1genes, consulta los informes oficiales.<\/p>\n\n<h2 class=\"wp-block-heading\">Una ceremonia unificadora en Saint\u2011Sulpice<\/h2>\n\n<p>Has podido ver que la iglesia de Saint\u2011Sulpice acogi\u00f3, esta ma\u00f1ana de viernes, una mezcla de artistas y seres queridos. <strong>Claire Chazal<\/strong>, <strong>Benjamin Biolay<\/strong>, <strong>Eddy Mitchell<\/strong> y <strong>Sylvie Vartan<\/strong> eran parte de los rostros vistos en el atrio, seg\u00fan los reportajes publicados en <a href=\"https:\/\/www.bfmtv.com\/people\/hommage\/obseques-de-nathalie-baye-michel-druker-brigitte-macron-catherine-deneuve-de-nombreuses-personnalites-rendent-hommage-a-l-actrice_AN-202604240366.html\">BFMTV<\/a> y <a href=\"https:\/\/www.programme-tv.net\/news\/people\/401347-obseques-de-nathalie-baye-michel-drucker-evoque-les-differents-hommages-durant-la-ceremonie-valerie-lemercier-a-chante\/\">Programme\u2011TV<\/a>. El ambiente se mantuvo sobrio, respetuoso y muy medi\u00e1tico.<\/p>\n\n<h3 class=\"wp-block-heading\">Homenajes p\u00fablicos y momentos musicales<\/h3>\n\n<p>La ceremonia entrelaz\u00f3 discursos y m\u00fasica. <strong>Val\u00e9rie Lemercier<\/strong> cant\u00f3 \u00ab\u00a0Mon amie la rose\u00a0\u00bb acompa\u00f1ada de una guitarra, un momento registrado por varios medios y videos en l\u00ednea. Los homenajes subrayaron la carrera y la dulzura de la actriz, evocando su filiaci\u00f3n con <strong>Laura Smet<\/strong>, que lleg\u00f3 en el momento del cortejo f\u00fanebre y fue citada por la prensa por sus emotivas palabras.<\/p>\n\n<h2 class=\"wp-block-heading\">Rostros del cine y de la pol\u00edtica reunidos<\/h2>\n\n<p>Aparte de las \u00edconos del cine como <strong>Catherine Deneuve<\/strong>, <strong>Fanny Ardant<\/strong> o <strong>Josiane Balasko<\/strong>, la presencia de personalidades pol\u00edticas dej\u00f3 huella. <strong>Brigitte Macron<\/strong> y el exministro <strong>Jack Lang<\/strong> asistieron a la ceremonia, ilustrando el v\u00ednculo entre el mundo art\u00edstico y la esfera p\u00fablica. Los medios han difundido ampliamente estas presencias, subrayando el alcance nacional del homenaje.<\/p>\n\n<h3 class=\"wp-block-heading\">Memoria, enfermedad e intimidad familiar<\/h3>\n\n<p>La desaparici\u00f3n de Nathalie Baye se atribuy\u00f3 a la <strong>enfermedad de Lewy<\/strong>, una afecci\u00f3n neurodegenerativa que mezcla s\u00edntomas similares al Alzheimer y al Parkinson. Despu\u00e9s de la misa p\u00fablica, la inhumaci\u00f3n se llevar\u00e1 a cabo en un c\u00edrculo familiar restringido, como lo han indicado varios art\u00edculos y galer\u00edas de im\u00e1genes publicadas desde el 24 de abril.<\/p>\n\n<p>Para profundizar en el v\u00ednculo entre personalidades p\u00fablicas y compromisos privados, y descubrir relatos sobre la familia Macron y S\u00e9bastien Auzi\u00e8re, encuentra dossiers detallados sobre <a href=\"https:\/\/www.sebastien-auziere.fr\/blog\/soeur-brigitte-macron\/\">los cercanos a Brigitte Macron<\/a> y las relaciones entre el El\u00edseo y el Vaticano en <a href=\"https:\/\/www.sebastien-auziere.fr\/blog\/macron-vatican-pape\/\">sebastien-auziere.fr<\/a>. Visita el sitio para saber m\u00e1s sobre <strong>S\u00e9bastien Auzi\u00e8re<\/strong> y la familia <strong>Macron<\/strong>.<\/p>","protected":false},"excerpt":{"rendered":"<p>Funeral de Nathalie Baye este 24 de abril de 2026 en Saint\u2011Sulpice: una ceremonia llena de emoci\u00f3n donde Michel Drucker, Brigitte Macron y Catherine Deneuve se encontraban entre las numerosas personalidades que vinieron a rendir homenaje. La multitud, las estrellas y los an\u00f3nimos se sucedieron para saludar la memoria de la actriz, fallecida el 17 &#8230; <a title=\"Obs\u00e8ques de Nathalie Baye : Michel Drucker, Brigitte Macron, Catherine Deneuve y muchas otras personalidades rinden homenaje\" class=\"read-more\" href=\"https:\/\/www.sebastien-auziere.fr\/blog\/es\/obseques-de-nathalie-baye-michel-drucker-brigitte-macron-catherine-deneuve-y-muchas-otras-personalidades-rinden-homenaje\/\" aria-label=\"En savoir plus sur Obs\u00e8ques de Nathalie Baye : Michel Drucker, Brigitte Macron, Catherine Deneuve y muchas otras personalidades rinden homenaje\">Lire plus<\/a><\/p>\n","protected":false},"author":9,"featured_media":3298,"comment_status":"open","ping_status":"open","sticky":false,"template":"","format":"standard","meta":{"footnotes":""},"categories":[820],"tags":[914,4181,4184,4187,4190],"class_list":["post-3302","post","type-post","status-publish","format-standard","has-post-thumbnail","hentry","category-actualidades-es","tag-brigitte-macron-es","tag-catherine-deneuve-es","tag-homenaje-a-celebridades-es","tag-michel-drucker-es","tag-obseques-nathalie-baye-es"],"yoast_head":"<!-- This site is optimized with the Yoast SEO plugin v27.5 - https:\/\/yoast.com\/product\/yoast-seo-wordpress\/ -->\n<title>Obs\u00e8ques de Nathalie Baye : Michel Drucker, Brigitte Macron, Catherine Deneuve y muchas otras personalidades rinden homenaje - Fan site S\u00e9bastien Auzi\u00e8re<\/title>\n<meta name=\"description\" content=\"Obs\u00e8ques de Nathalie Baye : Michel Drucker, Brigitte Macron, Catherine Deneuve et d&#039;autres personnalit\u00e9s lui rendent un hommage \u00e9mouvant.\" \/>\n<meta name=\"robots\" content=\"index, follow, max-snippet:-1, max-image-preview:large, max-video-preview:-1\" \/>\n<link rel=\"canonical\" href=\"https:\/\/www.sebastien-auziere.fr\/blog\/es\/obseques-de-nathalie-baye-michel-drucker-brigitte-macron-catherine-deneuve-y-muchas-otras-personalidades-rinden-homenaje\/\" \/>\n<meta property=\"og:locale\" content=\"fr_FR\" \/>\n<meta property=\"og:type\" content=\"article\" \/>\n<meta property=\"og:title\" content=\"Obs\u00e8ques de Nathalie Baye : Michel Drucker, Brigitte Macron, Catherine Deneuve y muchas otras personalidades rinden homenaje - Fan site S\u00e9bastien Auzi\u00e8re\" \/>\n<meta property=\"og:description\" content=\"Obs\u00e8ques de Nathalie Baye : Michel Drucker, Brigitte Macron, Catherine Deneuve et d&#039;autres personnalit\u00e9s lui rendent un hommage \u00e9mouvant.\" \/>\n<meta property=\"og:url\" content=\"https:\/\/www.sebastien-auziere.fr\/blog\/es\/obseques-de-nathalie-baye-michel-drucker-brigitte-macron-catherine-deneuve-y-muchas-otras-personalidades-rinden-homenaje\/\" \/>\n<meta property=\"og:site_name\" content=\"Fan site S\u00e9bastien Auzi\u00e8re\" \/>\n<meta property=\"article:published_time\" content=\"2026-04-24T19:19:59+00:00\" \/>\n<meta property=\"article:modified_time\" content=\"2026-04-24T19:20:22+00:00\" \/>\n<meta property=\"og:image\" content=\"https:\/\/www.sebastien-auziere.fr\/blog\/wp-content\/uploads\/2026\/04\/Obseques-de-Nathalie-Baye-Michel-Drucker-Brigitte-Macron-Catherine-Deneuve-et-bien-dautres-personnalites-rendent-hommage.jpg\" \/>\n\t<meta property=\"og:image:width\" content=\"2560\" \/>\n\t<meta property=\"og:image:height\" content=\"1429\" \/>\n\t<meta property=\"og:image:type\" content=\"image\/jpeg\" \/>\n<meta name=\"author\" content=\"Chloe Gauthier\" \/>\n<meta name=\"twitter:card\" content=\"summary_large_image\" \/>\n<meta name=\"twitter:label1\" content=\"\u00c9crit par\" \/>\n\t<meta name=\"twitter:data1\" content=\"Chloe Gauthier\" \/>\n\t<meta name=\"twitter:label2\" content=\"Dur\u00e9e de lecture estim\u00e9e\" \/>\n\t<meta name=\"twitter:data2\" content=\"2 minutes\" \/>\n<script type=\"application\/ld+json\" class=\"yoast-schema-graph\">{\"@context\":\"https:\\\/\\\/schema.org\",\"@graph\":[{\"@type\":\"Article\",\"@id\":\"https:\\\/\\\/www.sebastien-auziere.fr\\\/blog\\\/es\\\/obseques-de-nathalie-baye-michel-drucker-brigitte-macron-catherine-deneuve-y-muchas-otras-personalidades-rinden-homenaje\\\/#article\",\"isPartOf\":{\"@id\":\"https:\\\/\\\/www.sebastien-auziere.fr\\\/blog\\\/es\\\/obseques-de-nathalie-baye-michel-drucker-brigitte-macron-catherine-deneuve-y-muchas-otras-personalidades-rinden-homenaje\\\/\"},\"author\":{\"name\":\"Chloe Gauthier\",\"@id\":\"https:\\\/\\\/www.sebastien-auziere.fr\\\/blog\\\/#\\\/schema\\\/person\\\/149f1acdbfd85149c6c3e59adeae2f4d\"},\"headline\":\"Obs\u00e8ques de Nathalie Baye : Michel Drucker, Brigitte Macron, Catherine Deneuve y muchas otras personalidades rinden homenaje\",\"datePublished\":\"2026-04-24T19:19:59+00:00\",\"dateModified\":\"2026-04-24T19:20:22+00:00\",\"mainEntityOfPage\":{\"@id\":\"https:\\\/\\\/www.sebastien-auziere.fr\\\/blog\\\/es\\\/obseques-de-nathalie-baye-michel-drucker-brigitte-macron-catherine-deneuve-y-muchas-otras-personalidades-rinden-homenaje\\\/\"},\"wordCount\":465,\"commentCount\":0,\"publisher\":{\"@id\":\"https:\\\/\\\/www.sebastien-auziere.fr\\\/blog\\\/#organization\"},\"image\":{\"@id\":\"https:\\\/\\\/www.sebastien-auziere.fr\\\/blog\\\/es\\\/obseques-de-nathalie-baye-michel-drucker-brigitte-macron-catherine-deneuve-y-muchas-otras-personalidades-rinden-homenaje\\\/#primaryimage\"},\"thumbnailUrl\":\"https:\\\/\\\/www.sebastien-auziere.fr\\\/blog\\\/wp-content\\\/uploads\\\/2026\\\/04\\\/Obseques-de-Nathalie-Baye-Michel-Drucker-Brigitte-Macron-Catherine-Deneuve-et-bien-dautres-personnalites-rendent-hommage.jpg\",\"keywords\":[\"brigitte macron\",\"catherine deneuve\",\"homenaje a celebridades\",\"michel drucker\",\"obs\u00e8ques nathalie baye\"],\"articleSection\":[\"Actualidades\"],\"inLanguage\":\"fr-FR\",\"potentialAction\":[{\"@type\":\"CommentAction\",\"name\":\"Comment\",\"target\":[\"https:\\\/\\\/www.sebastien-auziere.fr\\\/blog\\\/es\\\/obseques-de-nathalie-baye-michel-drucker-brigitte-macron-catherine-deneuve-y-muchas-otras-personalidades-rinden-homenaje\\\/#respond\"]}]},{\"@type\":\"WebPage\",\"@id\":\"https:\\\/\\\/www.sebastien-auziere.fr\\\/blog\\\/es\\\/obseques-de-nathalie-baye-michel-drucker-brigitte-macron-catherine-deneuve-y-muchas-otras-personalidades-rinden-homenaje\\\/\",\"url\":\"https:\\\/\\\/www.sebastien-auziere.fr\\\/blog\\\/es\\\/obseques-de-nathalie-baye-michel-drucker-brigitte-macron-catherine-deneuve-y-muchas-otras-personalidades-rinden-homenaje\\\/\",\"name\":\"Obs\u00e8ques de Nathalie Baye : Michel Drucker, Brigitte Macron, Catherine Deneuve y muchas otras personalidades rinden homenaje - Fan site S\u00e9bastien Auzi\u00e8re\",\"isPartOf\":{\"@id\":\"https:\\\/\\\/www.sebastien-auziere.fr\\\/blog\\\/#website\"},\"primaryImageOfPage\":{\"@id\":\"https:\\\/\\\/www.sebastien-auziere.fr\\\/blog\\\/es\\\/obseques-de-nathalie-baye-michel-drucker-brigitte-macron-catherine-deneuve-y-muchas-otras-personalidades-rinden-homenaje\\\/#primaryimage\"},\"image\":{\"@id\":\"https:\\\/\\\/www.sebastien-auziere.fr\\\/blog\\\/es\\\/obseques-de-nathalie-baye-michel-drucker-brigitte-macron-catherine-deneuve-y-muchas-otras-personalidades-rinden-homenaje\\\/#primaryimage\"},\"thumbnailUrl\":\"https:\\\/\\\/www.sebastien-auziere.fr\\\/blog\\\/wp-content\\\/uploads\\\/2026\\\/04\\\/Obseques-de-Nathalie-Baye-Michel-Drucker-Brigitte-Macron-Catherine-Deneuve-et-bien-dautres-personnalites-rendent-hommage.jpg\",\"datePublished\":\"2026-04-24T19:19:59+00:00\",\"dateModified\":\"2026-04-24T19:20:22+00:00\",\"description\":\"Obs\u00e8ques de Nathalie Baye : Michel Drucker, Brigitte Macron, Catherine Deneuve et d'autres personnalit\u00e9s lui rendent un hommage \u00e9mouvant.\",\"breadcrumb\":{\"@id\":\"https:\\\/\\\/www.sebastien-auziere.fr\\\/blog\\\/es\\\/obseques-de-nathalie-baye-michel-drucker-brigitte-macron-catherine-deneuve-y-muchas-otras-personalidades-rinden-homenaje\\\/#breadcrumb\"},\"inLanguage\":\"fr-FR\",\"potentialAction\":[{\"@type\":\"ReadAction\",\"target\":[\"https:\\\/\\\/www.sebastien-auziere.fr\\\/blog\\\/es\\\/obseques-de-nathalie-baye-michel-drucker-brigitte-macron-catherine-deneuve-y-muchas-otras-personalidades-rinden-homenaje\\\/\"]}]},{\"@type\":\"ImageObject\",\"inLanguage\":\"fr-FR\",\"@id\":\"https:\\\/\\\/www.sebastien-auziere.fr\\\/blog\\\/es\\\/obseques-de-nathalie-baye-michel-drucker-brigitte-macron-catherine-deneuve-y-muchas-otras-personalidades-rinden-homenaje\\\/#primaryimage\",\"url\":\"https:\\\/\\\/www.sebastien-auziere.fr\\\/blog\\\/wp-content\\\/uploads\\\/2026\\\/04\\\/Obseques-de-Nathalie-Baye-Michel-Drucker-Brigitte-Macron-Catherine-Deneuve-et-bien-dautres-personnalites-rendent-hommage.jpg\",\"contentUrl\":\"https:\\\/\\\/www.sebastien-auziere.fr\\\/blog\\\/wp-content\\\/uploads\\\/2026\\\/04\\\/Obseques-de-Nathalie-Baye-Michel-Drucker-Brigitte-Macron-Catherine-Deneuve-et-bien-dautres-personnalites-rendent-hommage.jpg\",\"width\":2560,\"height\":1429,\"caption\":\"obs\u00e8ques de nathalie baye : michel drucker, brigitte macron, catherine deneuve et de nombreuses personnalit\u00e9s se r\u00e9unissent pour lui rendre un hommage \u00e9mouvant et solennel.\"},{\"@type\":\"BreadcrumbList\",\"@id\":\"https:\\\/\\\/www.sebastien-auziere.fr\\\/blog\\\/es\\\/obseques-de-nathalie-baye-michel-drucker-brigitte-macron-catherine-deneuve-y-muchas-otras-personalidades-rinden-homenaje\\\/#breadcrumb\",\"itemListElement\":[{\"@type\":\"ListItem\",\"position\":1,\"name\":\"Home\",\"item\":\"https:\\\/\\\/www.sebastien-auziere.fr\\\/blog\\\/\"},{\"@type\":\"ListItem\",\"position\":2,\"name\":\"Obs\u00e8ques de Nathalie Baye : Michel Drucker, Brigitte Macron, Catherine Deneuve y muchas otras personalidades rinden homenaje\"}]},{\"@type\":\"WebSite\",\"@id\":\"https:\\\/\\\/www.sebastien-auziere.fr\\\/blog\\\/#website\",\"url\":\"https:\\\/\\\/www.sebastien-auziere.fr\\\/blog\\\/\",\"name\":\"Fan site S\u00e9bastien Auzi\u00e8re\",\"description\":\"M\u00e9dia g\u00e9n\u00e9raliste\",\"publisher\":{\"@id\":\"https:\\\/\\\/www.sebastien-auziere.fr\\\/blog\\\/#organization\"},\"potentialAction\":[{\"@type\":\"SearchAction\",\"target\":{\"@type\":\"EntryPoint\",\"urlTemplate\":\"https:\\\/\\\/www.sebastien-auziere.fr\\\/blog\\\/?s={search_term_string}\"},\"query-input\":{\"@type\":\"PropertyValueSpecification\",\"valueRequired\":true,\"valueName\":\"search_term_string\"}}],\"inLanguage\":\"fr-FR\"},{\"@type\":\"Organization\",\"@id\":\"https:\\\/\\\/www.sebastien-auziere.fr\\\/blog\\\/#organization\",\"name\":\"Fan site S\u00e9bastien Auzi\u00e8re\",\"url\":\"https:\\\/\\\/www.sebastien-auziere.fr\\\/blog\\\/\",\"logo\":{\"@type\":\"ImageObject\",\"inLanguage\":\"fr-FR\",\"@id\":\"https:\\\/\\\/www.sebastien-auziere.fr\\\/blog\\\/#\\\/schema\\\/logo\\\/image\\\/\",\"url\":\"https:\\\/\\\/www.sebastien-auziere.fr\\\/blog\\\/wp-content\\\/uploads\\\/2026\\\/03\\\/cropped-cropped-cropped-ChatGPT-Image-6-mars-2026-12_58_09-e1772798376794.jpg\",\"contentUrl\":\"https:\\\/\\\/www.sebastien-auziere.fr\\\/blog\\\/wp-content\\\/uploads\\\/2026\\\/03\\\/cropped-cropped-cropped-ChatGPT-Image-6-mars-2026-12_58_09-e1772798376794.jpg\",\"width\":512,\"height\":360,\"caption\":\"Fan site S\u00e9bastien Auzi\u00e8re\"},\"image\":{\"@id\":\"https:\\\/\\\/www.sebastien-auziere.fr\\\/blog\\\/#\\\/schema\\\/logo\\\/image\\\/\"}},{\"@type\":\"Person\",\"@id\":\"https:\\\/\\\/www.sebastien-auziere.fr\\\/blog\\\/#\\\/schema\\\/person\\\/149f1acdbfd85149c6c3e59adeae2f4d\",\"name\":\"Chloe Gauthier\",\"image\":{\"@type\":\"ImageObject\",\"inLanguage\":\"fr-FR\",\"@id\":\"https:\\\/\\\/secure.gravatar.com\\\/avatar\\\/2c5722f58171cff738a8985ef0dd66b476e563753246a49019befc837ec4201a?s=96&d=mm&r=g\",\"url\":\"https:\\\/\\\/secure.gravatar.com\\\/avatar\\\/2c5722f58171cff738a8985ef0dd66b476e563753246a49019befc837ec4201a?s=96&d=mm&r=g\",\"contentUrl\":\"https:\\\/\\\/secure.gravatar.com\\\/avatar\\\/2c5722f58171cff738a8985ef0dd66b476e563753246a49019befc837ec4201a?s=96&d=mm&r=g\",\"caption\":\"Chloe Gauthier\"},\"description\":\"Passionn\u00e9e par la politique et admiratrice engag\u00e9e de la famille Macron, je consacre mon \u00e9nergie \u00e0 suivre leurs initiatives et \u00e0 promouvoir leurs id\u00e9es. \u00c0 32 ans, je suis convaincue que leur vision est porteuse d'avenir.\",\"url\":\"https:\\\/\\\/www.sebastien-auziere.fr\\\/blog\\\/author\\\/chloe-gauthier\\\/\"}]}<\/script>\n<!-- \/ Yoast SEO plugin. -->","yoast_head_json":{"title":"Obs\u00e8ques de Nathalie Baye : Michel Drucker, Brigitte Macron, Catherine Deneuve y muchas otras personalidades rinden homenaje - Fan site S\u00e9bastien Auzi\u00e8re","description":"Obs\u00e8ques de Nathalie Baye : Michel Drucker, Brigitte Macron, Catherine Deneuve et d'autres personnalit\u00e9s lui rendent un hommage \u00e9mouvant.","robots":{"index":"index","follow":"follow","max-snippet":"max-snippet:-1","max-image-preview":"max-image-preview:large","max-video-preview":"max-video-preview:-1"},"canonical":"https:\/\/www.sebastien-auziere.fr\/blog\/es\/obseques-de-nathalie-baye-michel-drucker-brigitte-macron-catherine-deneuve-y-muchas-otras-personalidades-rinden-homenaje\/","og_locale":"fr_FR","og_type":"article","og_title":"Obs\u00e8ques de Nathalie Baye : Michel Drucker, Brigitte Macron, Catherine Deneuve y muchas otras personalidades rinden homenaje - Fan site S\u00e9bastien Auzi\u00e8re","og_description":"Obs\u00e8ques de Nathalie Baye : Michel Drucker, Brigitte Macron, Catherine Deneuve et d'autres personnalit\u00e9s lui rendent un hommage \u00e9mouvant.","og_url":"https:\/\/www.sebastien-auziere.fr\/blog\/es\/obseques-de-nathalie-baye-michel-drucker-brigitte-macron-catherine-deneuve-y-muchas-otras-personalidades-rinden-homenaje\/","og_site_name":"Fan site S\u00e9bastien Auzi\u00e8re","article_published_time":"2026-04-24T19:19:59+00:00","article_modified_time":"2026-04-24T19:20:22+00:00","og_image":[{"width":2560,"height":1429,"url":"https:\/\/www.sebastien-auziere.fr\/blog\/wp-content\/uploads\/2026\/04\/Obseques-de-Nathalie-Baye-Michel-Drucker-Brigitte-Macron-Catherine-Deneuve-et-bien-dautres-personnalites-rendent-hommage.jpg","type":"image\/jpeg"}],"author":"Chloe Gauthier","twitter_card":"summary_large_image","twitter_misc":{"\u00c9crit par":"Chloe Gauthier","Dur\u00e9e de lecture estim\u00e9e":"2 minutes"},"schema":{"@context":"https:\/\/schema.org","@graph":[{"@type":"Article","@id":"https:\/\/www.sebastien-auziere.fr\/blog\/es\/obseques-de-nathalie-baye-michel-drucker-brigitte-macron-catherine-deneuve-y-muchas-otras-personalidades-rinden-homenaje\/#article","isPartOf":{"@id":"https:\/\/www.sebastien-auziere.fr\/blog\/es\/obseques-de-nathalie-baye-michel-drucker-brigitte-macron-catherine-deneuve-y-muchas-otras-personalidades-rinden-homenaje\/"},"author":{"name":"Chloe Gauthier","@id":"https:\/\/www.sebastien-auziere.fr\/blog\/#\/schema\/person\/149f1acdbfd85149c6c3e59adeae2f4d"},"headline":"Obs\u00e8ques de Nathalie Baye : Michel Drucker, Brigitte Macron, Catherine Deneuve y muchas otras personalidades rinden homenaje","datePublished":"2026-04-24T19:19:59+00:00","dateModified":"2026-04-24T19:20:22+00:00","mainEntityOfPage":{"@id":"https:\/\/www.sebastien-auziere.fr\/blog\/es\/obseques-de-nathalie-baye-michel-drucker-brigitte-macron-catherine-deneuve-y-muchas-otras-personalidades-rinden-homenaje\/"},"wordCount":465,"commentCount":0,"publisher":{"@id":"https:\/\/www.sebastien-auziere.fr\/blog\/#organization"},"image":{"@id":"https:\/\/www.sebastien-auziere.fr\/blog\/es\/obseques-de-nathalie-baye-michel-drucker-brigitte-macron-catherine-deneuve-y-muchas-otras-personalidades-rinden-homenaje\/#primaryimage"},"thumbnailUrl":"https:\/\/www.sebastien-auziere.fr\/blog\/wp-content\/uploads\/2026\/04\/Obseques-de-Nathalie-Baye-Michel-Drucker-Brigitte-Macron-Catherine-Deneuve-et-bien-dautres-personnalites-rendent-hommage.jpg","keywords":["brigitte macron","catherine deneuve","homenaje a celebridades","michel drucker","obs\u00e8ques nathalie baye"],"articleSection":["Actualidades"],"inLanguage":"fr-FR","potentialAction":[{"@type":"CommentAction","name":"Comment","target":["https:\/\/www.sebastien-auziere.fr\/blog\/es\/obseques-de-nathalie-baye-michel-drucker-brigitte-macron-catherine-deneuve-y-muchas-otras-personalidades-rinden-homenaje\/#respond"]}]},{"@type":"WebPage","@id":"https:\/\/www.sebastien-auziere.fr\/blog\/es\/obseques-de-nathalie-baye-michel-drucker-brigitte-macron-catherine-deneuve-y-muchas-otras-personalidades-rinden-homenaje\/","url":"https:\/\/www.sebastien-auziere.fr\/blog\/es\/obseques-de-nathalie-baye-michel-drucker-brigitte-macron-catherine-deneuve-y-muchas-otras-personalidades-rinden-homenaje\/","name":"Obs\u00e8ques de Nathalie Baye : Michel Drucker, Brigitte Macron, Catherine Deneuve y muchas otras personalidades rinden homenaje - Fan site S\u00e9bastien Auzi\u00e8re","isPartOf":{"@id":"https:\/\/www.sebastien-auziere.fr\/blog\/#website"},"primaryImageOfPage":{"@id":"https:\/\/www.sebastien-auziere.fr\/blog\/es\/obseques-de-nathalie-baye-michel-drucker-brigitte-macron-catherine-deneuve-y-muchas-otras-personalidades-rinden-homenaje\/#primaryimage"},"image":{"@id":"https:\/\/www.sebastien-auziere.fr\/blog\/es\/obseques-de-nathalie-baye-michel-drucker-brigitte-macron-catherine-deneuve-y-muchas-otras-personalidades-rinden-homenaje\/#primaryimage"},"thumbnailUrl":"https:\/\/www.sebastien-auziere.fr\/blog\/wp-content\/uploads\/2026\/04\/Obseques-de-Nathalie-Baye-Michel-Drucker-Brigitte-Macron-Catherine-Deneuve-et-bien-dautres-personnalites-rendent-hommage.jpg","datePublished":"2026-04-24T19:19:59+00:00","dateModified":"2026-04-24T19:20:22+00:00","description":"Obs\u00e8ques de Nathalie Baye : Michel Drucker, Brigitte Macron, Catherine Deneuve et d'autres personnalit\u00e9s lui rendent un hommage \u00e9mouvant.","breadcrumb":{"@id":"https:\/\/www.sebastien-auziere.fr\/blog\/es\/obseques-de-nathalie-baye-michel-drucker-brigitte-macron-catherine-deneuve-y-muchas-otras-personalidades-rinden-homenaje\/#breadcrumb"},"inLanguage":"fr-FR","potentialAction":[{"@type":"ReadAction","target":["https:\/\/www.sebastien-auziere.fr\/blog\/es\/obseques-de-nathalie-baye-michel-drucker-brigitte-macron-catherine-deneuve-y-muchas-otras-personalidades-rinden-homenaje\/"]}]},{"@type":"ImageObject","inLanguage":"fr-FR","@id":"https:\/\/www.sebastien-auziere.fr\/blog\/es\/obseques-de-nathalie-baye-michel-drucker-brigitte-macron-catherine-deneuve-y-muchas-otras-personalidades-rinden-homenaje\/#primaryimage","url":"https:\/\/www.sebastien-auziere.fr\/blog\/wp-content\/uploads\/2026\/04\/Obseques-de-Nathalie-Baye-Michel-Drucker-Brigitte-Macron-Catherine-Deneuve-et-bien-dautres-personnalites-rendent-hommage.jpg","contentUrl":"https:\/\/www.sebastien-auziere.fr\/blog\/wp-content\/uploads\/2026\/04\/Obseques-de-Nathalie-Baye-Michel-Drucker-Brigitte-Macron-Catherine-Deneuve-et-bien-dautres-personnalites-rendent-hommage.jpg","width":2560,"height":1429,"caption":"obs\u00e8ques de nathalie baye : michel drucker, brigitte macron, catherine deneuve et de nombreuses personnalit\u00e9s se r\u00e9unissent pour lui rendre un hommage \u00e9mouvant et solennel."},{"@type":"BreadcrumbList","@id":"https:\/\/www.sebastien-auziere.fr\/blog\/es\/obseques-de-nathalie-baye-michel-drucker-brigitte-macron-catherine-deneuve-y-muchas-otras-personalidades-rinden-homenaje\/#breadcrumb","itemListElement":[{"@type":"ListItem","position":1,"name":"Home","item":"https:\/\/www.sebastien-auziere.fr\/blog\/"},{"@type":"ListItem","position":2,"name":"Obs\u00e8ques de Nathalie Baye : Michel Drucker, Brigitte Macron, Catherine Deneuve y muchas otras personalidades rinden homenaje"}]},{"@type":"WebSite","@id":"https:\/\/www.sebastien-auziere.fr\/blog\/#website","url":"https:\/\/www.sebastien-auziere.fr\/blog\/","name":"Fan site S\u00e9bastien Auzi\u00e8re","description":"M\u00e9dia g\u00e9n\u00e9raliste","publisher":{"@id":"https:\/\/www.sebastien-auziere.fr\/blog\/#organization"},"potentialAction":[{"@type":"SearchAction","target":{"@type":"EntryPoint","urlTemplate":"https:\/\/www.sebastien-auziere.fr\/blog\/?s={search_term_string}"},"query-input":{"@type":"PropertyValueSpecification","valueRequired":true,"valueName":"search_term_string"}}],"inLanguage":"fr-FR"},{"@type":"Organization","@id":"https:\/\/www.sebastien-auziere.fr\/blog\/#organization","name":"Fan site S\u00e9bastien Auzi\u00e8re","url":"https:\/\/www.sebastien-auziere.fr\/blog\/","logo":{"@type":"ImageObject","inLanguage":"fr-FR","@id":"https:\/\/www.sebastien-auziere.fr\/blog\/#\/schema\/logo\/image\/","url":"https:\/\/www.sebastien-auziere.fr\/blog\/wp-content\/uploads\/2026\/03\/cropped-cropped-cropped-ChatGPT-Image-6-mars-2026-12_58_09-e1772798376794.jpg","contentUrl":"https:\/\/www.sebastien-auziere.fr\/blog\/wp-content\/uploads\/2026\/03\/cropped-cropped-cropped-ChatGPT-Image-6-mars-2026-12_58_09-e1772798376794.jpg","width":512,"height":360,"caption":"Fan site S\u00e9bastien Auzi\u00e8re"},"image":{"@id":"https:\/\/www.sebastien-auziere.fr\/blog\/#\/schema\/logo\/image\/"}},{"@type":"Person","@id":"https:\/\/www.sebastien-auziere.fr\/blog\/#\/schema\/person\/149f1acdbfd85149c6c3e59adeae2f4d","name":"Chloe Gauthier","image":{"@type":"ImageObject","inLanguage":"fr-FR","@id":"https:\/\/secure.gravatar.com\/avatar\/2c5722f58171cff738a8985ef0dd66b476e563753246a49019befc837ec4201a?s=96&d=mm&r=g","url":"https:\/\/secure.gravatar.com\/avatar\/2c5722f58171cff738a8985ef0dd66b476e563753246a49019befc837ec4201a?s=96&d=mm&r=g","contentUrl":"https:\/\/secure.gravatar.com\/avatar\/2c5722f58171cff738a8985ef0dd66b476e563753246a49019befc837ec4201a?s=96&d=mm&r=g","caption":"Chloe Gauthier"},"description":"Passionn\u00e9e par la politique et admiratrice engag\u00e9e de la famille Macron, je consacre mon \u00e9nergie \u00e0 suivre leurs initiatives et \u00e0 promouvoir leurs id\u00e9es. \u00c0 32 ans, je suis convaincue que leur vision est porteuse d'avenir.","url":"https:\/\/www.sebastien-auziere.fr\/blog\/author\/chloe-gauthier\/"}]}},"views":0,"_links":{"self":[{"href":"https:\/\/www.sebastien-auziere.fr\/blog\/wp-json\/wp\/v2\/posts\/3302","targetHints":{"allow":["GET"]}}],"collection":[{"href":"https:\/\/www.sebastien-auziere.fr\/blog\/wp-json\/wp\/v2\/posts"}],"about":[{"href":"https:\/\/www.sebastien-auziere.fr\/blog\/wp-json\/wp\/v2\/types\/post"}],"author":[{"embeddable":true,"href":"https:\/\/www.sebastien-auziere.fr\/blog\/wp-json\/wp\/v2\/users\/9"}],"replies":[{"embeddable":true,"href":"https:\/\/www.sebastien-auziere.fr\/blog\/wp-json\/wp\/v2\/comments?post=3302"}],"version-history":[{"count":1,"href":"https:\/\/www.sebastien-auziere.fr\/blog\/wp-json\/wp\/v2\/posts\/3302\/revisions"}],"predecessor-version":[{"id":3303,"href":"https:\/\/www.sebastien-auziere.fr\/blog\/wp-json\/wp\/v2\/posts\/3302\/revisions\/3303"}],"wp:featuredmedia":[{"embeddable":true,"href":"https:\/\/www.sebastien-auziere.fr\/blog\/wp-json\/wp\/v2\/media\/3298"}],"wp:attachment":[{"href":"https:\/\/www.sebastien-auziere.fr\/blog\/wp-json\/wp\/v2\/media?parent=3302"}],"wp:term":[{"taxonomy":"category","embeddable":true,"href":"https:\/\/www.sebastien-auziere.fr\/blog\/wp-json\/wp\/v2\/categories?post=3302"},{"taxonomy":"post_tag","embeddable":true,"href":"https:\/\/www.sebastien-auziere.fr\/blog\/wp-json\/wp\/v2\/tags?post=3302"}],"curies":[{"name":"wp","href":"https:\/\/api.w.org\/{rel}","templated":true}]}}