{"id":3300,"date":"2026-04-24T19:19:37","date_gmt":"2026-04-24T19:19:37","guid":{"rendered":"https:\/\/www.sebastien-auziere.fr\/blog\/?p=3300"},"modified":"2026-04-24T19:19:59","modified_gmt":"2026-04-24T19:19:59","slug":"obseques-of-nathalie-baye-michel-drucker-brigitte-macron-catherine-deneuve-and-many-other-personalities-pay-tribute","status":"publish","type":"post","link":"https:\/\/www.sebastien-auziere.fr\/blog\/en\/obseques-of-nathalie-baye-michel-drucker-brigitte-macron-catherine-deneuve-and-many-other-personalities-pay-tribute\/","title":{"rendered":"Obs\u00e8ques of Nathalie Baye: Michel Drucker, Brigitte Macron, Catherine Deneuve and many other personalities pay tribute"},"content":{"rendered":"<p><strong>Funeral of Nathalie Baye<\/strong> on <strong>April 24, 2026<\/strong> in <strong>Saint-Sulpice<\/strong>: a ceremony filled with emotion where <strong>Michel Drucker<\/strong>, <strong>Brigitte Macron<\/strong>, and <strong>Catherine Deneuve<\/strong> were among the many personalities who came to pay tribute. The crowd, stars, and ordinary people took turns to honor the memory of the actress, who passed away on April 17 at the age of 77.<\/p>\n\n<p><strong>In brief<\/strong>: public ceremony at <strong>10:30 AM<\/strong> in Saint-Sulpice; notable presence of figures from cinema and politics; <strong>Val\u00e9rie Lemercier<\/strong> performed \u00ab\u00a0My Friend the Rose\u00a0\u00bb; burial planned in strict family intimacy. For a narrative and images, consult the official reports.<\/p>\n\n<h2 class=\"wp-block-heading\">A Unifying Ceremony in Saint-Sulpice<\/h2>\n\n<p>You may have seen that the church of Saint-Sulpice hosted, this Friday morning, a mix of artists and close ones. <strong>Claire Chazal<\/strong>, <strong>Benjamin Biolay<\/strong>, <strong>Eddy Mitchell<\/strong>, and <strong>Sylvie Vartan<\/strong> were among the faces spotted on the forecourt, according to reports published on <a href=\"https:\/\/www.bfmtv.com\/people\/hommage\/obseques-de-nathalie-baye-michel-druker-brigitte-macron-catherine-deneuve-de-nombreuses-personnalites-rendent-hommage-a-l-actrice_AN-202604240366.html\">BFMTV<\/a> and <a href=\"https:\/\/www.programme-tv.net\/news\/people\/401347-obseques-de-nathalie-baye-michel-drucker-evoque-les-differents-hommages-durant-la-ceremonie-valerie-lemercier-a-chante\/\">Programme-TV<\/a>. The atmosphere remained sober, respectful, and highly publicized.<\/p>\n\n<h3 class=\"wp-block-heading\">Public Tributes and Musical Moments<\/h3>\n\n<p>The ceremony combined speeches and music. <strong>Val\u00e9rie Lemercier<\/strong> sang \u00ab\u00a0My Friend the Rose\u00a0\u00bb accompanied by a guitar, a moment captured by several media outlets and online videos. The tributes highlighted the actress&rsquo;s career and warmth, mentioning her relationship with <strong>Laura Smet<\/strong>, who arrived at the time of the funeral procession and was quoted by the press for her emotional words.<\/p>\n\n<h2 class=\"wp-block-heading\">Faces of Cinema and Politics United<\/h2>\n\n<p>Aside from cinema icons like <strong>Catherine Deneuve<\/strong>, <strong>Fanny Ardant<\/strong>, or <strong>Josiane Balasko<\/strong>, the presence of political figures made a strong impression. <strong>Brigitte Macron<\/strong> and former minister <strong>Jack Lang<\/strong> attended the ceremony, illustrating the connection between the artistic world and the public sphere. The media extensively reported on these appearances, emphasizing the national significance of the tribute.<\/p>\n\n<h3 class=\"wp-block-heading\">Memory, Illness, and Family Intimacy<\/h3>\n\n<p>The passing of Nathalie Baye has been attributed to <strong>Lewy body disease<\/strong>, a neurodegenerative condition combining symptoms similar to Alzheimer\u2019s and Parkinson\u2019s. After the public mass, the burial will take place in a limited family circle, as indicated by several articles and galleries of images published as of April 24.<\/p>\n\n<p>To further explore the connection between public personalities and private commitments, and to discover stories related to the Macron family and S\u00e9bastien Auzi\u00e8re, find detailed files on <a href=\"https:\/\/www.sebastien-auziere.fr\/blog\/soeur-brigitte-macron\/\">Brigitte Macron&rsquo;s relatives<\/a> and the relations between the \u00c9lys\u00e9e and the Vatican at <a href=\"https:\/\/www.sebastien-auziere.fr\/blog\/macron-vatican-pape\/\">sebastien-auziere.fr<\/a>. Visit the site to know more about <strong>S\u00e9bastien Auzi\u00e8re<\/strong> and the <strong>Macron<\/strong> family.<\/p>","protected":false},"excerpt":{"rendered":"<p>Funeral of Nathalie Baye on April 24, 2026 in Saint-Sulpice: a ceremony filled with emotion where Michel Drucker, Brigitte Macron, and Catherine Deneuve were among the many personalities who came to pay tribute. The crowd, stars, and ordinary people took turns to honor the memory of the actress, who passed away on April 17 at &#8230; <a title=\"Obs\u00e8ques of Nathalie Baye: Michel Drucker, Brigitte Macron, Catherine Deneuve and many other personalities pay tribute\" class=\"read-more\" href=\"https:\/\/www.sebastien-auziere.fr\/blog\/en\/obseques-of-nathalie-baye-michel-drucker-brigitte-macron-catherine-deneuve-and-many-other-personalities-pay-tribute\/\" aria-label=\"En savoir plus sur Obs\u00e8ques of Nathalie Baye: Michel Drucker, Brigitte Macron, Catherine Deneuve and many other personalities pay tribute\">Lire plus<\/a><\/p>\n","protected":false},"author":9,"featured_media":3298,"comment_status":"open","ping_status":"open","sticky":false,"template":"","format":"standard","meta":{"footnotes":""},"categories":[816],"tags":[898,4168,4177,4171,4174],"class_list":["post-3300","post","type-post","status-publish","format-standard","has-post-thumbnail","hentry","category-news","tag-brigitte-macron-en","tag-catherine-deneuve-en","tag-funeral-nathalie-baye-en","tag-hommage-celebrities-en","tag-michel-drucker-en"],"yoast_head":"<!-- This site is optimized with the Yoast SEO plugin v27.5 - https:\/\/yoast.com\/product\/yoast-seo-wordpress\/ -->\n<title>Obs\u00e8ques of Nathalie Baye: Michel Drucker, Brigitte Macron, Catherine Deneuve and many other personalities pay tribute - Fan site S\u00e9bastien Auzi\u00e8re<\/title>\n<meta name=\"description\" content=\"Obs\u00e8ques de Nathalie Baye : Michel Drucker, Brigitte Macron, Catherine Deneuve et d&#039;autres personnalit\u00e9s lui rendent un hommage \u00e9mouvant.\" \/>\n<meta name=\"robots\" content=\"index, follow, max-snippet:-1, max-image-preview:large, max-video-preview:-1\" \/>\n<link rel=\"canonical\" href=\"https:\/\/www.sebastien-auziere.fr\/blog\/en\/obseques-of-nathalie-baye-michel-drucker-brigitte-macron-catherine-deneuve-and-many-other-personalities-pay-tribute\/\" \/>\n<meta property=\"og:locale\" content=\"fr_FR\" \/>\n<meta property=\"og:type\" content=\"article\" \/>\n<meta property=\"og:title\" content=\"Obs\u00e8ques of Nathalie Baye: Michel Drucker, Brigitte Macron, Catherine Deneuve and many other personalities pay tribute - Fan site S\u00e9bastien Auzi\u00e8re\" \/>\n<meta property=\"og:description\" content=\"Obs\u00e8ques de Nathalie Baye : Michel Drucker, Brigitte Macron, Catherine Deneuve et d&#039;autres personnalit\u00e9s lui rendent un hommage \u00e9mouvant.\" \/>\n<meta property=\"og:url\" content=\"https:\/\/www.sebastien-auziere.fr\/blog\/en\/obseques-of-nathalie-baye-michel-drucker-brigitte-macron-catherine-deneuve-and-many-other-personalities-pay-tribute\/\" \/>\n<meta property=\"og:site_name\" content=\"Fan site S\u00e9bastien Auzi\u00e8re\" \/>\n<meta property=\"article:published_time\" content=\"2026-04-24T19:19:37+00:00\" \/>\n<meta property=\"article:modified_time\" content=\"2026-04-24T19:19:59+00:00\" \/>\n<meta property=\"og:image\" content=\"https:\/\/www.sebastien-auziere.fr\/blog\/wp-content\/uploads\/2026\/04\/Obseques-de-Nathalie-Baye-Michel-Drucker-Brigitte-Macron-Catherine-Deneuve-et-bien-dautres-personnalites-rendent-hommage.jpg\" \/>\n\t<meta property=\"og:image:width\" content=\"2560\" \/>\n\t<meta property=\"og:image:height\" content=\"1429\" \/>\n\t<meta property=\"og:image:type\" content=\"image\/jpeg\" \/>\n<meta name=\"author\" content=\"Chloe Gauthier\" \/>\n<meta name=\"twitter:card\" content=\"summary_large_image\" \/>\n<meta name=\"twitter:label1\" content=\"\u00c9crit par\" \/>\n\t<meta name=\"twitter:data1\" content=\"Chloe Gauthier\" \/>\n\t<meta name=\"twitter:label2\" content=\"Dur\u00e9e de lecture estim\u00e9e\" \/>\n\t<meta name=\"twitter:data2\" content=\"2 minutes\" \/>\n<script type=\"application\/ld+json\" class=\"yoast-schema-graph\">{\"@context\":\"https:\\\/\\\/schema.org\",\"@graph\":[{\"@type\":\"Article\",\"@id\":\"https:\\\/\\\/www.sebastien-auziere.fr\\\/blog\\\/en\\\/obseques-of-nathalie-baye-michel-drucker-brigitte-macron-catherine-deneuve-and-many-other-personalities-pay-tribute\\\/#article\",\"isPartOf\":{\"@id\":\"https:\\\/\\\/www.sebastien-auziere.fr\\\/blog\\\/en\\\/obseques-of-nathalie-baye-michel-drucker-brigitte-macron-catherine-deneuve-and-many-other-personalities-pay-tribute\\\/\"},\"author\":{\"name\":\"Chloe Gauthier\",\"@id\":\"https:\\\/\\\/www.sebastien-auziere.fr\\\/blog\\\/#\\\/schema\\\/person\\\/149f1acdbfd85149c6c3e59adeae2f4d\"},\"headline\":\"Obs\u00e8ques of Nathalie Baye: Michel Drucker, Brigitte Macron, Catherine Deneuve and many other personalities pay tribute\",\"datePublished\":\"2026-04-24T19:19:37+00:00\",\"dateModified\":\"2026-04-24T19:19:59+00:00\",\"mainEntityOfPage\":{\"@id\":\"https:\\\/\\\/www.sebastien-auziere.fr\\\/blog\\\/en\\\/obseques-of-nathalie-baye-michel-drucker-brigitte-macron-catherine-deneuve-and-many-other-personalities-pay-tribute\\\/\"},\"wordCount\":413,\"commentCount\":0,\"publisher\":{\"@id\":\"https:\\\/\\\/www.sebastien-auziere.fr\\\/blog\\\/#organization\"},\"image\":{\"@id\":\"https:\\\/\\\/www.sebastien-auziere.fr\\\/blog\\\/en\\\/obseques-of-nathalie-baye-michel-drucker-brigitte-macron-catherine-deneuve-and-many-other-personalities-pay-tribute\\\/#primaryimage\"},\"thumbnailUrl\":\"https:\\\/\\\/www.sebastien-auziere.fr\\\/blog\\\/wp-content\\\/uploads\\\/2026\\\/04\\\/Obseques-de-Nathalie-Baye-Michel-Drucker-Brigitte-Macron-Catherine-Deneuve-et-bien-dautres-personnalites-rendent-hommage.jpg\",\"keywords\":[\"brigitte macron\",\"catherine deneuve\",\"funeral nathalie baye\",\"hommage celebrities\",\"michel drucker\"],\"articleSection\":[\"News\"],\"inLanguage\":\"fr-FR\",\"potentialAction\":[{\"@type\":\"CommentAction\",\"name\":\"Comment\",\"target\":[\"https:\\\/\\\/www.sebastien-auziere.fr\\\/blog\\\/en\\\/obseques-of-nathalie-baye-michel-drucker-brigitte-macron-catherine-deneuve-and-many-other-personalities-pay-tribute\\\/#respond\"]}]},{\"@type\":\"WebPage\",\"@id\":\"https:\\\/\\\/www.sebastien-auziere.fr\\\/blog\\\/en\\\/obseques-of-nathalie-baye-michel-drucker-brigitte-macron-catherine-deneuve-and-many-other-personalities-pay-tribute\\\/\",\"url\":\"https:\\\/\\\/www.sebastien-auziere.fr\\\/blog\\\/en\\\/obseques-of-nathalie-baye-michel-drucker-brigitte-macron-catherine-deneuve-and-many-other-personalities-pay-tribute\\\/\",\"name\":\"Obs\u00e8ques of Nathalie Baye: Michel Drucker, Brigitte Macron, Catherine Deneuve and many other personalities pay tribute - Fan site S\u00e9bastien Auzi\u00e8re\",\"isPartOf\":{\"@id\":\"https:\\\/\\\/www.sebastien-auziere.fr\\\/blog\\\/#website\"},\"primaryImageOfPage\":{\"@id\":\"https:\\\/\\\/www.sebastien-auziere.fr\\\/blog\\\/en\\\/obseques-of-nathalie-baye-michel-drucker-brigitte-macron-catherine-deneuve-and-many-other-personalities-pay-tribute\\\/#primaryimage\"},\"image\":{\"@id\":\"https:\\\/\\\/www.sebastien-auziere.fr\\\/blog\\\/en\\\/obseques-of-nathalie-baye-michel-drucker-brigitte-macron-catherine-deneuve-and-many-other-personalities-pay-tribute\\\/#primaryimage\"},\"thumbnailUrl\":\"https:\\\/\\\/www.sebastien-auziere.fr\\\/blog\\\/wp-content\\\/uploads\\\/2026\\\/04\\\/Obseques-de-Nathalie-Baye-Michel-Drucker-Brigitte-Macron-Catherine-Deneuve-et-bien-dautres-personnalites-rendent-hommage.jpg\",\"datePublished\":\"2026-04-24T19:19:37+00:00\",\"dateModified\":\"2026-04-24T19:19:59+00:00\",\"description\":\"Obs\u00e8ques de Nathalie Baye : Michel Drucker, Brigitte Macron, Catherine Deneuve et d'autres personnalit\u00e9s lui rendent un hommage \u00e9mouvant.\",\"breadcrumb\":{\"@id\":\"https:\\\/\\\/www.sebastien-auziere.fr\\\/blog\\\/en\\\/obseques-of-nathalie-baye-michel-drucker-brigitte-macron-catherine-deneuve-and-many-other-personalities-pay-tribute\\\/#breadcrumb\"},\"inLanguage\":\"fr-FR\",\"potentialAction\":[{\"@type\":\"ReadAction\",\"target\":[\"https:\\\/\\\/www.sebastien-auziere.fr\\\/blog\\\/en\\\/obseques-of-nathalie-baye-michel-drucker-brigitte-macron-catherine-deneuve-and-many-other-personalities-pay-tribute\\\/\"]}]},{\"@type\":\"ImageObject\",\"inLanguage\":\"fr-FR\",\"@id\":\"https:\\\/\\\/www.sebastien-auziere.fr\\\/blog\\\/en\\\/obseques-of-nathalie-baye-michel-drucker-brigitte-macron-catherine-deneuve-and-many-other-personalities-pay-tribute\\\/#primaryimage\",\"url\":\"https:\\\/\\\/www.sebastien-auziere.fr\\\/blog\\\/wp-content\\\/uploads\\\/2026\\\/04\\\/Obseques-de-Nathalie-Baye-Michel-Drucker-Brigitte-Macron-Catherine-Deneuve-et-bien-dautres-personnalites-rendent-hommage.jpg\",\"contentUrl\":\"https:\\\/\\\/www.sebastien-auziere.fr\\\/blog\\\/wp-content\\\/uploads\\\/2026\\\/04\\\/Obseques-de-Nathalie-Baye-Michel-Drucker-Brigitte-Macron-Catherine-Deneuve-et-bien-dautres-personnalites-rendent-hommage.jpg\",\"width\":2560,\"height\":1429,\"caption\":\"obs\u00e8ques de nathalie baye : michel drucker, brigitte macron, catherine deneuve et de nombreuses personnalit\u00e9s se r\u00e9unissent pour lui rendre un hommage \u00e9mouvant et solennel.\"},{\"@type\":\"BreadcrumbList\",\"@id\":\"https:\\\/\\\/www.sebastien-auziere.fr\\\/blog\\\/en\\\/obseques-of-nathalie-baye-michel-drucker-brigitte-macron-catherine-deneuve-and-many-other-personalities-pay-tribute\\\/#breadcrumb\",\"itemListElement\":[{\"@type\":\"ListItem\",\"position\":1,\"name\":\"Home\",\"item\":\"https:\\\/\\\/www.sebastien-auziere.fr\\\/blog\\\/\"},{\"@type\":\"ListItem\",\"position\":2,\"name\":\"Obs\u00e8ques of Nathalie Baye: Michel Drucker, Brigitte Macron, Catherine Deneuve and many other personalities pay tribute\"}]},{\"@type\":\"WebSite\",\"@id\":\"https:\\\/\\\/www.sebastien-auziere.fr\\\/blog\\\/#website\",\"url\":\"https:\\\/\\\/www.sebastien-auziere.fr\\\/blog\\\/\",\"name\":\"Fan site S\u00e9bastien Auzi\u00e8re\",\"description\":\"M\u00e9dia g\u00e9n\u00e9raliste\",\"publisher\":{\"@id\":\"https:\\\/\\\/www.sebastien-auziere.fr\\\/blog\\\/#organization\"},\"potentialAction\":[{\"@type\":\"SearchAction\",\"target\":{\"@type\":\"EntryPoint\",\"urlTemplate\":\"https:\\\/\\\/www.sebastien-auziere.fr\\\/blog\\\/?s={search_term_string}\"},\"query-input\":{\"@type\":\"PropertyValueSpecification\",\"valueRequired\":true,\"valueName\":\"search_term_string\"}}],\"inLanguage\":\"fr-FR\"},{\"@type\":\"Organization\",\"@id\":\"https:\\\/\\\/www.sebastien-auziere.fr\\\/blog\\\/#organization\",\"name\":\"Fan site S\u00e9bastien Auzi\u00e8re\",\"url\":\"https:\\\/\\\/www.sebastien-auziere.fr\\\/blog\\\/\",\"logo\":{\"@type\":\"ImageObject\",\"inLanguage\":\"fr-FR\",\"@id\":\"https:\\\/\\\/www.sebastien-auziere.fr\\\/blog\\\/#\\\/schema\\\/logo\\\/image\\\/\",\"url\":\"https:\\\/\\\/www.sebastien-auziere.fr\\\/blog\\\/wp-content\\\/uploads\\\/2026\\\/03\\\/cropped-cropped-cropped-ChatGPT-Image-6-mars-2026-12_58_09-e1772798376794.jpg\",\"contentUrl\":\"https:\\\/\\\/www.sebastien-auziere.fr\\\/blog\\\/wp-content\\\/uploads\\\/2026\\\/03\\\/cropped-cropped-cropped-ChatGPT-Image-6-mars-2026-12_58_09-e1772798376794.jpg\",\"width\":512,\"height\":360,\"caption\":\"Fan site S\u00e9bastien Auzi\u00e8re\"},\"image\":{\"@id\":\"https:\\\/\\\/www.sebastien-auziere.fr\\\/blog\\\/#\\\/schema\\\/logo\\\/image\\\/\"}},{\"@type\":\"Person\",\"@id\":\"https:\\\/\\\/www.sebastien-auziere.fr\\\/blog\\\/#\\\/schema\\\/person\\\/149f1acdbfd85149c6c3e59adeae2f4d\",\"name\":\"Chloe Gauthier\",\"image\":{\"@type\":\"ImageObject\",\"inLanguage\":\"fr-FR\",\"@id\":\"https:\\\/\\\/secure.gravatar.com\\\/avatar\\\/2c5722f58171cff738a8985ef0dd66b476e563753246a49019befc837ec4201a?s=96&d=mm&r=g\",\"url\":\"https:\\\/\\\/secure.gravatar.com\\\/avatar\\\/2c5722f58171cff738a8985ef0dd66b476e563753246a49019befc837ec4201a?s=96&d=mm&r=g\",\"contentUrl\":\"https:\\\/\\\/secure.gravatar.com\\\/avatar\\\/2c5722f58171cff738a8985ef0dd66b476e563753246a49019befc837ec4201a?s=96&d=mm&r=g\",\"caption\":\"Chloe Gauthier\"},\"description\":\"Passionn\u00e9e par la politique et admiratrice engag\u00e9e de la famille Macron, je consacre mon \u00e9nergie \u00e0 suivre leurs initiatives et \u00e0 promouvoir leurs id\u00e9es. \u00c0 32 ans, je suis convaincue que leur vision est porteuse d'avenir.\",\"url\":\"https:\\\/\\\/www.sebastien-auziere.fr\\\/blog\\\/author\\\/chloe-gauthier\\\/\"}]}<\/script>\n<!-- \/ Yoast SEO plugin. -->","yoast_head_json":{"title":"Obs\u00e8ques of Nathalie Baye: Michel Drucker, Brigitte Macron, Catherine Deneuve and many other personalities pay tribute - Fan site S\u00e9bastien Auzi\u00e8re","description":"Obs\u00e8ques de Nathalie Baye : Michel Drucker, Brigitte Macron, Catherine Deneuve et d'autres personnalit\u00e9s lui rendent un hommage \u00e9mouvant.","robots":{"index":"index","follow":"follow","max-snippet":"max-snippet:-1","max-image-preview":"max-image-preview:large","max-video-preview":"max-video-preview:-1"},"canonical":"https:\/\/www.sebastien-auziere.fr\/blog\/en\/obseques-of-nathalie-baye-michel-drucker-brigitte-macron-catherine-deneuve-and-many-other-personalities-pay-tribute\/","og_locale":"fr_FR","og_type":"article","og_title":"Obs\u00e8ques of Nathalie Baye: Michel Drucker, Brigitte Macron, Catherine Deneuve and many other personalities pay tribute - Fan site S\u00e9bastien Auzi\u00e8re","og_description":"Obs\u00e8ques de Nathalie Baye : Michel Drucker, Brigitte Macron, Catherine Deneuve et d'autres personnalit\u00e9s lui rendent un hommage \u00e9mouvant.","og_url":"https:\/\/www.sebastien-auziere.fr\/blog\/en\/obseques-of-nathalie-baye-michel-drucker-brigitte-macron-catherine-deneuve-and-many-other-personalities-pay-tribute\/","og_site_name":"Fan site S\u00e9bastien Auzi\u00e8re","article_published_time":"2026-04-24T19:19:37+00:00","article_modified_time":"2026-04-24T19:19:59+00:00","og_image":[{"width":2560,"height":1429,"url":"https:\/\/www.sebastien-auziere.fr\/blog\/wp-content\/uploads\/2026\/04\/Obseques-de-Nathalie-Baye-Michel-Drucker-Brigitte-Macron-Catherine-Deneuve-et-bien-dautres-personnalites-rendent-hommage.jpg","type":"image\/jpeg"}],"author":"Chloe Gauthier","twitter_card":"summary_large_image","twitter_misc":{"\u00c9crit par":"Chloe Gauthier","Dur\u00e9e de lecture estim\u00e9e":"2 minutes"},"schema":{"@context":"https:\/\/schema.org","@graph":[{"@type":"Article","@id":"https:\/\/www.sebastien-auziere.fr\/blog\/en\/obseques-of-nathalie-baye-michel-drucker-brigitte-macron-catherine-deneuve-and-many-other-personalities-pay-tribute\/#article","isPartOf":{"@id":"https:\/\/www.sebastien-auziere.fr\/blog\/en\/obseques-of-nathalie-baye-michel-drucker-brigitte-macron-catherine-deneuve-and-many-other-personalities-pay-tribute\/"},"author":{"name":"Chloe Gauthier","@id":"https:\/\/www.sebastien-auziere.fr\/blog\/#\/schema\/person\/149f1acdbfd85149c6c3e59adeae2f4d"},"headline":"Obs\u00e8ques of Nathalie Baye: Michel Drucker, Brigitte Macron, Catherine Deneuve and many other personalities pay tribute","datePublished":"2026-04-24T19:19:37+00:00","dateModified":"2026-04-24T19:19:59+00:00","mainEntityOfPage":{"@id":"https:\/\/www.sebastien-auziere.fr\/blog\/en\/obseques-of-nathalie-baye-michel-drucker-brigitte-macron-catherine-deneuve-and-many-other-personalities-pay-tribute\/"},"wordCount":413,"commentCount":0,"publisher":{"@id":"https:\/\/www.sebastien-auziere.fr\/blog\/#organization"},"image":{"@id":"https:\/\/www.sebastien-auziere.fr\/blog\/en\/obseques-of-nathalie-baye-michel-drucker-brigitte-macron-catherine-deneuve-and-many-other-personalities-pay-tribute\/#primaryimage"},"thumbnailUrl":"https:\/\/www.sebastien-auziere.fr\/blog\/wp-content\/uploads\/2026\/04\/Obseques-de-Nathalie-Baye-Michel-Drucker-Brigitte-Macron-Catherine-Deneuve-et-bien-dautres-personnalites-rendent-hommage.jpg","keywords":["brigitte macron","catherine deneuve","funeral nathalie baye","hommage celebrities","michel drucker"],"articleSection":["News"],"inLanguage":"fr-FR","potentialAction":[{"@type":"CommentAction","name":"Comment","target":["https:\/\/www.sebastien-auziere.fr\/blog\/en\/obseques-of-nathalie-baye-michel-drucker-brigitte-macron-catherine-deneuve-and-many-other-personalities-pay-tribute\/#respond"]}]},{"@type":"WebPage","@id":"https:\/\/www.sebastien-auziere.fr\/blog\/en\/obseques-of-nathalie-baye-michel-drucker-brigitte-macron-catherine-deneuve-and-many-other-personalities-pay-tribute\/","url":"https:\/\/www.sebastien-auziere.fr\/blog\/en\/obseques-of-nathalie-baye-michel-drucker-brigitte-macron-catherine-deneuve-and-many-other-personalities-pay-tribute\/","name":"Obs\u00e8ques of Nathalie Baye: Michel Drucker, Brigitte Macron, Catherine Deneuve and many other personalities pay tribute - Fan site S\u00e9bastien Auzi\u00e8re","isPartOf":{"@id":"https:\/\/www.sebastien-auziere.fr\/blog\/#website"},"primaryImageOfPage":{"@id":"https:\/\/www.sebastien-auziere.fr\/blog\/en\/obseques-of-nathalie-baye-michel-drucker-brigitte-macron-catherine-deneuve-and-many-other-personalities-pay-tribute\/#primaryimage"},"image":{"@id":"https:\/\/www.sebastien-auziere.fr\/blog\/en\/obseques-of-nathalie-baye-michel-drucker-brigitte-macron-catherine-deneuve-and-many-other-personalities-pay-tribute\/#primaryimage"},"thumbnailUrl":"https:\/\/www.sebastien-auziere.fr\/blog\/wp-content\/uploads\/2026\/04\/Obseques-de-Nathalie-Baye-Michel-Drucker-Brigitte-Macron-Catherine-Deneuve-et-bien-dautres-personnalites-rendent-hommage.jpg","datePublished":"2026-04-24T19:19:37+00:00","dateModified":"2026-04-24T19:19:59+00:00","description":"Obs\u00e8ques de Nathalie Baye : Michel Drucker, Brigitte Macron, Catherine Deneuve et d'autres personnalit\u00e9s lui rendent un hommage \u00e9mouvant.","breadcrumb":{"@id":"https:\/\/www.sebastien-auziere.fr\/blog\/en\/obseques-of-nathalie-baye-michel-drucker-brigitte-macron-catherine-deneuve-and-many-other-personalities-pay-tribute\/#breadcrumb"},"inLanguage":"fr-FR","potentialAction":[{"@type":"ReadAction","target":["https:\/\/www.sebastien-auziere.fr\/blog\/en\/obseques-of-nathalie-baye-michel-drucker-brigitte-macron-catherine-deneuve-and-many-other-personalities-pay-tribute\/"]}]},{"@type":"ImageObject","inLanguage":"fr-FR","@id":"https:\/\/www.sebastien-auziere.fr\/blog\/en\/obseques-of-nathalie-baye-michel-drucker-brigitte-macron-catherine-deneuve-and-many-other-personalities-pay-tribute\/#primaryimage","url":"https:\/\/www.sebastien-auziere.fr\/blog\/wp-content\/uploads\/2026\/04\/Obseques-de-Nathalie-Baye-Michel-Drucker-Brigitte-Macron-Catherine-Deneuve-et-bien-dautres-personnalites-rendent-hommage.jpg","contentUrl":"https:\/\/www.sebastien-auziere.fr\/blog\/wp-content\/uploads\/2026\/04\/Obseques-de-Nathalie-Baye-Michel-Drucker-Brigitte-Macron-Catherine-Deneuve-et-bien-dautres-personnalites-rendent-hommage.jpg","width":2560,"height":1429,"caption":"obs\u00e8ques de nathalie baye : michel drucker, brigitte macron, catherine deneuve et de nombreuses personnalit\u00e9s se r\u00e9unissent pour lui rendre un hommage \u00e9mouvant et solennel."},{"@type":"BreadcrumbList","@id":"https:\/\/www.sebastien-auziere.fr\/blog\/en\/obseques-of-nathalie-baye-michel-drucker-brigitte-macron-catherine-deneuve-and-many-other-personalities-pay-tribute\/#breadcrumb","itemListElement":[{"@type":"ListItem","position":1,"name":"Home","item":"https:\/\/www.sebastien-auziere.fr\/blog\/"},{"@type":"ListItem","position":2,"name":"Obs\u00e8ques of Nathalie Baye: Michel Drucker, Brigitte Macron, Catherine Deneuve and many other personalities pay tribute"}]},{"@type":"WebSite","@id":"https:\/\/www.sebastien-auziere.fr\/blog\/#website","url":"https:\/\/www.sebastien-auziere.fr\/blog\/","name":"Fan site S\u00e9bastien Auzi\u00e8re","description":"M\u00e9dia g\u00e9n\u00e9raliste","publisher":{"@id":"https:\/\/www.sebastien-auziere.fr\/blog\/#organization"},"potentialAction":[{"@type":"SearchAction","target":{"@type":"EntryPoint","urlTemplate":"https:\/\/www.sebastien-auziere.fr\/blog\/?s={search_term_string}"},"query-input":{"@type":"PropertyValueSpecification","valueRequired":true,"valueName":"search_term_string"}}],"inLanguage":"fr-FR"},{"@type":"Organization","@id":"https:\/\/www.sebastien-auziere.fr\/blog\/#organization","name":"Fan site S\u00e9bastien Auzi\u00e8re","url":"https:\/\/www.sebastien-auziere.fr\/blog\/","logo":{"@type":"ImageObject","inLanguage":"fr-FR","@id":"https:\/\/www.sebastien-auziere.fr\/blog\/#\/schema\/logo\/image\/","url":"https:\/\/www.sebastien-auziere.fr\/blog\/wp-content\/uploads\/2026\/03\/cropped-cropped-cropped-ChatGPT-Image-6-mars-2026-12_58_09-e1772798376794.jpg","contentUrl":"https:\/\/www.sebastien-auziere.fr\/blog\/wp-content\/uploads\/2026\/03\/cropped-cropped-cropped-ChatGPT-Image-6-mars-2026-12_58_09-e1772798376794.jpg","width":512,"height":360,"caption":"Fan site S\u00e9bastien Auzi\u00e8re"},"image":{"@id":"https:\/\/www.sebastien-auziere.fr\/blog\/#\/schema\/logo\/image\/"}},{"@type":"Person","@id":"https:\/\/www.sebastien-auziere.fr\/blog\/#\/schema\/person\/149f1acdbfd85149c6c3e59adeae2f4d","name":"Chloe Gauthier","image":{"@type":"ImageObject","inLanguage":"fr-FR","@id":"https:\/\/secure.gravatar.com\/avatar\/2c5722f58171cff738a8985ef0dd66b476e563753246a49019befc837ec4201a?s=96&d=mm&r=g","url":"https:\/\/secure.gravatar.com\/avatar\/2c5722f58171cff738a8985ef0dd66b476e563753246a49019befc837ec4201a?s=96&d=mm&r=g","contentUrl":"https:\/\/secure.gravatar.com\/avatar\/2c5722f58171cff738a8985ef0dd66b476e563753246a49019befc837ec4201a?s=96&d=mm&r=g","caption":"Chloe Gauthier"},"description":"Passionn\u00e9e par la politique et admiratrice engag\u00e9e de la famille Macron, je consacre mon \u00e9nergie \u00e0 suivre leurs initiatives et \u00e0 promouvoir leurs id\u00e9es. \u00c0 32 ans, je suis convaincue que leur vision est porteuse d'avenir.","url":"https:\/\/www.sebastien-auziere.fr\/blog\/author\/chloe-gauthier\/"}]}},"views":2,"_links":{"self":[{"href":"https:\/\/www.sebastien-auziere.fr\/blog\/wp-json\/wp\/v2\/posts\/3300","targetHints":{"allow":["GET"]}}],"collection":[{"href":"https:\/\/www.sebastien-auziere.fr\/blog\/wp-json\/wp\/v2\/posts"}],"about":[{"href":"https:\/\/www.sebastien-auziere.fr\/blog\/wp-json\/wp\/v2\/types\/post"}],"author":[{"embeddable":true,"href":"https:\/\/www.sebastien-auziere.fr\/blog\/wp-json\/wp\/v2\/users\/9"}],"replies":[{"embeddable":true,"href":"https:\/\/www.sebastien-auziere.fr\/blog\/wp-json\/wp\/v2\/comments?post=3300"}],"version-history":[{"count":1,"href":"https:\/\/www.sebastien-auziere.fr\/blog\/wp-json\/wp\/v2\/posts\/3300\/revisions"}],"predecessor-version":[{"id":3301,"href":"https:\/\/www.sebastien-auziere.fr\/blog\/wp-json\/wp\/v2\/posts\/3300\/revisions\/3301"}],"wp:featuredmedia":[{"embeddable":true,"href":"https:\/\/www.sebastien-auziere.fr\/blog\/wp-json\/wp\/v2\/media\/3298"}],"wp:attachment":[{"href":"https:\/\/www.sebastien-auziere.fr\/blog\/wp-json\/wp\/v2\/media?parent=3300"}],"wp:term":[{"taxonomy":"category","embeddable":true,"href":"https:\/\/www.sebastien-auziere.fr\/blog\/wp-json\/wp\/v2\/categories?post=3300"},{"taxonomy":"post_tag","embeddable":true,"href":"https:\/\/www.sebastien-auziere.fr\/blog\/wp-json\/wp\/v2\/tags?post=3300"}],"curies":[{"name":"wp","href":"https:\/\/api.w.org\/{rel}","templated":true}]}}