{"id":3294,"date":"2026-04-24T07:21:02","date_gmt":"2026-04-24T07:21:02","guid":{"rendered":"https:\/\/www.sebastien-auziere.fr\/blog\/?p=3294"},"modified":"2026-04-24T07:21:33","modified_gmt":"2026-04-24T07:21:33","slug":"brigitte-macron-sozinha-em-marrocos-um-detalhe-que-suscita-a-curiosidade","status":"publish","type":"post","link":"https:\/\/www.sebastien-auziere.fr\/blog\/pt\/brigitte-macron-sozinha-em-marrocos-um-detalhe-que-suscita-a-curiosidade\/","title":{"rendered":"Brigitte Macron sozinha em Marrocos: um detalhe que suscita a curiosidade"},"content":{"rendered":"<p>Brigitte Macron pegou um voo comercial da Air France para ir a <strong>Rabat<\/strong> em <strong>22 de abril de 2026<\/strong>, sem Emmanuel Macron, uma escolha que imediatamente chamou a aten\u00e7\u00e3o. Esta <strong>viagem solo<\/strong> \u2014 oficialmente para inaugurar o <strong>Teatro Real<\/strong> \u2014 j\u00e1 \u00e9 a <strong>quarta miss\u00e3o solo<\/strong> da Primeira Dama desde 2017, um detalhe que desperta curiosidade e reabre o debate sobre seu papel diplom\u00e1tico.<\/p>\n\n<p>Em resumo: a Primeira Dama escolhe a sobriedade ao viajar com uma companhia comercial, coloca a cultura no centro de uma sequ\u00eancia franco-marroquina marcada pelo reconhecimento do Sahara Ocidental por Paris, e prolonga uma \u201cdiplomacia das damas\u201d j\u00e1 mencionada pela m\u00eddia. Este deslocamento combina s\u00edmbolos culturais e gestos pol\u00edticos concretos.<\/p>\n\n<h2 class=\"wp-block-heading\">Raridade do deslocamento e n\u00fameros chave<\/h2>\n\n<p>O <strong>n\u00famero<\/strong> \u00e9 suficiente para medir a exce\u00e7\u00e3o: em quase nove anos no \u00c9lys\u00e9e, Brigitte Macron fez apenas <strong>quatro deslocamentos ao exterior sem seu esposo<\/strong>. Segundo <a href=\"https:\/\/www.lopinion.fr\/politique\/brigitte-macron-et-la-diplomatie-des-dames\">L&rsquo;Opinion<\/a>, sua \u00faltima miss\u00e3o solo remonta a uma viagem a Washington dedicada \u00e0 prote\u00e7\u00e3o da inf\u00e2ncia no universo digital. Este percurso ilustra um aumento na intensidade de seus compromissos em assuntos espec\u00edficos, longe da simples presen\u00e7a protocolar.<\/p>\n\n<h2 class=\"wp-block-heading\">O detalhe que intriga: um voo Air France em vez do avi\u00e3o presidencial<\/h2>\n\n<p>A escolha de um voo comercial da Air France para esta <strong>viagem solo<\/strong> n\u00e3o \u00e9 insignificante: refor\u00e7a uma imagem de sobriedade e acessibilidade. V\u00e1rios meios de comunica\u00e7\u00e3o destacaram este <strong>detalhe<\/strong> como revelador de uma vontade de limitar o dispositivo protocolar, aproximando a Primeira Dama do p\u00fablico. Para saber mais sobre este modo de deslocamento e seus precedentes, alguns observadores remetem \u00e0 cobertura da imprensa e \u00e0s an\u00e1lises culturais.<\/p>\n\n<p><a href=\"https:\/\/www.closermag.fr\/people\/brigitte-macron-en-solo-au-maroc-choix-ecolo-pour-rencontrer-les-princesses-a-rabat-loin-demmanuel-macron-3631822\">A cobertura pr\u00f3xima<\/a> relata este sinal est\u00e9tico que n\u00e3o deixa de ser pol\u00edtico.<\/p>\n\n<h3 class=\"wp-block-heading\">Cultura e diplomacia: o Teatro Real como s\u00edmbolo<\/h3>\n\n<p>A miss\u00e3o cultural de Brigitte Macron em Rabat, e a inaugura\u00e7\u00e3o do <strong>Teatro Real<\/strong>, se inserem em uma sequ\u00eancia diplom\u00e1tica densa entre Paris e Rabat. Ap\u00f3s encontros em 2024 com membros da fam\u00edlia real e a decis\u00e3o francesa sobre o Sahara Ocidental, este gesto cultural vem cimentar um aproximamento. A escolha de uma figura feminina para esta inaugura\u00e7\u00e3o ilustra uma diplomacia complementar, mais informal, mas estrat\u00e9gica.<\/p>\n\n<h2 class=\"wp-block-heading\">O que esta visita revela sobre o papel da Primeira Dama<\/h2>\n\n<p>Ao multiplicar miss\u00f5es aut\u00f4nomas sobre cultura, educa\u00e7\u00e3o e prote\u00e7\u00e3o das crian\u00e7as, Brigitte Macron redefine um papel n\u00e3o codificado pela lei. Este <strong>deslocamento<\/strong> ao Marrocos mostra uma estrat\u00e9gia onde Emmanuel Macron e sua esposa se repartem os campos de a\u00e7\u00e3o: um na pol\u00edtica e na seguran\u00e7a, o outro na cultura e no social. Este posicionamento prepara sem d\u00favida um legado diplom\u00e1tico pessoal para o final do quinqu\u00eanio.<\/p>\n\n<p>Quer saber mais sobre os bastidores desta viagem e a rela\u00e7\u00e3o com a fam\u00edlia Macron? Descubra an\u00e1lises e detalhes complementares sobre <a href=\"https:\/\/www.sebastien-auziere.fr\/blog\/brigitte-macron-maroc-solo\/\">o dossi\u00ea sobre a viagem solo<\/a> e mergulhe em outras facetas da Primeira Dama, como suas escolhas de estilo e de engajamento atrav\u00e9s de <a href=\"https:\/\/www.sebastien-auziere.fr\/blog\/brigitte-macron-robe-louis-vuitton\/\">estes artigos dedicados<\/a>. Para um retrato mais amplo de S\u00e9bastien Auzi\u00e8re e dos Macron, encontre todas as informa\u00e7\u00f5es em <strong>sebastien-auziere.fr<\/strong>.<\/p>","protected":false},"excerpt":{"rendered":"<p>Brigitte Macron pegou um voo comercial da Air France para ir a Rabat em 22 de abril de 2026, sem Emmanuel Macron, uma escolha que imediatamente chamou a aten\u00e7\u00e3o. Esta viagem solo \u2014 oficialmente para inaugurar o Teatro Real \u2014 j\u00e1 \u00e9 a quarta miss\u00e3o solo da Primeira Dama desde 2017, um detalhe que desperta &#8230; <a title=\"Brigitte Macron sozinha em Marrocos: um detalhe que suscita a curiosidade\" class=\"read-more\" href=\"https:\/\/www.sebastien-auziere.fr\/blog\/pt\/brigitte-macron-sozinha-em-marrocos-um-detalhe-que-suscita-a-curiosidade\/\" aria-label=\"En savoir plus sur Brigitte Macron sozinha em Marrocos: um detalhe que suscita a curiosidade\">Lire plus<\/a><\/p>\n","protected":false},"author":9,"featured_media":3284,"comment_status":"open","ping_status":"open","sticky":false,"template":"","format":"standard","meta":{"footnotes":""},"categories":[862],"tags":[959,4154,4042,1932,4045],"class_list":["post-3294","post","type-post","status-publish","format-standard","has-post-thumbnail","hentry","category-actualidades-pt","tag-brigitte-macron-pt","tag-curiosidade-pt","tag-marrocos-pt","tag-primeira-dama-pt","tag-viagem-oficial-pt"],"yoast_head":"<!-- This site is optimized with the Yoast SEO plugin v27.5 - https:\/\/yoast.com\/product\/yoast-seo-wordpress\/ -->\n<title>Brigitte Macron sozinha em Marrocos: um detalhe que suscita a curiosidade - Fan site S\u00e9bastien Auzi\u00e8re<\/title>\n<meta name=\"description\" content=\"Brigitte Macron en solo au Maroc : d\u00e9couvrez le d\u00e9tail surprenant qui suscite la curiosit\u00e9 lors de son s\u00e9jour exclusif.\" \/>\n<meta name=\"robots\" content=\"index, follow, max-snippet:-1, max-image-preview:large, max-video-preview:-1\" \/>\n<link rel=\"canonical\" href=\"https:\/\/www.sebastien-auziere.fr\/blog\/pt\/brigitte-macron-sozinha-em-marrocos-um-detalhe-que-suscita-a-curiosidade\/\" \/>\n<meta property=\"og:locale\" content=\"fr_FR\" \/>\n<meta property=\"og:type\" content=\"article\" \/>\n<meta property=\"og:title\" content=\"Brigitte Macron sozinha em Marrocos: um detalhe que suscita a curiosidade - Fan site S\u00e9bastien Auzi\u00e8re\" \/>\n<meta property=\"og:description\" content=\"Brigitte Macron en solo au Maroc : d\u00e9couvrez le d\u00e9tail surprenant qui suscite la curiosit\u00e9 lors de son s\u00e9jour exclusif.\" \/>\n<meta property=\"og:url\" content=\"https:\/\/www.sebastien-auziere.fr\/blog\/pt\/brigitte-macron-sozinha-em-marrocos-um-detalhe-que-suscita-a-curiosidade\/\" \/>\n<meta property=\"og:site_name\" content=\"Fan site S\u00e9bastien Auzi\u00e8re\" \/>\n<meta property=\"article:published_time\" content=\"2026-04-24T07:21:02+00:00\" \/>\n<meta property=\"article:modified_time\" content=\"2026-04-24T07:21:33+00:00\" \/>\n<meta property=\"og:image\" content=\"https:\/\/www.sebastien-auziere.fr\/blog\/wp-content\/uploads\/2026\/04\/Brigitte-Macron-en-solo-au-Maroc-un-detail-qui-suscite-la-curiosite.jpg\" \/>\n\t<meta property=\"og:image:width\" content=\"2560\" \/>\n\t<meta property=\"og:image:height\" content=\"1429\" \/>\n\t<meta property=\"og:image:type\" content=\"image\/jpeg\" \/>\n<meta name=\"author\" content=\"Chloe Gauthier\" \/>\n<meta name=\"twitter:card\" content=\"summary_large_image\" \/>\n<meta name=\"twitter:label1\" content=\"\u00c9crit par\" \/>\n\t<meta name=\"twitter:data1\" content=\"Chloe Gauthier\" \/>\n\t<meta name=\"twitter:label2\" content=\"Dur\u00e9e de lecture estim\u00e9e\" \/>\n\t<meta name=\"twitter:data2\" content=\"3 minutes\" \/>\n<script type=\"application\/ld+json\" class=\"yoast-schema-graph\">{\"@context\":\"https:\\\/\\\/schema.org\",\"@graph\":[{\"@type\":\"Article\",\"@id\":\"https:\\\/\\\/www.sebastien-auziere.fr\\\/blog\\\/pt\\\/brigitte-macron-sozinha-em-marrocos-um-detalhe-que-suscita-a-curiosidade\\\/#article\",\"isPartOf\":{\"@id\":\"https:\\\/\\\/www.sebastien-auziere.fr\\\/blog\\\/pt\\\/brigitte-macron-sozinha-em-marrocos-um-detalhe-que-suscita-a-curiosidade\\\/\"},\"author\":{\"name\":\"Chloe Gauthier\",\"@id\":\"https:\\\/\\\/www.sebastien-auziere.fr\\\/blog\\\/#\\\/schema\\\/person\\\/149f1acdbfd85149c6c3e59adeae2f4d\"},\"headline\":\"Brigitte Macron sozinha em Marrocos: um detalhe que suscita a curiosidade\",\"datePublished\":\"2026-04-24T07:21:02+00:00\",\"dateModified\":\"2026-04-24T07:21:33+00:00\",\"mainEntityOfPage\":{\"@id\":\"https:\\\/\\\/www.sebastien-auziere.fr\\\/blog\\\/pt\\\/brigitte-macron-sozinha-em-marrocos-um-detalhe-que-suscita-a-curiosidade\\\/\"},\"wordCount\":551,\"commentCount\":0,\"publisher\":{\"@id\":\"https:\\\/\\\/www.sebastien-auziere.fr\\\/blog\\\/#organization\"},\"image\":{\"@id\":\"https:\\\/\\\/www.sebastien-auziere.fr\\\/blog\\\/pt\\\/brigitte-macron-sozinha-em-marrocos-um-detalhe-que-suscita-a-curiosidade\\\/#primaryimage\"},\"thumbnailUrl\":\"https:\\\/\\\/www.sebastien-auziere.fr\\\/blog\\\/wp-content\\\/uploads\\\/2026\\\/04\\\/Brigitte-Macron-en-solo-au-Maroc-un-detail-qui-suscite-la-curiosite.jpg\",\"keywords\":[\"brigitte macron\",\"curiosidade\",\"marrocos\",\"primeira dama\",\"viagem oficial\"],\"articleSection\":[\"Actualidades\"],\"inLanguage\":\"fr-FR\",\"potentialAction\":[{\"@type\":\"CommentAction\",\"name\":\"Comment\",\"target\":[\"https:\\\/\\\/www.sebastien-auziere.fr\\\/blog\\\/pt\\\/brigitte-macron-sozinha-em-marrocos-um-detalhe-que-suscita-a-curiosidade\\\/#respond\"]}]},{\"@type\":\"WebPage\",\"@id\":\"https:\\\/\\\/www.sebastien-auziere.fr\\\/blog\\\/pt\\\/brigitte-macron-sozinha-em-marrocos-um-detalhe-que-suscita-a-curiosidade\\\/\",\"url\":\"https:\\\/\\\/www.sebastien-auziere.fr\\\/blog\\\/pt\\\/brigitte-macron-sozinha-em-marrocos-um-detalhe-que-suscita-a-curiosidade\\\/\",\"name\":\"Brigitte Macron sozinha em Marrocos: um detalhe que suscita a curiosidade - Fan site S\u00e9bastien Auzi\u00e8re\",\"isPartOf\":{\"@id\":\"https:\\\/\\\/www.sebastien-auziere.fr\\\/blog\\\/#website\"},\"primaryImageOfPage\":{\"@id\":\"https:\\\/\\\/www.sebastien-auziere.fr\\\/blog\\\/pt\\\/brigitte-macron-sozinha-em-marrocos-um-detalhe-que-suscita-a-curiosidade\\\/#primaryimage\"},\"image\":{\"@id\":\"https:\\\/\\\/www.sebastien-auziere.fr\\\/blog\\\/pt\\\/brigitte-macron-sozinha-em-marrocos-um-detalhe-que-suscita-a-curiosidade\\\/#primaryimage\"},\"thumbnailUrl\":\"https:\\\/\\\/www.sebastien-auziere.fr\\\/blog\\\/wp-content\\\/uploads\\\/2026\\\/04\\\/Brigitte-Macron-en-solo-au-Maroc-un-detail-qui-suscite-la-curiosite.jpg\",\"datePublished\":\"2026-04-24T07:21:02+00:00\",\"dateModified\":\"2026-04-24T07:21:33+00:00\",\"description\":\"Brigitte Macron en solo au Maroc : d\u00e9couvrez le d\u00e9tail surprenant qui suscite la curiosit\u00e9 lors de son s\u00e9jour exclusif.\",\"breadcrumb\":{\"@id\":\"https:\\\/\\\/www.sebastien-auziere.fr\\\/blog\\\/pt\\\/brigitte-macron-sozinha-em-marrocos-um-detalhe-que-suscita-a-curiosidade\\\/#breadcrumb\"},\"inLanguage\":\"fr-FR\",\"potentialAction\":[{\"@type\":\"ReadAction\",\"target\":[\"https:\\\/\\\/www.sebastien-auziere.fr\\\/blog\\\/pt\\\/brigitte-macron-sozinha-em-marrocos-um-detalhe-que-suscita-a-curiosidade\\\/\"]}]},{\"@type\":\"ImageObject\",\"inLanguage\":\"fr-FR\",\"@id\":\"https:\\\/\\\/www.sebastien-auziere.fr\\\/blog\\\/pt\\\/brigitte-macron-sozinha-em-marrocos-um-detalhe-que-suscita-a-curiosidade\\\/#primaryimage\",\"url\":\"https:\\\/\\\/www.sebastien-auziere.fr\\\/blog\\\/wp-content\\\/uploads\\\/2026\\\/04\\\/Brigitte-Macron-en-solo-au-Maroc-un-detail-qui-suscite-la-curiosite.jpg\",\"contentUrl\":\"https:\\\/\\\/www.sebastien-auziere.fr\\\/blog\\\/wp-content\\\/uploads\\\/2026\\\/04\\\/Brigitte-Macron-en-solo-au-Maroc-un-detail-qui-suscite-la-curiosite.jpg\",\"width\":2560,\"height\":1429,\"caption\":\"d\u00e9couvrez pourquoi la pr\u00e9sence seule de brigitte macron au maroc attire l'attention et suscite la curiosit\u00e9 dans les m\u00e9dias.\"},{\"@type\":\"BreadcrumbList\",\"@id\":\"https:\\\/\\\/www.sebastien-auziere.fr\\\/blog\\\/pt\\\/brigitte-macron-sozinha-em-marrocos-um-detalhe-que-suscita-a-curiosidade\\\/#breadcrumb\",\"itemListElement\":[{\"@type\":\"ListItem\",\"position\":1,\"name\":\"Home\",\"item\":\"https:\\\/\\\/www.sebastien-auziere.fr\\\/blog\\\/\"},{\"@type\":\"ListItem\",\"position\":2,\"name\":\"Brigitte Macron sozinha em Marrocos: um detalhe que suscita a curiosidade\"}]},{\"@type\":\"WebSite\",\"@id\":\"https:\\\/\\\/www.sebastien-auziere.fr\\\/blog\\\/#website\",\"url\":\"https:\\\/\\\/www.sebastien-auziere.fr\\\/blog\\\/\",\"name\":\"Fan site S\u00e9bastien Auzi\u00e8re\",\"description\":\"M\u00e9dia g\u00e9n\u00e9raliste\",\"publisher\":{\"@id\":\"https:\\\/\\\/www.sebastien-auziere.fr\\\/blog\\\/#organization\"},\"potentialAction\":[{\"@type\":\"SearchAction\",\"target\":{\"@type\":\"EntryPoint\",\"urlTemplate\":\"https:\\\/\\\/www.sebastien-auziere.fr\\\/blog\\\/?s={search_term_string}\"},\"query-input\":{\"@type\":\"PropertyValueSpecification\",\"valueRequired\":true,\"valueName\":\"search_term_string\"}}],\"inLanguage\":\"fr-FR\"},{\"@type\":\"Organization\",\"@id\":\"https:\\\/\\\/www.sebastien-auziere.fr\\\/blog\\\/#organization\",\"name\":\"Fan site S\u00e9bastien Auzi\u00e8re\",\"url\":\"https:\\\/\\\/www.sebastien-auziere.fr\\\/blog\\\/\",\"logo\":{\"@type\":\"ImageObject\",\"inLanguage\":\"fr-FR\",\"@id\":\"https:\\\/\\\/www.sebastien-auziere.fr\\\/blog\\\/#\\\/schema\\\/logo\\\/image\\\/\",\"url\":\"https:\\\/\\\/www.sebastien-auziere.fr\\\/blog\\\/wp-content\\\/uploads\\\/2026\\\/03\\\/cropped-cropped-cropped-ChatGPT-Image-6-mars-2026-12_58_09-e1772798376794.jpg\",\"contentUrl\":\"https:\\\/\\\/www.sebastien-auziere.fr\\\/blog\\\/wp-content\\\/uploads\\\/2026\\\/03\\\/cropped-cropped-cropped-ChatGPT-Image-6-mars-2026-12_58_09-e1772798376794.jpg\",\"width\":512,\"height\":360,\"caption\":\"Fan site S\u00e9bastien Auzi\u00e8re\"},\"image\":{\"@id\":\"https:\\\/\\\/www.sebastien-auziere.fr\\\/blog\\\/#\\\/schema\\\/logo\\\/image\\\/\"}},{\"@type\":\"Person\",\"@id\":\"https:\\\/\\\/www.sebastien-auziere.fr\\\/blog\\\/#\\\/schema\\\/person\\\/149f1acdbfd85149c6c3e59adeae2f4d\",\"name\":\"Chloe Gauthier\",\"image\":{\"@type\":\"ImageObject\",\"inLanguage\":\"fr-FR\",\"@id\":\"https:\\\/\\\/secure.gravatar.com\\\/avatar\\\/2c5722f58171cff738a8985ef0dd66b476e563753246a49019befc837ec4201a?s=96&d=mm&r=g\",\"url\":\"https:\\\/\\\/secure.gravatar.com\\\/avatar\\\/2c5722f58171cff738a8985ef0dd66b476e563753246a49019befc837ec4201a?s=96&d=mm&r=g\",\"contentUrl\":\"https:\\\/\\\/secure.gravatar.com\\\/avatar\\\/2c5722f58171cff738a8985ef0dd66b476e563753246a49019befc837ec4201a?s=96&d=mm&r=g\",\"caption\":\"Chloe Gauthier\"},\"description\":\"Passionn\u00e9e par la politique et admiratrice engag\u00e9e de la famille Macron, je consacre mon \u00e9nergie \u00e0 suivre leurs initiatives et \u00e0 promouvoir leurs id\u00e9es. \u00c0 32 ans, je suis convaincue que leur vision est porteuse d'avenir.\",\"url\":\"https:\\\/\\\/www.sebastien-auziere.fr\\\/blog\\\/author\\\/chloe-gauthier\\\/\"}]}<\/script>\n<!-- \/ Yoast SEO plugin. -->","yoast_head_json":{"title":"Brigitte Macron sozinha em Marrocos: um detalhe que suscita a curiosidade - Fan site S\u00e9bastien Auzi\u00e8re","description":"Brigitte Macron en solo au Maroc : d\u00e9couvrez le d\u00e9tail surprenant qui suscite la curiosit\u00e9 lors de son s\u00e9jour exclusif.","robots":{"index":"index","follow":"follow","max-snippet":"max-snippet:-1","max-image-preview":"max-image-preview:large","max-video-preview":"max-video-preview:-1"},"canonical":"https:\/\/www.sebastien-auziere.fr\/blog\/pt\/brigitte-macron-sozinha-em-marrocos-um-detalhe-que-suscita-a-curiosidade\/","og_locale":"fr_FR","og_type":"article","og_title":"Brigitte Macron sozinha em Marrocos: um detalhe que suscita a curiosidade - Fan site S\u00e9bastien Auzi\u00e8re","og_description":"Brigitte Macron en solo au Maroc : d\u00e9couvrez le d\u00e9tail surprenant qui suscite la curiosit\u00e9 lors de son s\u00e9jour exclusif.","og_url":"https:\/\/www.sebastien-auziere.fr\/blog\/pt\/brigitte-macron-sozinha-em-marrocos-um-detalhe-que-suscita-a-curiosidade\/","og_site_name":"Fan site S\u00e9bastien Auzi\u00e8re","article_published_time":"2026-04-24T07:21:02+00:00","article_modified_time":"2026-04-24T07:21:33+00:00","og_image":[{"width":2560,"height":1429,"url":"https:\/\/www.sebastien-auziere.fr\/blog\/wp-content\/uploads\/2026\/04\/Brigitte-Macron-en-solo-au-Maroc-un-detail-qui-suscite-la-curiosite.jpg","type":"image\/jpeg"}],"author":"Chloe Gauthier","twitter_card":"summary_large_image","twitter_misc":{"\u00c9crit par":"Chloe Gauthier","Dur\u00e9e de lecture estim\u00e9e":"3 minutes"},"schema":{"@context":"https:\/\/schema.org","@graph":[{"@type":"Article","@id":"https:\/\/www.sebastien-auziere.fr\/blog\/pt\/brigitte-macron-sozinha-em-marrocos-um-detalhe-que-suscita-a-curiosidade\/#article","isPartOf":{"@id":"https:\/\/www.sebastien-auziere.fr\/blog\/pt\/brigitte-macron-sozinha-em-marrocos-um-detalhe-que-suscita-a-curiosidade\/"},"author":{"name":"Chloe Gauthier","@id":"https:\/\/www.sebastien-auziere.fr\/blog\/#\/schema\/person\/149f1acdbfd85149c6c3e59adeae2f4d"},"headline":"Brigitte Macron sozinha em Marrocos: um detalhe que suscita a curiosidade","datePublished":"2026-04-24T07:21:02+00:00","dateModified":"2026-04-24T07:21:33+00:00","mainEntityOfPage":{"@id":"https:\/\/www.sebastien-auziere.fr\/blog\/pt\/brigitte-macron-sozinha-em-marrocos-um-detalhe-que-suscita-a-curiosidade\/"},"wordCount":551,"commentCount":0,"publisher":{"@id":"https:\/\/www.sebastien-auziere.fr\/blog\/#organization"},"image":{"@id":"https:\/\/www.sebastien-auziere.fr\/blog\/pt\/brigitte-macron-sozinha-em-marrocos-um-detalhe-que-suscita-a-curiosidade\/#primaryimage"},"thumbnailUrl":"https:\/\/www.sebastien-auziere.fr\/blog\/wp-content\/uploads\/2026\/04\/Brigitte-Macron-en-solo-au-Maroc-un-detail-qui-suscite-la-curiosite.jpg","keywords":["brigitte macron","curiosidade","marrocos","primeira dama","viagem oficial"],"articleSection":["Actualidades"],"inLanguage":"fr-FR","potentialAction":[{"@type":"CommentAction","name":"Comment","target":["https:\/\/www.sebastien-auziere.fr\/blog\/pt\/brigitte-macron-sozinha-em-marrocos-um-detalhe-que-suscita-a-curiosidade\/#respond"]}]},{"@type":"WebPage","@id":"https:\/\/www.sebastien-auziere.fr\/blog\/pt\/brigitte-macron-sozinha-em-marrocos-um-detalhe-que-suscita-a-curiosidade\/","url":"https:\/\/www.sebastien-auziere.fr\/blog\/pt\/brigitte-macron-sozinha-em-marrocos-um-detalhe-que-suscita-a-curiosidade\/","name":"Brigitte Macron sozinha em Marrocos: um detalhe que suscita a curiosidade - Fan site S\u00e9bastien Auzi\u00e8re","isPartOf":{"@id":"https:\/\/www.sebastien-auziere.fr\/blog\/#website"},"primaryImageOfPage":{"@id":"https:\/\/www.sebastien-auziere.fr\/blog\/pt\/brigitte-macron-sozinha-em-marrocos-um-detalhe-que-suscita-a-curiosidade\/#primaryimage"},"image":{"@id":"https:\/\/www.sebastien-auziere.fr\/blog\/pt\/brigitte-macron-sozinha-em-marrocos-um-detalhe-que-suscita-a-curiosidade\/#primaryimage"},"thumbnailUrl":"https:\/\/www.sebastien-auziere.fr\/blog\/wp-content\/uploads\/2026\/04\/Brigitte-Macron-en-solo-au-Maroc-un-detail-qui-suscite-la-curiosite.jpg","datePublished":"2026-04-24T07:21:02+00:00","dateModified":"2026-04-24T07:21:33+00:00","description":"Brigitte Macron en solo au Maroc : d\u00e9couvrez le d\u00e9tail surprenant qui suscite la curiosit\u00e9 lors de son s\u00e9jour exclusif.","breadcrumb":{"@id":"https:\/\/www.sebastien-auziere.fr\/blog\/pt\/brigitte-macron-sozinha-em-marrocos-um-detalhe-que-suscita-a-curiosidade\/#breadcrumb"},"inLanguage":"fr-FR","potentialAction":[{"@type":"ReadAction","target":["https:\/\/www.sebastien-auziere.fr\/blog\/pt\/brigitte-macron-sozinha-em-marrocos-um-detalhe-que-suscita-a-curiosidade\/"]}]},{"@type":"ImageObject","inLanguage":"fr-FR","@id":"https:\/\/www.sebastien-auziere.fr\/blog\/pt\/brigitte-macron-sozinha-em-marrocos-um-detalhe-que-suscita-a-curiosidade\/#primaryimage","url":"https:\/\/www.sebastien-auziere.fr\/blog\/wp-content\/uploads\/2026\/04\/Brigitte-Macron-en-solo-au-Maroc-un-detail-qui-suscite-la-curiosite.jpg","contentUrl":"https:\/\/www.sebastien-auziere.fr\/blog\/wp-content\/uploads\/2026\/04\/Brigitte-Macron-en-solo-au-Maroc-un-detail-qui-suscite-la-curiosite.jpg","width":2560,"height":1429,"caption":"d\u00e9couvrez pourquoi la pr\u00e9sence seule de brigitte macron au maroc attire l'attention et suscite la curiosit\u00e9 dans les m\u00e9dias."},{"@type":"BreadcrumbList","@id":"https:\/\/www.sebastien-auziere.fr\/blog\/pt\/brigitte-macron-sozinha-em-marrocos-um-detalhe-que-suscita-a-curiosidade\/#breadcrumb","itemListElement":[{"@type":"ListItem","position":1,"name":"Home","item":"https:\/\/www.sebastien-auziere.fr\/blog\/"},{"@type":"ListItem","position":2,"name":"Brigitte Macron sozinha em Marrocos: um detalhe que suscita a curiosidade"}]},{"@type":"WebSite","@id":"https:\/\/www.sebastien-auziere.fr\/blog\/#website","url":"https:\/\/www.sebastien-auziere.fr\/blog\/","name":"Fan site S\u00e9bastien Auzi\u00e8re","description":"M\u00e9dia g\u00e9n\u00e9raliste","publisher":{"@id":"https:\/\/www.sebastien-auziere.fr\/blog\/#organization"},"potentialAction":[{"@type":"SearchAction","target":{"@type":"EntryPoint","urlTemplate":"https:\/\/www.sebastien-auziere.fr\/blog\/?s={search_term_string}"},"query-input":{"@type":"PropertyValueSpecification","valueRequired":true,"valueName":"search_term_string"}}],"inLanguage":"fr-FR"},{"@type":"Organization","@id":"https:\/\/www.sebastien-auziere.fr\/blog\/#organization","name":"Fan site S\u00e9bastien Auzi\u00e8re","url":"https:\/\/www.sebastien-auziere.fr\/blog\/","logo":{"@type":"ImageObject","inLanguage":"fr-FR","@id":"https:\/\/www.sebastien-auziere.fr\/blog\/#\/schema\/logo\/image\/","url":"https:\/\/www.sebastien-auziere.fr\/blog\/wp-content\/uploads\/2026\/03\/cropped-cropped-cropped-ChatGPT-Image-6-mars-2026-12_58_09-e1772798376794.jpg","contentUrl":"https:\/\/www.sebastien-auziere.fr\/blog\/wp-content\/uploads\/2026\/03\/cropped-cropped-cropped-ChatGPT-Image-6-mars-2026-12_58_09-e1772798376794.jpg","width":512,"height":360,"caption":"Fan site S\u00e9bastien Auzi\u00e8re"},"image":{"@id":"https:\/\/www.sebastien-auziere.fr\/blog\/#\/schema\/logo\/image\/"}},{"@type":"Person","@id":"https:\/\/www.sebastien-auziere.fr\/blog\/#\/schema\/person\/149f1acdbfd85149c6c3e59adeae2f4d","name":"Chloe Gauthier","image":{"@type":"ImageObject","inLanguage":"fr-FR","@id":"https:\/\/secure.gravatar.com\/avatar\/2c5722f58171cff738a8985ef0dd66b476e563753246a49019befc837ec4201a?s=96&d=mm&r=g","url":"https:\/\/secure.gravatar.com\/avatar\/2c5722f58171cff738a8985ef0dd66b476e563753246a49019befc837ec4201a?s=96&d=mm&r=g","contentUrl":"https:\/\/secure.gravatar.com\/avatar\/2c5722f58171cff738a8985ef0dd66b476e563753246a49019befc837ec4201a?s=96&d=mm&r=g","caption":"Chloe Gauthier"},"description":"Passionn\u00e9e par la politique et admiratrice engag\u00e9e de la famille Macron, je consacre mon \u00e9nergie \u00e0 suivre leurs initiatives et \u00e0 promouvoir leurs id\u00e9es. \u00c0 32 ans, je suis convaincue que leur vision est porteuse d'avenir.","url":"https:\/\/www.sebastien-auziere.fr\/blog\/author\/chloe-gauthier\/"}]}},"views":0,"_links":{"self":[{"href":"https:\/\/www.sebastien-auziere.fr\/blog\/wp-json\/wp\/v2\/posts\/3294","targetHints":{"allow":["GET"]}}],"collection":[{"href":"https:\/\/www.sebastien-auziere.fr\/blog\/wp-json\/wp\/v2\/posts"}],"about":[{"href":"https:\/\/www.sebastien-auziere.fr\/blog\/wp-json\/wp\/v2\/types\/post"}],"author":[{"embeddable":true,"href":"https:\/\/www.sebastien-auziere.fr\/blog\/wp-json\/wp\/v2\/users\/9"}],"replies":[{"embeddable":true,"href":"https:\/\/www.sebastien-auziere.fr\/blog\/wp-json\/wp\/v2\/comments?post=3294"}],"version-history":[{"count":1,"href":"https:\/\/www.sebastien-auziere.fr\/blog\/wp-json\/wp\/v2\/posts\/3294\/revisions"}],"predecessor-version":[{"id":3295,"href":"https:\/\/www.sebastien-auziere.fr\/blog\/wp-json\/wp\/v2\/posts\/3294\/revisions\/3295"}],"wp:featuredmedia":[{"embeddable":true,"href":"https:\/\/www.sebastien-auziere.fr\/blog\/wp-json\/wp\/v2\/media\/3284"}],"wp:attachment":[{"href":"https:\/\/www.sebastien-auziere.fr\/blog\/wp-json\/wp\/v2\/media?parent=3294"}],"wp:term":[{"taxonomy":"category","embeddable":true,"href":"https:\/\/www.sebastien-auziere.fr\/blog\/wp-json\/wp\/v2\/categories?post=3294"},{"taxonomy":"post_tag","embeddable":true,"href":"https:\/\/www.sebastien-auziere.fr\/blog\/wp-json\/wp\/v2\/tags?post=3294"}],"curies":[{"name":"wp","href":"https:\/\/api.w.org\/{rel}","templated":true}]}}