{"id":3290,"date":"2026-04-24T07:17:04","date_gmt":"2026-04-24T07:17:04","guid":{"rendered":"https:\/\/www.sebastien-auziere.fr\/blog\/?p=3290"},"modified":"2026-04-24T07:17:25","modified_gmt":"2026-04-24T07:17:25","slug":"brigitte-macron-allein-in-marokko-ein-detail-das-neugier-weckt","status":"publish","type":"post","link":"https:\/\/www.sebastien-auziere.fr\/blog\/de\/brigitte-macron-allein-in-marokko-ein-detail-das-neugier-weckt\/","title":{"rendered":"Brigitte Macron allein in Marokko: Ein Detail, das Neugier weckt"},"content":{"rendered":"<p>Brigitte Macron hat einen kommerziellen Flug mit Air France nach <strong>Rabat<\/strong> am <strong>22. April 2026<\/strong> genommen, ohne Emmanuel Macron, eine Entscheidung, die sofortige Aufmerksamkeit auf sich zog. Diese <strong>Solo-Reise<\/strong> \u2014 offiziell zur Einweihung des <strong>K\u00f6niglichen Theaters<\/strong> \u2014 ist bereits die <strong>vierte Solo-Mission<\/strong> der First Lady seit 2017, ein Detail, das Neugier weckt und die Debatte \u00fcber ihre diplomatische Rolle neu entfacht.<\/p>\n\n<p>Kurz gesagt: Die First Lady w\u00e4hlt die Schlichtheit, indem sie mit einer kommerziellen Gesellschaft reist, bringt die Kultur in den Mittelpunkt einer franko-marokkanischen Sequenz, die durch die Anerkennung der Westsahara durch Paris gepr\u00e4gt ist, und verl\u00e4ngert eine \u201eDiplomatie der Damen\u201c, die bereits von den Medien angesprochen wurde. Diese Reise kombiniert kulturelle Symbole und konkrete politische Gesten.<\/p>\n\n<h2 class=\"wp-block-heading\">Seltenheit des Besuchs und Schl\u00fcsselzahlen<\/h2>\n\n<p>Die <strong>Zahl<\/strong> reicht aus, um die Ausnahme zu messen: In fast neun Jahren im \u00c9lys\u00e9e hat Brigitte Macron nur <strong>vier Auslandsreisen ohne ihren Ehemann<\/strong> unternommen. Laut <a href=\"https:\/\/www.lopinion.fr\/politique\/brigitte-macron-et-la-diplomatie-des-dames\">L&rsquo;Opinion<\/a> lag ihre letzte Solo-Mission in einem Besuch in Washington, der dem Schutz von Kindern in der digitalen Welt gewidmet war. Dieser Verlauf zeigt eine Zunahme ihrer Engagements in gezielten Themen, weit entfernt von blo\u00dfer protokollarischer Anwesenheit.<\/p>\n\n<h2 class=\"wp-block-heading\">Das Detail, das irritiert: ein Flug mit Air France anstelle des Pr\u00e4sidentenflugzeugs<\/h2>\n\n<p>Die Wahl eines kommerziellen Fluges mit Air France f\u00fcr diese <strong>Solo-Reise<\/strong> ist nicht unbegr\u00fcndet: Sie verst\u00e4rkt ein Bild von Schlichtheit und Zug\u00e4nglichkeit. Mehrere Medien haben dieses <strong>Detail<\/strong> als Hinweis auf den Willen hervorgehoben, das protokollarische Ger\u00e4t zu begrenzen, wodurch die First Lady n\u00e4her an das Publikum r\u00fcckt. Um mehr \u00fcber diese Art des Reisens und ihre Vorg\u00e4nger zu erfahren, verweisen einige Beobachter auf die Presseberichterstattung und die kulturellen Analysen.<\/p>\n\n<p><a href=\"https:\/\/www.closermag.fr\/people\/brigitte-macron-en-solo-au-maroc-choix-ecolo-pour-rencontrer-les-princesses-a-rabat-loin-demmanuel-macron-3631822\">Nahestehende Berichterstattung<\/a> beschreibt dieses \u00e4sthetische Zeichen, das nicht weniger politisch ist.<\/p>\n\n<h3 class=\"wp-block-heading\">Kultur und Diplomatie: Das K\u00f6nigliche Theater als Symbol<\/h3>\n\n<p>Die kulturelle Mission von Brigitte Macron in Rabat und die Einweihung des <strong>K\u00f6niglichen Theaters<\/strong> sind Teil einer dichten diplomatischen Sequenz zwischen Paris und Rabat. Nach Treffen im Jahr 2024 mit Mitgliedern der k\u00f6niglichen Familie und der franz\u00f6sischen Entscheidung zur Westsahara festigt diese kulturelle Geste eine Ann\u00e4herung. Die Wahl einer weiblichen Figur f\u00fcr diese Einweihung verdeutlicht eine erg\u00e4nzende Diplomatie, die informeller, aber strategisch ist.<\/p>\n\n<h2 class=\"wp-block-heading\">Was dieser Besuch \u00fcber die Rolle der First Lady offenbart<\/h2>\n\n<p>Indem sie autonome Missionen in den Bereichen Kultur, Bildung und Kinderschutz vermehrt, definiert Brigitte Macron eine durch das Gesetz nicht kodifizierte Rolle neu. Diese <strong>Reise<\/strong> nach Marokko zeigt eine Strategie, in der Emmanuel Macron und seine Partnerin die Handlungsfelder aufteilen: der eine auf das Politische und die Sicherheit, der andere auf das Kulturelle und Soziale. Diese Positionierung bereitet sicherlich ein pers\u00f6nliches diplomatisches Erbe f\u00fcr das Ende der Amtszeit vor.<\/p>\n\n<p>Willst du mehr \u00fcber die Hintergr\u00fcnde dieser Reise und die Beziehung zur Familie Macron erfahren? Entdecke Analysen und erg\u00e4nzende Details in <a href=\"https:\/\/www.sebastien-auziere.fr\/blog\/brigitte-macron-maroc-solo\/\">der Dossier \u00fcber die Solo-Reise<\/a> und tauche ein in weitere Facetten der First Lady, wie ihre Stil- und Engagemententscheidungen \u00fcber <a href=\"https:\/\/www.sebastien-auziere.fr\/blog\/brigitte-macron-robe-louis-vuitton\/\">diese speziellen Artikel<\/a>. F\u00fcr ein umfassenderes Portr\u00e4t von S\u00e9bastien Auzi\u00e8re und den Macrons findest du alle Informationen auf <strong>sebastien-auziere.fr<\/strong>.<\/p>","protected":false},"excerpt":{"rendered":"<p>Brigitte Macron hat einen kommerziellen Flug mit Air France nach Rabat am 22. April 2026 genommen, ohne Emmanuel Macron, eine Entscheidung, die sofortige Aufmerksamkeit auf sich zog. Diese Solo-Reise \u2014 offiziell zur Einweihung des K\u00f6niglichen Theaters \u2014 ist bereits die vierte Solo-Mission der First Lady seit 2017, ein Detail, das Neugier weckt und die Debatte &#8230; <a title=\"Brigitte Macron allein in Marokko: Ein Detail, das Neugier weckt\" class=\"read-more\" href=\"https:\/\/www.sebastien-auziere.fr\/blog\/de\/brigitte-macron-allein-in-marokko-ein-detail-das-neugier-weckt\/\" aria-label=\"En savoir plus sur Brigitte Macron allein in Marokko: Ein Detail, das Neugier weckt\">Lire plus<\/a><\/p>\n","protected":false},"author":9,"featured_media":3284,"comment_status":"open","ping_status":"open","sticky":false,"template":"","format":"standard","meta":{"footnotes":""},"categories":[856],"tags":[929,1908,4024,4148,4027],"class_list":["post-3290","post","type-post","status-publish","format-standard","has-post-thumbnail","hentry","category-aktuelles-de","tag-brigitte-macron-de","tag-erste-dame-de","tag-marokko-de","tag-neugier-de","tag-offizieller-reise-de"],"yoast_head":"<!-- This site is optimized with the Yoast SEO plugin v27.5 - https:\/\/yoast.com\/product\/yoast-seo-wordpress\/ -->\n<title>Brigitte Macron allein in Marokko: Ein Detail, das Neugier weckt - Fan site S\u00e9bastien Auzi\u00e8re<\/title>\n<meta name=\"description\" content=\"Brigitte Macron en solo au Maroc : d\u00e9couvrez le d\u00e9tail surprenant qui suscite la curiosit\u00e9 lors de son s\u00e9jour exclusif.\" \/>\n<meta name=\"robots\" content=\"index, follow, max-snippet:-1, max-image-preview:large, max-video-preview:-1\" \/>\n<link rel=\"canonical\" href=\"https:\/\/www.sebastien-auziere.fr\/blog\/de\/brigitte-macron-allein-in-marokko-ein-detail-das-neugier-weckt\/\" \/>\n<meta property=\"og:locale\" content=\"fr_FR\" \/>\n<meta property=\"og:type\" content=\"article\" \/>\n<meta property=\"og:title\" content=\"Brigitte Macron allein in Marokko: Ein Detail, das Neugier weckt - Fan site S\u00e9bastien Auzi\u00e8re\" \/>\n<meta property=\"og:description\" content=\"Brigitte Macron en solo au Maroc : d\u00e9couvrez le d\u00e9tail surprenant qui suscite la curiosit\u00e9 lors de son s\u00e9jour exclusif.\" \/>\n<meta property=\"og:url\" content=\"https:\/\/www.sebastien-auziere.fr\/blog\/de\/brigitte-macron-allein-in-marokko-ein-detail-das-neugier-weckt\/\" \/>\n<meta property=\"og:site_name\" content=\"Fan site S\u00e9bastien Auzi\u00e8re\" \/>\n<meta property=\"article:published_time\" content=\"2026-04-24T07:17:04+00:00\" \/>\n<meta property=\"article:modified_time\" content=\"2026-04-24T07:17:25+00:00\" \/>\n<meta property=\"og:image\" content=\"https:\/\/www.sebastien-auziere.fr\/blog\/wp-content\/uploads\/2026\/04\/Brigitte-Macron-en-solo-au-Maroc-un-detail-qui-suscite-la-curiosite.jpg\" \/>\n\t<meta property=\"og:image:width\" content=\"2560\" \/>\n\t<meta property=\"og:image:height\" content=\"1429\" \/>\n\t<meta property=\"og:image:type\" content=\"image\/jpeg\" \/>\n<meta name=\"author\" content=\"Chloe Gauthier\" \/>\n<meta name=\"twitter:card\" content=\"summary_large_image\" \/>\n<meta name=\"twitter:label1\" content=\"\u00c9crit par\" \/>\n\t<meta name=\"twitter:data1\" content=\"Chloe Gauthier\" \/>\n\t<meta name=\"twitter:label2\" content=\"Dur\u00e9e de lecture estim\u00e9e\" \/>\n\t<meta name=\"twitter:data2\" content=\"3 minutes\" \/>\n<script type=\"application\/ld+json\" class=\"yoast-schema-graph\">{\"@context\":\"https:\\\/\\\/schema.org\",\"@graph\":[{\"@type\":\"Article\",\"@id\":\"https:\\\/\\\/www.sebastien-auziere.fr\\\/blog\\\/de\\\/brigitte-macron-allein-in-marokko-ein-detail-das-neugier-weckt\\\/#article\",\"isPartOf\":{\"@id\":\"https:\\\/\\\/www.sebastien-auziere.fr\\\/blog\\\/de\\\/brigitte-macron-allein-in-marokko-ein-detail-das-neugier-weckt\\\/\"},\"author\":{\"name\":\"Chloe Gauthier\",\"@id\":\"https:\\\/\\\/www.sebastien-auziere.fr\\\/blog\\\/#\\\/schema\\\/person\\\/149f1acdbfd85149c6c3e59adeae2f4d\"},\"headline\":\"Brigitte Macron allein in Marokko: Ein Detail, das Neugier weckt\",\"datePublished\":\"2026-04-24T07:17:04+00:00\",\"dateModified\":\"2026-04-24T07:17:25+00:00\",\"mainEntityOfPage\":{\"@id\":\"https:\\\/\\\/www.sebastien-auziere.fr\\\/blog\\\/de\\\/brigitte-macron-allein-in-marokko-ein-detail-das-neugier-weckt\\\/\"},\"wordCount\":523,\"commentCount\":0,\"publisher\":{\"@id\":\"https:\\\/\\\/www.sebastien-auziere.fr\\\/blog\\\/#organization\"},\"image\":{\"@id\":\"https:\\\/\\\/www.sebastien-auziere.fr\\\/blog\\\/de\\\/brigitte-macron-allein-in-marokko-ein-detail-das-neugier-weckt\\\/#primaryimage\"},\"thumbnailUrl\":\"https:\\\/\\\/www.sebastien-auziere.fr\\\/blog\\\/wp-content\\\/uploads\\\/2026\\\/04\\\/Brigitte-Macron-en-solo-au-Maroc-un-detail-qui-suscite-la-curiosite.jpg\",\"keywords\":[\"brigitte macron\",\"erste Dame\",\"marokko\",\"Neugier\",\"offizieller Reise\"],\"articleSection\":[\"Aktuelles\"],\"inLanguage\":\"fr-FR\",\"potentialAction\":[{\"@type\":\"CommentAction\",\"name\":\"Comment\",\"target\":[\"https:\\\/\\\/www.sebastien-auziere.fr\\\/blog\\\/de\\\/brigitte-macron-allein-in-marokko-ein-detail-das-neugier-weckt\\\/#respond\"]}]},{\"@type\":\"WebPage\",\"@id\":\"https:\\\/\\\/www.sebastien-auziere.fr\\\/blog\\\/de\\\/brigitte-macron-allein-in-marokko-ein-detail-das-neugier-weckt\\\/\",\"url\":\"https:\\\/\\\/www.sebastien-auziere.fr\\\/blog\\\/de\\\/brigitte-macron-allein-in-marokko-ein-detail-das-neugier-weckt\\\/\",\"name\":\"Brigitte Macron allein in Marokko: Ein Detail, das Neugier weckt - Fan site S\u00e9bastien Auzi\u00e8re\",\"isPartOf\":{\"@id\":\"https:\\\/\\\/www.sebastien-auziere.fr\\\/blog\\\/#website\"},\"primaryImageOfPage\":{\"@id\":\"https:\\\/\\\/www.sebastien-auziere.fr\\\/blog\\\/de\\\/brigitte-macron-allein-in-marokko-ein-detail-das-neugier-weckt\\\/#primaryimage\"},\"image\":{\"@id\":\"https:\\\/\\\/www.sebastien-auziere.fr\\\/blog\\\/de\\\/brigitte-macron-allein-in-marokko-ein-detail-das-neugier-weckt\\\/#primaryimage\"},\"thumbnailUrl\":\"https:\\\/\\\/www.sebastien-auziere.fr\\\/blog\\\/wp-content\\\/uploads\\\/2026\\\/04\\\/Brigitte-Macron-en-solo-au-Maroc-un-detail-qui-suscite-la-curiosite.jpg\",\"datePublished\":\"2026-04-24T07:17:04+00:00\",\"dateModified\":\"2026-04-24T07:17:25+00:00\",\"description\":\"Brigitte Macron en solo au Maroc : d\u00e9couvrez le d\u00e9tail surprenant qui suscite la curiosit\u00e9 lors de son s\u00e9jour exclusif.\",\"breadcrumb\":{\"@id\":\"https:\\\/\\\/www.sebastien-auziere.fr\\\/blog\\\/de\\\/brigitte-macron-allein-in-marokko-ein-detail-das-neugier-weckt\\\/#breadcrumb\"},\"inLanguage\":\"fr-FR\",\"potentialAction\":[{\"@type\":\"ReadAction\",\"target\":[\"https:\\\/\\\/www.sebastien-auziere.fr\\\/blog\\\/de\\\/brigitte-macron-allein-in-marokko-ein-detail-das-neugier-weckt\\\/\"]}]},{\"@type\":\"ImageObject\",\"inLanguage\":\"fr-FR\",\"@id\":\"https:\\\/\\\/www.sebastien-auziere.fr\\\/blog\\\/de\\\/brigitte-macron-allein-in-marokko-ein-detail-das-neugier-weckt\\\/#primaryimage\",\"url\":\"https:\\\/\\\/www.sebastien-auziere.fr\\\/blog\\\/wp-content\\\/uploads\\\/2026\\\/04\\\/Brigitte-Macron-en-solo-au-Maroc-un-detail-qui-suscite-la-curiosite.jpg\",\"contentUrl\":\"https:\\\/\\\/www.sebastien-auziere.fr\\\/blog\\\/wp-content\\\/uploads\\\/2026\\\/04\\\/Brigitte-Macron-en-solo-au-Maroc-un-detail-qui-suscite-la-curiosite.jpg\",\"width\":2560,\"height\":1429,\"caption\":\"d\u00e9couvrez pourquoi la pr\u00e9sence seule de brigitte macron au maroc attire l'attention et suscite la curiosit\u00e9 dans les m\u00e9dias.\"},{\"@type\":\"BreadcrumbList\",\"@id\":\"https:\\\/\\\/www.sebastien-auziere.fr\\\/blog\\\/de\\\/brigitte-macron-allein-in-marokko-ein-detail-das-neugier-weckt\\\/#breadcrumb\",\"itemListElement\":[{\"@type\":\"ListItem\",\"position\":1,\"name\":\"Home\",\"item\":\"https:\\\/\\\/www.sebastien-auziere.fr\\\/blog\\\/\"},{\"@type\":\"ListItem\",\"position\":2,\"name\":\"Brigitte Macron allein in Marokko: Ein Detail, das Neugier weckt\"}]},{\"@type\":\"WebSite\",\"@id\":\"https:\\\/\\\/www.sebastien-auziere.fr\\\/blog\\\/#website\",\"url\":\"https:\\\/\\\/www.sebastien-auziere.fr\\\/blog\\\/\",\"name\":\"Fan site S\u00e9bastien Auzi\u00e8re\",\"description\":\"M\u00e9dia g\u00e9n\u00e9raliste\",\"publisher\":{\"@id\":\"https:\\\/\\\/www.sebastien-auziere.fr\\\/blog\\\/#organization\"},\"potentialAction\":[{\"@type\":\"SearchAction\",\"target\":{\"@type\":\"EntryPoint\",\"urlTemplate\":\"https:\\\/\\\/www.sebastien-auziere.fr\\\/blog\\\/?s={search_term_string}\"},\"query-input\":{\"@type\":\"PropertyValueSpecification\",\"valueRequired\":true,\"valueName\":\"search_term_string\"}}],\"inLanguage\":\"fr-FR\"},{\"@type\":\"Organization\",\"@id\":\"https:\\\/\\\/www.sebastien-auziere.fr\\\/blog\\\/#organization\",\"name\":\"Fan site S\u00e9bastien Auzi\u00e8re\",\"url\":\"https:\\\/\\\/www.sebastien-auziere.fr\\\/blog\\\/\",\"logo\":{\"@type\":\"ImageObject\",\"inLanguage\":\"fr-FR\",\"@id\":\"https:\\\/\\\/www.sebastien-auziere.fr\\\/blog\\\/#\\\/schema\\\/logo\\\/image\\\/\",\"url\":\"https:\\\/\\\/www.sebastien-auziere.fr\\\/blog\\\/wp-content\\\/uploads\\\/2026\\\/03\\\/cropped-cropped-cropped-ChatGPT-Image-6-mars-2026-12_58_09-e1772798376794.jpg\",\"contentUrl\":\"https:\\\/\\\/www.sebastien-auziere.fr\\\/blog\\\/wp-content\\\/uploads\\\/2026\\\/03\\\/cropped-cropped-cropped-ChatGPT-Image-6-mars-2026-12_58_09-e1772798376794.jpg\",\"width\":512,\"height\":360,\"caption\":\"Fan site S\u00e9bastien Auzi\u00e8re\"},\"image\":{\"@id\":\"https:\\\/\\\/www.sebastien-auziere.fr\\\/blog\\\/#\\\/schema\\\/logo\\\/image\\\/\"}},{\"@type\":\"Person\",\"@id\":\"https:\\\/\\\/www.sebastien-auziere.fr\\\/blog\\\/#\\\/schema\\\/person\\\/149f1acdbfd85149c6c3e59adeae2f4d\",\"name\":\"Chloe Gauthier\",\"image\":{\"@type\":\"ImageObject\",\"inLanguage\":\"fr-FR\",\"@id\":\"https:\\\/\\\/secure.gravatar.com\\\/avatar\\\/2c5722f58171cff738a8985ef0dd66b476e563753246a49019befc837ec4201a?s=96&d=mm&r=g\",\"url\":\"https:\\\/\\\/secure.gravatar.com\\\/avatar\\\/2c5722f58171cff738a8985ef0dd66b476e563753246a49019befc837ec4201a?s=96&d=mm&r=g\",\"contentUrl\":\"https:\\\/\\\/secure.gravatar.com\\\/avatar\\\/2c5722f58171cff738a8985ef0dd66b476e563753246a49019befc837ec4201a?s=96&d=mm&r=g\",\"caption\":\"Chloe Gauthier\"},\"description\":\"Passionn\u00e9e par la politique et admiratrice engag\u00e9e de la famille Macron, je consacre mon \u00e9nergie \u00e0 suivre leurs initiatives et \u00e0 promouvoir leurs id\u00e9es. \u00c0 32 ans, je suis convaincue que leur vision est porteuse d'avenir.\",\"url\":\"https:\\\/\\\/www.sebastien-auziere.fr\\\/blog\\\/author\\\/chloe-gauthier\\\/\"}]}<\/script>\n<!-- \/ Yoast SEO plugin. -->","yoast_head_json":{"title":"Brigitte Macron allein in Marokko: Ein Detail, das Neugier weckt - Fan site S\u00e9bastien Auzi\u00e8re","description":"Brigitte Macron en solo au Maroc : d\u00e9couvrez le d\u00e9tail surprenant qui suscite la curiosit\u00e9 lors de son s\u00e9jour exclusif.","robots":{"index":"index","follow":"follow","max-snippet":"max-snippet:-1","max-image-preview":"max-image-preview:large","max-video-preview":"max-video-preview:-1"},"canonical":"https:\/\/www.sebastien-auziere.fr\/blog\/de\/brigitte-macron-allein-in-marokko-ein-detail-das-neugier-weckt\/","og_locale":"fr_FR","og_type":"article","og_title":"Brigitte Macron allein in Marokko: Ein Detail, das Neugier weckt - Fan site S\u00e9bastien Auzi\u00e8re","og_description":"Brigitte Macron en solo au Maroc : d\u00e9couvrez le d\u00e9tail surprenant qui suscite la curiosit\u00e9 lors de son s\u00e9jour exclusif.","og_url":"https:\/\/www.sebastien-auziere.fr\/blog\/de\/brigitte-macron-allein-in-marokko-ein-detail-das-neugier-weckt\/","og_site_name":"Fan site S\u00e9bastien Auzi\u00e8re","article_published_time":"2026-04-24T07:17:04+00:00","article_modified_time":"2026-04-24T07:17:25+00:00","og_image":[{"width":2560,"height":1429,"url":"https:\/\/www.sebastien-auziere.fr\/blog\/wp-content\/uploads\/2026\/04\/Brigitte-Macron-en-solo-au-Maroc-un-detail-qui-suscite-la-curiosite.jpg","type":"image\/jpeg"}],"author":"Chloe Gauthier","twitter_card":"summary_large_image","twitter_misc":{"\u00c9crit par":"Chloe Gauthier","Dur\u00e9e de lecture estim\u00e9e":"3 minutes"},"schema":{"@context":"https:\/\/schema.org","@graph":[{"@type":"Article","@id":"https:\/\/www.sebastien-auziere.fr\/blog\/de\/brigitte-macron-allein-in-marokko-ein-detail-das-neugier-weckt\/#article","isPartOf":{"@id":"https:\/\/www.sebastien-auziere.fr\/blog\/de\/brigitte-macron-allein-in-marokko-ein-detail-das-neugier-weckt\/"},"author":{"name":"Chloe Gauthier","@id":"https:\/\/www.sebastien-auziere.fr\/blog\/#\/schema\/person\/149f1acdbfd85149c6c3e59adeae2f4d"},"headline":"Brigitte Macron allein in Marokko: Ein Detail, das Neugier weckt","datePublished":"2026-04-24T07:17:04+00:00","dateModified":"2026-04-24T07:17:25+00:00","mainEntityOfPage":{"@id":"https:\/\/www.sebastien-auziere.fr\/blog\/de\/brigitte-macron-allein-in-marokko-ein-detail-das-neugier-weckt\/"},"wordCount":523,"commentCount":0,"publisher":{"@id":"https:\/\/www.sebastien-auziere.fr\/blog\/#organization"},"image":{"@id":"https:\/\/www.sebastien-auziere.fr\/blog\/de\/brigitte-macron-allein-in-marokko-ein-detail-das-neugier-weckt\/#primaryimage"},"thumbnailUrl":"https:\/\/www.sebastien-auziere.fr\/blog\/wp-content\/uploads\/2026\/04\/Brigitte-Macron-en-solo-au-Maroc-un-detail-qui-suscite-la-curiosite.jpg","keywords":["brigitte macron","erste Dame","marokko","Neugier","offizieller Reise"],"articleSection":["Aktuelles"],"inLanguage":"fr-FR","potentialAction":[{"@type":"CommentAction","name":"Comment","target":["https:\/\/www.sebastien-auziere.fr\/blog\/de\/brigitte-macron-allein-in-marokko-ein-detail-das-neugier-weckt\/#respond"]}]},{"@type":"WebPage","@id":"https:\/\/www.sebastien-auziere.fr\/blog\/de\/brigitte-macron-allein-in-marokko-ein-detail-das-neugier-weckt\/","url":"https:\/\/www.sebastien-auziere.fr\/blog\/de\/brigitte-macron-allein-in-marokko-ein-detail-das-neugier-weckt\/","name":"Brigitte Macron allein in Marokko: Ein Detail, das Neugier weckt - Fan site S\u00e9bastien Auzi\u00e8re","isPartOf":{"@id":"https:\/\/www.sebastien-auziere.fr\/blog\/#website"},"primaryImageOfPage":{"@id":"https:\/\/www.sebastien-auziere.fr\/blog\/de\/brigitte-macron-allein-in-marokko-ein-detail-das-neugier-weckt\/#primaryimage"},"image":{"@id":"https:\/\/www.sebastien-auziere.fr\/blog\/de\/brigitte-macron-allein-in-marokko-ein-detail-das-neugier-weckt\/#primaryimage"},"thumbnailUrl":"https:\/\/www.sebastien-auziere.fr\/blog\/wp-content\/uploads\/2026\/04\/Brigitte-Macron-en-solo-au-Maroc-un-detail-qui-suscite-la-curiosite.jpg","datePublished":"2026-04-24T07:17:04+00:00","dateModified":"2026-04-24T07:17:25+00:00","description":"Brigitte Macron en solo au Maroc : d\u00e9couvrez le d\u00e9tail surprenant qui suscite la curiosit\u00e9 lors de son s\u00e9jour exclusif.","breadcrumb":{"@id":"https:\/\/www.sebastien-auziere.fr\/blog\/de\/brigitte-macron-allein-in-marokko-ein-detail-das-neugier-weckt\/#breadcrumb"},"inLanguage":"fr-FR","potentialAction":[{"@type":"ReadAction","target":["https:\/\/www.sebastien-auziere.fr\/blog\/de\/brigitte-macron-allein-in-marokko-ein-detail-das-neugier-weckt\/"]}]},{"@type":"ImageObject","inLanguage":"fr-FR","@id":"https:\/\/www.sebastien-auziere.fr\/blog\/de\/brigitte-macron-allein-in-marokko-ein-detail-das-neugier-weckt\/#primaryimage","url":"https:\/\/www.sebastien-auziere.fr\/blog\/wp-content\/uploads\/2026\/04\/Brigitte-Macron-en-solo-au-Maroc-un-detail-qui-suscite-la-curiosite.jpg","contentUrl":"https:\/\/www.sebastien-auziere.fr\/blog\/wp-content\/uploads\/2026\/04\/Brigitte-Macron-en-solo-au-Maroc-un-detail-qui-suscite-la-curiosite.jpg","width":2560,"height":1429,"caption":"d\u00e9couvrez pourquoi la pr\u00e9sence seule de brigitte macron au maroc attire l'attention et suscite la curiosit\u00e9 dans les m\u00e9dias."},{"@type":"BreadcrumbList","@id":"https:\/\/www.sebastien-auziere.fr\/blog\/de\/brigitte-macron-allein-in-marokko-ein-detail-das-neugier-weckt\/#breadcrumb","itemListElement":[{"@type":"ListItem","position":1,"name":"Home","item":"https:\/\/www.sebastien-auziere.fr\/blog\/"},{"@type":"ListItem","position":2,"name":"Brigitte Macron allein in Marokko: Ein Detail, das Neugier weckt"}]},{"@type":"WebSite","@id":"https:\/\/www.sebastien-auziere.fr\/blog\/#website","url":"https:\/\/www.sebastien-auziere.fr\/blog\/","name":"Fan site S\u00e9bastien Auzi\u00e8re","description":"M\u00e9dia g\u00e9n\u00e9raliste","publisher":{"@id":"https:\/\/www.sebastien-auziere.fr\/blog\/#organization"},"potentialAction":[{"@type":"SearchAction","target":{"@type":"EntryPoint","urlTemplate":"https:\/\/www.sebastien-auziere.fr\/blog\/?s={search_term_string}"},"query-input":{"@type":"PropertyValueSpecification","valueRequired":true,"valueName":"search_term_string"}}],"inLanguage":"fr-FR"},{"@type":"Organization","@id":"https:\/\/www.sebastien-auziere.fr\/blog\/#organization","name":"Fan site S\u00e9bastien Auzi\u00e8re","url":"https:\/\/www.sebastien-auziere.fr\/blog\/","logo":{"@type":"ImageObject","inLanguage":"fr-FR","@id":"https:\/\/www.sebastien-auziere.fr\/blog\/#\/schema\/logo\/image\/","url":"https:\/\/www.sebastien-auziere.fr\/blog\/wp-content\/uploads\/2026\/03\/cropped-cropped-cropped-ChatGPT-Image-6-mars-2026-12_58_09-e1772798376794.jpg","contentUrl":"https:\/\/www.sebastien-auziere.fr\/blog\/wp-content\/uploads\/2026\/03\/cropped-cropped-cropped-ChatGPT-Image-6-mars-2026-12_58_09-e1772798376794.jpg","width":512,"height":360,"caption":"Fan site S\u00e9bastien Auzi\u00e8re"},"image":{"@id":"https:\/\/www.sebastien-auziere.fr\/blog\/#\/schema\/logo\/image\/"}},{"@type":"Person","@id":"https:\/\/www.sebastien-auziere.fr\/blog\/#\/schema\/person\/149f1acdbfd85149c6c3e59adeae2f4d","name":"Chloe Gauthier","image":{"@type":"ImageObject","inLanguage":"fr-FR","@id":"https:\/\/secure.gravatar.com\/avatar\/2c5722f58171cff738a8985ef0dd66b476e563753246a49019befc837ec4201a?s=96&d=mm&r=g","url":"https:\/\/secure.gravatar.com\/avatar\/2c5722f58171cff738a8985ef0dd66b476e563753246a49019befc837ec4201a?s=96&d=mm&r=g","contentUrl":"https:\/\/secure.gravatar.com\/avatar\/2c5722f58171cff738a8985ef0dd66b476e563753246a49019befc837ec4201a?s=96&d=mm&r=g","caption":"Chloe Gauthier"},"description":"Passionn\u00e9e par la politique et admiratrice engag\u00e9e de la famille Macron, je consacre mon \u00e9nergie \u00e0 suivre leurs initiatives et \u00e0 promouvoir leurs id\u00e9es. \u00c0 32 ans, je suis convaincue que leur vision est porteuse d'avenir.","url":"https:\/\/www.sebastien-auziere.fr\/blog\/author\/chloe-gauthier\/"}]}},"views":1,"_links":{"self":[{"href":"https:\/\/www.sebastien-auziere.fr\/blog\/wp-json\/wp\/v2\/posts\/3290","targetHints":{"allow":["GET"]}}],"collection":[{"href":"https:\/\/www.sebastien-auziere.fr\/blog\/wp-json\/wp\/v2\/posts"}],"about":[{"href":"https:\/\/www.sebastien-auziere.fr\/blog\/wp-json\/wp\/v2\/types\/post"}],"author":[{"embeddable":true,"href":"https:\/\/www.sebastien-auziere.fr\/blog\/wp-json\/wp\/v2\/users\/9"}],"replies":[{"embeddable":true,"href":"https:\/\/www.sebastien-auziere.fr\/blog\/wp-json\/wp\/v2\/comments?post=3290"}],"version-history":[{"count":1,"href":"https:\/\/www.sebastien-auziere.fr\/blog\/wp-json\/wp\/v2\/posts\/3290\/revisions"}],"predecessor-version":[{"id":3291,"href":"https:\/\/www.sebastien-auziere.fr\/blog\/wp-json\/wp\/v2\/posts\/3290\/revisions\/3291"}],"wp:featuredmedia":[{"embeddable":true,"href":"https:\/\/www.sebastien-auziere.fr\/blog\/wp-json\/wp\/v2\/media\/3284"}],"wp:attachment":[{"href":"https:\/\/www.sebastien-auziere.fr\/blog\/wp-json\/wp\/v2\/media?parent=3290"}],"wp:term":[{"taxonomy":"category","embeddable":true,"href":"https:\/\/www.sebastien-auziere.fr\/blog\/wp-json\/wp\/v2\/categories?post=3290"},{"taxonomy":"post_tag","embeddable":true,"href":"https:\/\/www.sebastien-auziere.fr\/blog\/wp-json\/wp\/v2\/tags?post=3290"}],"curies":[{"name":"wp","href":"https:\/\/api.w.org\/{rel}","templated":true}]}}