{"id":3288,"date":"2026-04-24T07:11:17","date_gmt":"2026-04-24T07:11:17","guid":{"rendered":"https:\/\/www.sebastien-auziere.fr\/blog\/?p=3288"},"modified":"2026-04-24T07:11:34","modified_gmt":"2026-04-24T07:11:34","slug":"brigitte-macron-en-solitario-en-marruecos-un-detalle-que-suscita-la-curiosidad","status":"publish","type":"post","link":"https:\/\/www.sebastien-auziere.fr\/blog\/es\/brigitte-macron-en-solitario-en-marruecos-un-detalle-que-suscita-la-curiosidad\/","title":{"rendered":"Brigitte Macron en solitario en Marruecos: un detalle que suscita la curiosidad"},"content":{"rendered":"<p>Brigitte Macron tom\u00f3 un vuelo comercial de Air France para viajar a <strong>Rabat<\/strong> el <strong>22 de abril de 2026<\/strong>, sin Emmanuel Macron, una elecci\u00f3n que atrajo inmediatamente la atenci\u00f3n. Este <strong>viaje en solitario<\/strong> \u2014oficialmente para inaugurar el <strong>Teatro Real<\/strong>\u2014 ya es la <strong>cuarta misi\u00f3n en solitario<\/strong> de la Primera Dama desde 2017, un detalle que suscita la curiosidad y relanza el debate sobre su papel diplom\u00e1tico.<\/p>\n\n<p>En resumen: la Primera Dama elige la sobriedad al viajar en una compa\u00f1\u00eda comercial, coloca la cultura en el coraz\u00f3n de una secuencia franco-marroqu\u00ed marcada por el reconocimiento del Sahara Occidental por Par\u00eds, y prolonga una \u00ab diplomacia de las damas \u00bb ya mencionada por los medios. Este desplazamiento combina s\u00edmbolos culturales y gestos pol\u00edticos concretos.<\/p>\n\n<h2 class=\"wp-block-heading\">Rareza del desplazamiento y cifras clave<\/h2>\n\n<p>La <strong>cifra<\/strong> es suficiente para medir la excepci\u00f3n: en casi nueve a\u00f1os en el El\u00edseo, Brigitte Macron solo ha realizado <strong>cuatro desplazamientos al extranjero sin su esposo<\/strong>. Seg\u00fan <a href=\"https:\/\/www.lopinion.fr\/politique\/brigitte-macron-et-la-diplomatie-des-dames\">L&rsquo;Opinion<\/a>, su \u00faltima misi\u00f3n en solitario se remontaba a un viaje a Washington dedicado a la protecci\u00f3n de la infancia en el universo digital. Este recorrido ilustra un aumento en sus compromisos en temas espec\u00edficos, lejos de la simple presencia protocolaria.<\/p>\n\n<h2 class=\"wp-block-heading\">El detalle que intriga: un vuelo de Air France en lugar del avi\u00f3n presidencial<\/h2>\n\n<p>La elecci\u00f3n de un vuelo comercial de Air France para este <strong>viaje en solitario<\/strong> no es casual: refuerza una imagen de sobriedad y accesibilidad. Varios medios han se\u00f1alado este <strong>detalle<\/strong> como revelador de una voluntad de limitar el dispositivo protocolario, acercando a la Primera Dama al p\u00fablico. Para saber m\u00e1s sobre este modo de desplazamiento y sus precedentes, algunos observadores se refieren a la cobertura de prensa y a los an\u00e1lisis culturales.<\/p>\n\n<p><a href=\"https:\/\/www.closermag.fr\/people\/brigitte-macron-en-solo-au-maroc-choix-ecolo-pour-rencontrer-les-princesses-a-rabat-loin-demmanuel-macron-3631822\">Cobertura cercana<\/a> relata este signo est\u00e9tico que no es menos pol\u00edticamente.<\/p>\n\n<h3 class=\"wp-block-heading\">Cultura y diplomacia: el Teatro Real como s\u00edmbolo<\/h3>\n\n<p>La misi\u00f3n cultural de Brigitte Macron en Rabat, y la inauguraci\u00f3n del <strong>Teatro Real<\/strong>, se inscriben en una secuencia diplom\u00e1tica densa entre Par\u00eds y Rabat. Tras encuentros en 2024 con miembros de la familia real y la decisi\u00f3n francesa sobre el Sahara Occidental, este gesto cultural viene a cimentar un acercamiento. La elecci\u00f3n de una figura femenina para esta inauguraci\u00f3n ilustra una diplomacia complementaria, m\u00e1s informal pero estrat\u00e9gica.<\/p>\n\n<h2 class=\"wp-block-heading\">Lo que esta visita revela del papel de la Primera Dama<\/h2>\n\n<p>Al multiplicar misiones aut\u00f3nomas sobre cultura, educaci\u00f3n y protecci\u00f3n infantil, Brigitte Macron redefine un papel no codificado por la ley. Este <strong>desplazamiento<\/strong> a Marruecos muestra una estrategia en la que Emmanuel Macron y su esposa se reparten los campos de acci\u00f3n: uno en lo pol\u00edtico y la seguridad, el otro en lo cultural y lo societal. Esta posici\u00f3n probablemente prepara un legado diplom\u00e1tico personal para el final del quinquenio.<\/p>\n\n<p>\u00bfQuieres saber m\u00e1s sobre los entresijos de este viaje y la relaci\u00f3n con la familia Macron? Descubre an\u00e1lisis y detalles complementarios sobre <a href=\"https:\/\/www.sebastien-auziere.fr\/blog\/brigitte-macron-maroc-solo\/\">el dossier dedicado al viaje en solitario<\/a> y sum\u00e9rgete en otras facetas de la Primera Dama, como sus elecciones de estilo y compromiso a trav\u00e9s de <a href=\"https:\/\/www.sebastien-auziere.fr\/blog\/brigitte-macron-robe-louis-vuitton\/\">estos art\u00edculos dedicados<\/a>. Para un retrato m\u00e1s amplio de S\u00e9bastien Auzi\u00e8re y los Macron, encuentra toda la informaci\u00f3n en <strong>sebastien-auziere.fr<\/strong>.<\/p>","protected":false},"excerpt":{"rendered":"<p>Brigitte Macron tom\u00f3 un vuelo comercial de Air France para viajar a Rabat el 22 de abril de 2026, sin Emmanuel Macron, una elecci\u00f3n que atrajo inmediatamente la atenci\u00f3n. Este viaje en solitario \u2014oficialmente para inaugurar el Teatro Real\u2014 ya es la cuarta misi\u00f3n en solitario de la Primera Dama desde 2017, un detalle que &#8230; <a title=\"Brigitte Macron en solitario en Marruecos: un detalle que suscita la curiosidad\" class=\"read-more\" href=\"https:\/\/www.sebastien-auziere.fr\/blog\/es\/brigitte-macron-en-solitario-en-marruecos-un-detalle-que-suscita-la-curiosidad\/\" aria-label=\"En savoir plus sur Brigitte Macron en solitario en Marruecos: un detalle que suscita la curiosidad\">Lire plus<\/a><\/p>\n","protected":false},"author":9,"featured_media":3284,"comment_status":"open","ping_status":"open","sticky":false,"template":"","format":"standard","meta":{"footnotes":""},"categories":[820],"tags":[914,4145,4015,1896,4018],"class_list":["post-3288","post","type-post","status-publish","format-standard","has-post-thumbnail","hentry","category-actualidades-es","tag-brigitte-macron-es","tag-curiosidad-es","tag-marroqui-es","tag-primera-dama-es","tag-viaje-oficial-es"],"yoast_head":"<!-- This site is optimized with the Yoast SEO plugin v27.5 - https:\/\/yoast.com\/product\/yoast-seo-wordpress\/ -->\n<title>Brigitte Macron en solitario en Marruecos: un detalle que suscita la curiosidad - Fan site S\u00e9bastien Auzi\u00e8re<\/title>\n<meta name=\"description\" content=\"Brigitte Macron en solo au Maroc : d\u00e9couvrez le d\u00e9tail surprenant qui suscite la curiosit\u00e9 lors de son s\u00e9jour exclusif.\" \/>\n<meta name=\"robots\" content=\"index, follow, max-snippet:-1, max-image-preview:large, max-video-preview:-1\" \/>\n<link rel=\"canonical\" href=\"https:\/\/www.sebastien-auziere.fr\/blog\/es\/brigitte-macron-en-solitario-en-marruecos-un-detalle-que-suscita-la-curiosidad\/\" \/>\n<meta property=\"og:locale\" content=\"fr_FR\" \/>\n<meta property=\"og:type\" content=\"article\" \/>\n<meta property=\"og:title\" content=\"Brigitte Macron en solitario en Marruecos: un detalle que suscita la curiosidad - Fan site S\u00e9bastien Auzi\u00e8re\" \/>\n<meta property=\"og:description\" content=\"Brigitte Macron en solo au Maroc : d\u00e9couvrez le d\u00e9tail surprenant qui suscite la curiosit\u00e9 lors de son s\u00e9jour exclusif.\" \/>\n<meta property=\"og:url\" content=\"https:\/\/www.sebastien-auziere.fr\/blog\/es\/brigitte-macron-en-solitario-en-marruecos-un-detalle-que-suscita-la-curiosidad\/\" \/>\n<meta property=\"og:site_name\" content=\"Fan site S\u00e9bastien Auzi\u00e8re\" \/>\n<meta property=\"article:published_time\" content=\"2026-04-24T07:11:17+00:00\" \/>\n<meta property=\"article:modified_time\" content=\"2026-04-24T07:11:34+00:00\" \/>\n<meta property=\"og:image\" content=\"https:\/\/www.sebastien-auziere.fr\/blog\/wp-content\/uploads\/2026\/04\/Brigitte-Macron-en-solo-au-Maroc-un-detail-qui-suscite-la-curiosite.jpg\" \/>\n\t<meta property=\"og:image:width\" content=\"2560\" \/>\n\t<meta property=\"og:image:height\" content=\"1429\" \/>\n\t<meta property=\"og:image:type\" content=\"image\/jpeg\" \/>\n<meta name=\"author\" content=\"Chloe Gauthier\" \/>\n<meta name=\"twitter:card\" content=\"summary_large_image\" \/>\n<meta name=\"twitter:label1\" content=\"\u00c9crit par\" \/>\n\t<meta name=\"twitter:data1\" content=\"Chloe Gauthier\" \/>\n\t<meta name=\"twitter:label2\" content=\"Dur\u00e9e de lecture estim\u00e9e\" \/>\n\t<meta name=\"twitter:data2\" content=\"3 minutes\" \/>\n<script type=\"application\/ld+json\" class=\"yoast-schema-graph\">{\"@context\":\"https:\\\/\\\/schema.org\",\"@graph\":[{\"@type\":\"Article\",\"@id\":\"https:\\\/\\\/www.sebastien-auziere.fr\\\/blog\\\/es\\\/brigitte-macron-en-solitario-en-marruecos-un-detalle-que-suscita-la-curiosidad\\\/#article\",\"isPartOf\":{\"@id\":\"https:\\\/\\\/www.sebastien-auziere.fr\\\/blog\\\/es\\\/brigitte-macron-en-solitario-en-marruecos-un-detalle-que-suscita-la-curiosidad\\\/\"},\"author\":{\"name\":\"Chloe Gauthier\",\"@id\":\"https:\\\/\\\/www.sebastien-auziere.fr\\\/blog\\\/#\\\/schema\\\/person\\\/149f1acdbfd85149c6c3e59adeae2f4d\"},\"headline\":\"Brigitte Macron en solitario en Marruecos: un detalle que suscita la curiosidad\",\"datePublished\":\"2026-04-24T07:11:17+00:00\",\"dateModified\":\"2026-04-24T07:11:34+00:00\",\"mainEntityOfPage\":{\"@id\":\"https:\\\/\\\/www.sebastien-auziere.fr\\\/blog\\\/es\\\/brigitte-macron-en-solitario-en-marruecos-un-detalle-que-suscita-la-curiosidad\\\/\"},\"wordCount\":576,\"commentCount\":0,\"publisher\":{\"@id\":\"https:\\\/\\\/www.sebastien-auziere.fr\\\/blog\\\/#organization\"},\"image\":{\"@id\":\"https:\\\/\\\/www.sebastien-auziere.fr\\\/blog\\\/es\\\/brigitte-macron-en-solitario-en-marruecos-un-detalle-que-suscita-la-curiosidad\\\/#primaryimage\"},\"thumbnailUrl\":\"https:\\\/\\\/www.sebastien-auziere.fr\\\/blog\\\/wp-content\\\/uploads\\\/2026\\\/04\\\/Brigitte-Macron-en-solo-au-Maroc-un-detail-qui-suscite-la-curiosite.jpg\",\"keywords\":[\"brigitte macron\",\"curiosidad\",\"marroqu\u00ed\",\"primera dama\",\"viaje oficial\"],\"articleSection\":[\"Actualidades\"],\"inLanguage\":\"fr-FR\",\"potentialAction\":[{\"@type\":\"CommentAction\",\"name\":\"Comment\",\"target\":[\"https:\\\/\\\/www.sebastien-auziere.fr\\\/blog\\\/es\\\/brigitte-macron-en-solitario-en-marruecos-un-detalle-que-suscita-la-curiosidad\\\/#respond\"]}]},{\"@type\":\"WebPage\",\"@id\":\"https:\\\/\\\/www.sebastien-auziere.fr\\\/blog\\\/es\\\/brigitte-macron-en-solitario-en-marruecos-un-detalle-que-suscita-la-curiosidad\\\/\",\"url\":\"https:\\\/\\\/www.sebastien-auziere.fr\\\/blog\\\/es\\\/brigitte-macron-en-solitario-en-marruecos-un-detalle-que-suscita-la-curiosidad\\\/\",\"name\":\"Brigitte Macron en solitario en Marruecos: un detalle que suscita la curiosidad - Fan site S\u00e9bastien Auzi\u00e8re\",\"isPartOf\":{\"@id\":\"https:\\\/\\\/www.sebastien-auziere.fr\\\/blog\\\/#website\"},\"primaryImageOfPage\":{\"@id\":\"https:\\\/\\\/www.sebastien-auziere.fr\\\/blog\\\/es\\\/brigitte-macron-en-solitario-en-marruecos-un-detalle-que-suscita-la-curiosidad\\\/#primaryimage\"},\"image\":{\"@id\":\"https:\\\/\\\/www.sebastien-auziere.fr\\\/blog\\\/es\\\/brigitte-macron-en-solitario-en-marruecos-un-detalle-que-suscita-la-curiosidad\\\/#primaryimage\"},\"thumbnailUrl\":\"https:\\\/\\\/www.sebastien-auziere.fr\\\/blog\\\/wp-content\\\/uploads\\\/2026\\\/04\\\/Brigitte-Macron-en-solo-au-Maroc-un-detail-qui-suscite-la-curiosite.jpg\",\"datePublished\":\"2026-04-24T07:11:17+00:00\",\"dateModified\":\"2026-04-24T07:11:34+00:00\",\"description\":\"Brigitte Macron en solo au Maroc : d\u00e9couvrez le d\u00e9tail surprenant qui suscite la curiosit\u00e9 lors de son s\u00e9jour exclusif.\",\"breadcrumb\":{\"@id\":\"https:\\\/\\\/www.sebastien-auziere.fr\\\/blog\\\/es\\\/brigitte-macron-en-solitario-en-marruecos-un-detalle-que-suscita-la-curiosidad\\\/#breadcrumb\"},\"inLanguage\":\"fr-FR\",\"potentialAction\":[{\"@type\":\"ReadAction\",\"target\":[\"https:\\\/\\\/www.sebastien-auziere.fr\\\/blog\\\/es\\\/brigitte-macron-en-solitario-en-marruecos-un-detalle-que-suscita-la-curiosidad\\\/\"]}]},{\"@type\":\"ImageObject\",\"inLanguage\":\"fr-FR\",\"@id\":\"https:\\\/\\\/www.sebastien-auziere.fr\\\/blog\\\/es\\\/brigitte-macron-en-solitario-en-marruecos-un-detalle-que-suscita-la-curiosidad\\\/#primaryimage\",\"url\":\"https:\\\/\\\/www.sebastien-auziere.fr\\\/blog\\\/wp-content\\\/uploads\\\/2026\\\/04\\\/Brigitte-Macron-en-solo-au-Maroc-un-detail-qui-suscite-la-curiosite.jpg\",\"contentUrl\":\"https:\\\/\\\/www.sebastien-auziere.fr\\\/blog\\\/wp-content\\\/uploads\\\/2026\\\/04\\\/Brigitte-Macron-en-solo-au-Maroc-un-detail-qui-suscite-la-curiosite.jpg\",\"width\":2560,\"height\":1429,\"caption\":\"d\u00e9couvrez pourquoi la pr\u00e9sence seule de brigitte macron au maroc attire l'attention et suscite la curiosit\u00e9 dans les m\u00e9dias.\"},{\"@type\":\"BreadcrumbList\",\"@id\":\"https:\\\/\\\/www.sebastien-auziere.fr\\\/blog\\\/es\\\/brigitte-macron-en-solitario-en-marruecos-un-detalle-que-suscita-la-curiosidad\\\/#breadcrumb\",\"itemListElement\":[{\"@type\":\"ListItem\",\"position\":1,\"name\":\"Home\",\"item\":\"https:\\\/\\\/www.sebastien-auziere.fr\\\/blog\\\/\"},{\"@type\":\"ListItem\",\"position\":2,\"name\":\"Brigitte Macron en solitario en Marruecos: un detalle que suscita la curiosidad\"}]},{\"@type\":\"WebSite\",\"@id\":\"https:\\\/\\\/www.sebastien-auziere.fr\\\/blog\\\/#website\",\"url\":\"https:\\\/\\\/www.sebastien-auziere.fr\\\/blog\\\/\",\"name\":\"Fan site S\u00e9bastien Auzi\u00e8re\",\"description\":\"M\u00e9dia g\u00e9n\u00e9raliste\",\"publisher\":{\"@id\":\"https:\\\/\\\/www.sebastien-auziere.fr\\\/blog\\\/#organization\"},\"potentialAction\":[{\"@type\":\"SearchAction\",\"target\":{\"@type\":\"EntryPoint\",\"urlTemplate\":\"https:\\\/\\\/www.sebastien-auziere.fr\\\/blog\\\/?s={search_term_string}\"},\"query-input\":{\"@type\":\"PropertyValueSpecification\",\"valueRequired\":true,\"valueName\":\"search_term_string\"}}],\"inLanguage\":\"fr-FR\"},{\"@type\":\"Organization\",\"@id\":\"https:\\\/\\\/www.sebastien-auziere.fr\\\/blog\\\/#organization\",\"name\":\"Fan site S\u00e9bastien Auzi\u00e8re\",\"url\":\"https:\\\/\\\/www.sebastien-auziere.fr\\\/blog\\\/\",\"logo\":{\"@type\":\"ImageObject\",\"inLanguage\":\"fr-FR\",\"@id\":\"https:\\\/\\\/www.sebastien-auziere.fr\\\/blog\\\/#\\\/schema\\\/logo\\\/image\\\/\",\"url\":\"https:\\\/\\\/www.sebastien-auziere.fr\\\/blog\\\/wp-content\\\/uploads\\\/2026\\\/03\\\/cropped-cropped-cropped-ChatGPT-Image-6-mars-2026-12_58_09-e1772798376794.jpg\",\"contentUrl\":\"https:\\\/\\\/www.sebastien-auziere.fr\\\/blog\\\/wp-content\\\/uploads\\\/2026\\\/03\\\/cropped-cropped-cropped-ChatGPT-Image-6-mars-2026-12_58_09-e1772798376794.jpg\",\"width\":512,\"height\":360,\"caption\":\"Fan site S\u00e9bastien Auzi\u00e8re\"},\"image\":{\"@id\":\"https:\\\/\\\/www.sebastien-auziere.fr\\\/blog\\\/#\\\/schema\\\/logo\\\/image\\\/\"}},{\"@type\":\"Person\",\"@id\":\"https:\\\/\\\/www.sebastien-auziere.fr\\\/blog\\\/#\\\/schema\\\/person\\\/149f1acdbfd85149c6c3e59adeae2f4d\",\"name\":\"Chloe Gauthier\",\"image\":{\"@type\":\"ImageObject\",\"inLanguage\":\"fr-FR\",\"@id\":\"https:\\\/\\\/secure.gravatar.com\\\/avatar\\\/2c5722f58171cff738a8985ef0dd66b476e563753246a49019befc837ec4201a?s=96&d=mm&r=g\",\"url\":\"https:\\\/\\\/secure.gravatar.com\\\/avatar\\\/2c5722f58171cff738a8985ef0dd66b476e563753246a49019befc837ec4201a?s=96&d=mm&r=g\",\"contentUrl\":\"https:\\\/\\\/secure.gravatar.com\\\/avatar\\\/2c5722f58171cff738a8985ef0dd66b476e563753246a49019befc837ec4201a?s=96&d=mm&r=g\",\"caption\":\"Chloe Gauthier\"},\"description\":\"Passionn\u00e9e par la politique et admiratrice engag\u00e9e de la famille Macron, je consacre mon \u00e9nergie \u00e0 suivre leurs initiatives et \u00e0 promouvoir leurs id\u00e9es. \u00c0 32 ans, je suis convaincue que leur vision est porteuse d'avenir.\",\"url\":\"https:\\\/\\\/www.sebastien-auziere.fr\\\/blog\\\/author\\\/chloe-gauthier\\\/\"}]}<\/script>\n<!-- \/ Yoast SEO plugin. -->","yoast_head_json":{"title":"Brigitte Macron en solitario en Marruecos: un detalle que suscita la curiosidad - Fan site S\u00e9bastien Auzi\u00e8re","description":"Brigitte Macron en solo au Maroc : d\u00e9couvrez le d\u00e9tail surprenant qui suscite la curiosit\u00e9 lors de son s\u00e9jour exclusif.","robots":{"index":"index","follow":"follow","max-snippet":"max-snippet:-1","max-image-preview":"max-image-preview:large","max-video-preview":"max-video-preview:-1"},"canonical":"https:\/\/www.sebastien-auziere.fr\/blog\/es\/brigitte-macron-en-solitario-en-marruecos-un-detalle-que-suscita-la-curiosidad\/","og_locale":"fr_FR","og_type":"article","og_title":"Brigitte Macron en solitario en Marruecos: un detalle que suscita la curiosidad - Fan site S\u00e9bastien Auzi\u00e8re","og_description":"Brigitte Macron en solo au Maroc : d\u00e9couvrez le d\u00e9tail surprenant qui suscite la curiosit\u00e9 lors de son s\u00e9jour exclusif.","og_url":"https:\/\/www.sebastien-auziere.fr\/blog\/es\/brigitte-macron-en-solitario-en-marruecos-un-detalle-que-suscita-la-curiosidad\/","og_site_name":"Fan site S\u00e9bastien Auzi\u00e8re","article_published_time":"2026-04-24T07:11:17+00:00","article_modified_time":"2026-04-24T07:11:34+00:00","og_image":[{"width":2560,"height":1429,"url":"https:\/\/www.sebastien-auziere.fr\/blog\/wp-content\/uploads\/2026\/04\/Brigitte-Macron-en-solo-au-Maroc-un-detail-qui-suscite-la-curiosite.jpg","type":"image\/jpeg"}],"author":"Chloe Gauthier","twitter_card":"summary_large_image","twitter_misc":{"\u00c9crit par":"Chloe Gauthier","Dur\u00e9e de lecture estim\u00e9e":"3 minutes"},"schema":{"@context":"https:\/\/schema.org","@graph":[{"@type":"Article","@id":"https:\/\/www.sebastien-auziere.fr\/blog\/es\/brigitte-macron-en-solitario-en-marruecos-un-detalle-que-suscita-la-curiosidad\/#article","isPartOf":{"@id":"https:\/\/www.sebastien-auziere.fr\/blog\/es\/brigitte-macron-en-solitario-en-marruecos-un-detalle-que-suscita-la-curiosidad\/"},"author":{"name":"Chloe Gauthier","@id":"https:\/\/www.sebastien-auziere.fr\/blog\/#\/schema\/person\/149f1acdbfd85149c6c3e59adeae2f4d"},"headline":"Brigitte Macron en solitario en Marruecos: un detalle que suscita la curiosidad","datePublished":"2026-04-24T07:11:17+00:00","dateModified":"2026-04-24T07:11:34+00:00","mainEntityOfPage":{"@id":"https:\/\/www.sebastien-auziere.fr\/blog\/es\/brigitte-macron-en-solitario-en-marruecos-un-detalle-que-suscita-la-curiosidad\/"},"wordCount":576,"commentCount":0,"publisher":{"@id":"https:\/\/www.sebastien-auziere.fr\/blog\/#organization"},"image":{"@id":"https:\/\/www.sebastien-auziere.fr\/blog\/es\/brigitte-macron-en-solitario-en-marruecos-un-detalle-que-suscita-la-curiosidad\/#primaryimage"},"thumbnailUrl":"https:\/\/www.sebastien-auziere.fr\/blog\/wp-content\/uploads\/2026\/04\/Brigitte-Macron-en-solo-au-Maroc-un-detail-qui-suscite-la-curiosite.jpg","keywords":["brigitte macron","curiosidad","marroqu\u00ed","primera dama","viaje oficial"],"articleSection":["Actualidades"],"inLanguage":"fr-FR","potentialAction":[{"@type":"CommentAction","name":"Comment","target":["https:\/\/www.sebastien-auziere.fr\/blog\/es\/brigitte-macron-en-solitario-en-marruecos-un-detalle-que-suscita-la-curiosidad\/#respond"]}]},{"@type":"WebPage","@id":"https:\/\/www.sebastien-auziere.fr\/blog\/es\/brigitte-macron-en-solitario-en-marruecos-un-detalle-que-suscita-la-curiosidad\/","url":"https:\/\/www.sebastien-auziere.fr\/blog\/es\/brigitte-macron-en-solitario-en-marruecos-un-detalle-que-suscita-la-curiosidad\/","name":"Brigitte Macron en solitario en Marruecos: un detalle que suscita la curiosidad - Fan site S\u00e9bastien Auzi\u00e8re","isPartOf":{"@id":"https:\/\/www.sebastien-auziere.fr\/blog\/#website"},"primaryImageOfPage":{"@id":"https:\/\/www.sebastien-auziere.fr\/blog\/es\/brigitte-macron-en-solitario-en-marruecos-un-detalle-que-suscita-la-curiosidad\/#primaryimage"},"image":{"@id":"https:\/\/www.sebastien-auziere.fr\/blog\/es\/brigitte-macron-en-solitario-en-marruecos-un-detalle-que-suscita-la-curiosidad\/#primaryimage"},"thumbnailUrl":"https:\/\/www.sebastien-auziere.fr\/blog\/wp-content\/uploads\/2026\/04\/Brigitte-Macron-en-solo-au-Maroc-un-detail-qui-suscite-la-curiosite.jpg","datePublished":"2026-04-24T07:11:17+00:00","dateModified":"2026-04-24T07:11:34+00:00","description":"Brigitte Macron en solo au Maroc : d\u00e9couvrez le d\u00e9tail surprenant qui suscite la curiosit\u00e9 lors de son s\u00e9jour exclusif.","breadcrumb":{"@id":"https:\/\/www.sebastien-auziere.fr\/blog\/es\/brigitte-macron-en-solitario-en-marruecos-un-detalle-que-suscita-la-curiosidad\/#breadcrumb"},"inLanguage":"fr-FR","potentialAction":[{"@type":"ReadAction","target":["https:\/\/www.sebastien-auziere.fr\/blog\/es\/brigitte-macron-en-solitario-en-marruecos-un-detalle-que-suscita-la-curiosidad\/"]}]},{"@type":"ImageObject","inLanguage":"fr-FR","@id":"https:\/\/www.sebastien-auziere.fr\/blog\/es\/brigitte-macron-en-solitario-en-marruecos-un-detalle-que-suscita-la-curiosidad\/#primaryimage","url":"https:\/\/www.sebastien-auziere.fr\/blog\/wp-content\/uploads\/2026\/04\/Brigitte-Macron-en-solo-au-Maroc-un-detail-qui-suscite-la-curiosite.jpg","contentUrl":"https:\/\/www.sebastien-auziere.fr\/blog\/wp-content\/uploads\/2026\/04\/Brigitte-Macron-en-solo-au-Maroc-un-detail-qui-suscite-la-curiosite.jpg","width":2560,"height":1429,"caption":"d\u00e9couvrez pourquoi la pr\u00e9sence seule de brigitte macron au maroc attire l'attention et suscite la curiosit\u00e9 dans les m\u00e9dias."},{"@type":"BreadcrumbList","@id":"https:\/\/www.sebastien-auziere.fr\/blog\/es\/brigitte-macron-en-solitario-en-marruecos-un-detalle-que-suscita-la-curiosidad\/#breadcrumb","itemListElement":[{"@type":"ListItem","position":1,"name":"Home","item":"https:\/\/www.sebastien-auziere.fr\/blog\/"},{"@type":"ListItem","position":2,"name":"Brigitte Macron en solitario en Marruecos: un detalle que suscita la curiosidad"}]},{"@type":"WebSite","@id":"https:\/\/www.sebastien-auziere.fr\/blog\/#website","url":"https:\/\/www.sebastien-auziere.fr\/blog\/","name":"Fan site S\u00e9bastien Auzi\u00e8re","description":"M\u00e9dia g\u00e9n\u00e9raliste","publisher":{"@id":"https:\/\/www.sebastien-auziere.fr\/blog\/#organization"},"potentialAction":[{"@type":"SearchAction","target":{"@type":"EntryPoint","urlTemplate":"https:\/\/www.sebastien-auziere.fr\/blog\/?s={search_term_string}"},"query-input":{"@type":"PropertyValueSpecification","valueRequired":true,"valueName":"search_term_string"}}],"inLanguage":"fr-FR"},{"@type":"Organization","@id":"https:\/\/www.sebastien-auziere.fr\/blog\/#organization","name":"Fan site S\u00e9bastien Auzi\u00e8re","url":"https:\/\/www.sebastien-auziere.fr\/blog\/","logo":{"@type":"ImageObject","inLanguage":"fr-FR","@id":"https:\/\/www.sebastien-auziere.fr\/blog\/#\/schema\/logo\/image\/","url":"https:\/\/www.sebastien-auziere.fr\/blog\/wp-content\/uploads\/2026\/03\/cropped-cropped-cropped-ChatGPT-Image-6-mars-2026-12_58_09-e1772798376794.jpg","contentUrl":"https:\/\/www.sebastien-auziere.fr\/blog\/wp-content\/uploads\/2026\/03\/cropped-cropped-cropped-ChatGPT-Image-6-mars-2026-12_58_09-e1772798376794.jpg","width":512,"height":360,"caption":"Fan site S\u00e9bastien Auzi\u00e8re"},"image":{"@id":"https:\/\/www.sebastien-auziere.fr\/blog\/#\/schema\/logo\/image\/"}},{"@type":"Person","@id":"https:\/\/www.sebastien-auziere.fr\/blog\/#\/schema\/person\/149f1acdbfd85149c6c3e59adeae2f4d","name":"Chloe Gauthier","image":{"@type":"ImageObject","inLanguage":"fr-FR","@id":"https:\/\/secure.gravatar.com\/avatar\/2c5722f58171cff738a8985ef0dd66b476e563753246a49019befc837ec4201a?s=96&d=mm&r=g","url":"https:\/\/secure.gravatar.com\/avatar\/2c5722f58171cff738a8985ef0dd66b476e563753246a49019befc837ec4201a?s=96&d=mm&r=g","contentUrl":"https:\/\/secure.gravatar.com\/avatar\/2c5722f58171cff738a8985ef0dd66b476e563753246a49019befc837ec4201a?s=96&d=mm&r=g","caption":"Chloe Gauthier"},"description":"Passionn\u00e9e par la politique et admiratrice engag\u00e9e de la famille Macron, je consacre mon \u00e9nergie \u00e0 suivre leurs initiatives et \u00e0 promouvoir leurs id\u00e9es. \u00c0 32 ans, je suis convaincue que leur vision est porteuse d'avenir.","url":"https:\/\/www.sebastien-auziere.fr\/blog\/author\/chloe-gauthier\/"}]}},"views":0,"_links":{"self":[{"href":"https:\/\/www.sebastien-auziere.fr\/blog\/wp-json\/wp\/v2\/posts\/3288","targetHints":{"allow":["GET"]}}],"collection":[{"href":"https:\/\/www.sebastien-auziere.fr\/blog\/wp-json\/wp\/v2\/posts"}],"about":[{"href":"https:\/\/www.sebastien-auziere.fr\/blog\/wp-json\/wp\/v2\/types\/post"}],"author":[{"embeddable":true,"href":"https:\/\/www.sebastien-auziere.fr\/blog\/wp-json\/wp\/v2\/users\/9"}],"replies":[{"embeddable":true,"href":"https:\/\/www.sebastien-auziere.fr\/blog\/wp-json\/wp\/v2\/comments?post=3288"}],"version-history":[{"count":1,"href":"https:\/\/www.sebastien-auziere.fr\/blog\/wp-json\/wp\/v2\/posts\/3288\/revisions"}],"predecessor-version":[{"id":3289,"href":"https:\/\/www.sebastien-auziere.fr\/blog\/wp-json\/wp\/v2\/posts\/3288\/revisions\/3289"}],"wp:featuredmedia":[{"embeddable":true,"href":"https:\/\/www.sebastien-auziere.fr\/blog\/wp-json\/wp\/v2\/media\/3284"}],"wp:attachment":[{"href":"https:\/\/www.sebastien-auziere.fr\/blog\/wp-json\/wp\/v2\/media?parent=3288"}],"wp:term":[{"taxonomy":"category","embeddable":true,"href":"https:\/\/www.sebastien-auziere.fr\/blog\/wp-json\/wp\/v2\/categories?post=3288"},{"taxonomy":"post_tag","embeddable":true,"href":"https:\/\/www.sebastien-auziere.fr\/blog\/wp-json\/wp\/v2\/tags?post=3288"}],"curies":[{"name":"wp","href":"https:\/\/api.w.org\/{rel}","templated":true}]}}