{"id":3286,"date":"2026-04-24T07:10:59","date_gmt":"2026-04-24T07:10:59","guid":{"rendered":"https:\/\/www.sebastien-auziere.fr\/blog\/?p=3286"},"modified":"2026-04-24T07:11:16","modified_gmt":"2026-04-24T07:11:16","slug":"brigitte-macron-solo-in-morocco-a-detail-that-piques-curiosity","status":"publish","type":"post","link":"https:\/\/www.sebastien-auziere.fr\/blog\/en\/brigitte-macron-solo-in-morocco-a-detail-that-piques-curiosity\/","title":{"rendered":"Brigitte Macron solo in Morocco: a detail that piques curiosity"},"content":{"rendered":"<p>Brigitte Macron took a commercial Air France flight to <strong>Rabat<\/strong> on <strong>April 22, 2026<\/strong>, without Emmanuel Macron, a choice that immediately drew attention. This <strong>solo trip<\/strong> \u2014 officially to inaugurate the <strong>Royal Theater<\/strong> \u2014 is already the <strong>fourth solo mission<\/strong> of the First Lady since 2017, a detail that raises curiosity and reignites the debate about her diplomatic role.<\/p>\n\n<p>In short: the First Lady opts for sobriety by traveling on a commercial airline, puts culture at the heart of a Franco-Moroccan sequence marked by Paris&rsquo;s recognition of Western Sahara, and prolongs a \u00ab\u00a0diplomacy of ladies\u00a0\u00bb already mentioned by the media. This trip combines cultural symbols and concrete political gestures.<\/p>\n\n<h2 class=\"wp-block-heading\">Rarity of the trip and key figures<\/h2>\n\n<p>The <strong>number<\/strong> is enough to measure the exception: in nearly nine years at the \u00c9lys\u00e9e, Brigitte Macron has made only <strong>four trips abroad without her spouse<\/strong>. According to <a href=\"https:\/\/www.lopinion.fr\/politique\/brigitte-macron-et-la-diplomatie-des-dames\">L&rsquo;Opinion<\/a>, her last solo mission dates back to a trip to Washington dedicated to protecting children in the digital realm. This path illustrates a rise in her commitments on targeted issues, far from mere protocol presence.<\/p>\n\n<h2 class=\"wp-block-heading\">The detail that intrigues: an Air France flight rather than the presidential plane<\/h2>\n\n<p>The choice of a commercial Air France flight for this <strong>solo trip<\/strong> is not trivial: it reinforces an image of sobriety and accessibility. Several media outlets have highlighted this <strong>detail<\/strong> as revealing a desire to limit the protocol apparatus, bringing the First Lady closer to the public. To learn more about this mode of travel and its precedents, some observers refer to the press coverage and cultural analyses.<\/p>\n\n<p><a href=\"https:\/\/www.closermag.fr\/people\/brigitte-macron-en-solo-au-maroc-choix-ecolo-pour-rencontrer-les-princesses-a-rabat-loin-demmanuel-macron-3631822\">Close coverage<\/a> recounts this aesthetic sign that is not less political.<\/p>\n\n<h3 class=\"wp-block-heading\">Culture and diplomacy: the Royal Theater as a symbol<\/h3>\n\n<p>Brigitte Macron&rsquo;s cultural mission in Rabat, and the inauguration of the <strong>Royal Theater<\/strong>, are part of a dense diplomatic sequence between Paris and Rabat. Following meetings in 2024 with members of the royal family and the French decision on Western Sahara, this cultural gesture comes to cement a rapprochement. The choice of a female figure for this inauguration illustrates complementary diplomacy, less formal but strategic.<\/p>\n\n<h2 class=\"wp-block-heading\">What this visit reveals about the role of the First Lady<\/h2>\n\n<p>By multiplying independent missions on culture, education, and child protection, Brigitte Macron redefines a role not codified by law. This <strong>trip<\/strong> to Morocco showcases a strategy where Emmanuel Macron and his partner divide fields of action: one on political and security matters, the other on cultural and societal issues. This positioning likely prepares a personal diplomatic legacy for the end of the presidential term.<\/p>\n\n<p>Do you want to know more about the behind-the-scenes of this trip and the relationship with the Macron family? Discover analyses and additional details in <a href=\"https:\/\/www.sebastien-auziere.fr\/blog\/brigitte-macron-maroc-solo\/\">the dossier dedicated to the solo trip<\/a> and delve into other facets of the First Lady, such as her style choices and commitments through <a href=\"https:\/\/www.sebastien-auziere.fr\/blog\/brigitte-macron-robe-louis-vuitton\/\">these dedicated articles<\/a>. For a broader portrait of S\u00e9bastien Auzi\u00e8re and the Macrons, find all the information at <strong>sebastien-auziere.fr<\/strong>.<\/p>","protected":false},"excerpt":{"rendered":"<p>Brigitte Macron took a commercial Air France flight to Rabat on April 22, 2026, without Emmanuel Macron, a choice that immediately drew attention. This solo trip \u2014 officially to inaugurate the Royal Theater \u2014 is already the fourth solo mission of the First Lady since 2017, a detail that raises curiosity and reignites the debate &#8230; <a title=\"Brigitte Macron solo in Morocco: a detail that piques curiosity\" class=\"read-more\" href=\"https:\/\/www.sebastien-auziere.fr\/blog\/en\/brigitte-macron-solo-in-morocco-a-detail-that-piques-curiosity\/\" aria-label=\"En savoir plus sur Brigitte Macron solo in Morocco: a detail that piques curiosity\">Lire plus<\/a><\/p>\n","protected":false},"author":9,"featured_media":3284,"comment_status":"open","ping_status":"open","sticky":false,"template":"","format":"standard","meta":{"footnotes":""},"categories":[816],"tags":[898,4141,1883,4005,4008],"class_list":["post-3286","post","type-post","status-publish","format-standard","has-post-thumbnail","hentry","category-news","tag-brigitte-macron-en","tag-curiosity-en","tag-first-lady-en","tag-maroc-en","tag-official-voyage-en"],"yoast_head":"<!-- This site is optimized with the Yoast SEO plugin v27.5 - https:\/\/yoast.com\/product\/yoast-seo-wordpress\/ -->\n<title>Brigitte Macron solo in Morocco: a detail that piques curiosity - Fan site S\u00e9bastien Auzi\u00e8re<\/title>\n<meta name=\"description\" content=\"Brigitte Macron en solo au Maroc : d\u00e9couvrez le d\u00e9tail surprenant qui suscite la curiosit\u00e9 lors de son s\u00e9jour exclusif.\" \/>\n<meta name=\"robots\" content=\"index, follow, max-snippet:-1, max-image-preview:large, max-video-preview:-1\" \/>\n<link rel=\"canonical\" href=\"https:\/\/www.sebastien-auziere.fr\/blog\/en\/brigitte-macron-solo-in-morocco-a-detail-that-piques-curiosity\/\" \/>\n<meta property=\"og:locale\" content=\"fr_FR\" \/>\n<meta property=\"og:type\" content=\"article\" \/>\n<meta property=\"og:title\" content=\"Brigitte Macron solo in Morocco: a detail that piques curiosity - Fan site S\u00e9bastien Auzi\u00e8re\" \/>\n<meta property=\"og:description\" content=\"Brigitte Macron en solo au Maroc : d\u00e9couvrez le d\u00e9tail surprenant qui suscite la curiosit\u00e9 lors de son s\u00e9jour exclusif.\" \/>\n<meta property=\"og:url\" content=\"https:\/\/www.sebastien-auziere.fr\/blog\/en\/brigitte-macron-solo-in-morocco-a-detail-that-piques-curiosity\/\" \/>\n<meta property=\"og:site_name\" content=\"Fan site S\u00e9bastien Auzi\u00e8re\" \/>\n<meta property=\"article:published_time\" content=\"2026-04-24T07:10:59+00:00\" \/>\n<meta property=\"article:modified_time\" content=\"2026-04-24T07:11:16+00:00\" \/>\n<meta property=\"og:image\" content=\"https:\/\/www.sebastien-auziere.fr\/blog\/wp-content\/uploads\/2026\/04\/Brigitte-Macron-en-solo-au-Maroc-un-detail-qui-suscite-la-curiosite.jpg\" \/>\n\t<meta property=\"og:image:width\" content=\"2560\" \/>\n\t<meta property=\"og:image:height\" content=\"1429\" \/>\n\t<meta property=\"og:image:type\" content=\"image\/jpeg\" \/>\n<meta name=\"author\" content=\"Chloe Gauthier\" \/>\n<meta name=\"twitter:card\" content=\"summary_large_image\" \/>\n<meta name=\"twitter:label1\" content=\"\u00c9crit par\" \/>\n\t<meta name=\"twitter:data1\" content=\"Chloe Gauthier\" \/>\n\t<meta name=\"twitter:label2\" content=\"Dur\u00e9e de lecture estim\u00e9e\" \/>\n\t<meta name=\"twitter:data2\" content=\"2 minutes\" \/>\n<script type=\"application\/ld+json\" class=\"yoast-schema-graph\">{\"@context\":\"https:\\\/\\\/schema.org\",\"@graph\":[{\"@type\":\"Article\",\"@id\":\"https:\\\/\\\/www.sebastien-auziere.fr\\\/blog\\\/en\\\/brigitte-macron-solo-in-morocco-a-detail-that-piques-curiosity\\\/#article\",\"isPartOf\":{\"@id\":\"https:\\\/\\\/www.sebastien-auziere.fr\\\/blog\\\/en\\\/brigitte-macron-solo-in-morocco-a-detail-that-piques-curiosity\\\/\"},\"author\":{\"name\":\"Chloe Gauthier\",\"@id\":\"https:\\\/\\\/www.sebastien-auziere.fr\\\/blog\\\/#\\\/schema\\\/person\\\/149f1acdbfd85149c6c3e59adeae2f4d\"},\"headline\":\"Brigitte Macron solo in Morocco: a detail that piques curiosity\",\"datePublished\":\"2026-04-24T07:10:59+00:00\",\"dateModified\":\"2026-04-24T07:11:16+00:00\",\"mainEntityOfPage\":{\"@id\":\"https:\\\/\\\/www.sebastien-auziere.fr\\\/blog\\\/en\\\/brigitte-macron-solo-in-morocco-a-detail-that-piques-curiosity\\\/\"},\"wordCount\":497,\"commentCount\":0,\"publisher\":{\"@id\":\"https:\\\/\\\/www.sebastien-auziere.fr\\\/blog\\\/#organization\"},\"image\":{\"@id\":\"https:\\\/\\\/www.sebastien-auziere.fr\\\/blog\\\/en\\\/brigitte-macron-solo-in-morocco-a-detail-that-piques-curiosity\\\/#primaryimage\"},\"thumbnailUrl\":\"https:\\\/\\\/www.sebastien-auziere.fr\\\/blog\\\/wp-content\\\/uploads\\\/2026\\\/04\\\/Brigitte-Macron-en-solo-au-Maroc-un-detail-qui-suscite-la-curiosite.jpg\",\"keywords\":[\"brigitte macron\",\"curiosity\",\"first lady\",\"maroc\",\"official voyage\"],\"articleSection\":[\"News\"],\"inLanguage\":\"fr-FR\",\"potentialAction\":[{\"@type\":\"CommentAction\",\"name\":\"Comment\",\"target\":[\"https:\\\/\\\/www.sebastien-auziere.fr\\\/blog\\\/en\\\/brigitte-macron-solo-in-morocco-a-detail-that-piques-curiosity\\\/#respond\"]}]},{\"@type\":\"WebPage\",\"@id\":\"https:\\\/\\\/www.sebastien-auziere.fr\\\/blog\\\/en\\\/brigitte-macron-solo-in-morocco-a-detail-that-piques-curiosity\\\/\",\"url\":\"https:\\\/\\\/www.sebastien-auziere.fr\\\/blog\\\/en\\\/brigitte-macron-solo-in-morocco-a-detail-that-piques-curiosity\\\/\",\"name\":\"Brigitte Macron solo in Morocco: a detail that piques curiosity - Fan site S\u00e9bastien Auzi\u00e8re\",\"isPartOf\":{\"@id\":\"https:\\\/\\\/www.sebastien-auziere.fr\\\/blog\\\/#website\"},\"primaryImageOfPage\":{\"@id\":\"https:\\\/\\\/www.sebastien-auziere.fr\\\/blog\\\/en\\\/brigitte-macron-solo-in-morocco-a-detail-that-piques-curiosity\\\/#primaryimage\"},\"image\":{\"@id\":\"https:\\\/\\\/www.sebastien-auziere.fr\\\/blog\\\/en\\\/brigitte-macron-solo-in-morocco-a-detail-that-piques-curiosity\\\/#primaryimage\"},\"thumbnailUrl\":\"https:\\\/\\\/www.sebastien-auziere.fr\\\/blog\\\/wp-content\\\/uploads\\\/2026\\\/04\\\/Brigitte-Macron-en-solo-au-Maroc-un-detail-qui-suscite-la-curiosite.jpg\",\"datePublished\":\"2026-04-24T07:10:59+00:00\",\"dateModified\":\"2026-04-24T07:11:16+00:00\",\"description\":\"Brigitte Macron en solo au Maroc : d\u00e9couvrez le d\u00e9tail surprenant qui suscite la curiosit\u00e9 lors de son s\u00e9jour exclusif.\",\"breadcrumb\":{\"@id\":\"https:\\\/\\\/www.sebastien-auziere.fr\\\/blog\\\/en\\\/brigitte-macron-solo-in-morocco-a-detail-that-piques-curiosity\\\/#breadcrumb\"},\"inLanguage\":\"fr-FR\",\"potentialAction\":[{\"@type\":\"ReadAction\",\"target\":[\"https:\\\/\\\/www.sebastien-auziere.fr\\\/blog\\\/en\\\/brigitte-macron-solo-in-morocco-a-detail-that-piques-curiosity\\\/\"]}]},{\"@type\":\"ImageObject\",\"inLanguage\":\"fr-FR\",\"@id\":\"https:\\\/\\\/www.sebastien-auziere.fr\\\/blog\\\/en\\\/brigitte-macron-solo-in-morocco-a-detail-that-piques-curiosity\\\/#primaryimage\",\"url\":\"https:\\\/\\\/www.sebastien-auziere.fr\\\/blog\\\/wp-content\\\/uploads\\\/2026\\\/04\\\/Brigitte-Macron-en-solo-au-Maroc-un-detail-qui-suscite-la-curiosite.jpg\",\"contentUrl\":\"https:\\\/\\\/www.sebastien-auziere.fr\\\/blog\\\/wp-content\\\/uploads\\\/2026\\\/04\\\/Brigitte-Macron-en-solo-au-Maroc-un-detail-qui-suscite-la-curiosite.jpg\",\"width\":2560,\"height\":1429,\"caption\":\"d\u00e9couvrez pourquoi la pr\u00e9sence seule de brigitte macron au maroc attire l'attention et suscite la curiosit\u00e9 dans les m\u00e9dias.\"},{\"@type\":\"BreadcrumbList\",\"@id\":\"https:\\\/\\\/www.sebastien-auziere.fr\\\/blog\\\/en\\\/brigitte-macron-solo-in-morocco-a-detail-that-piques-curiosity\\\/#breadcrumb\",\"itemListElement\":[{\"@type\":\"ListItem\",\"position\":1,\"name\":\"Home\",\"item\":\"https:\\\/\\\/www.sebastien-auziere.fr\\\/blog\\\/\"},{\"@type\":\"ListItem\",\"position\":2,\"name\":\"Brigitte Macron solo in Morocco: a detail that piques curiosity\"}]},{\"@type\":\"WebSite\",\"@id\":\"https:\\\/\\\/www.sebastien-auziere.fr\\\/blog\\\/#website\",\"url\":\"https:\\\/\\\/www.sebastien-auziere.fr\\\/blog\\\/\",\"name\":\"Fan site S\u00e9bastien Auzi\u00e8re\",\"description\":\"M\u00e9dia g\u00e9n\u00e9raliste\",\"publisher\":{\"@id\":\"https:\\\/\\\/www.sebastien-auziere.fr\\\/blog\\\/#organization\"},\"potentialAction\":[{\"@type\":\"SearchAction\",\"target\":{\"@type\":\"EntryPoint\",\"urlTemplate\":\"https:\\\/\\\/www.sebastien-auziere.fr\\\/blog\\\/?s={search_term_string}\"},\"query-input\":{\"@type\":\"PropertyValueSpecification\",\"valueRequired\":true,\"valueName\":\"search_term_string\"}}],\"inLanguage\":\"fr-FR\"},{\"@type\":\"Organization\",\"@id\":\"https:\\\/\\\/www.sebastien-auziere.fr\\\/blog\\\/#organization\",\"name\":\"Fan site S\u00e9bastien Auzi\u00e8re\",\"url\":\"https:\\\/\\\/www.sebastien-auziere.fr\\\/blog\\\/\",\"logo\":{\"@type\":\"ImageObject\",\"inLanguage\":\"fr-FR\",\"@id\":\"https:\\\/\\\/www.sebastien-auziere.fr\\\/blog\\\/#\\\/schema\\\/logo\\\/image\\\/\",\"url\":\"https:\\\/\\\/www.sebastien-auziere.fr\\\/blog\\\/wp-content\\\/uploads\\\/2026\\\/03\\\/cropped-cropped-cropped-ChatGPT-Image-6-mars-2026-12_58_09-e1772798376794.jpg\",\"contentUrl\":\"https:\\\/\\\/www.sebastien-auziere.fr\\\/blog\\\/wp-content\\\/uploads\\\/2026\\\/03\\\/cropped-cropped-cropped-ChatGPT-Image-6-mars-2026-12_58_09-e1772798376794.jpg\",\"width\":512,\"height\":360,\"caption\":\"Fan site S\u00e9bastien Auzi\u00e8re\"},\"image\":{\"@id\":\"https:\\\/\\\/www.sebastien-auziere.fr\\\/blog\\\/#\\\/schema\\\/logo\\\/image\\\/\"}},{\"@type\":\"Person\",\"@id\":\"https:\\\/\\\/www.sebastien-auziere.fr\\\/blog\\\/#\\\/schema\\\/person\\\/149f1acdbfd85149c6c3e59adeae2f4d\",\"name\":\"Chloe Gauthier\",\"image\":{\"@type\":\"ImageObject\",\"inLanguage\":\"fr-FR\",\"@id\":\"https:\\\/\\\/secure.gravatar.com\\\/avatar\\\/2c5722f58171cff738a8985ef0dd66b476e563753246a49019befc837ec4201a?s=96&d=mm&r=g\",\"url\":\"https:\\\/\\\/secure.gravatar.com\\\/avatar\\\/2c5722f58171cff738a8985ef0dd66b476e563753246a49019befc837ec4201a?s=96&d=mm&r=g\",\"contentUrl\":\"https:\\\/\\\/secure.gravatar.com\\\/avatar\\\/2c5722f58171cff738a8985ef0dd66b476e563753246a49019befc837ec4201a?s=96&d=mm&r=g\",\"caption\":\"Chloe Gauthier\"},\"description\":\"Passionn\u00e9e par la politique et admiratrice engag\u00e9e de la famille Macron, je consacre mon \u00e9nergie \u00e0 suivre leurs initiatives et \u00e0 promouvoir leurs id\u00e9es. \u00c0 32 ans, je suis convaincue que leur vision est porteuse d'avenir.\",\"url\":\"https:\\\/\\\/www.sebastien-auziere.fr\\\/blog\\\/author\\\/chloe-gauthier\\\/\"}]}<\/script>\n<!-- \/ Yoast SEO plugin. -->","yoast_head_json":{"title":"Brigitte Macron solo in Morocco: a detail that piques curiosity - Fan site S\u00e9bastien Auzi\u00e8re","description":"Brigitte Macron en solo au Maroc : d\u00e9couvrez le d\u00e9tail surprenant qui suscite la curiosit\u00e9 lors de son s\u00e9jour exclusif.","robots":{"index":"index","follow":"follow","max-snippet":"max-snippet:-1","max-image-preview":"max-image-preview:large","max-video-preview":"max-video-preview:-1"},"canonical":"https:\/\/www.sebastien-auziere.fr\/blog\/en\/brigitte-macron-solo-in-morocco-a-detail-that-piques-curiosity\/","og_locale":"fr_FR","og_type":"article","og_title":"Brigitte Macron solo in Morocco: a detail that piques curiosity - Fan site S\u00e9bastien Auzi\u00e8re","og_description":"Brigitte Macron en solo au Maroc : d\u00e9couvrez le d\u00e9tail surprenant qui suscite la curiosit\u00e9 lors de son s\u00e9jour exclusif.","og_url":"https:\/\/www.sebastien-auziere.fr\/blog\/en\/brigitte-macron-solo-in-morocco-a-detail-that-piques-curiosity\/","og_site_name":"Fan site S\u00e9bastien Auzi\u00e8re","article_published_time":"2026-04-24T07:10:59+00:00","article_modified_time":"2026-04-24T07:11:16+00:00","og_image":[{"width":2560,"height":1429,"url":"https:\/\/www.sebastien-auziere.fr\/blog\/wp-content\/uploads\/2026\/04\/Brigitte-Macron-en-solo-au-Maroc-un-detail-qui-suscite-la-curiosite.jpg","type":"image\/jpeg"}],"author":"Chloe Gauthier","twitter_card":"summary_large_image","twitter_misc":{"\u00c9crit par":"Chloe Gauthier","Dur\u00e9e de lecture estim\u00e9e":"2 minutes"},"schema":{"@context":"https:\/\/schema.org","@graph":[{"@type":"Article","@id":"https:\/\/www.sebastien-auziere.fr\/blog\/en\/brigitte-macron-solo-in-morocco-a-detail-that-piques-curiosity\/#article","isPartOf":{"@id":"https:\/\/www.sebastien-auziere.fr\/blog\/en\/brigitte-macron-solo-in-morocco-a-detail-that-piques-curiosity\/"},"author":{"name":"Chloe Gauthier","@id":"https:\/\/www.sebastien-auziere.fr\/blog\/#\/schema\/person\/149f1acdbfd85149c6c3e59adeae2f4d"},"headline":"Brigitte Macron solo in Morocco: a detail that piques curiosity","datePublished":"2026-04-24T07:10:59+00:00","dateModified":"2026-04-24T07:11:16+00:00","mainEntityOfPage":{"@id":"https:\/\/www.sebastien-auziere.fr\/blog\/en\/brigitte-macron-solo-in-morocco-a-detail-that-piques-curiosity\/"},"wordCount":497,"commentCount":0,"publisher":{"@id":"https:\/\/www.sebastien-auziere.fr\/blog\/#organization"},"image":{"@id":"https:\/\/www.sebastien-auziere.fr\/blog\/en\/brigitte-macron-solo-in-morocco-a-detail-that-piques-curiosity\/#primaryimage"},"thumbnailUrl":"https:\/\/www.sebastien-auziere.fr\/blog\/wp-content\/uploads\/2026\/04\/Brigitte-Macron-en-solo-au-Maroc-un-detail-qui-suscite-la-curiosite.jpg","keywords":["brigitte macron","curiosity","first lady","maroc","official voyage"],"articleSection":["News"],"inLanguage":"fr-FR","potentialAction":[{"@type":"CommentAction","name":"Comment","target":["https:\/\/www.sebastien-auziere.fr\/blog\/en\/brigitte-macron-solo-in-morocco-a-detail-that-piques-curiosity\/#respond"]}]},{"@type":"WebPage","@id":"https:\/\/www.sebastien-auziere.fr\/blog\/en\/brigitte-macron-solo-in-morocco-a-detail-that-piques-curiosity\/","url":"https:\/\/www.sebastien-auziere.fr\/blog\/en\/brigitte-macron-solo-in-morocco-a-detail-that-piques-curiosity\/","name":"Brigitte Macron solo in Morocco: a detail that piques curiosity - Fan site S\u00e9bastien Auzi\u00e8re","isPartOf":{"@id":"https:\/\/www.sebastien-auziere.fr\/blog\/#website"},"primaryImageOfPage":{"@id":"https:\/\/www.sebastien-auziere.fr\/blog\/en\/brigitte-macron-solo-in-morocco-a-detail-that-piques-curiosity\/#primaryimage"},"image":{"@id":"https:\/\/www.sebastien-auziere.fr\/blog\/en\/brigitte-macron-solo-in-morocco-a-detail-that-piques-curiosity\/#primaryimage"},"thumbnailUrl":"https:\/\/www.sebastien-auziere.fr\/blog\/wp-content\/uploads\/2026\/04\/Brigitte-Macron-en-solo-au-Maroc-un-detail-qui-suscite-la-curiosite.jpg","datePublished":"2026-04-24T07:10:59+00:00","dateModified":"2026-04-24T07:11:16+00:00","description":"Brigitte Macron en solo au Maroc : d\u00e9couvrez le d\u00e9tail surprenant qui suscite la curiosit\u00e9 lors de son s\u00e9jour exclusif.","breadcrumb":{"@id":"https:\/\/www.sebastien-auziere.fr\/blog\/en\/brigitte-macron-solo-in-morocco-a-detail-that-piques-curiosity\/#breadcrumb"},"inLanguage":"fr-FR","potentialAction":[{"@type":"ReadAction","target":["https:\/\/www.sebastien-auziere.fr\/blog\/en\/brigitte-macron-solo-in-morocco-a-detail-that-piques-curiosity\/"]}]},{"@type":"ImageObject","inLanguage":"fr-FR","@id":"https:\/\/www.sebastien-auziere.fr\/blog\/en\/brigitte-macron-solo-in-morocco-a-detail-that-piques-curiosity\/#primaryimage","url":"https:\/\/www.sebastien-auziere.fr\/blog\/wp-content\/uploads\/2026\/04\/Brigitte-Macron-en-solo-au-Maroc-un-detail-qui-suscite-la-curiosite.jpg","contentUrl":"https:\/\/www.sebastien-auziere.fr\/blog\/wp-content\/uploads\/2026\/04\/Brigitte-Macron-en-solo-au-Maroc-un-detail-qui-suscite-la-curiosite.jpg","width":2560,"height":1429,"caption":"d\u00e9couvrez pourquoi la pr\u00e9sence seule de brigitte macron au maroc attire l'attention et suscite la curiosit\u00e9 dans les m\u00e9dias."},{"@type":"BreadcrumbList","@id":"https:\/\/www.sebastien-auziere.fr\/blog\/en\/brigitte-macron-solo-in-morocco-a-detail-that-piques-curiosity\/#breadcrumb","itemListElement":[{"@type":"ListItem","position":1,"name":"Home","item":"https:\/\/www.sebastien-auziere.fr\/blog\/"},{"@type":"ListItem","position":2,"name":"Brigitte Macron solo in Morocco: a detail that piques curiosity"}]},{"@type":"WebSite","@id":"https:\/\/www.sebastien-auziere.fr\/blog\/#website","url":"https:\/\/www.sebastien-auziere.fr\/blog\/","name":"Fan site S\u00e9bastien Auzi\u00e8re","description":"M\u00e9dia g\u00e9n\u00e9raliste","publisher":{"@id":"https:\/\/www.sebastien-auziere.fr\/blog\/#organization"},"potentialAction":[{"@type":"SearchAction","target":{"@type":"EntryPoint","urlTemplate":"https:\/\/www.sebastien-auziere.fr\/blog\/?s={search_term_string}"},"query-input":{"@type":"PropertyValueSpecification","valueRequired":true,"valueName":"search_term_string"}}],"inLanguage":"fr-FR"},{"@type":"Organization","@id":"https:\/\/www.sebastien-auziere.fr\/blog\/#organization","name":"Fan site S\u00e9bastien Auzi\u00e8re","url":"https:\/\/www.sebastien-auziere.fr\/blog\/","logo":{"@type":"ImageObject","inLanguage":"fr-FR","@id":"https:\/\/www.sebastien-auziere.fr\/blog\/#\/schema\/logo\/image\/","url":"https:\/\/www.sebastien-auziere.fr\/blog\/wp-content\/uploads\/2026\/03\/cropped-cropped-cropped-ChatGPT-Image-6-mars-2026-12_58_09-e1772798376794.jpg","contentUrl":"https:\/\/www.sebastien-auziere.fr\/blog\/wp-content\/uploads\/2026\/03\/cropped-cropped-cropped-ChatGPT-Image-6-mars-2026-12_58_09-e1772798376794.jpg","width":512,"height":360,"caption":"Fan site S\u00e9bastien Auzi\u00e8re"},"image":{"@id":"https:\/\/www.sebastien-auziere.fr\/blog\/#\/schema\/logo\/image\/"}},{"@type":"Person","@id":"https:\/\/www.sebastien-auziere.fr\/blog\/#\/schema\/person\/149f1acdbfd85149c6c3e59adeae2f4d","name":"Chloe Gauthier","image":{"@type":"ImageObject","inLanguage":"fr-FR","@id":"https:\/\/secure.gravatar.com\/avatar\/2c5722f58171cff738a8985ef0dd66b476e563753246a49019befc837ec4201a?s=96&d=mm&r=g","url":"https:\/\/secure.gravatar.com\/avatar\/2c5722f58171cff738a8985ef0dd66b476e563753246a49019befc837ec4201a?s=96&d=mm&r=g","contentUrl":"https:\/\/secure.gravatar.com\/avatar\/2c5722f58171cff738a8985ef0dd66b476e563753246a49019befc837ec4201a?s=96&d=mm&r=g","caption":"Chloe Gauthier"},"description":"Passionn\u00e9e par la politique et admiratrice engag\u00e9e de la famille Macron, je consacre mon \u00e9nergie \u00e0 suivre leurs initiatives et \u00e0 promouvoir leurs id\u00e9es. \u00c0 32 ans, je suis convaincue que leur vision est porteuse d'avenir.","url":"https:\/\/www.sebastien-auziere.fr\/blog\/author\/chloe-gauthier\/"}]}},"views":1,"_links":{"self":[{"href":"https:\/\/www.sebastien-auziere.fr\/blog\/wp-json\/wp\/v2\/posts\/3286","targetHints":{"allow":["GET"]}}],"collection":[{"href":"https:\/\/www.sebastien-auziere.fr\/blog\/wp-json\/wp\/v2\/posts"}],"about":[{"href":"https:\/\/www.sebastien-auziere.fr\/blog\/wp-json\/wp\/v2\/types\/post"}],"author":[{"embeddable":true,"href":"https:\/\/www.sebastien-auziere.fr\/blog\/wp-json\/wp\/v2\/users\/9"}],"replies":[{"embeddable":true,"href":"https:\/\/www.sebastien-auziere.fr\/blog\/wp-json\/wp\/v2\/comments?post=3286"}],"version-history":[{"count":1,"href":"https:\/\/www.sebastien-auziere.fr\/blog\/wp-json\/wp\/v2\/posts\/3286\/revisions"}],"predecessor-version":[{"id":3287,"href":"https:\/\/www.sebastien-auziere.fr\/blog\/wp-json\/wp\/v2\/posts\/3286\/revisions\/3287"}],"wp:featuredmedia":[{"embeddable":true,"href":"https:\/\/www.sebastien-auziere.fr\/blog\/wp-json\/wp\/v2\/media\/3284"}],"wp:attachment":[{"href":"https:\/\/www.sebastien-auziere.fr\/blog\/wp-json\/wp\/v2\/media?parent=3286"}],"wp:term":[{"taxonomy":"category","embeddable":true,"href":"https:\/\/www.sebastien-auziere.fr\/blog\/wp-json\/wp\/v2\/categories?post=3286"},{"taxonomy":"post_tag","embeddable":true,"href":"https:\/\/www.sebastien-auziere.fr\/blog\/wp-json\/wp\/v2\/tags?post=3286"}],"curies":[{"name":"wp","href":"https:\/\/api.w.org\/{rel}","templated":true}]}}