{"id":3285,"date":"2026-04-24T07:10:55","date_gmt":"2026-04-24T07:10:55","guid":{"rendered":"https:\/\/www.sebastien-auziere.fr\/blog\/brigitte-macron-maroc-2\/"},"modified":"2026-04-24T07:10:55","modified_gmt":"2026-04-24T07:10:55","slug":"brigitte-macron-maroc-2","status":"publish","type":"post","link":"https:\/\/www.sebastien-auziere.fr\/blog\/brigitte-macron-maroc-2\/","title":{"rendered":"Brigitte Macron en solo au Maroc : un d\u00e9tail qui suscite la curiosit\u00e9"},"content":{"rendered":"<p>Brigitte Macron a pris un vol commercial Air France pour se rendre \u00e0 <strong>Rabat<\/strong> le <strong>22 avril 2026<\/strong>, sans Emmanuel Macron, un choix qui a imm\u00e9diatement attir\u00e9 l&rsquo;attention. Ce <strong>voyage solo<\/strong> \u2014 officiellement pour inaugurer le <strong>Th\u00e9\u00e2tre royal<\/strong> \u2014 est d\u00e9j\u00e0 la <strong>quatri\u00e8me mission en solo<\/strong> de la Premi\u00e8re dame depuis 2017, un d\u00e9tail qui suscite la curiosit\u00e9 et relance le d\u00e9bat sur son r\u00f4le diplomatique.<\/p>\n\n<p>En bref : la Premi\u00e8re dame choisit la sobri\u00e9t\u00e9 en voyageant sur une compagnie commerciale, met la culture au c\u0153ur d&rsquo;une s\u00e9quence franco-marocaine marqu\u00e9e par la reconnaissance du Sahara occidental par Paris, et prolonge une \u00ab diplomatie des dames \u00bb d\u00e9j\u00e0 \u00e9voqu\u00e9e par les m\u00e9dias. Ce d\u00e9placement combine symboles culturels et gestes politiques concrets.<\/p>\n\n<h2 class=\"wp-block-heading\">Raret\u00e9 du d\u00e9placement et chiffres cl\u00e9s<\/h2>\n\n<p>Le <strong>chiffre<\/strong> suffit pour mesurer l&rsquo;exception : en pr\u00e8s de neuf ans \u00e0 l&rsquo;\u00c9lys\u00e9e, Brigitte Macron n&rsquo;a effectu\u00e9 que <strong>quatre d\u00e9placements \u00e0 l&rsquo;\u00e9tranger sans son \u00e9poux<\/strong>. Selon <a href=\"https:\/\/www.lopinion.fr\/politique\/brigitte-macron-et-la-diplomatie-des-dames\">L&rsquo;Opinion<\/a>, sa derni\u00e8re mission en solo remontait \u00e0 un d\u00e9placement \u00e0 Washington consacr\u00e9 \u00e0 la protection de l&rsquo;enfance dans l&rsquo;univers num\u00e9rique. Ce parcours illustre une mont\u00e9e en puissance de ses engagements sur des sujets cibl\u00e9s, loin de la simple pr\u00e9sence protocolaire.<\/p>\n\n<h2 class=\"wp-block-heading\">Le d\u00e9tail qui intrigue : un vol Air France plut\u00f4t que l&rsquo;avion pr\u00e9sidentiel<\/h2>\n\n<p>Le choix d&rsquo;un vol commercial Air France pour ce <strong>voyage solo<\/strong> n&rsquo;est pas anodin : il renforce une image de sobri\u00e9t\u00e9 et d&rsquo;accessibilit\u00e9. Plusieurs m\u00e9dias ont soulign\u00e9 ce <strong>d\u00e9tail<\/strong> comme r\u00e9v\u00e9lateur d&rsquo;une volont\u00e9 de limiter le dispositif protocolaire, rapprochant la Premi\u00e8re dame du public. Pour en savoir plus sur ce mode de d\u00e9placement et ses pr\u00e9c\u00e9dents, certains observateurs renvoient \u00e0 la couverture presse et aux analyses culturelles.<\/p>\n\n<p><a href=\"https:\/\/www.closermag.fr\/people\/brigitte-macron-en-solo-au-maroc-choix-ecolo-pour-rencontrer-les-princesses-a-rabat-loin-demmanuel-macron-3631822\">Couverture proche<\/a> relate ce signe esth\u00e9tique qui ne l&rsquo;est pas moins politiquement.<\/p>\n\n<h3 class=\"wp-block-heading\">Culture et diplomatie : le Th\u00e9\u00e2tre royal comme symbole<\/h3>\n\n<p>La mission culturelle de Brigitte Macron \u00e0 Rabat, et l&rsquo;inauguration du <strong>Th\u00e9\u00e2tre royal<\/strong>, s&rsquo;inscrivent dans une s\u00e9quence diplomatique dense entre Paris et Rabat. Apr\u00e8s des rencontres en 2024 avec des membres de la famille royale et la d\u00e9cision fran\u00e7aise sur le Sahara occidental, ce geste culturel vient cimenter un rapprochement. Le choix d&rsquo;une figure f\u00e9minine pour cette inauguration illustre une diplomatie compl\u00e9mentaire, plus informelle mais strat\u00e9gique.<\/p>\n\n<h2 class=\"wp-block-heading\">Ce que cette visite r\u00e9v\u00e8le du r\u00f4le de la Premi\u00e8re dame<\/h2>\n\n<p>En multipliant des missions autonomes sur la culture, l&rsquo;\u00e9ducation et la protection des enfants, Brigitte Macron red\u00e9finit un r\u00f4le non codifi\u00e9 par la loi. Ce <strong>d\u00e9placement<\/strong> au Maroc montre une strat\u00e9gie o\u00f9 Emmanuel Macron et sa conjointe se r\u00e9partissent les champs d&rsquo;action : l&rsquo;un sur le politique et la s\u00e9curit\u00e9, l&rsquo;autre sur le culturel et le soci\u00e9tal. Ce positionnement pr\u00e9pare sans doute un h\u00e9ritage diplomatique personnel pour la fin du quinquennat.<\/p>\n\n<p>Tu veux en savoir plus sur les coulisses de ce voyage et la relation avec la famille Macron ? D\u00e9couvre des analyses et des d\u00e9tails compl\u00e9mentaires sur <a href=\"https:\/\/www.sebastien-auziere.fr\/blog\/brigitte-macron-maroc-solo\/\">le dossier consacr\u00e9 au voyage solo<\/a> et plonge dans d&rsquo;autres facettes de la Premi\u00e8re dame, comme ses choix de style et d&rsquo;engagement via <a href=\"https:\/\/www.sebastien-auziere.fr\/blog\/brigitte-macron-robe-louis-vuitton\/\">ces articles d\u00e9di\u00e9s<\/a>. Pour un portrait plus large de S\u00e9bastien Auzi\u00e8re et des Macron, retrouve toutes les informations sur <strong>sebastien-auziere.fr<\/strong>.<\/p>\n\n","protected":false},"excerpt":{"rendered":"<p>Brigitte Macron a pris un vol commercial Air France pour se rendre \u00e0 Rabat le 22 avril 2026, sans Emmanuel Macron, un choix qui a imm\u00e9diatement attir\u00e9 l&rsquo;attention. Ce voyage solo \u2014 officiellement pour inaugurer le Th\u00e9\u00e2tre royal \u2014 est d\u00e9j\u00e0 la quatri\u00e8me mission en solo de la Premi\u00e8re dame depuis 2017, un d\u00e9tail qui &#8230; <a title=\"Brigitte Macron en solo au Maroc : un d\u00e9tail qui suscite la curiosit\u00e9\" class=\"read-more\" href=\"https:\/\/www.sebastien-auziere.fr\/blog\/brigitte-macron-maroc-2\/\" aria-label=\"En savoir plus sur Brigitte Macron en solo au Maroc : un d\u00e9tail qui suscite la curiosit\u00e9\">Lire plus<\/a><\/p>\n","protected":false},"author":9,"featured_media":3284,"comment_status":"open","ping_status":"open","sticky":false,"template":"","format":"standard","meta":{"footnotes":""},"categories":[597],"tags":[892,4139,3996,1871,3998],"class_list":["post-3285","post","type-post","status-publish","format-standard","has-post-thumbnail","hentry","category-actualites","tag-brigitte-macron","tag-curiosite","tag-maroc","tag-premiere-dame","tag-voyage-officiel"],"yoast_head":"<!-- This site is optimized with the Yoast SEO plugin v27.5 - https:\/\/yoast.com\/product\/yoast-seo-wordpress\/ -->\n<title>Brigitte Macron en solo au Maroc : un d\u00e9tail qui suscite la curiosit\u00e9 - Fan site S\u00e9bastien Auzi\u00e8re<\/title>\n<meta name=\"description\" content=\"Brigitte Macron en solo au Maroc : d\u00e9couvrez le d\u00e9tail surprenant qui suscite la curiosit\u00e9 lors de son s\u00e9jour exclusif.\" \/>\n<meta name=\"robots\" content=\"index, follow, max-snippet:-1, max-image-preview:large, max-video-preview:-1\" \/>\n<link rel=\"canonical\" href=\"https:\/\/www.sebastien-auziere.fr\/blog\/brigitte-macron-maroc-2\/\" \/>\n<meta property=\"og:locale\" content=\"fr_FR\" \/>\n<meta property=\"og:type\" content=\"article\" \/>\n<meta property=\"og:title\" content=\"Brigitte Macron en solo au Maroc : un d\u00e9tail qui suscite la curiosit\u00e9 - Fan site S\u00e9bastien Auzi\u00e8re\" \/>\n<meta property=\"og:description\" content=\"Brigitte Macron en solo au Maroc : d\u00e9couvrez le d\u00e9tail surprenant qui suscite la curiosit\u00e9 lors de son s\u00e9jour exclusif.\" \/>\n<meta property=\"og:url\" content=\"https:\/\/www.sebastien-auziere.fr\/blog\/brigitte-macron-maroc-2\/\" \/>\n<meta property=\"og:site_name\" content=\"Fan site S\u00e9bastien Auzi\u00e8re\" \/>\n<meta property=\"article:published_time\" content=\"2026-04-24T07:10:55+00:00\" \/>\n<meta property=\"og:image\" content=\"https:\/\/www.sebastien-auziere.fr\/blog\/wp-content\/uploads\/2026\/04\/Brigitte-Macron-en-solo-au-Maroc-un-detail-qui-suscite-la-curiosite.jpg\" \/>\n\t<meta property=\"og:image:width\" content=\"2560\" \/>\n\t<meta property=\"og:image:height\" content=\"1429\" \/>\n\t<meta property=\"og:image:type\" content=\"image\/jpeg\" \/>\n<meta name=\"author\" content=\"Chloe Gauthier\" \/>\n<meta name=\"twitter:card\" content=\"summary_large_image\" \/>\n<meta name=\"twitter:label1\" content=\"\u00c9crit par\" \/>\n\t<meta name=\"twitter:data1\" content=\"Chloe Gauthier\" \/>\n\t<meta name=\"twitter:label2\" content=\"Dur\u00e9e de lecture estim\u00e9e\" \/>\n\t<meta name=\"twitter:data2\" content=\"3 minutes\" \/>\n<script type=\"application\/ld+json\" class=\"yoast-schema-graph\">{\"@context\":\"https:\\\/\\\/schema.org\",\"@graph\":[{\"@type\":\"Article\",\"@id\":\"https:\\\/\\\/www.sebastien-auziere.fr\\\/blog\\\/brigitte-macron-maroc-2\\\/#article\",\"isPartOf\":{\"@id\":\"https:\\\/\\\/www.sebastien-auziere.fr\\\/blog\\\/brigitte-macron-maroc-2\\\/\"},\"author\":{\"name\":\"Chloe Gauthier\",\"@id\":\"https:\\\/\\\/www.sebastien-auziere.fr\\\/blog\\\/#\\\/schema\\\/person\\\/149f1acdbfd85149c6c3e59adeae2f4d\"},\"headline\":\"Brigitte Macron en solo au Maroc : un d\u00e9tail qui suscite la curiosit\u00e9\",\"datePublished\":\"2026-04-24T07:10:55+00:00\",\"mainEntityOfPage\":{\"@id\":\"https:\\\/\\\/www.sebastien-auziere.fr\\\/blog\\\/brigitte-macron-maroc-2\\\/\"},\"wordCount\":578,\"commentCount\":0,\"publisher\":{\"@id\":\"https:\\\/\\\/www.sebastien-auziere.fr\\\/blog\\\/#organization\"},\"image\":{\"@id\":\"https:\\\/\\\/www.sebastien-auziere.fr\\\/blog\\\/brigitte-macron-maroc-2\\\/#primaryimage\"},\"thumbnailUrl\":\"https:\\\/\\\/www.sebastien-auziere.fr\\\/blog\\\/wp-content\\\/uploads\\\/2026\\\/04\\\/Brigitte-Macron-en-solo-au-Maroc-un-detail-qui-suscite-la-curiosite.jpg\",\"keywords\":[\"brigitte macron\",\"curiosit\u00e9\",\"maroc\",\"premi\u00e8re dame\",\"voyage officiel\"],\"articleSection\":[\"Actualit\u00e9s\"],\"inLanguage\":\"fr-FR\",\"potentialAction\":[{\"@type\":\"CommentAction\",\"name\":\"Comment\",\"target\":[\"https:\\\/\\\/www.sebastien-auziere.fr\\\/blog\\\/brigitte-macron-maroc-2\\\/#respond\"]}]},{\"@type\":\"WebPage\",\"@id\":\"https:\\\/\\\/www.sebastien-auziere.fr\\\/blog\\\/brigitte-macron-maroc-2\\\/\",\"url\":\"https:\\\/\\\/www.sebastien-auziere.fr\\\/blog\\\/brigitte-macron-maroc-2\\\/\",\"name\":\"Brigitte Macron en solo au Maroc : un d\u00e9tail qui suscite la curiosit\u00e9 - Fan site S\u00e9bastien Auzi\u00e8re\",\"isPartOf\":{\"@id\":\"https:\\\/\\\/www.sebastien-auziere.fr\\\/blog\\\/#website\"},\"primaryImageOfPage\":{\"@id\":\"https:\\\/\\\/www.sebastien-auziere.fr\\\/blog\\\/brigitte-macron-maroc-2\\\/#primaryimage\"},\"image\":{\"@id\":\"https:\\\/\\\/www.sebastien-auziere.fr\\\/blog\\\/brigitte-macron-maroc-2\\\/#primaryimage\"},\"thumbnailUrl\":\"https:\\\/\\\/www.sebastien-auziere.fr\\\/blog\\\/wp-content\\\/uploads\\\/2026\\\/04\\\/Brigitte-Macron-en-solo-au-Maroc-un-detail-qui-suscite-la-curiosite.jpg\",\"datePublished\":\"2026-04-24T07:10:55+00:00\",\"description\":\"Brigitte Macron en solo au Maroc : d\u00e9couvrez le d\u00e9tail surprenant qui suscite la curiosit\u00e9 lors de son s\u00e9jour exclusif.\",\"breadcrumb\":{\"@id\":\"https:\\\/\\\/www.sebastien-auziere.fr\\\/blog\\\/brigitte-macron-maroc-2\\\/#breadcrumb\"},\"inLanguage\":\"fr-FR\",\"potentialAction\":[{\"@type\":\"ReadAction\",\"target\":[\"https:\\\/\\\/www.sebastien-auziere.fr\\\/blog\\\/brigitte-macron-maroc-2\\\/\"]}]},{\"@type\":\"ImageObject\",\"inLanguage\":\"fr-FR\",\"@id\":\"https:\\\/\\\/www.sebastien-auziere.fr\\\/blog\\\/brigitte-macron-maroc-2\\\/#primaryimage\",\"url\":\"https:\\\/\\\/www.sebastien-auziere.fr\\\/blog\\\/wp-content\\\/uploads\\\/2026\\\/04\\\/Brigitte-Macron-en-solo-au-Maroc-un-detail-qui-suscite-la-curiosite.jpg\",\"contentUrl\":\"https:\\\/\\\/www.sebastien-auziere.fr\\\/blog\\\/wp-content\\\/uploads\\\/2026\\\/04\\\/Brigitte-Macron-en-solo-au-Maroc-un-detail-qui-suscite-la-curiosite.jpg\",\"width\":2560,\"height\":1429,\"caption\":\"d\u00e9couvrez pourquoi la pr\u00e9sence seule de brigitte macron au maroc attire l'attention et suscite la curiosit\u00e9 dans les m\u00e9dias.\"},{\"@type\":\"BreadcrumbList\",\"@id\":\"https:\\\/\\\/www.sebastien-auziere.fr\\\/blog\\\/brigitte-macron-maroc-2\\\/#breadcrumb\",\"itemListElement\":[{\"@type\":\"ListItem\",\"position\":1,\"name\":\"Home\",\"item\":\"https:\\\/\\\/www.sebastien-auziere.fr\\\/blog\\\/\"},{\"@type\":\"ListItem\",\"position\":2,\"name\":\"Brigitte Macron en solo au Maroc : un d\u00e9tail qui suscite la curiosit\u00e9\"}]},{\"@type\":\"WebSite\",\"@id\":\"https:\\\/\\\/www.sebastien-auziere.fr\\\/blog\\\/#website\",\"url\":\"https:\\\/\\\/www.sebastien-auziere.fr\\\/blog\\\/\",\"name\":\"Fan site S\u00e9bastien Auzi\u00e8re\",\"description\":\"M\u00e9dia g\u00e9n\u00e9raliste\",\"publisher\":{\"@id\":\"https:\\\/\\\/www.sebastien-auziere.fr\\\/blog\\\/#organization\"},\"potentialAction\":[{\"@type\":\"SearchAction\",\"target\":{\"@type\":\"EntryPoint\",\"urlTemplate\":\"https:\\\/\\\/www.sebastien-auziere.fr\\\/blog\\\/?s={search_term_string}\"},\"query-input\":{\"@type\":\"PropertyValueSpecification\",\"valueRequired\":true,\"valueName\":\"search_term_string\"}}],\"inLanguage\":\"fr-FR\"},{\"@type\":\"Organization\",\"@id\":\"https:\\\/\\\/www.sebastien-auziere.fr\\\/blog\\\/#organization\",\"name\":\"Fan site S\u00e9bastien Auzi\u00e8re\",\"url\":\"https:\\\/\\\/www.sebastien-auziere.fr\\\/blog\\\/\",\"logo\":{\"@type\":\"ImageObject\",\"inLanguage\":\"fr-FR\",\"@id\":\"https:\\\/\\\/www.sebastien-auziere.fr\\\/blog\\\/#\\\/schema\\\/logo\\\/image\\\/\",\"url\":\"https:\\\/\\\/www.sebastien-auziere.fr\\\/blog\\\/wp-content\\\/uploads\\\/2026\\\/03\\\/cropped-cropped-cropped-ChatGPT-Image-6-mars-2026-12_58_09-e1772798376794.jpg\",\"contentUrl\":\"https:\\\/\\\/www.sebastien-auziere.fr\\\/blog\\\/wp-content\\\/uploads\\\/2026\\\/03\\\/cropped-cropped-cropped-ChatGPT-Image-6-mars-2026-12_58_09-e1772798376794.jpg\",\"width\":512,\"height\":360,\"caption\":\"Fan site S\u00e9bastien Auzi\u00e8re\"},\"image\":{\"@id\":\"https:\\\/\\\/www.sebastien-auziere.fr\\\/blog\\\/#\\\/schema\\\/logo\\\/image\\\/\"}},{\"@type\":\"Person\",\"@id\":\"https:\\\/\\\/www.sebastien-auziere.fr\\\/blog\\\/#\\\/schema\\\/person\\\/149f1acdbfd85149c6c3e59adeae2f4d\",\"name\":\"Chloe Gauthier\",\"image\":{\"@type\":\"ImageObject\",\"inLanguage\":\"fr-FR\",\"@id\":\"https:\\\/\\\/secure.gravatar.com\\\/avatar\\\/2c5722f58171cff738a8985ef0dd66b476e563753246a49019befc837ec4201a?s=96&d=mm&r=g\",\"url\":\"https:\\\/\\\/secure.gravatar.com\\\/avatar\\\/2c5722f58171cff738a8985ef0dd66b476e563753246a49019befc837ec4201a?s=96&d=mm&r=g\",\"contentUrl\":\"https:\\\/\\\/secure.gravatar.com\\\/avatar\\\/2c5722f58171cff738a8985ef0dd66b476e563753246a49019befc837ec4201a?s=96&d=mm&r=g\",\"caption\":\"Chloe Gauthier\"},\"description\":\"Passionn\u00e9e par la politique et admiratrice engag\u00e9e de la famille Macron, je consacre mon \u00e9nergie \u00e0 suivre leurs initiatives et \u00e0 promouvoir leurs id\u00e9es. \u00c0 32 ans, je suis convaincue que leur vision est porteuse d'avenir.\",\"url\":\"https:\\\/\\\/www.sebastien-auziere.fr\\\/blog\\\/author\\\/chloe-gauthier\\\/\"}]}<\/script>\n<!-- \/ Yoast SEO plugin. -->","yoast_head_json":{"title":"Brigitte Macron en solo au Maroc : un d\u00e9tail qui suscite la curiosit\u00e9 - Fan site S\u00e9bastien Auzi\u00e8re","description":"Brigitte Macron en solo au Maroc : d\u00e9couvrez le d\u00e9tail surprenant qui suscite la curiosit\u00e9 lors de son s\u00e9jour exclusif.","robots":{"index":"index","follow":"follow","max-snippet":"max-snippet:-1","max-image-preview":"max-image-preview:large","max-video-preview":"max-video-preview:-1"},"canonical":"https:\/\/www.sebastien-auziere.fr\/blog\/brigitte-macron-maroc-2\/","og_locale":"fr_FR","og_type":"article","og_title":"Brigitte Macron en solo au Maroc : un d\u00e9tail qui suscite la curiosit\u00e9 - Fan site S\u00e9bastien Auzi\u00e8re","og_description":"Brigitte Macron en solo au Maroc : d\u00e9couvrez le d\u00e9tail surprenant qui suscite la curiosit\u00e9 lors de son s\u00e9jour exclusif.","og_url":"https:\/\/www.sebastien-auziere.fr\/blog\/brigitte-macron-maroc-2\/","og_site_name":"Fan site S\u00e9bastien Auzi\u00e8re","article_published_time":"2026-04-24T07:10:55+00:00","og_image":[{"width":2560,"height":1429,"url":"https:\/\/www.sebastien-auziere.fr\/blog\/wp-content\/uploads\/2026\/04\/Brigitte-Macron-en-solo-au-Maroc-un-detail-qui-suscite-la-curiosite.jpg","type":"image\/jpeg"}],"author":"Chloe Gauthier","twitter_card":"summary_large_image","twitter_misc":{"\u00c9crit par":"Chloe Gauthier","Dur\u00e9e de lecture estim\u00e9e":"3 minutes"},"schema":{"@context":"https:\/\/schema.org","@graph":[{"@type":"Article","@id":"https:\/\/www.sebastien-auziere.fr\/blog\/brigitte-macron-maroc-2\/#article","isPartOf":{"@id":"https:\/\/www.sebastien-auziere.fr\/blog\/brigitte-macron-maroc-2\/"},"author":{"name":"Chloe Gauthier","@id":"https:\/\/www.sebastien-auziere.fr\/blog\/#\/schema\/person\/149f1acdbfd85149c6c3e59adeae2f4d"},"headline":"Brigitte Macron en solo au Maroc : un d\u00e9tail qui suscite la curiosit\u00e9","datePublished":"2026-04-24T07:10:55+00:00","mainEntityOfPage":{"@id":"https:\/\/www.sebastien-auziere.fr\/blog\/brigitte-macron-maroc-2\/"},"wordCount":578,"commentCount":0,"publisher":{"@id":"https:\/\/www.sebastien-auziere.fr\/blog\/#organization"},"image":{"@id":"https:\/\/www.sebastien-auziere.fr\/blog\/brigitte-macron-maroc-2\/#primaryimage"},"thumbnailUrl":"https:\/\/www.sebastien-auziere.fr\/blog\/wp-content\/uploads\/2026\/04\/Brigitte-Macron-en-solo-au-Maroc-un-detail-qui-suscite-la-curiosite.jpg","keywords":["brigitte macron","curiosit\u00e9","maroc","premi\u00e8re dame","voyage officiel"],"articleSection":["Actualit\u00e9s"],"inLanguage":"fr-FR","potentialAction":[{"@type":"CommentAction","name":"Comment","target":["https:\/\/www.sebastien-auziere.fr\/blog\/brigitte-macron-maroc-2\/#respond"]}]},{"@type":"WebPage","@id":"https:\/\/www.sebastien-auziere.fr\/blog\/brigitte-macron-maroc-2\/","url":"https:\/\/www.sebastien-auziere.fr\/blog\/brigitte-macron-maroc-2\/","name":"Brigitte Macron en solo au Maroc : un d\u00e9tail qui suscite la curiosit\u00e9 - Fan site S\u00e9bastien Auzi\u00e8re","isPartOf":{"@id":"https:\/\/www.sebastien-auziere.fr\/blog\/#website"},"primaryImageOfPage":{"@id":"https:\/\/www.sebastien-auziere.fr\/blog\/brigitte-macron-maroc-2\/#primaryimage"},"image":{"@id":"https:\/\/www.sebastien-auziere.fr\/blog\/brigitte-macron-maroc-2\/#primaryimage"},"thumbnailUrl":"https:\/\/www.sebastien-auziere.fr\/blog\/wp-content\/uploads\/2026\/04\/Brigitte-Macron-en-solo-au-Maroc-un-detail-qui-suscite-la-curiosite.jpg","datePublished":"2026-04-24T07:10:55+00:00","description":"Brigitte Macron en solo au Maroc : d\u00e9couvrez le d\u00e9tail surprenant qui suscite la curiosit\u00e9 lors de son s\u00e9jour exclusif.","breadcrumb":{"@id":"https:\/\/www.sebastien-auziere.fr\/blog\/brigitte-macron-maroc-2\/#breadcrumb"},"inLanguage":"fr-FR","potentialAction":[{"@type":"ReadAction","target":["https:\/\/www.sebastien-auziere.fr\/blog\/brigitte-macron-maroc-2\/"]}]},{"@type":"ImageObject","inLanguage":"fr-FR","@id":"https:\/\/www.sebastien-auziere.fr\/blog\/brigitte-macron-maroc-2\/#primaryimage","url":"https:\/\/www.sebastien-auziere.fr\/blog\/wp-content\/uploads\/2026\/04\/Brigitte-Macron-en-solo-au-Maroc-un-detail-qui-suscite-la-curiosite.jpg","contentUrl":"https:\/\/www.sebastien-auziere.fr\/blog\/wp-content\/uploads\/2026\/04\/Brigitte-Macron-en-solo-au-Maroc-un-detail-qui-suscite-la-curiosite.jpg","width":2560,"height":1429,"caption":"d\u00e9couvrez pourquoi la pr\u00e9sence seule de brigitte macron au maroc attire l'attention et suscite la curiosit\u00e9 dans les m\u00e9dias."},{"@type":"BreadcrumbList","@id":"https:\/\/www.sebastien-auziere.fr\/blog\/brigitte-macron-maroc-2\/#breadcrumb","itemListElement":[{"@type":"ListItem","position":1,"name":"Home","item":"https:\/\/www.sebastien-auziere.fr\/blog\/"},{"@type":"ListItem","position":2,"name":"Brigitte Macron en solo au Maroc : un d\u00e9tail qui suscite la curiosit\u00e9"}]},{"@type":"WebSite","@id":"https:\/\/www.sebastien-auziere.fr\/blog\/#website","url":"https:\/\/www.sebastien-auziere.fr\/blog\/","name":"Fan site S\u00e9bastien Auzi\u00e8re","description":"M\u00e9dia g\u00e9n\u00e9raliste","publisher":{"@id":"https:\/\/www.sebastien-auziere.fr\/blog\/#organization"},"potentialAction":[{"@type":"SearchAction","target":{"@type":"EntryPoint","urlTemplate":"https:\/\/www.sebastien-auziere.fr\/blog\/?s={search_term_string}"},"query-input":{"@type":"PropertyValueSpecification","valueRequired":true,"valueName":"search_term_string"}}],"inLanguage":"fr-FR"},{"@type":"Organization","@id":"https:\/\/www.sebastien-auziere.fr\/blog\/#organization","name":"Fan site S\u00e9bastien Auzi\u00e8re","url":"https:\/\/www.sebastien-auziere.fr\/blog\/","logo":{"@type":"ImageObject","inLanguage":"fr-FR","@id":"https:\/\/www.sebastien-auziere.fr\/blog\/#\/schema\/logo\/image\/","url":"https:\/\/www.sebastien-auziere.fr\/blog\/wp-content\/uploads\/2026\/03\/cropped-cropped-cropped-ChatGPT-Image-6-mars-2026-12_58_09-e1772798376794.jpg","contentUrl":"https:\/\/www.sebastien-auziere.fr\/blog\/wp-content\/uploads\/2026\/03\/cropped-cropped-cropped-ChatGPT-Image-6-mars-2026-12_58_09-e1772798376794.jpg","width":512,"height":360,"caption":"Fan site S\u00e9bastien Auzi\u00e8re"},"image":{"@id":"https:\/\/www.sebastien-auziere.fr\/blog\/#\/schema\/logo\/image\/"}},{"@type":"Person","@id":"https:\/\/www.sebastien-auziere.fr\/blog\/#\/schema\/person\/149f1acdbfd85149c6c3e59adeae2f4d","name":"Chloe Gauthier","image":{"@type":"ImageObject","inLanguage":"fr-FR","@id":"https:\/\/secure.gravatar.com\/avatar\/2c5722f58171cff738a8985ef0dd66b476e563753246a49019befc837ec4201a?s=96&d=mm&r=g","url":"https:\/\/secure.gravatar.com\/avatar\/2c5722f58171cff738a8985ef0dd66b476e563753246a49019befc837ec4201a?s=96&d=mm&r=g","contentUrl":"https:\/\/secure.gravatar.com\/avatar\/2c5722f58171cff738a8985ef0dd66b476e563753246a49019befc837ec4201a?s=96&d=mm&r=g","caption":"Chloe Gauthier"},"description":"Passionn\u00e9e par la politique et admiratrice engag\u00e9e de la famille Macron, je consacre mon \u00e9nergie \u00e0 suivre leurs initiatives et \u00e0 promouvoir leurs id\u00e9es. \u00c0 32 ans, je suis convaincue que leur vision est porteuse d'avenir.","url":"https:\/\/www.sebastien-auziere.fr\/blog\/author\/chloe-gauthier\/"}]}},"views":1081,"_links":{"self":[{"href":"https:\/\/www.sebastien-auziere.fr\/blog\/wp-json\/wp\/v2\/posts\/3285","targetHints":{"allow":["GET"]}}],"collection":[{"href":"https:\/\/www.sebastien-auziere.fr\/blog\/wp-json\/wp\/v2\/posts"}],"about":[{"href":"https:\/\/www.sebastien-auziere.fr\/blog\/wp-json\/wp\/v2\/types\/post"}],"author":[{"embeddable":true,"href":"https:\/\/www.sebastien-auziere.fr\/blog\/wp-json\/wp\/v2\/users\/9"}],"replies":[{"embeddable":true,"href":"https:\/\/www.sebastien-auziere.fr\/blog\/wp-json\/wp\/v2\/comments?post=3285"}],"version-history":[{"count":0,"href":"https:\/\/www.sebastien-auziere.fr\/blog\/wp-json\/wp\/v2\/posts\/3285\/revisions"}],"wp:featuredmedia":[{"embeddable":true,"href":"https:\/\/www.sebastien-auziere.fr\/blog\/wp-json\/wp\/v2\/media\/3284"}],"wp:attachment":[{"href":"https:\/\/www.sebastien-auziere.fr\/blog\/wp-json\/wp\/v2\/media?parent=3285"}],"wp:term":[{"taxonomy":"category","embeddable":true,"href":"https:\/\/www.sebastien-auziere.fr\/blog\/wp-json\/wp\/v2\/categories?post=3285"},{"taxonomy":"post_tag","embeddable":true,"href":"https:\/\/www.sebastien-auziere.fr\/blog\/wp-json\/wp\/v2\/tags?post=3285"}],"curies":[{"name":"wp","href":"https:\/\/api.w.org\/{rel}","templated":true}]}}