{"id":3280,"date":"2026-04-23T19:27:30","date_gmt":"2026-04-23T19:27:30","guid":{"rendered":"https:\/\/www.sebastien-auziere.fr\/blog\/?p=3280"},"modified":"2026-04-23T19:27:50","modified_gmt":"2026-04-23T19:27:50","slug":"brigitte-macron-em-marrocos-uma-visita-elegante-em-solo-para-a-primeira-dama","status":"publish","type":"post","link":"https:\/\/www.sebastien-auziere.fr\/blog\/pt\/brigitte-macron-em-marrocos-uma-visita-elegante-em-solo-para-a-primeira-dama\/","title":{"rendered":"Brigitte Macron em Marrocos: uma visita elegante em solo para a Primeira Dama"},"content":{"rendered":"<p><strong>Brigitte Macron<\/strong> viajou sozinha para o <strong>Marrocos<\/strong> no <strong>22 de abril de 2026<\/strong> para inaugurar o <strong>Teatro Real de Rabat<\/strong>, uma desloca\u00e7\u00e3o oficial marcada pela <strong>eleg\u00e2ncia<\/strong> e a presen\u00e7a de princesas marroquinas. Esta <strong>viagem solo<\/strong>, rara e esperada, imediatamente colocou a <strong>Primeira-dama<\/strong> sob os holofotes diplom\u00e1ticos.<\/p>\n\n<p><strong>Em resumo<\/strong>: <strong>visita oficial<\/strong> no dia 22 de abril, encontro com Lalla Hasnaa e Lalla Meryem, inaugura\u00e7\u00e3o cultural importante, escolha de viajar em voo comercial e apari\u00e7\u00f5es de moda not\u00e1veis. Voc\u00ea descobrir\u00e1 como esta desloca\u00e7\u00e3o ilustra uma diplomacia pr\u00f3xima e um estilo pessoal que refor\u00e7a as <strong>rela\u00e7\u00f5es franco-marroquinas<\/strong>.<\/p>\n\n<h2 class=\"wp-block-heading\">Uma desloca\u00e7\u00e3o oficial: data, miss\u00e3o e encontros<\/h2>\n\n<p>No <strong>22 de abril<\/strong>, a <strong>Primeira-dama<\/strong> dedicou seu dia \u00e0 abertura do <strong>Teatro Real<\/strong> em Rabat, marcando um forte apoio \u00e0 cultura. Esta \u00e9 a quarta <strong>viagem solo<\/strong> em nove anos, um fato destacado pela imprensa e documentado por v\u00e1rios relat\u00f3rios, incluindo uma cobertura da <a href=\"https:\/\/www.voici.fr\/celebrites\/brigitte-macron-au-maroc-une-escapade-royale-et-en-solo-pour-la-premiere-dame-822713\">Voici<\/a>. Este calend\u00e1rio mostra uma presen\u00e7a focada, centrada na coopera\u00e7\u00e3o cultural e nas trocas pessoais entre grandes fam\u00edlias.<\/p>\n\n<h3 class=\"wp-block-heading\">Eleg\u00e2ncia e imagem: trajes e momentos marcantes<\/h3>\n\n<p>No local, a <strong>eleg\u00e2ncia<\/strong> da Primeira-dama foi comentada pela imprensa de celebridades e publica\u00e7\u00f5es de moda. Seu traje para a noite de inaugura\u00e7\u00e3o, notado por seus strass e sua postura, foi destaque em m\u00eddias como <a href=\"https:\/\/www.closermag.fr\/people\/brigitte-macron-la-premiere-dame-scintille-et-eblouit-avec-strass-et-bijoux-lors-du-diner-detat-au-maroc-3489887\">Closer<\/a> e <a href=\"https:\/\/madame.lefigaro.fr\/style\/news\/au-maroc-brigitte-macron-eblouit-dans-une-robe-rouge-a-sequins-aux-cotes-des-princesses-royales-20260423\">Madame Le Figaro<\/a>. Este cuidado com os detalhes alimenta uma diplomacia do olhar que complementa as trocas oficiais e culturais.<\/p>\n\n<h2 class=\"wp-block-heading\">Diplomacia das damas: afinidades e influ\u00eancia<\/h2>\n\n<p>A visita refor\u00e7ou a <strong>diplomacia<\/strong> informal entre a Fran\u00e7a e o Marrocos, sustentada por la\u00e7os pessoais com Lalla Hasnaa e Lalla Meryem. Esses encontros, mencionados j\u00e1 em 2024 durante uma recep\u00e7\u00e3o no Pal\u00e1cio do Eliseu, testemunham uma verdadeira estima m\u00fatua e um trabalho de influ\u00eancia discreto, mas eficaz, em quest\u00f5es culturais e educacionais. Para entender esse papel particular, um relat\u00f3rio detalhado est\u00e1 dispon\u00edvel em <a href=\"https:\/\/www.lopinion.fr\/politique\/brigitte-macron-et-la-diplomatie-des-dames\">L&rsquo;Opinion<\/a>, que analisa esse fen\u00f4meno.<\/p>\n\n<h3 class=\"wp-block-heading\">Viajar de outra forma: escolha de transporte e imagem p\u00fablica<\/h3>\n\n<p>Durante esta desloca\u00e7\u00e3o, a Primeira-dama novamente optou por um voo comercial, um comportamento j\u00e1 observado durante uma viagem a Washington em mar\u00e7o. Esta escolha de mobilidade publicamente assumida contribui para uma imagem de proximidade e modernidade, refor\u00e7ando seu papel como embaixadora n\u00e3o apenas das causas sociais, mas tamb\u00e9m de um certo modo de vida republicano. Para uma leitura mais completa sobre essas escolhas, veja o artigo dedicado em <a href=\"https:\/\/www.sebastien-auziere.fr\/blog\/brigitte-macron-maroc-solo\/\">o blog dedicado<\/a>.<\/p>\n\n<p>Voc\u00ea quer saber mais sobre os bastidores desta estadia, os trajes e as implica\u00e7\u00f5es para a fam\u00edlia Macron? Descubra dossiers detalhados e cr\u00f4nicas em <a href=\"https:\/\/www.sebastien-auziere.fr\/blog\/brigitte-macron-cuisine\/\">os artigos dedicados<\/a> e mergulhe no universo de S\u00e9bastien Auzi\u00e8re e da fam\u00edlia presidencial em <a href=\"https:\/\/www.sebastien-auziere.fr\/blog\/brigitte-macron-maroc-solo\/\">sebastien-auziere.fr<\/a> para an\u00e1lises completas e arquivos cuidadosamente compilados.<\/p>","protected":false},"excerpt":{"rendered":"<p>Brigitte Macron viajou sozinha para o Marrocos no 22 de abril de 2026 para inaugurar o Teatro Real de Rabat, uma desloca\u00e7\u00e3o oficial marcada pela eleg\u00e2ncia e a presen\u00e7a de princesas marroquinas. Esta viagem solo, rara e esperada, imediatamente colocou a Primeira-dama sob os holofotes diplom\u00e1ticos. Em resumo: visita oficial no dia 22 de abril, &#8230; <a title=\"Brigitte Macron em Marrocos: uma visita elegante em solo para a Primeira Dama\" class=\"read-more\" href=\"https:\/\/www.sebastien-auziere.fr\/blog\/pt\/brigitte-macron-em-marrocos-uma-visita-elegante-em-solo-para-a-primeira-dama\/\" aria-label=\"En savoir plus sur Brigitte Macron em Marrocos: uma visita elegante em solo para a Primeira Dama\">Lire plus<\/a><\/p>\n","protected":false},"author":9,"featured_media":3270,"comment_status":"open","ping_status":"open","sticky":false,"template":"","format":"standard","meta":{"footnotes":""},"categories":[862],"tags":[959,4042,1932,4133,2162],"class_list":["post-3280","post","type-post","status-publish","format-standard","has-post-thumbnail","hentry","category-actualidades-pt","tag-brigitte-macron-pt","tag-marrocos-pt","tag-primeira-dama-pt","tag-viagem-diplomatica-pt","tag-visita-oficial-pt"],"yoast_head":"<!-- This site is optimized with the Yoast SEO plugin v27.5 - https:\/\/yoast.com\/product\/yoast-seo-wordpress\/ -->\n<title>Brigitte Macron em Marrocos: uma visita elegante em solo para a Primeira Dama - Fan site S\u00e9bastien Auzi\u00e8re<\/title>\n<meta name=\"description\" content=\"D\u00e9couvrez la visite \u00e9l\u00e9gante en solo de Brigitte Macron au Maroc, un moment cl\u00e9 pour la Premi\u00e8re dame alliant style et diplomatie.\" \/>\n<meta name=\"robots\" content=\"index, follow, max-snippet:-1, max-image-preview:large, max-video-preview:-1\" \/>\n<link rel=\"canonical\" href=\"https:\/\/www.sebastien-auziere.fr\/blog\/pt\/brigitte-macron-em-marrocos-uma-visita-elegante-em-solo-para-a-primeira-dama\/\" \/>\n<meta property=\"og:locale\" content=\"fr_FR\" \/>\n<meta property=\"og:type\" content=\"article\" \/>\n<meta property=\"og:title\" content=\"Brigitte Macron em Marrocos: uma visita elegante em solo para a Primeira Dama - Fan site S\u00e9bastien Auzi\u00e8re\" \/>\n<meta property=\"og:description\" content=\"D\u00e9couvrez la visite \u00e9l\u00e9gante en solo de Brigitte Macron au Maroc, un moment cl\u00e9 pour la Premi\u00e8re dame alliant style et diplomatie.\" \/>\n<meta property=\"og:url\" content=\"https:\/\/www.sebastien-auziere.fr\/blog\/pt\/brigitte-macron-em-marrocos-uma-visita-elegante-em-solo-para-a-primeira-dama\/\" \/>\n<meta property=\"og:site_name\" content=\"Fan site S\u00e9bastien Auzi\u00e8re\" \/>\n<meta property=\"article:published_time\" content=\"2026-04-23T19:27:30+00:00\" \/>\n<meta property=\"article:modified_time\" content=\"2026-04-23T19:27:50+00:00\" \/>\n<meta property=\"og:image\" content=\"https:\/\/www.sebastien-auziere.fr\/blog\/wp-content\/uploads\/2026\/04\/Brigitte-Macron-au-Maroc-une-visite-elegante-en-solo-pour-la-Premiere-dame.jpg\" \/>\n\t<meta property=\"og:image:width\" content=\"2560\" \/>\n\t<meta property=\"og:image:height\" content=\"1429\" \/>\n\t<meta property=\"og:image:type\" content=\"image\/jpeg\" \/>\n<meta name=\"author\" content=\"Chloe Gauthier\" \/>\n<meta name=\"twitter:card\" content=\"summary_large_image\" \/>\n<meta name=\"twitter:label1\" content=\"\u00c9crit par\" \/>\n\t<meta name=\"twitter:data1\" content=\"Chloe Gauthier\" \/>\n\t<meta name=\"twitter:label2\" content=\"Dur\u00e9e de lecture estim\u00e9e\" \/>\n\t<meta name=\"twitter:data2\" content=\"2 minutes\" \/>\n<script type=\"application\/ld+json\" class=\"yoast-schema-graph\">{\"@context\":\"https:\\\/\\\/schema.org\",\"@graph\":[{\"@type\":\"Article\",\"@id\":\"https:\\\/\\\/www.sebastien-auziere.fr\\\/blog\\\/pt\\\/brigitte-macron-em-marrocos-uma-visita-elegante-em-solo-para-a-primeira-dama\\\/#article\",\"isPartOf\":{\"@id\":\"https:\\\/\\\/www.sebastien-auziere.fr\\\/blog\\\/pt\\\/brigitte-macron-em-marrocos-uma-visita-elegante-em-solo-para-a-primeira-dama\\\/\"},\"author\":{\"name\":\"Chloe Gauthier\",\"@id\":\"https:\\\/\\\/www.sebastien-auziere.fr\\\/blog\\\/#\\\/schema\\\/person\\\/149f1acdbfd85149c6c3e59adeae2f4d\"},\"headline\":\"Brigitte Macron em Marrocos: uma visita elegante em solo para a Primeira Dama\",\"datePublished\":\"2026-04-23T19:27:30+00:00\",\"dateModified\":\"2026-04-23T19:27:50+00:00\",\"mainEntityOfPage\":{\"@id\":\"https:\\\/\\\/www.sebastien-auziere.fr\\\/blog\\\/pt\\\/brigitte-macron-em-marrocos-uma-visita-elegante-em-solo-para-a-primeira-dama\\\/\"},\"wordCount\":486,\"commentCount\":0,\"publisher\":{\"@id\":\"https:\\\/\\\/www.sebastien-auziere.fr\\\/blog\\\/#organization\"},\"image\":{\"@id\":\"https:\\\/\\\/www.sebastien-auziere.fr\\\/blog\\\/pt\\\/brigitte-macron-em-marrocos-uma-visita-elegante-em-solo-para-a-primeira-dama\\\/#primaryimage\"},\"thumbnailUrl\":\"https:\\\/\\\/www.sebastien-auziere.fr\\\/blog\\\/wp-content\\\/uploads\\\/2026\\\/04\\\/Brigitte-Macron-au-Maroc-une-visite-elegante-en-solo-pour-la-Premiere-dame.jpg\",\"keywords\":[\"brigitte macron\",\"marrocos\",\"primeira dama\",\"viagem diplom\u00e1tica\",\"visita oficial\"],\"articleSection\":[\"Actualidades\"],\"inLanguage\":\"fr-FR\",\"potentialAction\":[{\"@type\":\"CommentAction\",\"name\":\"Comment\",\"target\":[\"https:\\\/\\\/www.sebastien-auziere.fr\\\/blog\\\/pt\\\/brigitte-macron-em-marrocos-uma-visita-elegante-em-solo-para-a-primeira-dama\\\/#respond\"]}]},{\"@type\":\"WebPage\",\"@id\":\"https:\\\/\\\/www.sebastien-auziere.fr\\\/blog\\\/pt\\\/brigitte-macron-em-marrocos-uma-visita-elegante-em-solo-para-a-primeira-dama\\\/\",\"url\":\"https:\\\/\\\/www.sebastien-auziere.fr\\\/blog\\\/pt\\\/brigitte-macron-em-marrocos-uma-visita-elegante-em-solo-para-a-primeira-dama\\\/\",\"name\":\"Brigitte Macron em Marrocos: uma visita elegante em solo para a Primeira Dama - Fan site S\u00e9bastien Auzi\u00e8re\",\"isPartOf\":{\"@id\":\"https:\\\/\\\/www.sebastien-auziere.fr\\\/blog\\\/#website\"},\"primaryImageOfPage\":{\"@id\":\"https:\\\/\\\/www.sebastien-auziere.fr\\\/blog\\\/pt\\\/brigitte-macron-em-marrocos-uma-visita-elegante-em-solo-para-a-primeira-dama\\\/#primaryimage\"},\"image\":{\"@id\":\"https:\\\/\\\/www.sebastien-auziere.fr\\\/blog\\\/pt\\\/brigitte-macron-em-marrocos-uma-visita-elegante-em-solo-para-a-primeira-dama\\\/#primaryimage\"},\"thumbnailUrl\":\"https:\\\/\\\/www.sebastien-auziere.fr\\\/blog\\\/wp-content\\\/uploads\\\/2026\\\/04\\\/Brigitte-Macron-au-Maroc-une-visite-elegante-en-solo-pour-la-Premiere-dame.jpg\",\"datePublished\":\"2026-04-23T19:27:30+00:00\",\"dateModified\":\"2026-04-23T19:27:50+00:00\",\"description\":\"D\u00e9couvrez la visite \u00e9l\u00e9gante en solo de Brigitte Macron au Maroc, un moment cl\u00e9 pour la Premi\u00e8re dame alliant style et diplomatie.\",\"breadcrumb\":{\"@id\":\"https:\\\/\\\/www.sebastien-auziere.fr\\\/blog\\\/pt\\\/brigitte-macron-em-marrocos-uma-visita-elegante-em-solo-para-a-primeira-dama\\\/#breadcrumb\"},\"inLanguage\":\"fr-FR\",\"potentialAction\":[{\"@type\":\"ReadAction\",\"target\":[\"https:\\\/\\\/www.sebastien-auziere.fr\\\/blog\\\/pt\\\/brigitte-macron-em-marrocos-uma-visita-elegante-em-solo-para-a-primeira-dama\\\/\"]}]},{\"@type\":\"ImageObject\",\"inLanguage\":\"fr-FR\",\"@id\":\"https:\\\/\\\/www.sebastien-auziere.fr\\\/blog\\\/pt\\\/brigitte-macron-em-marrocos-uma-visita-elegante-em-solo-para-a-primeira-dama\\\/#primaryimage\",\"url\":\"https:\\\/\\\/www.sebastien-auziere.fr\\\/blog\\\/wp-content\\\/uploads\\\/2026\\\/04\\\/Brigitte-Macron-au-Maroc-une-visite-elegante-en-solo-pour-la-Premiere-dame.jpg\",\"contentUrl\":\"https:\\\/\\\/www.sebastien-auziere.fr\\\/blog\\\/wp-content\\\/uploads\\\/2026\\\/04\\\/Brigitte-Macron-au-Maroc-une-visite-elegante-en-solo-pour-la-Premiere-dame.jpg\",\"width\":2560,\"height\":1429,\"caption\":\"d\u00e9couvrez la visite \u00e9l\u00e9gante de brigitte macron au maroc, une escapade en solo de la premi\u00e8re dame alliant raffinement et diplomatie.\"},{\"@type\":\"BreadcrumbList\",\"@id\":\"https:\\\/\\\/www.sebastien-auziere.fr\\\/blog\\\/pt\\\/brigitte-macron-em-marrocos-uma-visita-elegante-em-solo-para-a-primeira-dama\\\/#breadcrumb\",\"itemListElement\":[{\"@type\":\"ListItem\",\"position\":1,\"name\":\"Home\",\"item\":\"https:\\\/\\\/www.sebastien-auziere.fr\\\/blog\\\/\"},{\"@type\":\"ListItem\",\"position\":2,\"name\":\"Brigitte Macron em Marrocos: uma visita elegante em solo para a Primeira Dama\"}]},{\"@type\":\"WebSite\",\"@id\":\"https:\\\/\\\/www.sebastien-auziere.fr\\\/blog\\\/#website\",\"url\":\"https:\\\/\\\/www.sebastien-auziere.fr\\\/blog\\\/\",\"name\":\"Fan site S\u00e9bastien Auzi\u00e8re\",\"description\":\"M\u00e9dia g\u00e9n\u00e9raliste\",\"publisher\":{\"@id\":\"https:\\\/\\\/www.sebastien-auziere.fr\\\/blog\\\/#organization\"},\"potentialAction\":[{\"@type\":\"SearchAction\",\"target\":{\"@type\":\"EntryPoint\",\"urlTemplate\":\"https:\\\/\\\/www.sebastien-auziere.fr\\\/blog\\\/?s={search_term_string}\"},\"query-input\":{\"@type\":\"PropertyValueSpecification\",\"valueRequired\":true,\"valueName\":\"search_term_string\"}}],\"inLanguage\":\"fr-FR\"},{\"@type\":\"Organization\",\"@id\":\"https:\\\/\\\/www.sebastien-auziere.fr\\\/blog\\\/#organization\",\"name\":\"Fan site S\u00e9bastien Auzi\u00e8re\",\"url\":\"https:\\\/\\\/www.sebastien-auziere.fr\\\/blog\\\/\",\"logo\":{\"@type\":\"ImageObject\",\"inLanguage\":\"fr-FR\",\"@id\":\"https:\\\/\\\/www.sebastien-auziere.fr\\\/blog\\\/#\\\/schema\\\/logo\\\/image\\\/\",\"url\":\"https:\\\/\\\/www.sebastien-auziere.fr\\\/blog\\\/wp-content\\\/uploads\\\/2026\\\/03\\\/cropped-cropped-cropped-ChatGPT-Image-6-mars-2026-12_58_09-e1772798376794.jpg\",\"contentUrl\":\"https:\\\/\\\/www.sebastien-auziere.fr\\\/blog\\\/wp-content\\\/uploads\\\/2026\\\/03\\\/cropped-cropped-cropped-ChatGPT-Image-6-mars-2026-12_58_09-e1772798376794.jpg\",\"width\":512,\"height\":360,\"caption\":\"Fan site S\u00e9bastien Auzi\u00e8re\"},\"image\":{\"@id\":\"https:\\\/\\\/www.sebastien-auziere.fr\\\/blog\\\/#\\\/schema\\\/logo\\\/image\\\/\"}},{\"@type\":\"Person\",\"@id\":\"https:\\\/\\\/www.sebastien-auziere.fr\\\/blog\\\/#\\\/schema\\\/person\\\/149f1acdbfd85149c6c3e59adeae2f4d\",\"name\":\"Chloe Gauthier\",\"image\":{\"@type\":\"ImageObject\",\"inLanguage\":\"fr-FR\",\"@id\":\"https:\\\/\\\/secure.gravatar.com\\\/avatar\\\/2c5722f58171cff738a8985ef0dd66b476e563753246a49019befc837ec4201a?s=96&d=mm&r=g\",\"url\":\"https:\\\/\\\/secure.gravatar.com\\\/avatar\\\/2c5722f58171cff738a8985ef0dd66b476e563753246a49019befc837ec4201a?s=96&d=mm&r=g\",\"contentUrl\":\"https:\\\/\\\/secure.gravatar.com\\\/avatar\\\/2c5722f58171cff738a8985ef0dd66b476e563753246a49019befc837ec4201a?s=96&d=mm&r=g\",\"caption\":\"Chloe Gauthier\"},\"description\":\"Passionn\u00e9e par la politique et admiratrice engag\u00e9e de la famille Macron, je consacre mon \u00e9nergie \u00e0 suivre leurs initiatives et \u00e0 promouvoir leurs id\u00e9es. \u00c0 32 ans, je suis convaincue que leur vision est porteuse d'avenir.\",\"url\":\"https:\\\/\\\/www.sebastien-auziere.fr\\\/blog\\\/author\\\/chloe-gauthier\\\/\"}]}<\/script>\n<!-- \/ Yoast SEO plugin. -->","yoast_head_json":{"title":"Brigitte Macron em Marrocos: uma visita elegante em solo para a Primeira Dama - Fan site S\u00e9bastien Auzi\u00e8re","description":"D\u00e9couvrez la visite \u00e9l\u00e9gante en solo de Brigitte Macron au Maroc, un moment cl\u00e9 pour la Premi\u00e8re dame alliant style et diplomatie.","robots":{"index":"index","follow":"follow","max-snippet":"max-snippet:-1","max-image-preview":"max-image-preview:large","max-video-preview":"max-video-preview:-1"},"canonical":"https:\/\/www.sebastien-auziere.fr\/blog\/pt\/brigitte-macron-em-marrocos-uma-visita-elegante-em-solo-para-a-primeira-dama\/","og_locale":"fr_FR","og_type":"article","og_title":"Brigitte Macron em Marrocos: uma visita elegante em solo para a Primeira Dama - Fan site S\u00e9bastien Auzi\u00e8re","og_description":"D\u00e9couvrez la visite \u00e9l\u00e9gante en solo de Brigitte Macron au Maroc, un moment cl\u00e9 pour la Premi\u00e8re dame alliant style et diplomatie.","og_url":"https:\/\/www.sebastien-auziere.fr\/blog\/pt\/brigitte-macron-em-marrocos-uma-visita-elegante-em-solo-para-a-primeira-dama\/","og_site_name":"Fan site S\u00e9bastien Auzi\u00e8re","article_published_time":"2026-04-23T19:27:30+00:00","article_modified_time":"2026-04-23T19:27:50+00:00","og_image":[{"width":2560,"height":1429,"url":"https:\/\/www.sebastien-auziere.fr\/blog\/wp-content\/uploads\/2026\/04\/Brigitte-Macron-au-Maroc-une-visite-elegante-en-solo-pour-la-Premiere-dame.jpg","type":"image\/jpeg"}],"author":"Chloe Gauthier","twitter_card":"summary_large_image","twitter_misc":{"\u00c9crit par":"Chloe Gauthier","Dur\u00e9e de lecture estim\u00e9e":"2 minutes"},"schema":{"@context":"https:\/\/schema.org","@graph":[{"@type":"Article","@id":"https:\/\/www.sebastien-auziere.fr\/blog\/pt\/brigitte-macron-em-marrocos-uma-visita-elegante-em-solo-para-a-primeira-dama\/#article","isPartOf":{"@id":"https:\/\/www.sebastien-auziere.fr\/blog\/pt\/brigitte-macron-em-marrocos-uma-visita-elegante-em-solo-para-a-primeira-dama\/"},"author":{"name":"Chloe Gauthier","@id":"https:\/\/www.sebastien-auziere.fr\/blog\/#\/schema\/person\/149f1acdbfd85149c6c3e59adeae2f4d"},"headline":"Brigitte Macron em Marrocos: uma visita elegante em solo para a Primeira Dama","datePublished":"2026-04-23T19:27:30+00:00","dateModified":"2026-04-23T19:27:50+00:00","mainEntityOfPage":{"@id":"https:\/\/www.sebastien-auziere.fr\/blog\/pt\/brigitte-macron-em-marrocos-uma-visita-elegante-em-solo-para-a-primeira-dama\/"},"wordCount":486,"commentCount":0,"publisher":{"@id":"https:\/\/www.sebastien-auziere.fr\/blog\/#organization"},"image":{"@id":"https:\/\/www.sebastien-auziere.fr\/blog\/pt\/brigitte-macron-em-marrocos-uma-visita-elegante-em-solo-para-a-primeira-dama\/#primaryimage"},"thumbnailUrl":"https:\/\/www.sebastien-auziere.fr\/blog\/wp-content\/uploads\/2026\/04\/Brigitte-Macron-au-Maroc-une-visite-elegante-en-solo-pour-la-Premiere-dame.jpg","keywords":["brigitte macron","marrocos","primeira dama","viagem diplom\u00e1tica","visita oficial"],"articleSection":["Actualidades"],"inLanguage":"fr-FR","potentialAction":[{"@type":"CommentAction","name":"Comment","target":["https:\/\/www.sebastien-auziere.fr\/blog\/pt\/brigitte-macron-em-marrocos-uma-visita-elegante-em-solo-para-a-primeira-dama\/#respond"]}]},{"@type":"WebPage","@id":"https:\/\/www.sebastien-auziere.fr\/blog\/pt\/brigitte-macron-em-marrocos-uma-visita-elegante-em-solo-para-a-primeira-dama\/","url":"https:\/\/www.sebastien-auziere.fr\/blog\/pt\/brigitte-macron-em-marrocos-uma-visita-elegante-em-solo-para-a-primeira-dama\/","name":"Brigitte Macron em Marrocos: uma visita elegante em solo para a Primeira Dama - Fan site S\u00e9bastien Auzi\u00e8re","isPartOf":{"@id":"https:\/\/www.sebastien-auziere.fr\/blog\/#website"},"primaryImageOfPage":{"@id":"https:\/\/www.sebastien-auziere.fr\/blog\/pt\/brigitte-macron-em-marrocos-uma-visita-elegante-em-solo-para-a-primeira-dama\/#primaryimage"},"image":{"@id":"https:\/\/www.sebastien-auziere.fr\/blog\/pt\/brigitte-macron-em-marrocos-uma-visita-elegante-em-solo-para-a-primeira-dama\/#primaryimage"},"thumbnailUrl":"https:\/\/www.sebastien-auziere.fr\/blog\/wp-content\/uploads\/2026\/04\/Brigitte-Macron-au-Maroc-une-visite-elegante-en-solo-pour-la-Premiere-dame.jpg","datePublished":"2026-04-23T19:27:30+00:00","dateModified":"2026-04-23T19:27:50+00:00","description":"D\u00e9couvrez la visite \u00e9l\u00e9gante en solo de Brigitte Macron au Maroc, un moment cl\u00e9 pour la Premi\u00e8re dame alliant style et diplomatie.","breadcrumb":{"@id":"https:\/\/www.sebastien-auziere.fr\/blog\/pt\/brigitte-macron-em-marrocos-uma-visita-elegante-em-solo-para-a-primeira-dama\/#breadcrumb"},"inLanguage":"fr-FR","potentialAction":[{"@type":"ReadAction","target":["https:\/\/www.sebastien-auziere.fr\/blog\/pt\/brigitte-macron-em-marrocos-uma-visita-elegante-em-solo-para-a-primeira-dama\/"]}]},{"@type":"ImageObject","inLanguage":"fr-FR","@id":"https:\/\/www.sebastien-auziere.fr\/blog\/pt\/brigitte-macron-em-marrocos-uma-visita-elegante-em-solo-para-a-primeira-dama\/#primaryimage","url":"https:\/\/www.sebastien-auziere.fr\/blog\/wp-content\/uploads\/2026\/04\/Brigitte-Macron-au-Maroc-une-visite-elegante-en-solo-pour-la-Premiere-dame.jpg","contentUrl":"https:\/\/www.sebastien-auziere.fr\/blog\/wp-content\/uploads\/2026\/04\/Brigitte-Macron-au-Maroc-une-visite-elegante-en-solo-pour-la-Premiere-dame.jpg","width":2560,"height":1429,"caption":"d\u00e9couvrez la visite \u00e9l\u00e9gante de brigitte macron au maroc, une escapade en solo de la premi\u00e8re dame alliant raffinement et diplomatie."},{"@type":"BreadcrumbList","@id":"https:\/\/www.sebastien-auziere.fr\/blog\/pt\/brigitte-macron-em-marrocos-uma-visita-elegante-em-solo-para-a-primeira-dama\/#breadcrumb","itemListElement":[{"@type":"ListItem","position":1,"name":"Home","item":"https:\/\/www.sebastien-auziere.fr\/blog\/"},{"@type":"ListItem","position":2,"name":"Brigitte Macron em Marrocos: uma visita elegante em solo para a Primeira Dama"}]},{"@type":"WebSite","@id":"https:\/\/www.sebastien-auziere.fr\/blog\/#website","url":"https:\/\/www.sebastien-auziere.fr\/blog\/","name":"Fan site S\u00e9bastien Auzi\u00e8re","description":"M\u00e9dia g\u00e9n\u00e9raliste","publisher":{"@id":"https:\/\/www.sebastien-auziere.fr\/blog\/#organization"},"potentialAction":[{"@type":"SearchAction","target":{"@type":"EntryPoint","urlTemplate":"https:\/\/www.sebastien-auziere.fr\/blog\/?s={search_term_string}"},"query-input":{"@type":"PropertyValueSpecification","valueRequired":true,"valueName":"search_term_string"}}],"inLanguage":"fr-FR"},{"@type":"Organization","@id":"https:\/\/www.sebastien-auziere.fr\/blog\/#organization","name":"Fan site S\u00e9bastien Auzi\u00e8re","url":"https:\/\/www.sebastien-auziere.fr\/blog\/","logo":{"@type":"ImageObject","inLanguage":"fr-FR","@id":"https:\/\/www.sebastien-auziere.fr\/blog\/#\/schema\/logo\/image\/","url":"https:\/\/www.sebastien-auziere.fr\/blog\/wp-content\/uploads\/2026\/03\/cropped-cropped-cropped-ChatGPT-Image-6-mars-2026-12_58_09-e1772798376794.jpg","contentUrl":"https:\/\/www.sebastien-auziere.fr\/blog\/wp-content\/uploads\/2026\/03\/cropped-cropped-cropped-ChatGPT-Image-6-mars-2026-12_58_09-e1772798376794.jpg","width":512,"height":360,"caption":"Fan site S\u00e9bastien Auzi\u00e8re"},"image":{"@id":"https:\/\/www.sebastien-auziere.fr\/blog\/#\/schema\/logo\/image\/"}},{"@type":"Person","@id":"https:\/\/www.sebastien-auziere.fr\/blog\/#\/schema\/person\/149f1acdbfd85149c6c3e59adeae2f4d","name":"Chloe Gauthier","image":{"@type":"ImageObject","inLanguage":"fr-FR","@id":"https:\/\/secure.gravatar.com\/avatar\/2c5722f58171cff738a8985ef0dd66b476e563753246a49019befc837ec4201a?s=96&d=mm&r=g","url":"https:\/\/secure.gravatar.com\/avatar\/2c5722f58171cff738a8985ef0dd66b476e563753246a49019befc837ec4201a?s=96&d=mm&r=g","contentUrl":"https:\/\/secure.gravatar.com\/avatar\/2c5722f58171cff738a8985ef0dd66b476e563753246a49019befc837ec4201a?s=96&d=mm&r=g","caption":"Chloe Gauthier"},"description":"Passionn\u00e9e par la politique et admiratrice engag\u00e9e de la famille Macron, je consacre mon \u00e9nergie \u00e0 suivre leurs initiatives et \u00e0 promouvoir leurs id\u00e9es. \u00c0 32 ans, je suis convaincue que leur vision est porteuse d'avenir.","url":"https:\/\/www.sebastien-auziere.fr\/blog\/author\/chloe-gauthier\/"}]}},"views":0,"_links":{"self":[{"href":"https:\/\/www.sebastien-auziere.fr\/blog\/wp-json\/wp\/v2\/posts\/3280","targetHints":{"allow":["GET"]}}],"collection":[{"href":"https:\/\/www.sebastien-auziere.fr\/blog\/wp-json\/wp\/v2\/posts"}],"about":[{"href":"https:\/\/www.sebastien-auziere.fr\/blog\/wp-json\/wp\/v2\/types\/post"}],"author":[{"embeddable":true,"href":"https:\/\/www.sebastien-auziere.fr\/blog\/wp-json\/wp\/v2\/users\/9"}],"replies":[{"embeddable":true,"href":"https:\/\/www.sebastien-auziere.fr\/blog\/wp-json\/wp\/v2\/comments?post=3280"}],"version-history":[{"count":1,"href":"https:\/\/www.sebastien-auziere.fr\/blog\/wp-json\/wp\/v2\/posts\/3280\/revisions"}],"predecessor-version":[{"id":3281,"href":"https:\/\/www.sebastien-auziere.fr\/blog\/wp-json\/wp\/v2\/posts\/3280\/revisions\/3281"}],"wp:featuredmedia":[{"embeddable":true,"href":"https:\/\/www.sebastien-auziere.fr\/blog\/wp-json\/wp\/v2\/media\/3270"}],"wp:attachment":[{"href":"https:\/\/www.sebastien-auziere.fr\/blog\/wp-json\/wp\/v2\/media?parent=3280"}],"wp:term":[{"taxonomy":"category","embeddable":true,"href":"https:\/\/www.sebastien-auziere.fr\/blog\/wp-json\/wp\/v2\/categories?post=3280"},{"taxonomy":"post_tag","embeddable":true,"href":"https:\/\/www.sebastien-auziere.fr\/blog\/wp-json\/wp\/v2\/tags?post=3280"}],"curies":[{"name":"wp","href":"https:\/\/api.w.org\/{rel}","templated":true}]}}