{"id":3278,"date":"2026-04-23T19:21:09","date_gmt":"2026-04-23T19:21:09","guid":{"rendered":"https:\/\/www.sebastien-auziere.fr\/blog\/?p=3278"},"modified":"2026-04-23T19:21:30","modified_gmt":"2026-04-23T19:21:30","slug":"brigitte-macron-in-marocco-una-visita-elegante-in-solitaria-per-la-first-lady","status":"publish","type":"post","link":"https:\/\/www.sebastien-auziere.fr\/blog\/it\/brigitte-macron-in-marocco-una-visita-elegante-in-solitaria-per-la-first-lady\/","title":{"rendered":"Brigitte Macron in Marocco: una visita elegante in solitaria per la First Lady"},"content":{"rendered":"<p><strong>Brigitte Macron<\/strong> si \u00e8 recata da sola in <strong>Marocco<\/strong> il <strong>22 aprile 2026<\/strong> per inaugurare il <strong>Teatro Reale di Rabat<\/strong>, un viaggio ufficiale contrassegnato da <strong>eleganza<\/strong> e dalla presenza di principesse marocchine. Questa <strong>visita in solitaria<\/strong>, rara e attesa, ha immediatamente messo la <strong>Prima donna<\/strong> sotto i riflettori diplomatici.<\/p>\n\n<p><strong>In breve<\/strong>: <strong>visita ufficiale<\/strong> il 22 aprile, incontro con Lalla Hasnaa e Lalla Meryem, inaugurazione culturale importante, scelta di viaggiare con volo commerciale e apparizioni di moda degne di nota. Scoprirai come questo viaggio illustra una diplomazia di prossimit\u00e0 e uno stile personale che rafforza le <strong>relazioni franco-marocchine<\/strong>.<\/p>\n\n<h2 class=\"wp-block-heading\">Un viaggio ufficiale: data, missione e incontri<\/h2>\n\n<p>Il <strong>22 aprile<\/strong>, la <strong>Prima donna<\/strong> ha dedicato la sua giornata all&rsquo;apertura del <strong>Teatro Reale<\/strong> a Rabat, segnando un forte sostegno alla cultura. \u00c8 il quarto <strong>viaggio in solitaria<\/strong> in nove anni, un fatto sottolineato dalla stampa e documentato da diversi resoconti, tra cui quello di <a href=\"https:\/\/www.voici.fr\/celebrites\/brigitte-macron-au-maroc-une-escapade-royale-et-en-solo-pour-la-premiere-dame-822713\">Voici<\/a>. Questo calendario mostra una presenza mirata, focalizzata sulla cooperazione culturale e sugli scambi personali tra grandi famiglie.<\/p>\n\n<h3 class=\"wp-block-heading\">Eleganza e immagine: abiti e momenti salienti<\/h3>\n\n<p>In loco, l&rsquo;<strong>eleganza<\/strong> della Prima donna \u00e8 stata commentata dalla stampa di gossip e dai titoli di moda. Il suo abito per la serata di inaugurazione, notato per i suoi strass e il portamento, \u00e8 stato in prima pagina su media come <a href=\"https:\/\/www.closermag.fr\/people\/brigitte-macron-la-premiere-dame-scintille-et-eblouit-avec-strass-et-bijoux-lors-du-diner-detat-au-maroc-3489887\">Closer<\/a> e <a href=\"https:\/\/madame.lefigaro.fr\/style\/news\/au-maroc-brigitte-macron-eblouit-dans-une-robe-rouge-a-sequins-aux-cotes-des-princesses-royales-20260423\">Madame Le Figaro<\/a>. Questo attenzione ai dettagli alimenta una diplomazia visiva che completa gli scambi ufficiali e culturali.<\/p>\n\n<h2 class=\"wp-block-heading\">Diplomazia delle donne: affinit\u00e0 e influenza<\/h2>\n\n<p>La visita ha rafforzato la <strong>diplomazia<\/strong> informale tra Francia e Marocco, sostenuta da legami personali con Lalla Hasnaa e Lalla Meryem. Questi incontri, menzionati gi\u00e0 nel 2024 durante una ricezione all&rsquo;\u00c9lys\u00e9e, testimoniano un vero rispetto reciproco e un lavoro di influenza discreto ma efficace su questioni culturali ed educative. Per comprendere questo ruolo particolare, un resoconto dettagliato si trova su <a href=\"https:\/\/www.lopinion.fr\/politique\/brigitte-macron-et-la-diplomatie-des-dames\">L&rsquo;Opinion<\/a>, che analizza questo fenomeno.<\/p>\n\n<h3 class=\"wp-block-heading\">Viaggiare diversamente: scelta dei trasporti e immagine pubblica<\/h3>\n\n<p>Durante questo viaggio, la Prima donna ha di nuovo scelto un volo commerciale, un comportamento gi\u00e0 osservato durante un viaggio a Washington a marzo. Questa scelta di mobilit\u00e0 pubblicamente assunta contribuisce a un&rsquo;immagine di prossimit\u00e0 e modernit\u00e0, rafforzando il suo ruolo di ambasciatrice non solo di cause sociali ma anche di un certo modo di vivere repubblicano. Per una lettura pi\u00f9 completa di queste scelte, vedere l&rsquo;articolo dedicato su <a href=\"https:\/\/www.sebastien-auziere.fr\/blog\/brigitte-macron-maroc-solo\/\">il blog dedicato<\/a>.<\/p>\n\n<p>Vuoi sapere di pi\u00f9 sui retroscena di questo soggiorno, sugli abiti e sulle implicazioni per la famiglia Macron? Scopri dossier dettagliati e cronache su <a href=\"https:\/\/www.sebastien-auziere.fr\/blog\/brigitte-macron-cuisine\/\">gli articoli dedicati<\/a> e immergiti nell\u2019universo di S\u00e9bastien Auzi\u00e8re e della famiglia presidenziale su <a href=\"https:\/\/www.sebastien-auziere.fr\/blog\/brigitte-macron-maroc-solo\/\">sebastien-auziere.fr<\/a> per analisi complete e archivi accuratamente compilati.<\/p>","protected":false},"excerpt":{"rendered":"<p>Brigitte Macron si \u00e8 recata da sola in Marocco il 22 aprile 2026 per inaugurare il Teatro Reale di Rabat, un viaggio ufficiale contrassegnato da eleganza e dalla presenza di principesse marocchine. Questa visita in solitaria, rara e attesa, ha immediatamente messo la Prima donna sotto i riflettori diplomatici. In breve: visita ufficiale il 22 &#8230; <a title=\"Brigitte Macron in Marocco: una visita elegante in solitaria per la First Lady\" class=\"read-more\" href=\"https:\/\/www.sebastien-auziere.fr\/blog\/it\/brigitte-macron-in-marocco-una-visita-elegante-in-solitaria-per-la-first-lady\/\" aria-label=\"En savoir plus sur Brigitte Macron in Marocco: una visita elegante in solitaria per la First Lady\">Lire plus<\/a><\/p>\n","protected":false},"author":9,"featured_media":3270,"comment_status":"open","ping_status":"open","sticky":false,"template":"","format":"standard","meta":{"footnotes":""},"categories":[859],"tags":[944,4033,1920,4130,2153],"class_list":["post-3278","post","type-post","status-publish","format-standard","has-post-thumbnail","hentry","category-actualita-it","tag-brigitte-macron-it","tag-marocco-it","tag-prima-donna-it","tag-viaggio-diplomatico-it","tag-visita-ufficiale-it"],"yoast_head":"<!-- This site is optimized with the Yoast SEO plugin v27.5 - https:\/\/yoast.com\/product\/yoast-seo-wordpress\/ -->\n<title>Brigitte Macron in Marocco: una visita elegante in solitaria per la First Lady - Fan site S\u00e9bastien Auzi\u00e8re<\/title>\n<meta name=\"description\" content=\"D\u00e9couvrez la visite \u00e9l\u00e9gante en solo de Brigitte Macron au Maroc, un moment cl\u00e9 pour la Premi\u00e8re dame alliant style et diplomatie.\" \/>\n<meta name=\"robots\" content=\"index, follow, max-snippet:-1, max-image-preview:large, max-video-preview:-1\" \/>\n<link rel=\"canonical\" href=\"https:\/\/www.sebastien-auziere.fr\/blog\/it\/brigitte-macron-in-marocco-una-visita-elegante-in-solitaria-per-la-first-lady\/\" \/>\n<meta property=\"og:locale\" content=\"fr_FR\" \/>\n<meta property=\"og:type\" content=\"article\" \/>\n<meta property=\"og:title\" content=\"Brigitte Macron in Marocco: una visita elegante in solitaria per la First Lady - Fan site S\u00e9bastien Auzi\u00e8re\" \/>\n<meta property=\"og:description\" content=\"D\u00e9couvrez la visite \u00e9l\u00e9gante en solo de Brigitte Macron au Maroc, un moment cl\u00e9 pour la Premi\u00e8re dame alliant style et diplomatie.\" \/>\n<meta property=\"og:url\" content=\"https:\/\/www.sebastien-auziere.fr\/blog\/it\/brigitte-macron-in-marocco-una-visita-elegante-in-solitaria-per-la-first-lady\/\" \/>\n<meta property=\"og:site_name\" content=\"Fan site S\u00e9bastien Auzi\u00e8re\" \/>\n<meta property=\"article:published_time\" content=\"2026-04-23T19:21:09+00:00\" \/>\n<meta property=\"article:modified_time\" content=\"2026-04-23T19:21:30+00:00\" \/>\n<meta property=\"og:image\" content=\"https:\/\/www.sebastien-auziere.fr\/blog\/wp-content\/uploads\/2026\/04\/Brigitte-Macron-au-Maroc-une-visite-elegante-en-solo-pour-la-Premiere-dame.jpg\" \/>\n\t<meta property=\"og:image:width\" content=\"2560\" \/>\n\t<meta property=\"og:image:height\" content=\"1429\" \/>\n\t<meta property=\"og:image:type\" content=\"image\/jpeg\" \/>\n<meta name=\"author\" content=\"Chloe Gauthier\" \/>\n<meta name=\"twitter:card\" content=\"summary_large_image\" \/>\n<meta name=\"twitter:label1\" content=\"\u00c9crit par\" \/>\n\t<meta name=\"twitter:data1\" content=\"Chloe Gauthier\" \/>\n\t<meta name=\"twitter:label2\" content=\"Dur\u00e9e de lecture estim\u00e9e\" \/>\n\t<meta name=\"twitter:data2\" content=\"2 minutes\" \/>\n<script type=\"application\/ld+json\" class=\"yoast-schema-graph\">{\"@context\":\"https:\\\/\\\/schema.org\",\"@graph\":[{\"@type\":\"Article\",\"@id\":\"https:\\\/\\\/www.sebastien-auziere.fr\\\/blog\\\/it\\\/brigitte-macron-in-marocco-una-visita-elegante-in-solitaria-per-la-first-lady\\\/#article\",\"isPartOf\":{\"@id\":\"https:\\\/\\\/www.sebastien-auziere.fr\\\/blog\\\/it\\\/brigitte-macron-in-marocco-una-visita-elegante-in-solitaria-per-la-first-lady\\\/\"},\"author\":{\"name\":\"Chloe Gauthier\",\"@id\":\"https:\\\/\\\/www.sebastien-auziere.fr\\\/blog\\\/#\\\/schema\\\/person\\\/149f1acdbfd85149c6c3e59adeae2f4d\"},\"headline\":\"Brigitte Macron in Marocco: una visita elegante in solitaria per la First Lady\",\"datePublished\":\"2026-04-23T19:21:09+00:00\",\"dateModified\":\"2026-04-23T19:21:30+00:00\",\"mainEntityOfPage\":{\"@id\":\"https:\\\/\\\/www.sebastien-auziere.fr\\\/blog\\\/it\\\/brigitte-macron-in-marocco-una-visita-elegante-in-solitaria-per-la-first-lady\\\/\"},\"wordCount\":444,\"commentCount\":0,\"publisher\":{\"@id\":\"https:\\\/\\\/www.sebastien-auziere.fr\\\/blog\\\/#organization\"},\"image\":{\"@id\":\"https:\\\/\\\/www.sebastien-auziere.fr\\\/blog\\\/it\\\/brigitte-macron-in-marocco-una-visita-elegante-in-solitaria-per-la-first-lady\\\/#primaryimage\"},\"thumbnailUrl\":\"https:\\\/\\\/www.sebastien-auziere.fr\\\/blog\\\/wp-content\\\/uploads\\\/2026\\\/04\\\/Brigitte-Macron-au-Maroc-une-visite-elegante-en-solo-pour-la-Premiere-dame.jpg\",\"keywords\":[\"brigitte macron\",\"marocco\",\"prima donna\",\"viaggio diplomatico\",\"visita ufficiale\"],\"articleSection\":[\"Actualit\u00e0\"],\"inLanguage\":\"fr-FR\",\"potentialAction\":[{\"@type\":\"CommentAction\",\"name\":\"Comment\",\"target\":[\"https:\\\/\\\/www.sebastien-auziere.fr\\\/blog\\\/it\\\/brigitte-macron-in-marocco-una-visita-elegante-in-solitaria-per-la-first-lady\\\/#respond\"]}]},{\"@type\":\"WebPage\",\"@id\":\"https:\\\/\\\/www.sebastien-auziere.fr\\\/blog\\\/it\\\/brigitte-macron-in-marocco-una-visita-elegante-in-solitaria-per-la-first-lady\\\/\",\"url\":\"https:\\\/\\\/www.sebastien-auziere.fr\\\/blog\\\/it\\\/brigitte-macron-in-marocco-una-visita-elegante-in-solitaria-per-la-first-lady\\\/\",\"name\":\"Brigitte Macron in Marocco: una visita elegante in solitaria per la First Lady - Fan site S\u00e9bastien Auzi\u00e8re\",\"isPartOf\":{\"@id\":\"https:\\\/\\\/www.sebastien-auziere.fr\\\/blog\\\/#website\"},\"primaryImageOfPage\":{\"@id\":\"https:\\\/\\\/www.sebastien-auziere.fr\\\/blog\\\/it\\\/brigitte-macron-in-marocco-una-visita-elegante-in-solitaria-per-la-first-lady\\\/#primaryimage\"},\"image\":{\"@id\":\"https:\\\/\\\/www.sebastien-auziere.fr\\\/blog\\\/it\\\/brigitte-macron-in-marocco-una-visita-elegante-in-solitaria-per-la-first-lady\\\/#primaryimage\"},\"thumbnailUrl\":\"https:\\\/\\\/www.sebastien-auziere.fr\\\/blog\\\/wp-content\\\/uploads\\\/2026\\\/04\\\/Brigitte-Macron-au-Maroc-une-visite-elegante-en-solo-pour-la-Premiere-dame.jpg\",\"datePublished\":\"2026-04-23T19:21:09+00:00\",\"dateModified\":\"2026-04-23T19:21:30+00:00\",\"description\":\"D\u00e9couvrez la visite \u00e9l\u00e9gante en solo de Brigitte Macron au Maroc, un moment cl\u00e9 pour la Premi\u00e8re dame alliant style et diplomatie.\",\"breadcrumb\":{\"@id\":\"https:\\\/\\\/www.sebastien-auziere.fr\\\/blog\\\/it\\\/brigitte-macron-in-marocco-una-visita-elegante-in-solitaria-per-la-first-lady\\\/#breadcrumb\"},\"inLanguage\":\"fr-FR\",\"potentialAction\":[{\"@type\":\"ReadAction\",\"target\":[\"https:\\\/\\\/www.sebastien-auziere.fr\\\/blog\\\/it\\\/brigitte-macron-in-marocco-una-visita-elegante-in-solitaria-per-la-first-lady\\\/\"]}]},{\"@type\":\"ImageObject\",\"inLanguage\":\"fr-FR\",\"@id\":\"https:\\\/\\\/www.sebastien-auziere.fr\\\/blog\\\/it\\\/brigitte-macron-in-marocco-una-visita-elegante-in-solitaria-per-la-first-lady\\\/#primaryimage\",\"url\":\"https:\\\/\\\/www.sebastien-auziere.fr\\\/blog\\\/wp-content\\\/uploads\\\/2026\\\/04\\\/Brigitte-Macron-au-Maroc-une-visite-elegante-en-solo-pour-la-Premiere-dame.jpg\",\"contentUrl\":\"https:\\\/\\\/www.sebastien-auziere.fr\\\/blog\\\/wp-content\\\/uploads\\\/2026\\\/04\\\/Brigitte-Macron-au-Maroc-une-visite-elegante-en-solo-pour-la-Premiere-dame.jpg\",\"width\":2560,\"height\":1429,\"caption\":\"d\u00e9couvrez la visite \u00e9l\u00e9gante de brigitte macron au maroc, une escapade en solo de la premi\u00e8re dame alliant raffinement et diplomatie.\"},{\"@type\":\"BreadcrumbList\",\"@id\":\"https:\\\/\\\/www.sebastien-auziere.fr\\\/blog\\\/it\\\/brigitte-macron-in-marocco-una-visita-elegante-in-solitaria-per-la-first-lady\\\/#breadcrumb\",\"itemListElement\":[{\"@type\":\"ListItem\",\"position\":1,\"name\":\"Home\",\"item\":\"https:\\\/\\\/www.sebastien-auziere.fr\\\/blog\\\/\"},{\"@type\":\"ListItem\",\"position\":2,\"name\":\"Brigitte Macron in Marocco: una visita elegante in solitaria per la First Lady\"}]},{\"@type\":\"WebSite\",\"@id\":\"https:\\\/\\\/www.sebastien-auziere.fr\\\/blog\\\/#website\",\"url\":\"https:\\\/\\\/www.sebastien-auziere.fr\\\/blog\\\/\",\"name\":\"Fan site S\u00e9bastien Auzi\u00e8re\",\"description\":\"M\u00e9dia g\u00e9n\u00e9raliste\",\"publisher\":{\"@id\":\"https:\\\/\\\/www.sebastien-auziere.fr\\\/blog\\\/#organization\"},\"potentialAction\":[{\"@type\":\"SearchAction\",\"target\":{\"@type\":\"EntryPoint\",\"urlTemplate\":\"https:\\\/\\\/www.sebastien-auziere.fr\\\/blog\\\/?s={search_term_string}\"},\"query-input\":{\"@type\":\"PropertyValueSpecification\",\"valueRequired\":true,\"valueName\":\"search_term_string\"}}],\"inLanguage\":\"fr-FR\"},{\"@type\":\"Organization\",\"@id\":\"https:\\\/\\\/www.sebastien-auziere.fr\\\/blog\\\/#organization\",\"name\":\"Fan site S\u00e9bastien Auzi\u00e8re\",\"url\":\"https:\\\/\\\/www.sebastien-auziere.fr\\\/blog\\\/\",\"logo\":{\"@type\":\"ImageObject\",\"inLanguage\":\"fr-FR\",\"@id\":\"https:\\\/\\\/www.sebastien-auziere.fr\\\/blog\\\/#\\\/schema\\\/logo\\\/image\\\/\",\"url\":\"https:\\\/\\\/www.sebastien-auziere.fr\\\/blog\\\/wp-content\\\/uploads\\\/2026\\\/03\\\/cropped-cropped-cropped-ChatGPT-Image-6-mars-2026-12_58_09-e1772798376794.jpg\",\"contentUrl\":\"https:\\\/\\\/www.sebastien-auziere.fr\\\/blog\\\/wp-content\\\/uploads\\\/2026\\\/03\\\/cropped-cropped-cropped-ChatGPT-Image-6-mars-2026-12_58_09-e1772798376794.jpg\",\"width\":512,\"height\":360,\"caption\":\"Fan site S\u00e9bastien Auzi\u00e8re\"},\"image\":{\"@id\":\"https:\\\/\\\/www.sebastien-auziere.fr\\\/blog\\\/#\\\/schema\\\/logo\\\/image\\\/\"}},{\"@type\":\"Person\",\"@id\":\"https:\\\/\\\/www.sebastien-auziere.fr\\\/blog\\\/#\\\/schema\\\/person\\\/149f1acdbfd85149c6c3e59adeae2f4d\",\"name\":\"Chloe Gauthier\",\"image\":{\"@type\":\"ImageObject\",\"inLanguage\":\"fr-FR\",\"@id\":\"https:\\\/\\\/secure.gravatar.com\\\/avatar\\\/2c5722f58171cff738a8985ef0dd66b476e563753246a49019befc837ec4201a?s=96&d=mm&r=g\",\"url\":\"https:\\\/\\\/secure.gravatar.com\\\/avatar\\\/2c5722f58171cff738a8985ef0dd66b476e563753246a49019befc837ec4201a?s=96&d=mm&r=g\",\"contentUrl\":\"https:\\\/\\\/secure.gravatar.com\\\/avatar\\\/2c5722f58171cff738a8985ef0dd66b476e563753246a49019befc837ec4201a?s=96&d=mm&r=g\",\"caption\":\"Chloe Gauthier\"},\"description\":\"Passionn\u00e9e par la politique et admiratrice engag\u00e9e de la famille Macron, je consacre mon \u00e9nergie \u00e0 suivre leurs initiatives et \u00e0 promouvoir leurs id\u00e9es. \u00c0 32 ans, je suis convaincue que leur vision est porteuse d'avenir.\",\"url\":\"https:\\\/\\\/www.sebastien-auziere.fr\\\/blog\\\/author\\\/chloe-gauthier\\\/\"}]}<\/script>\n<!-- \/ Yoast SEO plugin. -->","yoast_head_json":{"title":"Brigitte Macron in Marocco: una visita elegante in solitaria per la First Lady - Fan site S\u00e9bastien Auzi\u00e8re","description":"D\u00e9couvrez la visite \u00e9l\u00e9gante en solo de Brigitte Macron au Maroc, un moment cl\u00e9 pour la Premi\u00e8re dame alliant style et diplomatie.","robots":{"index":"index","follow":"follow","max-snippet":"max-snippet:-1","max-image-preview":"max-image-preview:large","max-video-preview":"max-video-preview:-1"},"canonical":"https:\/\/www.sebastien-auziere.fr\/blog\/it\/brigitte-macron-in-marocco-una-visita-elegante-in-solitaria-per-la-first-lady\/","og_locale":"fr_FR","og_type":"article","og_title":"Brigitte Macron in Marocco: una visita elegante in solitaria per la First Lady - Fan site S\u00e9bastien Auzi\u00e8re","og_description":"D\u00e9couvrez la visite \u00e9l\u00e9gante en solo de Brigitte Macron au Maroc, un moment cl\u00e9 pour la Premi\u00e8re dame alliant style et diplomatie.","og_url":"https:\/\/www.sebastien-auziere.fr\/blog\/it\/brigitte-macron-in-marocco-una-visita-elegante-in-solitaria-per-la-first-lady\/","og_site_name":"Fan site S\u00e9bastien Auzi\u00e8re","article_published_time":"2026-04-23T19:21:09+00:00","article_modified_time":"2026-04-23T19:21:30+00:00","og_image":[{"width":2560,"height":1429,"url":"https:\/\/www.sebastien-auziere.fr\/blog\/wp-content\/uploads\/2026\/04\/Brigitte-Macron-au-Maroc-une-visite-elegante-en-solo-pour-la-Premiere-dame.jpg","type":"image\/jpeg"}],"author":"Chloe Gauthier","twitter_card":"summary_large_image","twitter_misc":{"\u00c9crit par":"Chloe Gauthier","Dur\u00e9e de lecture estim\u00e9e":"2 minutes"},"schema":{"@context":"https:\/\/schema.org","@graph":[{"@type":"Article","@id":"https:\/\/www.sebastien-auziere.fr\/blog\/it\/brigitte-macron-in-marocco-una-visita-elegante-in-solitaria-per-la-first-lady\/#article","isPartOf":{"@id":"https:\/\/www.sebastien-auziere.fr\/blog\/it\/brigitte-macron-in-marocco-una-visita-elegante-in-solitaria-per-la-first-lady\/"},"author":{"name":"Chloe Gauthier","@id":"https:\/\/www.sebastien-auziere.fr\/blog\/#\/schema\/person\/149f1acdbfd85149c6c3e59adeae2f4d"},"headline":"Brigitte Macron in Marocco: una visita elegante in solitaria per la First Lady","datePublished":"2026-04-23T19:21:09+00:00","dateModified":"2026-04-23T19:21:30+00:00","mainEntityOfPage":{"@id":"https:\/\/www.sebastien-auziere.fr\/blog\/it\/brigitte-macron-in-marocco-una-visita-elegante-in-solitaria-per-la-first-lady\/"},"wordCount":444,"commentCount":0,"publisher":{"@id":"https:\/\/www.sebastien-auziere.fr\/blog\/#organization"},"image":{"@id":"https:\/\/www.sebastien-auziere.fr\/blog\/it\/brigitte-macron-in-marocco-una-visita-elegante-in-solitaria-per-la-first-lady\/#primaryimage"},"thumbnailUrl":"https:\/\/www.sebastien-auziere.fr\/blog\/wp-content\/uploads\/2026\/04\/Brigitte-Macron-au-Maroc-une-visite-elegante-en-solo-pour-la-Premiere-dame.jpg","keywords":["brigitte macron","marocco","prima donna","viaggio diplomatico","visita ufficiale"],"articleSection":["Actualit\u00e0"],"inLanguage":"fr-FR","potentialAction":[{"@type":"CommentAction","name":"Comment","target":["https:\/\/www.sebastien-auziere.fr\/blog\/it\/brigitte-macron-in-marocco-una-visita-elegante-in-solitaria-per-la-first-lady\/#respond"]}]},{"@type":"WebPage","@id":"https:\/\/www.sebastien-auziere.fr\/blog\/it\/brigitte-macron-in-marocco-una-visita-elegante-in-solitaria-per-la-first-lady\/","url":"https:\/\/www.sebastien-auziere.fr\/blog\/it\/brigitte-macron-in-marocco-una-visita-elegante-in-solitaria-per-la-first-lady\/","name":"Brigitte Macron in Marocco: una visita elegante in solitaria per la First Lady - Fan site S\u00e9bastien Auzi\u00e8re","isPartOf":{"@id":"https:\/\/www.sebastien-auziere.fr\/blog\/#website"},"primaryImageOfPage":{"@id":"https:\/\/www.sebastien-auziere.fr\/blog\/it\/brigitte-macron-in-marocco-una-visita-elegante-in-solitaria-per-la-first-lady\/#primaryimage"},"image":{"@id":"https:\/\/www.sebastien-auziere.fr\/blog\/it\/brigitte-macron-in-marocco-una-visita-elegante-in-solitaria-per-la-first-lady\/#primaryimage"},"thumbnailUrl":"https:\/\/www.sebastien-auziere.fr\/blog\/wp-content\/uploads\/2026\/04\/Brigitte-Macron-au-Maroc-une-visite-elegante-en-solo-pour-la-Premiere-dame.jpg","datePublished":"2026-04-23T19:21:09+00:00","dateModified":"2026-04-23T19:21:30+00:00","description":"D\u00e9couvrez la visite \u00e9l\u00e9gante en solo de Brigitte Macron au Maroc, un moment cl\u00e9 pour la Premi\u00e8re dame alliant style et diplomatie.","breadcrumb":{"@id":"https:\/\/www.sebastien-auziere.fr\/blog\/it\/brigitte-macron-in-marocco-una-visita-elegante-in-solitaria-per-la-first-lady\/#breadcrumb"},"inLanguage":"fr-FR","potentialAction":[{"@type":"ReadAction","target":["https:\/\/www.sebastien-auziere.fr\/blog\/it\/brigitte-macron-in-marocco-una-visita-elegante-in-solitaria-per-la-first-lady\/"]}]},{"@type":"ImageObject","inLanguage":"fr-FR","@id":"https:\/\/www.sebastien-auziere.fr\/blog\/it\/brigitte-macron-in-marocco-una-visita-elegante-in-solitaria-per-la-first-lady\/#primaryimage","url":"https:\/\/www.sebastien-auziere.fr\/blog\/wp-content\/uploads\/2026\/04\/Brigitte-Macron-au-Maroc-une-visite-elegante-en-solo-pour-la-Premiere-dame.jpg","contentUrl":"https:\/\/www.sebastien-auziere.fr\/blog\/wp-content\/uploads\/2026\/04\/Brigitte-Macron-au-Maroc-une-visite-elegante-en-solo-pour-la-Premiere-dame.jpg","width":2560,"height":1429,"caption":"d\u00e9couvrez la visite \u00e9l\u00e9gante de brigitte macron au maroc, une escapade en solo de la premi\u00e8re dame alliant raffinement et diplomatie."},{"@type":"BreadcrumbList","@id":"https:\/\/www.sebastien-auziere.fr\/blog\/it\/brigitte-macron-in-marocco-una-visita-elegante-in-solitaria-per-la-first-lady\/#breadcrumb","itemListElement":[{"@type":"ListItem","position":1,"name":"Home","item":"https:\/\/www.sebastien-auziere.fr\/blog\/"},{"@type":"ListItem","position":2,"name":"Brigitte Macron in Marocco: una visita elegante in solitaria per la First Lady"}]},{"@type":"WebSite","@id":"https:\/\/www.sebastien-auziere.fr\/blog\/#website","url":"https:\/\/www.sebastien-auziere.fr\/blog\/","name":"Fan site S\u00e9bastien Auzi\u00e8re","description":"M\u00e9dia g\u00e9n\u00e9raliste","publisher":{"@id":"https:\/\/www.sebastien-auziere.fr\/blog\/#organization"},"potentialAction":[{"@type":"SearchAction","target":{"@type":"EntryPoint","urlTemplate":"https:\/\/www.sebastien-auziere.fr\/blog\/?s={search_term_string}"},"query-input":{"@type":"PropertyValueSpecification","valueRequired":true,"valueName":"search_term_string"}}],"inLanguage":"fr-FR"},{"@type":"Organization","@id":"https:\/\/www.sebastien-auziere.fr\/blog\/#organization","name":"Fan site S\u00e9bastien Auzi\u00e8re","url":"https:\/\/www.sebastien-auziere.fr\/blog\/","logo":{"@type":"ImageObject","inLanguage":"fr-FR","@id":"https:\/\/www.sebastien-auziere.fr\/blog\/#\/schema\/logo\/image\/","url":"https:\/\/www.sebastien-auziere.fr\/blog\/wp-content\/uploads\/2026\/03\/cropped-cropped-cropped-ChatGPT-Image-6-mars-2026-12_58_09-e1772798376794.jpg","contentUrl":"https:\/\/www.sebastien-auziere.fr\/blog\/wp-content\/uploads\/2026\/03\/cropped-cropped-cropped-ChatGPT-Image-6-mars-2026-12_58_09-e1772798376794.jpg","width":512,"height":360,"caption":"Fan site S\u00e9bastien Auzi\u00e8re"},"image":{"@id":"https:\/\/www.sebastien-auziere.fr\/blog\/#\/schema\/logo\/image\/"}},{"@type":"Person","@id":"https:\/\/www.sebastien-auziere.fr\/blog\/#\/schema\/person\/149f1acdbfd85149c6c3e59adeae2f4d","name":"Chloe Gauthier","image":{"@type":"ImageObject","inLanguage":"fr-FR","@id":"https:\/\/secure.gravatar.com\/avatar\/2c5722f58171cff738a8985ef0dd66b476e563753246a49019befc837ec4201a?s=96&d=mm&r=g","url":"https:\/\/secure.gravatar.com\/avatar\/2c5722f58171cff738a8985ef0dd66b476e563753246a49019befc837ec4201a?s=96&d=mm&r=g","contentUrl":"https:\/\/secure.gravatar.com\/avatar\/2c5722f58171cff738a8985ef0dd66b476e563753246a49019befc837ec4201a?s=96&d=mm&r=g","caption":"Chloe Gauthier"},"description":"Passionn\u00e9e par la politique et admiratrice engag\u00e9e de la famille Macron, je consacre mon \u00e9nergie \u00e0 suivre leurs initiatives et \u00e0 promouvoir leurs id\u00e9es. \u00c0 32 ans, je suis convaincue que leur vision est porteuse d'avenir.","url":"https:\/\/www.sebastien-auziere.fr\/blog\/author\/chloe-gauthier\/"}]}},"views":0,"_links":{"self":[{"href":"https:\/\/www.sebastien-auziere.fr\/blog\/wp-json\/wp\/v2\/posts\/3278","targetHints":{"allow":["GET"]}}],"collection":[{"href":"https:\/\/www.sebastien-auziere.fr\/blog\/wp-json\/wp\/v2\/posts"}],"about":[{"href":"https:\/\/www.sebastien-auziere.fr\/blog\/wp-json\/wp\/v2\/types\/post"}],"author":[{"embeddable":true,"href":"https:\/\/www.sebastien-auziere.fr\/blog\/wp-json\/wp\/v2\/users\/9"}],"replies":[{"embeddable":true,"href":"https:\/\/www.sebastien-auziere.fr\/blog\/wp-json\/wp\/v2\/comments?post=3278"}],"version-history":[{"count":1,"href":"https:\/\/www.sebastien-auziere.fr\/blog\/wp-json\/wp\/v2\/posts\/3278\/revisions"}],"predecessor-version":[{"id":3279,"href":"https:\/\/www.sebastien-auziere.fr\/blog\/wp-json\/wp\/v2\/posts\/3278\/revisions\/3279"}],"wp:featuredmedia":[{"embeddable":true,"href":"https:\/\/www.sebastien-auziere.fr\/blog\/wp-json\/wp\/v2\/media\/3270"}],"wp:attachment":[{"href":"https:\/\/www.sebastien-auziere.fr\/blog\/wp-json\/wp\/v2\/media?parent=3278"}],"wp:term":[{"taxonomy":"category","embeddable":true,"href":"https:\/\/www.sebastien-auziere.fr\/blog\/wp-json\/wp\/v2\/categories?post=3278"},{"taxonomy":"post_tag","embeddable":true,"href":"https:\/\/www.sebastien-auziere.fr\/blog\/wp-json\/wp\/v2\/tags?post=3278"}],"curies":[{"name":"wp","href":"https:\/\/api.w.org\/{rel}","templated":true}]}}