{"id":3276,"date":"2026-04-23T19:18:25","date_gmt":"2026-04-23T19:18:25","guid":{"rendered":"https:\/\/www.sebastien-auziere.fr\/blog\/?p=3276"},"modified":"2026-04-23T19:18:45","modified_gmt":"2026-04-23T19:18:45","slug":"brigitte-macron-in-marokko-ein-eleganter-solo-besuch-fur-die-first-lady","status":"publish","type":"post","link":"https:\/\/www.sebastien-auziere.fr\/blog\/de\/brigitte-macron-in-marokko-ein-eleganter-solo-besuch-fur-die-first-lady\/","title":{"rendered":"Brigitte Macron in Marokko: ein eleganter Solo-Besuch f\u00fcr die First Lady"},"content":{"rendered":"<p><strong>Brigitte Macron<\/strong> reiste allein nach <strong>Marokko<\/strong> am <strong>22. April 2026<\/strong>, um das <strong>K\u00f6nigliche Theater in Rabat<\/strong> einzuweihen, ein offizieller Besuch, der durch <strong>Eleganz<\/strong> und die Anwesenheit marokkanischer Prinzessinnen gepr\u00e4gt war. Diese <strong>Solo-Reise<\/strong>, eine seltene und erwartete Veranstaltung, stellte die <strong>First Lady<\/strong> sofort ins diplomatische Rampenlicht.<\/p>\n\n<p><strong>Kurz gesagt<\/strong>: <strong>offizieller Besuch<\/strong> am 22. April, Treffen mit Lalla Hasnaa und Lalla Meryem, bedeutende kulturelle Einweihung, Entscheidung, mit einem Linienflug zu reisen, und bemerkenswerte Modeauftritte. Du wirst entdecken, wie dieser Besuch eine Diplomatie der N\u00e4he und einen pers\u00f6nlichen Stil veranschaulicht, die die <strong>franzoesisch-marokkanischen Beziehungen<\/strong> st\u00e4rken.<\/p>\n\n<h2 class=\"wp-block-heading\">Ein offizieller Besuch: Datum, Mission und Treffen<\/h2>\n\n<p>Am <strong>22. April<\/strong> widmete die <strong>First Lady<\/strong> ihren Tag der Er\u00f6ffnung des <strong>K\u00f6niglichen Theaters<\/strong> in Rabat, was eine klare Unterst\u00fctzung f\u00fcr die Kultur bedeutet. Es ist die vierte <strong>Solo-Reise<\/strong> in neun Jahren, ein Fakt, der von der Presse hervorgehoben und in mehreren Berichten dokumentiert wurde, darunter einer von <a href=\"https:\/\/www.voici.fr\/celebrites\/brigitte-macron-au-maroc-une-escapade-royale-et-en-solo-pour-la-premiere-dame-822713\">Voici<\/a>. Dieser Zeitplan zeigt eine gezielte Pr\u00e4senz, die auf kulturelle Zusammenarbeit und pers\u00f6nliche Austausch zwischen gro\u00dfen Familien abzielt.<\/p>\n\n<h3 class=\"wp-block-heading\">Eleganz und Image: Outfits und Schl\u00fcsselmomente<\/h3>\n\n<p>Vor Ort wurde die <strong>Eleganz<\/strong> der First Lady von der Promi-Presse und Modemagazinen kommentiert. Ihr Outfit f\u00fcr den Er\u00f6ffnungsabend, das wegen seiner Strasssteine und seiner Kopfhaltung auffiel, dominierte die Titelbl\u00e4tter von Medien wie <a href=\"https:\/\/www.closermag.fr\/people\/brigitte-macron-la-premiere-dame-scintille-et-eblouit-avec-strass-et-bijoux-lors-du-diner-detat-au-maroc-3489887\">Closer<\/a> und <a href=\"https:\/\/madame.lefigaro.fr\/style\/news\/au-maroc-brigitte-macron-eblouit-dans-une-robe-rouge-a-sequins-aux-cotes-des-princesses-royales-20260423\">Madame Le Figaro<\/a>. Diese Liebe zum Detail n\u00e4hrt eine Diplomatie des Blicks, die die offiziellen und kulturellen Austausch erg\u00e4nzt.<\/p>\n\n<h2 class=\"wp-block-heading\">Diplomatie der Damen: Affinit\u00e4ten und Einfluss<\/h2>\n\n<p>Der Besuch st\u00e4rkte die <strong>diplomatische<\/strong> informelle Beziehung zwischen Frankreich und Marokko, getragen von pers\u00f6nlichen Bindungen zu Lalla Hasnaa und Lalla Meryem. Diese Treffen, die bereits 2024 bei einem Empfang im \u00c9lys\u00e9e erw\u00e4hnt wurden, zeugen von einer echten gegenseitigen Wertsch\u00e4tzung und einem diskreten, aber effektiven Einfluss auf kulturelle und bildungspolitische Themen. Um diese besondere Rolle zu verstehen, befindet sich ein ausf\u00fchrlicher Bericht auf <a href=\"https:\/\/www.lopinion.fr\/politique\/brigitte-macron-et-la-diplomatie-des-dames\">L&rsquo;Opinion<\/a>, die dieses Ph\u00e4nomen analysiert.<\/p>\n\n<h3 class=\"wp-block-heading\">Anders reisen: Transportwahl und \u00f6ffentliches Bild<\/h3>\n\n<p>Bei diesem Besuch w\u00e4hlte die First Lady erneut einen Linienflug, ein Verhalten, das bereits bei einer Reise nach Washington im M\u00e4rz beobachtet wurde. Diese \u00f6ffentlich akzeptierte Mobilit\u00e4tswahl tr\u00e4gt zu einem Bild von N\u00e4he und Modernit\u00e4t bei und st\u00e4rkt ihre Rolle als Botschafterin nicht nur sozialer Anliegen, sondern auch eines bestimmten republikanischen Lebensstils. F\u00fcr eine umfassendere Lesart dieser Entscheidungen siehe den dazugeh\u00f6rigen Artikel auf <a href=\"https:\/\/www.sebastien-auziere.fr\/blog\/brigitte-macron-maroc-solo\/\">dem spezialisierten Blog<\/a>.<\/p>\n\n<p>Willst du mehr \u00fcber die Hintergr\u00fcnde dieses Aufenthalts, die Outfits und die Auswirkungen auf die Familie Macron erfahren? Entdecke ausf\u00fchrliche Dossiers und Berichte auf <a href=\"https:\/\/www.sebastien-auziere.fr\/blog\/brigitte-macron-cuisine\/\">den spezialisierten Artikeln<\/a> und tauche ein in die Welt von S\u00e9bastien Auzi\u00e8re und der Pr\u00e4sidentschaftsfamilie auf <a href=\"https:\/\/www.sebastien-auziere.fr\/blog\/brigitte-macron-maroc-solo\/\">sebastien-auziere.fr<\/a> f\u00fcr umfassende Analysen und sorgf\u00e4ltig zusammengestellte Archive.<\/p>","protected":false},"excerpt":{"rendered":"<p>Brigitte Macron reiste allein nach Marokko am 22. April 2026, um das K\u00f6nigliche Theater in Rabat einzuweihen, ein offizieller Besuch, der durch Eleganz und die Anwesenheit marokkanischer Prinzessinnen gepr\u00e4gt war. Diese Solo-Reise, eine seltene und erwartete Veranstaltung, stellte die First Lady sofort ins diplomatische Rampenlicht. Kurz gesagt: offizieller Besuch am 22. April, Treffen mit Lalla &#8230; <a title=\"Brigitte Macron in Marokko: ein eleganter Solo-Besuch f\u00fcr die First Lady\" class=\"read-more\" href=\"https:\/\/www.sebastien-auziere.fr\/blog\/de\/brigitte-macron-in-marokko-ein-eleganter-solo-besuch-fur-die-first-lady\/\" aria-label=\"En savoir plus sur Brigitte Macron in Marokko: ein eleganter Solo-Besuch f\u00fcr die First Lady\">Lire plus<\/a><\/p>\n","protected":false},"author":9,"featured_media":3270,"comment_status":"open","ping_status":"open","sticky":false,"template":"","format":"standard","meta":{"footnotes":""},"categories":[856],"tags":[929,4127,1908,4024,2144],"class_list":["post-3276","post","type-post","status-publish","format-standard","has-post-thumbnail","hentry","category-aktuelles-de","tag-brigitte-macron-de","tag-diplomatische-reise-de","tag-erste-dame-de","tag-marokko-de","tag-offizielle-besuch-de"],"yoast_head":"<!-- This site is optimized with the Yoast SEO plugin v27.5 - https:\/\/yoast.com\/product\/yoast-seo-wordpress\/ -->\n<title>Brigitte Macron in Marokko: ein eleganter Solo-Besuch f\u00fcr die First Lady - Fan site S\u00e9bastien Auzi\u00e8re<\/title>\n<meta name=\"description\" content=\"D\u00e9couvrez la visite \u00e9l\u00e9gante en solo de Brigitte Macron au Maroc, un moment cl\u00e9 pour la Premi\u00e8re dame alliant style et diplomatie.\" \/>\n<meta name=\"robots\" content=\"index, follow, max-snippet:-1, max-image-preview:large, max-video-preview:-1\" \/>\n<link rel=\"canonical\" href=\"https:\/\/www.sebastien-auziere.fr\/blog\/de\/brigitte-macron-in-marokko-ein-eleganter-solo-besuch-fur-die-first-lady\/\" \/>\n<meta property=\"og:locale\" content=\"fr_FR\" \/>\n<meta property=\"og:type\" content=\"article\" \/>\n<meta property=\"og:title\" content=\"Brigitte Macron in Marokko: ein eleganter Solo-Besuch f\u00fcr die First Lady - Fan site S\u00e9bastien Auzi\u00e8re\" \/>\n<meta property=\"og:description\" content=\"D\u00e9couvrez la visite \u00e9l\u00e9gante en solo de Brigitte Macron au Maroc, un moment cl\u00e9 pour la Premi\u00e8re dame alliant style et diplomatie.\" \/>\n<meta property=\"og:url\" content=\"https:\/\/www.sebastien-auziere.fr\/blog\/de\/brigitte-macron-in-marokko-ein-eleganter-solo-besuch-fur-die-first-lady\/\" \/>\n<meta property=\"og:site_name\" content=\"Fan site S\u00e9bastien Auzi\u00e8re\" \/>\n<meta property=\"article:published_time\" content=\"2026-04-23T19:18:25+00:00\" \/>\n<meta property=\"article:modified_time\" content=\"2026-04-23T19:18:45+00:00\" \/>\n<meta property=\"og:image\" content=\"https:\/\/www.sebastien-auziere.fr\/blog\/wp-content\/uploads\/2026\/04\/Brigitte-Macron-au-Maroc-une-visite-elegante-en-solo-pour-la-Premiere-dame.jpg\" \/>\n\t<meta property=\"og:image:width\" content=\"2560\" \/>\n\t<meta property=\"og:image:height\" content=\"1429\" \/>\n\t<meta property=\"og:image:type\" content=\"image\/jpeg\" \/>\n<meta name=\"author\" content=\"Chloe Gauthier\" \/>\n<meta name=\"twitter:card\" content=\"summary_large_image\" \/>\n<meta name=\"twitter:label1\" content=\"\u00c9crit par\" \/>\n\t<meta name=\"twitter:data1\" content=\"Chloe Gauthier\" \/>\n\t<meta name=\"twitter:label2\" content=\"Dur\u00e9e de lecture estim\u00e9e\" \/>\n\t<meta name=\"twitter:data2\" content=\"2 minutes\" \/>\n<script type=\"application\/ld+json\" class=\"yoast-schema-graph\">{\"@context\":\"https:\\\/\\\/schema.org\",\"@graph\":[{\"@type\":\"Article\",\"@id\":\"https:\\\/\\\/www.sebastien-auziere.fr\\\/blog\\\/de\\\/brigitte-macron-in-marokko-ein-eleganter-solo-besuch-fur-die-first-lady\\\/#article\",\"isPartOf\":{\"@id\":\"https:\\\/\\\/www.sebastien-auziere.fr\\\/blog\\\/de\\\/brigitte-macron-in-marokko-ein-eleganter-solo-besuch-fur-die-first-lady\\\/\"},\"author\":{\"name\":\"Chloe Gauthier\",\"@id\":\"https:\\\/\\\/www.sebastien-auziere.fr\\\/blog\\\/#\\\/schema\\\/person\\\/149f1acdbfd85149c6c3e59adeae2f4d\"},\"headline\":\"Brigitte Macron in Marokko: ein eleganter Solo-Besuch f\u00fcr die First Lady\",\"datePublished\":\"2026-04-23T19:18:25+00:00\",\"dateModified\":\"2026-04-23T19:18:45+00:00\",\"mainEntityOfPage\":{\"@id\":\"https:\\\/\\\/www.sebastien-auziere.fr\\\/blog\\\/de\\\/brigitte-macron-in-marokko-ein-eleganter-solo-besuch-fur-die-first-lady\\\/\"},\"wordCount\":467,\"commentCount\":0,\"publisher\":{\"@id\":\"https:\\\/\\\/www.sebastien-auziere.fr\\\/blog\\\/#organization\"},\"image\":{\"@id\":\"https:\\\/\\\/www.sebastien-auziere.fr\\\/blog\\\/de\\\/brigitte-macron-in-marokko-ein-eleganter-solo-besuch-fur-die-first-lady\\\/#primaryimage\"},\"thumbnailUrl\":\"https:\\\/\\\/www.sebastien-auziere.fr\\\/blog\\\/wp-content\\\/uploads\\\/2026\\\/04\\\/Brigitte-Macron-au-Maroc-une-visite-elegante-en-solo-pour-la-Premiere-dame.jpg\",\"keywords\":[\"brigitte macron\",\"Diplomatische Reise\",\"erste Dame\",\"marokko\",\"offizielle Besuch\"],\"articleSection\":[\"Aktuelles\"],\"inLanguage\":\"fr-FR\",\"potentialAction\":[{\"@type\":\"CommentAction\",\"name\":\"Comment\",\"target\":[\"https:\\\/\\\/www.sebastien-auziere.fr\\\/blog\\\/de\\\/brigitte-macron-in-marokko-ein-eleganter-solo-besuch-fur-die-first-lady\\\/#respond\"]}]},{\"@type\":\"WebPage\",\"@id\":\"https:\\\/\\\/www.sebastien-auziere.fr\\\/blog\\\/de\\\/brigitte-macron-in-marokko-ein-eleganter-solo-besuch-fur-die-first-lady\\\/\",\"url\":\"https:\\\/\\\/www.sebastien-auziere.fr\\\/blog\\\/de\\\/brigitte-macron-in-marokko-ein-eleganter-solo-besuch-fur-die-first-lady\\\/\",\"name\":\"Brigitte Macron in Marokko: ein eleganter Solo-Besuch f\u00fcr die First Lady - Fan site S\u00e9bastien Auzi\u00e8re\",\"isPartOf\":{\"@id\":\"https:\\\/\\\/www.sebastien-auziere.fr\\\/blog\\\/#website\"},\"primaryImageOfPage\":{\"@id\":\"https:\\\/\\\/www.sebastien-auziere.fr\\\/blog\\\/de\\\/brigitte-macron-in-marokko-ein-eleganter-solo-besuch-fur-die-first-lady\\\/#primaryimage\"},\"image\":{\"@id\":\"https:\\\/\\\/www.sebastien-auziere.fr\\\/blog\\\/de\\\/brigitte-macron-in-marokko-ein-eleganter-solo-besuch-fur-die-first-lady\\\/#primaryimage\"},\"thumbnailUrl\":\"https:\\\/\\\/www.sebastien-auziere.fr\\\/blog\\\/wp-content\\\/uploads\\\/2026\\\/04\\\/Brigitte-Macron-au-Maroc-une-visite-elegante-en-solo-pour-la-Premiere-dame.jpg\",\"datePublished\":\"2026-04-23T19:18:25+00:00\",\"dateModified\":\"2026-04-23T19:18:45+00:00\",\"description\":\"D\u00e9couvrez la visite \u00e9l\u00e9gante en solo de Brigitte Macron au Maroc, un moment cl\u00e9 pour la Premi\u00e8re dame alliant style et diplomatie.\",\"breadcrumb\":{\"@id\":\"https:\\\/\\\/www.sebastien-auziere.fr\\\/blog\\\/de\\\/brigitte-macron-in-marokko-ein-eleganter-solo-besuch-fur-die-first-lady\\\/#breadcrumb\"},\"inLanguage\":\"fr-FR\",\"potentialAction\":[{\"@type\":\"ReadAction\",\"target\":[\"https:\\\/\\\/www.sebastien-auziere.fr\\\/blog\\\/de\\\/brigitte-macron-in-marokko-ein-eleganter-solo-besuch-fur-die-first-lady\\\/\"]}]},{\"@type\":\"ImageObject\",\"inLanguage\":\"fr-FR\",\"@id\":\"https:\\\/\\\/www.sebastien-auziere.fr\\\/blog\\\/de\\\/brigitte-macron-in-marokko-ein-eleganter-solo-besuch-fur-die-first-lady\\\/#primaryimage\",\"url\":\"https:\\\/\\\/www.sebastien-auziere.fr\\\/blog\\\/wp-content\\\/uploads\\\/2026\\\/04\\\/Brigitte-Macron-au-Maroc-une-visite-elegante-en-solo-pour-la-Premiere-dame.jpg\",\"contentUrl\":\"https:\\\/\\\/www.sebastien-auziere.fr\\\/blog\\\/wp-content\\\/uploads\\\/2026\\\/04\\\/Brigitte-Macron-au-Maroc-une-visite-elegante-en-solo-pour-la-Premiere-dame.jpg\",\"width\":2560,\"height\":1429,\"caption\":\"d\u00e9couvrez la visite \u00e9l\u00e9gante de brigitte macron au maroc, une escapade en solo de la premi\u00e8re dame alliant raffinement et diplomatie.\"},{\"@type\":\"BreadcrumbList\",\"@id\":\"https:\\\/\\\/www.sebastien-auziere.fr\\\/blog\\\/de\\\/brigitte-macron-in-marokko-ein-eleganter-solo-besuch-fur-die-first-lady\\\/#breadcrumb\",\"itemListElement\":[{\"@type\":\"ListItem\",\"position\":1,\"name\":\"Home\",\"item\":\"https:\\\/\\\/www.sebastien-auziere.fr\\\/blog\\\/\"},{\"@type\":\"ListItem\",\"position\":2,\"name\":\"Brigitte Macron in Marokko: ein eleganter Solo-Besuch f\u00fcr die First Lady\"}]},{\"@type\":\"WebSite\",\"@id\":\"https:\\\/\\\/www.sebastien-auziere.fr\\\/blog\\\/#website\",\"url\":\"https:\\\/\\\/www.sebastien-auziere.fr\\\/blog\\\/\",\"name\":\"Fan site S\u00e9bastien Auzi\u00e8re\",\"description\":\"M\u00e9dia g\u00e9n\u00e9raliste\",\"publisher\":{\"@id\":\"https:\\\/\\\/www.sebastien-auziere.fr\\\/blog\\\/#organization\"},\"potentialAction\":[{\"@type\":\"SearchAction\",\"target\":{\"@type\":\"EntryPoint\",\"urlTemplate\":\"https:\\\/\\\/www.sebastien-auziere.fr\\\/blog\\\/?s={search_term_string}\"},\"query-input\":{\"@type\":\"PropertyValueSpecification\",\"valueRequired\":true,\"valueName\":\"search_term_string\"}}],\"inLanguage\":\"fr-FR\"},{\"@type\":\"Organization\",\"@id\":\"https:\\\/\\\/www.sebastien-auziere.fr\\\/blog\\\/#organization\",\"name\":\"Fan site S\u00e9bastien Auzi\u00e8re\",\"url\":\"https:\\\/\\\/www.sebastien-auziere.fr\\\/blog\\\/\",\"logo\":{\"@type\":\"ImageObject\",\"inLanguage\":\"fr-FR\",\"@id\":\"https:\\\/\\\/www.sebastien-auziere.fr\\\/blog\\\/#\\\/schema\\\/logo\\\/image\\\/\",\"url\":\"https:\\\/\\\/www.sebastien-auziere.fr\\\/blog\\\/wp-content\\\/uploads\\\/2026\\\/03\\\/cropped-cropped-cropped-ChatGPT-Image-6-mars-2026-12_58_09-e1772798376794.jpg\",\"contentUrl\":\"https:\\\/\\\/www.sebastien-auziere.fr\\\/blog\\\/wp-content\\\/uploads\\\/2026\\\/03\\\/cropped-cropped-cropped-ChatGPT-Image-6-mars-2026-12_58_09-e1772798376794.jpg\",\"width\":512,\"height\":360,\"caption\":\"Fan site S\u00e9bastien Auzi\u00e8re\"},\"image\":{\"@id\":\"https:\\\/\\\/www.sebastien-auziere.fr\\\/blog\\\/#\\\/schema\\\/logo\\\/image\\\/\"}},{\"@type\":\"Person\",\"@id\":\"https:\\\/\\\/www.sebastien-auziere.fr\\\/blog\\\/#\\\/schema\\\/person\\\/149f1acdbfd85149c6c3e59adeae2f4d\",\"name\":\"Chloe Gauthier\",\"image\":{\"@type\":\"ImageObject\",\"inLanguage\":\"fr-FR\",\"@id\":\"https:\\\/\\\/secure.gravatar.com\\\/avatar\\\/2c5722f58171cff738a8985ef0dd66b476e563753246a49019befc837ec4201a?s=96&d=mm&r=g\",\"url\":\"https:\\\/\\\/secure.gravatar.com\\\/avatar\\\/2c5722f58171cff738a8985ef0dd66b476e563753246a49019befc837ec4201a?s=96&d=mm&r=g\",\"contentUrl\":\"https:\\\/\\\/secure.gravatar.com\\\/avatar\\\/2c5722f58171cff738a8985ef0dd66b476e563753246a49019befc837ec4201a?s=96&d=mm&r=g\",\"caption\":\"Chloe Gauthier\"},\"description\":\"Passionn\u00e9e par la politique et admiratrice engag\u00e9e de la famille Macron, je consacre mon \u00e9nergie \u00e0 suivre leurs initiatives et \u00e0 promouvoir leurs id\u00e9es. \u00c0 32 ans, je suis convaincue que leur vision est porteuse d'avenir.\",\"url\":\"https:\\\/\\\/www.sebastien-auziere.fr\\\/blog\\\/author\\\/chloe-gauthier\\\/\"}]}<\/script>\n<!-- \/ Yoast SEO plugin. -->","yoast_head_json":{"title":"Brigitte Macron in Marokko: ein eleganter Solo-Besuch f\u00fcr die First Lady - Fan site S\u00e9bastien Auzi\u00e8re","description":"D\u00e9couvrez la visite \u00e9l\u00e9gante en solo de Brigitte Macron au Maroc, un moment cl\u00e9 pour la Premi\u00e8re dame alliant style et diplomatie.","robots":{"index":"index","follow":"follow","max-snippet":"max-snippet:-1","max-image-preview":"max-image-preview:large","max-video-preview":"max-video-preview:-1"},"canonical":"https:\/\/www.sebastien-auziere.fr\/blog\/de\/brigitte-macron-in-marokko-ein-eleganter-solo-besuch-fur-die-first-lady\/","og_locale":"fr_FR","og_type":"article","og_title":"Brigitte Macron in Marokko: ein eleganter Solo-Besuch f\u00fcr die First Lady - Fan site S\u00e9bastien Auzi\u00e8re","og_description":"D\u00e9couvrez la visite \u00e9l\u00e9gante en solo de Brigitte Macron au Maroc, un moment cl\u00e9 pour la Premi\u00e8re dame alliant style et diplomatie.","og_url":"https:\/\/www.sebastien-auziere.fr\/blog\/de\/brigitte-macron-in-marokko-ein-eleganter-solo-besuch-fur-die-first-lady\/","og_site_name":"Fan site S\u00e9bastien Auzi\u00e8re","article_published_time":"2026-04-23T19:18:25+00:00","article_modified_time":"2026-04-23T19:18:45+00:00","og_image":[{"width":2560,"height":1429,"url":"https:\/\/www.sebastien-auziere.fr\/blog\/wp-content\/uploads\/2026\/04\/Brigitte-Macron-au-Maroc-une-visite-elegante-en-solo-pour-la-Premiere-dame.jpg","type":"image\/jpeg"}],"author":"Chloe Gauthier","twitter_card":"summary_large_image","twitter_misc":{"\u00c9crit par":"Chloe Gauthier","Dur\u00e9e de lecture estim\u00e9e":"2 minutes"},"schema":{"@context":"https:\/\/schema.org","@graph":[{"@type":"Article","@id":"https:\/\/www.sebastien-auziere.fr\/blog\/de\/brigitte-macron-in-marokko-ein-eleganter-solo-besuch-fur-die-first-lady\/#article","isPartOf":{"@id":"https:\/\/www.sebastien-auziere.fr\/blog\/de\/brigitte-macron-in-marokko-ein-eleganter-solo-besuch-fur-die-first-lady\/"},"author":{"name":"Chloe Gauthier","@id":"https:\/\/www.sebastien-auziere.fr\/blog\/#\/schema\/person\/149f1acdbfd85149c6c3e59adeae2f4d"},"headline":"Brigitte Macron in Marokko: ein eleganter Solo-Besuch f\u00fcr die First Lady","datePublished":"2026-04-23T19:18:25+00:00","dateModified":"2026-04-23T19:18:45+00:00","mainEntityOfPage":{"@id":"https:\/\/www.sebastien-auziere.fr\/blog\/de\/brigitte-macron-in-marokko-ein-eleganter-solo-besuch-fur-die-first-lady\/"},"wordCount":467,"commentCount":0,"publisher":{"@id":"https:\/\/www.sebastien-auziere.fr\/blog\/#organization"},"image":{"@id":"https:\/\/www.sebastien-auziere.fr\/blog\/de\/brigitte-macron-in-marokko-ein-eleganter-solo-besuch-fur-die-first-lady\/#primaryimage"},"thumbnailUrl":"https:\/\/www.sebastien-auziere.fr\/blog\/wp-content\/uploads\/2026\/04\/Brigitte-Macron-au-Maroc-une-visite-elegante-en-solo-pour-la-Premiere-dame.jpg","keywords":["brigitte macron","Diplomatische Reise","erste Dame","marokko","offizielle Besuch"],"articleSection":["Aktuelles"],"inLanguage":"fr-FR","potentialAction":[{"@type":"CommentAction","name":"Comment","target":["https:\/\/www.sebastien-auziere.fr\/blog\/de\/brigitte-macron-in-marokko-ein-eleganter-solo-besuch-fur-die-first-lady\/#respond"]}]},{"@type":"WebPage","@id":"https:\/\/www.sebastien-auziere.fr\/blog\/de\/brigitte-macron-in-marokko-ein-eleganter-solo-besuch-fur-die-first-lady\/","url":"https:\/\/www.sebastien-auziere.fr\/blog\/de\/brigitte-macron-in-marokko-ein-eleganter-solo-besuch-fur-die-first-lady\/","name":"Brigitte Macron in Marokko: ein eleganter Solo-Besuch f\u00fcr die First Lady - Fan site S\u00e9bastien Auzi\u00e8re","isPartOf":{"@id":"https:\/\/www.sebastien-auziere.fr\/blog\/#website"},"primaryImageOfPage":{"@id":"https:\/\/www.sebastien-auziere.fr\/blog\/de\/brigitte-macron-in-marokko-ein-eleganter-solo-besuch-fur-die-first-lady\/#primaryimage"},"image":{"@id":"https:\/\/www.sebastien-auziere.fr\/blog\/de\/brigitte-macron-in-marokko-ein-eleganter-solo-besuch-fur-die-first-lady\/#primaryimage"},"thumbnailUrl":"https:\/\/www.sebastien-auziere.fr\/blog\/wp-content\/uploads\/2026\/04\/Brigitte-Macron-au-Maroc-une-visite-elegante-en-solo-pour-la-Premiere-dame.jpg","datePublished":"2026-04-23T19:18:25+00:00","dateModified":"2026-04-23T19:18:45+00:00","description":"D\u00e9couvrez la visite \u00e9l\u00e9gante en solo de Brigitte Macron au Maroc, un moment cl\u00e9 pour la Premi\u00e8re dame alliant style et diplomatie.","breadcrumb":{"@id":"https:\/\/www.sebastien-auziere.fr\/blog\/de\/brigitte-macron-in-marokko-ein-eleganter-solo-besuch-fur-die-first-lady\/#breadcrumb"},"inLanguage":"fr-FR","potentialAction":[{"@type":"ReadAction","target":["https:\/\/www.sebastien-auziere.fr\/blog\/de\/brigitte-macron-in-marokko-ein-eleganter-solo-besuch-fur-die-first-lady\/"]}]},{"@type":"ImageObject","inLanguage":"fr-FR","@id":"https:\/\/www.sebastien-auziere.fr\/blog\/de\/brigitte-macron-in-marokko-ein-eleganter-solo-besuch-fur-die-first-lady\/#primaryimage","url":"https:\/\/www.sebastien-auziere.fr\/blog\/wp-content\/uploads\/2026\/04\/Brigitte-Macron-au-Maroc-une-visite-elegante-en-solo-pour-la-Premiere-dame.jpg","contentUrl":"https:\/\/www.sebastien-auziere.fr\/blog\/wp-content\/uploads\/2026\/04\/Brigitte-Macron-au-Maroc-une-visite-elegante-en-solo-pour-la-Premiere-dame.jpg","width":2560,"height":1429,"caption":"d\u00e9couvrez la visite \u00e9l\u00e9gante de brigitte macron au maroc, une escapade en solo de la premi\u00e8re dame alliant raffinement et diplomatie."},{"@type":"BreadcrumbList","@id":"https:\/\/www.sebastien-auziere.fr\/blog\/de\/brigitte-macron-in-marokko-ein-eleganter-solo-besuch-fur-die-first-lady\/#breadcrumb","itemListElement":[{"@type":"ListItem","position":1,"name":"Home","item":"https:\/\/www.sebastien-auziere.fr\/blog\/"},{"@type":"ListItem","position":2,"name":"Brigitte Macron in Marokko: ein eleganter Solo-Besuch f\u00fcr die First Lady"}]},{"@type":"WebSite","@id":"https:\/\/www.sebastien-auziere.fr\/blog\/#website","url":"https:\/\/www.sebastien-auziere.fr\/blog\/","name":"Fan site S\u00e9bastien Auzi\u00e8re","description":"M\u00e9dia g\u00e9n\u00e9raliste","publisher":{"@id":"https:\/\/www.sebastien-auziere.fr\/blog\/#organization"},"potentialAction":[{"@type":"SearchAction","target":{"@type":"EntryPoint","urlTemplate":"https:\/\/www.sebastien-auziere.fr\/blog\/?s={search_term_string}"},"query-input":{"@type":"PropertyValueSpecification","valueRequired":true,"valueName":"search_term_string"}}],"inLanguage":"fr-FR"},{"@type":"Organization","@id":"https:\/\/www.sebastien-auziere.fr\/blog\/#organization","name":"Fan site S\u00e9bastien Auzi\u00e8re","url":"https:\/\/www.sebastien-auziere.fr\/blog\/","logo":{"@type":"ImageObject","inLanguage":"fr-FR","@id":"https:\/\/www.sebastien-auziere.fr\/blog\/#\/schema\/logo\/image\/","url":"https:\/\/www.sebastien-auziere.fr\/blog\/wp-content\/uploads\/2026\/03\/cropped-cropped-cropped-ChatGPT-Image-6-mars-2026-12_58_09-e1772798376794.jpg","contentUrl":"https:\/\/www.sebastien-auziere.fr\/blog\/wp-content\/uploads\/2026\/03\/cropped-cropped-cropped-ChatGPT-Image-6-mars-2026-12_58_09-e1772798376794.jpg","width":512,"height":360,"caption":"Fan site S\u00e9bastien Auzi\u00e8re"},"image":{"@id":"https:\/\/www.sebastien-auziere.fr\/blog\/#\/schema\/logo\/image\/"}},{"@type":"Person","@id":"https:\/\/www.sebastien-auziere.fr\/blog\/#\/schema\/person\/149f1acdbfd85149c6c3e59adeae2f4d","name":"Chloe Gauthier","image":{"@type":"ImageObject","inLanguage":"fr-FR","@id":"https:\/\/secure.gravatar.com\/avatar\/2c5722f58171cff738a8985ef0dd66b476e563753246a49019befc837ec4201a?s=96&d=mm&r=g","url":"https:\/\/secure.gravatar.com\/avatar\/2c5722f58171cff738a8985ef0dd66b476e563753246a49019befc837ec4201a?s=96&d=mm&r=g","contentUrl":"https:\/\/secure.gravatar.com\/avatar\/2c5722f58171cff738a8985ef0dd66b476e563753246a49019befc837ec4201a?s=96&d=mm&r=g","caption":"Chloe Gauthier"},"description":"Passionn\u00e9e par la politique et admiratrice engag\u00e9e de la famille Macron, je consacre mon \u00e9nergie \u00e0 suivre leurs initiatives et \u00e0 promouvoir leurs id\u00e9es. \u00c0 32 ans, je suis convaincue que leur vision est porteuse d'avenir.","url":"https:\/\/www.sebastien-auziere.fr\/blog\/author\/chloe-gauthier\/"}]}},"views":0,"_links":{"self":[{"href":"https:\/\/www.sebastien-auziere.fr\/blog\/wp-json\/wp\/v2\/posts\/3276","targetHints":{"allow":["GET"]}}],"collection":[{"href":"https:\/\/www.sebastien-auziere.fr\/blog\/wp-json\/wp\/v2\/posts"}],"about":[{"href":"https:\/\/www.sebastien-auziere.fr\/blog\/wp-json\/wp\/v2\/types\/post"}],"author":[{"embeddable":true,"href":"https:\/\/www.sebastien-auziere.fr\/blog\/wp-json\/wp\/v2\/users\/9"}],"replies":[{"embeddable":true,"href":"https:\/\/www.sebastien-auziere.fr\/blog\/wp-json\/wp\/v2\/comments?post=3276"}],"version-history":[{"count":1,"href":"https:\/\/www.sebastien-auziere.fr\/blog\/wp-json\/wp\/v2\/posts\/3276\/revisions"}],"predecessor-version":[{"id":3277,"href":"https:\/\/www.sebastien-auziere.fr\/blog\/wp-json\/wp\/v2\/posts\/3276\/revisions\/3277"}],"wp:featuredmedia":[{"embeddable":true,"href":"https:\/\/www.sebastien-auziere.fr\/blog\/wp-json\/wp\/v2\/media\/3270"}],"wp:attachment":[{"href":"https:\/\/www.sebastien-auziere.fr\/blog\/wp-json\/wp\/v2\/media?parent=3276"}],"wp:term":[{"taxonomy":"category","embeddable":true,"href":"https:\/\/www.sebastien-auziere.fr\/blog\/wp-json\/wp\/v2\/categories?post=3276"},{"taxonomy":"post_tag","embeddable":true,"href":"https:\/\/www.sebastien-auziere.fr\/blog\/wp-json\/wp\/v2\/tags?post=3276"}],"curies":[{"name":"wp","href":"https:\/\/api.w.org\/{rel}","templated":true}]}}