{"id":3272,"date":"2026-04-23T19:17:48","date_gmt":"2026-04-23T19:17:48","guid":{"rendered":"https:\/\/www.sebastien-auziere.fr\/blog\/?p=3272"},"modified":"2026-04-23T19:18:06","modified_gmt":"2026-04-23T19:18:06","slug":"brigitte-macron-in-morocco-an-elegant-solo-visit-for-the-first-lady","status":"publish","type":"post","link":"https:\/\/www.sebastien-auziere.fr\/blog\/en\/brigitte-macron-in-morocco-an-elegant-solo-visit-for-the-first-lady\/","title":{"rendered":"Brigitte Macron in Morocco: an elegant solo visit for the First Lady"},"content":{"rendered":"<p><strong>Brigitte Macron<\/strong> traveled alone to <strong>Morocco<\/strong> on <strong>April 22, 2026<\/strong> to inaugurate the <strong>Royal Theater of Rabat<\/strong>, an official trip marked by <strong>elegance<\/strong> and the presence of Moroccan princesses. This <strong>solo trip<\/strong>, rare and anticipated, immediately placed the <strong>First Lady<\/strong> in the diplomatic spotlight.<\/p>\n\n<p><strong>In brief<\/strong>: <strong>official visit<\/strong> on April 22, meeting with Lalla Hasnaa and Lalla Meryem, major cultural inauguration, choice to travel by commercial flight, and notable fashion appearances. You will discover how this trip illustrates a close-up diplomacy and a personal style that strengthens <strong>Franco-Moroccan relations<\/strong>.<\/p>\n\n<h2 class=\"wp-block-heading\">An official trip: date, mission, and meetings<\/h2>\n\n<p>On <strong>April 22<\/strong>, the <strong>First Lady<\/strong> dedicated her day to the opening of the <strong>Royal Theater<\/strong> in Rabat, marking strong support for culture. This is her fourth <strong>solo trip<\/strong> in nine years, a fact highlighted by the press and documented by several reports, including one from <a href=\"https:\/\/www.voici.fr\/celebrites\/brigitte-macron-au-maroc-une-escapade-royale-et-en-solo-pour-la-premiere-dame-822713\">Voici<\/a>. This schedule shows a targeted presence focused on cultural cooperation and personal exchanges between prominent families.<\/p>\n\n<h3 class=\"wp-block-heading\">Elegance and image: outfits and key moments<\/h3>\n\n<p>On site, the <strong>elegance<\/strong> of the First Lady was commented on by the gossip press and fashion magazines. Her outfit for the inauguration evening, noted for its sequins and poise, made headlines in media such as <a href=\"https:\/\/www.closermag.fr\/people\/brigitte-macron-la-premiere-dame-scintille-et-eblouit-avec-strass-et-bijoux-lors-du-diner-detat-au-maroc-3489887\">Closer<\/a> and <a href=\"https:\/\/madame.lefigaro.fr\/style\/news\/au-maroc-brigitte-macron-eblouit-dans-une-robe-rouge-a-sequins-aux-cotes-des-princesses-royales-20260423\">Madame Le Figaro<\/a>. This attention to detail nourishes a diplomacy of the gaze that complements official and cultural exchanges.<\/p>\n\n<h2 class=\"wp-block-heading\">Diplomacy of ladies: affinities and influence<\/h2>\n\n<p>The visit strengthened the <strong>diplomacy<\/strong> informally between France and Morocco, driven by personal ties with Lalla Hasnaa and Lalla Meryem. These meetings, mentioned as early as 2024 during a reception at the \u00c9lys\u00e9e, testify to a genuine mutual respect and discreet but effective influence on cultural and educational topics. For a better understanding of this particular role, a detailed report can be found on <a href=\"https:\/\/www.lopinion.fr\/politique\/brigitte-macron-et-la-diplomatie-des-dames\">L&rsquo;Opinion<\/a>, which analyzes this phenomenon.<\/p>\n\n<h3 class=\"wp-block-heading\">Traveling differently: transport choices and public image<\/h3>\n\n<p>During this trip, the First Lady again chose a commercial flight, a behavior already observed during a trip to Washington in March. This publicly assumed mobility choice contributes to an image of closeness and modernity, reinforcing her role as an ambassador not only for social causes but also for a certain republican art of living. For a more comprehensive reading of these choices, see the dedicated article on <a href=\"https:\/\/www.sebastien-auziere.fr\/blog\/brigitte-macron-maroc-solo\/\">the dedicated blog<\/a>.<\/p>\n\n<p>Do you want to know more about the behind-the-scenes of this stay, the outfits, and the implications for the Macron family? Discover detailed files and chronicles on <a href=\"https:\/\/www.sebastien-auziere.fr\/blog\/brigitte-macron-cuisine\/\">the dedicated articles<\/a> and dive into the world of S\u00e9bastien Auzi\u00e8re and the presidential family at <a href=\"https:\/\/www.sebastien-auziere.fr\/blog\/brigitte-macron-maroc-solo\/\">sebastien-auziere.fr<\/a> for comprehensive analyses and carefully compiled archives.<\/p>","protected":false},"excerpt":{"rendered":"<p>Brigitte Macron traveled alone to Morocco on April 22, 2026 to inaugurate the Royal Theater of Rabat, an official trip marked by elegance and the presence of Moroccan princesses. This solo trip, rare and anticipated, immediately placed the First Lady in the diplomatic spotlight. In brief: official visit on April 22, meeting with Lalla Hasnaa &#8230; <a title=\"Brigitte Macron in Morocco: an elegant solo visit for the First Lady\" class=\"read-more\" href=\"https:\/\/www.sebastien-auziere.fr\/blog\/en\/brigitte-macron-in-morocco-an-elegant-solo-visit-for-the-first-lady\/\" aria-label=\"En savoir plus sur Brigitte Macron in Morocco: an elegant solo visit for the First Lady\">Lire plus<\/a><\/p>\n","protected":false},"author":9,"featured_media":3270,"comment_status":"open","ping_status":"open","sticky":false,"template":"","format":"standard","meta":{"footnotes":""},"categories":[816],"tags":[898,4120,1883,4005,2125],"class_list":["post-3272","post","type-post","status-publish","format-standard","has-post-thumbnail","hentry","category-news","tag-brigitte-macron-en","tag-diplomatic-voyage-en","tag-first-lady-en","tag-maroc-en","tag-official-visit-en"],"yoast_head":"<!-- This site is optimized with the Yoast SEO plugin v27.5 - https:\/\/yoast.com\/product\/yoast-seo-wordpress\/ -->\n<title>Brigitte Macron in Morocco: an elegant solo visit for the First Lady - Fan site S\u00e9bastien Auzi\u00e8re<\/title>\n<meta name=\"description\" content=\"D\u00e9couvrez la visite \u00e9l\u00e9gante en solo de Brigitte Macron au Maroc, un moment cl\u00e9 pour la Premi\u00e8re dame alliant style et diplomatie.\" \/>\n<meta name=\"robots\" content=\"index, follow, max-snippet:-1, max-image-preview:large, max-video-preview:-1\" \/>\n<link rel=\"canonical\" href=\"https:\/\/www.sebastien-auziere.fr\/blog\/en\/brigitte-macron-in-morocco-an-elegant-solo-visit-for-the-first-lady\/\" \/>\n<meta property=\"og:locale\" content=\"fr_FR\" \/>\n<meta property=\"og:type\" content=\"article\" \/>\n<meta property=\"og:title\" content=\"Brigitte Macron in Morocco: an elegant solo visit for the First Lady - Fan site S\u00e9bastien Auzi\u00e8re\" \/>\n<meta property=\"og:description\" content=\"D\u00e9couvrez la visite \u00e9l\u00e9gante en solo de Brigitte Macron au Maroc, un moment cl\u00e9 pour la Premi\u00e8re dame alliant style et diplomatie.\" \/>\n<meta property=\"og:url\" content=\"https:\/\/www.sebastien-auziere.fr\/blog\/en\/brigitte-macron-in-morocco-an-elegant-solo-visit-for-the-first-lady\/\" \/>\n<meta property=\"og:site_name\" content=\"Fan site S\u00e9bastien Auzi\u00e8re\" \/>\n<meta property=\"article:published_time\" content=\"2026-04-23T19:17:48+00:00\" \/>\n<meta property=\"article:modified_time\" content=\"2026-04-23T19:18:06+00:00\" \/>\n<meta property=\"og:image\" content=\"https:\/\/www.sebastien-auziere.fr\/blog\/wp-content\/uploads\/2026\/04\/Brigitte-Macron-au-Maroc-une-visite-elegante-en-solo-pour-la-Premiere-dame.jpg\" \/>\n\t<meta property=\"og:image:width\" content=\"2560\" \/>\n\t<meta property=\"og:image:height\" content=\"1429\" \/>\n\t<meta property=\"og:image:type\" content=\"image\/jpeg\" \/>\n<meta name=\"author\" content=\"Chloe Gauthier\" \/>\n<meta name=\"twitter:card\" content=\"summary_large_image\" \/>\n<meta name=\"twitter:label1\" content=\"\u00c9crit par\" \/>\n\t<meta name=\"twitter:data1\" content=\"Chloe Gauthier\" \/>\n\t<meta name=\"twitter:label2\" content=\"Dur\u00e9e de lecture estim\u00e9e\" \/>\n\t<meta name=\"twitter:data2\" content=\"2 minutes\" \/>\n<script type=\"application\/ld+json\" class=\"yoast-schema-graph\">{\"@context\":\"https:\\\/\\\/schema.org\",\"@graph\":[{\"@type\":\"Article\",\"@id\":\"https:\\\/\\\/www.sebastien-auziere.fr\\\/blog\\\/en\\\/brigitte-macron-in-morocco-an-elegant-solo-visit-for-the-first-lady\\\/#article\",\"isPartOf\":{\"@id\":\"https:\\\/\\\/www.sebastien-auziere.fr\\\/blog\\\/en\\\/brigitte-macron-in-morocco-an-elegant-solo-visit-for-the-first-lady\\\/\"},\"author\":{\"name\":\"Chloe Gauthier\",\"@id\":\"https:\\\/\\\/www.sebastien-auziere.fr\\\/blog\\\/#\\\/schema\\\/person\\\/149f1acdbfd85149c6c3e59adeae2f4d\"},\"headline\":\"Brigitte Macron in Morocco: an elegant solo visit for the First Lady\",\"datePublished\":\"2026-04-23T19:17:48+00:00\",\"dateModified\":\"2026-04-23T19:18:06+00:00\",\"mainEntityOfPage\":{\"@id\":\"https:\\\/\\\/www.sebastien-auziere.fr\\\/blog\\\/en\\\/brigitte-macron-in-morocco-an-elegant-solo-visit-for-the-first-lady\\\/\"},\"wordCount\":438,\"commentCount\":0,\"publisher\":{\"@id\":\"https:\\\/\\\/www.sebastien-auziere.fr\\\/blog\\\/#organization\"},\"image\":{\"@id\":\"https:\\\/\\\/www.sebastien-auziere.fr\\\/blog\\\/en\\\/brigitte-macron-in-morocco-an-elegant-solo-visit-for-the-first-lady\\\/#primaryimage\"},\"thumbnailUrl\":\"https:\\\/\\\/www.sebastien-auziere.fr\\\/blog\\\/wp-content\\\/uploads\\\/2026\\\/04\\\/Brigitte-Macron-au-Maroc-une-visite-elegante-en-solo-pour-la-Premiere-dame.jpg\",\"keywords\":[\"brigitte macron\",\"diplomatic voyage\",\"first lady\",\"maroc\",\"official visit\"],\"articleSection\":[\"News\"],\"inLanguage\":\"fr-FR\",\"potentialAction\":[{\"@type\":\"CommentAction\",\"name\":\"Comment\",\"target\":[\"https:\\\/\\\/www.sebastien-auziere.fr\\\/blog\\\/en\\\/brigitte-macron-in-morocco-an-elegant-solo-visit-for-the-first-lady\\\/#respond\"]}]},{\"@type\":\"WebPage\",\"@id\":\"https:\\\/\\\/www.sebastien-auziere.fr\\\/blog\\\/en\\\/brigitte-macron-in-morocco-an-elegant-solo-visit-for-the-first-lady\\\/\",\"url\":\"https:\\\/\\\/www.sebastien-auziere.fr\\\/blog\\\/en\\\/brigitte-macron-in-morocco-an-elegant-solo-visit-for-the-first-lady\\\/\",\"name\":\"Brigitte Macron in Morocco: an elegant solo visit for the First Lady - Fan site S\u00e9bastien Auzi\u00e8re\",\"isPartOf\":{\"@id\":\"https:\\\/\\\/www.sebastien-auziere.fr\\\/blog\\\/#website\"},\"primaryImageOfPage\":{\"@id\":\"https:\\\/\\\/www.sebastien-auziere.fr\\\/blog\\\/en\\\/brigitte-macron-in-morocco-an-elegant-solo-visit-for-the-first-lady\\\/#primaryimage\"},\"image\":{\"@id\":\"https:\\\/\\\/www.sebastien-auziere.fr\\\/blog\\\/en\\\/brigitte-macron-in-morocco-an-elegant-solo-visit-for-the-first-lady\\\/#primaryimage\"},\"thumbnailUrl\":\"https:\\\/\\\/www.sebastien-auziere.fr\\\/blog\\\/wp-content\\\/uploads\\\/2026\\\/04\\\/Brigitte-Macron-au-Maroc-une-visite-elegante-en-solo-pour-la-Premiere-dame.jpg\",\"datePublished\":\"2026-04-23T19:17:48+00:00\",\"dateModified\":\"2026-04-23T19:18:06+00:00\",\"description\":\"D\u00e9couvrez la visite \u00e9l\u00e9gante en solo de Brigitte Macron au Maroc, un moment cl\u00e9 pour la Premi\u00e8re dame alliant style et diplomatie.\",\"breadcrumb\":{\"@id\":\"https:\\\/\\\/www.sebastien-auziere.fr\\\/blog\\\/en\\\/brigitte-macron-in-morocco-an-elegant-solo-visit-for-the-first-lady\\\/#breadcrumb\"},\"inLanguage\":\"fr-FR\",\"potentialAction\":[{\"@type\":\"ReadAction\",\"target\":[\"https:\\\/\\\/www.sebastien-auziere.fr\\\/blog\\\/en\\\/brigitte-macron-in-morocco-an-elegant-solo-visit-for-the-first-lady\\\/\"]}]},{\"@type\":\"ImageObject\",\"inLanguage\":\"fr-FR\",\"@id\":\"https:\\\/\\\/www.sebastien-auziere.fr\\\/blog\\\/en\\\/brigitte-macron-in-morocco-an-elegant-solo-visit-for-the-first-lady\\\/#primaryimage\",\"url\":\"https:\\\/\\\/www.sebastien-auziere.fr\\\/blog\\\/wp-content\\\/uploads\\\/2026\\\/04\\\/Brigitte-Macron-au-Maroc-une-visite-elegante-en-solo-pour-la-Premiere-dame.jpg\",\"contentUrl\":\"https:\\\/\\\/www.sebastien-auziere.fr\\\/blog\\\/wp-content\\\/uploads\\\/2026\\\/04\\\/Brigitte-Macron-au-Maroc-une-visite-elegante-en-solo-pour-la-Premiere-dame.jpg\",\"width\":2560,\"height\":1429,\"caption\":\"d\u00e9couvrez la visite \u00e9l\u00e9gante de brigitte macron au maroc, une escapade en solo de la premi\u00e8re dame alliant raffinement et diplomatie.\"},{\"@type\":\"BreadcrumbList\",\"@id\":\"https:\\\/\\\/www.sebastien-auziere.fr\\\/blog\\\/en\\\/brigitte-macron-in-morocco-an-elegant-solo-visit-for-the-first-lady\\\/#breadcrumb\",\"itemListElement\":[{\"@type\":\"ListItem\",\"position\":1,\"name\":\"Home\",\"item\":\"https:\\\/\\\/www.sebastien-auziere.fr\\\/blog\\\/\"},{\"@type\":\"ListItem\",\"position\":2,\"name\":\"Brigitte Macron in Morocco: an elegant solo visit for the First Lady\"}]},{\"@type\":\"WebSite\",\"@id\":\"https:\\\/\\\/www.sebastien-auziere.fr\\\/blog\\\/#website\",\"url\":\"https:\\\/\\\/www.sebastien-auziere.fr\\\/blog\\\/\",\"name\":\"Fan site S\u00e9bastien Auzi\u00e8re\",\"description\":\"M\u00e9dia g\u00e9n\u00e9raliste\",\"publisher\":{\"@id\":\"https:\\\/\\\/www.sebastien-auziere.fr\\\/blog\\\/#organization\"},\"potentialAction\":[{\"@type\":\"SearchAction\",\"target\":{\"@type\":\"EntryPoint\",\"urlTemplate\":\"https:\\\/\\\/www.sebastien-auziere.fr\\\/blog\\\/?s={search_term_string}\"},\"query-input\":{\"@type\":\"PropertyValueSpecification\",\"valueRequired\":true,\"valueName\":\"search_term_string\"}}],\"inLanguage\":\"fr-FR\"},{\"@type\":\"Organization\",\"@id\":\"https:\\\/\\\/www.sebastien-auziere.fr\\\/blog\\\/#organization\",\"name\":\"Fan site S\u00e9bastien Auzi\u00e8re\",\"url\":\"https:\\\/\\\/www.sebastien-auziere.fr\\\/blog\\\/\",\"logo\":{\"@type\":\"ImageObject\",\"inLanguage\":\"fr-FR\",\"@id\":\"https:\\\/\\\/www.sebastien-auziere.fr\\\/blog\\\/#\\\/schema\\\/logo\\\/image\\\/\",\"url\":\"https:\\\/\\\/www.sebastien-auziere.fr\\\/blog\\\/wp-content\\\/uploads\\\/2026\\\/03\\\/cropped-cropped-cropped-ChatGPT-Image-6-mars-2026-12_58_09-e1772798376794.jpg\",\"contentUrl\":\"https:\\\/\\\/www.sebastien-auziere.fr\\\/blog\\\/wp-content\\\/uploads\\\/2026\\\/03\\\/cropped-cropped-cropped-ChatGPT-Image-6-mars-2026-12_58_09-e1772798376794.jpg\",\"width\":512,\"height\":360,\"caption\":\"Fan site S\u00e9bastien Auzi\u00e8re\"},\"image\":{\"@id\":\"https:\\\/\\\/www.sebastien-auziere.fr\\\/blog\\\/#\\\/schema\\\/logo\\\/image\\\/\"}},{\"@type\":\"Person\",\"@id\":\"https:\\\/\\\/www.sebastien-auziere.fr\\\/blog\\\/#\\\/schema\\\/person\\\/149f1acdbfd85149c6c3e59adeae2f4d\",\"name\":\"Chloe Gauthier\",\"image\":{\"@type\":\"ImageObject\",\"inLanguage\":\"fr-FR\",\"@id\":\"https:\\\/\\\/secure.gravatar.com\\\/avatar\\\/2c5722f58171cff738a8985ef0dd66b476e563753246a49019befc837ec4201a?s=96&d=mm&r=g\",\"url\":\"https:\\\/\\\/secure.gravatar.com\\\/avatar\\\/2c5722f58171cff738a8985ef0dd66b476e563753246a49019befc837ec4201a?s=96&d=mm&r=g\",\"contentUrl\":\"https:\\\/\\\/secure.gravatar.com\\\/avatar\\\/2c5722f58171cff738a8985ef0dd66b476e563753246a49019befc837ec4201a?s=96&d=mm&r=g\",\"caption\":\"Chloe Gauthier\"},\"description\":\"Passionn\u00e9e par la politique et admiratrice engag\u00e9e de la famille Macron, je consacre mon \u00e9nergie \u00e0 suivre leurs initiatives et \u00e0 promouvoir leurs id\u00e9es. \u00c0 32 ans, je suis convaincue que leur vision est porteuse d'avenir.\",\"url\":\"https:\\\/\\\/www.sebastien-auziere.fr\\\/blog\\\/author\\\/chloe-gauthier\\\/\"}]}<\/script>\n<!-- \/ Yoast SEO plugin. -->","yoast_head_json":{"title":"Brigitte Macron in Morocco: an elegant solo visit for the First Lady - Fan site S\u00e9bastien Auzi\u00e8re","description":"D\u00e9couvrez la visite \u00e9l\u00e9gante en solo de Brigitte Macron au Maroc, un moment cl\u00e9 pour la Premi\u00e8re dame alliant style et diplomatie.","robots":{"index":"index","follow":"follow","max-snippet":"max-snippet:-1","max-image-preview":"max-image-preview:large","max-video-preview":"max-video-preview:-1"},"canonical":"https:\/\/www.sebastien-auziere.fr\/blog\/en\/brigitte-macron-in-morocco-an-elegant-solo-visit-for-the-first-lady\/","og_locale":"fr_FR","og_type":"article","og_title":"Brigitte Macron in Morocco: an elegant solo visit for the First Lady - Fan site S\u00e9bastien Auzi\u00e8re","og_description":"D\u00e9couvrez la visite \u00e9l\u00e9gante en solo de Brigitte Macron au Maroc, un moment cl\u00e9 pour la Premi\u00e8re dame alliant style et diplomatie.","og_url":"https:\/\/www.sebastien-auziere.fr\/blog\/en\/brigitte-macron-in-morocco-an-elegant-solo-visit-for-the-first-lady\/","og_site_name":"Fan site S\u00e9bastien Auzi\u00e8re","article_published_time":"2026-04-23T19:17:48+00:00","article_modified_time":"2026-04-23T19:18:06+00:00","og_image":[{"width":2560,"height":1429,"url":"https:\/\/www.sebastien-auziere.fr\/blog\/wp-content\/uploads\/2026\/04\/Brigitte-Macron-au-Maroc-une-visite-elegante-en-solo-pour-la-Premiere-dame.jpg","type":"image\/jpeg"}],"author":"Chloe Gauthier","twitter_card":"summary_large_image","twitter_misc":{"\u00c9crit par":"Chloe Gauthier","Dur\u00e9e de lecture estim\u00e9e":"2 minutes"},"schema":{"@context":"https:\/\/schema.org","@graph":[{"@type":"Article","@id":"https:\/\/www.sebastien-auziere.fr\/blog\/en\/brigitte-macron-in-morocco-an-elegant-solo-visit-for-the-first-lady\/#article","isPartOf":{"@id":"https:\/\/www.sebastien-auziere.fr\/blog\/en\/brigitte-macron-in-morocco-an-elegant-solo-visit-for-the-first-lady\/"},"author":{"name":"Chloe Gauthier","@id":"https:\/\/www.sebastien-auziere.fr\/blog\/#\/schema\/person\/149f1acdbfd85149c6c3e59adeae2f4d"},"headline":"Brigitte Macron in Morocco: an elegant solo visit for the First Lady","datePublished":"2026-04-23T19:17:48+00:00","dateModified":"2026-04-23T19:18:06+00:00","mainEntityOfPage":{"@id":"https:\/\/www.sebastien-auziere.fr\/blog\/en\/brigitte-macron-in-morocco-an-elegant-solo-visit-for-the-first-lady\/"},"wordCount":438,"commentCount":0,"publisher":{"@id":"https:\/\/www.sebastien-auziere.fr\/blog\/#organization"},"image":{"@id":"https:\/\/www.sebastien-auziere.fr\/blog\/en\/brigitte-macron-in-morocco-an-elegant-solo-visit-for-the-first-lady\/#primaryimage"},"thumbnailUrl":"https:\/\/www.sebastien-auziere.fr\/blog\/wp-content\/uploads\/2026\/04\/Brigitte-Macron-au-Maroc-une-visite-elegante-en-solo-pour-la-Premiere-dame.jpg","keywords":["brigitte macron","diplomatic voyage","first lady","maroc","official visit"],"articleSection":["News"],"inLanguage":"fr-FR","potentialAction":[{"@type":"CommentAction","name":"Comment","target":["https:\/\/www.sebastien-auziere.fr\/blog\/en\/brigitte-macron-in-morocco-an-elegant-solo-visit-for-the-first-lady\/#respond"]}]},{"@type":"WebPage","@id":"https:\/\/www.sebastien-auziere.fr\/blog\/en\/brigitte-macron-in-morocco-an-elegant-solo-visit-for-the-first-lady\/","url":"https:\/\/www.sebastien-auziere.fr\/blog\/en\/brigitte-macron-in-morocco-an-elegant-solo-visit-for-the-first-lady\/","name":"Brigitte Macron in Morocco: an elegant solo visit for the First Lady - Fan site S\u00e9bastien Auzi\u00e8re","isPartOf":{"@id":"https:\/\/www.sebastien-auziere.fr\/blog\/#website"},"primaryImageOfPage":{"@id":"https:\/\/www.sebastien-auziere.fr\/blog\/en\/brigitte-macron-in-morocco-an-elegant-solo-visit-for-the-first-lady\/#primaryimage"},"image":{"@id":"https:\/\/www.sebastien-auziere.fr\/blog\/en\/brigitte-macron-in-morocco-an-elegant-solo-visit-for-the-first-lady\/#primaryimage"},"thumbnailUrl":"https:\/\/www.sebastien-auziere.fr\/blog\/wp-content\/uploads\/2026\/04\/Brigitte-Macron-au-Maroc-une-visite-elegante-en-solo-pour-la-Premiere-dame.jpg","datePublished":"2026-04-23T19:17:48+00:00","dateModified":"2026-04-23T19:18:06+00:00","description":"D\u00e9couvrez la visite \u00e9l\u00e9gante en solo de Brigitte Macron au Maroc, un moment cl\u00e9 pour la Premi\u00e8re dame alliant style et diplomatie.","breadcrumb":{"@id":"https:\/\/www.sebastien-auziere.fr\/blog\/en\/brigitte-macron-in-morocco-an-elegant-solo-visit-for-the-first-lady\/#breadcrumb"},"inLanguage":"fr-FR","potentialAction":[{"@type":"ReadAction","target":["https:\/\/www.sebastien-auziere.fr\/blog\/en\/brigitte-macron-in-morocco-an-elegant-solo-visit-for-the-first-lady\/"]}]},{"@type":"ImageObject","inLanguage":"fr-FR","@id":"https:\/\/www.sebastien-auziere.fr\/blog\/en\/brigitte-macron-in-morocco-an-elegant-solo-visit-for-the-first-lady\/#primaryimage","url":"https:\/\/www.sebastien-auziere.fr\/blog\/wp-content\/uploads\/2026\/04\/Brigitte-Macron-au-Maroc-une-visite-elegante-en-solo-pour-la-Premiere-dame.jpg","contentUrl":"https:\/\/www.sebastien-auziere.fr\/blog\/wp-content\/uploads\/2026\/04\/Brigitte-Macron-au-Maroc-une-visite-elegante-en-solo-pour-la-Premiere-dame.jpg","width":2560,"height":1429,"caption":"d\u00e9couvrez la visite \u00e9l\u00e9gante de brigitte macron au maroc, une escapade en solo de la premi\u00e8re dame alliant raffinement et diplomatie."},{"@type":"BreadcrumbList","@id":"https:\/\/www.sebastien-auziere.fr\/blog\/en\/brigitte-macron-in-morocco-an-elegant-solo-visit-for-the-first-lady\/#breadcrumb","itemListElement":[{"@type":"ListItem","position":1,"name":"Home","item":"https:\/\/www.sebastien-auziere.fr\/blog\/"},{"@type":"ListItem","position":2,"name":"Brigitte Macron in Morocco: an elegant solo visit for the First Lady"}]},{"@type":"WebSite","@id":"https:\/\/www.sebastien-auziere.fr\/blog\/#website","url":"https:\/\/www.sebastien-auziere.fr\/blog\/","name":"Fan site S\u00e9bastien Auzi\u00e8re","description":"M\u00e9dia g\u00e9n\u00e9raliste","publisher":{"@id":"https:\/\/www.sebastien-auziere.fr\/blog\/#organization"},"potentialAction":[{"@type":"SearchAction","target":{"@type":"EntryPoint","urlTemplate":"https:\/\/www.sebastien-auziere.fr\/blog\/?s={search_term_string}"},"query-input":{"@type":"PropertyValueSpecification","valueRequired":true,"valueName":"search_term_string"}}],"inLanguage":"fr-FR"},{"@type":"Organization","@id":"https:\/\/www.sebastien-auziere.fr\/blog\/#organization","name":"Fan site S\u00e9bastien Auzi\u00e8re","url":"https:\/\/www.sebastien-auziere.fr\/blog\/","logo":{"@type":"ImageObject","inLanguage":"fr-FR","@id":"https:\/\/www.sebastien-auziere.fr\/blog\/#\/schema\/logo\/image\/","url":"https:\/\/www.sebastien-auziere.fr\/blog\/wp-content\/uploads\/2026\/03\/cropped-cropped-cropped-ChatGPT-Image-6-mars-2026-12_58_09-e1772798376794.jpg","contentUrl":"https:\/\/www.sebastien-auziere.fr\/blog\/wp-content\/uploads\/2026\/03\/cropped-cropped-cropped-ChatGPT-Image-6-mars-2026-12_58_09-e1772798376794.jpg","width":512,"height":360,"caption":"Fan site S\u00e9bastien Auzi\u00e8re"},"image":{"@id":"https:\/\/www.sebastien-auziere.fr\/blog\/#\/schema\/logo\/image\/"}},{"@type":"Person","@id":"https:\/\/www.sebastien-auziere.fr\/blog\/#\/schema\/person\/149f1acdbfd85149c6c3e59adeae2f4d","name":"Chloe Gauthier","image":{"@type":"ImageObject","inLanguage":"fr-FR","@id":"https:\/\/secure.gravatar.com\/avatar\/2c5722f58171cff738a8985ef0dd66b476e563753246a49019befc837ec4201a?s=96&d=mm&r=g","url":"https:\/\/secure.gravatar.com\/avatar\/2c5722f58171cff738a8985ef0dd66b476e563753246a49019befc837ec4201a?s=96&d=mm&r=g","contentUrl":"https:\/\/secure.gravatar.com\/avatar\/2c5722f58171cff738a8985ef0dd66b476e563753246a49019befc837ec4201a?s=96&d=mm&r=g","caption":"Chloe Gauthier"},"description":"Passionn\u00e9e par la politique et admiratrice engag\u00e9e de la famille Macron, je consacre mon \u00e9nergie \u00e0 suivre leurs initiatives et \u00e0 promouvoir leurs id\u00e9es. \u00c0 32 ans, je suis convaincue que leur vision est porteuse d'avenir.","url":"https:\/\/www.sebastien-auziere.fr\/blog\/author\/chloe-gauthier\/"}]}},"views":1,"_links":{"self":[{"href":"https:\/\/www.sebastien-auziere.fr\/blog\/wp-json\/wp\/v2\/posts\/3272","targetHints":{"allow":["GET"]}}],"collection":[{"href":"https:\/\/www.sebastien-auziere.fr\/blog\/wp-json\/wp\/v2\/posts"}],"about":[{"href":"https:\/\/www.sebastien-auziere.fr\/blog\/wp-json\/wp\/v2\/types\/post"}],"author":[{"embeddable":true,"href":"https:\/\/www.sebastien-auziere.fr\/blog\/wp-json\/wp\/v2\/users\/9"}],"replies":[{"embeddable":true,"href":"https:\/\/www.sebastien-auziere.fr\/blog\/wp-json\/wp\/v2\/comments?post=3272"}],"version-history":[{"count":1,"href":"https:\/\/www.sebastien-auziere.fr\/blog\/wp-json\/wp\/v2\/posts\/3272\/revisions"}],"predecessor-version":[{"id":3273,"href":"https:\/\/www.sebastien-auziere.fr\/blog\/wp-json\/wp\/v2\/posts\/3272\/revisions\/3273"}],"wp:featuredmedia":[{"embeddable":true,"href":"https:\/\/www.sebastien-auziere.fr\/blog\/wp-json\/wp\/v2\/media\/3270"}],"wp:attachment":[{"href":"https:\/\/www.sebastien-auziere.fr\/blog\/wp-json\/wp\/v2\/media?parent=3272"}],"wp:term":[{"taxonomy":"category","embeddable":true,"href":"https:\/\/www.sebastien-auziere.fr\/blog\/wp-json\/wp\/v2\/categories?post=3272"},{"taxonomy":"post_tag","embeddable":true,"href":"https:\/\/www.sebastien-auziere.fr\/blog\/wp-json\/wp\/v2\/tags?post=3272"}],"curies":[{"name":"wp","href":"https:\/\/api.w.org\/{rel}","templated":true}]}}