{"id":3271,"date":"2026-04-23T19:17:46","date_gmt":"2026-04-23T19:17:46","guid":{"rendered":"https:\/\/www.sebastien-auziere.fr\/blog\/brigitte-macron-maroc\/"},"modified":"2026-04-23T19:17:46","modified_gmt":"2026-04-23T19:17:46","slug":"brigitte-macron-maroc","status":"publish","type":"post","link":"https:\/\/www.sebastien-auziere.fr\/blog\/brigitte-macron-maroc\/","title":{"rendered":"Brigitte Macron au Maroc : une visite \u00e9l\u00e9gante en solo pour la Premi\u00e8re dame"},"content":{"rendered":"<p><strong>Brigitte Macron<\/strong> s\u2019est rendue seule au <strong>Maroc<\/strong> le <strong>22 avril 2026<\/strong> pour inaugurer le <strong>Th\u00e9\u00e2tre royal de Rabat<\/strong>, un d\u00e9placement officiel marqu\u00e9 par l&rsquo;<strong>\u00e9l\u00e9gance<\/strong> et la pr\u00e9sence de princesses marocaines. Ce <strong>voyage en solo<\/strong>, rare et attendu, a imm\u00e9diatement plac\u00e9 la <strong>Premi\u00e8re dame<\/strong> sous les projecteurs diplomatiques.<\/p>\n\n<p><strong>En bref<\/strong> : <strong>visite officielle<\/strong> le 22 avril, rencontre avec Lalla Hasnaa et Lalla Meryem, inauguration culturelle majeure, choix de voyager en vol commercial et apparitions mode remarqu\u00e9es. Tu d\u00e9couvriras comment ce d\u00e9placement illustre une diplomatie de proximit\u00e9 et un style personnel qui renforcent les <strong>relations franco-marocaines<\/strong>.<\/p>\n\n<h2 class=\"wp-block-heading\">Un d\u00e9placement officiel : date, mission et rencontres<\/h2>\n\n<p>Le <strong>22 avril<\/strong>, la <strong>Premi\u00e8re dame<\/strong> a consacr\u00e9 sa journ\u00e9e \u00e0 l\u2019ouverture du <strong>Th\u00e9\u00e2tre royal<\/strong> \u00e0 Rabat, marquant un soutien fort \u00e0 la culture. C\u2019est le quatri\u00e8me <strong>voyage en solo<\/strong> en neuf ans, un fait soulign\u00e9 par la presse et document\u00e9 par plusieurs comptes-rendus, dont celui de <a href=\"https:\/\/www.voici.fr\/celebrites\/brigitte-macron-au-maroc-une-escapade-royale-et-en-solo-pour-la-premiere-dame-822713\">Voici<\/a>. Ce calendrier montre une pr\u00e9sence cibl\u00e9e, ax\u00e9e sur la coop\u00e9ration culturelle et les \u00e9changes personnels entre grandes familles.<\/p>\n\n<h3 class=\"wp-block-heading\">\u00c9l\u00e9gance et image : tenues et moments forts<\/h3>\n\n<p>Sur place, l\u2019<strong>\u00e9l\u00e9gance<\/strong> de la Premi\u00e8re dame a \u00e9t\u00e9 comment\u00e9e par la presse people et les titres mode. Sa tenue pour la soir\u00e9e d\u2019inauguration, remarqu\u00e9e pour ses strass et son port de t\u00eate, a fait la une de m\u00e9dias comme <a href=\"https:\/\/www.closermag.fr\/people\/brigitte-macron-la-premiere-dame-scintille-et-eblouit-avec-strass-et-bijoux-lors-du-diner-detat-au-maroc-3489887\">Closer<\/a> et <a href=\"https:\/\/madame.lefigaro.fr\/style\/news\/au-maroc-brigitte-macron-eblouit-dans-une-robe-rouge-a-sequins-aux-cotes-des-princesses-royales-20260423\">Madame Le Figaro<\/a>. Ce soin du d\u00e9tail nourrit une diplomatie du regard qui compl\u00e8te les \u00e9changes officiels et culturels.<\/p>\n\n<h2 class=\"wp-block-heading\">Diplomatie des dames : affinit\u00e9s et influence<\/h2>\n\n<p>La visite a renforc\u00e9 la <strong>diplomatie<\/strong> informelle entre la France et le Maroc, port\u00e9e par des liens personnels avec Lalla Hasnaa et Lalla Meryem. Ces rencontres, \u00e9voqu\u00e9es d\u00e8s 2024 lors d\u2019une r\u00e9ception \u00e0 l\u2019\u00c9lys\u00e9e, t\u00e9moignent d\u2019une vraie estime mutuelle et d\u2019un travail d\u2019influence discret mais efficace sur les sujets culturels et \u00e9ducatifs. Pour comprendre ce r\u00f4le particulier, un compte-rendu d\u00e9taill\u00e9 se trouve sur <a href=\"https:\/\/www.lopinion.fr\/politique\/brigitte-macron-et-la-diplomatie-des-dames\">L&rsquo;Opinion<\/a>, qui analyse ce ph\u00e9nom\u00e8ne.<\/p>\n\n<h3 class=\"wp-block-heading\">Voyager autrement : choix de transport et image publique<\/h3>\n\n<p>Lors de ce d\u00e9placement, la Premi\u00e8re dame a de nouveau choisi un vol commercial, un comportement d\u00e9j\u00e0 observ\u00e9 lors d\u2019un voyage \u00e0 Washington en mars. Ce choix de mobilit\u00e9 publiquement assum\u00e9 contribue \u00e0 une image de proximit\u00e9 et modernit\u00e9, renfor\u00e7ant son r\u00f4le d\u2019ambassadrice non seulement des causes sociales mais aussi d\u2019un certain art de vivre r\u00e9publicain. Pour une lecture plus compl\u00e8te de ces choix, voir l\u2019article consacr\u00e9 sur <a href=\"https:\/\/www.sebastien-auziere.fr\/blog\/brigitte-macron-maroc-solo\/\">le blog d\u00e9di\u00e9<\/a>.<\/p>\n\n<p>Tu veux en savoir plus sur les coulisses de ce s\u00e9jour, les tenues, et les implications pour la famille Macron ? D\u00e9couvre des dossiers d\u00e9taill\u00e9s et des chroniques sur <a href=\"https:\/\/www.sebastien-auziere.fr\/blog\/brigitte-macron-cuisine\/\">les articles d\u00e9di\u00e9s<\/a> et plonge dans l\u2019univers de S\u00e9bastien Auzi\u00e8re et de la famille pr\u00e9sidentielle sur <a href=\"https:\/\/www.sebastien-auziere.fr\/blog\/brigitte-macron-maroc-solo\/\">sebastien-auziere.fr<\/a> pour des analyses compl\u00e8tes et des archives soigneusement compil\u00e9es.<\/p>\n\n","protected":false},"excerpt":{"rendered":"<p>Brigitte Macron s\u2019est rendue seule au Maroc le 22 avril 2026 pour inaugurer le Th\u00e9\u00e2tre royal de Rabat, un d\u00e9placement officiel marqu\u00e9 par l&rsquo;\u00e9l\u00e9gance et la pr\u00e9sence de princesses marocaines. Ce voyage en solo, rare et attendu, a imm\u00e9diatement plac\u00e9 la Premi\u00e8re dame sous les projecteurs diplomatiques. En bref : visite officielle le 22 avril, &#8230; <a title=\"Brigitte Macron au Maroc : une visite \u00e9l\u00e9gante en solo pour la Premi\u00e8re dame\" class=\"read-more\" href=\"https:\/\/www.sebastien-auziere.fr\/blog\/brigitte-macron-maroc\/\" aria-label=\"En savoir plus sur Brigitte Macron au Maroc : une visite \u00e9l\u00e9gante en solo pour la Premi\u00e8re dame\">Lire plus<\/a><\/p>\n","protected":false},"author":9,"featured_media":3270,"comment_status":"open","ping_status":"open","sticky":false,"template":"","format":"standard","meta":{"footnotes":""},"categories":[597],"tags":[892,3996,1871,2117,4118],"class_list":["post-3271","post","type-post","status-publish","format-standard","has-post-thumbnail","hentry","category-actualites","tag-brigitte-macron","tag-maroc","tag-premiere-dame","tag-visite-officielle","tag-voyage-diplomatique"],"yoast_head":"<!-- This site is optimized with the Yoast SEO plugin v27.5 - https:\/\/yoast.com\/product\/yoast-seo-wordpress\/ -->\n<title>Brigitte Macron au Maroc : une visite \u00e9l\u00e9gante en solo pour la Premi\u00e8re dame - Fan site S\u00e9bastien Auzi\u00e8re<\/title>\n<meta name=\"description\" content=\"D\u00e9couvrez la visite \u00e9l\u00e9gante en solo de Brigitte Macron au Maroc, un moment cl\u00e9 pour la Premi\u00e8re dame alliant style et diplomatie.\" \/>\n<meta name=\"robots\" content=\"index, follow, max-snippet:-1, max-image-preview:large, max-video-preview:-1\" \/>\n<link rel=\"canonical\" href=\"https:\/\/www.sebastien-auziere.fr\/blog\/brigitte-macron-maroc\/\" \/>\n<meta property=\"og:locale\" content=\"fr_FR\" \/>\n<meta property=\"og:type\" content=\"article\" \/>\n<meta property=\"og:title\" content=\"Brigitte Macron au Maroc : une visite \u00e9l\u00e9gante en solo pour la Premi\u00e8re dame - Fan site S\u00e9bastien Auzi\u00e8re\" \/>\n<meta property=\"og:description\" content=\"D\u00e9couvrez la visite \u00e9l\u00e9gante en solo de Brigitte Macron au Maroc, un moment cl\u00e9 pour la Premi\u00e8re dame alliant style et diplomatie.\" \/>\n<meta property=\"og:url\" content=\"https:\/\/www.sebastien-auziere.fr\/blog\/brigitte-macron-maroc\/\" \/>\n<meta property=\"og:site_name\" content=\"Fan site S\u00e9bastien Auzi\u00e8re\" \/>\n<meta property=\"article:published_time\" content=\"2026-04-23T19:17:46+00:00\" \/>\n<meta property=\"og:image\" content=\"https:\/\/www.sebastien-auziere.fr\/blog\/wp-content\/uploads\/2026\/04\/Brigitte-Macron-au-Maroc-une-visite-elegante-en-solo-pour-la-Premiere-dame.jpg\" \/>\n\t<meta property=\"og:image:width\" content=\"2560\" \/>\n\t<meta property=\"og:image:height\" content=\"1429\" \/>\n\t<meta property=\"og:image:type\" content=\"image\/jpeg\" \/>\n<meta name=\"author\" content=\"Chloe Gauthier\" \/>\n<meta name=\"twitter:card\" content=\"summary_large_image\" \/>\n<meta name=\"twitter:label1\" content=\"\u00c9crit par\" \/>\n\t<meta name=\"twitter:data1\" content=\"Chloe Gauthier\" \/>\n\t<meta name=\"twitter:label2\" content=\"Dur\u00e9e de lecture estim\u00e9e\" \/>\n\t<meta name=\"twitter:data2\" content=\"3 minutes\" \/>\n<script type=\"application\/ld+json\" class=\"yoast-schema-graph\">{\"@context\":\"https:\\\/\\\/schema.org\",\"@graph\":[{\"@type\":\"Article\",\"@id\":\"https:\\\/\\\/www.sebastien-auziere.fr\\\/blog\\\/brigitte-macron-maroc\\\/#article\",\"isPartOf\":{\"@id\":\"https:\\\/\\\/www.sebastien-auziere.fr\\\/blog\\\/brigitte-macron-maroc\\\/\"},\"author\":{\"name\":\"Chloe Gauthier\",\"@id\":\"https:\\\/\\\/www.sebastien-auziere.fr\\\/blog\\\/#\\\/schema\\\/person\\\/149f1acdbfd85149c6c3e59adeae2f4d\"},\"headline\":\"Brigitte Macron au Maroc : une visite \u00e9l\u00e9gante en solo pour la Premi\u00e8re dame\",\"datePublished\":\"2026-04-23T19:17:46+00:00\",\"mainEntityOfPage\":{\"@id\":\"https:\\\/\\\/www.sebastien-auziere.fr\\\/blog\\\/brigitte-macron-maroc\\\/\"},\"wordCount\":520,\"commentCount\":0,\"publisher\":{\"@id\":\"https:\\\/\\\/www.sebastien-auziere.fr\\\/blog\\\/#organization\"},\"image\":{\"@id\":\"https:\\\/\\\/www.sebastien-auziere.fr\\\/blog\\\/brigitte-macron-maroc\\\/#primaryimage\"},\"thumbnailUrl\":\"https:\\\/\\\/www.sebastien-auziere.fr\\\/blog\\\/wp-content\\\/uploads\\\/2026\\\/04\\\/Brigitte-Macron-au-Maroc-une-visite-elegante-en-solo-pour-la-Premiere-dame.jpg\",\"keywords\":[\"brigitte macron\",\"maroc\",\"premi\u00e8re dame\",\"visite officielle\",\"voyage diplomatique\"],\"articleSection\":[\"Actualit\u00e9s\"],\"inLanguage\":\"fr-FR\",\"potentialAction\":[{\"@type\":\"CommentAction\",\"name\":\"Comment\",\"target\":[\"https:\\\/\\\/www.sebastien-auziere.fr\\\/blog\\\/brigitte-macron-maroc\\\/#respond\"]}]},{\"@type\":\"WebPage\",\"@id\":\"https:\\\/\\\/www.sebastien-auziere.fr\\\/blog\\\/brigitte-macron-maroc\\\/\",\"url\":\"https:\\\/\\\/www.sebastien-auziere.fr\\\/blog\\\/brigitte-macron-maroc\\\/\",\"name\":\"Brigitte Macron au Maroc : une visite \u00e9l\u00e9gante en solo pour la Premi\u00e8re dame - Fan site S\u00e9bastien Auzi\u00e8re\",\"isPartOf\":{\"@id\":\"https:\\\/\\\/www.sebastien-auziere.fr\\\/blog\\\/#website\"},\"primaryImageOfPage\":{\"@id\":\"https:\\\/\\\/www.sebastien-auziere.fr\\\/blog\\\/brigitte-macron-maroc\\\/#primaryimage\"},\"image\":{\"@id\":\"https:\\\/\\\/www.sebastien-auziere.fr\\\/blog\\\/brigitte-macron-maroc\\\/#primaryimage\"},\"thumbnailUrl\":\"https:\\\/\\\/www.sebastien-auziere.fr\\\/blog\\\/wp-content\\\/uploads\\\/2026\\\/04\\\/Brigitte-Macron-au-Maroc-une-visite-elegante-en-solo-pour-la-Premiere-dame.jpg\",\"datePublished\":\"2026-04-23T19:17:46+00:00\",\"description\":\"D\u00e9couvrez la visite \u00e9l\u00e9gante en solo de Brigitte Macron au Maroc, un moment cl\u00e9 pour la Premi\u00e8re dame alliant style et diplomatie.\",\"breadcrumb\":{\"@id\":\"https:\\\/\\\/www.sebastien-auziere.fr\\\/blog\\\/brigitte-macron-maroc\\\/#breadcrumb\"},\"inLanguage\":\"fr-FR\",\"potentialAction\":[{\"@type\":\"ReadAction\",\"target\":[\"https:\\\/\\\/www.sebastien-auziere.fr\\\/blog\\\/brigitte-macron-maroc\\\/\"]}]},{\"@type\":\"ImageObject\",\"inLanguage\":\"fr-FR\",\"@id\":\"https:\\\/\\\/www.sebastien-auziere.fr\\\/blog\\\/brigitte-macron-maroc\\\/#primaryimage\",\"url\":\"https:\\\/\\\/www.sebastien-auziere.fr\\\/blog\\\/wp-content\\\/uploads\\\/2026\\\/04\\\/Brigitte-Macron-au-Maroc-une-visite-elegante-en-solo-pour-la-Premiere-dame.jpg\",\"contentUrl\":\"https:\\\/\\\/www.sebastien-auziere.fr\\\/blog\\\/wp-content\\\/uploads\\\/2026\\\/04\\\/Brigitte-Macron-au-Maroc-une-visite-elegante-en-solo-pour-la-Premiere-dame.jpg\",\"width\":2560,\"height\":1429,\"caption\":\"d\u00e9couvrez la visite \u00e9l\u00e9gante de brigitte macron au maroc, une escapade en solo de la premi\u00e8re dame alliant raffinement et diplomatie.\"},{\"@type\":\"BreadcrumbList\",\"@id\":\"https:\\\/\\\/www.sebastien-auziere.fr\\\/blog\\\/brigitte-macron-maroc\\\/#breadcrumb\",\"itemListElement\":[{\"@type\":\"ListItem\",\"position\":1,\"name\":\"Home\",\"item\":\"https:\\\/\\\/www.sebastien-auziere.fr\\\/blog\\\/\"},{\"@type\":\"ListItem\",\"position\":2,\"name\":\"Brigitte Macron au Maroc : une visite \u00e9l\u00e9gante en solo pour la Premi\u00e8re dame\"}]},{\"@type\":\"WebSite\",\"@id\":\"https:\\\/\\\/www.sebastien-auziere.fr\\\/blog\\\/#website\",\"url\":\"https:\\\/\\\/www.sebastien-auziere.fr\\\/blog\\\/\",\"name\":\"Fan site S\u00e9bastien Auzi\u00e8re\",\"description\":\"M\u00e9dia g\u00e9n\u00e9raliste\",\"publisher\":{\"@id\":\"https:\\\/\\\/www.sebastien-auziere.fr\\\/blog\\\/#organization\"},\"potentialAction\":[{\"@type\":\"SearchAction\",\"target\":{\"@type\":\"EntryPoint\",\"urlTemplate\":\"https:\\\/\\\/www.sebastien-auziere.fr\\\/blog\\\/?s={search_term_string}\"},\"query-input\":{\"@type\":\"PropertyValueSpecification\",\"valueRequired\":true,\"valueName\":\"search_term_string\"}}],\"inLanguage\":\"fr-FR\"},{\"@type\":\"Organization\",\"@id\":\"https:\\\/\\\/www.sebastien-auziere.fr\\\/blog\\\/#organization\",\"name\":\"Fan site S\u00e9bastien Auzi\u00e8re\",\"url\":\"https:\\\/\\\/www.sebastien-auziere.fr\\\/blog\\\/\",\"logo\":{\"@type\":\"ImageObject\",\"inLanguage\":\"fr-FR\",\"@id\":\"https:\\\/\\\/www.sebastien-auziere.fr\\\/blog\\\/#\\\/schema\\\/logo\\\/image\\\/\",\"url\":\"https:\\\/\\\/www.sebastien-auziere.fr\\\/blog\\\/wp-content\\\/uploads\\\/2026\\\/03\\\/cropped-cropped-cropped-ChatGPT-Image-6-mars-2026-12_58_09-e1772798376794.jpg\",\"contentUrl\":\"https:\\\/\\\/www.sebastien-auziere.fr\\\/blog\\\/wp-content\\\/uploads\\\/2026\\\/03\\\/cropped-cropped-cropped-ChatGPT-Image-6-mars-2026-12_58_09-e1772798376794.jpg\",\"width\":512,\"height\":360,\"caption\":\"Fan site S\u00e9bastien Auzi\u00e8re\"},\"image\":{\"@id\":\"https:\\\/\\\/www.sebastien-auziere.fr\\\/blog\\\/#\\\/schema\\\/logo\\\/image\\\/\"}},{\"@type\":\"Person\",\"@id\":\"https:\\\/\\\/www.sebastien-auziere.fr\\\/blog\\\/#\\\/schema\\\/person\\\/149f1acdbfd85149c6c3e59adeae2f4d\",\"name\":\"Chloe Gauthier\",\"image\":{\"@type\":\"ImageObject\",\"inLanguage\":\"fr-FR\",\"@id\":\"https:\\\/\\\/secure.gravatar.com\\\/avatar\\\/2c5722f58171cff738a8985ef0dd66b476e563753246a49019befc837ec4201a?s=96&d=mm&r=g\",\"url\":\"https:\\\/\\\/secure.gravatar.com\\\/avatar\\\/2c5722f58171cff738a8985ef0dd66b476e563753246a49019befc837ec4201a?s=96&d=mm&r=g\",\"contentUrl\":\"https:\\\/\\\/secure.gravatar.com\\\/avatar\\\/2c5722f58171cff738a8985ef0dd66b476e563753246a49019befc837ec4201a?s=96&d=mm&r=g\",\"caption\":\"Chloe Gauthier\"},\"description\":\"Passionn\u00e9e par la politique et admiratrice engag\u00e9e de la famille Macron, je consacre mon \u00e9nergie \u00e0 suivre leurs initiatives et \u00e0 promouvoir leurs id\u00e9es. \u00c0 32 ans, je suis convaincue que leur vision est porteuse d'avenir.\",\"url\":\"https:\\\/\\\/www.sebastien-auziere.fr\\\/blog\\\/author\\\/chloe-gauthier\\\/\"}]}<\/script>\n<!-- \/ Yoast SEO plugin. -->","yoast_head_json":{"title":"Brigitte Macron au Maroc : une visite \u00e9l\u00e9gante en solo pour la Premi\u00e8re dame - Fan site S\u00e9bastien Auzi\u00e8re","description":"D\u00e9couvrez la visite \u00e9l\u00e9gante en solo de Brigitte Macron au Maroc, un moment cl\u00e9 pour la Premi\u00e8re dame alliant style et diplomatie.","robots":{"index":"index","follow":"follow","max-snippet":"max-snippet:-1","max-image-preview":"max-image-preview:large","max-video-preview":"max-video-preview:-1"},"canonical":"https:\/\/www.sebastien-auziere.fr\/blog\/brigitte-macron-maroc\/","og_locale":"fr_FR","og_type":"article","og_title":"Brigitte Macron au Maroc : une visite \u00e9l\u00e9gante en solo pour la Premi\u00e8re dame - Fan site S\u00e9bastien Auzi\u00e8re","og_description":"D\u00e9couvrez la visite \u00e9l\u00e9gante en solo de Brigitte Macron au Maroc, un moment cl\u00e9 pour la Premi\u00e8re dame alliant style et diplomatie.","og_url":"https:\/\/www.sebastien-auziere.fr\/blog\/brigitte-macron-maroc\/","og_site_name":"Fan site S\u00e9bastien Auzi\u00e8re","article_published_time":"2026-04-23T19:17:46+00:00","og_image":[{"width":2560,"height":1429,"url":"https:\/\/www.sebastien-auziere.fr\/blog\/wp-content\/uploads\/2026\/04\/Brigitte-Macron-au-Maroc-une-visite-elegante-en-solo-pour-la-Premiere-dame.jpg","type":"image\/jpeg"}],"author":"Chloe Gauthier","twitter_card":"summary_large_image","twitter_misc":{"\u00c9crit par":"Chloe Gauthier","Dur\u00e9e de lecture estim\u00e9e":"3 minutes"},"schema":{"@context":"https:\/\/schema.org","@graph":[{"@type":"Article","@id":"https:\/\/www.sebastien-auziere.fr\/blog\/brigitte-macron-maroc\/#article","isPartOf":{"@id":"https:\/\/www.sebastien-auziere.fr\/blog\/brigitte-macron-maroc\/"},"author":{"name":"Chloe Gauthier","@id":"https:\/\/www.sebastien-auziere.fr\/blog\/#\/schema\/person\/149f1acdbfd85149c6c3e59adeae2f4d"},"headline":"Brigitte Macron au Maroc : une visite \u00e9l\u00e9gante en solo pour la Premi\u00e8re dame","datePublished":"2026-04-23T19:17:46+00:00","mainEntityOfPage":{"@id":"https:\/\/www.sebastien-auziere.fr\/blog\/brigitte-macron-maroc\/"},"wordCount":520,"commentCount":0,"publisher":{"@id":"https:\/\/www.sebastien-auziere.fr\/blog\/#organization"},"image":{"@id":"https:\/\/www.sebastien-auziere.fr\/blog\/brigitte-macron-maroc\/#primaryimage"},"thumbnailUrl":"https:\/\/www.sebastien-auziere.fr\/blog\/wp-content\/uploads\/2026\/04\/Brigitte-Macron-au-Maroc-une-visite-elegante-en-solo-pour-la-Premiere-dame.jpg","keywords":["brigitte macron","maroc","premi\u00e8re dame","visite officielle","voyage diplomatique"],"articleSection":["Actualit\u00e9s"],"inLanguage":"fr-FR","potentialAction":[{"@type":"CommentAction","name":"Comment","target":["https:\/\/www.sebastien-auziere.fr\/blog\/brigitte-macron-maroc\/#respond"]}]},{"@type":"WebPage","@id":"https:\/\/www.sebastien-auziere.fr\/blog\/brigitte-macron-maroc\/","url":"https:\/\/www.sebastien-auziere.fr\/blog\/brigitte-macron-maroc\/","name":"Brigitte Macron au Maroc : une visite \u00e9l\u00e9gante en solo pour la Premi\u00e8re dame - Fan site S\u00e9bastien Auzi\u00e8re","isPartOf":{"@id":"https:\/\/www.sebastien-auziere.fr\/blog\/#website"},"primaryImageOfPage":{"@id":"https:\/\/www.sebastien-auziere.fr\/blog\/brigitte-macron-maroc\/#primaryimage"},"image":{"@id":"https:\/\/www.sebastien-auziere.fr\/blog\/brigitte-macron-maroc\/#primaryimage"},"thumbnailUrl":"https:\/\/www.sebastien-auziere.fr\/blog\/wp-content\/uploads\/2026\/04\/Brigitte-Macron-au-Maroc-une-visite-elegante-en-solo-pour-la-Premiere-dame.jpg","datePublished":"2026-04-23T19:17:46+00:00","description":"D\u00e9couvrez la visite \u00e9l\u00e9gante en solo de Brigitte Macron au Maroc, un moment cl\u00e9 pour la Premi\u00e8re dame alliant style et diplomatie.","breadcrumb":{"@id":"https:\/\/www.sebastien-auziere.fr\/blog\/brigitte-macron-maroc\/#breadcrumb"},"inLanguage":"fr-FR","potentialAction":[{"@type":"ReadAction","target":["https:\/\/www.sebastien-auziere.fr\/blog\/brigitte-macron-maroc\/"]}]},{"@type":"ImageObject","inLanguage":"fr-FR","@id":"https:\/\/www.sebastien-auziere.fr\/blog\/brigitte-macron-maroc\/#primaryimage","url":"https:\/\/www.sebastien-auziere.fr\/blog\/wp-content\/uploads\/2026\/04\/Brigitte-Macron-au-Maroc-une-visite-elegante-en-solo-pour-la-Premiere-dame.jpg","contentUrl":"https:\/\/www.sebastien-auziere.fr\/blog\/wp-content\/uploads\/2026\/04\/Brigitte-Macron-au-Maroc-une-visite-elegante-en-solo-pour-la-Premiere-dame.jpg","width":2560,"height":1429,"caption":"d\u00e9couvrez la visite \u00e9l\u00e9gante de brigitte macron au maroc, une escapade en solo de la premi\u00e8re dame alliant raffinement et diplomatie."},{"@type":"BreadcrumbList","@id":"https:\/\/www.sebastien-auziere.fr\/blog\/brigitte-macron-maroc\/#breadcrumb","itemListElement":[{"@type":"ListItem","position":1,"name":"Home","item":"https:\/\/www.sebastien-auziere.fr\/blog\/"},{"@type":"ListItem","position":2,"name":"Brigitte Macron au Maroc : une visite \u00e9l\u00e9gante en solo pour la Premi\u00e8re dame"}]},{"@type":"WebSite","@id":"https:\/\/www.sebastien-auziere.fr\/blog\/#website","url":"https:\/\/www.sebastien-auziere.fr\/blog\/","name":"Fan site S\u00e9bastien Auzi\u00e8re","description":"M\u00e9dia g\u00e9n\u00e9raliste","publisher":{"@id":"https:\/\/www.sebastien-auziere.fr\/blog\/#organization"},"potentialAction":[{"@type":"SearchAction","target":{"@type":"EntryPoint","urlTemplate":"https:\/\/www.sebastien-auziere.fr\/blog\/?s={search_term_string}"},"query-input":{"@type":"PropertyValueSpecification","valueRequired":true,"valueName":"search_term_string"}}],"inLanguage":"fr-FR"},{"@type":"Organization","@id":"https:\/\/www.sebastien-auziere.fr\/blog\/#organization","name":"Fan site S\u00e9bastien Auzi\u00e8re","url":"https:\/\/www.sebastien-auziere.fr\/blog\/","logo":{"@type":"ImageObject","inLanguage":"fr-FR","@id":"https:\/\/www.sebastien-auziere.fr\/blog\/#\/schema\/logo\/image\/","url":"https:\/\/www.sebastien-auziere.fr\/blog\/wp-content\/uploads\/2026\/03\/cropped-cropped-cropped-ChatGPT-Image-6-mars-2026-12_58_09-e1772798376794.jpg","contentUrl":"https:\/\/www.sebastien-auziere.fr\/blog\/wp-content\/uploads\/2026\/03\/cropped-cropped-cropped-ChatGPT-Image-6-mars-2026-12_58_09-e1772798376794.jpg","width":512,"height":360,"caption":"Fan site S\u00e9bastien Auzi\u00e8re"},"image":{"@id":"https:\/\/www.sebastien-auziere.fr\/blog\/#\/schema\/logo\/image\/"}},{"@type":"Person","@id":"https:\/\/www.sebastien-auziere.fr\/blog\/#\/schema\/person\/149f1acdbfd85149c6c3e59adeae2f4d","name":"Chloe Gauthier","image":{"@type":"ImageObject","inLanguage":"fr-FR","@id":"https:\/\/secure.gravatar.com\/avatar\/2c5722f58171cff738a8985ef0dd66b476e563753246a49019befc837ec4201a?s=96&d=mm&r=g","url":"https:\/\/secure.gravatar.com\/avatar\/2c5722f58171cff738a8985ef0dd66b476e563753246a49019befc837ec4201a?s=96&d=mm&r=g","contentUrl":"https:\/\/secure.gravatar.com\/avatar\/2c5722f58171cff738a8985ef0dd66b476e563753246a49019befc837ec4201a?s=96&d=mm&r=g","caption":"Chloe Gauthier"},"description":"Passionn\u00e9e par la politique et admiratrice engag\u00e9e de la famille Macron, je consacre mon \u00e9nergie \u00e0 suivre leurs initiatives et \u00e0 promouvoir leurs id\u00e9es. \u00c0 32 ans, je suis convaincue que leur vision est porteuse d'avenir.","url":"https:\/\/www.sebastien-auziere.fr\/blog\/author\/chloe-gauthier\/"}]}},"views":19,"_links":{"self":[{"href":"https:\/\/www.sebastien-auziere.fr\/blog\/wp-json\/wp\/v2\/posts\/3271","targetHints":{"allow":["GET"]}}],"collection":[{"href":"https:\/\/www.sebastien-auziere.fr\/blog\/wp-json\/wp\/v2\/posts"}],"about":[{"href":"https:\/\/www.sebastien-auziere.fr\/blog\/wp-json\/wp\/v2\/types\/post"}],"author":[{"embeddable":true,"href":"https:\/\/www.sebastien-auziere.fr\/blog\/wp-json\/wp\/v2\/users\/9"}],"replies":[{"embeddable":true,"href":"https:\/\/www.sebastien-auziere.fr\/blog\/wp-json\/wp\/v2\/comments?post=3271"}],"version-history":[{"count":0,"href":"https:\/\/www.sebastien-auziere.fr\/blog\/wp-json\/wp\/v2\/posts\/3271\/revisions"}],"wp:featuredmedia":[{"embeddable":true,"href":"https:\/\/www.sebastien-auziere.fr\/blog\/wp-json\/wp\/v2\/media\/3270"}],"wp:attachment":[{"href":"https:\/\/www.sebastien-auziere.fr\/blog\/wp-json\/wp\/v2\/media?parent=3271"}],"wp:term":[{"taxonomy":"category","embeddable":true,"href":"https:\/\/www.sebastien-auziere.fr\/blog\/wp-json\/wp\/v2\/categories?post=3271"},{"taxonomy":"post_tag","embeddable":true,"href":"https:\/\/www.sebastien-auziere.fr\/blog\/wp-json\/wp\/v2\/tags?post=3271"}],"curies":[{"name":"wp","href":"https:\/\/api.w.org\/{rel}","templated":true}]}}