{"id":3266,"date":"2026-04-23T07:11:43","date_gmt":"2026-04-23T07:11:43","guid":{"rendered":"https:\/\/www.sebastien-auziere.fr\/blog\/?p=3266"},"modified":"2026-04-23T07:12:01","modified_gmt":"2026-04-23T07:12:01","slug":"brigitte-macron-em-vez-de-cozinhar-esse-papel-que-o-presidente-teria-considerado-para-ela","status":"publish","type":"post","link":"https:\/\/www.sebastien-auziere.fr\/blog\/pt\/brigitte-macron-em-vez-de-cozinhar-esse-papel-que-o-presidente-teria-considerado-para-ela\/","title":{"rendered":"Brigitte Macron : \u00ab Em vez de cozinhar&#8230; \u00bb esse papel que o presidente teria considerado para ela"},"content":{"rendered":"<p>Que imagem surpreendente: em 2022 <strong>Emmanuel Macron<\/strong> confessou ter se visto \u201c <strong>mais na cozinha<\/strong> \u201d ou na padaria, e n\u00e3o como escritor. Voc\u00ea descobrir\u00e1 aqui como essa confid\u00eancia se cruza com as expectativas de <strong>Brigitte Macron<\/strong> e o que significa esse poss\u00edvel papel dom\u00e9stico no cora\u00e7\u00e3o do <strong>pal\u00e1cio do El\u00edseo<\/strong>.<\/p>\n\n<h2 class=\"wp-block-heading\">Emmanuel Macron: \u201cmais na cozinha\u201d e a evas\u00e3o de um presidente<\/h2>\n\n<p>Em uma entrevista em 2022, <strong>o presidente<\/strong> reconheceu que se imaginava com um ritmo de vida mais artesanal, evocando a <strong>cozinha<\/strong> e a padaria em vez da pena. Essa declara\u00e7\u00e3o, divulgada pela imprensa, revela uma faceta \u00edntima de um chefe de Estado frequentemente percebido como totalmente dedicado \u00e0 <strong>pol\u00edtica<\/strong>. Para saber mais sobre seus gostos e confid\u00eancias, consulte o artigo sobre <a href=\"https:\/\/www.mariefrance.fr\/culture\/emmanuel-macron-voici-son-plat-prefere-601821.html\">seu prato favorito<\/a>.<\/p>\n\n<h2 class=\"wp-block-heading\">O que Brigitte Macron esperava para seu companheiro<\/h2>\n\n<p><strong>Brigitte Macron<\/strong> deu v\u00e1rias dicas de que imaginava um destino art\u00edstico para seu marido, pensando que ele seria mais escritor ou artista. Essa expectativa mostra o descompasso entre a vida de casal e a ascens\u00e3o \u00e0s responsabilidades nacionais. O papel da <strong>primeira dama<\/strong> diante dos holofotes ilustra quanto a <strong>fam\u00edlia presidencial<\/strong> vive cada escolha como um evento p\u00fablico.<\/p>\n\n<h2 class=\"wp-block-heading\">O cotidiano no El\u00edseo: papel, discurso e influ\u00eancia<\/h2>\n\n<p>Assumir o cargo de <strong>primeira dama<\/strong> n\u00e3o foi uma escolha trivial para Brigitte; ela admitiu estar surpresa com a intensidade midi\u00e1tica durante as duas chegadas ao <strong>El\u00edseo<\/strong> em 2017 e 2022. Entre conselhos discretos e presen\u00e7a durante os <strong>discursos<\/strong>, seu papel desafia as fronteiras entre vida privada e miss\u00e3o p\u00fablica, e \u00e0s vezes influencia a agenda do <strong>governo<\/strong>. Retratos da imprensa descrevem essa influ\u00eancia sutil, especialmente na imprensa de celebridades e de an\u00e1lise.<\/p>\n\n<p>Voc\u00ea pode ver um v\u00eddeo mostrando uma visita oficial e alguns bastidores de protocolo.<\/p>\n\n<h2 class=\"wp-block-heading\">Rumores, justi\u00e7a e apoio externo<\/h2>\n\n<p>A <strong>fam\u00edlia presidencial<\/strong> enfrentou rumores persistentes, \u00e0s vezes grotescos, que levaram Brigitte a buscar a justi\u00e7a para proteger sua imagem. O caso at\u00e9 gerou rea\u00e7\u00f5es internacionais, e vozes externas se manifestaram publicamente. Esses epis\u00f3dios lembram a vulnerabilidade midi\u00e1tica de um casal no topo do Estado e alimentam o debate sobre o respeito \u00e0 vida privada em tempos de <strong>pol\u00edtica<\/strong>.<\/p>\n\n<p>Para complementar, um relat\u00f3rio tra\u00e7a anedotas de bastidores, como aquela vez em que o chefe improvisou um prato para o casal presidencial.<\/p>\n\n<p>Quer saber mais sobre <strong>Brigitte Macron<\/strong>, seu estilo e os bastidores da <strong>fam\u00edlia presidencial<\/strong>? Descubra dossi\u00eas detalhados e \u00e1lbuns de fotos sobre <a href=\"https:\/\/www.sebastien-auziere.fr\/blog\/brigitte-macron-robe-rouge\/\">seu guarda-roupa<\/a> e a <a href=\"https:\/\/www.sebastien-auziere.fr\/blog\/brigitte-macron-villa-touquet\/\">casa de fam\u00edlia em Touquet<\/a>, al\u00e9m de outros artigos dedicados \u00e0 presen\u00e7a p\u00fablica da primeira dama em <a href=\"https:\/\/www.sebastien-auziere.fr\/blog\/brigitte-macron-73-ans\/\">sebastien-auziere.fr<\/a>. Voc\u00ea encontrar\u00e1 retratos, datas-chave e arquivos para entender melhor esse papel t\u00e3o singular.<\/p>","protected":false},"excerpt":{"rendered":"<p>Que imagem surpreendente: em 2022 Emmanuel Macron confessou ter se visto \u201c mais na cozinha \u201d ou na padaria, e n\u00e3o como escritor. Voc\u00ea descobrir\u00e1 aqui como essa confid\u00eancia se cruza com as expectativas de Brigitte Macron e o que significa esse poss\u00edvel papel dom\u00e9stico no cora\u00e7\u00e3o do pal\u00e1cio do El\u00edseo. Emmanuel Macron: \u201cmais na &#8230; <a title=\"Brigitte Macron : \u00ab Em vez de cozinhar&#8230; \u00bb esse papel que o presidente teria considerado para ela\" class=\"read-more\" href=\"https:\/\/www.sebastien-auziere.fr\/blog\/pt\/brigitte-macron-em-vez-de-cozinhar-esse-papel-que-o-presidente-teria-considerado-para-ela\/\" aria-label=\"En savoir plus sur Brigitte Macron : \u00ab Em vez de cozinhar&#8230; \u00bb esse papel que o presidente teria considerado para ela\">Lire plus<\/a><\/p>\n","protected":false},"author":9,"featured_media":3256,"comment_status":"open","ping_status":"open","sticky":false,"template":"","format":"standard","meta":{"footnotes":""},"categories":[862],"tags":[959,3204,4103,4100,4106],"class_list":["post-3266","post","type-post","status-publish","format-standard","has-post-thumbnail","hentry","category-actualidades-pt","tag-brigitte-macron-pt","tag-casal-presidencial-pt","tag-papel-na-cozinha-pt","tag-presidente-emmanuel-macron-pt","tag-privacidade-das-politicas-pt"],"yoast_head":"<!-- This site is optimized with the Yoast SEO plugin v27.5 - https:\/\/yoast.com\/product\/yoast-seo-wordpress\/ -->\n<title>Brigitte Macron : \u00ab Em vez de cozinhar... \u00bb esse papel que o presidente teria considerado para ela - Fan site S\u00e9bastien Auzi\u00e8re<\/title>\n<meta name=\"description\" content=\"Brigitte Macron : \u00ab Plut\u00f4t en cuisine... \u00bb D\u00e9couvrez le r\u00f4le inattendu que le pr\u00e9sident aurait envisag\u00e9 pour elle dans les coulisses du pouvoir.\" \/>\n<meta name=\"robots\" content=\"index, follow, max-snippet:-1, max-image-preview:large, max-video-preview:-1\" \/>\n<link rel=\"canonical\" href=\"https:\/\/www.sebastien-auziere.fr\/blog\/pt\/brigitte-macron-em-vez-de-cozinhar-esse-papel-que-o-presidente-teria-considerado-para-ela\/\" \/>\n<meta property=\"og:locale\" content=\"fr_FR\" \/>\n<meta property=\"og:type\" content=\"article\" \/>\n<meta property=\"og:title\" content=\"Brigitte Macron : \u00ab Em vez de cozinhar... \u00bb esse papel que o presidente teria considerado para ela - Fan site S\u00e9bastien Auzi\u00e8re\" \/>\n<meta property=\"og:description\" content=\"Brigitte Macron : \u00ab Plut\u00f4t en cuisine... \u00bb D\u00e9couvrez le r\u00f4le inattendu que le pr\u00e9sident aurait envisag\u00e9 pour elle dans les coulisses du pouvoir.\" \/>\n<meta property=\"og:url\" content=\"https:\/\/www.sebastien-auziere.fr\/blog\/pt\/brigitte-macron-em-vez-de-cozinhar-esse-papel-que-o-presidente-teria-considerado-para-ela\/\" \/>\n<meta property=\"og:site_name\" content=\"Fan site S\u00e9bastien Auzi\u00e8re\" \/>\n<meta property=\"article:published_time\" content=\"2026-04-23T07:11:43+00:00\" \/>\n<meta property=\"article:modified_time\" content=\"2026-04-23T07:12:01+00:00\" \/>\n<meta property=\"og:image\" content=\"https:\/\/www.sebastien-auziere.fr\/blog\/wp-content\/uploads\/2026\/04\/Brigitte-Macron-Plutot-en-cuisine.-ce-role-que-le-president-aurait-envisage-pour-elle.jpg\" \/>\n\t<meta property=\"og:image:width\" content=\"2560\" \/>\n\t<meta property=\"og:image:height\" content=\"1429\" \/>\n\t<meta property=\"og:image:type\" content=\"image\/jpeg\" \/>\n<meta name=\"author\" content=\"Chloe Gauthier\" \/>\n<meta name=\"twitter:card\" content=\"summary_large_image\" \/>\n<meta name=\"twitter:label1\" content=\"\u00c9crit par\" \/>\n\t<meta name=\"twitter:data1\" content=\"Chloe Gauthier\" \/>\n\t<meta name=\"twitter:label2\" content=\"Dur\u00e9e de lecture estim\u00e9e\" \/>\n\t<meta name=\"twitter:data2\" content=\"2 minutes\" \/>\n<script type=\"application\/ld+json\" class=\"yoast-schema-graph\">{\"@context\":\"https:\\\/\\\/schema.org\",\"@graph\":[{\"@type\":\"Article\",\"@id\":\"https:\\\/\\\/www.sebastien-auziere.fr\\\/blog\\\/pt\\\/brigitte-macron-em-vez-de-cozinhar-esse-papel-que-o-presidente-teria-considerado-para-ela\\\/#article\",\"isPartOf\":{\"@id\":\"https:\\\/\\\/www.sebastien-auziere.fr\\\/blog\\\/pt\\\/brigitte-macron-em-vez-de-cozinhar-esse-papel-que-o-presidente-teria-considerado-para-ela\\\/\"},\"author\":{\"name\":\"Chloe Gauthier\",\"@id\":\"https:\\\/\\\/www.sebastien-auziere.fr\\\/blog\\\/#\\\/schema\\\/person\\\/149f1acdbfd85149c6c3e59adeae2f4d\"},\"headline\":\"Brigitte Macron : \u00ab Em vez de cozinhar&#8230; \u00bb esse papel que o presidente teria considerado para ela\",\"datePublished\":\"2026-04-23T07:11:43+00:00\",\"dateModified\":\"2026-04-23T07:12:01+00:00\",\"mainEntityOfPage\":{\"@id\":\"https:\\\/\\\/www.sebastien-auziere.fr\\\/blog\\\/pt\\\/brigitte-macron-em-vez-de-cozinhar-esse-papel-que-o-presidente-teria-considerado-para-ela\\\/\"},\"wordCount\":480,\"commentCount\":0,\"publisher\":{\"@id\":\"https:\\\/\\\/www.sebastien-auziere.fr\\\/blog\\\/#organization\"},\"image\":{\"@id\":\"https:\\\/\\\/www.sebastien-auziere.fr\\\/blog\\\/pt\\\/brigitte-macron-em-vez-de-cozinhar-esse-papel-que-o-presidente-teria-considerado-para-ela\\\/#primaryimage\"},\"thumbnailUrl\":\"https:\\\/\\\/www.sebastien-auziere.fr\\\/blog\\\/wp-content\\\/uploads\\\/2026\\\/04\\\/Brigitte-Macron-Plutot-en-cuisine.-ce-role-que-le-president-aurait-envisage-pour-elle.jpg\",\"keywords\":[\"brigitte macron\",\"casal presidencial\",\"papel na cozinha\",\"presidente emmanuel macron\",\"privacidade das pol\u00edticas\"],\"articleSection\":[\"Actualidades\"],\"inLanguage\":\"fr-FR\",\"potentialAction\":[{\"@type\":\"CommentAction\",\"name\":\"Comment\",\"target\":[\"https:\\\/\\\/www.sebastien-auziere.fr\\\/blog\\\/pt\\\/brigitte-macron-em-vez-de-cozinhar-esse-papel-que-o-presidente-teria-considerado-para-ela\\\/#respond\"]}]},{\"@type\":\"WebPage\",\"@id\":\"https:\\\/\\\/www.sebastien-auziere.fr\\\/blog\\\/pt\\\/brigitte-macron-em-vez-de-cozinhar-esse-papel-que-o-presidente-teria-considerado-para-ela\\\/\",\"url\":\"https:\\\/\\\/www.sebastien-auziere.fr\\\/blog\\\/pt\\\/brigitte-macron-em-vez-de-cozinhar-esse-papel-que-o-presidente-teria-considerado-para-ela\\\/\",\"name\":\"Brigitte Macron : \u00ab Em vez de cozinhar... \u00bb esse papel que o presidente teria considerado para ela - Fan site S\u00e9bastien Auzi\u00e8re\",\"isPartOf\":{\"@id\":\"https:\\\/\\\/www.sebastien-auziere.fr\\\/blog\\\/#website\"},\"primaryImageOfPage\":{\"@id\":\"https:\\\/\\\/www.sebastien-auziere.fr\\\/blog\\\/pt\\\/brigitte-macron-em-vez-de-cozinhar-esse-papel-que-o-presidente-teria-considerado-para-ela\\\/#primaryimage\"},\"image\":{\"@id\":\"https:\\\/\\\/www.sebastien-auziere.fr\\\/blog\\\/pt\\\/brigitte-macron-em-vez-de-cozinhar-esse-papel-que-o-presidente-teria-considerado-para-ela\\\/#primaryimage\"},\"thumbnailUrl\":\"https:\\\/\\\/www.sebastien-auziere.fr\\\/blog\\\/wp-content\\\/uploads\\\/2026\\\/04\\\/Brigitte-Macron-Plutot-en-cuisine.-ce-role-que-le-president-aurait-envisage-pour-elle.jpg\",\"datePublished\":\"2026-04-23T07:11:43+00:00\",\"dateModified\":\"2026-04-23T07:12:01+00:00\",\"description\":\"Brigitte Macron : \u00ab Plut\u00f4t en cuisine... \u00bb D\u00e9couvrez le r\u00f4le inattendu que le pr\u00e9sident aurait envisag\u00e9 pour elle dans les coulisses du pouvoir.\",\"breadcrumb\":{\"@id\":\"https:\\\/\\\/www.sebastien-auziere.fr\\\/blog\\\/pt\\\/brigitte-macron-em-vez-de-cozinhar-esse-papel-que-o-presidente-teria-considerado-para-ela\\\/#breadcrumb\"},\"inLanguage\":\"fr-FR\",\"potentialAction\":[{\"@type\":\"ReadAction\",\"target\":[\"https:\\\/\\\/www.sebastien-auziere.fr\\\/blog\\\/pt\\\/brigitte-macron-em-vez-de-cozinhar-esse-papel-que-o-presidente-teria-considerado-para-ela\\\/\"]}]},{\"@type\":\"ImageObject\",\"inLanguage\":\"fr-FR\",\"@id\":\"https:\\\/\\\/www.sebastien-auziere.fr\\\/blog\\\/pt\\\/brigitte-macron-em-vez-de-cozinhar-esse-papel-que-o-presidente-teria-considerado-para-ela\\\/#primaryimage\",\"url\":\"https:\\\/\\\/www.sebastien-auziere.fr\\\/blog\\\/wp-content\\\/uploads\\\/2026\\\/04\\\/Brigitte-Macron-Plutot-en-cuisine.-ce-role-que-le-president-aurait-envisage-pour-elle.jpg\",\"contentUrl\":\"https:\\\/\\\/www.sebastien-auziere.fr\\\/blog\\\/wp-content\\\/uploads\\\/2026\\\/04\\\/Brigitte-Macron-Plutot-en-cuisine.-ce-role-que-le-president-aurait-envisage-pour-elle.jpg\",\"width\":2560,\"height\":1429,\"caption\":\"d\u00e9couvrez le r\u00f4le que le pr\u00e9sident emmanuel macron aurait envisag\u00e9 pour brigitte macron, avec une touche d'humour autour de ses talents en cuisine.\"},{\"@type\":\"BreadcrumbList\",\"@id\":\"https:\\\/\\\/www.sebastien-auziere.fr\\\/blog\\\/pt\\\/brigitte-macron-em-vez-de-cozinhar-esse-papel-que-o-presidente-teria-considerado-para-ela\\\/#breadcrumb\",\"itemListElement\":[{\"@type\":\"ListItem\",\"position\":1,\"name\":\"Home\",\"item\":\"https:\\\/\\\/www.sebastien-auziere.fr\\\/blog\\\/\"},{\"@type\":\"ListItem\",\"position\":2,\"name\":\"Brigitte Macron : \u00ab Em vez de cozinhar&#8230; \u00bb esse papel que o presidente teria considerado para ela\"}]},{\"@type\":\"WebSite\",\"@id\":\"https:\\\/\\\/www.sebastien-auziere.fr\\\/blog\\\/#website\",\"url\":\"https:\\\/\\\/www.sebastien-auziere.fr\\\/blog\\\/\",\"name\":\"Fan site S\u00e9bastien Auzi\u00e8re\",\"description\":\"M\u00e9dia g\u00e9n\u00e9raliste\",\"publisher\":{\"@id\":\"https:\\\/\\\/www.sebastien-auziere.fr\\\/blog\\\/#organization\"},\"potentialAction\":[{\"@type\":\"SearchAction\",\"target\":{\"@type\":\"EntryPoint\",\"urlTemplate\":\"https:\\\/\\\/www.sebastien-auziere.fr\\\/blog\\\/?s={search_term_string}\"},\"query-input\":{\"@type\":\"PropertyValueSpecification\",\"valueRequired\":true,\"valueName\":\"search_term_string\"}}],\"inLanguage\":\"fr-FR\"},{\"@type\":\"Organization\",\"@id\":\"https:\\\/\\\/www.sebastien-auziere.fr\\\/blog\\\/#organization\",\"name\":\"Fan site S\u00e9bastien Auzi\u00e8re\",\"url\":\"https:\\\/\\\/www.sebastien-auziere.fr\\\/blog\\\/\",\"logo\":{\"@type\":\"ImageObject\",\"inLanguage\":\"fr-FR\",\"@id\":\"https:\\\/\\\/www.sebastien-auziere.fr\\\/blog\\\/#\\\/schema\\\/logo\\\/image\\\/\",\"url\":\"https:\\\/\\\/www.sebastien-auziere.fr\\\/blog\\\/wp-content\\\/uploads\\\/2026\\\/03\\\/cropped-cropped-cropped-ChatGPT-Image-6-mars-2026-12_58_09-e1772798376794.jpg\",\"contentUrl\":\"https:\\\/\\\/www.sebastien-auziere.fr\\\/blog\\\/wp-content\\\/uploads\\\/2026\\\/03\\\/cropped-cropped-cropped-ChatGPT-Image-6-mars-2026-12_58_09-e1772798376794.jpg\",\"width\":512,\"height\":360,\"caption\":\"Fan site S\u00e9bastien Auzi\u00e8re\"},\"image\":{\"@id\":\"https:\\\/\\\/www.sebastien-auziere.fr\\\/blog\\\/#\\\/schema\\\/logo\\\/image\\\/\"}},{\"@type\":\"Person\",\"@id\":\"https:\\\/\\\/www.sebastien-auziere.fr\\\/blog\\\/#\\\/schema\\\/person\\\/149f1acdbfd85149c6c3e59adeae2f4d\",\"name\":\"Chloe Gauthier\",\"image\":{\"@type\":\"ImageObject\",\"inLanguage\":\"fr-FR\",\"@id\":\"https:\\\/\\\/secure.gravatar.com\\\/avatar\\\/2c5722f58171cff738a8985ef0dd66b476e563753246a49019befc837ec4201a?s=96&d=mm&r=g\",\"url\":\"https:\\\/\\\/secure.gravatar.com\\\/avatar\\\/2c5722f58171cff738a8985ef0dd66b476e563753246a49019befc837ec4201a?s=96&d=mm&r=g\",\"contentUrl\":\"https:\\\/\\\/secure.gravatar.com\\\/avatar\\\/2c5722f58171cff738a8985ef0dd66b476e563753246a49019befc837ec4201a?s=96&d=mm&r=g\",\"caption\":\"Chloe Gauthier\"},\"description\":\"Passionn\u00e9e par la politique et admiratrice engag\u00e9e de la famille Macron, je consacre mon \u00e9nergie \u00e0 suivre leurs initiatives et \u00e0 promouvoir leurs id\u00e9es. \u00c0 32 ans, je suis convaincue que leur vision est porteuse d'avenir.\",\"url\":\"https:\\\/\\\/www.sebastien-auziere.fr\\\/blog\\\/author\\\/chloe-gauthier\\\/\"}]}<\/script>\n<!-- \/ Yoast SEO plugin. -->","yoast_head_json":{"title":"Brigitte Macron : \u00ab Em vez de cozinhar... \u00bb esse papel que o presidente teria considerado para ela - Fan site S\u00e9bastien Auzi\u00e8re","description":"Brigitte Macron : \u00ab Plut\u00f4t en cuisine... \u00bb D\u00e9couvrez le r\u00f4le inattendu que le pr\u00e9sident aurait envisag\u00e9 pour elle dans les coulisses du pouvoir.","robots":{"index":"index","follow":"follow","max-snippet":"max-snippet:-1","max-image-preview":"max-image-preview:large","max-video-preview":"max-video-preview:-1"},"canonical":"https:\/\/www.sebastien-auziere.fr\/blog\/pt\/brigitte-macron-em-vez-de-cozinhar-esse-papel-que-o-presidente-teria-considerado-para-ela\/","og_locale":"fr_FR","og_type":"article","og_title":"Brigitte Macron : \u00ab Em vez de cozinhar... \u00bb esse papel que o presidente teria considerado para ela - Fan site S\u00e9bastien Auzi\u00e8re","og_description":"Brigitte Macron : \u00ab Plut\u00f4t en cuisine... \u00bb D\u00e9couvrez le r\u00f4le inattendu que le pr\u00e9sident aurait envisag\u00e9 pour elle dans les coulisses du pouvoir.","og_url":"https:\/\/www.sebastien-auziere.fr\/blog\/pt\/brigitte-macron-em-vez-de-cozinhar-esse-papel-que-o-presidente-teria-considerado-para-ela\/","og_site_name":"Fan site S\u00e9bastien Auzi\u00e8re","article_published_time":"2026-04-23T07:11:43+00:00","article_modified_time":"2026-04-23T07:12:01+00:00","og_image":[{"width":2560,"height":1429,"url":"https:\/\/www.sebastien-auziere.fr\/blog\/wp-content\/uploads\/2026\/04\/Brigitte-Macron-Plutot-en-cuisine.-ce-role-que-le-president-aurait-envisage-pour-elle.jpg","type":"image\/jpeg"}],"author":"Chloe Gauthier","twitter_card":"summary_large_image","twitter_misc":{"\u00c9crit par":"Chloe Gauthier","Dur\u00e9e de lecture estim\u00e9e":"2 minutes"},"schema":{"@context":"https:\/\/schema.org","@graph":[{"@type":"Article","@id":"https:\/\/www.sebastien-auziere.fr\/blog\/pt\/brigitte-macron-em-vez-de-cozinhar-esse-papel-que-o-presidente-teria-considerado-para-ela\/#article","isPartOf":{"@id":"https:\/\/www.sebastien-auziere.fr\/blog\/pt\/brigitte-macron-em-vez-de-cozinhar-esse-papel-que-o-presidente-teria-considerado-para-ela\/"},"author":{"name":"Chloe Gauthier","@id":"https:\/\/www.sebastien-auziere.fr\/blog\/#\/schema\/person\/149f1acdbfd85149c6c3e59adeae2f4d"},"headline":"Brigitte Macron : \u00ab Em vez de cozinhar&#8230; \u00bb esse papel que o presidente teria considerado para ela","datePublished":"2026-04-23T07:11:43+00:00","dateModified":"2026-04-23T07:12:01+00:00","mainEntityOfPage":{"@id":"https:\/\/www.sebastien-auziere.fr\/blog\/pt\/brigitte-macron-em-vez-de-cozinhar-esse-papel-que-o-presidente-teria-considerado-para-ela\/"},"wordCount":480,"commentCount":0,"publisher":{"@id":"https:\/\/www.sebastien-auziere.fr\/blog\/#organization"},"image":{"@id":"https:\/\/www.sebastien-auziere.fr\/blog\/pt\/brigitte-macron-em-vez-de-cozinhar-esse-papel-que-o-presidente-teria-considerado-para-ela\/#primaryimage"},"thumbnailUrl":"https:\/\/www.sebastien-auziere.fr\/blog\/wp-content\/uploads\/2026\/04\/Brigitte-Macron-Plutot-en-cuisine.-ce-role-que-le-president-aurait-envisage-pour-elle.jpg","keywords":["brigitte macron","casal presidencial","papel na cozinha","presidente emmanuel macron","privacidade das pol\u00edticas"],"articleSection":["Actualidades"],"inLanguage":"fr-FR","potentialAction":[{"@type":"CommentAction","name":"Comment","target":["https:\/\/www.sebastien-auziere.fr\/blog\/pt\/brigitte-macron-em-vez-de-cozinhar-esse-papel-que-o-presidente-teria-considerado-para-ela\/#respond"]}]},{"@type":"WebPage","@id":"https:\/\/www.sebastien-auziere.fr\/blog\/pt\/brigitte-macron-em-vez-de-cozinhar-esse-papel-que-o-presidente-teria-considerado-para-ela\/","url":"https:\/\/www.sebastien-auziere.fr\/blog\/pt\/brigitte-macron-em-vez-de-cozinhar-esse-papel-que-o-presidente-teria-considerado-para-ela\/","name":"Brigitte Macron : \u00ab Em vez de cozinhar... \u00bb esse papel que o presidente teria considerado para ela - Fan site S\u00e9bastien Auzi\u00e8re","isPartOf":{"@id":"https:\/\/www.sebastien-auziere.fr\/blog\/#website"},"primaryImageOfPage":{"@id":"https:\/\/www.sebastien-auziere.fr\/blog\/pt\/brigitte-macron-em-vez-de-cozinhar-esse-papel-que-o-presidente-teria-considerado-para-ela\/#primaryimage"},"image":{"@id":"https:\/\/www.sebastien-auziere.fr\/blog\/pt\/brigitte-macron-em-vez-de-cozinhar-esse-papel-que-o-presidente-teria-considerado-para-ela\/#primaryimage"},"thumbnailUrl":"https:\/\/www.sebastien-auziere.fr\/blog\/wp-content\/uploads\/2026\/04\/Brigitte-Macron-Plutot-en-cuisine.-ce-role-que-le-president-aurait-envisage-pour-elle.jpg","datePublished":"2026-04-23T07:11:43+00:00","dateModified":"2026-04-23T07:12:01+00:00","description":"Brigitte Macron : \u00ab Plut\u00f4t en cuisine... \u00bb D\u00e9couvrez le r\u00f4le inattendu que le pr\u00e9sident aurait envisag\u00e9 pour elle dans les coulisses du pouvoir.","breadcrumb":{"@id":"https:\/\/www.sebastien-auziere.fr\/blog\/pt\/brigitte-macron-em-vez-de-cozinhar-esse-papel-que-o-presidente-teria-considerado-para-ela\/#breadcrumb"},"inLanguage":"fr-FR","potentialAction":[{"@type":"ReadAction","target":["https:\/\/www.sebastien-auziere.fr\/blog\/pt\/brigitte-macron-em-vez-de-cozinhar-esse-papel-que-o-presidente-teria-considerado-para-ela\/"]}]},{"@type":"ImageObject","inLanguage":"fr-FR","@id":"https:\/\/www.sebastien-auziere.fr\/blog\/pt\/brigitte-macron-em-vez-de-cozinhar-esse-papel-que-o-presidente-teria-considerado-para-ela\/#primaryimage","url":"https:\/\/www.sebastien-auziere.fr\/blog\/wp-content\/uploads\/2026\/04\/Brigitte-Macron-Plutot-en-cuisine.-ce-role-que-le-president-aurait-envisage-pour-elle.jpg","contentUrl":"https:\/\/www.sebastien-auziere.fr\/blog\/wp-content\/uploads\/2026\/04\/Brigitte-Macron-Plutot-en-cuisine.-ce-role-que-le-president-aurait-envisage-pour-elle.jpg","width":2560,"height":1429,"caption":"d\u00e9couvrez le r\u00f4le que le pr\u00e9sident emmanuel macron aurait envisag\u00e9 pour brigitte macron, avec une touche d'humour autour de ses talents en cuisine."},{"@type":"BreadcrumbList","@id":"https:\/\/www.sebastien-auziere.fr\/blog\/pt\/brigitte-macron-em-vez-de-cozinhar-esse-papel-que-o-presidente-teria-considerado-para-ela\/#breadcrumb","itemListElement":[{"@type":"ListItem","position":1,"name":"Home","item":"https:\/\/www.sebastien-auziere.fr\/blog\/"},{"@type":"ListItem","position":2,"name":"Brigitte Macron : \u00ab Em vez de cozinhar&#8230; \u00bb esse papel que o presidente teria considerado para ela"}]},{"@type":"WebSite","@id":"https:\/\/www.sebastien-auziere.fr\/blog\/#website","url":"https:\/\/www.sebastien-auziere.fr\/blog\/","name":"Fan site S\u00e9bastien Auzi\u00e8re","description":"M\u00e9dia g\u00e9n\u00e9raliste","publisher":{"@id":"https:\/\/www.sebastien-auziere.fr\/blog\/#organization"},"potentialAction":[{"@type":"SearchAction","target":{"@type":"EntryPoint","urlTemplate":"https:\/\/www.sebastien-auziere.fr\/blog\/?s={search_term_string}"},"query-input":{"@type":"PropertyValueSpecification","valueRequired":true,"valueName":"search_term_string"}}],"inLanguage":"fr-FR"},{"@type":"Organization","@id":"https:\/\/www.sebastien-auziere.fr\/blog\/#organization","name":"Fan site S\u00e9bastien Auzi\u00e8re","url":"https:\/\/www.sebastien-auziere.fr\/blog\/","logo":{"@type":"ImageObject","inLanguage":"fr-FR","@id":"https:\/\/www.sebastien-auziere.fr\/blog\/#\/schema\/logo\/image\/","url":"https:\/\/www.sebastien-auziere.fr\/blog\/wp-content\/uploads\/2026\/03\/cropped-cropped-cropped-ChatGPT-Image-6-mars-2026-12_58_09-e1772798376794.jpg","contentUrl":"https:\/\/www.sebastien-auziere.fr\/blog\/wp-content\/uploads\/2026\/03\/cropped-cropped-cropped-ChatGPT-Image-6-mars-2026-12_58_09-e1772798376794.jpg","width":512,"height":360,"caption":"Fan site S\u00e9bastien Auzi\u00e8re"},"image":{"@id":"https:\/\/www.sebastien-auziere.fr\/blog\/#\/schema\/logo\/image\/"}},{"@type":"Person","@id":"https:\/\/www.sebastien-auziere.fr\/blog\/#\/schema\/person\/149f1acdbfd85149c6c3e59adeae2f4d","name":"Chloe Gauthier","image":{"@type":"ImageObject","inLanguage":"fr-FR","@id":"https:\/\/secure.gravatar.com\/avatar\/2c5722f58171cff738a8985ef0dd66b476e563753246a49019befc837ec4201a?s=96&d=mm&r=g","url":"https:\/\/secure.gravatar.com\/avatar\/2c5722f58171cff738a8985ef0dd66b476e563753246a49019befc837ec4201a?s=96&d=mm&r=g","contentUrl":"https:\/\/secure.gravatar.com\/avatar\/2c5722f58171cff738a8985ef0dd66b476e563753246a49019befc837ec4201a?s=96&d=mm&r=g","caption":"Chloe Gauthier"},"description":"Passionn\u00e9e par la politique et admiratrice engag\u00e9e de la famille Macron, je consacre mon \u00e9nergie \u00e0 suivre leurs initiatives et \u00e0 promouvoir leurs id\u00e9es. \u00c0 32 ans, je suis convaincue que leur vision est porteuse d'avenir.","url":"https:\/\/www.sebastien-auziere.fr\/blog\/author\/chloe-gauthier\/"}]}},"views":0,"_links":{"self":[{"href":"https:\/\/www.sebastien-auziere.fr\/blog\/wp-json\/wp\/v2\/posts\/3266","targetHints":{"allow":["GET"]}}],"collection":[{"href":"https:\/\/www.sebastien-auziere.fr\/blog\/wp-json\/wp\/v2\/posts"}],"about":[{"href":"https:\/\/www.sebastien-auziere.fr\/blog\/wp-json\/wp\/v2\/types\/post"}],"author":[{"embeddable":true,"href":"https:\/\/www.sebastien-auziere.fr\/blog\/wp-json\/wp\/v2\/users\/9"}],"replies":[{"embeddable":true,"href":"https:\/\/www.sebastien-auziere.fr\/blog\/wp-json\/wp\/v2\/comments?post=3266"}],"version-history":[{"count":1,"href":"https:\/\/www.sebastien-auziere.fr\/blog\/wp-json\/wp\/v2\/posts\/3266\/revisions"}],"predecessor-version":[{"id":3267,"href":"https:\/\/www.sebastien-auziere.fr\/blog\/wp-json\/wp\/v2\/posts\/3266\/revisions\/3267"}],"wp:featuredmedia":[{"embeddable":true,"href":"https:\/\/www.sebastien-auziere.fr\/blog\/wp-json\/wp\/v2\/media\/3256"}],"wp:attachment":[{"href":"https:\/\/www.sebastien-auziere.fr\/blog\/wp-json\/wp\/v2\/media?parent=3266"}],"wp:term":[{"taxonomy":"category","embeddable":true,"href":"https:\/\/www.sebastien-auziere.fr\/blog\/wp-json\/wp\/v2\/categories?post=3266"},{"taxonomy":"post_tag","embeddable":true,"href":"https:\/\/www.sebastien-auziere.fr\/blog\/wp-json\/wp\/v2\/tags?post=3266"}],"curies":[{"name":"wp","href":"https:\/\/api.w.org\/{rel}","templated":true}]}}